{"id":146040,"date":"2025-09-01T06:58:20","date_gmt":"2025-09-01T03:58:20","guid":{"rendered":"https:\/\/buletin.de\/bucuresti\/?p=146040"},"modified":"2025-09-01T10:42:29","modified_gmt":"2025-09-01T07:42:29","slug":"sector-2-strategia-antidrog-a-lui-hopinca-aprobata-in-unanimitate-criminolog-e-plina-de-contradictii","status":"publish","type":"post","link":"https:\/\/buletin.de\/bucuresti\/sector-2-strategia-antidrog-a-lui-hopinca-aprobata-in-unanimitate-criminolog-e-plina-de-contradictii\/","title":{"rendered":"Sector 2 | Strategia antidrog a lui Hopinc\u0103, aprobat\u0103 \u00een unanimitate. Expert: \u201eE plin\u0103 de contradic\u021bii\u201d"},"content":{"rendered":"\n<p><strong>Strategia antidrog a Sectorului 2, promis\u0103 de primarul Rare\u0219 Hopinc\u0103 (PSD) \u00eenc\u0103 din campania electoral\u0103, a fost aprobat\u0103 vineri, 29 august, \u00een unanimitate. Strategia are 46 de pagini \u0219i \u00ee\u0219i propune s\u0103 previn\u0103 consumul de droguri, s\u0103 reduc\u0103 riscurile asociate consumului \u0219i s\u0103 ofere sprijin persoanelor dependente.<\/strong><\/p>\n\n\n\n<p><strong>Criminologul Vlad Zaha, specializat \u00een politici publice \u00een domeniul drogurilor, a declarat, pentru Buletin de Bucure\u0219ti, c\u0103 strategia antidrog este plin\u0103 de contradic\u021bii \u0219i c\u0103 ar putea agrava situa\u021bia existent\u0103.<\/strong><\/p>\n\n\n\n<p><strong>CITE\u0218TE \u0218I:<\/strong> <strong><a href=\"https:\/\/buletin.de\/bucuresti\/sector-2-inca-doua-milioane-de-lei-pentru-catedrala-mantuirii-neamului-la-cererea-patriarhiei-alti-560-000-lei-impartiti-intre-patru-biserici-din-sector\/\">Sector 2 | \u00cenc\u0103 dou\u0103 milioane de lei pentru Catedrala M\u00e2ntuirii Neamului, la cererea Patriarhiei. Al\u021bi 560.000 lei, \u00eemp\u0103r\u021bi\u021bi \u00eentre patru biserici din sector<\/a><\/strong><\/p>\n\n\n\n<h2 class=\"wp-block-heading\" id=\"h-centru-de-reabilitare-\u0219i-schimb-de-seringi-ce-prevede-strategia-antidrog-a-lui-hopinca\"><strong>Centru de reabilitare \u0219i schimb de seringi. Ce prevede Strategia Antidrog a lui Hopinc\u0103<\/strong><\/h2>\n\n\n\n<p>Documentul prevede \u00eenfiin\u021barea unui centru de recuperare \u0219i reabilitare care va oferi persoanelor dependente \u201einterven\u021bii psihologice, sociale \u0219i ocupa\u021bionale, facilitarea reintegr\u0103rii socio-profesionale, prin activit\u0103\u021bi, derulate cu personal specializat\u201d.<\/p>\n\n\n\n<p>Rare\u0219 Hopinc\u0103 a spus vineri, \u00eenainte de \u00eenceperea <a href=\"https:\/\/www.facebook.com\/PrimariaSector2\/videos\/759826460296516\">\u0219edin\u021bei<\/a>, c\u0103 centrul, care va fi construit \u00een cartierul Tei, va ajuta \u201epersoanele dependente de droguri, \u00een primul r\u00e2nd, dar \u0219i de alte dependen\u021be\u201d.<\/p>\n\n\n\n<p><em>\u201e\u00cen septembrie vom veni \u0219i cu proiectul primului centru de reabilitare antidrog realizat de un sector al Municipiului Bucure\u0219ti. Avem studiul de fezabilitate aproape gata, pe care \u00eel vom prezenta \u00een luna septembrie\u201d<\/em>, a spus primarul.<\/p>\n\n\n\n<p>De asemenea, o alt\u0103 inova\u021bie o reprezint\u0103 \u201eimplementarea unui sistem de distribu\u021bie a instrumentelor medicale sterile c\u0103tre consumatorii de droguri injectabile\u201d. Adic\u0103 schimbul de seringi.<\/p>\n\n\n\n<p>Proiectul mai prevede, printre altele, campanii de informare, de promovare a s\u0103n\u0103t\u0103\u021bii mintale \u00een \u0219coli, sesiuni interactive copil-p\u0103rinte-profesor, sec\u021biuni dedicate prevenirii consumului pe site-urile \u0219colilor \u0219i paginile lor de social media, proiecte culturale, sesiuni de formare pentru p\u0103rin\u021bi, ghiduri informative.<\/p>\n\n\n\n<p>Sunt prev\u0103zute \u0219i m\u0103suri precum \u201ecre\u0219terea capacit\u0103\u021bii profesioni\u0219tilor de la nivel local de a identifica, preveni \u0219i interveni \u00een cazurile de consum de substan\u021be\u201d sau \u201edestructurarea re\u0163elelor de distribu\u0163ie ilicit\u0103\u201d, catalogate de expertul Vlad Zaha drept \u201eabord\u0103ri poli\u021biene\u0219ti falimentare\u201d.<\/p>\n\n\n\n<h2 class=\"wp-block-heading\" id=\"h-criminolog-este-cu-atat-mai-plauzibil-eventualul-e\u0219ec-al-strategiei-sau-chiar-agravarea-situa\u021biei\"><strong>Criminolog: \u201eEste cu at\u00e2t mai plauzibil eventualul e\u0219ec al strategiei sau chiar agravarea situa\u021biei\u201d<\/strong><\/h2>\n\n\n\n<p><strong>Criminologul Vlad Zaha, specializat la Universitatea Oxford, a explicat pentru Buletin de Bucure\u0219ti c\u0103 \u00een strategia antidrog sunt prev\u0103zute pu\u021bine m\u0103suri benefice, precum destigmatizarea din jurul consumului de droguri \u0219i reducerea riscurilor.<\/strong><\/p>\n\n\n\n<p><em>\u201e<mark style=\"background-color:rgba(0, 0, 0, 0)\" class=\"has-inline-color has-vivid-red-color\">Accentul majoritar e pus pe abord\u0103ri poli\u021biene\u0219ti falimentare precum instruirea pentru recunoa\u0219terea semnelor consumului, campaniile ineficace ve\u0219nice de tipul \u201edrogurile sunt rele, \u00abspune nu\u00bb \u0219i destructurarea de \u00abre\u021bele\u00bb<\/mark><\/em>.<\/p>\n\n\n\n<p><em>Este cu at\u00e2t mai trist cu c\u00e2t aceast\u0103 strategie a fost tr\u00e2mbi\u021ba\u021b\u0103 politic drept o \u00abschimbare de paradigm\u0103\u00bb, dar, \u00een realitate, uria\u0219a ei majoritate este doar o plusare asupra paradigmei actuale care e\u0219ueaz\u0103 pe toate planurile, tocmai din cauza accentului pus prea mult pe zona moralizatoare, poli\u021beneasc\u0103 \u0219i de for\u021b\u0103 (te speriem, te identific\u0103m, te pedepsim)\u201d<\/em>, a declarat el.<\/p>\n\n\n\n<p><strong>Primarul Rare\u0219 Hopinc\u0103 este chiar el adeptul acestor \u201eabord\u0103ri poli\u021biene\u0219ti\u201d.<\/strong><\/p>\n\n\n\n<p><strong>\u201e<em>Am abordat frontal problema consumului de droguri \u00een \u0219coli \u0219i am venit cu propuneri ferme pentru prevenirea acestui fenomen, cum ar fi \u00eenceperea dezbaterilor despre <mark style=\"background-color:rgba(0, 0, 0, 0)\" class=\"has-inline-color has-vivid-red-color\">testarea elevilor<\/mark> \u0219i efectuarea de analize medicale<\/em>\u201d, a spus Rare\u0219 Hopinc\u0103, pe site-ul pentru campania electoral\u0103 din 2024.<\/strong><\/p>\n\n\n\n<p>Expertul \u00een politici publice privind drogurile a mai explicat c\u0103 schimbarea de paradigm\u0103 necesar\u0103 presupune implementarea unor programe de prevenire \u201edeja omologate \u0219i testate la nivel interna\u021bional\u201d, precum cele analizate de Agen\u021bia European\u0103 Antidrog (EUDA), delimitarea clar\u0103 a traficului de consum, m\u0103suri de reducere a riscurilor, precum facilit\u0103\u021bi de testare a substan\u021belor \u0219i camere pentru prevenirea supradozelor, dar \u0219i acces la tratament voluntar \u00een centre specializate de cur\u0103 \u0219i post-cur\u0103.<\/p>\n\n\n\n<p>De asemenea, el a criticat \u0219i faptul c\u0103, \u00een proiect, la primul obiectiv asumat, indicatorul de evaluare este \u201enum\u0103rul campaniilor\u201d \u0219i \u201enum\u0103rul beneficiarilor\u201d.<\/p>\n\n\n\n<p><em>\u201eEste cu at\u00e2t mai plauzibil eventualul e\u0219ec al strategiei sau chiar agravarea situa\u021biei din cauza acestei strategii cu c\u00e2t \u00abimpactul\u00bb este analizat pentru majoritatea ac\u021biunilor prin \u00abc\u00e2te campanii s-au f\u0103cut \u0219i c\u00e2ti oameni au v\u0103zut campaniile\u00bb &#8211; f\u0103r\u0103 studii serioase longitudinale, f\u0103r\u0103 chestionarea \u00abbeneficiarilor\u00bb la un anumit interval pentru a putea analiza \u00een mod real impactul.<\/em><\/p>\n\n\n\n<p><em>P\u00e2n\u0103 c\u00e2nd schimbarea real\u0103 de paradigm\u0103 va sosi, Rom\u00e2nia continu\u0103 s\u0103 \u00ee\u0219i merite pe deplin toate probleme pe care le atribuim substan\u021belor &#8211; de fapt majoritatea problemelor vin din abord\u0103rile gre\u0219ite care cresc pericolul \u0219i suferin\u021ba\u201d<\/em>, a conchis expertul.<\/p>\n\n\n\n<p><strong>CITE\u0218TE \u0218I:<\/strong> <strong><a href=\"https:\/\/buletin.de\/bucuresti\/reforma-lui-rares-hopinca-zeci-de-oameni-cu-care-a-lucrat-la-primaria-sectorului-5-si-la-prefectura-mutati-la-sectorul-2-printre-acestia-fiul-fostului-baron-psd-de-arges-prins-d\/\">\u201eReforma\u201d lui Rare\u0219 Hopinc\u0103: zeci de oameni cu care a lucrat la Prim\u0103ria Sectorului 5 \u0219i la Prefectur\u0103, muta\u021bi la Sectorul 2. Printre ace\u0219tia, fiul fostului baron PSD de Arge\u0219, prins drogat la volan<\/a><\/strong><\/p>\n\n\n\n<h2 class=\"wp-block-heading\" id=\"h-studiu-problema-alcoolului-la-copii-o-bate-pe-cea-a-drogurilor\">Studiu: Problema alcoolului la copii o bate pe cea a drogurilor<\/h2>\n\n\n\n<p><strong>Un studiu despre consumul de droguri ilegale \u0219i legale, realizat de Planet Youth \u00een 46 de licee \u0219i colegii din Bucure\u0219ti, arat\u0103 c\u0103 doar 6% dintre elevii din Capital\u0103 au consumat droguri \u201e\u00een ultimele 30 de zile\u201d, dup\u0103 cum a scris BdB <a href=\"https:\/\/buletin.de\/bucuresti\/studiu-problema-alcoolului-la-copii-o-bate-pe-cea-a-drogurilor-criminolog-cat-de-tragic-este-esecul-romaniei\/\">AICI<\/a>.<\/strong><\/p>\n\n\n\n<p><strong>Problema alcoolului la copii este mai mare, comparativ: 52% au consumat alcool \u201e\u00een ultimele 30 de zile\u201d.<\/strong><\/p>\n\n\n\n<p><strong>35% dintre elevii din Bucure\u0219ti au consumat alcool \u00eenainte de 13 ani, \u00een timp ce doar 1% dintre ei au consumat canabis, mai arat\u0103&nbsp;<a href=\"https:\/\/ro.scribd.com\/document\/795617562\/Raport-consum-droguri-liceeni-Romania#download&amp;from_embed\">studiul Planet Youth<\/a>.<\/strong><\/p>\n\n\n\n<p>6% dintre liceenii bucure\u0219teni au consumat canabis \u00een ultima lun\u0103, \u00een timp ce mai mult de jum\u0103tate dintre elevii de liceu (52%) au consumat alcool.<\/p>\n\n\n\n<p>Problema alcoolului la copii este evident\u0103 din faptul c\u0103 aproape 80% au b\u0103ut alcool cel pu\u021bin o dat\u0103, iar aproape jum\u0103tate s-au \u00eemb\u0103tat cel pu\u021bin o dat\u0103.<\/p>\n\n\n\n<p>Studiul mai arat\u0103 c\u0103 peste 53% au \u00eencercat m\u0103car odat\u0103&nbsp;<strong>\u201eb\u0103uturi fabricate \u00een cas\u0103\u201d<\/strong>, \u00een timp ce alte categorii de droguri (precum LSD, amfetamine, ciuperci halucinogene, cocain\u0103, medicamente f\u0103r\u0103 prescrip\u021bie \u0219i altele), nu trec de 5%.<\/p>\n\n\n\n<p>La capitolul produse din tutun, 31% dintre liceeni au fumat \u00een ultima lun\u0103, iar 22% dintre ei fumeaz\u0103 \u00een mod regulat, zilnic. Peste jum\u0103tate dintre elevi (56%) au \u00eencercat cel pu\u021bin o dat\u0103 \u021big\u0103rile electronice, iar 33% le-au folosit \u00een ultimele 30 de zile. Totodat\u0103, 18% dintre adolescen\u021bi au avut primul contact cu \u021big\u0103rile la v\u00e2rsta de 13 ani sau chiar mai devreme.<\/p>\n\n\n\n<p><strong>CITE\u0218TE \u0218I: <strong><a href=\"https:\/\/buletin.de\/bucuresti\/inca-o-captura-record-la-diicot-22-kilograme-de-canabis-dupa-filajul-unui-troller-in-sectorul-6\/\">\u00cenc\u0103 o captur\u0103 \u201erecord\u201d la DIICOT: 2,2 kilograme de canabis, dup\u0103 filajul unui troller \u00een Sectorul 6<\/a><\/strong><\/strong><\/p>\n","protected":false},"excerpt":{"rendered":"<p>Strategia antidrog a Sectorului 2, promis\u0103 de primarul Rare\u0219 Hopinc\u0103 (PSD) \u00eenc\u0103 din campania electoral\u0103, a fost aprobat\u0103 vineri, 29 august, \u00een unanimitate. Strategia are 46 de pagini \u0219i \u00ee\u0219i propune s\u0103 previn\u0103 consumul de droguri, s\u0103 reduc\u0103 riscurile asociate consumului \u0219i s\u0103 ofere sprijin persoanelor dependente. Criminologul Vlad Zaha, specializat \u00een politici publice \u00een [&hellip;]<\/p>\n","protected":false},"author":59,"featured_media":146042,"comment_status":"closed","ping_status":"open","sticky":false,"template":"","format":"standard","meta":{"_acf_changed":false,"inline_featured_image":false,"ngg_post_thumbnail":0,"footnotes":""},"categories":[6994,5762,24],"tags":[2063,2054,23566,4598,65,7088,229],"ppma_author":[22572],"class_list":["post-146040","post","type-post","status-publish","format-standard","has-post-thumbnail","hentry","category-stiri-2","category-main","category-primarie","tag-bucuresti-2","tag-capitala","tag-criminolog-vlad-zaha","tag-droguri","tag-psd","tag-rares-hopinca-2","tag-sector-2"],"acf":[],"yoast_head":"<!-- This site is optimized with the Yoast SEO Premium plugin v25.3 (Yoast SEO v27.4) - https:\/\/yoast.com\/product\/yoast-seo-premium-wordpress\/ -->\n<title>Sector 2 | Strategia antidrog a lui Hopinc\u0103, aprobat\u0103 \u00een unanimitate. Expert: \u201eE plin\u0103 de contradic\u021bii\u201d - Buletin de Bucure\u0219ti<\/title>\n<meta name=\"description\" content=\"Sector 2 | Strategia antidrog a lui Hopinc\u0103, aprobat\u0103 \u00een unanimitate. Criminolog: \u201eE plin\u0103 de contradic\u021bii\u201d\" \/>\n<meta name=\"robots\" content=\"index, follow, max-snippet:-1, max-image-preview:large, max-video-preview:-1\" \/>\n<link rel=\"canonical\" href=\"https:\/\/buletin.de\/bucuresti\/sector-2-strategia-antidrog-a-lui-hopinca-aprobata-in-unanimitate-criminolog-e-plina-de-contradictii\/\" \/>\n<meta property=\"og:locale\" content=\"en_GB\" \/>\n<meta property=\"og:type\" content=\"article\" \/>\n<meta property=\"og:title\" content=\"Sector 2 | Strategia antidrog a lui Hopinc\u0103, aprobat\u0103 \u00een unanimitate. Expert: \u201eE plin\u0103 de contradic\u021bii\u201d\" \/>\n<meta property=\"og:description\" content=\"Sector 2 | Strategia antidrog a lui Hopinc\u0103, aprobat\u0103 \u00een unanimitate. Criminolog: \u201eE plin\u0103 de contradic\u021bii\u201d\" \/>\n<meta property=\"og:url\" content=\"https:\/\/buletin.de\/bucuresti\/sector-2-strategia-antidrog-a-lui-hopinca-aprobata-in-unanimitate-criminolog-e-plina-de-contradictii\/\" \/>\n<meta property=\"og:site_name\" content=\"Buletin de Bucure\u0219ti\" \/>\n<meta property=\"article:publisher\" content=\"https:\/\/www.facebook.com\/buletin.de.buc\" \/>\n<meta property=\"article:published_time\" content=\"2025-09-01T03:58:20+00:00\" \/>\n<meta property=\"article:modified_time\" content=\"2025-09-01T07:42:29+00:00\" \/>\n<meta property=\"og:image\" content=\"https:\/\/buletin.de\/bucuresti\/wp-content\/uploads\/2025\/08\/ID314583_INQUAM_Photos_Bogdan_Buda-1600x1067-1.jpg\" \/>\n\t<meta property=\"og:image:width\" content=\"1600\" \/>\n\t<meta property=\"og:image:height\" content=\"1067\" \/>\n\t<meta property=\"og:image:type\" content=\"image\/jpeg\" \/>\n<meta name=\"author\" content=\"C\u0103t\u0103lin Anghel-Dimache\" \/>\n<meta name=\"twitter:card\" content=\"summary_large_image\" \/>\n<meta name=\"twitter:label1\" content=\"Written by\" \/>\n\t<meta name=\"twitter:data1\" content=\"C\u0103t\u0103lin Anghel-Dimache\" \/>\n\t<meta name=\"twitter:label2\" content=\"Estimated reading time\" \/>\n\t<meta name=\"twitter:data2\" content=\"5 minutes\" \/>\n<script type=\"application\/ld+json\" class=\"yoast-schema-graph\">{\"@context\":\"https:\\\/\\\/schema.org\",\"@graph\":[{\"@type\":\"Article\",\"@id\":\"https:\\\/\\\/buletin.de\\\/bucuresti\\\/sector-2-strategia-antidrog-a-lui-hopinca-aprobata-in-unanimitate-criminolog-e-plina-de-contradictii\\\/#article\",\"isPartOf\":{\"@id\":\"https:\\\/\\\/buletin.de\\\/bucuresti\\\/sector-2-strategia-antidrog-a-lui-hopinca-aprobata-in-unanimitate-criminolog-e-plina-de-contradictii\\\/\"},\"author\":{\"name\":\"C\u0103t\u0103lin Anghel-Dimache\",\"@id\":\"https:\\\/\\\/buletin.de\\\/bucuresti\\\/#\\\/schema\\\/person\\\/0ac9db30080482be87c7386a30f98796\"},\"headline\":\"Sector 2 | Strategia antidrog a lui Hopinc\u0103, aprobat\u0103 \u00een unanimitate. Expert: \u201eE plin\u0103 de contradic\u021bii\u201d\",\"datePublished\":\"2025-09-01T03:58:20+00:00\",\"dateModified\":\"2025-09-01T07:42:29+00:00\",\"mainEntityOfPage\":{\"@id\":\"https:\\\/\\\/buletin.de\\\/bucuresti\\\/sector-2-strategia-antidrog-a-lui-hopinca-aprobata-in-unanimitate-criminolog-e-plina-de-contradictii\\\/\"},\"wordCount\":1093,\"publisher\":{\"@id\":\"https:\\\/\\\/buletin.de\\\/bucuresti\\\/#organization\"},\"image\":{\"@id\":\"https:\\\/\\\/buletin.de\\\/bucuresti\\\/sector-2-strategia-antidrog-a-lui-hopinca-aprobata-in-unanimitate-criminolog-e-plina-de-contradictii\\\/#primaryimage\"},\"thumbnailUrl\":\"https:\\\/\\\/buletin.de\\\/bucuresti\\\/wp-content\\\/uploads\\\/2025\\\/08\\\/ID314583_INQUAM_Photos_Bogdan_Buda-1600x1067-1.jpg\",\"keywords\":[\"Bucure\u0219ti\",\"Capitala\",\"criminolog vlad zaha\",\"droguri\",\"psd\",\"rares hopinca\",\"Sector 2\"],\"articleSection\":[\"Articole\",\"Main\",\"Prim\u0103rie\"],\"inLanguage\":\"en-GB\",\"copyrightYear\":\"2025\",\"copyrightHolder\":{\"@id\":\"https:\\\/\\\/buletin.de\\\/bucuresti\\\/#organization\"}},{\"@type\":\"WebPage\",\"@id\":\"https:\\\/\\\/buletin.de\\\/bucuresti\\\/sector-2-strategia-antidrog-a-lui-hopinca-aprobata-in-unanimitate-criminolog-e-plina-de-contradictii\\\/\",\"url\":\"https:\\\/\\\/buletin.de\\\/bucuresti\\\/sector-2-strategia-antidrog-a-lui-hopinca-aprobata-in-unanimitate-criminolog-e-plina-de-contradictii\\\/\",\"name\":\"Sector 2 | Strategia antidrog a lui Hopinc\u0103, aprobat\u0103 \u00een unanimitate. Expert: \u201eE plin\u0103 de contradic\u021bii\u201d - Buletin de Bucure\u0219ti\",\"isPartOf\":{\"@id\":\"https:\\\/\\\/buletin.de\\\/bucuresti\\\/#website\"},\"primaryImageOfPage\":{\"@id\":\"https:\\\/\\\/buletin.de\\\/bucuresti\\\/sector-2-strategia-antidrog-a-lui-hopinca-aprobata-in-unanimitate-criminolog-e-plina-de-contradictii\\\/#primaryimage\"},\"image\":{\"@id\":\"https:\\\/\\\/buletin.de\\\/bucuresti\\\/sector-2-strategia-antidrog-a-lui-hopinca-aprobata-in-unanimitate-criminolog-e-plina-de-contradictii\\\/#primaryimage\"},\"thumbnailUrl\":\"https:\\\/\\\/buletin.de\\\/bucuresti\\\/wp-content\\\/uploads\\\/2025\\\/08\\\/ID314583_INQUAM_Photos_Bogdan_Buda-1600x1067-1.jpg\",\"datePublished\":\"2025-09-01T03:58:20+00:00\",\"dateModified\":\"2025-09-01T07:42:29+00:00\",\"description\":\"Sector 2 | Strategia antidrog a lui Hopinc\u0103, aprobat\u0103 \u00een unanimitate. Criminolog: \u201eE plin\u0103 de contradic\u021bii\u201d\",\"breadcrumb\":{\"@id\":\"https:\\\/\\\/buletin.de\\\/bucuresti\\\/sector-2-strategia-antidrog-a-lui-hopinca-aprobata-in-unanimitate-criminolog-e-plina-de-contradictii\\\/#breadcrumb\"},\"inLanguage\":\"en-GB\",\"potentialAction\":[{\"@type\":\"ReadAction\",\"target\":[\"https:\\\/\\\/buletin.de\\\/bucuresti\\\/sector-2-strategia-antidrog-a-lui-hopinca-aprobata-in-unanimitate-criminolog-e-plina-de-contradictii\\\/\"]}]},{\"@type\":\"ImageObject\",\"inLanguage\":\"en-GB\",\"@id\":\"https:\\\/\\\/buletin.de\\\/bucuresti\\\/sector-2-strategia-antidrog-a-lui-hopinca-aprobata-in-unanimitate-criminolog-e-plina-de-contradictii\\\/#primaryimage\",\"url\":\"https:\\\/\\\/buletin.de\\\/bucuresti\\\/wp-content\\\/uploads\\\/2025\\\/08\\\/ID314583_INQUAM_Photos_Bogdan_Buda-1600x1067-1.jpg\",\"contentUrl\":\"https:\\\/\\\/buletin.de\\\/bucuresti\\\/wp-content\\\/uploads\\\/2025\\\/08\\\/ID314583_INQUAM_Photos_Bogdan_Buda-1600x1067-1.jpg\",\"width\":1600,\"height\":1067,\"caption\":\"Strategia antidrog a lui Hopinc\u0103, aprobat\u0103 \u00een unanimitate. Expert: \u201eE plin\u0103 de contradic\u021bii\u201d. Foto: Inquam Photos \\\/ Bogdan Buda\"},{\"@type\":\"BreadcrumbList\",\"@id\":\"https:\\\/\\\/buletin.de\\\/bucuresti\\\/sector-2-strategia-antidrog-a-lui-hopinca-aprobata-in-unanimitate-criminolog-e-plina-de-contradictii\\\/#breadcrumb\",\"itemListElement\":[{\"@type\":\"ListItem\",\"position\":1,\"name\":\"Acas\u0103\",\"item\":\"https:\\\/\\\/buletin.de\\\/bucuresti\\\/\"},{\"@type\":\"ListItem\",\"position\":2,\"name\":\"Sector 2 | Strategia antidrog a lui Hopinc\u0103, aprobat\u0103 \u00een unanimitate. Expert: \u201eE plin\u0103 de contradic\u021bii\u201d\"}]},{\"@type\":\"WebSite\",\"@id\":\"https:\\\/\\\/buletin.de\\\/bucuresti\\\/#website\",\"url\":\"https:\\\/\\\/buletin.de\\\/bucuresti\\\/\",\"name\":\"Buletin de Bucure\u0219ti\",\"description\":\"\u0218tiri \u0219i investiga\u021bii esen\u021biale din capital\u0103\",\"publisher\":{\"@id\":\"https:\\\/\\\/buletin.de\\\/bucuresti\\\/#organization\"},\"potentialAction\":[{\"@type\":\"SearchAction\",\"target\":{\"@type\":\"EntryPoint\",\"urlTemplate\":\"https:\\\/\\\/buletin.de\\\/bucuresti\\\/?s={search_term_string}\"},\"query-input\":{\"@type\":\"PropertyValueSpecification\",\"valueRequired\":true,\"valueName\":\"search_term_string\"}}],\"inLanguage\":\"en-GB\"},{\"@type\":\"Organization\",\"@id\":\"https:\\\/\\\/buletin.de\\\/bucuresti\\\/#organization\",\"name\":\"Buletin de Bucure\u0219ti\",\"url\":\"https:\\\/\\\/buletin.de\\\/bucuresti\\\/\",\"logo\":{\"@type\":\"ImageObject\",\"inLanguage\":\"en-GB\",\"@id\":\"https:\\\/\\\/buletin.de\\\/bucuresti\\\/#\\\/schema\\\/logo\\\/image\\\/\",\"url\":\"https:\\\/\\\/buletin.de\\\/bucuresti\\\/wp-content\\\/uploads\\\/logo-bdb-full-wide-vernil-transparent.png\",\"contentUrl\":\"https:\\\/\\\/buletin.de\\\/bucuresti\\\/wp-content\\\/uploads\\\/logo-bdb-full-wide-vernil-transparent.png\",\"width\":1782,\"height\":626,\"caption\":\"Buletin de Bucure\u0219ti\"},\"image\":{\"@id\":\"https:\\\/\\\/buletin.de\\\/bucuresti\\\/#\\\/schema\\\/logo\\\/image\\\/\"},\"sameAs\":[\"https:\\\/\\\/www.facebook.com\\\/buletin.de.buc\",\"https:\\\/\\\/www.instagram.com\\\/buletinde.bucuresti\\\/\"]},{\"@type\":\"Person\",\"@id\":\"https:\\\/\\\/buletin.de\\\/bucuresti\\\/#\\\/schema\\\/person\\\/0ac9db30080482be87c7386a30f98796\",\"name\":\"C\u0103t\u0103lin Anghel-Dimache\",\"image\":{\"@type\":\"ImageObject\",\"inLanguage\":\"en-GB\",\"@id\":\"https:\\\/\\\/buletin.de\\\/bucuresti\\\/wp-content\\\/uploads\\\/Catalin-Anghel-Dimache-96x96.jpgbd9e43c5b25186d5b8e917ac61ad86c4\",\"url\":\"https:\\\/\\\/buletin.de\\\/bucuresti\\\/wp-content\\\/uploads\\\/Catalin-Anghel-Dimache-96x96.jpg\",\"contentUrl\":\"https:\\\/\\\/buletin.de\\\/bucuresti\\\/wp-content\\\/uploads\\\/Catalin-Anghel-Dimache-96x96.jpg\",\"caption\":\"C\u0103t\u0103lin Anghel-Dimache\"},\"description\":\"A absolvit Facultatea de Jurnalism \u0219i \u0218tiin\u021bele Comunic\u0103rii a Universit\u0103\u021bii din Bucure\u0219ti \u00een 2024. Scrie despre mediu \u0219i teme sociale, dar \u0219i despre cum se reflect\u0103 ele \u00een via\u021ba cotidian\u0103 a bucure\u0219tenilor, cu un ochi atent la pove\u0219tile personale din spatele titlurilor. N\u0103scut \u0219i crescut \u00een Bucure\u0219ti, a f\u0103cut un pas c\u0103tre presa local\u0103, din pasiune pentru ora\u0219ul s\u0103u \u0219i oamenii din el.\",\"url\":\"https:\\\/\\\/buletin.de\\\/bucuresti\\\/author\\\/catalin-anghel-dimache\\\/\"}]}<\/script>\n<!-- \/ Yoast SEO Premium plugin. -->","yoast_head_json":{"title":"Sector 2 | Strategia antidrog a lui Hopinc\u0103, aprobat\u0103 \u00een unanimitate. Expert: \u201eE plin\u0103 de contradic\u021bii\u201d - Buletin de Bucure\u0219ti","description":"Sector 2 | Strategia antidrog a lui Hopinc\u0103, aprobat\u0103 \u00een unanimitate. Criminolog: \u201eE plin\u0103 de contradic\u021bii\u201d","robots":{"index":"index","follow":"follow","max-snippet":"max-snippet:-1","max-image-preview":"max-image-preview:large","max-video-preview":"max-video-preview:-1"},"canonical":"https:\/\/buletin.de\/bucuresti\/sector-2-strategia-antidrog-a-lui-hopinca-aprobata-in-unanimitate-criminolog-e-plina-de-contradictii\/","og_locale":"en_GB","og_type":"article","og_title":"Sector 2 | Strategia antidrog a lui Hopinc\u0103, aprobat\u0103 \u00een unanimitate. Expert: \u201eE plin\u0103 de contradic\u021bii\u201d","og_description":"Sector 2 | Strategia antidrog a lui Hopinc\u0103, aprobat\u0103 \u00een unanimitate. Criminolog: \u201eE plin\u0103 de contradic\u021bii\u201d","og_url":"https:\/\/buletin.de\/bucuresti\/sector-2-strategia-antidrog-a-lui-hopinca-aprobata-in-unanimitate-criminolog-e-plina-de-contradictii\/","og_site_name":"Buletin de Bucure\u0219ti","article_publisher":"https:\/\/www.facebook.com\/buletin.de.buc","article_published_time":"2025-09-01T03:58:20+00:00","article_modified_time":"2025-09-01T07:42:29+00:00","og_image":[{"width":1600,"height":1067,"url":"https:\/\/buletin.de\/bucuresti\/wp-content\/uploads\/2025\/08\/ID314583_INQUAM_Photos_Bogdan_Buda-1600x1067-1.jpg","type":"image\/jpeg"}],"author":"C\u0103t\u0103lin Anghel-Dimache","twitter_card":"summary_large_image","twitter_misc":{"Written by":"C\u0103t\u0103lin Anghel-Dimache","Estimated reading time":"5 minutes"},"schema":{"@context":"https:\/\/schema.org","@graph":[{"@type":"Article","@id":"https:\/\/buletin.de\/bucuresti\/sector-2-strategia-antidrog-a-lui-hopinca-aprobata-in-unanimitate-criminolog-e-plina-de-contradictii\/#article","isPartOf":{"@id":"https:\/\/buletin.de\/bucuresti\/sector-2-strategia-antidrog-a-lui-hopinca-aprobata-in-unanimitate-criminolog-e-plina-de-contradictii\/"},"author":{"name":"C\u0103t\u0103lin Anghel-Dimache","@id":"https:\/\/buletin.de\/bucuresti\/#\/schema\/person\/0ac9db30080482be87c7386a30f98796"},"headline":"Sector 2 | Strategia antidrog a lui Hopinc\u0103, aprobat\u0103 \u00een unanimitate. Expert: \u201eE plin\u0103 de contradic\u021bii\u201d","datePublished":"2025-09-01T03:58:20+00:00","dateModified":"2025-09-01T07:42:29+00:00","mainEntityOfPage":{"@id":"https:\/\/buletin.de\/bucuresti\/sector-2-strategia-antidrog-a-lui-hopinca-aprobata-in-unanimitate-criminolog-e-plina-de-contradictii\/"},"wordCount":1093,"publisher":{"@id":"https:\/\/buletin.de\/bucuresti\/#organization"},"image":{"@id":"https:\/\/buletin.de\/bucuresti\/sector-2-strategia-antidrog-a-lui-hopinca-aprobata-in-unanimitate-criminolog-e-plina-de-contradictii\/#primaryimage"},"thumbnailUrl":"https:\/\/buletin.de\/bucuresti\/wp-content\/uploads\/2025\/08\/ID314583_INQUAM_Photos_Bogdan_Buda-1600x1067-1.jpg","keywords":["Bucure\u0219ti","Capitala","criminolog vlad zaha","droguri","psd","rares hopinca","Sector 2"],"articleSection":["Articole","Main","Prim\u0103rie"],"inLanguage":"en-GB","copyrightYear":"2025","copyrightHolder":{"@id":"https:\/\/buletin.de\/bucuresti\/#organization"}},{"@type":"WebPage","@id":"https:\/\/buletin.de\/bucuresti\/sector-2-strategia-antidrog-a-lui-hopinca-aprobata-in-unanimitate-criminolog-e-plina-de-contradictii\/","url":"https:\/\/buletin.de\/bucuresti\/sector-2-strategia-antidrog-a-lui-hopinca-aprobata-in-unanimitate-criminolog-e-plina-de-contradictii\/","name":"Sector 2 | Strategia antidrog a lui Hopinc\u0103, aprobat\u0103 \u00een unanimitate. Expert: \u201eE plin\u0103 de contradic\u021bii\u201d - Buletin de Bucure\u0219ti","isPartOf":{"@id":"https:\/\/buletin.de\/bucuresti\/#website"},"primaryImageOfPage":{"@id":"https:\/\/buletin.de\/bucuresti\/sector-2-strategia-antidrog-a-lui-hopinca-aprobata-in-unanimitate-criminolog-e-plina-de-contradictii\/#primaryimage"},"image":{"@id":"https:\/\/buletin.de\/bucuresti\/sector-2-strategia-antidrog-a-lui-hopinca-aprobata-in-unanimitate-criminolog-e-plina-de-contradictii\/#primaryimage"},"thumbnailUrl":"https:\/\/buletin.de\/bucuresti\/wp-content\/uploads\/2025\/08\/ID314583_INQUAM_Photos_Bogdan_Buda-1600x1067-1.jpg","datePublished":"2025-09-01T03:58:20+00:00","dateModified":"2025-09-01T07:42:29+00:00","description":"Sector 2 | Strategia antidrog a lui Hopinc\u0103, aprobat\u0103 \u00een unanimitate. Criminolog: \u201eE plin\u0103 de contradic\u021bii\u201d","breadcrumb":{"@id":"https:\/\/buletin.de\/bucuresti\/sector-2-strategia-antidrog-a-lui-hopinca-aprobata-in-unanimitate-criminolog-e-plina-de-contradictii\/#breadcrumb"},"inLanguage":"en-GB","potentialAction":[{"@type":"ReadAction","target":["https:\/\/buletin.de\/bucuresti\/sector-2-strategia-antidrog-a-lui-hopinca-aprobata-in-unanimitate-criminolog-e-plina-de-contradictii\/"]}]},{"@type":"ImageObject","inLanguage":"en-GB","@id":"https:\/\/buletin.de\/bucuresti\/sector-2-strategia-antidrog-a-lui-hopinca-aprobata-in-unanimitate-criminolog-e-plina-de-contradictii\/#primaryimage","url":"https:\/\/buletin.de\/bucuresti\/wp-content\/uploads\/2025\/08\/ID314583_INQUAM_Photos_Bogdan_Buda-1600x1067-1.jpg","contentUrl":"https:\/\/buletin.de\/bucuresti\/wp-content\/uploads\/2025\/08\/ID314583_INQUAM_Photos_Bogdan_Buda-1600x1067-1.jpg","width":1600,"height":1067,"caption":"Strategia antidrog a lui Hopinc\u0103, aprobat\u0103 \u00een unanimitate. Expert: \u201eE plin\u0103 de contradic\u021bii\u201d. Foto: Inquam Photos \/ Bogdan Buda"},{"@type":"BreadcrumbList","@id":"https:\/\/buletin.de\/bucuresti\/sector-2-strategia-antidrog-a-lui-hopinca-aprobata-in-unanimitate-criminolog-e-plina-de-contradictii\/#breadcrumb","itemListElement":[{"@type":"ListItem","position":1,"name":"Acas\u0103","item":"https:\/\/buletin.de\/bucuresti\/"},{"@type":"ListItem","position":2,"name":"Sector 2 | Strategia antidrog a lui Hopinc\u0103, aprobat\u0103 \u00een unanimitate. Expert: \u201eE plin\u0103 de contradic\u021bii\u201d"}]},{"@type":"WebSite","@id":"https:\/\/buletin.de\/bucuresti\/#website","url":"https:\/\/buletin.de\/bucuresti\/","name":"Buletin de Bucure\u0219ti","description":"\u0218tiri \u0219i investiga\u021bii esen\u021biale din capital\u0103","publisher":{"@id":"https:\/\/buletin.de\/bucuresti\/#organization"},"potentialAction":[{"@type":"SearchAction","target":{"@type":"EntryPoint","urlTemplate":"https:\/\/buletin.de\/bucuresti\/?s={search_term_string}"},"query-input":{"@type":"PropertyValueSpecification","valueRequired":true,"valueName":"search_term_string"}}],"inLanguage":"en-GB"},{"@type":"Organization","@id":"https:\/\/buletin.de\/bucuresti\/#organization","name":"Buletin de Bucure\u0219ti","url":"https:\/\/buletin.de\/bucuresti\/","logo":{"@type":"ImageObject","inLanguage":"en-GB","@id":"https:\/\/buletin.de\/bucuresti\/#\/schema\/logo\/image\/","url":"https:\/\/buletin.de\/bucuresti\/wp-content\/uploads\/logo-bdb-full-wide-vernil-transparent.png","contentUrl":"https:\/\/buletin.de\/bucuresti\/wp-content\/uploads\/logo-bdb-full-wide-vernil-transparent.png","width":1782,"height":626,"caption":"Buletin de Bucure\u0219ti"},"image":{"@id":"https:\/\/buletin.de\/bucuresti\/#\/schema\/logo\/image\/"},"sameAs":["https:\/\/www.facebook.com\/buletin.de.buc","https:\/\/www.instagram.com\/buletinde.bucuresti\/"]},{"@type":"Person","@id":"https:\/\/buletin.de\/bucuresti\/#\/schema\/person\/0ac9db30080482be87c7386a30f98796","name":"C\u0103t\u0103lin Anghel-Dimache","image":{"@type":"ImageObject","inLanguage":"en-GB","@id":"https:\/\/buletin.de\/bucuresti\/wp-content\/uploads\/Catalin-Anghel-Dimache-96x96.jpgbd9e43c5b25186d5b8e917ac61ad86c4","url":"https:\/\/buletin.de\/bucuresti\/wp-content\/uploads\/Catalin-Anghel-Dimache-96x96.jpg","contentUrl":"https:\/\/buletin.de\/bucuresti\/wp-content\/uploads\/Catalin-Anghel-Dimache-96x96.jpg","caption":"C\u0103t\u0103lin Anghel-Dimache"},"description":"A absolvit Facultatea de Jurnalism \u0219i \u0218tiin\u021bele Comunic\u0103rii a Universit\u0103\u021bii din Bucure\u0219ti \u00een 2024. Scrie despre mediu \u0219i teme sociale, dar \u0219i despre cum se reflect\u0103 ele \u00een via\u021ba cotidian\u0103 a bucure\u0219tenilor, cu un ochi atent la pove\u0219tile personale din spatele titlurilor. N\u0103scut \u0219i crescut \u00een Bucure\u0219ti, a f\u0103cut un pas c\u0103tre presa local\u0103, din pasiune pentru ora\u0219ul s\u0103u \u0219i oamenii din el.","url":"https:\/\/buletin.de\/bucuresti\/author\/catalin-anghel-dimache\/"}]}},"authors":[{"term_id":22572,"user_id":59,"is_guest":0,"slug":"catalin-anghel-dimache","display_name":"C\u0103t\u0103lin Anghel-Dimache","avatar_url":"https:\/\/buletin.de\/bucuresti\/wp-content\/uploads\/Catalin-Anghel-Dimache-96x96.jpg","0":null,"1":"","2":"","3":"","4":"","5":"","6":"","7":"","8":""}],"_links":{"self":[{"href":"https:\/\/buletin.de\/bucuresti\/wp-json\/wp\/v2\/posts\/146040","targetHints":{"allow":["GET"]}}],"collection":[{"href":"https:\/\/buletin.de\/bucuresti\/wp-json\/wp\/v2\/posts"}],"about":[{"href":"https:\/\/buletin.de\/bucuresti\/wp-json\/wp\/v2\/types\/post"}],"author":[{"embeddable":true,"href":"https:\/\/buletin.de\/bucuresti\/wp-json\/wp\/v2\/users\/59"}],"replies":[{"embeddable":true,"href":"https:\/\/buletin.de\/bucuresti\/wp-json\/wp\/v2\/comments?post=146040"}],"version-history":[{"count":4,"href":"https:\/\/buletin.de\/bucuresti\/wp-json\/wp\/v2\/posts\/146040\/revisions"}],"predecessor-version":[{"id":146251,"href":"https:\/\/buletin.de\/bucuresti\/wp-json\/wp\/v2\/posts\/146040\/revisions\/146251"}],"wp:featuredmedia":[{"embeddable":true,"href":"https:\/\/buletin.de\/bucuresti\/wp-json\/wp\/v2\/media\/146042"}],"wp:attachment":[{"href":"https:\/\/buletin.de\/bucuresti\/wp-json\/wp\/v2\/media?parent=146040"}],"wp:term":[{"taxonomy":"category","embeddable":true,"href":"https:\/\/buletin.de\/bucuresti\/wp-json\/wp\/v2\/categories?post=146040"},{"taxonomy":"post_tag","embeddable":true,"href":"https:\/\/buletin.de\/bucuresti\/wp-json\/wp\/v2\/tags?post=146040"},{"taxonomy":"author","embeddable":true,"href":"https:\/\/buletin.de\/bucuresti\/wp-json\/wp\/v2\/ppma_author?post=146040"}],"curies":[{"name":"wp","href":"https:\/\/api.w.org\/{rel}","templated":true}]}}