{"id":145978,"date":"2025-08-31T08:43:59","date_gmt":"2025-08-31T05:43:59","guid":{"rendered":"https:\/\/buletin.de\/bucuresti\/?p=145978"},"modified":"2025-08-31T10:37:16","modified_gmt":"2025-08-31T07:37:16","slug":"cafeneaua-bdb-dr-alexandru-secara-cardiolog-la-spitalul-colentina-provocarea-e-sa-gestionezi-numarul-mare-de-pacienti-din-afara-orasului","status":"publish","type":"post","link":"https:\/\/buletin.de\/bucuresti\/cafeneaua-bdb-dr-alexandru-secara-cardiolog-la-spitalul-colentina-provocarea-e-sa-gestionezi-numarul-mare-de-pacienti-din-afara-orasului\/","title":{"rendered":"Cafeneaua BdB | Dr. Alexandru Secar\u0103, cardiolog la Spitalul Colentina: \u201eProvocarea e s\u0103 gestionezi num\u0103rul mare de pacien\u021bi din afara ora\u0219ului\u201d"},"content":{"rendered":"\n<p><strong>Este la a treia genera\u021bie de medici din familia sa, s-a n\u0103scut la Tecuci \u0219i a ales, f\u0103r\u0103 echivoc, s\u0103 vin\u0103 \u00een Bucure\u0219ti ca s\u0103 studieze \u0219i s\u0103 practice. Azi, la 35 de ani, doctorul Alexandru Secar\u0103 este specialist \u00een cardiologie interven\u021bional\u0103 la Spitalul Colentina, ramur\u0103 a cardiologiei care se ocup\u0103 de tratamentul bolilor coronariene \u0219i ale arterelor periferice, dar \u0219i de tratamentul anumitor boli structurale ale inimii, prin interven\u021bii cardiovasculare minim-invazive, adic\u0103 \u201eaproape\u201d f\u0103r\u0103 bisturiu.<\/strong><\/p>\n\n\n\n<p><strong>Buletin de Bucure\u0219ti a stat de vorba cu doctorul Secar\u0103 despre \u201eBucure\u0219tiul medical\u201d \u0219i \u201eBucure\u0219tiul personal\u201d. Motivul? Este unul dintre reprezenta\u021bii noii genera\u021bii de medici rom\u00e2ni care au ales s\u0103-\u0219i practice meseria \u00een \u021bar\u0103, cu foarte mult\u0103 empatie pentru pacien\u021bi.<\/strong><\/p>\n\n\n\n<h2 class=\"wp-block-heading has-text-align-center\" id=\"h-bucure\u0219tiul-medical-al-doctorului-alexandru-secara\"><strong>Bucure\u0219tiul medical al doctorului Alexandru Secar\u0103<\/strong><\/h2>\n\n\n\n<p class=\"has-text-align-left\"><strong>Buletin de Bucure\u0219ti: A\u021bi lucrat \u00een mai multe ora\u0219e. Ce diferen\u021be a\u021bi sim\u021bit \u00eentre sistemul din Bucure\u0219ti \u0219i cel din T\u00e2rgovi\u0219te sau Ploie\u0219ti?<\/strong><\/p>\n\n\n\n<p><strong>Dr. Alexandru Secar\u0103: <\/strong>Am lucrat \u00een sistemul public din T\u00e2rgovi\u0219te \u0219i \u00een privat la Ploie\u0219ti, unde \u00eenc\u0103 activez. Diferen\u021bele \u021bin \u00een special de accesul la diagnostic \u0219i tratament \u00een urgen\u021b\u0103. Bucure\u0219tiul are, f\u0103r\u0103 \u00eendoial\u0103, un avantaj. Totu\u0219i, \u00een cardiologia interven\u021bional\u0103 diferen\u021bele s-au redus mult \u00een ultimii ani.<\/p>\n\n\n\n<p><strong>Stat versus privat \u00een Bucure\u0219ti: colaborare sau competi\u021bie?<\/strong><\/p>\n\n\n\n<p>Nu cred c\u0103 exist\u0103 competi\u021bie real\u0103, mai ales c\u0103 mul\u021bi medici lucreaz\u0103 \u00een ambele sisteme. Privatul vine cu avantajul unui acces mai rapid la specialist, condi\u021bii mai bune de spitalizare, tehnologii noi. Dar costurile sunt mai mari, iar actul medical \u00een sine \u2013 dac\u0103 vorbim de calitate \u2013 nu difer\u0103 fundamental.<\/p>\n\n\n\n<p><strong>Se spune c\u0103 medicii tineri \u00ee\u0219i pierd empatia \u00een contact cu sistemul, \u00een timp. Dumneavoastr\u0103., la v\u00e2rsta de 35 de ani, cum vede\u021bi lucrurile?<\/strong><\/p>\n\n\n\n<p>Tocmai contrariul. To\u021bi colegii din genera\u021bia mea au o calitate uman\u0103 excep\u021bional\u0103. Petrec timp cu pacien\u021bii, \u00ee\u0219i las\u0103 num\u0103rul de telefon, r\u0103spund oric\u0103rei \u00eentreb\u0103ri. <\/p>\n\n\n\n<blockquote class=\"wp-block-quote is-layout-flow wp-block-quote-is-layout-flow\">\n<p>Cred c\u0103 suntem o genera\u021bie mult mai apropiat\u0103 de pacient.<\/p>\n<\/blockquote>\n\n\n\n<p><strong>Exist\u0103 o predispozi\u021bie mai mare la hipertensiune \u00een Bucure\u0219ti dec\u00e2t \u00een alte zone?<\/strong><\/p>\n\n\n\n<p>Nu neap\u0103rat. Bucure\u0219tiul este un ora\u0219 foarte amestecat din punct de vedere demografic, nu are o identitate de s\u0103n\u0103tate unitar\u0103, Capitala aduna oameni de peste tot. Astfel bucure\u0219tenii nu sunt mai hipertensivi comparativ cu cei din restul \u021b\u0103rii. <\/p>\n\n\n\n<p>Daca mut\u0103m discu\u021bia la nivel de \u021bar\u0103, atunci da, at\u00e2t hipertensiunea arterial\u0103 c\u00e2t mai ales riscul cardiovascular global sunt semnificativ crescute comparativ cu Europa occidental\u0103.<\/p>\n\n\n\n<p><strong>Ce \u00ee\u021bi trebuie, ca medic t\u00e2n\u0103r, s\u0103 rezi\u0219ti \u0219i s\u0103 reu\u0219e\u0219ti \u00eentr-un spital de stat din Bucure\u0219ti?<\/strong><\/p>\n\n\n\n<p>Nu cred c\u0103 e nevoie de ceva \u201especial\u201d. Profesionalism, perseveren\u021b\u0103, r\u0103bdare \u0219i munc\u0103 \u00een echip\u0103 &#8211; sunt valabile oriunde \u00een lume. Bucure\u0219tiul are infrastructura \u0219i resursele. Provocarea este s\u0103 gestionezi \u0219i num\u0103rul mare de pacien\u021bi din afara ora\u0219ului.<\/p>\n\n\n\n<p><strong>Dac\u0103 a\u021bi avea o urgen\u021b\u0103 medical\u0103, unde a\u021bi vrea s\u0103 fii tratat \u00een Capital\u0103?<\/strong><\/p>\n\n\n\n<p class=\"has-text-align-left\">Depinde de patologie. Pentru politraum\u0103, a\u0219 alege Spitalul de Urgen\u021b\u0103 Floreasca. Dac\u0103 discutam de patologie acut\u0103 cardiovascular\u0103 sau neurologic\u0103, \u00eendemn pacien\u021bii s\u0103 mearg\u0103 la cel mai apropiat spital de urgen\u021b\u0103, pentru ca timpul stabilirii diagnosticului \u0219i implicit aplicarea protocolului de tratament este principalul factor de prognostic. Timpul face diferen\u021ba \u00een acest caz.<br><\/p>\n\n\n\n<div class=\"wp-block-group has-pale-cyan-blue-background-color has-background\"><div class=\"wp-block-group__inner-container is-layout-constrained wp-block-group-is-layout-constrained\">\n<h2 class=\"wp-block-heading\" id=\"h-cine-este-alexandru-secara\">Cine este Alexandru Secar\u0103<\/h2>\n\n\n\n<p><strong>Dr. Alexandru Secar\u0103, n\u0103scut \u00een 1989, este medic specialist \u00een cardiologie \u0219i cardiologie interven\u021bional\u0103. Absolvent al Colegiului Na\u021bional \u201eCalistrat Hoga\u0219&#8221; din Tecuci, cu profil Matematic\u0103-Informatic\u0103, a ob\u021binut o diplom\u0103 de bacalaureat \u0219i un atestat \u00een informatic\u0103 \u00een 2008.<\/strong><\/p>\n\n\n\n<figure class=\"wp-block-image size-full\"><a href=\"https:\/\/www.linkedin.com\/in\/alex-secara-034706151\/?originalSubdomain=ro\"><img fetchpriority=\"high\" decoding=\"async\" width=\"800\" height=\"800\" src=\"data:image\/gif;base64,R0lGODlhAQABAAAAACH5BAEKAAEALAAAAAABAAEAAAICTAEAOw==\" data-src=\"https:\/\/buletin.de\/bucuresti\/wp-content\/uploads\/2025\/08\/1615999948846.jpeg\" alt=\"\" class=\"wp-image-145982 lazyload\" data-sizes=\"auto\" data-srcset=\"https:\/\/buletin.de\/bucuresti\/wp-content\/uploads\/2025\/08\/1615999948846.jpeg 800w, https:\/\/buletin.de\/bucuresti\/wp-content\/uploads\/2025\/08\/1615999948846-300x300.jpeg 300w, https:\/\/buletin.de\/bucuresti\/wp-content\/uploads\/2025\/08\/1615999948846-150x150.jpeg 150w, https:\/\/buletin.de\/bucuresti\/wp-content\/uploads\/2025\/08\/1615999948846-768x768.jpeg 768w, https:\/\/buletin.de\/bucuresti\/wp-content\/uploads\/2025\/08\/1615999948846-24x24.jpeg 24w, https:\/\/buletin.de\/bucuresti\/wp-content\/uploads\/2025\/08\/1615999948846-48x48.jpeg 48w, https:\/\/buletin.de\/bucuresti\/wp-content\/uploads\/2025\/08\/1615999948846-96x96.jpeg 96w, https:\/\/buletin.de\/bucuresti\/wp-content\/uploads\/2025\/08\/1615999948846-600x600.jpeg 600w, https:\/\/buletin.de\/bucuresti\/wp-content\/uploads\/2025\/08\/1615999948846-20x20.jpeg 20w\" sizes=\"(max-width: 800px) 100vw, 800px\" \/><\/a><figcaption class=\"wp-element-caption\">Doctorul Alexandru Secar\u0103. Foto: LinkedIn<\/figcaption><\/figure>\n\n\n\n<p>\u0218i-a \u00eenceput formarea universitar\u0103 la Facultatea de Medicin\u0103 \u0219i Farmacie \u201eDr. Carol Davilla&#8221; din Bucure\u0219ti, pe care a absolvit-o \u00een 2014. Specializarea \u00een cardiologie a parcurs-o la Spitalul Clinic de Urgen\u021b\u0103 \u201eSf. Ioan\u201d, \u00eentre 2015 \u0219i 2016, apoi la Spitalul Universitar de Urgen\u021b\u0103, unde a lucrat din 2016 p\u00e2n\u0103 \u00een 2019. <\/p>\n\n\n\n<p>\u00cen 2021, a ob\u021binut un atestat \u00een cardiologie interven\u021bional\u0103, tot la Spitalul Universitar de Urgen\u021b\u0103.<\/p>\n\n\n\n<p>\u00cen prezent, Dr. Secar\u0103 activeaz\u0103 ca medic specialist cardiolog \u0219i cardiologie interven\u021bional\u0103 la Spitalul Clinic Colentina, din iulie 2024. De asemenea, din ianuarie 2022, lucreaz\u0103 \u0219i la Medlife.<\/p>\n\n\n\n<p>Specializarea sa include proceduri de cardiologie interven\u021bional\u0103, precum coronarografie diagnostic\u0103, implantare de stent coronarian, arteriografie periferic\u0103 \u0219i carotidian\u0103. De\u021bine, de asemenea, competen\u021be \u00een ecografia cardiac\u0103 transtoracic\u0103.<\/p>\n\n\n\n<p>Dr. Alexandru Secar\u0103 este afiliat Societ\u0103\u021bii Rom\u00e2ne de Cardiologie \u0219i Societ\u0103\u021bii Europene de Cardiologie. A contribuit la traducerea \u00een limba rom\u00e2n\u0103 a ghidurilor Societ\u0103\u021bii Rom\u00e2ne de Cardiologie pentru Sindroame Coronariene acute \u0219i Insuficien\u021b\u0103 cardiac\u0103. <\/p>\n\n\n\n<p>A participat la numeroase cursuri \u0219i congrese na\u021bionale \u0219i interna\u021bionale, printre care se num\u0103r\u0103 &#8220;BBraun Drug Eluting Balloons&#8221; \u00een Viena \u0219i cursuri organizate de Medtronic \u0219i Abbott.<\/p>\n<\/div><\/div>\n\n\n\n<h2 class=\"wp-block-heading has-text-align-center\" id=\"h-bucure\u0219tiul-personal-al-doctorului\"><strong>Bucure\u0219tiul personal al doctorului<\/strong><\/h2>\n\n\n\n<p><strong>De ce a\u021bi ales Bucure\u0219tiul?<\/strong><\/p>\n\n\n\n<p>Pentru mine n-a existat niciodat\u0103 \u201eop\u021biunea B\u201d. \u00cenc\u0103 din copil\u0103rie \u0219tiam c\u0103 vreau s\u0103 fac medicina aici. E ora\u0219ul cu cele mai multe oportunit\u0103\u021bi profesionale \u0219i personale. Nu m-a\u0219 vedea tr\u0103ind \u00een alt\u0103 parte.<\/p>\n\n\n\n<p><strong>Ce v\u0103 deranjeaz\u0103 cel mai mult \u00een cartierul dvs.?<\/strong><\/p>\n\n\n\n<p>Lipsa de sanc\u021biuni reale pentru cei care murd\u0103resc spa\u021biile publice. Avem nevoie de reguli aplicate ferm \u0219i amenzi mult mai mari pentru cei care nu respect\u0103 spa\u021biul public.<\/p>\n\n\n\n<p><strong>Ma\u0219in\u0103, biciclet\u0103 sau STB\/Metrou? Cum v\u0103 deplasa\u021bi prin ora\u0219?<\/strong><\/p>\n\n\n\n<p>Folosesc \u00een principal ma\u0219ina personal\u0103. Zona \u00een care locuiesc nu are metrou sau linii directe c\u0103tre spital. \u00cen trecut, mergeam des cu bicicleta \u0219i mi-ar pl\u0103cea s\u0103 reiau obiceiul.<\/p>\n\n\n\n<p><strong>Ave\u021bi animale de companie?<\/strong><\/p>\n\n\n\n<p>Da, avem un c\u00e2ine. S-a adaptat bine la ora\u0219. \u00cencerc\u0103m s\u0103 ie\u0219im cu el zilnic, m\u0103car o or\u0103 \u00een parc.<\/p>\n\n\n\n<p><strong>Care este parcul preferat din Bucure\u0219ti? Dar cafeneaua sau pub-ul unde v\u0103 sim\u021bi\u021bi cel mai bine?<\/strong><\/p>\n\n\n\n<p>Parcul Alexandru Ioan Cuza \u2013 mergem aproape \u00een fiecare zi. C\u00e2t despre cafenele, sunt multe locuri bune. Am mers des la Ber\u0103ria Gambrinus c\u00e2nd locuiam aproape. Acum prefer poate Hard Rock Cafe.<\/p>\n\n\n\n<p><strong>CITE\u0218TE \u0218I <a href=\"https:\/\/buletin.de\/bucuresti\/daniel-baluta-despre-alegerile-pentru-primaria-bucuresti-nu-este-un-moment-potrivit-pentru-a-le-organiza\/\" target=\"_blank\" rel=\"noreferrer noopener\">Daniel B\u0103lu\u021b\u0103 despre alegerile pentru Prim\u0103ria Bucure\u0219ti: \u201eNu este un moment potrivit pentru a le organiza\u201d<\/a><\/strong><\/p>\n","protected":false},"excerpt":{"rendered":"<p>Este la a treia genera\u021bie de medici din familia sa, s-a n\u0103scut la Tecuci \u0219i a ales, f\u0103r\u0103 echivoc, s\u0103 vin\u0103 \u00een Bucure\u0219ti ca s\u0103 studieze \u0219i s\u0103 practice. Azi, la 35 de ani, doctorul Alexandru Secar\u0103 este specialist \u00een cardiologie interven\u021bional\u0103 la Spitalul Colentina, ramur\u0103 a cardiologiei care se ocup\u0103 de tratamentul bolilor coronariene [&hellip;]<\/p>\n","protected":false},"author":10,"featured_media":145986,"comment_status":"closed","ping_status":"open","sticky":false,"template":"","format":"standard","meta":{"_acf_changed":false,"inline_featured_image":false,"ngg_post_thumbnail":0,"footnotes":""},"categories":[6994,20208,3238,5762],"tags":[23561,20133,23559,499,23558],"ppma_author":[22575],"class_list":["post-145978","post","type-post","status-publish","format-standard","has-post-thumbnail","hentry","category-stiri-2","category-cafeneaua-bdb","category-interviu","category-main","tag-alexandru","tag-cafeneaua-bdb","tag-cardiologie","tag-interviu","tag-secara"],"acf":[],"yoast_head":"<!-- This site is optimized with the Yoast SEO Premium plugin v25.3 (Yoast SEO v27.5) - https:\/\/yoast.com\/product\/yoast-seo-premium-wordpress\/ -->\n<title>Cafeneaua BdB | Dr. Alexandru Secar\u0103, cardiolog la Spitalul Colentina: \u201eProvocarea e s\u0103 gestionezi num\u0103rul mare de pacien\u021bi din afara ora\u0219ului\u201d - Buletin de Bucure\u0219ti<\/title>\n<meta name=\"description\" content=\"La 35 de ani, doctorul Alexandru Secar\u0103 este specialist \u00een cardiologie interven\u021bional\u0103 la Spitalul Colentina.\" \/>\n<meta name=\"robots\" content=\"index, follow, max-snippet:-1, max-image-preview:large, max-video-preview:-1\" \/>\n<link rel=\"canonical\" href=\"https:\/\/buletin.de\/bucuresti\/cafeneaua-bdb-dr-alexandru-secara-cardiolog-la-spitalul-colentina-provocarea-e-sa-gestionezi-numarul-mare-de-pacienti-din-afara-orasului\/\" \/>\n<meta property=\"og:locale\" content=\"en_GB\" \/>\n<meta property=\"og:type\" content=\"article\" \/>\n<meta property=\"og:title\" content=\"Cafeneaua BdB | Dr. Alexandru Secar\u0103, cardiolog la Spitalul Colentina: \u201eProvocarea e s\u0103 gestionezi num\u0103rul mare de pacien\u021bi din afara ora\u0219ului\u201d\" \/>\n<meta property=\"og:description\" content=\"La 35 de ani, doctorul Alexandru Secar\u0103 este specialist \u00een cardiologie interven\u021bional\u0103 la Spitalul Colentina.\" \/>\n<meta property=\"og:url\" content=\"https:\/\/buletin.de\/bucuresti\/cafeneaua-bdb-dr-alexandru-secara-cardiolog-la-spitalul-colentina-provocarea-e-sa-gestionezi-numarul-mare-de-pacienti-din-afara-orasului\/\" \/>\n<meta property=\"og:site_name\" content=\"Buletin de Bucure\u0219ti\" \/>\n<meta property=\"article:publisher\" content=\"https:\/\/www.facebook.com\/buletin.de.buc\" \/>\n<meta property=\"article:published_time\" content=\"2025-08-31T05:43:59+00:00\" \/>\n<meta property=\"article:modified_time\" content=\"2025-08-31T07:37:16+00:00\" \/>\n<meta property=\"og:image\" content=\"https:\/\/buletin.de\/bucuresti\/wp-content\/uploads\/2025\/08\/alex-secara.jpg\" \/>\n\t<meta property=\"og:image:width\" content=\"738\" \/>\n\t<meta property=\"og:image:height\" content=\"807\" \/>\n\t<meta property=\"og:image:type\" content=\"image\/jpeg\" \/>\n<meta name=\"author\" content=\"C\u0103t\u0103lin Dosca\u0219\" \/>\n<meta name=\"twitter:card\" content=\"summary_large_image\" \/>\n<meta name=\"twitter:label1\" content=\"Written by\" \/>\n\t<meta name=\"twitter:data1\" content=\"C\u0103t\u0103lin Dosca\u0219\" \/>\n\t<meta name=\"twitter:label2\" content=\"Estimated reading time\" \/>\n\t<meta name=\"twitter:data2\" content=\"5 minutes\" \/>\n<script type=\"application\/ld+json\" class=\"yoast-schema-graph\">{\"@context\":\"https:\\\/\\\/schema.org\",\"@graph\":[{\"@type\":\"Article\",\"@id\":\"https:\\\/\\\/buletin.de\\\/bucuresti\\\/cafeneaua-bdb-dr-alexandru-secara-cardiolog-la-spitalul-colentina-provocarea-e-sa-gestionezi-numarul-mare-de-pacienti-din-afara-orasului\\\/#article\",\"isPartOf\":{\"@id\":\"https:\\\/\\\/buletin.de\\\/bucuresti\\\/cafeneaua-bdb-dr-alexandru-secara-cardiolog-la-spitalul-colentina-provocarea-e-sa-gestionezi-numarul-mare-de-pacienti-din-afara-orasului\\\/\"},\"author\":{\"name\":\"C\u0103t\u0103lin Dosca\u0219\",\"@id\":\"https:\\\/\\\/buletin.de\\\/bucuresti\\\/#\\\/schema\\\/person\\\/31117187ed4d0bdb0a4c7d6acc79d0f8\"},\"headline\":\"Cafeneaua BdB | Dr. Alexandru Secar\u0103, cardiolog la Spitalul Colentina: \u201eProvocarea e s\u0103 gestionezi num\u0103rul mare de pacien\u021bi din afara ora\u0219ului\u201d\",\"datePublished\":\"2025-08-31T05:43:59+00:00\",\"dateModified\":\"2025-08-31T07:37:16+00:00\",\"mainEntityOfPage\":{\"@id\":\"https:\\\/\\\/buletin.de\\\/bucuresti\\\/cafeneaua-bdb-dr-alexandru-secara-cardiolog-la-spitalul-colentina-provocarea-e-sa-gestionezi-numarul-mare-de-pacienti-din-afara-orasului\\\/\"},\"wordCount\":1084,\"publisher\":{\"@id\":\"https:\\\/\\\/buletin.de\\\/bucuresti\\\/#organization\"},\"image\":{\"@id\":\"https:\\\/\\\/buletin.de\\\/bucuresti\\\/cafeneaua-bdb-dr-alexandru-secara-cardiolog-la-spitalul-colentina-provocarea-e-sa-gestionezi-numarul-mare-de-pacienti-din-afara-orasului\\\/#primaryimage\"},\"thumbnailUrl\":\"https:\\\/\\\/buletin.de\\\/bucuresti\\\/wp-content\\\/uploads\\\/2025\\\/08\\\/alex-secara.jpg\",\"keywords\":[\"alexandru\",\"cafeneaua bdb\",\"cardiologie\",\"interviu\",\"secara\"],\"articleSection\":[\"Articole\",\"Cafeneaua BdB\",\"Interviu\",\"Main\"],\"inLanguage\":\"en-GB\",\"copyrightYear\":\"2025\",\"copyrightHolder\":{\"@id\":\"https:\\\/\\\/buletin.de\\\/bucuresti\\\/#organization\"}},{\"@type\":\"WebPage\",\"@id\":\"https:\\\/\\\/buletin.de\\\/bucuresti\\\/cafeneaua-bdb-dr-alexandru-secara-cardiolog-la-spitalul-colentina-provocarea-e-sa-gestionezi-numarul-mare-de-pacienti-din-afara-orasului\\\/\",\"url\":\"https:\\\/\\\/buletin.de\\\/bucuresti\\\/cafeneaua-bdb-dr-alexandru-secara-cardiolog-la-spitalul-colentina-provocarea-e-sa-gestionezi-numarul-mare-de-pacienti-din-afara-orasului\\\/\",\"name\":\"Cafeneaua BdB | Dr. Alexandru Secar\u0103, cardiolog la Spitalul Colentina: \u201eProvocarea e s\u0103 gestionezi num\u0103rul mare de pacien\u021bi din afara ora\u0219ului\u201d - Buletin de Bucure\u0219ti\",\"isPartOf\":{\"@id\":\"https:\\\/\\\/buletin.de\\\/bucuresti\\\/#website\"},\"primaryImageOfPage\":{\"@id\":\"https:\\\/\\\/buletin.de\\\/bucuresti\\\/cafeneaua-bdb-dr-alexandru-secara-cardiolog-la-spitalul-colentina-provocarea-e-sa-gestionezi-numarul-mare-de-pacienti-din-afara-orasului\\\/#primaryimage\"},\"image\":{\"@id\":\"https:\\\/\\\/buletin.de\\\/bucuresti\\\/cafeneaua-bdb-dr-alexandru-secara-cardiolog-la-spitalul-colentina-provocarea-e-sa-gestionezi-numarul-mare-de-pacienti-din-afara-orasului\\\/#primaryimage\"},\"thumbnailUrl\":\"https:\\\/\\\/buletin.de\\\/bucuresti\\\/wp-content\\\/uploads\\\/2025\\\/08\\\/alex-secara.jpg\",\"datePublished\":\"2025-08-31T05:43:59+00:00\",\"dateModified\":\"2025-08-31T07:37:16+00:00\",\"description\":\"La 35 de ani, doctorul Alexandru Secar\u0103 este specialist \u00een cardiologie interven\u021bional\u0103 la Spitalul Colentina.\",\"breadcrumb\":{\"@id\":\"https:\\\/\\\/buletin.de\\\/bucuresti\\\/cafeneaua-bdb-dr-alexandru-secara-cardiolog-la-spitalul-colentina-provocarea-e-sa-gestionezi-numarul-mare-de-pacienti-din-afara-orasului\\\/#breadcrumb\"},\"inLanguage\":\"en-GB\",\"potentialAction\":[{\"@type\":\"ReadAction\",\"target\":[\"https:\\\/\\\/buletin.de\\\/bucuresti\\\/cafeneaua-bdb-dr-alexandru-secara-cardiolog-la-spitalul-colentina-provocarea-e-sa-gestionezi-numarul-mare-de-pacienti-din-afara-orasului\\\/\"]}]},{\"@type\":\"ImageObject\",\"inLanguage\":\"en-GB\",\"@id\":\"https:\\\/\\\/buletin.de\\\/bucuresti\\\/cafeneaua-bdb-dr-alexandru-secara-cardiolog-la-spitalul-colentina-provocarea-e-sa-gestionezi-numarul-mare-de-pacienti-din-afara-orasului\\\/#primaryimage\",\"url\":\"https:\\\/\\\/buletin.de\\\/bucuresti\\\/wp-content\\\/uploads\\\/2025\\\/08\\\/alex-secara.jpg\",\"contentUrl\":\"https:\\\/\\\/buletin.de\\\/bucuresti\\\/wp-content\\\/uploads\\\/2025\\\/08\\\/alex-secara.jpg\",\"width\":738,\"height\":807,\"caption\":\"Dr. Alexandru Secar\u0103, cardiolog la Spitalul Colentina\"},{\"@type\":\"BreadcrumbList\",\"@id\":\"https:\\\/\\\/buletin.de\\\/bucuresti\\\/cafeneaua-bdb-dr-alexandru-secara-cardiolog-la-spitalul-colentina-provocarea-e-sa-gestionezi-numarul-mare-de-pacienti-din-afara-orasului\\\/#breadcrumb\",\"itemListElement\":[{\"@type\":\"ListItem\",\"position\":1,\"name\":\"Acas\u0103\",\"item\":\"https:\\\/\\\/buletin.de\\\/bucuresti\\\/\"},{\"@type\":\"ListItem\",\"position\":2,\"name\":\"Cafeneaua BdB | Dr. Alexandru Secar\u0103, cardiolog la Spitalul Colentina: \u201eProvocarea e s\u0103 gestionezi num\u0103rul mare de pacien\u021bi din afara ora\u0219ului\u201d\"}]},{\"@type\":\"WebSite\",\"@id\":\"https:\\\/\\\/buletin.de\\\/bucuresti\\\/#website\",\"url\":\"https:\\\/\\\/buletin.de\\\/bucuresti\\\/\",\"name\":\"Buletin de Bucure\u0219ti\",\"description\":\"\u0218tiri \u0219i investiga\u021bii esen\u021biale din capital\u0103\",\"publisher\":{\"@id\":\"https:\\\/\\\/buletin.de\\\/bucuresti\\\/#organization\"},\"potentialAction\":[{\"@type\":\"SearchAction\",\"target\":{\"@type\":\"EntryPoint\",\"urlTemplate\":\"https:\\\/\\\/buletin.de\\\/bucuresti\\\/?s={search_term_string}\"},\"query-input\":{\"@type\":\"PropertyValueSpecification\",\"valueRequired\":true,\"valueName\":\"search_term_string\"}}],\"inLanguage\":\"en-GB\"},{\"@type\":\"Organization\",\"@id\":\"https:\\\/\\\/buletin.de\\\/bucuresti\\\/#organization\",\"name\":\"Buletin de Bucure\u0219ti\",\"url\":\"https:\\\/\\\/buletin.de\\\/bucuresti\\\/\",\"logo\":{\"@type\":\"ImageObject\",\"inLanguage\":\"en-GB\",\"@id\":\"https:\\\/\\\/buletin.de\\\/bucuresti\\\/#\\\/schema\\\/logo\\\/image\\\/\",\"url\":\"https:\\\/\\\/buletin.de\\\/bucuresti\\\/wp-content\\\/uploads\\\/logo-bdb-full-wide-vernil-transparent.png\",\"contentUrl\":\"https:\\\/\\\/buletin.de\\\/bucuresti\\\/wp-content\\\/uploads\\\/logo-bdb-full-wide-vernil-transparent.png\",\"width\":1782,\"height\":626,\"caption\":\"Buletin de Bucure\u0219ti\"},\"image\":{\"@id\":\"https:\\\/\\\/buletin.de\\\/bucuresti\\\/#\\\/schema\\\/logo\\\/image\\\/\"},\"sameAs\":[\"https:\\\/\\\/www.facebook.com\\\/buletin.de.buc\",\"https:\\\/\\\/www.instagram.com\\\/buletinde.bucuresti\\\/\"]},{\"@type\":\"Person\",\"@id\":\"https:\\\/\\\/buletin.de\\\/bucuresti\\\/#\\\/schema\\\/person\\\/31117187ed4d0bdb0a4c7d6acc79d0f8\",\"name\":\"C\u0103t\u0103lin Dosca\u0219\",\"image\":{\"@type\":\"ImageObject\",\"inLanguage\":\"en-GB\",\"@id\":\"https:\\\/\\\/buletin.de\\\/bucuresti\\\/wp-content\\\/uploads\\\/Catalin-Doscas-e1732731064764-96x96.jpga93e2943bb3b1c1f9ead823df6e6317a\",\"url\":\"https:\\\/\\\/buletin.de\\\/bucuresti\\\/wp-content\\\/uploads\\\/Catalin-Doscas-e1732731064764-96x96.jpg\",\"contentUrl\":\"https:\\\/\\\/buletin.de\\\/bucuresti\\\/wp-content\\\/uploads\\\/Catalin-Doscas-e1732731064764-96x96.jpg\",\"caption\":\"C\u0103t\u0103lin Dosca\u0219\"},\"description\":\"Reporter \u0219i redactor-\u0219ef Buletin de Bucure\u0219ti. Lucreaz\u0103 \u00een mass-media de la v\u00e2rsta de 15 ani, c\u00e2nd a publicat primele articole \u00een presa local\u0103 din Tecuci. \u00cen Bucure\u0219ti a lucrat \u00een redac\u021bii radio ca reporter, redactor \u0219i prezentator (StudentFM, Na\u021bionalFM, Radio Total, Smart FM), unde a acoperit domeniile politic, economic, social \u0219i externe. Ulterior, a fost editor-coordonator al postului Realitatea FM. Experien\u021ba \u00een jurnalismul online a dob\u00e2ndit-o la portalul B365.ro, unde a fost editor. \u00cen 2012 s-a angajat \u00een televiziune. La Realitatea TV a fost, pe r\u00e2nd, reporter la sec\u021bia Social, reporter special la emisiunea de reportaje \u0219i anchete \u201eReporterii Realit\u0103\u021bii\u201d, dar \u0219i editor al jurnalelor de \u0219tiri. Ulterior, a f\u0103cut parte din sec\u021bia de Investiga\u021bii de la Digi24 \u0219i a lucrat la campania \u201eRom\u00e2nia furat\u0103\u201d. A revenit \u00een presa scris\u0103 \u00een 2017, ca reporter special, \u00een cadrul unui proiect de repozi\u021bionare a tabloidului Libertatea \u00een cotidian generalist. Este jurnalist Buletin de Bucure\u0219ti din 2019.\",\"url\":\"https:\\\/\\\/buletin.de\\\/bucuresti\\\/author\\\/catalin\\\/\"}]}<\/script>\n<!-- \/ Yoast SEO Premium plugin. -->","yoast_head_json":{"title":"Cafeneaua BdB | Dr. Alexandru Secar\u0103, cardiolog la Spitalul Colentina: \u201eProvocarea e s\u0103 gestionezi num\u0103rul mare de pacien\u021bi din afara ora\u0219ului\u201d - Buletin de Bucure\u0219ti","description":"La 35 de ani, doctorul Alexandru Secar\u0103 este specialist \u00een cardiologie interven\u021bional\u0103 la Spitalul Colentina.","robots":{"index":"index","follow":"follow","max-snippet":"max-snippet:-1","max-image-preview":"max-image-preview:large","max-video-preview":"max-video-preview:-1"},"canonical":"https:\/\/buletin.de\/bucuresti\/cafeneaua-bdb-dr-alexandru-secara-cardiolog-la-spitalul-colentina-provocarea-e-sa-gestionezi-numarul-mare-de-pacienti-din-afara-orasului\/","og_locale":"en_GB","og_type":"article","og_title":"Cafeneaua BdB | Dr. Alexandru Secar\u0103, cardiolog la Spitalul Colentina: \u201eProvocarea e s\u0103 gestionezi num\u0103rul mare de pacien\u021bi din afara ora\u0219ului\u201d","og_description":"La 35 de ani, doctorul Alexandru Secar\u0103 este specialist \u00een cardiologie interven\u021bional\u0103 la Spitalul Colentina.","og_url":"https:\/\/buletin.de\/bucuresti\/cafeneaua-bdb-dr-alexandru-secara-cardiolog-la-spitalul-colentina-provocarea-e-sa-gestionezi-numarul-mare-de-pacienti-din-afara-orasului\/","og_site_name":"Buletin de Bucure\u0219ti","article_publisher":"https:\/\/www.facebook.com\/buletin.de.buc","article_published_time":"2025-08-31T05:43:59+00:00","article_modified_time":"2025-08-31T07:37:16+00:00","og_image":[{"width":738,"height":807,"url":"https:\/\/buletin.de\/bucuresti\/wp-content\/uploads\/2025\/08\/alex-secara.jpg","type":"image\/jpeg"}],"author":"C\u0103t\u0103lin Dosca\u0219","twitter_card":"summary_large_image","twitter_misc":{"Written by":"C\u0103t\u0103lin Dosca\u0219","Estimated reading time":"5 minutes"},"schema":{"@context":"https:\/\/schema.org","@graph":[{"@type":"Article","@id":"https:\/\/buletin.de\/bucuresti\/cafeneaua-bdb-dr-alexandru-secara-cardiolog-la-spitalul-colentina-provocarea-e-sa-gestionezi-numarul-mare-de-pacienti-din-afara-orasului\/#article","isPartOf":{"@id":"https:\/\/buletin.de\/bucuresti\/cafeneaua-bdb-dr-alexandru-secara-cardiolog-la-spitalul-colentina-provocarea-e-sa-gestionezi-numarul-mare-de-pacienti-din-afara-orasului\/"},"author":{"name":"C\u0103t\u0103lin Dosca\u0219","@id":"https:\/\/buletin.de\/bucuresti\/#\/schema\/person\/31117187ed4d0bdb0a4c7d6acc79d0f8"},"headline":"Cafeneaua BdB | Dr. Alexandru Secar\u0103, cardiolog la Spitalul Colentina: \u201eProvocarea e s\u0103 gestionezi num\u0103rul mare de pacien\u021bi din afara ora\u0219ului\u201d","datePublished":"2025-08-31T05:43:59+00:00","dateModified":"2025-08-31T07:37:16+00:00","mainEntityOfPage":{"@id":"https:\/\/buletin.de\/bucuresti\/cafeneaua-bdb-dr-alexandru-secara-cardiolog-la-spitalul-colentina-provocarea-e-sa-gestionezi-numarul-mare-de-pacienti-din-afara-orasului\/"},"wordCount":1084,"publisher":{"@id":"https:\/\/buletin.de\/bucuresti\/#organization"},"image":{"@id":"https:\/\/buletin.de\/bucuresti\/cafeneaua-bdb-dr-alexandru-secara-cardiolog-la-spitalul-colentina-provocarea-e-sa-gestionezi-numarul-mare-de-pacienti-din-afara-orasului\/#primaryimage"},"thumbnailUrl":"https:\/\/buletin.de\/bucuresti\/wp-content\/uploads\/2025\/08\/alex-secara.jpg","keywords":["alexandru","cafeneaua bdb","cardiologie","interviu","secara"],"articleSection":["Articole","Cafeneaua BdB","Interviu","Main"],"inLanguage":"en-GB","copyrightYear":"2025","copyrightHolder":{"@id":"https:\/\/buletin.de\/bucuresti\/#organization"}},{"@type":"WebPage","@id":"https:\/\/buletin.de\/bucuresti\/cafeneaua-bdb-dr-alexandru-secara-cardiolog-la-spitalul-colentina-provocarea-e-sa-gestionezi-numarul-mare-de-pacienti-din-afara-orasului\/","url":"https:\/\/buletin.de\/bucuresti\/cafeneaua-bdb-dr-alexandru-secara-cardiolog-la-spitalul-colentina-provocarea-e-sa-gestionezi-numarul-mare-de-pacienti-din-afara-orasului\/","name":"Cafeneaua BdB | Dr. Alexandru Secar\u0103, cardiolog la Spitalul Colentina: \u201eProvocarea e s\u0103 gestionezi num\u0103rul mare de pacien\u021bi din afara ora\u0219ului\u201d - Buletin de Bucure\u0219ti","isPartOf":{"@id":"https:\/\/buletin.de\/bucuresti\/#website"},"primaryImageOfPage":{"@id":"https:\/\/buletin.de\/bucuresti\/cafeneaua-bdb-dr-alexandru-secara-cardiolog-la-spitalul-colentina-provocarea-e-sa-gestionezi-numarul-mare-de-pacienti-din-afara-orasului\/#primaryimage"},"image":{"@id":"https:\/\/buletin.de\/bucuresti\/cafeneaua-bdb-dr-alexandru-secara-cardiolog-la-spitalul-colentina-provocarea-e-sa-gestionezi-numarul-mare-de-pacienti-din-afara-orasului\/#primaryimage"},"thumbnailUrl":"https:\/\/buletin.de\/bucuresti\/wp-content\/uploads\/2025\/08\/alex-secara.jpg","datePublished":"2025-08-31T05:43:59+00:00","dateModified":"2025-08-31T07:37:16+00:00","description":"La 35 de ani, doctorul Alexandru Secar\u0103 este specialist \u00een cardiologie interven\u021bional\u0103 la Spitalul Colentina.","breadcrumb":{"@id":"https:\/\/buletin.de\/bucuresti\/cafeneaua-bdb-dr-alexandru-secara-cardiolog-la-spitalul-colentina-provocarea-e-sa-gestionezi-numarul-mare-de-pacienti-din-afara-orasului\/#breadcrumb"},"inLanguage":"en-GB","potentialAction":[{"@type":"ReadAction","target":["https:\/\/buletin.de\/bucuresti\/cafeneaua-bdb-dr-alexandru-secara-cardiolog-la-spitalul-colentina-provocarea-e-sa-gestionezi-numarul-mare-de-pacienti-din-afara-orasului\/"]}]},{"@type":"ImageObject","inLanguage":"en-GB","@id":"https:\/\/buletin.de\/bucuresti\/cafeneaua-bdb-dr-alexandru-secara-cardiolog-la-spitalul-colentina-provocarea-e-sa-gestionezi-numarul-mare-de-pacienti-din-afara-orasului\/#primaryimage","url":"https:\/\/buletin.de\/bucuresti\/wp-content\/uploads\/2025\/08\/alex-secara.jpg","contentUrl":"https:\/\/buletin.de\/bucuresti\/wp-content\/uploads\/2025\/08\/alex-secara.jpg","width":738,"height":807,"caption":"Dr. Alexandru Secar\u0103, cardiolog la Spitalul Colentina"},{"@type":"BreadcrumbList","@id":"https:\/\/buletin.de\/bucuresti\/cafeneaua-bdb-dr-alexandru-secara-cardiolog-la-spitalul-colentina-provocarea-e-sa-gestionezi-numarul-mare-de-pacienti-din-afara-orasului\/#breadcrumb","itemListElement":[{"@type":"ListItem","position":1,"name":"Acas\u0103","item":"https:\/\/buletin.de\/bucuresti\/"},{"@type":"ListItem","position":2,"name":"Cafeneaua BdB | Dr. Alexandru Secar\u0103, cardiolog la Spitalul Colentina: \u201eProvocarea e s\u0103 gestionezi num\u0103rul mare de pacien\u021bi din afara ora\u0219ului\u201d"}]},{"@type":"WebSite","@id":"https:\/\/buletin.de\/bucuresti\/#website","url":"https:\/\/buletin.de\/bucuresti\/","name":"Buletin de Bucure\u0219ti","description":"\u0218tiri \u0219i investiga\u021bii esen\u021biale din capital\u0103","publisher":{"@id":"https:\/\/buletin.de\/bucuresti\/#organization"},"potentialAction":[{"@type":"SearchAction","target":{"@type":"EntryPoint","urlTemplate":"https:\/\/buletin.de\/bucuresti\/?s={search_term_string}"},"query-input":{"@type":"PropertyValueSpecification","valueRequired":true,"valueName":"search_term_string"}}],"inLanguage":"en-GB"},{"@type":"Organization","@id":"https:\/\/buletin.de\/bucuresti\/#organization","name":"Buletin de Bucure\u0219ti","url":"https:\/\/buletin.de\/bucuresti\/","logo":{"@type":"ImageObject","inLanguage":"en-GB","@id":"https:\/\/buletin.de\/bucuresti\/#\/schema\/logo\/image\/","url":"https:\/\/buletin.de\/bucuresti\/wp-content\/uploads\/logo-bdb-full-wide-vernil-transparent.png","contentUrl":"https:\/\/buletin.de\/bucuresti\/wp-content\/uploads\/logo-bdb-full-wide-vernil-transparent.png","width":1782,"height":626,"caption":"Buletin de Bucure\u0219ti"},"image":{"@id":"https:\/\/buletin.de\/bucuresti\/#\/schema\/logo\/image\/"},"sameAs":["https:\/\/www.facebook.com\/buletin.de.buc","https:\/\/www.instagram.com\/buletinde.bucuresti\/"]},{"@type":"Person","@id":"https:\/\/buletin.de\/bucuresti\/#\/schema\/person\/31117187ed4d0bdb0a4c7d6acc79d0f8","name":"C\u0103t\u0103lin Dosca\u0219","image":{"@type":"ImageObject","inLanguage":"en-GB","@id":"https:\/\/buletin.de\/bucuresti\/wp-content\/uploads\/Catalin-Doscas-e1732731064764-96x96.jpga93e2943bb3b1c1f9ead823df6e6317a","url":"https:\/\/buletin.de\/bucuresti\/wp-content\/uploads\/Catalin-Doscas-e1732731064764-96x96.jpg","contentUrl":"https:\/\/buletin.de\/bucuresti\/wp-content\/uploads\/Catalin-Doscas-e1732731064764-96x96.jpg","caption":"C\u0103t\u0103lin Dosca\u0219"},"description":"Reporter \u0219i redactor-\u0219ef Buletin de Bucure\u0219ti. Lucreaz\u0103 \u00een mass-media de la v\u00e2rsta de 15 ani, c\u00e2nd a publicat primele articole \u00een presa local\u0103 din Tecuci. \u00cen Bucure\u0219ti a lucrat \u00een redac\u021bii radio ca reporter, redactor \u0219i prezentator (StudentFM, Na\u021bionalFM, Radio Total, Smart FM), unde a acoperit domeniile politic, economic, social \u0219i externe. Ulterior, a fost editor-coordonator al postului Realitatea FM. Experien\u021ba \u00een jurnalismul online a dob\u00e2ndit-o la portalul B365.ro, unde a fost editor. \u00cen 2012 s-a angajat \u00een televiziune. La Realitatea TV a fost, pe r\u00e2nd, reporter la sec\u021bia Social, reporter special la emisiunea de reportaje \u0219i anchete \u201eReporterii Realit\u0103\u021bii\u201d, dar \u0219i editor al jurnalelor de \u0219tiri. Ulterior, a f\u0103cut parte din sec\u021bia de Investiga\u021bii de la Digi24 \u0219i a lucrat la campania \u201eRom\u00e2nia furat\u0103\u201d. A revenit \u00een presa scris\u0103 \u00een 2017, ca reporter special, \u00een cadrul unui proiect de repozi\u021bionare a tabloidului Libertatea \u00een cotidian generalist. Este jurnalist Buletin de Bucure\u0219ti din 2019.","url":"https:\/\/buletin.de\/bucuresti\/author\/catalin\/"}]}},"authors":[{"term_id":22575,"user_id":10,"is_guest":0,"slug":"catalin","display_name":"C\u0103t\u0103lin Dosca\u0219","avatar_url":"https:\/\/buletin.de\/bucuresti\/wp-content\/uploads\/Catalin-Doscas-e1732731064764-96x96.jpg","0":null,"1":"","2":"","3":"","4":"","5":"","6":"","7":"","8":""}],"_links":{"self":[{"href":"https:\/\/buletin.de\/bucuresti\/wp-json\/wp\/v2\/posts\/145978","targetHints":{"allow":["GET"]}}],"collection":[{"href":"https:\/\/buletin.de\/bucuresti\/wp-json\/wp\/v2\/posts"}],"about":[{"href":"https:\/\/buletin.de\/bucuresti\/wp-json\/wp\/v2\/types\/post"}],"author":[{"embeddable":true,"href":"https:\/\/buletin.de\/bucuresti\/wp-json\/wp\/v2\/users\/10"}],"replies":[{"embeddable":true,"href":"https:\/\/buletin.de\/bucuresti\/wp-json\/wp\/v2\/comments?post=145978"}],"version-history":[{"count":7,"href":"https:\/\/buletin.de\/bucuresti\/wp-json\/wp\/v2\/posts\/145978\/revisions"}],"predecessor-version":[{"id":146100,"href":"https:\/\/buletin.de\/bucuresti\/wp-json\/wp\/v2\/posts\/145978\/revisions\/146100"}],"wp:featuredmedia":[{"embeddable":true,"href":"https:\/\/buletin.de\/bucuresti\/wp-json\/wp\/v2\/media\/145986"}],"wp:attachment":[{"href":"https:\/\/buletin.de\/bucuresti\/wp-json\/wp\/v2\/media?parent=145978"}],"wp:term":[{"taxonomy":"category","embeddable":true,"href":"https:\/\/buletin.de\/bucuresti\/wp-json\/wp\/v2\/categories?post=145978"},{"taxonomy":"post_tag","embeddable":true,"href":"https:\/\/buletin.de\/bucuresti\/wp-json\/wp\/v2\/tags?post=145978"},{"taxonomy":"author","embeddable":true,"href":"https:\/\/buletin.de\/bucuresti\/wp-json\/wp\/v2\/ppma_author?post=145978"}],"curies":[{"name":"wp","href":"https:\/\/api.w.org\/{rel}","templated":true}]}}