{"id":145965,"date":"2025-09-01T06:50:51","date_gmt":"2025-09-01T03:50:51","guid":{"rendered":"https:\/\/buletin.de\/bucuresti\/?p=145965"},"modified":"2025-09-01T10:43:26","modified_gmt":"2025-09-01T07:43:26","slug":"19-unitati-de-invatamant-au-fost-avizate-pentru-programul-scoala-dupa-scoala","status":"publish","type":"post","link":"https:\/\/buletin.de\/bucuresti\/19-unitati-de-invatamant-au-fost-avizate-pentru-programul-scoala-dupa-scoala\/","title":{"rendered":"Sector 2 | 19 unit\u0103\u021bi de \u00eenv\u0103\u021b\u0103m\u00e2nt au fost avizate pentru Programul \u201e\u0218coal\u0103 dup\u0103 \u0219coal\u0103\u201d"},"content":{"rendered":"\n<p><strong>Programul \u201e\u0218coal\u0103 dup\u0103 \u0218coal\u0103&#8221; va fi implementat \u00een 19 unit\u0103\u021bi de \u00eenv\u0103\u021b\u0103m\u00e2nt din Sectorul 2, \u00een anul \u0219colar 2025\u20112026. Anul trecut, au intrat \u00een program doar 16 \u0219coli.<\/strong><\/p>\n\n\n\n<p>Toate unit\u0103\u021bile de \u00eenv\u0103\u021b\u0103m\u00e2nt care au dorit s\u0103 participe au primit aviz \u0219i vor oferi elevilor activit\u0103\u021bi educa\u021bionale, creative \u0219i de sprijin, dup\u0103 finalizarea orelor de curs.<\/p>\n\n\n\n<h2 class=\"wp-block-heading\" id=\"h-care-sunt-cele-19-unita\u021bi-de-inva\u021bamant\">Care sunt cele 19 unit\u0103\u021bi de \u00eenv\u0103\u021b\u0103m\u00e2nt<\/h2>\n\n\n\n<ul class=\"wp-block-list\">\n<li>\u0218coala Gimnazial\u0103 nr. 24;<\/li>\n\n\n\n<li>\u0218coala Gimnazial\u0103 nr. 25;<\/li>\n\n\n\n<li>\u0218coala Gimnazial\u0103 nr. 28;<\/li>\n\n\n\n<li>\u0218coala Gimnazial\u0103 nr. 31;<\/li>\n\n\n\n<li>\u0218coala Gimnazial\u0103 nr. 39;<\/li>\n\n\n\n<li>\u0218coala Gimnazial\u0103 nr. 41;<\/li>\n\n\n\n<li>\u0218coala Gimnazial\u0103 nr. 46;<\/li>\n\n\n\n<li>\u0218coala Gimnazial\u0103 nr. 51;<\/li>\n\n\n\n<li>\u0218coala Gimnazial\u0103 nr. 62;<\/li>\n\n\n\n<li>\u0218coala Gimnazial\u0103 nr. 66;<\/li>\n\n\n\n<li>\u0218coala Gimnazial\u0103 nr. 71;<\/li>\n\n\n\n<li>\u0218coala Gimnazial\u0103 nr. 77;<\/li>\n\n\n\n<li>\u0218coala Gimnazial\u0103 nr. 145;<\/li>\n\n\n\n<li>\u0218coala Gimnazial\u0103 Ferdinand I;<\/li>\n\n\n\n<li>\u0218coala Gimnazial\u0103 Maica Domnului;<\/li>\n\n\n\n<li>\u0218coala Gimnazial\u0103 Petre Ghelmez;<\/li>\n\n\n\n<li>\u0218coala Gimnazial\u0103 Sf\u00e2ntul Silvestru;<\/li>\n\n\n\n<li>\u0218coala Gimnazial\u0103 Grigore Ghica Voievod;<\/li>\n\n\n\n<li>Liceul Teoretic Lucian Blaga.<\/li>\n<\/ul>\n\n\n\n<p><strong>CITE\u0218TE \u0218I:<\/strong> <a href=\"https:\/\/buletin.de\/bucuresti\/licitatia-pentru-demolarea-celei-mai-vechi-scoli-a-fost-lansata\/\">Sector 6 | Licita\u021bia pentru demolarea celei mai vechi \u0219coli a fost lansat\u0103. Prim\u0103ria ofer\u0103 250.000 de euro<\/a><\/p>\n\n\n\n<h2 class=\"wp-block-heading\" id=\"h-101-\u0219coli-din-capitala-avizate-pentru-activita\u021bi-in-sistem-\u0219coala-dupa-\u0219coala-lista-completa\">101 \u0219coli din Capital\u0103, avizate pentru activit\u0103\u021bi \u00een sistem \u201e\u0218coal\u0103 dup\u0103 \u0218coal\u0103\u201d. Lista complet\u0103<\/h2>\n\n\n\n<p><strong>101 \u0219coli din Capital\u0103 au primit avizul pentru a desf\u0103\u0219ura activit\u0103\u021bi \u00een sistem \u201e\u0218coal\u0103 dup\u0103 \u0218coal\u0103\u201d, potrivit unui document publicat de c\u0103tre Inspectoratul \u0218colar al Municipiului Bucure\u0219ti (ISMB) \u0219i consultat de Buletin de Bucure\u0219ti. Cele mai multe dintre unit\u0103\u021bi \u00ee\u0219i desf\u0103\u0219oar\u0103 activitatea \u00een Sectorul 3.<\/strong><\/p>\n\n\n\n<p>Dintre acestea, 82 sunt finan\u021bate par\u021bial sau integral cu sprijin din partea consiliilor locale, \u00een timp ce restul de 17 unit\u0103\u021bi beneficiaz\u0103 de finan\u021bare de la Asocia\u021bia de P\u0103rin\u021bi. De asemenea, dou\u0103 unit\u0103\u021bi primesc sprijin din partea unor ONG-uri.<\/p>\n\n\n\n<p>Programul \u00een sistem \u201e\u0218coal\u0103 dup\u0103 \u0218coal\u0103 se adreseaz\u0103 at\u00e2t elevilor din \u00eenv\u0103\u021b\u0103m\u00e2ntul primar, c\u00e2t \u0219i elevilor din \u00eenv\u0103\u021b\u0103m\u00e2ntul secundar, dup\u0103 caz, \u0219i se poate desf\u0103\u015fura \u00eenainte sau dup\u0103 programul \u015fcolar obligatoriu.<\/p>\n\n\n\n<p>\u00cen cadrul \u00eenv\u0103\u021b\u0103m\u00e2ntului primar, programul cuprinde activit\u0103\u021bi de supraveghere \u0219i \u00eendrumare \u00een realizarea temelor, \u00een vreme ce \u00een cadrul ciclului secundar, acesta con\u021bine diferite pachete de activit\u0103\u021bi menite s\u0103 contribuie la dezvoltarea educativ\u0103 a copiilor.<\/p>\n\n\n\n<p>Mai mult,&nbsp;<a href=\"https:\/\/www.edu.ro\/scoala-dupa-scoala\" target=\"_blank\" rel=\"noreferrer noopener\">potrivit<\/a>&nbsp;Ministerului Educa\u021biei campaniile de acest fel se deruleaz\u0103 \u00een grupe de cel mult 12 elevi.<\/p>\n\n\n\n<p><strong>CITE\u0218TE \u0218I:<\/strong> <a href=\"https:\/\/buletin.de\/bucuresti\/sector-2-50-de-lei-pe-luna-pentru-persoanele-care-nu-pot-plati-energia-electrica\/\">Sector 2 | 50 de lei pe lun\u0103 pentru persoanele care nu pot pl\u0103ti energia electric\u0103<\/a><\/p>\n\n\n\n<h2 class=\"wp-block-heading\" id=\"h-lista-completa-cu-cele-101-de-unita\u021bi-de-inva\u021bamant-in-sistem-\u0219coala-dupa-\u0219coala\">Lista complet\u0103 cu cele 101 de unit\u0103\u021bi de \u00eenv\u0103\u021b\u0103m\u00e2nt \u00een sistem \u201e\u0218coal\u0103 dup\u0103 \u0218coal\u0103&#8221;<\/h2>\n\n\n\n<p>Cele 101 unit\u0103\u021bi de \u00eenv\u0103\u021b\u0103m\u00e2nt care au primit avizul necesar pentru derularea acestui program \u00een anul \u0219colar 2025-2026 sunt repartizate \u00een fiecare sector al Bucure\u0219tiului, dup\u0103 cum urmeaz\u0103:<\/p>\n\n\n\n<ul class=\"wp-block-list\">\n<li>\u0218coala Gimnazial\u0103 \u201eSfin\u021bii Voievozi\u201d \u2013 Sector 1<\/li>\n\n\n\n<li>\u0218coala Gimnazial\u0103 \u201eElena V\u0103c\u0103rescu\u201d \u2013 Sector 1<\/li>\n\n\n\n<li>\u0218coala Gimnazial\u0103 nr. 24 \u2013 Sector 2<\/li>\n\n\n\n<li>\u0218coala Gimnazial\u0103 nr. 25 \u2013 Sector 2<\/li>\n\n\n\n<li>\u0218coala Gimnazial\u0103 nr. 28 \u2013 Sector 2<\/li>\n\n\n\n<li>\u0218coala Gimnazial\u0103 nr. 31 \u2013 Sector 2<\/li>\n\n\n\n<li>\u0218coala Gimnazial\u0103 nr. 39 \u2013 Sector 2<\/li>\n\n\n\n<li>\u0218coala Gimnazial\u0103 nr. 46 \u2013 Sector 2<\/li>\n\n\n\n<li>\u0218coala Gimnazial\u0103 nr. 51 \u2013 Sector 2<\/li>\n\n\n\n<li>\u0218coala Gimnazial\u0103 nr. 62 \u2013 Sector 2<\/li>\n\n\n\n<li>\u0218coala Gimnazial\u0103 nr. 66 \u2013 Sector 2<\/li>\n\n\n\n<li>\u0218coala Gimnazial\u0103 nr. 71 \u2013 Sector 2<\/li>\n\n\n\n<li>\u0218coala Gimnazial\u0103 nr. 77 \u2013 Sector 2<\/li>\n\n\n\n<li>\u0218coala Gimnazial\u0103 \u201eGrigore Ghica Voievod\u201d \u2013 Sector 2<\/li>\n\n\n\n<li>\u0218coala Gimnazial\u0103 \u201eMaica Domnului\u201d \u2013 Sector 2<\/li>\n\n\n\n<li>\u0218coala Gimnazial\u0103 \u201ePetre Ghlemez\u201d \u2013 Sector 2<\/li>\n\n\n\n<li>\u0218coala Gimnazial\u0103 \u201eSf\u00e2ntul Silvestru\u201d \u2013 Sector 2<\/li>\n\n\n\n<li>Liceul Teoretic \u201eLucian Blaga\u201d \u2013 Sector 2<\/li>\n\n\n\n<li>\u0218coala Gimnazial\u0103 nr. 20 \u2013 Sector 3<\/li>\n\n\n\n<li>\u0218coala Gimnazial\u0103 nr. 22 \u2013 Sector 3<\/li>\n\n\n\n<li>\u0218coala Gimnazial\u0103 nr. 47 \u2013 Sector 3<\/li>\n\n\n\n<li>\u0218coala Gimnazial\u0103 nr. 54 \u2013 Sector 3<\/li>\n\n\n\n<li>\u0218coala Gimnazial\u0103 nr. 55 \u2013 Sector 3<\/li>\n\n\n\n<li>\u0218coala Gimnazial\u0103 nr. 67 \u2013 Sector 3<\/li>\n\n\n\n<li>\u0218coala Gimnazial\u0103 nr. 80 \u2013 Sector 3<\/li>\n\n\n\n<li>\u0218coala Gimnazial\u0103 nr. 82 \u2013 Sector 3<\/li>\n\n\n\n<li>\u0218coala Gimnazial\u0103 nr. 84 \u2013 Sector 3<\/li>\n\n\n\n<li>\u0218coala Gimnazial\u0103 nr. 86 \u2013 Sector 3<\/li>\n\n\n\n<li>\u0218coala Gimnazial\u0103 nr. 88 \u2013 Sector 3<\/li>\n\n\n\n<li>\u0218coala Gimnazial\u0103 nr. 92 \u2013 Sector 3<\/li>\n\n\n\n<li>\u0218coala Gimnazial\u0103 nr. 95 \u2013 Sector 3<\/li>\n\n\n\n<li>\u0218coala Gimnazial\u0103 nr. 112 \u2013 Sector 3<\/li>\n\n\n\n<li>\u0218coala Gimnazial\u0103 nr. 116 \u2013 Sector 3<\/li>\n\n\n\n<li>\u0218coala Gimnazial\u0103 nr. 149 \u2013 Sector 3<\/li>\n\n\n\n<li>\u0218coala Gimnazial\u0103 nr. 195 \u2013 Sector 3<\/li>\n\n\n\n<li>\u0218coala Gimnazial\u0103 nr. 200 \u2013 Sector 3<\/li>\n\n\n\n<li>\u0218coala Gimnazial\u0103 \u201eLeonardo Da Vinci\u201d \u2013 Sector 3<\/li>\n\n\n\n<li>\u0218coala Gimnazial\u0103 \u201eCezar Bolliac\u201d \u2013 Sector 3<\/li>\n\n\n\n<li>\u0218coala Gimnazial\u0103 \u201eFrederico Garcia Lorca\u201d \u2013 Sector 3<\/li>\n\n\n\n<li>\u0218coala Gimnazial\u0103 \u201eLiviu Rebreanu\u201d \u2013 Sector 3<\/li>\n\n\n\n<li>\u0218coala Gimnazial\u0103 \u201eMihai Botez\u201d \u2013 Sector 3<\/li>\n\n\n\n<li>Liceul Teoretic \u201eNichita St\u0103nescu\u201d \u2013 Sector 3<\/li>\n\n\n\n<li>Liceul Teoretic \u201eDecebal\u201d \u2013 Sector 3<\/li>\n\n\n\n<li>Liceul Teoretic \u201eDante Aligheri\u201d \u2013 Sector 3<\/li>\n\n\n\n<li>Liceul Teoretic \u201eAl. I. Cuza\u201d \u2013 Sector 3<\/li>\n\n\n\n<li>Liceul Tehnologic \u201eDragomir Hurmuzescu\u201d \u2013 Sector 3<\/li>\n\n\n\n<li>\u0218coala Gimnazial\u0103 nr. 108 \u2013 Sector 4<\/li>\n\n\n\n<li>\u0218coala Gimnazial\u0103 nr. 119 \u2013 Sector 4<\/li>\n\n\n\n<li>\u0218coala Gimnazial\u0103 nr. 129 \u2013 Sector 4<\/li>\n\n\n\n<li>\u0218coala Gimnazial\u0103 nr. 165 \u2013 Sector 4<\/li>\n\n\n\n<li>\u0218coala Gimnazial\u0103 nr. 189 \u2013 Sector 4<\/li>\n\n\n\n<li>\u0218coala Gimnazial\u0103 nr. 194 \u2013 Sector 4<\/li>\n\n\n\n<li>\u0218coala Gimnazial\u0103 \u201eEmil Racovi\u021b\u0103\u201d \u2013 Sector 4<\/li>\n\n\n\n<li>\u0218coala Gimnazial\u0103 \u201eGeorge Bacovia\u201d \u2013 Sector 4<\/li>\n\n\n\n<li>\u0218coala Gimnazial\u0103 \u201eEremia Grigorescu\u201d \u2013 Sector 4<\/li>\n\n\n\n<li>\u0218coala Gimnazial\u0103 \u201eIenechi\u021b\u0103 V\u0103c\u0103rescu\u201d \u2013 Sector 4<\/li>\n\n\n\n<li>\u0218coala Gimnazial\u0103 nr. 308 \u2013 Sector 4<\/li>\n\n\n\n<li>Colegiul Romano-Catolic \u201eSf\u00e2ntul Iosif\u201d \u2013 Sector 4<\/li>\n\n\n\n<li>\u0218coala Gimnazial\u0103 nr. 2 \u2013 Sector 5<\/li>\n\n\n\n<li>\u0218coala Gimnazial\u0103 nr. 103 \u2013 Sector 5<\/li>\n\n\n\n<li>\u0218coala Gimnazial\u0103 nr. 115 \u2013 Sector 5<\/li>\n\n\n\n<li>\u0218coala Gimnazial\u0103 nr. 125 \u2013 Sector 5<\/li>\n\n\n\n<li>\u0218coala Gimnazial\u0103 nr. 126 \u2013 Sector 5<\/li>\n\n\n\n<li>\u0218coala Gimnazial\u0103 nr. 127 \u2013 Sector 5<\/li>\n\n\n\n<li>\u0218coala Gimnazial\u0103 nr. 128 \u2013 Sector 5<\/li>\n\n\n\n<li>\u0218coala Gimnazial\u0103 nr. 134 \u2013 Sector 5<\/li>\n\n\n\n<li>\u0218coala Gimnazial\u0103 nr. 136 \u2013 Sector 5<\/li>\n\n\n\n<li>\u0218coala Gimnazial\u0103 \u201eMircea S\u00e2ntimbreanu\u201d \u2013 Sector 5<\/li>\n\n\n\n<li>\u0218coala Gimnazial\u0103 nr. 143 \u2013 Sector 5<\/li>\n\n\n\n<li>\u0218coala Gimnazial\u0103 nr. 188 \u2013 Sector 5<\/li>\n\n\n\n<li>\u0218coala Gimnazial\u0103 \u201ePetrache Poenaru\u201d \u2013 Sector 5<\/li>\n\n\n\n<li>\u0218coala Gimnazial\u0103 \u201eIon I. C. Br\u0103tianu\u201d \u2013 Sector 5<\/li>\n\n\n\n<li>\u0218coala Gimnazial\u0103 \u201ePrincipesa Margareta\u201d \u2013 Sector 5<\/li>\n\n\n\n<li>\u0218coala Gimnazial\u0103 \u201eGeorge C\u0103linescu\u201d \u2013 Sector 5<\/li>\n\n\n\n<li>\u0218coala Gimnazial\u0103 \u201eGrigore Tocilescu\u201d \u2013 Sector 5<\/li>\n\n\n\n<li>\u0218coala Gimnazial\u0103 nr. 59 \u2013 Sector 6<\/li>\n\n\n\n<li>\u0218coala Gimnazial\u0103 nr. 142 \u2013 Sector 6<\/li>\n\n\n\n<li>\u0218coala Gimnazial\u0103 nr. 153 \u2013 Sector 6<\/li>\n\n\n\n<li>\u0218coala Gimnazial\u0103 nr. 161 \u2013 Sector 6<\/li>\n\n\n\n<li>\u0218coala Gimnazial\u0103 nr. 163 \u2013 Sector 6<\/li>\n\n\n\n<li>\u0218coala Gimnazial\u0103 nr. 167 \u2013 Sector 6<\/li>\n\n\n\n<li>\u0218coala Gimnazial\u0103 nr. 168 \u2013 Sector 6<\/li>\n\n\n\n<li>\u0218coala Gimnazial\u0103 nr. 169 \u2013 Sector 6<\/li>\n\n\n\n<li>\u0218coala Gimnazial\u0103 nr. 197 \u2013 Sector 6<\/li>\n\n\n\n<li>\u0218coala Gimnazial\u0103 nr. 206 \u2013 Sector 6<\/li>\n\n\n\n<li>\u0218coala Gimnazial\u0103 nr. 279 \u2013 Sector 6<\/li>\n\n\n\n<li>\u0218coala Gimnazial\u0103 nr. 311 \u2013 Sector 6<\/li>\n\n\n\n<li>\u0218coala Gimnazial\u0103 \u201eSf\u00e2ntul Andrei\u201d \u2013 Sector 6<\/li>\n\n\n\n<li>\u0218coala Gimnazial\u0103 \u201eSfin\u021bii Constantin \u0219i Elena\u201d \u2013 Sector 6<\/li>\n\n\n\n<li>\u0218coala Gimnazial\u0103 \u201eAdrian P\u0103unescu\u201d \u2013 Sector 6<\/li>\n\n\n\n<li>\u0218coala Gimnazial\u0103 \u201eIon Dumitriu\u201d \u2013 Sector 6<\/li>\n\n\n\n<li>\u0218coala Gimnazial\u0103 \u201eOrizont\u201d \u2013 Sector 6<\/li>\n\n\n\n<li>\u0218coala Gimnazial\u0103 \u201eCalinic de la Cernica\u201d \u2013 Sector 6<\/li>\n\n\n\n<li>\u0218coala Gimnazial\u0103 \u201eRegele Mihai I\u201d \u2013 Sector 6<\/li>\n\n\n\n<li>Liceul Teoretic \u201eEugen Lovinescu\u201d \u2013 Sector 6<\/li>\n\n\n\n<li>Liceul Teoretic \u201eMarin Preda\u201d \u2013 Sector 6<\/li>\n\n\n\n<li>Colegiul Tehnic \u201eIuliu Maniu\u201d \u2013 Sector 6<\/li>\n\n\n\n<li>Colegiul Tehnic \u201eGheorghe Asachi\u201d \u2013 Sector 6<\/li>\n\n\n\n<li>Colegiul Tehnic de Po\u0219t\u0103 \u0219i Telecomunica\u021bii \u201eGh. Airinei\u201d \u2013 Sector 6<\/li>\n\n\n\n<li>Liceul Tehnologic \u201eAntim Ivireanul\u201d \u2013 Sector 6<\/li>\n\n\n\n<li>Liceul cu Program Sportiv \u201eMircea Eliade\u201d \u2013 Sector 6<\/li>\n<\/ul>\n\n\n\n<p>Lista unit\u0103\u021bilor c\u00e2t \u0219i detalii despre ciclurile de \u00eenv\u0103\u021b\u0103m\u00e2nt pentru care programul se desf\u0103\u0219oar\u0103 poate fi consultat\u0103&nbsp;<a href=\"http:\/\/ismb.edu.ro\/documente\/Ed_permanenta\/2025\/SDS_2025_2026_.pdf\" target=\"_blank\" rel=\"noreferrer noopener\">aici<\/a>.<\/p>\n\n\n\n<p><strong>CITE\u0218TE \u0218I:<\/strong> <a href=\"https:\/\/buletin.de\/bucuresti\/cearta-aprinsa-intre-consilierii-din-sectorul-2-pe-tema-dictatorului-din-parcul-tei-ambasada-azerbaidjanului-finanteaza-reabilitarea\/\">Ceart\u0103 aprins\u0103 \u00eentre consilierii din Sectorul 2 pe tema \u201edictatorului din Parcul Tei\u201d. Ambasada Azerbaijanului finan\u021beaz\u0103 reabilitarea bustului fostului \u0219ef KGB<\/a><\/p>\n\n\n\n<p><\/p>\n","protected":false},"excerpt":{"rendered":"<p>Programul \u201e\u0218coal\u0103 dup\u0103 \u0218coal\u0103&#8221; va fi implementat \u00een 19 unit\u0103\u021bi de \u00eenv\u0103\u021b\u0103m\u00e2nt din Sectorul 2, \u00een anul \u0219colar 2025\u20112026. Anul trecut, au intrat \u00een program doar 16 \u0219coli. Toate unit\u0103\u021bile de \u00eenv\u0103\u021b\u0103m\u00e2nt care au dorit s\u0103 participe au primit aviz \u0219i vor oferi elevilor activit\u0103\u021bi educa\u021bionale, creative \u0219i de sprijin, dup\u0103 finalizarea orelor de curs. [&hellip;]<\/p>\n","protected":false},"author":49,"featured_media":145967,"comment_status":"closed","ping_status":"open","sticky":false,"template":"","format":"standard","meta":{"_acf_changed":false,"inline_featured_image":false,"ngg_post_thumbnail":0,"footnotes":""},"categories":[6994,62],"tags":[3427,23556,23554,23555,229],"ppma_author":[22574],"class_list":["post-145965","post","type-post","status-publish","format-standard","has-post-thumbnail","hentry","category-stiri-2","category-stiri","tag-scoala-dupa-scoala","tag-scoala-gimnaziala-nr-145","tag-scoala-gimnaziala-nr-25","tag-scoala-gimnaziala-nr-77","tag-sector-2"],"acf":[],"yoast_head":"<!-- This site is optimized with the Yoast SEO Premium plugin v25.3 (Yoast SEO v27.5) - https:\/\/yoast.com\/product\/yoast-seo-premium-wordpress\/ -->\n<title>Sector 2 | 19 unit\u0103\u021bi de \u00eenv\u0103\u021b\u0103m\u00e2nt au fost avizate pentru Programul \u201e\u0218coal\u0103 dup\u0103 \u0219coal\u0103\u201d - Buletin de Bucure\u0219ti<\/title>\n<meta name=\"description\" content=\"Programul \u201e\u0218coal\u0103 dup\u0103 \u0218coal\u0103&quot; va fi implementat \u00een 19 unit\u0103\u021bi de \u00eenv\u0103\u021b\u0103m\u00e2nt din Sectorul 2, \u00een anul \u0219colar 2025\u20112026.\" \/>\n<meta name=\"robots\" content=\"index, follow, max-snippet:-1, max-image-preview:large, max-video-preview:-1\" \/>\n<link rel=\"canonical\" href=\"https:\/\/buletin.de\/bucuresti\/19-unitati-de-invatamant-au-fost-avizate-pentru-programul-scoala-dupa-scoala\/\" \/>\n<meta property=\"og:locale\" content=\"en_GB\" \/>\n<meta property=\"og:type\" content=\"article\" \/>\n<meta property=\"og:title\" content=\"Sector 2 | 19 unit\u0103\u021bi de \u00eenv\u0103\u021b\u0103m\u00e2nt au fost avizate pentru Programul \u201e\u0218coal\u0103 dup\u0103 \u0219coal\u0103\u201d\" \/>\n<meta property=\"og:description\" content=\"Programul \u201e\u0218coal\u0103 dup\u0103 \u0218coal\u0103&quot; va fi implementat \u00een 19 unit\u0103\u021bi de \u00eenv\u0103\u021b\u0103m\u00e2nt din Sectorul 2, \u00een anul \u0219colar 2025\u20112026.\" \/>\n<meta property=\"og:url\" content=\"https:\/\/buletin.de\/bucuresti\/19-unitati-de-invatamant-au-fost-avizate-pentru-programul-scoala-dupa-scoala\/\" \/>\n<meta property=\"og:site_name\" content=\"Buletin de Bucure\u0219ti\" \/>\n<meta property=\"article:publisher\" content=\"https:\/\/www.facebook.com\/buletin.de.buc\" \/>\n<meta property=\"article:published_time\" content=\"2025-09-01T03:50:51+00:00\" \/>\n<meta property=\"article:modified_time\" content=\"2025-09-01T07:43:26+00:00\" \/>\n<meta property=\"og:image\" content=\"https:\/\/buletin.de\/bucuresti\/wp-content\/uploads\/2025\/08\/scoala-dupa-scoala-1.jpg\" \/>\n\t<meta property=\"og:image:width\" content=\"1200\" \/>\n\t<meta property=\"og:image:height\" content=\"675\" \/>\n\t<meta property=\"og:image:type\" content=\"image\/jpeg\" \/>\n<meta name=\"author\" content=\"Diana Matei\" \/>\n<meta name=\"twitter:card\" content=\"summary_large_image\" \/>\n<meta name=\"twitter:label1\" content=\"Written by\" \/>\n\t<meta name=\"twitter:data1\" content=\"Diana Matei\" \/>\n\t<meta name=\"twitter:label2\" content=\"Estimated reading time\" \/>\n\t<meta name=\"twitter:data2\" content=\"5 minutes\" \/>\n<script type=\"application\/ld+json\" class=\"yoast-schema-graph\">{\"@context\":\"https:\\\/\\\/schema.org\",\"@graph\":[{\"@type\":\"Article\",\"@id\":\"https:\\\/\\\/buletin.de\\\/bucuresti\\\/19-unitati-de-invatamant-au-fost-avizate-pentru-programul-scoala-dupa-scoala\\\/#article\",\"isPartOf\":{\"@id\":\"https:\\\/\\\/buletin.de\\\/bucuresti\\\/19-unitati-de-invatamant-au-fost-avizate-pentru-programul-scoala-dupa-scoala\\\/\"},\"author\":{\"name\":\"Diana Matei\",\"@id\":\"https:\\\/\\\/buletin.de\\\/bucuresti\\\/#\\\/schema\\\/person\\\/7e46040573290777280a0835d81ea4ea\"},\"headline\":\"Sector 2 | 19 unit\u0103\u021bi de \u00eenv\u0103\u021b\u0103m\u00e2nt au fost avizate pentru Programul \u201e\u0218coal\u0103 dup\u0103 \u0219coal\u0103\u201d\",\"datePublished\":\"2025-09-01T03:50:51+00:00\",\"dateModified\":\"2025-09-01T07:43:26+00:00\",\"mainEntityOfPage\":{\"@id\":\"https:\\\/\\\/buletin.de\\\/bucuresti\\\/19-unitati-de-invatamant-au-fost-avizate-pentru-programul-scoala-dupa-scoala\\\/\"},\"wordCount\":964,\"publisher\":{\"@id\":\"https:\\\/\\\/buletin.de\\\/bucuresti\\\/#organization\"},\"image\":{\"@id\":\"https:\\\/\\\/buletin.de\\\/bucuresti\\\/19-unitati-de-invatamant-au-fost-avizate-pentru-programul-scoala-dupa-scoala\\\/#primaryimage\"},\"thumbnailUrl\":\"https:\\\/\\\/buletin.de\\\/bucuresti\\\/wp-content\\\/uploads\\\/2025\\\/08\\\/scoala-dupa-scoala-1.jpg\",\"keywords\":[\"scoala dupa scoala\",\"\u0218coala Gimnazial\u0103 nr. 145\",\"\u0218coala Gimnazial\u0103 nr. 25\",\"\u0218coala Gimnazial\u0103 nr. 77\",\"Sector 2\"],\"articleSection\":[\"Articole\",\"\u0218tiri\"],\"inLanguage\":\"en-GB\",\"copyrightYear\":\"2025\",\"copyrightHolder\":{\"@id\":\"https:\\\/\\\/buletin.de\\\/bucuresti\\\/#organization\"}},{\"@type\":\"WebPage\",\"@id\":\"https:\\\/\\\/buletin.de\\\/bucuresti\\\/19-unitati-de-invatamant-au-fost-avizate-pentru-programul-scoala-dupa-scoala\\\/\",\"url\":\"https:\\\/\\\/buletin.de\\\/bucuresti\\\/19-unitati-de-invatamant-au-fost-avizate-pentru-programul-scoala-dupa-scoala\\\/\",\"name\":\"Sector 2 | 19 unit\u0103\u021bi de \u00eenv\u0103\u021b\u0103m\u00e2nt au fost avizate pentru Programul \u201e\u0218coal\u0103 dup\u0103 \u0219coal\u0103\u201d - Buletin de Bucure\u0219ti\",\"isPartOf\":{\"@id\":\"https:\\\/\\\/buletin.de\\\/bucuresti\\\/#website\"},\"primaryImageOfPage\":{\"@id\":\"https:\\\/\\\/buletin.de\\\/bucuresti\\\/19-unitati-de-invatamant-au-fost-avizate-pentru-programul-scoala-dupa-scoala\\\/#primaryimage\"},\"image\":{\"@id\":\"https:\\\/\\\/buletin.de\\\/bucuresti\\\/19-unitati-de-invatamant-au-fost-avizate-pentru-programul-scoala-dupa-scoala\\\/#primaryimage\"},\"thumbnailUrl\":\"https:\\\/\\\/buletin.de\\\/bucuresti\\\/wp-content\\\/uploads\\\/2025\\\/08\\\/scoala-dupa-scoala-1.jpg\",\"datePublished\":\"2025-09-01T03:50:51+00:00\",\"dateModified\":\"2025-09-01T07:43:26+00:00\",\"description\":\"Programul \u201e\u0218coal\u0103 dup\u0103 \u0218coal\u0103\\\" va fi implementat \u00een 19 unit\u0103\u021bi de \u00eenv\u0103\u021b\u0103m\u00e2nt din Sectorul 2, \u00een anul \u0219colar 2025\u20112026.\",\"breadcrumb\":{\"@id\":\"https:\\\/\\\/buletin.de\\\/bucuresti\\\/19-unitati-de-invatamant-au-fost-avizate-pentru-programul-scoala-dupa-scoala\\\/#breadcrumb\"},\"inLanguage\":\"en-GB\",\"potentialAction\":[{\"@type\":\"ReadAction\",\"target\":[\"https:\\\/\\\/buletin.de\\\/bucuresti\\\/19-unitati-de-invatamant-au-fost-avizate-pentru-programul-scoala-dupa-scoala\\\/\"]}]},{\"@type\":\"ImageObject\",\"inLanguage\":\"en-GB\",\"@id\":\"https:\\\/\\\/buletin.de\\\/bucuresti\\\/19-unitati-de-invatamant-au-fost-avizate-pentru-programul-scoala-dupa-scoala\\\/#primaryimage\",\"url\":\"https:\\\/\\\/buletin.de\\\/bucuresti\\\/wp-content\\\/uploads\\\/2025\\\/08\\\/scoala-dupa-scoala-1.jpg\",\"contentUrl\":\"https:\\\/\\\/buletin.de\\\/bucuresti\\\/wp-content\\\/uploads\\\/2025\\\/08\\\/scoala-dupa-scoala-1.jpg\",\"width\":1200,\"height\":675,\"caption\":\"Sector 2 | 19 unit\u0103\u021bi de \u00eenv\u0103\u021b\u0103m\u00e2nt au fost avizate pentru Programul \u201e\u0218coal\u0103 dup\u0103 \u0219coal\u0103\u201d. FOTO: Arhiva\"},{\"@type\":\"BreadcrumbList\",\"@id\":\"https:\\\/\\\/buletin.de\\\/bucuresti\\\/19-unitati-de-invatamant-au-fost-avizate-pentru-programul-scoala-dupa-scoala\\\/#breadcrumb\",\"itemListElement\":[{\"@type\":\"ListItem\",\"position\":1,\"name\":\"Acas\u0103\",\"item\":\"https:\\\/\\\/buletin.de\\\/bucuresti\\\/\"},{\"@type\":\"ListItem\",\"position\":2,\"name\":\"Sector 2 | 19 unit\u0103\u021bi de \u00eenv\u0103\u021b\u0103m\u00e2nt au fost avizate pentru Programul \u201e\u0218coal\u0103 dup\u0103 \u0219coal\u0103\u201d\"}]},{\"@type\":\"WebSite\",\"@id\":\"https:\\\/\\\/buletin.de\\\/bucuresti\\\/#website\",\"url\":\"https:\\\/\\\/buletin.de\\\/bucuresti\\\/\",\"name\":\"Buletin de Bucure\u0219ti\",\"description\":\"\u0218tiri \u0219i investiga\u021bii esen\u021biale din capital\u0103\",\"publisher\":{\"@id\":\"https:\\\/\\\/buletin.de\\\/bucuresti\\\/#organization\"},\"potentialAction\":[{\"@type\":\"SearchAction\",\"target\":{\"@type\":\"EntryPoint\",\"urlTemplate\":\"https:\\\/\\\/buletin.de\\\/bucuresti\\\/?s={search_term_string}\"},\"query-input\":{\"@type\":\"PropertyValueSpecification\",\"valueRequired\":true,\"valueName\":\"search_term_string\"}}],\"inLanguage\":\"en-GB\"},{\"@type\":\"Organization\",\"@id\":\"https:\\\/\\\/buletin.de\\\/bucuresti\\\/#organization\",\"name\":\"Buletin de Bucure\u0219ti\",\"url\":\"https:\\\/\\\/buletin.de\\\/bucuresti\\\/\",\"logo\":{\"@type\":\"ImageObject\",\"inLanguage\":\"en-GB\",\"@id\":\"https:\\\/\\\/buletin.de\\\/bucuresti\\\/#\\\/schema\\\/logo\\\/image\\\/\",\"url\":\"https:\\\/\\\/buletin.de\\\/bucuresti\\\/wp-content\\\/uploads\\\/logo-bdb-full-wide-vernil-transparent.png\",\"contentUrl\":\"https:\\\/\\\/buletin.de\\\/bucuresti\\\/wp-content\\\/uploads\\\/logo-bdb-full-wide-vernil-transparent.png\",\"width\":1782,\"height\":626,\"caption\":\"Buletin de Bucure\u0219ti\"},\"image\":{\"@id\":\"https:\\\/\\\/buletin.de\\\/bucuresti\\\/#\\\/schema\\\/logo\\\/image\\\/\"},\"sameAs\":[\"https:\\\/\\\/www.facebook.com\\\/buletin.de.buc\",\"https:\\\/\\\/www.instagram.com\\\/buletinde.bucuresti\\\/\"]},{\"@type\":\"Person\",\"@id\":\"https:\\\/\\\/buletin.de\\\/bucuresti\\\/#\\\/schema\\\/person\\\/7e46040573290777280a0835d81ea4ea\",\"name\":\"Diana Matei\",\"image\":{\"@type\":\"ImageObject\",\"inLanguage\":\"en-GB\",\"@id\":\"https:\\\/\\\/buletin.de\\\/bucuresti\\\/wp-content\\\/uploads\\\/9-2-96x96.jpg1e8590b30871d70e62ebcdaf2eff570c\",\"url\":\"https:\\\/\\\/buletin.de\\\/bucuresti\\\/wp-content\\\/uploads\\\/9-2-96x96.jpg\",\"contentUrl\":\"https:\\\/\\\/buletin.de\\\/bucuresti\\\/wp-content\\\/uploads\\\/9-2-96x96.jpg\",\"caption\":\"Diana Matei\"},\"url\":\"https:\\\/\\\/buletin.de\\\/bucuresti\\\/author\\\/dianamatei\\\/\"}]}<\/script>\n<!-- \/ Yoast SEO Premium plugin. -->","yoast_head_json":{"title":"Sector 2 | 19 unit\u0103\u021bi de \u00eenv\u0103\u021b\u0103m\u00e2nt au fost avizate pentru Programul \u201e\u0218coal\u0103 dup\u0103 \u0219coal\u0103\u201d - Buletin de Bucure\u0219ti","description":"Programul \u201e\u0218coal\u0103 dup\u0103 \u0218coal\u0103\" va fi implementat \u00een 19 unit\u0103\u021bi de \u00eenv\u0103\u021b\u0103m\u00e2nt din Sectorul 2, \u00een anul \u0219colar 2025\u20112026.","robots":{"index":"index","follow":"follow","max-snippet":"max-snippet:-1","max-image-preview":"max-image-preview:large","max-video-preview":"max-video-preview:-1"},"canonical":"https:\/\/buletin.de\/bucuresti\/19-unitati-de-invatamant-au-fost-avizate-pentru-programul-scoala-dupa-scoala\/","og_locale":"en_GB","og_type":"article","og_title":"Sector 2 | 19 unit\u0103\u021bi de \u00eenv\u0103\u021b\u0103m\u00e2nt au fost avizate pentru Programul \u201e\u0218coal\u0103 dup\u0103 \u0219coal\u0103\u201d","og_description":"Programul \u201e\u0218coal\u0103 dup\u0103 \u0218coal\u0103\" va fi implementat \u00een 19 unit\u0103\u021bi de \u00eenv\u0103\u021b\u0103m\u00e2nt din Sectorul 2, \u00een anul \u0219colar 2025\u20112026.","og_url":"https:\/\/buletin.de\/bucuresti\/19-unitati-de-invatamant-au-fost-avizate-pentru-programul-scoala-dupa-scoala\/","og_site_name":"Buletin de Bucure\u0219ti","article_publisher":"https:\/\/www.facebook.com\/buletin.de.buc","article_published_time":"2025-09-01T03:50:51+00:00","article_modified_time":"2025-09-01T07:43:26+00:00","og_image":[{"width":1200,"height":675,"url":"https:\/\/buletin.de\/bucuresti\/wp-content\/uploads\/2025\/08\/scoala-dupa-scoala-1.jpg","type":"image\/jpeg"}],"author":"Diana Matei","twitter_card":"summary_large_image","twitter_misc":{"Written by":"Diana Matei","Estimated reading time":"5 minutes"},"schema":{"@context":"https:\/\/schema.org","@graph":[{"@type":"Article","@id":"https:\/\/buletin.de\/bucuresti\/19-unitati-de-invatamant-au-fost-avizate-pentru-programul-scoala-dupa-scoala\/#article","isPartOf":{"@id":"https:\/\/buletin.de\/bucuresti\/19-unitati-de-invatamant-au-fost-avizate-pentru-programul-scoala-dupa-scoala\/"},"author":{"name":"Diana Matei","@id":"https:\/\/buletin.de\/bucuresti\/#\/schema\/person\/7e46040573290777280a0835d81ea4ea"},"headline":"Sector 2 | 19 unit\u0103\u021bi de \u00eenv\u0103\u021b\u0103m\u00e2nt au fost avizate pentru Programul \u201e\u0218coal\u0103 dup\u0103 \u0219coal\u0103\u201d","datePublished":"2025-09-01T03:50:51+00:00","dateModified":"2025-09-01T07:43:26+00:00","mainEntityOfPage":{"@id":"https:\/\/buletin.de\/bucuresti\/19-unitati-de-invatamant-au-fost-avizate-pentru-programul-scoala-dupa-scoala\/"},"wordCount":964,"publisher":{"@id":"https:\/\/buletin.de\/bucuresti\/#organization"},"image":{"@id":"https:\/\/buletin.de\/bucuresti\/19-unitati-de-invatamant-au-fost-avizate-pentru-programul-scoala-dupa-scoala\/#primaryimage"},"thumbnailUrl":"https:\/\/buletin.de\/bucuresti\/wp-content\/uploads\/2025\/08\/scoala-dupa-scoala-1.jpg","keywords":["scoala dupa scoala","\u0218coala Gimnazial\u0103 nr. 145","\u0218coala Gimnazial\u0103 nr. 25","\u0218coala Gimnazial\u0103 nr. 77","Sector 2"],"articleSection":["Articole","\u0218tiri"],"inLanguage":"en-GB","copyrightYear":"2025","copyrightHolder":{"@id":"https:\/\/buletin.de\/bucuresti\/#organization"}},{"@type":"WebPage","@id":"https:\/\/buletin.de\/bucuresti\/19-unitati-de-invatamant-au-fost-avizate-pentru-programul-scoala-dupa-scoala\/","url":"https:\/\/buletin.de\/bucuresti\/19-unitati-de-invatamant-au-fost-avizate-pentru-programul-scoala-dupa-scoala\/","name":"Sector 2 | 19 unit\u0103\u021bi de \u00eenv\u0103\u021b\u0103m\u00e2nt au fost avizate pentru Programul \u201e\u0218coal\u0103 dup\u0103 \u0219coal\u0103\u201d - Buletin de Bucure\u0219ti","isPartOf":{"@id":"https:\/\/buletin.de\/bucuresti\/#website"},"primaryImageOfPage":{"@id":"https:\/\/buletin.de\/bucuresti\/19-unitati-de-invatamant-au-fost-avizate-pentru-programul-scoala-dupa-scoala\/#primaryimage"},"image":{"@id":"https:\/\/buletin.de\/bucuresti\/19-unitati-de-invatamant-au-fost-avizate-pentru-programul-scoala-dupa-scoala\/#primaryimage"},"thumbnailUrl":"https:\/\/buletin.de\/bucuresti\/wp-content\/uploads\/2025\/08\/scoala-dupa-scoala-1.jpg","datePublished":"2025-09-01T03:50:51+00:00","dateModified":"2025-09-01T07:43:26+00:00","description":"Programul \u201e\u0218coal\u0103 dup\u0103 \u0218coal\u0103\" va fi implementat \u00een 19 unit\u0103\u021bi de \u00eenv\u0103\u021b\u0103m\u00e2nt din Sectorul 2, \u00een anul \u0219colar 2025\u20112026.","breadcrumb":{"@id":"https:\/\/buletin.de\/bucuresti\/19-unitati-de-invatamant-au-fost-avizate-pentru-programul-scoala-dupa-scoala\/#breadcrumb"},"inLanguage":"en-GB","potentialAction":[{"@type":"ReadAction","target":["https:\/\/buletin.de\/bucuresti\/19-unitati-de-invatamant-au-fost-avizate-pentru-programul-scoala-dupa-scoala\/"]}]},{"@type":"ImageObject","inLanguage":"en-GB","@id":"https:\/\/buletin.de\/bucuresti\/19-unitati-de-invatamant-au-fost-avizate-pentru-programul-scoala-dupa-scoala\/#primaryimage","url":"https:\/\/buletin.de\/bucuresti\/wp-content\/uploads\/2025\/08\/scoala-dupa-scoala-1.jpg","contentUrl":"https:\/\/buletin.de\/bucuresti\/wp-content\/uploads\/2025\/08\/scoala-dupa-scoala-1.jpg","width":1200,"height":675,"caption":"Sector 2 | 19 unit\u0103\u021bi de \u00eenv\u0103\u021b\u0103m\u00e2nt au fost avizate pentru Programul \u201e\u0218coal\u0103 dup\u0103 \u0219coal\u0103\u201d. FOTO: Arhiva"},{"@type":"BreadcrumbList","@id":"https:\/\/buletin.de\/bucuresti\/19-unitati-de-invatamant-au-fost-avizate-pentru-programul-scoala-dupa-scoala\/#breadcrumb","itemListElement":[{"@type":"ListItem","position":1,"name":"Acas\u0103","item":"https:\/\/buletin.de\/bucuresti\/"},{"@type":"ListItem","position":2,"name":"Sector 2 | 19 unit\u0103\u021bi de \u00eenv\u0103\u021b\u0103m\u00e2nt au fost avizate pentru Programul \u201e\u0218coal\u0103 dup\u0103 \u0219coal\u0103\u201d"}]},{"@type":"WebSite","@id":"https:\/\/buletin.de\/bucuresti\/#website","url":"https:\/\/buletin.de\/bucuresti\/","name":"Buletin de Bucure\u0219ti","description":"\u0218tiri \u0219i investiga\u021bii esen\u021biale din capital\u0103","publisher":{"@id":"https:\/\/buletin.de\/bucuresti\/#organization"},"potentialAction":[{"@type":"SearchAction","target":{"@type":"EntryPoint","urlTemplate":"https:\/\/buletin.de\/bucuresti\/?s={search_term_string}"},"query-input":{"@type":"PropertyValueSpecification","valueRequired":true,"valueName":"search_term_string"}}],"inLanguage":"en-GB"},{"@type":"Organization","@id":"https:\/\/buletin.de\/bucuresti\/#organization","name":"Buletin de Bucure\u0219ti","url":"https:\/\/buletin.de\/bucuresti\/","logo":{"@type":"ImageObject","inLanguage":"en-GB","@id":"https:\/\/buletin.de\/bucuresti\/#\/schema\/logo\/image\/","url":"https:\/\/buletin.de\/bucuresti\/wp-content\/uploads\/logo-bdb-full-wide-vernil-transparent.png","contentUrl":"https:\/\/buletin.de\/bucuresti\/wp-content\/uploads\/logo-bdb-full-wide-vernil-transparent.png","width":1782,"height":626,"caption":"Buletin de Bucure\u0219ti"},"image":{"@id":"https:\/\/buletin.de\/bucuresti\/#\/schema\/logo\/image\/"},"sameAs":["https:\/\/www.facebook.com\/buletin.de.buc","https:\/\/www.instagram.com\/buletinde.bucuresti\/"]},{"@type":"Person","@id":"https:\/\/buletin.de\/bucuresti\/#\/schema\/person\/7e46040573290777280a0835d81ea4ea","name":"Diana Matei","image":{"@type":"ImageObject","inLanguage":"en-GB","@id":"https:\/\/buletin.de\/bucuresti\/wp-content\/uploads\/9-2-96x96.jpg1e8590b30871d70e62ebcdaf2eff570c","url":"https:\/\/buletin.de\/bucuresti\/wp-content\/uploads\/9-2-96x96.jpg","contentUrl":"https:\/\/buletin.de\/bucuresti\/wp-content\/uploads\/9-2-96x96.jpg","caption":"Diana Matei"},"url":"https:\/\/buletin.de\/bucuresti\/author\/dianamatei\/"}]}},"authors":[{"term_id":22574,"user_id":49,"is_guest":0,"slug":"dianamatei","display_name":"Diana Matei","avatar_url":"https:\/\/buletin.de\/bucuresti\/wp-content\/uploads\/9-2-96x96.jpg","0":null,"1":"","2":"","3":"","4":"","5":"","6":"","7":"","8":""}],"_links":{"self":[{"href":"https:\/\/buletin.de\/bucuresti\/wp-json\/wp\/v2\/posts\/145965","targetHints":{"allow":["GET"]}}],"collection":[{"href":"https:\/\/buletin.de\/bucuresti\/wp-json\/wp\/v2\/posts"}],"about":[{"href":"https:\/\/buletin.de\/bucuresti\/wp-json\/wp\/v2\/types\/post"}],"author":[{"embeddable":true,"href":"https:\/\/buletin.de\/bucuresti\/wp-json\/wp\/v2\/users\/49"}],"replies":[{"embeddable":true,"href":"https:\/\/buletin.de\/bucuresti\/wp-json\/wp\/v2\/comments?post=145965"}],"version-history":[{"count":2,"href":"https:\/\/buletin.de\/bucuresti\/wp-json\/wp\/v2\/posts\/145965\/revisions"}],"predecessor-version":[{"id":146223,"href":"https:\/\/buletin.de\/bucuresti\/wp-json\/wp\/v2\/posts\/145965\/revisions\/146223"}],"wp:featuredmedia":[{"embeddable":true,"href":"https:\/\/buletin.de\/bucuresti\/wp-json\/wp\/v2\/media\/145967"}],"wp:attachment":[{"href":"https:\/\/buletin.de\/bucuresti\/wp-json\/wp\/v2\/media?parent=145965"}],"wp:term":[{"taxonomy":"category","embeddable":true,"href":"https:\/\/buletin.de\/bucuresti\/wp-json\/wp\/v2\/categories?post=145965"},{"taxonomy":"post_tag","embeddable":true,"href":"https:\/\/buletin.de\/bucuresti\/wp-json\/wp\/v2\/tags?post=145965"},{"taxonomy":"author","embeddable":true,"href":"https:\/\/buletin.de\/bucuresti\/wp-json\/wp\/v2\/ppma_author?post=145965"}],"curies":[{"name":"wp","href":"https:\/\/api.w.org\/{rel}","templated":true}]}}