{"id":14590,"date":"2020-11-01T15:09:14","date_gmt":"2020-11-01T12:09:14","guid":{"rendered":"https:\/\/buletin.de\/bucuresti\/?p=14590"},"modified":"2020-11-01T15:09:14","modified_gmt":"2020-11-01T12:09:14","slug":"nicusor-dan-nu-se-pune-deocamdata-problema-carantinei-totale-in-bucuresti","status":"publish","type":"post","link":"https:\/\/buletin.de\/bucuresti\/nicusor-dan-nu-se-pune-deocamdata-problema-carantinei-totale-in-bucuresti\/","title":{"rendered":"Nicu\u0219or Dan | Nu se pune, deocamdat\u0103, problema carantinei totale \u00een Bucure\u0219ti"},"content":{"rendered":"\n<p>Primarul Capitalei, Nicu\u0219or Dan a declarat, ast\u0103zi, c\u0103 momentan nu se ia \u00een calcul carantina total\u0103 a Bucure\u0219tiului. Vor fi \u00eens\u0103 luate decizii \u00een func\u021bie de evolu\u021bia cazurilor. Nicu\u0219or Dan a fost ast\u0103zi \u00een vizit\u0103 la Serviciul de Ambulan\u021b\u0103, \u00eempreun\u0103 cu prim-ministrul Ludovic Orban.<\/p>\n\n\n\n<p>Carantinarea total\u0103 a Bucure\u0219tiului nu este luat\u0103 \u00een calcul \u00een acest moment, a spus Nicu\u0219or Dan. Primarul general a declarat \u00eens\u0103 c\u0103 ar fi posibil\u0103 carantinarea pe zone, \u00een func\u021bie de evolu\u021bia epidemiologic\u0103.<\/p>\n\n\n\n<p class=\"has-text-align-center\">\u201e<em>Ministerul S\u0103n\u0103t\u0103\u021bii a implementat sau este \u00een curs de implementare sistemul informatic care prezint\u0103 localizarea persoanelor infectate \u00een timp real. Acest sistem mai are trei, patru zile p\u00e2n\u0103 la momentul \u00een care va fi complet func\u021bional. Dac\u0103 \u00een urma acelui sistem o s\u0103 vedem str\u0103zi sau o mare aglomera\u021bie sau mai multe str\u0103zi, putem lua decizia de carantinare local\u0103<\/em>\u201d, a mai spus Nicu\u0219or Dan.<\/p>\n\n\n\n<p>\u00centrebat de ziari\u0219ti, cum va fi posibil\u0103 o astfel de carantin\u0103, Nicu\u0219or Dan a r\u0103spuns c\u0103 este de competen\u021ba Poli\u021biei \u0219i Jandarmeriei.<\/p>\n\n\n\n<p class=\"has-text-align-center\">\u201e<em>Eu cred c\u0103 putem s\u0103 lu\u0103m m\u0103sura, pentru c\u0103 avem un efectiv de 1.500 de oameni aloca\u021bi pentru aceast\u0103 chestiune pe tot ce \u00eenseamn\u0103 ordine public\u0103. (&#8230;.) E o chestiune pe care o s\u0103 implementeze Poli\u021bia na\u021bional\u0103, Jandarmeria \u0219i Poli\u021bia local\u0103, \u0219tiu s\u0103 fac\u0103 asta\u201d<\/em> , a declarat Nicu\u0219or Dan.<\/p>\n\n\n\n<p><a href=\"https:\/\/www.facebook.com\/watch\/?v=417527735921265\">https:\/\/www.facebook.com\/watch\/?v=417527735921265<\/a><\/p>\n\n\n\n<p>Bucure\u0219tiul a \u00eenregistrat, ast\u0103zi, 555 de noi cazuri de Covid. Rata de infectare, calculat\u0103 la 14 zile este de 3.79.<\/p>\n\n\n\n<p><\/p>\n\n\n\n<p>Sursa FOTO Facebook Guvernul Rom\u00e2niei<\/p>\n","protected":false},"excerpt":{"rendered":"<p>Primarul Capitalei, Nicu\u0219or Dan a declarat, ast\u0103zi, c\u0103 momentan nu se ia \u00een calcul carantina total\u0103 a Bucure\u0219tiului. Vor fi \u00eens\u0103 luate decizii \u00een func\u021bie de evolu\u021bia cazurilor. Nicu\u0219or Dan a fost ast\u0103zi \u00een vizit\u0103 la Serviciul de Ambulan\u021b\u0103, \u00eempreun\u0103 cu prim-ministrul Ludovic Orban. Carantinarea total\u0103 a Bucure\u0219tiului nu este luat\u0103 \u00een calcul \u00een acest [&hellip;]<\/p>\n","protected":false},"author":18,"featured_media":14597,"comment_status":"closed","ping_status":"open","sticky":false,"template":"","format":"standard","meta":{"_acf_changed":false,"inline_featured_image":false,"ngg_post_thumbnail":0,"footnotes":""},"categories":[1],"tags":[],"ppma_author":[22579],"class_list":["post-14590","post","type-post","status-publish","format-standard","has-post-thumbnail","hentry","category-diverse"],"acf":[],"yoast_head":"<!-- This site is optimized with the Yoast SEO Premium plugin v25.3 (Yoast SEO v27.4) - https:\/\/yoast.com\/product\/yoast-seo-premium-wordpress\/ -->\n<title>Nicu\u0219or Dan | Nu se pune, deocamdat\u0103, problema carantinei totale \u00een Bucure\u0219ti - Buletin de Bucure\u0219ti<\/title>\n<meta name=\"robots\" content=\"index, follow, max-snippet:-1, max-image-preview:large, max-video-preview:-1\" \/>\n<link rel=\"canonical\" href=\"https:\/\/buletin.de\/bucuresti\/nicusor-dan-nu-se-pune-deocamdata-problema-carantinei-totale-in-bucuresti\/\" \/>\n<meta property=\"og:locale\" content=\"en_GB\" \/>\n<meta property=\"og:type\" content=\"article\" \/>\n<meta property=\"og:title\" content=\"Nicu\u0219or Dan | Nu se pune, deocamdat\u0103, problema carantinei totale \u00een Bucure\u0219ti\" \/>\n<meta property=\"og:description\" content=\"Primarul Capitalei, Nicu\u0219or Dan a declarat, ast\u0103zi, c\u0103 momentan nu se ia \u00een calcul carantina total\u0103 a Bucure\u0219tiului. Vor fi \u00eens\u0103 luate decizii \u00een func\u021bie de evolu\u021bia cazurilor. Nicu\u0219or Dan a fost ast\u0103zi \u00een vizit\u0103 la Serviciul de Ambulan\u021b\u0103, \u00eempreun\u0103 cu prim-ministrul Ludovic Orban. Carantinarea total\u0103 a Bucure\u0219tiului nu este luat\u0103 \u00een calcul \u00een acest [&hellip;]\" \/>\n<meta property=\"og:url\" content=\"https:\/\/buletin.de\/bucuresti\/nicusor-dan-nu-se-pune-deocamdata-problema-carantinei-totale-in-bucuresti\/\" \/>\n<meta property=\"og:site_name\" content=\"Buletin de Bucure\u0219ti\" \/>\n<meta property=\"article:publisher\" content=\"https:\/\/www.facebook.com\/buletin.de.buc\" \/>\n<meta property=\"article:published_time\" content=\"2020-11-01T12:09:14+00:00\" \/>\n<meta property=\"og:image\" content=\"https:\/\/buletin.de\/bucuresti\/wp-content\/uploads\/Imagine1.png\" \/>\n\t<meta property=\"og:image:width\" content=\"624\" \/>\n\t<meta property=\"og:image:height\" content=\"351\" \/>\n\t<meta property=\"og:image:type\" content=\"image\/png\" \/>\n<meta name=\"author\" content=\"Teodora Stroe\" \/>\n<meta name=\"twitter:card\" content=\"summary_large_image\" \/>\n<meta name=\"twitter:label1\" content=\"Written by\" \/>\n\t<meta name=\"twitter:data1\" content=\"Teodora Stroe\" \/>\n\t<meta name=\"twitter:label2\" content=\"Estimated reading time\" \/>\n\t<meta name=\"twitter:data2\" content=\"1 minute\" \/>\n<script type=\"application\/ld+json\" class=\"yoast-schema-graph\">{\"@context\":\"https:\\\/\\\/schema.org\",\"@graph\":[{\"@type\":\"Article\",\"@id\":\"https:\\\/\\\/buletin.de\\\/bucuresti\\\/nicusor-dan-nu-se-pune-deocamdata-problema-carantinei-totale-in-bucuresti\\\/#article\",\"isPartOf\":{\"@id\":\"https:\\\/\\\/buletin.de\\\/bucuresti\\\/nicusor-dan-nu-se-pune-deocamdata-problema-carantinei-totale-in-bucuresti\\\/\"},\"author\":{\"name\":\"Teodora Stroe\",\"@id\":\"https:\\\/\\\/buletin.de\\\/bucuresti\\\/#\\\/schema\\\/person\\\/d369d7ddc775abece205795e0b804614\"},\"headline\":\"Nicu\u0219or Dan | Nu se pune, deocamdat\u0103, problema carantinei totale \u00een Bucure\u0219ti\",\"datePublished\":\"2020-11-01T12:09:14+00:00\",\"mainEntityOfPage\":{\"@id\":\"https:\\\/\\\/buletin.de\\\/bucuresti\\\/nicusor-dan-nu-se-pune-deocamdata-problema-carantinei-totale-in-bucuresti\\\/\"},\"wordCount\":286,\"publisher\":{\"@id\":\"https:\\\/\\\/buletin.de\\\/bucuresti\\\/#organization\"},\"image\":{\"@id\":\"https:\\\/\\\/buletin.de\\\/bucuresti\\\/nicusor-dan-nu-se-pune-deocamdata-problema-carantinei-totale-in-bucuresti\\\/#primaryimage\"},\"thumbnailUrl\":\"https:\\\/\\\/buletin.de\\\/bucuresti\\\/wp-content\\\/uploads\\\/Imagine1.png\",\"articleSection\":[\"Diverse\"],\"inLanguage\":\"en-GB\",\"copyrightYear\":\"2020\",\"copyrightHolder\":{\"@id\":\"https:\\\/\\\/buletin.de\\\/bucuresti\\\/#organization\"}},{\"@type\":\"WebPage\",\"@id\":\"https:\\\/\\\/buletin.de\\\/bucuresti\\\/nicusor-dan-nu-se-pune-deocamdata-problema-carantinei-totale-in-bucuresti\\\/\",\"url\":\"https:\\\/\\\/buletin.de\\\/bucuresti\\\/nicusor-dan-nu-se-pune-deocamdata-problema-carantinei-totale-in-bucuresti\\\/\",\"name\":\"Nicu\u0219or Dan | Nu se pune, deocamdat\u0103, problema carantinei totale \u00een Bucure\u0219ti - Buletin de Bucure\u0219ti\",\"isPartOf\":{\"@id\":\"https:\\\/\\\/buletin.de\\\/bucuresti\\\/#website\"},\"primaryImageOfPage\":{\"@id\":\"https:\\\/\\\/buletin.de\\\/bucuresti\\\/nicusor-dan-nu-se-pune-deocamdata-problema-carantinei-totale-in-bucuresti\\\/#primaryimage\"},\"image\":{\"@id\":\"https:\\\/\\\/buletin.de\\\/bucuresti\\\/nicusor-dan-nu-se-pune-deocamdata-problema-carantinei-totale-in-bucuresti\\\/#primaryimage\"},\"thumbnailUrl\":\"https:\\\/\\\/buletin.de\\\/bucuresti\\\/wp-content\\\/uploads\\\/Imagine1.png\",\"datePublished\":\"2020-11-01T12:09:14+00:00\",\"breadcrumb\":{\"@id\":\"https:\\\/\\\/buletin.de\\\/bucuresti\\\/nicusor-dan-nu-se-pune-deocamdata-problema-carantinei-totale-in-bucuresti\\\/#breadcrumb\"},\"inLanguage\":\"en-GB\",\"potentialAction\":[{\"@type\":\"ReadAction\",\"target\":[\"https:\\\/\\\/buletin.de\\\/bucuresti\\\/nicusor-dan-nu-se-pune-deocamdata-problema-carantinei-totale-in-bucuresti\\\/\"]}]},{\"@type\":\"ImageObject\",\"inLanguage\":\"en-GB\",\"@id\":\"https:\\\/\\\/buletin.de\\\/bucuresti\\\/nicusor-dan-nu-se-pune-deocamdata-problema-carantinei-totale-in-bucuresti\\\/#primaryimage\",\"url\":\"https:\\\/\\\/buletin.de\\\/bucuresti\\\/wp-content\\\/uploads\\\/Imagine1.png\",\"contentUrl\":\"https:\\\/\\\/buletin.de\\\/bucuresti\\\/wp-content\\\/uploads\\\/Imagine1.png\",\"width\":624,\"height\":351},{\"@type\":\"BreadcrumbList\",\"@id\":\"https:\\\/\\\/buletin.de\\\/bucuresti\\\/nicusor-dan-nu-se-pune-deocamdata-problema-carantinei-totale-in-bucuresti\\\/#breadcrumb\",\"itemListElement\":[{\"@type\":\"ListItem\",\"position\":1,\"name\":\"Acas\u0103\",\"item\":\"https:\\\/\\\/buletin.de\\\/bucuresti\\\/\"},{\"@type\":\"ListItem\",\"position\":2,\"name\":\"Nicu\u0219or Dan | Nu se pune, deocamdat\u0103, problema carantinei totale \u00een Bucure\u0219ti\"}]},{\"@type\":\"WebSite\",\"@id\":\"https:\\\/\\\/buletin.de\\\/bucuresti\\\/#website\",\"url\":\"https:\\\/\\\/buletin.de\\\/bucuresti\\\/\",\"name\":\"Buletin de Bucure\u0219ti\",\"description\":\"\u0218tiri \u0219i investiga\u021bii esen\u021biale din capital\u0103\",\"publisher\":{\"@id\":\"https:\\\/\\\/buletin.de\\\/bucuresti\\\/#organization\"},\"potentialAction\":[{\"@type\":\"SearchAction\",\"target\":{\"@type\":\"EntryPoint\",\"urlTemplate\":\"https:\\\/\\\/buletin.de\\\/bucuresti\\\/?s={search_term_string}\"},\"query-input\":{\"@type\":\"PropertyValueSpecification\",\"valueRequired\":true,\"valueName\":\"search_term_string\"}}],\"inLanguage\":\"en-GB\"},{\"@type\":\"Organization\",\"@id\":\"https:\\\/\\\/buletin.de\\\/bucuresti\\\/#organization\",\"name\":\"Buletin de Bucure\u0219ti\",\"url\":\"https:\\\/\\\/buletin.de\\\/bucuresti\\\/\",\"logo\":{\"@type\":\"ImageObject\",\"inLanguage\":\"en-GB\",\"@id\":\"https:\\\/\\\/buletin.de\\\/bucuresti\\\/#\\\/schema\\\/logo\\\/image\\\/\",\"url\":\"https:\\\/\\\/buletin.de\\\/bucuresti\\\/wp-content\\\/uploads\\\/logo-bdb-full-wide-vernil-transparent.png\",\"contentUrl\":\"https:\\\/\\\/buletin.de\\\/bucuresti\\\/wp-content\\\/uploads\\\/logo-bdb-full-wide-vernil-transparent.png\",\"width\":1782,\"height\":626,\"caption\":\"Buletin de Bucure\u0219ti\"},\"image\":{\"@id\":\"https:\\\/\\\/buletin.de\\\/bucuresti\\\/#\\\/schema\\\/logo\\\/image\\\/\"},\"sameAs\":[\"https:\\\/\\\/www.facebook.com\\\/buletin.de.buc\",\"https:\\\/\\\/www.instagram.com\\\/buletinde.bucuresti\\\/\"]},{\"@type\":\"Person\",\"@id\":\"https:\\\/\\\/buletin.de\\\/bucuresti\\\/#\\\/schema\\\/person\\\/d369d7ddc775abece205795e0b804614\",\"name\":\"Teodora Stroe\",\"image\":{\"@type\":\"ImageObject\",\"inLanguage\":\"en-GB\",\"@id\":\"https:\\\/\\\/secure.gravatar.com\\\/avatar\\\/2560b4cd9f5f1bc100b123158e657d75584bd1c3e1d9c69285720b9457c1b78d?s=96&d=monsterid&r=gc104800242ba5f2d78dd5d7dc4df08b6\",\"url\":\"https:\\\/\\\/secure.gravatar.com\\\/avatar\\\/2560b4cd9f5f1bc100b123158e657d75584bd1c3e1d9c69285720b9457c1b78d?s=96&d=monsterid&r=g\",\"contentUrl\":\"https:\\\/\\\/secure.gravatar.com\\\/avatar\\\/2560b4cd9f5f1bc100b123158e657d75584bd1c3e1d9c69285720b9457c1b78d?s=96&d=monsterid&r=g\",\"caption\":\"Teodora Stroe\"},\"url\":\"https:\\\/\\\/buletin.de\\\/bucuresti\\\/author\\\/simonacarlugea\\\/\"}]}<\/script>\n<!-- \/ Yoast SEO Premium plugin. -->","yoast_head_json":{"title":"Nicu\u0219or Dan | Nu se pune, deocamdat\u0103, problema carantinei totale \u00een Bucure\u0219ti - Buletin de Bucure\u0219ti","robots":{"index":"index","follow":"follow","max-snippet":"max-snippet:-1","max-image-preview":"max-image-preview:large","max-video-preview":"max-video-preview:-1"},"canonical":"https:\/\/buletin.de\/bucuresti\/nicusor-dan-nu-se-pune-deocamdata-problema-carantinei-totale-in-bucuresti\/","og_locale":"en_GB","og_type":"article","og_title":"Nicu\u0219or Dan | Nu se pune, deocamdat\u0103, problema carantinei totale \u00een Bucure\u0219ti","og_description":"Primarul Capitalei, Nicu\u0219or Dan a declarat, ast\u0103zi, c\u0103 momentan nu se ia \u00een calcul carantina total\u0103 a Bucure\u0219tiului. Vor fi \u00eens\u0103 luate decizii \u00een func\u021bie de evolu\u021bia cazurilor. Nicu\u0219or Dan a fost ast\u0103zi \u00een vizit\u0103 la Serviciul de Ambulan\u021b\u0103, \u00eempreun\u0103 cu prim-ministrul Ludovic Orban. Carantinarea total\u0103 a Bucure\u0219tiului nu este luat\u0103 \u00een calcul \u00een acest [&hellip;]","og_url":"https:\/\/buletin.de\/bucuresti\/nicusor-dan-nu-se-pune-deocamdata-problema-carantinei-totale-in-bucuresti\/","og_site_name":"Buletin de Bucure\u0219ti","article_publisher":"https:\/\/www.facebook.com\/buletin.de.buc","article_published_time":"2020-11-01T12:09:14+00:00","og_image":[{"width":624,"height":351,"url":"https:\/\/buletin.de\/bucuresti\/wp-content\/uploads\/Imagine1.png","type":"image\/png"}],"author":"Teodora Stroe","twitter_card":"summary_large_image","twitter_misc":{"Written by":"Teodora Stroe","Estimated reading time":"1 minute"},"schema":{"@context":"https:\/\/schema.org","@graph":[{"@type":"Article","@id":"https:\/\/buletin.de\/bucuresti\/nicusor-dan-nu-se-pune-deocamdata-problema-carantinei-totale-in-bucuresti\/#article","isPartOf":{"@id":"https:\/\/buletin.de\/bucuresti\/nicusor-dan-nu-se-pune-deocamdata-problema-carantinei-totale-in-bucuresti\/"},"author":{"name":"Teodora Stroe","@id":"https:\/\/buletin.de\/bucuresti\/#\/schema\/person\/d369d7ddc775abece205795e0b804614"},"headline":"Nicu\u0219or Dan | Nu se pune, deocamdat\u0103, problema carantinei totale \u00een Bucure\u0219ti","datePublished":"2020-11-01T12:09:14+00:00","mainEntityOfPage":{"@id":"https:\/\/buletin.de\/bucuresti\/nicusor-dan-nu-se-pune-deocamdata-problema-carantinei-totale-in-bucuresti\/"},"wordCount":286,"publisher":{"@id":"https:\/\/buletin.de\/bucuresti\/#organization"},"image":{"@id":"https:\/\/buletin.de\/bucuresti\/nicusor-dan-nu-se-pune-deocamdata-problema-carantinei-totale-in-bucuresti\/#primaryimage"},"thumbnailUrl":"https:\/\/buletin.de\/bucuresti\/wp-content\/uploads\/Imagine1.png","articleSection":["Diverse"],"inLanguage":"en-GB","copyrightYear":"2020","copyrightHolder":{"@id":"https:\/\/buletin.de\/bucuresti\/#organization"}},{"@type":"WebPage","@id":"https:\/\/buletin.de\/bucuresti\/nicusor-dan-nu-se-pune-deocamdata-problema-carantinei-totale-in-bucuresti\/","url":"https:\/\/buletin.de\/bucuresti\/nicusor-dan-nu-se-pune-deocamdata-problema-carantinei-totale-in-bucuresti\/","name":"Nicu\u0219or Dan | Nu se pune, deocamdat\u0103, problema carantinei totale \u00een Bucure\u0219ti - Buletin de Bucure\u0219ti","isPartOf":{"@id":"https:\/\/buletin.de\/bucuresti\/#website"},"primaryImageOfPage":{"@id":"https:\/\/buletin.de\/bucuresti\/nicusor-dan-nu-se-pune-deocamdata-problema-carantinei-totale-in-bucuresti\/#primaryimage"},"image":{"@id":"https:\/\/buletin.de\/bucuresti\/nicusor-dan-nu-se-pune-deocamdata-problema-carantinei-totale-in-bucuresti\/#primaryimage"},"thumbnailUrl":"https:\/\/buletin.de\/bucuresti\/wp-content\/uploads\/Imagine1.png","datePublished":"2020-11-01T12:09:14+00:00","breadcrumb":{"@id":"https:\/\/buletin.de\/bucuresti\/nicusor-dan-nu-se-pune-deocamdata-problema-carantinei-totale-in-bucuresti\/#breadcrumb"},"inLanguage":"en-GB","potentialAction":[{"@type":"ReadAction","target":["https:\/\/buletin.de\/bucuresti\/nicusor-dan-nu-se-pune-deocamdata-problema-carantinei-totale-in-bucuresti\/"]}]},{"@type":"ImageObject","inLanguage":"en-GB","@id":"https:\/\/buletin.de\/bucuresti\/nicusor-dan-nu-se-pune-deocamdata-problema-carantinei-totale-in-bucuresti\/#primaryimage","url":"https:\/\/buletin.de\/bucuresti\/wp-content\/uploads\/Imagine1.png","contentUrl":"https:\/\/buletin.de\/bucuresti\/wp-content\/uploads\/Imagine1.png","width":624,"height":351},{"@type":"BreadcrumbList","@id":"https:\/\/buletin.de\/bucuresti\/nicusor-dan-nu-se-pune-deocamdata-problema-carantinei-totale-in-bucuresti\/#breadcrumb","itemListElement":[{"@type":"ListItem","position":1,"name":"Acas\u0103","item":"https:\/\/buletin.de\/bucuresti\/"},{"@type":"ListItem","position":2,"name":"Nicu\u0219or Dan | Nu se pune, deocamdat\u0103, problema carantinei totale \u00een Bucure\u0219ti"}]},{"@type":"WebSite","@id":"https:\/\/buletin.de\/bucuresti\/#website","url":"https:\/\/buletin.de\/bucuresti\/","name":"Buletin de Bucure\u0219ti","description":"\u0218tiri \u0219i investiga\u021bii esen\u021biale din capital\u0103","publisher":{"@id":"https:\/\/buletin.de\/bucuresti\/#organization"},"potentialAction":[{"@type":"SearchAction","target":{"@type":"EntryPoint","urlTemplate":"https:\/\/buletin.de\/bucuresti\/?s={search_term_string}"},"query-input":{"@type":"PropertyValueSpecification","valueRequired":true,"valueName":"search_term_string"}}],"inLanguage":"en-GB"},{"@type":"Organization","@id":"https:\/\/buletin.de\/bucuresti\/#organization","name":"Buletin de Bucure\u0219ti","url":"https:\/\/buletin.de\/bucuresti\/","logo":{"@type":"ImageObject","inLanguage":"en-GB","@id":"https:\/\/buletin.de\/bucuresti\/#\/schema\/logo\/image\/","url":"https:\/\/buletin.de\/bucuresti\/wp-content\/uploads\/logo-bdb-full-wide-vernil-transparent.png","contentUrl":"https:\/\/buletin.de\/bucuresti\/wp-content\/uploads\/logo-bdb-full-wide-vernil-transparent.png","width":1782,"height":626,"caption":"Buletin de Bucure\u0219ti"},"image":{"@id":"https:\/\/buletin.de\/bucuresti\/#\/schema\/logo\/image\/"},"sameAs":["https:\/\/www.facebook.com\/buletin.de.buc","https:\/\/www.instagram.com\/buletinde.bucuresti\/"]},{"@type":"Person","@id":"https:\/\/buletin.de\/bucuresti\/#\/schema\/person\/d369d7ddc775abece205795e0b804614","name":"Teodora Stroe","image":{"@type":"ImageObject","inLanguage":"en-GB","@id":"https:\/\/secure.gravatar.com\/avatar\/2560b4cd9f5f1bc100b123158e657d75584bd1c3e1d9c69285720b9457c1b78d?s=96&d=monsterid&r=gc104800242ba5f2d78dd5d7dc4df08b6","url":"https:\/\/secure.gravatar.com\/avatar\/2560b4cd9f5f1bc100b123158e657d75584bd1c3e1d9c69285720b9457c1b78d?s=96&d=monsterid&r=g","contentUrl":"https:\/\/secure.gravatar.com\/avatar\/2560b4cd9f5f1bc100b123158e657d75584bd1c3e1d9c69285720b9457c1b78d?s=96&d=monsterid&r=g","caption":"Teodora Stroe"},"url":"https:\/\/buletin.de\/bucuresti\/author\/simonacarlugea\/"}]}},"authors":[{"term_id":22579,"user_id":18,"is_guest":0,"slug":"simonacarlugea","display_name":"Teodora Stroe","avatar_url":"https:\/\/secure.gravatar.com\/avatar\/2560b4cd9f5f1bc100b123158e657d75584bd1c3e1d9c69285720b9457c1b78d?s=96&d=monsterid&r=g","0":null,"1":"","2":"","3":"","4":"","5":"","6":"","7":"","8":""}],"_links":{"self":[{"href":"https:\/\/buletin.de\/bucuresti\/wp-json\/wp\/v2\/posts\/14590","targetHints":{"allow":["GET"]}}],"collection":[{"href":"https:\/\/buletin.de\/bucuresti\/wp-json\/wp\/v2\/posts"}],"about":[{"href":"https:\/\/buletin.de\/bucuresti\/wp-json\/wp\/v2\/types\/post"}],"author":[{"embeddable":true,"href":"https:\/\/buletin.de\/bucuresti\/wp-json\/wp\/v2\/users\/18"}],"replies":[{"embeddable":true,"href":"https:\/\/buletin.de\/bucuresti\/wp-json\/wp\/v2\/comments?post=14590"}],"version-history":[{"count":7,"href":"https:\/\/buletin.de\/bucuresti\/wp-json\/wp\/v2\/posts\/14590\/revisions"}],"predecessor-version":[{"id":14598,"href":"https:\/\/buletin.de\/bucuresti\/wp-json\/wp\/v2\/posts\/14590\/revisions\/14598"}],"wp:featuredmedia":[{"embeddable":true,"href":"https:\/\/buletin.de\/bucuresti\/wp-json\/wp\/v2\/media\/14597"}],"wp:attachment":[{"href":"https:\/\/buletin.de\/bucuresti\/wp-json\/wp\/v2\/media?parent=14590"}],"wp:term":[{"taxonomy":"category","embeddable":true,"href":"https:\/\/buletin.de\/bucuresti\/wp-json\/wp\/v2\/categories?post=14590"},{"taxonomy":"post_tag","embeddable":true,"href":"https:\/\/buletin.de\/bucuresti\/wp-json\/wp\/v2\/tags?post=14590"},{"taxonomy":"author","embeddable":true,"href":"https:\/\/buletin.de\/bucuresti\/wp-json\/wp\/v2\/ppma_author?post=14590"}],"curies":[{"name":"wp","href":"https:\/\/api.w.org\/{rel}","templated":true}]}}