{"id":145708,"date":"2025-08-29T11:10:39","date_gmt":"2025-08-29T08:10:39","guid":{"rendered":"https:\/\/buletin.de\/bucuresti\/?p=145708"},"modified":"2025-08-29T12:26:02","modified_gmt":"2025-08-29T09:26:02","slug":"video-red-arrows-anuleaza-participarea-la-bias-dupa-un-accident-aviatic-la-un-show-similar-din-polonia","status":"publish","type":"post","link":"https:\/\/buletin.de\/bucuresti\/video-red-arrows-anuleaza-participarea-la-bias-dupa-un-accident-aviatic-la-un-show-similar-din-polonia\/","title":{"rendered":"VIDEO | Red Arrows anuleaz\u0103 participarea la BIAS, dup\u0103 un accident aviatic la un show similar din Polonia"},"content":{"rendered":"\n<p><strong>Echipa de acroba\u021bie aerian\u0103 britanic\u0103 Red Arrows \u0219i-a anulat participarea la Bucharest International Air Show (BIAS 2025), dup\u0103 ce un pilot polonez al unui avion de lupt\u0103 F-16 a murit \u00een timpul unui zbor de antrenament la un eveniment similar din Polonia.<\/strong><\/p>\n\n\n\n<p><strong>Pilotul se preg\u0103tea pentru Radom Air Show, eveniment care ar fi trebuit s\u0103 se desf\u0103\u0219oare \u00een paralel cu BIAS \u0219i a fost anulat complet.<\/strong><\/p>\n\n\n\n<p>Anularea spectacolelor programate pentru s\u00e2mb\u0103t\u0103 \u0219i duminic\u0103 la BIAS a venit la scurt timp dup\u0103 accidentul din Polonia. Ambasada Marii Britanii \u00een Rom\u00e2nia a transmis c\u0103 echipa Royal Air Force Aerobatic Team nu va mai decola spre Rom\u00e2nia pentru a participa la evenimentul de pe aeroportul B\u0103neasa.<\/p>\n\n\n\n<p>Accidentul a avut loc \u00een timp ce pilotul For\u021belor Aeriene Poloneze se antrena pentru un show aerian care urma s\u0103 se desf\u0103\u0219oare \u00een paralel cu BIAS \u2013 Radom Air Show. Pista aerodromului polonez a fost \u00eenchis\u0103, iar o anchet\u0103 este \u00een curs pentru a stabili cauzele pr\u0103bu\u0219irii. Red Arrows se aflau deja la Radom \u0219i urmau s\u0103 decoleze spre Bucure\u0219ti.<\/p>\n\n\n\n<iframe width=\"560\" height=\"315\" src=\"https:\/\/www.youtube.com\/embed\/w3bWZDx8ZW8?si=UdAuNqE60m28qr10\" title=\"YouTube video player\" frameborder=\"0\" allow=\"accelerometer; autoplay; clipboard-write; encrypted-media; gyroscope; picture-in-picture; web-share\" referrerpolicy=\"strict-origin-when-cross-origin\" allowfullscreen><\/iframe>\n\n\n\n<p><strong>CITE\u0218TE \u0218I:\u00a0<a href=\"https:\/\/buletin.de\/bucuresti\/exclusiv-ambasada-republicii-bangladesh-salutam-interventia-rapida-si-decisiva-a-unui-ofiter-de-politie-roman-aflat-in-afara-orelor-de-program-multumim-autoritatilor-si-poporului-roman-pe\/\" target=\"_blank\" rel=\"noreferrer noopener\">EXCLUSIV | Ambasada Republicii Bangladesh: \u201eSalut\u0103m interven\u021bia rapid\u0103 \u0219i decisiv\u0103 a unui ofi\u021ber de poli\u021bie rom\u00e2n aflat \u00een afara orelor de program. Mul\u021bumim autorit\u0103\u021bilor \u0219i poporului rom\u00e2n pentru sprijinul acordat victimei din acest incident\u201d<\/a><\/strong><\/p>\n\n\n\n<h2 class=\"wp-block-heading\" id=\"h-radom-air-show-accident-cu-repeti\u021bie-pentru-red-arrows\"><strong>Radom Air Show, accident cu repeti\u021bie<\/strong> pentru Red Arrows<\/h2>\n\n\n\n<p><strong>Radom Air Show este cel mai popular eveniment de acest tip din Polonia. Organizat din anul 2000, show-ul reune\u0219te aeronave militare din for\u021bele aeriene europene \u0219i nu numai. <\/strong><\/p>\n\n\n\n<p>Evenimentul, care atrage zeci de mii de vizitatori, a mai fost marcat \u00een trecut de incidente tragice. \u00cen 2007, <a href=\"https:\/\/geekweek.interia.pl\/lotnictwo\/news-klatwa-radomia-historia-katastrof-lotniczych-podczas-pokazow,nId,22179184\" target=\"_blank\" rel=\"noreferrer noopener\">doi pilo\u021bi ai echipei de acroba\u021bie poloneze AZL \u017belazny<\/a> au murit dup\u0103 ce avioanele lor s-au ciocnit \u00een aer.<\/p>\n\n\n\n<p><strong>CITE\u0218TE \u0218I<\/strong>:\u00a0<strong><a href=\"https:\/\/buletin.de\/bucuresti\/migrantii-sunt-ca-gandacii-de-bucatarie-val-de-xenofobie-in-urma-strategiei-de-incluziune-dezvoltata-de-pmb\/\" target=\"_blank\" rel=\"noreferrer noopener\">\u201eMigran\u021bii sunt ca g\u00e2ndacii de buc\u0103t\u0103rie\u201d. Val de xenofobie \u00een urma Strategiei de Incluziune pus\u0103 \u00een dezbatere de PMB<\/a><\/strong><\/p>\n","protected":false},"excerpt":{"rendered":"<p>Echipa de acroba\u021bie aerian\u0103 britanic\u0103 Red Arrows \u0219i-a anulat participarea la Bucharest International Air Show (BIAS 2025), dup\u0103 ce un pilot polonez al unui avion de lupt\u0103 F-16 a murit \u00een timpul unui zbor de antrenament la un eveniment similar din Polonia. Pilotul se preg\u0103tea pentru Radom Air Show, eveniment care ar fi trebuit s\u0103 [&hellip;]<\/p>\n","protected":false},"author":1,"featured_media":145710,"comment_status":"closed","ping_status":"open","sticky":false,"template":"","format":"standard","meta":{"_acf_changed":false,"inline_featured_image":false,"ngg_post_thumbnail":0,"footnotes":""},"categories":[6994,9026,5762],"tags":[1100,23522,8594,23521,14700],"ppma_author":[22583],"class_list":["post-145708","post","type-post","status-publish","format-standard","has-post-thumbnail","hentry","category-stiri-2","category-eveniment","category-main","tag-accident","tag-pilot","tag-polonia","tag-radom","tag-show-aviatic"],"acf":[],"yoast_head":"<!-- This site is optimized with the Yoast SEO Premium plugin v25.3 (Yoast SEO v27.4) - https:\/\/yoast.com\/product\/yoast-seo-premium-wordpress\/ -->\n<title>VIDEO | Red Arrows anuleaz\u0103 participarea la BIAS, dup\u0103 un accident aviatic la un show similar din Polonia - Buletin de Bucure\u0219ti<\/title>\n<meta name=\"description\" content=\"Red Arrows anuleaz\u0103 participarea la BIAS, dup\u0103 un accident aviatic la un show similar din Polonia, unde un coleg de-al lor a murit.\" \/>\n<meta name=\"robots\" content=\"index, follow, max-snippet:-1, max-image-preview:large, max-video-preview:-1\" \/>\n<link rel=\"canonical\" href=\"https:\/\/buletin.de\/bucuresti\/video-red-arrows-anuleaza-participarea-la-bias-dupa-un-accident-aviatic-la-un-show-similar-din-polonia\/\" \/>\n<meta property=\"og:locale\" content=\"en_GB\" \/>\n<meta property=\"og:type\" content=\"article\" \/>\n<meta property=\"og:title\" content=\"VIDEO | Red Arrows anuleaz\u0103 participarea la BIAS, dup\u0103 un accident aviatic la un show similar din Polonia\" \/>\n<meta property=\"og:description\" content=\"Red Arrows anuleaz\u0103 participarea la BIAS, dup\u0103 un accident aviatic la un show similar din Polonia, unde un coleg de-al lor a murit.\" \/>\n<meta property=\"og:url\" content=\"https:\/\/buletin.de\/bucuresti\/video-red-arrows-anuleaza-participarea-la-bias-dupa-un-accident-aviatic-la-un-show-similar-din-polonia\/\" \/>\n<meta property=\"og:site_name\" content=\"Buletin de Bucure\u0219ti\" \/>\n<meta property=\"article:publisher\" content=\"https:\/\/www.facebook.com\/buletin.de.buc\" \/>\n<meta property=\"article:published_time\" content=\"2025-08-29T08:10:39+00:00\" \/>\n<meta property=\"article:modified_time\" content=\"2025-08-29T09:26:02+00:00\" \/>\n<meta property=\"og:image\" content=\"https:\/\/buletin.de\/bucuresti\/wp-content\/uploads\/2025\/08\/Captura-de-ecran-2025-08-29-110520.png\" \/>\n\t<meta property=\"og:image:width\" content=\"839\" \/>\n\t<meta property=\"og:image:height\" content=\"584\" \/>\n\t<meta property=\"og:image:type\" content=\"image\/png\" \/>\n<meta name=\"author\" content=\"Redac\u021bia Buletin de Bucure\u0219ti\" \/>\n<meta name=\"twitter:card\" content=\"summary_large_image\" \/>\n<meta name=\"twitter:label1\" content=\"Written by\" \/>\n\t<meta name=\"twitter:data1\" content=\"Redac\u021bia Buletin de Bucure\u0219ti\" \/>\n\t<meta name=\"twitter:label2\" content=\"Estimated reading time\" \/>\n\t<meta name=\"twitter:data2\" content=\"2 minutes\" \/>\n<script type=\"application\/ld+json\" class=\"yoast-schema-graph\">{\"@context\":\"https:\\\/\\\/schema.org\",\"@graph\":[{\"@type\":\"Article\",\"@id\":\"https:\\\/\\\/buletin.de\\\/bucuresti\\\/video-red-arrows-anuleaza-participarea-la-bias-dupa-un-accident-aviatic-la-un-show-similar-din-polonia\\\/#article\",\"isPartOf\":{\"@id\":\"https:\\\/\\\/buletin.de\\\/bucuresti\\\/video-red-arrows-anuleaza-participarea-la-bias-dupa-un-accident-aviatic-la-un-show-similar-din-polonia\\\/\"},\"author\":{\"name\":\"Redac\u021bia Buletin de Bucure\u0219ti\",\"@id\":\"https:\\\/\\\/buletin.de\\\/bucuresti\\\/#\\\/schema\\\/person\\\/2bbcf854e5f2419a13804af574d06ab1\"},\"headline\":\"VIDEO | Red Arrows anuleaz\u0103 participarea la BIAS, dup\u0103 un accident aviatic la un show similar din Polonia\",\"datePublished\":\"2025-08-29T08:10:39+00:00\",\"dateModified\":\"2025-08-29T09:26:02+00:00\",\"mainEntityOfPage\":{\"@id\":\"https:\\\/\\\/buletin.de\\\/bucuresti\\\/video-red-arrows-anuleaza-participarea-la-bias-dupa-un-accident-aviatic-la-un-show-similar-din-polonia\\\/\"},\"wordCount\":349,\"publisher\":{\"@id\":\"https:\\\/\\\/buletin.de\\\/bucuresti\\\/#organization\"},\"image\":{\"@id\":\"https:\\\/\\\/buletin.de\\\/bucuresti\\\/video-red-arrows-anuleaza-participarea-la-bias-dupa-un-accident-aviatic-la-un-show-similar-din-polonia\\\/#primaryimage\"},\"thumbnailUrl\":\"https:\\\/\\\/buletin.de\\\/bucuresti\\\/wp-content\\\/uploads\\\/2025\\\/08\\\/Captura-de-ecran-2025-08-29-110520.png\",\"keywords\":[\"accident\",\"pilot\",\"polonia\",\"radom\",\"show aviatic\"],\"articleSection\":[\"Articole\",\"Eveniment\",\"Main\"],\"inLanguage\":\"en-GB\",\"copyrightYear\":\"2025\",\"copyrightHolder\":{\"@id\":\"https:\\\/\\\/buletin.de\\\/bucuresti\\\/#organization\"}},{\"@type\":\"WebPage\",\"@id\":\"https:\\\/\\\/buletin.de\\\/bucuresti\\\/video-red-arrows-anuleaza-participarea-la-bias-dupa-un-accident-aviatic-la-un-show-similar-din-polonia\\\/\",\"url\":\"https:\\\/\\\/buletin.de\\\/bucuresti\\\/video-red-arrows-anuleaza-participarea-la-bias-dupa-un-accident-aviatic-la-un-show-similar-din-polonia\\\/\",\"name\":\"VIDEO | Red Arrows anuleaz\u0103 participarea la BIAS, dup\u0103 un accident aviatic la un show similar din Polonia - Buletin de Bucure\u0219ti\",\"isPartOf\":{\"@id\":\"https:\\\/\\\/buletin.de\\\/bucuresti\\\/#website\"},\"primaryImageOfPage\":{\"@id\":\"https:\\\/\\\/buletin.de\\\/bucuresti\\\/video-red-arrows-anuleaza-participarea-la-bias-dupa-un-accident-aviatic-la-un-show-similar-din-polonia\\\/#primaryimage\"},\"image\":{\"@id\":\"https:\\\/\\\/buletin.de\\\/bucuresti\\\/video-red-arrows-anuleaza-participarea-la-bias-dupa-un-accident-aviatic-la-un-show-similar-din-polonia\\\/#primaryimage\"},\"thumbnailUrl\":\"https:\\\/\\\/buletin.de\\\/bucuresti\\\/wp-content\\\/uploads\\\/2025\\\/08\\\/Captura-de-ecran-2025-08-29-110520.png\",\"datePublished\":\"2025-08-29T08:10:39+00:00\",\"dateModified\":\"2025-08-29T09:26:02+00:00\",\"description\":\"Red Arrows anuleaz\u0103 participarea la BIAS, dup\u0103 un accident aviatic la un show similar din Polonia, unde un coleg de-al lor a murit.\",\"breadcrumb\":{\"@id\":\"https:\\\/\\\/buletin.de\\\/bucuresti\\\/video-red-arrows-anuleaza-participarea-la-bias-dupa-un-accident-aviatic-la-un-show-similar-din-polonia\\\/#breadcrumb\"},\"inLanguage\":\"en-GB\",\"potentialAction\":[{\"@type\":\"ReadAction\",\"target\":[\"https:\\\/\\\/buletin.de\\\/bucuresti\\\/video-red-arrows-anuleaza-participarea-la-bias-dupa-un-accident-aviatic-la-un-show-similar-din-polonia\\\/\"]}]},{\"@type\":\"ImageObject\",\"inLanguage\":\"en-GB\",\"@id\":\"https:\\\/\\\/buletin.de\\\/bucuresti\\\/video-red-arrows-anuleaza-participarea-la-bias-dupa-un-accident-aviatic-la-un-show-similar-din-polonia\\\/#primaryimage\",\"url\":\"https:\\\/\\\/buletin.de\\\/bucuresti\\\/wp-content\\\/uploads\\\/2025\\\/08\\\/Captura-de-ecran-2025-08-29-110520.png\",\"contentUrl\":\"https:\\\/\\\/buletin.de\\\/bucuresti\\\/wp-content\\\/uploads\\\/2025\\\/08\\\/Captura-de-ecran-2025-08-29-110520.png\",\"width\":839,\"height\":584,\"caption\":\"Red Arrows anuleaz\u0103 participarea la BIAS\"},{\"@type\":\"BreadcrumbList\",\"@id\":\"https:\\\/\\\/buletin.de\\\/bucuresti\\\/video-red-arrows-anuleaza-participarea-la-bias-dupa-un-accident-aviatic-la-un-show-similar-din-polonia\\\/#breadcrumb\",\"itemListElement\":[{\"@type\":\"ListItem\",\"position\":1,\"name\":\"Acas\u0103\",\"item\":\"https:\\\/\\\/buletin.de\\\/bucuresti\\\/\"},{\"@type\":\"ListItem\",\"position\":2,\"name\":\"VIDEO | Red Arrows anuleaz\u0103 participarea la BIAS, dup\u0103 un accident aviatic la un show similar din Polonia\"}]},{\"@type\":\"WebSite\",\"@id\":\"https:\\\/\\\/buletin.de\\\/bucuresti\\\/#website\",\"url\":\"https:\\\/\\\/buletin.de\\\/bucuresti\\\/\",\"name\":\"Buletin de Bucure\u0219ti\",\"description\":\"\u0218tiri \u0219i investiga\u021bii esen\u021biale din capital\u0103\",\"publisher\":{\"@id\":\"https:\\\/\\\/buletin.de\\\/bucuresti\\\/#organization\"},\"potentialAction\":[{\"@type\":\"SearchAction\",\"target\":{\"@type\":\"EntryPoint\",\"urlTemplate\":\"https:\\\/\\\/buletin.de\\\/bucuresti\\\/?s={search_term_string}\"},\"query-input\":{\"@type\":\"PropertyValueSpecification\",\"valueRequired\":true,\"valueName\":\"search_term_string\"}}],\"inLanguage\":\"en-GB\"},{\"@type\":\"Organization\",\"@id\":\"https:\\\/\\\/buletin.de\\\/bucuresti\\\/#organization\",\"name\":\"Buletin de Bucure\u0219ti\",\"url\":\"https:\\\/\\\/buletin.de\\\/bucuresti\\\/\",\"logo\":{\"@type\":\"ImageObject\",\"inLanguage\":\"en-GB\",\"@id\":\"https:\\\/\\\/buletin.de\\\/bucuresti\\\/#\\\/schema\\\/logo\\\/image\\\/\",\"url\":\"https:\\\/\\\/buletin.de\\\/bucuresti\\\/wp-content\\\/uploads\\\/logo-bdb-full-wide-vernil-transparent.png\",\"contentUrl\":\"https:\\\/\\\/buletin.de\\\/bucuresti\\\/wp-content\\\/uploads\\\/logo-bdb-full-wide-vernil-transparent.png\",\"width\":1782,\"height\":626,\"caption\":\"Buletin de Bucure\u0219ti\"},\"image\":{\"@id\":\"https:\\\/\\\/buletin.de\\\/bucuresti\\\/#\\\/schema\\\/logo\\\/image\\\/\"},\"sameAs\":[\"https:\\\/\\\/www.facebook.com\\\/buletin.de.buc\",\"https:\\\/\\\/www.instagram.com\\\/buletinde.bucuresti\\\/\"]},{\"@type\":\"Person\",\"@id\":\"https:\\\/\\\/buletin.de\\\/bucuresti\\\/#\\\/schema\\\/person\\\/2bbcf854e5f2419a13804af574d06ab1\",\"name\":\"Redac\u021bia Buletin de Bucure\u0219ti\",\"image\":{\"@type\":\"ImageObject\",\"inLanguage\":\"en-GB\",\"@id\":\"https:\\\/\\\/secure.gravatar.com\\\/avatar\\\/18c5342381ed1a08620e6280424e3e5efc958618f5d67c522c9e44c1bc6f9226?s=96&d=monsterid&r=g60c7cd0ad92c68c049fcd4bb3504d609\",\"url\":\"https:\\\/\\\/secure.gravatar.com\\\/avatar\\\/18c5342381ed1a08620e6280424e3e5efc958618f5d67c522c9e44c1bc6f9226?s=96&d=monsterid&r=g\",\"contentUrl\":\"https:\\\/\\\/secure.gravatar.com\\\/avatar\\\/18c5342381ed1a08620e6280424e3e5efc958618f5d67c522c9e44c1bc6f9226?s=96&d=monsterid&r=g\",\"caption\":\"Redac\u021bia Buletin de Bucure\u0219ti\"},\"description\":\"Buletin de Bucure\u0219ti exist\u0103 din vara anului 2019.\",\"url\":\"https:\\\/\\\/buletin.de\\\/bucuresti\\\/author\\\/adminbuletin\\\/\"}]}<\/script>\n<!-- \/ Yoast SEO Premium plugin. -->","yoast_head_json":{"title":"VIDEO | Red Arrows anuleaz\u0103 participarea la BIAS, dup\u0103 un accident aviatic la un show similar din Polonia - Buletin de Bucure\u0219ti","description":"Red Arrows anuleaz\u0103 participarea la BIAS, dup\u0103 un accident aviatic la un show similar din Polonia, unde un coleg de-al lor a murit.","robots":{"index":"index","follow":"follow","max-snippet":"max-snippet:-1","max-image-preview":"max-image-preview:large","max-video-preview":"max-video-preview:-1"},"canonical":"https:\/\/buletin.de\/bucuresti\/video-red-arrows-anuleaza-participarea-la-bias-dupa-un-accident-aviatic-la-un-show-similar-din-polonia\/","og_locale":"en_GB","og_type":"article","og_title":"VIDEO | Red Arrows anuleaz\u0103 participarea la BIAS, dup\u0103 un accident aviatic la un show similar din Polonia","og_description":"Red Arrows anuleaz\u0103 participarea la BIAS, dup\u0103 un accident aviatic la un show similar din Polonia, unde un coleg de-al lor a murit.","og_url":"https:\/\/buletin.de\/bucuresti\/video-red-arrows-anuleaza-participarea-la-bias-dupa-un-accident-aviatic-la-un-show-similar-din-polonia\/","og_site_name":"Buletin de Bucure\u0219ti","article_publisher":"https:\/\/www.facebook.com\/buletin.de.buc","article_published_time":"2025-08-29T08:10:39+00:00","article_modified_time":"2025-08-29T09:26:02+00:00","og_image":[{"width":839,"height":584,"url":"https:\/\/buletin.de\/bucuresti\/wp-content\/uploads\/2025\/08\/Captura-de-ecran-2025-08-29-110520.png","type":"image\/png"}],"author":"Redac\u021bia Buletin de Bucure\u0219ti","twitter_card":"summary_large_image","twitter_misc":{"Written by":"Redac\u021bia Buletin de Bucure\u0219ti","Estimated reading time":"2 minutes"},"schema":{"@context":"https:\/\/schema.org","@graph":[{"@type":"Article","@id":"https:\/\/buletin.de\/bucuresti\/video-red-arrows-anuleaza-participarea-la-bias-dupa-un-accident-aviatic-la-un-show-similar-din-polonia\/#article","isPartOf":{"@id":"https:\/\/buletin.de\/bucuresti\/video-red-arrows-anuleaza-participarea-la-bias-dupa-un-accident-aviatic-la-un-show-similar-din-polonia\/"},"author":{"name":"Redac\u021bia Buletin de Bucure\u0219ti","@id":"https:\/\/buletin.de\/bucuresti\/#\/schema\/person\/2bbcf854e5f2419a13804af574d06ab1"},"headline":"VIDEO | Red Arrows anuleaz\u0103 participarea la BIAS, dup\u0103 un accident aviatic la un show similar din Polonia","datePublished":"2025-08-29T08:10:39+00:00","dateModified":"2025-08-29T09:26:02+00:00","mainEntityOfPage":{"@id":"https:\/\/buletin.de\/bucuresti\/video-red-arrows-anuleaza-participarea-la-bias-dupa-un-accident-aviatic-la-un-show-similar-din-polonia\/"},"wordCount":349,"publisher":{"@id":"https:\/\/buletin.de\/bucuresti\/#organization"},"image":{"@id":"https:\/\/buletin.de\/bucuresti\/video-red-arrows-anuleaza-participarea-la-bias-dupa-un-accident-aviatic-la-un-show-similar-din-polonia\/#primaryimage"},"thumbnailUrl":"https:\/\/buletin.de\/bucuresti\/wp-content\/uploads\/2025\/08\/Captura-de-ecran-2025-08-29-110520.png","keywords":["accident","pilot","polonia","radom","show aviatic"],"articleSection":["Articole","Eveniment","Main"],"inLanguage":"en-GB","copyrightYear":"2025","copyrightHolder":{"@id":"https:\/\/buletin.de\/bucuresti\/#organization"}},{"@type":"WebPage","@id":"https:\/\/buletin.de\/bucuresti\/video-red-arrows-anuleaza-participarea-la-bias-dupa-un-accident-aviatic-la-un-show-similar-din-polonia\/","url":"https:\/\/buletin.de\/bucuresti\/video-red-arrows-anuleaza-participarea-la-bias-dupa-un-accident-aviatic-la-un-show-similar-din-polonia\/","name":"VIDEO | Red Arrows anuleaz\u0103 participarea la BIAS, dup\u0103 un accident aviatic la un show similar din Polonia - Buletin de Bucure\u0219ti","isPartOf":{"@id":"https:\/\/buletin.de\/bucuresti\/#website"},"primaryImageOfPage":{"@id":"https:\/\/buletin.de\/bucuresti\/video-red-arrows-anuleaza-participarea-la-bias-dupa-un-accident-aviatic-la-un-show-similar-din-polonia\/#primaryimage"},"image":{"@id":"https:\/\/buletin.de\/bucuresti\/video-red-arrows-anuleaza-participarea-la-bias-dupa-un-accident-aviatic-la-un-show-similar-din-polonia\/#primaryimage"},"thumbnailUrl":"https:\/\/buletin.de\/bucuresti\/wp-content\/uploads\/2025\/08\/Captura-de-ecran-2025-08-29-110520.png","datePublished":"2025-08-29T08:10:39+00:00","dateModified":"2025-08-29T09:26:02+00:00","description":"Red Arrows anuleaz\u0103 participarea la BIAS, dup\u0103 un accident aviatic la un show similar din Polonia, unde un coleg de-al lor a murit.","breadcrumb":{"@id":"https:\/\/buletin.de\/bucuresti\/video-red-arrows-anuleaza-participarea-la-bias-dupa-un-accident-aviatic-la-un-show-similar-din-polonia\/#breadcrumb"},"inLanguage":"en-GB","potentialAction":[{"@type":"ReadAction","target":["https:\/\/buletin.de\/bucuresti\/video-red-arrows-anuleaza-participarea-la-bias-dupa-un-accident-aviatic-la-un-show-similar-din-polonia\/"]}]},{"@type":"ImageObject","inLanguage":"en-GB","@id":"https:\/\/buletin.de\/bucuresti\/video-red-arrows-anuleaza-participarea-la-bias-dupa-un-accident-aviatic-la-un-show-similar-din-polonia\/#primaryimage","url":"https:\/\/buletin.de\/bucuresti\/wp-content\/uploads\/2025\/08\/Captura-de-ecran-2025-08-29-110520.png","contentUrl":"https:\/\/buletin.de\/bucuresti\/wp-content\/uploads\/2025\/08\/Captura-de-ecran-2025-08-29-110520.png","width":839,"height":584,"caption":"Red Arrows anuleaz\u0103 participarea la BIAS"},{"@type":"BreadcrumbList","@id":"https:\/\/buletin.de\/bucuresti\/video-red-arrows-anuleaza-participarea-la-bias-dupa-un-accident-aviatic-la-un-show-similar-din-polonia\/#breadcrumb","itemListElement":[{"@type":"ListItem","position":1,"name":"Acas\u0103","item":"https:\/\/buletin.de\/bucuresti\/"},{"@type":"ListItem","position":2,"name":"VIDEO | Red Arrows anuleaz\u0103 participarea la BIAS, dup\u0103 un accident aviatic la un show similar din Polonia"}]},{"@type":"WebSite","@id":"https:\/\/buletin.de\/bucuresti\/#website","url":"https:\/\/buletin.de\/bucuresti\/","name":"Buletin de Bucure\u0219ti","description":"\u0218tiri \u0219i investiga\u021bii esen\u021biale din capital\u0103","publisher":{"@id":"https:\/\/buletin.de\/bucuresti\/#organization"},"potentialAction":[{"@type":"SearchAction","target":{"@type":"EntryPoint","urlTemplate":"https:\/\/buletin.de\/bucuresti\/?s={search_term_string}"},"query-input":{"@type":"PropertyValueSpecification","valueRequired":true,"valueName":"search_term_string"}}],"inLanguage":"en-GB"},{"@type":"Organization","@id":"https:\/\/buletin.de\/bucuresti\/#organization","name":"Buletin de Bucure\u0219ti","url":"https:\/\/buletin.de\/bucuresti\/","logo":{"@type":"ImageObject","inLanguage":"en-GB","@id":"https:\/\/buletin.de\/bucuresti\/#\/schema\/logo\/image\/","url":"https:\/\/buletin.de\/bucuresti\/wp-content\/uploads\/logo-bdb-full-wide-vernil-transparent.png","contentUrl":"https:\/\/buletin.de\/bucuresti\/wp-content\/uploads\/logo-bdb-full-wide-vernil-transparent.png","width":1782,"height":626,"caption":"Buletin de Bucure\u0219ti"},"image":{"@id":"https:\/\/buletin.de\/bucuresti\/#\/schema\/logo\/image\/"},"sameAs":["https:\/\/www.facebook.com\/buletin.de.buc","https:\/\/www.instagram.com\/buletinde.bucuresti\/"]},{"@type":"Person","@id":"https:\/\/buletin.de\/bucuresti\/#\/schema\/person\/2bbcf854e5f2419a13804af574d06ab1","name":"Redac\u021bia Buletin de Bucure\u0219ti","image":{"@type":"ImageObject","inLanguage":"en-GB","@id":"https:\/\/secure.gravatar.com\/avatar\/18c5342381ed1a08620e6280424e3e5efc958618f5d67c522c9e44c1bc6f9226?s=96&d=monsterid&r=g60c7cd0ad92c68c049fcd4bb3504d609","url":"https:\/\/secure.gravatar.com\/avatar\/18c5342381ed1a08620e6280424e3e5efc958618f5d67c522c9e44c1bc6f9226?s=96&d=monsterid&r=g","contentUrl":"https:\/\/secure.gravatar.com\/avatar\/18c5342381ed1a08620e6280424e3e5efc958618f5d67c522c9e44c1bc6f9226?s=96&d=monsterid&r=g","caption":"Redac\u021bia Buletin de Bucure\u0219ti"},"description":"Buletin de Bucure\u0219ti exist\u0103 din vara anului 2019.","url":"https:\/\/buletin.de\/bucuresti\/author\/adminbuletin\/"}]}},"authors":[{"term_id":22583,"user_id":1,"is_guest":0,"slug":"adminbuletin","display_name":"Redac\u021bia Buletin de Bucure\u0219ti","avatar_url":"https:\/\/secure.gravatar.com\/avatar\/18c5342381ed1a08620e6280424e3e5efc958618f5d67c522c9e44c1bc6f9226?s=96&d=monsterid&r=g","0":null,"1":"","2":"","3":"","4":"","5":"","6":"","7":"","8":""}],"_links":{"self":[{"href":"https:\/\/buletin.de\/bucuresti\/wp-json\/wp\/v2\/posts\/145708","targetHints":{"allow":["GET"]}}],"collection":[{"href":"https:\/\/buletin.de\/bucuresti\/wp-json\/wp\/v2\/posts"}],"about":[{"href":"https:\/\/buletin.de\/bucuresti\/wp-json\/wp\/v2\/types\/post"}],"author":[{"embeddable":true,"href":"https:\/\/buletin.de\/bucuresti\/wp-json\/wp\/v2\/users\/1"}],"replies":[{"embeddable":true,"href":"https:\/\/buletin.de\/bucuresti\/wp-json\/wp\/v2\/comments?post=145708"}],"version-history":[{"count":2,"href":"https:\/\/buletin.de\/bucuresti\/wp-json\/wp\/v2\/posts\/145708\/revisions"}],"predecessor-version":[{"id":145726,"href":"https:\/\/buletin.de\/bucuresti\/wp-json\/wp\/v2\/posts\/145708\/revisions\/145726"}],"wp:featuredmedia":[{"embeddable":true,"href":"https:\/\/buletin.de\/bucuresti\/wp-json\/wp\/v2\/media\/145710"}],"wp:attachment":[{"href":"https:\/\/buletin.de\/bucuresti\/wp-json\/wp\/v2\/media?parent=145708"}],"wp:term":[{"taxonomy":"category","embeddable":true,"href":"https:\/\/buletin.de\/bucuresti\/wp-json\/wp\/v2\/categories?post=145708"},{"taxonomy":"post_tag","embeddable":true,"href":"https:\/\/buletin.de\/bucuresti\/wp-json\/wp\/v2\/tags?post=145708"},{"taxonomy":"author","embeddable":true,"href":"https:\/\/buletin.de\/bucuresti\/wp-json\/wp\/v2\/ppma_author?post=145708"}],"curies":[{"name":"wp","href":"https:\/\/api.w.org\/{rel}","templated":true}]}}