{"id":145486,"date":"2025-08-28T12:52:53","date_gmt":"2025-08-28T09:52:53","guid":{"rendered":"https:\/\/buletin.de\/bucuresti\/?p=145486"},"modified":"2025-08-28T13:22:16","modified_gmt":"2025-08-28T10:22:16","slug":"sector-1-scrisoare-deschisa-pentru-parcul-kiseleff-nu-vrem-parc-privat-primaria-planuieste-organizarea-unui-parc-tematic-sezonier-cu-acces-contra-cost","status":"publish","type":"post","link":"https:\/\/buletin.de\/bucuresti\/sector-1-scrisoare-deschisa-pentru-parcul-kiseleff-nu-vrem-parc-privat-primaria-planuieste-organizarea-unui-parc-tematic-sezonier-cu-acces-contra-cost\/","title":{"rendered":"Sector 1 |\u00a0Scrisoare deschis\u0103 pentru Parcul Kiseleff: \u201eNu vrem parc privat\u201d. Prim\u0103ria pl\u0103nuie\u0219te organizarea unui parc tematic sezonier, cu acces contra cost"},"content":{"rendered":"\n<p><strong>Peste 30 organiza\u021bii \u0219i grupuri civice au transmis o scrisoare deschis\u0103 c\u0103tre autorit\u0103\u021bile locale \u00een care solicit\u0103 \u201eoprirea privatiz\u0103rii Parcului Kiseleff\u201d. Reac\u021bia societ\u0103\u021bii civile vine \u00een urma planurilor Prim\u0103riei Sectorului 1 de a se asocia cu o firm\u0103 privat\u0103, Universum Event Architects, pentru a organiza un parc tematic sezonier, cu instala\u021bii luminoase \u0219i acces contra cost.<\/strong><\/p>\n\n\n\n<blockquote class=\"wp-block-quote is-layout-flow wp-block-quote-is-layout-flow\">\n<p>De aproape 200 de ani, Parcul Kiseleff este un spa\u021biu verde destinat \u00eentregii comunit\u0103\u021bi, accesibil gratis tuturor cet\u0103\u021benilor. Acesta a fost \u0219i trebuie s\u0103 fie interesul public \u00een continuare.<\/p>\n<cite>Citat din Scrisoarea Deschis\u0103 pentru Parcul Kiseleff<\/cite><\/blockquote>\n\n\n\n<p>Scrisoarea deschis\u0103 a fost ini\u021biat\u0103 de <a href=\"https:\/\/www.facebook.com\/grupulcivickiseleff\/posts\/pfbid0snagM8Ce14Xtf3zxX8SBbdUtGAe54LCSjHPri4BRZXykuZQNsgEyyJKBFEXQaoXvl?__cft__[0]=AZWfeAAVvUXGLcR7jORDyy-1LhNv8etqjpj0v1DlH0GFfzNQ_BLu2_dJTa2QjZ76adJlm0cFXesP-LQ8m8i0O-lnRZJfSmrLDmNzlmo684PIG2SHSogqF_qAQnJqNK9cRDvyX3wusyVe9o_KeAJ93tDxKK88qaJVxphU0uoWJATnb4BuHKMujONN1Qd05wNXPM8&amp;__tn__=%2CO%2CP-R\">Grupul de Ini\u021biativ\u0103 Civic\u0103 Kiseleff<\/a> \u0219i semnat\u0103 de alte 33 de asocia\u021bii \u0219i grupuri civice.<\/p>\n\n\n\n<p><strong>CITE\u0218TE \u0218I:<a href=\"https:\/\/buletin.de\/bucuresti\/45-de-organizatii-civice-si-de-mediu-cer-stoparea-deschiderii-drumului-din-padurea-baneasa-pentru-masini\"> Zeci de organiza\u021bii cer stoparea deschiderii drumului din P\u0103durea B\u0103neasa pentru ma\u0219ini<\/a><\/strong><\/p>\n\n\n\n<h2 class=\"wp-block-heading\" id=\"h-acces-contra-cost-in-parcul-kiseleff\">Acces contra cost \u00een Parcul Kiseleff<\/h2>\n\n\n\n<p><strong>Organiza\u021biile atrag aten\u021bia c\u0103 Parcul Kiseleff ar trebui s\u0103 r\u0103m\u00e2n\u0103 un spa\u021biu deschis \u0219i gratuit pentru toat\u0103 comunitatea, nu s\u0103 fie transformat \u00eentr-o atrac\u021bie comercial\u0103, la care accesul este condi\u021bionat de o tax\u0103 de intrare, timp de patru luni pe an.<\/strong><\/p>\n\n\n\n<p><em>\u201eAccesul devine discriminatoriu, \u00eentruc\u00e2t cet\u0103\u021benii cu venituri reduse sau cu nevoi speciale nu vor putea beneficia de parc \u00een perioada derul\u0103rii evenimentului (4 luni de zile pe an).<\/em><\/p>\n\n\n\n<p><em>Parcul, care ar trebui s\u0103 r\u0103m\u00e2n\u0103 un loc deschis \u0219i gratuit pentru toat\u0103 comunitatea, este par\u021bial \u201eprivatizat\u201d temporar, prin transformarea lui \u00eentr-o atrac\u021bie comercial\u0103 \u0219i un produs comercial\u201d<\/em>, au transmis semnatarii scrisorii.<\/p>\n\n\n\n<h2 class=\"wp-block-heading\" id=\"h-impactul-asupra-patrimoniului-verde\">Impactul asupra patrimoniului verde<\/h2>\n\n\n\n<p><strong>Mai mult, cet\u0103\u021benii \u0219i activi\u0219tii \u00ee\u0219i exprim\u0103 \u00eengrijorarea cu privire la impactul pe care un eveniment comercial de amploare l-ar putea avea asupra unui parc monument istoric, de la instala\u021biile luminoase \u0219i p\u00e2n\u0103 la num\u0103rul ridicat de vizitatori pe spa\u021biile verzi.<\/strong><\/p>\n\n\n\n<p><em>\u201eChiar dac\u0103 proiectul declar\u0103 c\u0103 folose\u0219te tehnologii prietenoase cu mediul, orice interven\u021bie de felul celor propuse \u00eentr-un parc istoric aduce prejudicii parcului prin:<\/em><\/p>\n\n\n\n<p><em>\u25cf montarea \u0219i demontarea infrastructurii tehnice,<br>\u25cf traficul sporit de vizitatori pe spa\u021biile verzi,<br>\u25cf expunerea vegeta\u021biei \u0219i faunei la lumin\u0103 artificial\u0103 intens\u0103 \u0219i la poluare sonor\u0103,<br>\u25cf afectarea solului, precum \u0219i a trunchiurilor \u0219i r\u0103d\u0103cinilor arborilor.<\/em><\/p>\n\n\n\n<p><em>Aceste riscuri nu pot fi complet eliminate \u0219i, odat\u0103 produs\u0103 deteriorarea vegeta\u021biei, impactul este ireversibil\u201d<\/em>, se mai precizeaz\u0103 \u00een scrisoarea deschis\u0103 pentru Parcul Kiseleff.<\/p>\n\n\n\n<p><strong>Semnatarii scrisorii solicit\u0103 respingerea proiectului parcului tematic at\u00e2t Prim\u0103riei Sectorului 1, c\u00e2t \u0219i Prim\u0103riei Capitalei \u0219i propun c\u00e2teva alternative pentru sprijinirea culturii, f\u0103r\u0103 limitarea accesului \u00eentr-un parc istoric<\/strong>.<\/p>\n\n\n\n<ul class=\"wp-block-list\">\n<li><em>\u201eutilizarea unor spa\u021bii dedicate evenimentelor din sector (ex. Romexpo, Romaero B\u0103neasa, stadioane, zone industriale dezafectate, terenuri neamenajate din Sector),<\/em><\/li>\n\n\n\n<li><em>organizarea de instala\u021bii de lumin\u0103 temporare \u00een pie\u021be, scuaruri sau zone pietonale, f\u0103r\u0103 restric\u021bionarea accesului \u00eentr-un parc protejat,<\/em><\/li>\n\n\n\n<li><em>integrarea unor festivaluri similare \u00een zone unde accesul publicului nu este condi\u021bionat prin plat\u0103.\u201d<\/em><\/li>\n<\/ul>\n\n\n\n<p>Scrisoarea poate fi citit\u0103 \u00een integralitate<a href=\"https:\/\/www.facebook.com\/grupulcivickiseleff\/posts\/pfbid0snagM8Ce14Xtf3zxX8SBbdUtGAe54LCSjHPri4BRZXykuZQNsgEyyJKBFEXQaoXvl?__cft__[0]=AZWfeAAVvUXGLcR7jORDyy-1LhNv8etqjpj0v1DlH0GFfzNQ_BLu2_dJTa2QjZ76adJlm0cFXesP-LQ8m8i0O-lnRZJfSmrLDmNzlmo684PIG2SHSogqF_qAQnJqNK9cRDvyX3wusyVe9o_KeAJ93tDxKK88qaJVxphU0uoWJATnb4BuHKMujONN1Qd05wNXPM8&amp;__tn__=%2CO%2CP-R\"> <strong>aici<\/strong><\/a>.<\/p>\n\n\n\n<h2 class=\"wp-block-heading\" id=\"h-un-proiect-in-acest-sens-a-fost-deja-aprobat\">Un proiect \u00een acest sens a fost deja aprobat<\/h2>\n\n\n\n<p><strong>Consilierii locali ai Sectorului 1 au aprobat deja un proiect de hot\u0103r\u00e2re prin care cer acordul municipalit\u0103\u021bii pentru a se asocia cu firma Universum Event Architects, \u00een vederea realiz\u0103rii unui parc tematic nocturn, intitulat \u201eLumina Park\u201d, cu intrare contra cost.<\/strong><\/p>\n\n\n\n<p>Este vorba despre un parteneriat pe trei ani, iar prima edi\u021bie ar urma s\u0103 se desf\u0103\u0219oare \u00een perioada 25 octombrie &#8211; 15 februarie. <\/p>\n\n\n\n<p>Concret, se propune amenajarea unui parc tematic nocturn cu \u201einstala\u021bii de lumin\u0103, art\u0103 digital\u0103 \u0219i elemente multimedia interactive\u201d \u00een Parcul Kiseleff, cu urm\u0103toarele activit\u0103\u021bi permanenete:<\/p>\n\n\n\n<ul class=\"wp-block-list\">\n<li><em>\u201eTraseu<strong> <\/strong>iluminat artistic, compus din aproximativ 30\u201340 de instala\u021bii luminoase de mari dimensiuni, structuri vizuale spectaculoase \u0219i proiec\u021bii tematice, integrate coerent \u00eentr-o poveste narativ\u0103;<\/em><\/li>\n\n\n\n<li><em>Elemente educative \u0219i informa\u021bionale, incluse \u00een decoruri \u0219i panouri tematice, cu mesaje despre sustenabilitate, protec\u021bia mediului, consumul eficient de energie \u0219i con\u0219tientizarea ecologic\u0103;<\/em><\/li>\n\n\n\n<li><em>Zon\u0103 de relaxare temporar\u0103, cu mobilier urban decorativ (b\u0103nci, structuri luminoase ambientale, instala\u021bii artistice recreative), special concepute pentru confortul vizitatorilor;<\/em><\/li>\n\n\n\n<li><em>Puncte de interes pentru copii \u0219i familii, incluz\u00e2nd instala\u021bii interactive, anima\u021bii vizuale, efecte sonore \u0219i jocuri de lumin\u0103 menite s\u0103 \u00eencurajeze curiozitatea, implicarea \u0219i dialogul \u00eentre genera\u021bii.\u201d<\/em><\/li>\n<\/ul>\n\n\n\n<p>Costurile ar urma s\u0103 fie acoperite \u00een integralitate de partenerul privat.<\/p>\n\n\n\n<p><strong>Intrarea va fi contra cost, \u00eens\u0103 proiectul de hot\u0103r\u00e2re nu ofer\u0103 detalii despre pre\u021bul biletelor.<\/strong> <\/p>\n\n\n\n<p>Se precizeaz\u0103 doar c\u0103 Universum Event Architects va acorda ni\u0219te vouchere gratuite pentru cet\u0103\u021benii Sectorului 1, dup\u0103 cum urmeaz\u0103:<\/p>\n\n\n\n<ul class=\"wp-block-list\">\n<li>30.000 de vouchere cu coduri unice (bilet copil + un bilet adult \u00eenso\u021bitor), distribuite prin unit\u0103\u021bile de \u00eenv\u0103\u021b\u0103m\u00e2nt din Sectorul 1, valabile \u00een zilele de luni\u2013joi, exclusiv pentru gr\u0103dini\u021be \u0219i clasele 0-VIII;<\/li>\n\n\n\n<li>postere cu coduri QR \u00een imobile reziden\u021biale din Sectorul 1, cu validarea domiciliului\/re\u0219edin\u021bei;<\/li>\n\n\n\n<li>1000 de vouchere VIP acordate de c\u0103tre Prim\u0103ria Sectorului 1, valabile pe orice interval orar \u0219i zi a s\u0103pt\u0103m\u00e2nii<\/li>\n<\/ul>\n\n\n\n<p><strong>Documentul nu precizeaz\u0103 dac\u0103 este vizat tot parcul sau doar o parte din Kiseleff, \u00eens\u0103 se men\u021bioneaz\u0103 c\u0103 timpul mediu de parcurgere al viitorului traseu ar urma s\u0103 fie de 30-45 minute.<\/strong><\/p>\n\n\n\n<p>Evenimentul Lumina Park se mai desf\u0103\u0219oar\u0103 \u0219i \u00een alte ora\u0219e europene, precum Praga, Viena sau Vilnius.<\/p>\n\n\n\n<p>Reporterii Buletin de Bucure\u0219ti s-au adresat Prim\u0103riei Sectorului 1 pentru un punct de vedere privind acuza\u021biile de privatizare a Parcului Kiseleff, precum \u0219i pentru detalii suplimentare privind costul biletelor sau o posibil\u0103 restric\u021bionare a accesului.<\/p>\n\n\n\n<h2 class=\"wp-block-heading\" id=\"h-dezbaterile-despre-targul-tematic-din-kiseleff\">Dezbaterile despre t\u00e2rgul tematic din Kiseleff<\/h2>\n\n\n\n<p><strong>O parte din \u00eengrijor\u0103rile cet\u0103\u021benilor au fost aduse \u00een discu\u021bie de consilierul USR Andrei Nicolaescu, care \u0219i-a exprimat dezacordul privind limitarea accesului \u00een Kiseleff, cu prec\u0103dere lu\u00e2nd \u00een considerare suprafa\u021ba mic\u0103 a parcului.<\/strong><\/p>\n\n\n\n<p><em>\u201eDup\u0103 p\u0103rerea mea \u0219i a grupului USR, acest proiect nu este benefic pentru cet\u0103\u021beni din cel pu\u021bin dou\u0103 puncte de vedere. Parcul Kiseleff este destul de mic, proiectul se face pe trei ani, din interiorul unui an, patru luni este ocupat de acest Lumina Park, care const\u0103 \u00een ni\u0219te instala\u021bii luminoase.<\/em><\/p>\n\n\n\n<p><em>Nici m\u0103car suprafa\u021ba nu este specificat\u0103, deci va fi \u00eengr\u0103dit, popula\u021bia nu va mai avea acces \u00een aceste patru luni acolo, c\u0103ci este cu plat\u0103. Se vor da gratuit 30.000 bilete distribuite \u00een \u0219coli, 10% din c\u00e2t se estimeaz\u0103 c\u0103 ar urma s\u0103 participe, doar c\u0103 \u00een \u0219coli, dup\u0103 cum cunoa\u0219tem, mul\u021bi nu locuiesc \u00een Sectorul 1.<\/em><\/p>\n\n\n\n<p><em>Locuitorii care sunt \u00een apropierea Parcului Kiseleff vor avea foarte mult de p\u0103gubit, intr\u0103 o dat\u0103, s\u0103 zicem gratuit \u0219i dup\u0103 nu mai au acces patru luni la acest parc. P\u0103rerea mea este c\u0103 evenimentul se preta pentru un spa\u021biu mult mai mare (&#8230;)\u201d, <\/em>a declarat Andrei Nicolaescu \u00een timpul \u0219edin\u021bei din 25 august.<\/p>\n\n\n\n<p><strong>R\u0103spunsul a venit din partea consilierului Iiberal Ion Enache, potrivit c\u0103ruia suprafa\u021ba de desf\u0103\u0219urare ar urma s\u0103 fie stabilit\u0103 dup\u0103 \u00eencheierea parteneriatului, iar accesul ar urma s\u0103 fie liber pe timpul zilei:<\/strong><\/p>\n\n\n\n<p><em>\u201eSe vor respecta toate normele de protec\u021bie a copacilor, pentru c\u0103 avem unul dintre cei mai buni speciali\u0219ti pe copaci \u0219i nu se va face \u00een tot parcul, zona se va stabili \u00een urma avizelor.<\/em><\/p>\n\n\n\n<p><em>Haide\u0163i s\u0103 vedem \u015fi beneficiile, o s\u0103 avem 30.000 accese gratuite. Totu\u015fi, noi nu mai cheltuim bani publici, e foarte important asta, \u015fi vom avea acces pe timpul zilei f\u0103r\u0103 intrare\u201d.<\/em><\/p>\n\n\n\n<p><strong>Proiectul a fost aprobat cu 16 voturi pentru, 6 \u00eempotriv\u0103 \u0219i 1 ab\u021binere \u00een timpul \u0219edin\u021bei Consiliului Local al Sectorului 1 din 25 august \u0219i urmeaz\u0103 s\u0103 fie supus la vot \u0219i \u00een Consiliul General.<\/strong><\/p>\n\n\n\n<p><strong>CITE\u0218TE \u0218I:<\/strong> <strong><a href=\"https:\/\/buletin.de\/bucuresti\/nou-sistem-de-monitorizare-a-poluarii-in-capitala-dupa-incendiul-de-la-dragonul-rosu\">Nou sistem de monitorizare a polu\u0103rii \u00een Capital\u0103, dup\u0103 incendiul de la Dragonul Ro\u0219u<\/a><\/strong><\/p>\n","protected":false},"excerpt":{"rendered":"<p>Peste 30 organiza\u021bii \u0219i grupuri civice au transmis o scrisoare deschis\u0103 c\u0103tre autorit\u0103\u021bile locale \u00een care solicit\u0103 \u201eoprirea privatiz\u0103rii Parcului Kiseleff\u201d. Reac\u021bia societ\u0103\u021bii civile vine \u00een urma planurilor Prim\u0103riei Sectorului 1 de a se asocia cu o firm\u0103 privat\u0103, Universum Event Architects, pentru a organiza un parc tematic sezonier, cu instala\u021bii luminoase \u0219i acces contra [&hellip;]<\/p>\n","protected":false},"author":55,"featured_media":145530,"comment_status":"closed","ping_status":"open","sticky":false,"template":"","format":"standard","meta":{"_acf_changed":false,"inline_featured_image":false,"ngg_post_thumbnail":0,"footnotes":""},"categories":[6994,5762,109,24],"tags":[23509,23508,2275,23510,269,23511,308,23512],"ppma_author":[22573],"class_list":["post-145486","post","type-post","status-publish","format-standard","has-post-thumbnail","hentry","category-stiri-2","category-main","category-mediu","category-primarie","tag-acces-contra-cost","tag-lumina-park","tag-monumente-istorice","tag-parc-kiseleff","tag-primaria-sectorului-1","tag-scrisoarea-deschisa-kiseleff","tag-sector-1","tag-universum-event-architects"],"acf":[],"yoast_head":"<!-- This site is optimized with the Yoast SEO Premium plugin v25.3 (Yoast SEO v27.4) - https:\/\/yoast.com\/product\/yoast-seo-premium-wordpress\/ -->\n<title>Sector 1 |\u00a0Scrisoare deschis\u0103 pentru Parcul Kiseleff: \u201eNu vrem parc privat\u201d. Prim\u0103ria pl\u0103nuie\u0219te organizarea unui parc tematic sezonier, cu acces contra cost - Buletin de Bucure\u0219ti<\/title>\n<meta name=\"description\" content=\"Scrisoare deschis\u0103 pentru Parcul Kiseleff. Prim\u0103ria pl\u0103nuie\u0219te organizarea unui parc tematic sezonier, cu acces contra cost.\" \/>\n<meta name=\"robots\" content=\"index, follow, max-snippet:-1, max-image-preview:large, max-video-preview:-1\" \/>\n<link rel=\"canonical\" href=\"https:\/\/buletin.de\/bucuresti\/sector-1-scrisoare-deschisa-pentru-parcul-kiseleff-nu-vrem-parc-privat-primaria-planuieste-organizarea-unui-parc-tematic-sezonier-cu-acces-contra-cost\/\" \/>\n<meta property=\"og:locale\" content=\"en_GB\" \/>\n<meta property=\"og:type\" content=\"article\" \/>\n<meta property=\"og:title\" content=\"Sector 1 |\u00a0Scrisoare deschis\u0103 pentru Parcul Kiseleff: \u201eNu vrem parc privat\u201d. Prim\u0103ria pl\u0103nuie\u0219te organizarea unui parc tematic sezonier, cu acces contra cost\" \/>\n<meta property=\"og:description\" content=\"Scrisoare deschis\u0103 pentru Parcul Kiseleff. Prim\u0103ria pl\u0103nuie\u0219te organizarea unui parc tematic sezonier, cu acces contra cost.\" \/>\n<meta property=\"og:url\" content=\"https:\/\/buletin.de\/bucuresti\/sector-1-scrisoare-deschisa-pentru-parcul-kiseleff-nu-vrem-parc-privat-primaria-planuieste-organizarea-unui-parc-tematic-sezonier-cu-acces-contra-cost\/\" \/>\n<meta property=\"og:site_name\" content=\"Buletin de Bucure\u0219ti\" \/>\n<meta property=\"article:publisher\" content=\"https:\/\/www.facebook.com\/buletin.de.buc\" \/>\n<meta property=\"article:published_time\" content=\"2025-08-28T09:52:53+00:00\" \/>\n<meta property=\"article:modified_time\" content=\"2025-08-28T10:22:16+00:00\" \/>\n<meta property=\"og:image\" content=\"https:\/\/buletin.de\/bucuresti\/wp-content\/uploads\/2025\/08\/image_2025-08-28_122152303.png\" \/>\n\t<meta property=\"og:image:width\" content=\"1228\" \/>\n\t<meta property=\"og:image:height\" content=\"864\" \/>\n\t<meta property=\"og:image:type\" content=\"image\/png\" \/>\n<meta name=\"author\" content=\"Andreea Tudor\" \/>\n<meta name=\"twitter:card\" content=\"summary_large_image\" \/>\n<meta name=\"twitter:label1\" content=\"Written by\" \/>\n\t<meta name=\"twitter:data1\" content=\"Andreea Tudor\" \/>\n\t<meta name=\"twitter:label2\" content=\"Estimated reading time\" \/>\n\t<meta name=\"twitter:data2\" content=\"6 minutes\" \/>\n<script type=\"application\/ld+json\" class=\"yoast-schema-graph\">{\"@context\":\"https:\\\/\\\/schema.org\",\"@graph\":[{\"@type\":\"Article\",\"@id\":\"https:\\\/\\\/buletin.de\\\/bucuresti\\\/sector-1-scrisoare-deschisa-pentru-parcul-kiseleff-nu-vrem-parc-privat-primaria-planuieste-organizarea-unui-parc-tematic-sezonier-cu-acces-contra-cost\\\/#article\",\"isPartOf\":{\"@id\":\"https:\\\/\\\/buletin.de\\\/bucuresti\\\/sector-1-scrisoare-deschisa-pentru-parcul-kiseleff-nu-vrem-parc-privat-primaria-planuieste-organizarea-unui-parc-tematic-sezonier-cu-acces-contra-cost\\\/\"},\"author\":{\"name\":\"Andreea Tudor\",\"@id\":\"https:\\\/\\\/buletin.de\\\/bucuresti\\\/#\\\/schema\\\/person\\\/150590659efde715459d159da012f501\"},\"headline\":\"Sector 1 |\u00a0Scrisoare deschis\u0103 pentru Parcul Kiseleff: \u201eNu vrem parc privat\u201d. Prim\u0103ria pl\u0103nuie\u0219te organizarea unui parc tematic sezonier, cu acces contra cost\",\"datePublished\":\"2025-08-28T09:52:53+00:00\",\"dateModified\":\"2025-08-28T10:22:16+00:00\",\"mainEntityOfPage\":{\"@id\":\"https:\\\/\\\/buletin.de\\\/bucuresti\\\/sector-1-scrisoare-deschisa-pentru-parcul-kiseleff-nu-vrem-parc-privat-primaria-planuieste-organizarea-unui-parc-tematic-sezonier-cu-acces-contra-cost\\\/\"},\"wordCount\":1318,\"publisher\":{\"@id\":\"https:\\\/\\\/buletin.de\\\/bucuresti\\\/#organization\"},\"image\":{\"@id\":\"https:\\\/\\\/buletin.de\\\/bucuresti\\\/sector-1-scrisoare-deschisa-pentru-parcul-kiseleff-nu-vrem-parc-privat-primaria-planuieste-organizarea-unui-parc-tematic-sezonier-cu-acces-contra-cost\\\/#primaryimage\"},\"thumbnailUrl\":\"https:\\\/\\\/buletin.de\\\/bucuresti\\\/wp-content\\\/uploads\\\/2025\\\/08\\\/image_2025-08-28_122152303.png\",\"keywords\":[\"acces contra cost\",\"lumina park\",\"monumente istorice\",\"parc kiseleff\",\"primaria sectorului 1\",\"scrisoarea deschisa kiseleff\",\"Sector 1\",\"Universum Event Architects\"],\"articleSection\":[\"Articole\",\"Main\",\"Mediu\",\"Prim\u0103rie\"],\"inLanguage\":\"en-GB\",\"copyrightYear\":\"2025\",\"copyrightHolder\":{\"@id\":\"https:\\\/\\\/buletin.de\\\/bucuresti\\\/#organization\"}},{\"@type\":\"WebPage\",\"@id\":\"https:\\\/\\\/buletin.de\\\/bucuresti\\\/sector-1-scrisoare-deschisa-pentru-parcul-kiseleff-nu-vrem-parc-privat-primaria-planuieste-organizarea-unui-parc-tematic-sezonier-cu-acces-contra-cost\\\/\",\"url\":\"https:\\\/\\\/buletin.de\\\/bucuresti\\\/sector-1-scrisoare-deschisa-pentru-parcul-kiseleff-nu-vrem-parc-privat-primaria-planuieste-organizarea-unui-parc-tematic-sezonier-cu-acces-contra-cost\\\/\",\"name\":\"Sector 1 |\u00a0Scrisoare deschis\u0103 pentru Parcul Kiseleff: \u201eNu vrem parc privat\u201d. Prim\u0103ria pl\u0103nuie\u0219te organizarea unui parc tematic sezonier, cu acces contra cost - Buletin de Bucure\u0219ti\",\"isPartOf\":{\"@id\":\"https:\\\/\\\/buletin.de\\\/bucuresti\\\/#website\"},\"primaryImageOfPage\":{\"@id\":\"https:\\\/\\\/buletin.de\\\/bucuresti\\\/sector-1-scrisoare-deschisa-pentru-parcul-kiseleff-nu-vrem-parc-privat-primaria-planuieste-organizarea-unui-parc-tematic-sezonier-cu-acces-contra-cost\\\/#primaryimage\"},\"image\":{\"@id\":\"https:\\\/\\\/buletin.de\\\/bucuresti\\\/sector-1-scrisoare-deschisa-pentru-parcul-kiseleff-nu-vrem-parc-privat-primaria-planuieste-organizarea-unui-parc-tematic-sezonier-cu-acces-contra-cost\\\/#primaryimage\"},\"thumbnailUrl\":\"https:\\\/\\\/buletin.de\\\/bucuresti\\\/wp-content\\\/uploads\\\/2025\\\/08\\\/image_2025-08-28_122152303.png\",\"datePublished\":\"2025-08-28T09:52:53+00:00\",\"dateModified\":\"2025-08-28T10:22:16+00:00\",\"description\":\"Scrisoare deschis\u0103 pentru Parcul Kiseleff. Prim\u0103ria pl\u0103nuie\u0219te organizarea unui parc tematic sezonier, cu acces contra cost.\",\"breadcrumb\":{\"@id\":\"https:\\\/\\\/buletin.de\\\/bucuresti\\\/sector-1-scrisoare-deschisa-pentru-parcul-kiseleff-nu-vrem-parc-privat-primaria-planuieste-organizarea-unui-parc-tematic-sezonier-cu-acces-contra-cost\\\/#breadcrumb\"},\"inLanguage\":\"en-GB\",\"potentialAction\":[{\"@type\":\"ReadAction\",\"target\":[\"https:\\\/\\\/buletin.de\\\/bucuresti\\\/sector-1-scrisoare-deschisa-pentru-parcul-kiseleff-nu-vrem-parc-privat-primaria-planuieste-organizarea-unui-parc-tematic-sezonier-cu-acces-contra-cost\\\/\"]}]},{\"@type\":\"ImageObject\",\"inLanguage\":\"en-GB\",\"@id\":\"https:\\\/\\\/buletin.de\\\/bucuresti\\\/sector-1-scrisoare-deschisa-pentru-parcul-kiseleff-nu-vrem-parc-privat-primaria-planuieste-organizarea-unui-parc-tematic-sezonier-cu-acces-contra-cost\\\/#primaryimage\",\"url\":\"https:\\\/\\\/buletin.de\\\/bucuresti\\\/wp-content\\\/uploads\\\/2025\\\/08\\\/image_2025-08-28_122152303.png\",\"contentUrl\":\"https:\\\/\\\/buletin.de\\\/bucuresti\\\/wp-content\\\/uploads\\\/2025\\\/08\\\/image_2025-08-28_122152303.png\",\"width\":1228,\"height\":864,\"caption\":\"Parcul Kiseleff. Google Maps\"},{\"@type\":\"BreadcrumbList\",\"@id\":\"https:\\\/\\\/buletin.de\\\/bucuresti\\\/sector-1-scrisoare-deschisa-pentru-parcul-kiseleff-nu-vrem-parc-privat-primaria-planuieste-organizarea-unui-parc-tematic-sezonier-cu-acces-contra-cost\\\/#breadcrumb\",\"itemListElement\":[{\"@type\":\"ListItem\",\"position\":1,\"name\":\"Acas\u0103\",\"item\":\"https:\\\/\\\/buletin.de\\\/bucuresti\\\/\"},{\"@type\":\"ListItem\",\"position\":2,\"name\":\"Sector 1 |\u00a0Scrisoare deschis\u0103 pentru Parcul Kiseleff: \u201eNu vrem parc privat\u201d. Prim\u0103ria pl\u0103nuie\u0219te organizarea unui parc tematic sezonier, cu acces contra cost\"}]},{\"@type\":\"WebSite\",\"@id\":\"https:\\\/\\\/buletin.de\\\/bucuresti\\\/#website\",\"url\":\"https:\\\/\\\/buletin.de\\\/bucuresti\\\/\",\"name\":\"Buletin de Bucure\u0219ti\",\"description\":\"\u0218tiri \u0219i investiga\u021bii esen\u021biale din capital\u0103\",\"publisher\":{\"@id\":\"https:\\\/\\\/buletin.de\\\/bucuresti\\\/#organization\"},\"potentialAction\":[{\"@type\":\"SearchAction\",\"target\":{\"@type\":\"EntryPoint\",\"urlTemplate\":\"https:\\\/\\\/buletin.de\\\/bucuresti\\\/?s={search_term_string}\"},\"query-input\":{\"@type\":\"PropertyValueSpecification\",\"valueRequired\":true,\"valueName\":\"search_term_string\"}}],\"inLanguage\":\"en-GB\"},{\"@type\":\"Organization\",\"@id\":\"https:\\\/\\\/buletin.de\\\/bucuresti\\\/#organization\",\"name\":\"Buletin de Bucure\u0219ti\",\"url\":\"https:\\\/\\\/buletin.de\\\/bucuresti\\\/\",\"logo\":{\"@type\":\"ImageObject\",\"inLanguage\":\"en-GB\",\"@id\":\"https:\\\/\\\/buletin.de\\\/bucuresti\\\/#\\\/schema\\\/logo\\\/image\\\/\",\"url\":\"https:\\\/\\\/buletin.de\\\/bucuresti\\\/wp-content\\\/uploads\\\/logo-bdb-full-wide-vernil-transparent.png\",\"contentUrl\":\"https:\\\/\\\/buletin.de\\\/bucuresti\\\/wp-content\\\/uploads\\\/logo-bdb-full-wide-vernil-transparent.png\",\"width\":1782,\"height\":626,\"caption\":\"Buletin de Bucure\u0219ti\"},\"image\":{\"@id\":\"https:\\\/\\\/buletin.de\\\/bucuresti\\\/#\\\/schema\\\/logo\\\/image\\\/\"},\"sameAs\":[\"https:\\\/\\\/www.facebook.com\\\/buletin.de.buc\",\"https:\\\/\\\/www.instagram.com\\\/buletinde.bucuresti\\\/\"]},{\"@type\":\"Person\",\"@id\":\"https:\\\/\\\/buletin.de\\\/bucuresti\\\/#\\\/schema\\\/person\\\/150590659efde715459d159da012f501\",\"name\":\"Andreea Tudor\",\"image\":{\"@type\":\"ImageObject\",\"inLanguage\":\"en-GB\",\"@id\":\"https:\\\/\\\/secure.gravatar.com\\\/avatar\\\/a88705a186ab0b67f3349bcbced506c09e37256fbaad0e7f3bd1a79b4599f589?s=96&d=monsterid&r=g79290610aa1a65c2b86eebc2ca5aee8f\",\"url\":\"https:\\\/\\\/secure.gravatar.com\\\/avatar\\\/a88705a186ab0b67f3349bcbced506c09e37256fbaad0e7f3bd1a79b4599f589?s=96&d=monsterid&r=g\",\"contentUrl\":\"https:\\\/\\\/secure.gravatar.com\\\/avatar\\\/a88705a186ab0b67f3349bcbced506c09e37256fbaad0e7f3bd1a79b4599f589?s=96&d=monsterid&r=g\",\"caption\":\"Andreea Tudor\"},\"description\":\"N\u0103scut\u0103 \u0219i crescut\u0103 \u00een Bucure\u0219ti, sus\u021bin\u0103toare a presei independente. A\u0219a am ajuns redactor la Buletin de Bucure\u0219ti. Fiind eu, \u00eens\u0103mi, parte a sistemului de \u00eenv\u0103\u021b\u0103m\u00e2nt rom\u00e2nesc \u0219i pasionat\u0103 de domeniul social, pun sub lup\u0103 tot ceea ce se \u00eent\u00e2mpl\u0103 \u00een sfera educa\u021biei. Cred cu t\u0103rie c\u0103 presa \u201epentru cet\u0103\u021beni\u201d este presa independent\u0103. Oamenii au nevoie de o informare corect\u0103 pentru a \u00een\u021belege pe deplin ce se \u00eent\u00e2mpl\u0103 \u00een jurul lor \u0219i pentru a lua ac\u021biune \u00eempotriva nedrept\u0103\u021bilor.\",\"url\":\"https:\\\/\\\/buletin.de\\\/bucuresti\\\/author\\\/andreeatudor\\\/\"}]}<\/script>\n<!-- \/ Yoast SEO Premium plugin. -->","yoast_head_json":{"title":"Sector 1 |\u00a0Scrisoare deschis\u0103 pentru Parcul Kiseleff: \u201eNu vrem parc privat\u201d. Prim\u0103ria pl\u0103nuie\u0219te organizarea unui parc tematic sezonier, cu acces contra cost - Buletin de Bucure\u0219ti","description":"Scrisoare deschis\u0103 pentru Parcul Kiseleff. Prim\u0103ria pl\u0103nuie\u0219te organizarea unui parc tematic sezonier, cu acces contra cost.","robots":{"index":"index","follow":"follow","max-snippet":"max-snippet:-1","max-image-preview":"max-image-preview:large","max-video-preview":"max-video-preview:-1"},"canonical":"https:\/\/buletin.de\/bucuresti\/sector-1-scrisoare-deschisa-pentru-parcul-kiseleff-nu-vrem-parc-privat-primaria-planuieste-organizarea-unui-parc-tematic-sezonier-cu-acces-contra-cost\/","og_locale":"en_GB","og_type":"article","og_title":"Sector 1 |\u00a0Scrisoare deschis\u0103 pentru Parcul Kiseleff: \u201eNu vrem parc privat\u201d. Prim\u0103ria pl\u0103nuie\u0219te organizarea unui parc tematic sezonier, cu acces contra cost","og_description":"Scrisoare deschis\u0103 pentru Parcul Kiseleff. Prim\u0103ria pl\u0103nuie\u0219te organizarea unui parc tematic sezonier, cu acces contra cost.","og_url":"https:\/\/buletin.de\/bucuresti\/sector-1-scrisoare-deschisa-pentru-parcul-kiseleff-nu-vrem-parc-privat-primaria-planuieste-organizarea-unui-parc-tematic-sezonier-cu-acces-contra-cost\/","og_site_name":"Buletin de Bucure\u0219ti","article_publisher":"https:\/\/www.facebook.com\/buletin.de.buc","article_published_time":"2025-08-28T09:52:53+00:00","article_modified_time":"2025-08-28T10:22:16+00:00","og_image":[{"width":1228,"height":864,"url":"https:\/\/buletin.de\/bucuresti\/wp-content\/uploads\/2025\/08\/image_2025-08-28_122152303.png","type":"image\/png"}],"author":"Andreea Tudor","twitter_card":"summary_large_image","twitter_misc":{"Written by":"Andreea Tudor","Estimated reading time":"6 minutes"},"schema":{"@context":"https:\/\/schema.org","@graph":[{"@type":"Article","@id":"https:\/\/buletin.de\/bucuresti\/sector-1-scrisoare-deschisa-pentru-parcul-kiseleff-nu-vrem-parc-privat-primaria-planuieste-organizarea-unui-parc-tematic-sezonier-cu-acces-contra-cost\/#article","isPartOf":{"@id":"https:\/\/buletin.de\/bucuresti\/sector-1-scrisoare-deschisa-pentru-parcul-kiseleff-nu-vrem-parc-privat-primaria-planuieste-organizarea-unui-parc-tematic-sezonier-cu-acces-contra-cost\/"},"author":{"name":"Andreea Tudor","@id":"https:\/\/buletin.de\/bucuresti\/#\/schema\/person\/150590659efde715459d159da012f501"},"headline":"Sector 1 |\u00a0Scrisoare deschis\u0103 pentru Parcul Kiseleff: \u201eNu vrem parc privat\u201d. Prim\u0103ria pl\u0103nuie\u0219te organizarea unui parc tematic sezonier, cu acces contra cost","datePublished":"2025-08-28T09:52:53+00:00","dateModified":"2025-08-28T10:22:16+00:00","mainEntityOfPage":{"@id":"https:\/\/buletin.de\/bucuresti\/sector-1-scrisoare-deschisa-pentru-parcul-kiseleff-nu-vrem-parc-privat-primaria-planuieste-organizarea-unui-parc-tematic-sezonier-cu-acces-contra-cost\/"},"wordCount":1318,"publisher":{"@id":"https:\/\/buletin.de\/bucuresti\/#organization"},"image":{"@id":"https:\/\/buletin.de\/bucuresti\/sector-1-scrisoare-deschisa-pentru-parcul-kiseleff-nu-vrem-parc-privat-primaria-planuieste-organizarea-unui-parc-tematic-sezonier-cu-acces-contra-cost\/#primaryimage"},"thumbnailUrl":"https:\/\/buletin.de\/bucuresti\/wp-content\/uploads\/2025\/08\/image_2025-08-28_122152303.png","keywords":["acces contra cost","lumina park","monumente istorice","parc kiseleff","primaria sectorului 1","scrisoarea deschisa kiseleff","Sector 1","Universum Event Architects"],"articleSection":["Articole","Main","Mediu","Prim\u0103rie"],"inLanguage":"en-GB","copyrightYear":"2025","copyrightHolder":{"@id":"https:\/\/buletin.de\/bucuresti\/#organization"}},{"@type":"WebPage","@id":"https:\/\/buletin.de\/bucuresti\/sector-1-scrisoare-deschisa-pentru-parcul-kiseleff-nu-vrem-parc-privat-primaria-planuieste-organizarea-unui-parc-tematic-sezonier-cu-acces-contra-cost\/","url":"https:\/\/buletin.de\/bucuresti\/sector-1-scrisoare-deschisa-pentru-parcul-kiseleff-nu-vrem-parc-privat-primaria-planuieste-organizarea-unui-parc-tematic-sezonier-cu-acces-contra-cost\/","name":"Sector 1 |\u00a0Scrisoare deschis\u0103 pentru Parcul Kiseleff: \u201eNu vrem parc privat\u201d. Prim\u0103ria pl\u0103nuie\u0219te organizarea unui parc tematic sezonier, cu acces contra cost - Buletin de Bucure\u0219ti","isPartOf":{"@id":"https:\/\/buletin.de\/bucuresti\/#website"},"primaryImageOfPage":{"@id":"https:\/\/buletin.de\/bucuresti\/sector-1-scrisoare-deschisa-pentru-parcul-kiseleff-nu-vrem-parc-privat-primaria-planuieste-organizarea-unui-parc-tematic-sezonier-cu-acces-contra-cost\/#primaryimage"},"image":{"@id":"https:\/\/buletin.de\/bucuresti\/sector-1-scrisoare-deschisa-pentru-parcul-kiseleff-nu-vrem-parc-privat-primaria-planuieste-organizarea-unui-parc-tematic-sezonier-cu-acces-contra-cost\/#primaryimage"},"thumbnailUrl":"https:\/\/buletin.de\/bucuresti\/wp-content\/uploads\/2025\/08\/image_2025-08-28_122152303.png","datePublished":"2025-08-28T09:52:53+00:00","dateModified":"2025-08-28T10:22:16+00:00","description":"Scrisoare deschis\u0103 pentru Parcul Kiseleff. Prim\u0103ria pl\u0103nuie\u0219te organizarea unui parc tematic sezonier, cu acces contra cost.","breadcrumb":{"@id":"https:\/\/buletin.de\/bucuresti\/sector-1-scrisoare-deschisa-pentru-parcul-kiseleff-nu-vrem-parc-privat-primaria-planuieste-organizarea-unui-parc-tematic-sezonier-cu-acces-contra-cost\/#breadcrumb"},"inLanguage":"en-GB","potentialAction":[{"@type":"ReadAction","target":["https:\/\/buletin.de\/bucuresti\/sector-1-scrisoare-deschisa-pentru-parcul-kiseleff-nu-vrem-parc-privat-primaria-planuieste-organizarea-unui-parc-tematic-sezonier-cu-acces-contra-cost\/"]}]},{"@type":"ImageObject","inLanguage":"en-GB","@id":"https:\/\/buletin.de\/bucuresti\/sector-1-scrisoare-deschisa-pentru-parcul-kiseleff-nu-vrem-parc-privat-primaria-planuieste-organizarea-unui-parc-tematic-sezonier-cu-acces-contra-cost\/#primaryimage","url":"https:\/\/buletin.de\/bucuresti\/wp-content\/uploads\/2025\/08\/image_2025-08-28_122152303.png","contentUrl":"https:\/\/buletin.de\/bucuresti\/wp-content\/uploads\/2025\/08\/image_2025-08-28_122152303.png","width":1228,"height":864,"caption":"Parcul Kiseleff. Google Maps"},{"@type":"BreadcrumbList","@id":"https:\/\/buletin.de\/bucuresti\/sector-1-scrisoare-deschisa-pentru-parcul-kiseleff-nu-vrem-parc-privat-primaria-planuieste-organizarea-unui-parc-tematic-sezonier-cu-acces-contra-cost\/#breadcrumb","itemListElement":[{"@type":"ListItem","position":1,"name":"Acas\u0103","item":"https:\/\/buletin.de\/bucuresti\/"},{"@type":"ListItem","position":2,"name":"Sector 1 |\u00a0Scrisoare deschis\u0103 pentru Parcul Kiseleff: \u201eNu vrem parc privat\u201d. Prim\u0103ria pl\u0103nuie\u0219te organizarea unui parc tematic sezonier, cu acces contra cost"}]},{"@type":"WebSite","@id":"https:\/\/buletin.de\/bucuresti\/#website","url":"https:\/\/buletin.de\/bucuresti\/","name":"Buletin de Bucure\u0219ti","description":"\u0218tiri \u0219i investiga\u021bii esen\u021biale din capital\u0103","publisher":{"@id":"https:\/\/buletin.de\/bucuresti\/#organization"},"potentialAction":[{"@type":"SearchAction","target":{"@type":"EntryPoint","urlTemplate":"https:\/\/buletin.de\/bucuresti\/?s={search_term_string}"},"query-input":{"@type":"PropertyValueSpecification","valueRequired":true,"valueName":"search_term_string"}}],"inLanguage":"en-GB"},{"@type":"Organization","@id":"https:\/\/buletin.de\/bucuresti\/#organization","name":"Buletin de Bucure\u0219ti","url":"https:\/\/buletin.de\/bucuresti\/","logo":{"@type":"ImageObject","inLanguage":"en-GB","@id":"https:\/\/buletin.de\/bucuresti\/#\/schema\/logo\/image\/","url":"https:\/\/buletin.de\/bucuresti\/wp-content\/uploads\/logo-bdb-full-wide-vernil-transparent.png","contentUrl":"https:\/\/buletin.de\/bucuresti\/wp-content\/uploads\/logo-bdb-full-wide-vernil-transparent.png","width":1782,"height":626,"caption":"Buletin de Bucure\u0219ti"},"image":{"@id":"https:\/\/buletin.de\/bucuresti\/#\/schema\/logo\/image\/"},"sameAs":["https:\/\/www.facebook.com\/buletin.de.buc","https:\/\/www.instagram.com\/buletinde.bucuresti\/"]},{"@type":"Person","@id":"https:\/\/buletin.de\/bucuresti\/#\/schema\/person\/150590659efde715459d159da012f501","name":"Andreea Tudor","image":{"@type":"ImageObject","inLanguage":"en-GB","@id":"https:\/\/secure.gravatar.com\/avatar\/a88705a186ab0b67f3349bcbced506c09e37256fbaad0e7f3bd1a79b4599f589?s=96&d=monsterid&r=g79290610aa1a65c2b86eebc2ca5aee8f","url":"https:\/\/secure.gravatar.com\/avatar\/a88705a186ab0b67f3349bcbced506c09e37256fbaad0e7f3bd1a79b4599f589?s=96&d=monsterid&r=g","contentUrl":"https:\/\/secure.gravatar.com\/avatar\/a88705a186ab0b67f3349bcbced506c09e37256fbaad0e7f3bd1a79b4599f589?s=96&d=monsterid&r=g","caption":"Andreea Tudor"},"description":"N\u0103scut\u0103 \u0219i crescut\u0103 \u00een Bucure\u0219ti, sus\u021bin\u0103toare a presei independente. A\u0219a am ajuns redactor la Buletin de Bucure\u0219ti. Fiind eu, \u00eens\u0103mi, parte a sistemului de \u00eenv\u0103\u021b\u0103m\u00e2nt rom\u00e2nesc \u0219i pasionat\u0103 de domeniul social, pun sub lup\u0103 tot ceea ce se \u00eent\u00e2mpl\u0103 \u00een sfera educa\u021biei. Cred cu t\u0103rie c\u0103 presa \u201epentru cet\u0103\u021beni\u201d este presa independent\u0103. Oamenii au nevoie de o informare corect\u0103 pentru a \u00een\u021belege pe deplin ce se \u00eent\u00e2mpl\u0103 \u00een jurul lor \u0219i pentru a lua ac\u021biune \u00eempotriva nedrept\u0103\u021bilor.","url":"https:\/\/buletin.de\/bucuresti\/author\/andreeatudor\/"}]}},"authors":[{"term_id":22573,"user_id":55,"is_guest":0,"slug":"andreeatudor","display_name":"Andreea Tudor","avatar_url":"https:\/\/secure.gravatar.com\/avatar\/a88705a186ab0b67f3349bcbced506c09e37256fbaad0e7f3bd1a79b4599f589?s=96&d=monsterid&r=g","0":null,"1":"","2":"","3":"","4":"","5":"","6":"","7":"","8":""}],"_links":{"self":[{"href":"https:\/\/buletin.de\/bucuresti\/wp-json\/wp\/v2\/posts\/145486","targetHints":{"allow":["GET"]}}],"collection":[{"href":"https:\/\/buletin.de\/bucuresti\/wp-json\/wp\/v2\/posts"}],"about":[{"href":"https:\/\/buletin.de\/bucuresti\/wp-json\/wp\/v2\/types\/post"}],"author":[{"embeddable":true,"href":"https:\/\/buletin.de\/bucuresti\/wp-json\/wp\/v2\/users\/55"}],"replies":[{"embeddable":true,"href":"https:\/\/buletin.de\/bucuresti\/wp-json\/wp\/v2\/comments?post=145486"}],"version-history":[{"count":15,"href":"https:\/\/buletin.de\/bucuresti\/wp-json\/wp\/v2\/posts\/145486\/revisions"}],"predecessor-version":[{"id":145543,"href":"https:\/\/buletin.de\/bucuresti\/wp-json\/wp\/v2\/posts\/145486\/revisions\/145543"}],"wp:featuredmedia":[{"embeddable":true,"href":"https:\/\/buletin.de\/bucuresti\/wp-json\/wp\/v2\/media\/145530"}],"wp:attachment":[{"href":"https:\/\/buletin.de\/bucuresti\/wp-json\/wp\/v2\/media?parent=145486"}],"wp:term":[{"taxonomy":"category","embeddable":true,"href":"https:\/\/buletin.de\/bucuresti\/wp-json\/wp\/v2\/categories?post=145486"},{"taxonomy":"post_tag","embeddable":true,"href":"https:\/\/buletin.de\/bucuresti\/wp-json\/wp\/v2\/tags?post=145486"},{"taxonomy":"author","embeddable":true,"href":"https:\/\/buletin.de\/bucuresti\/wp-json\/wp\/v2\/ppma_author?post=145486"}],"curies":[{"name":"wp","href":"https:\/\/api.w.org\/{rel}","templated":true}]}}