{"id":145475,"date":"2025-08-30T12:59:20","date_gmt":"2025-08-30T09:59:20","guid":{"rendered":"https:\/\/buletin.de\/bucuresti\/?p=145475"},"modified":"2025-08-30T13:27:45","modified_gmt":"2025-08-30T10:27:45","slug":"sector-2-inca-doua-milioane-de-lei-pentru-catedrala-mantuirii-neamului-la-cererea-patriarhiei-alti-560-000-lei-impartiti-intre-patru-biserici-din-sector","status":"publish","type":"post","link":"https:\/\/buletin.de\/bucuresti\/sector-2-inca-doua-milioane-de-lei-pentru-catedrala-mantuirii-neamului-la-cererea-patriarhiei-alti-560-000-lei-impartiti-intre-patru-biserici-din-sector\/","title":{"rendered":"Sector 2 | \u00cenc\u0103 dou\u0103 milioane de lei pentru Catedrala M\u00e2ntuirii Neamului, la cererea Patriarhiei. Al\u021bi 560.000 lei, \u00eemp\u0103r\u021bi\u021bi \u00eentre patru biserici din sector"},"content":{"rendered":"\n<p><strong>\u00cenc\u0103 dou\u0103 milioane lei vor pleca din bugetul local al Sectorului 2 c\u0103tre Patriarhia Rom\u00e2n\u0103, pentru continuarea lucr\u0103rilor la Catedrala M\u00e2ntuirii Neamului, potrivit unei hot\u0103r\u00e2ri adoptate \u00een <a href=\"https:\/\/public.ps2.ro\/Administratie%20Publica%20Locala\/Proiecte%20CLS2\/2025\/2025-08-29%20SEDINTA%20ORDINARA%2010.00\">\u0219edin\u021ba Consiliului Local de vineri, 29 august<\/a>.<\/strong><\/p>\n\n\n\n<h2 class=\"wp-block-heading\" id=\"h-doua-milioane-lei-pentru-catedrala-mantuirii-neamului-patriarhia-ceruse-zece\">Dou\u0103 milioane lei pentru Catedrala M\u00e2ntuirii Neamului. Patriarhia ceruse zece<\/h2>\n\n\n\n<p>Prim\u0103ria Sectorului 2 va acorda un sprijin financiar de <strong><mark style=\"background-color:rgba(0, 0, 0, 0)\" class=\"has-inline-color has-vivid-red-color\">dou\u0103 milioane lei <\/mark><\/strong>pentru continuarea lucr\u0103rilor la Catedrala M\u00e2ntuirii Neamului.<\/p>\n\n\n\n<p>O conven\u021bie \u00een acest sens a fost supus\u0103 la votul consilierilor locali, \u00een urma unei cereri trimise de Patriarhia Rom\u00e2n\u0103 c\u0103tre autoritatea local\u0103, \u00een februarie 2025.<\/p>\n\n\n\n<p>Conform solicit\u0103rii anexate, Patriarhia Rom\u00e2n\u0103 ceruse un ajutor financiar de zece milioane lei, argument\u00e2nd c\u0103 finalizarea lucr\u0103rilor este urgent\u0103, \u00een contextul sfin\u021birii programate pe 26 octombrie.<\/p>\n\n\n\n<p>La acel moment, valoarea lucr\u0103rilor r\u0103mase de executat \u00eenainte de sfin\u021bire, pentru a permite recep\u021bia spa\u021biului, era de <strong><mark style=\"background-color:rgba(0, 0, 0, 0)\" class=\"has-inline-color has-vivid-red-color\">360 milioane lei.<\/mark><\/strong><\/p>\n\n\n\n<blockquote class=\"wp-block-quote is-layout-flow wp-block-quote-is-layout-flow\">\n<p><em>\u00cent\u00e2rzierea lucr\u0103rilor din lipsa resurselor financiare, sau din orice alte cauze, ar face imposibil\u0103 sfin\u021birea \u015fi darea \u00een folosin\u0163\u0103 a Catedralei la data programat\u0103, pentru c\u0103 nu ar \u00eendeplini condi\u0163iile obligatorii de siguran\u0163\u0103 \u015fi legalitate.<\/em><\/p>\n<cite>Patriarhia Rom\u00e2n\u0103<\/cite><\/blockquote>\n\n\n\n<p><strong>CITE\u0218TE \u0218I:<\/strong> <a href=\"https:\/\/buletin.de\/bucuresti\/catedrala-mantuirii-neamului-va-fi-sfintita-la-final-de-octombrie-2025-dupa-acea-data-va-ramane-deschisa-publicului\/\"><strong>Catedrala M\u00e2ntuirii Neamului va fi sfin\u021bit\u0103 la final de octombrie 2025. C\u00e2nd va fi deschis\u0103 publicului<\/strong><\/a><\/p>\n\n\n\n<p>Totu\u0219i, \u00een bugetul Sectorului 2 pe acest an au fost alocate dou\u0103 milioane lei, nu zece, a\u0219a cum solicitase Patriarhia.<\/p>\n\n\n\n<p>\u00cen ultimii zece ani, Prim\u0103ria Sectorului 2 a mai acordat o singur\u0103 dat\u0103 bani pentru catedral\u0103, 3 milioane de lei \u00een 2018, scrie<a href=\"https:\/\/spotmedia.ro\/stiri\/social\/nu-e-gata-bani-primarii-catedrala\"> Spotmedia<\/a>.<\/p>\n\n\n\n<p>L\u0103ca\u0219ul de cult din Sectorul 5 este una dintre cele mai scumpe cl\u0103diri din Rom\u00e2nia. La finalul mijlocul lunii martie a acestui an, jurnali\u0219tii <a href=\"https:\/\/hotnews.ro\/cat-a-costat-pana-acum-catedrala-mantuirii-neamului-comparabil-cu-arena-nationala-si-pasajul-basarab-de-cinci-ori-mai-mult-scump-ca-spitalul-daruieste-viata-1917306\" target=\"_blank\" rel=\"noreferrer noopener\">HotNews<\/a> au scris despre cum costul lucr\u0103rilor executate se ridica la 270 milioane euro, adic\u0103 mai bine de un miliard lei, dintre care doar 10% erau fonduri proprii ale Bisericii Ortodoxe Rom\u00e2ne (BOR).<\/p>\n\n\n\n<p>\u00cen r\u0103spunsul pentru Hotnews, reprezentan\u0163ii BOR spun c\u0103 suma de 270 de milioane de euro se refer\u0103 la \u201e\u00eentregul ansamblu\u201d al Catedralei, \u201ecare cuprinde cl\u0103dirile anex\u0103 \u0219i celelalte construc\u021bii\u201d.<\/p>\n\n\n\n<p><strong>CITE\u0218TE \u0218I:<\/strong> <strong><a href=\"https:\/\/buletin.de\/bucuresti\/catedrala-mantuirii-neamului-una-dintre-cele-mai-scumpe-cladiri-din-romania-costurile-pentru-intregul-ansamblu\">Catedrala M\u00e2ntuirii Neamului, una dintre cele mai scumpe cl\u0103diri din Rom\u00e2nia. Costurile pentru \u00eentregul ansamblu<\/a><\/strong><\/p>\n\n\n\n<p>Proiectul de hot\u0103r\u00e2re a fost adoptat cu <strong>17 voturi pentru \u0219i 8 \u00eempotriv\u0103. <\/strong>Consilierii USR au argumentat c\u0103 proiectul este unul strict politic, \u00een contextul \u00een care Catedrala M\u00e2nturii Neamului se afl\u0103 \u00een Sectorul 5.<\/p>\n\n\n\n<p><em>\u201eEste mai mult dec\u00e2t evident un PR politic. Ce leg\u0103tur\u0103 are Sectorul 2 cu Patriarhia Rom\u00e2n\u0103? <strong>D\u0103m 2 milioane de lei, av\u00e2nd \u00een vedere toate greut\u0103\u021bile prin care trec rom\u00e2nii zilele acestea, pentru ce? <\/strong><\/em><\/p>\n\n\n\n<p><em>Care e beneficiul concret al cet\u0103\u021beanului din Sectorul 2\u201d <\/em>a declarat Marius Pellegrini, consilier local al Sectorului 2 din partea USR.<\/p>\n\n\n\n<p>\u00cen replic\u0103, viceprimarul Andrei Ohaci (AUR) a declarat c\u0103 \u201eortodoxismul nu are grani\u021be\u201d \u0219i c\u0103 proiectul construirii l\u0103ca\u0219ului de cult este unul istoric, dorit de majoritatea cet\u0103\u021benilor din Sectorul 2:<\/p>\n\n\n\n<p><em>\u201eAv\u00e2nd \u00een vedere c\u0103 ortodoxismul nu are grani\u021be \u0219i c\u0103 suntem \u00een arhiepiscopia bucure\u0219tilor, cet\u0103\u021benii Sectorului 2 sunt \u00een majoritatea lor ortodoc\u0219i. <\/em><\/p>\n\n\n\n<p><em>Cum al\u021bii beneficiaz\u0103 de un stadion \u0219i noi avem nevoie de o catedral\u0103, care este ceva istoric. <\/em><\/p>\n\n\n\n<p><em><strong>Poate dac\u0103 voi nu cump\u0103ra\u021bi, de exemplu, at\u00e2tea vaccinuri, poate le-am putea vinde, s\u0103 d\u0103m banii c\u0103tre catedral\u0103 \u0219i era f\u0103cut\u0103. <\/strong>Eu consider oportun acest proiect \u0219i v\u0103 spun c\u0103 majoritatea oamenilor din Sectorul 2 care sunt ortodoc\u0219i vor acest lucru.\u201d<\/em><\/p>\n\n\n\n<p><strong>CITE\u0218TE \u0218I:<\/strong> <a href=\"https:\/\/buletin.de\/bucuresti\/viceprimarii-sectorului-2-ii-andrei-ohaci-de-la-teolog-la-afacerist-politicianul-aur-si-a-trecut-doar-functii-de-conducere-in-cv\/\"><strong>Viceprimarii Sectorului 2 (II). Andrei Ohaci, de la teolog, la afacerist. Politicianul AUR \u0219i-a trecut doar func\u021bii de conducere \u00een CV<\/strong><\/a><\/p>\n\n\n\n<h2 class=\"wp-block-heading\" id=\"h-jumatate-de-milion-de-lei-pentru-patru-biserici-din-sector\">Jum\u0103tate de milion de lei pentru patru biserici din sector<\/h2>\n\n\n\n<p><strong>\u00cen aceea\u0219i \u0219edin\u021b\u0103, consilierii locali ai Sectorului 2 au decis s\u0103 acorde sprijin financiar \u0219i pentru alte patru biserici din Sector. <\/strong><\/p>\n\n\n\n<p>Cea mai mare sum\u0103 va pleca spre<strong> Parohia Iancu Nou B\u0103l\u0103neanu<\/strong>, <strong><mark style=\"background-color:rgba(0, 0, 0, 0)\" class=\"has-inline-color has-vivid-red-color\">peste 330.000 lei <\/mark><\/strong>pentru finalizarea lucr\u0103rilor de igienizare \u0219i modernizare pe interior a a\u0219ez\u0103m\u00e2ntului parohial.<\/p>\n\n\n\n<p>Este  a doua finan\u021bare acordat\u0103 l\u0103ca\u0219ului de cult \u00een acest an, dup\u0103 ce la finalul lunii martie, consilierii locali au mai aprobat un sprijin de aproximativ 260.000 lei.<\/p>\n\n\n\n<p>Bani vor pleca din conturile prim\u0103riei \u0219i c\u0103tre alte trei biserici din sector, dup\u0103 cum urmeaz\u0103:<\/p>\n\n\n\n<ul class=\"wp-block-list\">\n<li class=\"has-medium-font-size\"><strong>Parohia \u201eSfin\u021bi&#8221; &#8211; <mark style=\"background-color:rgba(0, 0, 0, 0)\" class=\"has-inline-color has-vivid-red-color\">86.185 lei <\/mark><\/strong>pentru executarea par\u021bial\u0103 a lucr\u0103rilor conservare \u015fi restaurare a picturii exterioare a bisericii \u201eIntrarea \u00een Biseric\u0103 Maicii Domnului\u201d<\/li>\n\n\n\n<li class=\"has-medium-font-size\"><strong>Biserica Adventist\u0103 de Ziua a \u0218aptea &#8211; <\/strong><mark style=\"background-color:rgba(0, 0, 0, 0)\" class=\"has-inline-color has-vivid-red-color\"><strong>82.300 lei<\/strong> <\/mark>pentru schimbarea \u00eenvelitorii la sediul administrativ<\/li>\n\n\n\n<li class=\"has-medium-font-size\"><strong>Parohia \u201eTeiul Doamnei Ghika&#8221; &#8211;<mark style=\"background-color:rgba(0, 0, 0, 0)\" class=\"has-inline-color has-vivid-red-color\"> 59.500 lei<\/mark><\/strong> pentru lucr\u0103rile de automatizare \u015fi restaurare a clopotelor bisericii<\/li>\n<\/ul>\n\n\n\n<p>Toate cele patru proiecte au fost adoptate \u00een \u0219edin\u021ba Consiliului Local de vineri, 29 august, f\u0103r\u0103 dezbateri.<\/p>\n\n\n\n<p><strong>CITE\u0218TE \u0218I:<\/strong> <strong><a href=\"http:\/\/Sector 2 | \u00cenc\u0103 o tran\u015f\u0103 de bani pentru terminarea lucr\u0103rilor la m\u0103n\u0103stirea Christiana. Ajutor financiar \u015fi pentru parohia Teiul Doamnei Ghika\" target=\"_blank\" rel=\"noreferrer noopener\">Sector 2 | \u00cenc\u0103 o tran\u015f\u0103 de bani pentru terminarea lucr\u0103rilor la m\u0103n\u0103stirea Christiana. Ajutor financiar \u015fi pentru parohia Teiul Doamnei Ghika<\/a><\/strong><\/p>\n\n\n\n<p><\/p>\n","protected":false},"excerpt":{"rendered":"<p>\u00cenc\u0103 dou\u0103 milioane lei vor pleca din bugetul local al Sectorului 2 c\u0103tre Patriarhia Rom\u00e2n\u0103, pentru continuarea lucr\u0103rilor la Catedrala M\u00e2ntuirii Neamului, potrivit unei hot\u0103r\u00e2ri adoptate \u00een \u0219edin\u021ba Consiliului Local de vineri, 29 august. Dou\u0103 milioane lei pentru Catedrala M\u00e2ntuirii Neamului. Patriarhia ceruse zece Prim\u0103ria Sectorului 2 va acorda un sprijin financiar de dou\u0103 milioane [&hellip;]<\/p>\n","protected":false},"author":55,"featured_media":145954,"comment_status":"closed","ping_status":"open","sticky":false,"template":"","format":"standard","meta":{"_acf_changed":false,"inline_featured_image":false,"ngg_post_thumbnail":0,"footnotes":""},"categories":[6994,5762,24],"tags":[7155,23553,23551,866,344,23552,21602,229,23550],"ppma_author":[22573],"class_list":["post-145475","post","type-post","status-publish","format-standard","has-post-thumbnail","hentry","category-stiri-2","category-main","category-primarie","tag-bani-pentru-biserici","tag-bani-pulblici","tag-biserica-adventista-de-ziiua-a-saptea","tag-bor","tag-catedrala-mantuirii-neamului","tag-parohia-sfinti","tag-parohia-teiul-doamnei-ghika","tag-sector-2","tag-sfintire-catedrala-manturii-neamului"],"acf":[],"yoast_head":"<!-- This site is optimized with the Yoast SEO Premium plugin v25.3 (Yoast SEO v27.4) - https:\/\/yoast.com\/product\/yoast-seo-premium-wordpress\/ -->\n<title>Sector 2 | \u00cenc\u0103 dou\u0103 milioane de lei pentru Catedrala M\u00e2ntuirii Neamului, la cererea Patriarhiei. Al\u021bi 560.000 lei, \u00eemp\u0103r\u021bi\u021bi \u00eentre patru biserici din sector - Buletin de Bucure\u0219ti<\/title>\n<meta name=\"description\" content=\"\u00cenc\u0103 dou\u0103 milioane lei vor pleca din bugetul local al Sectorului 2 pentru continuarea lucr\u0103rilor la Catedrala M\u00e2ntuirii Neamului.\" \/>\n<meta name=\"robots\" content=\"index, follow, max-snippet:-1, max-image-preview:large, max-video-preview:-1\" \/>\n<link rel=\"canonical\" href=\"https:\/\/buletin.de\/bucuresti\/sector-2-inca-doua-milioane-de-lei-pentru-catedrala-mantuirii-neamului-la-cererea-patriarhiei-alti-560-000-lei-impartiti-intre-patru-biserici-din-sector\/\" \/>\n<meta property=\"og:locale\" content=\"en_GB\" \/>\n<meta property=\"og:type\" content=\"article\" \/>\n<meta property=\"og:title\" content=\"Sector 2 | \u00cenc\u0103 dou\u0103 milioane de lei pentru Catedrala M\u00e2ntuirii Neamului, la cererea Patriarhiei. Al\u021bi 560.000 lei, \u00eemp\u0103r\u021bi\u021bi \u00eentre patru biserici din sector\" \/>\n<meta property=\"og:description\" content=\"\u00cenc\u0103 dou\u0103 milioane lei vor pleca din bugetul local al Sectorului 2 pentru continuarea lucr\u0103rilor la Catedrala M\u00e2ntuirii Neamului.\" \/>\n<meta property=\"og:url\" content=\"https:\/\/buletin.de\/bucuresti\/sector-2-inca-doua-milioane-de-lei-pentru-catedrala-mantuirii-neamului-la-cererea-patriarhiei-alti-560-000-lei-impartiti-intre-patru-biserici-din-sector\/\" \/>\n<meta property=\"og:site_name\" content=\"Buletin de Bucure\u0219ti\" \/>\n<meta property=\"article:publisher\" content=\"https:\/\/www.facebook.com\/buletin.de.buc\" \/>\n<meta property=\"article:published_time\" content=\"2025-08-30T09:59:20+00:00\" \/>\n<meta property=\"article:modified_time\" content=\"2025-08-30T10:27:45+00:00\" \/>\n<meta property=\"og:image\" content=\"https:\/\/buletin.de\/bucuresti\/wp-content\/uploads\/2025\/08\/Catedrala-Mantuirii-Neamului-foto-Ionut-Lepa-1600x739-1.webp\" \/>\n\t<meta property=\"og:image:width\" content=\"1600\" \/>\n\t<meta property=\"og:image:height\" content=\"739\" \/>\n\t<meta property=\"og:image:type\" content=\"image\/webp\" \/>\n<meta name=\"author\" content=\"Andreea Tudor\" \/>\n<meta name=\"twitter:card\" content=\"summary_large_image\" \/>\n<meta name=\"twitter:label1\" content=\"Written by\" \/>\n\t<meta name=\"twitter:data1\" content=\"Andreea Tudor\" \/>\n\t<meta name=\"twitter:label2\" content=\"Estimated reading time\" \/>\n\t<meta name=\"twitter:data2\" content=\"4 minutes\" \/>\n<script type=\"application\/ld+json\" class=\"yoast-schema-graph\">{\"@context\":\"https:\\\/\\\/schema.org\",\"@graph\":[{\"@type\":\"Article\",\"@id\":\"https:\\\/\\\/buletin.de\\\/bucuresti\\\/sector-2-inca-doua-milioane-de-lei-pentru-catedrala-mantuirii-neamului-la-cererea-patriarhiei-alti-560-000-lei-impartiti-intre-patru-biserici-din-sector\\\/#article\",\"isPartOf\":{\"@id\":\"https:\\\/\\\/buletin.de\\\/bucuresti\\\/sector-2-inca-doua-milioane-de-lei-pentru-catedrala-mantuirii-neamului-la-cererea-patriarhiei-alti-560-000-lei-impartiti-intre-patru-biserici-din-sector\\\/\"},\"author\":{\"name\":\"Andreea Tudor\",\"@id\":\"https:\\\/\\\/buletin.de\\\/bucuresti\\\/#\\\/schema\\\/person\\\/150590659efde715459d159da012f501\"},\"headline\":\"Sector 2 | \u00cenc\u0103 dou\u0103 milioane de lei pentru Catedrala M\u00e2ntuirii Neamului, la cererea Patriarhiei. Al\u021bi 560.000 lei, \u00eemp\u0103r\u021bi\u021bi \u00eentre patru biserici din sector\",\"datePublished\":\"2025-08-30T09:59:20+00:00\",\"dateModified\":\"2025-08-30T10:27:45+00:00\",\"mainEntityOfPage\":{\"@id\":\"https:\\\/\\\/buletin.de\\\/bucuresti\\\/sector-2-inca-doua-milioane-de-lei-pentru-catedrala-mantuirii-neamului-la-cererea-patriarhiei-alti-560-000-lei-impartiti-intre-patru-biserici-din-sector\\\/\"},\"wordCount\":852,\"publisher\":{\"@id\":\"https:\\\/\\\/buletin.de\\\/bucuresti\\\/#organization\"},\"image\":{\"@id\":\"https:\\\/\\\/buletin.de\\\/bucuresti\\\/sector-2-inca-doua-milioane-de-lei-pentru-catedrala-mantuirii-neamului-la-cererea-patriarhiei-alti-560-000-lei-impartiti-intre-patru-biserici-din-sector\\\/#primaryimage\"},\"thumbnailUrl\":\"https:\\\/\\\/buletin.de\\\/bucuresti\\\/wp-content\\\/uploads\\\/2025\\\/08\\\/Catedrala-Mantuirii-Neamului-foto-Ionut-Lepa-1600x739-1.webp\",\"keywords\":[\"bani pentru biserici\",\"bani pulblici\",\"biserica adventista de ziiua a saptea\",\"bor\",\"catedrala mantuirii neamului\",\"parohia sfinti\",\"parohia teiul doamnei ghika\",\"Sector 2\",\"sfintire catedrala manturii neamului\"],\"articleSection\":[\"Articole\",\"Main\",\"Prim\u0103rie\"],\"inLanguage\":\"en-GB\",\"copyrightYear\":\"2025\",\"copyrightHolder\":{\"@id\":\"https:\\\/\\\/buletin.de\\\/bucuresti\\\/#organization\"}},{\"@type\":\"WebPage\",\"@id\":\"https:\\\/\\\/buletin.de\\\/bucuresti\\\/sector-2-inca-doua-milioane-de-lei-pentru-catedrala-mantuirii-neamului-la-cererea-patriarhiei-alti-560-000-lei-impartiti-intre-patru-biserici-din-sector\\\/\",\"url\":\"https:\\\/\\\/buletin.de\\\/bucuresti\\\/sector-2-inca-doua-milioane-de-lei-pentru-catedrala-mantuirii-neamului-la-cererea-patriarhiei-alti-560-000-lei-impartiti-intre-patru-biserici-din-sector\\\/\",\"name\":\"Sector 2 | \u00cenc\u0103 dou\u0103 milioane de lei pentru Catedrala M\u00e2ntuirii Neamului, la cererea Patriarhiei. Al\u021bi 560.000 lei, \u00eemp\u0103r\u021bi\u021bi \u00eentre patru biserici din sector - Buletin de Bucure\u0219ti\",\"isPartOf\":{\"@id\":\"https:\\\/\\\/buletin.de\\\/bucuresti\\\/#website\"},\"primaryImageOfPage\":{\"@id\":\"https:\\\/\\\/buletin.de\\\/bucuresti\\\/sector-2-inca-doua-milioane-de-lei-pentru-catedrala-mantuirii-neamului-la-cererea-patriarhiei-alti-560-000-lei-impartiti-intre-patru-biserici-din-sector\\\/#primaryimage\"},\"image\":{\"@id\":\"https:\\\/\\\/buletin.de\\\/bucuresti\\\/sector-2-inca-doua-milioane-de-lei-pentru-catedrala-mantuirii-neamului-la-cererea-patriarhiei-alti-560-000-lei-impartiti-intre-patru-biserici-din-sector\\\/#primaryimage\"},\"thumbnailUrl\":\"https:\\\/\\\/buletin.de\\\/bucuresti\\\/wp-content\\\/uploads\\\/2025\\\/08\\\/Catedrala-Mantuirii-Neamului-foto-Ionut-Lepa-1600x739-1.webp\",\"datePublished\":\"2025-08-30T09:59:20+00:00\",\"dateModified\":\"2025-08-30T10:27:45+00:00\",\"description\":\"\u00cenc\u0103 dou\u0103 milioane lei vor pleca din bugetul local al Sectorului 2 pentru continuarea lucr\u0103rilor la Catedrala M\u00e2ntuirii Neamului.\",\"breadcrumb\":{\"@id\":\"https:\\\/\\\/buletin.de\\\/bucuresti\\\/sector-2-inca-doua-milioane-de-lei-pentru-catedrala-mantuirii-neamului-la-cererea-patriarhiei-alti-560-000-lei-impartiti-intre-patru-biserici-din-sector\\\/#breadcrumb\"},\"inLanguage\":\"en-GB\",\"potentialAction\":[{\"@type\":\"ReadAction\",\"target\":[\"https:\\\/\\\/buletin.de\\\/bucuresti\\\/sector-2-inca-doua-milioane-de-lei-pentru-catedrala-mantuirii-neamului-la-cererea-patriarhiei-alti-560-000-lei-impartiti-intre-patru-biserici-din-sector\\\/\"]}]},{\"@type\":\"ImageObject\",\"inLanguage\":\"en-GB\",\"@id\":\"https:\\\/\\\/buletin.de\\\/bucuresti\\\/sector-2-inca-doua-milioane-de-lei-pentru-catedrala-mantuirii-neamului-la-cererea-patriarhiei-alti-560-000-lei-impartiti-intre-patru-biserici-din-sector\\\/#primaryimage\",\"url\":\"https:\\\/\\\/buletin.de\\\/bucuresti\\\/wp-content\\\/uploads\\\/2025\\\/08\\\/Catedrala-Mantuirii-Neamului-foto-Ionut-Lepa-1600x739-1.webp\",\"contentUrl\":\"https:\\\/\\\/buletin.de\\\/bucuresti\\\/wp-content\\\/uploads\\\/2025\\\/08\\\/Catedrala-Mantuirii-Neamului-foto-Ionut-Lepa-1600x739-1.webp\",\"width\":1600,\"height\":739,\"caption\":\"Sector 2 | \u00cenc\u0103 dou\u0103 milioane de lei pentru Catedrala M\u00e2ntuirii Neamului. Al\u021bi 560.000 lei, \u00eemp\u0103r\u021bi\u021bi \u00eentre patru biserici din sector. Foto: Arhiv\u0103 via Ionu\u021b Lepa\"},{\"@type\":\"BreadcrumbList\",\"@id\":\"https:\\\/\\\/buletin.de\\\/bucuresti\\\/sector-2-inca-doua-milioane-de-lei-pentru-catedrala-mantuirii-neamului-la-cererea-patriarhiei-alti-560-000-lei-impartiti-intre-patru-biserici-din-sector\\\/#breadcrumb\",\"itemListElement\":[{\"@type\":\"ListItem\",\"position\":1,\"name\":\"Acas\u0103\",\"item\":\"https:\\\/\\\/buletin.de\\\/bucuresti\\\/\"},{\"@type\":\"ListItem\",\"position\":2,\"name\":\"Sector 2 | \u00cenc\u0103 dou\u0103 milioane de lei pentru Catedrala M\u00e2ntuirii Neamului, la cererea Patriarhiei. Al\u021bi 560.000 lei, \u00eemp\u0103r\u021bi\u021bi \u00eentre patru biserici din sector\"}]},{\"@type\":\"WebSite\",\"@id\":\"https:\\\/\\\/buletin.de\\\/bucuresti\\\/#website\",\"url\":\"https:\\\/\\\/buletin.de\\\/bucuresti\\\/\",\"name\":\"Buletin de Bucure\u0219ti\",\"description\":\"\u0218tiri \u0219i investiga\u021bii esen\u021biale din capital\u0103\",\"publisher\":{\"@id\":\"https:\\\/\\\/buletin.de\\\/bucuresti\\\/#organization\"},\"potentialAction\":[{\"@type\":\"SearchAction\",\"target\":{\"@type\":\"EntryPoint\",\"urlTemplate\":\"https:\\\/\\\/buletin.de\\\/bucuresti\\\/?s={search_term_string}\"},\"query-input\":{\"@type\":\"PropertyValueSpecification\",\"valueRequired\":true,\"valueName\":\"search_term_string\"}}],\"inLanguage\":\"en-GB\"},{\"@type\":\"Organization\",\"@id\":\"https:\\\/\\\/buletin.de\\\/bucuresti\\\/#organization\",\"name\":\"Buletin de Bucure\u0219ti\",\"url\":\"https:\\\/\\\/buletin.de\\\/bucuresti\\\/\",\"logo\":{\"@type\":\"ImageObject\",\"inLanguage\":\"en-GB\",\"@id\":\"https:\\\/\\\/buletin.de\\\/bucuresti\\\/#\\\/schema\\\/logo\\\/image\\\/\",\"url\":\"https:\\\/\\\/buletin.de\\\/bucuresti\\\/wp-content\\\/uploads\\\/logo-bdb-full-wide-vernil-transparent.png\",\"contentUrl\":\"https:\\\/\\\/buletin.de\\\/bucuresti\\\/wp-content\\\/uploads\\\/logo-bdb-full-wide-vernil-transparent.png\",\"width\":1782,\"height\":626,\"caption\":\"Buletin de Bucure\u0219ti\"},\"image\":{\"@id\":\"https:\\\/\\\/buletin.de\\\/bucuresti\\\/#\\\/schema\\\/logo\\\/image\\\/\"},\"sameAs\":[\"https:\\\/\\\/www.facebook.com\\\/buletin.de.buc\",\"https:\\\/\\\/www.instagram.com\\\/buletinde.bucuresti\\\/\"]},{\"@type\":\"Person\",\"@id\":\"https:\\\/\\\/buletin.de\\\/bucuresti\\\/#\\\/schema\\\/person\\\/150590659efde715459d159da012f501\",\"name\":\"Andreea Tudor\",\"image\":{\"@type\":\"ImageObject\",\"inLanguage\":\"en-GB\",\"@id\":\"https:\\\/\\\/secure.gravatar.com\\\/avatar\\\/a88705a186ab0b67f3349bcbced506c09e37256fbaad0e7f3bd1a79b4599f589?s=96&d=monsterid&r=g79290610aa1a65c2b86eebc2ca5aee8f\",\"url\":\"https:\\\/\\\/secure.gravatar.com\\\/avatar\\\/a88705a186ab0b67f3349bcbced506c09e37256fbaad0e7f3bd1a79b4599f589?s=96&d=monsterid&r=g\",\"contentUrl\":\"https:\\\/\\\/secure.gravatar.com\\\/avatar\\\/a88705a186ab0b67f3349bcbced506c09e37256fbaad0e7f3bd1a79b4599f589?s=96&d=monsterid&r=g\",\"caption\":\"Andreea Tudor\"},\"description\":\"N\u0103scut\u0103 \u0219i crescut\u0103 \u00een Bucure\u0219ti, sus\u021bin\u0103toare a presei independente. A\u0219a am ajuns redactor la Buletin de Bucure\u0219ti. Fiind eu, \u00eens\u0103mi, parte a sistemului de \u00eenv\u0103\u021b\u0103m\u00e2nt rom\u00e2nesc \u0219i pasionat\u0103 de domeniul social, pun sub lup\u0103 tot ceea ce se \u00eent\u00e2mpl\u0103 \u00een sfera educa\u021biei. Cred cu t\u0103rie c\u0103 presa \u201epentru cet\u0103\u021beni\u201d este presa independent\u0103. Oamenii au nevoie de o informare corect\u0103 pentru a \u00een\u021belege pe deplin ce se \u00eent\u00e2mpl\u0103 \u00een jurul lor \u0219i pentru a lua ac\u021biune \u00eempotriva nedrept\u0103\u021bilor.\",\"url\":\"https:\\\/\\\/buletin.de\\\/bucuresti\\\/author\\\/andreeatudor\\\/\"}]}<\/script>\n<!-- \/ Yoast SEO Premium plugin. -->","yoast_head_json":{"title":"Sector 2 | \u00cenc\u0103 dou\u0103 milioane de lei pentru Catedrala M\u00e2ntuirii Neamului, la cererea Patriarhiei. Al\u021bi 560.000 lei, \u00eemp\u0103r\u021bi\u021bi \u00eentre patru biserici din sector - Buletin de Bucure\u0219ti","description":"\u00cenc\u0103 dou\u0103 milioane lei vor pleca din bugetul local al Sectorului 2 pentru continuarea lucr\u0103rilor la Catedrala M\u00e2ntuirii Neamului.","robots":{"index":"index","follow":"follow","max-snippet":"max-snippet:-1","max-image-preview":"max-image-preview:large","max-video-preview":"max-video-preview:-1"},"canonical":"https:\/\/buletin.de\/bucuresti\/sector-2-inca-doua-milioane-de-lei-pentru-catedrala-mantuirii-neamului-la-cererea-patriarhiei-alti-560-000-lei-impartiti-intre-patru-biserici-din-sector\/","og_locale":"en_GB","og_type":"article","og_title":"Sector 2 | \u00cenc\u0103 dou\u0103 milioane de lei pentru Catedrala M\u00e2ntuirii Neamului, la cererea Patriarhiei. Al\u021bi 560.000 lei, \u00eemp\u0103r\u021bi\u021bi \u00eentre patru biserici din sector","og_description":"\u00cenc\u0103 dou\u0103 milioane lei vor pleca din bugetul local al Sectorului 2 pentru continuarea lucr\u0103rilor la Catedrala M\u00e2ntuirii Neamului.","og_url":"https:\/\/buletin.de\/bucuresti\/sector-2-inca-doua-milioane-de-lei-pentru-catedrala-mantuirii-neamului-la-cererea-patriarhiei-alti-560-000-lei-impartiti-intre-patru-biserici-din-sector\/","og_site_name":"Buletin de Bucure\u0219ti","article_publisher":"https:\/\/www.facebook.com\/buletin.de.buc","article_published_time":"2025-08-30T09:59:20+00:00","article_modified_time":"2025-08-30T10:27:45+00:00","og_image":[{"width":1600,"height":739,"url":"https:\/\/buletin.de\/bucuresti\/wp-content\/uploads\/2025\/08\/Catedrala-Mantuirii-Neamului-foto-Ionut-Lepa-1600x739-1.webp","type":"image\/webp"}],"author":"Andreea Tudor","twitter_card":"summary_large_image","twitter_misc":{"Written by":"Andreea Tudor","Estimated reading time":"4 minutes"},"schema":{"@context":"https:\/\/schema.org","@graph":[{"@type":"Article","@id":"https:\/\/buletin.de\/bucuresti\/sector-2-inca-doua-milioane-de-lei-pentru-catedrala-mantuirii-neamului-la-cererea-patriarhiei-alti-560-000-lei-impartiti-intre-patru-biserici-din-sector\/#article","isPartOf":{"@id":"https:\/\/buletin.de\/bucuresti\/sector-2-inca-doua-milioane-de-lei-pentru-catedrala-mantuirii-neamului-la-cererea-patriarhiei-alti-560-000-lei-impartiti-intre-patru-biserici-din-sector\/"},"author":{"name":"Andreea Tudor","@id":"https:\/\/buletin.de\/bucuresti\/#\/schema\/person\/150590659efde715459d159da012f501"},"headline":"Sector 2 | \u00cenc\u0103 dou\u0103 milioane de lei pentru Catedrala M\u00e2ntuirii Neamului, la cererea Patriarhiei. Al\u021bi 560.000 lei, \u00eemp\u0103r\u021bi\u021bi \u00eentre patru biserici din sector","datePublished":"2025-08-30T09:59:20+00:00","dateModified":"2025-08-30T10:27:45+00:00","mainEntityOfPage":{"@id":"https:\/\/buletin.de\/bucuresti\/sector-2-inca-doua-milioane-de-lei-pentru-catedrala-mantuirii-neamului-la-cererea-patriarhiei-alti-560-000-lei-impartiti-intre-patru-biserici-din-sector\/"},"wordCount":852,"publisher":{"@id":"https:\/\/buletin.de\/bucuresti\/#organization"},"image":{"@id":"https:\/\/buletin.de\/bucuresti\/sector-2-inca-doua-milioane-de-lei-pentru-catedrala-mantuirii-neamului-la-cererea-patriarhiei-alti-560-000-lei-impartiti-intre-patru-biserici-din-sector\/#primaryimage"},"thumbnailUrl":"https:\/\/buletin.de\/bucuresti\/wp-content\/uploads\/2025\/08\/Catedrala-Mantuirii-Neamului-foto-Ionut-Lepa-1600x739-1.webp","keywords":["bani pentru biserici","bani pulblici","biserica adventista de ziiua a saptea","bor","catedrala mantuirii neamului","parohia sfinti","parohia teiul doamnei ghika","Sector 2","sfintire catedrala manturii neamului"],"articleSection":["Articole","Main","Prim\u0103rie"],"inLanguage":"en-GB","copyrightYear":"2025","copyrightHolder":{"@id":"https:\/\/buletin.de\/bucuresti\/#organization"}},{"@type":"WebPage","@id":"https:\/\/buletin.de\/bucuresti\/sector-2-inca-doua-milioane-de-lei-pentru-catedrala-mantuirii-neamului-la-cererea-patriarhiei-alti-560-000-lei-impartiti-intre-patru-biserici-din-sector\/","url":"https:\/\/buletin.de\/bucuresti\/sector-2-inca-doua-milioane-de-lei-pentru-catedrala-mantuirii-neamului-la-cererea-patriarhiei-alti-560-000-lei-impartiti-intre-patru-biserici-din-sector\/","name":"Sector 2 | \u00cenc\u0103 dou\u0103 milioane de lei pentru Catedrala M\u00e2ntuirii Neamului, la cererea Patriarhiei. Al\u021bi 560.000 lei, \u00eemp\u0103r\u021bi\u021bi \u00eentre patru biserici din sector - Buletin de Bucure\u0219ti","isPartOf":{"@id":"https:\/\/buletin.de\/bucuresti\/#website"},"primaryImageOfPage":{"@id":"https:\/\/buletin.de\/bucuresti\/sector-2-inca-doua-milioane-de-lei-pentru-catedrala-mantuirii-neamului-la-cererea-patriarhiei-alti-560-000-lei-impartiti-intre-patru-biserici-din-sector\/#primaryimage"},"image":{"@id":"https:\/\/buletin.de\/bucuresti\/sector-2-inca-doua-milioane-de-lei-pentru-catedrala-mantuirii-neamului-la-cererea-patriarhiei-alti-560-000-lei-impartiti-intre-patru-biserici-din-sector\/#primaryimage"},"thumbnailUrl":"https:\/\/buletin.de\/bucuresti\/wp-content\/uploads\/2025\/08\/Catedrala-Mantuirii-Neamului-foto-Ionut-Lepa-1600x739-1.webp","datePublished":"2025-08-30T09:59:20+00:00","dateModified":"2025-08-30T10:27:45+00:00","description":"\u00cenc\u0103 dou\u0103 milioane lei vor pleca din bugetul local al Sectorului 2 pentru continuarea lucr\u0103rilor la Catedrala M\u00e2ntuirii Neamului.","breadcrumb":{"@id":"https:\/\/buletin.de\/bucuresti\/sector-2-inca-doua-milioane-de-lei-pentru-catedrala-mantuirii-neamului-la-cererea-patriarhiei-alti-560-000-lei-impartiti-intre-patru-biserici-din-sector\/#breadcrumb"},"inLanguage":"en-GB","potentialAction":[{"@type":"ReadAction","target":["https:\/\/buletin.de\/bucuresti\/sector-2-inca-doua-milioane-de-lei-pentru-catedrala-mantuirii-neamului-la-cererea-patriarhiei-alti-560-000-lei-impartiti-intre-patru-biserici-din-sector\/"]}]},{"@type":"ImageObject","inLanguage":"en-GB","@id":"https:\/\/buletin.de\/bucuresti\/sector-2-inca-doua-milioane-de-lei-pentru-catedrala-mantuirii-neamului-la-cererea-patriarhiei-alti-560-000-lei-impartiti-intre-patru-biserici-din-sector\/#primaryimage","url":"https:\/\/buletin.de\/bucuresti\/wp-content\/uploads\/2025\/08\/Catedrala-Mantuirii-Neamului-foto-Ionut-Lepa-1600x739-1.webp","contentUrl":"https:\/\/buletin.de\/bucuresti\/wp-content\/uploads\/2025\/08\/Catedrala-Mantuirii-Neamului-foto-Ionut-Lepa-1600x739-1.webp","width":1600,"height":739,"caption":"Sector 2 | \u00cenc\u0103 dou\u0103 milioane de lei pentru Catedrala M\u00e2ntuirii Neamului. Al\u021bi 560.000 lei, \u00eemp\u0103r\u021bi\u021bi \u00eentre patru biserici din sector. Foto: Arhiv\u0103 via Ionu\u021b Lepa"},{"@type":"BreadcrumbList","@id":"https:\/\/buletin.de\/bucuresti\/sector-2-inca-doua-milioane-de-lei-pentru-catedrala-mantuirii-neamului-la-cererea-patriarhiei-alti-560-000-lei-impartiti-intre-patru-biserici-din-sector\/#breadcrumb","itemListElement":[{"@type":"ListItem","position":1,"name":"Acas\u0103","item":"https:\/\/buletin.de\/bucuresti\/"},{"@type":"ListItem","position":2,"name":"Sector 2 | \u00cenc\u0103 dou\u0103 milioane de lei pentru Catedrala M\u00e2ntuirii Neamului, la cererea Patriarhiei. Al\u021bi 560.000 lei, \u00eemp\u0103r\u021bi\u021bi \u00eentre patru biserici din sector"}]},{"@type":"WebSite","@id":"https:\/\/buletin.de\/bucuresti\/#website","url":"https:\/\/buletin.de\/bucuresti\/","name":"Buletin de Bucure\u0219ti","description":"\u0218tiri \u0219i investiga\u021bii esen\u021biale din capital\u0103","publisher":{"@id":"https:\/\/buletin.de\/bucuresti\/#organization"},"potentialAction":[{"@type":"SearchAction","target":{"@type":"EntryPoint","urlTemplate":"https:\/\/buletin.de\/bucuresti\/?s={search_term_string}"},"query-input":{"@type":"PropertyValueSpecification","valueRequired":true,"valueName":"search_term_string"}}],"inLanguage":"en-GB"},{"@type":"Organization","@id":"https:\/\/buletin.de\/bucuresti\/#organization","name":"Buletin de Bucure\u0219ti","url":"https:\/\/buletin.de\/bucuresti\/","logo":{"@type":"ImageObject","inLanguage":"en-GB","@id":"https:\/\/buletin.de\/bucuresti\/#\/schema\/logo\/image\/","url":"https:\/\/buletin.de\/bucuresti\/wp-content\/uploads\/logo-bdb-full-wide-vernil-transparent.png","contentUrl":"https:\/\/buletin.de\/bucuresti\/wp-content\/uploads\/logo-bdb-full-wide-vernil-transparent.png","width":1782,"height":626,"caption":"Buletin de Bucure\u0219ti"},"image":{"@id":"https:\/\/buletin.de\/bucuresti\/#\/schema\/logo\/image\/"},"sameAs":["https:\/\/www.facebook.com\/buletin.de.buc","https:\/\/www.instagram.com\/buletinde.bucuresti\/"]},{"@type":"Person","@id":"https:\/\/buletin.de\/bucuresti\/#\/schema\/person\/150590659efde715459d159da012f501","name":"Andreea Tudor","image":{"@type":"ImageObject","inLanguage":"en-GB","@id":"https:\/\/secure.gravatar.com\/avatar\/a88705a186ab0b67f3349bcbced506c09e37256fbaad0e7f3bd1a79b4599f589?s=96&d=monsterid&r=g79290610aa1a65c2b86eebc2ca5aee8f","url":"https:\/\/secure.gravatar.com\/avatar\/a88705a186ab0b67f3349bcbced506c09e37256fbaad0e7f3bd1a79b4599f589?s=96&d=monsterid&r=g","contentUrl":"https:\/\/secure.gravatar.com\/avatar\/a88705a186ab0b67f3349bcbced506c09e37256fbaad0e7f3bd1a79b4599f589?s=96&d=monsterid&r=g","caption":"Andreea Tudor"},"description":"N\u0103scut\u0103 \u0219i crescut\u0103 \u00een Bucure\u0219ti, sus\u021bin\u0103toare a presei independente. A\u0219a am ajuns redactor la Buletin de Bucure\u0219ti. Fiind eu, \u00eens\u0103mi, parte a sistemului de \u00eenv\u0103\u021b\u0103m\u00e2nt rom\u00e2nesc \u0219i pasionat\u0103 de domeniul social, pun sub lup\u0103 tot ceea ce se \u00eent\u00e2mpl\u0103 \u00een sfera educa\u021biei. Cred cu t\u0103rie c\u0103 presa \u201epentru cet\u0103\u021beni\u201d este presa independent\u0103. Oamenii au nevoie de o informare corect\u0103 pentru a \u00een\u021belege pe deplin ce se \u00eent\u00e2mpl\u0103 \u00een jurul lor \u0219i pentru a lua ac\u021biune \u00eempotriva nedrept\u0103\u021bilor.","url":"https:\/\/buletin.de\/bucuresti\/author\/andreeatudor\/"}]}},"authors":[{"term_id":22573,"user_id":55,"is_guest":0,"slug":"andreeatudor","display_name":"Andreea Tudor","avatar_url":"https:\/\/secure.gravatar.com\/avatar\/a88705a186ab0b67f3349bcbced506c09e37256fbaad0e7f3bd1a79b4599f589?s=96&d=monsterid&r=g","0":null,"1":"","2":"","3":"","4":"","5":"","6":"","7":"","8":""}],"_links":{"self":[{"href":"https:\/\/buletin.de\/bucuresti\/wp-json\/wp\/v2\/posts\/145475","targetHints":{"allow":["GET"]}}],"collection":[{"href":"https:\/\/buletin.de\/bucuresti\/wp-json\/wp\/v2\/posts"}],"about":[{"href":"https:\/\/buletin.de\/bucuresti\/wp-json\/wp\/v2\/types\/post"}],"author":[{"embeddable":true,"href":"https:\/\/buletin.de\/bucuresti\/wp-json\/wp\/v2\/users\/55"}],"replies":[{"embeddable":true,"href":"https:\/\/buletin.de\/bucuresti\/wp-json\/wp\/v2\/comments?post=145475"}],"version-history":[{"count":12,"href":"https:\/\/buletin.de\/bucuresti\/wp-json\/wp\/v2\/posts\/145475\/revisions"}],"predecessor-version":[{"id":145985,"href":"https:\/\/buletin.de\/bucuresti\/wp-json\/wp\/v2\/posts\/145475\/revisions\/145985"}],"wp:featuredmedia":[{"embeddable":true,"href":"https:\/\/buletin.de\/bucuresti\/wp-json\/wp\/v2\/media\/145954"}],"wp:attachment":[{"href":"https:\/\/buletin.de\/bucuresti\/wp-json\/wp\/v2\/media?parent=145475"}],"wp:term":[{"taxonomy":"category","embeddable":true,"href":"https:\/\/buletin.de\/bucuresti\/wp-json\/wp\/v2\/categories?post=145475"},{"taxonomy":"post_tag","embeddable":true,"href":"https:\/\/buletin.de\/bucuresti\/wp-json\/wp\/v2\/tags?post=145475"},{"taxonomy":"author","embeddable":true,"href":"https:\/\/buletin.de\/bucuresti\/wp-json\/wp\/v2\/ppma_author?post=145475"}],"curies":[{"name":"wp","href":"https:\/\/api.w.org\/{rel}","templated":true}]}}