{"id":144957,"date":"2025-08-25T08:23:29","date_gmt":"2025-08-25T05:23:29","guid":{"rendered":"https:\/\/buletin.de\/bucuresti\/?p=144957"},"modified":"2025-08-25T19:49:03","modified_gmt":"2025-08-25T16:49:03","slug":"incendiu-la-buftea-o-hala-cu-mase-plastice-de-700-mp-afectata-de-flacari","status":"publish","type":"post","link":"https:\/\/buletin.de\/bucuresti\/incendiu-la-buftea-o-hala-cu-mase-plastice-de-700-mp-afectata-de-flacari\/","title":{"rendered":"VIDEO | Incendiu la Buftea: o hal\u0103 cu mase plastice de 700 mp, afectat\u0103 de fl\u0103c\u0103ri"},"content":{"rendered":"\n<p><strong>Un incendiu a izbucnit la Buftea \u0219i a cuprins un spa\u021biu de depozitare cu o suprafa\u021b\u0103 de circa 700 de metri p\u0103tra\u021bi. Echipajele de la Inspectoratul pentru Situa\u021bii de Urgen\u021b\u0103 (ISU) Bucure\u0219ti-Ilfov intervin pentru a stinge focul \u0219i a limita propagarea la cl\u0103dirile \u00eenvecinate.<\/strong><\/p>\n\n\n\n<p><strong>UPDATE<\/strong>: \u201eIncendiul este localizat, nu s-a extins la vecin\u0103t\u0103\u021bi&#8221;, au transmis reprezenta\u021bii <a href=\"https:\/\/isubif.igsu.ro\/\" target=\"_blank\" rel=\"noreferrer noopener\">ISU B-IF<\/a>.<\/p>\n\n\n\n<p>Pompierii se concentreaz\u0103 pe localizarea incendiului, pentru a preveni extinderea acestuia la alte spa\u021bii de depozitare. <\/p>\n\n\n\n<figure class=\"wp-block-video\"><video height=\"464\" style=\"aspect-ratio: 832 \/ 464;\" width=\"832\" controls src=\"https:\/\/buletin.de\/bucuresti\/wp-content\/uploads\/2025\/08\/WhatsApp-Video-2025-08-25-at-08.21.51_20fcd663.mp4\"><\/video><figcaption class=\"wp-element-caption\">Incendiu la Buftea<\/figcaption><\/figure>\n\n\n\n<p>\u201e<em>Construc\u021bia este pe structura de beton, f\u0103r\u0103 etaj, folosita pentru depozitare mase plastice. A fost realizat un dispozitiv de protec\u021bie si se ac\u021bioneaz\u0103 pentru decopertare \u00eenvelitoare&nbsp;acoperi\u0219<\/em>&#8220;, se arat\u0103 \u00een comunicatul ISU.<\/p>\n\n\n\n<p>Nu au fost raportate victime.<\/p>\n\n\n\n<p><strong>CITE\u0218TE \u0218I <a href=\"https:\/\/buletin.de\/bucuresti\/10-000-de-pisici-sterilizate-gratuit-de-aspa-proiectul-va-fi-supus-la-vot-in-cgmb\/\">10.000 de pisici, sterilizate gratuit de ASPA. Proiectul va fi supus la vot \u00een CGMB<\/a><\/strong><\/p>\n","protected":false},"excerpt":{"rendered":"<p>Un incendiu a izbucnit la Buftea \u0219i a cuprins un spa\u021biu de depozitare cu o suprafa\u021b\u0103 de circa 700 de metri p\u0103tra\u021bi. Echipajele de la Inspectoratul pentru Situa\u021bii de Urgen\u021b\u0103 (ISU) Bucure\u0219ti-Ilfov intervin pentru a stinge focul \u0219i a limita propagarea la cl\u0103dirile \u00eenvecinate. UPDATE: \u201eIncendiul este localizat, nu s-a extins la vecin\u0103t\u0103\u021bi&#8221;, au transmis [&hellip;]<\/p>\n","protected":false},"author":1,"featured_media":144958,"comment_status":"closed","ping_status":"open","sticky":false,"template":"","format":"standard","meta":{"_acf_changed":false,"inline_featured_image":false,"ngg_post_thumbnail":0,"footnotes":""},"categories":[6994],"tags":[817,8408,23451,840,23452],"ppma_author":[22583],"class_list":["post-144957","post","type-post","status-publish","format-standard","has-post-thumbnail","hentry","category-stiri-2","tag-fum","tag-hala","tag-incendiu-buftea","tag-isu","tag-mase-plastice"],"acf":[],"yoast_head":"<!-- This site is optimized with the Yoast SEO Premium plugin v25.3 (Yoast SEO v27.4) - https:\/\/yoast.com\/product\/yoast-seo-premium-wordpress\/ -->\n<title>VIDEO | Incendiu la Buftea: o hal\u0103 cu mase plastice de 700 mp, afectat\u0103 de fl\u0103c\u0103ri - Buletin de Bucure\u0219ti<\/title>\n<meta name=\"description\" content=\"Un incendiu a izbucnit la Buftea \u0219i a cuprins un spa\u021biu de depozitare cu o suprafa\u021b\u0103 de circa 700 de metri p\u0103tra\u021bi.\" \/>\n<meta name=\"robots\" content=\"index, follow, max-snippet:-1, max-image-preview:large, max-video-preview:-1\" \/>\n<link rel=\"canonical\" href=\"https:\/\/buletin.de\/bucuresti\/incendiu-la-buftea-o-hala-cu-mase-plastice-de-700-mp-afectata-de-flacari\/\" \/>\n<meta property=\"og:locale\" content=\"en_GB\" \/>\n<meta property=\"og:type\" content=\"article\" \/>\n<meta property=\"og:title\" content=\"VIDEO | Incendiu la Buftea: o hal\u0103 cu mase plastice de 700 mp, afectat\u0103 de fl\u0103c\u0103ri\" \/>\n<meta property=\"og:description\" content=\"Un incendiu a izbucnit la Buftea \u0219i a cuprins un spa\u021biu de depozitare cu o suprafa\u021b\u0103 de circa 700 de metri p\u0103tra\u021bi.\" \/>\n<meta property=\"og:url\" content=\"https:\/\/buletin.de\/bucuresti\/incendiu-la-buftea-o-hala-cu-mase-plastice-de-700-mp-afectata-de-flacari\/\" \/>\n<meta property=\"og:site_name\" content=\"Buletin de Bucure\u0219ti\" \/>\n<meta property=\"article:publisher\" content=\"https:\/\/www.facebook.com\/buletin.de.buc\" \/>\n<meta property=\"article:published_time\" content=\"2025-08-25T05:23:29+00:00\" \/>\n<meta property=\"article:modified_time\" content=\"2025-08-25T16:49:03+00:00\" \/>\n<meta property=\"og:image\" content=\"https:\/\/buletin.de\/bucuresti\/wp-content\/uploads\/2025\/08\/WhatsApp-Image-2025-08-25-at-08.21.58_b1159bf2.jpg\" \/>\n\t<meta property=\"og:image:width\" content=\"1600\" \/>\n\t<meta property=\"og:image:height\" content=\"1200\" \/>\n\t<meta property=\"og:image:type\" content=\"image\/jpeg\" \/>\n<meta name=\"author\" content=\"Redac\u021bia Buletin de Bucure\u0219ti\" \/>\n<meta name=\"twitter:card\" content=\"summary_large_image\" \/>\n<meta name=\"twitter:label1\" content=\"Written by\" \/>\n\t<meta name=\"twitter:data1\" content=\"Redac\u021bia Buletin de Bucure\u0219ti\" \/>\n\t<meta name=\"twitter:label2\" content=\"Estimated reading time\" \/>\n\t<meta name=\"twitter:data2\" content=\"1 minute\" \/>\n<script type=\"application\/ld+json\" class=\"yoast-schema-graph\">{\"@context\":\"https:\\\/\\\/schema.org\",\"@graph\":[{\"@type\":\"Article\",\"@id\":\"https:\\\/\\\/buletin.de\\\/bucuresti\\\/incendiu-la-buftea-o-hala-cu-mase-plastice-de-700-mp-afectata-de-flacari\\\/#article\",\"isPartOf\":{\"@id\":\"https:\\\/\\\/buletin.de\\\/bucuresti\\\/incendiu-la-buftea-o-hala-cu-mase-plastice-de-700-mp-afectata-de-flacari\\\/\"},\"author\":{\"name\":\"Redac\u021bia Buletin de Bucure\u0219ti\",\"@id\":\"https:\\\/\\\/buletin.de\\\/bucuresti\\\/#\\\/schema\\\/person\\\/2bbcf854e5f2419a13804af574d06ab1\"},\"headline\":\"VIDEO | Incendiu la Buftea: o hal\u0103 cu mase plastice de 700 mp, afectat\u0103 de fl\u0103c\u0103ri\",\"datePublished\":\"2025-08-25T05:23:29+00:00\",\"dateModified\":\"2025-08-25T16:49:03+00:00\",\"mainEntityOfPage\":{\"@id\":\"https:\\\/\\\/buletin.de\\\/bucuresti\\\/incendiu-la-buftea-o-hala-cu-mase-plastice-de-700-mp-afectata-de-flacari\\\/\"},\"wordCount\":161,\"publisher\":{\"@id\":\"https:\\\/\\\/buletin.de\\\/bucuresti\\\/#organization\"},\"image\":{\"@id\":\"https:\\\/\\\/buletin.de\\\/bucuresti\\\/incendiu-la-buftea-o-hala-cu-mase-plastice-de-700-mp-afectata-de-flacari\\\/#primaryimage\"},\"thumbnailUrl\":\"https:\\\/\\\/buletin.de\\\/bucuresti\\\/wp-content\\\/uploads\\\/2025\\\/08\\\/WhatsApp-Image-2025-08-25-at-08.21.58_b1159bf2.jpg\",\"keywords\":[\"fum\",\"hala\",\"incendiu buftea\",\"isu\",\"mase plastice\"],\"articleSection\":[\"Articole\"],\"inLanguage\":\"en-GB\",\"copyrightYear\":\"2025\",\"copyrightHolder\":{\"@id\":\"https:\\\/\\\/buletin.de\\\/bucuresti\\\/#organization\"}},{\"@type\":\"WebPage\",\"@id\":\"https:\\\/\\\/buletin.de\\\/bucuresti\\\/incendiu-la-buftea-o-hala-cu-mase-plastice-de-700-mp-afectata-de-flacari\\\/\",\"url\":\"https:\\\/\\\/buletin.de\\\/bucuresti\\\/incendiu-la-buftea-o-hala-cu-mase-plastice-de-700-mp-afectata-de-flacari\\\/\",\"name\":\"VIDEO | Incendiu la Buftea: o hal\u0103 cu mase plastice de 700 mp, afectat\u0103 de fl\u0103c\u0103ri - Buletin de Bucure\u0219ti\",\"isPartOf\":{\"@id\":\"https:\\\/\\\/buletin.de\\\/bucuresti\\\/#website\"},\"primaryImageOfPage\":{\"@id\":\"https:\\\/\\\/buletin.de\\\/bucuresti\\\/incendiu-la-buftea-o-hala-cu-mase-plastice-de-700-mp-afectata-de-flacari\\\/#primaryimage\"},\"image\":{\"@id\":\"https:\\\/\\\/buletin.de\\\/bucuresti\\\/incendiu-la-buftea-o-hala-cu-mase-plastice-de-700-mp-afectata-de-flacari\\\/#primaryimage\"},\"thumbnailUrl\":\"https:\\\/\\\/buletin.de\\\/bucuresti\\\/wp-content\\\/uploads\\\/2025\\\/08\\\/WhatsApp-Image-2025-08-25-at-08.21.58_b1159bf2.jpg\",\"datePublished\":\"2025-08-25T05:23:29+00:00\",\"dateModified\":\"2025-08-25T16:49:03+00:00\",\"description\":\"Un incendiu a izbucnit la Buftea \u0219i a cuprins un spa\u021biu de depozitare cu o suprafa\u021b\u0103 de circa 700 de metri p\u0103tra\u021bi.\",\"breadcrumb\":{\"@id\":\"https:\\\/\\\/buletin.de\\\/bucuresti\\\/incendiu-la-buftea-o-hala-cu-mase-plastice-de-700-mp-afectata-de-flacari\\\/#breadcrumb\"},\"inLanguage\":\"en-GB\",\"potentialAction\":[{\"@type\":\"ReadAction\",\"target\":[\"https:\\\/\\\/buletin.de\\\/bucuresti\\\/incendiu-la-buftea-o-hala-cu-mase-plastice-de-700-mp-afectata-de-flacari\\\/\"]}]},{\"@type\":\"ImageObject\",\"inLanguage\":\"en-GB\",\"@id\":\"https:\\\/\\\/buletin.de\\\/bucuresti\\\/incendiu-la-buftea-o-hala-cu-mase-plastice-de-700-mp-afectata-de-flacari\\\/#primaryimage\",\"url\":\"https:\\\/\\\/buletin.de\\\/bucuresti\\\/wp-content\\\/uploads\\\/2025\\\/08\\\/WhatsApp-Image-2025-08-25-at-08.21.58_b1159bf2.jpg\",\"contentUrl\":\"https:\\\/\\\/buletin.de\\\/bucuresti\\\/wp-content\\\/uploads\\\/2025\\\/08\\\/WhatsApp-Image-2025-08-25-at-08.21.58_b1159bf2.jpg\",\"width\":1600,\"height\":1200,\"caption\":\"Aerul din Bucure\u0219ti, otr\u0103vit de incendii: Peste \u0219apte interven\u021bii pe zi pentru stingerea focarelor \u00een ultimii cinci ani | Green Report FOTO: ISU B-IF\"},{\"@type\":\"BreadcrumbList\",\"@id\":\"https:\\\/\\\/buletin.de\\\/bucuresti\\\/incendiu-la-buftea-o-hala-cu-mase-plastice-de-700-mp-afectata-de-flacari\\\/#breadcrumb\",\"itemListElement\":[{\"@type\":\"ListItem\",\"position\":1,\"name\":\"Acas\u0103\",\"item\":\"https:\\\/\\\/buletin.de\\\/bucuresti\\\/\"},{\"@type\":\"ListItem\",\"position\":2,\"name\":\"VIDEO | Incendiu la Buftea: o hal\u0103 cu mase plastice de 700 mp, afectat\u0103 de fl\u0103c\u0103ri\"}]},{\"@type\":\"WebSite\",\"@id\":\"https:\\\/\\\/buletin.de\\\/bucuresti\\\/#website\",\"url\":\"https:\\\/\\\/buletin.de\\\/bucuresti\\\/\",\"name\":\"Buletin de Bucure\u0219ti\",\"description\":\"\u0218tiri \u0219i investiga\u021bii esen\u021biale din capital\u0103\",\"publisher\":{\"@id\":\"https:\\\/\\\/buletin.de\\\/bucuresti\\\/#organization\"},\"potentialAction\":[{\"@type\":\"SearchAction\",\"target\":{\"@type\":\"EntryPoint\",\"urlTemplate\":\"https:\\\/\\\/buletin.de\\\/bucuresti\\\/?s={search_term_string}\"},\"query-input\":{\"@type\":\"PropertyValueSpecification\",\"valueRequired\":true,\"valueName\":\"search_term_string\"}}],\"inLanguage\":\"en-GB\"},{\"@type\":\"Organization\",\"@id\":\"https:\\\/\\\/buletin.de\\\/bucuresti\\\/#organization\",\"name\":\"Buletin de Bucure\u0219ti\",\"url\":\"https:\\\/\\\/buletin.de\\\/bucuresti\\\/\",\"logo\":{\"@type\":\"ImageObject\",\"inLanguage\":\"en-GB\",\"@id\":\"https:\\\/\\\/buletin.de\\\/bucuresti\\\/#\\\/schema\\\/logo\\\/image\\\/\",\"url\":\"https:\\\/\\\/buletin.de\\\/bucuresti\\\/wp-content\\\/uploads\\\/logo-bdb-full-wide-vernil-transparent.png\",\"contentUrl\":\"https:\\\/\\\/buletin.de\\\/bucuresti\\\/wp-content\\\/uploads\\\/logo-bdb-full-wide-vernil-transparent.png\",\"width\":1782,\"height\":626,\"caption\":\"Buletin de Bucure\u0219ti\"},\"image\":{\"@id\":\"https:\\\/\\\/buletin.de\\\/bucuresti\\\/#\\\/schema\\\/logo\\\/image\\\/\"},\"sameAs\":[\"https:\\\/\\\/www.facebook.com\\\/buletin.de.buc\",\"https:\\\/\\\/www.instagram.com\\\/buletinde.bucuresti\\\/\"]},{\"@type\":\"Person\",\"@id\":\"https:\\\/\\\/buletin.de\\\/bucuresti\\\/#\\\/schema\\\/person\\\/2bbcf854e5f2419a13804af574d06ab1\",\"name\":\"Redac\u021bia Buletin de Bucure\u0219ti\",\"image\":{\"@type\":\"ImageObject\",\"inLanguage\":\"en-GB\",\"@id\":\"https:\\\/\\\/secure.gravatar.com\\\/avatar\\\/18c5342381ed1a08620e6280424e3e5efc958618f5d67c522c9e44c1bc6f9226?s=96&d=monsterid&r=g60c7cd0ad92c68c049fcd4bb3504d609\",\"url\":\"https:\\\/\\\/secure.gravatar.com\\\/avatar\\\/18c5342381ed1a08620e6280424e3e5efc958618f5d67c522c9e44c1bc6f9226?s=96&d=monsterid&r=g\",\"contentUrl\":\"https:\\\/\\\/secure.gravatar.com\\\/avatar\\\/18c5342381ed1a08620e6280424e3e5efc958618f5d67c522c9e44c1bc6f9226?s=96&d=monsterid&r=g\",\"caption\":\"Redac\u021bia Buletin de Bucure\u0219ti\"},\"description\":\"Buletin de Bucure\u0219ti exist\u0103 din vara anului 2019.\",\"url\":\"https:\\\/\\\/buletin.de\\\/bucuresti\\\/author\\\/adminbuletin\\\/\"}]}<\/script>\n<!-- \/ Yoast SEO Premium plugin. -->","yoast_head_json":{"title":"VIDEO | Incendiu la Buftea: o hal\u0103 cu mase plastice de 700 mp, afectat\u0103 de fl\u0103c\u0103ri - Buletin de Bucure\u0219ti","description":"Un incendiu a izbucnit la Buftea \u0219i a cuprins un spa\u021biu de depozitare cu o suprafa\u021b\u0103 de circa 700 de metri p\u0103tra\u021bi.","robots":{"index":"index","follow":"follow","max-snippet":"max-snippet:-1","max-image-preview":"max-image-preview:large","max-video-preview":"max-video-preview:-1"},"canonical":"https:\/\/buletin.de\/bucuresti\/incendiu-la-buftea-o-hala-cu-mase-plastice-de-700-mp-afectata-de-flacari\/","og_locale":"en_GB","og_type":"article","og_title":"VIDEO | Incendiu la Buftea: o hal\u0103 cu mase plastice de 700 mp, afectat\u0103 de fl\u0103c\u0103ri","og_description":"Un incendiu a izbucnit la Buftea \u0219i a cuprins un spa\u021biu de depozitare cu o suprafa\u021b\u0103 de circa 700 de metri p\u0103tra\u021bi.","og_url":"https:\/\/buletin.de\/bucuresti\/incendiu-la-buftea-o-hala-cu-mase-plastice-de-700-mp-afectata-de-flacari\/","og_site_name":"Buletin de Bucure\u0219ti","article_publisher":"https:\/\/www.facebook.com\/buletin.de.buc","article_published_time":"2025-08-25T05:23:29+00:00","article_modified_time":"2025-08-25T16:49:03+00:00","og_image":[{"width":1600,"height":1200,"url":"https:\/\/buletin.de\/bucuresti\/wp-content\/uploads\/2025\/08\/WhatsApp-Image-2025-08-25-at-08.21.58_b1159bf2.jpg","type":"image\/jpeg"}],"author":"Redac\u021bia Buletin de Bucure\u0219ti","twitter_card":"summary_large_image","twitter_misc":{"Written by":"Redac\u021bia Buletin de Bucure\u0219ti","Estimated reading time":"1 minute"},"schema":{"@context":"https:\/\/schema.org","@graph":[{"@type":"Article","@id":"https:\/\/buletin.de\/bucuresti\/incendiu-la-buftea-o-hala-cu-mase-plastice-de-700-mp-afectata-de-flacari\/#article","isPartOf":{"@id":"https:\/\/buletin.de\/bucuresti\/incendiu-la-buftea-o-hala-cu-mase-plastice-de-700-mp-afectata-de-flacari\/"},"author":{"name":"Redac\u021bia Buletin de Bucure\u0219ti","@id":"https:\/\/buletin.de\/bucuresti\/#\/schema\/person\/2bbcf854e5f2419a13804af574d06ab1"},"headline":"VIDEO | Incendiu la Buftea: o hal\u0103 cu mase plastice de 700 mp, afectat\u0103 de fl\u0103c\u0103ri","datePublished":"2025-08-25T05:23:29+00:00","dateModified":"2025-08-25T16:49:03+00:00","mainEntityOfPage":{"@id":"https:\/\/buletin.de\/bucuresti\/incendiu-la-buftea-o-hala-cu-mase-plastice-de-700-mp-afectata-de-flacari\/"},"wordCount":161,"publisher":{"@id":"https:\/\/buletin.de\/bucuresti\/#organization"},"image":{"@id":"https:\/\/buletin.de\/bucuresti\/incendiu-la-buftea-o-hala-cu-mase-plastice-de-700-mp-afectata-de-flacari\/#primaryimage"},"thumbnailUrl":"https:\/\/buletin.de\/bucuresti\/wp-content\/uploads\/2025\/08\/WhatsApp-Image-2025-08-25-at-08.21.58_b1159bf2.jpg","keywords":["fum","hala","incendiu buftea","isu","mase plastice"],"articleSection":["Articole"],"inLanguage":"en-GB","copyrightYear":"2025","copyrightHolder":{"@id":"https:\/\/buletin.de\/bucuresti\/#organization"}},{"@type":"WebPage","@id":"https:\/\/buletin.de\/bucuresti\/incendiu-la-buftea-o-hala-cu-mase-plastice-de-700-mp-afectata-de-flacari\/","url":"https:\/\/buletin.de\/bucuresti\/incendiu-la-buftea-o-hala-cu-mase-plastice-de-700-mp-afectata-de-flacari\/","name":"VIDEO | Incendiu la Buftea: o hal\u0103 cu mase plastice de 700 mp, afectat\u0103 de fl\u0103c\u0103ri - Buletin de Bucure\u0219ti","isPartOf":{"@id":"https:\/\/buletin.de\/bucuresti\/#website"},"primaryImageOfPage":{"@id":"https:\/\/buletin.de\/bucuresti\/incendiu-la-buftea-o-hala-cu-mase-plastice-de-700-mp-afectata-de-flacari\/#primaryimage"},"image":{"@id":"https:\/\/buletin.de\/bucuresti\/incendiu-la-buftea-o-hala-cu-mase-plastice-de-700-mp-afectata-de-flacari\/#primaryimage"},"thumbnailUrl":"https:\/\/buletin.de\/bucuresti\/wp-content\/uploads\/2025\/08\/WhatsApp-Image-2025-08-25-at-08.21.58_b1159bf2.jpg","datePublished":"2025-08-25T05:23:29+00:00","dateModified":"2025-08-25T16:49:03+00:00","description":"Un incendiu a izbucnit la Buftea \u0219i a cuprins un spa\u021biu de depozitare cu o suprafa\u021b\u0103 de circa 700 de metri p\u0103tra\u021bi.","breadcrumb":{"@id":"https:\/\/buletin.de\/bucuresti\/incendiu-la-buftea-o-hala-cu-mase-plastice-de-700-mp-afectata-de-flacari\/#breadcrumb"},"inLanguage":"en-GB","potentialAction":[{"@type":"ReadAction","target":["https:\/\/buletin.de\/bucuresti\/incendiu-la-buftea-o-hala-cu-mase-plastice-de-700-mp-afectata-de-flacari\/"]}]},{"@type":"ImageObject","inLanguage":"en-GB","@id":"https:\/\/buletin.de\/bucuresti\/incendiu-la-buftea-o-hala-cu-mase-plastice-de-700-mp-afectata-de-flacari\/#primaryimage","url":"https:\/\/buletin.de\/bucuresti\/wp-content\/uploads\/2025\/08\/WhatsApp-Image-2025-08-25-at-08.21.58_b1159bf2.jpg","contentUrl":"https:\/\/buletin.de\/bucuresti\/wp-content\/uploads\/2025\/08\/WhatsApp-Image-2025-08-25-at-08.21.58_b1159bf2.jpg","width":1600,"height":1200,"caption":"Aerul din Bucure\u0219ti, otr\u0103vit de incendii: Peste \u0219apte interven\u021bii pe zi pentru stingerea focarelor \u00een ultimii cinci ani | Green Report FOTO: ISU B-IF"},{"@type":"BreadcrumbList","@id":"https:\/\/buletin.de\/bucuresti\/incendiu-la-buftea-o-hala-cu-mase-plastice-de-700-mp-afectata-de-flacari\/#breadcrumb","itemListElement":[{"@type":"ListItem","position":1,"name":"Acas\u0103","item":"https:\/\/buletin.de\/bucuresti\/"},{"@type":"ListItem","position":2,"name":"VIDEO | Incendiu la Buftea: o hal\u0103 cu mase plastice de 700 mp, afectat\u0103 de fl\u0103c\u0103ri"}]},{"@type":"WebSite","@id":"https:\/\/buletin.de\/bucuresti\/#website","url":"https:\/\/buletin.de\/bucuresti\/","name":"Buletin de Bucure\u0219ti","description":"\u0218tiri \u0219i investiga\u021bii esen\u021biale din capital\u0103","publisher":{"@id":"https:\/\/buletin.de\/bucuresti\/#organization"},"potentialAction":[{"@type":"SearchAction","target":{"@type":"EntryPoint","urlTemplate":"https:\/\/buletin.de\/bucuresti\/?s={search_term_string}"},"query-input":{"@type":"PropertyValueSpecification","valueRequired":true,"valueName":"search_term_string"}}],"inLanguage":"en-GB"},{"@type":"Organization","@id":"https:\/\/buletin.de\/bucuresti\/#organization","name":"Buletin de Bucure\u0219ti","url":"https:\/\/buletin.de\/bucuresti\/","logo":{"@type":"ImageObject","inLanguage":"en-GB","@id":"https:\/\/buletin.de\/bucuresti\/#\/schema\/logo\/image\/","url":"https:\/\/buletin.de\/bucuresti\/wp-content\/uploads\/logo-bdb-full-wide-vernil-transparent.png","contentUrl":"https:\/\/buletin.de\/bucuresti\/wp-content\/uploads\/logo-bdb-full-wide-vernil-transparent.png","width":1782,"height":626,"caption":"Buletin de Bucure\u0219ti"},"image":{"@id":"https:\/\/buletin.de\/bucuresti\/#\/schema\/logo\/image\/"},"sameAs":["https:\/\/www.facebook.com\/buletin.de.buc","https:\/\/www.instagram.com\/buletinde.bucuresti\/"]},{"@type":"Person","@id":"https:\/\/buletin.de\/bucuresti\/#\/schema\/person\/2bbcf854e5f2419a13804af574d06ab1","name":"Redac\u021bia Buletin de Bucure\u0219ti","image":{"@type":"ImageObject","inLanguage":"en-GB","@id":"https:\/\/secure.gravatar.com\/avatar\/18c5342381ed1a08620e6280424e3e5efc958618f5d67c522c9e44c1bc6f9226?s=96&d=monsterid&r=g60c7cd0ad92c68c049fcd4bb3504d609","url":"https:\/\/secure.gravatar.com\/avatar\/18c5342381ed1a08620e6280424e3e5efc958618f5d67c522c9e44c1bc6f9226?s=96&d=monsterid&r=g","contentUrl":"https:\/\/secure.gravatar.com\/avatar\/18c5342381ed1a08620e6280424e3e5efc958618f5d67c522c9e44c1bc6f9226?s=96&d=monsterid&r=g","caption":"Redac\u021bia Buletin de Bucure\u0219ti"},"description":"Buletin de Bucure\u0219ti exist\u0103 din vara anului 2019.","url":"https:\/\/buletin.de\/bucuresti\/author\/adminbuletin\/"}]}},"authors":[{"term_id":22583,"user_id":1,"is_guest":0,"slug":"adminbuletin","display_name":"Redac\u021bia Buletin de Bucure\u0219ti","avatar_url":"https:\/\/secure.gravatar.com\/avatar\/18c5342381ed1a08620e6280424e3e5efc958618f5d67c522c9e44c1bc6f9226?s=96&d=monsterid&r=g","0":null,"1":"","2":"","3":"","4":"","5":"","6":"","7":"","8":""}],"_links":{"self":[{"href":"https:\/\/buletin.de\/bucuresti\/wp-json\/wp\/v2\/posts\/144957","targetHints":{"allow":["GET"]}}],"collection":[{"href":"https:\/\/buletin.de\/bucuresti\/wp-json\/wp\/v2\/posts"}],"about":[{"href":"https:\/\/buletin.de\/bucuresti\/wp-json\/wp\/v2\/types\/post"}],"author":[{"embeddable":true,"href":"https:\/\/buletin.de\/bucuresti\/wp-json\/wp\/v2\/users\/1"}],"replies":[{"embeddable":true,"href":"https:\/\/buletin.de\/bucuresti\/wp-json\/wp\/v2\/comments?post=144957"}],"version-history":[{"count":7,"href":"https:\/\/buletin.de\/bucuresti\/wp-json\/wp\/v2\/posts\/144957\/revisions"}],"predecessor-version":[{"id":145074,"href":"https:\/\/buletin.de\/bucuresti\/wp-json\/wp\/v2\/posts\/144957\/revisions\/145074"}],"wp:featuredmedia":[{"embeddable":true,"href":"https:\/\/buletin.de\/bucuresti\/wp-json\/wp\/v2\/media\/144958"}],"wp:attachment":[{"href":"https:\/\/buletin.de\/bucuresti\/wp-json\/wp\/v2\/media?parent=144957"}],"wp:term":[{"taxonomy":"category","embeddable":true,"href":"https:\/\/buletin.de\/bucuresti\/wp-json\/wp\/v2\/categories?post=144957"},{"taxonomy":"post_tag","embeddable":true,"href":"https:\/\/buletin.de\/bucuresti\/wp-json\/wp\/v2\/tags?post=144957"},{"taxonomy":"author","embeddable":true,"href":"https:\/\/buletin.de\/bucuresti\/wp-json\/wp\/v2\/ppma_author?post=144957"}],"curies":[{"name":"wp","href":"https:\/\/api.w.org\/{rel}","templated":true}]}}