{"id":144946,"date":"2025-08-25T08:10:27","date_gmt":"2025-08-25T05:10:27","guid":{"rendered":"https:\/\/buletin.de\/bucuresti\/?p=144946"},"modified":"2025-08-25T08:10:28","modified_gmt":"2025-08-25T05:10:28","slug":"ilfov-noi-tratamente-impotriva-tantarilor-care-este-calendarul-pe-localitati","status":"publish","type":"post","link":"https:\/\/buletin.de\/bucuresti\/ilfov-noi-tratamente-impotriva-tantarilor-care-este-calendarul-pe-localitati\/","title":{"rendered":"ILFOV | Noi tratamente \u00eempotriva \u021b\u00e2n\u021barilor. Care este calendarul pe localit\u0103\u021bi"},"content":{"rendered":"\n<p><strong>Consiliul Jude\u021bean Ilfov anun\u021b\u0103 c\u0103 va desf\u0103\u0219ura, prin Direc\u021bia de Dezinsec\u021bie \u0219i Ecologizare Mediu, o nou\u0103 etap\u0103 a programului \u201eIlfov f\u0103r\u0103 \u021b\u00e2n\u021bari\u201d. \u00centre 25 \u0219i 27 august 2025 vor fi efectuate tratamente terestre pentru combaterea \u021b\u00e2n\u021barilor adul\u021bi, pe spa\u021biile publice \u0219i \u00een zonele verzi din interiorul localit\u0103\u021bilor. Interven\u021biile se vor desf\u0103\u0219ura \u00een intervalul orar 22:00 \u2013 05:00.<\/strong><\/p>\n\n\n\n<h2 class=\"wp-block-heading\" id=\"h-care-este-calendarul-pe-localita\u021bi\">Care este calendarul pe localit\u0103\u021bi<\/h2>\n\n\n\n<ul class=\"wp-block-list\">\n<li><strong>Luni, 25 august<\/strong>: Balote\u0219ti, Ciolpani, Corbeanca, Dasc\u0103lu, Gr\u0103di\u0219tea, Gruiu, Moara-Vl\u0103siei, Nuci, Otopeni, Peri\u0219, Snagov, \u0218tef\u0103ne\u0219tii de Jos, Tunari<\/li>\n\n\n\n<li><strong>Mar\u021bi, 26 august<\/strong>: Afuma\u021bi, Berceni, Br\u0103ne\u0219ti, Cernica, 1 Decembrie, Dobroe\u0219ti, G\u0103neasa, Glina, Pantelimon, Petr\u0103chioaia, Pope\u0219ti-Leordeni, Vidra, Voluntari<\/li>\n\n\n\n<li><strong>Miercuri, 27 august<\/strong>: Bragadiru, Buftea, Chiajna, Chitila, Ciorog\u00e2rla, Clinceni, Cop\u0103ceni, Cornetu, D\u0103r\u0103\u0219ti, Domne\u0219ti, Dragomire\u0219ti-Vale, Jilava, M\u0103gurele, Mogo\u0219oaia<\/li>\n<\/ul>\n\n\n\n<p>Pentru aceste ac\u021biuni va fi utilizat insecticidul STING, pe baz\u0103 de permetrin, piperonil butoxid \u0219i prallethrin, aplicat \u00een doz\u0103 de 30 ml\/ha. <\/p>\n\n\n\n<p>Substan\u021ba este avizat\u0103 de Comisia Na\u021bional\u0103 pentru Produse Biocide, dar este toxic\u0103 pentru albine, pe\u0219ti \u0219i alte organisme acvatice.<\/p>\n\n\n\n<h2 class=\"wp-block-heading\" id=\"h-ferestre-inchise-in-perioada-tratamentelor\">\u201eFerestre \u00eenchise \u00een perioada tratamentelor&#8221;<\/h2>\n\n\n\n<p>\u201e<em>Produsul este TOXIC pentru albine, pe\u0219ti \u0219i organisme acvatice. UAT-urile sunt responsabile cu anun\u021barea apicultorilor \u0219i a cet\u0103\u021benilor de pe raza localit\u0103\u021bii cu privire la aplicarea acestor tratamente. Cresc\u0103torii de albine sunt ruga\u021bi ca \u00een perioada efectu\u0103rii serviciilor de dezinsec\u021bie s\u0103 ia toate m\u0103surile pentru protejarea familiilor de albine, \u00een caz contrar S.C. WASVAL SRL \u0219i Direc\u021bia de Dezinsec\u021bie \u0219i Ecologizare\u00a0 Mediu din cadrul Consiliului Jude\u021bean Ilfov, sunt absolvite de orice responsabilitate<\/em>&#8220;, se arat\u0103 \u00een comunicatul <a href=\"https:\/\/cjilfov.ro\/\">CJ Ilfov<\/a>.<br><br>Autorit\u0103\u021bile recomand\u0103 cet\u0103\u021benilor s\u0103 evite zonele unde se desf\u0103\u0219oar\u0103 dezinsec\u021bia, s\u0103 nu transporte alimente neambalate \u0219i s\u0103 \u021bin\u0103 ferestrele \u00eenchise \u00een intervalul tratamentelor. <\/p>\n\n\n\n<p>\u00cen cazul unui contact accidental cu substan\u021ba, produc\u0103torul indic\u0103 sp\u0103larea imediat\u0103 \u0219i solicitarea ajutorului medical.<\/p>\n\n\n\n<p>Fiecare prim\u0103rie trebuie s\u0103 trimit\u0103 un delegat care s\u0103 supravegheze interven\u021biile \u0219i s\u0103 asigure informarea local\u0103 a cet\u0103\u021benilor. Dac\u0103 vremea va fi nefavorabil\u0103, ac\u021biunea va fi reprogramat\u0103 pentru zilele urm\u0103toare.<\/p>\n\n\n\n<p><strong>CITE\u0218TE \u0218I <a href=\"https:\/\/buletin.de\/bucuresti\/necropola-residence-studiu-istoric-pentru-biserica-din-cartierul-construit-peste-cimitirul-medieval-din-buftea\/\">\u201eNecropola Residence\u201d | Studiu istoric pentru biserica din cartierul construit peste cimitirul medieval din Buftea<\/a><\/strong><\/p>\n","protected":false},"excerpt":{"rendered":"<p>Consiliul Jude\u021bean Ilfov anun\u021b\u0103 c\u0103 va desf\u0103\u0219ura, prin Direc\u021bia de Dezinsec\u021bie \u0219i Ecologizare Mediu, o nou\u0103 etap\u0103 a programului \u201eIlfov f\u0103r\u0103 \u021b\u00e2n\u021bari\u201d. \u00centre 25 \u0219i 27 august 2025 vor fi efectuate tratamente terestre pentru combaterea \u021b\u00e2n\u021barilor adul\u021bi, pe spa\u021biile publice \u0219i \u00een zonele verzi din interiorul localit\u0103\u021bilor. Interven\u021biile se vor desf\u0103\u0219ura \u00een intervalul orar 22:00 [&hellip;]<\/p>\n","protected":false},"author":1,"featured_media":144948,"comment_status":"closed","ping_status":"open","sticky":false,"template":"","format":"standard","meta":{"_acf_changed":false,"inline_featured_image":false,"ngg_post_thumbnail":0,"footnotes":""},"categories":[6994,1432,62],"tags":[23450,820,3143,13377],"ppma_author":[22583],"class_list":["post-144946","post","type-post","status-publish","format-standard","has-post-thumbnail","hentry","category-stiri-2","category-buletin-de-ilfov","category-stiri","tag-calendar","tag-ilfov","tag-tantari","tag-tratamente"],"acf":[],"yoast_head":"<!-- This site is optimized with the Yoast SEO Premium plugin v25.3 (Yoast SEO v27.4) - https:\/\/yoast.com\/product\/yoast-seo-premium-wordpress\/ -->\n<title>ILFOV | Noi tratamente \u00eempotriva \u021b\u00e2n\u021barilor. Care este calendarul pe localit\u0103\u021bi - Buletin de Bucure\u0219ti<\/title>\n<meta name=\"description\" content=\"Consiliul Jude\u021bean Ilfov anun\u021b\u0103 c\u0103 va desf\u0103\u0219ura, prin Direc\u021bia de Dezinsec\u021bie \u0219i Ecologizare Mediu, o nou\u0103 etap\u0103 a programului \u201eIlfov f\u0103r\u0103 \u021b\u00e2n\u021bari\u201d.\" \/>\n<meta name=\"robots\" content=\"index, follow, max-snippet:-1, max-image-preview:large, max-video-preview:-1\" \/>\n<link rel=\"canonical\" href=\"https:\/\/buletin.de\/bucuresti\/ilfov-noi-tratamente-impotriva-tantarilor-care-este-calendarul-pe-localitati\/\" \/>\n<meta property=\"og:locale\" content=\"en_GB\" \/>\n<meta property=\"og:type\" content=\"article\" \/>\n<meta property=\"og:title\" content=\"ILFOV | Noi tratamente \u00eempotriva \u021b\u00e2n\u021barilor. Care este calendarul pe localit\u0103\u021bi\" \/>\n<meta property=\"og:description\" content=\"Consiliul Jude\u021bean Ilfov anun\u021b\u0103 c\u0103 va desf\u0103\u0219ura, prin Direc\u021bia de Dezinsec\u021bie \u0219i Ecologizare Mediu, o nou\u0103 etap\u0103 a programului \u201eIlfov f\u0103r\u0103 \u021b\u00e2n\u021bari\u201d.\" \/>\n<meta property=\"og:url\" content=\"https:\/\/buletin.de\/bucuresti\/ilfov-noi-tratamente-impotriva-tantarilor-care-este-calendarul-pe-localitati\/\" \/>\n<meta property=\"og:site_name\" content=\"Buletin de Bucure\u0219ti\" \/>\n<meta property=\"article:publisher\" content=\"https:\/\/www.facebook.com\/buletin.de.buc\" \/>\n<meta property=\"article:published_time\" content=\"2025-08-25T05:10:27+00:00\" \/>\n<meta property=\"article:modified_time\" content=\"2025-08-25T05:10:28+00:00\" \/>\n<meta property=\"og:image\" content=\"https:\/\/buletin.de\/bucuresti\/wp-content\/uploads\/2025\/08\/ID89299_INQUAM_Photos_Octav_Ganea-scaled.jpg\" \/>\n\t<meta property=\"og:image:width\" content=\"2560\" \/>\n\t<meta property=\"og:image:height\" content=\"1707\" \/>\n\t<meta property=\"og:image:type\" content=\"image\/jpeg\" \/>\n<meta name=\"author\" content=\"Redac\u021bia Buletin de Bucure\u0219ti\" \/>\n<meta name=\"twitter:card\" content=\"summary_large_image\" \/>\n<meta name=\"twitter:label1\" content=\"Written by\" \/>\n\t<meta name=\"twitter:data1\" content=\"Redac\u021bia Buletin de Bucure\u0219ti\" \/>\n\t<meta name=\"twitter:label2\" content=\"Estimated reading time\" \/>\n\t<meta name=\"twitter:data2\" content=\"2 minutes\" \/>\n<script type=\"application\/ld+json\" class=\"yoast-schema-graph\">{\"@context\":\"https:\\\/\\\/schema.org\",\"@graph\":[{\"@type\":\"Article\",\"@id\":\"https:\\\/\\\/buletin.de\\\/bucuresti\\\/ilfov-noi-tratamente-impotriva-tantarilor-care-este-calendarul-pe-localitati\\\/#article\",\"isPartOf\":{\"@id\":\"https:\\\/\\\/buletin.de\\\/bucuresti\\\/ilfov-noi-tratamente-impotriva-tantarilor-care-este-calendarul-pe-localitati\\\/\"},\"author\":{\"name\":\"Redac\u021bia Buletin de Bucure\u0219ti\",\"@id\":\"https:\\\/\\\/buletin.de\\\/bucuresti\\\/#\\\/schema\\\/person\\\/2bbcf854e5f2419a13804af574d06ab1\"},\"headline\":\"ILFOV | Noi tratamente \u00eempotriva \u021b\u00e2n\u021barilor. Care este calendarul pe localit\u0103\u021bi\",\"datePublished\":\"2025-08-25T05:10:27+00:00\",\"dateModified\":\"2025-08-25T05:10:28+00:00\",\"mainEntityOfPage\":{\"@id\":\"https:\\\/\\\/buletin.de\\\/bucuresti\\\/ilfov-noi-tratamente-impotriva-tantarilor-care-este-calendarul-pe-localitati\\\/\"},\"wordCount\":390,\"publisher\":{\"@id\":\"https:\\\/\\\/buletin.de\\\/bucuresti\\\/#organization\"},\"image\":{\"@id\":\"https:\\\/\\\/buletin.de\\\/bucuresti\\\/ilfov-noi-tratamente-impotriva-tantarilor-care-este-calendarul-pe-localitati\\\/#primaryimage\"},\"thumbnailUrl\":\"https:\\\/\\\/buletin.de\\\/bucuresti\\\/wp-content\\\/uploads\\\/2025\\\/08\\\/ID89299_INQUAM_Photos_Octav_Ganea-scaled.jpg\",\"keywords\":[\"calendar\",\"Ilfov\",\"tantari\",\"tratamente\"],\"articleSection\":[\"Articole\",\"Buletin de Ilfov\",\"\u0218tiri\"],\"inLanguage\":\"en-GB\",\"copyrightYear\":\"2025\",\"copyrightHolder\":{\"@id\":\"https:\\\/\\\/buletin.de\\\/bucuresti\\\/#organization\"}},{\"@type\":\"WebPage\",\"@id\":\"https:\\\/\\\/buletin.de\\\/bucuresti\\\/ilfov-noi-tratamente-impotriva-tantarilor-care-este-calendarul-pe-localitati\\\/\",\"url\":\"https:\\\/\\\/buletin.de\\\/bucuresti\\\/ilfov-noi-tratamente-impotriva-tantarilor-care-este-calendarul-pe-localitati\\\/\",\"name\":\"ILFOV | Noi tratamente \u00eempotriva \u021b\u00e2n\u021barilor. Care este calendarul pe localit\u0103\u021bi - Buletin de Bucure\u0219ti\",\"isPartOf\":{\"@id\":\"https:\\\/\\\/buletin.de\\\/bucuresti\\\/#website\"},\"primaryImageOfPage\":{\"@id\":\"https:\\\/\\\/buletin.de\\\/bucuresti\\\/ilfov-noi-tratamente-impotriva-tantarilor-care-este-calendarul-pe-localitati\\\/#primaryimage\"},\"image\":{\"@id\":\"https:\\\/\\\/buletin.de\\\/bucuresti\\\/ilfov-noi-tratamente-impotriva-tantarilor-care-este-calendarul-pe-localitati\\\/#primaryimage\"},\"thumbnailUrl\":\"https:\\\/\\\/buletin.de\\\/bucuresti\\\/wp-content\\\/uploads\\\/2025\\\/08\\\/ID89299_INQUAM_Photos_Octav_Ganea-scaled.jpg\",\"datePublished\":\"2025-08-25T05:10:27+00:00\",\"dateModified\":\"2025-08-25T05:10:28+00:00\",\"description\":\"Consiliul Jude\u021bean Ilfov anun\u021b\u0103 c\u0103 va desf\u0103\u0219ura, prin Direc\u021bia de Dezinsec\u021bie \u0219i Ecologizare Mediu, o nou\u0103 etap\u0103 a programului \u201eIlfov f\u0103r\u0103 \u021b\u00e2n\u021bari\u201d.\",\"breadcrumb\":{\"@id\":\"https:\\\/\\\/buletin.de\\\/bucuresti\\\/ilfov-noi-tratamente-impotriva-tantarilor-care-este-calendarul-pe-localitati\\\/#breadcrumb\"},\"inLanguage\":\"en-GB\",\"potentialAction\":[{\"@type\":\"ReadAction\",\"target\":[\"https:\\\/\\\/buletin.de\\\/bucuresti\\\/ilfov-noi-tratamente-impotriva-tantarilor-care-este-calendarul-pe-localitati\\\/\"]}]},{\"@type\":\"ImageObject\",\"inLanguage\":\"en-GB\",\"@id\":\"https:\\\/\\\/buletin.de\\\/bucuresti\\\/ilfov-noi-tratamente-impotriva-tantarilor-care-este-calendarul-pe-localitati\\\/#primaryimage\",\"url\":\"https:\\\/\\\/buletin.de\\\/bucuresti\\\/wp-content\\\/uploads\\\/2025\\\/08\\\/ID89299_INQUAM_Photos_Octav_Ganea-scaled.jpg\",\"contentUrl\":\"https:\\\/\\\/buletin.de\\\/bucuresti\\\/wp-content\\\/uploads\\\/2025\\\/08\\\/ID89299_INQUAM_Photos_Octav_Ganea-scaled.jpg\",\"width\":2560,\"height\":1707,\"caption\":\"ILFOV | Noi tratamente \u00eempotriva \u021b\u00e2n\u021barilor. Care este calendarul pe localit\u0103\u021bi. FOTO: Inquam Photos\\\/Octav Ganea\"},{\"@type\":\"BreadcrumbList\",\"@id\":\"https:\\\/\\\/buletin.de\\\/bucuresti\\\/ilfov-noi-tratamente-impotriva-tantarilor-care-este-calendarul-pe-localitati\\\/#breadcrumb\",\"itemListElement\":[{\"@type\":\"ListItem\",\"position\":1,\"name\":\"Acas\u0103\",\"item\":\"https:\\\/\\\/buletin.de\\\/bucuresti\\\/\"},{\"@type\":\"ListItem\",\"position\":2,\"name\":\"ILFOV | Noi tratamente \u00eempotriva \u021b\u00e2n\u021barilor. Care este calendarul pe localit\u0103\u021bi\"}]},{\"@type\":\"WebSite\",\"@id\":\"https:\\\/\\\/buletin.de\\\/bucuresti\\\/#website\",\"url\":\"https:\\\/\\\/buletin.de\\\/bucuresti\\\/\",\"name\":\"Buletin de Bucure\u0219ti\",\"description\":\"\u0218tiri \u0219i investiga\u021bii esen\u021biale din capital\u0103\",\"publisher\":{\"@id\":\"https:\\\/\\\/buletin.de\\\/bucuresti\\\/#organization\"},\"potentialAction\":[{\"@type\":\"SearchAction\",\"target\":{\"@type\":\"EntryPoint\",\"urlTemplate\":\"https:\\\/\\\/buletin.de\\\/bucuresti\\\/?s={search_term_string}\"},\"query-input\":{\"@type\":\"PropertyValueSpecification\",\"valueRequired\":true,\"valueName\":\"search_term_string\"}}],\"inLanguage\":\"en-GB\"},{\"@type\":\"Organization\",\"@id\":\"https:\\\/\\\/buletin.de\\\/bucuresti\\\/#organization\",\"name\":\"Buletin de Bucure\u0219ti\",\"url\":\"https:\\\/\\\/buletin.de\\\/bucuresti\\\/\",\"logo\":{\"@type\":\"ImageObject\",\"inLanguage\":\"en-GB\",\"@id\":\"https:\\\/\\\/buletin.de\\\/bucuresti\\\/#\\\/schema\\\/logo\\\/image\\\/\",\"url\":\"https:\\\/\\\/buletin.de\\\/bucuresti\\\/wp-content\\\/uploads\\\/logo-bdb-full-wide-vernil-transparent.png\",\"contentUrl\":\"https:\\\/\\\/buletin.de\\\/bucuresti\\\/wp-content\\\/uploads\\\/logo-bdb-full-wide-vernil-transparent.png\",\"width\":1782,\"height\":626,\"caption\":\"Buletin de Bucure\u0219ti\"},\"image\":{\"@id\":\"https:\\\/\\\/buletin.de\\\/bucuresti\\\/#\\\/schema\\\/logo\\\/image\\\/\"},\"sameAs\":[\"https:\\\/\\\/www.facebook.com\\\/buletin.de.buc\",\"https:\\\/\\\/www.instagram.com\\\/buletinde.bucuresti\\\/\"]},{\"@type\":\"Person\",\"@id\":\"https:\\\/\\\/buletin.de\\\/bucuresti\\\/#\\\/schema\\\/person\\\/2bbcf854e5f2419a13804af574d06ab1\",\"name\":\"Redac\u021bia Buletin de Bucure\u0219ti\",\"image\":{\"@type\":\"ImageObject\",\"inLanguage\":\"en-GB\",\"@id\":\"https:\\\/\\\/secure.gravatar.com\\\/avatar\\\/18c5342381ed1a08620e6280424e3e5efc958618f5d67c522c9e44c1bc6f9226?s=96&d=monsterid&r=g60c7cd0ad92c68c049fcd4bb3504d609\",\"url\":\"https:\\\/\\\/secure.gravatar.com\\\/avatar\\\/18c5342381ed1a08620e6280424e3e5efc958618f5d67c522c9e44c1bc6f9226?s=96&d=monsterid&r=g\",\"contentUrl\":\"https:\\\/\\\/secure.gravatar.com\\\/avatar\\\/18c5342381ed1a08620e6280424e3e5efc958618f5d67c522c9e44c1bc6f9226?s=96&d=monsterid&r=g\",\"caption\":\"Redac\u021bia Buletin de Bucure\u0219ti\"},\"description\":\"Buletin de Bucure\u0219ti exist\u0103 din vara anului 2019.\",\"url\":\"https:\\\/\\\/buletin.de\\\/bucuresti\\\/author\\\/adminbuletin\\\/\"}]}<\/script>\n<!-- \/ Yoast SEO Premium plugin. -->","yoast_head_json":{"title":"ILFOV | Noi tratamente \u00eempotriva \u021b\u00e2n\u021barilor. Care este calendarul pe localit\u0103\u021bi - Buletin de Bucure\u0219ti","description":"Consiliul Jude\u021bean Ilfov anun\u021b\u0103 c\u0103 va desf\u0103\u0219ura, prin Direc\u021bia de Dezinsec\u021bie \u0219i Ecologizare Mediu, o nou\u0103 etap\u0103 a programului \u201eIlfov f\u0103r\u0103 \u021b\u00e2n\u021bari\u201d.","robots":{"index":"index","follow":"follow","max-snippet":"max-snippet:-1","max-image-preview":"max-image-preview:large","max-video-preview":"max-video-preview:-1"},"canonical":"https:\/\/buletin.de\/bucuresti\/ilfov-noi-tratamente-impotriva-tantarilor-care-este-calendarul-pe-localitati\/","og_locale":"en_GB","og_type":"article","og_title":"ILFOV | Noi tratamente \u00eempotriva \u021b\u00e2n\u021barilor. Care este calendarul pe localit\u0103\u021bi","og_description":"Consiliul Jude\u021bean Ilfov anun\u021b\u0103 c\u0103 va desf\u0103\u0219ura, prin Direc\u021bia de Dezinsec\u021bie \u0219i Ecologizare Mediu, o nou\u0103 etap\u0103 a programului \u201eIlfov f\u0103r\u0103 \u021b\u00e2n\u021bari\u201d.","og_url":"https:\/\/buletin.de\/bucuresti\/ilfov-noi-tratamente-impotriva-tantarilor-care-este-calendarul-pe-localitati\/","og_site_name":"Buletin de Bucure\u0219ti","article_publisher":"https:\/\/www.facebook.com\/buletin.de.buc","article_published_time":"2025-08-25T05:10:27+00:00","article_modified_time":"2025-08-25T05:10:28+00:00","og_image":[{"width":2560,"height":1707,"url":"https:\/\/buletin.de\/bucuresti\/wp-content\/uploads\/2025\/08\/ID89299_INQUAM_Photos_Octav_Ganea-scaled.jpg","type":"image\/jpeg"}],"author":"Redac\u021bia Buletin de Bucure\u0219ti","twitter_card":"summary_large_image","twitter_misc":{"Written by":"Redac\u021bia Buletin de Bucure\u0219ti","Estimated reading time":"2 minutes"},"schema":{"@context":"https:\/\/schema.org","@graph":[{"@type":"Article","@id":"https:\/\/buletin.de\/bucuresti\/ilfov-noi-tratamente-impotriva-tantarilor-care-este-calendarul-pe-localitati\/#article","isPartOf":{"@id":"https:\/\/buletin.de\/bucuresti\/ilfov-noi-tratamente-impotriva-tantarilor-care-este-calendarul-pe-localitati\/"},"author":{"name":"Redac\u021bia Buletin de Bucure\u0219ti","@id":"https:\/\/buletin.de\/bucuresti\/#\/schema\/person\/2bbcf854e5f2419a13804af574d06ab1"},"headline":"ILFOV | Noi tratamente \u00eempotriva \u021b\u00e2n\u021barilor. Care este calendarul pe localit\u0103\u021bi","datePublished":"2025-08-25T05:10:27+00:00","dateModified":"2025-08-25T05:10:28+00:00","mainEntityOfPage":{"@id":"https:\/\/buletin.de\/bucuresti\/ilfov-noi-tratamente-impotriva-tantarilor-care-este-calendarul-pe-localitati\/"},"wordCount":390,"publisher":{"@id":"https:\/\/buletin.de\/bucuresti\/#organization"},"image":{"@id":"https:\/\/buletin.de\/bucuresti\/ilfov-noi-tratamente-impotriva-tantarilor-care-este-calendarul-pe-localitati\/#primaryimage"},"thumbnailUrl":"https:\/\/buletin.de\/bucuresti\/wp-content\/uploads\/2025\/08\/ID89299_INQUAM_Photos_Octav_Ganea-scaled.jpg","keywords":["calendar","Ilfov","tantari","tratamente"],"articleSection":["Articole","Buletin de Ilfov","\u0218tiri"],"inLanguage":"en-GB","copyrightYear":"2025","copyrightHolder":{"@id":"https:\/\/buletin.de\/bucuresti\/#organization"}},{"@type":"WebPage","@id":"https:\/\/buletin.de\/bucuresti\/ilfov-noi-tratamente-impotriva-tantarilor-care-este-calendarul-pe-localitati\/","url":"https:\/\/buletin.de\/bucuresti\/ilfov-noi-tratamente-impotriva-tantarilor-care-este-calendarul-pe-localitati\/","name":"ILFOV | Noi tratamente \u00eempotriva \u021b\u00e2n\u021barilor. Care este calendarul pe localit\u0103\u021bi - Buletin de Bucure\u0219ti","isPartOf":{"@id":"https:\/\/buletin.de\/bucuresti\/#website"},"primaryImageOfPage":{"@id":"https:\/\/buletin.de\/bucuresti\/ilfov-noi-tratamente-impotriva-tantarilor-care-este-calendarul-pe-localitati\/#primaryimage"},"image":{"@id":"https:\/\/buletin.de\/bucuresti\/ilfov-noi-tratamente-impotriva-tantarilor-care-este-calendarul-pe-localitati\/#primaryimage"},"thumbnailUrl":"https:\/\/buletin.de\/bucuresti\/wp-content\/uploads\/2025\/08\/ID89299_INQUAM_Photos_Octav_Ganea-scaled.jpg","datePublished":"2025-08-25T05:10:27+00:00","dateModified":"2025-08-25T05:10:28+00:00","description":"Consiliul Jude\u021bean Ilfov anun\u021b\u0103 c\u0103 va desf\u0103\u0219ura, prin Direc\u021bia de Dezinsec\u021bie \u0219i Ecologizare Mediu, o nou\u0103 etap\u0103 a programului \u201eIlfov f\u0103r\u0103 \u021b\u00e2n\u021bari\u201d.","breadcrumb":{"@id":"https:\/\/buletin.de\/bucuresti\/ilfov-noi-tratamente-impotriva-tantarilor-care-este-calendarul-pe-localitati\/#breadcrumb"},"inLanguage":"en-GB","potentialAction":[{"@type":"ReadAction","target":["https:\/\/buletin.de\/bucuresti\/ilfov-noi-tratamente-impotriva-tantarilor-care-este-calendarul-pe-localitati\/"]}]},{"@type":"ImageObject","inLanguage":"en-GB","@id":"https:\/\/buletin.de\/bucuresti\/ilfov-noi-tratamente-impotriva-tantarilor-care-este-calendarul-pe-localitati\/#primaryimage","url":"https:\/\/buletin.de\/bucuresti\/wp-content\/uploads\/2025\/08\/ID89299_INQUAM_Photos_Octav_Ganea-scaled.jpg","contentUrl":"https:\/\/buletin.de\/bucuresti\/wp-content\/uploads\/2025\/08\/ID89299_INQUAM_Photos_Octav_Ganea-scaled.jpg","width":2560,"height":1707,"caption":"ILFOV | Noi tratamente \u00eempotriva \u021b\u00e2n\u021barilor. Care este calendarul pe localit\u0103\u021bi. FOTO: Inquam Photos\/Octav Ganea"},{"@type":"BreadcrumbList","@id":"https:\/\/buletin.de\/bucuresti\/ilfov-noi-tratamente-impotriva-tantarilor-care-este-calendarul-pe-localitati\/#breadcrumb","itemListElement":[{"@type":"ListItem","position":1,"name":"Acas\u0103","item":"https:\/\/buletin.de\/bucuresti\/"},{"@type":"ListItem","position":2,"name":"ILFOV | Noi tratamente \u00eempotriva \u021b\u00e2n\u021barilor. Care este calendarul pe localit\u0103\u021bi"}]},{"@type":"WebSite","@id":"https:\/\/buletin.de\/bucuresti\/#website","url":"https:\/\/buletin.de\/bucuresti\/","name":"Buletin de Bucure\u0219ti","description":"\u0218tiri \u0219i investiga\u021bii esen\u021biale din capital\u0103","publisher":{"@id":"https:\/\/buletin.de\/bucuresti\/#organization"},"potentialAction":[{"@type":"SearchAction","target":{"@type":"EntryPoint","urlTemplate":"https:\/\/buletin.de\/bucuresti\/?s={search_term_string}"},"query-input":{"@type":"PropertyValueSpecification","valueRequired":true,"valueName":"search_term_string"}}],"inLanguage":"en-GB"},{"@type":"Organization","@id":"https:\/\/buletin.de\/bucuresti\/#organization","name":"Buletin de Bucure\u0219ti","url":"https:\/\/buletin.de\/bucuresti\/","logo":{"@type":"ImageObject","inLanguage":"en-GB","@id":"https:\/\/buletin.de\/bucuresti\/#\/schema\/logo\/image\/","url":"https:\/\/buletin.de\/bucuresti\/wp-content\/uploads\/logo-bdb-full-wide-vernil-transparent.png","contentUrl":"https:\/\/buletin.de\/bucuresti\/wp-content\/uploads\/logo-bdb-full-wide-vernil-transparent.png","width":1782,"height":626,"caption":"Buletin de Bucure\u0219ti"},"image":{"@id":"https:\/\/buletin.de\/bucuresti\/#\/schema\/logo\/image\/"},"sameAs":["https:\/\/www.facebook.com\/buletin.de.buc","https:\/\/www.instagram.com\/buletinde.bucuresti\/"]},{"@type":"Person","@id":"https:\/\/buletin.de\/bucuresti\/#\/schema\/person\/2bbcf854e5f2419a13804af574d06ab1","name":"Redac\u021bia Buletin de Bucure\u0219ti","image":{"@type":"ImageObject","inLanguage":"en-GB","@id":"https:\/\/secure.gravatar.com\/avatar\/18c5342381ed1a08620e6280424e3e5efc958618f5d67c522c9e44c1bc6f9226?s=96&d=monsterid&r=g60c7cd0ad92c68c049fcd4bb3504d609","url":"https:\/\/secure.gravatar.com\/avatar\/18c5342381ed1a08620e6280424e3e5efc958618f5d67c522c9e44c1bc6f9226?s=96&d=monsterid&r=g","contentUrl":"https:\/\/secure.gravatar.com\/avatar\/18c5342381ed1a08620e6280424e3e5efc958618f5d67c522c9e44c1bc6f9226?s=96&d=monsterid&r=g","caption":"Redac\u021bia Buletin de Bucure\u0219ti"},"description":"Buletin de Bucure\u0219ti exist\u0103 din vara anului 2019.","url":"https:\/\/buletin.de\/bucuresti\/author\/adminbuletin\/"}]}},"authors":[{"term_id":22583,"user_id":1,"is_guest":0,"slug":"adminbuletin","display_name":"Redac\u021bia Buletin de Bucure\u0219ti","avatar_url":"https:\/\/secure.gravatar.com\/avatar\/18c5342381ed1a08620e6280424e3e5efc958618f5d67c522c9e44c1bc6f9226?s=96&d=monsterid&r=g","0":null,"1":"","2":"","3":"","4":"","5":"","6":"","7":"","8":""}],"_links":{"self":[{"href":"https:\/\/buletin.de\/bucuresti\/wp-json\/wp\/v2\/posts\/144946","targetHints":{"allow":["GET"]}}],"collection":[{"href":"https:\/\/buletin.de\/bucuresti\/wp-json\/wp\/v2\/posts"}],"about":[{"href":"https:\/\/buletin.de\/bucuresti\/wp-json\/wp\/v2\/types\/post"}],"author":[{"embeddable":true,"href":"https:\/\/buletin.de\/bucuresti\/wp-json\/wp\/v2\/users\/1"}],"replies":[{"embeddable":true,"href":"https:\/\/buletin.de\/bucuresti\/wp-json\/wp\/v2\/comments?post=144946"}],"version-history":[{"count":1,"href":"https:\/\/buletin.de\/bucuresti\/wp-json\/wp\/v2\/posts\/144946\/revisions"}],"predecessor-version":[{"id":144951,"href":"https:\/\/buletin.de\/bucuresti\/wp-json\/wp\/v2\/posts\/144946\/revisions\/144951"}],"wp:featuredmedia":[{"embeddable":true,"href":"https:\/\/buletin.de\/bucuresti\/wp-json\/wp\/v2\/media\/144948"}],"wp:attachment":[{"href":"https:\/\/buletin.de\/bucuresti\/wp-json\/wp\/v2\/media?parent=144946"}],"wp:term":[{"taxonomy":"category","embeddable":true,"href":"https:\/\/buletin.de\/bucuresti\/wp-json\/wp\/v2\/categories?post=144946"},{"taxonomy":"post_tag","embeddable":true,"href":"https:\/\/buletin.de\/bucuresti\/wp-json\/wp\/v2\/tags?post=144946"},{"taxonomy":"author","embeddable":true,"href":"https:\/\/buletin.de\/bucuresti\/wp-json\/wp\/v2\/ppma_author?post=144946"}],"curies":[{"name":"wp","href":"https:\/\/api.w.org\/{rel}","templated":true}]}}