{"id":14475,"date":"2020-10-29T08:52:45","date_gmt":"2020-10-29T05:52:45","guid":{"rendered":"https:\/\/buletin.de\/bucuresti\/?p=14475"},"modified":"2020-10-29T08:52:45","modified_gmt":"2020-10-29T05:52:45","slug":"peste-80-de-oameni-de-cultura-ii-propun-lui-nicusor-dan-o-reforma-radicala-a-modului-in-care-se-finanteaza-institutiile-culturale-si-sectorul-cultural-independent","status":"publish","type":"post","link":"https:\/\/buletin.de\/bucuresti\/peste-80-de-oameni-de-cultura-ii-propun-lui-nicusor-dan-o-reforma-radicala-a-modului-in-care-se-finanteaza-institutiile-culturale-si-sectorul-cultural-independent\/","title":{"rendered":"Peste 80 de oameni de cultur\u0103 \u00eei propun lui Nicu\u0219or Dan o reform\u0103 radical\u0103 a modului \u00een care se finan\u021beaz\u0103 institu\u021biile culturale \u0219i sectorul cultural independent"},"content":{"rendered":"\n<p><\/p>\n\n\n\n<p><strong>Cererea de ajutor de urgen\u021b\u0103 pentru sectorul cultural independent a fost semnat\u0103 de peste 80 de oameni de cultur\u0103, precum muzicieni, actori, pre\u0219edin\u021bi de asocia\u021bii, manageri culturali sau regizori, care doresc o schimbare din partea administra\u021biei recent aleas\u0103.<\/strong><\/p>\n\n\n\n<p>Ei \u00eei cer noului primar al Capitalei, Nicu\u0219or Dan, demararea unei scheme de ajutor social de urgen\u021b\u0103 pentru sectorul cultural privat pe 2 linii de ac\u021biune:<\/p>\n\n\n\n<p>a)&nbsp;&nbsp; Sprijin de urgen\u021b\u0103 social pentru arti\u0219tii independen\u021bi \u2013 \u00een sum\u0103 de 10.000 lei RON;<\/p>\n\n\n\n<p>b)&nbsp;&nbsp; Sprijin de urgen\u021b\u0103 pentru operatorii culturali priva\u021bi \u2013 \u00een valoare de 50.000 lei RON.<\/p>\n\n\n\n<blockquote class=\"wp-block-quote is-layout-flow wp-block-quote-is-layout-flow\"><p>\u201eA venit credem momentul pentru o reform\u0103 radical\u0103 a modului \u00een care se finan\u021beaz\u0103 institu\u021biile culturale dar \u0219i sectorul cultural independent precum \u0219i a rela\u021biei care exist\u0103 \u00eentre arti\u0219ti, operatorii culturali \u0219i publicul bucure\u0219tean, dar \u0219i \u00eentre centru \u0219i periferie.\u201d<\/p><\/blockquote>\n\n\n\n<p>De asemenea, scrisoarea deschis\u0103 men\u021bioneaz\u0103 crearea unui mecanism de finan\u021bare transparent \u0219i multianual bazat pe apeluri de proiecte care s\u0103 sus\u021bin\u0103 cu prioritate \u00eencep\u00e2nd din 2021 arti\u0219tii \u0219i sectorul cultural privat \u0219i industriile creative, dar \u0219i stoparea corup\u021biei \u0219i reformarea centrelor culturale municipale.<\/p>\n\n\n\n<blockquote class=\"wp-block-quote is-layout-flow wp-block-quote-is-layout-flow\"><p>\u201eNe referim aici \u00een primul r\u00e2nd la ArCuB, creart, Centrul Cultural Expo Arte, Centrul Cultural Lumina, Casa Artelor Dinu Lipatti, care anual cheltuiesc milioane de euro pe festivaluri de multe ori inutile \u0219i t\u00e2rguri de s\u0103rb\u0103tori, \u00een timp ce proiectele educa\u021bionale, de cercetare artistic\u0103 sau comunitare generate de ONG-uri, arti\u0219ti \u0219i zona privat\u0103 se fac cu eforturi mari sau aproape deloc. Credem cu t\u0103rie c\u0103 aceste institu\u021bii trebuie reformate iar activitatea lor trebuie direc\u021bionat\u0103 \u00een interesul arti\u0219tilor \u0219i publicului bucure\u0219tean.\u201d<\/p><\/blockquote>\n\n\n\n<p>Scrisoarea deschis\u0103 \u0219i semnatarii ei poate fi citit\u0103 integral <a href=\"https:\/\/docs.google.com\/document\/d\/1QnuMSqHIZ8ARp_ElrnbMOwg73ItUDBvj6KQtZ0zLKGE\/edit?fbclid=IwAR3f_wvh3yFB5HwAcefAh9qs3gH9-YqeKta_DVqoHes5VhMns_CLz7yhZZ4\">aici.<\/a><\/p>\n\n\n\n<p><\/p>\n\n\n\n<p>Foto cover: <a href=\"https:\/\/unsplash.com\/@kyleunderscorehead?utm_source=unsplash&amp;utm_medium=referral&amp;utm_content=creditCopyText\">Kyle Head<\/a> on <a href=\"https:\/\/unsplash.com\/s\/photos\/theatre?utm_source=unsplash&amp;utm_medium=referral&amp;utm_content=creditCopyText\">Unsplash<\/a><\/p>\n","protected":false},"excerpt":{"rendered":"<p>Cererea de ajutor de urgen\u021b\u0103 pentru sectorul cultural independent a fost semnat\u0103 de peste 80 de oameni de cultur\u0103, precum muzicieni, actori, pre\u0219edin\u021bi de asocia\u021bii, manageri culturali sau regizori, care doresc o schimbare din partea administra\u021biei recent aleas\u0103. Ei \u00eei cer noului primar al Capitalei, Nicu\u0219or Dan, demararea unei scheme de ajutor social de urgen\u021b\u0103 [&hellip;]<\/p>\n","protected":false},"author":6,"featured_media":14476,"comment_status":"closed","ping_status":"open","sticky":false,"template":"","format":"standard","meta":{"_acf_changed":false,"inline_featured_image":false,"ngg_post_thumbnail":0,"footnotes":""},"categories":[24,62],"tags":[1689,223,1806,1229],"ppma_author":[22588],"class_list":["post-14475","post","type-post","status-publish","format-standard","has-post-thumbnail","hentry","category-primarie","category-stiri","tag-cultura","tag-nicusor-dan","tag-reforma-in-cultura","tag-scrisoare-deschisa"],"acf":[],"yoast_head":"<!-- This site is optimized with the Yoast SEO Premium plugin v25.3 (Yoast SEO v27.4) - https:\/\/yoast.com\/product\/yoast-seo-premium-wordpress\/ -->\n<title>Peste 80 de oameni de cultur\u0103 \u00eei propun lui Nicu\u0219or Dan o reform\u0103 radical\u0103 a modului \u00een care se finan\u021beaz\u0103 institu\u021biile culturale \u0219i sectorul cultural independent - Buletin de Bucure\u0219ti<\/title>\n<meta name=\"robots\" content=\"index, follow, max-snippet:-1, max-image-preview:large, max-video-preview:-1\" \/>\n<link rel=\"canonical\" href=\"https:\/\/buletin.de\/bucuresti\/peste-80-de-oameni-de-cultura-ii-propun-lui-nicusor-dan-o-reforma-radicala-a-modului-in-care-se-finanteaza-institutiile-culturale-si-sectorul-cultural-independent\/\" \/>\n<meta property=\"og:locale\" content=\"en_GB\" \/>\n<meta property=\"og:type\" content=\"article\" \/>\n<meta property=\"og:title\" content=\"Peste 80 de oameni de cultur\u0103 \u00eei propun lui Nicu\u0219or Dan o reform\u0103 radical\u0103 a modului \u00een care se finan\u021beaz\u0103 institu\u021biile culturale \u0219i sectorul cultural independent\" \/>\n<meta property=\"og:description\" content=\"Cererea de ajutor de urgen\u021b\u0103 pentru sectorul cultural independent a fost semnat\u0103 de peste 80 de oameni de cultur\u0103, precum muzicieni, actori, pre\u0219edin\u021bi de asocia\u021bii, manageri culturali sau regizori, care doresc o schimbare din partea administra\u021biei recent aleas\u0103. Ei \u00eei cer noului primar al Capitalei, Nicu\u0219or Dan, demararea unei scheme de ajutor social de urgen\u021b\u0103 [&hellip;]\" \/>\n<meta property=\"og:url\" content=\"https:\/\/buletin.de\/bucuresti\/peste-80-de-oameni-de-cultura-ii-propun-lui-nicusor-dan-o-reforma-radicala-a-modului-in-care-se-finanteaza-institutiile-culturale-si-sectorul-cultural-independent\/\" \/>\n<meta property=\"og:site_name\" content=\"Buletin de Bucure\u0219ti\" \/>\n<meta property=\"article:publisher\" content=\"https:\/\/www.facebook.com\/buletin.de.buc\" \/>\n<meta property=\"article:published_time\" content=\"2020-10-29T05:52:45+00:00\" \/>\n<meta property=\"og:image\" content=\"https:\/\/buletin.de\/bucuresti\/wp-content\/uploads\/kyle-head-p6rNTdAPbuk-unsplash-scaled.jpg\" \/>\n\t<meta property=\"og:image:width\" content=\"2560\" \/>\n\t<meta property=\"og:image:height\" content=\"1706\" \/>\n\t<meta property=\"og:image:type\" content=\"image\/jpeg\" \/>\n<meta name=\"author\" content=\"Bianca Albu\" \/>\n<meta name=\"twitter:card\" content=\"summary_large_image\" \/>\n<meta name=\"twitter:label1\" content=\"Written by\" \/>\n\t<meta name=\"twitter:data1\" content=\"Bianca Albu\" \/>\n\t<meta name=\"twitter:label2\" content=\"Estimated reading time\" \/>\n\t<meta name=\"twitter:data2\" content=\"2 minutes\" \/>\n<script type=\"application\/ld+json\" class=\"yoast-schema-graph\">{\"@context\":\"https:\\\/\\\/schema.org\",\"@graph\":[{\"@type\":\"Article\",\"@id\":\"https:\\\/\\\/buletin.de\\\/bucuresti\\\/peste-80-de-oameni-de-cultura-ii-propun-lui-nicusor-dan-o-reforma-radicala-a-modului-in-care-se-finanteaza-institutiile-culturale-si-sectorul-cultural-independent\\\/#article\",\"isPartOf\":{\"@id\":\"https:\\\/\\\/buletin.de\\\/bucuresti\\\/peste-80-de-oameni-de-cultura-ii-propun-lui-nicusor-dan-o-reforma-radicala-a-modului-in-care-se-finanteaza-institutiile-culturale-si-sectorul-cultural-independent\\\/\"},\"author\":{\"name\":\"Bianca Albu\",\"@id\":\"https:\\\/\\\/buletin.de\\\/bucuresti\\\/#\\\/schema\\\/person\\\/295dc2228d2dc79294d636619468dc7f\"},\"headline\":\"Peste 80 de oameni de cultur\u0103 \u00eei propun lui Nicu\u0219or Dan o reform\u0103 radical\u0103 a modului \u00een care se finan\u021beaz\u0103 institu\u021biile culturale \u0219i sectorul cultural independent\",\"datePublished\":\"2020-10-29T05:52:45+00:00\",\"mainEntityOfPage\":{\"@id\":\"https:\\\/\\\/buletin.de\\\/bucuresti\\\/peste-80-de-oameni-de-cultura-ii-propun-lui-nicusor-dan-o-reforma-radicala-a-modului-in-care-se-finanteaza-institutiile-culturale-si-sectorul-cultural-independent\\\/\"},\"wordCount\":329,\"publisher\":{\"@id\":\"https:\\\/\\\/buletin.de\\\/bucuresti\\\/#organization\"},\"image\":{\"@id\":\"https:\\\/\\\/buletin.de\\\/bucuresti\\\/peste-80-de-oameni-de-cultura-ii-propun-lui-nicusor-dan-o-reforma-radicala-a-modului-in-care-se-finanteaza-institutiile-culturale-si-sectorul-cultural-independent\\\/#primaryimage\"},\"thumbnailUrl\":\"https:\\\/\\\/buletin.de\\\/bucuresti\\\/wp-content\\\/uploads\\\/kyle-head-p6rNTdAPbuk-unsplash-scaled.jpg\",\"keywords\":[\"cultura\",\"nicusor dan\",\"reforma in cultura\",\"scrisoare deschisa\"],\"articleSection\":[\"Prim\u0103rie\",\"\u0218tiri\"],\"inLanguage\":\"en-GB\",\"copyrightYear\":\"2020\",\"copyrightHolder\":{\"@id\":\"https:\\\/\\\/buletin.de\\\/bucuresti\\\/#organization\"}},{\"@type\":\"WebPage\",\"@id\":\"https:\\\/\\\/buletin.de\\\/bucuresti\\\/peste-80-de-oameni-de-cultura-ii-propun-lui-nicusor-dan-o-reforma-radicala-a-modului-in-care-se-finanteaza-institutiile-culturale-si-sectorul-cultural-independent\\\/\",\"url\":\"https:\\\/\\\/buletin.de\\\/bucuresti\\\/peste-80-de-oameni-de-cultura-ii-propun-lui-nicusor-dan-o-reforma-radicala-a-modului-in-care-se-finanteaza-institutiile-culturale-si-sectorul-cultural-independent\\\/\",\"name\":\"Peste 80 de oameni de cultur\u0103 \u00eei propun lui Nicu\u0219or Dan o reform\u0103 radical\u0103 a modului \u00een care se finan\u021beaz\u0103 institu\u021biile culturale \u0219i sectorul cultural independent - Buletin de Bucure\u0219ti\",\"isPartOf\":{\"@id\":\"https:\\\/\\\/buletin.de\\\/bucuresti\\\/#website\"},\"primaryImageOfPage\":{\"@id\":\"https:\\\/\\\/buletin.de\\\/bucuresti\\\/peste-80-de-oameni-de-cultura-ii-propun-lui-nicusor-dan-o-reforma-radicala-a-modului-in-care-se-finanteaza-institutiile-culturale-si-sectorul-cultural-independent\\\/#primaryimage\"},\"image\":{\"@id\":\"https:\\\/\\\/buletin.de\\\/bucuresti\\\/peste-80-de-oameni-de-cultura-ii-propun-lui-nicusor-dan-o-reforma-radicala-a-modului-in-care-se-finanteaza-institutiile-culturale-si-sectorul-cultural-independent\\\/#primaryimage\"},\"thumbnailUrl\":\"https:\\\/\\\/buletin.de\\\/bucuresti\\\/wp-content\\\/uploads\\\/kyle-head-p6rNTdAPbuk-unsplash-scaled.jpg\",\"datePublished\":\"2020-10-29T05:52:45+00:00\",\"breadcrumb\":{\"@id\":\"https:\\\/\\\/buletin.de\\\/bucuresti\\\/peste-80-de-oameni-de-cultura-ii-propun-lui-nicusor-dan-o-reforma-radicala-a-modului-in-care-se-finanteaza-institutiile-culturale-si-sectorul-cultural-independent\\\/#breadcrumb\"},\"inLanguage\":\"en-GB\",\"potentialAction\":[{\"@type\":\"ReadAction\",\"target\":[\"https:\\\/\\\/buletin.de\\\/bucuresti\\\/peste-80-de-oameni-de-cultura-ii-propun-lui-nicusor-dan-o-reforma-radicala-a-modului-in-care-se-finanteaza-institutiile-culturale-si-sectorul-cultural-independent\\\/\"]}]},{\"@type\":\"ImageObject\",\"inLanguage\":\"en-GB\",\"@id\":\"https:\\\/\\\/buletin.de\\\/bucuresti\\\/peste-80-de-oameni-de-cultura-ii-propun-lui-nicusor-dan-o-reforma-radicala-a-modului-in-care-se-finanteaza-institutiile-culturale-si-sectorul-cultural-independent\\\/#primaryimage\",\"url\":\"https:\\\/\\\/buletin.de\\\/bucuresti\\\/wp-content\\\/uploads\\\/kyle-head-p6rNTdAPbuk-unsplash-scaled.jpg\",\"contentUrl\":\"https:\\\/\\\/buletin.de\\\/bucuresti\\\/wp-content\\\/uploads\\\/kyle-head-p6rNTdAPbuk-unsplash-scaled.jpg\",\"width\":2560,\"height\":1706},{\"@type\":\"BreadcrumbList\",\"@id\":\"https:\\\/\\\/buletin.de\\\/bucuresti\\\/peste-80-de-oameni-de-cultura-ii-propun-lui-nicusor-dan-o-reforma-radicala-a-modului-in-care-se-finanteaza-institutiile-culturale-si-sectorul-cultural-independent\\\/#breadcrumb\",\"itemListElement\":[{\"@type\":\"ListItem\",\"position\":1,\"name\":\"Acas\u0103\",\"item\":\"https:\\\/\\\/buletin.de\\\/bucuresti\\\/\"},{\"@type\":\"ListItem\",\"position\":2,\"name\":\"Peste 80 de oameni de cultur\u0103 \u00eei propun lui Nicu\u0219or Dan o reform\u0103 radical\u0103 a modului \u00een care se finan\u021beaz\u0103 institu\u021biile culturale \u0219i sectorul cultural independent\"}]},{\"@type\":\"WebSite\",\"@id\":\"https:\\\/\\\/buletin.de\\\/bucuresti\\\/#website\",\"url\":\"https:\\\/\\\/buletin.de\\\/bucuresti\\\/\",\"name\":\"Buletin de Bucure\u0219ti\",\"description\":\"\u0218tiri \u0219i investiga\u021bii esen\u021biale din capital\u0103\",\"publisher\":{\"@id\":\"https:\\\/\\\/buletin.de\\\/bucuresti\\\/#organization\"},\"potentialAction\":[{\"@type\":\"SearchAction\",\"target\":{\"@type\":\"EntryPoint\",\"urlTemplate\":\"https:\\\/\\\/buletin.de\\\/bucuresti\\\/?s={search_term_string}\"},\"query-input\":{\"@type\":\"PropertyValueSpecification\",\"valueRequired\":true,\"valueName\":\"search_term_string\"}}],\"inLanguage\":\"en-GB\"},{\"@type\":\"Organization\",\"@id\":\"https:\\\/\\\/buletin.de\\\/bucuresti\\\/#organization\",\"name\":\"Buletin de Bucure\u0219ti\",\"url\":\"https:\\\/\\\/buletin.de\\\/bucuresti\\\/\",\"logo\":{\"@type\":\"ImageObject\",\"inLanguage\":\"en-GB\",\"@id\":\"https:\\\/\\\/buletin.de\\\/bucuresti\\\/#\\\/schema\\\/logo\\\/image\\\/\",\"url\":\"https:\\\/\\\/buletin.de\\\/bucuresti\\\/wp-content\\\/uploads\\\/logo-bdb-full-wide-vernil-transparent.png\",\"contentUrl\":\"https:\\\/\\\/buletin.de\\\/bucuresti\\\/wp-content\\\/uploads\\\/logo-bdb-full-wide-vernil-transparent.png\",\"width\":1782,\"height\":626,\"caption\":\"Buletin de Bucure\u0219ti\"},\"image\":{\"@id\":\"https:\\\/\\\/buletin.de\\\/bucuresti\\\/#\\\/schema\\\/logo\\\/image\\\/\"},\"sameAs\":[\"https:\\\/\\\/www.facebook.com\\\/buletin.de.buc\",\"https:\\\/\\\/www.instagram.com\\\/buletinde.bucuresti\\\/\"]},{\"@type\":\"Person\",\"@id\":\"https:\\\/\\\/buletin.de\\\/bucuresti\\\/#\\\/schema\\\/person\\\/295dc2228d2dc79294d636619468dc7f\",\"name\":\"Bianca Albu\",\"image\":{\"@type\":\"ImageObject\",\"inLanguage\":\"en-GB\",\"@id\":\"https:\\\/\\\/secure.gravatar.com\\\/avatar\\\/3df2e34e20f529e6fd7be4311ee1f7c4ec4aa886971590baf6fa214b15743516?s=96&d=monsterid&r=gf541c715eeec409ce8101252a3c0d8a7\",\"url\":\"https:\\\/\\\/secure.gravatar.com\\\/avatar\\\/3df2e34e20f529e6fd7be4311ee1f7c4ec4aa886971590baf6fa214b15743516?s=96&d=monsterid&r=g\",\"contentUrl\":\"https:\\\/\\\/secure.gravatar.com\\\/avatar\\\/3df2e34e20f529e6fd7be4311ee1f7c4ec4aa886971590baf6fa214b15743516?s=96&d=monsterid&r=g\",\"caption\":\"Bianca Albu\"},\"description\":\"Reporter\",\"url\":\"https:\\\/\\\/buletin.de\\\/bucuresti\\\/author\\\/biancaalbu\\\/\"}]}<\/script>\n<!-- \/ Yoast SEO Premium plugin. -->","yoast_head_json":{"title":"Peste 80 de oameni de cultur\u0103 \u00eei propun lui Nicu\u0219or Dan o reform\u0103 radical\u0103 a modului \u00een care se finan\u021beaz\u0103 institu\u021biile culturale \u0219i sectorul cultural independent - Buletin de Bucure\u0219ti","robots":{"index":"index","follow":"follow","max-snippet":"max-snippet:-1","max-image-preview":"max-image-preview:large","max-video-preview":"max-video-preview:-1"},"canonical":"https:\/\/buletin.de\/bucuresti\/peste-80-de-oameni-de-cultura-ii-propun-lui-nicusor-dan-o-reforma-radicala-a-modului-in-care-se-finanteaza-institutiile-culturale-si-sectorul-cultural-independent\/","og_locale":"en_GB","og_type":"article","og_title":"Peste 80 de oameni de cultur\u0103 \u00eei propun lui Nicu\u0219or Dan o reform\u0103 radical\u0103 a modului \u00een care se finan\u021beaz\u0103 institu\u021biile culturale \u0219i sectorul cultural independent","og_description":"Cererea de ajutor de urgen\u021b\u0103 pentru sectorul cultural independent a fost semnat\u0103 de peste 80 de oameni de cultur\u0103, precum muzicieni, actori, pre\u0219edin\u021bi de asocia\u021bii, manageri culturali sau regizori, care doresc o schimbare din partea administra\u021biei recent aleas\u0103. Ei \u00eei cer noului primar al Capitalei, Nicu\u0219or Dan, demararea unei scheme de ajutor social de urgen\u021b\u0103 [&hellip;]","og_url":"https:\/\/buletin.de\/bucuresti\/peste-80-de-oameni-de-cultura-ii-propun-lui-nicusor-dan-o-reforma-radicala-a-modului-in-care-se-finanteaza-institutiile-culturale-si-sectorul-cultural-independent\/","og_site_name":"Buletin de Bucure\u0219ti","article_publisher":"https:\/\/www.facebook.com\/buletin.de.buc","article_published_time":"2020-10-29T05:52:45+00:00","og_image":[{"width":2560,"height":1706,"url":"https:\/\/buletin.de\/bucuresti\/wp-content\/uploads\/kyle-head-p6rNTdAPbuk-unsplash-scaled.jpg","type":"image\/jpeg"}],"author":"Bianca Albu","twitter_card":"summary_large_image","twitter_misc":{"Written by":"Bianca Albu","Estimated reading time":"2 minutes"},"schema":{"@context":"https:\/\/schema.org","@graph":[{"@type":"Article","@id":"https:\/\/buletin.de\/bucuresti\/peste-80-de-oameni-de-cultura-ii-propun-lui-nicusor-dan-o-reforma-radicala-a-modului-in-care-se-finanteaza-institutiile-culturale-si-sectorul-cultural-independent\/#article","isPartOf":{"@id":"https:\/\/buletin.de\/bucuresti\/peste-80-de-oameni-de-cultura-ii-propun-lui-nicusor-dan-o-reforma-radicala-a-modului-in-care-se-finanteaza-institutiile-culturale-si-sectorul-cultural-independent\/"},"author":{"name":"Bianca Albu","@id":"https:\/\/buletin.de\/bucuresti\/#\/schema\/person\/295dc2228d2dc79294d636619468dc7f"},"headline":"Peste 80 de oameni de cultur\u0103 \u00eei propun lui Nicu\u0219or Dan o reform\u0103 radical\u0103 a modului \u00een care se finan\u021beaz\u0103 institu\u021biile culturale \u0219i sectorul cultural independent","datePublished":"2020-10-29T05:52:45+00:00","mainEntityOfPage":{"@id":"https:\/\/buletin.de\/bucuresti\/peste-80-de-oameni-de-cultura-ii-propun-lui-nicusor-dan-o-reforma-radicala-a-modului-in-care-se-finanteaza-institutiile-culturale-si-sectorul-cultural-independent\/"},"wordCount":329,"publisher":{"@id":"https:\/\/buletin.de\/bucuresti\/#organization"},"image":{"@id":"https:\/\/buletin.de\/bucuresti\/peste-80-de-oameni-de-cultura-ii-propun-lui-nicusor-dan-o-reforma-radicala-a-modului-in-care-se-finanteaza-institutiile-culturale-si-sectorul-cultural-independent\/#primaryimage"},"thumbnailUrl":"https:\/\/buletin.de\/bucuresti\/wp-content\/uploads\/kyle-head-p6rNTdAPbuk-unsplash-scaled.jpg","keywords":["cultura","nicusor dan","reforma in cultura","scrisoare deschisa"],"articleSection":["Prim\u0103rie","\u0218tiri"],"inLanguage":"en-GB","copyrightYear":"2020","copyrightHolder":{"@id":"https:\/\/buletin.de\/bucuresti\/#organization"}},{"@type":"WebPage","@id":"https:\/\/buletin.de\/bucuresti\/peste-80-de-oameni-de-cultura-ii-propun-lui-nicusor-dan-o-reforma-radicala-a-modului-in-care-se-finanteaza-institutiile-culturale-si-sectorul-cultural-independent\/","url":"https:\/\/buletin.de\/bucuresti\/peste-80-de-oameni-de-cultura-ii-propun-lui-nicusor-dan-o-reforma-radicala-a-modului-in-care-se-finanteaza-institutiile-culturale-si-sectorul-cultural-independent\/","name":"Peste 80 de oameni de cultur\u0103 \u00eei propun lui Nicu\u0219or Dan o reform\u0103 radical\u0103 a modului \u00een care se finan\u021beaz\u0103 institu\u021biile culturale \u0219i sectorul cultural independent - Buletin de Bucure\u0219ti","isPartOf":{"@id":"https:\/\/buletin.de\/bucuresti\/#website"},"primaryImageOfPage":{"@id":"https:\/\/buletin.de\/bucuresti\/peste-80-de-oameni-de-cultura-ii-propun-lui-nicusor-dan-o-reforma-radicala-a-modului-in-care-se-finanteaza-institutiile-culturale-si-sectorul-cultural-independent\/#primaryimage"},"image":{"@id":"https:\/\/buletin.de\/bucuresti\/peste-80-de-oameni-de-cultura-ii-propun-lui-nicusor-dan-o-reforma-radicala-a-modului-in-care-se-finanteaza-institutiile-culturale-si-sectorul-cultural-independent\/#primaryimage"},"thumbnailUrl":"https:\/\/buletin.de\/bucuresti\/wp-content\/uploads\/kyle-head-p6rNTdAPbuk-unsplash-scaled.jpg","datePublished":"2020-10-29T05:52:45+00:00","breadcrumb":{"@id":"https:\/\/buletin.de\/bucuresti\/peste-80-de-oameni-de-cultura-ii-propun-lui-nicusor-dan-o-reforma-radicala-a-modului-in-care-se-finanteaza-institutiile-culturale-si-sectorul-cultural-independent\/#breadcrumb"},"inLanguage":"en-GB","potentialAction":[{"@type":"ReadAction","target":["https:\/\/buletin.de\/bucuresti\/peste-80-de-oameni-de-cultura-ii-propun-lui-nicusor-dan-o-reforma-radicala-a-modului-in-care-se-finanteaza-institutiile-culturale-si-sectorul-cultural-independent\/"]}]},{"@type":"ImageObject","inLanguage":"en-GB","@id":"https:\/\/buletin.de\/bucuresti\/peste-80-de-oameni-de-cultura-ii-propun-lui-nicusor-dan-o-reforma-radicala-a-modului-in-care-se-finanteaza-institutiile-culturale-si-sectorul-cultural-independent\/#primaryimage","url":"https:\/\/buletin.de\/bucuresti\/wp-content\/uploads\/kyle-head-p6rNTdAPbuk-unsplash-scaled.jpg","contentUrl":"https:\/\/buletin.de\/bucuresti\/wp-content\/uploads\/kyle-head-p6rNTdAPbuk-unsplash-scaled.jpg","width":2560,"height":1706},{"@type":"BreadcrumbList","@id":"https:\/\/buletin.de\/bucuresti\/peste-80-de-oameni-de-cultura-ii-propun-lui-nicusor-dan-o-reforma-radicala-a-modului-in-care-se-finanteaza-institutiile-culturale-si-sectorul-cultural-independent\/#breadcrumb","itemListElement":[{"@type":"ListItem","position":1,"name":"Acas\u0103","item":"https:\/\/buletin.de\/bucuresti\/"},{"@type":"ListItem","position":2,"name":"Peste 80 de oameni de cultur\u0103 \u00eei propun lui Nicu\u0219or Dan o reform\u0103 radical\u0103 a modului \u00een care se finan\u021beaz\u0103 institu\u021biile culturale \u0219i sectorul cultural independent"}]},{"@type":"WebSite","@id":"https:\/\/buletin.de\/bucuresti\/#website","url":"https:\/\/buletin.de\/bucuresti\/","name":"Buletin de Bucure\u0219ti","description":"\u0218tiri \u0219i investiga\u021bii esen\u021biale din capital\u0103","publisher":{"@id":"https:\/\/buletin.de\/bucuresti\/#organization"},"potentialAction":[{"@type":"SearchAction","target":{"@type":"EntryPoint","urlTemplate":"https:\/\/buletin.de\/bucuresti\/?s={search_term_string}"},"query-input":{"@type":"PropertyValueSpecification","valueRequired":true,"valueName":"search_term_string"}}],"inLanguage":"en-GB"},{"@type":"Organization","@id":"https:\/\/buletin.de\/bucuresti\/#organization","name":"Buletin de Bucure\u0219ti","url":"https:\/\/buletin.de\/bucuresti\/","logo":{"@type":"ImageObject","inLanguage":"en-GB","@id":"https:\/\/buletin.de\/bucuresti\/#\/schema\/logo\/image\/","url":"https:\/\/buletin.de\/bucuresti\/wp-content\/uploads\/logo-bdb-full-wide-vernil-transparent.png","contentUrl":"https:\/\/buletin.de\/bucuresti\/wp-content\/uploads\/logo-bdb-full-wide-vernil-transparent.png","width":1782,"height":626,"caption":"Buletin de Bucure\u0219ti"},"image":{"@id":"https:\/\/buletin.de\/bucuresti\/#\/schema\/logo\/image\/"},"sameAs":["https:\/\/www.facebook.com\/buletin.de.buc","https:\/\/www.instagram.com\/buletinde.bucuresti\/"]},{"@type":"Person","@id":"https:\/\/buletin.de\/bucuresti\/#\/schema\/person\/295dc2228d2dc79294d636619468dc7f","name":"Bianca Albu","image":{"@type":"ImageObject","inLanguage":"en-GB","@id":"https:\/\/secure.gravatar.com\/avatar\/3df2e34e20f529e6fd7be4311ee1f7c4ec4aa886971590baf6fa214b15743516?s=96&d=monsterid&r=gf541c715eeec409ce8101252a3c0d8a7","url":"https:\/\/secure.gravatar.com\/avatar\/3df2e34e20f529e6fd7be4311ee1f7c4ec4aa886971590baf6fa214b15743516?s=96&d=monsterid&r=g","contentUrl":"https:\/\/secure.gravatar.com\/avatar\/3df2e34e20f529e6fd7be4311ee1f7c4ec4aa886971590baf6fa214b15743516?s=96&d=monsterid&r=g","caption":"Bianca Albu"},"description":"Reporter","url":"https:\/\/buletin.de\/bucuresti\/author\/biancaalbu\/"}]}},"authors":[{"term_id":22588,"user_id":6,"is_guest":0,"slug":"biancaalbu","display_name":"Bianca Albu","avatar_url":"https:\/\/secure.gravatar.com\/avatar\/3df2e34e20f529e6fd7be4311ee1f7c4ec4aa886971590baf6fa214b15743516?s=96&d=monsterid&r=g","0":null,"1":"","2":"","3":"","4":"","5":"","6":"","7":"","8":""}],"_links":{"self":[{"href":"https:\/\/buletin.de\/bucuresti\/wp-json\/wp\/v2\/posts\/14475","targetHints":{"allow":["GET"]}}],"collection":[{"href":"https:\/\/buletin.de\/bucuresti\/wp-json\/wp\/v2\/posts"}],"about":[{"href":"https:\/\/buletin.de\/bucuresti\/wp-json\/wp\/v2\/types\/post"}],"author":[{"embeddable":true,"href":"https:\/\/buletin.de\/bucuresti\/wp-json\/wp\/v2\/users\/6"}],"replies":[{"embeddable":true,"href":"https:\/\/buletin.de\/bucuresti\/wp-json\/wp\/v2\/comments?post=14475"}],"version-history":[{"count":1,"href":"https:\/\/buletin.de\/bucuresti\/wp-json\/wp\/v2\/posts\/14475\/revisions"}],"predecessor-version":[{"id":14477,"href":"https:\/\/buletin.de\/bucuresti\/wp-json\/wp\/v2\/posts\/14475\/revisions\/14477"}],"wp:featuredmedia":[{"embeddable":true,"href":"https:\/\/buletin.de\/bucuresti\/wp-json\/wp\/v2\/media\/14476"}],"wp:attachment":[{"href":"https:\/\/buletin.de\/bucuresti\/wp-json\/wp\/v2\/media?parent=14475"}],"wp:term":[{"taxonomy":"category","embeddable":true,"href":"https:\/\/buletin.de\/bucuresti\/wp-json\/wp\/v2\/categories?post=14475"},{"taxonomy":"post_tag","embeddable":true,"href":"https:\/\/buletin.de\/bucuresti\/wp-json\/wp\/v2\/tags?post=14475"},{"taxonomy":"author","embeddable":true,"href":"https:\/\/buletin.de\/bucuresti\/wp-json\/wp\/v2\/ppma_author?post=14475"}],"curies":[{"name":"wp","href":"https:\/\/api.w.org\/{rel}","templated":true}]}}