{"id":144681,"date":"2025-08-23T06:46:09","date_gmt":"2025-08-23T03:46:09","guid":{"rendered":"https:\/\/buletin.de\/bucuresti\/?p=144681"},"modified":"2025-08-23T19:10:26","modified_gmt":"2025-08-23T16:10:26","slug":"doua-persoane-inecate-in-lacul-snagov-gasite-azi-noapte-dupa-ore-de-cautari","status":"publish","type":"post","link":"https:\/\/buletin.de\/bucuresti\/doua-persoane-inecate-in-lacul-snagov-gasite-azi-noapte-dupa-ore-de-cautari\/","title":{"rendered":"Dou\u0103 persoane \u00eenecate \u00een Lacul Snagov \u00een timpul furtunii, g\u0103site azi-noapte dup\u0103 ore de c\u0103ut\u0103ri"},"content":{"rendered":"\n<p><strong>Dou\u0103 persoane \u00eenecate \u00een Lacul Snagov dup\u0103 ce au fost surprinse de furtun\u0103 \u00een timp ce se plimbau cu o ambarca\u021biune, au fost g\u0103site dup\u0103 mai multe ore de c\u0103ut\u0103ri, cu ajutorul unor sonare.<\/strong><\/p>\n\n\n\n<h2 class=\"wp-block-heading\" id=\"h-update-victimele-sunt-un-medic-\u0219i-fiul-lui-de-13-ani-ace\u0219tia-se-aflau-pe-lacul-snagov-cu-un-caiac\">UPDATE: Victimele sunt un medic \u0219i fiul lui de 13 ani. Ace\u0219tia se aflau pe lacul Snagov cu un caiac. <\/h2>\n\n\n\n<p>\u201e\u00cen cele din urm\u0103, ambele persoane au fost g\u0103site \u0219i scoase la mal, ace\u0219tia au fost identifica\u021bi, \u00een cauz\u0103 fiind vorba despre un b\u0103rbat de 53 de ani \u0219i un minor de 13 ani. <\/p>\n\n\n\n<p>Ambelor persoane le-au fost aplicate manevre de resuscitare, \u00eens\u0103 pentru ace\u0219tia a fost declarat decesul, \u00eentruc\u00e2t nu prezentau semne vitale\u201d, a transmis Poli\u021bia Ilfov.<\/p>\n\n\n\n<hr class=\"wp-block-separator has-alpha-channel-opacity\"\/>\n\n\n\n<p><strong>Pompierii din cadrul <a href=\"https:\/\/isubif.igsu.ro\/\" target=\"_blank\" rel=\"noreferrer noopener\">ISU Bucure\u0219ti-Ilfov<\/a> au fost alerta\u021bi \u00een cursul nop\u021bii de vineri spre s\u00e2mb\u0103t\u0103 \u0219i au fost solicita\u021bi s\u0103 intervin\u0103 pentru c\u0103utarea acestora.<\/strong><\/p>\n\n\n\n<p>La interven\u021bie au mai participat echipaje ale Poli\u021biei Transporturi \u0219i voluntari.<\/p>\n\n\n\n<figure class=\"wp-block-video\"><video height=\"478\" style=\"aspect-ratio: 848 \/ 478;\" width=\"848\" controls src=\"https:\/\/buletin.de\/bucuresti\/wp-content\/uploads\/2025\/08\/WhatsApp-Video-2025-08-23-at-06.40.14_8498183a.mp4\"><\/video><\/figure>\n\n\n\n<h2 class=\"wp-block-heading\" id=\"h-doua-persoane-inecate-dupa-ce-a-fost-anun\u021bat-cod-portocaliu-de-furtuna\">Dou\u0103 persoane \u00eenecate, dup\u0103 ce a fost anun\u021bat cod portocaliu de furtun\u0103<\/h2>\n\n\n\n<p>\u201e\u00cen urma c\u0103ut\u0103rilor, au fost identificate \u015fi extrase din ap\u0103 cele dou\u0103 persoane, fiind declarate decedate de c\u0103tre medicul prezent la fa\u021ba locului. Am intervenit cu echipajul de scafandri din cadrul Deta\u0219amentului Special de Salvatori, o barc\u0103 remorcabil\u0103 (tractat\u0103 de o autospecial\u0103 de stingere), un punct de comand\u0101 mobil \u0219i 2 echipaje&nbsp;de&nbsp;prim&nbsp;ajutor\u201d, se arat\u0103 \u00een comunicatul ISU.<\/p>\n\n\n\n<p><strong>CITE\u0218TE \u0218I <a href=\"https:\/\/buletin.de\/bucuresti\/robert-negoita-un-nou-atac-la-buletin-de-bucuresti-dupa-investigatia-recorder\/\">Robert Negoi\u021b\u0103, un nou atac la Buletin de Bucure\u0219ti, dup\u0103 investiga\u021bia Recorder<\/a><\/strong><\/p>\n\n\n\n<figure class=\"wp-block-video\"><video height=\"478\" style=\"aspect-ratio: 848 \/ 478;\" width=\"848\" controls src=\"https:\/\/buletin.de\/bucuresti\/wp-content\/uploads\/2025\/08\/WhatsApp-Video-2025-08-23-at-06.40.13_d809b5cf.mp4\"><\/video><\/figure>\n\n\n\n<h2 class=\"wp-block-heading\" id=\"h-furtuna-care-a-lovit-bucure\u0219tiul-\u0219i-ilfovul\"><strong>Furtuna care a lovit Bucure\u0219tiul \u0219i Ilfovul<\/strong><\/h2>\n\n\n\n<p><strong>Furtuna de vineri sear\u0103 a blocat \u0219i transportul \u00een comun din Capital\u0103. Pe Calea Dude\u0219ti, un copac a c\u0103zut pe linia de tramvai, afect\u00e2nd re\u021beaua electric\u0103. Tramvaiele 23 \u0219i 27 au fost blocate.<\/strong><\/p>\n\n\n\n<p>O situa\u021bie similar\u0103 a fost \u00eenregistrat\u0103 \u0219i \u00een zona Lacului Tei, unde tramvaiele 17 \u0219i 36 au fost oprite din cauza unui copac c\u0103zut pe \u0219ine. \u0218i troleibuzul 93 a fost oprit.<\/p>\n\n\n\n<p>Avertizarea emis\u0103 de Inspectoratul pentru Situa\u021bii de Urgen\u021b\u0103 Bucure\u0219ti \u2013 Ilfov a fost valabil\u0103 de la 19:20 p\u00e2n\u0103 la ora 20:00 \u0219i a anun\u021bat cod portocaliu de vijelie, cu rafale de 70 km\/h, ploi toren\u021biale \u0219i desc\u0103rc\u0103ri electrice.<\/p>\n\n\n\n<p><strong>CITE\u0218TE \u0218I: <a href=\"https:\/\/buletin.de\/bucuresti\/cod-portocaliu-de-vijelie-si-ploi-torentiale-in-bucuresti-si-ilfov\/\" target=\"_blank\" rel=\"noreferrer noopener\">Cod portocaliu de vijelie \u0219i ploi toren\u021biale \u00een Bucure\u0219ti \u0219i Ilfov. UPDATE: Mai multe linii de tramvai au fost blocate<\/a><\/strong><\/p>\n","protected":false},"excerpt":{"rendered":"<p>Dou\u0103 persoane \u00eenecate \u00een Lacul Snagov dup\u0103 ce au fost surprinse de furtun\u0103 \u00een timp ce se plimbau cu o ambarca\u021biune, au fost g\u0103site dup\u0103 mai multe ore de c\u0103ut\u0103ri, cu ajutorul unor sonare. UPDATE: Victimele sunt un medic \u0219i fiul lui de 13 ani. Ace\u0219tia se aflau pe lacul Snagov cu un caiac. \u201e\u00cen [&hellip;]<\/p>\n","protected":false},"author":1,"featured_media":144683,"comment_status":"closed","ping_status":"open","sticky":false,"template":"","format":"standard","meta":{"_acf_changed":false,"inline_featured_image":false,"ngg_post_thumbnail":0,"footnotes":""},"categories":[6994,9026,5762],"tags":[2927,55,23425,840,23426,2655],"ppma_author":[22583],"class_list":["post-144681","post","type-post","status-publish","format-standard","has-post-thumbnail","hentry","category-stiri-2","category-eveniment","category-main","tag-cod-portocaliu","tag-furtuna","tag-inec","tag-isu","tag-scafandri","tag-snagov"],"acf":[],"yoast_head":"<!-- This site is optimized with the Yoast SEO Premium plugin v25.3 (Yoast SEO v27.4) - https:\/\/yoast.com\/product\/yoast-seo-premium-wordpress\/ -->\n<title>Dou\u0103 persoane \u00eenecate \u00een Lacul Snagov \u00een timpul furtunii, g\u0103site azi-noapte dup\u0103 ore de c\u0103ut\u0103ri - Buletin de Bucure\u0219ti<\/title>\n<meta name=\"description\" content=\"Dou\u0103 persoane \u00eenecate \u00een Lacul Snagov dup\u0103 ce au fost surprinse de furtun\u0103 \u00een timp ce se plimbau cu o ambarca\u021biune.\" \/>\n<meta name=\"robots\" content=\"index, follow, max-snippet:-1, max-image-preview:large, max-video-preview:-1\" \/>\n<link rel=\"canonical\" href=\"https:\/\/buletin.de\/bucuresti\/doua-persoane-inecate-in-lacul-snagov-gasite-azi-noapte-dupa-ore-de-cautari\/\" \/>\n<meta property=\"og:locale\" content=\"en_GB\" \/>\n<meta property=\"og:type\" content=\"article\" \/>\n<meta property=\"og:title\" content=\"Dou\u0103 persoane \u00eenecate \u00een Lacul Snagov \u00een timpul furtunii, g\u0103site azi-noapte dup\u0103 ore de c\u0103ut\u0103ri\" \/>\n<meta property=\"og:description\" content=\"Dou\u0103 persoane \u00eenecate \u00een Lacul Snagov dup\u0103 ce au fost surprinse de furtun\u0103 \u00een timp ce se plimbau cu o ambarca\u021biune.\" \/>\n<meta property=\"og:url\" content=\"https:\/\/buletin.de\/bucuresti\/doua-persoane-inecate-in-lacul-snagov-gasite-azi-noapte-dupa-ore-de-cautari\/\" \/>\n<meta property=\"og:site_name\" content=\"Buletin de Bucure\u0219ti\" \/>\n<meta property=\"article:publisher\" content=\"https:\/\/www.facebook.com\/buletin.de.buc\" \/>\n<meta property=\"article:published_time\" content=\"2025-08-23T03:46:09+00:00\" \/>\n<meta property=\"article:modified_time\" content=\"2025-08-23T16:10:26+00:00\" \/>\n<meta property=\"og:image\" content=\"https:\/\/buletin.de\/bucuresti\/wp-content\/uploads\/2025\/08\/Captura-de-ecran-2025-08-23-064335.png\" \/>\n\t<meta property=\"og:image:width\" content=\"1773\" \/>\n\t<meta property=\"og:image:height\" content=\"961\" \/>\n\t<meta property=\"og:image:type\" content=\"image\/png\" \/>\n<meta name=\"author\" content=\"Redac\u021bia Buletin de Bucure\u0219ti\" \/>\n<meta name=\"twitter:card\" content=\"summary_large_image\" \/>\n<meta name=\"twitter:label1\" content=\"Written by\" \/>\n\t<meta name=\"twitter:data1\" content=\"Redac\u021bia Buletin de Bucure\u0219ti\" \/>\n\t<meta name=\"twitter:label2\" content=\"Estimated reading time\" \/>\n\t<meta name=\"twitter:data2\" content=\"2 minutes\" \/>\n<script type=\"application\/ld+json\" class=\"yoast-schema-graph\">{\"@context\":\"https:\\\/\\\/schema.org\",\"@graph\":[{\"@type\":\"Article\",\"@id\":\"https:\\\/\\\/buletin.de\\\/bucuresti\\\/doua-persoane-inecate-in-lacul-snagov-gasite-azi-noapte-dupa-ore-de-cautari\\\/#article\",\"isPartOf\":{\"@id\":\"https:\\\/\\\/buletin.de\\\/bucuresti\\\/doua-persoane-inecate-in-lacul-snagov-gasite-azi-noapte-dupa-ore-de-cautari\\\/\"},\"author\":{\"name\":\"Redac\u021bia Buletin de Bucure\u0219ti\",\"@id\":\"https:\\\/\\\/buletin.de\\\/bucuresti\\\/#\\\/schema\\\/person\\\/2bbcf854e5f2419a13804af574d06ab1\"},\"headline\":\"Dou\u0103 persoane \u00eenecate \u00een Lacul Snagov \u00een timpul furtunii, g\u0103site azi-noapte dup\u0103 ore de c\u0103ut\u0103ri\",\"datePublished\":\"2025-08-23T03:46:09+00:00\",\"dateModified\":\"2025-08-23T16:10:26+00:00\",\"mainEntityOfPage\":{\"@id\":\"https:\\\/\\\/buletin.de\\\/bucuresti\\\/doua-persoane-inecate-in-lacul-snagov-gasite-azi-noapte-dupa-ore-de-cautari\\\/\"},\"wordCount\":421,\"publisher\":{\"@id\":\"https:\\\/\\\/buletin.de\\\/bucuresti\\\/#organization\"},\"image\":{\"@id\":\"https:\\\/\\\/buletin.de\\\/bucuresti\\\/doua-persoane-inecate-in-lacul-snagov-gasite-azi-noapte-dupa-ore-de-cautari\\\/#primaryimage\"},\"thumbnailUrl\":\"https:\\\/\\\/buletin.de\\\/bucuresti\\\/wp-content\\\/uploads\\\/2025\\\/08\\\/Captura-de-ecran-2025-08-23-064335.png\",\"keywords\":[\"cod portocaliu\",\"furtuna\",\"inec\",\"isu\",\"scafandri\",\"snagov\"],\"articleSection\":[\"Articole\",\"Eveniment\",\"Main\"],\"inLanguage\":\"en-GB\",\"copyrightYear\":\"2025\",\"copyrightHolder\":{\"@id\":\"https:\\\/\\\/buletin.de\\\/bucuresti\\\/#organization\"}},{\"@type\":\"WebPage\",\"@id\":\"https:\\\/\\\/buletin.de\\\/bucuresti\\\/doua-persoane-inecate-in-lacul-snagov-gasite-azi-noapte-dupa-ore-de-cautari\\\/\",\"url\":\"https:\\\/\\\/buletin.de\\\/bucuresti\\\/doua-persoane-inecate-in-lacul-snagov-gasite-azi-noapte-dupa-ore-de-cautari\\\/\",\"name\":\"Dou\u0103 persoane \u00eenecate \u00een Lacul Snagov \u00een timpul furtunii, g\u0103site azi-noapte dup\u0103 ore de c\u0103ut\u0103ri - Buletin de Bucure\u0219ti\",\"isPartOf\":{\"@id\":\"https:\\\/\\\/buletin.de\\\/bucuresti\\\/#website\"},\"primaryImageOfPage\":{\"@id\":\"https:\\\/\\\/buletin.de\\\/bucuresti\\\/doua-persoane-inecate-in-lacul-snagov-gasite-azi-noapte-dupa-ore-de-cautari\\\/#primaryimage\"},\"image\":{\"@id\":\"https:\\\/\\\/buletin.de\\\/bucuresti\\\/doua-persoane-inecate-in-lacul-snagov-gasite-azi-noapte-dupa-ore-de-cautari\\\/#primaryimage\"},\"thumbnailUrl\":\"https:\\\/\\\/buletin.de\\\/bucuresti\\\/wp-content\\\/uploads\\\/2025\\\/08\\\/Captura-de-ecran-2025-08-23-064335.png\",\"datePublished\":\"2025-08-23T03:46:09+00:00\",\"dateModified\":\"2025-08-23T16:10:26+00:00\",\"description\":\"Dou\u0103 persoane \u00eenecate \u00een Lacul Snagov dup\u0103 ce au fost surprinse de furtun\u0103 \u00een timp ce se plimbau cu o ambarca\u021biune.\",\"breadcrumb\":{\"@id\":\"https:\\\/\\\/buletin.de\\\/bucuresti\\\/doua-persoane-inecate-in-lacul-snagov-gasite-azi-noapte-dupa-ore-de-cautari\\\/#breadcrumb\"},\"inLanguage\":\"en-GB\",\"potentialAction\":[{\"@type\":\"ReadAction\",\"target\":[\"https:\\\/\\\/buletin.de\\\/bucuresti\\\/doua-persoane-inecate-in-lacul-snagov-gasite-azi-noapte-dupa-ore-de-cautari\\\/\"]}]},{\"@type\":\"ImageObject\",\"inLanguage\":\"en-GB\",\"@id\":\"https:\\\/\\\/buletin.de\\\/bucuresti\\\/doua-persoane-inecate-in-lacul-snagov-gasite-azi-noapte-dupa-ore-de-cautari\\\/#primaryimage\",\"url\":\"https:\\\/\\\/buletin.de\\\/bucuresti\\\/wp-content\\\/uploads\\\/2025\\\/08\\\/Captura-de-ecran-2025-08-23-064335.png\",\"contentUrl\":\"https:\\\/\\\/buletin.de\\\/bucuresti\\\/wp-content\\\/uploads\\\/2025\\\/08\\\/Captura-de-ecran-2025-08-23-064335.png\",\"width\":1773,\"height\":961,\"caption\":\"Cele dou\u0103 persoane \u00eenecate au fost c\u0103utate toat\u0103 noapte. Foto ISU-BIF\"},{\"@type\":\"BreadcrumbList\",\"@id\":\"https:\\\/\\\/buletin.de\\\/bucuresti\\\/doua-persoane-inecate-in-lacul-snagov-gasite-azi-noapte-dupa-ore-de-cautari\\\/#breadcrumb\",\"itemListElement\":[{\"@type\":\"ListItem\",\"position\":1,\"name\":\"Acas\u0103\",\"item\":\"https:\\\/\\\/buletin.de\\\/bucuresti\\\/\"},{\"@type\":\"ListItem\",\"position\":2,\"name\":\"Dou\u0103 persoane \u00eenecate \u00een Lacul Snagov \u00een timpul furtunii, g\u0103site azi-noapte dup\u0103 ore de c\u0103ut\u0103ri\"}]},{\"@type\":\"WebSite\",\"@id\":\"https:\\\/\\\/buletin.de\\\/bucuresti\\\/#website\",\"url\":\"https:\\\/\\\/buletin.de\\\/bucuresti\\\/\",\"name\":\"Buletin de Bucure\u0219ti\",\"description\":\"\u0218tiri \u0219i investiga\u021bii esen\u021biale din capital\u0103\",\"publisher\":{\"@id\":\"https:\\\/\\\/buletin.de\\\/bucuresti\\\/#organization\"},\"potentialAction\":[{\"@type\":\"SearchAction\",\"target\":{\"@type\":\"EntryPoint\",\"urlTemplate\":\"https:\\\/\\\/buletin.de\\\/bucuresti\\\/?s={search_term_string}\"},\"query-input\":{\"@type\":\"PropertyValueSpecification\",\"valueRequired\":true,\"valueName\":\"search_term_string\"}}],\"inLanguage\":\"en-GB\"},{\"@type\":\"Organization\",\"@id\":\"https:\\\/\\\/buletin.de\\\/bucuresti\\\/#organization\",\"name\":\"Buletin de Bucure\u0219ti\",\"url\":\"https:\\\/\\\/buletin.de\\\/bucuresti\\\/\",\"logo\":{\"@type\":\"ImageObject\",\"inLanguage\":\"en-GB\",\"@id\":\"https:\\\/\\\/buletin.de\\\/bucuresti\\\/#\\\/schema\\\/logo\\\/image\\\/\",\"url\":\"https:\\\/\\\/buletin.de\\\/bucuresti\\\/wp-content\\\/uploads\\\/logo-bdb-full-wide-vernil-transparent.png\",\"contentUrl\":\"https:\\\/\\\/buletin.de\\\/bucuresti\\\/wp-content\\\/uploads\\\/logo-bdb-full-wide-vernil-transparent.png\",\"width\":1782,\"height\":626,\"caption\":\"Buletin de Bucure\u0219ti\"},\"image\":{\"@id\":\"https:\\\/\\\/buletin.de\\\/bucuresti\\\/#\\\/schema\\\/logo\\\/image\\\/\"},\"sameAs\":[\"https:\\\/\\\/www.facebook.com\\\/buletin.de.buc\",\"https:\\\/\\\/www.instagram.com\\\/buletinde.bucuresti\\\/\"]},{\"@type\":\"Person\",\"@id\":\"https:\\\/\\\/buletin.de\\\/bucuresti\\\/#\\\/schema\\\/person\\\/2bbcf854e5f2419a13804af574d06ab1\",\"name\":\"Redac\u021bia Buletin de Bucure\u0219ti\",\"image\":{\"@type\":\"ImageObject\",\"inLanguage\":\"en-GB\",\"@id\":\"https:\\\/\\\/secure.gravatar.com\\\/avatar\\\/18c5342381ed1a08620e6280424e3e5efc958618f5d67c522c9e44c1bc6f9226?s=96&d=monsterid&r=g60c7cd0ad92c68c049fcd4bb3504d609\",\"url\":\"https:\\\/\\\/secure.gravatar.com\\\/avatar\\\/18c5342381ed1a08620e6280424e3e5efc958618f5d67c522c9e44c1bc6f9226?s=96&d=monsterid&r=g\",\"contentUrl\":\"https:\\\/\\\/secure.gravatar.com\\\/avatar\\\/18c5342381ed1a08620e6280424e3e5efc958618f5d67c522c9e44c1bc6f9226?s=96&d=monsterid&r=g\",\"caption\":\"Redac\u021bia Buletin de Bucure\u0219ti\"},\"description\":\"Buletin de Bucure\u0219ti exist\u0103 din vara anului 2019.\",\"url\":\"https:\\\/\\\/buletin.de\\\/bucuresti\\\/author\\\/adminbuletin\\\/\"}]}<\/script>\n<!-- \/ Yoast SEO Premium plugin. -->","yoast_head_json":{"title":"Dou\u0103 persoane \u00eenecate \u00een Lacul Snagov \u00een timpul furtunii, g\u0103site azi-noapte dup\u0103 ore de c\u0103ut\u0103ri - Buletin de Bucure\u0219ti","description":"Dou\u0103 persoane \u00eenecate \u00een Lacul Snagov dup\u0103 ce au fost surprinse de furtun\u0103 \u00een timp ce se plimbau cu o ambarca\u021biune.","robots":{"index":"index","follow":"follow","max-snippet":"max-snippet:-1","max-image-preview":"max-image-preview:large","max-video-preview":"max-video-preview:-1"},"canonical":"https:\/\/buletin.de\/bucuresti\/doua-persoane-inecate-in-lacul-snagov-gasite-azi-noapte-dupa-ore-de-cautari\/","og_locale":"en_GB","og_type":"article","og_title":"Dou\u0103 persoane \u00eenecate \u00een Lacul Snagov \u00een timpul furtunii, g\u0103site azi-noapte dup\u0103 ore de c\u0103ut\u0103ri","og_description":"Dou\u0103 persoane \u00eenecate \u00een Lacul Snagov dup\u0103 ce au fost surprinse de furtun\u0103 \u00een timp ce se plimbau cu o ambarca\u021biune.","og_url":"https:\/\/buletin.de\/bucuresti\/doua-persoane-inecate-in-lacul-snagov-gasite-azi-noapte-dupa-ore-de-cautari\/","og_site_name":"Buletin de Bucure\u0219ti","article_publisher":"https:\/\/www.facebook.com\/buletin.de.buc","article_published_time":"2025-08-23T03:46:09+00:00","article_modified_time":"2025-08-23T16:10:26+00:00","og_image":[{"width":1773,"height":961,"url":"https:\/\/buletin.de\/bucuresti\/wp-content\/uploads\/2025\/08\/Captura-de-ecran-2025-08-23-064335.png","type":"image\/png"}],"author":"Redac\u021bia Buletin de Bucure\u0219ti","twitter_card":"summary_large_image","twitter_misc":{"Written by":"Redac\u021bia Buletin de Bucure\u0219ti","Estimated reading time":"2 minutes"},"schema":{"@context":"https:\/\/schema.org","@graph":[{"@type":"Article","@id":"https:\/\/buletin.de\/bucuresti\/doua-persoane-inecate-in-lacul-snagov-gasite-azi-noapte-dupa-ore-de-cautari\/#article","isPartOf":{"@id":"https:\/\/buletin.de\/bucuresti\/doua-persoane-inecate-in-lacul-snagov-gasite-azi-noapte-dupa-ore-de-cautari\/"},"author":{"name":"Redac\u021bia Buletin de Bucure\u0219ti","@id":"https:\/\/buletin.de\/bucuresti\/#\/schema\/person\/2bbcf854e5f2419a13804af574d06ab1"},"headline":"Dou\u0103 persoane \u00eenecate \u00een Lacul Snagov \u00een timpul furtunii, g\u0103site azi-noapte dup\u0103 ore de c\u0103ut\u0103ri","datePublished":"2025-08-23T03:46:09+00:00","dateModified":"2025-08-23T16:10:26+00:00","mainEntityOfPage":{"@id":"https:\/\/buletin.de\/bucuresti\/doua-persoane-inecate-in-lacul-snagov-gasite-azi-noapte-dupa-ore-de-cautari\/"},"wordCount":421,"publisher":{"@id":"https:\/\/buletin.de\/bucuresti\/#organization"},"image":{"@id":"https:\/\/buletin.de\/bucuresti\/doua-persoane-inecate-in-lacul-snagov-gasite-azi-noapte-dupa-ore-de-cautari\/#primaryimage"},"thumbnailUrl":"https:\/\/buletin.de\/bucuresti\/wp-content\/uploads\/2025\/08\/Captura-de-ecran-2025-08-23-064335.png","keywords":["cod portocaliu","furtuna","inec","isu","scafandri","snagov"],"articleSection":["Articole","Eveniment","Main"],"inLanguage":"en-GB","copyrightYear":"2025","copyrightHolder":{"@id":"https:\/\/buletin.de\/bucuresti\/#organization"}},{"@type":"WebPage","@id":"https:\/\/buletin.de\/bucuresti\/doua-persoane-inecate-in-lacul-snagov-gasite-azi-noapte-dupa-ore-de-cautari\/","url":"https:\/\/buletin.de\/bucuresti\/doua-persoane-inecate-in-lacul-snagov-gasite-azi-noapte-dupa-ore-de-cautari\/","name":"Dou\u0103 persoane \u00eenecate \u00een Lacul Snagov \u00een timpul furtunii, g\u0103site azi-noapte dup\u0103 ore de c\u0103ut\u0103ri - Buletin de Bucure\u0219ti","isPartOf":{"@id":"https:\/\/buletin.de\/bucuresti\/#website"},"primaryImageOfPage":{"@id":"https:\/\/buletin.de\/bucuresti\/doua-persoane-inecate-in-lacul-snagov-gasite-azi-noapte-dupa-ore-de-cautari\/#primaryimage"},"image":{"@id":"https:\/\/buletin.de\/bucuresti\/doua-persoane-inecate-in-lacul-snagov-gasite-azi-noapte-dupa-ore-de-cautari\/#primaryimage"},"thumbnailUrl":"https:\/\/buletin.de\/bucuresti\/wp-content\/uploads\/2025\/08\/Captura-de-ecran-2025-08-23-064335.png","datePublished":"2025-08-23T03:46:09+00:00","dateModified":"2025-08-23T16:10:26+00:00","description":"Dou\u0103 persoane \u00eenecate \u00een Lacul Snagov dup\u0103 ce au fost surprinse de furtun\u0103 \u00een timp ce se plimbau cu o ambarca\u021biune.","breadcrumb":{"@id":"https:\/\/buletin.de\/bucuresti\/doua-persoane-inecate-in-lacul-snagov-gasite-azi-noapte-dupa-ore-de-cautari\/#breadcrumb"},"inLanguage":"en-GB","potentialAction":[{"@type":"ReadAction","target":["https:\/\/buletin.de\/bucuresti\/doua-persoane-inecate-in-lacul-snagov-gasite-azi-noapte-dupa-ore-de-cautari\/"]}]},{"@type":"ImageObject","inLanguage":"en-GB","@id":"https:\/\/buletin.de\/bucuresti\/doua-persoane-inecate-in-lacul-snagov-gasite-azi-noapte-dupa-ore-de-cautari\/#primaryimage","url":"https:\/\/buletin.de\/bucuresti\/wp-content\/uploads\/2025\/08\/Captura-de-ecran-2025-08-23-064335.png","contentUrl":"https:\/\/buletin.de\/bucuresti\/wp-content\/uploads\/2025\/08\/Captura-de-ecran-2025-08-23-064335.png","width":1773,"height":961,"caption":"Cele dou\u0103 persoane \u00eenecate au fost c\u0103utate toat\u0103 noapte. Foto ISU-BIF"},{"@type":"BreadcrumbList","@id":"https:\/\/buletin.de\/bucuresti\/doua-persoane-inecate-in-lacul-snagov-gasite-azi-noapte-dupa-ore-de-cautari\/#breadcrumb","itemListElement":[{"@type":"ListItem","position":1,"name":"Acas\u0103","item":"https:\/\/buletin.de\/bucuresti\/"},{"@type":"ListItem","position":2,"name":"Dou\u0103 persoane \u00eenecate \u00een Lacul Snagov \u00een timpul furtunii, g\u0103site azi-noapte dup\u0103 ore de c\u0103ut\u0103ri"}]},{"@type":"WebSite","@id":"https:\/\/buletin.de\/bucuresti\/#website","url":"https:\/\/buletin.de\/bucuresti\/","name":"Buletin de Bucure\u0219ti","description":"\u0218tiri \u0219i investiga\u021bii esen\u021biale din capital\u0103","publisher":{"@id":"https:\/\/buletin.de\/bucuresti\/#organization"},"potentialAction":[{"@type":"SearchAction","target":{"@type":"EntryPoint","urlTemplate":"https:\/\/buletin.de\/bucuresti\/?s={search_term_string}"},"query-input":{"@type":"PropertyValueSpecification","valueRequired":true,"valueName":"search_term_string"}}],"inLanguage":"en-GB"},{"@type":"Organization","@id":"https:\/\/buletin.de\/bucuresti\/#organization","name":"Buletin de Bucure\u0219ti","url":"https:\/\/buletin.de\/bucuresti\/","logo":{"@type":"ImageObject","inLanguage":"en-GB","@id":"https:\/\/buletin.de\/bucuresti\/#\/schema\/logo\/image\/","url":"https:\/\/buletin.de\/bucuresti\/wp-content\/uploads\/logo-bdb-full-wide-vernil-transparent.png","contentUrl":"https:\/\/buletin.de\/bucuresti\/wp-content\/uploads\/logo-bdb-full-wide-vernil-transparent.png","width":1782,"height":626,"caption":"Buletin de Bucure\u0219ti"},"image":{"@id":"https:\/\/buletin.de\/bucuresti\/#\/schema\/logo\/image\/"},"sameAs":["https:\/\/www.facebook.com\/buletin.de.buc","https:\/\/www.instagram.com\/buletinde.bucuresti\/"]},{"@type":"Person","@id":"https:\/\/buletin.de\/bucuresti\/#\/schema\/person\/2bbcf854e5f2419a13804af574d06ab1","name":"Redac\u021bia Buletin de Bucure\u0219ti","image":{"@type":"ImageObject","inLanguage":"en-GB","@id":"https:\/\/secure.gravatar.com\/avatar\/18c5342381ed1a08620e6280424e3e5efc958618f5d67c522c9e44c1bc6f9226?s=96&d=monsterid&r=g60c7cd0ad92c68c049fcd4bb3504d609","url":"https:\/\/secure.gravatar.com\/avatar\/18c5342381ed1a08620e6280424e3e5efc958618f5d67c522c9e44c1bc6f9226?s=96&d=monsterid&r=g","contentUrl":"https:\/\/secure.gravatar.com\/avatar\/18c5342381ed1a08620e6280424e3e5efc958618f5d67c522c9e44c1bc6f9226?s=96&d=monsterid&r=g","caption":"Redac\u021bia Buletin de Bucure\u0219ti"},"description":"Buletin de Bucure\u0219ti exist\u0103 din vara anului 2019.","url":"https:\/\/buletin.de\/bucuresti\/author\/adminbuletin\/"}]}},"authors":[{"term_id":22583,"user_id":1,"is_guest":0,"slug":"adminbuletin","display_name":"Redac\u021bia Buletin de Bucure\u0219ti","avatar_url":"https:\/\/secure.gravatar.com\/avatar\/18c5342381ed1a08620e6280424e3e5efc958618f5d67c522c9e44c1bc6f9226?s=96&d=monsterid&r=g","0":null,"1":"","2":"","3":"","4":"","5":"","6":"","7":"","8":""}],"_links":{"self":[{"href":"https:\/\/buletin.de\/bucuresti\/wp-json\/wp\/v2\/posts\/144681","targetHints":{"allow":["GET"]}}],"collection":[{"href":"https:\/\/buletin.de\/bucuresti\/wp-json\/wp\/v2\/posts"}],"about":[{"href":"https:\/\/buletin.de\/bucuresti\/wp-json\/wp\/v2\/types\/post"}],"author":[{"embeddable":true,"href":"https:\/\/buletin.de\/bucuresti\/wp-json\/wp\/v2\/users\/1"}],"replies":[{"embeddable":true,"href":"https:\/\/buletin.de\/bucuresti\/wp-json\/wp\/v2\/comments?post=144681"}],"version-history":[{"count":6,"href":"https:\/\/buletin.de\/bucuresti\/wp-json\/wp\/v2\/posts\/144681\/revisions"}],"predecessor-version":[{"id":144826,"href":"https:\/\/buletin.de\/bucuresti\/wp-json\/wp\/v2\/posts\/144681\/revisions\/144826"}],"wp:featuredmedia":[{"embeddable":true,"href":"https:\/\/buletin.de\/bucuresti\/wp-json\/wp\/v2\/media\/144683"}],"wp:attachment":[{"href":"https:\/\/buletin.de\/bucuresti\/wp-json\/wp\/v2\/media?parent=144681"}],"wp:term":[{"taxonomy":"category","embeddable":true,"href":"https:\/\/buletin.de\/bucuresti\/wp-json\/wp\/v2\/categories?post=144681"},{"taxonomy":"post_tag","embeddable":true,"href":"https:\/\/buletin.de\/bucuresti\/wp-json\/wp\/v2\/tags?post=144681"},{"taxonomy":"author","embeddable":true,"href":"https:\/\/buletin.de\/bucuresti\/wp-json\/wp\/v2\/ppma_author?post=144681"}],"curies":[{"name":"wp","href":"https:\/\/api.w.org\/{rel}","templated":true}]}}