{"id":14438,"date":"2020-10-28T19:11:45","date_gmt":"2020-10-28T16:11:45","guid":{"rendered":"https:\/\/buletin.de\/bucuresti\/?p=14438"},"modified":"2020-10-28T19:11:46","modified_gmt":"2020-10-28T16:11:46","slug":"achizitii-de-pandemie-flori-si-aranjamente-florale-de-115-000-de-lei-la-primaria-bucuresti-si-centrul-pentru-seniori","status":"publish","type":"post","link":"https:\/\/buletin.de\/bucuresti\/achizitii-de-pandemie-flori-si-aranjamente-florale-de-115-000-de-lei-la-primaria-bucuresti-si-centrul-pentru-seniori\/","title":{"rendered":"Achizi\u021bii de pandemie  | Flori \u0219i aranjamente florale de 115.000 de lei, la Prim\u0103ria Bucure\u0219ti \u0219i Centrul pentru Seniori"},"content":{"rendered":"\n<div class=\"wp-block-group\"><div class=\"wp-block-group__inner-container is-layout-flow wp-block-group-is-layout-flow\">\n<div class=\"wp-block-image\"><figure class=\"aligncenter size-large is-resized\"><a href=\"https:\/\/activecitizensfund.ro\" target=\"_blank\" rel=\"noopener noreferrer\"><img fetchpriority=\"high\" decoding=\"async\" src=\"data:image\/gif;base64,R0lGODlhAQABAAAAACH5BAEKAAEALAAAAAABAAEAAAICTAEAOw==\" data-src=\"https:\/\/buletin.de\/bucuresti\/wp-content\/uploads\/Active-citizens-fund@4x-1-900x316.png\" alt=\"\" class=\"wp-image-11980 lazyload\" width=\"450\" height=\"158\" data-sizes=\"auto\" data-srcset=\"https:\/\/buletin.de\/bucuresti\/wp-content\/uploads\/Active-citizens-fund@4x-1-900x316.png 900w, https:\/\/buletin.de\/bucuresti\/wp-content\/uploads\/Active-citizens-fund@4x-1-300x105.png 300w, https:\/\/buletin.de\/bucuresti\/wp-content\/uploads\/Active-citizens-fund@4x-1-768x270.png 768w, https:\/\/buletin.de\/bucuresti\/wp-content\/uploads\/Active-citizens-fund@4x-1-1536x539.png 1536w, https:\/\/buletin.de\/bucuresti\/wp-content\/uploads\/Active-citizens-fund@4x-1-2048x719.png 2048w, https:\/\/buletin.de\/bucuresti\/wp-content\/uploads\/Active-citizens-fund@4x-1-1060x372.png 1060w, https:\/\/buletin.de\/bucuresti\/wp-content\/uploads\/Active-citizens-fund@4x-1-550x193.png 550w, https:\/\/buletin.de\/bucuresti\/wp-content\/uploads\/Active-citizens-fund@4x-1-1425x500.png 1425w, https:\/\/buletin.de\/bucuresti\/wp-content\/uploads\/Active-citizens-fund@4x-1-1920x674.png 1920w, https:\/\/buletin.de\/bucuresti\/wp-content\/uploads\/Active-citizens-fund@4x-1-600x211.png 600w\" sizes=\"(max-width: 450px) 100vw, 450px\" \/><\/a><\/figure><\/div>\n\n\n\n<div style=\"height:20px\" aria-hidden=\"true\" class=\"wp-block-spacer\"><\/div>\n<\/div><\/div>\n\n\n\n<p><strong>Pasiunea pentru achizi\u021bia de flori la Prim\u0103ria Bucure\u0219ti coincide cu instalarea Gabrielei Firea \u00een scaunul de edil. \u00centre 2017 \u0219i 2020, municipalitatea a cheltuit pe flori \u0219i aranjamente florale, cump\u0103rate prin achizi\u021bie direct\u0103 450.000 de lei. Nici starea de urgen\u021b\u0103 \u0219i nici cea de alert\u0103 nu au pus fr\u00e2n\u0103 pasiunii pentru flori, a\u0219a c\u0103 \u0219i anul acesta buchetele de flori au curs c\u0103tre prim\u0103rie. Pasiunea s-a transmis \u0219i c\u0103tre institu\u021bii aflate \u00een subordinea Prim\u0103riei Generale. Centrul pentru Seniori al Municipiului Bucure\u0219ti a cheltuit, doar anul acesta, 35.250 de lei pe buchete de flori.<\/strong><\/p>\n\n\n\n<h2 class=\"wp-block-heading\">Luna iunie 2020, Prim\u0103ria Bucure\u0219ti comand\u0103 flori pentru evenimente<\/h2>\n\n\n\n<p>Abia ie\u0219it\u0103 din starea de urgen\u021b\u0103, conducerea Prim\u0103riei Bucure\u0219ti e decis\u0103 s\u0103 coloreze viitoarele evenimente, chiar dac\u0103 momentan totul se desf\u0103\u0219oar\u0103 online \u0219i cu distan\u021bare social\u0103. A\u0219a c\u0103 intr\u0103 pe SEAP \u0219i comand\u0103 500 de buchete de flori \u0219i 475 de aranjamente. Condi\u021bia pus\u0103, buchetele \u0219i aranjamentele s\u0103 ajung\u0103 \u00eentr-o or\u0103 de la la lansarea comenzii. Prim\u0103ria e dispus\u0103 s\u0103 cheltuiasc\u0103 134.000 de lei, dar \u00eencheie \u00een final contractul pentru 80.350 de lei.<\/p>\n\n\n\n<figure class=\"wp-block-image size-large\"><a href=\"https:\/\/buletin.de\/bucuresti\/wp-content\/uploads\/image-247.png\"><img decoding=\"async\" width=\"900\" height=\"506\" src=\"data:image\/gif;base64,R0lGODlhAQABAAAAACH5BAEKAAEALAAAAAABAAEAAAICTAEAOw==\" data-src=\"https:\/\/buletin.de\/bucuresti\/wp-content\/uploads\/image-247-900x506.png\" alt=\"\" class=\"wp-image-14444 lazyload\" data-sizes=\"auto\" data-srcset=\"https:\/\/buletin.de\/bucuresti\/wp-content\/uploads\/image-247-900x506.png 900w, https:\/\/buletin.de\/bucuresti\/wp-content\/uploads\/image-247-300x169.png 300w, https:\/\/buletin.de\/bucuresti\/wp-content\/uploads\/image-247-768x432.png 768w, https:\/\/buletin.de\/bucuresti\/wp-content\/uploads\/image-247-1060x596.png 1060w, https:\/\/buletin.de\/bucuresti\/wp-content\/uploads\/image-247-550x309.png 550w, https:\/\/buletin.de\/bucuresti\/wp-content\/uploads\/image-247-889x500.png 889w, https:\/\/buletin.de\/bucuresti\/wp-content\/uploads\/image-247-600x337.png 600w, https:\/\/buletin.de\/bucuresti\/wp-content\/uploads\/image-247.png 1366w\" sizes=\"(max-width: 900px) 100vw, 900px\" \/><\/a><\/figure>\n\n\n\n<p>Firma cu care Prim\u0103ria Bucure\u0219ti bate palma e aceea\u0219i care a furnizat flori \u00een fiecare an, de la \u00eenvestirea Gabrielei Firea, Two Butterflies SRL. 4 contracte, \u00eentre 2017 \u0219i 2020, valoare total\u0103 450.000 de lei.<\/p>\n\n\n\n<h2 class=\"wp-block-heading\">Centrul pentru Seniori al Municipiului Bucure\u0219ti, 165 de buchete a c\u0103te &#8220;11 flori cu panglic\u0103 de saten&#8221;<\/h2>\n\n\n\n<p>De bucurie c\u0103 starea de urgen\u021b\u0103 se \u00eencheie, pe 14 mai, conducerea Centrului pentru Seniori al Municipiului Bucure\u0219ti comand\u0103 pe SEAP 50 de buchete de flori a c\u00e2te 11 fire legate cu panglic\u0103 de satin.<\/p>\n\n\n\n<p>&#8220;<em>Buchete\/aranjamente mix flori naturale, bogate cromatic, cu verdea\u021b\u0103 decorativ\u0103, f\u0103r\u0103 ambalaj h\u00e2rtie. Con\u021bin minim 9-11 fire de floare. Se vor lega cu fund\u0103 din panglic\u0103 de saten in culoare asortat\u0103&#8221;<\/em>, scrie \u00een descrierea de pe pagina de achizi\u021bii. <\/p>\n\n\n\n<figure class=\"wp-block-image size-large\"><a href=\"https:\/\/buletin.de\/bucuresti\/wp-content\/uploads\/image-243.png\"><img decoding=\"async\" width=\"900\" height=\"506\" src=\"data:image\/gif;base64,R0lGODlhAQABAAAAACH5BAEKAAEALAAAAAABAAEAAAICTAEAOw==\" data-src=\"https:\/\/buletin.de\/bucuresti\/wp-content\/uploads\/image-243-900x506.png\" alt=\"\" class=\"wp-image-14440 lazyload\" data-sizes=\"auto\" data-srcset=\"https:\/\/buletin.de\/bucuresti\/wp-content\/uploads\/image-243-900x506.png 900w, https:\/\/buletin.de\/bucuresti\/wp-content\/uploads\/image-243-300x169.png 300w, https:\/\/buletin.de\/bucuresti\/wp-content\/uploads\/image-243-768x432.png 768w, https:\/\/buletin.de\/bucuresti\/wp-content\/uploads\/image-243-1060x596.png 1060w, https:\/\/buletin.de\/bucuresti\/wp-content\/uploads\/image-243-550x309.png 550w, https:\/\/buletin.de\/bucuresti\/wp-content\/uploads\/image-243-889x500.png 889w, https:\/\/buletin.de\/bucuresti\/wp-content\/uploads\/image-243-600x337.png 600w, https:\/\/buletin.de\/bucuresti\/wp-content\/uploads\/image-243.png 1366w\" sizes=\"(max-width: 900px) 100vw, 900px\" \/><\/a><\/figure>\n\n\n\n<p>Pe 23 iunie, alte 40 de buchete sunt cump\u0103rate prin achizi\u021bie direct\u0103. De data aceasta, acelea\u0219i 11 fire cost\u0103 doar 150 de lei buchetul, chiar dac\u0103 sunt achizi\u021bionate de la aceea\u0219i firm\u0103. <\/p>\n\n\n\n<figure class=\"wp-block-image size-large is-resized\"><a href=\"https:\/\/buletin.de\/bucuresti\/wp-content\/uploads\/image-244.png\"><img loading=\"lazy\" decoding=\"async\" src=\"data:image\/gif;base64,R0lGODlhAQABAAAAACH5BAEKAAEALAAAAAABAAEAAAICTAEAOw==\" data-src=\"https:\/\/buletin.de\/bucuresti\/wp-content\/uploads\/image-244-900x506.png\" alt=\"\" class=\"wp-image-14441 lazyload\" width=\"580\" height=\"326\" data-sizes=\"auto\" data-srcset=\"https:\/\/buletin.de\/bucuresti\/wp-content\/uploads\/image-244-900x506.png 900w, https:\/\/buletin.de\/bucuresti\/wp-content\/uploads\/image-244-300x169.png 300w, https:\/\/buletin.de\/bucuresti\/wp-content\/uploads\/image-244-768x432.png 768w, https:\/\/buletin.de\/bucuresti\/wp-content\/uploads\/image-244-1060x596.png 1060w, https:\/\/buletin.de\/bucuresti\/wp-content\/uploads\/image-244-550x309.png 550w, https:\/\/buletin.de\/bucuresti\/wp-content\/uploads\/image-244-889x500.png 889w, https:\/\/buletin.de\/bucuresti\/wp-content\/uploads\/image-244-600x337.png 600w, https:\/\/buletin.de\/bucuresti\/wp-content\/uploads\/image-244.png 1366w\" sizes=\"(max-width: 580px) 100vw, 580px\" \/><\/a><\/figure>\n\n\n\n<p>2 luni mai t\u0103rziu, cele &#8220;11 fire de floare legate cu fund\u0103&#8221; se scumpesc din nou. Pe 31 august, Centrul pentru Seniori cump\u0103r\u0103 35 de buchete cu 8750 de lei. <\/p>\n\n\n\n<p>&#8220;<em>Buchete mix flori naturale, cromatic\u0103 de sezon &#8211; primavar\u0103: galben, verde, roz, crem, lila, mov cu verdea\u021b\u0103 decorativ\u0103, f\u0103r\u0103 ambalaj h\u00e2rtie. Buchetele con\u021bin minim 11 fire de floare. Se vor lega cu fund\u0103 din panglic\u0103 de saten \u00een culoare asortat\u0103 florilor<\/em>&#8220;, scrie \u00een descrierea produsului achizi\u021bionat. <\/p>\n\n\n\n<figure class=\"wp-block-image size-large\"><a href=\"https:\/\/buletin.de\/bucuresti\/wp-content\/uploads\/image-245.png\"><img loading=\"lazy\" decoding=\"async\" width=\"900\" height=\"506\" src=\"data:image\/gif;base64,R0lGODlhAQABAAAAACH5BAEKAAEALAAAAAABAAEAAAICTAEAOw==\" data-src=\"https:\/\/buletin.de\/bucuresti\/wp-content\/uploads\/image-245-900x506.png\" alt=\"\" class=\"wp-image-14442 lazyload\" data-sizes=\"auto\" data-srcset=\"https:\/\/buletin.de\/bucuresti\/wp-content\/uploads\/image-245-900x506.png 900w, https:\/\/buletin.de\/bucuresti\/wp-content\/uploads\/image-245-300x169.png 300w, https:\/\/buletin.de\/bucuresti\/wp-content\/uploads\/image-245-768x432.png 768w, https:\/\/buletin.de\/bucuresti\/wp-content\/uploads\/image-245-1060x596.png 1060w, https:\/\/buletin.de\/bucuresti\/wp-content\/uploads\/image-245-550x309.png 550w, https:\/\/buletin.de\/bucuresti\/wp-content\/uploads\/image-245-889x500.png 889w, https:\/\/buletin.de\/bucuresti\/wp-content\/uploads\/image-245-600x337.png 600w, https:\/\/buletin.de\/bucuresti\/wp-content\/uploads\/image-245.png 1366w\" sizes=\"(max-width: 900px) 100vw, 900px\" \/><\/a><\/figure>\n\n\n\n<p>Ca \u0219i Prim\u0103ria Bucure\u0219ti, \u0219i Centrul pentru Seniori al Municipiului Bucure\u0219ti are o firm\u0103 favorit\u0103 pentru achizi\u021biile de flori &#8211; Grupul Floria. \u00cen cei 3 ani de existen\u021b\u0103 ai centrului, de la 2 dintre firmele din grup au fost achizi\u021bionate flori \u00een valoare de 86.200 de lei. <\/p>\n\n\n\n<h2 class=\"wp-block-heading\">Solicit\u0103ri f\u0103r\u0103 r\u0103spuns<\/h2>\n\n\n\n<p>Pe 21 august, Buletin de Bucure\u0219ti a trimis \u0219i c\u0103tre Prim\u0103ria Bucure\u0219ti, \u0219i c\u0103tre Centrul pentru Seniori al Municipiului Bucure\u0219ti solicit\u0103ri pentru un punct de vedere legat de necesitatea \u0219i urgen\u021ba acestor achizi\u021bii \u00een plin\u0103 pandemie. Nu am primit r\u0103spuns de la niciuna dintre institu\u021bii, de\u0219i ai trecut mai bine de trei luni. <\/p>\n\n\n\n<p>FOTO Facebook Flor\u0103riile Floria<\/p>\n\n\n\n<div style=\"height:40px\" aria-hidden=\"true\" class=\"wp-block-spacer\"><\/div>\n\n\n\n<style>\n.disclaimerACF {\ndisplay: block;\nmax-width: 550px;\nmargin-top:-10px;\nmargin-left:auto;\nmargin-right:auto;\n}\n<\/style>\n\n\n\n<p class=\"disclaimerACF has-small-font-size\">Acest articol face parte din <strong><a href=\"https:\/\/buletin.de\/bucuresti\/buletin-de-bucuresti-in-pandemie\/\" data-type=\"URL\" data-id=\"https:\/\/buletin.de\/bucuresti\/buletin-de-bucuresti-in-pandemie\/\" target=\"_blank\" rel=\"noreferrer noopener\">\u201eBuletin de Bucure\u0219ti \u00een pandemie&#8221;<\/a>, <\/strong>o serie \u00een care investig\u0103m achizi\u021biile publice din jude\u021bul Ilfov \u0219i Bucure\u0219ti, \u00een contextul pandemiei Covid-19<\/p>\n\n\n\n<p class=\"has-text-align-left disclaimerACF\" style=\"font-size:12px\"><em>Proiect derulat de Asocia\u021bia Funky Citizens cu sprijinul financiar <a rel=\"noreferrer noopener\" aria-label=\"Active Citizens Fund Rom\u00e2nia (opens in a new tab)\" href=\"https:\/\/activecitizensfund.ro\" target=\"_blank\">Active Citizens Fund Rom\u00e2nia<\/a>, program finan\u021bat de Islanda, Liechtenstein \u0219i Norvegia prin Granturile SEE 2014-2021. Con\u021binutul acestui material nu reprezint\u0103 \u00een mod necesar pozi\u021bia oficial\u0103 a Granturilor SEE \u0219i Norvegiene 2014-2021; pentru mai multe informa\u021bii accesa\u021bi <a href=\"http:\/\/www.eeagrants.org\">www.eeagrants.org<\/a>. Informa\u021bii suplimentare pot fi g\u0103site pe paginile web&nbsp;<a href=\"http:\/\/www.activecitizensfund.ro\/\">www.activecitizensfund.ro<\/a>&nbsp;\u0219i&nbsp;<a href=\"http:\/\/www.eeagrants.org\/\">www.eeagrants.org<\/a>.<\/em><\/p>\n\n\n\n<p class=\"has-text-align-center\"><strong>Lucr\u0103m \u00eempreun\u0103 pentru o Europ\u0103&nbsp;<span style=\"color:#009b75\" class=\"has-inline-color\">verde<\/span>,&nbsp;<span style=\"color:#df4d3e\">competitiv\u0103<\/span>&nbsp;\u0219i&nbsp;<span style=\"color:#006ca7\">incluziv\u0103<\/span><\/strong>.<\/p>\n\n\n\n<p class=\"has-text-align-center\">Proiect derulat de<\/p>\n\n\n\n<div style=\"margin-top: -30px;\" class=\"wp-block-image\"><figure class=\"aligncenter size-large is-resized\"><img decoding=\"async\" src=\"data:image\/gif;base64,R0lGODlhAQABAAAAACH5BAEKAAEALAAAAAABAAEAAAICTAEAOw==\" data-src=\"https:\/\/buletin.de\/bucuresti\/wp-content\/uploads\/logo-funky-citizens-2016-1.png\" alt=\"\" class=\"wp-image-10395 lazyload\" width=\"200\" height=\"NaN\" data-sizes=\"auto\" data-srcset=\"https:\/\/buletin.de\/bucuresti\/wp-content\/uploads\/logo-funky-citizens-2016-1.png 650w, https:\/\/buletin.de\/bucuresti\/wp-content\/uploads\/logo-funky-citizens-2016-1-600x277.png 600w, https:\/\/buletin.de\/bucuresti\/wp-content\/uploads\/logo-funky-citizens-2016-1-300x138.png 300w, https:\/\/buletin.de\/bucuresti\/wp-content\/uploads\/logo-funky-citizens-2016-1-550x254.png 550w\" sizes=\"(max-width: 650px) 100vw, 650px\" \/><\/figure><\/div>\n","protected":false},"excerpt":{"rendered":"<p>Pasiunea pentru achizi\u021bia de flori la Prim\u0103ria Bucure\u0219ti coincide cu instalarea Gabrielei Firea \u00een scaunul de edil. \u00centre 2017 \u0219i 2020, municipalitatea a cheltuit pe flori \u0219i aranjamente florale, cump\u0103rate prin achizi\u021bie direct\u0103 450.000 de lei. Nici starea de urgen\u021b\u0103 \u0219i nici cea de alert\u0103 nu au pus fr\u00e2n\u0103 pasiunii pentru flori, a\u0219a c\u0103 \u0219i [&hellip;]<\/p>\n","protected":false},"author":18,"featured_media":14461,"comment_status":"closed","ping_status":"open","sticky":false,"template":"","format":"standard","meta":{"_acf_changed":false,"inline_featured_image":false,"ngg_post_thumbnail":0,"footnotes":""},"categories":[1585,24],"tags":[],"ppma_author":[22579],"class_list":["post-14438","post","type-post","status-publish","format-standard","has-post-thumbnail","hentry","category-buletin-de-bucuresti-in-pandemie","category-primarie"],"acf":[],"yoast_head":"<!-- This site is optimized with the Yoast SEO Premium plugin v25.3 (Yoast SEO v27.4) - https:\/\/yoast.com\/product\/yoast-seo-premium-wordpress\/ -->\n<title>Achizi\u021bii de pandemie | Flori \u0219i aranjamente florale de 115.000 de lei, la Prim\u0103ria Bucure\u0219ti \u0219i Centrul pentru Seniori - Buletin de Bucure\u0219ti<\/title>\n<meta name=\"robots\" content=\"index, follow, max-snippet:-1, max-image-preview:large, max-video-preview:-1\" \/>\n<link rel=\"canonical\" href=\"https:\/\/buletin.de\/bucuresti\/achizitii-de-pandemie-flori-si-aranjamente-florale-de-115-000-de-lei-la-primaria-bucuresti-si-centrul-pentru-seniori\/\" \/>\n<meta property=\"og:locale\" content=\"en_GB\" \/>\n<meta property=\"og:type\" content=\"article\" \/>\n<meta property=\"og:title\" content=\"Achizi\u021bii de pandemie | Flori \u0219i aranjamente florale de 115.000 de lei, la Prim\u0103ria Bucure\u0219ti \u0219i Centrul pentru Seniori\" \/>\n<meta property=\"og:description\" content=\"Pasiunea pentru achizi\u021bia de flori la Prim\u0103ria Bucure\u0219ti coincide cu instalarea Gabrielei Firea \u00een scaunul de edil. \u00centre 2017 \u0219i 2020, municipalitatea a cheltuit pe flori \u0219i aranjamente florale, cump\u0103rate prin achizi\u021bie direct\u0103 450.000 de lei. Nici starea de urgen\u021b\u0103 \u0219i nici cea de alert\u0103 nu au pus fr\u00e2n\u0103 pasiunii pentru flori, a\u0219a c\u0103 \u0219i [&hellip;]\" \/>\n<meta property=\"og:url\" content=\"https:\/\/buletin.de\/bucuresti\/achizitii-de-pandemie-flori-si-aranjamente-florale-de-115-000-de-lei-la-primaria-bucuresti-si-centrul-pentru-seniori\/\" \/>\n<meta property=\"og:site_name\" content=\"Buletin de Bucure\u0219ti\" \/>\n<meta property=\"article:publisher\" content=\"https:\/\/www.facebook.com\/buletin.de.buc\" \/>\n<meta property=\"article:published_time\" content=\"2020-10-28T16:11:45+00:00\" \/>\n<meta property=\"article:modified_time\" content=\"2020-10-28T16:11:46+00:00\" \/>\n<meta property=\"og:image\" content=\"https:\/\/buletin.de\/bucuresti\/wp-content\/uploads\/WhatsApp-Image-2020-10-28-at-16.25.02.jpeg\" \/>\n\t<meta property=\"og:image:width\" content=\"1325\" \/>\n\t<meta property=\"og:image:height\" content=\"1600\" \/>\n\t<meta property=\"og:image:type\" content=\"image\/jpeg\" \/>\n<meta name=\"author\" content=\"Teodora Stroe\" \/>\n<meta name=\"twitter:card\" content=\"summary_large_image\" \/>\n<meta name=\"twitter:label1\" content=\"Written by\" \/>\n\t<meta name=\"twitter:data1\" content=\"Teodora Stroe\" \/>\n\t<meta name=\"twitter:label2\" content=\"Estimated reading time\" \/>\n\t<meta name=\"twitter:data2\" content=\"3 minutes\" \/>\n<script type=\"application\/ld+json\" class=\"yoast-schema-graph\">{\"@context\":\"https:\\\/\\\/schema.org\",\"@graph\":[{\"@type\":\"Article\",\"@id\":\"https:\\\/\\\/buletin.de\\\/bucuresti\\\/achizitii-de-pandemie-flori-si-aranjamente-florale-de-115-000-de-lei-la-primaria-bucuresti-si-centrul-pentru-seniori\\\/#article\",\"isPartOf\":{\"@id\":\"https:\\\/\\\/buletin.de\\\/bucuresti\\\/achizitii-de-pandemie-flori-si-aranjamente-florale-de-115-000-de-lei-la-primaria-bucuresti-si-centrul-pentru-seniori\\\/\"},\"author\":{\"name\":\"Teodora Stroe\",\"@id\":\"https:\\\/\\\/buletin.de\\\/bucuresti\\\/#\\\/schema\\\/person\\\/d369d7ddc775abece205795e0b804614\"},\"headline\":\"Achizi\u021bii de pandemie | Flori \u0219i aranjamente florale de 115.000 de lei, la Prim\u0103ria Bucure\u0219ti \u0219i Centrul pentru Seniori\",\"datePublished\":\"2020-10-28T16:11:45+00:00\",\"dateModified\":\"2020-10-28T16:11:46+00:00\",\"mainEntityOfPage\":{\"@id\":\"https:\\\/\\\/buletin.de\\\/bucuresti\\\/achizitii-de-pandemie-flori-si-aranjamente-florale-de-115-000-de-lei-la-primaria-bucuresti-si-centrul-pentru-seniori\\\/\"},\"wordCount\":570,\"publisher\":{\"@id\":\"https:\\\/\\\/buletin.de\\\/bucuresti\\\/#organization\"},\"image\":{\"@id\":\"https:\\\/\\\/buletin.de\\\/bucuresti\\\/achizitii-de-pandemie-flori-si-aranjamente-florale-de-115-000-de-lei-la-primaria-bucuresti-si-centrul-pentru-seniori\\\/#primaryimage\"},\"thumbnailUrl\":\"https:\\\/\\\/buletin.de\\\/bucuresti\\\/wp-content\\\/uploads\\\/WhatsApp-Image-2020-10-28-at-16.25.02.jpeg\",\"articleSection\":[\"Buletin de Bucure\u0219ti \u00een pandemie\",\"Prim\u0103rie\"],\"inLanguage\":\"en-GB\",\"copyrightYear\":\"2020\",\"copyrightHolder\":{\"@id\":\"https:\\\/\\\/buletin.de\\\/bucuresti\\\/#organization\"}},{\"@type\":\"WebPage\",\"@id\":\"https:\\\/\\\/buletin.de\\\/bucuresti\\\/achizitii-de-pandemie-flori-si-aranjamente-florale-de-115-000-de-lei-la-primaria-bucuresti-si-centrul-pentru-seniori\\\/\",\"url\":\"https:\\\/\\\/buletin.de\\\/bucuresti\\\/achizitii-de-pandemie-flori-si-aranjamente-florale-de-115-000-de-lei-la-primaria-bucuresti-si-centrul-pentru-seniori\\\/\",\"name\":\"Achizi\u021bii de pandemie | Flori \u0219i aranjamente florale de 115.000 de lei, la Prim\u0103ria Bucure\u0219ti \u0219i Centrul pentru Seniori - Buletin de Bucure\u0219ti\",\"isPartOf\":{\"@id\":\"https:\\\/\\\/buletin.de\\\/bucuresti\\\/#website\"},\"primaryImageOfPage\":{\"@id\":\"https:\\\/\\\/buletin.de\\\/bucuresti\\\/achizitii-de-pandemie-flori-si-aranjamente-florale-de-115-000-de-lei-la-primaria-bucuresti-si-centrul-pentru-seniori\\\/#primaryimage\"},\"image\":{\"@id\":\"https:\\\/\\\/buletin.de\\\/bucuresti\\\/achizitii-de-pandemie-flori-si-aranjamente-florale-de-115-000-de-lei-la-primaria-bucuresti-si-centrul-pentru-seniori\\\/#primaryimage\"},\"thumbnailUrl\":\"https:\\\/\\\/buletin.de\\\/bucuresti\\\/wp-content\\\/uploads\\\/WhatsApp-Image-2020-10-28-at-16.25.02.jpeg\",\"datePublished\":\"2020-10-28T16:11:45+00:00\",\"dateModified\":\"2020-10-28T16:11:46+00:00\",\"breadcrumb\":{\"@id\":\"https:\\\/\\\/buletin.de\\\/bucuresti\\\/achizitii-de-pandemie-flori-si-aranjamente-florale-de-115-000-de-lei-la-primaria-bucuresti-si-centrul-pentru-seniori\\\/#breadcrumb\"},\"inLanguage\":\"en-GB\",\"potentialAction\":[{\"@type\":\"ReadAction\",\"target\":[\"https:\\\/\\\/buletin.de\\\/bucuresti\\\/achizitii-de-pandemie-flori-si-aranjamente-florale-de-115-000-de-lei-la-primaria-bucuresti-si-centrul-pentru-seniori\\\/\"]}]},{\"@type\":\"ImageObject\",\"inLanguage\":\"en-GB\",\"@id\":\"https:\\\/\\\/buletin.de\\\/bucuresti\\\/achizitii-de-pandemie-flori-si-aranjamente-florale-de-115-000-de-lei-la-primaria-bucuresti-si-centrul-pentru-seniori\\\/#primaryimage\",\"url\":\"https:\\\/\\\/buletin.de\\\/bucuresti\\\/wp-content\\\/uploads\\\/WhatsApp-Image-2020-10-28-at-16.25.02.jpeg\",\"contentUrl\":\"https:\\\/\\\/buletin.de\\\/bucuresti\\\/wp-content\\\/uploads\\\/WhatsApp-Image-2020-10-28-at-16.25.02.jpeg\",\"width\":1325,\"height\":1600},{\"@type\":\"BreadcrumbList\",\"@id\":\"https:\\\/\\\/buletin.de\\\/bucuresti\\\/achizitii-de-pandemie-flori-si-aranjamente-florale-de-115-000-de-lei-la-primaria-bucuresti-si-centrul-pentru-seniori\\\/#breadcrumb\",\"itemListElement\":[{\"@type\":\"ListItem\",\"position\":1,\"name\":\"Acas\u0103\",\"item\":\"https:\\\/\\\/buletin.de\\\/bucuresti\\\/\"},{\"@type\":\"ListItem\",\"position\":2,\"name\":\"Achizi\u021bii de pandemie | Flori \u0219i aranjamente florale de 115.000 de lei, la Prim\u0103ria Bucure\u0219ti \u0219i Centrul pentru Seniori\"}]},{\"@type\":\"WebSite\",\"@id\":\"https:\\\/\\\/buletin.de\\\/bucuresti\\\/#website\",\"url\":\"https:\\\/\\\/buletin.de\\\/bucuresti\\\/\",\"name\":\"Buletin de Bucure\u0219ti\",\"description\":\"\u0218tiri \u0219i investiga\u021bii esen\u021biale din capital\u0103\",\"publisher\":{\"@id\":\"https:\\\/\\\/buletin.de\\\/bucuresti\\\/#organization\"},\"potentialAction\":[{\"@type\":\"SearchAction\",\"target\":{\"@type\":\"EntryPoint\",\"urlTemplate\":\"https:\\\/\\\/buletin.de\\\/bucuresti\\\/?s={search_term_string}\"},\"query-input\":{\"@type\":\"PropertyValueSpecification\",\"valueRequired\":true,\"valueName\":\"search_term_string\"}}],\"inLanguage\":\"en-GB\"},{\"@type\":\"Organization\",\"@id\":\"https:\\\/\\\/buletin.de\\\/bucuresti\\\/#organization\",\"name\":\"Buletin de Bucure\u0219ti\",\"url\":\"https:\\\/\\\/buletin.de\\\/bucuresti\\\/\",\"logo\":{\"@type\":\"ImageObject\",\"inLanguage\":\"en-GB\",\"@id\":\"https:\\\/\\\/buletin.de\\\/bucuresti\\\/#\\\/schema\\\/logo\\\/image\\\/\",\"url\":\"https:\\\/\\\/buletin.de\\\/bucuresti\\\/wp-content\\\/uploads\\\/logo-bdb-full-wide-vernil-transparent.png\",\"contentUrl\":\"https:\\\/\\\/buletin.de\\\/bucuresti\\\/wp-content\\\/uploads\\\/logo-bdb-full-wide-vernil-transparent.png\",\"width\":1782,\"height\":626,\"caption\":\"Buletin de Bucure\u0219ti\"},\"image\":{\"@id\":\"https:\\\/\\\/buletin.de\\\/bucuresti\\\/#\\\/schema\\\/logo\\\/image\\\/\"},\"sameAs\":[\"https:\\\/\\\/www.facebook.com\\\/buletin.de.buc\",\"https:\\\/\\\/www.instagram.com\\\/buletinde.bucuresti\\\/\"]},{\"@type\":\"Person\",\"@id\":\"https:\\\/\\\/buletin.de\\\/bucuresti\\\/#\\\/schema\\\/person\\\/d369d7ddc775abece205795e0b804614\",\"name\":\"Teodora Stroe\",\"image\":{\"@type\":\"ImageObject\",\"inLanguage\":\"en-GB\",\"@id\":\"https:\\\/\\\/secure.gravatar.com\\\/avatar\\\/2560b4cd9f5f1bc100b123158e657d75584bd1c3e1d9c69285720b9457c1b78d?s=96&d=monsterid&r=gc104800242ba5f2d78dd5d7dc4df08b6\",\"url\":\"https:\\\/\\\/secure.gravatar.com\\\/avatar\\\/2560b4cd9f5f1bc100b123158e657d75584bd1c3e1d9c69285720b9457c1b78d?s=96&d=monsterid&r=g\",\"contentUrl\":\"https:\\\/\\\/secure.gravatar.com\\\/avatar\\\/2560b4cd9f5f1bc100b123158e657d75584bd1c3e1d9c69285720b9457c1b78d?s=96&d=monsterid&r=g\",\"caption\":\"Teodora Stroe\"},\"url\":\"https:\\\/\\\/buletin.de\\\/bucuresti\\\/author\\\/simonacarlugea\\\/\"}]}<\/script>\n<!-- \/ Yoast SEO Premium plugin. -->","yoast_head_json":{"title":"Achizi\u021bii de pandemie | Flori \u0219i aranjamente florale de 115.000 de lei, la Prim\u0103ria Bucure\u0219ti \u0219i Centrul pentru Seniori - Buletin de Bucure\u0219ti","robots":{"index":"index","follow":"follow","max-snippet":"max-snippet:-1","max-image-preview":"max-image-preview:large","max-video-preview":"max-video-preview:-1"},"canonical":"https:\/\/buletin.de\/bucuresti\/achizitii-de-pandemie-flori-si-aranjamente-florale-de-115-000-de-lei-la-primaria-bucuresti-si-centrul-pentru-seniori\/","og_locale":"en_GB","og_type":"article","og_title":"Achizi\u021bii de pandemie | Flori \u0219i aranjamente florale de 115.000 de lei, la Prim\u0103ria Bucure\u0219ti \u0219i Centrul pentru Seniori","og_description":"Pasiunea pentru achizi\u021bia de flori la Prim\u0103ria Bucure\u0219ti coincide cu instalarea Gabrielei Firea \u00een scaunul de edil. \u00centre 2017 \u0219i 2020, municipalitatea a cheltuit pe flori \u0219i aranjamente florale, cump\u0103rate prin achizi\u021bie direct\u0103 450.000 de lei. Nici starea de urgen\u021b\u0103 \u0219i nici cea de alert\u0103 nu au pus fr\u00e2n\u0103 pasiunii pentru flori, a\u0219a c\u0103 \u0219i [&hellip;]","og_url":"https:\/\/buletin.de\/bucuresti\/achizitii-de-pandemie-flori-si-aranjamente-florale-de-115-000-de-lei-la-primaria-bucuresti-si-centrul-pentru-seniori\/","og_site_name":"Buletin de Bucure\u0219ti","article_publisher":"https:\/\/www.facebook.com\/buletin.de.buc","article_published_time":"2020-10-28T16:11:45+00:00","article_modified_time":"2020-10-28T16:11:46+00:00","og_image":[{"width":1325,"height":1600,"url":"https:\/\/buletin.de\/bucuresti\/wp-content\/uploads\/WhatsApp-Image-2020-10-28-at-16.25.02.jpeg","type":"image\/jpeg"}],"author":"Teodora Stroe","twitter_card":"summary_large_image","twitter_misc":{"Written by":"Teodora Stroe","Estimated reading time":"3 minutes"},"schema":{"@context":"https:\/\/schema.org","@graph":[{"@type":"Article","@id":"https:\/\/buletin.de\/bucuresti\/achizitii-de-pandemie-flori-si-aranjamente-florale-de-115-000-de-lei-la-primaria-bucuresti-si-centrul-pentru-seniori\/#article","isPartOf":{"@id":"https:\/\/buletin.de\/bucuresti\/achizitii-de-pandemie-flori-si-aranjamente-florale-de-115-000-de-lei-la-primaria-bucuresti-si-centrul-pentru-seniori\/"},"author":{"name":"Teodora Stroe","@id":"https:\/\/buletin.de\/bucuresti\/#\/schema\/person\/d369d7ddc775abece205795e0b804614"},"headline":"Achizi\u021bii de pandemie | Flori \u0219i aranjamente florale de 115.000 de lei, la Prim\u0103ria Bucure\u0219ti \u0219i Centrul pentru Seniori","datePublished":"2020-10-28T16:11:45+00:00","dateModified":"2020-10-28T16:11:46+00:00","mainEntityOfPage":{"@id":"https:\/\/buletin.de\/bucuresti\/achizitii-de-pandemie-flori-si-aranjamente-florale-de-115-000-de-lei-la-primaria-bucuresti-si-centrul-pentru-seniori\/"},"wordCount":570,"publisher":{"@id":"https:\/\/buletin.de\/bucuresti\/#organization"},"image":{"@id":"https:\/\/buletin.de\/bucuresti\/achizitii-de-pandemie-flori-si-aranjamente-florale-de-115-000-de-lei-la-primaria-bucuresti-si-centrul-pentru-seniori\/#primaryimage"},"thumbnailUrl":"https:\/\/buletin.de\/bucuresti\/wp-content\/uploads\/WhatsApp-Image-2020-10-28-at-16.25.02.jpeg","articleSection":["Buletin de Bucure\u0219ti \u00een pandemie","Prim\u0103rie"],"inLanguage":"en-GB","copyrightYear":"2020","copyrightHolder":{"@id":"https:\/\/buletin.de\/bucuresti\/#organization"}},{"@type":"WebPage","@id":"https:\/\/buletin.de\/bucuresti\/achizitii-de-pandemie-flori-si-aranjamente-florale-de-115-000-de-lei-la-primaria-bucuresti-si-centrul-pentru-seniori\/","url":"https:\/\/buletin.de\/bucuresti\/achizitii-de-pandemie-flori-si-aranjamente-florale-de-115-000-de-lei-la-primaria-bucuresti-si-centrul-pentru-seniori\/","name":"Achizi\u021bii de pandemie | Flori \u0219i aranjamente florale de 115.000 de lei, la Prim\u0103ria Bucure\u0219ti \u0219i Centrul pentru Seniori - Buletin de Bucure\u0219ti","isPartOf":{"@id":"https:\/\/buletin.de\/bucuresti\/#website"},"primaryImageOfPage":{"@id":"https:\/\/buletin.de\/bucuresti\/achizitii-de-pandemie-flori-si-aranjamente-florale-de-115-000-de-lei-la-primaria-bucuresti-si-centrul-pentru-seniori\/#primaryimage"},"image":{"@id":"https:\/\/buletin.de\/bucuresti\/achizitii-de-pandemie-flori-si-aranjamente-florale-de-115-000-de-lei-la-primaria-bucuresti-si-centrul-pentru-seniori\/#primaryimage"},"thumbnailUrl":"https:\/\/buletin.de\/bucuresti\/wp-content\/uploads\/WhatsApp-Image-2020-10-28-at-16.25.02.jpeg","datePublished":"2020-10-28T16:11:45+00:00","dateModified":"2020-10-28T16:11:46+00:00","breadcrumb":{"@id":"https:\/\/buletin.de\/bucuresti\/achizitii-de-pandemie-flori-si-aranjamente-florale-de-115-000-de-lei-la-primaria-bucuresti-si-centrul-pentru-seniori\/#breadcrumb"},"inLanguage":"en-GB","potentialAction":[{"@type":"ReadAction","target":["https:\/\/buletin.de\/bucuresti\/achizitii-de-pandemie-flori-si-aranjamente-florale-de-115-000-de-lei-la-primaria-bucuresti-si-centrul-pentru-seniori\/"]}]},{"@type":"ImageObject","inLanguage":"en-GB","@id":"https:\/\/buletin.de\/bucuresti\/achizitii-de-pandemie-flori-si-aranjamente-florale-de-115-000-de-lei-la-primaria-bucuresti-si-centrul-pentru-seniori\/#primaryimage","url":"https:\/\/buletin.de\/bucuresti\/wp-content\/uploads\/WhatsApp-Image-2020-10-28-at-16.25.02.jpeg","contentUrl":"https:\/\/buletin.de\/bucuresti\/wp-content\/uploads\/WhatsApp-Image-2020-10-28-at-16.25.02.jpeg","width":1325,"height":1600},{"@type":"BreadcrumbList","@id":"https:\/\/buletin.de\/bucuresti\/achizitii-de-pandemie-flori-si-aranjamente-florale-de-115-000-de-lei-la-primaria-bucuresti-si-centrul-pentru-seniori\/#breadcrumb","itemListElement":[{"@type":"ListItem","position":1,"name":"Acas\u0103","item":"https:\/\/buletin.de\/bucuresti\/"},{"@type":"ListItem","position":2,"name":"Achizi\u021bii de pandemie | Flori \u0219i aranjamente florale de 115.000 de lei, la Prim\u0103ria Bucure\u0219ti \u0219i Centrul pentru Seniori"}]},{"@type":"WebSite","@id":"https:\/\/buletin.de\/bucuresti\/#website","url":"https:\/\/buletin.de\/bucuresti\/","name":"Buletin de Bucure\u0219ti","description":"\u0218tiri \u0219i investiga\u021bii esen\u021biale din capital\u0103","publisher":{"@id":"https:\/\/buletin.de\/bucuresti\/#organization"},"potentialAction":[{"@type":"SearchAction","target":{"@type":"EntryPoint","urlTemplate":"https:\/\/buletin.de\/bucuresti\/?s={search_term_string}"},"query-input":{"@type":"PropertyValueSpecification","valueRequired":true,"valueName":"search_term_string"}}],"inLanguage":"en-GB"},{"@type":"Organization","@id":"https:\/\/buletin.de\/bucuresti\/#organization","name":"Buletin de Bucure\u0219ti","url":"https:\/\/buletin.de\/bucuresti\/","logo":{"@type":"ImageObject","inLanguage":"en-GB","@id":"https:\/\/buletin.de\/bucuresti\/#\/schema\/logo\/image\/","url":"https:\/\/buletin.de\/bucuresti\/wp-content\/uploads\/logo-bdb-full-wide-vernil-transparent.png","contentUrl":"https:\/\/buletin.de\/bucuresti\/wp-content\/uploads\/logo-bdb-full-wide-vernil-transparent.png","width":1782,"height":626,"caption":"Buletin de Bucure\u0219ti"},"image":{"@id":"https:\/\/buletin.de\/bucuresti\/#\/schema\/logo\/image\/"},"sameAs":["https:\/\/www.facebook.com\/buletin.de.buc","https:\/\/www.instagram.com\/buletinde.bucuresti\/"]},{"@type":"Person","@id":"https:\/\/buletin.de\/bucuresti\/#\/schema\/person\/d369d7ddc775abece205795e0b804614","name":"Teodora Stroe","image":{"@type":"ImageObject","inLanguage":"en-GB","@id":"https:\/\/secure.gravatar.com\/avatar\/2560b4cd9f5f1bc100b123158e657d75584bd1c3e1d9c69285720b9457c1b78d?s=96&d=monsterid&r=gc104800242ba5f2d78dd5d7dc4df08b6","url":"https:\/\/secure.gravatar.com\/avatar\/2560b4cd9f5f1bc100b123158e657d75584bd1c3e1d9c69285720b9457c1b78d?s=96&d=monsterid&r=g","contentUrl":"https:\/\/secure.gravatar.com\/avatar\/2560b4cd9f5f1bc100b123158e657d75584bd1c3e1d9c69285720b9457c1b78d?s=96&d=monsterid&r=g","caption":"Teodora Stroe"},"url":"https:\/\/buletin.de\/bucuresti\/author\/simonacarlugea\/"}]}},"authors":[{"term_id":22579,"user_id":18,"is_guest":0,"slug":"simonacarlugea","display_name":"Teodora Stroe","avatar_url":"https:\/\/secure.gravatar.com\/avatar\/2560b4cd9f5f1bc100b123158e657d75584bd1c3e1d9c69285720b9457c1b78d?s=96&d=monsterid&r=g","0":null,"1":"","2":"","3":"","4":"","5":"","6":"","7":"","8":""}],"_links":{"self":[{"href":"https:\/\/buletin.de\/bucuresti\/wp-json\/wp\/v2\/posts\/14438","targetHints":{"allow":["GET"]}}],"collection":[{"href":"https:\/\/buletin.de\/bucuresti\/wp-json\/wp\/v2\/posts"}],"about":[{"href":"https:\/\/buletin.de\/bucuresti\/wp-json\/wp\/v2\/types\/post"}],"author":[{"embeddable":true,"href":"https:\/\/buletin.de\/bucuresti\/wp-json\/wp\/v2\/users\/18"}],"replies":[{"embeddable":true,"href":"https:\/\/buletin.de\/bucuresti\/wp-json\/wp\/v2\/comments?post=14438"}],"version-history":[{"count":24,"href":"https:\/\/buletin.de\/bucuresti\/wp-json\/wp\/v2\/posts\/14438\/revisions"}],"predecessor-version":[{"id":14473,"href":"https:\/\/buletin.de\/bucuresti\/wp-json\/wp\/v2\/posts\/14438\/revisions\/14473"}],"wp:featuredmedia":[{"embeddable":true,"href":"https:\/\/buletin.de\/bucuresti\/wp-json\/wp\/v2\/media\/14461"}],"wp:attachment":[{"href":"https:\/\/buletin.de\/bucuresti\/wp-json\/wp\/v2\/media?parent=14438"}],"wp:term":[{"taxonomy":"category","embeddable":true,"href":"https:\/\/buletin.de\/bucuresti\/wp-json\/wp\/v2\/categories?post=14438"},{"taxonomy":"post_tag","embeddable":true,"href":"https:\/\/buletin.de\/bucuresti\/wp-json\/wp\/v2\/tags?post=14438"},{"taxonomy":"author","embeddable":true,"href":"https:\/\/buletin.de\/bucuresti\/wp-json\/wp\/v2\/ppma_author?post=14438"}],"curies":[{"name":"wp","href":"https:\/\/api.w.org\/{rel}","templated":true}]}}