{"id":144097,"date":"2025-08-19T07:20:27","date_gmt":"2025-08-19T04:20:27","guid":{"rendered":"https:\/\/buletin.de\/bucuresti\/?p=144097"},"modified":"2025-08-19T15:20:47","modified_gmt":"2025-08-19T12:20:47","slug":"in-cat-timp-va-ajunge-cartita-care-sapa-la-metrou-pana-la-statia-de-la-gara-baneasa","status":"publish","type":"post","link":"https:\/\/buletin.de\/bucuresti\/in-cat-timp-va-ajunge-cartita-care-sapa-la-metrou-pana-la-statia-de-la-gara-baneasa\/","title":{"rendered":"M6 | \u00cen c\u00e2t timp va ajunge c\u00e2rti\u021ba care sap\u0103 la metrou p\u00e2n\u0103 la sta\u021bia de la Gara B\u0103neasa. \u201eNecunoscut\u0103 r\u0103m\u00e2ne finan\u021barea\u201d"},"content":{"rendered":"\n<p><strong>C\u00e2rti\u021ba care sap\u0103 la metrou pe Linia 2 a sec\u021biunii SUD din viitoarea Magistral\u0103 6&nbsp;a ajuns la Aeroportul B\u0103neasa, luni 19 august. Dup\u0103 o scurt\u0103 revizie, va continua s\u0103 sape p\u00e2n\u0103 la Gara B\u0103neasa. Unde va ajunge \u00een c\u00e2teva luni.<\/strong><\/p>\n\n\n\n<p>\u201eC\u00e2rti\u021ba botezat\u0103 &#8216;Sf\u00e2nta Maria&#8217; a forat aproximativ 900 de metri \u00eentre PLS Tokyo (zona Mall B\u0103neasa) \u0219i aceast\u0103 sta\u021bie \u00een 4 luni \u0219i-un pic, fiind lansat\u0103 \u00een 9 aprilie 2025\u201d, <a href=\"https:\/\/www.facebook.com\/proinfrastructura\/posts\/pfbid02FzbmvZsP7qpFnx3yx6eHH7U5EzTFyPG3oi3UezRE3KPkvNMpfnZfbZ4sVeyBwVMzl\" target=\"_blank\" rel=\"noreferrer noopener\">a explicat Asocia\u021bia Pro Infrastructur\u0103<\/a>.<\/p>\n\n\n\n<h2 class=\"wp-block-heading\" id=\"h-progres-bun-pentru-carti\u021ba-care-sapa-la-metrou-dar-pot-aparea-probleme-cu-finan\u021barea\">Progres bun pentru c\u00e2rti\u021ba care sap\u0103 la metrou. Dar pot ap\u0103rea probleme cu finan\u021barea<\/h2>\n\n\n\n<p><strong>Urmeaz\u0103 o perioad\u0103 de pauz\u0103 pentru revizii dup\u0103 care va s\u0103pa \u00een continuarea traseului, c\u0103tre sta\u021bia Gara B\u0103neasa, unde ar putea ajunge \u00een noiembrie.<\/strong><\/p>\n\n\n\n<p>\u201eVa poposi aici o vreme pentru revizie \u0219i apoi va reporni spre sta\u021bia Gara B\u0103neasa de l\u00e2ng\u0103 F\u00e2nt\u00e2na Miori\u021ba, unde este a\u0219teptat\u0103 \u00een 2-3 luni din momentul \u00een care se pune din nou la treab\u0103.<\/p>\n\n\n\n<p>Pe sensul cel\u0103lalt, la mai pu\u021bin de 500 de metri \u00een spate, se afl\u0103 c\u00e2rti\u021ba &#8220;Sf\u00e2nta Ana&#8221; care va ajunge \u00een sta\u021bia Aeroport B\u0103neasa \u00een luna septembrie, dac\u0103 va reu\u0219i s\u0103 sape 12 metri zilnic, \u00een medie. Recordul a fost 24 de metri \u00eentr-o singur\u0103 zi\u201d, a detaliat organiza\u021bia. <\/p>\n\n\n\n<p>Asocia\u021bia Pro Infrastructur\u0103 atrage aten\u021bia c\u0103 progresul bun poate fi pus \u00een pericol de problemele de finan\u021bare. <\/p>\n\n\n\n<p>\u201e<strong>Ne bucur\u0103m s\u0103 vedem progres \u00een teren, \u00eens\u0103 marea necunoscut\u0103 r\u0103m\u00e2ne finan\u021barea. Sta\u021biile 1 Mai-Tokyo au fost aprobate de Comisia European\u0103 s\u0103 primeasc\u0103 fonduri de coeziune. <\/strong><\/p>\n\n\n\n<p>Oficialii Metrorex \u0219i Ministerul Transporturilor au \u00eencercat s\u0103 \u00eenlocuiasc\u0103 \u00een PNRR magistrala M4 Gara de Nord-Filaret cu aceasta. Numai c\u0103 acum finan\u021barea PNRR s-a evaporat \u0219i proiectul trebuie readus urgent \u00een Programul Transport.<\/p>\n\n\n\n<p>Lunar, \u0219antierul poate aduna p\u00e2n\u0103 la 3,5 milioane de euro costuri fixe chiar dac\u0103 nu se mi\u0219c\u0103 un deget. Dac\u0103 nu vrem s\u0103 p\u0103\u021bim ca la Magistrala M5 care a suferit aproape doi ani din lipsa banilor, unde instan\u021ba ne-a pus s\u0103 achit\u0103m vreo 40 de milioane euro daune c\u0103tre constructor, trebuie s\u0103 mai g\u0103sim ceva prin buzunare \u0219i pentru M6&#8230; Sud.<\/p>\n\n\n\n<p>O situa\u021bie \u0219i mai dificil\u0103 este pe M6 Nord, \u00eentre sta\u021biile Washington \u0219i Otopeni, unde Comisia European\u0103 a refuzat finan\u021barea din fonduri nerambursabile \u0219i statul este nevoit s\u0103 asigure banii exclusiv de la buget \u0219i din \u00eemprumuturi\u201d, arat\u0103 organiza\u021bia. <\/p>\n\n\n\n<p><strong>CITE\u0218TE \u0218I: <a href=\"https:\/\/buletin.de\/bucuresti\/sector-2-ce-solutii-propune-primaria-pentru-cei-care-au-ramas-fara-loc-de-parcare\/\">Sector 2 | Ce solu\u021bii propune Prim\u0103ria pentru cei care au r\u0103mas f\u0103r\u0103 loc de parcare<\/a><\/strong><\/p>\n\n\n\n<h2 class=\"wp-block-heading\" id=\"h-ce-s-a-facut-pana-acum\">Ce s-a f\u0103cut p\u00e2n\u0103 acum<\/h2>\n\n\n\n<p><strong>30.241 metri cubi<\/strong>&nbsp;au fost excava\u021bi la viitoarea sta\u021bie de metrou Gara B\u0103neasa \u0219i au fost betona\u021bi&nbsp;<strong>3.668 metri cubi<\/strong>. La intersta\u021bia Gara B\u0103neasa \u2013 Pia\u021ba Montreal s-au excavat&nbsp;<strong>2.501 metri cubi<\/strong>, dup\u0103 cum prezenta Metrorex \u00een raportul lunar al lucr\u0103rilor din luna iulie.<\/p>\n\n\n\n<p>\u201e<em>La viitoarea sta\u021bie de metrou Pia\u021ba Montreal, s-au executat 58 de panouri de pere\u021bi mula\u021bi din 62 \u0219i 917 pilo\u021bi plastici din 933. Pentru accesul A, au fost executa\u021bi 110 pilo\u021bi din 120.<\/em><\/p>\n\n\n\n<p><em>La viitoarea sta\u021bie Expozi\u021biei, s-au executat 693 m grind\u0103 de ghidaj \u0219i 100 de panouri de pere\u021bi mula\u021bi din 102. S-au realizat 9 pere\u021bi mula\u021bi plastici \u0219i 591 pilo\u021bi plastici. Au fost excava\u021bi 21.927 metri cubi \u0219i s-au betonat&nbsp;<strong>2.163 metri cubi.<\/strong><\/em><\/p>\n\n\n\n<p><em>La viitoarea intersta\u021bie Expozi\u021biei \u2013 Pajura, au fost betona\u021bi 290 metri cubi. Pentru viitoarea sta\u021bie de metrou Pajura, s-au executat 11 barete \u0219i 210 pilo\u021bi fora\u021bi pentru Accesul A.<\/em><\/p>\n\n\n\n<p><em>La sta\u021bia de metrou 1Mai (existent\u0103) continu\u0103 lucr\u0103rile de relocare a utilit\u0103\u021bilor<\/em>\u201d, a men\u021bionat compania.<\/p>\n\n\n\n<p>Progresele continu\u0103 \u0219i \u00een sec\u021biunea de Nord unde p\u00e2n\u0103 la jum\u0103tatea lunii iulie au fost excava\u021bi aproximativ 4.100 de metri cubi sub plan\u0219eul superior la viitoarea sta\u021bie Ion I. C. Br\u0103tianu. Mai mult, alte 37 de panouri pentru pere\u021bi mula\u021bi au fost finaliza\u021bi, iar 19 barete cu st\u00e2lpi au fost montate.<\/p>\n\n\n\n<p><strong>CITE\u0218TE \u0218I: <a href=\"https:\/\/buletin.de\/bucuresti\/eliminarea-namolului-din-lacul-gradinii-botanice\/\">Universitatea din Bucure\u0219ti pl\u0103te\u0219te aproape 30.000 de euro pentru eliminarea n\u0103molului din Lacul Gr\u0103dinii Botanice<\/a><\/strong><\/p>\n","protected":false},"excerpt":{"rendered":"<p>C\u00e2rti\u021ba care sap\u0103 la metrou pe Linia 2 a sec\u021biunii SUD din viitoarea Magistral\u0103 6&nbsp;a ajuns la Aeroportul B\u0103neasa, luni 19 august. Dup\u0103 o scurt\u0103 revizie, va continua s\u0103 sape p\u00e2n\u0103 la Gara B\u0103neasa. Unde va ajunge \u00een c\u00e2teva luni. \u201eC\u00e2rti\u021ba botezat\u0103 &#8216;Sf\u00e2nta Maria&#8217; a forat aproximativ 900 de metri \u00eentre PLS Tokyo (zona Mall [&hellip;]<\/p>\n","protected":false},"author":61,"featured_media":144099,"comment_status":"closed","ping_status":"open","sticky":false,"template":"","format":"standard","meta":{"_acf_changed":false,"inline_featured_image":false,"ngg_post_thumbnail":0,"footnotes":""},"categories":[6994,5762,650],"tags":[4400,2173,6880,18522,23346,1649,19567],"ppma_author":[22577],"class_list":["post-144097","post","type-post","status-publish","format-standard","has-post-thumbnail","hentry","category-stiri-2","category-main","category-transport","tag-aeroport-baneasa","tag-m6","tag-magistrala-6","tag-santier-m6","tag-sfanta-ana","tag-sfanta-maria","tag-tbm"],"acf":[],"yoast_head":"<!-- This site is optimized with the Yoast SEO Premium plugin v25.3 (Yoast SEO v27.5) - https:\/\/yoast.com\/product\/yoast-seo-premium-wordpress\/ -->\n<title>M6 | \u00cen c\u00e2t timp va ajunge c\u00e2rti\u021ba care sap\u0103 la metrou p\u00e2n\u0103 la sta\u021bia de la Gara B\u0103neasa. \u201eNecunoscut\u0103 r\u0103m\u00e2ne finan\u021barea\u201d - Buletin de Bucure\u0219ti<\/title>\n<meta name=\"description\" content=\"C\u00e2rti\u021ba care sap\u0103 la metrou pe Linia 2 a sec\u021biunii SUD din viitoarea Magistral\u0103 6\u00a0a ajuns la Aeroportul B\u0103neasa, luni 19 august.\" \/>\n<meta name=\"robots\" content=\"index, follow, max-snippet:-1, max-image-preview:large, max-video-preview:-1\" \/>\n<link rel=\"canonical\" href=\"https:\/\/buletin.de\/bucuresti\/in-cat-timp-va-ajunge-cartita-care-sapa-la-metrou-pana-la-statia-de-la-gara-baneasa\/\" \/>\n<meta property=\"og:locale\" content=\"en_GB\" \/>\n<meta property=\"og:type\" content=\"article\" \/>\n<meta property=\"og:title\" content=\"M6 | \u00cen c\u00e2t timp va ajunge c\u00e2rti\u021ba care sap\u0103 la metrou p\u00e2n\u0103 la sta\u021bia de la Gara B\u0103neasa. \u201eNecunoscut\u0103 r\u0103m\u00e2ne finan\u021barea\u201d\" \/>\n<meta property=\"og:description\" content=\"C\u00e2rti\u021ba care sap\u0103 la metrou pe Linia 2 a sec\u021biunii SUD din viitoarea Magistral\u0103 6\u00a0a ajuns la Aeroportul B\u0103neasa, luni 19 august.\" \/>\n<meta property=\"og:url\" content=\"https:\/\/buletin.de\/bucuresti\/in-cat-timp-va-ajunge-cartita-care-sapa-la-metrou-pana-la-statia-de-la-gara-baneasa\/\" \/>\n<meta property=\"og:site_name\" content=\"Buletin de Bucure\u0219ti\" \/>\n<meta property=\"article:publisher\" content=\"https:\/\/www.facebook.com\/buletin.de.buc\" \/>\n<meta property=\"article:published_time\" content=\"2025-08-19T04:20:27+00:00\" \/>\n<meta property=\"article:modified_time\" content=\"2025-08-19T12:20:47+00:00\" \/>\n<meta property=\"og:image\" content=\"https:\/\/buletin.de\/bucuresti\/wp-content\/uploads\/2025\/08\/532287668_1118596543697180_1799507920051836787_n.jpg\" \/>\n\t<meta property=\"og:image:width\" content=\"2048\" \/>\n\t<meta property=\"og:image:height\" content=\"1153\" \/>\n\t<meta property=\"og:image:type\" content=\"image\/jpeg\" \/>\n<meta name=\"author\" content=\"Alexandru Stan\" \/>\n<meta name=\"twitter:card\" content=\"summary_large_image\" \/>\n<meta name=\"twitter:label1\" content=\"Written by\" \/>\n\t<meta name=\"twitter:data1\" content=\"Alexandru Stan\" \/>\n\t<meta name=\"twitter:label2\" content=\"Estimated reading time\" \/>\n\t<meta name=\"twitter:data2\" content=\"3 minutes\" \/>\n<script type=\"application\/ld+json\" class=\"yoast-schema-graph\">{\"@context\":\"https:\\\/\\\/schema.org\",\"@graph\":[{\"@type\":\"Article\",\"@id\":\"https:\\\/\\\/buletin.de\\\/bucuresti\\\/in-cat-timp-va-ajunge-cartita-care-sapa-la-metrou-pana-la-statia-de-la-gara-baneasa\\\/#article\",\"isPartOf\":{\"@id\":\"https:\\\/\\\/buletin.de\\\/bucuresti\\\/in-cat-timp-va-ajunge-cartita-care-sapa-la-metrou-pana-la-statia-de-la-gara-baneasa\\\/\"},\"author\":{\"name\":\"Alexandru Stan\",\"@id\":\"https:\\\/\\\/buletin.de\\\/bucuresti\\\/#\\\/schema\\\/person\\\/104a46bbe8be6e336fecf63974383951\"},\"headline\":\"M6 | \u00cen c\u00e2t timp va ajunge c\u00e2rti\u021ba care sap\u0103 la metrou p\u00e2n\u0103 la sta\u021bia de la Gara B\u0103neasa. \u201eNecunoscut\u0103 r\u0103m\u00e2ne finan\u021barea\u201d\",\"datePublished\":\"2025-08-19T04:20:27+00:00\",\"dateModified\":\"2025-08-19T12:20:47+00:00\",\"mainEntityOfPage\":{\"@id\":\"https:\\\/\\\/buletin.de\\\/bucuresti\\\/in-cat-timp-va-ajunge-cartita-care-sapa-la-metrou-pana-la-statia-de-la-gara-baneasa\\\/\"},\"wordCount\":738,\"publisher\":{\"@id\":\"https:\\\/\\\/buletin.de\\\/bucuresti\\\/#organization\"},\"image\":{\"@id\":\"https:\\\/\\\/buletin.de\\\/bucuresti\\\/in-cat-timp-va-ajunge-cartita-care-sapa-la-metrou-pana-la-statia-de-la-gara-baneasa\\\/#primaryimage\"},\"thumbnailUrl\":\"https:\\\/\\\/buletin.de\\\/bucuresti\\\/wp-content\\\/uploads\\\/2025\\\/08\\\/532287668_1118596543697180_1799507920051836787_n.jpg\",\"keywords\":[\"aeroport baneasa\",\"m6\",\"magistrala 6\",\"santier m6\",\"Sf\u00e2nta Ana\",\"sfanta maria\",\"TBM\"],\"articleSection\":[\"Articole\",\"Main\",\"Transport\"],\"inLanguage\":\"en-GB\",\"copyrightYear\":\"2025\",\"copyrightHolder\":{\"@id\":\"https:\\\/\\\/buletin.de\\\/bucuresti\\\/#organization\"}},{\"@type\":\"WebPage\",\"@id\":\"https:\\\/\\\/buletin.de\\\/bucuresti\\\/in-cat-timp-va-ajunge-cartita-care-sapa-la-metrou-pana-la-statia-de-la-gara-baneasa\\\/\",\"url\":\"https:\\\/\\\/buletin.de\\\/bucuresti\\\/in-cat-timp-va-ajunge-cartita-care-sapa-la-metrou-pana-la-statia-de-la-gara-baneasa\\\/\",\"name\":\"M6 | \u00cen c\u00e2t timp va ajunge c\u00e2rti\u021ba care sap\u0103 la metrou p\u00e2n\u0103 la sta\u021bia de la Gara B\u0103neasa. \u201eNecunoscut\u0103 r\u0103m\u00e2ne finan\u021barea\u201d - Buletin de Bucure\u0219ti\",\"isPartOf\":{\"@id\":\"https:\\\/\\\/buletin.de\\\/bucuresti\\\/#website\"},\"primaryImageOfPage\":{\"@id\":\"https:\\\/\\\/buletin.de\\\/bucuresti\\\/in-cat-timp-va-ajunge-cartita-care-sapa-la-metrou-pana-la-statia-de-la-gara-baneasa\\\/#primaryimage\"},\"image\":{\"@id\":\"https:\\\/\\\/buletin.de\\\/bucuresti\\\/in-cat-timp-va-ajunge-cartita-care-sapa-la-metrou-pana-la-statia-de-la-gara-baneasa\\\/#primaryimage\"},\"thumbnailUrl\":\"https:\\\/\\\/buletin.de\\\/bucuresti\\\/wp-content\\\/uploads\\\/2025\\\/08\\\/532287668_1118596543697180_1799507920051836787_n.jpg\",\"datePublished\":\"2025-08-19T04:20:27+00:00\",\"dateModified\":\"2025-08-19T12:20:47+00:00\",\"description\":\"C\u00e2rti\u021ba care sap\u0103 la metrou pe Linia 2 a sec\u021biunii SUD din viitoarea Magistral\u0103 6\u00a0a ajuns la Aeroportul B\u0103neasa, luni 19 august.\",\"breadcrumb\":{\"@id\":\"https:\\\/\\\/buletin.de\\\/bucuresti\\\/in-cat-timp-va-ajunge-cartita-care-sapa-la-metrou-pana-la-statia-de-la-gara-baneasa\\\/#breadcrumb\"},\"inLanguage\":\"en-GB\",\"potentialAction\":[{\"@type\":\"ReadAction\",\"target\":[\"https:\\\/\\\/buletin.de\\\/bucuresti\\\/in-cat-timp-va-ajunge-cartita-care-sapa-la-metrou-pana-la-statia-de-la-gara-baneasa\\\/\"]}]},{\"@type\":\"ImageObject\",\"inLanguage\":\"en-GB\",\"@id\":\"https:\\\/\\\/buletin.de\\\/bucuresti\\\/in-cat-timp-va-ajunge-cartita-care-sapa-la-metrou-pana-la-statia-de-la-gara-baneasa\\\/#primaryimage\",\"url\":\"https:\\\/\\\/buletin.de\\\/bucuresti\\\/wp-content\\\/uploads\\\/2025\\\/08\\\/532287668_1118596543697180_1799507920051836787_n.jpg\",\"contentUrl\":\"https:\\\/\\\/buletin.de\\\/bucuresti\\\/wp-content\\\/uploads\\\/2025\\\/08\\\/532287668_1118596543697180_1799507920051836787_n.jpg\",\"width\":2048,\"height\":1153,\"caption\":\"Magistrala M6 | C\u00e2rti\u021ba \u201eSf\u00e2nta Maria\u201d a ajuns la Aeroportul B\u0103neasa | FOTO: Asociatia Pro Infrastructura\"},{\"@type\":\"BreadcrumbList\",\"@id\":\"https:\\\/\\\/buletin.de\\\/bucuresti\\\/in-cat-timp-va-ajunge-cartita-care-sapa-la-metrou-pana-la-statia-de-la-gara-baneasa\\\/#breadcrumb\",\"itemListElement\":[{\"@type\":\"ListItem\",\"position\":1,\"name\":\"Acas\u0103\",\"item\":\"https:\\\/\\\/buletin.de\\\/bucuresti\\\/\"},{\"@type\":\"ListItem\",\"position\":2,\"name\":\"M6 | \u00cen c\u00e2t timp va ajunge c\u00e2rti\u021ba care sap\u0103 la metrou p\u00e2n\u0103 la sta\u021bia de la Gara B\u0103neasa. \u201eNecunoscut\u0103 r\u0103m\u00e2ne finan\u021barea\u201d\"}]},{\"@type\":\"WebSite\",\"@id\":\"https:\\\/\\\/buletin.de\\\/bucuresti\\\/#website\",\"url\":\"https:\\\/\\\/buletin.de\\\/bucuresti\\\/\",\"name\":\"Buletin de Bucure\u0219ti\",\"description\":\"\u0218tiri \u0219i investiga\u021bii esen\u021biale din capital\u0103\",\"publisher\":{\"@id\":\"https:\\\/\\\/buletin.de\\\/bucuresti\\\/#organization\"},\"potentialAction\":[{\"@type\":\"SearchAction\",\"target\":{\"@type\":\"EntryPoint\",\"urlTemplate\":\"https:\\\/\\\/buletin.de\\\/bucuresti\\\/?s={search_term_string}\"},\"query-input\":{\"@type\":\"PropertyValueSpecification\",\"valueRequired\":true,\"valueName\":\"search_term_string\"}}],\"inLanguage\":\"en-GB\"},{\"@type\":\"Organization\",\"@id\":\"https:\\\/\\\/buletin.de\\\/bucuresti\\\/#organization\",\"name\":\"Buletin de Bucure\u0219ti\",\"url\":\"https:\\\/\\\/buletin.de\\\/bucuresti\\\/\",\"logo\":{\"@type\":\"ImageObject\",\"inLanguage\":\"en-GB\",\"@id\":\"https:\\\/\\\/buletin.de\\\/bucuresti\\\/#\\\/schema\\\/logo\\\/image\\\/\",\"url\":\"https:\\\/\\\/buletin.de\\\/bucuresti\\\/wp-content\\\/uploads\\\/logo-bdb-full-wide-vernil-transparent.png\",\"contentUrl\":\"https:\\\/\\\/buletin.de\\\/bucuresti\\\/wp-content\\\/uploads\\\/logo-bdb-full-wide-vernil-transparent.png\",\"width\":1782,\"height\":626,\"caption\":\"Buletin de Bucure\u0219ti\"},\"image\":{\"@id\":\"https:\\\/\\\/buletin.de\\\/bucuresti\\\/#\\\/schema\\\/logo\\\/image\\\/\"},\"sameAs\":[\"https:\\\/\\\/www.facebook.com\\\/buletin.de.buc\",\"https:\\\/\\\/www.instagram.com\\\/buletinde.bucuresti\\\/\"]},{\"@type\":\"Person\",\"@id\":\"https:\\\/\\\/buletin.de\\\/bucuresti\\\/#\\\/schema\\\/person\\\/104a46bbe8be6e336fecf63974383951\",\"name\":\"Alexandru Stan\",\"image\":{\"@type\":\"ImageObject\",\"inLanguage\":\"en-GB\",\"@id\":\"https:\\\/\\\/buletin.de\\\/bucuresti\\\/wp-content\\\/uploads\\\/2025\\\/12\\\/IMG-20251216-WA0045-e1766134343668-96x96.jpgd0ca12809ae3e1d27116a2afe8926544\",\"url\":\"https:\\\/\\\/buletin.de\\\/bucuresti\\\/wp-content\\\/uploads\\\/2025\\\/12\\\/IMG-20251216-WA0045-e1766134343668-96x96.jpg\",\"contentUrl\":\"https:\\\/\\\/buletin.de\\\/bucuresti\\\/wp-content\\\/uploads\\\/2025\\\/12\\\/IMG-20251216-WA0045-e1766134343668-96x96.jpg\",\"caption\":\"Alexandru Stan\"},\"description\":\"Sunt elev la un colegiu de prestigiu din Capital\u0103 \u0219i reporter la Buletin de Bucure\u0219ti. M-am n\u0103scut \u0219i am crescut cu m\u00e2ndrie \u00een Capital\u0103, ora\u0219 al pove\u0219tilor, al tramvaiului tras de cai \u0219i al c\u0103su\u021belor cu porti\u021b\u0103 \u0219i ci\u0219mea. Prin articolele mele, m\u0103 str\u0103duiesc s\u0103 descriu cu acurate\u021be via\u021ba din Bucure\u0219ti pe ecranele cititorilor no\u0219tri \u0219i \u00eencerc totodat\u0103 s\u0103 fac accesibile subiecte de interes general tuturor, de la mic la mare.\",\"url\":\"https:\\\/\\\/buletin.de\\\/bucuresti\\\/author\\\/alexandru-stan\\\/\"}]}<\/script>\n<!-- \/ Yoast SEO Premium plugin. -->","yoast_head_json":{"title":"M6 | \u00cen c\u00e2t timp va ajunge c\u00e2rti\u021ba care sap\u0103 la metrou p\u00e2n\u0103 la sta\u021bia de la Gara B\u0103neasa. \u201eNecunoscut\u0103 r\u0103m\u00e2ne finan\u021barea\u201d - Buletin de Bucure\u0219ti","description":"C\u00e2rti\u021ba care sap\u0103 la metrou pe Linia 2 a sec\u021biunii SUD din viitoarea Magistral\u0103 6\u00a0a ajuns la Aeroportul B\u0103neasa, luni 19 august.","robots":{"index":"index","follow":"follow","max-snippet":"max-snippet:-1","max-image-preview":"max-image-preview:large","max-video-preview":"max-video-preview:-1"},"canonical":"https:\/\/buletin.de\/bucuresti\/in-cat-timp-va-ajunge-cartita-care-sapa-la-metrou-pana-la-statia-de-la-gara-baneasa\/","og_locale":"en_GB","og_type":"article","og_title":"M6 | \u00cen c\u00e2t timp va ajunge c\u00e2rti\u021ba care sap\u0103 la metrou p\u00e2n\u0103 la sta\u021bia de la Gara B\u0103neasa. \u201eNecunoscut\u0103 r\u0103m\u00e2ne finan\u021barea\u201d","og_description":"C\u00e2rti\u021ba care sap\u0103 la metrou pe Linia 2 a sec\u021biunii SUD din viitoarea Magistral\u0103 6\u00a0a ajuns la Aeroportul B\u0103neasa, luni 19 august.","og_url":"https:\/\/buletin.de\/bucuresti\/in-cat-timp-va-ajunge-cartita-care-sapa-la-metrou-pana-la-statia-de-la-gara-baneasa\/","og_site_name":"Buletin de Bucure\u0219ti","article_publisher":"https:\/\/www.facebook.com\/buletin.de.buc","article_published_time":"2025-08-19T04:20:27+00:00","article_modified_time":"2025-08-19T12:20:47+00:00","og_image":[{"width":2048,"height":1153,"url":"https:\/\/buletin.de\/bucuresti\/wp-content\/uploads\/2025\/08\/532287668_1118596543697180_1799507920051836787_n.jpg","type":"image\/jpeg"}],"author":"Alexandru Stan","twitter_card":"summary_large_image","twitter_misc":{"Written by":"Alexandru Stan","Estimated reading time":"3 minutes"},"schema":{"@context":"https:\/\/schema.org","@graph":[{"@type":"Article","@id":"https:\/\/buletin.de\/bucuresti\/in-cat-timp-va-ajunge-cartita-care-sapa-la-metrou-pana-la-statia-de-la-gara-baneasa\/#article","isPartOf":{"@id":"https:\/\/buletin.de\/bucuresti\/in-cat-timp-va-ajunge-cartita-care-sapa-la-metrou-pana-la-statia-de-la-gara-baneasa\/"},"author":{"name":"Alexandru Stan","@id":"https:\/\/buletin.de\/bucuresti\/#\/schema\/person\/104a46bbe8be6e336fecf63974383951"},"headline":"M6 | \u00cen c\u00e2t timp va ajunge c\u00e2rti\u021ba care sap\u0103 la metrou p\u00e2n\u0103 la sta\u021bia de la Gara B\u0103neasa. \u201eNecunoscut\u0103 r\u0103m\u00e2ne finan\u021barea\u201d","datePublished":"2025-08-19T04:20:27+00:00","dateModified":"2025-08-19T12:20:47+00:00","mainEntityOfPage":{"@id":"https:\/\/buletin.de\/bucuresti\/in-cat-timp-va-ajunge-cartita-care-sapa-la-metrou-pana-la-statia-de-la-gara-baneasa\/"},"wordCount":738,"publisher":{"@id":"https:\/\/buletin.de\/bucuresti\/#organization"},"image":{"@id":"https:\/\/buletin.de\/bucuresti\/in-cat-timp-va-ajunge-cartita-care-sapa-la-metrou-pana-la-statia-de-la-gara-baneasa\/#primaryimage"},"thumbnailUrl":"https:\/\/buletin.de\/bucuresti\/wp-content\/uploads\/2025\/08\/532287668_1118596543697180_1799507920051836787_n.jpg","keywords":["aeroport baneasa","m6","magistrala 6","santier m6","Sf\u00e2nta Ana","sfanta maria","TBM"],"articleSection":["Articole","Main","Transport"],"inLanguage":"en-GB","copyrightYear":"2025","copyrightHolder":{"@id":"https:\/\/buletin.de\/bucuresti\/#organization"}},{"@type":"WebPage","@id":"https:\/\/buletin.de\/bucuresti\/in-cat-timp-va-ajunge-cartita-care-sapa-la-metrou-pana-la-statia-de-la-gara-baneasa\/","url":"https:\/\/buletin.de\/bucuresti\/in-cat-timp-va-ajunge-cartita-care-sapa-la-metrou-pana-la-statia-de-la-gara-baneasa\/","name":"M6 | \u00cen c\u00e2t timp va ajunge c\u00e2rti\u021ba care sap\u0103 la metrou p\u00e2n\u0103 la sta\u021bia de la Gara B\u0103neasa. \u201eNecunoscut\u0103 r\u0103m\u00e2ne finan\u021barea\u201d - Buletin de Bucure\u0219ti","isPartOf":{"@id":"https:\/\/buletin.de\/bucuresti\/#website"},"primaryImageOfPage":{"@id":"https:\/\/buletin.de\/bucuresti\/in-cat-timp-va-ajunge-cartita-care-sapa-la-metrou-pana-la-statia-de-la-gara-baneasa\/#primaryimage"},"image":{"@id":"https:\/\/buletin.de\/bucuresti\/in-cat-timp-va-ajunge-cartita-care-sapa-la-metrou-pana-la-statia-de-la-gara-baneasa\/#primaryimage"},"thumbnailUrl":"https:\/\/buletin.de\/bucuresti\/wp-content\/uploads\/2025\/08\/532287668_1118596543697180_1799507920051836787_n.jpg","datePublished":"2025-08-19T04:20:27+00:00","dateModified":"2025-08-19T12:20:47+00:00","description":"C\u00e2rti\u021ba care sap\u0103 la metrou pe Linia 2 a sec\u021biunii SUD din viitoarea Magistral\u0103 6\u00a0a ajuns la Aeroportul B\u0103neasa, luni 19 august.","breadcrumb":{"@id":"https:\/\/buletin.de\/bucuresti\/in-cat-timp-va-ajunge-cartita-care-sapa-la-metrou-pana-la-statia-de-la-gara-baneasa\/#breadcrumb"},"inLanguage":"en-GB","potentialAction":[{"@type":"ReadAction","target":["https:\/\/buletin.de\/bucuresti\/in-cat-timp-va-ajunge-cartita-care-sapa-la-metrou-pana-la-statia-de-la-gara-baneasa\/"]}]},{"@type":"ImageObject","inLanguage":"en-GB","@id":"https:\/\/buletin.de\/bucuresti\/in-cat-timp-va-ajunge-cartita-care-sapa-la-metrou-pana-la-statia-de-la-gara-baneasa\/#primaryimage","url":"https:\/\/buletin.de\/bucuresti\/wp-content\/uploads\/2025\/08\/532287668_1118596543697180_1799507920051836787_n.jpg","contentUrl":"https:\/\/buletin.de\/bucuresti\/wp-content\/uploads\/2025\/08\/532287668_1118596543697180_1799507920051836787_n.jpg","width":2048,"height":1153,"caption":"Magistrala M6 | C\u00e2rti\u021ba \u201eSf\u00e2nta Maria\u201d a ajuns la Aeroportul B\u0103neasa | FOTO: Asociatia Pro Infrastructura"},{"@type":"BreadcrumbList","@id":"https:\/\/buletin.de\/bucuresti\/in-cat-timp-va-ajunge-cartita-care-sapa-la-metrou-pana-la-statia-de-la-gara-baneasa\/#breadcrumb","itemListElement":[{"@type":"ListItem","position":1,"name":"Acas\u0103","item":"https:\/\/buletin.de\/bucuresti\/"},{"@type":"ListItem","position":2,"name":"M6 | \u00cen c\u00e2t timp va ajunge c\u00e2rti\u021ba care sap\u0103 la metrou p\u00e2n\u0103 la sta\u021bia de la Gara B\u0103neasa. \u201eNecunoscut\u0103 r\u0103m\u00e2ne finan\u021barea\u201d"}]},{"@type":"WebSite","@id":"https:\/\/buletin.de\/bucuresti\/#website","url":"https:\/\/buletin.de\/bucuresti\/","name":"Buletin de Bucure\u0219ti","description":"\u0218tiri \u0219i investiga\u021bii esen\u021biale din capital\u0103","publisher":{"@id":"https:\/\/buletin.de\/bucuresti\/#organization"},"potentialAction":[{"@type":"SearchAction","target":{"@type":"EntryPoint","urlTemplate":"https:\/\/buletin.de\/bucuresti\/?s={search_term_string}"},"query-input":{"@type":"PropertyValueSpecification","valueRequired":true,"valueName":"search_term_string"}}],"inLanguage":"en-GB"},{"@type":"Organization","@id":"https:\/\/buletin.de\/bucuresti\/#organization","name":"Buletin de Bucure\u0219ti","url":"https:\/\/buletin.de\/bucuresti\/","logo":{"@type":"ImageObject","inLanguage":"en-GB","@id":"https:\/\/buletin.de\/bucuresti\/#\/schema\/logo\/image\/","url":"https:\/\/buletin.de\/bucuresti\/wp-content\/uploads\/logo-bdb-full-wide-vernil-transparent.png","contentUrl":"https:\/\/buletin.de\/bucuresti\/wp-content\/uploads\/logo-bdb-full-wide-vernil-transparent.png","width":1782,"height":626,"caption":"Buletin de Bucure\u0219ti"},"image":{"@id":"https:\/\/buletin.de\/bucuresti\/#\/schema\/logo\/image\/"},"sameAs":["https:\/\/www.facebook.com\/buletin.de.buc","https:\/\/www.instagram.com\/buletinde.bucuresti\/"]},{"@type":"Person","@id":"https:\/\/buletin.de\/bucuresti\/#\/schema\/person\/104a46bbe8be6e336fecf63974383951","name":"Alexandru Stan","image":{"@type":"ImageObject","inLanguage":"en-GB","@id":"https:\/\/buletin.de\/bucuresti\/wp-content\/uploads\/2025\/12\/IMG-20251216-WA0045-e1766134343668-96x96.jpgd0ca12809ae3e1d27116a2afe8926544","url":"https:\/\/buletin.de\/bucuresti\/wp-content\/uploads\/2025\/12\/IMG-20251216-WA0045-e1766134343668-96x96.jpg","contentUrl":"https:\/\/buletin.de\/bucuresti\/wp-content\/uploads\/2025\/12\/IMG-20251216-WA0045-e1766134343668-96x96.jpg","caption":"Alexandru Stan"},"description":"Sunt elev la un colegiu de prestigiu din Capital\u0103 \u0219i reporter la Buletin de Bucure\u0219ti. M-am n\u0103scut \u0219i am crescut cu m\u00e2ndrie \u00een Capital\u0103, ora\u0219 al pove\u0219tilor, al tramvaiului tras de cai \u0219i al c\u0103su\u021belor cu porti\u021b\u0103 \u0219i ci\u0219mea. Prin articolele mele, m\u0103 str\u0103duiesc s\u0103 descriu cu acurate\u021be via\u021ba din Bucure\u0219ti pe ecranele cititorilor no\u0219tri \u0219i \u00eencerc totodat\u0103 s\u0103 fac accesibile subiecte de interes general tuturor, de la mic la mare.","url":"https:\/\/buletin.de\/bucuresti\/author\/alexandru-stan\/"}]}},"authors":[{"term_id":22577,"user_id":61,"is_guest":0,"slug":"alexandru-stan","display_name":"Alexandru Stan","avatar_url":"https:\/\/buletin.de\/bucuresti\/wp-content\/uploads\/2025\/12\/IMG-20251216-WA0045-e1766134343668-96x96.jpg","0":null,"1":"","2":"","3":"","4":"","5":"","6":"","7":"","8":""}],"_links":{"self":[{"href":"https:\/\/buletin.de\/bucuresti\/wp-json\/wp\/v2\/posts\/144097","targetHints":{"allow":["GET"]}}],"collection":[{"href":"https:\/\/buletin.de\/bucuresti\/wp-json\/wp\/v2\/posts"}],"about":[{"href":"https:\/\/buletin.de\/bucuresti\/wp-json\/wp\/v2\/types\/post"}],"author":[{"embeddable":true,"href":"https:\/\/buletin.de\/bucuresti\/wp-json\/wp\/v2\/users\/61"}],"replies":[{"embeddable":true,"href":"https:\/\/buletin.de\/bucuresti\/wp-json\/wp\/v2\/comments?post=144097"}],"version-history":[{"count":9,"href":"https:\/\/buletin.de\/bucuresti\/wp-json\/wp\/v2\/posts\/144097\/revisions"}],"predecessor-version":[{"id":144217,"href":"https:\/\/buletin.de\/bucuresti\/wp-json\/wp\/v2\/posts\/144097\/revisions\/144217"}],"wp:featuredmedia":[{"embeddable":true,"href":"https:\/\/buletin.de\/bucuresti\/wp-json\/wp\/v2\/media\/144099"}],"wp:attachment":[{"href":"https:\/\/buletin.de\/bucuresti\/wp-json\/wp\/v2\/media?parent=144097"}],"wp:term":[{"taxonomy":"category","embeddable":true,"href":"https:\/\/buletin.de\/bucuresti\/wp-json\/wp\/v2\/categories?post=144097"},{"taxonomy":"post_tag","embeddable":true,"href":"https:\/\/buletin.de\/bucuresti\/wp-json\/wp\/v2\/tags?post=144097"},{"taxonomy":"author","embeddable":true,"href":"https:\/\/buletin.de\/bucuresti\/wp-json\/wp\/v2\/ppma_author?post=144097"}],"curies":[{"name":"wp","href":"https:\/\/api.w.org\/{rel}","templated":true}]}}