{"id":14395,"date":"2020-10-27T18:07:09","date_gmt":"2020-10-27T15:07:09","guid":{"rendered":"https:\/\/buletin.de\/bucuresti\/?p=14395"},"modified":"2020-10-27T18:07:10","modified_gmt":"2020-10-27T15:07:10","slug":"clotilde-armand-validata-primar-al-sectorului-1-printr-o-sentinta-definitiva","status":"publish","type":"post","link":"https:\/\/buletin.de\/bucuresti\/clotilde-armand-validata-primar-al-sectorului-1-printr-o-sentinta-definitiva\/","title":{"rendered":"Clotilde Armand, validat\u0103 primar al sectorului 1 printr-o sentin\u021b\u0103 definitiv\u0103"},"content":{"rendered":"\n<p><\/p>\n\n\n\n<p>Tribunalul Bucure\u0219ti a decis s\u0103 valideze mandatul de primar al lui Clotilde Armand, candidata USR-PLUS pentru Prim\u0103ria Sectorului 1. Instan\u021ba a respins toate cele 125 de contesta\u021bii, printre care se reg\u0103sea \u0219i cea a fostului primar PSD, Dan Tudorache.<\/p>\n\n\n\n<blockquote class=\"wp-block-quote is-layout-flow wp-block-quote-is-layout-flow\"><p>\u201eAcum, fostul primar trebuie s\u0103 ofere ni\u0219te explica\u021bii procurorilor pentru jaful din banii publici din ultimii patru ani. S\u0103 fie foarte clar, fiecare func\u021bionar \u0219i angajat al prim\u0103riei care a girat tunurile PSD \u00een to\u021bi ace\u0219ti ani o s\u0103 pl\u0103teasc\u0103 \u00een fa\u021ba Justi\u021biei. Lucrurile nu vor r\u0103m\u00e2ne a\u0219a. Avem de reconstruit \u0219i de devoltat un sector. F\u0103r\u0103 ho\u021bie \u0219i f\u0103r\u0103 birocra\u021bie.\u201d<\/p><cite>Clotilde Armand<\/cite><\/blockquote>\n\n\n\n<div id=\"fb-root\"><\/div>\n<script async defer crossorigin=\"anonymous\" src=\"https:\/\/connect.facebook.net\/ro_RO\/sdk.js#xfbml=1&#038;version=v8.0\" nonce=\"XxvJqsI9\"><\/script>\n\n\n\n<p>Surs\u0103 cover: Facebook Clotilde Armand<\/p>\n","protected":false},"excerpt":{"rendered":"<p>Tribunalul Bucure\u0219ti a decis s\u0103 valideze mandatul de primar al lui Clotilde Armand, candidata USR-PLUS pentru Prim\u0103ria Sectorului 1. Instan\u021ba a respins toate cele 125 de contesta\u021bii, printre care se reg\u0103sea \u0219i cea a fostului primar PSD, Dan Tudorache. \u201eAcum, fostul primar trebuie s\u0103 ofere ni\u0219te explica\u021bii procurorilor pentru jaful din banii publici din ultimii [&hellip;]<\/p>\n","protected":false},"author":6,"featured_media":14396,"comment_status":"closed","ping_status":"open","sticky":false,"template":"","format":"standard","meta":{"_acf_changed":false,"inline_featured_image":false,"ngg_post_thumbnail":0,"footnotes":""},"categories":[1],"tags":[1487,308,1798],"ppma_author":[22588],"class_list":["post-14395","post","type-post","status-publish","format-standard","has-post-thumbnail","hentry","category-diverse","tag-clotilde-armand","tag-sector-1","tag-validare-mandat"],"acf":[],"yoast_head":"<!-- This site is optimized with the Yoast SEO Premium plugin v25.3 (Yoast SEO v27.5) - https:\/\/yoast.com\/product\/yoast-seo-premium-wordpress\/ -->\n<title>Clotilde Armand, validat\u0103 primar al sectorului 1 printr-o sentin\u021b\u0103 definitiv\u0103 - Buletin de Bucure\u0219ti<\/title>\n<meta name=\"robots\" content=\"index, follow, max-snippet:-1, max-image-preview:large, max-video-preview:-1\" \/>\n<link rel=\"canonical\" href=\"https:\/\/buletin.de\/bucuresti\/clotilde-armand-validata-primar-al-sectorului-1-printr-o-sentinta-definitiva\/\" \/>\n<meta property=\"og:locale\" content=\"en_GB\" \/>\n<meta property=\"og:type\" content=\"article\" \/>\n<meta property=\"og:title\" content=\"Clotilde Armand, validat\u0103 primar al sectorului 1 printr-o sentin\u021b\u0103 definitiv\u0103\" \/>\n<meta property=\"og:description\" content=\"Tribunalul Bucure\u0219ti a decis s\u0103 valideze mandatul de primar al lui Clotilde Armand, candidata USR-PLUS pentru Prim\u0103ria Sectorului 1. Instan\u021ba a respins toate cele 125 de contesta\u021bii, printre care se reg\u0103sea \u0219i cea a fostului primar PSD, Dan Tudorache. \u201eAcum, fostul primar trebuie s\u0103 ofere ni\u0219te explica\u021bii procurorilor pentru jaful din banii publici din ultimii [&hellip;]\" \/>\n<meta property=\"og:url\" content=\"https:\/\/buletin.de\/bucuresti\/clotilde-armand-validata-primar-al-sectorului-1-printr-o-sentinta-definitiva\/\" \/>\n<meta property=\"og:site_name\" content=\"Buletin de Bucure\u0219ti\" \/>\n<meta property=\"article:publisher\" content=\"https:\/\/www.facebook.com\/buletin.de.buc\" \/>\n<meta property=\"article:published_time\" content=\"2020-10-27T15:07:09+00:00\" \/>\n<meta property=\"article:modified_time\" content=\"2020-10-27T15:07:10+00:00\" \/>\n<meta property=\"og:image\" content=\"https:\/\/buletin.de\/bucuresti\/wp-content\/uploads\/119125193_3273120942763938_2689086356641805655_o.jpg\" \/>\n\t<meta property=\"og:image:width\" content=\"1842\" \/>\n\t<meta property=\"og:image:height\" content=\"1413\" \/>\n\t<meta property=\"og:image:type\" content=\"image\/jpeg\" \/>\n<meta name=\"author\" content=\"Bianca Albu\" \/>\n<meta name=\"twitter:card\" content=\"summary_large_image\" \/>\n<meta name=\"twitter:label1\" content=\"Written by\" \/>\n\t<meta name=\"twitter:data1\" content=\"Bianca Albu\" \/>\n\t<meta name=\"twitter:label2\" content=\"Estimated reading time\" \/>\n\t<meta name=\"twitter:data2\" content=\"1 minute\" \/>\n<script type=\"application\/ld+json\" class=\"yoast-schema-graph\">{\"@context\":\"https:\\\/\\\/schema.org\",\"@graph\":[{\"@type\":\"Article\",\"@id\":\"https:\\\/\\\/buletin.de\\\/bucuresti\\\/clotilde-armand-validata-primar-al-sectorului-1-printr-o-sentinta-definitiva\\\/#article\",\"isPartOf\":{\"@id\":\"https:\\\/\\\/buletin.de\\\/bucuresti\\\/clotilde-armand-validata-primar-al-sectorului-1-printr-o-sentinta-definitiva\\\/\"},\"author\":{\"name\":\"Bianca Albu\",\"@id\":\"https:\\\/\\\/buletin.de\\\/bucuresti\\\/#\\\/schema\\\/person\\\/295dc2228d2dc79294d636619468dc7f\"},\"headline\":\"Clotilde Armand, validat\u0103 primar al sectorului 1 printr-o sentin\u021b\u0103 definitiv\u0103\",\"datePublished\":\"2020-10-27T15:07:09+00:00\",\"dateModified\":\"2020-10-27T15:07:10+00:00\",\"mainEntityOfPage\":{\"@id\":\"https:\\\/\\\/buletin.de\\\/bucuresti\\\/clotilde-armand-validata-primar-al-sectorului-1-printr-o-sentinta-definitiva\\\/\"},\"wordCount\":135,\"publisher\":{\"@id\":\"https:\\\/\\\/buletin.de\\\/bucuresti\\\/#organization\"},\"image\":{\"@id\":\"https:\\\/\\\/buletin.de\\\/bucuresti\\\/clotilde-armand-validata-primar-al-sectorului-1-printr-o-sentinta-definitiva\\\/#primaryimage\"},\"thumbnailUrl\":\"https:\\\/\\\/buletin.de\\\/bucuresti\\\/wp-content\\\/uploads\\\/119125193_3273120942763938_2689086356641805655_o.jpg\",\"keywords\":[\"clotilde armand\",\"Sector 1\",\"validare mandat\"],\"articleSection\":[\"Diverse\"],\"inLanguage\":\"en-GB\",\"copyrightYear\":\"2020\",\"copyrightHolder\":{\"@id\":\"https:\\\/\\\/buletin.de\\\/bucuresti\\\/#organization\"}},{\"@type\":\"WebPage\",\"@id\":\"https:\\\/\\\/buletin.de\\\/bucuresti\\\/clotilde-armand-validata-primar-al-sectorului-1-printr-o-sentinta-definitiva\\\/\",\"url\":\"https:\\\/\\\/buletin.de\\\/bucuresti\\\/clotilde-armand-validata-primar-al-sectorului-1-printr-o-sentinta-definitiva\\\/\",\"name\":\"Clotilde Armand, validat\u0103 primar al sectorului 1 printr-o sentin\u021b\u0103 definitiv\u0103 - Buletin de Bucure\u0219ti\",\"isPartOf\":{\"@id\":\"https:\\\/\\\/buletin.de\\\/bucuresti\\\/#website\"},\"primaryImageOfPage\":{\"@id\":\"https:\\\/\\\/buletin.de\\\/bucuresti\\\/clotilde-armand-validata-primar-al-sectorului-1-printr-o-sentinta-definitiva\\\/#primaryimage\"},\"image\":{\"@id\":\"https:\\\/\\\/buletin.de\\\/bucuresti\\\/clotilde-armand-validata-primar-al-sectorului-1-printr-o-sentinta-definitiva\\\/#primaryimage\"},\"thumbnailUrl\":\"https:\\\/\\\/buletin.de\\\/bucuresti\\\/wp-content\\\/uploads\\\/119125193_3273120942763938_2689086356641805655_o.jpg\",\"datePublished\":\"2020-10-27T15:07:09+00:00\",\"dateModified\":\"2020-10-27T15:07:10+00:00\",\"breadcrumb\":{\"@id\":\"https:\\\/\\\/buletin.de\\\/bucuresti\\\/clotilde-armand-validata-primar-al-sectorului-1-printr-o-sentinta-definitiva\\\/#breadcrumb\"},\"inLanguage\":\"en-GB\",\"potentialAction\":[{\"@type\":\"ReadAction\",\"target\":[\"https:\\\/\\\/buletin.de\\\/bucuresti\\\/clotilde-armand-validata-primar-al-sectorului-1-printr-o-sentinta-definitiva\\\/\"]}]},{\"@type\":\"ImageObject\",\"inLanguage\":\"en-GB\",\"@id\":\"https:\\\/\\\/buletin.de\\\/bucuresti\\\/clotilde-armand-validata-primar-al-sectorului-1-printr-o-sentinta-definitiva\\\/#primaryimage\",\"url\":\"https:\\\/\\\/buletin.de\\\/bucuresti\\\/wp-content\\\/uploads\\\/119125193_3273120942763938_2689086356641805655_o.jpg\",\"contentUrl\":\"https:\\\/\\\/buletin.de\\\/bucuresti\\\/wp-content\\\/uploads\\\/119125193_3273120942763938_2689086356641805655_o.jpg\",\"width\":1842,\"height\":1413},{\"@type\":\"BreadcrumbList\",\"@id\":\"https:\\\/\\\/buletin.de\\\/bucuresti\\\/clotilde-armand-validata-primar-al-sectorului-1-printr-o-sentinta-definitiva\\\/#breadcrumb\",\"itemListElement\":[{\"@type\":\"ListItem\",\"position\":1,\"name\":\"Acas\u0103\",\"item\":\"https:\\\/\\\/buletin.de\\\/bucuresti\\\/\"},{\"@type\":\"ListItem\",\"position\":2,\"name\":\"Clotilde Armand, validat\u0103 primar al sectorului 1 printr-o sentin\u021b\u0103 definitiv\u0103\"}]},{\"@type\":\"WebSite\",\"@id\":\"https:\\\/\\\/buletin.de\\\/bucuresti\\\/#website\",\"url\":\"https:\\\/\\\/buletin.de\\\/bucuresti\\\/\",\"name\":\"Buletin de Bucure\u0219ti\",\"description\":\"\u0218tiri \u0219i investiga\u021bii esen\u021biale din capital\u0103\",\"publisher\":{\"@id\":\"https:\\\/\\\/buletin.de\\\/bucuresti\\\/#organization\"},\"potentialAction\":[{\"@type\":\"SearchAction\",\"target\":{\"@type\":\"EntryPoint\",\"urlTemplate\":\"https:\\\/\\\/buletin.de\\\/bucuresti\\\/?s={search_term_string}\"},\"query-input\":{\"@type\":\"PropertyValueSpecification\",\"valueRequired\":true,\"valueName\":\"search_term_string\"}}],\"inLanguage\":\"en-GB\"},{\"@type\":\"Organization\",\"@id\":\"https:\\\/\\\/buletin.de\\\/bucuresti\\\/#organization\",\"name\":\"Buletin de Bucure\u0219ti\",\"url\":\"https:\\\/\\\/buletin.de\\\/bucuresti\\\/\",\"logo\":{\"@type\":\"ImageObject\",\"inLanguage\":\"en-GB\",\"@id\":\"https:\\\/\\\/buletin.de\\\/bucuresti\\\/#\\\/schema\\\/logo\\\/image\\\/\",\"url\":\"https:\\\/\\\/buletin.de\\\/bucuresti\\\/wp-content\\\/uploads\\\/logo-bdb-full-wide-vernil-transparent.png\",\"contentUrl\":\"https:\\\/\\\/buletin.de\\\/bucuresti\\\/wp-content\\\/uploads\\\/logo-bdb-full-wide-vernil-transparent.png\",\"width\":1782,\"height\":626,\"caption\":\"Buletin de Bucure\u0219ti\"},\"image\":{\"@id\":\"https:\\\/\\\/buletin.de\\\/bucuresti\\\/#\\\/schema\\\/logo\\\/image\\\/\"},\"sameAs\":[\"https:\\\/\\\/www.facebook.com\\\/buletin.de.buc\",\"https:\\\/\\\/www.instagram.com\\\/buletinde.bucuresti\\\/\"]},{\"@type\":\"Person\",\"@id\":\"https:\\\/\\\/buletin.de\\\/bucuresti\\\/#\\\/schema\\\/person\\\/295dc2228d2dc79294d636619468dc7f\",\"name\":\"Bianca Albu\",\"image\":{\"@type\":\"ImageObject\",\"inLanguage\":\"en-GB\",\"@id\":\"https:\\\/\\\/secure.gravatar.com\\\/avatar\\\/3df2e34e20f529e6fd7be4311ee1f7c4ec4aa886971590baf6fa214b15743516?s=96&d=monsterid&r=gf541c715eeec409ce8101252a3c0d8a7\",\"url\":\"https:\\\/\\\/secure.gravatar.com\\\/avatar\\\/3df2e34e20f529e6fd7be4311ee1f7c4ec4aa886971590baf6fa214b15743516?s=96&d=monsterid&r=g\",\"contentUrl\":\"https:\\\/\\\/secure.gravatar.com\\\/avatar\\\/3df2e34e20f529e6fd7be4311ee1f7c4ec4aa886971590baf6fa214b15743516?s=96&d=monsterid&r=g\",\"caption\":\"Bianca Albu\"},\"description\":\"Reporter\",\"url\":\"https:\\\/\\\/buletin.de\\\/bucuresti\\\/author\\\/biancaalbu\\\/\"}]}<\/script>\n<!-- \/ Yoast SEO Premium plugin. -->","yoast_head_json":{"title":"Clotilde Armand, validat\u0103 primar al sectorului 1 printr-o sentin\u021b\u0103 definitiv\u0103 - Buletin de Bucure\u0219ti","robots":{"index":"index","follow":"follow","max-snippet":"max-snippet:-1","max-image-preview":"max-image-preview:large","max-video-preview":"max-video-preview:-1"},"canonical":"https:\/\/buletin.de\/bucuresti\/clotilde-armand-validata-primar-al-sectorului-1-printr-o-sentinta-definitiva\/","og_locale":"en_GB","og_type":"article","og_title":"Clotilde Armand, validat\u0103 primar al sectorului 1 printr-o sentin\u021b\u0103 definitiv\u0103","og_description":"Tribunalul Bucure\u0219ti a decis s\u0103 valideze mandatul de primar al lui Clotilde Armand, candidata USR-PLUS pentru Prim\u0103ria Sectorului 1. Instan\u021ba a respins toate cele 125 de contesta\u021bii, printre care se reg\u0103sea \u0219i cea a fostului primar PSD, Dan Tudorache. \u201eAcum, fostul primar trebuie s\u0103 ofere ni\u0219te explica\u021bii procurorilor pentru jaful din banii publici din ultimii [&hellip;]","og_url":"https:\/\/buletin.de\/bucuresti\/clotilde-armand-validata-primar-al-sectorului-1-printr-o-sentinta-definitiva\/","og_site_name":"Buletin de Bucure\u0219ti","article_publisher":"https:\/\/www.facebook.com\/buletin.de.buc","article_published_time":"2020-10-27T15:07:09+00:00","article_modified_time":"2020-10-27T15:07:10+00:00","og_image":[{"width":1842,"height":1413,"url":"https:\/\/buletin.de\/bucuresti\/wp-content\/uploads\/119125193_3273120942763938_2689086356641805655_o.jpg","type":"image\/jpeg"}],"author":"Bianca Albu","twitter_card":"summary_large_image","twitter_misc":{"Written by":"Bianca Albu","Estimated reading time":"1 minute"},"schema":{"@context":"https:\/\/schema.org","@graph":[{"@type":"Article","@id":"https:\/\/buletin.de\/bucuresti\/clotilde-armand-validata-primar-al-sectorului-1-printr-o-sentinta-definitiva\/#article","isPartOf":{"@id":"https:\/\/buletin.de\/bucuresti\/clotilde-armand-validata-primar-al-sectorului-1-printr-o-sentinta-definitiva\/"},"author":{"name":"Bianca Albu","@id":"https:\/\/buletin.de\/bucuresti\/#\/schema\/person\/295dc2228d2dc79294d636619468dc7f"},"headline":"Clotilde Armand, validat\u0103 primar al sectorului 1 printr-o sentin\u021b\u0103 definitiv\u0103","datePublished":"2020-10-27T15:07:09+00:00","dateModified":"2020-10-27T15:07:10+00:00","mainEntityOfPage":{"@id":"https:\/\/buletin.de\/bucuresti\/clotilde-armand-validata-primar-al-sectorului-1-printr-o-sentinta-definitiva\/"},"wordCount":135,"publisher":{"@id":"https:\/\/buletin.de\/bucuresti\/#organization"},"image":{"@id":"https:\/\/buletin.de\/bucuresti\/clotilde-armand-validata-primar-al-sectorului-1-printr-o-sentinta-definitiva\/#primaryimage"},"thumbnailUrl":"https:\/\/buletin.de\/bucuresti\/wp-content\/uploads\/119125193_3273120942763938_2689086356641805655_o.jpg","keywords":["clotilde armand","Sector 1","validare mandat"],"articleSection":["Diverse"],"inLanguage":"en-GB","copyrightYear":"2020","copyrightHolder":{"@id":"https:\/\/buletin.de\/bucuresti\/#organization"}},{"@type":"WebPage","@id":"https:\/\/buletin.de\/bucuresti\/clotilde-armand-validata-primar-al-sectorului-1-printr-o-sentinta-definitiva\/","url":"https:\/\/buletin.de\/bucuresti\/clotilde-armand-validata-primar-al-sectorului-1-printr-o-sentinta-definitiva\/","name":"Clotilde Armand, validat\u0103 primar al sectorului 1 printr-o sentin\u021b\u0103 definitiv\u0103 - Buletin de Bucure\u0219ti","isPartOf":{"@id":"https:\/\/buletin.de\/bucuresti\/#website"},"primaryImageOfPage":{"@id":"https:\/\/buletin.de\/bucuresti\/clotilde-armand-validata-primar-al-sectorului-1-printr-o-sentinta-definitiva\/#primaryimage"},"image":{"@id":"https:\/\/buletin.de\/bucuresti\/clotilde-armand-validata-primar-al-sectorului-1-printr-o-sentinta-definitiva\/#primaryimage"},"thumbnailUrl":"https:\/\/buletin.de\/bucuresti\/wp-content\/uploads\/119125193_3273120942763938_2689086356641805655_o.jpg","datePublished":"2020-10-27T15:07:09+00:00","dateModified":"2020-10-27T15:07:10+00:00","breadcrumb":{"@id":"https:\/\/buletin.de\/bucuresti\/clotilde-armand-validata-primar-al-sectorului-1-printr-o-sentinta-definitiva\/#breadcrumb"},"inLanguage":"en-GB","potentialAction":[{"@type":"ReadAction","target":["https:\/\/buletin.de\/bucuresti\/clotilde-armand-validata-primar-al-sectorului-1-printr-o-sentinta-definitiva\/"]}]},{"@type":"ImageObject","inLanguage":"en-GB","@id":"https:\/\/buletin.de\/bucuresti\/clotilde-armand-validata-primar-al-sectorului-1-printr-o-sentinta-definitiva\/#primaryimage","url":"https:\/\/buletin.de\/bucuresti\/wp-content\/uploads\/119125193_3273120942763938_2689086356641805655_o.jpg","contentUrl":"https:\/\/buletin.de\/bucuresti\/wp-content\/uploads\/119125193_3273120942763938_2689086356641805655_o.jpg","width":1842,"height":1413},{"@type":"BreadcrumbList","@id":"https:\/\/buletin.de\/bucuresti\/clotilde-armand-validata-primar-al-sectorului-1-printr-o-sentinta-definitiva\/#breadcrumb","itemListElement":[{"@type":"ListItem","position":1,"name":"Acas\u0103","item":"https:\/\/buletin.de\/bucuresti\/"},{"@type":"ListItem","position":2,"name":"Clotilde Armand, validat\u0103 primar al sectorului 1 printr-o sentin\u021b\u0103 definitiv\u0103"}]},{"@type":"WebSite","@id":"https:\/\/buletin.de\/bucuresti\/#website","url":"https:\/\/buletin.de\/bucuresti\/","name":"Buletin de Bucure\u0219ti","description":"\u0218tiri \u0219i investiga\u021bii esen\u021biale din capital\u0103","publisher":{"@id":"https:\/\/buletin.de\/bucuresti\/#organization"},"potentialAction":[{"@type":"SearchAction","target":{"@type":"EntryPoint","urlTemplate":"https:\/\/buletin.de\/bucuresti\/?s={search_term_string}"},"query-input":{"@type":"PropertyValueSpecification","valueRequired":true,"valueName":"search_term_string"}}],"inLanguage":"en-GB"},{"@type":"Organization","@id":"https:\/\/buletin.de\/bucuresti\/#organization","name":"Buletin de Bucure\u0219ti","url":"https:\/\/buletin.de\/bucuresti\/","logo":{"@type":"ImageObject","inLanguage":"en-GB","@id":"https:\/\/buletin.de\/bucuresti\/#\/schema\/logo\/image\/","url":"https:\/\/buletin.de\/bucuresti\/wp-content\/uploads\/logo-bdb-full-wide-vernil-transparent.png","contentUrl":"https:\/\/buletin.de\/bucuresti\/wp-content\/uploads\/logo-bdb-full-wide-vernil-transparent.png","width":1782,"height":626,"caption":"Buletin de Bucure\u0219ti"},"image":{"@id":"https:\/\/buletin.de\/bucuresti\/#\/schema\/logo\/image\/"},"sameAs":["https:\/\/www.facebook.com\/buletin.de.buc","https:\/\/www.instagram.com\/buletinde.bucuresti\/"]},{"@type":"Person","@id":"https:\/\/buletin.de\/bucuresti\/#\/schema\/person\/295dc2228d2dc79294d636619468dc7f","name":"Bianca Albu","image":{"@type":"ImageObject","inLanguage":"en-GB","@id":"https:\/\/secure.gravatar.com\/avatar\/3df2e34e20f529e6fd7be4311ee1f7c4ec4aa886971590baf6fa214b15743516?s=96&d=monsterid&r=gf541c715eeec409ce8101252a3c0d8a7","url":"https:\/\/secure.gravatar.com\/avatar\/3df2e34e20f529e6fd7be4311ee1f7c4ec4aa886971590baf6fa214b15743516?s=96&d=monsterid&r=g","contentUrl":"https:\/\/secure.gravatar.com\/avatar\/3df2e34e20f529e6fd7be4311ee1f7c4ec4aa886971590baf6fa214b15743516?s=96&d=monsterid&r=g","caption":"Bianca Albu"},"description":"Reporter","url":"https:\/\/buletin.de\/bucuresti\/author\/biancaalbu\/"}]}},"authors":[{"term_id":22588,"user_id":6,"is_guest":0,"slug":"biancaalbu","display_name":"Bianca Albu","avatar_url":"https:\/\/secure.gravatar.com\/avatar\/3df2e34e20f529e6fd7be4311ee1f7c4ec4aa886971590baf6fa214b15743516?s=96&d=monsterid&r=g","0":null,"1":"","2":"","3":"","4":"","5":"","6":"","7":"","8":""}],"_links":{"self":[{"href":"https:\/\/buletin.de\/bucuresti\/wp-json\/wp\/v2\/posts\/14395","targetHints":{"allow":["GET"]}}],"collection":[{"href":"https:\/\/buletin.de\/bucuresti\/wp-json\/wp\/v2\/posts"}],"about":[{"href":"https:\/\/buletin.de\/bucuresti\/wp-json\/wp\/v2\/types\/post"}],"author":[{"embeddable":true,"href":"https:\/\/buletin.de\/bucuresti\/wp-json\/wp\/v2\/users\/6"}],"replies":[{"embeddable":true,"href":"https:\/\/buletin.de\/bucuresti\/wp-json\/wp\/v2\/comments?post=14395"}],"version-history":[{"count":4,"href":"https:\/\/buletin.de\/bucuresti\/wp-json\/wp\/v2\/posts\/14395\/revisions"}],"predecessor-version":[{"id":14400,"href":"https:\/\/buletin.de\/bucuresti\/wp-json\/wp\/v2\/posts\/14395\/revisions\/14400"}],"wp:featuredmedia":[{"embeddable":true,"href":"https:\/\/buletin.de\/bucuresti\/wp-json\/wp\/v2\/media\/14396"}],"wp:attachment":[{"href":"https:\/\/buletin.de\/bucuresti\/wp-json\/wp\/v2\/media?parent=14395"}],"wp:term":[{"taxonomy":"category","embeddable":true,"href":"https:\/\/buletin.de\/bucuresti\/wp-json\/wp\/v2\/categories?post=14395"},{"taxonomy":"post_tag","embeddable":true,"href":"https:\/\/buletin.de\/bucuresti\/wp-json\/wp\/v2\/tags?post=14395"},{"taxonomy":"author","embeddable":true,"href":"https:\/\/buletin.de\/bucuresti\/wp-json\/wp\/v2\/ppma_author?post=14395"}],"curies":[{"name":"wp","href":"https:\/\/api.w.org\/{rel}","templated":true}]}}