{"id":143776,"date":"2025-08-16T10:02:36","date_gmt":"2025-08-16T07:02:36","guid":{"rendered":"https:\/\/buletin.de\/bucuresti\/?p=143776"},"modified":"2025-08-16T14:53:31","modified_gmt":"2025-08-16T11:53:31","slug":"amenzi-pentru-banda-speciala-de-autobuz-de-pe-bulevardul-uverturii","status":"publish","type":"post","link":"https:\/\/buletin.de\/bucuresti\/amenzi-pentru-banda-speciala-de-autobuz-de-pe-bulevardul-uverturii\/","title":{"rendered":"Amenzi pentru banda special\u0103 de autobuz, de pe Bulevardul Uverturii\u00a0"},"content":{"rendered":"\n<p><strong>Brigada Rutier\u0103, al\u0103turi de\u00a0Poli\u0163ia Local\u0103 Sector 6, au avut joi, 14 august, o ac\u021biune comun\u0103 pentru a vedea dac\u0103 \u0219oferii respect\u0103 regulile de circula\u021bie, pe Bulevardul Uverturii. \u00cen decurs de o or\u0103, au dat \u0219ase amenzi pentru cei care au intrat pe banda special\u0103 de autobuz.<\/strong><\/p>\n\n\n\n<p>Poli\u021bi\u0219tii de la <a href=\"https:\/\/bpr.politiaromana.ro\/\" target=\"_blank\" rel=\"noreferrer noopener\">Brigada Rutier\u0103<\/a> precizeaz\u0103 c\u0103 \u0219oferii, care aU \u00eenc\u0103lcat legea, au fost sanc\u021biona\u021bi cu avertisment sau cu 6\u20118 puncte de amend\u0103, adic\u0103 1.215 &#8211; 1.620 de lei.<\/p>\n\n\n\n<figure class=\"wp-block-gallery has-nested-images columns-default is-cropped wp-block-gallery-1 is-layout-flex wp-block-gallery-is-layout-flex\">\n<figure class=\"wp-block-image size-large\"><img fetchpriority=\"high\" decoding=\"async\" width=\"1000\" height=\"667\" data-id=\"143785\" src=\"data:image\/gif;base64,R0lGODlhAQABAAAAACH5BAEKAAEALAAAAAABAAEAAAICTAEAOw==\" data-src=\"https:\/\/buletin.de\/bucuresti\/wp-content\/uploads\/2025\/08\/534278691_1179204617570807_5286598434456080527_n-1000x667.jpg\" alt=\"Amenzi pentru banda special\u0103\" class=\"wp-image-143785 lazyload\" data-sizes=\"auto\" data-srcset=\"https:\/\/buletin.de\/bucuresti\/wp-content\/uploads\/2025\/08\/534278691_1179204617570807_5286598434456080527_n-1000x667.jpg 1000w, https:\/\/buletin.de\/bucuresti\/wp-content\/uploads\/2025\/08\/534278691_1179204617570807_5286598434456080527_n-300x200.jpg 300w, https:\/\/buletin.de\/bucuresti\/wp-content\/uploads\/2025\/08\/534278691_1179204617570807_5286598434456080527_n-768x512.jpg 768w, https:\/\/buletin.de\/bucuresti\/wp-content\/uploads\/2025\/08\/534278691_1179204617570807_5286598434456080527_n-1536x1024.jpg 1536w, https:\/\/buletin.de\/bucuresti\/wp-content\/uploads\/2025\/08\/534278691_1179204617570807_5286598434456080527_n-1600x1066.jpg 1600w, https:\/\/buletin.de\/bucuresti\/wp-content\/uploads\/2025\/08\/534278691_1179204617570807_5286598434456080527_n-1100x733.jpg 1100w, https:\/\/buletin.de\/bucuresti\/wp-content\/uploads\/2025\/08\/534278691_1179204617570807_5286598434456080527_n-600x400.jpg 600w, https:\/\/buletin.de\/bucuresti\/wp-content\/uploads\/2025\/08\/534278691_1179204617570807_5286598434456080527_n-20x13.jpg 20w, https:\/\/buletin.de\/bucuresti\/wp-content\/uploads\/2025\/08\/534278691_1179204617570807_5286598434456080527_n.jpg 2048w\" sizes=\"(max-width: 1000px) 100vw, 1000px\" \/><\/figure>\n\n\n\n<figure class=\"wp-block-image size-large\"><img decoding=\"async\" width=\"1000\" height=\"667\" data-id=\"143783\" src=\"data:image\/gif;base64,R0lGODlhAQABAAAAACH5BAEKAAEALAAAAAABAAEAAAICTAEAOw==\" data-src=\"https:\/\/buletin.de\/bucuresti\/wp-content\/uploads\/2025\/08\/532266816_1179204414237494_8514136243028828607_n-1000x667.jpg\" alt=\"\" class=\"wp-image-143783 lazyload\" data-sizes=\"auto\" data-srcset=\"https:\/\/buletin.de\/bucuresti\/wp-content\/uploads\/2025\/08\/532266816_1179204414237494_8514136243028828607_n-1000x667.jpg 1000w, https:\/\/buletin.de\/bucuresti\/wp-content\/uploads\/2025\/08\/532266816_1179204414237494_8514136243028828607_n-300x200.jpg 300w, https:\/\/buletin.de\/bucuresti\/wp-content\/uploads\/2025\/08\/532266816_1179204414237494_8514136243028828607_n-768x512.jpg 768w, https:\/\/buletin.de\/bucuresti\/wp-content\/uploads\/2025\/08\/532266816_1179204414237494_8514136243028828607_n-1536x1024.jpg 1536w, https:\/\/buletin.de\/bucuresti\/wp-content\/uploads\/2025\/08\/532266816_1179204414237494_8514136243028828607_n-1600x1066.jpg 1600w, https:\/\/buletin.de\/bucuresti\/wp-content\/uploads\/2025\/08\/532266816_1179204414237494_8514136243028828607_n-1100x733.jpg 1100w, https:\/\/buletin.de\/bucuresti\/wp-content\/uploads\/2025\/08\/532266816_1179204414237494_8514136243028828607_n-600x400.jpg 600w, https:\/\/buletin.de\/bucuresti\/wp-content\/uploads\/2025\/08\/532266816_1179204414237494_8514136243028828607_n-20x13.jpg 20w, https:\/\/buletin.de\/bucuresti\/wp-content\/uploads\/2025\/08\/532266816_1179204414237494_8514136243028828607_n.jpg 2048w\" sizes=\"(max-width: 1000px) 100vw, 1000px\" \/><\/figure>\n\n\n\n<figure class=\"wp-block-image size-large\"><img decoding=\"async\" width=\"1000\" height=\"667\" data-id=\"143786\" src=\"data:image\/gif;base64,R0lGODlhAQABAAAAACH5BAEKAAEALAAAAAABAAEAAAICTAEAOw==\" data-src=\"https:\/\/buletin.de\/bucuresti\/wp-content\/uploads\/2025\/08\/531774187_1179204347570834_2636191781312313900_n-1000x667.jpg\" alt=\"Amenzi pentru banda special\u0103\" class=\"wp-image-143786 lazyload\" data-sizes=\"auto\" data-srcset=\"https:\/\/buletin.de\/bucuresti\/wp-content\/uploads\/2025\/08\/531774187_1179204347570834_2636191781312313900_n-1000x667.jpg 1000w, https:\/\/buletin.de\/bucuresti\/wp-content\/uploads\/2025\/08\/531774187_1179204347570834_2636191781312313900_n-300x200.jpg 300w, https:\/\/buletin.de\/bucuresti\/wp-content\/uploads\/2025\/08\/531774187_1179204347570834_2636191781312313900_n-768x512.jpg 768w, https:\/\/buletin.de\/bucuresti\/wp-content\/uploads\/2025\/08\/531774187_1179204347570834_2636191781312313900_n-1536x1024.jpg 1536w, https:\/\/buletin.de\/bucuresti\/wp-content\/uploads\/2025\/08\/531774187_1179204347570834_2636191781312313900_n-1600x1066.jpg 1600w, https:\/\/buletin.de\/bucuresti\/wp-content\/uploads\/2025\/08\/531774187_1179204347570834_2636191781312313900_n-1100x733.jpg 1100w, https:\/\/buletin.de\/bucuresti\/wp-content\/uploads\/2025\/08\/531774187_1179204347570834_2636191781312313900_n-600x400.jpg 600w, https:\/\/buletin.de\/bucuresti\/wp-content\/uploads\/2025\/08\/531774187_1179204347570834_2636191781312313900_n-20x13.jpg 20w, https:\/\/buletin.de\/bucuresti\/wp-content\/uploads\/2025\/08\/531774187_1179204347570834_2636191781312313900_n.jpg 2048w\" sizes=\"(max-width: 1000px) 100vw, 1000px\" \/><\/figure>\n\n\n\n<figure class=\"wp-block-image size-large\"><img loading=\"lazy\" decoding=\"async\" width=\"1000\" height=\"667\" data-id=\"143784\" src=\"data:image\/gif;base64,R0lGODlhAQABAAAAACH5BAEKAAEALAAAAAABAAEAAAICTAEAOw==\" data-src=\"https:\/\/buletin.de\/bucuresti\/wp-content\/uploads\/2025\/08\/531413222_1179204557570813_2830033631575721232_n-1000x667.jpg\" alt=\"Amenzi pentru banda special\u0103\" class=\"wp-image-143784 lazyload\" data-sizes=\"auto\" data-srcset=\"https:\/\/buletin.de\/bucuresti\/wp-content\/uploads\/2025\/08\/531413222_1179204557570813_2830033631575721232_n-1000x667.jpg 1000w, https:\/\/buletin.de\/bucuresti\/wp-content\/uploads\/2025\/08\/531413222_1179204557570813_2830033631575721232_n-300x200.jpg 300w, https:\/\/buletin.de\/bucuresti\/wp-content\/uploads\/2025\/08\/531413222_1179204557570813_2830033631575721232_n-768x512.jpg 768w, https:\/\/buletin.de\/bucuresti\/wp-content\/uploads\/2025\/08\/531413222_1179204557570813_2830033631575721232_n-1536x1024.jpg 1536w, https:\/\/buletin.de\/bucuresti\/wp-content\/uploads\/2025\/08\/531413222_1179204557570813_2830033631575721232_n-1600x1066.jpg 1600w, https:\/\/buletin.de\/bucuresti\/wp-content\/uploads\/2025\/08\/531413222_1179204557570813_2830033631575721232_n-1100x733.jpg 1100w, https:\/\/buletin.de\/bucuresti\/wp-content\/uploads\/2025\/08\/531413222_1179204557570813_2830033631575721232_n-600x400.jpg 600w, https:\/\/buletin.de\/bucuresti\/wp-content\/uploads\/2025\/08\/531413222_1179204557570813_2830033631575721232_n-20x13.jpg 20w, https:\/\/buletin.de\/bucuresti\/wp-content\/uploads\/2025\/08\/531413222_1179204557570813_2830033631575721232_n.jpg 2048w\" sizes=\"(max-width: 1000px) 100vw, 1000px\" \/><figcaption class=\"wp-element-caption\">Amenzi pentru banda special\u0103 de autobuz. Foto PS 6<\/figcaption><\/figure>\n<\/figure>\n\n\n\n<p>Autoritatea local\u0103 avertizeaz\u0103 c\u0103 astfel de ac\u021biuni comune vor mai avea loc, \u00een perioada urm\u0103toare.&nbsp;<\/p>\n\n\n\n<p><strong>CITE\u0218TE \u0218I: <a href=\"https:\/\/buletin.de\/bucuresti\/43-de-scoli-si-gradinite-se-renoveaza-in-sectorul-6\/\" target=\"_blank\" rel=\"noreferrer noopener\">Sector 6 | Care sunt cele 43 de \u0219coli \u0219i gr\u0103dini\u021be renovate pentru noul an \u0219colar<\/a><\/strong><\/p>\n\n\n\n<h2 class=\"wp-block-heading\" id=\"h-amenzi-pentru-banda-speciala-patru-linii-stb-circula-de-la-dezrobirii-pana-la-virtu\u021bii\">Amenzi pentru banda special\u0103. Patru linii STB circul\u0103 de la Dezrobirii p\u00e2n\u0103 la Virtu\u021bii<\/h2>\n\n\n\n<p><strong>Banda special\u0103 de autobuz s-a deschis mar\u021bi, 5 august, pe Bulevardul Uverturii. Prim\u0103ria Sectorului 6 a anun\u021bat c\u0103 liniile 106, 178, 434, 483 vor circula de la Dezrobirii p\u00e2n\u0103 la Virtu\u021bii.<\/strong><\/p>\n\n\n\n<p>Autoritatea local\u0103 a retrasat \u00eentreaga arter\u0103, astfel c\u0103 cei care locuiesc \u00een Militari, \u00een zona Apusului \/ Cerni\u0219oara spre Uverturii \u0219i mai ales cei care locuiesc \u00een comuna Chiajna vor putea folosi mijloacele de transport ale STB.<\/p>\n\n\n\n<p>Bulevardul Uverturii din Sectorul 6 va fi reabilitat, la nivelul trotuarelor \u0219i al p\u0103r\u021bilor de strad\u0103 care necesit\u0103 lucr\u0103ri de interven\u021bii, pentru a asigura c\u0103 circula\u021bia din zon\u0103 se desf\u0103\u0219oar\u0103 \u00een condi\u021bii de siguran\u021b\u0103, iar traficul s\u0103 fie mai fluidizat.<\/p>\n\n\n\n<p>\u00cen plus, lucr\u0103rile vor ajuta ca traficul auto din zon\u0103 s\u0103 se desf\u0103\u0219oare \u00een condi\u021bii de circula\u021bie normale.<\/p>\n\n\n\n<p>Mai mult, repara\u021biile vizeaz\u0103 \u0219i accesul facil al riveranilor la propriet\u0103\u021bi \u0219i c\u0103tre locurile de parcare, dar \u0219i al pietonilor la \u201eunit\u0103\u021bi cu profil alimentar, educa\u021bional \u0219i recreativ\u201d.<\/p>\n\n\n\n<p>Bulevardul Uverturii este principala arter\u0103 care leag\u0103 comuna Chiajna de Capital\u0103, iar traficul se \u00eengreuneaz\u0103 \u00een aceast\u0103 zon\u0103. Proiectul propune, \u0219i din acest motiv, s\u0103 demareze lucr\u0103rile de fluidizare a traficului.<\/p>\n\n\n\n<p>\u00cen raportul de specialitate al proiectului mai este men\u021bionat faptul c\u0103 \u201esistemul rutier va aduce beneficii importante prin eliminarea polu\u0103rii, prafului, b\u0103ltirii apelor pluviale, prin \u00eenfrumuse\u0163area amplasamentului \u015fi implicit dezvoltarea zonei\u201d.<\/p>\n\n\n\n<p><strong>CITE\u0218TE \u0218I: <a href=\"https:\/\/buletin.de\/bucuresti\/cum-se-colecteaza-deseurile-voluminoase-in-sectorul-6\/\" target=\"_blank\" rel=\"noreferrer noopener\">Sector 6 | Cum se colecteaz\u0103 de\u0219eurile voluminoase<\/a><\/strong><\/p>\n\n\n\n<h2 class=\"wp-block-heading\" id=\"h-caracteristicile-bulevardului-uverturii\">Caracteristicile Bulevardului Uverturii<\/h2>\n\n\n\n<p>Lucr\u0103rile de repara\u021bii de pe bulevard vizeaz\u0103 1,7 km din arter\u0103. L\u0103\u021bimea este constituit\u0103 dintr-o parte carosabil\u0103 de 11,5-12,5 metri. Trotuarele sunt amplasate pe ambele p\u0103r\u021bi ale drumului \u0219i au o l\u0103\u021bime care variaz\u0103 \u00eentre 1,3 \u0219i 7,65 de metri.<\/p>\n\n\n\n<p>Partea carosabil\u0103 este realizat\u0103 din straturi de mixturi asfaltice \u201ecare prezint\u0103 zone tasate, ced\u0103ri ale funda\u021biei unde apa stagneaz\u0103, faian\u021b\u0103ri, plombe necorespunz\u0103toare \u0219i gropi\u201d.<\/p>\n\n\n\n<p>\u0218i trotuarele au probleme asem\u0103n\u0103toare, \u201eprezint\u0103 zone tasate, numeroase suprafe\u021be plombate, cu suprafe\u021be exfoliate, faian\u021b\u0103ri, interven\u021bii \u0219i repara\u021bii \u00een zona re\u021belelor de utilit\u0103\u021bi iar suprafa\u021ba este \u00eemb\u0103tr\u00e2nit\u0103\u201d.<\/p>\n\n\n\n<p>Lucr\u0103rile anterioare, dup\u0103 cum este men\u021bionat \u00een raport, au fost f\u0103cute necorespunz\u0103tor, av\u00e2nd probleme la structura rutier\u0103 \u0219i la bordurile la care s-a folosit un tip de beton care nu a rezistat.<\/p>\n\n\n\n<p><strong>CITE\u0218TE \u0218I: <a href=\"https:\/\/buletin.de\/bucuresti\/doua-crese-noi\/\" target=\"_blank\" rel=\"noreferrer noopener\">Sector 6 | Dou\u0103 cre\u015fe noi vor fi construite de la zero<\/a><\/strong><\/p>\n\n\n\n<p><\/p>\n","protected":false},"excerpt":{"rendered":"<p>Brigada Rutier\u0103, al\u0103turi de\u00a0Poli\u0163ia Local\u0103 Sector 6, au avut joi, 14 august, o ac\u021biune comun\u0103 pentru a vedea dac\u0103 \u0219oferii respect\u0103 regulile de circula\u021bie, pe Bulevardul Uverturii. \u00cen decurs de o or\u0103, au dat \u0219ase amenzi pentru cei care au intrat pe banda special\u0103 de autobuz. Poli\u021bi\u0219tii de la Brigada Rutier\u0103 precizeaz\u0103 c\u0103 \u0219oferii, care [&hellip;]<\/p>\n","protected":false},"author":49,"featured_media":143778,"comment_status":"closed","ping_status":"open","sticky":false,"template":"","format":"standard","meta":{"_acf_changed":false,"inline_featured_image":false,"ngg_post_thumbnail":0,"footnotes":""},"categories":[6994,5762,24],"tags":[7368,13715,17165,3659],"ppma_author":[22574],"class_list":["post-143776","post","type-post","status-publish","format-standard","has-post-thumbnail","hentry","category-stiri-2","category-main","category-primarie","tag-bd-uverturii","tag-brigada-rutiera-a-capitalei","tag-politia-locala-a-sectorului-6","tag-ps6"],"acf":[],"yoast_head":"<!-- This site is optimized with the Yoast SEO Premium plugin v25.3 (Yoast SEO v27.4) - https:\/\/yoast.com\/product\/yoast-seo-premium-wordpress\/ -->\n<title>Amenzi pentru banda special\u0103 de autobuz, de pe Bulevardul Uverturii\u00a0 - Buletin de Bucure\u0219ti<\/title>\n<meta name=\"description\" content=\"\u00cen decurs de o or\u0103, au dat \u0219ase amenzi pentru cei care au intrat pe banda special\u0103 de autobuz de pe Bulevardul Uverturii.\" \/>\n<meta name=\"robots\" content=\"index, follow, max-snippet:-1, max-image-preview:large, max-video-preview:-1\" \/>\n<link rel=\"canonical\" href=\"https:\/\/buletin.de\/bucuresti\/amenzi-pentru-banda-speciala-de-autobuz-de-pe-bulevardul-uverturii\/\" \/>\n<meta property=\"og:locale\" content=\"en_GB\" \/>\n<meta property=\"og:type\" content=\"article\" \/>\n<meta property=\"og:title\" content=\"Amenzi pentru banda special\u0103 de autobuz, de pe Bulevardul Uverturii\u00a0\" \/>\n<meta property=\"og:description\" content=\"\u00cen decurs de o or\u0103, au dat \u0219ase amenzi pentru cei care au intrat pe banda special\u0103 de autobuz de pe Bulevardul Uverturii.\" \/>\n<meta property=\"og:url\" content=\"https:\/\/buletin.de\/bucuresti\/amenzi-pentru-banda-speciala-de-autobuz-de-pe-bulevardul-uverturii\/\" \/>\n<meta property=\"og:site_name\" content=\"Buletin de Bucure\u0219ti\" \/>\n<meta property=\"article:publisher\" content=\"https:\/\/www.facebook.com\/buletin.de.buc\" \/>\n<meta property=\"article:published_time\" content=\"2025-08-16T07:02:36+00:00\" \/>\n<meta property=\"article:modified_time\" content=\"2025-08-16T11:53:31+00:00\" \/>\n<meta property=\"og:image\" content=\"https:\/\/buletin.de\/bucuresti\/wp-content\/uploads\/2025\/08\/533245279_1179204064237529_409848760043313980_n_0.jpg\" \/>\n\t<meta property=\"og:image:width\" content=\"2048\" \/>\n\t<meta property=\"og:image:height\" content=\"1366\" \/>\n\t<meta property=\"og:image:type\" content=\"image\/jpeg\" \/>\n<meta name=\"author\" content=\"Diana Matei\" \/>\n<meta name=\"twitter:card\" content=\"summary_large_image\" \/>\n<meta name=\"twitter:label1\" content=\"Written by\" \/>\n\t<meta name=\"twitter:data1\" content=\"Diana Matei\" \/>\n\t<meta name=\"twitter:label2\" content=\"Estimated reading time\" \/>\n\t<meta name=\"twitter:data2\" content=\"4 minutes\" \/>\n<script type=\"application\/ld+json\" class=\"yoast-schema-graph\">{\"@context\":\"https:\\\/\\\/schema.org\",\"@graph\":[{\"@type\":\"Article\",\"@id\":\"https:\\\/\\\/buletin.de\\\/bucuresti\\\/amenzi-pentru-banda-speciala-de-autobuz-de-pe-bulevardul-uverturii\\\/#article\",\"isPartOf\":{\"@id\":\"https:\\\/\\\/buletin.de\\\/bucuresti\\\/amenzi-pentru-banda-speciala-de-autobuz-de-pe-bulevardul-uverturii\\\/\"},\"author\":{\"name\":\"Diana Matei\",\"@id\":\"https:\\\/\\\/buletin.de\\\/bucuresti\\\/#\\\/schema\\\/person\\\/7e46040573290777280a0835d81ea4ea\"},\"headline\":\"Amenzi pentru banda special\u0103 de autobuz, de pe Bulevardul Uverturii\u00a0\",\"datePublished\":\"2025-08-16T07:02:36+00:00\",\"dateModified\":\"2025-08-16T11:53:31+00:00\",\"mainEntityOfPage\":{\"@id\":\"https:\\\/\\\/buletin.de\\\/bucuresti\\\/amenzi-pentru-banda-speciala-de-autobuz-de-pe-bulevardul-uverturii\\\/\"},\"wordCount\":559,\"publisher\":{\"@id\":\"https:\\\/\\\/buletin.de\\\/bucuresti\\\/#organization\"},\"image\":{\"@id\":\"https:\\\/\\\/buletin.de\\\/bucuresti\\\/amenzi-pentru-banda-speciala-de-autobuz-de-pe-bulevardul-uverturii\\\/#primaryimage\"},\"thumbnailUrl\":\"https:\\\/\\\/buletin.de\\\/bucuresti\\\/wp-content\\\/uploads\\\/2025\\\/08\\\/533245279_1179204064237529_409848760043313980_n_0.jpg\",\"keywords\":[\"Bd. Uverturii\",\"brigada rutiera a capitalei\",\"politia locala a sectorului 6\",\"PS6\"],\"articleSection\":[\"Articole\",\"Main\",\"Prim\u0103rie\"],\"inLanguage\":\"en-GB\",\"copyrightYear\":\"2025\",\"copyrightHolder\":{\"@id\":\"https:\\\/\\\/buletin.de\\\/bucuresti\\\/#organization\"}},{\"@type\":\"WebPage\",\"@id\":\"https:\\\/\\\/buletin.de\\\/bucuresti\\\/amenzi-pentru-banda-speciala-de-autobuz-de-pe-bulevardul-uverturii\\\/\",\"url\":\"https:\\\/\\\/buletin.de\\\/bucuresti\\\/amenzi-pentru-banda-speciala-de-autobuz-de-pe-bulevardul-uverturii\\\/\",\"name\":\"Amenzi pentru banda special\u0103 de autobuz, de pe Bulevardul Uverturii\u00a0 - Buletin de Bucure\u0219ti\",\"isPartOf\":{\"@id\":\"https:\\\/\\\/buletin.de\\\/bucuresti\\\/#website\"},\"primaryImageOfPage\":{\"@id\":\"https:\\\/\\\/buletin.de\\\/bucuresti\\\/amenzi-pentru-banda-speciala-de-autobuz-de-pe-bulevardul-uverturii\\\/#primaryimage\"},\"image\":{\"@id\":\"https:\\\/\\\/buletin.de\\\/bucuresti\\\/amenzi-pentru-banda-speciala-de-autobuz-de-pe-bulevardul-uverturii\\\/#primaryimage\"},\"thumbnailUrl\":\"https:\\\/\\\/buletin.de\\\/bucuresti\\\/wp-content\\\/uploads\\\/2025\\\/08\\\/533245279_1179204064237529_409848760043313980_n_0.jpg\",\"datePublished\":\"2025-08-16T07:02:36+00:00\",\"dateModified\":\"2025-08-16T11:53:31+00:00\",\"description\":\"\u00cen decurs de o or\u0103, au dat \u0219ase amenzi pentru cei care au intrat pe banda special\u0103 de autobuz de pe Bulevardul Uverturii.\",\"breadcrumb\":{\"@id\":\"https:\\\/\\\/buletin.de\\\/bucuresti\\\/amenzi-pentru-banda-speciala-de-autobuz-de-pe-bulevardul-uverturii\\\/#breadcrumb\"},\"inLanguage\":\"en-GB\",\"potentialAction\":[{\"@type\":\"ReadAction\",\"target\":[\"https:\\\/\\\/buletin.de\\\/bucuresti\\\/amenzi-pentru-banda-speciala-de-autobuz-de-pe-bulevardul-uverturii\\\/\"]}]},{\"@type\":\"ImageObject\",\"inLanguage\":\"en-GB\",\"@id\":\"https:\\\/\\\/buletin.de\\\/bucuresti\\\/amenzi-pentru-banda-speciala-de-autobuz-de-pe-bulevardul-uverturii\\\/#primaryimage\",\"url\":\"https:\\\/\\\/buletin.de\\\/bucuresti\\\/wp-content\\\/uploads\\\/2025\\\/08\\\/533245279_1179204064237529_409848760043313980_n_0.jpg\",\"contentUrl\":\"https:\\\/\\\/buletin.de\\\/bucuresti\\\/wp-content\\\/uploads\\\/2025\\\/08\\\/533245279_1179204064237529_409848760043313980_n_0.jpg\",\"width\":2048,\"height\":1366,\"caption\":\"Amenzi pentru cei care circul\u0103 pe banda special\u0103 de autobuz, de pe Bulevardul Uverturii. FOTO: PS6\"},{\"@type\":\"BreadcrumbList\",\"@id\":\"https:\\\/\\\/buletin.de\\\/bucuresti\\\/amenzi-pentru-banda-speciala-de-autobuz-de-pe-bulevardul-uverturii\\\/#breadcrumb\",\"itemListElement\":[{\"@type\":\"ListItem\",\"position\":1,\"name\":\"Acas\u0103\",\"item\":\"https:\\\/\\\/buletin.de\\\/bucuresti\\\/\"},{\"@type\":\"ListItem\",\"position\":2,\"name\":\"Amenzi pentru banda special\u0103 de autobuz, de pe Bulevardul Uverturii\u00a0\"}]},{\"@type\":\"WebSite\",\"@id\":\"https:\\\/\\\/buletin.de\\\/bucuresti\\\/#website\",\"url\":\"https:\\\/\\\/buletin.de\\\/bucuresti\\\/\",\"name\":\"Buletin de Bucure\u0219ti\",\"description\":\"\u0218tiri \u0219i investiga\u021bii esen\u021biale din capital\u0103\",\"publisher\":{\"@id\":\"https:\\\/\\\/buletin.de\\\/bucuresti\\\/#organization\"},\"potentialAction\":[{\"@type\":\"SearchAction\",\"target\":{\"@type\":\"EntryPoint\",\"urlTemplate\":\"https:\\\/\\\/buletin.de\\\/bucuresti\\\/?s={search_term_string}\"},\"query-input\":{\"@type\":\"PropertyValueSpecification\",\"valueRequired\":true,\"valueName\":\"search_term_string\"}}],\"inLanguage\":\"en-GB\"},{\"@type\":\"Organization\",\"@id\":\"https:\\\/\\\/buletin.de\\\/bucuresti\\\/#organization\",\"name\":\"Buletin de Bucure\u0219ti\",\"url\":\"https:\\\/\\\/buletin.de\\\/bucuresti\\\/\",\"logo\":{\"@type\":\"ImageObject\",\"inLanguage\":\"en-GB\",\"@id\":\"https:\\\/\\\/buletin.de\\\/bucuresti\\\/#\\\/schema\\\/logo\\\/image\\\/\",\"url\":\"https:\\\/\\\/buletin.de\\\/bucuresti\\\/wp-content\\\/uploads\\\/logo-bdb-full-wide-vernil-transparent.png\",\"contentUrl\":\"https:\\\/\\\/buletin.de\\\/bucuresti\\\/wp-content\\\/uploads\\\/logo-bdb-full-wide-vernil-transparent.png\",\"width\":1782,\"height\":626,\"caption\":\"Buletin de Bucure\u0219ti\"},\"image\":{\"@id\":\"https:\\\/\\\/buletin.de\\\/bucuresti\\\/#\\\/schema\\\/logo\\\/image\\\/\"},\"sameAs\":[\"https:\\\/\\\/www.facebook.com\\\/buletin.de.buc\",\"https:\\\/\\\/www.instagram.com\\\/buletinde.bucuresti\\\/\"]},{\"@type\":\"Person\",\"@id\":\"https:\\\/\\\/buletin.de\\\/bucuresti\\\/#\\\/schema\\\/person\\\/7e46040573290777280a0835d81ea4ea\",\"name\":\"Diana Matei\",\"image\":{\"@type\":\"ImageObject\",\"inLanguage\":\"en-GB\",\"@id\":\"https:\\\/\\\/buletin.de\\\/bucuresti\\\/wp-content\\\/uploads\\\/9-2-96x96.jpg1e8590b30871d70e62ebcdaf2eff570c\",\"url\":\"https:\\\/\\\/buletin.de\\\/bucuresti\\\/wp-content\\\/uploads\\\/9-2-96x96.jpg\",\"contentUrl\":\"https:\\\/\\\/buletin.de\\\/bucuresti\\\/wp-content\\\/uploads\\\/9-2-96x96.jpg\",\"caption\":\"Diana Matei\"},\"url\":\"https:\\\/\\\/buletin.de\\\/bucuresti\\\/author\\\/dianamatei\\\/\"}]}<\/script>\n<!-- \/ Yoast SEO Premium plugin. -->","yoast_head_json":{"title":"Amenzi pentru banda special\u0103 de autobuz, de pe Bulevardul Uverturii\u00a0 - Buletin de Bucure\u0219ti","description":"\u00cen decurs de o or\u0103, au dat \u0219ase amenzi pentru cei care au intrat pe banda special\u0103 de autobuz de pe Bulevardul Uverturii.","robots":{"index":"index","follow":"follow","max-snippet":"max-snippet:-1","max-image-preview":"max-image-preview:large","max-video-preview":"max-video-preview:-1"},"canonical":"https:\/\/buletin.de\/bucuresti\/amenzi-pentru-banda-speciala-de-autobuz-de-pe-bulevardul-uverturii\/","og_locale":"en_GB","og_type":"article","og_title":"Amenzi pentru banda special\u0103 de autobuz, de pe Bulevardul Uverturii\u00a0","og_description":"\u00cen decurs de o or\u0103, au dat \u0219ase amenzi pentru cei care au intrat pe banda special\u0103 de autobuz de pe Bulevardul Uverturii.","og_url":"https:\/\/buletin.de\/bucuresti\/amenzi-pentru-banda-speciala-de-autobuz-de-pe-bulevardul-uverturii\/","og_site_name":"Buletin de Bucure\u0219ti","article_publisher":"https:\/\/www.facebook.com\/buletin.de.buc","article_published_time":"2025-08-16T07:02:36+00:00","article_modified_time":"2025-08-16T11:53:31+00:00","og_image":[{"width":2048,"height":1366,"url":"https:\/\/buletin.de\/bucuresti\/wp-content\/uploads\/2025\/08\/533245279_1179204064237529_409848760043313980_n_0.jpg","type":"image\/jpeg"}],"author":"Diana Matei","twitter_card":"summary_large_image","twitter_misc":{"Written by":"Diana Matei","Estimated reading time":"4 minutes"},"schema":{"@context":"https:\/\/schema.org","@graph":[{"@type":"Article","@id":"https:\/\/buletin.de\/bucuresti\/amenzi-pentru-banda-speciala-de-autobuz-de-pe-bulevardul-uverturii\/#article","isPartOf":{"@id":"https:\/\/buletin.de\/bucuresti\/amenzi-pentru-banda-speciala-de-autobuz-de-pe-bulevardul-uverturii\/"},"author":{"name":"Diana Matei","@id":"https:\/\/buletin.de\/bucuresti\/#\/schema\/person\/7e46040573290777280a0835d81ea4ea"},"headline":"Amenzi pentru banda special\u0103 de autobuz, de pe Bulevardul Uverturii\u00a0","datePublished":"2025-08-16T07:02:36+00:00","dateModified":"2025-08-16T11:53:31+00:00","mainEntityOfPage":{"@id":"https:\/\/buletin.de\/bucuresti\/amenzi-pentru-banda-speciala-de-autobuz-de-pe-bulevardul-uverturii\/"},"wordCount":559,"publisher":{"@id":"https:\/\/buletin.de\/bucuresti\/#organization"},"image":{"@id":"https:\/\/buletin.de\/bucuresti\/amenzi-pentru-banda-speciala-de-autobuz-de-pe-bulevardul-uverturii\/#primaryimage"},"thumbnailUrl":"https:\/\/buletin.de\/bucuresti\/wp-content\/uploads\/2025\/08\/533245279_1179204064237529_409848760043313980_n_0.jpg","keywords":["Bd. Uverturii","brigada rutiera a capitalei","politia locala a sectorului 6","PS6"],"articleSection":["Articole","Main","Prim\u0103rie"],"inLanguage":"en-GB","copyrightYear":"2025","copyrightHolder":{"@id":"https:\/\/buletin.de\/bucuresti\/#organization"}},{"@type":"WebPage","@id":"https:\/\/buletin.de\/bucuresti\/amenzi-pentru-banda-speciala-de-autobuz-de-pe-bulevardul-uverturii\/","url":"https:\/\/buletin.de\/bucuresti\/amenzi-pentru-banda-speciala-de-autobuz-de-pe-bulevardul-uverturii\/","name":"Amenzi pentru banda special\u0103 de autobuz, de pe Bulevardul Uverturii\u00a0 - Buletin de Bucure\u0219ti","isPartOf":{"@id":"https:\/\/buletin.de\/bucuresti\/#website"},"primaryImageOfPage":{"@id":"https:\/\/buletin.de\/bucuresti\/amenzi-pentru-banda-speciala-de-autobuz-de-pe-bulevardul-uverturii\/#primaryimage"},"image":{"@id":"https:\/\/buletin.de\/bucuresti\/amenzi-pentru-banda-speciala-de-autobuz-de-pe-bulevardul-uverturii\/#primaryimage"},"thumbnailUrl":"https:\/\/buletin.de\/bucuresti\/wp-content\/uploads\/2025\/08\/533245279_1179204064237529_409848760043313980_n_0.jpg","datePublished":"2025-08-16T07:02:36+00:00","dateModified":"2025-08-16T11:53:31+00:00","description":"\u00cen decurs de o or\u0103, au dat \u0219ase amenzi pentru cei care au intrat pe banda special\u0103 de autobuz de pe Bulevardul Uverturii.","breadcrumb":{"@id":"https:\/\/buletin.de\/bucuresti\/amenzi-pentru-banda-speciala-de-autobuz-de-pe-bulevardul-uverturii\/#breadcrumb"},"inLanguage":"en-GB","potentialAction":[{"@type":"ReadAction","target":["https:\/\/buletin.de\/bucuresti\/amenzi-pentru-banda-speciala-de-autobuz-de-pe-bulevardul-uverturii\/"]}]},{"@type":"ImageObject","inLanguage":"en-GB","@id":"https:\/\/buletin.de\/bucuresti\/amenzi-pentru-banda-speciala-de-autobuz-de-pe-bulevardul-uverturii\/#primaryimage","url":"https:\/\/buletin.de\/bucuresti\/wp-content\/uploads\/2025\/08\/533245279_1179204064237529_409848760043313980_n_0.jpg","contentUrl":"https:\/\/buletin.de\/bucuresti\/wp-content\/uploads\/2025\/08\/533245279_1179204064237529_409848760043313980_n_0.jpg","width":2048,"height":1366,"caption":"Amenzi pentru cei care circul\u0103 pe banda special\u0103 de autobuz, de pe Bulevardul Uverturii. FOTO: PS6"},{"@type":"BreadcrumbList","@id":"https:\/\/buletin.de\/bucuresti\/amenzi-pentru-banda-speciala-de-autobuz-de-pe-bulevardul-uverturii\/#breadcrumb","itemListElement":[{"@type":"ListItem","position":1,"name":"Acas\u0103","item":"https:\/\/buletin.de\/bucuresti\/"},{"@type":"ListItem","position":2,"name":"Amenzi pentru banda special\u0103 de autobuz, de pe Bulevardul Uverturii\u00a0"}]},{"@type":"WebSite","@id":"https:\/\/buletin.de\/bucuresti\/#website","url":"https:\/\/buletin.de\/bucuresti\/","name":"Buletin de Bucure\u0219ti","description":"\u0218tiri \u0219i investiga\u021bii esen\u021biale din capital\u0103","publisher":{"@id":"https:\/\/buletin.de\/bucuresti\/#organization"},"potentialAction":[{"@type":"SearchAction","target":{"@type":"EntryPoint","urlTemplate":"https:\/\/buletin.de\/bucuresti\/?s={search_term_string}"},"query-input":{"@type":"PropertyValueSpecification","valueRequired":true,"valueName":"search_term_string"}}],"inLanguage":"en-GB"},{"@type":"Organization","@id":"https:\/\/buletin.de\/bucuresti\/#organization","name":"Buletin de Bucure\u0219ti","url":"https:\/\/buletin.de\/bucuresti\/","logo":{"@type":"ImageObject","inLanguage":"en-GB","@id":"https:\/\/buletin.de\/bucuresti\/#\/schema\/logo\/image\/","url":"https:\/\/buletin.de\/bucuresti\/wp-content\/uploads\/logo-bdb-full-wide-vernil-transparent.png","contentUrl":"https:\/\/buletin.de\/bucuresti\/wp-content\/uploads\/logo-bdb-full-wide-vernil-transparent.png","width":1782,"height":626,"caption":"Buletin de Bucure\u0219ti"},"image":{"@id":"https:\/\/buletin.de\/bucuresti\/#\/schema\/logo\/image\/"},"sameAs":["https:\/\/www.facebook.com\/buletin.de.buc","https:\/\/www.instagram.com\/buletinde.bucuresti\/"]},{"@type":"Person","@id":"https:\/\/buletin.de\/bucuresti\/#\/schema\/person\/7e46040573290777280a0835d81ea4ea","name":"Diana Matei","image":{"@type":"ImageObject","inLanguage":"en-GB","@id":"https:\/\/buletin.de\/bucuresti\/wp-content\/uploads\/9-2-96x96.jpg1e8590b30871d70e62ebcdaf2eff570c","url":"https:\/\/buletin.de\/bucuresti\/wp-content\/uploads\/9-2-96x96.jpg","contentUrl":"https:\/\/buletin.de\/bucuresti\/wp-content\/uploads\/9-2-96x96.jpg","caption":"Diana Matei"},"url":"https:\/\/buletin.de\/bucuresti\/author\/dianamatei\/"}]}},"authors":[{"term_id":22574,"user_id":49,"is_guest":0,"slug":"dianamatei","display_name":"Diana Matei","avatar_url":"https:\/\/buletin.de\/bucuresti\/wp-content\/uploads\/9-2-96x96.jpg","0":null,"1":"","2":"","3":"","4":"","5":"","6":"","7":"","8":""}],"_links":{"self":[{"href":"https:\/\/buletin.de\/bucuresti\/wp-json\/wp\/v2\/posts\/143776","targetHints":{"allow":["GET"]}}],"collection":[{"href":"https:\/\/buletin.de\/bucuresti\/wp-json\/wp\/v2\/posts"}],"about":[{"href":"https:\/\/buletin.de\/bucuresti\/wp-json\/wp\/v2\/types\/post"}],"author":[{"embeddable":true,"href":"https:\/\/buletin.de\/bucuresti\/wp-json\/wp\/v2\/users\/49"}],"replies":[{"embeddable":true,"href":"https:\/\/buletin.de\/bucuresti\/wp-json\/wp\/v2\/comments?post=143776"}],"version-history":[{"count":2,"href":"https:\/\/buletin.de\/bucuresti\/wp-json\/wp\/v2\/posts\/143776\/revisions"}],"predecessor-version":[{"id":143802,"href":"https:\/\/buletin.de\/bucuresti\/wp-json\/wp\/v2\/posts\/143776\/revisions\/143802"}],"wp:featuredmedia":[{"embeddable":true,"href":"https:\/\/buletin.de\/bucuresti\/wp-json\/wp\/v2\/media\/143778"}],"wp:attachment":[{"href":"https:\/\/buletin.de\/bucuresti\/wp-json\/wp\/v2\/media?parent=143776"}],"wp:term":[{"taxonomy":"category","embeddable":true,"href":"https:\/\/buletin.de\/bucuresti\/wp-json\/wp\/v2\/categories?post=143776"},{"taxonomy":"post_tag","embeddable":true,"href":"https:\/\/buletin.de\/bucuresti\/wp-json\/wp\/v2\/tags?post=143776"},{"taxonomy":"author","embeddable":true,"href":"https:\/\/buletin.de\/bucuresti\/wp-json\/wp\/v2\/ppma_author?post=143776"}],"curies":[{"name":"wp","href":"https:\/\/api.w.org\/{rel}","templated":true}]}}