{"id":14359,"date":"2020-10-26T20:55:57","date_gmt":"2020-10-26T17:55:57","guid":{"rendered":"https:\/\/buletin.de\/bucuresti\/?p=14359"},"modified":"2020-10-26T20:55:58","modified_gmt":"2020-10-26T17:55:58","slug":"reactiile-calatorilor-din-metrou-fata-de-un-barbat-care-nu-purta-masca","status":"publish","type":"post","link":"https:\/\/buletin.de\/bucuresti\/reactiile-calatorilor-din-metrou-fata-de-un-barbat-care-nu-purta-masca\/","title":{"rendered":"Reac\u021biile c\u0103l\u0103torilor din metrou fa\u021b\u0103 de un b\u0103rbat care nu purta masc\u0103"},"content":{"rendered":"\n<p><strong>Un cititor a surprins ast\u0103zi reac\u021biile vehemente ale c\u0103l\u0103toriilor fa\u021b\u0103 de o persoan\u0103 care refuza s\u0103 poate masca invoc\u00e2nd ca motiv c\u0103 are dreptul s\u0103 m\u0103n\u00e2nce. B\u0103rbatul a fost apostrofat de cei din compartiment \u00een mod repetat pana a cedat \u0219i \u0219i-a pus masca \u00een mod corespunz\u0103tor. <\/strong><\/p>\n\n\n\n<figure class=\"wp-block-video\"><video controls src=\"https:\/\/buletin.de\/bucuresti\/wp-content\/uploads\/WhatsApp-Video-2020-10-26-at-18.32.53.mp4\"><\/video><\/figure>\n\n\n\n<p> <\/p>\n","protected":false},"excerpt":{"rendered":"<p>Un cititor a surprins ast\u0103zi reac\u021biile vehemente ale c\u0103l\u0103toriilor fa\u021b\u0103 de o persoan\u0103 care refuza s\u0103 poate masca invoc\u00e2nd ca motiv c\u0103 are dreptul s\u0103 m\u0103n\u00e2nce. B\u0103rbatul a fost apostrofat de cei din compartiment \u00een mod repetat pana a cedat \u0219i \u0219i-a pus masca \u00een mod corespunz\u0103tor.<\/p>\n","protected":false},"author":17,"featured_media":14363,"comment_status":"closed","ping_status":"open","sticky":false,"template":"","format":"standard","meta":{"_acf_changed":false,"inline_featured_image":false,"ngg_post_thumbnail":0,"footnotes":""},"categories":[996,1,62],"tags":[643,376],"ppma_author":[22576],"class_list":["post-14359","post","type-post","status-publish","format-standard","has-post-thumbnail","hentry","category-covid-19","category-diverse","category-stiri","tag-covid19","tag-metrou"],"acf":[],"yoast_head":"<!-- This site is optimized with the Yoast SEO Premium plugin v25.3 (Yoast SEO v27.4) - https:\/\/yoast.com\/product\/yoast-seo-premium-wordpress\/ -->\n<title>Reac\u021biile c\u0103l\u0103torilor din metrou fa\u021b\u0103 de un b\u0103rbat care nu purta masc\u0103 - Buletin de Bucure\u0219ti<\/title>\n<meta name=\"robots\" content=\"index, follow, max-snippet:-1, max-image-preview:large, max-video-preview:-1\" \/>\n<link rel=\"canonical\" href=\"https:\/\/buletin.de\/bucuresti\/reactiile-calatorilor-din-metrou-fata-de-un-barbat-care-nu-purta-masca\/\" \/>\n<meta property=\"og:locale\" content=\"en_GB\" \/>\n<meta property=\"og:type\" content=\"article\" \/>\n<meta property=\"og:title\" content=\"Reac\u021biile c\u0103l\u0103torilor din metrou fa\u021b\u0103 de un b\u0103rbat care nu purta masc\u0103\" \/>\n<meta property=\"og:description\" content=\"Un cititor a surprins ast\u0103zi reac\u021biile vehemente ale c\u0103l\u0103toriilor fa\u021b\u0103 de o persoan\u0103 care refuza s\u0103 poate masca invoc\u00e2nd ca motiv c\u0103 are dreptul s\u0103 m\u0103n\u00e2nce. B\u0103rbatul a fost apostrofat de cei din compartiment \u00een mod repetat pana a cedat \u0219i \u0219i-a pus masca \u00een mod corespunz\u0103tor.\" \/>\n<meta property=\"og:url\" content=\"https:\/\/buletin.de\/bucuresti\/reactiile-calatorilor-din-metrou-fata-de-un-barbat-care-nu-purta-masca\/\" \/>\n<meta property=\"og:site_name\" content=\"Buletin de Bucure\u0219ti\" \/>\n<meta property=\"article:publisher\" content=\"https:\/\/www.facebook.com\/buletin.de.buc\" \/>\n<meta property=\"article:published_time\" content=\"2020-10-26T17:55:57+00:00\" \/>\n<meta property=\"article:modified_time\" content=\"2020-10-26T17:55:58+00:00\" \/>\n<meta property=\"og:image\" content=\"https:\/\/buletin.de\/bucuresti\/wp-content\/uploads\/WhatsApp-Image-2020-10-26-at-19.18.03.jpeg\" \/>\n\t<meta property=\"og:image:width\" content=\"720\" \/>\n\t<meta property=\"og:image:height\" content=\"1280\" \/>\n\t<meta property=\"og:image:type\" content=\"image\/jpeg\" \/>\n<meta name=\"author\" content=\"Florin R\u00e2\u0219teiu\" \/>\n<meta name=\"twitter:card\" content=\"summary_large_image\" \/>\n<meta name=\"twitter:label1\" content=\"Written by\" \/>\n\t<meta name=\"twitter:data1\" content=\"Florin R\u00e2\u0219teiu\" \/>\n<script type=\"application\/ld+json\" class=\"yoast-schema-graph\">{\"@context\":\"https:\\\/\\\/schema.org\",\"@graph\":[{\"@type\":\"Article\",\"@id\":\"https:\\\/\\\/buletin.de\\\/bucuresti\\\/reactiile-calatorilor-din-metrou-fata-de-un-barbat-care-nu-purta-masca\\\/#article\",\"isPartOf\":{\"@id\":\"https:\\\/\\\/buletin.de\\\/bucuresti\\\/reactiile-calatorilor-din-metrou-fata-de-un-barbat-care-nu-purta-masca\\\/\"},\"author\":{\"name\":\"Florin R\u00e2\u0219teiu\",\"@id\":\"https:\\\/\\\/buletin.de\\\/bucuresti\\\/#\\\/schema\\\/person\\\/b0686d7a8b666c6afc78239777fd8a89\"},\"headline\":\"Reac\u021biile c\u0103l\u0103torilor din metrou fa\u021b\u0103 de un b\u0103rbat care nu purta masc\u0103\",\"datePublished\":\"2020-10-26T17:55:57+00:00\",\"dateModified\":\"2020-10-26T17:55:58+00:00\",\"mainEntityOfPage\":{\"@id\":\"https:\\\/\\\/buletin.de\\\/bucuresti\\\/reactiile-calatorilor-din-metrou-fata-de-un-barbat-care-nu-purta-masca\\\/\"},\"wordCount\":72,\"publisher\":{\"@id\":\"https:\\\/\\\/buletin.de\\\/bucuresti\\\/#organization\"},\"image\":{\"@id\":\"https:\\\/\\\/buletin.de\\\/bucuresti\\\/reactiile-calatorilor-din-metrou-fata-de-un-barbat-care-nu-purta-masca\\\/#primaryimage\"},\"thumbnailUrl\":\"https:\\\/\\\/buletin.de\\\/bucuresti\\\/wp-content\\\/uploads\\\/WhatsApp-Image-2020-10-26-at-19.18.03.jpeg\",\"keywords\":[\"covid19\",\"metrou\"],\"articleSection\":[\"Covid-19\",\"Diverse\",\"\u0218tiri\"],\"inLanguage\":\"en-GB\",\"copyrightYear\":\"2020\",\"copyrightHolder\":{\"@id\":\"https:\\\/\\\/buletin.de\\\/bucuresti\\\/#organization\"}},{\"@type\":\"WebPage\",\"@id\":\"https:\\\/\\\/buletin.de\\\/bucuresti\\\/reactiile-calatorilor-din-metrou-fata-de-un-barbat-care-nu-purta-masca\\\/\",\"url\":\"https:\\\/\\\/buletin.de\\\/bucuresti\\\/reactiile-calatorilor-din-metrou-fata-de-un-barbat-care-nu-purta-masca\\\/\",\"name\":\"Reac\u021biile c\u0103l\u0103torilor din metrou fa\u021b\u0103 de un b\u0103rbat care nu purta masc\u0103 - Buletin de Bucure\u0219ti\",\"isPartOf\":{\"@id\":\"https:\\\/\\\/buletin.de\\\/bucuresti\\\/#website\"},\"primaryImageOfPage\":{\"@id\":\"https:\\\/\\\/buletin.de\\\/bucuresti\\\/reactiile-calatorilor-din-metrou-fata-de-un-barbat-care-nu-purta-masca\\\/#primaryimage\"},\"image\":{\"@id\":\"https:\\\/\\\/buletin.de\\\/bucuresti\\\/reactiile-calatorilor-din-metrou-fata-de-un-barbat-care-nu-purta-masca\\\/#primaryimage\"},\"thumbnailUrl\":\"https:\\\/\\\/buletin.de\\\/bucuresti\\\/wp-content\\\/uploads\\\/WhatsApp-Image-2020-10-26-at-19.18.03.jpeg\",\"datePublished\":\"2020-10-26T17:55:57+00:00\",\"dateModified\":\"2020-10-26T17:55:58+00:00\",\"breadcrumb\":{\"@id\":\"https:\\\/\\\/buletin.de\\\/bucuresti\\\/reactiile-calatorilor-din-metrou-fata-de-un-barbat-care-nu-purta-masca\\\/#breadcrumb\"},\"inLanguage\":\"en-GB\",\"potentialAction\":[{\"@type\":\"ReadAction\",\"target\":[\"https:\\\/\\\/buletin.de\\\/bucuresti\\\/reactiile-calatorilor-din-metrou-fata-de-un-barbat-care-nu-purta-masca\\\/\"]}]},{\"@type\":\"ImageObject\",\"inLanguage\":\"en-GB\",\"@id\":\"https:\\\/\\\/buletin.de\\\/bucuresti\\\/reactiile-calatorilor-din-metrou-fata-de-un-barbat-care-nu-purta-masca\\\/#primaryimage\",\"url\":\"https:\\\/\\\/buletin.de\\\/bucuresti\\\/wp-content\\\/uploads\\\/WhatsApp-Image-2020-10-26-at-19.18.03.jpeg\",\"contentUrl\":\"https:\\\/\\\/buletin.de\\\/bucuresti\\\/wp-content\\\/uploads\\\/WhatsApp-Image-2020-10-26-at-19.18.03.jpeg\",\"width\":720,\"height\":1280},{\"@type\":\"BreadcrumbList\",\"@id\":\"https:\\\/\\\/buletin.de\\\/bucuresti\\\/reactiile-calatorilor-din-metrou-fata-de-un-barbat-care-nu-purta-masca\\\/#breadcrumb\",\"itemListElement\":[{\"@type\":\"ListItem\",\"position\":1,\"name\":\"Acas\u0103\",\"item\":\"https:\\\/\\\/buletin.de\\\/bucuresti\\\/\"},{\"@type\":\"ListItem\",\"position\":2,\"name\":\"Reac\u021biile c\u0103l\u0103torilor din metrou fa\u021b\u0103 de un b\u0103rbat care nu purta masc\u0103\"}]},{\"@type\":\"WebSite\",\"@id\":\"https:\\\/\\\/buletin.de\\\/bucuresti\\\/#website\",\"url\":\"https:\\\/\\\/buletin.de\\\/bucuresti\\\/\",\"name\":\"Buletin de Bucure\u0219ti\",\"description\":\"\u0218tiri \u0219i investiga\u021bii esen\u021biale din capital\u0103\",\"publisher\":{\"@id\":\"https:\\\/\\\/buletin.de\\\/bucuresti\\\/#organization\"},\"potentialAction\":[{\"@type\":\"SearchAction\",\"target\":{\"@type\":\"EntryPoint\",\"urlTemplate\":\"https:\\\/\\\/buletin.de\\\/bucuresti\\\/?s={search_term_string}\"},\"query-input\":{\"@type\":\"PropertyValueSpecification\",\"valueRequired\":true,\"valueName\":\"search_term_string\"}}],\"inLanguage\":\"en-GB\"},{\"@type\":\"Organization\",\"@id\":\"https:\\\/\\\/buletin.de\\\/bucuresti\\\/#organization\",\"name\":\"Buletin de Bucure\u0219ti\",\"url\":\"https:\\\/\\\/buletin.de\\\/bucuresti\\\/\",\"logo\":{\"@type\":\"ImageObject\",\"inLanguage\":\"en-GB\",\"@id\":\"https:\\\/\\\/buletin.de\\\/bucuresti\\\/#\\\/schema\\\/logo\\\/image\\\/\",\"url\":\"https:\\\/\\\/buletin.de\\\/bucuresti\\\/wp-content\\\/uploads\\\/logo-bdb-full-wide-vernil-transparent.png\",\"contentUrl\":\"https:\\\/\\\/buletin.de\\\/bucuresti\\\/wp-content\\\/uploads\\\/logo-bdb-full-wide-vernil-transparent.png\",\"width\":1782,\"height\":626,\"caption\":\"Buletin de Bucure\u0219ti\"},\"image\":{\"@id\":\"https:\\\/\\\/buletin.de\\\/bucuresti\\\/#\\\/schema\\\/logo\\\/image\\\/\"},\"sameAs\":[\"https:\\\/\\\/www.facebook.com\\\/buletin.de.buc\",\"https:\\\/\\\/www.instagram.com\\\/buletinde.bucuresti\\\/\"]},{\"@type\":\"Person\",\"@id\":\"https:\\\/\\\/buletin.de\\\/bucuresti\\\/#\\\/schema\\\/person\\\/b0686d7a8b666c6afc78239777fd8a89\",\"name\":\"Florin R\u00e2\u0219teiu\",\"image\":{\"@type\":\"ImageObject\",\"inLanguage\":\"en-GB\",\"@id\":\"https:\\\/\\\/buletin.de\\\/bucuresti\\\/wp-content\\\/uploads\\\/Florin-Rasteiu-96x96.jpgf0a6fe28453aa12f0a60e4d0a2e3a78c\",\"url\":\"https:\\\/\\\/buletin.de\\\/bucuresti\\\/wp-content\\\/uploads\\\/Florin-Rasteiu-96x96.jpg\",\"contentUrl\":\"https:\\\/\\\/buletin.de\\\/bucuresti\\\/wp-content\\\/uploads\\\/Florin-Rasteiu-96x96.jpg\",\"caption\":\"Florin R\u00e2\u0219teiu\"},\"description\":\"Jurnalist de investiga\u021bie. Lucreaz\u0103 de aproape 6 ani la Buletin de Bucure\u0219ti, unde a publicat articole care scot la suprafa\u021b\u0103 corup\u021bia din Capital\u0103. Analizeaz\u0103 baze de date zilnic \u0219i scoate pove\u0219ti din exceluri pline de cifre. Pune reflectorul pe adev\u0103r cu fiecare ocazie. A c\u00e2\u0219tigat premiul I la categoria Pres\u0103 Local\u0103 \u00een 2025 \u0219i locul al II-lea la aceea\u0219i categorie \u00een 2024 \u00een cadrul Premiilor Superscrieri pentru jurnalism independent.\",\"url\":\"https:\\\/\\\/buletin.de\\\/bucuresti\\\/author\\\/florinrasteiu\\\/\"}]}<\/script>\n<!-- \/ Yoast SEO Premium plugin. -->","yoast_head_json":{"title":"Reac\u021biile c\u0103l\u0103torilor din metrou fa\u021b\u0103 de un b\u0103rbat care nu purta masc\u0103 - Buletin de Bucure\u0219ti","robots":{"index":"index","follow":"follow","max-snippet":"max-snippet:-1","max-image-preview":"max-image-preview:large","max-video-preview":"max-video-preview:-1"},"canonical":"https:\/\/buletin.de\/bucuresti\/reactiile-calatorilor-din-metrou-fata-de-un-barbat-care-nu-purta-masca\/","og_locale":"en_GB","og_type":"article","og_title":"Reac\u021biile c\u0103l\u0103torilor din metrou fa\u021b\u0103 de un b\u0103rbat care nu purta masc\u0103","og_description":"Un cititor a surprins ast\u0103zi reac\u021biile vehemente ale c\u0103l\u0103toriilor fa\u021b\u0103 de o persoan\u0103 care refuza s\u0103 poate masca invoc\u00e2nd ca motiv c\u0103 are dreptul s\u0103 m\u0103n\u00e2nce. B\u0103rbatul a fost apostrofat de cei din compartiment \u00een mod repetat pana a cedat \u0219i \u0219i-a pus masca \u00een mod corespunz\u0103tor.","og_url":"https:\/\/buletin.de\/bucuresti\/reactiile-calatorilor-din-metrou-fata-de-un-barbat-care-nu-purta-masca\/","og_site_name":"Buletin de Bucure\u0219ti","article_publisher":"https:\/\/www.facebook.com\/buletin.de.buc","article_published_time":"2020-10-26T17:55:57+00:00","article_modified_time":"2020-10-26T17:55:58+00:00","og_image":[{"width":720,"height":1280,"url":"https:\/\/buletin.de\/bucuresti\/wp-content\/uploads\/WhatsApp-Image-2020-10-26-at-19.18.03.jpeg","type":"image\/jpeg"}],"author":"Florin R\u00e2\u0219teiu","twitter_card":"summary_large_image","twitter_misc":{"Written by":"Florin R\u00e2\u0219teiu"},"schema":{"@context":"https:\/\/schema.org","@graph":[{"@type":"Article","@id":"https:\/\/buletin.de\/bucuresti\/reactiile-calatorilor-din-metrou-fata-de-un-barbat-care-nu-purta-masca\/#article","isPartOf":{"@id":"https:\/\/buletin.de\/bucuresti\/reactiile-calatorilor-din-metrou-fata-de-un-barbat-care-nu-purta-masca\/"},"author":{"name":"Florin R\u00e2\u0219teiu","@id":"https:\/\/buletin.de\/bucuresti\/#\/schema\/person\/b0686d7a8b666c6afc78239777fd8a89"},"headline":"Reac\u021biile c\u0103l\u0103torilor din metrou fa\u021b\u0103 de un b\u0103rbat care nu purta masc\u0103","datePublished":"2020-10-26T17:55:57+00:00","dateModified":"2020-10-26T17:55:58+00:00","mainEntityOfPage":{"@id":"https:\/\/buletin.de\/bucuresti\/reactiile-calatorilor-din-metrou-fata-de-un-barbat-care-nu-purta-masca\/"},"wordCount":72,"publisher":{"@id":"https:\/\/buletin.de\/bucuresti\/#organization"},"image":{"@id":"https:\/\/buletin.de\/bucuresti\/reactiile-calatorilor-din-metrou-fata-de-un-barbat-care-nu-purta-masca\/#primaryimage"},"thumbnailUrl":"https:\/\/buletin.de\/bucuresti\/wp-content\/uploads\/WhatsApp-Image-2020-10-26-at-19.18.03.jpeg","keywords":["covid19","metrou"],"articleSection":["Covid-19","Diverse","\u0218tiri"],"inLanguage":"en-GB","copyrightYear":"2020","copyrightHolder":{"@id":"https:\/\/buletin.de\/bucuresti\/#organization"}},{"@type":"WebPage","@id":"https:\/\/buletin.de\/bucuresti\/reactiile-calatorilor-din-metrou-fata-de-un-barbat-care-nu-purta-masca\/","url":"https:\/\/buletin.de\/bucuresti\/reactiile-calatorilor-din-metrou-fata-de-un-barbat-care-nu-purta-masca\/","name":"Reac\u021biile c\u0103l\u0103torilor din metrou fa\u021b\u0103 de un b\u0103rbat care nu purta masc\u0103 - Buletin de Bucure\u0219ti","isPartOf":{"@id":"https:\/\/buletin.de\/bucuresti\/#website"},"primaryImageOfPage":{"@id":"https:\/\/buletin.de\/bucuresti\/reactiile-calatorilor-din-metrou-fata-de-un-barbat-care-nu-purta-masca\/#primaryimage"},"image":{"@id":"https:\/\/buletin.de\/bucuresti\/reactiile-calatorilor-din-metrou-fata-de-un-barbat-care-nu-purta-masca\/#primaryimage"},"thumbnailUrl":"https:\/\/buletin.de\/bucuresti\/wp-content\/uploads\/WhatsApp-Image-2020-10-26-at-19.18.03.jpeg","datePublished":"2020-10-26T17:55:57+00:00","dateModified":"2020-10-26T17:55:58+00:00","breadcrumb":{"@id":"https:\/\/buletin.de\/bucuresti\/reactiile-calatorilor-din-metrou-fata-de-un-barbat-care-nu-purta-masca\/#breadcrumb"},"inLanguage":"en-GB","potentialAction":[{"@type":"ReadAction","target":["https:\/\/buletin.de\/bucuresti\/reactiile-calatorilor-din-metrou-fata-de-un-barbat-care-nu-purta-masca\/"]}]},{"@type":"ImageObject","inLanguage":"en-GB","@id":"https:\/\/buletin.de\/bucuresti\/reactiile-calatorilor-din-metrou-fata-de-un-barbat-care-nu-purta-masca\/#primaryimage","url":"https:\/\/buletin.de\/bucuresti\/wp-content\/uploads\/WhatsApp-Image-2020-10-26-at-19.18.03.jpeg","contentUrl":"https:\/\/buletin.de\/bucuresti\/wp-content\/uploads\/WhatsApp-Image-2020-10-26-at-19.18.03.jpeg","width":720,"height":1280},{"@type":"BreadcrumbList","@id":"https:\/\/buletin.de\/bucuresti\/reactiile-calatorilor-din-metrou-fata-de-un-barbat-care-nu-purta-masca\/#breadcrumb","itemListElement":[{"@type":"ListItem","position":1,"name":"Acas\u0103","item":"https:\/\/buletin.de\/bucuresti\/"},{"@type":"ListItem","position":2,"name":"Reac\u021biile c\u0103l\u0103torilor din metrou fa\u021b\u0103 de un b\u0103rbat care nu purta masc\u0103"}]},{"@type":"WebSite","@id":"https:\/\/buletin.de\/bucuresti\/#website","url":"https:\/\/buletin.de\/bucuresti\/","name":"Buletin de Bucure\u0219ti","description":"\u0218tiri \u0219i investiga\u021bii esen\u021biale din capital\u0103","publisher":{"@id":"https:\/\/buletin.de\/bucuresti\/#organization"},"potentialAction":[{"@type":"SearchAction","target":{"@type":"EntryPoint","urlTemplate":"https:\/\/buletin.de\/bucuresti\/?s={search_term_string}"},"query-input":{"@type":"PropertyValueSpecification","valueRequired":true,"valueName":"search_term_string"}}],"inLanguage":"en-GB"},{"@type":"Organization","@id":"https:\/\/buletin.de\/bucuresti\/#organization","name":"Buletin de Bucure\u0219ti","url":"https:\/\/buletin.de\/bucuresti\/","logo":{"@type":"ImageObject","inLanguage":"en-GB","@id":"https:\/\/buletin.de\/bucuresti\/#\/schema\/logo\/image\/","url":"https:\/\/buletin.de\/bucuresti\/wp-content\/uploads\/logo-bdb-full-wide-vernil-transparent.png","contentUrl":"https:\/\/buletin.de\/bucuresti\/wp-content\/uploads\/logo-bdb-full-wide-vernil-transparent.png","width":1782,"height":626,"caption":"Buletin de Bucure\u0219ti"},"image":{"@id":"https:\/\/buletin.de\/bucuresti\/#\/schema\/logo\/image\/"},"sameAs":["https:\/\/www.facebook.com\/buletin.de.buc","https:\/\/www.instagram.com\/buletinde.bucuresti\/"]},{"@type":"Person","@id":"https:\/\/buletin.de\/bucuresti\/#\/schema\/person\/b0686d7a8b666c6afc78239777fd8a89","name":"Florin R\u00e2\u0219teiu","image":{"@type":"ImageObject","inLanguage":"en-GB","@id":"https:\/\/buletin.de\/bucuresti\/wp-content\/uploads\/Florin-Rasteiu-96x96.jpgf0a6fe28453aa12f0a60e4d0a2e3a78c","url":"https:\/\/buletin.de\/bucuresti\/wp-content\/uploads\/Florin-Rasteiu-96x96.jpg","contentUrl":"https:\/\/buletin.de\/bucuresti\/wp-content\/uploads\/Florin-Rasteiu-96x96.jpg","caption":"Florin R\u00e2\u0219teiu"},"description":"Jurnalist de investiga\u021bie. Lucreaz\u0103 de aproape 6 ani la Buletin de Bucure\u0219ti, unde a publicat articole care scot la suprafa\u021b\u0103 corup\u021bia din Capital\u0103. Analizeaz\u0103 baze de date zilnic \u0219i scoate pove\u0219ti din exceluri pline de cifre. Pune reflectorul pe adev\u0103r cu fiecare ocazie. A c\u00e2\u0219tigat premiul I la categoria Pres\u0103 Local\u0103 \u00een 2025 \u0219i locul al II-lea la aceea\u0219i categorie \u00een 2024 \u00een cadrul Premiilor Superscrieri pentru jurnalism independent.","url":"https:\/\/buletin.de\/bucuresti\/author\/florinrasteiu\/"}]}},"authors":[{"term_id":22576,"user_id":17,"is_guest":0,"slug":"florinrasteiu","display_name":"Florin R\u00e2\u0219teiu","avatar_url":"https:\/\/buletin.de\/bucuresti\/wp-content\/uploads\/Florin-Rasteiu-96x96.jpg","0":null,"1":"","2":"","3":"","4":"","5":"","6":"","7":"","8":""}],"_links":{"self":[{"href":"https:\/\/buletin.de\/bucuresti\/wp-json\/wp\/v2\/posts\/14359","targetHints":{"allow":["GET"]}}],"collection":[{"href":"https:\/\/buletin.de\/bucuresti\/wp-json\/wp\/v2\/posts"}],"about":[{"href":"https:\/\/buletin.de\/bucuresti\/wp-json\/wp\/v2\/types\/post"}],"author":[{"embeddable":true,"href":"https:\/\/buletin.de\/bucuresti\/wp-json\/wp\/v2\/users\/17"}],"replies":[{"embeddable":true,"href":"https:\/\/buletin.de\/bucuresti\/wp-json\/wp\/v2\/comments?post=14359"}],"version-history":[{"count":4,"href":"https:\/\/buletin.de\/bucuresti\/wp-json\/wp\/v2\/posts\/14359\/revisions"}],"predecessor-version":[{"id":14365,"href":"https:\/\/buletin.de\/bucuresti\/wp-json\/wp\/v2\/posts\/14359\/revisions\/14365"}],"wp:featuredmedia":[{"embeddable":true,"href":"https:\/\/buletin.de\/bucuresti\/wp-json\/wp\/v2\/media\/14363"}],"wp:attachment":[{"href":"https:\/\/buletin.de\/bucuresti\/wp-json\/wp\/v2\/media?parent=14359"}],"wp:term":[{"taxonomy":"category","embeddable":true,"href":"https:\/\/buletin.de\/bucuresti\/wp-json\/wp\/v2\/categories?post=14359"},{"taxonomy":"post_tag","embeddable":true,"href":"https:\/\/buletin.de\/bucuresti\/wp-json\/wp\/v2\/tags?post=14359"},{"taxonomy":"author","embeddable":true,"href":"https:\/\/buletin.de\/bucuresti\/wp-json\/wp\/v2\/ppma_author?post=14359"}],"curies":[{"name":"wp","href":"https:\/\/api.w.org\/{rel}","templated":true}]}}