{"id":14354,"date":"2020-10-27T13:47:54","date_gmt":"2020-10-27T10:47:54","guid":{"rendered":"https:\/\/buletin.de\/bucuresti\/?p=14354"},"modified":"2020-10-27T13:47:54","modified_gmt":"2020-10-27T10:47:54","slug":"magda-catone-va-juca-viceprimar-la-sectorul-2-pnl-are-gata-lista-de-viceprimari-pentru-bucuresti","status":"publish","type":"post","link":"https:\/\/buletin.de\/bucuresti\/magda-catone-va-juca-viceprimar-la-sectorul-2-pnl-are-gata-lista-de-viceprimari-pentru-bucuresti\/","title":{"rendered":"Magda Catone va \u201ejuca&#8221; viceprimar, la Sectorul 2 | PNL are gata lista de viceprimari pentru Bucure\u0219ti"},"content":{"rendered":"\n<p><em>PNL are gata lista cu propunerile pentru func\u021biile de viceprimar la Prim\u0103ria Bucure\u0219ti \u0219i la prim\u0103riile de sector. Numele lor au ap\u0103rut \u00eentr-o postare a Violetei Alexandru, ministrul Muncii, pe pagina sa de Facebook. S\u0103pt\u0103m\u00e2na aceasta este posibil ca toate noile administra\u021bii, primari \u0219i consilieri, s\u0103 fie \u00eenvesti\u021bi.<\/em><\/p>\n\n\n\n<p>Propunerile PNL sunt, conform declara\u021biilor Violetei Alexandru.<\/p>\n\n\n\n<ul class=\"wp-block-list\"><li>Viceprimar General PNL \u2013 Stelian Bujduveanu<\/li><li>Viceprimar Sector 1 PNL \u2013 Ramona Porumb<\/li><li>Viceprimari Sector 2 PNL \u2013 Magda Catone \u0219i Adrian Costache<\/li><li>Viceprimar Sector 3 PNL \u2013 Alexandru Oancea<\/li><li>Viceprimar Sector 4 PNL \u2013 Robert Florea<\/li><\/ul>\n\n\n\n<blockquote class=\"wp-block-quote is-layout-flow wp-block-quote-is-layout-flow\"><p>&#8220;<em>Respect\u00e2nd Protocolul \u00eencheiat cu partenerii no\u0219tri de la USR &#8211; Plus, \u00een birourile politice ale organiza\u021biilor PNL din toate sectoarele \u00een care, \u00een consiliile locale, avem majoritate al\u0103turi de parteneri, am desemnat de cur\u00e2nd candida\u021bii pentru func\u021biile de viceprimari. La Capital\u0103 &#8211; prin Biroul Politic al Municipiului Bucure\u0219ti, la sectoare &#8211; prin Birourile Politice de sector<\/em>.&#8221;<\/p><cite>a scris Violeta Alexandru pe Facebook.<\/cite><\/blockquote>\n\n\n\n<p>La Sectorul 5, PNL \u0219i USR &#8211; PLUS nu au majoritate, a\u0219a c\u0103 nu vor face propuneri. La Sectorul 6, ambele nominaliz\u0103ri, conform protocolului, sunt de la USR \u2013 Plus,  a\u0219a cum PNL face 2 nominaliz\u0103ri la Sectorul 2.<\/p>\n\n\n\n<p>&#8220;<em>Cont\u0103m pe sprijinul PMP pentru proiectele ini\u021biate spre binele bucure\u0219tenilor. Suntem \u00een consultare cu PMP, o consultare bazat\u0103 pe principii de corectitudine. Este un nou \u00eenceput \u00een colaborarea PNL \u2013 PMP \u00een Capital\u0103 \u0219i nu ascund c\u0103 sunt foarte atent\u0103 la modul \u00een care ne respect\u0103m reciproc<\/em>.&#8221;, a mai scris Violeta Alexandru.<\/p>\n\n\n\n<div id=\"fb-root\"><\/div>\n<script async defer crossorigin=\"anonymous\" src=\"https:\/\/connect.facebook.net\/en_GB\/sdk.js#xfbml=1&#038;version=v8.0\" nonce=\"HVpCGbpg\"><\/script>\n\n\n\n<div class=\"fb-post\" data-href=\"https:\/\/www.facebook.com\/violetaalexandruoficial\/posts\/1100645040356164\" data-show-text=\"true\" data-width=\"\"><blockquote cite=\"https:\/\/www.facebook.com\/violetaalexandruoficial\/posts\/1100645040356164\" class=\"fb-xfbml-parse-ignore\"><p>Este incredibil ce se \u00eent\u00e2mpl\u0103 \u00een Bucure\u0219ti dup\u0103 alegeri. Contesta\u021bii PSD viz\u00e2nd primarii ale\u0219i ai Dreptei unite,&#8230;<\/p>Posted by <a href=\"https:\/\/www.facebook.com\/violetaalexandruoficial\/\">Violeta Alexandru<\/a> on&nbsp;<a href=\"https:\/\/www.facebook.com\/violetaalexandruoficial\/posts\/1100645040356164\">Monday, 26 October 2020<\/a><\/blockquote><\/div>\n\n\n\n<p><\/p>\n","protected":false},"excerpt":{"rendered":"<p>PNL are gata lista cu propunerile pentru func\u021biile de viceprimar la Prim\u0103ria Bucure\u0219ti \u0219i la prim\u0103riile de sector. Numele lor au ap\u0103rut \u00eentr-o postare a Violetei Alexandru, ministrul Muncii, pe pagina sa de Facebook. S\u0103pt\u0103m\u00e2na aceasta este posibil ca toate noile administra\u021bii, primari \u0219i consilieri, s\u0103 fie \u00eenvesti\u021bi. Propunerile PNL sunt, conform declara\u021biilor Violetei Alexandru. [&hellip;]<\/p>\n","protected":false},"author":18,"featured_media":14356,"comment_status":"closed","ping_status":"open","sticky":false,"template":"","format":"standard","meta":{"_acf_changed":false,"inline_featured_image":false,"ngg_post_thumbnail":0,"footnotes":""},"categories":[1113,62],"tags":[1793,762,1513],"ppma_author":[22579],"class_list":["post-14354","post","type-post","status-publish","format-standard","has-post-thumbnail","hentry","category-locale-2020","category-stiri","tag-magda-catone","tag-pnl","tag-viceprimar"],"acf":[],"yoast_head":"<!-- This site is optimized with the Yoast SEO Premium plugin v25.3 (Yoast SEO v27.4) - https:\/\/yoast.com\/product\/yoast-seo-premium-wordpress\/ -->\n<title>Magda Catone va \u201ejuca&quot; viceprimar, la Sectorul 2 | PNL are gata lista de viceprimari pentru Bucure\u0219ti - Buletin de Bucure\u0219ti<\/title>\n<meta name=\"robots\" content=\"index, follow, max-snippet:-1, max-image-preview:large, max-video-preview:-1\" \/>\n<link rel=\"canonical\" href=\"https:\/\/buletin.de\/bucuresti\/magda-catone-va-juca-viceprimar-la-sectorul-2-pnl-are-gata-lista-de-viceprimari-pentru-bucuresti\/\" \/>\n<meta property=\"og:locale\" content=\"en_GB\" \/>\n<meta property=\"og:type\" content=\"article\" \/>\n<meta property=\"og:title\" content=\"Magda Catone va \u201ejuca&quot; viceprimar, la Sectorul 2 | PNL are gata lista de viceprimari pentru Bucure\u0219ti\" \/>\n<meta property=\"og:description\" content=\"PNL are gata lista cu propunerile pentru func\u021biile de viceprimar la Prim\u0103ria Bucure\u0219ti \u0219i la prim\u0103riile de sector. Numele lor au ap\u0103rut \u00eentr-o postare a Violetei Alexandru, ministrul Muncii, pe pagina sa de Facebook. S\u0103pt\u0103m\u00e2na aceasta este posibil ca toate noile administra\u021bii, primari \u0219i consilieri, s\u0103 fie \u00eenvesti\u021bi. Propunerile PNL sunt, conform declara\u021biilor Violetei Alexandru. [&hellip;]\" \/>\n<meta property=\"og:url\" content=\"https:\/\/buletin.de\/bucuresti\/magda-catone-va-juca-viceprimar-la-sectorul-2-pnl-are-gata-lista-de-viceprimari-pentru-bucuresti\/\" \/>\n<meta property=\"og:site_name\" content=\"Buletin de Bucure\u0219ti\" \/>\n<meta property=\"article:publisher\" content=\"https:\/\/www.facebook.com\/buletin.de.buc\" \/>\n<meta property=\"article:published_time\" content=\"2020-10-27T10:47:54+00:00\" \/>\n<meta property=\"og:image\" content=\"https:\/\/buletin.de\/bucuresti\/wp-content\/uploads\/WhatsApp-Image-2020-10-26-at-17.50.30.jpeg\" \/>\n\t<meta property=\"og:image:width\" content=\"767\" \/>\n\t<meta property=\"og:image:height\" content=\"960\" \/>\n\t<meta property=\"og:image:type\" content=\"image\/jpeg\" \/>\n<meta name=\"author\" content=\"Teodora Stroe\" \/>\n<meta name=\"twitter:card\" content=\"summary_large_image\" \/>\n<meta name=\"twitter:label1\" content=\"Written by\" \/>\n\t<meta name=\"twitter:data1\" content=\"Teodora Stroe\" \/>\n\t<meta name=\"twitter:label2\" content=\"Estimated reading time\" \/>\n\t<meta name=\"twitter:data2\" content=\"1 minute\" \/>\n<script type=\"application\/ld+json\" class=\"yoast-schema-graph\">{\"@context\":\"https:\\\/\\\/schema.org\",\"@graph\":[{\"@type\":\"Article\",\"@id\":\"https:\\\/\\\/buletin.de\\\/bucuresti\\\/magda-catone-va-juca-viceprimar-la-sectorul-2-pnl-are-gata-lista-de-viceprimari-pentru-bucuresti\\\/#article\",\"isPartOf\":{\"@id\":\"https:\\\/\\\/buletin.de\\\/bucuresti\\\/magda-catone-va-juca-viceprimar-la-sectorul-2-pnl-are-gata-lista-de-viceprimari-pentru-bucuresti\\\/\"},\"author\":{\"name\":\"Teodora Stroe\",\"@id\":\"https:\\\/\\\/buletin.de\\\/bucuresti\\\/#\\\/schema\\\/person\\\/d369d7ddc775abece205795e0b804614\"},\"headline\":\"Magda Catone va \u201ejuca&#8221; viceprimar, la Sectorul 2 | PNL are gata lista de viceprimari pentru Bucure\u0219ti\",\"datePublished\":\"2020-10-27T10:47:54+00:00\",\"mainEntityOfPage\":{\"@id\":\"https:\\\/\\\/buletin.de\\\/bucuresti\\\/magda-catone-va-juca-viceprimar-la-sectorul-2-pnl-are-gata-lista-de-viceprimari-pentru-bucuresti\\\/\"},\"wordCount\":303,\"publisher\":{\"@id\":\"https:\\\/\\\/buletin.de\\\/bucuresti\\\/#organization\"},\"image\":{\"@id\":\"https:\\\/\\\/buletin.de\\\/bucuresti\\\/magda-catone-va-juca-viceprimar-la-sectorul-2-pnl-are-gata-lista-de-viceprimari-pentru-bucuresti\\\/#primaryimage\"},\"thumbnailUrl\":\"https:\\\/\\\/buletin.de\\\/bucuresti\\\/wp-content\\\/uploads\\\/WhatsApp-Image-2020-10-26-at-17.50.30.jpeg\",\"keywords\":[\"magda catone\",\"PNL\",\"viceprimar\"],\"articleSection\":[\"Locale 2020\",\"\u0218tiri\"],\"inLanguage\":\"en-GB\",\"copyrightYear\":\"2020\",\"copyrightHolder\":{\"@id\":\"https:\\\/\\\/buletin.de\\\/bucuresti\\\/#organization\"}},{\"@type\":\"WebPage\",\"@id\":\"https:\\\/\\\/buletin.de\\\/bucuresti\\\/magda-catone-va-juca-viceprimar-la-sectorul-2-pnl-are-gata-lista-de-viceprimari-pentru-bucuresti\\\/\",\"url\":\"https:\\\/\\\/buletin.de\\\/bucuresti\\\/magda-catone-va-juca-viceprimar-la-sectorul-2-pnl-are-gata-lista-de-viceprimari-pentru-bucuresti\\\/\",\"name\":\"Magda Catone va \u201ejuca\\\" viceprimar, la Sectorul 2 | PNL are gata lista de viceprimari pentru Bucure\u0219ti - Buletin de Bucure\u0219ti\",\"isPartOf\":{\"@id\":\"https:\\\/\\\/buletin.de\\\/bucuresti\\\/#website\"},\"primaryImageOfPage\":{\"@id\":\"https:\\\/\\\/buletin.de\\\/bucuresti\\\/magda-catone-va-juca-viceprimar-la-sectorul-2-pnl-are-gata-lista-de-viceprimari-pentru-bucuresti\\\/#primaryimage\"},\"image\":{\"@id\":\"https:\\\/\\\/buletin.de\\\/bucuresti\\\/magda-catone-va-juca-viceprimar-la-sectorul-2-pnl-are-gata-lista-de-viceprimari-pentru-bucuresti\\\/#primaryimage\"},\"thumbnailUrl\":\"https:\\\/\\\/buletin.de\\\/bucuresti\\\/wp-content\\\/uploads\\\/WhatsApp-Image-2020-10-26-at-17.50.30.jpeg\",\"datePublished\":\"2020-10-27T10:47:54+00:00\",\"breadcrumb\":{\"@id\":\"https:\\\/\\\/buletin.de\\\/bucuresti\\\/magda-catone-va-juca-viceprimar-la-sectorul-2-pnl-are-gata-lista-de-viceprimari-pentru-bucuresti\\\/#breadcrumb\"},\"inLanguage\":\"en-GB\",\"potentialAction\":[{\"@type\":\"ReadAction\",\"target\":[\"https:\\\/\\\/buletin.de\\\/bucuresti\\\/magda-catone-va-juca-viceprimar-la-sectorul-2-pnl-are-gata-lista-de-viceprimari-pentru-bucuresti\\\/\"]}]},{\"@type\":\"ImageObject\",\"inLanguage\":\"en-GB\",\"@id\":\"https:\\\/\\\/buletin.de\\\/bucuresti\\\/magda-catone-va-juca-viceprimar-la-sectorul-2-pnl-are-gata-lista-de-viceprimari-pentru-bucuresti\\\/#primaryimage\",\"url\":\"https:\\\/\\\/buletin.de\\\/bucuresti\\\/wp-content\\\/uploads\\\/WhatsApp-Image-2020-10-26-at-17.50.30.jpeg\",\"contentUrl\":\"https:\\\/\\\/buletin.de\\\/bucuresti\\\/wp-content\\\/uploads\\\/WhatsApp-Image-2020-10-26-at-17.50.30.jpeg\",\"width\":767,\"height\":960},{\"@type\":\"BreadcrumbList\",\"@id\":\"https:\\\/\\\/buletin.de\\\/bucuresti\\\/magda-catone-va-juca-viceprimar-la-sectorul-2-pnl-are-gata-lista-de-viceprimari-pentru-bucuresti\\\/#breadcrumb\",\"itemListElement\":[{\"@type\":\"ListItem\",\"position\":1,\"name\":\"Acas\u0103\",\"item\":\"https:\\\/\\\/buletin.de\\\/bucuresti\\\/\"},{\"@type\":\"ListItem\",\"position\":2,\"name\":\"Magda Catone va \u201ejuca&#8221; viceprimar, la Sectorul 2 | PNL are gata lista de viceprimari pentru Bucure\u0219ti\"}]},{\"@type\":\"WebSite\",\"@id\":\"https:\\\/\\\/buletin.de\\\/bucuresti\\\/#website\",\"url\":\"https:\\\/\\\/buletin.de\\\/bucuresti\\\/\",\"name\":\"Buletin de Bucure\u0219ti\",\"description\":\"\u0218tiri \u0219i investiga\u021bii esen\u021biale din capital\u0103\",\"publisher\":{\"@id\":\"https:\\\/\\\/buletin.de\\\/bucuresti\\\/#organization\"},\"potentialAction\":[{\"@type\":\"SearchAction\",\"target\":{\"@type\":\"EntryPoint\",\"urlTemplate\":\"https:\\\/\\\/buletin.de\\\/bucuresti\\\/?s={search_term_string}\"},\"query-input\":{\"@type\":\"PropertyValueSpecification\",\"valueRequired\":true,\"valueName\":\"search_term_string\"}}],\"inLanguage\":\"en-GB\"},{\"@type\":\"Organization\",\"@id\":\"https:\\\/\\\/buletin.de\\\/bucuresti\\\/#organization\",\"name\":\"Buletin de Bucure\u0219ti\",\"url\":\"https:\\\/\\\/buletin.de\\\/bucuresti\\\/\",\"logo\":{\"@type\":\"ImageObject\",\"inLanguage\":\"en-GB\",\"@id\":\"https:\\\/\\\/buletin.de\\\/bucuresti\\\/#\\\/schema\\\/logo\\\/image\\\/\",\"url\":\"https:\\\/\\\/buletin.de\\\/bucuresti\\\/wp-content\\\/uploads\\\/logo-bdb-full-wide-vernil-transparent.png\",\"contentUrl\":\"https:\\\/\\\/buletin.de\\\/bucuresti\\\/wp-content\\\/uploads\\\/logo-bdb-full-wide-vernil-transparent.png\",\"width\":1782,\"height\":626,\"caption\":\"Buletin de Bucure\u0219ti\"},\"image\":{\"@id\":\"https:\\\/\\\/buletin.de\\\/bucuresti\\\/#\\\/schema\\\/logo\\\/image\\\/\"},\"sameAs\":[\"https:\\\/\\\/www.facebook.com\\\/buletin.de.buc\",\"https:\\\/\\\/www.instagram.com\\\/buletinde.bucuresti\\\/\"]},{\"@type\":\"Person\",\"@id\":\"https:\\\/\\\/buletin.de\\\/bucuresti\\\/#\\\/schema\\\/person\\\/d369d7ddc775abece205795e0b804614\",\"name\":\"Teodora Stroe\",\"image\":{\"@type\":\"ImageObject\",\"inLanguage\":\"en-GB\",\"@id\":\"https:\\\/\\\/secure.gravatar.com\\\/avatar\\\/2560b4cd9f5f1bc100b123158e657d75584bd1c3e1d9c69285720b9457c1b78d?s=96&d=monsterid&r=gc104800242ba5f2d78dd5d7dc4df08b6\",\"url\":\"https:\\\/\\\/secure.gravatar.com\\\/avatar\\\/2560b4cd9f5f1bc100b123158e657d75584bd1c3e1d9c69285720b9457c1b78d?s=96&d=monsterid&r=g\",\"contentUrl\":\"https:\\\/\\\/secure.gravatar.com\\\/avatar\\\/2560b4cd9f5f1bc100b123158e657d75584bd1c3e1d9c69285720b9457c1b78d?s=96&d=monsterid&r=g\",\"caption\":\"Teodora Stroe\"},\"url\":\"https:\\\/\\\/buletin.de\\\/bucuresti\\\/author\\\/simonacarlugea\\\/\"}]}<\/script>\n<!-- \/ Yoast SEO Premium plugin. -->","yoast_head_json":{"title":"Magda Catone va \u201ejuca\" viceprimar, la Sectorul 2 | PNL are gata lista de viceprimari pentru Bucure\u0219ti - Buletin de Bucure\u0219ti","robots":{"index":"index","follow":"follow","max-snippet":"max-snippet:-1","max-image-preview":"max-image-preview:large","max-video-preview":"max-video-preview:-1"},"canonical":"https:\/\/buletin.de\/bucuresti\/magda-catone-va-juca-viceprimar-la-sectorul-2-pnl-are-gata-lista-de-viceprimari-pentru-bucuresti\/","og_locale":"en_GB","og_type":"article","og_title":"Magda Catone va \u201ejuca\" viceprimar, la Sectorul 2 | PNL are gata lista de viceprimari pentru Bucure\u0219ti","og_description":"PNL are gata lista cu propunerile pentru func\u021biile de viceprimar la Prim\u0103ria Bucure\u0219ti \u0219i la prim\u0103riile de sector. Numele lor au ap\u0103rut \u00eentr-o postare a Violetei Alexandru, ministrul Muncii, pe pagina sa de Facebook. S\u0103pt\u0103m\u00e2na aceasta este posibil ca toate noile administra\u021bii, primari \u0219i consilieri, s\u0103 fie \u00eenvesti\u021bi. Propunerile PNL sunt, conform declara\u021biilor Violetei Alexandru. [&hellip;]","og_url":"https:\/\/buletin.de\/bucuresti\/magda-catone-va-juca-viceprimar-la-sectorul-2-pnl-are-gata-lista-de-viceprimari-pentru-bucuresti\/","og_site_name":"Buletin de Bucure\u0219ti","article_publisher":"https:\/\/www.facebook.com\/buletin.de.buc","article_published_time":"2020-10-27T10:47:54+00:00","og_image":[{"width":767,"height":960,"url":"https:\/\/buletin.de\/bucuresti\/wp-content\/uploads\/WhatsApp-Image-2020-10-26-at-17.50.30.jpeg","type":"image\/jpeg"}],"author":"Teodora Stroe","twitter_card":"summary_large_image","twitter_misc":{"Written by":"Teodora Stroe","Estimated reading time":"1 minute"},"schema":{"@context":"https:\/\/schema.org","@graph":[{"@type":"Article","@id":"https:\/\/buletin.de\/bucuresti\/magda-catone-va-juca-viceprimar-la-sectorul-2-pnl-are-gata-lista-de-viceprimari-pentru-bucuresti\/#article","isPartOf":{"@id":"https:\/\/buletin.de\/bucuresti\/magda-catone-va-juca-viceprimar-la-sectorul-2-pnl-are-gata-lista-de-viceprimari-pentru-bucuresti\/"},"author":{"name":"Teodora Stroe","@id":"https:\/\/buletin.de\/bucuresti\/#\/schema\/person\/d369d7ddc775abece205795e0b804614"},"headline":"Magda Catone va \u201ejuca&#8221; viceprimar, la Sectorul 2 | PNL are gata lista de viceprimari pentru Bucure\u0219ti","datePublished":"2020-10-27T10:47:54+00:00","mainEntityOfPage":{"@id":"https:\/\/buletin.de\/bucuresti\/magda-catone-va-juca-viceprimar-la-sectorul-2-pnl-are-gata-lista-de-viceprimari-pentru-bucuresti\/"},"wordCount":303,"publisher":{"@id":"https:\/\/buletin.de\/bucuresti\/#organization"},"image":{"@id":"https:\/\/buletin.de\/bucuresti\/magda-catone-va-juca-viceprimar-la-sectorul-2-pnl-are-gata-lista-de-viceprimari-pentru-bucuresti\/#primaryimage"},"thumbnailUrl":"https:\/\/buletin.de\/bucuresti\/wp-content\/uploads\/WhatsApp-Image-2020-10-26-at-17.50.30.jpeg","keywords":["magda catone","PNL","viceprimar"],"articleSection":["Locale 2020","\u0218tiri"],"inLanguage":"en-GB","copyrightYear":"2020","copyrightHolder":{"@id":"https:\/\/buletin.de\/bucuresti\/#organization"}},{"@type":"WebPage","@id":"https:\/\/buletin.de\/bucuresti\/magda-catone-va-juca-viceprimar-la-sectorul-2-pnl-are-gata-lista-de-viceprimari-pentru-bucuresti\/","url":"https:\/\/buletin.de\/bucuresti\/magda-catone-va-juca-viceprimar-la-sectorul-2-pnl-are-gata-lista-de-viceprimari-pentru-bucuresti\/","name":"Magda Catone va \u201ejuca\" viceprimar, la Sectorul 2 | PNL are gata lista de viceprimari pentru Bucure\u0219ti - Buletin de Bucure\u0219ti","isPartOf":{"@id":"https:\/\/buletin.de\/bucuresti\/#website"},"primaryImageOfPage":{"@id":"https:\/\/buletin.de\/bucuresti\/magda-catone-va-juca-viceprimar-la-sectorul-2-pnl-are-gata-lista-de-viceprimari-pentru-bucuresti\/#primaryimage"},"image":{"@id":"https:\/\/buletin.de\/bucuresti\/magda-catone-va-juca-viceprimar-la-sectorul-2-pnl-are-gata-lista-de-viceprimari-pentru-bucuresti\/#primaryimage"},"thumbnailUrl":"https:\/\/buletin.de\/bucuresti\/wp-content\/uploads\/WhatsApp-Image-2020-10-26-at-17.50.30.jpeg","datePublished":"2020-10-27T10:47:54+00:00","breadcrumb":{"@id":"https:\/\/buletin.de\/bucuresti\/magda-catone-va-juca-viceprimar-la-sectorul-2-pnl-are-gata-lista-de-viceprimari-pentru-bucuresti\/#breadcrumb"},"inLanguage":"en-GB","potentialAction":[{"@type":"ReadAction","target":["https:\/\/buletin.de\/bucuresti\/magda-catone-va-juca-viceprimar-la-sectorul-2-pnl-are-gata-lista-de-viceprimari-pentru-bucuresti\/"]}]},{"@type":"ImageObject","inLanguage":"en-GB","@id":"https:\/\/buletin.de\/bucuresti\/magda-catone-va-juca-viceprimar-la-sectorul-2-pnl-are-gata-lista-de-viceprimari-pentru-bucuresti\/#primaryimage","url":"https:\/\/buletin.de\/bucuresti\/wp-content\/uploads\/WhatsApp-Image-2020-10-26-at-17.50.30.jpeg","contentUrl":"https:\/\/buletin.de\/bucuresti\/wp-content\/uploads\/WhatsApp-Image-2020-10-26-at-17.50.30.jpeg","width":767,"height":960},{"@type":"BreadcrumbList","@id":"https:\/\/buletin.de\/bucuresti\/magda-catone-va-juca-viceprimar-la-sectorul-2-pnl-are-gata-lista-de-viceprimari-pentru-bucuresti\/#breadcrumb","itemListElement":[{"@type":"ListItem","position":1,"name":"Acas\u0103","item":"https:\/\/buletin.de\/bucuresti\/"},{"@type":"ListItem","position":2,"name":"Magda Catone va \u201ejuca&#8221; viceprimar, la Sectorul 2 | PNL are gata lista de viceprimari pentru Bucure\u0219ti"}]},{"@type":"WebSite","@id":"https:\/\/buletin.de\/bucuresti\/#website","url":"https:\/\/buletin.de\/bucuresti\/","name":"Buletin de Bucure\u0219ti","description":"\u0218tiri \u0219i investiga\u021bii esen\u021biale din capital\u0103","publisher":{"@id":"https:\/\/buletin.de\/bucuresti\/#organization"},"potentialAction":[{"@type":"SearchAction","target":{"@type":"EntryPoint","urlTemplate":"https:\/\/buletin.de\/bucuresti\/?s={search_term_string}"},"query-input":{"@type":"PropertyValueSpecification","valueRequired":true,"valueName":"search_term_string"}}],"inLanguage":"en-GB"},{"@type":"Organization","@id":"https:\/\/buletin.de\/bucuresti\/#organization","name":"Buletin de Bucure\u0219ti","url":"https:\/\/buletin.de\/bucuresti\/","logo":{"@type":"ImageObject","inLanguage":"en-GB","@id":"https:\/\/buletin.de\/bucuresti\/#\/schema\/logo\/image\/","url":"https:\/\/buletin.de\/bucuresti\/wp-content\/uploads\/logo-bdb-full-wide-vernil-transparent.png","contentUrl":"https:\/\/buletin.de\/bucuresti\/wp-content\/uploads\/logo-bdb-full-wide-vernil-transparent.png","width":1782,"height":626,"caption":"Buletin de Bucure\u0219ti"},"image":{"@id":"https:\/\/buletin.de\/bucuresti\/#\/schema\/logo\/image\/"},"sameAs":["https:\/\/www.facebook.com\/buletin.de.buc","https:\/\/www.instagram.com\/buletinde.bucuresti\/"]},{"@type":"Person","@id":"https:\/\/buletin.de\/bucuresti\/#\/schema\/person\/d369d7ddc775abece205795e0b804614","name":"Teodora Stroe","image":{"@type":"ImageObject","inLanguage":"en-GB","@id":"https:\/\/secure.gravatar.com\/avatar\/2560b4cd9f5f1bc100b123158e657d75584bd1c3e1d9c69285720b9457c1b78d?s=96&d=monsterid&r=gc104800242ba5f2d78dd5d7dc4df08b6","url":"https:\/\/secure.gravatar.com\/avatar\/2560b4cd9f5f1bc100b123158e657d75584bd1c3e1d9c69285720b9457c1b78d?s=96&d=monsterid&r=g","contentUrl":"https:\/\/secure.gravatar.com\/avatar\/2560b4cd9f5f1bc100b123158e657d75584bd1c3e1d9c69285720b9457c1b78d?s=96&d=monsterid&r=g","caption":"Teodora Stroe"},"url":"https:\/\/buletin.de\/bucuresti\/author\/simonacarlugea\/"}]}},"authors":[{"term_id":22579,"user_id":18,"is_guest":0,"slug":"simonacarlugea","display_name":"Teodora Stroe","avatar_url":"https:\/\/secure.gravatar.com\/avatar\/2560b4cd9f5f1bc100b123158e657d75584bd1c3e1d9c69285720b9457c1b78d?s=96&d=monsterid&r=g","0":null,"1":"","2":"","3":"","4":"","5":"","6":"","7":"","8":""}],"_links":{"self":[{"href":"https:\/\/buletin.de\/bucuresti\/wp-json\/wp\/v2\/posts\/14354","targetHints":{"allow":["GET"]}}],"collection":[{"href":"https:\/\/buletin.de\/bucuresti\/wp-json\/wp\/v2\/posts"}],"about":[{"href":"https:\/\/buletin.de\/bucuresti\/wp-json\/wp\/v2\/types\/post"}],"author":[{"embeddable":true,"href":"https:\/\/buletin.de\/bucuresti\/wp-json\/wp\/v2\/users\/18"}],"replies":[{"embeddable":true,"href":"https:\/\/buletin.de\/bucuresti\/wp-json\/wp\/v2\/comments?post=14354"}],"version-history":[{"count":4,"href":"https:\/\/buletin.de\/bucuresti\/wp-json\/wp\/v2\/posts\/14354\/revisions"}],"predecessor-version":[{"id":14369,"href":"https:\/\/buletin.de\/bucuresti\/wp-json\/wp\/v2\/posts\/14354\/revisions\/14369"}],"wp:featuredmedia":[{"embeddable":true,"href":"https:\/\/buletin.de\/bucuresti\/wp-json\/wp\/v2\/media\/14356"}],"wp:attachment":[{"href":"https:\/\/buletin.de\/bucuresti\/wp-json\/wp\/v2\/media?parent=14354"}],"wp:term":[{"taxonomy":"category","embeddable":true,"href":"https:\/\/buletin.de\/bucuresti\/wp-json\/wp\/v2\/categories?post=14354"},{"taxonomy":"post_tag","embeddable":true,"href":"https:\/\/buletin.de\/bucuresti\/wp-json\/wp\/v2\/tags?post=14354"},{"taxonomy":"author","embeddable":true,"href":"https:\/\/buletin.de\/bucuresti\/wp-json\/wp\/v2\/ppma_author?post=14354"}],"curies":[{"name":"wp","href":"https:\/\/api.w.org\/{rel}","templated":true}]}}