{"id":143504,"date":"2025-08-14T11:30:50","date_gmt":"2025-08-14T08:30:50","guid":{"rendered":"https:\/\/buletin.de\/bucuresti\/?p=143504"},"modified":"2025-08-14T18:39:36","modified_gmt":"2025-08-14T15:39:36","slug":"43-de-scoli-si-gradinite-se-renoveaza-in-sectorul-6","status":"publish","type":"post","link":"https:\/\/buletin.de\/bucuresti\/43-de-scoli-si-gradinite-se-renoveaza-in-sectorul-6\/","title":{"rendered":"Sector 6 | Care sunt cele 43 de \u0219coli \u0219i gr\u0103dini\u021be renovate pentru noul an \u0219colar"},"content":{"rendered":"\n<p><strong>43 de \u0219coli \u0219i gr\u0103dini\u021be sunt \u00een proces de renovare, pentru anul \u0219colar 2025\u20112026. Institu\u021biile de \u00eenv\u0103\u021b\u0103m\u00e2nt sunt \u00een prezent \u00een reabilitare, consolidare, igienizare \u0219i repara\u021bii<\/strong>, <strong>a anun\u021bat <a href=\"https:\/\/www.primarie6.ro\/\" target=\"_blank\" rel=\"noreferrer noopener\">Prim\u0103ria Sectorului 6<\/a><\/strong>.<\/p>\n\n\n\n<p>La cele 43 de \u0219coli \u0219i gr\u0103dini\u021be se fac urm\u0103toarele lucr\u0103ri:<\/p>\n\n\n\n<ul class=\"wp-block-list\">\n<li>vopsirea \u0219i zugr\u0103virea s\u0103lilor de clas\u0103 \u0219i a holurilor;<\/li>\n\n\n\n<li>repara\u021bii la grupurile sanitare \u0219i \u00eenlocuirea obiectelor deteriorate;<\/li>\n\n\n\n<li>repara\u021bii \u0219i \u00eenlocuiri de pardoseli;<\/li>\n\n\n\n<li>\u00eenlocuirea t\u00e2mpl\u0103riei acolo unde este nevoie;<\/li>\n\n\n\n<li>verificarea \u0219i \u00eentre\u021binerea instala\u021biilor electrice \u0219i sanitare;<\/li>\n\n\n\n<li>repara\u021bii la acoperi\u0219uri \u0219i hidroizola\u021bii;<\/li>\n\n\n\n<li>amenajarea spa\u021biilor exterioare (alei, garduri, cur\u021bi).<\/li>\n<\/ul>\n\n\n\n<figure class=\"wp-block-gallery has-nested-images columns-default is-cropped wp-block-gallery-1 is-layout-flex wp-block-gallery-is-layout-flex\">\n<figure class=\"wp-block-image size-large\"><img fetchpriority=\"high\" decoding=\"async\" width=\"1000\" height=\"666\" data-id=\"143511\" src=\"data:image\/gif;base64,R0lGODlhAQABAAAAACH5BAEKAAEALAAAAAABAAEAAAICTAEAOw==\" data-src=\"https:\/\/buletin.de\/bucuresti\/wp-content\/uploads\/2025\/08\/532223233_1178519367639332_5792059323534422914_n-1000x666.jpg\" alt=\"\u0219coli \u0219i gr\u0103dini\u021be\" class=\"wp-image-143511 lazyload\" data-sizes=\"auto\" data-srcset=\"https:\/\/buletin.de\/bucuresti\/wp-content\/uploads\/2025\/08\/532223233_1178519367639332_5792059323534422914_n-1000x666.jpg 1000w, https:\/\/buletin.de\/bucuresti\/wp-content\/uploads\/2025\/08\/532223233_1178519367639332_5792059323534422914_n-300x200.jpg 300w, https:\/\/buletin.de\/bucuresti\/wp-content\/uploads\/2025\/08\/532223233_1178519367639332_5792059323534422914_n-768x512.jpg 768w, https:\/\/buletin.de\/bucuresti\/wp-content\/uploads\/2025\/08\/532223233_1178519367639332_5792059323534422914_n-1536x1023.jpg 1536w, https:\/\/buletin.de\/bucuresti\/wp-content\/uploads\/2025\/08\/532223233_1178519367639332_5792059323534422914_n-1100x733.jpg 1100w, https:\/\/buletin.de\/bucuresti\/wp-content\/uploads\/2025\/08\/532223233_1178519367639332_5792059323534422914_n-600x400.jpg 600w, https:\/\/buletin.de\/bucuresti\/wp-content\/uploads\/2025\/08\/532223233_1178519367639332_5792059323534422914_n-20x13.jpg 20w, https:\/\/buletin.de\/bucuresti\/wp-content\/uploads\/2025\/08\/532223233_1178519367639332_5792059323534422914_n.jpg 1600w\" sizes=\"(max-width: 1000px) 100vw, 1000px\" \/><\/figure>\n\n\n\n<figure class=\"wp-block-image size-large\"><img decoding=\"async\" width=\"1000\" height=\"666\" data-id=\"143510\" src=\"data:image\/gif;base64,R0lGODlhAQABAAAAACH5BAEKAAEALAAAAAABAAEAAAICTAEAOw==\" data-src=\"https:\/\/buletin.de\/bucuresti\/wp-content\/uploads\/2025\/08\/532198285_1178519304306005_8184112793879106483_n-1000x666.jpg\" alt=\"\" class=\"wp-image-143510 lazyload\" data-sizes=\"auto\" data-srcset=\"https:\/\/buletin.de\/bucuresti\/wp-content\/uploads\/2025\/08\/532198285_1178519304306005_8184112793879106483_n-1000x666.jpg 1000w, https:\/\/buletin.de\/bucuresti\/wp-content\/uploads\/2025\/08\/532198285_1178519304306005_8184112793879106483_n-300x200.jpg 300w, https:\/\/buletin.de\/bucuresti\/wp-content\/uploads\/2025\/08\/532198285_1178519304306005_8184112793879106483_n-768x512.jpg 768w, https:\/\/buletin.de\/bucuresti\/wp-content\/uploads\/2025\/08\/532198285_1178519304306005_8184112793879106483_n-1536x1023.jpg 1536w, https:\/\/buletin.de\/bucuresti\/wp-content\/uploads\/2025\/08\/532198285_1178519304306005_8184112793879106483_n-1100x733.jpg 1100w, https:\/\/buletin.de\/bucuresti\/wp-content\/uploads\/2025\/08\/532198285_1178519304306005_8184112793879106483_n-600x400.jpg 600w, https:\/\/buletin.de\/bucuresti\/wp-content\/uploads\/2025\/08\/532198285_1178519304306005_8184112793879106483_n-20x13.jpg 20w, https:\/\/buletin.de\/bucuresti\/wp-content\/uploads\/2025\/08\/532198285_1178519304306005_8184112793879106483_n.jpg 1600w\" sizes=\"(max-width: 1000px) 100vw, 1000px\" \/><\/figure>\n\n\n\n<figure class=\"wp-block-image size-large\"><img decoding=\"async\" width=\"1000\" height=\"666\" data-id=\"143513\" src=\"data:image\/gif;base64,R0lGODlhAQABAAAAACH5BAEKAAEALAAAAAABAAEAAAICTAEAOw==\" data-src=\"https:\/\/buletin.de\/bucuresti\/wp-content\/uploads\/2025\/08\/531965160_1178519054306030_976954698513202399_n-1000x666.jpg\" alt=\"\u0219coli \u0219i gr\u0103dini\u021be\" class=\"wp-image-143513 lazyload\" data-sizes=\"auto\" data-srcset=\"https:\/\/buletin.de\/bucuresti\/wp-content\/uploads\/2025\/08\/531965160_1178519054306030_976954698513202399_n-1000x666.jpg 1000w, https:\/\/buletin.de\/bucuresti\/wp-content\/uploads\/2025\/08\/531965160_1178519054306030_976954698513202399_n-300x200.jpg 300w, https:\/\/buletin.de\/bucuresti\/wp-content\/uploads\/2025\/08\/531965160_1178519054306030_976954698513202399_n-768x512.jpg 768w, https:\/\/buletin.de\/bucuresti\/wp-content\/uploads\/2025\/08\/531965160_1178519054306030_976954698513202399_n-1536x1023.jpg 1536w, https:\/\/buletin.de\/bucuresti\/wp-content\/uploads\/2025\/08\/531965160_1178519054306030_976954698513202399_n-1100x733.jpg 1100w, https:\/\/buletin.de\/bucuresti\/wp-content\/uploads\/2025\/08\/531965160_1178519054306030_976954698513202399_n-600x400.jpg 600w, https:\/\/buletin.de\/bucuresti\/wp-content\/uploads\/2025\/08\/531965160_1178519054306030_976954698513202399_n-20x13.jpg 20w, https:\/\/buletin.de\/bucuresti\/wp-content\/uploads\/2025\/08\/531965160_1178519054306030_976954698513202399_n.jpg 1600w\" sizes=\"(max-width: 1000px) 100vw, 1000px\" \/><\/figure>\n\n\n\n<figure class=\"wp-block-image size-large\"><img loading=\"lazy\" decoding=\"async\" width=\"1000\" height=\"666\" data-id=\"143512\" src=\"data:image\/gif;base64,R0lGODlhAQABAAAAACH5BAEKAAEALAAAAAABAAEAAAICTAEAOw==\" data-src=\"https:\/\/buletin.de\/bucuresti\/wp-content\/uploads\/2025\/08\/531302712_1178518994306036_6788772898926568715_n-1000x666.jpg\" alt=\"\u0219coli \u0219i gr\u0103dini\u021be\" class=\"wp-image-143512 lazyload\" data-sizes=\"auto\" data-srcset=\"https:\/\/buletin.de\/bucuresti\/wp-content\/uploads\/2025\/08\/531302712_1178518994306036_6788772898926568715_n-1000x666.jpg 1000w, https:\/\/buletin.de\/bucuresti\/wp-content\/uploads\/2025\/08\/531302712_1178518994306036_6788772898926568715_n-300x200.jpg 300w, https:\/\/buletin.de\/bucuresti\/wp-content\/uploads\/2025\/08\/531302712_1178518994306036_6788772898926568715_n-768x512.jpg 768w, https:\/\/buletin.de\/bucuresti\/wp-content\/uploads\/2025\/08\/531302712_1178518994306036_6788772898926568715_n-1536x1023.jpg 1536w, https:\/\/buletin.de\/bucuresti\/wp-content\/uploads\/2025\/08\/531302712_1178518994306036_6788772898926568715_n-1100x733.jpg 1100w, https:\/\/buletin.de\/bucuresti\/wp-content\/uploads\/2025\/08\/531302712_1178518994306036_6788772898926568715_n-600x400.jpg 600w, https:\/\/buletin.de\/bucuresti\/wp-content\/uploads\/2025\/08\/531302712_1178518994306036_6788772898926568715_n-20x13.jpg 20w, https:\/\/buletin.de\/bucuresti\/wp-content\/uploads\/2025\/08\/531302712_1178518994306036_6788772898926568715_n.jpg 1600w\" sizes=\"(max-width: 1000px) 100vw, 1000px\" \/><figcaption class=\"wp-element-caption\">FOTO: PS6<\/figcaption><\/figure>\n<\/figure>\n\n\n\n<p><strong>CITE\u0218TE \u0218I: <a href=\"https:\/\/buletin.de\/bucuresti\/sector-3-un-nou-muzeu-al-tehnologiei-ar-urma-sa-fie-construit-vizavi-de-primarie-pe-un-teren-al-colegiului-tehnic-mihai-bravu\/\" target=\"_blank\" rel=\"noreferrer noopener\">Sector 3 | Un nou \u201eMuzeu al Tehnologiei\u201d ar urma s\u0103 fie construit vizavi de prim\u0103rie, pe un teren al Colegiului Tehnic Mihai Bravu<\/a><\/strong><\/p>\n\n\n\n<h2 class=\"wp-block-heading\" id=\"h-\u0219coli-\u0219i-gradini\u021be-in-proces-de-reabilitare\"><strong>\u0218coli \u0219i gr\u0103dini\u021be<\/strong> \u00een proces de reabilitare<\/h2>\n\n\n\n<h4 class=\"wp-block-heading\" id=\"h-colegii-\u0219i-licee\"><strong>Colegii \u0219i Licee<\/strong><\/h4>\n\n\n\n<p>1. Colegiul Na\u021bional \u201eElena Cuza\u201d;<\/p>\n\n\n\n<p>2. Colegiul Na\u021bional \u201eGrigore Moisil\u201d;<\/p>\n\n\n\n<p>3. Colegiul Tehnic \u201eCarol I\u201d;<\/p>\n\n\n\n<p>4. Liceul \u201eIuliu Maniu\u201d;<\/p>\n\n\n\n<p>5. Liceul \u201eMircea Eliade\u201d;<\/p>\n\n\n\n<p>6. Liceul \u201eMarin Preda\u201d;<\/p>\n\n\n\n<p>7. Liceul \u201eGheorghe Asachi\u201d;<\/p>\n\n\n\n<p>8. Liceul \u201eTudor Vladimirescu\u201d;<\/p>\n\n\n\n<p>9. Liceul \u201eEugen Lovinescu\u201d.<\/p>\n\n\n\n<h4 class=\"wp-block-heading\" id=\"h-\u0219coli\"><strong>\u0218coli<\/strong><\/h4>\n\n\n\n<p>1.\u0218coala nr. 156;<\/p>\n\n\n\n<p>2. \u0218coala \u201eRegina Maria\u201d;<\/p>\n\n\n\n<p>3. \u0218coala nr. 279;<\/p>\n\n\n\n<p>4. \u0218coala \u201eAdrian P\u0103unescu\u201d;<\/p>\n\n\n\n<p>5. \u0218coala nr. 163;<\/p>\n\n\n\n<p>6. \u0218coala nr. 153;<\/p>\n\n\n\n<p>7. \u0218coala \u201eIon Dumitriu\u201d;<\/p>\n\n\n\n<p>8. \u0218coala nr. 161;<\/p>\n\n\n\n<p>9. \u0218coala nr. 142;<\/p>\n\n\n\n<p>10. \u0218coala nr. 59;<\/p>\n\n\n\n<p>11. \u0218coala \u201eOrizont\u201d<\/p>\n\n\n\n<p>12. \u0218coala nr. 311;<\/p>\n\n\n\n<p>13. \u0218coala \u201eRegele Mihai\u201d;<\/p>\n\n\n\n<p>14. \u0218coala nr. 206;<\/p>\n\n\n\n<p>15. \u0218coala Gimnazial\u0103 nr. 169;<\/p>\n\n\n\n<p>16. \u0218coala \u201eSf\u00e2nta Maria\u201d;<\/p>\n\n\n\n<ol class=\"wp-block-list\"><\/ol>\n\n\n\n<h4 class=\"wp-block-heading\" id=\"h-gradini\u021be\"><strong>Gr\u0103dini\u021be<\/strong><\/h4>\n\n\n\n<p>1. Gr\u0103dini\u021ba \u201ePrichindel\u201d;<\/p>\n\n\n\n<p>2. Gr\u0103dini\u021ba nr. 250;<\/p>\n\n\n\n<p>3. Gr\u0103dini\u021ba \u201eFulg de Nea\u201d;<\/p>\n\n\n\n<p>4. Gr\u0103dini\u021ba nr. 229;<\/p>\n\n\n\n<p>5. Gr\u0103dini\u021ba nr. 210;<\/p>\n\n\n\n<p>6. Gr\u0103dini\u021ba nr. 209;<\/p>\n\n\n\n<p>7. Gr\u0103dini\u021ba \u201eAlbinutele\u201d;<\/p>\n\n\n\n<p>8. Gr\u0103dini\u021ba nr. 217;<\/p>\n\n\n\n<p>9. Gr\u0103dini\u021ba nr. 111;<\/p>\n\n\n\n<p>10. Gr\u0103dini\u021ba nr. 273;<\/p>\n\n\n\n<p>11. Gr\u0103dini\u021ba nr. 272;<\/p>\n\n\n\n<p>12. Gr\u0103dini\u021ba \u201eHillary Clinton\u201d;<\/p>\n\n\n\n<p>13. Gr\u0103dini\u021ba \u201eAlbina\u201d;<\/p>\n\n\n\n<p>14. Gr\u0103dini\u021ba \u201eCol\u021b de Rai\u201d;<\/p>\n\n\n\n<p>15. Gr\u0103dini\u021ba nr. 218;<\/p>\n\n\n\n<p>16. Gr\u0103dini\u021ba nr. 41;<\/p>\n\n\n\n<p>17. Gr\u0103dini\u021ba \u201eSpiridu\u0219ii\u201d;<\/p>\n\n\n\n<p>18. Gr\u0103dini\u021ba \u201eZ\u00e2na Florilor\u201d.<\/p>\n\n\n\n<p><strong>CITE\u0218TE \u0218I: <a href=\"https:\/\/buletin.de\/bucuresti\/muzeul-national-cotroceni\/\" target=\"_blank\" rel=\"noreferrer noopener\">Muzeul Na\u021bional Cotroceni va fi \u00eenchis pe 15 august<\/a><\/strong><\/p>\n\n\n\n<h2 class=\"wp-block-heading\" id=\"h-doua-crese-noi-vor-fi-construite-de-la-zero\">Dou\u0103 cre\u015fe noi vor fi construite de la zero<\/h2>\n\n\n\n<p><strong>Dou\u0103 cre\u015fe noi se construiesc de la zero, cu fonduri europene. Institu\u021biile de \u00eenv\u0103\u021b\u0103m\u00e2nt vor fi gata \u00een mai pu\u021bin de un an.<\/strong><\/p>\n\n\n\n<p>Autoritatea local\u0103 precizeaz\u0103 c\u0103 lucr\u0103rile au \u00eenceput \u00een aceast\u0103 var\u0103 \u0219i vor fi finalizate, \u00een mai pu\u021bin de un an.<\/p>\n\n\n\n<p>Una dintre cre\u015fe se afl\u0103 pe Bd. Iuliu Maniu nr. 11B, iar cealalt\u0103 \u00een cartierul Br\u00e2ncu\u015fi, pe Str. Pas\u0103rea \u00een V\u0103zduh nr. 9 (fost Bd. Timi\u015foara 89).<\/p>\n\n\n\n<p>Valoarea lucr\u0103rilor, pentru fiecare dintre cele dou\u0103 cre\u015fe noi este de 30 de milioane de lei. Din aceast\u0103 sum\u0103, 17,3 milioane sunt fonduri nerambursabile, din PNRR \u015fi bugetul de stat. Restul banilor vor veni de la bugetul local.<\/p>\n\n\n\n<p><strong>CITE\u0218TE \u0218I: <a href=\"https:\/\/buletin.de\/bucuresti\/cum-se-colecteaza-deseurile-voluminoase-in-sectorul-6\/\" target=\"_blank\" rel=\"noreferrer noopener\">Sector 6 | Cum se colecteaz\u0103 de\u0219eurile voluminoase<\/a><\/strong><\/p>\n","protected":false},"excerpt":{"rendered":"<p>43 de \u0219coli \u0219i gr\u0103dini\u021be sunt \u00een proces de renovare, pentru anul \u0219colar 2025\u20112026. Institu\u021biile de \u00eenv\u0103\u021b\u0103m\u00e2nt sunt \u00een prezent \u00een reabilitare, consolidare, igienizare \u0219i repara\u021bii, a anun\u021bat Prim\u0103ria Sectorului 6. La cele 43 de \u0219coli \u0219i gr\u0103dini\u021be se fac urm\u0103toarele lucr\u0103ri: CITE\u0218TE \u0218I: Sector 3 | Un nou \u201eMuzeu al Tehnologiei\u201d ar urma s\u0103 [&hellip;]<\/p>\n","protected":false},"author":49,"featured_media":143509,"comment_status":"closed","ping_status":"open","sticky":false,"template":"","format":"standard","meta":{"_acf_changed":false,"inline_featured_image":false,"ngg_post_thumbnail":0,"footnotes":""},"categories":[6994,24,62],"tags":[23286,23287,23288,3659,23285,9795,523],"ppma_author":[22574],"class_list":["post-143504","post","type-post","status-publish","format-standard","has-post-thumbnail","hentry","category-stiri-2","category-primarie","category-stiri","tag-colegiul-national-elena-cuza","tag-colegiul-tehnic-carol-i","tag-gradinita-nr-273","tag-ps6","tag-reabilitare-gradinite","tag-reabilitare-scoli","tag-sector-6"],"acf":[],"yoast_head":"<!-- This site is optimized with the Yoast SEO Premium plugin v25.3 (Yoast SEO v27.4) - https:\/\/yoast.com\/product\/yoast-seo-premium-wordpress\/ -->\n<title>Sector 6 | Care sunt cele 43 de \u0219coli \u0219i gr\u0103dini\u021be renovate pentru noul an \u0219colar - Buletin de Bucure\u0219ti<\/title>\n<meta name=\"description\" content=\"43 de \u0219coli \u0219i gr\u0103dini\u021be sunt \u00een proces de renovare, pentru anul \u0219colar 2025\u20112026, anun\u021b\u0103 Prim\u0103ria Sectorului 6.\" \/>\n<meta name=\"robots\" content=\"index, follow, max-snippet:-1, max-image-preview:large, max-video-preview:-1\" \/>\n<link rel=\"canonical\" href=\"https:\/\/buletin.de\/bucuresti\/43-de-scoli-si-gradinite-se-renoveaza-in-sectorul-6\/\" \/>\n<meta property=\"og:locale\" content=\"en_GB\" \/>\n<meta property=\"og:type\" content=\"article\" \/>\n<meta property=\"og:title\" content=\"Sector 6 | Care sunt cele 43 de \u0219coli \u0219i gr\u0103dini\u021be renovate pentru noul an \u0219colar\" \/>\n<meta property=\"og:description\" content=\"43 de \u0219coli \u0219i gr\u0103dini\u021be sunt \u00een proces de renovare, pentru anul \u0219colar 2025\u20112026, anun\u021b\u0103 Prim\u0103ria Sectorului 6.\" \/>\n<meta property=\"og:url\" content=\"https:\/\/buletin.de\/bucuresti\/43-de-scoli-si-gradinite-se-renoveaza-in-sectorul-6\/\" \/>\n<meta property=\"og:site_name\" content=\"Buletin de Bucure\u0219ti\" \/>\n<meta property=\"article:publisher\" content=\"https:\/\/www.facebook.com\/buletin.de.buc\" \/>\n<meta property=\"article:published_time\" content=\"2025-08-14T08:30:50+00:00\" \/>\n<meta property=\"article:modified_time\" content=\"2025-08-14T15:39:36+00:00\" \/>\n<meta property=\"og:image\" content=\"https:\/\/buletin.de\/bucuresti\/wp-content\/uploads\/2025\/08\/533077523_1178519107639358_401851948652907633_n.jpg\" \/>\n\t<meta property=\"og:image:width\" content=\"1600\" \/>\n\t<meta property=\"og:image:height\" content=\"1066\" \/>\n\t<meta property=\"og:image:type\" content=\"image\/jpeg\" \/>\n<meta name=\"author\" content=\"Diana Matei\" \/>\n<meta name=\"twitter:card\" content=\"summary_large_image\" \/>\n<meta name=\"twitter:label1\" content=\"Written by\" \/>\n\t<meta name=\"twitter:data1\" content=\"Diana Matei\" \/>\n\t<meta name=\"twitter:label2\" content=\"Estimated reading time\" \/>\n\t<meta name=\"twitter:data2\" content=\"3 minutes\" \/>\n<script type=\"application\/ld+json\" class=\"yoast-schema-graph\">{\"@context\":\"https:\\\/\\\/schema.org\",\"@graph\":[{\"@type\":\"Article\",\"@id\":\"https:\\\/\\\/buletin.de\\\/bucuresti\\\/43-de-scoli-si-gradinite-se-renoveaza-in-sectorul-6\\\/#article\",\"isPartOf\":{\"@id\":\"https:\\\/\\\/buletin.de\\\/bucuresti\\\/43-de-scoli-si-gradinite-se-renoveaza-in-sectorul-6\\\/\"},\"author\":{\"name\":\"Diana Matei\",\"@id\":\"https:\\\/\\\/buletin.de\\\/bucuresti\\\/#\\\/schema\\\/person\\\/7e46040573290777280a0835d81ea4ea\"},\"headline\":\"Sector 6 | Care sunt cele 43 de \u0219coli \u0219i gr\u0103dini\u021be renovate pentru noul an \u0219colar\",\"datePublished\":\"2025-08-14T08:30:50+00:00\",\"dateModified\":\"2025-08-14T15:39:36+00:00\",\"mainEntityOfPage\":{\"@id\":\"https:\\\/\\\/buletin.de\\\/bucuresti\\\/43-de-scoli-si-gradinite-se-renoveaza-in-sectorul-6\\\/\"},\"wordCount\":471,\"publisher\":{\"@id\":\"https:\\\/\\\/buletin.de\\\/bucuresti\\\/#organization\"},\"image\":{\"@id\":\"https:\\\/\\\/buletin.de\\\/bucuresti\\\/43-de-scoli-si-gradinite-se-renoveaza-in-sectorul-6\\\/#primaryimage\"},\"thumbnailUrl\":\"https:\\\/\\\/buletin.de\\\/bucuresti\\\/wp-content\\\/uploads\\\/2025\\\/08\\\/533077523_1178519107639358_401851948652907633_n.jpg\",\"keywords\":[\"Colegiul Na\u021bional \u201eElena Cuza\u201d\",\"Colegiul Tehnic \u201eCarol I\u201d\",\"Gr\u0103dini\u021ba nr. 273\",\"PS6\",\"reabilitare gradinite\",\"Reabilitare scoli\",\"Sector 6\"],\"articleSection\":[\"Articole\",\"Prim\u0103rie\",\"\u0218tiri\"],\"inLanguage\":\"en-GB\",\"copyrightYear\":\"2025\",\"copyrightHolder\":{\"@id\":\"https:\\\/\\\/buletin.de\\\/bucuresti\\\/#organization\"}},{\"@type\":\"WebPage\",\"@id\":\"https:\\\/\\\/buletin.de\\\/bucuresti\\\/43-de-scoli-si-gradinite-se-renoveaza-in-sectorul-6\\\/\",\"url\":\"https:\\\/\\\/buletin.de\\\/bucuresti\\\/43-de-scoli-si-gradinite-se-renoveaza-in-sectorul-6\\\/\",\"name\":\"Sector 6 | Care sunt cele 43 de \u0219coli \u0219i gr\u0103dini\u021be renovate pentru noul an \u0219colar - Buletin de Bucure\u0219ti\",\"isPartOf\":{\"@id\":\"https:\\\/\\\/buletin.de\\\/bucuresti\\\/#website\"},\"primaryImageOfPage\":{\"@id\":\"https:\\\/\\\/buletin.de\\\/bucuresti\\\/43-de-scoli-si-gradinite-se-renoveaza-in-sectorul-6\\\/#primaryimage\"},\"image\":{\"@id\":\"https:\\\/\\\/buletin.de\\\/bucuresti\\\/43-de-scoli-si-gradinite-se-renoveaza-in-sectorul-6\\\/#primaryimage\"},\"thumbnailUrl\":\"https:\\\/\\\/buletin.de\\\/bucuresti\\\/wp-content\\\/uploads\\\/2025\\\/08\\\/533077523_1178519107639358_401851948652907633_n.jpg\",\"datePublished\":\"2025-08-14T08:30:50+00:00\",\"dateModified\":\"2025-08-14T15:39:36+00:00\",\"description\":\"43 de \u0219coli \u0219i gr\u0103dini\u021be sunt \u00een proces de renovare, pentru anul \u0219colar 2025\u20112026, anun\u021b\u0103 Prim\u0103ria Sectorului 6.\",\"breadcrumb\":{\"@id\":\"https:\\\/\\\/buletin.de\\\/bucuresti\\\/43-de-scoli-si-gradinite-se-renoveaza-in-sectorul-6\\\/#breadcrumb\"},\"inLanguage\":\"en-GB\",\"potentialAction\":[{\"@type\":\"ReadAction\",\"target\":[\"https:\\\/\\\/buletin.de\\\/bucuresti\\\/43-de-scoli-si-gradinite-se-renoveaza-in-sectorul-6\\\/\"]}]},{\"@type\":\"ImageObject\",\"inLanguage\":\"en-GB\",\"@id\":\"https:\\\/\\\/buletin.de\\\/bucuresti\\\/43-de-scoli-si-gradinite-se-renoveaza-in-sectorul-6\\\/#primaryimage\",\"url\":\"https:\\\/\\\/buletin.de\\\/bucuresti\\\/wp-content\\\/uploads\\\/2025\\\/08\\\/533077523_1178519107639358_401851948652907633_n.jpg\",\"contentUrl\":\"https:\\\/\\\/buletin.de\\\/bucuresti\\\/wp-content\\\/uploads\\\/2025\\\/08\\\/533077523_1178519107639358_401851948652907633_n.jpg\",\"width\":1600,\"height\":1066,\"caption\":\"Sector 6 | 43 de \u0219coli \u0219i gr\u0103dini\u021be sunt \u00een reabilitare pentru noul an \u0219colar. FOTO: PS6\"},{\"@type\":\"BreadcrumbList\",\"@id\":\"https:\\\/\\\/buletin.de\\\/bucuresti\\\/43-de-scoli-si-gradinite-se-renoveaza-in-sectorul-6\\\/#breadcrumb\",\"itemListElement\":[{\"@type\":\"ListItem\",\"position\":1,\"name\":\"Acas\u0103\",\"item\":\"https:\\\/\\\/buletin.de\\\/bucuresti\\\/\"},{\"@type\":\"ListItem\",\"position\":2,\"name\":\"Sector 6 | Care sunt cele 43 de \u0219coli \u0219i gr\u0103dini\u021be renovate pentru noul an \u0219colar\"}]},{\"@type\":\"WebSite\",\"@id\":\"https:\\\/\\\/buletin.de\\\/bucuresti\\\/#website\",\"url\":\"https:\\\/\\\/buletin.de\\\/bucuresti\\\/\",\"name\":\"Buletin de Bucure\u0219ti\",\"description\":\"\u0218tiri \u0219i investiga\u021bii esen\u021biale din capital\u0103\",\"publisher\":{\"@id\":\"https:\\\/\\\/buletin.de\\\/bucuresti\\\/#organization\"},\"potentialAction\":[{\"@type\":\"SearchAction\",\"target\":{\"@type\":\"EntryPoint\",\"urlTemplate\":\"https:\\\/\\\/buletin.de\\\/bucuresti\\\/?s={search_term_string}\"},\"query-input\":{\"@type\":\"PropertyValueSpecification\",\"valueRequired\":true,\"valueName\":\"search_term_string\"}}],\"inLanguage\":\"en-GB\"},{\"@type\":\"Organization\",\"@id\":\"https:\\\/\\\/buletin.de\\\/bucuresti\\\/#organization\",\"name\":\"Buletin de Bucure\u0219ti\",\"url\":\"https:\\\/\\\/buletin.de\\\/bucuresti\\\/\",\"logo\":{\"@type\":\"ImageObject\",\"inLanguage\":\"en-GB\",\"@id\":\"https:\\\/\\\/buletin.de\\\/bucuresti\\\/#\\\/schema\\\/logo\\\/image\\\/\",\"url\":\"https:\\\/\\\/buletin.de\\\/bucuresti\\\/wp-content\\\/uploads\\\/logo-bdb-full-wide-vernil-transparent.png\",\"contentUrl\":\"https:\\\/\\\/buletin.de\\\/bucuresti\\\/wp-content\\\/uploads\\\/logo-bdb-full-wide-vernil-transparent.png\",\"width\":1782,\"height\":626,\"caption\":\"Buletin de Bucure\u0219ti\"},\"image\":{\"@id\":\"https:\\\/\\\/buletin.de\\\/bucuresti\\\/#\\\/schema\\\/logo\\\/image\\\/\"},\"sameAs\":[\"https:\\\/\\\/www.facebook.com\\\/buletin.de.buc\",\"https:\\\/\\\/www.instagram.com\\\/buletinde.bucuresti\\\/\"]},{\"@type\":\"Person\",\"@id\":\"https:\\\/\\\/buletin.de\\\/bucuresti\\\/#\\\/schema\\\/person\\\/7e46040573290777280a0835d81ea4ea\",\"name\":\"Diana Matei\",\"image\":{\"@type\":\"ImageObject\",\"inLanguage\":\"en-GB\",\"@id\":\"https:\\\/\\\/buletin.de\\\/bucuresti\\\/wp-content\\\/uploads\\\/9-2-96x96.jpg1e8590b30871d70e62ebcdaf2eff570c\",\"url\":\"https:\\\/\\\/buletin.de\\\/bucuresti\\\/wp-content\\\/uploads\\\/9-2-96x96.jpg\",\"contentUrl\":\"https:\\\/\\\/buletin.de\\\/bucuresti\\\/wp-content\\\/uploads\\\/9-2-96x96.jpg\",\"caption\":\"Diana Matei\"},\"url\":\"https:\\\/\\\/buletin.de\\\/bucuresti\\\/author\\\/dianamatei\\\/\"}]}<\/script>\n<!-- \/ Yoast SEO Premium plugin. -->","yoast_head_json":{"title":"Sector 6 | Care sunt cele 43 de \u0219coli \u0219i gr\u0103dini\u021be renovate pentru noul an \u0219colar - Buletin de Bucure\u0219ti","description":"43 de \u0219coli \u0219i gr\u0103dini\u021be sunt \u00een proces de renovare, pentru anul \u0219colar 2025\u20112026, anun\u021b\u0103 Prim\u0103ria Sectorului 6.","robots":{"index":"index","follow":"follow","max-snippet":"max-snippet:-1","max-image-preview":"max-image-preview:large","max-video-preview":"max-video-preview:-1"},"canonical":"https:\/\/buletin.de\/bucuresti\/43-de-scoli-si-gradinite-se-renoveaza-in-sectorul-6\/","og_locale":"en_GB","og_type":"article","og_title":"Sector 6 | Care sunt cele 43 de \u0219coli \u0219i gr\u0103dini\u021be renovate pentru noul an \u0219colar","og_description":"43 de \u0219coli \u0219i gr\u0103dini\u021be sunt \u00een proces de renovare, pentru anul \u0219colar 2025\u20112026, anun\u021b\u0103 Prim\u0103ria Sectorului 6.","og_url":"https:\/\/buletin.de\/bucuresti\/43-de-scoli-si-gradinite-se-renoveaza-in-sectorul-6\/","og_site_name":"Buletin de Bucure\u0219ti","article_publisher":"https:\/\/www.facebook.com\/buletin.de.buc","article_published_time":"2025-08-14T08:30:50+00:00","article_modified_time":"2025-08-14T15:39:36+00:00","og_image":[{"width":1600,"height":1066,"url":"https:\/\/buletin.de\/bucuresti\/wp-content\/uploads\/2025\/08\/533077523_1178519107639358_401851948652907633_n.jpg","type":"image\/jpeg"}],"author":"Diana Matei","twitter_card":"summary_large_image","twitter_misc":{"Written by":"Diana Matei","Estimated reading time":"3 minutes"},"schema":{"@context":"https:\/\/schema.org","@graph":[{"@type":"Article","@id":"https:\/\/buletin.de\/bucuresti\/43-de-scoli-si-gradinite-se-renoveaza-in-sectorul-6\/#article","isPartOf":{"@id":"https:\/\/buletin.de\/bucuresti\/43-de-scoli-si-gradinite-se-renoveaza-in-sectorul-6\/"},"author":{"name":"Diana Matei","@id":"https:\/\/buletin.de\/bucuresti\/#\/schema\/person\/7e46040573290777280a0835d81ea4ea"},"headline":"Sector 6 | Care sunt cele 43 de \u0219coli \u0219i gr\u0103dini\u021be renovate pentru noul an \u0219colar","datePublished":"2025-08-14T08:30:50+00:00","dateModified":"2025-08-14T15:39:36+00:00","mainEntityOfPage":{"@id":"https:\/\/buletin.de\/bucuresti\/43-de-scoli-si-gradinite-se-renoveaza-in-sectorul-6\/"},"wordCount":471,"publisher":{"@id":"https:\/\/buletin.de\/bucuresti\/#organization"},"image":{"@id":"https:\/\/buletin.de\/bucuresti\/43-de-scoli-si-gradinite-se-renoveaza-in-sectorul-6\/#primaryimage"},"thumbnailUrl":"https:\/\/buletin.de\/bucuresti\/wp-content\/uploads\/2025\/08\/533077523_1178519107639358_401851948652907633_n.jpg","keywords":["Colegiul Na\u021bional \u201eElena Cuza\u201d","Colegiul Tehnic \u201eCarol I\u201d","Gr\u0103dini\u021ba nr. 273","PS6","reabilitare gradinite","Reabilitare scoli","Sector 6"],"articleSection":["Articole","Prim\u0103rie","\u0218tiri"],"inLanguage":"en-GB","copyrightYear":"2025","copyrightHolder":{"@id":"https:\/\/buletin.de\/bucuresti\/#organization"}},{"@type":"WebPage","@id":"https:\/\/buletin.de\/bucuresti\/43-de-scoli-si-gradinite-se-renoveaza-in-sectorul-6\/","url":"https:\/\/buletin.de\/bucuresti\/43-de-scoli-si-gradinite-se-renoveaza-in-sectorul-6\/","name":"Sector 6 | Care sunt cele 43 de \u0219coli \u0219i gr\u0103dini\u021be renovate pentru noul an \u0219colar - Buletin de Bucure\u0219ti","isPartOf":{"@id":"https:\/\/buletin.de\/bucuresti\/#website"},"primaryImageOfPage":{"@id":"https:\/\/buletin.de\/bucuresti\/43-de-scoli-si-gradinite-se-renoveaza-in-sectorul-6\/#primaryimage"},"image":{"@id":"https:\/\/buletin.de\/bucuresti\/43-de-scoli-si-gradinite-se-renoveaza-in-sectorul-6\/#primaryimage"},"thumbnailUrl":"https:\/\/buletin.de\/bucuresti\/wp-content\/uploads\/2025\/08\/533077523_1178519107639358_401851948652907633_n.jpg","datePublished":"2025-08-14T08:30:50+00:00","dateModified":"2025-08-14T15:39:36+00:00","description":"43 de \u0219coli \u0219i gr\u0103dini\u021be sunt \u00een proces de renovare, pentru anul \u0219colar 2025\u20112026, anun\u021b\u0103 Prim\u0103ria Sectorului 6.","breadcrumb":{"@id":"https:\/\/buletin.de\/bucuresti\/43-de-scoli-si-gradinite-se-renoveaza-in-sectorul-6\/#breadcrumb"},"inLanguage":"en-GB","potentialAction":[{"@type":"ReadAction","target":["https:\/\/buletin.de\/bucuresti\/43-de-scoli-si-gradinite-se-renoveaza-in-sectorul-6\/"]}]},{"@type":"ImageObject","inLanguage":"en-GB","@id":"https:\/\/buletin.de\/bucuresti\/43-de-scoli-si-gradinite-se-renoveaza-in-sectorul-6\/#primaryimage","url":"https:\/\/buletin.de\/bucuresti\/wp-content\/uploads\/2025\/08\/533077523_1178519107639358_401851948652907633_n.jpg","contentUrl":"https:\/\/buletin.de\/bucuresti\/wp-content\/uploads\/2025\/08\/533077523_1178519107639358_401851948652907633_n.jpg","width":1600,"height":1066,"caption":"Sector 6 | 43 de \u0219coli \u0219i gr\u0103dini\u021be sunt \u00een reabilitare pentru noul an \u0219colar. FOTO: PS6"},{"@type":"BreadcrumbList","@id":"https:\/\/buletin.de\/bucuresti\/43-de-scoli-si-gradinite-se-renoveaza-in-sectorul-6\/#breadcrumb","itemListElement":[{"@type":"ListItem","position":1,"name":"Acas\u0103","item":"https:\/\/buletin.de\/bucuresti\/"},{"@type":"ListItem","position":2,"name":"Sector 6 | Care sunt cele 43 de \u0219coli \u0219i gr\u0103dini\u021be renovate pentru noul an \u0219colar"}]},{"@type":"WebSite","@id":"https:\/\/buletin.de\/bucuresti\/#website","url":"https:\/\/buletin.de\/bucuresti\/","name":"Buletin de Bucure\u0219ti","description":"\u0218tiri \u0219i investiga\u021bii esen\u021biale din capital\u0103","publisher":{"@id":"https:\/\/buletin.de\/bucuresti\/#organization"},"potentialAction":[{"@type":"SearchAction","target":{"@type":"EntryPoint","urlTemplate":"https:\/\/buletin.de\/bucuresti\/?s={search_term_string}"},"query-input":{"@type":"PropertyValueSpecification","valueRequired":true,"valueName":"search_term_string"}}],"inLanguage":"en-GB"},{"@type":"Organization","@id":"https:\/\/buletin.de\/bucuresti\/#organization","name":"Buletin de Bucure\u0219ti","url":"https:\/\/buletin.de\/bucuresti\/","logo":{"@type":"ImageObject","inLanguage":"en-GB","@id":"https:\/\/buletin.de\/bucuresti\/#\/schema\/logo\/image\/","url":"https:\/\/buletin.de\/bucuresti\/wp-content\/uploads\/logo-bdb-full-wide-vernil-transparent.png","contentUrl":"https:\/\/buletin.de\/bucuresti\/wp-content\/uploads\/logo-bdb-full-wide-vernil-transparent.png","width":1782,"height":626,"caption":"Buletin de Bucure\u0219ti"},"image":{"@id":"https:\/\/buletin.de\/bucuresti\/#\/schema\/logo\/image\/"},"sameAs":["https:\/\/www.facebook.com\/buletin.de.buc","https:\/\/www.instagram.com\/buletinde.bucuresti\/"]},{"@type":"Person","@id":"https:\/\/buletin.de\/bucuresti\/#\/schema\/person\/7e46040573290777280a0835d81ea4ea","name":"Diana Matei","image":{"@type":"ImageObject","inLanguage":"en-GB","@id":"https:\/\/buletin.de\/bucuresti\/wp-content\/uploads\/9-2-96x96.jpg1e8590b30871d70e62ebcdaf2eff570c","url":"https:\/\/buletin.de\/bucuresti\/wp-content\/uploads\/9-2-96x96.jpg","contentUrl":"https:\/\/buletin.de\/bucuresti\/wp-content\/uploads\/9-2-96x96.jpg","caption":"Diana Matei"},"url":"https:\/\/buletin.de\/bucuresti\/author\/dianamatei\/"}]}},"authors":[{"term_id":22574,"user_id":49,"is_guest":0,"slug":"dianamatei","display_name":"Diana Matei","avatar_url":"https:\/\/buletin.de\/bucuresti\/wp-content\/uploads\/9-2-96x96.jpg","0":null,"1":"","2":"","3":"","4":"","5":"","6":"","7":"","8":""}],"_links":{"self":[{"href":"https:\/\/buletin.de\/bucuresti\/wp-json\/wp\/v2\/posts\/143504","targetHints":{"allow":["GET"]}}],"collection":[{"href":"https:\/\/buletin.de\/bucuresti\/wp-json\/wp\/v2\/posts"}],"about":[{"href":"https:\/\/buletin.de\/bucuresti\/wp-json\/wp\/v2\/types\/post"}],"author":[{"embeddable":true,"href":"https:\/\/buletin.de\/bucuresti\/wp-json\/wp\/v2\/users\/49"}],"replies":[{"embeddable":true,"href":"https:\/\/buletin.de\/bucuresti\/wp-json\/wp\/v2\/comments?post=143504"}],"version-history":[{"count":3,"href":"https:\/\/buletin.de\/bucuresti\/wp-json\/wp\/v2\/posts\/143504\/revisions"}],"predecessor-version":[{"id":143549,"href":"https:\/\/buletin.de\/bucuresti\/wp-json\/wp\/v2\/posts\/143504\/revisions\/143549"}],"wp:featuredmedia":[{"embeddable":true,"href":"https:\/\/buletin.de\/bucuresti\/wp-json\/wp\/v2\/media\/143509"}],"wp:attachment":[{"href":"https:\/\/buletin.de\/bucuresti\/wp-json\/wp\/v2\/media?parent=143504"}],"wp:term":[{"taxonomy":"category","embeddable":true,"href":"https:\/\/buletin.de\/bucuresti\/wp-json\/wp\/v2\/categories?post=143504"},{"taxonomy":"post_tag","embeddable":true,"href":"https:\/\/buletin.de\/bucuresti\/wp-json\/wp\/v2\/tags?post=143504"},{"taxonomy":"author","embeddable":true,"href":"https:\/\/buletin.de\/bucuresti\/wp-json\/wp\/v2\/ppma_author?post=143504"}],"curies":[{"name":"wp","href":"https:\/\/api.w.org\/{rel}","templated":true}]}}