{"id":143491,"date":"2025-08-14T09:51:53","date_gmt":"2025-08-14T06:51:53","guid":{"rendered":"https:\/\/buletin.de\/bucuresti\/?p=143491"},"modified":"2025-08-14T10:55:54","modified_gmt":"2025-08-14T07:55:54","slug":"raport-vara-din-2024-cea-mai-calduroasa-din-istoria-capitalei-unde-se-afla-epicentrul-insulei-de-caldura","status":"publish","type":"post","link":"https:\/\/buletin.de\/bucuresti\/raport-vara-din-2024-cea-mai-calduroasa-din-istoria-capitalei-unde-se-afla-epicentrul-insulei-de-caldura\/","title":{"rendered":"RAPORT | Vara din 2024, cea mai c\u0103lduroas\u0103 din istoria Capitalei. Unde se afl\u0103 epicentrul \u201einsulei de c\u0103ldur\u0103\u201d"},"content":{"rendered":"\n<p><strong>Vara anului 2024 a intrat \u00een istorie drept cea mai c\u0103lduroas\u0103 pe care a tr\u0103it-o Bucure\u0219tiul de c\u00e2nd exist\u0103 m\u0103sur\u0103tori meteorologice, arat\u0103 un studiu recent, \u201eStarea Mediului Bucure\u0219ti 2025\u201d, realizat de <a href=\"https:\/\/platformademediu.ro\/\" target=\"_blank\" rel=\"noreferrer noopener\">Platforma pentru Mediu Bucure\u0219ti<\/a>. <\/strong><\/p>\n\n\n\n<p><strong>Cu o temperatur\u0103 medie de 27,43\u00b0C, adic\u0103 +5,96\u00b0C peste media multianual\u0103, Capitala a fost sufocat\u0103 de patru valuri de c\u0103ldur\u0103 consecutive, desf\u0103\u0219urate \u00eentre sf\u00e2r\u0219itul lunii mai \u0219i sf\u00e2r\u0219itul lunii august.<\/strong><\/p>\n\n\n\n<p>\u00cen meteorologie, un val de c\u0103ldur\u0103 \u00eenseamn\u0103 o perioad\u0103 de cel pu\u021bin trei zile consecutive \u00een care temperaturile maxime dep\u0103\u0219esc constant 30\u201340\u00b0C, dep\u0103\u0219ind semnificativ valorile normale. <\/p>\n\n\n\n<p>\u00cen 2024, fenomenul nu a fost doar prezent, ci \u0219i extrem de intens, se arat\u0103 \u00een cercetarea \u201eStarea Mediului Bucure\u0219ti 2025\u201d, realizat de Platforma pentru Mediu Bucure\u0219ti.<\/p>\n\n\n\n<p>Conform datelor \u00eenregistrate la sta\u021bia meteorologic\u0103 Bucure\u0219ti-Filaret, \u00een perioada 1980\u20132024 s-a constatat o cre\u0219tere cu 24,4 de zile a num\u0103rului de zile cu temperaturi peste 35\u00b0C, comparativ cu media istoric\u0103. Cre\u0219terea medie a temperaturii verii pentru aceast\u0103 perioad\u0103 a fost de +4,31\u00b0C, iar recordul absolut a fost atins \u00een 2024.<\/p>\n\n\n\n<figure class=\"wp-block-image size-full\"><img fetchpriority=\"high\" decoding=\"async\" width=\"996\" height=\"502\" src=\"data:image\/gif;base64,R0lGODlhAQABAAAAACH5BAEKAAEALAAAAAABAAEAAAICTAEAOw==\" data-src=\"https:\/\/buletin.de\/bucuresti\/wp-content\/uploads\/2025\/08\/insulele-de-caldura-1.jpg\" alt=\"cea mai c\u0103lduroas\u0103\" class=\"wp-image-143494 lazyload\" data-sizes=\"auto\" data-srcset=\"https:\/\/buletin.de\/bucuresti\/wp-content\/uploads\/2025\/08\/insulele-de-caldura-1.jpg 996w, https:\/\/buletin.de\/bucuresti\/wp-content\/uploads\/2025\/08\/insulele-de-caldura-1-300x151.jpg 300w, https:\/\/buletin.de\/bucuresti\/wp-content\/uploads\/2025\/08\/insulele-de-caldura-1-768x387.jpg 768w, https:\/\/buletin.de\/bucuresti\/wp-content\/uploads\/2025\/08\/insulele-de-caldura-1-600x302.jpg 600w, https:\/\/buletin.de\/bucuresti\/wp-content\/uploads\/2025\/08\/insulele-de-caldura-1-20x10.jpg 20w\" sizes=\"(max-width: 996px) 100vw, 996px\" \/><figcaption class=\"wp-element-caption\">Vara cea mai c\u0103lduroas\u0103 din istoria Bucure\u0219tiului<\/figcaption><\/figure>\n\n\n\n<p>Potrivit cercet\u0103rii, cele patru valuri de c\u0103ldur\u0103 din vara trecut\u0103 au fost \u00eenregistrate \u00een intervalele:<\/p>\n\n\n\n<p><strong>31 mai \u2013 13 iunie 2024: <mark style=\"background-color:rgba(0, 0, 0, 0)\" class=\"has-inline-color has-vivid-red-color\">14 zile<\/mark>, intensitate cumulat\u0103 114,04\u00b0C<\/strong><\/p>\n\n\n\n<p><strong>17 iunie \u2013 2 iulie 2024: <mark style=\"background-color:rgba(0, 0, 0, 0)\" class=\"has-inline-color has-vivid-red-color\">16 zile<\/mark>, intensitate cumulat\u0103 115,34\u00b0C<\/strong><\/p>\n\n\n\n<p><strong>6 iulie \u2013 21 iulie 2024: <mark style=\"background-color:rgba(0, 0, 0, 0)\" class=\"has-inline-color has-vivid-red-color\">16 zile<\/mark>, intensitate cumulat\u0103 152,02\u00b0C \u2013 cel mai intens val de c\u0103ldur\u0103 din istoria \u00eenregistr\u0103rilor meteorologice \u00een Bucure\u0219ti<\/strong><\/p>\n\n\n\n<p><strong>11 august \u2013 27 august 2024: <mark style=\"background-color:rgba(0, 0, 0, 0)\" class=\"has-inline-color has-vivid-red-color\">17 zile<\/mark>, intensitate cumulat\u0103 143,62\u00b0C<\/strong><\/p>\n\n\n\n<p>Durata cumulat\u0103 a acestor episoade a fost de 63 de zile (adic\u0103 68% din \u00eentreaga var\u0103 calendaristic\u0103), cu o intensitate total\u0103 de 522\u00b0C, de peste dou\u0103 ori mai mare dec\u00e2t recordul anterior din 1946.<\/p>\n\n\n\n<h2 class=\"wp-block-heading\" id=\"h-insula-de-caldura-din-capitala-unde-este-cel-mai-fierbinte-punct\">\u201eInsula de c\u0103ldur\u0103\u201d din Capital\u0103 \u2013 unde este cel mai fierbinte punct<\/h2>\n\n\n\n<p><strong>Fenomenul de \u201einsul\u0103 de c\u0103ldur\u0103 urban\u0103\u201d se refer\u0103 la diferen\u021bele de temperatur\u0103 dintre zonele urbane \u0219i cele periurbane, cauzate de densitatea construc\u021biilor, lipsa vegeta\u021biei \u0219i acumularea de c\u0103ldur\u0103 \u00een asfalt \u0219i beton.<\/strong><\/p>\n\n\n\n<p>\u00cen Bucure\u0219ti, temperatura medie multianual\u0103 este cu 0,9\u20131,2\u00b0C mai mare dec\u00e2t \u00een zonele limitrofe, dar \u00een zilele toride diferen\u021bele instantanee pot ajunge la +4\u20138\u00b0C. Vara, diferen\u021ba medie este de +3,7\u00b0C.<\/p>\n\n\n\n<p>Conform h\u0103r\u021bii termice realizate \u00een cadrul studiului, cea mai intens\u0103 zon\u0103 a insulei de c\u0103ldur\u0103 se afl\u0103 \u00een centrul Capitalei, \u00een special \u00een perimetrul Roman\u0103 \u2013 Universitate \u2013 Unirii, unde valorile medii ating frecvent 15,5\u00b0C.<br>Un maxim se contureaz\u0103 \u00een zona Gara de Nord, iar cartierele dens construite precum Militari, Rahova sau Pantelimon prezint\u0103, de asemenea, temperaturi ridicate.<\/p>\n\n\n\n<p>Zonele cu cele mai mici temperaturi medii se reg\u0103sesc \u00een jurul parcurilor mari (Herastr\u0103u, Tineretului, Titan) \u0219i \u00een proximitatea Parcului Natural V\u0103c\u0103re\u0219ti, unde vegeta\u021bia \u0219i prezen\u021ba apei reduc efectul de supra\u00eenc\u0103lzire.<\/p>\n\n\n\n<h2 class=\"wp-block-heading\" id=\"h-cea-mai-calduroasa-vara-riscurile-insulei-de-caldura\">Cea mai c\u0103lduroas\u0103 var\u0103. \u201eRiscurile\u201d insulei de c\u0103ldur\u0103<\/h2>\n\n\n\n<p><strong>Pe timp de var\u0103, insula de c\u0103ldur\u0103 nu doar cre\u0219te temperaturile resim\u021bite, ci \u0219i modific\u0103 tiparele de precipita\u021bii. Potrivit raportului, \u00een centrul ora\u0219ului, ploile de var\u0103 sunt mai intense, \u00een timp ce periferia prime\u0219te mai multe ninsori iarna.<\/strong><\/p>\n\n\n\n<p>Fenomenul reduce num\u0103rul de zile cu cea\u021b\u0103, chiciur\u0103, strat de z\u0103pad\u0103 \u0219i precipita\u021bii solide.<\/p>\n\n\n\n<p>\u00cen combina\u021bie cu valurile de c\u0103ldur\u0103, efectele asupra s\u0103n\u0103t\u0103\u021bii popula\u021biei devin severe, cresc\u00e2nd riscul de insola\u021bii, deshidratare \u0219i afec\u021biuni cardiovasculare, se mai arat\u0103 \u00een cercetare.<\/p>\n\n\n\n<p><strong>CITE\u015eTE \u015eI <a href=\"https:\/\/buletin.de\/bucuresti\/raport-poluarea-aerului-nu-se-limiteaza-la-emisiile-de-esapament-cate-masini-electrice-si-hibrid-circula-prin-capitala\/\">RAPORT | Poluarea aerului nu se limiteaz\u0103 la emisiile de e\u0219apament. C\u00e2te ma\u0219ini electrice \u0219i hibrid circul\u0103 prin Capital\u0103<\/a><\/strong><\/p>\n\n\n\n<p><\/p>\n","protected":false},"excerpt":{"rendered":"<p>Vara anului 2024 a intrat \u00een istorie drept cea mai c\u0103lduroas\u0103 pe care a tr\u0103it-o Bucure\u0219tiul de c\u00e2nd exist\u0103 m\u0103sur\u0103tori meteorologice, arat\u0103 un studiu recent, \u201eStarea Mediului Bucure\u0219ti 2025\u201d, realizat de Platforma pentru Mediu Bucure\u0219ti. Cu o temperatur\u0103 medie de 27,43\u00b0C, adic\u0103 +5,96\u00b0C peste media multianual\u0103, Capitala a fost sufocat\u0103 de patru valuri de c\u0103ldur\u0103 [&hellip;]<\/p>\n","protected":false},"author":10,"featured_media":143493,"comment_status":"closed","ping_status":"open","sticky":false,"template":"","format":"standard","meta":{"_acf_changed":false,"inline_featured_image":false,"ngg_post_thumbnail":0,"footnotes":""},"categories":[6994,5762,109],"tags":[9,2998,23284,4308,23283],"ppma_author":[22575],"class_list":["post-143491","post","type-post","status-publish","format-standard","has-post-thumbnail","hentry","category-stiri-2","category-main","category-mediu","tag-bucuresti","tag-canicula","tag-insula-de-caldura","tag-temperaturi","tag-val-de-caldura"],"acf":[],"yoast_head":"<!-- This site is optimized with the Yoast SEO Premium plugin v25.3 (Yoast SEO v27.4) - https:\/\/yoast.com\/product\/yoast-seo-premium-wordpress\/ -->\n<title>RAPORT | Vara din 2024, cea mai c\u0103lduroas\u0103 din istoria Capitalei. Unde se afl\u0103 epicentrul \u201einsulei de c\u0103ldur\u0103\u201d - Buletin de Bucure\u0219ti<\/title>\n<meta name=\"description\" content=\"Vara anului 2024 a intrat \u00een istorie drept cea mai c\u0103lduroas\u0103 pe care a tr\u0103it-o Bucure\u0219tiul de c\u00e2nd exist\u0103 m\u0103sur\u0103tori meteorologice.\" \/>\n<meta name=\"robots\" content=\"index, follow, max-snippet:-1, max-image-preview:large, max-video-preview:-1\" \/>\n<link rel=\"canonical\" href=\"https:\/\/buletin.de\/bucuresti\/raport-vara-din-2024-cea-mai-calduroasa-din-istoria-capitalei-unde-se-afla-epicentrul-insulei-de-caldura\/\" \/>\n<meta property=\"og:locale\" content=\"en_GB\" \/>\n<meta property=\"og:type\" content=\"article\" \/>\n<meta property=\"og:title\" content=\"RAPORT | Vara din 2024, cea mai c\u0103lduroas\u0103 din istoria Capitalei. Unde se afl\u0103 epicentrul \u201einsulei de c\u0103ldur\u0103\u201d\" \/>\n<meta property=\"og:description\" content=\"Vara anului 2024 a intrat \u00een istorie drept cea mai c\u0103lduroas\u0103 pe care a tr\u0103it-o Bucure\u0219tiul de c\u00e2nd exist\u0103 m\u0103sur\u0103tori meteorologice.\" \/>\n<meta property=\"og:url\" content=\"https:\/\/buletin.de\/bucuresti\/raport-vara-din-2024-cea-mai-calduroasa-din-istoria-capitalei-unde-se-afla-epicentrul-insulei-de-caldura\/\" \/>\n<meta property=\"og:site_name\" content=\"Buletin de Bucure\u0219ti\" \/>\n<meta property=\"article:publisher\" content=\"https:\/\/www.facebook.com\/buletin.de.buc\" \/>\n<meta property=\"article:published_time\" content=\"2025-08-14T06:51:53+00:00\" \/>\n<meta property=\"article:modified_time\" content=\"2025-08-14T07:55:54+00:00\" \/>\n<meta property=\"og:image\" content=\"https:\/\/buletin.de\/bucuresti\/wp-content\/uploads\/2025\/08\/insulele-de-caldura.jpg\" \/>\n\t<meta property=\"og:image:width\" content=\"996\" \/>\n\t<meta property=\"og:image:height\" content=\"502\" \/>\n\t<meta property=\"og:image:type\" content=\"image\/jpeg\" \/>\n<meta name=\"author\" content=\"C\u0103t\u0103lin Dosca\u0219\" \/>\n<meta name=\"twitter:card\" content=\"summary_large_image\" \/>\n<meta name=\"twitter:label1\" content=\"Written by\" \/>\n\t<meta name=\"twitter:data1\" content=\"C\u0103t\u0103lin Dosca\u0219\" \/>\n\t<meta name=\"twitter:label2\" content=\"Estimated reading time\" \/>\n\t<meta name=\"twitter:data2\" content=\"3 minutes\" \/>\n<script type=\"application\/ld+json\" class=\"yoast-schema-graph\">{\"@context\":\"https:\\\/\\\/schema.org\",\"@graph\":[{\"@type\":\"Article\",\"@id\":\"https:\\\/\\\/buletin.de\\\/bucuresti\\\/raport-vara-din-2024-cea-mai-calduroasa-din-istoria-capitalei-unde-se-afla-epicentrul-insulei-de-caldura\\\/#article\",\"isPartOf\":{\"@id\":\"https:\\\/\\\/buletin.de\\\/bucuresti\\\/raport-vara-din-2024-cea-mai-calduroasa-din-istoria-capitalei-unde-se-afla-epicentrul-insulei-de-caldura\\\/\"},\"author\":{\"name\":\"C\u0103t\u0103lin Dosca\u0219\",\"@id\":\"https:\\\/\\\/buletin.de\\\/bucuresti\\\/#\\\/schema\\\/person\\\/31117187ed4d0bdb0a4c7d6acc79d0f8\"},\"headline\":\"RAPORT | Vara din 2024, cea mai c\u0103lduroas\u0103 din istoria Capitalei. Unde se afl\u0103 epicentrul \u201einsulei de c\u0103ldur\u0103\u201d\",\"datePublished\":\"2025-08-14T06:51:53+00:00\",\"dateModified\":\"2025-08-14T07:55:54+00:00\",\"mainEntityOfPage\":{\"@id\":\"https:\\\/\\\/buletin.de\\\/bucuresti\\\/raport-vara-din-2024-cea-mai-calduroasa-din-istoria-capitalei-unde-se-afla-epicentrul-insulei-de-caldura\\\/\"},\"wordCount\":612,\"publisher\":{\"@id\":\"https:\\\/\\\/buletin.de\\\/bucuresti\\\/#organization\"},\"image\":{\"@id\":\"https:\\\/\\\/buletin.de\\\/bucuresti\\\/raport-vara-din-2024-cea-mai-calduroasa-din-istoria-capitalei-unde-se-afla-epicentrul-insulei-de-caldura\\\/#primaryimage\"},\"thumbnailUrl\":\"https:\\\/\\\/buletin.de\\\/bucuresti\\\/wp-content\\\/uploads\\\/2025\\\/08\\\/insulele-de-caldura.jpg\",\"keywords\":[\"bucuresti\",\"canicula\",\"insula de caldura\",\"temperaturi\",\"val de caldura\"],\"articleSection\":[\"Articole\",\"Main\",\"Mediu\"],\"inLanguage\":\"en-GB\",\"copyrightYear\":\"2025\",\"copyrightHolder\":{\"@id\":\"https:\\\/\\\/buletin.de\\\/bucuresti\\\/#organization\"}},{\"@type\":\"WebPage\",\"@id\":\"https:\\\/\\\/buletin.de\\\/bucuresti\\\/raport-vara-din-2024-cea-mai-calduroasa-din-istoria-capitalei-unde-se-afla-epicentrul-insulei-de-caldura\\\/\",\"url\":\"https:\\\/\\\/buletin.de\\\/bucuresti\\\/raport-vara-din-2024-cea-mai-calduroasa-din-istoria-capitalei-unde-se-afla-epicentrul-insulei-de-caldura\\\/\",\"name\":\"RAPORT | Vara din 2024, cea mai c\u0103lduroas\u0103 din istoria Capitalei. Unde se afl\u0103 epicentrul \u201einsulei de c\u0103ldur\u0103\u201d - Buletin de Bucure\u0219ti\",\"isPartOf\":{\"@id\":\"https:\\\/\\\/buletin.de\\\/bucuresti\\\/#website\"},\"primaryImageOfPage\":{\"@id\":\"https:\\\/\\\/buletin.de\\\/bucuresti\\\/raport-vara-din-2024-cea-mai-calduroasa-din-istoria-capitalei-unde-se-afla-epicentrul-insulei-de-caldura\\\/#primaryimage\"},\"image\":{\"@id\":\"https:\\\/\\\/buletin.de\\\/bucuresti\\\/raport-vara-din-2024-cea-mai-calduroasa-din-istoria-capitalei-unde-se-afla-epicentrul-insulei-de-caldura\\\/#primaryimage\"},\"thumbnailUrl\":\"https:\\\/\\\/buletin.de\\\/bucuresti\\\/wp-content\\\/uploads\\\/2025\\\/08\\\/insulele-de-caldura.jpg\",\"datePublished\":\"2025-08-14T06:51:53+00:00\",\"dateModified\":\"2025-08-14T07:55:54+00:00\",\"description\":\"Vara anului 2024 a intrat \u00een istorie drept cea mai c\u0103lduroas\u0103 pe care a tr\u0103it-o Bucure\u0219tiul de c\u00e2nd exist\u0103 m\u0103sur\u0103tori meteorologice.\",\"breadcrumb\":{\"@id\":\"https:\\\/\\\/buletin.de\\\/bucuresti\\\/raport-vara-din-2024-cea-mai-calduroasa-din-istoria-capitalei-unde-se-afla-epicentrul-insulei-de-caldura\\\/#breadcrumb\"},\"inLanguage\":\"en-GB\",\"potentialAction\":[{\"@type\":\"ReadAction\",\"target\":[\"https:\\\/\\\/buletin.de\\\/bucuresti\\\/raport-vara-din-2024-cea-mai-calduroasa-din-istoria-capitalei-unde-se-afla-epicentrul-insulei-de-caldura\\\/\"]}]},{\"@type\":\"ImageObject\",\"inLanguage\":\"en-GB\",\"@id\":\"https:\\\/\\\/buletin.de\\\/bucuresti\\\/raport-vara-din-2024-cea-mai-calduroasa-din-istoria-capitalei-unde-se-afla-epicentrul-insulei-de-caldura\\\/#primaryimage\",\"url\":\"https:\\\/\\\/buletin.de\\\/bucuresti\\\/wp-content\\\/uploads\\\/2025\\\/08\\\/insulele-de-caldura.jpg\",\"contentUrl\":\"https:\\\/\\\/buletin.de\\\/bucuresti\\\/wp-content\\\/uploads\\\/2025\\\/08\\\/insulele-de-caldura.jpg\",\"width\":996,\"height\":502,\"caption\":\"Vara din 2024, cea mai c\u0103lduroas\u0103 din istoria Capitalei\"},{\"@type\":\"BreadcrumbList\",\"@id\":\"https:\\\/\\\/buletin.de\\\/bucuresti\\\/raport-vara-din-2024-cea-mai-calduroasa-din-istoria-capitalei-unde-se-afla-epicentrul-insulei-de-caldura\\\/#breadcrumb\",\"itemListElement\":[{\"@type\":\"ListItem\",\"position\":1,\"name\":\"Acas\u0103\",\"item\":\"https:\\\/\\\/buletin.de\\\/bucuresti\\\/\"},{\"@type\":\"ListItem\",\"position\":2,\"name\":\"RAPORT | Vara din 2024, cea mai c\u0103lduroas\u0103 din istoria Capitalei. Unde se afl\u0103 epicentrul \u201einsulei de c\u0103ldur\u0103\u201d\"}]},{\"@type\":\"WebSite\",\"@id\":\"https:\\\/\\\/buletin.de\\\/bucuresti\\\/#website\",\"url\":\"https:\\\/\\\/buletin.de\\\/bucuresti\\\/\",\"name\":\"Buletin de Bucure\u0219ti\",\"description\":\"\u0218tiri \u0219i investiga\u021bii esen\u021biale din capital\u0103\",\"publisher\":{\"@id\":\"https:\\\/\\\/buletin.de\\\/bucuresti\\\/#organization\"},\"potentialAction\":[{\"@type\":\"SearchAction\",\"target\":{\"@type\":\"EntryPoint\",\"urlTemplate\":\"https:\\\/\\\/buletin.de\\\/bucuresti\\\/?s={search_term_string}\"},\"query-input\":{\"@type\":\"PropertyValueSpecification\",\"valueRequired\":true,\"valueName\":\"search_term_string\"}}],\"inLanguage\":\"en-GB\"},{\"@type\":\"Organization\",\"@id\":\"https:\\\/\\\/buletin.de\\\/bucuresti\\\/#organization\",\"name\":\"Buletin de Bucure\u0219ti\",\"url\":\"https:\\\/\\\/buletin.de\\\/bucuresti\\\/\",\"logo\":{\"@type\":\"ImageObject\",\"inLanguage\":\"en-GB\",\"@id\":\"https:\\\/\\\/buletin.de\\\/bucuresti\\\/#\\\/schema\\\/logo\\\/image\\\/\",\"url\":\"https:\\\/\\\/buletin.de\\\/bucuresti\\\/wp-content\\\/uploads\\\/logo-bdb-full-wide-vernil-transparent.png\",\"contentUrl\":\"https:\\\/\\\/buletin.de\\\/bucuresti\\\/wp-content\\\/uploads\\\/logo-bdb-full-wide-vernil-transparent.png\",\"width\":1782,\"height\":626,\"caption\":\"Buletin de Bucure\u0219ti\"},\"image\":{\"@id\":\"https:\\\/\\\/buletin.de\\\/bucuresti\\\/#\\\/schema\\\/logo\\\/image\\\/\"},\"sameAs\":[\"https:\\\/\\\/www.facebook.com\\\/buletin.de.buc\",\"https:\\\/\\\/www.instagram.com\\\/buletinde.bucuresti\\\/\"]},{\"@type\":\"Person\",\"@id\":\"https:\\\/\\\/buletin.de\\\/bucuresti\\\/#\\\/schema\\\/person\\\/31117187ed4d0bdb0a4c7d6acc79d0f8\",\"name\":\"C\u0103t\u0103lin Dosca\u0219\",\"image\":{\"@type\":\"ImageObject\",\"inLanguage\":\"en-GB\",\"@id\":\"https:\\\/\\\/buletin.de\\\/bucuresti\\\/wp-content\\\/uploads\\\/Catalin-Doscas-e1732731064764-96x96.jpga93e2943bb3b1c1f9ead823df6e6317a\",\"url\":\"https:\\\/\\\/buletin.de\\\/bucuresti\\\/wp-content\\\/uploads\\\/Catalin-Doscas-e1732731064764-96x96.jpg\",\"contentUrl\":\"https:\\\/\\\/buletin.de\\\/bucuresti\\\/wp-content\\\/uploads\\\/Catalin-Doscas-e1732731064764-96x96.jpg\",\"caption\":\"C\u0103t\u0103lin Dosca\u0219\"},\"description\":\"Reporter \u0219i redactor-\u0219ef Buletin de Bucure\u0219ti. Lucreaz\u0103 \u00een mass-media de la v\u00e2rsta de 15 ani, c\u00e2nd a publicat primele articole \u00een presa local\u0103 din Tecuci. \u00cen Bucure\u0219ti a lucrat \u00een redac\u021bii radio ca reporter, redactor \u0219i prezentator (StudentFM, Na\u021bionalFM, Radio Total, Smart FM), unde a acoperit domeniile politic, economic, social \u0219i externe. Ulterior, a fost editor-coordonator al postului Realitatea FM. Experien\u021ba \u00een jurnalismul online a dob\u00e2ndit-o la portalul B365.ro, unde a fost editor. \u00cen 2012 s-a angajat \u00een televiziune. La Realitatea TV a fost, pe r\u00e2nd, reporter la sec\u021bia Social, reporter special la emisiunea de reportaje \u0219i anchete \u201eReporterii Realit\u0103\u021bii\u201d, dar \u0219i editor al jurnalelor de \u0219tiri. Ulterior, a f\u0103cut parte din sec\u021bia de Investiga\u021bii de la Digi24 \u0219i a lucrat la campania \u201eRom\u00e2nia furat\u0103\u201d. A revenit \u00een presa scris\u0103 \u00een 2017, ca reporter special, \u00een cadrul unui proiect de repozi\u021bionare a tabloidului Libertatea \u00een cotidian generalist. Este jurnalist Buletin de Bucure\u0219ti din 2019.\",\"url\":\"https:\\\/\\\/buletin.de\\\/bucuresti\\\/author\\\/catalin\\\/\"}]}<\/script>\n<!-- \/ Yoast SEO Premium plugin. -->","yoast_head_json":{"title":"RAPORT | Vara din 2024, cea mai c\u0103lduroas\u0103 din istoria Capitalei. Unde se afl\u0103 epicentrul \u201einsulei de c\u0103ldur\u0103\u201d - Buletin de Bucure\u0219ti","description":"Vara anului 2024 a intrat \u00een istorie drept cea mai c\u0103lduroas\u0103 pe care a tr\u0103it-o Bucure\u0219tiul de c\u00e2nd exist\u0103 m\u0103sur\u0103tori meteorologice.","robots":{"index":"index","follow":"follow","max-snippet":"max-snippet:-1","max-image-preview":"max-image-preview:large","max-video-preview":"max-video-preview:-1"},"canonical":"https:\/\/buletin.de\/bucuresti\/raport-vara-din-2024-cea-mai-calduroasa-din-istoria-capitalei-unde-se-afla-epicentrul-insulei-de-caldura\/","og_locale":"en_GB","og_type":"article","og_title":"RAPORT | Vara din 2024, cea mai c\u0103lduroas\u0103 din istoria Capitalei. Unde se afl\u0103 epicentrul \u201einsulei de c\u0103ldur\u0103\u201d","og_description":"Vara anului 2024 a intrat \u00een istorie drept cea mai c\u0103lduroas\u0103 pe care a tr\u0103it-o Bucure\u0219tiul de c\u00e2nd exist\u0103 m\u0103sur\u0103tori meteorologice.","og_url":"https:\/\/buletin.de\/bucuresti\/raport-vara-din-2024-cea-mai-calduroasa-din-istoria-capitalei-unde-se-afla-epicentrul-insulei-de-caldura\/","og_site_name":"Buletin de Bucure\u0219ti","article_publisher":"https:\/\/www.facebook.com\/buletin.de.buc","article_published_time":"2025-08-14T06:51:53+00:00","article_modified_time":"2025-08-14T07:55:54+00:00","og_image":[{"width":996,"height":502,"url":"https:\/\/buletin.de\/bucuresti\/wp-content\/uploads\/2025\/08\/insulele-de-caldura.jpg","type":"image\/jpeg"}],"author":"C\u0103t\u0103lin Dosca\u0219","twitter_card":"summary_large_image","twitter_misc":{"Written by":"C\u0103t\u0103lin Dosca\u0219","Estimated reading time":"3 minutes"},"schema":{"@context":"https:\/\/schema.org","@graph":[{"@type":"Article","@id":"https:\/\/buletin.de\/bucuresti\/raport-vara-din-2024-cea-mai-calduroasa-din-istoria-capitalei-unde-se-afla-epicentrul-insulei-de-caldura\/#article","isPartOf":{"@id":"https:\/\/buletin.de\/bucuresti\/raport-vara-din-2024-cea-mai-calduroasa-din-istoria-capitalei-unde-se-afla-epicentrul-insulei-de-caldura\/"},"author":{"name":"C\u0103t\u0103lin Dosca\u0219","@id":"https:\/\/buletin.de\/bucuresti\/#\/schema\/person\/31117187ed4d0bdb0a4c7d6acc79d0f8"},"headline":"RAPORT | Vara din 2024, cea mai c\u0103lduroas\u0103 din istoria Capitalei. Unde se afl\u0103 epicentrul \u201einsulei de c\u0103ldur\u0103\u201d","datePublished":"2025-08-14T06:51:53+00:00","dateModified":"2025-08-14T07:55:54+00:00","mainEntityOfPage":{"@id":"https:\/\/buletin.de\/bucuresti\/raport-vara-din-2024-cea-mai-calduroasa-din-istoria-capitalei-unde-se-afla-epicentrul-insulei-de-caldura\/"},"wordCount":612,"publisher":{"@id":"https:\/\/buletin.de\/bucuresti\/#organization"},"image":{"@id":"https:\/\/buletin.de\/bucuresti\/raport-vara-din-2024-cea-mai-calduroasa-din-istoria-capitalei-unde-se-afla-epicentrul-insulei-de-caldura\/#primaryimage"},"thumbnailUrl":"https:\/\/buletin.de\/bucuresti\/wp-content\/uploads\/2025\/08\/insulele-de-caldura.jpg","keywords":["bucuresti","canicula","insula de caldura","temperaturi","val de caldura"],"articleSection":["Articole","Main","Mediu"],"inLanguage":"en-GB","copyrightYear":"2025","copyrightHolder":{"@id":"https:\/\/buletin.de\/bucuresti\/#organization"}},{"@type":"WebPage","@id":"https:\/\/buletin.de\/bucuresti\/raport-vara-din-2024-cea-mai-calduroasa-din-istoria-capitalei-unde-se-afla-epicentrul-insulei-de-caldura\/","url":"https:\/\/buletin.de\/bucuresti\/raport-vara-din-2024-cea-mai-calduroasa-din-istoria-capitalei-unde-se-afla-epicentrul-insulei-de-caldura\/","name":"RAPORT | Vara din 2024, cea mai c\u0103lduroas\u0103 din istoria Capitalei. Unde se afl\u0103 epicentrul \u201einsulei de c\u0103ldur\u0103\u201d - Buletin de Bucure\u0219ti","isPartOf":{"@id":"https:\/\/buletin.de\/bucuresti\/#website"},"primaryImageOfPage":{"@id":"https:\/\/buletin.de\/bucuresti\/raport-vara-din-2024-cea-mai-calduroasa-din-istoria-capitalei-unde-se-afla-epicentrul-insulei-de-caldura\/#primaryimage"},"image":{"@id":"https:\/\/buletin.de\/bucuresti\/raport-vara-din-2024-cea-mai-calduroasa-din-istoria-capitalei-unde-se-afla-epicentrul-insulei-de-caldura\/#primaryimage"},"thumbnailUrl":"https:\/\/buletin.de\/bucuresti\/wp-content\/uploads\/2025\/08\/insulele-de-caldura.jpg","datePublished":"2025-08-14T06:51:53+00:00","dateModified":"2025-08-14T07:55:54+00:00","description":"Vara anului 2024 a intrat \u00een istorie drept cea mai c\u0103lduroas\u0103 pe care a tr\u0103it-o Bucure\u0219tiul de c\u00e2nd exist\u0103 m\u0103sur\u0103tori meteorologice.","breadcrumb":{"@id":"https:\/\/buletin.de\/bucuresti\/raport-vara-din-2024-cea-mai-calduroasa-din-istoria-capitalei-unde-se-afla-epicentrul-insulei-de-caldura\/#breadcrumb"},"inLanguage":"en-GB","potentialAction":[{"@type":"ReadAction","target":["https:\/\/buletin.de\/bucuresti\/raport-vara-din-2024-cea-mai-calduroasa-din-istoria-capitalei-unde-se-afla-epicentrul-insulei-de-caldura\/"]}]},{"@type":"ImageObject","inLanguage":"en-GB","@id":"https:\/\/buletin.de\/bucuresti\/raport-vara-din-2024-cea-mai-calduroasa-din-istoria-capitalei-unde-se-afla-epicentrul-insulei-de-caldura\/#primaryimage","url":"https:\/\/buletin.de\/bucuresti\/wp-content\/uploads\/2025\/08\/insulele-de-caldura.jpg","contentUrl":"https:\/\/buletin.de\/bucuresti\/wp-content\/uploads\/2025\/08\/insulele-de-caldura.jpg","width":996,"height":502,"caption":"Vara din 2024, cea mai c\u0103lduroas\u0103 din istoria Capitalei"},{"@type":"BreadcrumbList","@id":"https:\/\/buletin.de\/bucuresti\/raport-vara-din-2024-cea-mai-calduroasa-din-istoria-capitalei-unde-se-afla-epicentrul-insulei-de-caldura\/#breadcrumb","itemListElement":[{"@type":"ListItem","position":1,"name":"Acas\u0103","item":"https:\/\/buletin.de\/bucuresti\/"},{"@type":"ListItem","position":2,"name":"RAPORT | Vara din 2024, cea mai c\u0103lduroas\u0103 din istoria Capitalei. Unde se afl\u0103 epicentrul \u201einsulei de c\u0103ldur\u0103\u201d"}]},{"@type":"WebSite","@id":"https:\/\/buletin.de\/bucuresti\/#website","url":"https:\/\/buletin.de\/bucuresti\/","name":"Buletin de Bucure\u0219ti","description":"\u0218tiri \u0219i investiga\u021bii esen\u021biale din capital\u0103","publisher":{"@id":"https:\/\/buletin.de\/bucuresti\/#organization"},"potentialAction":[{"@type":"SearchAction","target":{"@type":"EntryPoint","urlTemplate":"https:\/\/buletin.de\/bucuresti\/?s={search_term_string}"},"query-input":{"@type":"PropertyValueSpecification","valueRequired":true,"valueName":"search_term_string"}}],"inLanguage":"en-GB"},{"@type":"Organization","@id":"https:\/\/buletin.de\/bucuresti\/#organization","name":"Buletin de Bucure\u0219ti","url":"https:\/\/buletin.de\/bucuresti\/","logo":{"@type":"ImageObject","inLanguage":"en-GB","@id":"https:\/\/buletin.de\/bucuresti\/#\/schema\/logo\/image\/","url":"https:\/\/buletin.de\/bucuresti\/wp-content\/uploads\/logo-bdb-full-wide-vernil-transparent.png","contentUrl":"https:\/\/buletin.de\/bucuresti\/wp-content\/uploads\/logo-bdb-full-wide-vernil-transparent.png","width":1782,"height":626,"caption":"Buletin de Bucure\u0219ti"},"image":{"@id":"https:\/\/buletin.de\/bucuresti\/#\/schema\/logo\/image\/"},"sameAs":["https:\/\/www.facebook.com\/buletin.de.buc","https:\/\/www.instagram.com\/buletinde.bucuresti\/"]},{"@type":"Person","@id":"https:\/\/buletin.de\/bucuresti\/#\/schema\/person\/31117187ed4d0bdb0a4c7d6acc79d0f8","name":"C\u0103t\u0103lin Dosca\u0219","image":{"@type":"ImageObject","inLanguage":"en-GB","@id":"https:\/\/buletin.de\/bucuresti\/wp-content\/uploads\/Catalin-Doscas-e1732731064764-96x96.jpga93e2943bb3b1c1f9ead823df6e6317a","url":"https:\/\/buletin.de\/bucuresti\/wp-content\/uploads\/Catalin-Doscas-e1732731064764-96x96.jpg","contentUrl":"https:\/\/buletin.de\/bucuresti\/wp-content\/uploads\/Catalin-Doscas-e1732731064764-96x96.jpg","caption":"C\u0103t\u0103lin Dosca\u0219"},"description":"Reporter \u0219i redactor-\u0219ef Buletin de Bucure\u0219ti. Lucreaz\u0103 \u00een mass-media de la v\u00e2rsta de 15 ani, c\u00e2nd a publicat primele articole \u00een presa local\u0103 din Tecuci. \u00cen Bucure\u0219ti a lucrat \u00een redac\u021bii radio ca reporter, redactor \u0219i prezentator (StudentFM, Na\u021bionalFM, Radio Total, Smart FM), unde a acoperit domeniile politic, economic, social \u0219i externe. Ulterior, a fost editor-coordonator al postului Realitatea FM. Experien\u021ba \u00een jurnalismul online a dob\u00e2ndit-o la portalul B365.ro, unde a fost editor. \u00cen 2012 s-a angajat \u00een televiziune. La Realitatea TV a fost, pe r\u00e2nd, reporter la sec\u021bia Social, reporter special la emisiunea de reportaje \u0219i anchete \u201eReporterii Realit\u0103\u021bii\u201d, dar \u0219i editor al jurnalelor de \u0219tiri. Ulterior, a f\u0103cut parte din sec\u021bia de Investiga\u021bii de la Digi24 \u0219i a lucrat la campania \u201eRom\u00e2nia furat\u0103\u201d. A revenit \u00een presa scris\u0103 \u00een 2017, ca reporter special, \u00een cadrul unui proiect de repozi\u021bionare a tabloidului Libertatea \u00een cotidian generalist. Este jurnalist Buletin de Bucure\u0219ti din 2019.","url":"https:\/\/buletin.de\/bucuresti\/author\/catalin\/"}]}},"authors":[{"term_id":22575,"user_id":10,"is_guest":0,"slug":"catalin","display_name":"C\u0103t\u0103lin Dosca\u0219","avatar_url":"https:\/\/buletin.de\/bucuresti\/wp-content\/uploads\/Catalin-Doscas-e1732731064764-96x96.jpg","0":null,"1":"","2":"","3":"","4":"","5":"","6":"","7":"","8":""}],"_links":{"self":[{"href":"https:\/\/buletin.de\/bucuresti\/wp-json\/wp\/v2\/posts\/143491","targetHints":{"allow":["GET"]}}],"collection":[{"href":"https:\/\/buletin.de\/bucuresti\/wp-json\/wp\/v2\/posts"}],"about":[{"href":"https:\/\/buletin.de\/bucuresti\/wp-json\/wp\/v2\/types\/post"}],"author":[{"embeddable":true,"href":"https:\/\/buletin.de\/bucuresti\/wp-json\/wp\/v2\/users\/10"}],"replies":[{"embeddable":true,"href":"https:\/\/buletin.de\/bucuresti\/wp-json\/wp\/v2\/comments?post=143491"}],"version-history":[{"count":3,"href":"https:\/\/buletin.de\/bucuresti\/wp-json\/wp\/v2\/posts\/143491\/revisions"}],"predecessor-version":[{"id":143507,"href":"https:\/\/buletin.de\/bucuresti\/wp-json\/wp\/v2\/posts\/143491\/revisions\/143507"}],"wp:featuredmedia":[{"embeddable":true,"href":"https:\/\/buletin.de\/bucuresti\/wp-json\/wp\/v2\/media\/143493"}],"wp:attachment":[{"href":"https:\/\/buletin.de\/bucuresti\/wp-json\/wp\/v2\/media?parent=143491"}],"wp:term":[{"taxonomy":"category","embeddable":true,"href":"https:\/\/buletin.de\/bucuresti\/wp-json\/wp\/v2\/categories?post=143491"},{"taxonomy":"post_tag","embeddable":true,"href":"https:\/\/buletin.de\/bucuresti\/wp-json\/wp\/v2\/tags?post=143491"},{"taxonomy":"author","embeddable":true,"href":"https:\/\/buletin.de\/bucuresti\/wp-json\/wp\/v2\/ppma_author?post=143491"}],"curies":[{"name":"wp","href":"https:\/\/api.w.org\/{rel}","templated":true}]}}