{"id":14346,"date":"2020-10-28T09:00:54","date_gmt":"2020-10-28T06:00:54","guid":{"rendered":"https:\/\/buletin.de\/bucuresti\/?p=14346"},"modified":"2021-06-02T13:21:46","modified_gmt":"2021-06-02T10:21:46","slug":"achizitii-de-pandemie-distrugatoarele-de-documente-preferatele-institutiilor-subordonate-primariilor-bucurestene","status":"publish","type":"post","link":"https:\/\/buletin.de\/bucuresti\/achizitii-de-pandemie-distrugatoarele-de-documente-preferatele-institutiilor-subordonate-primariilor-bucurestene\/","title":{"rendered":"Achizi\u021bii de pandemie | Distrug\u0103toarele de documente, preferatele institu\u021biilor subordonate prim\u0103riilor bucure\u0219tene"},"content":{"rendered":"\n<div class=\"wp-block-group\"><div class=\"wp-block-group__inner-container is-layout-flow wp-block-group-is-layout-flow\">\n<div class=\"wp-block-image\"><figure class=\"aligncenter size-large is-resized\"><a href=\"https:\/\/activecitizensfund.ro\" target=\"_blank\" rel=\"noopener noreferrer\"><img fetchpriority=\"high\" decoding=\"async\" src=\"data:image\/gif;base64,R0lGODlhAQABAAAAACH5BAEKAAEALAAAAAABAAEAAAICTAEAOw==\" data-src=\"https:\/\/buletin.de\/bucuresti\/wp-content\/uploads\/Active-citizens-fund@4x-1-900x316.png\" alt=\"\" class=\"wp-image-11980 lazyload\" width=\"450\" height=\"158\" data-sizes=\"auto\" data-srcset=\"https:\/\/buletin.de\/bucuresti\/wp-content\/uploads\/Active-citizens-fund@4x-1-900x316.png 900w, https:\/\/buletin.de\/bucuresti\/wp-content\/uploads\/Active-citizens-fund@4x-1-300x105.png 300w, https:\/\/buletin.de\/bucuresti\/wp-content\/uploads\/Active-citizens-fund@4x-1-768x270.png 768w, https:\/\/buletin.de\/bucuresti\/wp-content\/uploads\/Active-citizens-fund@4x-1-1536x539.png 1536w, https:\/\/buletin.de\/bucuresti\/wp-content\/uploads\/Active-citizens-fund@4x-1-2048x719.png 2048w, https:\/\/buletin.de\/bucuresti\/wp-content\/uploads\/Active-citizens-fund@4x-1-1060x372.png 1060w, https:\/\/buletin.de\/bucuresti\/wp-content\/uploads\/Active-citizens-fund@4x-1-550x193.png 550w, https:\/\/buletin.de\/bucuresti\/wp-content\/uploads\/Active-citizens-fund@4x-1-1425x500.png 1425w, https:\/\/buletin.de\/bucuresti\/wp-content\/uploads\/Active-citizens-fund@4x-1-1920x674.png 1920w, https:\/\/buletin.de\/bucuresti\/wp-content\/uploads\/Active-citizens-fund@4x-1-600x211.png 600w\" sizes=\"(max-width: 450px) 100vw, 450px\" \/><\/a><\/figure><\/div>\n\n\n\n<div style=\"height:20px\" aria-hidden=\"true\" class=\"wp-block-spacer\"><\/div>\n<\/div><\/div>\n\n\n\n<p><em><strong>\u00cen lista de achizi\u021bii directe ale institu\u021biilor publice, \u00een timp de pandemie, reg\u0103sim \u0219i produse mai pu\u021bin obi\u0219nuite. Distrug\u0103toarele de documente sunt obiecte utile pentru institu\u021biile care opereaz\u0103 cu documente clasificate sau supuse unui anumit regim de lucru. Pare \u00eens\u0103 de ne\u00een\u021beles, de exemplu, de ce Complexul Caraiman din Sectorul 1 a avut nevoie de 8 astfel de dispozitive. <\/strong><\/em><\/p>\n\n\n\n<div class=\"wp-block-group\"><div class=\"wp-block-group__inner-container is-layout-flow wp-block-group-is-layout-flow\">\n<p class=\"has-text-align-center sustine\" style=\"font-size:22px\"><strong>Dac\u0103 \u00ee\u021bi place ce facem \u0219i vrei s\u0103 ne sus\u021bii,<br><a href=\"https:\/\/its.funky.ong\/CFbuletin\">te rug\u0103m s\u0103 contribui la campania noastr\u0103 de crowdfunding<\/a><\/strong><\/p>\n\n\n\n<style>\n.sustine {\npadding: 30px;\nmargin: 40px auto!important;\nborder-radius: 30px;\nmax-width: 500px;\ndisplay: block;\nbackground: rgb(255,240,170);\nbackground: radial-gradient(circle, rgba(255,240,170,1) 48%, rgba(255,240,170,1) 85%, rgba(252,235,153,0.4906337535014006) 100%);\n}\n.sustine a:hover {\ncolor: red!important;\n}\n<\/style>\n<\/div><\/div>\n\n\n\n<h2 class=\"wp-block-heading\">Complexul Caraiman, confetti din documente<\/h2>\n\n\n\n<p>Complexul Multifunc\u021bional Caraiman a achizi\u021bionat \u00een luna august, contra sumei de 6000 de lei, 8 aparate de distrus documente. Cerin\u021ba a fost ca paginile s\u0103 fie f\u0103cute &#8230; confetti. <\/p>\n\n\n\n<figure class=\"wp-block-image size-large\"><a href=\"https:\/\/buletin.de\/bucuresti\/wp-content\/uploads\/image-241.png\"><img decoding=\"async\" width=\"900\" height=\"506\" src=\"data:image\/gif;base64,R0lGODlhAQABAAAAACH5BAEKAAEALAAAAAABAAEAAAICTAEAOw==\" data-src=\"https:\/\/buletin.de\/bucuresti\/wp-content\/uploads\/image-241-900x506.png\" alt=\"\" class=\"wp-image-14384 lazyload\" data-sizes=\"auto\" data-srcset=\"https:\/\/buletin.de\/bucuresti\/wp-content\/uploads\/image-241-900x506.png 900w, https:\/\/buletin.de\/bucuresti\/wp-content\/uploads\/image-241-300x169.png 300w, https:\/\/buletin.de\/bucuresti\/wp-content\/uploads\/image-241-768x432.png 768w, https:\/\/buletin.de\/bucuresti\/wp-content\/uploads\/image-241-1060x596.png 1060w, https:\/\/buletin.de\/bucuresti\/wp-content\/uploads\/image-241-550x309.png 550w, https:\/\/buletin.de\/bucuresti\/wp-content\/uploads\/image-241-889x500.png 889w, https:\/\/buletin.de\/bucuresti\/wp-content\/uploads\/image-241-600x337.png 600w, https:\/\/buletin.de\/bucuresti\/wp-content\/uploads\/image-241.png 1366w\" sizes=\"(max-width: 900px) 100vw, 900px\" \/><\/a><\/figure>\n\n\n\n<p>Pe pagina de internet a Complexului, la rubrica Achizi\u021bii sunt trecute doar c\u00e2teva din cele aproape 5000 de achizi\u021bii directe f\u0103cute de-a lungul anilor, iar cea de distrug\u0103toare de documente nu a fost men\u021bionat\u0103.<\/p>\n\n\n\n<h2 class=\"wp-block-heading\">Compania Municipal\u0103 Consolid\u0103ri, un Mercedes al distrug\u0103toarelor<\/h2>\n\n\n\n<p>Pe 1 octombrie 2020, conducerea Companiei Municipale Consolid\u0103ri se decide brusc s\u0103 cumpere un distrugator documente. \u0218i achizi\u021bioneaz\u0103 un &#8220;Mercedes&#8221; al acestui tip de dispozitiv. Un aparat care cost\u0103 3300 de lei dar e \u00een stare de multe, distruge nu doar h\u0103rtie ci \u0219i CD-uri, DVD-uri \u0219i carduri.<\/p>\n\n\n\n<p>&#8220;<em> Cu noul model de distrugator &#8230;, mentinerea confidentialitatii informatiilor din documentele dumneavoastra este mult mai usor si rapid de realizat. Distruge in mod automat 150 de coli, iar in mod manual 8 coli. Marunteste colile A4 in 397 de particule de 4&#215;38 mm, in mod silentios, cu un nivel de zgomot de 60 dB. Este prevazut cu functia Auto Reverse &#8211; distrugatorul se opreste automat si functioneaza inapoi in situatia in care a fost adaugata prea multa hartie &#8211; si functia Sleep Mode pentru economisire energie &#8211; distrugatorul intra in Sleep Mode dupa 2 minute de inactivitate. Are un cos de reziduuri cu o capacitate de 32 litri. Adaugati in cos distrugator automat &#8230;, potrivit pentru hartie, capse, CD\/DVD-uri, carduri, simplu si rapid!&#8221;<\/em>, scrie \u00een descrierea produsului.<\/p>\n\n\n\n<p>Nici conducerea Companiei de Consolid\u0103ri nu a considerat necesar s\u0103 publice date despre achizi\u021bie, la rubrica special dedicat\u0103 de pe pagina de internet a societ\u0103\u021bii.<\/p>\n\n\n\n<figure class=\"wp-block-image size-large\"><a href=\"https:\/\/buletin.de\/bucuresti\/wp-content\/uploads\/image-236.png\"><img decoding=\"async\" width=\"900\" height=\"506\" src=\"data:image\/gif;base64,R0lGODlhAQABAAAAACH5BAEKAAEALAAAAAABAAEAAAICTAEAOw==\" data-src=\"https:\/\/buletin.de\/bucuresti\/wp-content\/uploads\/image-236-900x506.png\" alt=\"\" class=\"wp-image-14347 lazyload\" data-sizes=\"auto\" data-srcset=\"https:\/\/buletin.de\/bucuresti\/wp-content\/uploads\/image-236-900x506.png 900w, https:\/\/buletin.de\/bucuresti\/wp-content\/uploads\/image-236-300x169.png 300w, https:\/\/buletin.de\/bucuresti\/wp-content\/uploads\/image-236-768x432.png 768w, https:\/\/buletin.de\/bucuresti\/wp-content\/uploads\/image-236-1060x596.png 1060w, https:\/\/buletin.de\/bucuresti\/wp-content\/uploads\/image-236-550x309.png 550w, https:\/\/buletin.de\/bucuresti\/wp-content\/uploads\/image-236-889x500.png 889w, https:\/\/buletin.de\/bucuresti\/wp-content\/uploads\/image-236-600x337.png 600w, https:\/\/buletin.de\/bucuresti\/wp-content\/uploads\/image-236.png 1366w\" sizes=\"(max-width: 900px) 100vw, 900px\" \/><\/a><\/figure>\n\n\n\n<h2 class=\"wp-block-heading\">Primaria Sector 5, 3 distrug\u0103toare \u00een 8 luni<\/h2>\n\n\n\n<p>La Prim\u0103ria Sector 5 necesitatea achizi\u021bion\u0103rii unui nou distrug\u0103tor de documente a venit \u00een martie. Apoi o alt\u0103 urgen\u021b\u0103 a ap\u0103rut \u00een iulie \u0219i o lun\u0103 mai t\u0103rziu \u00eenc\u0103 una. \u00cen total, aproape 6000 de lei. <\/p>\n\n\n\n<p>Firma de la care s-a f\u0103cut achizi\u021bia, Prompt Serv Computer SRL are o colaborare de succes cu Prim\u0103ria Sector 5. 156 de contracte prin achizi\u021bie direct\u0103, \u00een ultimii 4 ani, \u00een valoare total\u0103 de 750.000 de lei.<\/p>\n\n\n\n<figure class=\"wp-block-image size-large\"><a href=\"https:\/\/buletin.de\/bucuresti\/wp-content\/uploads\/image-238.png\"><img loading=\"lazy\" decoding=\"async\" width=\"900\" height=\"506\" src=\"data:image\/gif;base64,R0lGODlhAQABAAAAACH5BAEKAAEALAAAAAABAAEAAAICTAEAOw==\" data-src=\"https:\/\/buletin.de\/bucuresti\/wp-content\/uploads\/image-238-900x506.png\" alt=\"\" class=\"wp-image-14349 lazyload\" data-sizes=\"auto\" data-srcset=\"https:\/\/buletin.de\/bucuresti\/wp-content\/uploads\/image-238-900x506.png 900w, https:\/\/buletin.de\/bucuresti\/wp-content\/uploads\/image-238-300x169.png 300w, https:\/\/buletin.de\/bucuresti\/wp-content\/uploads\/image-238-768x432.png 768w, https:\/\/buletin.de\/bucuresti\/wp-content\/uploads\/image-238-1060x596.png 1060w, https:\/\/buletin.de\/bucuresti\/wp-content\/uploads\/image-238-550x309.png 550w, https:\/\/buletin.de\/bucuresti\/wp-content\/uploads\/image-238-889x500.png 889w, https:\/\/buletin.de\/bucuresti\/wp-content\/uploads\/image-238-600x337.png 600w, https:\/\/buletin.de\/bucuresti\/wp-content\/uploads\/image-238.png 1366w\" sizes=\"(max-width: 900px) 100vw, 900px\" \/><\/a><\/figure>\n\n\n\n<h2 class=\"wp-block-heading\">Direc\u021bia General\u0103 Impozite \u0219i Taxe Locale Sector 3, distrug\u0103toare \u00een starea de urgen\u021b\u0103<\/h2>\n\n\n\n<p>La Direc\u021bia General\u0103 Impozite \u0219i Taxe Locale Sector 3, necesitatea unor aparate performante de distrus documente a ap\u0103rut \u00een plin\u0103 stare de urgen\u021b\u0103. \u00cen aprilie. 6500 de euro au plecat spre firma SC SOF Service SRL \u00een schimbul a 7 dispozitive capabile de:<\/p>\n\n\n\n<p>&#8220;<em>distrugerea documentelor fara supravegerea operatiei, capacitate ADF pana la 550 coli (sunt distruse in aproximativ 13 minute), fanta separata pentru bypass cu latime de 230mm accepta 14 coli si carti de credit si medii optice (CD\/DVD), distruge inclusiv capse, agrafe<\/em>&#8220;, a\u0219a cum apare \u00een deschirea produselor.<\/p>\n\n\n\n<figure class=\"wp-block-image size-large\"><a href=\"https:\/\/buletin.de\/bucuresti\/wp-content\/uploads\/image-240.png\"><img loading=\"lazy\" decoding=\"async\" width=\"900\" height=\"506\" src=\"data:image\/gif;base64,R0lGODlhAQABAAAAACH5BAEKAAEALAAAAAABAAEAAAICTAEAOw==\" data-src=\"https:\/\/buletin.de\/bucuresti\/wp-content\/uploads\/image-240-900x506.png\" alt=\"\" class=\"wp-image-14372 lazyload\" data-sizes=\"auto\" data-srcset=\"https:\/\/buletin.de\/bucuresti\/wp-content\/uploads\/image-240-900x506.png 900w, https:\/\/buletin.de\/bucuresti\/wp-content\/uploads\/image-240-300x169.png 300w, https:\/\/buletin.de\/bucuresti\/wp-content\/uploads\/image-240-768x432.png 768w, https:\/\/buletin.de\/bucuresti\/wp-content\/uploads\/image-240-1060x596.png 1060w, https:\/\/buletin.de\/bucuresti\/wp-content\/uploads\/image-240-550x309.png 550w, https:\/\/buletin.de\/bucuresti\/wp-content\/uploads\/image-240-889x500.png 889w, https:\/\/buletin.de\/bucuresti\/wp-content\/uploads\/image-240-600x337.png 600w, https:\/\/buletin.de\/bucuresti\/wp-content\/uploads\/image-240.png 1366w\" sizes=\"(max-width: 900px) 100vw, 900px\" \/><\/a><\/figure>\n\n\n\n<h2 class=\"wp-block-heading\">Direc\u021bia General\u0103 Impozite \u0219i Taxe Locale Sector 3, investi\u021bie de 3000 de euro, la dou\u0103 zile dup\u0103 alegeri<\/h2>\n\n\n\n<p>\u0218i conducerea Direc\u021biei Generale Impozite \u0219i Taxe Locale Sector 3 a descoperit c\u0103 are nevoie urgent\u0103 de un distrug\u0103toar de documente, a\u0219a c\u0103 a apelat la achizi\u021bie direct\u0103. Pe 29 septembrie, la 2 zile dup\u0103 alegeri, direc\u021bia achzi\u021bioneaz\u0103 din catalogul electronic un aparat de 3000 de euro, de departe cel mai performant de p\u0103n\u0103 acum.<\/p>\n\n\n\n<figure class=\"wp-block-image size-large\"><a href=\"https:\/\/buletin.de\/bucuresti\/wp-content\/uploads\/image-239.png\"><img loading=\"lazy\" decoding=\"async\" width=\"900\" height=\"506\" src=\"data:image\/gif;base64,R0lGODlhAQABAAAAACH5BAEKAAEALAAAAAABAAEAAAICTAEAOw==\" data-src=\"https:\/\/buletin.de\/bucuresti\/wp-content\/uploads\/image-239-900x506.png\" alt=\"\" class=\"wp-image-14350 lazyload\" data-sizes=\"auto\" data-srcset=\"https:\/\/buletin.de\/bucuresti\/wp-content\/uploads\/image-239-900x506.png 900w, https:\/\/buletin.de\/bucuresti\/wp-content\/uploads\/image-239-300x169.png 300w, https:\/\/buletin.de\/bucuresti\/wp-content\/uploads\/image-239-768x432.png 768w, https:\/\/buletin.de\/bucuresti\/wp-content\/uploads\/image-239-1060x596.png 1060w, https:\/\/buletin.de\/bucuresti\/wp-content\/uploads\/image-239-550x309.png 550w, https:\/\/buletin.de\/bucuresti\/wp-content\/uploads\/image-239-889x500.png 889w, https:\/\/buletin.de\/bucuresti\/wp-content\/uploads\/image-239-600x337.png 600w, https:\/\/buletin.de\/bucuresti\/wp-content\/uploads\/image-239.png 1366w\" sizes=\"(max-width: 900px) 100vw, 900px\" \/><\/a><\/figure>\n\n\n\n<h2 class=\"wp-block-heading\">Ce spune legea despre arhivarea de documente<\/h2>\n\n\n\n<p>&#8220;<em>Distrugerea documentelor c\u0103rora le-a expirat termenul de p\u0103strare, se face de c\u0103tre o comisie de selec\u0163ionare \u015fi casare, constituit\u0103 la nivelul organiza\u0163iei. \u00cen aprecierea importan\u0163ei documentelor, comisiile verific\u0103 respectarea termenelor de p\u0103strare conform nomenclatorului aprobat. Inventarierea dosarelor avizate de comisia de selec\u0163ionare spre a fi eliminate, \u00eenso\u0163ite de procesul-verbal aprobat de conduc\u0103torul organiza\u0163iei, se \u00eenainteaz\u0103 spre confirmare la Arhivelor Statului. Dup\u0103 primirea confirm\u0103rii, documentele pot fi eliminate pe baza unui proces-verbal, \u00een care se men\u0163ioneaz\u0103 categoria de documente, anii extremi \u015fi cantitatea.&#8221;, <\/em>se men\u021bioneaz\u0103 \u00een Manualul de &#8220;Gestionarea documentelor unei institu\u021bii publice&#8221;, elaborat de Agen\u021bia Na\u021bional\u0103 a Func\u021bionarilor Publici.<\/p>\n\n\n\n<iframe src=\"https:\/\/buletin.de\/bucuresti\/wp-content\/uploads\/Suport-de-curs-Gestionarea-documentelor-unei-institutii-publice-2011.pdf\" style=\"width: 100%; height: 60vh;\">\n<\/iframe>\n\n\n\n<p><em>Cover:<a href=\"https:\/\/commons.wikimedia.org\/wiki\/File:Cutting_head_of_a_paper_shredder.jpg\">wdwd<\/a>, <a href=\"https:\/\/creativecommons.org\/licenses\/by-sa\/3.0\">CC BY-SA 3.0<\/a>, via Wikimedia Commons <\/em>  <\/p>\n\n\n\n<div style=\"height:40px\" aria-hidden=\"true\" class=\"wp-block-spacer\"><\/div>\n\n\n\n<style>\n.disclaimerACF {\ndisplay: block;\nmax-width: 550px;\nmargin-top:-10px;\nmargin-left:auto;\nmargin-right:auto;\n}\n<\/style>\n\n\n\n<p class=\"disclaimerACF has-small-font-size\">Acest articol face parte din <strong><a href=\"https:\/\/buletin.de\/bucuresti\/buletin-de-bucuresti-in-pandemie\/\" data-type=\"URL\" data-id=\"https:\/\/buletin.de\/bucuresti\/buletin-de-bucuresti-in-pandemie\/\" target=\"_blank\" rel=\"noreferrer noopener\">\u201eBuletin de Bucure\u0219ti \u00een pandemie&#8221;<\/a>, <\/strong>o serie \u00een care investig\u0103m achizi\u021biile publice din jude\u021bul Ilfov \u0219i Bucure\u0219ti, \u00een contextul pandemiei Covid-19<\/p>\n\n\n\n<p class=\"has-text-align-left disclaimerACF\" style=\"font-size:12px\"><em>Proiect derulat de Asocia\u021bia Funky Citizens cu sprijinul financiar <a rel=\"noreferrer noopener\" aria-label=\"Active Citizens Fund Rom\u00e2nia (opens in a new tab)\" href=\"https:\/\/activecitizensfund.ro\" target=\"_blank\">Active Citizens Fund Rom\u00e2nia<\/a>, program finan\u021bat de Islanda, Liechtenstein \u0219i Norvegia prin Granturile SEE 2014-2021. Con\u021binutul acestui material nu reprezint\u0103 \u00een mod necesar pozi\u021bia oficial\u0103 a Granturilor SEE \u0219i Norvegiene 2014-2021; pentru mai multe informa\u021bii accesa\u021bi <a href=\"http:\/\/www.eeagrants.org\">www.eeagrants.org<\/a>. Informa\u021bii suplimentare pot fi g\u0103site pe paginile web&nbsp;<a href=\"http:\/\/www.activecitizensfund.ro\/\">www.activecitizensfund.ro<\/a>&nbsp;\u0219i&nbsp;<a href=\"http:\/\/www.eeagrants.org\/\">www.eeagrants.org<\/a>.<\/em><\/p>\n\n\n\n<p class=\"has-text-align-center\"><strong>Lucr\u0103m \u00eempreun\u0103 pentru o Europ\u0103&nbsp;<span style=\"color:#009b75\" class=\"has-inline-color\">verde<\/span>,&nbsp;<span style=\"color:#df4d3e\">competitiv\u0103<\/span>&nbsp;\u0219i&nbsp;<span style=\"color:#006ca7\">incluziv\u0103<\/span><\/strong>.<\/p>\n\n\n\n<p class=\"has-text-align-center\">Proiect derulat de<\/p>\n\n\n\n<div style=\"margin-top: -30px;\" class=\"wp-block-image\"><figure class=\"aligncenter size-large is-resized\"><img decoding=\"async\" src=\"data:image\/gif;base64,R0lGODlhAQABAAAAACH5BAEKAAEALAAAAAABAAEAAAICTAEAOw==\" data-src=\"https:\/\/buletin.de\/bucuresti\/wp-content\/uploads\/logo-funky-citizens-2016-1.png\" alt=\"\" class=\"wp-image-10395 lazyload\" width=\"200\" height=\"NaN\" data-sizes=\"auto\" data-srcset=\"https:\/\/buletin.de\/bucuresti\/wp-content\/uploads\/logo-funky-citizens-2016-1.png 650w, https:\/\/buletin.de\/bucuresti\/wp-content\/uploads\/logo-funky-citizens-2016-1-600x277.png 600w, https:\/\/buletin.de\/bucuresti\/wp-content\/uploads\/logo-funky-citizens-2016-1-300x138.png 300w, https:\/\/buletin.de\/bucuresti\/wp-content\/uploads\/logo-funky-citizens-2016-1-550x254.png 550w\" sizes=\"(max-width: 650px) 100vw, 650px\" \/><\/figure><\/div>\n","protected":false},"excerpt":{"rendered":"<p>\u00cen lista de achizi\u021bii directe ale institu\u021biilor publice, \u00een timp de pandemie, reg\u0103sim \u0219i produse mai pu\u021bin obi\u0219nuite. Distrug\u0103toarele de documente sunt obiecte utile pentru institu\u021biile care opereaz\u0103 cu documente clasificate sau supuse unui anumit regim de lucru. Pare \u00eens\u0103 de ne\u00een\u021beles, de exemplu, de ce Complexul Caraiman din Sectorul 1 a avut nevoie de [&hellip;]<\/p>\n","protected":false},"author":18,"featured_media":14424,"comment_status":"closed","ping_status":"open","sticky":false,"template":"","format":"standard","meta":{"_acf_changed":false,"inline_featured_image":false,"ngg_post_thumbnail":0,"footnotes":""},"categories":[1585],"tags":[720,1743,1794,1795,308,1796],"ppma_author":[22579],"class_list":["post-14346","post","type-post","status-publish","format-standard","has-post-thumbnail","hentry","category-buletin-de-bucuresti-in-pandemie","tag-achizitii-in-pandemie","tag-complexul-caraiman","tag-distrugatoare","tag-documente","tag-sector-1","tag-shredders"],"acf":[],"yoast_head":"<!-- This site is optimized with the Yoast SEO Premium plugin v25.3 (Yoast SEO v27.5) - https:\/\/yoast.com\/product\/yoast-seo-premium-wordpress\/ -->\n<title>Achizi\u021bii de pandemie | Distrug\u0103toarele de documente, preferatele institu\u021biilor subordonate prim\u0103riilor bucure\u0219tene - Buletin de Bucure\u0219ti<\/title>\n<meta name=\"robots\" content=\"index, follow, max-snippet:-1, max-image-preview:large, max-video-preview:-1\" \/>\n<link rel=\"canonical\" href=\"https:\/\/buletin.de\/bucuresti\/achizitii-de-pandemie-distrugatoarele-de-documente-preferatele-institutiilor-subordonate-primariilor-bucurestene\/\" \/>\n<meta property=\"og:locale\" content=\"en_GB\" \/>\n<meta property=\"og:type\" content=\"article\" \/>\n<meta property=\"og:title\" content=\"Achizi\u021bii de pandemie | Distrug\u0103toarele de documente, preferatele institu\u021biilor subordonate prim\u0103riilor bucure\u0219tene\" \/>\n<meta property=\"og:description\" content=\"\u00cen lista de achizi\u021bii directe ale institu\u021biilor publice, \u00een timp de pandemie, reg\u0103sim \u0219i produse mai pu\u021bin obi\u0219nuite. Distrug\u0103toarele de documente sunt obiecte utile pentru institu\u021biile care opereaz\u0103 cu documente clasificate sau supuse unui anumit regim de lucru. Pare \u00eens\u0103 de ne\u00een\u021beles, de exemplu, de ce Complexul Caraiman din Sectorul 1 a avut nevoie de [&hellip;]\" \/>\n<meta property=\"og:url\" content=\"https:\/\/buletin.de\/bucuresti\/achizitii-de-pandemie-distrugatoarele-de-documente-preferatele-institutiilor-subordonate-primariilor-bucurestene\/\" \/>\n<meta property=\"og:site_name\" content=\"Buletin de Bucure\u0219ti\" \/>\n<meta property=\"article:publisher\" content=\"https:\/\/www.facebook.com\/buletin.de.buc\" \/>\n<meta property=\"article:published_time\" content=\"2020-10-28T06:00:54+00:00\" \/>\n<meta property=\"article:modified_time\" content=\"2021-06-02T10:21:46+00:00\" \/>\n<meta property=\"og:image\" content=\"https:\/\/buletin.de\/bucuresti\/wp-content\/uploads\/Cutting_head_of_a_paper_shredder.jpg\" \/>\n\t<meta property=\"og:image:width\" content=\"2540\" \/>\n\t<meta property=\"og:image:height\" content=\"1616\" \/>\n\t<meta property=\"og:image:type\" content=\"image\/jpeg\" \/>\n<meta name=\"author\" content=\"Teodora Stroe\" \/>\n<meta name=\"twitter:card\" content=\"summary_large_image\" \/>\n<meta name=\"twitter:label1\" content=\"Written by\" \/>\n\t<meta name=\"twitter:data1\" content=\"Teodora Stroe\" \/>\n\t<meta name=\"twitter:label2\" content=\"Estimated reading time\" \/>\n\t<meta name=\"twitter:data2\" content=\"5 minutes\" \/>\n<script type=\"application\/ld+json\" class=\"yoast-schema-graph\">{\"@context\":\"https:\\\/\\\/schema.org\",\"@graph\":[{\"@type\":\"Article\",\"@id\":\"https:\\\/\\\/buletin.de\\\/bucuresti\\\/achizitii-de-pandemie-distrugatoarele-de-documente-preferatele-institutiilor-subordonate-primariilor-bucurestene\\\/#article\",\"isPartOf\":{\"@id\":\"https:\\\/\\\/buletin.de\\\/bucuresti\\\/achizitii-de-pandemie-distrugatoarele-de-documente-preferatele-institutiilor-subordonate-primariilor-bucurestene\\\/\"},\"author\":{\"name\":\"Teodora Stroe\",\"@id\":\"https:\\\/\\\/buletin.de\\\/bucuresti\\\/#\\\/schema\\\/person\\\/d369d7ddc775abece205795e0b804614\"},\"headline\":\"Achizi\u021bii de pandemie | Distrug\u0103toarele de documente, preferatele institu\u021biilor subordonate prim\u0103riilor bucure\u0219tene\",\"datePublished\":\"2020-10-28T06:00:54+00:00\",\"dateModified\":\"2021-06-02T10:21:46+00:00\",\"mainEntityOfPage\":{\"@id\":\"https:\\\/\\\/buletin.de\\\/bucuresti\\\/achizitii-de-pandemie-distrugatoarele-de-documente-preferatele-institutiilor-subordonate-primariilor-bucurestene\\\/\"},\"wordCount\":752,\"publisher\":{\"@id\":\"https:\\\/\\\/buletin.de\\\/bucuresti\\\/#organization\"},\"image\":{\"@id\":\"https:\\\/\\\/buletin.de\\\/bucuresti\\\/achizitii-de-pandemie-distrugatoarele-de-documente-preferatele-institutiilor-subordonate-primariilor-bucurestene\\\/#primaryimage\"},\"thumbnailUrl\":\"https:\\\/\\\/buletin.de\\\/bucuresti\\\/wp-content\\\/uploads\\\/Cutting_head_of_a_paper_shredder.jpg\",\"keywords\":[\"achizitii in pandemie\",\"complexul caraiman\",\"distrugatoare\",\"documente\",\"Sector 1\",\"shredders\"],\"articleSection\":[\"Buletin de Bucure\u0219ti \u00een pandemie\"],\"inLanguage\":\"en-GB\",\"copyrightYear\":\"2020\",\"copyrightHolder\":{\"@id\":\"https:\\\/\\\/buletin.de\\\/bucuresti\\\/#organization\"}},{\"@type\":\"WebPage\",\"@id\":\"https:\\\/\\\/buletin.de\\\/bucuresti\\\/achizitii-de-pandemie-distrugatoarele-de-documente-preferatele-institutiilor-subordonate-primariilor-bucurestene\\\/\",\"url\":\"https:\\\/\\\/buletin.de\\\/bucuresti\\\/achizitii-de-pandemie-distrugatoarele-de-documente-preferatele-institutiilor-subordonate-primariilor-bucurestene\\\/\",\"name\":\"Achizi\u021bii de pandemie | Distrug\u0103toarele de documente, preferatele institu\u021biilor subordonate prim\u0103riilor bucure\u0219tene - Buletin de Bucure\u0219ti\",\"isPartOf\":{\"@id\":\"https:\\\/\\\/buletin.de\\\/bucuresti\\\/#website\"},\"primaryImageOfPage\":{\"@id\":\"https:\\\/\\\/buletin.de\\\/bucuresti\\\/achizitii-de-pandemie-distrugatoarele-de-documente-preferatele-institutiilor-subordonate-primariilor-bucurestene\\\/#primaryimage\"},\"image\":{\"@id\":\"https:\\\/\\\/buletin.de\\\/bucuresti\\\/achizitii-de-pandemie-distrugatoarele-de-documente-preferatele-institutiilor-subordonate-primariilor-bucurestene\\\/#primaryimage\"},\"thumbnailUrl\":\"https:\\\/\\\/buletin.de\\\/bucuresti\\\/wp-content\\\/uploads\\\/Cutting_head_of_a_paper_shredder.jpg\",\"datePublished\":\"2020-10-28T06:00:54+00:00\",\"dateModified\":\"2021-06-02T10:21:46+00:00\",\"breadcrumb\":{\"@id\":\"https:\\\/\\\/buletin.de\\\/bucuresti\\\/achizitii-de-pandemie-distrugatoarele-de-documente-preferatele-institutiilor-subordonate-primariilor-bucurestene\\\/#breadcrumb\"},\"inLanguage\":\"en-GB\",\"potentialAction\":[{\"@type\":\"ReadAction\",\"target\":[\"https:\\\/\\\/buletin.de\\\/bucuresti\\\/achizitii-de-pandemie-distrugatoarele-de-documente-preferatele-institutiilor-subordonate-primariilor-bucurestene\\\/\"]}]},{\"@type\":\"ImageObject\",\"inLanguage\":\"en-GB\",\"@id\":\"https:\\\/\\\/buletin.de\\\/bucuresti\\\/achizitii-de-pandemie-distrugatoarele-de-documente-preferatele-institutiilor-subordonate-primariilor-bucurestene\\\/#primaryimage\",\"url\":\"https:\\\/\\\/buletin.de\\\/bucuresti\\\/wp-content\\\/uploads\\\/Cutting_head_of_a_paper_shredder.jpg\",\"contentUrl\":\"https:\\\/\\\/buletin.de\\\/bucuresti\\\/wp-content\\\/uploads\\\/Cutting_head_of_a_paper_shredder.jpg\",\"width\":2540,\"height\":1616},{\"@type\":\"BreadcrumbList\",\"@id\":\"https:\\\/\\\/buletin.de\\\/bucuresti\\\/achizitii-de-pandemie-distrugatoarele-de-documente-preferatele-institutiilor-subordonate-primariilor-bucurestene\\\/#breadcrumb\",\"itemListElement\":[{\"@type\":\"ListItem\",\"position\":1,\"name\":\"Acas\u0103\",\"item\":\"https:\\\/\\\/buletin.de\\\/bucuresti\\\/\"},{\"@type\":\"ListItem\",\"position\":2,\"name\":\"Achizi\u021bii de pandemie | Distrug\u0103toarele de documente, preferatele institu\u021biilor subordonate prim\u0103riilor bucure\u0219tene\"}]},{\"@type\":\"WebSite\",\"@id\":\"https:\\\/\\\/buletin.de\\\/bucuresti\\\/#website\",\"url\":\"https:\\\/\\\/buletin.de\\\/bucuresti\\\/\",\"name\":\"Buletin de Bucure\u0219ti\",\"description\":\"\u0218tiri \u0219i investiga\u021bii esen\u021biale din capital\u0103\",\"publisher\":{\"@id\":\"https:\\\/\\\/buletin.de\\\/bucuresti\\\/#organization\"},\"potentialAction\":[{\"@type\":\"SearchAction\",\"target\":{\"@type\":\"EntryPoint\",\"urlTemplate\":\"https:\\\/\\\/buletin.de\\\/bucuresti\\\/?s={search_term_string}\"},\"query-input\":{\"@type\":\"PropertyValueSpecification\",\"valueRequired\":true,\"valueName\":\"search_term_string\"}}],\"inLanguage\":\"en-GB\"},{\"@type\":\"Organization\",\"@id\":\"https:\\\/\\\/buletin.de\\\/bucuresti\\\/#organization\",\"name\":\"Buletin de Bucure\u0219ti\",\"url\":\"https:\\\/\\\/buletin.de\\\/bucuresti\\\/\",\"logo\":{\"@type\":\"ImageObject\",\"inLanguage\":\"en-GB\",\"@id\":\"https:\\\/\\\/buletin.de\\\/bucuresti\\\/#\\\/schema\\\/logo\\\/image\\\/\",\"url\":\"https:\\\/\\\/buletin.de\\\/bucuresti\\\/wp-content\\\/uploads\\\/logo-bdb-full-wide-vernil-transparent.png\",\"contentUrl\":\"https:\\\/\\\/buletin.de\\\/bucuresti\\\/wp-content\\\/uploads\\\/logo-bdb-full-wide-vernil-transparent.png\",\"width\":1782,\"height\":626,\"caption\":\"Buletin de Bucure\u0219ti\"},\"image\":{\"@id\":\"https:\\\/\\\/buletin.de\\\/bucuresti\\\/#\\\/schema\\\/logo\\\/image\\\/\"},\"sameAs\":[\"https:\\\/\\\/www.facebook.com\\\/buletin.de.buc\",\"https:\\\/\\\/www.instagram.com\\\/buletinde.bucuresti\\\/\"]},{\"@type\":\"Person\",\"@id\":\"https:\\\/\\\/buletin.de\\\/bucuresti\\\/#\\\/schema\\\/person\\\/d369d7ddc775abece205795e0b804614\",\"name\":\"Teodora Stroe\",\"image\":{\"@type\":\"ImageObject\",\"inLanguage\":\"en-GB\",\"@id\":\"https:\\\/\\\/secure.gravatar.com\\\/avatar\\\/2560b4cd9f5f1bc100b123158e657d75584bd1c3e1d9c69285720b9457c1b78d?s=96&d=monsterid&r=gc104800242ba5f2d78dd5d7dc4df08b6\",\"url\":\"https:\\\/\\\/secure.gravatar.com\\\/avatar\\\/2560b4cd9f5f1bc100b123158e657d75584bd1c3e1d9c69285720b9457c1b78d?s=96&d=monsterid&r=g\",\"contentUrl\":\"https:\\\/\\\/secure.gravatar.com\\\/avatar\\\/2560b4cd9f5f1bc100b123158e657d75584bd1c3e1d9c69285720b9457c1b78d?s=96&d=monsterid&r=g\",\"caption\":\"Teodora Stroe\"},\"url\":\"https:\\\/\\\/buletin.de\\\/bucuresti\\\/author\\\/simonacarlugea\\\/\"}]}<\/script>\n<!-- \/ Yoast SEO Premium plugin. -->","yoast_head_json":{"title":"Achizi\u021bii de pandemie | Distrug\u0103toarele de documente, preferatele institu\u021biilor subordonate prim\u0103riilor bucure\u0219tene - Buletin de Bucure\u0219ti","robots":{"index":"index","follow":"follow","max-snippet":"max-snippet:-1","max-image-preview":"max-image-preview:large","max-video-preview":"max-video-preview:-1"},"canonical":"https:\/\/buletin.de\/bucuresti\/achizitii-de-pandemie-distrugatoarele-de-documente-preferatele-institutiilor-subordonate-primariilor-bucurestene\/","og_locale":"en_GB","og_type":"article","og_title":"Achizi\u021bii de pandemie | Distrug\u0103toarele de documente, preferatele institu\u021biilor subordonate prim\u0103riilor bucure\u0219tene","og_description":"\u00cen lista de achizi\u021bii directe ale institu\u021biilor publice, \u00een timp de pandemie, reg\u0103sim \u0219i produse mai pu\u021bin obi\u0219nuite. Distrug\u0103toarele de documente sunt obiecte utile pentru institu\u021biile care opereaz\u0103 cu documente clasificate sau supuse unui anumit regim de lucru. Pare \u00eens\u0103 de ne\u00een\u021beles, de exemplu, de ce Complexul Caraiman din Sectorul 1 a avut nevoie de [&hellip;]","og_url":"https:\/\/buletin.de\/bucuresti\/achizitii-de-pandemie-distrugatoarele-de-documente-preferatele-institutiilor-subordonate-primariilor-bucurestene\/","og_site_name":"Buletin de Bucure\u0219ti","article_publisher":"https:\/\/www.facebook.com\/buletin.de.buc","article_published_time":"2020-10-28T06:00:54+00:00","article_modified_time":"2021-06-02T10:21:46+00:00","og_image":[{"width":2540,"height":1616,"url":"https:\/\/buletin.de\/bucuresti\/wp-content\/uploads\/Cutting_head_of_a_paper_shredder.jpg","type":"image\/jpeg"}],"author":"Teodora Stroe","twitter_card":"summary_large_image","twitter_misc":{"Written by":"Teodora Stroe","Estimated reading time":"5 minutes"},"schema":{"@context":"https:\/\/schema.org","@graph":[{"@type":"Article","@id":"https:\/\/buletin.de\/bucuresti\/achizitii-de-pandemie-distrugatoarele-de-documente-preferatele-institutiilor-subordonate-primariilor-bucurestene\/#article","isPartOf":{"@id":"https:\/\/buletin.de\/bucuresti\/achizitii-de-pandemie-distrugatoarele-de-documente-preferatele-institutiilor-subordonate-primariilor-bucurestene\/"},"author":{"name":"Teodora Stroe","@id":"https:\/\/buletin.de\/bucuresti\/#\/schema\/person\/d369d7ddc775abece205795e0b804614"},"headline":"Achizi\u021bii de pandemie | Distrug\u0103toarele de documente, preferatele institu\u021biilor subordonate prim\u0103riilor bucure\u0219tene","datePublished":"2020-10-28T06:00:54+00:00","dateModified":"2021-06-02T10:21:46+00:00","mainEntityOfPage":{"@id":"https:\/\/buletin.de\/bucuresti\/achizitii-de-pandemie-distrugatoarele-de-documente-preferatele-institutiilor-subordonate-primariilor-bucurestene\/"},"wordCount":752,"publisher":{"@id":"https:\/\/buletin.de\/bucuresti\/#organization"},"image":{"@id":"https:\/\/buletin.de\/bucuresti\/achizitii-de-pandemie-distrugatoarele-de-documente-preferatele-institutiilor-subordonate-primariilor-bucurestene\/#primaryimage"},"thumbnailUrl":"https:\/\/buletin.de\/bucuresti\/wp-content\/uploads\/Cutting_head_of_a_paper_shredder.jpg","keywords":["achizitii in pandemie","complexul caraiman","distrugatoare","documente","Sector 1","shredders"],"articleSection":["Buletin de Bucure\u0219ti \u00een pandemie"],"inLanguage":"en-GB","copyrightYear":"2020","copyrightHolder":{"@id":"https:\/\/buletin.de\/bucuresti\/#organization"}},{"@type":"WebPage","@id":"https:\/\/buletin.de\/bucuresti\/achizitii-de-pandemie-distrugatoarele-de-documente-preferatele-institutiilor-subordonate-primariilor-bucurestene\/","url":"https:\/\/buletin.de\/bucuresti\/achizitii-de-pandemie-distrugatoarele-de-documente-preferatele-institutiilor-subordonate-primariilor-bucurestene\/","name":"Achizi\u021bii de pandemie | Distrug\u0103toarele de documente, preferatele institu\u021biilor subordonate prim\u0103riilor bucure\u0219tene - Buletin de Bucure\u0219ti","isPartOf":{"@id":"https:\/\/buletin.de\/bucuresti\/#website"},"primaryImageOfPage":{"@id":"https:\/\/buletin.de\/bucuresti\/achizitii-de-pandemie-distrugatoarele-de-documente-preferatele-institutiilor-subordonate-primariilor-bucurestene\/#primaryimage"},"image":{"@id":"https:\/\/buletin.de\/bucuresti\/achizitii-de-pandemie-distrugatoarele-de-documente-preferatele-institutiilor-subordonate-primariilor-bucurestene\/#primaryimage"},"thumbnailUrl":"https:\/\/buletin.de\/bucuresti\/wp-content\/uploads\/Cutting_head_of_a_paper_shredder.jpg","datePublished":"2020-10-28T06:00:54+00:00","dateModified":"2021-06-02T10:21:46+00:00","breadcrumb":{"@id":"https:\/\/buletin.de\/bucuresti\/achizitii-de-pandemie-distrugatoarele-de-documente-preferatele-institutiilor-subordonate-primariilor-bucurestene\/#breadcrumb"},"inLanguage":"en-GB","potentialAction":[{"@type":"ReadAction","target":["https:\/\/buletin.de\/bucuresti\/achizitii-de-pandemie-distrugatoarele-de-documente-preferatele-institutiilor-subordonate-primariilor-bucurestene\/"]}]},{"@type":"ImageObject","inLanguage":"en-GB","@id":"https:\/\/buletin.de\/bucuresti\/achizitii-de-pandemie-distrugatoarele-de-documente-preferatele-institutiilor-subordonate-primariilor-bucurestene\/#primaryimage","url":"https:\/\/buletin.de\/bucuresti\/wp-content\/uploads\/Cutting_head_of_a_paper_shredder.jpg","contentUrl":"https:\/\/buletin.de\/bucuresti\/wp-content\/uploads\/Cutting_head_of_a_paper_shredder.jpg","width":2540,"height":1616},{"@type":"BreadcrumbList","@id":"https:\/\/buletin.de\/bucuresti\/achizitii-de-pandemie-distrugatoarele-de-documente-preferatele-institutiilor-subordonate-primariilor-bucurestene\/#breadcrumb","itemListElement":[{"@type":"ListItem","position":1,"name":"Acas\u0103","item":"https:\/\/buletin.de\/bucuresti\/"},{"@type":"ListItem","position":2,"name":"Achizi\u021bii de pandemie | Distrug\u0103toarele de documente, preferatele institu\u021biilor subordonate prim\u0103riilor bucure\u0219tene"}]},{"@type":"WebSite","@id":"https:\/\/buletin.de\/bucuresti\/#website","url":"https:\/\/buletin.de\/bucuresti\/","name":"Buletin de Bucure\u0219ti","description":"\u0218tiri \u0219i investiga\u021bii esen\u021biale din capital\u0103","publisher":{"@id":"https:\/\/buletin.de\/bucuresti\/#organization"},"potentialAction":[{"@type":"SearchAction","target":{"@type":"EntryPoint","urlTemplate":"https:\/\/buletin.de\/bucuresti\/?s={search_term_string}"},"query-input":{"@type":"PropertyValueSpecification","valueRequired":true,"valueName":"search_term_string"}}],"inLanguage":"en-GB"},{"@type":"Organization","@id":"https:\/\/buletin.de\/bucuresti\/#organization","name":"Buletin de Bucure\u0219ti","url":"https:\/\/buletin.de\/bucuresti\/","logo":{"@type":"ImageObject","inLanguage":"en-GB","@id":"https:\/\/buletin.de\/bucuresti\/#\/schema\/logo\/image\/","url":"https:\/\/buletin.de\/bucuresti\/wp-content\/uploads\/logo-bdb-full-wide-vernil-transparent.png","contentUrl":"https:\/\/buletin.de\/bucuresti\/wp-content\/uploads\/logo-bdb-full-wide-vernil-transparent.png","width":1782,"height":626,"caption":"Buletin de Bucure\u0219ti"},"image":{"@id":"https:\/\/buletin.de\/bucuresti\/#\/schema\/logo\/image\/"},"sameAs":["https:\/\/www.facebook.com\/buletin.de.buc","https:\/\/www.instagram.com\/buletinde.bucuresti\/"]},{"@type":"Person","@id":"https:\/\/buletin.de\/bucuresti\/#\/schema\/person\/d369d7ddc775abece205795e0b804614","name":"Teodora Stroe","image":{"@type":"ImageObject","inLanguage":"en-GB","@id":"https:\/\/secure.gravatar.com\/avatar\/2560b4cd9f5f1bc100b123158e657d75584bd1c3e1d9c69285720b9457c1b78d?s=96&d=monsterid&r=gc104800242ba5f2d78dd5d7dc4df08b6","url":"https:\/\/secure.gravatar.com\/avatar\/2560b4cd9f5f1bc100b123158e657d75584bd1c3e1d9c69285720b9457c1b78d?s=96&d=monsterid&r=g","contentUrl":"https:\/\/secure.gravatar.com\/avatar\/2560b4cd9f5f1bc100b123158e657d75584bd1c3e1d9c69285720b9457c1b78d?s=96&d=monsterid&r=g","caption":"Teodora Stroe"},"url":"https:\/\/buletin.de\/bucuresti\/author\/simonacarlugea\/"}]}},"authors":[{"term_id":22579,"user_id":18,"is_guest":0,"slug":"simonacarlugea","display_name":"Teodora Stroe","avatar_url":"https:\/\/secure.gravatar.com\/avatar\/2560b4cd9f5f1bc100b123158e657d75584bd1c3e1d9c69285720b9457c1b78d?s=96&d=monsterid&r=g","0":null,"1":"","2":"","3":"","4":"","5":"","6":"","7":"","8":""}],"_links":{"self":[{"href":"https:\/\/buletin.de\/bucuresti\/wp-json\/wp\/v2\/posts\/14346","targetHints":{"allow":["GET"]}}],"collection":[{"href":"https:\/\/buletin.de\/bucuresti\/wp-json\/wp\/v2\/posts"}],"about":[{"href":"https:\/\/buletin.de\/bucuresti\/wp-json\/wp\/v2\/types\/post"}],"author":[{"embeddable":true,"href":"https:\/\/buletin.de\/bucuresti\/wp-json\/wp\/v2\/users\/18"}],"replies":[{"embeddable":true,"href":"https:\/\/buletin.de\/bucuresti\/wp-json\/wp\/v2\/comments?post=14346"}],"version-history":[{"count":25,"href":"https:\/\/buletin.de\/bucuresti\/wp-json\/wp\/v2\/posts\/14346\/revisions"}],"predecessor-version":[{"id":25786,"href":"https:\/\/buletin.de\/bucuresti\/wp-json\/wp\/v2\/posts\/14346\/revisions\/25786"}],"wp:featuredmedia":[{"embeddable":true,"href":"https:\/\/buletin.de\/bucuresti\/wp-json\/wp\/v2\/media\/14424"}],"wp:attachment":[{"href":"https:\/\/buletin.de\/bucuresti\/wp-json\/wp\/v2\/media?parent=14346"}],"wp:term":[{"taxonomy":"category","embeddable":true,"href":"https:\/\/buletin.de\/bucuresti\/wp-json\/wp\/v2\/categories?post=14346"},{"taxonomy":"post_tag","embeddable":true,"href":"https:\/\/buletin.de\/bucuresti\/wp-json\/wp\/v2\/tags?post=14346"},{"taxonomy":"author","embeddable":true,"href":"https:\/\/buletin.de\/bucuresti\/wp-json\/wp\/v2\/ppma_author?post=14346"}],"curies":[{"name":"wp","href":"https:\/\/api.w.org\/{rel}","templated":true}]}}