{"id":14335,"date":"2020-10-26T17:09:52","date_gmt":"2020-10-26T14:09:52","guid":{"rendered":"https:\/\/buletin.de\/bucuresti\/?p=14335"},"modified":"2020-10-26T18:14:59","modified_gmt":"2020-10-26T15:14:59","slug":"nicusor-dan-este-primar-general-curtea-de-apel-bucuresti-a-validat-definitiv-mandatul-sau","status":"publish","type":"post","link":"https:\/\/buletin.de\/bucuresti\/nicusor-dan-este-primar-general-curtea-de-apel-bucuresti-a-validat-definitiv-mandatul-sau\/","title":{"rendered":"Nicu\u0219or Dan este primar general! Curtea de Apel Bucure\u0219ti a validat, definitiv, mandatul s\u0103u"},"content":{"rendered":"\n<p><strong>Nicu\u0219or Dan este noul primar general al Capitalei. Mandatul s\u0103u, c\u00e2\u0219tigat la alegerile din 27 septembrie a fost, ast\u0103zi, validat de Curtea de Apel Bucure\u0219ti, printr-o decizie definitiv\u0103. Nicu\u0219or Dan urmeaz\u0103 s\u0103-\u0219i preia fotoliul de edil s\u0103pt\u0103m\u00e2na aceasta.<\/strong><\/p>\n\n\n\n<p>A fost nevoie de o lun\u0103 ca primarul ales s\u0103 ajung\u0103 \u00een func\u021bia \u00een care a fost \u00eenvestit de votul cet\u0103\u021benilor. Mai \u00eent\u00e2i din cauza unei prevederi noi din Codul Civil, iar apoi din cauza a nu mai pu\u021bin de 52 de contesta\u021bii depuse \u00eempotriva valid\u0103rii mandatului s\u0103u de primar. Toate aceste contesta\u021bii au fost respinse ast\u0103zi de CAB ca fiind tardive.<\/p>\n\n\n\n<div id=\"fb-root\"><\/div>\n<script async defer crossorigin=\"anonymous\" src=\"https:\/\/connect.facebook.net\/en_GB\/sdk.js#xfbml=1&#038;version=v8.0\" nonce=\"FyczJy9x\"><\/script>\n\n\n\n<div class=\"fb-post\" data-href=\"https:\/\/www.facebook.com\/NicusorDan.ro\/posts\/3419771874767068\" data-show-text=\"true\" data-width=\"\"><blockquote cite=\"https:\/\/www.facebook.com\/NicusorDan.ro\/posts\/3419771874767068\" class=\"fb-xfbml-parse-ignore\"><p>La aproape patru s\u0103pt\u0103m\u00e2ni de la alegerile locale pentru Prim\u0103ria Capitalei, preocup\u0103rile PSD \u0219i ale Gabrielei Firea&#8230;<\/p>Posted by <a href=\"https:\/\/www.facebook.com\/NicusorDan.ro\/\">Nicu\u0219or Dan<\/a> on&nbsp;<a href=\"https:\/\/www.facebook.com\/NicusorDan.ro\/posts\/3419771874767068\">Thursday, 22 October 2020<\/a><\/blockquote><\/div>\n\n\n\n<p>Nicu\u0219or Dan a acuzat-o de aceast\u0103 \u00eent\u00e2rziere pe Gabriela Firea. <\/p>\n\n\n\n<p>\u201c<em>Sunt \u0219icanele penibile ale PSD prin care \u00eencearc\u0103, \u00een mod iresponsabil, preluarea mandatului de primar al Bucure\u0219tiului. Suntem la patru saptamani de la alegeri \u0219i o s\u0103 mai a\u0219tept\u0103m cel pu\u021bin o s\u0103pt\u0103m\u00e2n\u0103.&nbsp;<strong>Vorbim de 52 de cereri de apel pe care le-au f\u0103cut consilierii PSD \u0219i apropia\u021bi ai PSD la hot\u0103r\u00e2rea Tribunalului prin care ne-a fost validata candidatura.<\/strong><\/em>\u201d, a declarat Nicu\u0219or Dan \u00een cadrul unei conferin\u021be de pres\u0103 sus\u021binut\u0103 s\u0103pt\u0103m\u00e2na trecut\u0103, \u00een fa\u021ba Prim\u0103riei Generale.&nbsp; <\/p>\n\n\n\n<p>La aceea\u0219i conferin\u021b\u0103 de pres\u0103. Nicu\u0219or Dan le-a reamintit bucure\u0219tenilor c\u0103 el este, deocamdat\u0103, doar primarul ales, iar \u00een func\u021bie \u00eenc\u0103 este Gabriela Firea, care \u00eens\u0103 \u0219i-a abandonat mandatul. Declara\u021bia sa a primit imediat o replic\u0103 pe Facebook din partea Gabrielei Firea.<\/p>\n\n\n\n<p>&#8220;<em>I\u2019m still here. Still working. Still like steel. And I like it!&#8221;<\/em><\/p>\n\n\n\n<figure class=\"wp-block-image size-large\"><img fetchpriority=\"high\" decoding=\"async\" width=\"506\" height=\"900\" src=\"data:image\/gif;base64,R0lGODlhAQABAAAAACH5BAEKAAEALAAAAAABAAEAAAICTAEAOw==\" data-src=\"https:\/\/buletin.de\/bucuresti\/wp-content\/uploads\/WhatsApp-Image-2020-10-26-at-15.52.07-506x900.jpeg\" alt=\"\" class=\"wp-image-14338 lazyload\" data-sizes=\"auto\" data-srcset=\"https:\/\/buletin.de\/bucuresti\/wp-content\/uploads\/WhatsApp-Image-2020-10-26-at-15.52.07-506x900.jpeg 506w, https:\/\/buletin.de\/bucuresti\/wp-content\/uploads\/WhatsApp-Image-2020-10-26-at-15.52.07-169x300.jpeg 169w, https:\/\/buletin.de\/bucuresti\/wp-content\/uploads\/WhatsApp-Image-2020-10-26-at-15.52.07-768x1365.jpeg 768w, https:\/\/buletin.de\/bucuresti\/wp-content\/uploads\/WhatsApp-Image-2020-10-26-at-15.52.07-864x1536.jpeg 864w, https:\/\/buletin.de\/bucuresti\/wp-content\/uploads\/WhatsApp-Image-2020-10-26-at-15.52.07-550x978.jpeg 550w, https:\/\/buletin.de\/bucuresti\/wp-content\/uploads\/WhatsApp-Image-2020-10-26-at-15.52.07-281x500.jpeg 281w, https:\/\/buletin.de\/bucuresti\/wp-content\/uploads\/WhatsApp-Image-2020-10-26-at-15.52.07-608x1080.jpeg 608w, https:\/\/buletin.de\/bucuresti\/wp-content\/uploads\/WhatsApp-Image-2020-10-26-at-15.52.07-600x1067.jpeg 600w, https:\/\/buletin.de\/bucuresti\/wp-content\/uploads\/WhatsApp-Image-2020-10-26-at-15.52.07.jpeg 900w\" sizes=\"(max-width: 506px) 100vw, 506px\" \/><\/figure>\n\n\n\n<p>Publicat\u0103 de&nbsp;<a href=\"https:\/\/www.facebook.com\/gabifirea\/\">Gabriela Firea<\/a>&nbsp;pe&nbsp;<a href=\"https:\/\/www.facebook.com\/gabifirea\/photos\/a.605512162844928\/3671443786251735\/?type=3\">Joi, 22 octombrie 2020<\/a><\/p>\n\n\n\n<figure class=\"wp-block-embed-wordpress wp-block-embed is-type-wp-embed is-provider-buletin-de-bucure\u0219ti\"><div class=\"wp-block-embed__wrapper\">\n<blockquote class=\"wp-embedded-content\" data-secret=\"YcGOKgINYm\"><a href=\"https:\/\/buletin.de\/bucuresti\/razboi-al-declaratiilor-gabriela-firea-si-nicusor-dan-cine-mai-conduce-bucurestiul\/\">R\u0103zboi al declara\u021biilor, Gabriela Firea \u0219i Nicu\u0219or Dan | Cine mai conduce Bucure\u0219tiul?<\/a><\/blockquote><iframe class=\"wp-embedded-content\" sandbox=\"allow-scripts\" security=\"restricted\" style=\"position: absolute; clip: rect(1px, 1px, 1px, 1px);\" title=\"&#8220;R\u0103zboi al declara\u021biilor, Gabriela Firea \u0219i Nicu\u0219or Dan | Cine mai conduce Bucure\u0219tiul?&#8221; &#8212; Buletin de Bucure\u0219ti\" src=\"https:\/\/buletin.de\/bucuresti\/razboi-al-declaratiilor-gabriela-firea-si-nicusor-dan-cine-mai-conduce-bucurestiul\/embed\/#?secret=2IN24hQnU3#?secret=YcGOKgINYm\" data-secret=\"YcGOKgINYm\" width=\"600\" height=\"338\" frameborder=\"0\" marginwidth=\"0\" marginheight=\"0\" scrolling=\"no\"><\/iframe>\n<\/div><\/figure>\n\n\n\n<p>Nicu\u0219or Dan va fi instalat \u00een fotoliul de primar s\u0103pt\u0103m\u00e2na aceasta. <\/p>\n","protected":false},"excerpt":{"rendered":"<p>Nicu\u0219or Dan este noul primar general al Capitalei. Mandatul s\u0103u, c\u00e2\u0219tigat la alegerile din 27 septembrie a fost, ast\u0103zi, validat de Curtea de Apel Bucure\u0219ti, printr-o decizie definitiv\u0103. Nicu\u0219or Dan urmeaz\u0103 s\u0103-\u0219i preia fotoliul de edil s\u0103pt\u0103m\u00e2na aceasta. A fost nevoie de o lun\u0103 ca primarul ales s\u0103 ajung\u0103 \u00een func\u021bia \u00een care a fost [&hellip;]<\/p>\n","protected":false},"author":18,"featured_media":14342,"comment_status":"closed","ping_status":"open","sticky":false,"template":"","format":"standard","meta":{"_acf_changed":false,"inline_featured_image":false,"ngg_post_thumbnail":0,"footnotes":""},"categories":[1],"tags":[],"ppma_author":[22579],"class_list":["post-14335","post","type-post","status-publish","format-standard","has-post-thumbnail","hentry","category-diverse"],"acf":[],"yoast_head":"<!-- This site is optimized with the Yoast SEO Premium plugin v25.3 (Yoast SEO v27.4) - https:\/\/yoast.com\/product\/yoast-seo-premium-wordpress\/ -->\n<title>Nicu\u0219or Dan este primar general! Curtea de Apel Bucure\u0219ti a validat, definitiv, mandatul s\u0103u - Buletin de Bucure\u0219ti<\/title>\n<meta name=\"robots\" content=\"index, follow, max-snippet:-1, max-image-preview:large, max-video-preview:-1\" \/>\n<link rel=\"canonical\" href=\"https:\/\/buletin.de\/bucuresti\/nicusor-dan-este-primar-general-curtea-de-apel-bucuresti-a-validat-definitiv-mandatul-sau\/\" \/>\n<meta property=\"og:locale\" content=\"en_GB\" \/>\n<meta property=\"og:type\" content=\"article\" \/>\n<meta property=\"og:title\" content=\"Nicu\u0219or Dan este primar general! Curtea de Apel Bucure\u0219ti a validat, definitiv, mandatul s\u0103u\" \/>\n<meta property=\"og:description\" content=\"Nicu\u0219or Dan este noul primar general al Capitalei. Mandatul s\u0103u, c\u00e2\u0219tigat la alegerile din 27 septembrie a fost, ast\u0103zi, validat de Curtea de Apel Bucure\u0219ti, printr-o decizie definitiv\u0103. Nicu\u0219or Dan urmeaz\u0103 s\u0103-\u0219i preia fotoliul de edil s\u0103pt\u0103m\u00e2na aceasta. A fost nevoie de o lun\u0103 ca primarul ales s\u0103 ajung\u0103 \u00een func\u021bia \u00een care a fost [&hellip;]\" \/>\n<meta property=\"og:url\" content=\"https:\/\/buletin.de\/bucuresti\/nicusor-dan-este-primar-general-curtea-de-apel-bucuresti-a-validat-definitiv-mandatul-sau\/\" \/>\n<meta property=\"og:site_name\" content=\"Buletin de Bucure\u0219ti\" \/>\n<meta property=\"article:publisher\" content=\"https:\/\/www.facebook.com\/buletin.de.buc\" \/>\n<meta property=\"article:published_time\" content=\"2020-10-26T14:09:52+00:00\" \/>\n<meta property=\"article:modified_time\" content=\"2020-10-26T15:14:59+00:00\" \/>\n<meta property=\"og:image\" content=\"https:\/\/buletin.de\/bucuresti\/wp-content\/uploads\/NICUSOR-PRIMAR.jpg\" \/>\n\t<meta property=\"og:image:width\" content=\"2560\" \/>\n\t<meta property=\"og:image:height\" content=\"1280\" \/>\n\t<meta property=\"og:image:type\" content=\"image\/jpeg\" \/>\n<meta name=\"author\" content=\"Teodora Stroe\" \/>\n<meta name=\"twitter:card\" content=\"summary_large_image\" \/>\n<meta name=\"twitter:label1\" content=\"Written by\" \/>\n\t<meta name=\"twitter:data1\" content=\"Teodora Stroe\" \/>\n\t<meta name=\"twitter:label2\" content=\"Estimated reading time\" \/>\n\t<meta name=\"twitter:data2\" content=\"2 minutes\" \/>\n<script type=\"application\/ld+json\" class=\"yoast-schema-graph\">{\"@context\":\"https:\\\/\\\/schema.org\",\"@graph\":[{\"@type\":\"Article\",\"@id\":\"https:\\\/\\\/buletin.de\\\/bucuresti\\\/nicusor-dan-este-primar-general-curtea-de-apel-bucuresti-a-validat-definitiv-mandatul-sau\\\/#article\",\"isPartOf\":{\"@id\":\"https:\\\/\\\/buletin.de\\\/bucuresti\\\/nicusor-dan-este-primar-general-curtea-de-apel-bucuresti-a-validat-definitiv-mandatul-sau\\\/\"},\"author\":{\"name\":\"Teodora Stroe\",\"@id\":\"https:\\\/\\\/buletin.de\\\/bucuresti\\\/#\\\/schema\\\/person\\\/d369d7ddc775abece205795e0b804614\"},\"headline\":\"Nicu\u0219or Dan este primar general! Curtea de Apel Bucure\u0219ti a validat, definitiv, mandatul s\u0103u\",\"datePublished\":\"2020-10-26T14:09:52+00:00\",\"dateModified\":\"2020-10-26T15:14:59+00:00\",\"mainEntityOfPage\":{\"@id\":\"https:\\\/\\\/buletin.de\\\/bucuresti\\\/nicusor-dan-este-primar-general-curtea-de-apel-bucuresti-a-validat-definitiv-mandatul-sau\\\/\"},\"wordCount\":364,\"publisher\":{\"@id\":\"https:\\\/\\\/buletin.de\\\/bucuresti\\\/#organization\"},\"image\":{\"@id\":\"https:\\\/\\\/buletin.de\\\/bucuresti\\\/nicusor-dan-este-primar-general-curtea-de-apel-bucuresti-a-validat-definitiv-mandatul-sau\\\/#primaryimage\"},\"thumbnailUrl\":\"https:\\\/\\\/buletin.de\\\/bucuresti\\\/wp-content\\\/uploads\\\/NICUSOR-PRIMAR.jpg\",\"articleSection\":[\"Diverse\"],\"inLanguage\":\"en-GB\",\"copyrightYear\":\"2020\",\"copyrightHolder\":{\"@id\":\"https:\\\/\\\/buletin.de\\\/bucuresti\\\/#organization\"}},{\"@type\":\"WebPage\",\"@id\":\"https:\\\/\\\/buletin.de\\\/bucuresti\\\/nicusor-dan-este-primar-general-curtea-de-apel-bucuresti-a-validat-definitiv-mandatul-sau\\\/\",\"url\":\"https:\\\/\\\/buletin.de\\\/bucuresti\\\/nicusor-dan-este-primar-general-curtea-de-apel-bucuresti-a-validat-definitiv-mandatul-sau\\\/\",\"name\":\"Nicu\u0219or Dan este primar general! Curtea de Apel Bucure\u0219ti a validat, definitiv, mandatul s\u0103u - Buletin de Bucure\u0219ti\",\"isPartOf\":{\"@id\":\"https:\\\/\\\/buletin.de\\\/bucuresti\\\/#website\"},\"primaryImageOfPage\":{\"@id\":\"https:\\\/\\\/buletin.de\\\/bucuresti\\\/nicusor-dan-este-primar-general-curtea-de-apel-bucuresti-a-validat-definitiv-mandatul-sau\\\/#primaryimage\"},\"image\":{\"@id\":\"https:\\\/\\\/buletin.de\\\/bucuresti\\\/nicusor-dan-este-primar-general-curtea-de-apel-bucuresti-a-validat-definitiv-mandatul-sau\\\/#primaryimage\"},\"thumbnailUrl\":\"https:\\\/\\\/buletin.de\\\/bucuresti\\\/wp-content\\\/uploads\\\/NICUSOR-PRIMAR.jpg\",\"datePublished\":\"2020-10-26T14:09:52+00:00\",\"dateModified\":\"2020-10-26T15:14:59+00:00\",\"breadcrumb\":{\"@id\":\"https:\\\/\\\/buletin.de\\\/bucuresti\\\/nicusor-dan-este-primar-general-curtea-de-apel-bucuresti-a-validat-definitiv-mandatul-sau\\\/#breadcrumb\"},\"inLanguage\":\"en-GB\",\"potentialAction\":[{\"@type\":\"ReadAction\",\"target\":[\"https:\\\/\\\/buletin.de\\\/bucuresti\\\/nicusor-dan-este-primar-general-curtea-de-apel-bucuresti-a-validat-definitiv-mandatul-sau\\\/\"]}]},{\"@type\":\"ImageObject\",\"inLanguage\":\"en-GB\",\"@id\":\"https:\\\/\\\/buletin.de\\\/bucuresti\\\/nicusor-dan-este-primar-general-curtea-de-apel-bucuresti-a-validat-definitiv-mandatul-sau\\\/#primaryimage\",\"url\":\"https:\\\/\\\/buletin.de\\\/bucuresti\\\/wp-content\\\/uploads\\\/NICUSOR-PRIMAR.jpg\",\"contentUrl\":\"https:\\\/\\\/buletin.de\\\/bucuresti\\\/wp-content\\\/uploads\\\/NICUSOR-PRIMAR.jpg\",\"width\":2560,\"height\":1280},{\"@type\":\"BreadcrumbList\",\"@id\":\"https:\\\/\\\/buletin.de\\\/bucuresti\\\/nicusor-dan-este-primar-general-curtea-de-apel-bucuresti-a-validat-definitiv-mandatul-sau\\\/#breadcrumb\",\"itemListElement\":[{\"@type\":\"ListItem\",\"position\":1,\"name\":\"Acas\u0103\",\"item\":\"https:\\\/\\\/buletin.de\\\/bucuresti\\\/\"},{\"@type\":\"ListItem\",\"position\":2,\"name\":\"Nicu\u0219or Dan este primar general! Curtea de Apel Bucure\u0219ti a validat, definitiv, mandatul s\u0103u\"}]},{\"@type\":\"WebSite\",\"@id\":\"https:\\\/\\\/buletin.de\\\/bucuresti\\\/#website\",\"url\":\"https:\\\/\\\/buletin.de\\\/bucuresti\\\/\",\"name\":\"Buletin de Bucure\u0219ti\",\"description\":\"\u0218tiri \u0219i investiga\u021bii esen\u021biale din capital\u0103\",\"publisher\":{\"@id\":\"https:\\\/\\\/buletin.de\\\/bucuresti\\\/#organization\"},\"potentialAction\":[{\"@type\":\"SearchAction\",\"target\":{\"@type\":\"EntryPoint\",\"urlTemplate\":\"https:\\\/\\\/buletin.de\\\/bucuresti\\\/?s={search_term_string}\"},\"query-input\":{\"@type\":\"PropertyValueSpecification\",\"valueRequired\":true,\"valueName\":\"search_term_string\"}}],\"inLanguage\":\"en-GB\"},{\"@type\":\"Organization\",\"@id\":\"https:\\\/\\\/buletin.de\\\/bucuresti\\\/#organization\",\"name\":\"Buletin de Bucure\u0219ti\",\"url\":\"https:\\\/\\\/buletin.de\\\/bucuresti\\\/\",\"logo\":{\"@type\":\"ImageObject\",\"inLanguage\":\"en-GB\",\"@id\":\"https:\\\/\\\/buletin.de\\\/bucuresti\\\/#\\\/schema\\\/logo\\\/image\\\/\",\"url\":\"https:\\\/\\\/buletin.de\\\/bucuresti\\\/wp-content\\\/uploads\\\/logo-bdb-full-wide-vernil-transparent.png\",\"contentUrl\":\"https:\\\/\\\/buletin.de\\\/bucuresti\\\/wp-content\\\/uploads\\\/logo-bdb-full-wide-vernil-transparent.png\",\"width\":1782,\"height\":626,\"caption\":\"Buletin de Bucure\u0219ti\"},\"image\":{\"@id\":\"https:\\\/\\\/buletin.de\\\/bucuresti\\\/#\\\/schema\\\/logo\\\/image\\\/\"},\"sameAs\":[\"https:\\\/\\\/www.facebook.com\\\/buletin.de.buc\",\"https:\\\/\\\/www.instagram.com\\\/buletinde.bucuresti\\\/\"]},{\"@type\":\"Person\",\"@id\":\"https:\\\/\\\/buletin.de\\\/bucuresti\\\/#\\\/schema\\\/person\\\/d369d7ddc775abece205795e0b804614\",\"name\":\"Teodora Stroe\",\"image\":{\"@type\":\"ImageObject\",\"inLanguage\":\"en-GB\",\"@id\":\"https:\\\/\\\/secure.gravatar.com\\\/avatar\\\/2560b4cd9f5f1bc100b123158e657d75584bd1c3e1d9c69285720b9457c1b78d?s=96&d=monsterid&r=gc104800242ba5f2d78dd5d7dc4df08b6\",\"url\":\"https:\\\/\\\/secure.gravatar.com\\\/avatar\\\/2560b4cd9f5f1bc100b123158e657d75584bd1c3e1d9c69285720b9457c1b78d?s=96&d=monsterid&r=g\",\"contentUrl\":\"https:\\\/\\\/secure.gravatar.com\\\/avatar\\\/2560b4cd9f5f1bc100b123158e657d75584bd1c3e1d9c69285720b9457c1b78d?s=96&d=monsterid&r=g\",\"caption\":\"Teodora Stroe\"},\"url\":\"https:\\\/\\\/buletin.de\\\/bucuresti\\\/author\\\/simonacarlugea\\\/\"}]}<\/script>\n<!-- \/ Yoast SEO Premium plugin. -->","yoast_head_json":{"title":"Nicu\u0219or Dan este primar general! Curtea de Apel Bucure\u0219ti a validat, definitiv, mandatul s\u0103u - Buletin de Bucure\u0219ti","robots":{"index":"index","follow":"follow","max-snippet":"max-snippet:-1","max-image-preview":"max-image-preview:large","max-video-preview":"max-video-preview:-1"},"canonical":"https:\/\/buletin.de\/bucuresti\/nicusor-dan-este-primar-general-curtea-de-apel-bucuresti-a-validat-definitiv-mandatul-sau\/","og_locale":"en_GB","og_type":"article","og_title":"Nicu\u0219or Dan este primar general! Curtea de Apel Bucure\u0219ti a validat, definitiv, mandatul s\u0103u","og_description":"Nicu\u0219or Dan este noul primar general al Capitalei. Mandatul s\u0103u, c\u00e2\u0219tigat la alegerile din 27 septembrie a fost, ast\u0103zi, validat de Curtea de Apel Bucure\u0219ti, printr-o decizie definitiv\u0103. Nicu\u0219or Dan urmeaz\u0103 s\u0103-\u0219i preia fotoliul de edil s\u0103pt\u0103m\u00e2na aceasta. A fost nevoie de o lun\u0103 ca primarul ales s\u0103 ajung\u0103 \u00een func\u021bia \u00een care a fost [&hellip;]","og_url":"https:\/\/buletin.de\/bucuresti\/nicusor-dan-este-primar-general-curtea-de-apel-bucuresti-a-validat-definitiv-mandatul-sau\/","og_site_name":"Buletin de Bucure\u0219ti","article_publisher":"https:\/\/www.facebook.com\/buletin.de.buc","article_published_time":"2020-10-26T14:09:52+00:00","article_modified_time":"2020-10-26T15:14:59+00:00","og_image":[{"width":2560,"height":1280,"url":"https:\/\/buletin.de\/bucuresti\/wp-content\/uploads\/NICUSOR-PRIMAR.jpg","type":"image\/jpeg"}],"author":"Teodora Stroe","twitter_card":"summary_large_image","twitter_misc":{"Written by":"Teodora Stroe","Estimated reading time":"2 minutes"},"schema":{"@context":"https:\/\/schema.org","@graph":[{"@type":"Article","@id":"https:\/\/buletin.de\/bucuresti\/nicusor-dan-este-primar-general-curtea-de-apel-bucuresti-a-validat-definitiv-mandatul-sau\/#article","isPartOf":{"@id":"https:\/\/buletin.de\/bucuresti\/nicusor-dan-este-primar-general-curtea-de-apel-bucuresti-a-validat-definitiv-mandatul-sau\/"},"author":{"name":"Teodora Stroe","@id":"https:\/\/buletin.de\/bucuresti\/#\/schema\/person\/d369d7ddc775abece205795e0b804614"},"headline":"Nicu\u0219or Dan este primar general! Curtea de Apel Bucure\u0219ti a validat, definitiv, mandatul s\u0103u","datePublished":"2020-10-26T14:09:52+00:00","dateModified":"2020-10-26T15:14:59+00:00","mainEntityOfPage":{"@id":"https:\/\/buletin.de\/bucuresti\/nicusor-dan-este-primar-general-curtea-de-apel-bucuresti-a-validat-definitiv-mandatul-sau\/"},"wordCount":364,"publisher":{"@id":"https:\/\/buletin.de\/bucuresti\/#organization"},"image":{"@id":"https:\/\/buletin.de\/bucuresti\/nicusor-dan-este-primar-general-curtea-de-apel-bucuresti-a-validat-definitiv-mandatul-sau\/#primaryimage"},"thumbnailUrl":"https:\/\/buletin.de\/bucuresti\/wp-content\/uploads\/NICUSOR-PRIMAR.jpg","articleSection":["Diverse"],"inLanguage":"en-GB","copyrightYear":"2020","copyrightHolder":{"@id":"https:\/\/buletin.de\/bucuresti\/#organization"}},{"@type":"WebPage","@id":"https:\/\/buletin.de\/bucuresti\/nicusor-dan-este-primar-general-curtea-de-apel-bucuresti-a-validat-definitiv-mandatul-sau\/","url":"https:\/\/buletin.de\/bucuresti\/nicusor-dan-este-primar-general-curtea-de-apel-bucuresti-a-validat-definitiv-mandatul-sau\/","name":"Nicu\u0219or Dan este primar general! Curtea de Apel Bucure\u0219ti a validat, definitiv, mandatul s\u0103u - Buletin de Bucure\u0219ti","isPartOf":{"@id":"https:\/\/buletin.de\/bucuresti\/#website"},"primaryImageOfPage":{"@id":"https:\/\/buletin.de\/bucuresti\/nicusor-dan-este-primar-general-curtea-de-apel-bucuresti-a-validat-definitiv-mandatul-sau\/#primaryimage"},"image":{"@id":"https:\/\/buletin.de\/bucuresti\/nicusor-dan-este-primar-general-curtea-de-apel-bucuresti-a-validat-definitiv-mandatul-sau\/#primaryimage"},"thumbnailUrl":"https:\/\/buletin.de\/bucuresti\/wp-content\/uploads\/NICUSOR-PRIMAR.jpg","datePublished":"2020-10-26T14:09:52+00:00","dateModified":"2020-10-26T15:14:59+00:00","breadcrumb":{"@id":"https:\/\/buletin.de\/bucuresti\/nicusor-dan-este-primar-general-curtea-de-apel-bucuresti-a-validat-definitiv-mandatul-sau\/#breadcrumb"},"inLanguage":"en-GB","potentialAction":[{"@type":"ReadAction","target":["https:\/\/buletin.de\/bucuresti\/nicusor-dan-este-primar-general-curtea-de-apel-bucuresti-a-validat-definitiv-mandatul-sau\/"]}]},{"@type":"ImageObject","inLanguage":"en-GB","@id":"https:\/\/buletin.de\/bucuresti\/nicusor-dan-este-primar-general-curtea-de-apel-bucuresti-a-validat-definitiv-mandatul-sau\/#primaryimage","url":"https:\/\/buletin.de\/bucuresti\/wp-content\/uploads\/NICUSOR-PRIMAR.jpg","contentUrl":"https:\/\/buletin.de\/bucuresti\/wp-content\/uploads\/NICUSOR-PRIMAR.jpg","width":2560,"height":1280},{"@type":"BreadcrumbList","@id":"https:\/\/buletin.de\/bucuresti\/nicusor-dan-este-primar-general-curtea-de-apel-bucuresti-a-validat-definitiv-mandatul-sau\/#breadcrumb","itemListElement":[{"@type":"ListItem","position":1,"name":"Acas\u0103","item":"https:\/\/buletin.de\/bucuresti\/"},{"@type":"ListItem","position":2,"name":"Nicu\u0219or Dan este primar general! Curtea de Apel Bucure\u0219ti a validat, definitiv, mandatul s\u0103u"}]},{"@type":"WebSite","@id":"https:\/\/buletin.de\/bucuresti\/#website","url":"https:\/\/buletin.de\/bucuresti\/","name":"Buletin de Bucure\u0219ti","description":"\u0218tiri \u0219i investiga\u021bii esen\u021biale din capital\u0103","publisher":{"@id":"https:\/\/buletin.de\/bucuresti\/#organization"},"potentialAction":[{"@type":"SearchAction","target":{"@type":"EntryPoint","urlTemplate":"https:\/\/buletin.de\/bucuresti\/?s={search_term_string}"},"query-input":{"@type":"PropertyValueSpecification","valueRequired":true,"valueName":"search_term_string"}}],"inLanguage":"en-GB"},{"@type":"Organization","@id":"https:\/\/buletin.de\/bucuresti\/#organization","name":"Buletin de Bucure\u0219ti","url":"https:\/\/buletin.de\/bucuresti\/","logo":{"@type":"ImageObject","inLanguage":"en-GB","@id":"https:\/\/buletin.de\/bucuresti\/#\/schema\/logo\/image\/","url":"https:\/\/buletin.de\/bucuresti\/wp-content\/uploads\/logo-bdb-full-wide-vernil-transparent.png","contentUrl":"https:\/\/buletin.de\/bucuresti\/wp-content\/uploads\/logo-bdb-full-wide-vernil-transparent.png","width":1782,"height":626,"caption":"Buletin de Bucure\u0219ti"},"image":{"@id":"https:\/\/buletin.de\/bucuresti\/#\/schema\/logo\/image\/"},"sameAs":["https:\/\/www.facebook.com\/buletin.de.buc","https:\/\/www.instagram.com\/buletinde.bucuresti\/"]},{"@type":"Person","@id":"https:\/\/buletin.de\/bucuresti\/#\/schema\/person\/d369d7ddc775abece205795e0b804614","name":"Teodora Stroe","image":{"@type":"ImageObject","inLanguage":"en-GB","@id":"https:\/\/secure.gravatar.com\/avatar\/2560b4cd9f5f1bc100b123158e657d75584bd1c3e1d9c69285720b9457c1b78d?s=96&d=monsterid&r=gc104800242ba5f2d78dd5d7dc4df08b6","url":"https:\/\/secure.gravatar.com\/avatar\/2560b4cd9f5f1bc100b123158e657d75584bd1c3e1d9c69285720b9457c1b78d?s=96&d=monsterid&r=g","contentUrl":"https:\/\/secure.gravatar.com\/avatar\/2560b4cd9f5f1bc100b123158e657d75584bd1c3e1d9c69285720b9457c1b78d?s=96&d=monsterid&r=g","caption":"Teodora Stroe"},"url":"https:\/\/buletin.de\/bucuresti\/author\/simonacarlugea\/"}]}},"authors":[{"term_id":22579,"user_id":18,"is_guest":0,"slug":"simonacarlugea","display_name":"Teodora Stroe","avatar_url":"https:\/\/secure.gravatar.com\/avatar\/2560b4cd9f5f1bc100b123158e657d75584bd1c3e1d9c69285720b9457c1b78d?s=96&d=monsterid&r=g","0":null,"1":"","2":"","3":"","4":"","5":"","6":"","7":"","8":""}],"_links":{"self":[{"href":"https:\/\/buletin.de\/bucuresti\/wp-json\/wp\/v2\/posts\/14335","targetHints":{"allow":["GET"]}}],"collection":[{"href":"https:\/\/buletin.de\/bucuresti\/wp-json\/wp\/v2\/posts"}],"about":[{"href":"https:\/\/buletin.de\/bucuresti\/wp-json\/wp\/v2\/types\/post"}],"author":[{"embeddable":true,"href":"https:\/\/buletin.de\/bucuresti\/wp-json\/wp\/v2\/users\/18"}],"replies":[{"embeddable":true,"href":"https:\/\/buletin.de\/bucuresti\/wp-json\/wp\/v2\/comments?post=14335"}],"version-history":[{"count":7,"href":"https:\/\/buletin.de\/bucuresti\/wp-json\/wp\/v2\/posts\/14335\/revisions"}],"predecessor-version":[{"id":14353,"href":"https:\/\/buletin.de\/bucuresti\/wp-json\/wp\/v2\/posts\/14335\/revisions\/14353"}],"wp:featuredmedia":[{"embeddable":true,"href":"https:\/\/buletin.de\/bucuresti\/wp-json\/wp\/v2\/media\/14342"}],"wp:attachment":[{"href":"https:\/\/buletin.de\/bucuresti\/wp-json\/wp\/v2\/media?parent=14335"}],"wp:term":[{"taxonomy":"category","embeddable":true,"href":"https:\/\/buletin.de\/bucuresti\/wp-json\/wp\/v2\/categories?post=14335"},{"taxonomy":"post_tag","embeddable":true,"href":"https:\/\/buletin.de\/bucuresti\/wp-json\/wp\/v2\/tags?post=14335"},{"taxonomy":"author","embeddable":true,"href":"https:\/\/buletin.de\/bucuresti\/wp-json\/wp\/v2\/ppma_author?post=14335"}],"curies":[{"name":"wp","href":"https:\/\/api.w.org\/{rel}","templated":true}]}}