{"id":143162,"date":"2025-08-11T14:52:16","date_gmt":"2025-08-11T11:52:16","guid":{"rendered":"https:\/\/buletin.de\/bucuresti\/?p=143162"},"modified":"2025-08-11T15:28:13","modified_gmt":"2025-08-11T12:28:13","slug":"gabriela-firea-vrea-sa-candideze-din-nou","status":"publish","type":"post","link":"https:\/\/buletin.de\/bucuresti\/gabriela-firea-vrea-sa-candideze-din-nou\/","title":{"rendered":"Gabriela Firea vrea s\u0103 candideze din nou: Se va discuta la urm\u0103toarea \u0219edin\u021b\u0103 PSD sus\u021binerea mea la PMB"},"content":{"rendered":"\n<p><strong>Gabriela Firea a declarat, luni, la finalul \u0219edin\u021bei PSD care a avut loc la sediul central al partidului, c\u0103 vrea s\u0103 candideze din nou pentru Prim\u0103ria Capitalei, iar sus\u021binerea sa de c\u0103tre colegii pesedi\u0219ti va fi discutat\u0103 la urm\u0103toarea reuniune a forma\u021biunii.<\/strong><\/p>\n\n\n\n<p><em>\u201eDiscut\u0103m, vedem, dac\u0103 vor avea loc alegeri \u00een primul r\u00e2nd. Discut\u0103m la urm\u0103toarea \u0219edin\u021b\u0103, a\u0219a am stabilit acum\u201d<\/em>, a declarat Gabriela Firea.<\/p>\n\n\n\n<p>\u00centrebat\u0103 despre sprijinul anun\u021bat de pre\u0219edintele Nicu\u0219or Dan pentru liderul USR, C\u0103t\u0103lin Drul\u0103, fostul primar general al Capitalei a comentat: <em>\u201e\u00cei urez mult succes\u201d.<\/em><\/p>\n\n\n\n<h2 class=\"wp-block-heading\" id=\"h-firea-vrea-sa-candideze-a-cerut-sondaje-inca-din-mai\">Firea vrea s\u0103 candideze. A cerut sondaje \u00eenc\u0103 din mai<\/h2>\n\n\n\n<p>La c\u00e2teva zile dup\u0103 ce Nicu\u0219or Dan a fost ales pre\u0219edinte, Gabriela Firea a cerut sondaje interne \u00een PSD, pentru alegerea viitorului candidat la postul de primar general.<\/p>\n\n\n\n<p>\u201eS\u0103-i consult\u0103m pe colegii de la sectoare \u0219i de la organiza\u021biile interne. \u0218i cu m\u0103surarea corect\u0103 (prin sondaje profesioniste) a colegilor pre\u0219edin\u021bi de organiza\u021bii ale sectoarelor, primari, parlamentari, personalit\u0103\u021bi, fo\u0219ti mini\u0219tri din Bucure\u0219ti. \u00centr-o echip\u0103, deciziile trebuie luate \u00eempreun\u0103 \u0219i pe baze corecte.<\/p>\n\n\n\n<p><em>Am v\u0103zut ce \u00eenseamn\u0103 s\u0103 nu avem o strategie coerent\u0103, s\u0103 improviz\u0103m, s\u0103 se decid\u0103 de sus, dintr-un cabinet, f\u0103r\u0103 s\u0103 se \u021bin\u0103 cont de membrii \u0219i simpatizan\u021bii no\u0219tri\u201d<\/em>, a afirmat Gabriela Firea \u00een luna mai.<\/p>\n\n\n\n<p>Nu este clar ce alte nume ar putea fi luate \u00een calcul de PSD, pe l\u00e2ng\u0103 cel al Gabrielei Firea. Primarul Sectorului 4, Daniel B\u0103lu\u021b\u0103, a respins \u00een mai multe r\u00e2nduri posibilitatea unei candidaturi la Prim\u0103ria General\u0103. Edilul a afirmat c\u0103 ar sus\u021bine \u201ecu drag\u0103 inim\u0103\u201d pe trei primari de sector: Robert Negoi\u021b\u0103, Rare\u0219 Hopinc\u0103 \u0219i Ciprian Ciucu.<\/p>\n\n\n\n<p>Totu\u0219i, Robert Negoi\u021b\u0103 a declarat c\u0103 nu este interesat de Prim\u0103ria Capitalei.<\/p>\n\n\n\n<p><em>\u201eDoamna Firea, \u0219i d\u00e2nsa este o op\u021biune, este normal, va urma o competi\u021bie. Nu \u0219tiu dac\u0103 Robert (n. red. Negoi\u021b\u0103) sau Rare\u0219 (n.red. Hopinc\u0103) doresc s\u0103 candideze\u201d<\/em>, a mai precizat B\u0103lu\u021b\u0103.<\/p>\n\n\n\n<p><strong>CITE\u0218TE \u0218I: <a href=\"https:\/\/buletin.de\/bucuresti\/gabriela-firea-vrea-sondaje-interne-in-psd-pentru-stabilirea-candidatului-la-primaria-capitalei\/\">Gabriela Firea vrea sondaje interne \u00een PSD pentru stabilirea candidatului la Prim\u0103ria Capitalei<\/a><\/strong><\/p>\n\n\n\n<h2 class=\"wp-block-heading\" id=\"h-e\u0219ecul-gabrielei-firea-la-alegerile-din-2024\">E\u0219ecul Gabrielei Firea la alegerile din 2024<\/h2>\n\n\n\n<p>\u00cen anul 2024, Gabriela Firea a fost cu mult \u00een urma actualului primar \u0219i pre\u0219edinte interimar, Nicu\u0219or Dan. Ea a ob\u021binut pu\u021bin peste 22% dintre voturi, fa\u021b\u0103 de peste 46 de procente ale lui Nicu\u0219or Dan.<\/p>\n\n\n\n<p>Firea a intrat \u00een curs\u0103, dup\u0103 ce PSD sus\u021binuse un alt candidat: medicul C\u0103t\u0103lin C\u00eerstoiu, de la Spitalul Universitar.<\/p>\n\n\n\n<p>Jurnali\u0219tii precizeaz\u0103 c\u0103, la acel moment, aceast\u0103 prim\u0103 nominalizare s-ar traduce \u00eentr-o strategie politic\u0103 a lui Marcel Ciolacu.<\/p>\n\n\n\n<p>Acesta ar fi \u00eencercat s\u0103 o \u00eempiedice s\u0103 candideze la pre\u0219edin\u021bie, \u00een locul s\u0103u.<\/p>\n\n\n\n<p><strong>VEZI: <a href=\"https:\/\/www.youtube.com\/watch?v=2CV2D62F6kI&amp;embeds_referring_euri=https%3A%2F%2Fbuletin.de%2F&amp;source_ve_path=MjM4NTE\">VIDEO | Puls Bucure\u0219ti. Pe cine vor bucure\u0219tenii \u00een locul lui Nicu\u0219or Dan<\/a><\/strong><\/p>\n\n\n\n<h2 class=\"wp-block-heading\" id=\"h-catalin-cirstoiu-candidatul-psd-pnl-pentru-mai-pu\u021bin-de-o-luna\">C\u0103t\u0103lin C\u00eerstoiu, candidatul PSD-PNL pentru mai pu\u021bin de o lun\u0103<\/h2>\n\n\n\n<p><strong>Pe 19 martie 2024, candidatul PSD-PNL pentru fotoliul de primar general al Capitalei, C\u0103t\u0103lin C\u00eerstoiu, a fost la Palatul Victoria, acolo unde a stat de vorb\u0103 cu liderii coali\u0163iei care \u00eel sus\u0163inea.<\/strong><\/p>\n\n\n\n<p><strong>Cei care ar fi trebuit s\u0103 fie candida\u0163i din partea PSD, respectiv PNL, Gabriela Firea \u015fi Sebastian Burduja, au r\u0103mas \u00een spatele lui C\u0103t\u0103lin C\u00eerstoiu pentru a coordona campania electoral\u0103.<\/strong><\/p>\n\n\n\n<p>C\u00eerstoiu a fost retras apoi, \u00een urma unui scandal de incompatibilitate dup\u0103 o \u015fedin\u0163\u0103-maraton a coali\u0163iei.<\/p>\n\n\n\n<p><strong>CITE\u0218TE \u0218I:&nbsp;<a href=\"https:\/\/buletin.de\/bucuresti\/ce-avere-are-stelian-bujduveanu-viceprimarul-liberal-propus-pentru-preluarea-interimatului-pana-la-organizarea-unor-noi-alegeri-la-pmb\/\" target=\"_blank\" rel=\"noreferrer noopener\">Ce avere are Stelian Bujduveanu, viceprimarul liberal propus pentru preluarea interimatului p\u00e2n\u0103 la organizarea unor noi alegeri la PMB<\/a><\/strong><\/p>\n","protected":false},"excerpt":{"rendered":"<p>Gabriela Firea a declarat, luni, la finalul \u0219edin\u021bei PSD care a avut loc la sediul central al partidului, c\u0103 vrea s\u0103 candideze din nou pentru Prim\u0103ria Capitalei, iar sus\u021binerea sa de c\u0103tre colegii pesedi\u0219ti va fi discutat\u0103 la urm\u0103toarea reuniune a forma\u021biunii. \u201eDiscut\u0103m, vedem, dac\u0103 vor avea loc alegeri \u00een primul r\u00e2nd. Discut\u0103m la urm\u0103toarea [&hellip;]<\/p>\n","protected":false},"author":59,"featured_media":143165,"comment_status":"closed","ping_status":"open","sticky":false,"template":"","format":"standard","meta":{"_acf_changed":false,"inline_featured_image":false,"ngg_post_thumbnail":0,"footnotes":""},"categories":[6994,9025,62],"tags":[23243,9,2054,36,65],"ppma_author":[22572],"class_list":["post-143162","post","type-post","status-publish","format-standard","has-post-thumbnail","hentry","category-stiri-2","category-politic","category-stiri","tag-alegeri-locale-2025","tag-bucuresti","tag-capitala","tag-gabriela-firea","tag-psd"],"acf":[],"yoast_head":"<!-- This site is optimized with the Yoast SEO Premium plugin v25.3 (Yoast SEO v27.4) - https:\/\/yoast.com\/product\/yoast-seo-premium-wordpress\/ -->\n<title>Gabriela Firea vrea s\u0103 candideze din nou: Se va discuta la urm\u0103toarea \u0219edin\u021b\u0103 PSD sus\u021binerea mea la PMB - Buletin de Bucure\u0219ti<\/title>\n<meta name=\"description\" content=\"Gabriela Firea a declarat c\u0103 sus\u021binerea sa pentru o eventual\u0103 candidatur\u0103 la Prim\u0103ria Capitalei va fi discutat\u0103.\" \/>\n<meta name=\"robots\" content=\"index, follow, max-snippet:-1, max-image-preview:large, max-video-preview:-1\" \/>\n<link rel=\"canonical\" href=\"https:\/\/buletin.de\/bucuresti\/gabriela-firea-vrea-sa-candideze-din-nou\/\" \/>\n<meta property=\"og:locale\" content=\"en_GB\" \/>\n<meta property=\"og:type\" content=\"article\" \/>\n<meta property=\"og:title\" content=\"Gabriela Firea vrea s\u0103 candideze din nou: Se va discuta la urm\u0103toarea \u0219edin\u021b\u0103 PSD sus\u021binerea mea la PMB\" \/>\n<meta property=\"og:description\" content=\"Gabriela Firea a declarat c\u0103 sus\u021binerea sa pentru o eventual\u0103 candidatur\u0103 la Prim\u0103ria Capitalei va fi discutat\u0103.\" \/>\n<meta property=\"og:url\" content=\"https:\/\/buletin.de\/bucuresti\/gabriela-firea-vrea-sa-candideze-din-nou\/\" \/>\n<meta property=\"og:site_name\" content=\"Buletin de Bucure\u0219ti\" \/>\n<meta property=\"article:publisher\" content=\"https:\/\/www.facebook.com\/buletin.de.buc\" \/>\n<meta property=\"article:published_time\" content=\"2025-08-11T11:52:16+00:00\" \/>\n<meta property=\"article:modified_time\" content=\"2025-08-11T12:28:13+00:00\" \/>\n<meta property=\"og:image\" content=\"https:\/\/buletin.de\/bucuresti\/wp-content\/uploads\/2025\/08\/gabriela-firea-psd.jpg\" \/>\n\t<meta property=\"og:image:width\" content=\"1218\" \/>\n\t<meta property=\"og:image:height\" content=\"812\" \/>\n\t<meta property=\"og:image:type\" content=\"image\/jpeg\" \/>\n<meta name=\"author\" content=\"C\u0103t\u0103lin Anghel-Dimache\" \/>\n<meta name=\"twitter:card\" content=\"summary_large_image\" \/>\n<meta name=\"twitter:label1\" content=\"Written by\" \/>\n\t<meta name=\"twitter:data1\" content=\"C\u0103t\u0103lin Anghel-Dimache\" \/>\n\t<meta name=\"twitter:label2\" content=\"Estimated reading time\" \/>\n\t<meta name=\"twitter:data2\" content=\"3 minutes\" \/>\n<script type=\"application\/ld+json\" class=\"yoast-schema-graph\">{\"@context\":\"https:\\\/\\\/schema.org\",\"@graph\":[{\"@type\":\"Article\",\"@id\":\"https:\\\/\\\/buletin.de\\\/bucuresti\\\/gabriela-firea-vrea-sa-candideze-din-nou\\\/#article\",\"isPartOf\":{\"@id\":\"https:\\\/\\\/buletin.de\\\/bucuresti\\\/gabriela-firea-vrea-sa-candideze-din-nou\\\/\"},\"author\":{\"name\":\"C\u0103t\u0103lin Anghel-Dimache\",\"@id\":\"https:\\\/\\\/buletin.de\\\/bucuresti\\\/#\\\/schema\\\/person\\\/0ac9db30080482be87c7386a30f98796\"},\"headline\":\"Gabriela Firea vrea s\u0103 candideze din nou: Se va discuta la urm\u0103toarea \u0219edin\u021b\u0103 PSD sus\u021binerea mea la PMB\",\"datePublished\":\"2025-08-11T11:52:16+00:00\",\"dateModified\":\"2025-08-11T12:28:13+00:00\",\"mainEntityOfPage\":{\"@id\":\"https:\\\/\\\/buletin.de\\\/bucuresti\\\/gabriela-firea-vrea-sa-candideze-din-nou\\\/\"},\"wordCount\":637,\"publisher\":{\"@id\":\"https:\\\/\\\/buletin.de\\\/bucuresti\\\/#organization\"},\"image\":{\"@id\":\"https:\\\/\\\/buletin.de\\\/bucuresti\\\/gabriela-firea-vrea-sa-candideze-din-nou\\\/#primaryimage\"},\"thumbnailUrl\":\"https:\\\/\\\/buletin.de\\\/bucuresti\\\/wp-content\\\/uploads\\\/2025\\\/08\\\/gabriela-firea-psd.jpg\",\"keywords\":[\"alegeri locale 2025\",\"bucuresti\",\"Capitala\",\"gabriela firea\",\"psd\"],\"articleSection\":[\"Articole\",\"Politic\",\"\u0218tiri\"],\"inLanguage\":\"en-GB\",\"copyrightYear\":\"2025\",\"copyrightHolder\":{\"@id\":\"https:\\\/\\\/buletin.de\\\/bucuresti\\\/#organization\"}},{\"@type\":\"WebPage\",\"@id\":\"https:\\\/\\\/buletin.de\\\/bucuresti\\\/gabriela-firea-vrea-sa-candideze-din-nou\\\/\",\"url\":\"https:\\\/\\\/buletin.de\\\/bucuresti\\\/gabriela-firea-vrea-sa-candideze-din-nou\\\/\",\"name\":\"Gabriela Firea vrea s\u0103 candideze din nou: Se va discuta la urm\u0103toarea \u0219edin\u021b\u0103 PSD sus\u021binerea mea la PMB - Buletin de Bucure\u0219ti\",\"isPartOf\":{\"@id\":\"https:\\\/\\\/buletin.de\\\/bucuresti\\\/#website\"},\"primaryImageOfPage\":{\"@id\":\"https:\\\/\\\/buletin.de\\\/bucuresti\\\/gabriela-firea-vrea-sa-candideze-din-nou\\\/#primaryimage\"},\"image\":{\"@id\":\"https:\\\/\\\/buletin.de\\\/bucuresti\\\/gabriela-firea-vrea-sa-candideze-din-nou\\\/#primaryimage\"},\"thumbnailUrl\":\"https:\\\/\\\/buletin.de\\\/bucuresti\\\/wp-content\\\/uploads\\\/2025\\\/08\\\/gabriela-firea-psd.jpg\",\"datePublished\":\"2025-08-11T11:52:16+00:00\",\"dateModified\":\"2025-08-11T12:28:13+00:00\",\"description\":\"Gabriela Firea a declarat c\u0103 sus\u021binerea sa pentru o eventual\u0103 candidatur\u0103 la Prim\u0103ria Capitalei va fi discutat\u0103.\",\"breadcrumb\":{\"@id\":\"https:\\\/\\\/buletin.de\\\/bucuresti\\\/gabriela-firea-vrea-sa-candideze-din-nou\\\/#breadcrumb\"},\"inLanguage\":\"en-GB\",\"potentialAction\":[{\"@type\":\"ReadAction\",\"target\":[\"https:\\\/\\\/buletin.de\\\/bucuresti\\\/gabriela-firea-vrea-sa-candideze-din-nou\\\/\"]}]},{\"@type\":\"ImageObject\",\"inLanguage\":\"en-GB\",\"@id\":\"https:\\\/\\\/buletin.de\\\/bucuresti\\\/gabriela-firea-vrea-sa-candideze-din-nou\\\/#primaryimage\",\"url\":\"https:\\\/\\\/buletin.de\\\/bucuresti\\\/wp-content\\\/uploads\\\/2025\\\/08\\\/gabriela-firea-psd.jpg\",\"contentUrl\":\"https:\\\/\\\/buletin.de\\\/bucuresti\\\/wp-content\\\/uploads\\\/2025\\\/08\\\/gabriela-firea-psd.jpg\",\"width\":1218,\"height\":812,\"caption\":\"Gabriela Firea\"},{\"@type\":\"BreadcrumbList\",\"@id\":\"https:\\\/\\\/buletin.de\\\/bucuresti\\\/gabriela-firea-vrea-sa-candideze-din-nou\\\/#breadcrumb\",\"itemListElement\":[{\"@type\":\"ListItem\",\"position\":1,\"name\":\"Acas\u0103\",\"item\":\"https:\\\/\\\/buletin.de\\\/bucuresti\\\/\"},{\"@type\":\"ListItem\",\"position\":2,\"name\":\"Gabriela Firea vrea s\u0103 candideze din nou: Se va discuta la urm\u0103toarea \u0219edin\u021b\u0103 PSD sus\u021binerea mea la PMB\"}]},{\"@type\":\"WebSite\",\"@id\":\"https:\\\/\\\/buletin.de\\\/bucuresti\\\/#website\",\"url\":\"https:\\\/\\\/buletin.de\\\/bucuresti\\\/\",\"name\":\"Buletin de Bucure\u0219ti\",\"description\":\"\u0218tiri \u0219i investiga\u021bii esen\u021biale din capital\u0103\",\"publisher\":{\"@id\":\"https:\\\/\\\/buletin.de\\\/bucuresti\\\/#organization\"},\"potentialAction\":[{\"@type\":\"SearchAction\",\"target\":{\"@type\":\"EntryPoint\",\"urlTemplate\":\"https:\\\/\\\/buletin.de\\\/bucuresti\\\/?s={search_term_string}\"},\"query-input\":{\"@type\":\"PropertyValueSpecification\",\"valueRequired\":true,\"valueName\":\"search_term_string\"}}],\"inLanguage\":\"en-GB\"},{\"@type\":\"Organization\",\"@id\":\"https:\\\/\\\/buletin.de\\\/bucuresti\\\/#organization\",\"name\":\"Buletin de Bucure\u0219ti\",\"url\":\"https:\\\/\\\/buletin.de\\\/bucuresti\\\/\",\"logo\":{\"@type\":\"ImageObject\",\"inLanguage\":\"en-GB\",\"@id\":\"https:\\\/\\\/buletin.de\\\/bucuresti\\\/#\\\/schema\\\/logo\\\/image\\\/\",\"url\":\"https:\\\/\\\/buletin.de\\\/bucuresti\\\/wp-content\\\/uploads\\\/logo-bdb-full-wide-vernil-transparent.png\",\"contentUrl\":\"https:\\\/\\\/buletin.de\\\/bucuresti\\\/wp-content\\\/uploads\\\/logo-bdb-full-wide-vernil-transparent.png\",\"width\":1782,\"height\":626,\"caption\":\"Buletin de Bucure\u0219ti\"},\"image\":{\"@id\":\"https:\\\/\\\/buletin.de\\\/bucuresti\\\/#\\\/schema\\\/logo\\\/image\\\/\"},\"sameAs\":[\"https:\\\/\\\/www.facebook.com\\\/buletin.de.buc\",\"https:\\\/\\\/www.instagram.com\\\/buletinde.bucuresti\\\/\"]},{\"@type\":\"Person\",\"@id\":\"https:\\\/\\\/buletin.de\\\/bucuresti\\\/#\\\/schema\\\/person\\\/0ac9db30080482be87c7386a30f98796\",\"name\":\"C\u0103t\u0103lin Anghel-Dimache\",\"image\":{\"@type\":\"ImageObject\",\"inLanguage\":\"en-GB\",\"@id\":\"https:\\\/\\\/buletin.de\\\/bucuresti\\\/wp-content\\\/uploads\\\/Catalin-Anghel-Dimache-96x96.jpgbd9e43c5b25186d5b8e917ac61ad86c4\",\"url\":\"https:\\\/\\\/buletin.de\\\/bucuresti\\\/wp-content\\\/uploads\\\/Catalin-Anghel-Dimache-96x96.jpg\",\"contentUrl\":\"https:\\\/\\\/buletin.de\\\/bucuresti\\\/wp-content\\\/uploads\\\/Catalin-Anghel-Dimache-96x96.jpg\",\"caption\":\"C\u0103t\u0103lin Anghel-Dimache\"},\"description\":\"A absolvit Facultatea de Jurnalism \u0219i \u0218tiin\u021bele Comunic\u0103rii a Universit\u0103\u021bii din Bucure\u0219ti \u00een 2024. Scrie despre mediu \u0219i teme sociale, dar \u0219i despre cum se reflect\u0103 ele \u00een via\u021ba cotidian\u0103 a bucure\u0219tenilor, cu un ochi atent la pove\u0219tile personale din spatele titlurilor. N\u0103scut \u0219i crescut \u00een Bucure\u0219ti, a f\u0103cut un pas c\u0103tre presa local\u0103, din pasiune pentru ora\u0219ul s\u0103u \u0219i oamenii din el.\",\"url\":\"https:\\\/\\\/buletin.de\\\/bucuresti\\\/author\\\/catalin-anghel-dimache\\\/\"}]}<\/script>\n<!-- \/ Yoast SEO Premium plugin. -->","yoast_head_json":{"title":"Gabriela Firea vrea s\u0103 candideze din nou: Se va discuta la urm\u0103toarea \u0219edin\u021b\u0103 PSD sus\u021binerea mea la PMB - Buletin de Bucure\u0219ti","description":"Gabriela Firea a declarat c\u0103 sus\u021binerea sa pentru o eventual\u0103 candidatur\u0103 la Prim\u0103ria Capitalei va fi discutat\u0103.","robots":{"index":"index","follow":"follow","max-snippet":"max-snippet:-1","max-image-preview":"max-image-preview:large","max-video-preview":"max-video-preview:-1"},"canonical":"https:\/\/buletin.de\/bucuresti\/gabriela-firea-vrea-sa-candideze-din-nou\/","og_locale":"en_GB","og_type":"article","og_title":"Gabriela Firea vrea s\u0103 candideze din nou: Se va discuta la urm\u0103toarea \u0219edin\u021b\u0103 PSD sus\u021binerea mea la PMB","og_description":"Gabriela Firea a declarat c\u0103 sus\u021binerea sa pentru o eventual\u0103 candidatur\u0103 la Prim\u0103ria Capitalei va fi discutat\u0103.","og_url":"https:\/\/buletin.de\/bucuresti\/gabriela-firea-vrea-sa-candideze-din-nou\/","og_site_name":"Buletin de Bucure\u0219ti","article_publisher":"https:\/\/www.facebook.com\/buletin.de.buc","article_published_time":"2025-08-11T11:52:16+00:00","article_modified_time":"2025-08-11T12:28:13+00:00","og_image":[{"width":1218,"height":812,"url":"https:\/\/buletin.de\/bucuresti\/wp-content\/uploads\/2025\/08\/gabriela-firea-psd.jpg","type":"image\/jpeg"}],"author":"C\u0103t\u0103lin Anghel-Dimache","twitter_card":"summary_large_image","twitter_misc":{"Written by":"C\u0103t\u0103lin Anghel-Dimache","Estimated reading time":"3 minutes"},"schema":{"@context":"https:\/\/schema.org","@graph":[{"@type":"Article","@id":"https:\/\/buletin.de\/bucuresti\/gabriela-firea-vrea-sa-candideze-din-nou\/#article","isPartOf":{"@id":"https:\/\/buletin.de\/bucuresti\/gabriela-firea-vrea-sa-candideze-din-nou\/"},"author":{"name":"C\u0103t\u0103lin Anghel-Dimache","@id":"https:\/\/buletin.de\/bucuresti\/#\/schema\/person\/0ac9db30080482be87c7386a30f98796"},"headline":"Gabriela Firea vrea s\u0103 candideze din nou: Se va discuta la urm\u0103toarea \u0219edin\u021b\u0103 PSD sus\u021binerea mea la PMB","datePublished":"2025-08-11T11:52:16+00:00","dateModified":"2025-08-11T12:28:13+00:00","mainEntityOfPage":{"@id":"https:\/\/buletin.de\/bucuresti\/gabriela-firea-vrea-sa-candideze-din-nou\/"},"wordCount":637,"publisher":{"@id":"https:\/\/buletin.de\/bucuresti\/#organization"},"image":{"@id":"https:\/\/buletin.de\/bucuresti\/gabriela-firea-vrea-sa-candideze-din-nou\/#primaryimage"},"thumbnailUrl":"https:\/\/buletin.de\/bucuresti\/wp-content\/uploads\/2025\/08\/gabriela-firea-psd.jpg","keywords":["alegeri locale 2025","bucuresti","Capitala","gabriela firea","psd"],"articleSection":["Articole","Politic","\u0218tiri"],"inLanguage":"en-GB","copyrightYear":"2025","copyrightHolder":{"@id":"https:\/\/buletin.de\/bucuresti\/#organization"}},{"@type":"WebPage","@id":"https:\/\/buletin.de\/bucuresti\/gabriela-firea-vrea-sa-candideze-din-nou\/","url":"https:\/\/buletin.de\/bucuresti\/gabriela-firea-vrea-sa-candideze-din-nou\/","name":"Gabriela Firea vrea s\u0103 candideze din nou: Se va discuta la urm\u0103toarea \u0219edin\u021b\u0103 PSD sus\u021binerea mea la PMB - Buletin de Bucure\u0219ti","isPartOf":{"@id":"https:\/\/buletin.de\/bucuresti\/#website"},"primaryImageOfPage":{"@id":"https:\/\/buletin.de\/bucuresti\/gabriela-firea-vrea-sa-candideze-din-nou\/#primaryimage"},"image":{"@id":"https:\/\/buletin.de\/bucuresti\/gabriela-firea-vrea-sa-candideze-din-nou\/#primaryimage"},"thumbnailUrl":"https:\/\/buletin.de\/bucuresti\/wp-content\/uploads\/2025\/08\/gabriela-firea-psd.jpg","datePublished":"2025-08-11T11:52:16+00:00","dateModified":"2025-08-11T12:28:13+00:00","description":"Gabriela Firea a declarat c\u0103 sus\u021binerea sa pentru o eventual\u0103 candidatur\u0103 la Prim\u0103ria Capitalei va fi discutat\u0103.","breadcrumb":{"@id":"https:\/\/buletin.de\/bucuresti\/gabriela-firea-vrea-sa-candideze-din-nou\/#breadcrumb"},"inLanguage":"en-GB","potentialAction":[{"@type":"ReadAction","target":["https:\/\/buletin.de\/bucuresti\/gabriela-firea-vrea-sa-candideze-din-nou\/"]}]},{"@type":"ImageObject","inLanguage":"en-GB","@id":"https:\/\/buletin.de\/bucuresti\/gabriela-firea-vrea-sa-candideze-din-nou\/#primaryimage","url":"https:\/\/buletin.de\/bucuresti\/wp-content\/uploads\/2025\/08\/gabriela-firea-psd.jpg","contentUrl":"https:\/\/buletin.de\/bucuresti\/wp-content\/uploads\/2025\/08\/gabriela-firea-psd.jpg","width":1218,"height":812,"caption":"Gabriela Firea"},{"@type":"BreadcrumbList","@id":"https:\/\/buletin.de\/bucuresti\/gabriela-firea-vrea-sa-candideze-din-nou\/#breadcrumb","itemListElement":[{"@type":"ListItem","position":1,"name":"Acas\u0103","item":"https:\/\/buletin.de\/bucuresti\/"},{"@type":"ListItem","position":2,"name":"Gabriela Firea vrea s\u0103 candideze din nou: Se va discuta la urm\u0103toarea \u0219edin\u021b\u0103 PSD sus\u021binerea mea la PMB"}]},{"@type":"WebSite","@id":"https:\/\/buletin.de\/bucuresti\/#website","url":"https:\/\/buletin.de\/bucuresti\/","name":"Buletin de Bucure\u0219ti","description":"\u0218tiri \u0219i investiga\u021bii esen\u021biale din capital\u0103","publisher":{"@id":"https:\/\/buletin.de\/bucuresti\/#organization"},"potentialAction":[{"@type":"SearchAction","target":{"@type":"EntryPoint","urlTemplate":"https:\/\/buletin.de\/bucuresti\/?s={search_term_string}"},"query-input":{"@type":"PropertyValueSpecification","valueRequired":true,"valueName":"search_term_string"}}],"inLanguage":"en-GB"},{"@type":"Organization","@id":"https:\/\/buletin.de\/bucuresti\/#organization","name":"Buletin de Bucure\u0219ti","url":"https:\/\/buletin.de\/bucuresti\/","logo":{"@type":"ImageObject","inLanguage":"en-GB","@id":"https:\/\/buletin.de\/bucuresti\/#\/schema\/logo\/image\/","url":"https:\/\/buletin.de\/bucuresti\/wp-content\/uploads\/logo-bdb-full-wide-vernil-transparent.png","contentUrl":"https:\/\/buletin.de\/bucuresti\/wp-content\/uploads\/logo-bdb-full-wide-vernil-transparent.png","width":1782,"height":626,"caption":"Buletin de Bucure\u0219ti"},"image":{"@id":"https:\/\/buletin.de\/bucuresti\/#\/schema\/logo\/image\/"},"sameAs":["https:\/\/www.facebook.com\/buletin.de.buc","https:\/\/www.instagram.com\/buletinde.bucuresti\/"]},{"@type":"Person","@id":"https:\/\/buletin.de\/bucuresti\/#\/schema\/person\/0ac9db30080482be87c7386a30f98796","name":"C\u0103t\u0103lin Anghel-Dimache","image":{"@type":"ImageObject","inLanguage":"en-GB","@id":"https:\/\/buletin.de\/bucuresti\/wp-content\/uploads\/Catalin-Anghel-Dimache-96x96.jpgbd9e43c5b25186d5b8e917ac61ad86c4","url":"https:\/\/buletin.de\/bucuresti\/wp-content\/uploads\/Catalin-Anghel-Dimache-96x96.jpg","contentUrl":"https:\/\/buletin.de\/bucuresti\/wp-content\/uploads\/Catalin-Anghel-Dimache-96x96.jpg","caption":"C\u0103t\u0103lin Anghel-Dimache"},"description":"A absolvit Facultatea de Jurnalism \u0219i \u0218tiin\u021bele Comunic\u0103rii a Universit\u0103\u021bii din Bucure\u0219ti \u00een 2024. Scrie despre mediu \u0219i teme sociale, dar \u0219i despre cum se reflect\u0103 ele \u00een via\u021ba cotidian\u0103 a bucure\u0219tenilor, cu un ochi atent la pove\u0219tile personale din spatele titlurilor. N\u0103scut \u0219i crescut \u00een Bucure\u0219ti, a f\u0103cut un pas c\u0103tre presa local\u0103, din pasiune pentru ora\u0219ul s\u0103u \u0219i oamenii din el.","url":"https:\/\/buletin.de\/bucuresti\/author\/catalin-anghel-dimache\/"}]}},"authors":[{"term_id":22572,"user_id":59,"is_guest":0,"slug":"catalin-anghel-dimache","display_name":"C\u0103t\u0103lin Anghel-Dimache","avatar_url":"https:\/\/buletin.de\/bucuresti\/wp-content\/uploads\/Catalin-Anghel-Dimache-96x96.jpg","0":null,"1":"","2":"","3":"","4":"","5":"","6":"","7":"","8":""}],"_links":{"self":[{"href":"https:\/\/buletin.de\/bucuresti\/wp-json\/wp\/v2\/posts\/143162","targetHints":{"allow":["GET"]}}],"collection":[{"href":"https:\/\/buletin.de\/bucuresti\/wp-json\/wp\/v2\/posts"}],"about":[{"href":"https:\/\/buletin.de\/bucuresti\/wp-json\/wp\/v2\/types\/post"}],"author":[{"embeddable":true,"href":"https:\/\/buletin.de\/bucuresti\/wp-json\/wp\/v2\/users\/59"}],"replies":[{"embeddable":true,"href":"https:\/\/buletin.de\/bucuresti\/wp-json\/wp\/v2\/comments?post=143162"}],"version-history":[{"count":5,"href":"https:\/\/buletin.de\/bucuresti\/wp-json\/wp\/v2\/posts\/143162\/revisions"}],"predecessor-version":[{"id":143173,"href":"https:\/\/buletin.de\/bucuresti\/wp-json\/wp\/v2\/posts\/143162\/revisions\/143173"}],"wp:featuredmedia":[{"embeddable":true,"href":"https:\/\/buletin.de\/bucuresti\/wp-json\/wp\/v2\/media\/143165"}],"wp:attachment":[{"href":"https:\/\/buletin.de\/bucuresti\/wp-json\/wp\/v2\/media?parent=143162"}],"wp:term":[{"taxonomy":"category","embeddable":true,"href":"https:\/\/buletin.de\/bucuresti\/wp-json\/wp\/v2\/categories?post=143162"},{"taxonomy":"post_tag","embeddable":true,"href":"https:\/\/buletin.de\/bucuresti\/wp-json\/wp\/v2\/tags?post=143162"},{"taxonomy":"author","embeddable":true,"href":"https:\/\/buletin.de\/bucuresti\/wp-json\/wp\/v2\/ppma_author?post=143162"}],"curies":[{"name":"wp","href":"https:\/\/api.w.org\/{rel}","templated":true}]}}