{"id":142828,"date":"2025-08-09T10:42:33","date_gmt":"2025-08-09T07:42:33","guid":{"rendered":"https:\/\/buletin.de\/bucuresti\/?p=142828"},"modified":"2025-08-09T15:13:56","modified_gmt":"2025-08-09T12:13:56","slug":"lucrari-de-intretinere-in-12-intersectii-traversate-de-liniile-de-tramvai","status":"publish","type":"post","link":"https:\/\/buletin.de\/bucuresti\/lucrari-de-intretinere-in-12-intersectii-traversate-de-liniile-de-tramvai\/","title":{"rendered":"STB | Lucr\u0103ri de \u00eentre\u021binere \u00een 12 intersec\u021bii, traversate de liniile de tramvai. Care sunt zonele afectate"},"content":{"rendered":"\n<p><strong>Carosabilul afectat de circula\u021bia intens\u0103 a tramvaielor este reabilitat, \u00een aceast\u0103 perioad\u0103, \u00een 12 intersec\u021bii. Lucr\u0103ri de \u00eentre\u021binere sunt executate de Prim\u0103ria Capitalei, prin Societatea de Transport Bucure\u0219ti.<\/strong><\/p>\n\n\n\n<p>P\u00e2n\u0103 acum, a fost reabilitat carosabilul \u00een 10 intersec\u021bii aglomerate de pe B-dul Timi\u0219oara, \u00een urm\u0103toarele zone:<\/p>\n\n\n\n<ul class=\"wp-block-list\">\n<li>Plaza Rom\u00e2nia \u2013 intare mall;<\/li>\n\n\n\n<li>Valea Cascadelor;<\/li>\n\n\n\n<li>Zona accesului c\u0103tre Auchan;<\/li>\n\n\n\n<li>Strada Sergent Moise, \u00een dreptul Metropol Office (nr. 16);<\/li>\n\n\n\n<li>Intrarea \u00een Parc &#8211; Timi\u0219oara nr.8;<\/li>\n\n\n\n<li>Strada Ruxandra Marcu, c\u0103tre parcare AFI Cotroceni;<\/li>\n\n\n\n<li>Bulevardul Paul Teodorescu;<\/li>\n\n\n\n<li>\u0218oseaua Progresu;<\/li>\n\n\n\n<li>R\u0103zoare (Str. Progresului \u2013 Bd. Timi\u0219oara);<\/li>\n\n\n\n<li>\u0218oseaua Viilor \u2013 Str. Dr. Istrati.<\/li>\n<\/ul>\n\n\n\n<p>\u00cen prezent, se lucreaz\u0103  la intersec\u021bia dintre Bulevardul Ghencea \u0219i strada Titel Petrescu. Urmeaz\u0103 apoi B-dul Timi\u0219oara cu strada Bra\u0219ov, dar \u0219i alte intersec\u021bii din Bucure\u0219ti. \u00cen total 12 intersec\u021bii vor fi reabilitate, potrivit <a href=\"https:\/\/www.facebook.com\/Bujduveanu\">PMB.<\/a><\/p>\n\n\n\n<figure class=\"wp-block-gallery has-nested-images columns-default is-cropped wp-block-gallery-1 is-layout-flex wp-block-gallery-is-layout-flex\">\n<figure class=\"wp-block-image size-large\"><img fetchpriority=\"high\" decoding=\"async\" width=\"593\" height=\"395\" data-id=\"142835\" src=\"data:image\/gif;base64,R0lGODlhAQABAAAAACH5BAEKAAEALAAAAAABAAEAAAICTAEAOw==\" data-src=\"https:\/\/buletin.de\/bucuresti\/wp-content\/uploads\/2025\/08\/530113040_1218575933615835_6455801224501905807_n.jpg\" alt=\"lucr\u0103ri de \u00eentre\u021binere\" class=\"wp-image-142835 lazyload\" data-sizes=\"auto\" data-srcset=\"https:\/\/buletin.de\/bucuresti\/wp-content\/uploads\/2025\/08\/530113040_1218575933615835_6455801224501905807_n.jpg 593w, https:\/\/buletin.de\/bucuresti\/wp-content\/uploads\/2025\/08\/530113040_1218575933615835_6455801224501905807_n-300x200.jpg 300w, https:\/\/buletin.de\/bucuresti\/wp-content\/uploads\/2025\/08\/530113040_1218575933615835_6455801224501905807_n-20x13.jpg 20w\" sizes=\"(max-width: 593px) 100vw, 593px\" \/><\/figure>\n\n\n\n<figure class=\"wp-block-image size-large\"><img decoding=\"async\" width=\"1000\" height=\"622\" data-id=\"142834\" src=\"data:image\/gif;base64,R0lGODlhAQABAAAAACH5BAEKAAEALAAAAAABAAEAAAICTAEAOw==\" data-src=\"https:\/\/buletin.de\/bucuresti\/wp-content\/uploads\/2025\/08\/529713553_1218575840282511_6416668828459633616_n-1000x622.jpg\" alt=\"\" class=\"wp-image-142834 lazyload\" data-sizes=\"auto\" data-srcset=\"https:\/\/buletin.de\/bucuresti\/wp-content\/uploads\/2025\/08\/529713553_1218575840282511_6416668828459633616_n-1000x622.jpg 1000w, https:\/\/buletin.de\/bucuresti\/wp-content\/uploads\/2025\/08\/529713553_1218575840282511_6416668828459633616_n-300x187.jpg 300w, https:\/\/buletin.de\/bucuresti\/wp-content\/uploads\/2025\/08\/529713553_1218575840282511_6416668828459633616_n-768x478.jpg 768w, https:\/\/buletin.de\/bucuresti\/wp-content\/uploads\/2025\/08\/529713553_1218575840282511_6416668828459633616_n-1536x955.jpg 1536w, https:\/\/buletin.de\/bucuresti\/wp-content\/uploads\/2025\/08\/529713553_1218575840282511_6416668828459633616_n-1100x684.jpg 1100w, https:\/\/buletin.de\/bucuresti\/wp-content\/uploads\/2025\/08\/529713553_1218575840282511_6416668828459633616_n-600x373.jpg 600w, https:\/\/buletin.de\/bucuresti\/wp-content\/uploads\/2025\/08\/529713553_1218575840282511_6416668828459633616_n-20x12.jpg 20w, https:\/\/buletin.de\/bucuresti\/wp-content\/uploads\/2025\/08\/529713553_1218575840282511_6416668828459633616_n.jpg 1600w\" sizes=\"(max-width: 1000px) 100vw, 1000px\" \/><\/figure>\n\n\n\n<figure class=\"wp-block-image size-large\"><img decoding=\"async\" width=\"593\" height=\"395\" data-id=\"142836\" src=\"data:image\/gif;base64,R0lGODlhAQABAAAAACH5BAEKAAEALAAAAAABAAEAAAICTAEAOw==\" data-src=\"https:\/\/buletin.de\/bucuresti\/wp-content\/uploads\/2025\/08\/528921135_1218575880282507_1890216639278637111_n.jpg\" alt=\"lucr\u0103ri de \u00eentre\u021binere\" class=\"wp-image-142836 lazyload\" data-sizes=\"auto\" data-srcset=\"https:\/\/buletin.de\/bucuresti\/wp-content\/uploads\/2025\/08\/528921135_1218575880282507_1890216639278637111_n.jpg 593w, https:\/\/buletin.de\/bucuresti\/wp-content\/uploads\/2025\/08\/528921135_1218575880282507_1890216639278637111_n-300x200.jpg 300w, https:\/\/buletin.de\/bucuresti\/wp-content\/uploads\/2025\/08\/528921135_1218575880282507_1890216639278637111_n-20x13.jpg 20w\" sizes=\"(max-width: 593px) 100vw, 593px\" \/><\/figure>\n\n\n\n<figure class=\"wp-block-image size-large\"><img loading=\"lazy\" decoding=\"async\" width=\"593\" height=\"395\" data-id=\"142832\" src=\"data:image\/gif;base64,R0lGODlhAQABAAAAACH5BAEKAAEALAAAAAABAAEAAAICTAEAOw==\" data-src=\"https:\/\/buletin.de\/bucuresti\/wp-content\/uploads\/2025\/08\/529253750_1218575886949173_3267386855216760096_n.jpg\" alt=\"lucr\u0103ri de \u00eentre\u021binere\" class=\"wp-image-142832 lazyload\" data-sizes=\"auto\" data-srcset=\"https:\/\/buletin.de\/bucuresti\/wp-content\/uploads\/2025\/08\/529253750_1218575886949173_3267386855216760096_n.jpg 593w, https:\/\/buletin.de\/bucuresti\/wp-content\/uploads\/2025\/08\/529253750_1218575886949173_3267386855216760096_n-300x200.jpg 300w, https:\/\/buletin.de\/bucuresti\/wp-content\/uploads\/2025\/08\/529253750_1218575886949173_3267386855216760096_n-20x13.jpg 20w\" sizes=\"(max-width: 593px) 100vw, 593px\" \/><\/figure>\n\n\n\n<figure class=\"wp-block-image size-large\"><img loading=\"lazy\" decoding=\"async\" width=\"1000\" height=\"641\" data-id=\"142837\" src=\"data:image\/gif;base64,R0lGODlhAQABAAAAACH5BAEKAAEALAAAAAABAAEAAAICTAEAOw==\" data-src=\"https:\/\/buletin.de\/bucuresti\/wp-content\/uploads\/2025\/08\/529945116_1218575973615831_8168360014529553534_n-1000x641.jpg\" alt=\"\" class=\"wp-image-142837 lazyload\" data-sizes=\"auto\" data-srcset=\"https:\/\/buletin.de\/bucuresti\/wp-content\/uploads\/2025\/08\/529945116_1218575973615831_8168360014529553534_n-1000x641.jpg 1000w, https:\/\/buletin.de\/bucuresti\/wp-content\/uploads\/2025\/08\/529945116_1218575973615831_8168360014529553534_n-300x192.jpg 300w, https:\/\/buletin.de\/bucuresti\/wp-content\/uploads\/2025\/08\/529945116_1218575973615831_8168360014529553534_n-768x492.jpg 768w, https:\/\/buletin.de\/bucuresti\/wp-content\/uploads\/2025\/08\/529945116_1218575973615831_8168360014529553534_n-1536x985.jpg 1536w, https:\/\/buletin.de\/bucuresti\/wp-content\/uploads\/2025\/08\/529945116_1218575973615831_8168360014529553534_n-1100x705.jpg 1100w, https:\/\/buletin.de\/bucuresti\/wp-content\/uploads\/2025\/08\/529945116_1218575973615831_8168360014529553534_n-600x385.jpg 600w, https:\/\/buletin.de\/bucuresti\/wp-content\/uploads\/2025\/08\/529945116_1218575973615831_8168360014529553534_n-20x13.jpg 20w, https:\/\/buletin.de\/bucuresti\/wp-content\/uploads\/2025\/08\/529945116_1218575973615831_8168360014529553534_n.jpg 1600w\" sizes=\"(max-width: 1000px) 100vw, 1000px\" \/><\/figure>\n\n\n\n<figure class=\"wp-block-image size-large\"><img loading=\"lazy\" decoding=\"async\" width=\"593\" height=\"395\" data-id=\"142833\" src=\"data:image\/gif;base64,R0lGODlhAQABAAAAACH5BAEKAAEALAAAAAABAAEAAAICTAEAOw==\" data-src=\"https:\/\/buletin.de\/bucuresti\/wp-content\/uploads\/2025\/08\/530282705_1218575843615844_1426620881675769518_n.jpg\" alt=\"lucr\u0103ri de \u00eentre\u021binere\" class=\"wp-image-142833 lazyload\" data-sizes=\"auto\" data-srcset=\"https:\/\/buletin.de\/bucuresti\/wp-content\/uploads\/2025\/08\/530282705_1218575843615844_1426620881675769518_n.jpg 593w, https:\/\/buletin.de\/bucuresti\/wp-content\/uploads\/2025\/08\/530282705_1218575843615844_1426620881675769518_n-300x200.jpg 300w, https:\/\/buletin.de\/bucuresti\/wp-content\/uploads\/2025\/08\/530282705_1218575843615844_1426620881675769518_n-20x13.jpg 20w\" sizes=\"(max-width: 593px) 100vw, 593px\" \/><\/figure>\n<figcaption class=\"blocks-gallery-caption wp-element-caption\">FOTO: Stelian Bujduveanu\/ Facebook<\/figcaption><\/figure>\n\n\n\n<p>\u00cen  luna iunie, s-a lucrat la alte dou\u0103 zone din Sectorul 5 al Capitalei: intersec\u021bia de la R\u0103zoare (\u0218os. Progresul \u2013 Bd. Timi\u0219oara) \u0219i \u0218oseaua Viilor cu Strada Dr. Istrati. <a href=\"https:\/\/buletin.de\/bucuresti\/stb-reparatii-la-carosabilul-din-intersectiile-traversate-de-tramvai-lista-zonelor-vizate\/\">Interven\u021biile<\/a> au fost programate pe timpul nop\u021bii, pentru a reduce impactul asupra traficului.<\/p>\n\n\n\n<p><strong>CITE\u0218TE \u0218I: <a href=\"https:\/\/buletin.de\/bucuresti\/blocul-aro-si-cinematograful-patria-intra-la-consolidare-din-2026-cinema-ul-este-inchis-din-2015\/\" target=\"_blank\" rel=\"noreferrer noopener\">Blocul Aro \u0219i cinematograful Patria intr\u0103 la consolidare din 2026. Cinema-ul este \u00eenchis din 2015<\/a><\/strong><\/p>\n\n\n\n<h2 class=\"wp-block-heading\" id=\"h-lucrari-de-intre\u021binere-peste-600-rupturi-pe-bulevardul-basarabia\">Lucr\u0103ri de \u00eentre\u021binere. Peste 600 rupturi pe Bulevardul Basarabia<\/h2>\n\n\n\n<p><strong>Pe l\u00e2ng\u0103 carosabilul degradat, circula\u021bia tramvaielor din Capital\u0103 este \u00eengreunat\u0103 \u0219i de starea proast\u0103 a \u0219inelor.<\/strong>&nbsp;<strong>Spre exemplu, calea de rulare de pe Bulevardul Basarabia are o vechime de aproximativ 40 ani, iar gradul de uzur\u0103 ridicat a cauzat peste 600 de rupturi de \u0219in\u0103, a\u0219a cum a scris Buletin de Bucure\u0219ti&nbsp;<a href=\"https:\/\/buletin.de\/bucuresti\/circulatia-tramvaielor-pe-bulevardul-basarabia-suspendata-din-cauza-degradarii-stb-sunt-peste-600-de-rupturi-de-sina\/\">aici<\/a>.<\/strong><\/p>\n\n\n\n<p>Din cauza pericolului pentru c\u0103l\u0103tori, circula\u021bia tramvaielor pe tronsonul cuprins \u00eentre Bd. Chi\u0219in\u0103u \u0219i Republica a fost suspendat\u0103 temporar.<\/p>\n\n\n\n<p>Traseele de transport public au fost reorganizate, fiind amenajat \u0219i un terminal provizoriu pe Bulevardul 1 Decembrie 1918.<\/p>\n\n\n\n<p>Astfel, au fost \u00eenfiin\u021bate dou\u0103 noi linii de tramvai, una a fost modificat\u0103, iar alte dou\u0103 linii de transport public au disp\u0103rut.<\/p>\n\n\n\n<p><strong>CITE\u0218TE \u0218I:<a href=\"https:\/\/buletin.de\/bucuresti\/s-au-incheiat-lucrarile-din-intersectia-basarabia-chisinau-apar-noi-linii-de-tramvai\/\">&nbsp;S-au \u00eencheiat lucr\u0103rile din intersec\u0163ia Basarabia \u2013 Chi\u015fin\u0103u. Apar noi linii de tramvai<\/a><\/strong><\/p>\n","protected":false},"excerpt":{"rendered":"<p>Carosabilul afectat de circula\u021bia intens\u0103 a tramvaielor este reabilitat, \u00een aceast\u0103 perioad\u0103, \u00een 12 intersec\u021bii. Lucr\u0103ri de \u00eentre\u021binere sunt executate de Prim\u0103ria Capitalei, prin Societatea de Transport Bucure\u0219ti. P\u00e2n\u0103 acum, a fost reabilitat carosabilul \u00een 10 intersec\u021bii aglomerate de pe B-dul Timi\u0219oara, \u00een urm\u0103toarele zone: \u00cen prezent, se lucreaz\u0103 la intersec\u021bia dintre Bulevardul Ghencea \u0219i [&hellip;]<\/p>\n","protected":false},"author":49,"featured_media":142840,"comment_status":"closed","ping_status":"open","sticky":false,"template":"","format":"standard","meta":{"_acf_changed":false,"inline_featured_image":false,"ngg_post_thumbnail":0,"footnotes":""},"categories":[6994,62,6214],"tags":[23222,104,23221,402,1999],"ppma_author":[22574],"class_list":["post-142828","post","type-post","status-publish","format-standard","has-post-thumbnail","hentry","category-stiri-2","category-stiri","category-termo","tag-bulevardul-paul-teodorescu","tag-pmb","tag-reabilitare-intersectii","tag-stb","tag-valea-cascadelor"],"acf":[],"yoast_head":"<!-- This site is optimized with the Yoast SEO Premium plugin v25.3 (Yoast SEO v27.4) - https:\/\/yoast.com\/product\/yoast-seo-premium-wordpress\/ -->\n<title>STB | Lucr\u0103ri de \u00eentre\u021binere \u00een 12 intersec\u021bii, traversate de liniile de tramvai. Care sunt zonele afectate - Buletin de Bucure\u0219ti<\/title>\n<meta name=\"description\" content=\"Lucr\u0103ri de \u00eentre\u021binere \u00een 12 intersec\u021bii sunt executate de Prim\u0103ria Capitalei, prin Societatea de Transport Bucure\u0219ti.\" \/>\n<meta name=\"robots\" content=\"index, follow, max-snippet:-1, max-image-preview:large, max-video-preview:-1\" \/>\n<link rel=\"canonical\" href=\"https:\/\/buletin.de\/bucuresti\/lucrari-de-intretinere-in-12-intersectii-traversate-de-liniile-de-tramvai\/\" \/>\n<meta property=\"og:locale\" content=\"en_GB\" \/>\n<meta property=\"og:type\" content=\"article\" \/>\n<meta property=\"og:title\" content=\"STB | Lucr\u0103ri de \u00eentre\u021binere \u00een 12 intersec\u021bii, traversate de liniile de tramvai. Care sunt zonele afectate\" \/>\n<meta property=\"og:description\" content=\"Lucr\u0103ri de \u00eentre\u021binere \u00een 12 intersec\u021bii sunt executate de Prim\u0103ria Capitalei, prin Societatea de Transport Bucure\u0219ti.\" \/>\n<meta property=\"og:url\" content=\"https:\/\/buletin.de\/bucuresti\/lucrari-de-intretinere-in-12-intersectii-traversate-de-liniile-de-tramvai\/\" \/>\n<meta property=\"og:site_name\" content=\"Buletin de Bucure\u0219ti\" \/>\n<meta property=\"article:publisher\" content=\"https:\/\/www.facebook.com\/buletin.de.buc\" \/>\n<meta property=\"article:published_time\" content=\"2025-08-09T07:42:33+00:00\" \/>\n<meta property=\"article:modified_time\" content=\"2025-08-09T12:13:56+00:00\" \/>\n<meta property=\"og:image\" content=\"https:\/\/buletin.de\/bucuresti\/wp-content\/uploads\/2025\/08\/529692061_1218575946949167_886717983207045579_n.jpg\" \/>\n\t<meta property=\"og:image:width\" content=\"1600\" \/>\n\t<meta property=\"og:image:height\" content=\"986\" \/>\n\t<meta property=\"og:image:type\" content=\"image\/jpeg\" \/>\n<meta name=\"author\" content=\"Diana Matei\" \/>\n<meta name=\"twitter:card\" content=\"summary_large_image\" \/>\n<meta name=\"twitter:label1\" content=\"Written by\" \/>\n\t<meta name=\"twitter:data1\" content=\"Diana Matei\" \/>\n\t<meta name=\"twitter:label2\" content=\"Estimated reading time\" \/>\n\t<meta name=\"twitter:data2\" content=\"3 minutes\" \/>\n<script type=\"application\/ld+json\" class=\"yoast-schema-graph\">{\"@context\":\"https:\\\/\\\/schema.org\",\"@graph\":[{\"@type\":\"Article\",\"@id\":\"https:\\\/\\\/buletin.de\\\/bucuresti\\\/lucrari-de-intretinere-in-12-intersectii-traversate-de-liniile-de-tramvai\\\/#article\",\"isPartOf\":{\"@id\":\"https:\\\/\\\/buletin.de\\\/bucuresti\\\/lucrari-de-intretinere-in-12-intersectii-traversate-de-liniile-de-tramvai\\\/\"},\"author\":{\"name\":\"Diana Matei\",\"@id\":\"https:\\\/\\\/buletin.de\\\/bucuresti\\\/#\\\/schema\\\/person\\\/7e46040573290777280a0835d81ea4ea\"},\"headline\":\"STB | Lucr\u0103ri de \u00eentre\u021binere \u00een 12 intersec\u021bii, traversate de liniile de tramvai. Care sunt zonele afectate\",\"datePublished\":\"2025-08-09T07:42:33+00:00\",\"dateModified\":\"2025-08-09T12:13:56+00:00\",\"mainEntityOfPage\":{\"@id\":\"https:\\\/\\\/buletin.de\\\/bucuresti\\\/lucrari-de-intretinere-in-12-intersectii-traversate-de-liniile-de-tramvai\\\/\"},\"wordCount\":380,\"publisher\":{\"@id\":\"https:\\\/\\\/buletin.de\\\/bucuresti\\\/#organization\"},\"image\":{\"@id\":\"https:\\\/\\\/buletin.de\\\/bucuresti\\\/lucrari-de-intretinere-in-12-intersectii-traversate-de-liniile-de-tramvai\\\/#primaryimage\"},\"thumbnailUrl\":\"https:\\\/\\\/buletin.de\\\/bucuresti\\\/wp-content\\\/uploads\\\/2025\\\/08\\\/529692061_1218575946949167_886717983207045579_n.jpg\",\"keywords\":[\"Bulevardul Paul Teodorescu\",\"pmb\",\"Reabilitare intersectii\",\"stb\",\"valea cascadelor\"],\"articleSection\":[\"Articole\",\"\u0218tiri\",\"Termoficare\"],\"inLanguage\":\"en-GB\",\"copyrightYear\":\"2025\",\"copyrightHolder\":{\"@id\":\"https:\\\/\\\/buletin.de\\\/bucuresti\\\/#organization\"}},{\"@type\":\"WebPage\",\"@id\":\"https:\\\/\\\/buletin.de\\\/bucuresti\\\/lucrari-de-intretinere-in-12-intersectii-traversate-de-liniile-de-tramvai\\\/\",\"url\":\"https:\\\/\\\/buletin.de\\\/bucuresti\\\/lucrari-de-intretinere-in-12-intersectii-traversate-de-liniile-de-tramvai\\\/\",\"name\":\"STB | Lucr\u0103ri de \u00eentre\u021binere \u00een 12 intersec\u021bii, traversate de liniile de tramvai. Care sunt zonele afectate - Buletin de Bucure\u0219ti\",\"isPartOf\":{\"@id\":\"https:\\\/\\\/buletin.de\\\/bucuresti\\\/#website\"},\"primaryImageOfPage\":{\"@id\":\"https:\\\/\\\/buletin.de\\\/bucuresti\\\/lucrari-de-intretinere-in-12-intersectii-traversate-de-liniile-de-tramvai\\\/#primaryimage\"},\"image\":{\"@id\":\"https:\\\/\\\/buletin.de\\\/bucuresti\\\/lucrari-de-intretinere-in-12-intersectii-traversate-de-liniile-de-tramvai\\\/#primaryimage\"},\"thumbnailUrl\":\"https:\\\/\\\/buletin.de\\\/bucuresti\\\/wp-content\\\/uploads\\\/2025\\\/08\\\/529692061_1218575946949167_886717983207045579_n.jpg\",\"datePublished\":\"2025-08-09T07:42:33+00:00\",\"dateModified\":\"2025-08-09T12:13:56+00:00\",\"description\":\"Lucr\u0103ri de \u00eentre\u021binere \u00een 12 intersec\u021bii sunt executate de Prim\u0103ria Capitalei, prin Societatea de Transport Bucure\u0219ti.\",\"breadcrumb\":{\"@id\":\"https:\\\/\\\/buletin.de\\\/bucuresti\\\/lucrari-de-intretinere-in-12-intersectii-traversate-de-liniile-de-tramvai\\\/#breadcrumb\"},\"inLanguage\":\"en-GB\",\"potentialAction\":[{\"@type\":\"ReadAction\",\"target\":[\"https:\\\/\\\/buletin.de\\\/bucuresti\\\/lucrari-de-intretinere-in-12-intersectii-traversate-de-liniile-de-tramvai\\\/\"]}]},{\"@type\":\"ImageObject\",\"inLanguage\":\"en-GB\",\"@id\":\"https:\\\/\\\/buletin.de\\\/bucuresti\\\/lucrari-de-intretinere-in-12-intersectii-traversate-de-liniile-de-tramvai\\\/#primaryimage\",\"url\":\"https:\\\/\\\/buletin.de\\\/bucuresti\\\/wp-content\\\/uploads\\\/2025\\\/08\\\/529692061_1218575946949167_886717983207045579_n.jpg\",\"contentUrl\":\"https:\\\/\\\/buletin.de\\\/bucuresti\\\/wp-content\\\/uploads\\\/2025\\\/08\\\/529692061_1218575946949167_886717983207045579_n.jpg\",\"width\":1600,\"height\":986,\"caption\":\"STB | Lucr\u0103ri de \u00eentre\u021binere \u00een 12 intersec\u021bii, traversate de liniile de tramvai. Care sunt zonele afectate. FOTO: Stelian Bujduveanu\\\/ Facebook\"},{\"@type\":\"BreadcrumbList\",\"@id\":\"https:\\\/\\\/buletin.de\\\/bucuresti\\\/lucrari-de-intretinere-in-12-intersectii-traversate-de-liniile-de-tramvai\\\/#breadcrumb\",\"itemListElement\":[{\"@type\":\"ListItem\",\"position\":1,\"name\":\"Acas\u0103\",\"item\":\"https:\\\/\\\/buletin.de\\\/bucuresti\\\/\"},{\"@type\":\"ListItem\",\"position\":2,\"name\":\"STB | Lucr\u0103ri de \u00eentre\u021binere \u00een 12 intersec\u021bii, traversate de liniile de tramvai. Care sunt zonele afectate\"}]},{\"@type\":\"WebSite\",\"@id\":\"https:\\\/\\\/buletin.de\\\/bucuresti\\\/#website\",\"url\":\"https:\\\/\\\/buletin.de\\\/bucuresti\\\/\",\"name\":\"Buletin de Bucure\u0219ti\",\"description\":\"\u0218tiri \u0219i investiga\u021bii esen\u021biale din capital\u0103\",\"publisher\":{\"@id\":\"https:\\\/\\\/buletin.de\\\/bucuresti\\\/#organization\"},\"potentialAction\":[{\"@type\":\"SearchAction\",\"target\":{\"@type\":\"EntryPoint\",\"urlTemplate\":\"https:\\\/\\\/buletin.de\\\/bucuresti\\\/?s={search_term_string}\"},\"query-input\":{\"@type\":\"PropertyValueSpecification\",\"valueRequired\":true,\"valueName\":\"search_term_string\"}}],\"inLanguage\":\"en-GB\"},{\"@type\":\"Organization\",\"@id\":\"https:\\\/\\\/buletin.de\\\/bucuresti\\\/#organization\",\"name\":\"Buletin de Bucure\u0219ti\",\"url\":\"https:\\\/\\\/buletin.de\\\/bucuresti\\\/\",\"logo\":{\"@type\":\"ImageObject\",\"inLanguage\":\"en-GB\",\"@id\":\"https:\\\/\\\/buletin.de\\\/bucuresti\\\/#\\\/schema\\\/logo\\\/image\\\/\",\"url\":\"https:\\\/\\\/buletin.de\\\/bucuresti\\\/wp-content\\\/uploads\\\/logo-bdb-full-wide-vernil-transparent.png\",\"contentUrl\":\"https:\\\/\\\/buletin.de\\\/bucuresti\\\/wp-content\\\/uploads\\\/logo-bdb-full-wide-vernil-transparent.png\",\"width\":1782,\"height\":626,\"caption\":\"Buletin de Bucure\u0219ti\"},\"image\":{\"@id\":\"https:\\\/\\\/buletin.de\\\/bucuresti\\\/#\\\/schema\\\/logo\\\/image\\\/\"},\"sameAs\":[\"https:\\\/\\\/www.facebook.com\\\/buletin.de.buc\",\"https:\\\/\\\/www.instagram.com\\\/buletinde.bucuresti\\\/\"]},{\"@type\":\"Person\",\"@id\":\"https:\\\/\\\/buletin.de\\\/bucuresti\\\/#\\\/schema\\\/person\\\/7e46040573290777280a0835d81ea4ea\",\"name\":\"Diana Matei\",\"image\":{\"@type\":\"ImageObject\",\"inLanguage\":\"en-GB\",\"@id\":\"https:\\\/\\\/buletin.de\\\/bucuresti\\\/wp-content\\\/uploads\\\/9-2-96x96.jpg1e8590b30871d70e62ebcdaf2eff570c\",\"url\":\"https:\\\/\\\/buletin.de\\\/bucuresti\\\/wp-content\\\/uploads\\\/9-2-96x96.jpg\",\"contentUrl\":\"https:\\\/\\\/buletin.de\\\/bucuresti\\\/wp-content\\\/uploads\\\/9-2-96x96.jpg\",\"caption\":\"Diana Matei\"},\"url\":\"https:\\\/\\\/buletin.de\\\/bucuresti\\\/author\\\/dianamatei\\\/\"}]}<\/script>\n<!-- \/ Yoast SEO Premium plugin. -->","yoast_head_json":{"title":"STB | Lucr\u0103ri de \u00eentre\u021binere \u00een 12 intersec\u021bii, traversate de liniile de tramvai. Care sunt zonele afectate - Buletin de Bucure\u0219ti","description":"Lucr\u0103ri de \u00eentre\u021binere \u00een 12 intersec\u021bii sunt executate de Prim\u0103ria Capitalei, prin Societatea de Transport Bucure\u0219ti.","robots":{"index":"index","follow":"follow","max-snippet":"max-snippet:-1","max-image-preview":"max-image-preview:large","max-video-preview":"max-video-preview:-1"},"canonical":"https:\/\/buletin.de\/bucuresti\/lucrari-de-intretinere-in-12-intersectii-traversate-de-liniile-de-tramvai\/","og_locale":"en_GB","og_type":"article","og_title":"STB | Lucr\u0103ri de \u00eentre\u021binere \u00een 12 intersec\u021bii, traversate de liniile de tramvai. Care sunt zonele afectate","og_description":"Lucr\u0103ri de \u00eentre\u021binere \u00een 12 intersec\u021bii sunt executate de Prim\u0103ria Capitalei, prin Societatea de Transport Bucure\u0219ti.","og_url":"https:\/\/buletin.de\/bucuresti\/lucrari-de-intretinere-in-12-intersectii-traversate-de-liniile-de-tramvai\/","og_site_name":"Buletin de Bucure\u0219ti","article_publisher":"https:\/\/www.facebook.com\/buletin.de.buc","article_published_time":"2025-08-09T07:42:33+00:00","article_modified_time":"2025-08-09T12:13:56+00:00","og_image":[{"width":1600,"height":986,"url":"https:\/\/buletin.de\/bucuresti\/wp-content\/uploads\/2025\/08\/529692061_1218575946949167_886717983207045579_n.jpg","type":"image\/jpeg"}],"author":"Diana Matei","twitter_card":"summary_large_image","twitter_misc":{"Written by":"Diana Matei","Estimated reading time":"3 minutes"},"schema":{"@context":"https:\/\/schema.org","@graph":[{"@type":"Article","@id":"https:\/\/buletin.de\/bucuresti\/lucrari-de-intretinere-in-12-intersectii-traversate-de-liniile-de-tramvai\/#article","isPartOf":{"@id":"https:\/\/buletin.de\/bucuresti\/lucrari-de-intretinere-in-12-intersectii-traversate-de-liniile-de-tramvai\/"},"author":{"name":"Diana Matei","@id":"https:\/\/buletin.de\/bucuresti\/#\/schema\/person\/7e46040573290777280a0835d81ea4ea"},"headline":"STB | Lucr\u0103ri de \u00eentre\u021binere \u00een 12 intersec\u021bii, traversate de liniile de tramvai. Care sunt zonele afectate","datePublished":"2025-08-09T07:42:33+00:00","dateModified":"2025-08-09T12:13:56+00:00","mainEntityOfPage":{"@id":"https:\/\/buletin.de\/bucuresti\/lucrari-de-intretinere-in-12-intersectii-traversate-de-liniile-de-tramvai\/"},"wordCount":380,"publisher":{"@id":"https:\/\/buletin.de\/bucuresti\/#organization"},"image":{"@id":"https:\/\/buletin.de\/bucuresti\/lucrari-de-intretinere-in-12-intersectii-traversate-de-liniile-de-tramvai\/#primaryimage"},"thumbnailUrl":"https:\/\/buletin.de\/bucuresti\/wp-content\/uploads\/2025\/08\/529692061_1218575946949167_886717983207045579_n.jpg","keywords":["Bulevardul Paul Teodorescu","pmb","Reabilitare intersectii","stb","valea cascadelor"],"articleSection":["Articole","\u0218tiri","Termoficare"],"inLanguage":"en-GB","copyrightYear":"2025","copyrightHolder":{"@id":"https:\/\/buletin.de\/bucuresti\/#organization"}},{"@type":"WebPage","@id":"https:\/\/buletin.de\/bucuresti\/lucrari-de-intretinere-in-12-intersectii-traversate-de-liniile-de-tramvai\/","url":"https:\/\/buletin.de\/bucuresti\/lucrari-de-intretinere-in-12-intersectii-traversate-de-liniile-de-tramvai\/","name":"STB | Lucr\u0103ri de \u00eentre\u021binere \u00een 12 intersec\u021bii, traversate de liniile de tramvai. Care sunt zonele afectate - Buletin de Bucure\u0219ti","isPartOf":{"@id":"https:\/\/buletin.de\/bucuresti\/#website"},"primaryImageOfPage":{"@id":"https:\/\/buletin.de\/bucuresti\/lucrari-de-intretinere-in-12-intersectii-traversate-de-liniile-de-tramvai\/#primaryimage"},"image":{"@id":"https:\/\/buletin.de\/bucuresti\/lucrari-de-intretinere-in-12-intersectii-traversate-de-liniile-de-tramvai\/#primaryimage"},"thumbnailUrl":"https:\/\/buletin.de\/bucuresti\/wp-content\/uploads\/2025\/08\/529692061_1218575946949167_886717983207045579_n.jpg","datePublished":"2025-08-09T07:42:33+00:00","dateModified":"2025-08-09T12:13:56+00:00","description":"Lucr\u0103ri de \u00eentre\u021binere \u00een 12 intersec\u021bii sunt executate de Prim\u0103ria Capitalei, prin Societatea de Transport Bucure\u0219ti.","breadcrumb":{"@id":"https:\/\/buletin.de\/bucuresti\/lucrari-de-intretinere-in-12-intersectii-traversate-de-liniile-de-tramvai\/#breadcrumb"},"inLanguage":"en-GB","potentialAction":[{"@type":"ReadAction","target":["https:\/\/buletin.de\/bucuresti\/lucrari-de-intretinere-in-12-intersectii-traversate-de-liniile-de-tramvai\/"]}]},{"@type":"ImageObject","inLanguage":"en-GB","@id":"https:\/\/buletin.de\/bucuresti\/lucrari-de-intretinere-in-12-intersectii-traversate-de-liniile-de-tramvai\/#primaryimage","url":"https:\/\/buletin.de\/bucuresti\/wp-content\/uploads\/2025\/08\/529692061_1218575946949167_886717983207045579_n.jpg","contentUrl":"https:\/\/buletin.de\/bucuresti\/wp-content\/uploads\/2025\/08\/529692061_1218575946949167_886717983207045579_n.jpg","width":1600,"height":986,"caption":"STB | Lucr\u0103ri de \u00eentre\u021binere \u00een 12 intersec\u021bii, traversate de liniile de tramvai. Care sunt zonele afectate. FOTO: Stelian Bujduveanu\/ Facebook"},{"@type":"BreadcrumbList","@id":"https:\/\/buletin.de\/bucuresti\/lucrari-de-intretinere-in-12-intersectii-traversate-de-liniile-de-tramvai\/#breadcrumb","itemListElement":[{"@type":"ListItem","position":1,"name":"Acas\u0103","item":"https:\/\/buletin.de\/bucuresti\/"},{"@type":"ListItem","position":2,"name":"STB | Lucr\u0103ri de \u00eentre\u021binere \u00een 12 intersec\u021bii, traversate de liniile de tramvai. Care sunt zonele afectate"}]},{"@type":"WebSite","@id":"https:\/\/buletin.de\/bucuresti\/#website","url":"https:\/\/buletin.de\/bucuresti\/","name":"Buletin de Bucure\u0219ti","description":"\u0218tiri \u0219i investiga\u021bii esen\u021biale din capital\u0103","publisher":{"@id":"https:\/\/buletin.de\/bucuresti\/#organization"},"potentialAction":[{"@type":"SearchAction","target":{"@type":"EntryPoint","urlTemplate":"https:\/\/buletin.de\/bucuresti\/?s={search_term_string}"},"query-input":{"@type":"PropertyValueSpecification","valueRequired":true,"valueName":"search_term_string"}}],"inLanguage":"en-GB"},{"@type":"Organization","@id":"https:\/\/buletin.de\/bucuresti\/#organization","name":"Buletin de Bucure\u0219ti","url":"https:\/\/buletin.de\/bucuresti\/","logo":{"@type":"ImageObject","inLanguage":"en-GB","@id":"https:\/\/buletin.de\/bucuresti\/#\/schema\/logo\/image\/","url":"https:\/\/buletin.de\/bucuresti\/wp-content\/uploads\/logo-bdb-full-wide-vernil-transparent.png","contentUrl":"https:\/\/buletin.de\/bucuresti\/wp-content\/uploads\/logo-bdb-full-wide-vernil-transparent.png","width":1782,"height":626,"caption":"Buletin de Bucure\u0219ti"},"image":{"@id":"https:\/\/buletin.de\/bucuresti\/#\/schema\/logo\/image\/"},"sameAs":["https:\/\/www.facebook.com\/buletin.de.buc","https:\/\/www.instagram.com\/buletinde.bucuresti\/"]},{"@type":"Person","@id":"https:\/\/buletin.de\/bucuresti\/#\/schema\/person\/7e46040573290777280a0835d81ea4ea","name":"Diana Matei","image":{"@type":"ImageObject","inLanguage":"en-GB","@id":"https:\/\/buletin.de\/bucuresti\/wp-content\/uploads\/9-2-96x96.jpg1e8590b30871d70e62ebcdaf2eff570c","url":"https:\/\/buletin.de\/bucuresti\/wp-content\/uploads\/9-2-96x96.jpg","contentUrl":"https:\/\/buletin.de\/bucuresti\/wp-content\/uploads\/9-2-96x96.jpg","caption":"Diana Matei"},"url":"https:\/\/buletin.de\/bucuresti\/author\/dianamatei\/"}]}},"authors":[{"term_id":22574,"user_id":49,"is_guest":0,"slug":"dianamatei","display_name":"Diana Matei","avatar_url":"https:\/\/buletin.de\/bucuresti\/wp-content\/uploads\/9-2-96x96.jpg","0":null,"1":"","2":"","3":"","4":"","5":"","6":"","7":"","8":""}],"_links":{"self":[{"href":"https:\/\/buletin.de\/bucuresti\/wp-json\/wp\/v2\/posts\/142828","targetHints":{"allow":["GET"]}}],"collection":[{"href":"https:\/\/buletin.de\/bucuresti\/wp-json\/wp\/v2\/posts"}],"about":[{"href":"https:\/\/buletin.de\/bucuresti\/wp-json\/wp\/v2\/types\/post"}],"author":[{"embeddable":true,"href":"https:\/\/buletin.de\/bucuresti\/wp-json\/wp\/v2\/users\/49"}],"replies":[{"embeddable":true,"href":"https:\/\/buletin.de\/bucuresti\/wp-json\/wp\/v2\/comments?post=142828"}],"version-history":[{"count":3,"href":"https:\/\/buletin.de\/bucuresti\/wp-json\/wp\/v2\/posts\/142828\/revisions"}],"predecessor-version":[{"id":142884,"href":"https:\/\/buletin.de\/bucuresti\/wp-json\/wp\/v2\/posts\/142828\/revisions\/142884"}],"wp:featuredmedia":[{"embeddable":true,"href":"https:\/\/buletin.de\/bucuresti\/wp-json\/wp\/v2\/media\/142840"}],"wp:attachment":[{"href":"https:\/\/buletin.de\/bucuresti\/wp-json\/wp\/v2\/media?parent=142828"}],"wp:term":[{"taxonomy":"category","embeddable":true,"href":"https:\/\/buletin.de\/bucuresti\/wp-json\/wp\/v2\/categories?post=142828"},{"taxonomy":"post_tag","embeddable":true,"href":"https:\/\/buletin.de\/bucuresti\/wp-json\/wp\/v2\/tags?post=142828"},{"taxonomy":"author","embeddable":true,"href":"https:\/\/buletin.de\/bucuresti\/wp-json\/wp\/v2\/ppma_author?post=142828"}],"curies":[{"name":"wp","href":"https:\/\/api.w.org\/{rel}","templated":true}]}}