{"id":142753,"date":"2025-08-08T15:23:11","date_gmt":"2025-08-08T12:23:11","guid":{"rendered":"https:\/\/buletin.de\/bucuresti\/?p=142753"},"modified":"2025-08-08T15:23:12","modified_gmt":"2025-08-08T12:23:12","slug":"traseele-liniilor-448","status":"publish","type":"post","link":"https:\/\/buletin.de\/bucuresti\/traseele-liniilor-448\/","title":{"rendered":"Sta\u021bie nou\u0103 pe traseele liniilor 448 \u0219i 477"},"content":{"rendered":"\n<p class=\"wp-block-paragraph\"><strong>\u00cencep\u00e2nd cu data de 09.08.2025, se \u00eenfiin\u021beaz\u0103 sta\u021biile cu denumirea \u201eDrumul Armatei\u201d. Acestea deservesc traseele liniilor 448 \u0219i 477,  \u00een ambele sensuri de circula\u021bie, amplasate pe DJ 101.<\/strong><\/p>\n\n\n\n<h2 class=\"wp-block-heading\" id=\"h-traseele-liniilor-448-\u0219i-477\">Traseele liniilor 448 \u0219i 477 <\/h2>\n\n\n\n<p class=\"wp-block-paragraph\">Linia de autobuz 447 opereaz\u0103 \u00eencep\u00e2nd de la ora 05:35 \u00een zilele de luni, mar\u021bi, miercuri, joi \u0219i vineri.<\/p>\n\n\n\n<p class=\"wp-block-paragraph\">Linia de autobuz 448 opereaz\u0103 \u00eencep\u00e2nd de la 05:10 \u00een zilele de luni, mar\u021bi, miercuri, joi \u0219i vineri.<\/p>\n\n\n\n<p class=\"wp-block-paragraph\">Societatea de Transport Bucure\u0219ti pune la dispozi\u021bia c\u0103l\u0103torilor mai multe mijloace de informare, \u00een timp real, cu privire la circula\u021bia mijloacelor de transport public de pe toate liniile. <\/p>\n\n\n\n<p class=\"wp-block-paragraph\">Programele de func\u021bionare, modific\u0103rilor de trasee sau de sta\u021bii, precum \u0219i toate m\u0103surile ini\u021biate pentru optimizarea serviciului de transport public sunt comunicate;<\/p>\n\n\n\n<ul class=\"wp-block-list\">\n<li> \u00een aplica\u021bia Info TB;<\/li>\n\n\n\n<li>pe site-ul STB;<\/li>\n\n\n\n<li>pe paginile oficiale de social media (Facebook, Instagram \u0219i X).<\/li>\n<\/ul>\n\n\n\n<p class=\"wp-block-paragraph\"><strong>CITE\u0218TE \u0218I:<\/strong> <a href=\"https:\/\/buletin.de\/bucuresti\/doua-linii-de-tramvai-suspendate-din-cauza-lucrarilor-de-reabilitare-a-sinelor\/\">Dou\u0103 linii de tramvai suspendate, din cauza lucr\u0103rilor de reabilitare a \u0219inelor<\/a><\/p>\n\n\n\n<h2 class=\"wp-block-heading\" id=\"h-festivalul-turcesc-anatolian-food-fest-deviaza-trei-linii-stb-in-perioada-8-11-august\">\u201eFestivalul Turcesc \u2013 Anatolian Food Fest\u201d deviaz\u0103 trei linii STB, \u00een perioada 8-11 august<\/h2>\n\n\n\n<p class=\"wp-block-paragraph\"><strong>Traseul pentru trei linii STB va fi deviat, \u00een perioada 8-11 august, pentru desf\u0103\u0219urarea evenimentului \u201eFestivalul Turcesc \u2013 Anatolian Food Fest\u201d. Traficul rutier va fi restric\u021bionat pe \u0218os.&nbsp;Kiseleff, \u00eentre Str. Arhitect Ion Mincu \u0219i Str. Monet\u0103riei.<\/strong><\/p>\n\n\n\n<p class=\"wp-block-paragraph\"><strong>Autobuzele liniilor 100, 203 \u0219i 205<\/strong>&nbsp;vor circula pe trasee modificate,&nbsp;<strong>de vineri, 08.08.2025, ora 22:00, p\u00e2n\u0103 luni, 11.08.2025, ora 06:00<\/strong>.<\/p>\n\n\n\n<p class=\"wp-block-paragraph\"><a href=\"https:\/\/tpbi.ro\/\" target=\"_blank\" rel=\"noreferrer noopener\">Potrivit Asocia\u021biei de Dezvoltare Intercomunitar\u0103 pentru Transport Public (TPBI)&nbsp;<\/a>cele trei linii vor circula astfel:<\/p>\n\n\n\n<ul class=\"wp-block-list\">\n<li><strong>Linia 100\u00a0<\/strong>va func\u021biona\u00a0<strong>(inclusiv pe timpul nop\u021bii)\u00a0<\/strong>pe traseul de baz\u0103 \u00eentre terminalul \u201eAeroportul Henri Coand\u0103 Sosiri\u201d \u015fi Pia\u021ba Arcul de Triumf, apoi pe un traseu modificat pe sensul spre Pia\u021ba Unirii, pe Bd.\u00a0Mare\u0219al Constantin Prezan, Bd. Aviatorilor, Pia\u021ba Victoriei, Bd. Lasc\u0103r Catargiu, Bd.\u00a0Gheorghe Magheru, Bd. Nicolae B\u0103lcescu, Bd. I. C. Br\u0103tianu, Pia\u021ba Unirii. Cel\u0103lalt sens nu se modific\u0103.<\/li>\n\n\n\n<li><strong>Linia 203\u00a0<\/strong>va func\u021biona pe traseul de baz\u0103 \u00eentre terminalul \u201eCartier Greenfield\u201d \u015fi Pia\u021ba Arcul de Triumf, apoi pe un traseu modificat pe sensul spre Pia\u021ba Victoriei, pe Bd.\u00a0Mare\u0219al Constantin Prezan, Bd. Aviatorilor, Pia\u021ba Victoriei. Cel\u0103lalt sens nu se modific\u0103.<\/li>\n\n\n\n<li><strong>Linia 205\u00a0<\/strong>va func\u021biona pe traseul de baz\u0103 \u00eentre terminalul \u201eM Str\u0103ule\u0219ti\u201d \u015fi Pia\u021ba Arcul de Triumf, apoi pe un traseu modificat pe sensul spre Pia\u021ba Unirii, va func\u0163iona pe traseul de baz\u01ce \u020bntre terminalul \u201eStr\u0103ule\u0219ti\u201d \u015fi Pia\u021ba Arcul de Triumf, apoi pe un traseu modificat pe sens Pia\u021ba Uniri 2, pe Bd.\u00a0Mare\u0219al Constantin Prezan, Bd. Aviatorilor, Pia\u021ba Victoriei, Dacia, Bd.\u00a0Gheorghe Magheru, Bd. Nicolae B\u0103lcescu, Bd.\u00a0I. C. Br\u0103tianu, Str. Halelor, \u201ePia\u021ba Unirii\u00a02\u201d. Cel\u0103lalt sens nu se modific\u0103.<\/li>\n<\/ul>\n\n\n\n<p class=\"wp-block-paragraph\"><strong>CITE\u0218TE \u0218I:<\/strong> <a href=\"https:\/\/buletin.de\/bucuresti\/strazi-deschise-3\/\">\u201eStr\u0103zi Deschise \u2013 Bucure\u0219ti, Promenad\u0103 urban\u0103\u201d, \u00een acest weekend. Plimb\u0103ri, art\u0103 stradal\u0103 \u0219i expozi\u021bii pe Calea Victoriei<\/a><\/p>\n\n\n\n<p class=\"wp-block-paragraph\"><\/p>\n","protected":false},"excerpt":{"rendered":"<p>\u00cencep\u00e2nd cu data de 09.08.2025, se \u00eenfiin\u021beaz\u0103 sta\u021biile cu denumirea \u201eDrumul Armatei\u201d. Acestea deservesc traseele liniilor 448 \u0219i 477, \u00een ambele sensuri de circula\u021bie, amplasate pe DJ 101. Traseele liniilor 448 \u0219i 477 Linia de autobuz 447 opereaz\u0103 \u00eencep\u00e2nd de la ora 05:35 \u00een zilele de luni, mar\u021bi, miercuri, joi \u0219i vineri. Linia de autobuz [&hellip;]<\/p>\n","protected":false},"author":49,"featured_media":142756,"comment_status":"closed","ping_status":"open","sticky":false,"template":"","format":"standard","meta":{"_acf_changed":false,"inline_featured_image":false,"ngg_post_thumbnail":0,"footnotes":""},"categories":[6994,62,650],"tags":[23215,11949,8611,402],"ppma_author":[22574],"class_list":["post-142753","post","type-post","status-publish","format-standard","has-post-thumbnail","hentry","category-stiri-2","category-stiri","category-transport","tag-drumul-armatei","tag-linia-447","tag-linia-448","tag-stb"],"acf":[],"a3_pvc":{"activated":false,"total_views":0,"today_views":0},"yoast_head":"<!-- This site is optimized with the Yoast SEO Premium plugin v28.0 (Yoast SEO v28.3) - https:\/\/yoast.com\/product\/yoast-seo-premium-wordpress\/ -->\n<title>Sta\u021bie nou\u0103 pe traseele liniilor 448 \u0219i 477 - Buletin de Bucure\u0219ti<\/title>\n<meta name=\"description\" content=\"\u00cencep\u00e2nd cu data de 09.08.2025, se \u00eenfiin\u021beaz\u0103 sta\u021biile cu denumirea \u201eDrumul Armatei\u201d., pe traseele liniilor 448 \u0219i 477.\" \/>\n<meta name=\"robots\" content=\"index, follow, max-snippet:-1, max-image-preview:large, max-video-preview:-1\" \/>\n<link rel=\"canonical\" href=\"https:\/\/buletin.de\/bucuresti\/traseele-liniilor-448\/\" \/>\n<meta property=\"og:locale\" content=\"en_GB\" \/>\n<meta property=\"og:type\" content=\"article\" \/>\n<meta property=\"og:title\" content=\"Sta\u021bie nou\u0103 pe traseele liniilor 448 \u0219i 477\" \/>\n<meta property=\"og:description\" content=\"\u00cencep\u00e2nd cu data de 09.08.2025, se \u00eenfiin\u021beaz\u0103 sta\u021biile cu denumirea \u201eDrumul Armatei\u201d., pe traseele liniilor 448 \u0219i 477.\" \/>\n<meta property=\"og:url\" content=\"https:\/\/buletin.de\/bucuresti\/traseele-liniilor-448\/\" \/>\n<meta property=\"og:site_name\" content=\"Buletin de Bucure\u0219ti\" \/>\n<meta property=\"article:publisher\" content=\"https:\/\/www.facebook.com\/buletin.de.buc\" \/>\n<meta property=\"article:published_time\" content=\"2025-08-08T12:23:11+00:00\" \/>\n<meta property=\"article:modified_time\" content=\"2025-08-08T12:23:12+00:00\" \/>\n<meta property=\"og:image\" content=\"https:\/\/buletin.de\/bucuresti\/wp-content\/uploads\/2025\/08\/6280-448_1-scaled.jpg\" \/>\n\t<meta property=\"og:image:width\" content=\"2560\" \/>\n\t<meta property=\"og:image:height\" content=\"1920\" \/>\n\t<meta property=\"og:image:type\" content=\"image\/jpeg\" \/>\n<meta name=\"author\" content=\"Diana Matei\" \/>\n<meta name=\"twitter:card\" content=\"summary_large_image\" \/>\n<meta name=\"twitter:label1\" content=\"Written by\" \/>\n\t<meta name=\"twitter:data1\" content=\"Diana Matei\" \/>\n\t<meta name=\"twitter:label2\" content=\"Estimated reading time\" \/>\n\t<meta name=\"twitter:data2\" content=\"3 minutes\" \/>\n<script type=\"application\/ld+json\" class=\"yoast-schema-graph\">{\"@context\":\"https:\\\/\\\/schema.org\",\"@graph\":[{\"@type\":\"Article\",\"@id\":\"https:\\\/\\\/buletin.de\\\/bucuresti\\\/traseele-liniilor-448\\\/#article\",\"isPartOf\":{\"@id\":\"https:\\\/\\\/buletin.de\\\/bucuresti\\\/traseele-liniilor-448\\\/\"},\"author\":{\"name\":\"Diana Matei\",\"@id\":\"https:\\\/\\\/buletin.de\\\/bucuresti\\\/#\\\/schema\\\/person\\\/7e46040573290777280a0835d81ea4ea\"},\"headline\":\"Sta\u021bie nou\u0103 pe traseele liniilor 448 \u0219i 477\",\"datePublished\":\"2025-08-08T12:23:11+00:00\",\"dateModified\":\"2025-08-08T12:23:12+00:00\",\"mainEntityOfPage\":{\"@id\":\"https:\\\/\\\/buletin.de\\\/bucuresti\\\/traseele-liniilor-448\\\/\"},\"wordCount\":491,\"publisher\":{\"@id\":\"https:\\\/\\\/buletin.de\\\/bucuresti\\\/#organization\"},\"image\":{\"@id\":\"https:\\\/\\\/buletin.de\\\/bucuresti\\\/traseele-liniilor-448\\\/#primaryimage\"},\"thumbnailUrl\":\"https:\\\/\\\/buletin.de\\\/bucuresti\\\/wp-content\\\/uploads\\\/2025\\\/08\\\/6280-448_1-scaled.jpg\",\"keywords\":[\"\u201eDrumul Armatei\u201d\",\"linia 447\",\"Linia 448\",\"stb\"],\"articleSection\":[\"Articole\",\"\u0218tiri\",\"Transport\"],\"inLanguage\":\"en-GB\",\"copyrightYear\":\"2025\",\"copyrightHolder\":{\"@id\":\"https:\\\/\\\/buletin.de\\\/bucuresti\\\/#organization\"}},{\"@type\":\"WebPage\",\"@id\":\"https:\\\/\\\/buletin.de\\\/bucuresti\\\/traseele-liniilor-448\\\/\",\"url\":\"https:\\\/\\\/buletin.de\\\/bucuresti\\\/traseele-liniilor-448\\\/\",\"name\":\"Sta\u021bie nou\u0103 pe traseele liniilor 448 \u0219i 477 - Buletin de Bucure\u0219ti\",\"isPartOf\":{\"@id\":\"https:\\\/\\\/buletin.de\\\/bucuresti\\\/#website\"},\"primaryImageOfPage\":{\"@id\":\"https:\\\/\\\/buletin.de\\\/bucuresti\\\/traseele-liniilor-448\\\/#primaryimage\"},\"image\":{\"@id\":\"https:\\\/\\\/buletin.de\\\/bucuresti\\\/traseele-liniilor-448\\\/#primaryimage\"},\"thumbnailUrl\":\"https:\\\/\\\/buletin.de\\\/bucuresti\\\/wp-content\\\/uploads\\\/2025\\\/08\\\/6280-448_1-scaled.jpg\",\"datePublished\":\"2025-08-08T12:23:11+00:00\",\"dateModified\":\"2025-08-08T12:23:12+00:00\",\"description\":\"\u00cencep\u00e2nd cu data de 09.08.2025, se \u00eenfiin\u021beaz\u0103 sta\u021biile cu denumirea \u201eDrumul Armatei\u201d., pe traseele liniilor 448 \u0219i 477.\",\"breadcrumb\":{\"@id\":\"https:\\\/\\\/buletin.de\\\/bucuresti\\\/traseele-liniilor-448\\\/#breadcrumb\"},\"inLanguage\":\"en-GB\",\"potentialAction\":[{\"@type\":\"ReadAction\",\"target\":[\"https:\\\/\\\/buletin.de\\\/bucuresti\\\/traseele-liniilor-448\\\/\"]}]},{\"@type\":\"ImageObject\",\"inLanguage\":\"en-GB\",\"@id\":\"https:\\\/\\\/buletin.de\\\/bucuresti\\\/traseele-liniilor-448\\\/#primaryimage\",\"url\":\"https:\\\/\\\/buletin.de\\\/bucuresti\\\/wp-content\\\/uploads\\\/2025\\\/08\\\/6280-448_1-scaled.jpg\",\"contentUrl\":\"https:\\\/\\\/buletin.de\\\/bucuresti\\\/wp-content\\\/uploads\\\/2025\\\/08\\\/6280-448_1-scaled.jpg\",\"width\":2560,\"height\":1920,\"caption\":\"Sta\u021bie nou\u0103 pe traseele liniilor 448 \u0219i 477. FOTO: STB\"},{\"@type\":\"BreadcrumbList\",\"@id\":\"https:\\\/\\\/buletin.de\\\/bucuresti\\\/traseele-liniilor-448\\\/#breadcrumb\",\"itemListElement\":[{\"@type\":\"ListItem\",\"position\":1,\"name\":\"Acas\u0103\",\"item\":\"https:\\\/\\\/buletin.de\\\/bucuresti\\\/\"},{\"@type\":\"ListItem\",\"position\":2,\"name\":\"Sta\u021bie nou\u0103 pe traseele liniilor 448 \u0219i 477\"}]},{\"@type\":\"WebSite\",\"@id\":\"https:\\\/\\\/buletin.de\\\/bucuresti\\\/#website\",\"url\":\"https:\\\/\\\/buletin.de\\\/bucuresti\\\/\",\"name\":\"Buletin de Bucure\u0219ti\",\"description\":\"\u0218tiri \u0219i investiga\u021bii esen\u021biale din capital\u0103\",\"publisher\":{\"@id\":\"https:\\\/\\\/buletin.de\\\/bucuresti\\\/#organization\"},\"potentialAction\":[{\"@type\":\"SearchAction\",\"target\":{\"@type\":\"EntryPoint\",\"urlTemplate\":\"https:\\\/\\\/buletin.de\\\/bucuresti\\\/?s={search_term_string}\"},\"query-input\":{\"@type\":\"PropertyValueSpecification\",\"valueRequired\":true,\"valueName\":\"search_term_string\"}}],\"inLanguage\":\"en-GB\"},{\"@type\":\"Organization\",\"@id\":\"https:\\\/\\\/buletin.de\\\/bucuresti\\\/#organization\",\"name\":\"Buletin de Bucure\u0219ti\",\"url\":\"https:\\\/\\\/buletin.de\\\/bucuresti\\\/\",\"logo\":{\"@type\":\"ImageObject\",\"inLanguage\":\"en-GB\",\"@id\":\"https:\\\/\\\/buletin.de\\\/bucuresti\\\/#\\\/schema\\\/logo\\\/image\\\/\",\"url\":\"https:\\\/\\\/buletin.de\\\/bucuresti\\\/wp-content\\\/uploads\\\/logo-bdb-full-wide-vernil-transparent.png\",\"contentUrl\":\"https:\\\/\\\/buletin.de\\\/bucuresti\\\/wp-content\\\/uploads\\\/logo-bdb-full-wide-vernil-transparent.png\",\"width\":1782,\"height\":626,\"caption\":\"Buletin de Bucure\u0219ti\"},\"image\":{\"@id\":\"https:\\\/\\\/buletin.de\\\/bucuresti\\\/#\\\/schema\\\/logo\\\/image\\\/\"},\"sameAs\":[\"https:\\\/\\\/www.facebook.com\\\/buletin.de.buc\",\"https:\\\/\\\/www.instagram.com\\\/buletinde.bucuresti\\\/\"]},{\"@type\":\"Person\",\"@id\":\"https:\\\/\\\/buletin.de\\\/bucuresti\\\/#\\\/schema\\\/person\\\/7e46040573290777280a0835d81ea4ea\",\"name\":\"Diana Matei\",\"image\":{\"@type\":\"ImageObject\",\"inLanguage\":\"en-GB\",\"@id\":\"https:\\\/\\\/buletin.de\\\/bucuresti\\\/wp-content\\\/uploads\\\/9-2-96x96.jpg1e8590b30871d70e62ebcdaf2eff570c\",\"url\":\"https:\\\/\\\/buletin.de\\\/bucuresti\\\/wp-content\\\/uploads\\\/9-2-96x96.jpg\",\"contentUrl\":\"https:\\\/\\\/buletin.de\\\/bucuresti\\\/wp-content\\\/uploads\\\/9-2-96x96.jpg\",\"caption\":\"Diana Matei\"},\"url\":\"https:\\\/\\\/buletin.de\\\/bucuresti\\\/author\\\/dianamatei\\\/\"}]}<\/script>\n<!-- \/ Yoast SEO Premium plugin. -->","yoast_head_json":{"title":"Sta\u021bie nou\u0103 pe traseele liniilor 448 \u0219i 477 - Buletin de Bucure\u0219ti","description":"\u00cencep\u00e2nd cu data de 09.08.2025, se \u00eenfiin\u021beaz\u0103 sta\u021biile cu denumirea \u201eDrumul Armatei\u201d., pe traseele liniilor 448 \u0219i 477.","robots":{"index":"index","follow":"follow","max-snippet":"max-snippet:-1","max-image-preview":"max-image-preview:large","max-video-preview":"max-video-preview:-1"},"canonical":"https:\/\/buletin.de\/bucuresti\/traseele-liniilor-448\/","og_locale":"en_GB","og_type":"article","og_title":"Sta\u021bie nou\u0103 pe traseele liniilor 448 \u0219i 477","og_description":"\u00cencep\u00e2nd cu data de 09.08.2025, se \u00eenfiin\u021beaz\u0103 sta\u021biile cu denumirea \u201eDrumul Armatei\u201d., pe traseele liniilor 448 \u0219i 477.","og_url":"https:\/\/buletin.de\/bucuresti\/traseele-liniilor-448\/","og_site_name":"Buletin de Bucure\u0219ti","article_publisher":"https:\/\/www.facebook.com\/buletin.de.buc","article_published_time":"2025-08-08T12:23:11+00:00","article_modified_time":"2025-08-08T12:23:12+00:00","og_image":[{"width":2560,"height":1920,"url":"https:\/\/buletin.de\/bucuresti\/wp-content\/uploads\/2025\/08\/6280-448_1-scaled.jpg","type":"image\/jpeg"}],"author":"Diana Matei","twitter_card":"summary_large_image","twitter_misc":{"Written by":"Diana Matei","Estimated reading time":"3 minutes"},"schema":{"@context":"https:\/\/schema.org","@graph":[{"@type":"Article","@id":"https:\/\/buletin.de\/bucuresti\/traseele-liniilor-448\/#article","isPartOf":{"@id":"https:\/\/buletin.de\/bucuresti\/traseele-liniilor-448\/"},"author":{"name":"Diana Matei","@id":"https:\/\/buletin.de\/bucuresti\/#\/schema\/person\/7e46040573290777280a0835d81ea4ea"},"headline":"Sta\u021bie nou\u0103 pe traseele liniilor 448 \u0219i 477","datePublished":"2025-08-08T12:23:11+00:00","dateModified":"2025-08-08T12:23:12+00:00","mainEntityOfPage":{"@id":"https:\/\/buletin.de\/bucuresti\/traseele-liniilor-448\/"},"wordCount":491,"publisher":{"@id":"https:\/\/buletin.de\/bucuresti\/#organization"},"image":{"@id":"https:\/\/buletin.de\/bucuresti\/traseele-liniilor-448\/#primaryimage"},"thumbnailUrl":"https:\/\/buletin.de\/bucuresti\/wp-content\/uploads\/2025\/08\/6280-448_1-scaled.jpg","keywords":["\u201eDrumul Armatei\u201d","linia 447","Linia 448","stb"],"articleSection":["Articole","\u0218tiri","Transport"],"inLanguage":"en-GB","copyrightYear":"2025","copyrightHolder":{"@id":"https:\/\/buletin.de\/bucuresti\/#organization"}},{"@type":"WebPage","@id":"https:\/\/buletin.de\/bucuresti\/traseele-liniilor-448\/","url":"https:\/\/buletin.de\/bucuresti\/traseele-liniilor-448\/","name":"Sta\u021bie nou\u0103 pe traseele liniilor 448 \u0219i 477 - Buletin de Bucure\u0219ti","isPartOf":{"@id":"https:\/\/buletin.de\/bucuresti\/#website"},"primaryImageOfPage":{"@id":"https:\/\/buletin.de\/bucuresti\/traseele-liniilor-448\/#primaryimage"},"image":{"@id":"https:\/\/buletin.de\/bucuresti\/traseele-liniilor-448\/#primaryimage"},"thumbnailUrl":"https:\/\/buletin.de\/bucuresti\/wp-content\/uploads\/2025\/08\/6280-448_1-scaled.jpg","datePublished":"2025-08-08T12:23:11+00:00","dateModified":"2025-08-08T12:23:12+00:00","description":"\u00cencep\u00e2nd cu data de 09.08.2025, se \u00eenfiin\u021beaz\u0103 sta\u021biile cu denumirea \u201eDrumul Armatei\u201d., pe traseele liniilor 448 \u0219i 477.","breadcrumb":{"@id":"https:\/\/buletin.de\/bucuresti\/traseele-liniilor-448\/#breadcrumb"},"inLanguage":"en-GB","potentialAction":[{"@type":"ReadAction","target":["https:\/\/buletin.de\/bucuresti\/traseele-liniilor-448\/"]}]},{"@type":"ImageObject","inLanguage":"en-GB","@id":"https:\/\/buletin.de\/bucuresti\/traseele-liniilor-448\/#primaryimage","url":"https:\/\/buletin.de\/bucuresti\/wp-content\/uploads\/2025\/08\/6280-448_1-scaled.jpg","contentUrl":"https:\/\/buletin.de\/bucuresti\/wp-content\/uploads\/2025\/08\/6280-448_1-scaled.jpg","width":2560,"height":1920,"caption":"Sta\u021bie nou\u0103 pe traseele liniilor 448 \u0219i 477. FOTO: STB"},{"@type":"BreadcrumbList","@id":"https:\/\/buletin.de\/bucuresti\/traseele-liniilor-448\/#breadcrumb","itemListElement":[{"@type":"ListItem","position":1,"name":"Acas\u0103","item":"https:\/\/buletin.de\/bucuresti\/"},{"@type":"ListItem","position":2,"name":"Sta\u021bie nou\u0103 pe traseele liniilor 448 \u0219i 477"}]},{"@type":"WebSite","@id":"https:\/\/buletin.de\/bucuresti\/#website","url":"https:\/\/buletin.de\/bucuresti\/","name":"Buletin de Bucure\u0219ti","description":"\u0218tiri \u0219i investiga\u021bii esen\u021biale din capital\u0103","publisher":{"@id":"https:\/\/buletin.de\/bucuresti\/#organization"},"potentialAction":[{"@type":"SearchAction","target":{"@type":"EntryPoint","urlTemplate":"https:\/\/buletin.de\/bucuresti\/?s={search_term_string}"},"query-input":{"@type":"PropertyValueSpecification","valueRequired":true,"valueName":"search_term_string"}}],"inLanguage":"en-GB"},{"@type":"Organization","@id":"https:\/\/buletin.de\/bucuresti\/#organization","name":"Buletin de Bucure\u0219ti","url":"https:\/\/buletin.de\/bucuresti\/","logo":{"@type":"ImageObject","inLanguage":"en-GB","@id":"https:\/\/buletin.de\/bucuresti\/#\/schema\/logo\/image\/","url":"https:\/\/buletin.de\/bucuresti\/wp-content\/uploads\/logo-bdb-full-wide-vernil-transparent.png","contentUrl":"https:\/\/buletin.de\/bucuresti\/wp-content\/uploads\/logo-bdb-full-wide-vernil-transparent.png","width":1782,"height":626,"caption":"Buletin de Bucure\u0219ti"},"image":{"@id":"https:\/\/buletin.de\/bucuresti\/#\/schema\/logo\/image\/"},"sameAs":["https:\/\/www.facebook.com\/buletin.de.buc","https:\/\/www.instagram.com\/buletinde.bucuresti\/"]},{"@type":"Person","@id":"https:\/\/buletin.de\/bucuresti\/#\/schema\/person\/7e46040573290777280a0835d81ea4ea","name":"Diana Matei","image":{"@type":"ImageObject","inLanguage":"en-GB","@id":"https:\/\/buletin.de\/bucuresti\/wp-content\/uploads\/9-2-96x96.jpg1e8590b30871d70e62ebcdaf2eff570c","url":"https:\/\/buletin.de\/bucuresti\/wp-content\/uploads\/9-2-96x96.jpg","contentUrl":"https:\/\/buletin.de\/bucuresti\/wp-content\/uploads\/9-2-96x96.jpg","caption":"Diana Matei"},"url":"https:\/\/buletin.de\/bucuresti\/author\/dianamatei\/"}]}},"authors":[{"term_id":22574,"user_id":49,"is_guest":0,"slug":"dianamatei","display_name":"Diana Matei","avatar_url":"https:\/\/buletin.de\/bucuresti\/wp-content\/uploads\/9-2-96x96.jpg","author_category":"","first_name":"Diana","last_name":"Matei","user_url":"","job_title":"","description":""}],"_links":{"self":[{"href":"https:\/\/buletin.de\/bucuresti\/wp-json\/wp\/v2\/posts\/142753","targetHints":{"allow":["GET"]}}],"collection":[{"href":"https:\/\/buletin.de\/bucuresti\/wp-json\/wp\/v2\/posts"}],"about":[{"href":"https:\/\/buletin.de\/bucuresti\/wp-json\/wp\/v2\/types\/post"}],"author":[{"embeddable":true,"href":"https:\/\/buletin.de\/bucuresti\/wp-json\/wp\/v2\/users\/49"}],"replies":[{"embeddable":true,"href":"https:\/\/buletin.de\/bucuresti\/wp-json\/wp\/v2\/comments?post=142753"}],"version-history":[{"count":1,"href":"https:\/\/buletin.de\/bucuresti\/wp-json\/wp\/v2\/posts\/142753\/revisions"}],"predecessor-version":[{"id":142758,"href":"https:\/\/buletin.de\/bucuresti\/wp-json\/wp\/v2\/posts\/142753\/revisions\/142758"}],"wp:featuredmedia":[{"embeddable":true,"href":"https:\/\/buletin.de\/bucuresti\/wp-json\/wp\/v2\/media\/142756"}],"wp:attachment":[{"href":"https:\/\/buletin.de\/bucuresti\/wp-json\/wp\/v2\/media?parent=142753"}],"wp:term":[{"taxonomy":"category","embeddable":true,"href":"https:\/\/buletin.de\/bucuresti\/wp-json\/wp\/v2\/categories?post=142753"},{"taxonomy":"post_tag","embeddable":true,"href":"https:\/\/buletin.de\/bucuresti\/wp-json\/wp\/v2\/tags?post=142753"},{"taxonomy":"author","embeddable":true,"href":"https:\/\/buletin.de\/bucuresti\/wp-json\/wp\/v2\/ppma_author?post=142753"}],"curies":[{"name":"wp","href":"https:\/\/api.w.org\/{rel}","templated":true}]}}