{"id":142526,"date":"2025-08-06T16:17:25","date_gmt":"2025-08-06T13:17:25","guid":{"rendered":"https:\/\/buletin.de\/bucuresti\/?p=142526"},"modified":"2025-08-06T18:06:54","modified_gmt":"2025-08-06T15:06:54","slug":"reportaj-mormantul-lui-iliescu-obiectivul-militar-din-drumul-cooperativei","status":"publish","type":"post","link":"https:\/\/buletin.de\/bucuresti\/reportaj-mormantul-lui-iliescu-obiectivul-militar-din-drumul-cooperativei\/","title":{"rendered":"REPORTAJ | Morm\u00e2ntul lui Iliescu, obiectivul militar din Drumul Cooperativei"},"content":{"rendered":"\n<p><strong>Ultimul drum al tovar\u0103\u0219ului Iliescu se va \u00eencheia, deloc metaforic, pe Drumul Cooperativei. \u00cen cap\u0103tul str\u0103zii, dup\u0103 ansambluri reziden\u021biale \u0219i reclame de hypermarket, se afl\u0103 <a href=\"https:\/\/www.waze.com\/ro\/live-map\/directions\/cimitirul-militar-ghencea-iii-bucuresti?to=place.w.17039804.170529112.1819227\" target=\"_blank\" rel=\"noreferrer noopener\">Cimitirul Militar Ghencea III.<\/a> Miercuri diminea\u021b\u0103, 6 august, locul era \u00eentr-o forfot\u0103 controlat\u0103 strict de Poli\u021bia Militar\u0103 care avea o misiune urgent\u0103, s\u0103 preg\u0103teasc\u0103 cimitirul pentru \u00eenhumarea fostului pre\u0219edinte, care va avea loc joi dup\u0103-amiaz\u0103.<\/strong> <\/p>\n\n\n\n<p>Deta\u0219amentele de muncitori \u00ee\u0219i duceau la \u00eendeplinire sarcinile patriotice pentru morm\u00e2ntul lui Iliescu. Poarta cimitirului a fost revopsit\u0103, zidurile laterale acoperite \u00een grab\u0103 cu vopsea proasp\u0103t\u0103, iar aleile, m\u0103turate \u0219i cur\u0103\u021bate de frunze.<\/p>\n\n\n\n<p>Coinciden\u021b\u0103 sau nu, tot miercuri, poporul ortodox rom\u00e2n marcheaz\u0103 praznicul Schimb\u0103rii la Fa\u021b\u0103 a Domnului Iisus Hristos. Dar desigur, tovar\u0103\u0219ul nu era religios, astfel c\u0103 la viitorul loc de veci, avea loc Schimbarea la Fa\u021bad\u0103 a Cimitirului Militar Ghencea III.<\/p>\n\n\n\n<p><strong>CITE\u0218TE \u0218I:<\/strong> <strong><a href=\"https:\/\/buletin.de\/bucuresti\/protest-in-piata-universitatii-fata-de-doliul-national-pentru-ion-iliescu\/\" target=\"_blank\" rel=\"noreferrer noopener\">Protest \u00een Pia\u021ba Universit\u0103\u021bii fa\u0163\u0103 de doliul na\u0163ional pentru Ion Iliescu<\/a><\/strong><\/p>\n\n\n\n<h2 class=\"wp-block-heading\" id=\"h-obiectiv-militar\"><strong>\u201eObiectiv militar\u201d<\/strong><\/h2>\n\n\n\n<p><strong>Trupul primului pre\u0219edinte al Rom\u00e2niei din perioada de tranzi\u021bie c\u0103tre democra\u021bie va fi pus \u00een p\u0103m\u00e2nt la Cimitirul Militar Ghencea 3, de\u0219i ar fi trebuit ca acesta s\u0103 fie \u00eenhumat la Cimitirul \u201eSf\u00e2nta Vineri, aflat \u00een administrarea Prim\u0103riei Municipiului Bucure\u0219ti, pentru c\u0103 \u00een acesta din urm\u0103 nu poate fi asigurat\u0103 legal paza militar\u0103.<\/strong><\/p>\n\n\n\n<p>Accesul presei a fost interzis \u00een incinta cimitirului de maxim\u0103 importan\u021b\u0103. Ordine clare, m-au informat oamenii \u00een uniform\u0103, care doar au presupus c\u0103 sunt reporter, dup\u0103 ce m-au depistat c\u00e2nd am f\u0103cut o fotografie spre poarta principal\u0103.<\/p>\n\n\n\n<p>Un agent al Poli\u021biei Militare m-a interceptat \u0219i m-a \u00eentrebat sec de unde sunt. Dup\u0103 ce i-am r\u0103spuns naiv c\u0103 locuiesc \u00een Bucure\u0219ti, a reformulat: dac\u0103 sunt de la pres\u0103. C\u0103 cic\u0103 n-ar avea voie presa, mi-a spus, e ordin. Ba mai mult, s\u0103 \u0219terg fotografia, singura pe care am reu\u0219it s-o fac.<\/p>\n\n\n\n<p><em>\u201eE obiectiv militar, chiar dac\u0103 e cimitir, nu ave\u021bi voie\u201d, <\/em>mi-a explicat scurt.<\/p>\n\n\n\n<p>Am aflat pe aceast\u0103 cale c\u0103, pentru c\u0103 va fi \u00een grija Armatei, morm\u00e2ntul lui Iliescu nu va r\u0103m\u00e2ne niciodat\u0103 nesupravegheat. Un detaliu destul de important, mai ales pentru cei care poate \u00ee\u0219i f\u0103ceau planuri s\u0103-l viziteze cu ceva mai mult dec\u00e2t flori.<\/p>\n\n\n\n<p>Mai mult, la ie\u0219ire am primit \u0219i eu un ordin, s\u0103 ar\u0103t ce am \u00een ghiozdan, c\u0103 a\u0219a trebuie \u201east\u0103zi \u0219i m\u00e2ine\u201d, c\u00e2nd \u201e\u00eel aduc aici pe Iliescu\u201d, dup\u0103 cum mi-a \u0219optit paznicul la ureche, ferit de ochii poli\u021bi\u0219tilor militari, de parc\u0103 \u00eemi \u0219optea secrete de stat.<\/p>\n\n\n\n<p><strong>CITE\u0218TE \u0218I:<\/strong> <strong><a href=\"https:\/\/buletin.de\/bucuresti\/mormantul-lui-ion-iliescu-va-beneficia-de-paza-militara\/\" target=\"_blank\" rel=\"noreferrer noopener\">Morm\u00e2ntul lui Ion Iliescu va beneficia de paz\u0103 militar\u0103<\/a><\/strong><\/p>\n\n\n\n<h2 class=\"wp-block-heading\" id=\"h-proletari-de-la-ghencea-i-deta\u0219a\u021bi-la-mormantul-lui-iliescu\"><strong>Proletari de la Ghencea I deta\u0219a\u021bi la morm\u00e2ntul lui Iliescu<\/strong><\/h2>\n\n\n\n<p><strong>L\u00e2ng\u0103 zidul proasp\u0103t v\u0103ruit, un cet\u0103\u021bean \u00een salopet\u0103 gri, aflat \u00een plin\u0103 munc\u0103 de \u00eendeplinire a sarcinii de suflare a frunzelor uscate, a oprit pentru o clip\u0103 motorul \u0219i \u0219i-a tras sufletul cu o gur\u0103 zdrav\u0103n\u0103 de ap\u0103.<\/strong><\/p>\n\n\n\n<p><em>\u201e\u00cel \u00eengroap\u0103 pe Iliescu m\u00e2ine, se preg\u0103tesc\u2026\u201d, <\/em>a spus muncitorul oarecum iritat. Aveam s\u0103 aflu \u0219i motivul.<\/p>\n\n\n\n<p>Fusese adus special de la Ghencea I, pentru a sufla frunze \u00een onoarea defunctului, fiindc\u0103, aparent, era nevoie de mult\u0103 for\u021b\u0103 de munc\u0103.<\/p>\n\n\n\n<p>\u0218i pentru c\u0103 nu era terenul lui obi\u0219nuit, nu \u0219tia prea multe despre viitorul loc de veci, care p\u0103rea de neg\u0103sit.<\/p>\n\n\n\n<p>Mi-a explicat c\u0103 ast\u0103zi, muncitori din alte cimitire au fost redistribui\u021bi aici, unde este nevoia cea mai mare.<\/p>\n\n\n\n<h2 class=\"wp-block-heading\" id=\"h-vecini-pentru-totdeauna\"><strong>Vecini pentru totdeauna<\/strong><\/h2>\n\n\n\n<p><strong>\u00cen adierea frunzelor \u0219i sub privirile suspicioase ale vigilen\u021bilor poli\u021bi\u0219ti militari, efortul meu pa\u0219nic de a c\u0103uta locul de veci al fostului pre\u0219edinte, ast\u0103zi trecut \u00een nefiin\u021b\u0103, f\u0103r\u0103 a pl\u0103ti pentru crimele din Bucure\u0219ti ale Revolu\u021biei din 1989 \u0219i ale primelor mineriade, a fost zadarnic.<\/strong><\/p>\n\n\n\n<p>L-am g\u0103sit \u00een schimb \u00een fa\u021ba cimitirului pe nea Codru\u021b, un pensionar pus pe glume, care a\u0219tepta \u00een sta\u021bia STB de pe Drumul Cooperativei. Mi-a povestit c\u0103 avea 15 ani c\u00e2nd a \u00eencetat domnia primului conduc\u0103tor comunist din istoria \u021b\u0103rii, Gheorghe Gheorghiu-Dej.<\/p>\n\n\n\n<p>Nea Codru\u021b prezenta o foarte bun\u0103 dispozi\u021bie \u00een fa\u021ba acestui moment istoric.<\/p>\n\n\n\n<p><em>\u201e\u00cel a\u0219tept pe domnu\u2019 Iliescu s\u0103-l aduc\u0103. O s\u0103 fim vecini, \u00eel aduce aici!\u201d<\/em>, a strigat el c\u0103tre un alt pensionar de pe cealalt\u0103 parte a drumului.&nbsp;<\/p>\n\n\n\n<p>\u00cen a\u0219teptarea autobuzului 185, nea Codru\u021b f\u0103cea \u0219i o analiz\u0103 a evenimentelor. Legat de decretarea zilei de 7 august zi de doliu na\u021bional, de pild\u0103, el este de p\u0103rere c\u0103 \u201e<em>a\u0219a, ca mort, da, merit\u0103. Dar ca om\u2026 cu toate crimele de le-a f\u0103cut\u2026<\/em>\u201d.<\/p>\n\n\n\n<p><strong>Nu doar nea Codru\u021b va avea de joi, un nou vecin. Desp\u0103r\u021bi\u021bi doar de c\u00e2teva sta\u021bii de autobuz, un Dedeman \u0219i de Stadionul Steaua, Ion Iliescu \u0219i Nicolae Ceau\u0219escu, \u00eengropat la Ghencea Civil, vor \u00eemp\u0103r\u021bi acela\u0219i \u201ecartier de veci\u201d.<\/strong><\/p>\n\n\n\n<p><strong>CITE\u0218TE \u0218I:<\/strong> <strong><a href=\"https:\/\/buletin.de\/bucuresti\/a-murit-ion-iliescu-nomenclaturistul-comunist-care-nu-a-platit-pentru-victimele-de-la-bucuresti-ale-revolutiei-din-1989-si-ale-primelor-mineriade\/\" target=\"_blank\" rel=\"noreferrer noopener\">A murit Ion Iliescu, nomenclaturistul comunist care nu a pl\u0103tit pentru victimele de la Bucure\u0219ti ale Revolu\u021biei din 1989 \u0219i ale primelor mineriade<\/a><\/strong><\/p>\n","protected":false},"excerpt":{"rendered":"<p>Ultimul drum al tovar\u0103\u0219ului Iliescu se va \u00eencheia, deloc metaforic, pe Drumul Cooperativei. \u00cen cap\u0103tul str\u0103zii, dup\u0103 ansambluri reziden\u021biale \u0219i reclame de hypermarket, se afl\u0103 Cimitirul Militar Ghencea III. Miercuri diminea\u021b\u0103, 6 august, locul era \u00eentr-o forfot\u0103 controlat\u0103 strict de Poli\u021bia Militar\u0103 care avea o misiune urgent\u0103, s\u0103 preg\u0103teasc\u0103 cimitirul pentru \u00eenhumarea fostului pre\u0219edinte, care [&hellip;]<\/p>\n","protected":false},"author":59,"featured_media":142528,"comment_status":"closed","ping_status":"open","sticky":false,"template":"","format":"standard","meta":{"_acf_changed":false,"inline_featured_image":false,"ngg_post_thumbnail":0,"footnotes":""},"categories":[6994,3419,169],"tags":[17812,1595,22121,23179],"ppma_author":[22572],"class_list":["post-142526","post","type-post","status-publish","format-standard","has-post-thumbnail","hentry","category-stiri-2","category-featured","category-reportaj","tag-ceausescu","tag-ghencea","tag-iliescu","tag-mormant"],"acf":[],"yoast_head":"<!-- This site is optimized with the Yoast SEO Premium plugin v25.3 (Yoast SEO v27.4) - https:\/\/yoast.com\/product\/yoast-seo-premium-wordpress\/ -->\n<title>REPORTAJ | Morm\u00e2ntul lui Iliescu, obiectivul militar din Drumul Cooperativei - Buletin de Bucure\u0219ti<\/title>\n<meta name=\"description\" content=\"Deta\u0219amentele de muncitori \u00ee\u0219i duceau la \u00eendeplinire sarcinile patriotice pentru morm\u00e2ntul lui Iliescu. Poarta cimitirului a fost revopsit\u0103.\" \/>\n<meta name=\"robots\" content=\"index, follow, max-snippet:-1, max-image-preview:large, max-video-preview:-1\" \/>\n<link rel=\"canonical\" href=\"https:\/\/buletin.de\/bucuresti\/reportaj-mormantul-lui-iliescu-obiectivul-militar-din-drumul-cooperativei\/\" \/>\n<meta property=\"og:locale\" content=\"en_GB\" \/>\n<meta property=\"og:type\" content=\"article\" \/>\n<meta property=\"og:title\" content=\"REPORTAJ | Morm\u00e2ntul lui Iliescu, obiectivul militar din Drumul Cooperativei\" \/>\n<meta property=\"og:description\" content=\"Deta\u0219amentele de muncitori \u00ee\u0219i duceau la \u00eendeplinire sarcinile patriotice pentru morm\u00e2ntul lui Iliescu. Poarta cimitirului a fost revopsit\u0103.\" \/>\n<meta property=\"og:url\" content=\"https:\/\/buletin.de\/bucuresti\/reportaj-mormantul-lui-iliescu-obiectivul-militar-din-drumul-cooperativei\/\" \/>\n<meta property=\"og:site_name\" content=\"Buletin de Bucure\u0219ti\" \/>\n<meta property=\"article:publisher\" content=\"https:\/\/www.facebook.com\/buletin.de.buc\" \/>\n<meta property=\"article:published_time\" content=\"2025-08-06T13:17:25+00:00\" \/>\n<meta property=\"article:modified_time\" content=\"2025-08-06T15:06:54+00:00\" \/>\n<meta property=\"og:image\" content=\"https:\/\/buletin.de\/bucuresti\/wp-content\/uploads\/2025\/08\/WhatsApp-Image-2025-08-06-at-16.06.04-scaled.jpeg\" \/>\n\t<meta property=\"og:image:width\" content=\"2560\" \/>\n\t<meta property=\"og:image:height\" content=\"1920\" \/>\n\t<meta property=\"og:image:type\" content=\"image\/jpeg\" \/>\n<meta name=\"author\" content=\"C\u0103t\u0103lin Anghel-Dimache\" \/>\n<meta name=\"twitter:card\" content=\"summary_large_image\" \/>\n<meta name=\"twitter:label1\" content=\"Written by\" \/>\n\t<meta name=\"twitter:data1\" content=\"C\u0103t\u0103lin Anghel-Dimache\" \/>\n\t<meta name=\"twitter:label2\" content=\"Estimated reading time\" \/>\n\t<meta name=\"twitter:data2\" content=\"4 minutes\" \/>\n<script type=\"application\/ld+json\" class=\"yoast-schema-graph\">{\"@context\":\"https:\\\/\\\/schema.org\",\"@graph\":[{\"@type\":\"Article\",\"@id\":\"https:\\\/\\\/buletin.de\\\/bucuresti\\\/reportaj-mormantul-lui-iliescu-obiectivul-militar-din-drumul-cooperativei\\\/#article\",\"isPartOf\":{\"@id\":\"https:\\\/\\\/buletin.de\\\/bucuresti\\\/reportaj-mormantul-lui-iliescu-obiectivul-militar-din-drumul-cooperativei\\\/\"},\"author\":{\"name\":\"C\u0103t\u0103lin Anghel-Dimache\",\"@id\":\"https:\\\/\\\/buletin.de\\\/bucuresti\\\/#\\\/schema\\\/person\\\/0ac9db30080482be87c7386a30f98796\"},\"headline\":\"REPORTAJ | Morm\u00e2ntul lui Iliescu, obiectivul militar din Drumul Cooperativei\",\"datePublished\":\"2025-08-06T13:17:25+00:00\",\"dateModified\":\"2025-08-06T15:06:54+00:00\",\"mainEntityOfPage\":{\"@id\":\"https:\\\/\\\/buletin.de\\\/bucuresti\\\/reportaj-mormantul-lui-iliescu-obiectivul-militar-din-drumul-cooperativei\\\/\"},\"wordCount\":884,\"publisher\":{\"@id\":\"https:\\\/\\\/buletin.de\\\/bucuresti\\\/#organization\"},\"image\":{\"@id\":\"https:\\\/\\\/buletin.de\\\/bucuresti\\\/reportaj-mormantul-lui-iliescu-obiectivul-militar-din-drumul-cooperativei\\\/#primaryimage\"},\"thumbnailUrl\":\"https:\\\/\\\/buletin.de\\\/bucuresti\\\/wp-content\\\/uploads\\\/2025\\\/08\\\/WhatsApp-Image-2025-08-06-at-16.06.04-scaled.jpeg\",\"keywords\":[\"ceausescu\",\"ghencea\",\"iliescu\",\"mormant\"],\"articleSection\":[\"Articole\",\"Featured\",\"Reportaj\"],\"inLanguage\":\"en-GB\",\"copyrightYear\":\"2025\",\"copyrightHolder\":{\"@id\":\"https:\\\/\\\/buletin.de\\\/bucuresti\\\/#organization\"}},{\"@type\":\"WebPage\",\"@id\":\"https:\\\/\\\/buletin.de\\\/bucuresti\\\/reportaj-mormantul-lui-iliescu-obiectivul-militar-din-drumul-cooperativei\\\/\",\"url\":\"https:\\\/\\\/buletin.de\\\/bucuresti\\\/reportaj-mormantul-lui-iliescu-obiectivul-militar-din-drumul-cooperativei\\\/\",\"name\":\"REPORTAJ | Morm\u00e2ntul lui Iliescu, obiectivul militar din Drumul Cooperativei - Buletin de Bucure\u0219ti\",\"isPartOf\":{\"@id\":\"https:\\\/\\\/buletin.de\\\/bucuresti\\\/#website\"},\"primaryImageOfPage\":{\"@id\":\"https:\\\/\\\/buletin.de\\\/bucuresti\\\/reportaj-mormantul-lui-iliescu-obiectivul-militar-din-drumul-cooperativei\\\/#primaryimage\"},\"image\":{\"@id\":\"https:\\\/\\\/buletin.de\\\/bucuresti\\\/reportaj-mormantul-lui-iliescu-obiectivul-militar-din-drumul-cooperativei\\\/#primaryimage\"},\"thumbnailUrl\":\"https:\\\/\\\/buletin.de\\\/bucuresti\\\/wp-content\\\/uploads\\\/2025\\\/08\\\/WhatsApp-Image-2025-08-06-at-16.06.04-scaled.jpeg\",\"datePublished\":\"2025-08-06T13:17:25+00:00\",\"dateModified\":\"2025-08-06T15:06:54+00:00\",\"description\":\"Deta\u0219amentele de muncitori \u00ee\u0219i duceau la \u00eendeplinire sarcinile patriotice pentru morm\u00e2ntul lui Iliescu. Poarta cimitirului a fost revopsit\u0103.\",\"breadcrumb\":{\"@id\":\"https:\\\/\\\/buletin.de\\\/bucuresti\\\/reportaj-mormantul-lui-iliescu-obiectivul-militar-din-drumul-cooperativei\\\/#breadcrumb\"},\"inLanguage\":\"en-GB\",\"potentialAction\":[{\"@type\":\"ReadAction\",\"target\":[\"https:\\\/\\\/buletin.de\\\/bucuresti\\\/reportaj-mormantul-lui-iliescu-obiectivul-militar-din-drumul-cooperativei\\\/\"]}]},{\"@type\":\"ImageObject\",\"inLanguage\":\"en-GB\",\"@id\":\"https:\\\/\\\/buletin.de\\\/bucuresti\\\/reportaj-mormantul-lui-iliescu-obiectivul-militar-din-drumul-cooperativei\\\/#primaryimage\",\"url\":\"https:\\\/\\\/buletin.de\\\/bucuresti\\\/wp-content\\\/uploads\\\/2025\\\/08\\\/WhatsApp-Image-2025-08-06-at-16.06.04-scaled.jpeg\",\"contentUrl\":\"https:\\\/\\\/buletin.de\\\/bucuresti\\\/wp-content\\\/uploads\\\/2025\\\/08\\\/WhatsApp-Image-2025-08-06-at-16.06.04-scaled.jpeg\",\"width\":2560,\"height\":1920,\"caption\":\"Morm\u00e2ntul lui Iliescu, obiectivul militar din Drumul Cooperativei\"},{\"@type\":\"BreadcrumbList\",\"@id\":\"https:\\\/\\\/buletin.de\\\/bucuresti\\\/reportaj-mormantul-lui-iliescu-obiectivul-militar-din-drumul-cooperativei\\\/#breadcrumb\",\"itemListElement\":[{\"@type\":\"ListItem\",\"position\":1,\"name\":\"Acas\u0103\",\"item\":\"https:\\\/\\\/buletin.de\\\/bucuresti\\\/\"},{\"@type\":\"ListItem\",\"position\":2,\"name\":\"REPORTAJ | Morm\u00e2ntul lui Iliescu, obiectivul militar din Drumul Cooperativei\"}]},{\"@type\":\"WebSite\",\"@id\":\"https:\\\/\\\/buletin.de\\\/bucuresti\\\/#website\",\"url\":\"https:\\\/\\\/buletin.de\\\/bucuresti\\\/\",\"name\":\"Buletin de Bucure\u0219ti\",\"description\":\"\u0218tiri \u0219i investiga\u021bii esen\u021biale din capital\u0103\",\"publisher\":{\"@id\":\"https:\\\/\\\/buletin.de\\\/bucuresti\\\/#organization\"},\"potentialAction\":[{\"@type\":\"SearchAction\",\"target\":{\"@type\":\"EntryPoint\",\"urlTemplate\":\"https:\\\/\\\/buletin.de\\\/bucuresti\\\/?s={search_term_string}\"},\"query-input\":{\"@type\":\"PropertyValueSpecification\",\"valueRequired\":true,\"valueName\":\"search_term_string\"}}],\"inLanguage\":\"en-GB\"},{\"@type\":\"Organization\",\"@id\":\"https:\\\/\\\/buletin.de\\\/bucuresti\\\/#organization\",\"name\":\"Buletin de Bucure\u0219ti\",\"url\":\"https:\\\/\\\/buletin.de\\\/bucuresti\\\/\",\"logo\":{\"@type\":\"ImageObject\",\"inLanguage\":\"en-GB\",\"@id\":\"https:\\\/\\\/buletin.de\\\/bucuresti\\\/#\\\/schema\\\/logo\\\/image\\\/\",\"url\":\"https:\\\/\\\/buletin.de\\\/bucuresti\\\/wp-content\\\/uploads\\\/logo-bdb-full-wide-vernil-transparent.png\",\"contentUrl\":\"https:\\\/\\\/buletin.de\\\/bucuresti\\\/wp-content\\\/uploads\\\/logo-bdb-full-wide-vernil-transparent.png\",\"width\":1782,\"height\":626,\"caption\":\"Buletin de Bucure\u0219ti\"},\"image\":{\"@id\":\"https:\\\/\\\/buletin.de\\\/bucuresti\\\/#\\\/schema\\\/logo\\\/image\\\/\"},\"sameAs\":[\"https:\\\/\\\/www.facebook.com\\\/buletin.de.buc\",\"https:\\\/\\\/www.instagram.com\\\/buletinde.bucuresti\\\/\"]},{\"@type\":\"Person\",\"@id\":\"https:\\\/\\\/buletin.de\\\/bucuresti\\\/#\\\/schema\\\/person\\\/0ac9db30080482be87c7386a30f98796\",\"name\":\"C\u0103t\u0103lin Anghel-Dimache\",\"image\":{\"@type\":\"ImageObject\",\"inLanguage\":\"en-GB\",\"@id\":\"https:\\\/\\\/buletin.de\\\/bucuresti\\\/wp-content\\\/uploads\\\/Catalin-Anghel-Dimache-96x96.jpgbd9e43c5b25186d5b8e917ac61ad86c4\",\"url\":\"https:\\\/\\\/buletin.de\\\/bucuresti\\\/wp-content\\\/uploads\\\/Catalin-Anghel-Dimache-96x96.jpg\",\"contentUrl\":\"https:\\\/\\\/buletin.de\\\/bucuresti\\\/wp-content\\\/uploads\\\/Catalin-Anghel-Dimache-96x96.jpg\",\"caption\":\"C\u0103t\u0103lin Anghel-Dimache\"},\"description\":\"A absolvit Facultatea de Jurnalism \u0219i \u0218tiin\u021bele Comunic\u0103rii a Universit\u0103\u021bii din Bucure\u0219ti \u00een 2024. Scrie despre mediu \u0219i teme sociale, dar \u0219i despre cum se reflect\u0103 ele \u00een via\u021ba cotidian\u0103 a bucure\u0219tenilor, cu un ochi atent la pove\u0219tile personale din spatele titlurilor. N\u0103scut \u0219i crescut \u00een Bucure\u0219ti, a f\u0103cut un pas c\u0103tre presa local\u0103, din pasiune pentru ora\u0219ul s\u0103u \u0219i oamenii din el.\",\"url\":\"https:\\\/\\\/buletin.de\\\/bucuresti\\\/author\\\/catalin-anghel-dimache\\\/\"}]}<\/script>\n<!-- \/ Yoast SEO Premium plugin. -->","yoast_head_json":{"title":"REPORTAJ | Morm\u00e2ntul lui Iliescu, obiectivul militar din Drumul Cooperativei - Buletin de Bucure\u0219ti","description":"Deta\u0219amentele de muncitori \u00ee\u0219i duceau la \u00eendeplinire sarcinile patriotice pentru morm\u00e2ntul lui Iliescu. Poarta cimitirului a fost revopsit\u0103.","robots":{"index":"index","follow":"follow","max-snippet":"max-snippet:-1","max-image-preview":"max-image-preview:large","max-video-preview":"max-video-preview:-1"},"canonical":"https:\/\/buletin.de\/bucuresti\/reportaj-mormantul-lui-iliescu-obiectivul-militar-din-drumul-cooperativei\/","og_locale":"en_GB","og_type":"article","og_title":"REPORTAJ | Morm\u00e2ntul lui Iliescu, obiectivul militar din Drumul Cooperativei","og_description":"Deta\u0219amentele de muncitori \u00ee\u0219i duceau la \u00eendeplinire sarcinile patriotice pentru morm\u00e2ntul lui Iliescu. Poarta cimitirului a fost revopsit\u0103.","og_url":"https:\/\/buletin.de\/bucuresti\/reportaj-mormantul-lui-iliescu-obiectivul-militar-din-drumul-cooperativei\/","og_site_name":"Buletin de Bucure\u0219ti","article_publisher":"https:\/\/www.facebook.com\/buletin.de.buc","article_published_time":"2025-08-06T13:17:25+00:00","article_modified_time":"2025-08-06T15:06:54+00:00","og_image":[{"width":2560,"height":1920,"url":"https:\/\/buletin.de\/bucuresti\/wp-content\/uploads\/2025\/08\/WhatsApp-Image-2025-08-06-at-16.06.04-scaled.jpeg","type":"image\/jpeg"}],"author":"C\u0103t\u0103lin Anghel-Dimache","twitter_card":"summary_large_image","twitter_misc":{"Written by":"C\u0103t\u0103lin Anghel-Dimache","Estimated reading time":"4 minutes"},"schema":{"@context":"https:\/\/schema.org","@graph":[{"@type":"Article","@id":"https:\/\/buletin.de\/bucuresti\/reportaj-mormantul-lui-iliescu-obiectivul-militar-din-drumul-cooperativei\/#article","isPartOf":{"@id":"https:\/\/buletin.de\/bucuresti\/reportaj-mormantul-lui-iliescu-obiectivul-militar-din-drumul-cooperativei\/"},"author":{"name":"C\u0103t\u0103lin Anghel-Dimache","@id":"https:\/\/buletin.de\/bucuresti\/#\/schema\/person\/0ac9db30080482be87c7386a30f98796"},"headline":"REPORTAJ | Morm\u00e2ntul lui Iliescu, obiectivul militar din Drumul Cooperativei","datePublished":"2025-08-06T13:17:25+00:00","dateModified":"2025-08-06T15:06:54+00:00","mainEntityOfPage":{"@id":"https:\/\/buletin.de\/bucuresti\/reportaj-mormantul-lui-iliescu-obiectivul-militar-din-drumul-cooperativei\/"},"wordCount":884,"publisher":{"@id":"https:\/\/buletin.de\/bucuresti\/#organization"},"image":{"@id":"https:\/\/buletin.de\/bucuresti\/reportaj-mormantul-lui-iliescu-obiectivul-militar-din-drumul-cooperativei\/#primaryimage"},"thumbnailUrl":"https:\/\/buletin.de\/bucuresti\/wp-content\/uploads\/2025\/08\/WhatsApp-Image-2025-08-06-at-16.06.04-scaled.jpeg","keywords":["ceausescu","ghencea","iliescu","mormant"],"articleSection":["Articole","Featured","Reportaj"],"inLanguage":"en-GB","copyrightYear":"2025","copyrightHolder":{"@id":"https:\/\/buletin.de\/bucuresti\/#organization"}},{"@type":"WebPage","@id":"https:\/\/buletin.de\/bucuresti\/reportaj-mormantul-lui-iliescu-obiectivul-militar-din-drumul-cooperativei\/","url":"https:\/\/buletin.de\/bucuresti\/reportaj-mormantul-lui-iliescu-obiectivul-militar-din-drumul-cooperativei\/","name":"REPORTAJ | Morm\u00e2ntul lui Iliescu, obiectivul militar din Drumul Cooperativei - Buletin de Bucure\u0219ti","isPartOf":{"@id":"https:\/\/buletin.de\/bucuresti\/#website"},"primaryImageOfPage":{"@id":"https:\/\/buletin.de\/bucuresti\/reportaj-mormantul-lui-iliescu-obiectivul-militar-din-drumul-cooperativei\/#primaryimage"},"image":{"@id":"https:\/\/buletin.de\/bucuresti\/reportaj-mormantul-lui-iliescu-obiectivul-militar-din-drumul-cooperativei\/#primaryimage"},"thumbnailUrl":"https:\/\/buletin.de\/bucuresti\/wp-content\/uploads\/2025\/08\/WhatsApp-Image-2025-08-06-at-16.06.04-scaled.jpeg","datePublished":"2025-08-06T13:17:25+00:00","dateModified":"2025-08-06T15:06:54+00:00","description":"Deta\u0219amentele de muncitori \u00ee\u0219i duceau la \u00eendeplinire sarcinile patriotice pentru morm\u00e2ntul lui Iliescu. Poarta cimitirului a fost revopsit\u0103.","breadcrumb":{"@id":"https:\/\/buletin.de\/bucuresti\/reportaj-mormantul-lui-iliescu-obiectivul-militar-din-drumul-cooperativei\/#breadcrumb"},"inLanguage":"en-GB","potentialAction":[{"@type":"ReadAction","target":["https:\/\/buletin.de\/bucuresti\/reportaj-mormantul-lui-iliescu-obiectivul-militar-din-drumul-cooperativei\/"]}]},{"@type":"ImageObject","inLanguage":"en-GB","@id":"https:\/\/buletin.de\/bucuresti\/reportaj-mormantul-lui-iliescu-obiectivul-militar-din-drumul-cooperativei\/#primaryimage","url":"https:\/\/buletin.de\/bucuresti\/wp-content\/uploads\/2025\/08\/WhatsApp-Image-2025-08-06-at-16.06.04-scaled.jpeg","contentUrl":"https:\/\/buletin.de\/bucuresti\/wp-content\/uploads\/2025\/08\/WhatsApp-Image-2025-08-06-at-16.06.04-scaled.jpeg","width":2560,"height":1920,"caption":"Morm\u00e2ntul lui Iliescu, obiectivul militar din Drumul Cooperativei"},{"@type":"BreadcrumbList","@id":"https:\/\/buletin.de\/bucuresti\/reportaj-mormantul-lui-iliescu-obiectivul-militar-din-drumul-cooperativei\/#breadcrumb","itemListElement":[{"@type":"ListItem","position":1,"name":"Acas\u0103","item":"https:\/\/buletin.de\/bucuresti\/"},{"@type":"ListItem","position":2,"name":"REPORTAJ | Morm\u00e2ntul lui Iliescu, obiectivul militar din Drumul Cooperativei"}]},{"@type":"WebSite","@id":"https:\/\/buletin.de\/bucuresti\/#website","url":"https:\/\/buletin.de\/bucuresti\/","name":"Buletin de Bucure\u0219ti","description":"\u0218tiri \u0219i investiga\u021bii esen\u021biale din capital\u0103","publisher":{"@id":"https:\/\/buletin.de\/bucuresti\/#organization"},"potentialAction":[{"@type":"SearchAction","target":{"@type":"EntryPoint","urlTemplate":"https:\/\/buletin.de\/bucuresti\/?s={search_term_string}"},"query-input":{"@type":"PropertyValueSpecification","valueRequired":true,"valueName":"search_term_string"}}],"inLanguage":"en-GB"},{"@type":"Organization","@id":"https:\/\/buletin.de\/bucuresti\/#organization","name":"Buletin de Bucure\u0219ti","url":"https:\/\/buletin.de\/bucuresti\/","logo":{"@type":"ImageObject","inLanguage":"en-GB","@id":"https:\/\/buletin.de\/bucuresti\/#\/schema\/logo\/image\/","url":"https:\/\/buletin.de\/bucuresti\/wp-content\/uploads\/logo-bdb-full-wide-vernil-transparent.png","contentUrl":"https:\/\/buletin.de\/bucuresti\/wp-content\/uploads\/logo-bdb-full-wide-vernil-transparent.png","width":1782,"height":626,"caption":"Buletin de Bucure\u0219ti"},"image":{"@id":"https:\/\/buletin.de\/bucuresti\/#\/schema\/logo\/image\/"},"sameAs":["https:\/\/www.facebook.com\/buletin.de.buc","https:\/\/www.instagram.com\/buletinde.bucuresti\/"]},{"@type":"Person","@id":"https:\/\/buletin.de\/bucuresti\/#\/schema\/person\/0ac9db30080482be87c7386a30f98796","name":"C\u0103t\u0103lin Anghel-Dimache","image":{"@type":"ImageObject","inLanguage":"en-GB","@id":"https:\/\/buletin.de\/bucuresti\/wp-content\/uploads\/Catalin-Anghel-Dimache-96x96.jpgbd9e43c5b25186d5b8e917ac61ad86c4","url":"https:\/\/buletin.de\/bucuresti\/wp-content\/uploads\/Catalin-Anghel-Dimache-96x96.jpg","contentUrl":"https:\/\/buletin.de\/bucuresti\/wp-content\/uploads\/Catalin-Anghel-Dimache-96x96.jpg","caption":"C\u0103t\u0103lin Anghel-Dimache"},"description":"A absolvit Facultatea de Jurnalism \u0219i \u0218tiin\u021bele Comunic\u0103rii a Universit\u0103\u021bii din Bucure\u0219ti \u00een 2024. Scrie despre mediu \u0219i teme sociale, dar \u0219i despre cum se reflect\u0103 ele \u00een via\u021ba cotidian\u0103 a bucure\u0219tenilor, cu un ochi atent la pove\u0219tile personale din spatele titlurilor. N\u0103scut \u0219i crescut \u00een Bucure\u0219ti, a f\u0103cut un pas c\u0103tre presa local\u0103, din pasiune pentru ora\u0219ul s\u0103u \u0219i oamenii din el.","url":"https:\/\/buletin.de\/bucuresti\/author\/catalin-anghel-dimache\/"}]}},"authors":[{"term_id":22572,"user_id":59,"is_guest":0,"slug":"catalin-anghel-dimache","display_name":"C\u0103t\u0103lin Anghel-Dimache","avatar_url":"https:\/\/buletin.de\/bucuresti\/wp-content\/uploads\/Catalin-Anghel-Dimache-96x96.jpg","0":null,"1":"","2":"","3":"","4":"","5":"","6":"","7":"","8":""}],"_links":{"self":[{"href":"https:\/\/buletin.de\/bucuresti\/wp-json\/wp\/v2\/posts\/142526","targetHints":{"allow":["GET"]}}],"collection":[{"href":"https:\/\/buletin.de\/bucuresti\/wp-json\/wp\/v2\/posts"}],"about":[{"href":"https:\/\/buletin.de\/bucuresti\/wp-json\/wp\/v2\/types\/post"}],"author":[{"embeddable":true,"href":"https:\/\/buletin.de\/bucuresti\/wp-json\/wp\/v2\/users\/59"}],"replies":[{"embeddable":true,"href":"https:\/\/buletin.de\/bucuresti\/wp-json\/wp\/v2\/comments?post=142526"}],"version-history":[{"count":3,"href":"https:\/\/buletin.de\/bucuresti\/wp-json\/wp\/v2\/posts\/142526\/revisions"}],"predecessor-version":[{"id":142533,"href":"https:\/\/buletin.de\/bucuresti\/wp-json\/wp\/v2\/posts\/142526\/revisions\/142533"}],"wp:featuredmedia":[{"embeddable":true,"href":"https:\/\/buletin.de\/bucuresti\/wp-json\/wp\/v2\/media\/142528"}],"wp:attachment":[{"href":"https:\/\/buletin.de\/bucuresti\/wp-json\/wp\/v2\/media?parent=142526"}],"wp:term":[{"taxonomy":"category","embeddable":true,"href":"https:\/\/buletin.de\/bucuresti\/wp-json\/wp\/v2\/categories?post=142526"},{"taxonomy":"post_tag","embeddable":true,"href":"https:\/\/buletin.de\/bucuresti\/wp-json\/wp\/v2\/tags?post=142526"},{"taxonomy":"author","embeddable":true,"href":"https:\/\/buletin.de\/bucuresti\/wp-json\/wp\/v2\/ppma_author?post=142526"}],"curies":[{"name":"wp","href":"https:\/\/api.w.org\/{rel}","templated":true}]}}