{"id":141975,"date":"2025-08-03T08:19:54","date_gmt":"2025-08-03T05:19:54","guid":{"rendered":"https:\/\/buletin.de\/bucuresti\/?p=141975"},"modified":"2025-08-14T18:41:38","modified_gmt":"2025-08-14T15:41:38","slug":"stagiunea-muzicala-estivala","status":"publish","type":"post","link":"https:\/\/buletin.de\/bucuresti\/stagiunea-muzicala-estivala\/","title":{"rendered":"Sector 3 | Continu\u0103 Stagiunea Muzical\u0103 Estival\u0103 2025. Programul complet"},"content":{"rendered":"\n<p><strong>Sub genericul \u201eTr\u0103ie\u0219te Muzica\u201d,\u00a0Stagiunea Muzical\u0103 Estival\u0103 continu\u0103 \u0219i \u00een acest weekend cu mai multe concerte. Evenimentele au loc la Foi\u0219orul de piatr\u0103 din cap\u0103tul aleii principale, a Parcului Al. I. Cuza.<\/strong><\/p>\n\n\n\n<p>Accesul se face din bd. Liviu Rebreanu\/intersec\u021bia str\u0103zilor Baba Novac \u0219i C\u00e2mpia Libert\u0103\u021bii, \u00eencep\u00e2nd cu ora 20:30.<\/p>\n\n\n\n<p><strong>Programul concertelor din weekend:<\/strong><\/p>\n\n\n\n<p><strong>S\u00e2mb\u0103t\u0103, 2 august, \u00eentre orele 20:30-21:30:<\/strong>\u00a0Romani\u021ba &amp; Band;\u00a0<\/p>\n\n\n\n<p><strong>Duminic\u0103, 3 august, \u00eentre orele 20:30-21:30:<\/strong>\u00a0Fanfara Angely\u2019s, dirijor Marius Cristian Firca;<\/p>\n\n\n\n<p><strong>Programul pentru Stagiunea Muzical\u0103 Estival\u0103 2025 este urm\u0103torul:<\/strong><\/p>\n\n\n\n<ul class=\"wp-block-list\">\n<li>8 august \u2013 Berti Barbera &amp; Nicu Patoi;<\/li>\n\n\n\n<li>9 august \u2013 Narcisa Suciu &amp; Band;<\/li>\n\n\n\n<li>10 august \u2013 Fanfara Angely\u2019s, dirijor Marius Cristian Firca;<\/li>\n\n\n\n<li>15 august \u2013 George Miron, Acapella, Ionel Tudor Band;<\/li>\n\n\n\n<li>16 august \u2013 Aura \u0218ova &amp; Band;<\/li>\n\n\n\n<li>17 august \u2013 Fanfara Angely\u2019s, dirijor Marius Cristian Firca;<\/li>\n\n\n\n<li>22 august \u2013 Alina Manole TRIO;<\/li>\n\n\n\n<li>23 august \u2013 Fun House Cover Band.<\/li>\n\n\n\n<li>24 august \u2013 Fanfara Angely\u2019s, dirijor Marius Cristian Firca;<\/li>\n\n\n\n<li>29 august \u2013 Elina &amp; Classical Sounds;<\/li>\n\n\n\n<li>30 august \u2013 Gelu Voicu \u0219i L\u0103utarii din Teleorman;<\/li>\n\n\n\n<li>31 august \u2013 Fanfara Angely\u2019s, dirijor Marius Cristian Firca;<\/li>\n\n\n\n<li>5 septembrie \u2013 Cvartetul Passione;<\/li>\n\n\n\n<li>6 septembrie \u2013 Alifantis &amp; ZAN;<\/li>\n\n\n\n<li>7 septembrie \u2013 Fanfara Angely\u2019s, dirijor Marius Cristian Firca;<\/li>\n\n\n\n<li>12 septembrie \u2013 Adrian Despot &amp; Cezar Popescu \/ VdV Acu2tic;<\/li>\n\n\n\n<li>13 septembrie \u2013 Alexandra Fits &amp; Mariano Castro TRIO<\/li>\n\n\n\n<li>14 septembrie \u2013 Fanfara Angely\u2019s, dirijor Marius Cristian Firca.<\/li>\n<\/ul>\n\n\n\n<p>\u201eEdi\u021bia din acest an este dedicat\u0103 publicului care a fost al\u0103turi de eveniment \u00eenc\u0103 de la \u00eenceput, dar \u0219i noii genera\u021bii de spectatori care descoper\u0103 muzica \u00een aer liber, ca experien\u021b\u0103 artistic\u0103 \u0219i social\u0103 autentic\u0103.<\/p>\n\n\n\n<p>Accesul la eveniment este liber, iar organizatorii preg\u0103tesc activit\u0103\u021bi surpriz\u0103 pentru cei care vor alege s\u0103 petreac\u0103 serile de var\u0103 \u00een parc, \u00eentr-o atmosfer\u0103 relaxant\u0103, \u00een compania muzicii live\u201d, a mai transmis Prim\u0103ria Sectorului 3.<\/p>\n\n\n\n<p><strong>CITE\u0218TE \u0218I:<\/strong> <a href=\"https:\/\/buletin.de\/bucuresti\/ce-poti-face-pe-calea-victoriei-in-weekendul-2-3-august\/\">Ce po\u021bi face pe Calea Victoriei \u00een weekendul 2-3 august<\/a><\/p>\n\n\n\n<h2 class=\"wp-block-heading\" id=\"h-programul-pentru-stagiunea-muzicala-estivala-2025\">Programul pentru Stagiunea Muzical\u0103 Estival\u0103 2025<\/h2>\n\n\n\n<p>\u201eStagiunea Muzical\u0103 Estival\u0103\u2019din Sectorul 3 reprezint\u0103 un proiect dedicat publicului larg, un spa\u021biu de \u00eent\u00e2lnire \u00eentre genera\u021bii \u0219i gusturi muzicale diferite. Evenimentul nu este doar o serie de concerte, ci o form\u0103 de revitalizare a spa\u021biului urban prin cultur\u0103, art\u0103 \u0219i apartenen\u021b\u0103 comunitar\u0103.<\/p>\n\n\n\n<p><strong>\u00cen acest an, stagiunea aduce \u00een fa\u021ba publicului o selec\u021bie variat\u0103 de arti\u0219ti \u0219i forma\u021bii de renume, acoperind un spectru larg de stiluri \u2013 de la sonorit\u0103\u021bi tradi\u021bionale \u0219i clasice, la jazz, rock, fusion sau world music<\/strong>\u201d, arat\u0103 institu\u021bia.<\/p>\n\n\n\n<p>Stagiunea se va desf\u0103\u0219ura p\u00e2n\u0103 pe 14 septembrie, pe parcursul a nou\u0103 weekenduri consecutive, astfel: \u00een fiecare vineri, s\u00e2mb\u0103t\u0103 \u0219i duminic\u0103, \u00eentre orele 20:30 \u2013 21:30, la foi\u0219orul de piatr\u0103 din parc<\/p>\n\n\n\n<p><strong>CITE\u0218TE \u0218I:<\/strong> <a href=\"https:\/\/buletin.de\/bucuresti\/strazi-deschise-2\/\">Cultur\u0103 \u201e\u00een aer liber\u201d, la \u201eStr\u0103zi deschise \u2013 Bucure\u0219ti, Promenad\u0103 urban\u0103\u201d \u00een acest weekend<\/a><\/p>\n","protected":false},"excerpt":{"rendered":"<p>Sub genericul \u201eTr\u0103ie\u0219te Muzica\u201d,\u00a0Stagiunea Muzical\u0103 Estival\u0103 continu\u0103 \u0219i \u00een acest weekend cu mai multe concerte. Evenimentele au loc la Foi\u0219orul de piatr\u0103 din cap\u0103tul aleii principale, a Parcului Al. I. Cuza. Accesul se face din bd. Liviu Rebreanu\/intersec\u021bia str\u0103zilor Baba Novac \u0219i C\u00e2mpia Libert\u0103\u021bii, \u00eencep\u00e2nd cu ora 20:30. Programul concertelor din weekend: S\u00e2mb\u0103t\u0103, 2 august, [&hellip;]<\/p>\n","protected":false},"author":49,"featured_media":141984,"comment_status":"closed","ping_status":"open","sticky":false,"template":"","format":"standard","meta":{"_acf_changed":false,"inline_featured_image":false,"ngg_post_thumbnail":0,"footnotes":""},"categories":[6994,81,62],"tags":[23110,23109,17405,440,23108],"ppma_author":[22574],"class_list":["post-141975","post","type-post","status-publish","format-standard","has-post-thumbnail","hentry","category-stiri-2","category-cultura","category-stiri","tag-bd-liviu-rebreanu","tag-foisorul-de-piatra","tag-ps3","tag-sector-3","tag-stagiunea-culturala-estivala"],"acf":[],"yoast_head":"<!-- This site is optimized with the Yoast SEO Premium plugin v25.3 (Yoast SEO v27.4) - https:\/\/yoast.com\/product\/yoast-seo-premium-wordpress\/ -->\n<title>Sector 3 | Continu\u0103 Stagiunea Muzical\u0103 Estival\u0103 2025. Programul complet - Buletin de Bucure\u0219ti<\/title>\n<meta name=\"description\" content=\"Sub genericul \u201eTr\u0103ie\u0219te Muzica\u201d,\u00a0Stagiunea Muzical\u0103 Estival\u0103 continu\u0103 \u0219i \u00een acest weekend cu o serie de concerte.\" \/>\n<meta name=\"robots\" content=\"index, follow, max-snippet:-1, max-image-preview:large, max-video-preview:-1\" \/>\n<link rel=\"canonical\" href=\"https:\/\/buletin.de\/bucuresti\/stagiunea-muzicala-estivala\/\" \/>\n<meta property=\"og:locale\" content=\"en_GB\" \/>\n<meta property=\"og:type\" content=\"article\" \/>\n<meta property=\"og:title\" content=\"Sector 3 | Continu\u0103 Stagiunea Muzical\u0103 Estival\u0103 2025. Programul complet\" \/>\n<meta property=\"og:description\" content=\"Sub genericul \u201eTr\u0103ie\u0219te Muzica\u201d,\u00a0Stagiunea Muzical\u0103 Estival\u0103 continu\u0103 \u0219i \u00een acest weekend cu o serie de concerte.\" \/>\n<meta property=\"og:url\" content=\"https:\/\/buletin.de\/bucuresti\/stagiunea-muzicala-estivala\/\" \/>\n<meta property=\"og:site_name\" content=\"Buletin de Bucure\u0219ti\" \/>\n<meta property=\"article:publisher\" content=\"https:\/\/www.facebook.com\/buletin.de.buc\" \/>\n<meta property=\"article:published_time\" content=\"2025-08-03T05:19:54+00:00\" \/>\n<meta property=\"article:modified_time\" content=\"2025-08-14T15:41:38+00:00\" \/>\n<meta property=\"og:image\" content=\"https:\/\/buletin.de\/bucuresti\/wp-content\/uploads\/2025\/08\/cici.jpg\" \/>\n\t<meta property=\"og:image:width\" content=\"1300\" \/>\n\t<meta property=\"og:image:height\" content=\"1088\" \/>\n\t<meta property=\"og:image:type\" content=\"image\/jpeg\" \/>\n<meta name=\"author\" content=\"Diana Matei\" \/>\n<meta name=\"twitter:card\" content=\"summary_large_image\" \/>\n<meta name=\"twitter:label1\" content=\"Written by\" \/>\n\t<meta name=\"twitter:data1\" content=\"Diana Matei\" \/>\n\t<meta name=\"twitter:label2\" content=\"Estimated reading time\" \/>\n\t<meta name=\"twitter:data2\" content=\"3 minutes\" \/>\n<script type=\"application\/ld+json\" class=\"yoast-schema-graph\">{\"@context\":\"https:\\\/\\\/schema.org\",\"@graph\":[{\"@type\":\"Article\",\"@id\":\"https:\\\/\\\/buletin.de\\\/bucuresti\\\/stagiunea-muzicala-estivala\\\/#article\",\"isPartOf\":{\"@id\":\"https:\\\/\\\/buletin.de\\\/bucuresti\\\/stagiunea-muzicala-estivala\\\/\"},\"author\":{\"name\":\"Diana Matei\",\"@id\":\"https:\\\/\\\/buletin.de\\\/bucuresti\\\/#\\\/schema\\\/person\\\/7e46040573290777280a0835d81ea4ea\"},\"headline\":\"Sector 3 | Continu\u0103 Stagiunea Muzical\u0103 Estival\u0103 2025. Programul complet\",\"datePublished\":\"2025-08-03T05:19:54+00:00\",\"dateModified\":\"2025-08-14T15:41:38+00:00\",\"mainEntityOfPage\":{\"@id\":\"https:\\\/\\\/buletin.de\\\/bucuresti\\\/stagiunea-muzicala-estivala\\\/\"},\"wordCount\":453,\"publisher\":{\"@id\":\"https:\\\/\\\/buletin.de\\\/bucuresti\\\/#organization\"},\"image\":{\"@id\":\"https:\\\/\\\/buletin.de\\\/bucuresti\\\/stagiunea-muzicala-estivala\\\/#primaryimage\"},\"thumbnailUrl\":\"https:\\\/\\\/buletin.de\\\/bucuresti\\\/wp-content\\\/uploads\\\/2025\\\/08\\\/cici.jpg\",\"keywords\":[\"bd. Liviu Rebreanu\",\"foisorul de piatra\",\"PS3\",\"Sector 3\",\"stagiunea culturala estivala\"],\"articleSection\":[\"Articole\",\"Cultur\u0103\",\"\u0218tiri\"],\"inLanguage\":\"en-GB\",\"copyrightYear\":\"2025\",\"copyrightHolder\":{\"@id\":\"https:\\\/\\\/buletin.de\\\/bucuresti\\\/#organization\"}},{\"@type\":\"WebPage\",\"@id\":\"https:\\\/\\\/buletin.de\\\/bucuresti\\\/stagiunea-muzicala-estivala\\\/\",\"url\":\"https:\\\/\\\/buletin.de\\\/bucuresti\\\/stagiunea-muzicala-estivala\\\/\",\"name\":\"Sector 3 | Continu\u0103 Stagiunea Muzical\u0103 Estival\u0103 2025. Programul complet - Buletin de Bucure\u0219ti\",\"isPartOf\":{\"@id\":\"https:\\\/\\\/buletin.de\\\/bucuresti\\\/#website\"},\"primaryImageOfPage\":{\"@id\":\"https:\\\/\\\/buletin.de\\\/bucuresti\\\/stagiunea-muzicala-estivala\\\/#primaryimage\"},\"image\":{\"@id\":\"https:\\\/\\\/buletin.de\\\/bucuresti\\\/stagiunea-muzicala-estivala\\\/#primaryimage\"},\"thumbnailUrl\":\"https:\\\/\\\/buletin.de\\\/bucuresti\\\/wp-content\\\/uploads\\\/2025\\\/08\\\/cici.jpg\",\"datePublished\":\"2025-08-03T05:19:54+00:00\",\"dateModified\":\"2025-08-14T15:41:38+00:00\",\"description\":\"Sub genericul \u201eTr\u0103ie\u0219te Muzica\u201d,\u00a0Stagiunea Muzical\u0103 Estival\u0103 continu\u0103 \u0219i \u00een acest weekend cu o serie de concerte.\",\"breadcrumb\":{\"@id\":\"https:\\\/\\\/buletin.de\\\/bucuresti\\\/stagiunea-muzicala-estivala\\\/#breadcrumb\"},\"inLanguage\":\"en-GB\",\"potentialAction\":[{\"@type\":\"ReadAction\",\"target\":[\"https:\\\/\\\/buletin.de\\\/bucuresti\\\/stagiunea-muzicala-estivala\\\/\"]}]},{\"@type\":\"ImageObject\",\"inLanguage\":\"en-GB\",\"@id\":\"https:\\\/\\\/buletin.de\\\/bucuresti\\\/stagiunea-muzicala-estivala\\\/#primaryimage\",\"url\":\"https:\\\/\\\/buletin.de\\\/bucuresti\\\/wp-content\\\/uploads\\\/2025\\\/08\\\/cici.jpg\",\"contentUrl\":\"https:\\\/\\\/buletin.de\\\/bucuresti\\\/wp-content\\\/uploads\\\/2025\\\/08\\\/cici.jpg\",\"width\":1300,\"height\":1088,\"caption\":\"Sector 3 | Continu\u0103 Stagiunea Muzical\u0103 Estival\u0103 2025. Programul complet. PS3\"},{\"@type\":\"BreadcrumbList\",\"@id\":\"https:\\\/\\\/buletin.de\\\/bucuresti\\\/stagiunea-muzicala-estivala\\\/#breadcrumb\",\"itemListElement\":[{\"@type\":\"ListItem\",\"position\":1,\"name\":\"Acas\u0103\",\"item\":\"https:\\\/\\\/buletin.de\\\/bucuresti\\\/\"},{\"@type\":\"ListItem\",\"position\":2,\"name\":\"Sector 3 | Continu\u0103 Stagiunea Muzical\u0103 Estival\u0103 2025. Programul complet\"}]},{\"@type\":\"WebSite\",\"@id\":\"https:\\\/\\\/buletin.de\\\/bucuresti\\\/#website\",\"url\":\"https:\\\/\\\/buletin.de\\\/bucuresti\\\/\",\"name\":\"Buletin de Bucure\u0219ti\",\"description\":\"\u0218tiri \u0219i investiga\u021bii esen\u021biale din capital\u0103\",\"publisher\":{\"@id\":\"https:\\\/\\\/buletin.de\\\/bucuresti\\\/#organization\"},\"potentialAction\":[{\"@type\":\"SearchAction\",\"target\":{\"@type\":\"EntryPoint\",\"urlTemplate\":\"https:\\\/\\\/buletin.de\\\/bucuresti\\\/?s={search_term_string}\"},\"query-input\":{\"@type\":\"PropertyValueSpecification\",\"valueRequired\":true,\"valueName\":\"search_term_string\"}}],\"inLanguage\":\"en-GB\"},{\"@type\":\"Organization\",\"@id\":\"https:\\\/\\\/buletin.de\\\/bucuresti\\\/#organization\",\"name\":\"Buletin de Bucure\u0219ti\",\"url\":\"https:\\\/\\\/buletin.de\\\/bucuresti\\\/\",\"logo\":{\"@type\":\"ImageObject\",\"inLanguage\":\"en-GB\",\"@id\":\"https:\\\/\\\/buletin.de\\\/bucuresti\\\/#\\\/schema\\\/logo\\\/image\\\/\",\"url\":\"https:\\\/\\\/buletin.de\\\/bucuresti\\\/wp-content\\\/uploads\\\/logo-bdb-full-wide-vernil-transparent.png\",\"contentUrl\":\"https:\\\/\\\/buletin.de\\\/bucuresti\\\/wp-content\\\/uploads\\\/logo-bdb-full-wide-vernil-transparent.png\",\"width\":1782,\"height\":626,\"caption\":\"Buletin de Bucure\u0219ti\"},\"image\":{\"@id\":\"https:\\\/\\\/buletin.de\\\/bucuresti\\\/#\\\/schema\\\/logo\\\/image\\\/\"},\"sameAs\":[\"https:\\\/\\\/www.facebook.com\\\/buletin.de.buc\",\"https:\\\/\\\/www.instagram.com\\\/buletinde.bucuresti\\\/\"]},{\"@type\":\"Person\",\"@id\":\"https:\\\/\\\/buletin.de\\\/bucuresti\\\/#\\\/schema\\\/person\\\/7e46040573290777280a0835d81ea4ea\",\"name\":\"Diana Matei\",\"image\":{\"@type\":\"ImageObject\",\"inLanguage\":\"en-GB\",\"@id\":\"https:\\\/\\\/buletin.de\\\/bucuresti\\\/wp-content\\\/uploads\\\/9-2-96x96.jpg1e8590b30871d70e62ebcdaf2eff570c\",\"url\":\"https:\\\/\\\/buletin.de\\\/bucuresti\\\/wp-content\\\/uploads\\\/9-2-96x96.jpg\",\"contentUrl\":\"https:\\\/\\\/buletin.de\\\/bucuresti\\\/wp-content\\\/uploads\\\/9-2-96x96.jpg\",\"caption\":\"Diana Matei\"},\"url\":\"https:\\\/\\\/buletin.de\\\/bucuresti\\\/author\\\/dianamatei\\\/\"}]}<\/script>\n<!-- \/ Yoast SEO Premium plugin. -->","yoast_head_json":{"title":"Sector 3 | Continu\u0103 Stagiunea Muzical\u0103 Estival\u0103 2025. Programul complet - Buletin de Bucure\u0219ti","description":"Sub genericul \u201eTr\u0103ie\u0219te Muzica\u201d,\u00a0Stagiunea Muzical\u0103 Estival\u0103 continu\u0103 \u0219i \u00een acest weekend cu o serie de concerte.","robots":{"index":"index","follow":"follow","max-snippet":"max-snippet:-1","max-image-preview":"max-image-preview:large","max-video-preview":"max-video-preview:-1"},"canonical":"https:\/\/buletin.de\/bucuresti\/stagiunea-muzicala-estivala\/","og_locale":"en_GB","og_type":"article","og_title":"Sector 3 | Continu\u0103 Stagiunea Muzical\u0103 Estival\u0103 2025. Programul complet","og_description":"Sub genericul \u201eTr\u0103ie\u0219te Muzica\u201d,\u00a0Stagiunea Muzical\u0103 Estival\u0103 continu\u0103 \u0219i \u00een acest weekend cu o serie de concerte.","og_url":"https:\/\/buletin.de\/bucuresti\/stagiunea-muzicala-estivala\/","og_site_name":"Buletin de Bucure\u0219ti","article_publisher":"https:\/\/www.facebook.com\/buletin.de.buc","article_published_time":"2025-08-03T05:19:54+00:00","article_modified_time":"2025-08-14T15:41:38+00:00","og_image":[{"width":1300,"height":1088,"url":"https:\/\/buletin.de\/bucuresti\/wp-content\/uploads\/2025\/08\/cici.jpg","type":"image\/jpeg"}],"author":"Diana Matei","twitter_card":"summary_large_image","twitter_misc":{"Written by":"Diana Matei","Estimated reading time":"3 minutes"},"schema":{"@context":"https:\/\/schema.org","@graph":[{"@type":"Article","@id":"https:\/\/buletin.de\/bucuresti\/stagiunea-muzicala-estivala\/#article","isPartOf":{"@id":"https:\/\/buletin.de\/bucuresti\/stagiunea-muzicala-estivala\/"},"author":{"name":"Diana Matei","@id":"https:\/\/buletin.de\/bucuresti\/#\/schema\/person\/7e46040573290777280a0835d81ea4ea"},"headline":"Sector 3 | Continu\u0103 Stagiunea Muzical\u0103 Estival\u0103 2025. Programul complet","datePublished":"2025-08-03T05:19:54+00:00","dateModified":"2025-08-14T15:41:38+00:00","mainEntityOfPage":{"@id":"https:\/\/buletin.de\/bucuresti\/stagiunea-muzicala-estivala\/"},"wordCount":453,"publisher":{"@id":"https:\/\/buletin.de\/bucuresti\/#organization"},"image":{"@id":"https:\/\/buletin.de\/bucuresti\/stagiunea-muzicala-estivala\/#primaryimage"},"thumbnailUrl":"https:\/\/buletin.de\/bucuresti\/wp-content\/uploads\/2025\/08\/cici.jpg","keywords":["bd. Liviu Rebreanu","foisorul de piatra","PS3","Sector 3","stagiunea culturala estivala"],"articleSection":["Articole","Cultur\u0103","\u0218tiri"],"inLanguage":"en-GB","copyrightYear":"2025","copyrightHolder":{"@id":"https:\/\/buletin.de\/bucuresti\/#organization"}},{"@type":"WebPage","@id":"https:\/\/buletin.de\/bucuresti\/stagiunea-muzicala-estivala\/","url":"https:\/\/buletin.de\/bucuresti\/stagiunea-muzicala-estivala\/","name":"Sector 3 | Continu\u0103 Stagiunea Muzical\u0103 Estival\u0103 2025. Programul complet - Buletin de Bucure\u0219ti","isPartOf":{"@id":"https:\/\/buletin.de\/bucuresti\/#website"},"primaryImageOfPage":{"@id":"https:\/\/buletin.de\/bucuresti\/stagiunea-muzicala-estivala\/#primaryimage"},"image":{"@id":"https:\/\/buletin.de\/bucuresti\/stagiunea-muzicala-estivala\/#primaryimage"},"thumbnailUrl":"https:\/\/buletin.de\/bucuresti\/wp-content\/uploads\/2025\/08\/cici.jpg","datePublished":"2025-08-03T05:19:54+00:00","dateModified":"2025-08-14T15:41:38+00:00","description":"Sub genericul \u201eTr\u0103ie\u0219te Muzica\u201d,\u00a0Stagiunea Muzical\u0103 Estival\u0103 continu\u0103 \u0219i \u00een acest weekend cu o serie de concerte.","breadcrumb":{"@id":"https:\/\/buletin.de\/bucuresti\/stagiunea-muzicala-estivala\/#breadcrumb"},"inLanguage":"en-GB","potentialAction":[{"@type":"ReadAction","target":["https:\/\/buletin.de\/bucuresti\/stagiunea-muzicala-estivala\/"]}]},{"@type":"ImageObject","inLanguage":"en-GB","@id":"https:\/\/buletin.de\/bucuresti\/stagiunea-muzicala-estivala\/#primaryimage","url":"https:\/\/buletin.de\/bucuresti\/wp-content\/uploads\/2025\/08\/cici.jpg","contentUrl":"https:\/\/buletin.de\/bucuresti\/wp-content\/uploads\/2025\/08\/cici.jpg","width":1300,"height":1088,"caption":"Sector 3 | Continu\u0103 Stagiunea Muzical\u0103 Estival\u0103 2025. Programul complet. PS3"},{"@type":"BreadcrumbList","@id":"https:\/\/buletin.de\/bucuresti\/stagiunea-muzicala-estivala\/#breadcrumb","itemListElement":[{"@type":"ListItem","position":1,"name":"Acas\u0103","item":"https:\/\/buletin.de\/bucuresti\/"},{"@type":"ListItem","position":2,"name":"Sector 3 | Continu\u0103 Stagiunea Muzical\u0103 Estival\u0103 2025. Programul complet"}]},{"@type":"WebSite","@id":"https:\/\/buletin.de\/bucuresti\/#website","url":"https:\/\/buletin.de\/bucuresti\/","name":"Buletin de Bucure\u0219ti","description":"\u0218tiri \u0219i investiga\u021bii esen\u021biale din capital\u0103","publisher":{"@id":"https:\/\/buletin.de\/bucuresti\/#organization"},"potentialAction":[{"@type":"SearchAction","target":{"@type":"EntryPoint","urlTemplate":"https:\/\/buletin.de\/bucuresti\/?s={search_term_string}"},"query-input":{"@type":"PropertyValueSpecification","valueRequired":true,"valueName":"search_term_string"}}],"inLanguage":"en-GB"},{"@type":"Organization","@id":"https:\/\/buletin.de\/bucuresti\/#organization","name":"Buletin de Bucure\u0219ti","url":"https:\/\/buletin.de\/bucuresti\/","logo":{"@type":"ImageObject","inLanguage":"en-GB","@id":"https:\/\/buletin.de\/bucuresti\/#\/schema\/logo\/image\/","url":"https:\/\/buletin.de\/bucuresti\/wp-content\/uploads\/logo-bdb-full-wide-vernil-transparent.png","contentUrl":"https:\/\/buletin.de\/bucuresti\/wp-content\/uploads\/logo-bdb-full-wide-vernil-transparent.png","width":1782,"height":626,"caption":"Buletin de Bucure\u0219ti"},"image":{"@id":"https:\/\/buletin.de\/bucuresti\/#\/schema\/logo\/image\/"},"sameAs":["https:\/\/www.facebook.com\/buletin.de.buc","https:\/\/www.instagram.com\/buletinde.bucuresti\/"]},{"@type":"Person","@id":"https:\/\/buletin.de\/bucuresti\/#\/schema\/person\/7e46040573290777280a0835d81ea4ea","name":"Diana Matei","image":{"@type":"ImageObject","inLanguage":"en-GB","@id":"https:\/\/buletin.de\/bucuresti\/wp-content\/uploads\/9-2-96x96.jpg1e8590b30871d70e62ebcdaf2eff570c","url":"https:\/\/buletin.de\/bucuresti\/wp-content\/uploads\/9-2-96x96.jpg","contentUrl":"https:\/\/buletin.de\/bucuresti\/wp-content\/uploads\/9-2-96x96.jpg","caption":"Diana Matei"},"url":"https:\/\/buletin.de\/bucuresti\/author\/dianamatei\/"}]}},"authors":[{"term_id":22574,"user_id":49,"is_guest":0,"slug":"dianamatei","display_name":"Diana Matei","avatar_url":"https:\/\/buletin.de\/bucuresti\/wp-content\/uploads\/9-2-96x96.jpg","0":null,"1":"","2":"","3":"","4":"","5":"","6":"","7":"","8":""}],"_links":{"self":[{"href":"https:\/\/buletin.de\/bucuresti\/wp-json\/wp\/v2\/posts\/141975","targetHints":{"allow":["GET"]}}],"collection":[{"href":"https:\/\/buletin.de\/bucuresti\/wp-json\/wp\/v2\/posts"}],"about":[{"href":"https:\/\/buletin.de\/bucuresti\/wp-json\/wp\/v2\/types\/post"}],"author":[{"embeddable":true,"href":"https:\/\/buletin.de\/bucuresti\/wp-json\/wp\/v2\/users\/49"}],"replies":[{"embeddable":true,"href":"https:\/\/buletin.de\/bucuresti\/wp-json\/wp\/v2\/comments?post=141975"}],"version-history":[{"count":2,"href":"https:\/\/buletin.de\/bucuresti\/wp-json\/wp\/v2\/posts\/141975\/revisions"}],"predecessor-version":[{"id":141986,"href":"https:\/\/buletin.de\/bucuresti\/wp-json\/wp\/v2\/posts\/141975\/revisions\/141986"}],"wp:featuredmedia":[{"embeddable":true,"href":"https:\/\/buletin.de\/bucuresti\/wp-json\/wp\/v2\/media\/141984"}],"wp:attachment":[{"href":"https:\/\/buletin.de\/bucuresti\/wp-json\/wp\/v2\/media?parent=141975"}],"wp:term":[{"taxonomy":"category","embeddable":true,"href":"https:\/\/buletin.de\/bucuresti\/wp-json\/wp\/v2\/categories?post=141975"},{"taxonomy":"post_tag","embeddable":true,"href":"https:\/\/buletin.de\/bucuresti\/wp-json\/wp\/v2\/tags?post=141975"},{"taxonomy":"author","embeddable":true,"href":"https:\/\/buletin.de\/bucuresti\/wp-json\/wp\/v2\/ppma_author?post=141975"}],"curies":[{"name":"wp","href":"https:\/\/api.w.org\/{rel}","templated":true}]}}