{"id":141307,"date":"2025-07-29T10:52:55","date_gmt":"2025-07-29T07:52:55","guid":{"rendered":"https:\/\/buletin.de\/bucuresti\/?p=141307"},"modified":"2025-07-30T18:25:42","modified_gmt":"2025-07-30T15:25:42","slug":"piata-revolutiei-nu-va-mai-fi-spatiu-public-ministerul-de-interne-vrea-sa-o-inchida-pentru-un-perimetru-securizat-un-studiu-trimis-primariei-capitalei-propune-o-solutie-inversa-e","status":"publish","type":"post","link":"https:\/\/buletin.de\/bucuresti\/piata-revolutiei-nu-va-mai-fi-spatiu-public-ministerul-de-interne-vrea-sa-o-inchida-pentru-un-perimetru-securizat-un-studiu-trimis-primariei-capitalei-propune-o-solutie-inversa-e\/","title":{"rendered":"Pia\u021ba Revolu\u021biei nu va mai fi spa\u021biu public. Ministerul de Interne vrea s\u0103 o \u00eenchid\u0103, pentru \u201eun perimetru securizat\u201d. Un studiu trimis Prim\u0103riei Capitalei propune o solu\u021bie invers\u0103: eliminarea locurilor de parcare ale MAI"},"content":{"rendered":"\n<p><strong>Consiliul General al Municipiului Bucure\u0219ti (CGMB) va decide miercuri dac\u0103 Pia\u021ba Revolu\u021biei \u0219i Monumentului Eroilor Revolu\u021biei vor r\u0103m\u00e2ne \u00een administrarea Prim\u0103riei Bucure\u0219ti sau vor trece \u00een administrarea Ministerului de Interne.<\/strong><\/p>\n\n\n\n<h2 class=\"wp-block-heading\" id=\"h-update-ministerul-de-interne-minte-intr-un-comunicat-de-presa-in-chestiunea-perimetrului-securizat\">UPDATE: Ministerul de Interne minte \u00eentr-un comunicat de pres\u0103 \u00een chestiunea perimetrului securizat<\/h2>\n\n\n\n<p><strong>Ministerul Afacerilor Interne (MAI) d\u0103 \u00eenapoi \u00een chestiunea \u201eperimetrului securizat\u201d ce ar fi urmat s\u0103 fie amenajat pe bucata din Pia\u021ba Revolu\u021biei pe care a cerut-o de la Prim\u0103ria Capitalei \u0219i afirm\u0103 c\u0103 nu ar fi restric\u021bionat accesul pietonilor \u00een acel spa\u021biu.<\/strong><\/p>\n\n\n\n<p>MAI afirm\u0103 \u00eentr-un comunicat de pres\u0103 c\u0103 ar fi dorit preluarea suprafe\u021bei de teren doar pentru \u201eamenajarea unui spa\u021biu verde \u00een jurul Monumentului Eroilor Revolu\u021biei \u0219i integrarea acestuia \u00een arhitectura zonei, pentru a spori calitatea urban\u0103 \u0219i memoria locului\u201d.<\/p>\n\n\n\n<p>Doar c\u0103 Ministerul de Interne strecoar\u0103 mai multe minciuni \u00een documentul trimis publicului.<\/p>\n\n\n\n<p><strong>CITE\u0218TE \u0218I:<a href=\"https:\/\/buletin.de\/bucuresti\/ministerul-afacerilor-interne-da-inapoi-si-spune-ca-in-perimetrul-securizat-pe-care-l-dorea-in-piata-revolutiei-ar-fi-avut-voie-sa-intre-oricine\/\" target=\"_blank\" rel=\"noreferrer noopener\"> Ministerul Afacerilor Interne d\u0103 \u00eenapoi \u0219i spune c\u0103 \u00een \u201eperimetrul securizat\u201d pe care-l dorea \u00een Pia\u021ba Revolu\u021biei ar fi avut voie s\u0103 intre oricine<\/a><\/strong><\/p>\n\n\n\n<hr class=\"wp-block-separator has-alpha-channel-opacity\"\/>\n\n\n\n<h2 class=\"wp-block-heading\" id=\"h-update-proiectul-de-hotarare-privind-transferul-de-teren-catre-ministerul-de-interne-a-fost-scos-de-pe-ordinea-de-zi\">UPDATE: Proiectul de hot\u0103r\u00e2re privind transferul de teren c\u0103tre Ministerul de Interne a fost scos de pe ordinea de zi<\/h2>\n\n\n\n<p><strong>Proiectul de hot\u0103r\u00e2re privind crearea unui perimetru securizat \u00een Pia\u021ba Revolu\u021biei<\/strong>&nbsp;<strong>a fost retras de pe ordinea de zi a Consiliului General. Primarul interimar Stelian Bujduveanu promite \u201eo dezbatere public\u0103 real\u0103 \u0219i transparent\u0103\u201d, cu privire la un poten\u021bial transfer c\u0103tre Ministerul Afacerilor Interne, \u00een contextul \u00een care societatea civil\u0103 militeaz\u0103 pentru pietonalizarea pie\u021bei.<\/strong><\/p>\n\n\n\n<p>Stelian Bujuduveanu, a atras aten\u021bia c\u0103 posibilul transfer c\u0103tre MAI nu vizeaz\u0103 toat\u0103 Pia\u021ba Revolu\u021biei, ci doar terenul de 2.239 metri p\u0103tra\u021bi situat chiar \u00een fa\u021ba Ministerului de Interne.<\/p>\n\n\n\n<p><em>\u201ePentru claritate: este vorba despre un lot distinct, nu despre parcarea din fa\u021b\u0103 \u0219i nici despre restul Pie\u021bei Revolu\u021biei. Suprafa\u021ba de 6.613 mp care formeaz\u0103 esen\u021ba pie\u021bei ar r\u0103m\u00e2ne integral \u00een administrarea Municipiului Bucure\u0219ti\u201d<\/em>, a transmis Stelian Buduveanu&nbsp;<a href=\"https:\/\/www.facebook.com\/Bujduveanu\/posts\/pfbid035xAqDAhR2FHAxXZ8HPdTFrsEJasJVK5zdGZtpHpnx6F4Nf3Eg6wYLFhwM1m6nAmWl\" target=\"_blank\" rel=\"noreferrer noopener\">\u00eentr-o postare de Facebook<\/a>.<\/p>\n\n\n\n<p><strong>CITE\u0218TE: <a href=\"https:\/\/buletin.de\/bucuresti\/proiectul-privind-crearea-unui-perimetru-securizat-in-piata-revolutiei-retras-de-pe-ordinea-de-zi\/\">Proiectul privind crearea unui perimetru securizat \u00een Pia\u021ba Revolu\u021biei, retras de pe ordinea de zi<\/a><\/strong><\/p>\n\n\n\n<hr class=\"wp-block-separator has-alpha-channel-opacity\"\/>\n\n\n\n<p>Suprafa\u021ba ce ar urma s\u0103 fie transferat\u0103 m\u0103soar\u0103 2.239 de metri p\u0103tra\u021bi \u0219i a fost evaluat\u0103, \u00eempreun\u0103 cu monumentul, la 22.3 milioane de lei.<\/p>\n\n\n\n<p>Monumentul Eroilor Revolu\u021biei, aflat \u00een fa\u021ba cl\u0103dirii MAI, nu este clasat ca monument istoric, fiind realizat din pl\u0103ci de marmur\u0103.<\/p>\n\n\n\n<figure class=\"wp-block-image size-large\"><img fetchpriority=\"high\" decoding=\"async\" width=\"1000\" height=\"635\" src=\"data:image\/gif;base64,R0lGODlhAQABAAAAACH5BAEKAAEALAAAAAABAAEAAAICTAEAOw==\" data-src=\"https:\/\/buletin.de\/bucuresti\/wp-content\/uploads\/2025\/07\/monumentuleroilorrevolutiei-1000x635.png\" alt=\"Monumentul Eroilor Revolu\u021biei\" class=\"wp-image-141408 lazyload\" data-sizes=\"auto\" data-srcset=\"https:\/\/buletin.de\/bucuresti\/wp-content\/uploads\/2025\/07\/monumentuleroilorrevolutiei-1000x635.png 1000w, https:\/\/buletin.de\/bucuresti\/wp-content\/uploads\/2025\/07\/monumentuleroilorrevolutiei-300x190.png 300w, https:\/\/buletin.de\/bucuresti\/wp-content\/uploads\/2025\/07\/monumentuleroilorrevolutiei-768x487.png 768w, https:\/\/buletin.de\/bucuresti\/wp-content\/uploads\/2025\/07\/monumentuleroilorrevolutiei-600x381.png 600w, https:\/\/buletin.de\/bucuresti\/wp-content\/uploads\/2025\/07\/monumentuleroilorrevolutiei-20x13.png 20w, https:\/\/buletin.de\/bucuresti\/wp-content\/uploads\/2025\/07\/monumentuleroilorrevolutiei.png 1040w\" sizes=\"(max-width: 1000px) 100vw, 1000px\" \/><figcaption class=\"wp-element-caption\">Monumentul Eroilor Revolu\u021biei<\/figcaption><\/figure>\n\n\n\n<p><strong>Ministerul Afacerilor Interne (MAI) solicit\u0103 s\u0103-i fie transferat\u0103 suprafa\u021ba, invoc\u00e2nd o stare de nesiguran\u021b\u0103 \u0219i necesitatea securiz\u0103rii zonei.<\/strong><\/p>\n\n\n\n<p>\u00cen prezent, noteaz\u0103 reprezentan\u021bii MAI, \u201eav\u00e2nd \u00een vedere caracterul special al obiectivului &#8211; institu\u021bie din sistemul de ap\u0103rare, ordine public\u0103 \u0219i siguran\u021b\u0103 na\u0163ional\u0103 &#8211; a fost necesar\u0103 impunerea unor restric\u0163ii, prin amplasarea unor bariere, precum \u0219i a punctelor de control acces\u201d.<\/p>\n\n\n\n<p><strong>Acum, ministerul vrea \u0219i mai mult, crearea unui \u201eperimetru securizat\u201d, \u00een care nu doar ma\u0219inile, dar nici pietonii s\u0103 nu mai aib\u0103 acces.<\/strong><\/p>\n\n\n\n<p>\u201eMinisterul Afacerilor Interne precizeaz\u0103, c\u0103 av\u00e2nd \u00een vedere caracterul special al obiectivului \u2014 institu\u021bie din sistemul de ap\u0103rare, ordine public\u0103 \u0219i siguran\u021b\u0103 na\u0163ional\u0103 &#8211; a fost necesar\u0103 impunerea unor restric\u0163ii, prin amplasarea unor bariere, precum \u0219i a punctelor de control acces.<\/p>\n\n\n\n<p>Astfel, ca urmare a adopt\u0103rii de c\u0103tre Municipiul Bucure\u0219ti a unei hot\u0103r\u00e2ri privind trecerea suprafe\u021bei de 2239,00 mp din domeniul public a! Municipiului Bucure\u0219ti \u00een domeniul public al statului, \u00een vederea d\u0103rii \u00een administrare Ministerului Afacerilor interne, acest lucru va aduce multiple beneficii <mark style=\"background-color:rgba(0, 0, 0, 0)\" class=\"has-inline-color has-vivid-red-color\"><strong>prin crearea unui perimetru securizat, cre\u0219terea controlului asupra accesului \u0219i perimetrului, protec\u0163ia infrastructurii \u0219i a resurselor interne \u0219i nu \u00een ultimul r\u00e2nd flexibilitate \u00een gestionarea situa\u021biilor de urgen\u0163\u0103<\/strong>\u201d<\/mark>, se arat\u0103 \u00een <a href=\"https:\/\/doc.pmb.ro\/consiliu\/sedinte\/553\/oz\/12772.pdf\" target=\"_blank\" rel=\"noreferrer noopener\">referatul de aprobare<\/a> <a href=\"https:\/\/doc.pmb.ro\/consiliu\/sedinte\/553\/oz\/12772.pdf\" target=\"_blank\" rel=\"noreferrer noopener\">ata\u0219at proiectului de hot\u0103r\u00e2re<\/a> ce va fi dezb\u0103tut de Consiliului General al Municipiului Bucure\u0219ti, \u00een \u0219edin\u021ba de miercuri.<\/p>\n\n\n\n<p>Documentul nu ofer\u0103 detalii despre ce \u00eenseamn\u0103 concret aceast\u0103 securizare \u0219i cum va fi pus\u0103 \u00een practic\u0103.<\/p>\n\n\n\n<p><strong>CITE\u0218TE \u0218I: <a href=\"https:\/\/buletin.de\/bucuresti\/piata-revolutiei-nu-este-un-spatiu-ceremonial-militar-reactia-reper-la-inchiderea-spatiului-de-unde-a-inceput-revolutia-din-1989-la-bucuresti\/\" target=\"_blank\" rel=\"noreferrer noopener\">\u201ePia\u021ba Revolu\u021biei nu este un spa\u021biu ceremonial militar\u201d. Reac\u021bia REPER la \u00eenchiderea spa\u021biului de unde a \u00eenceput revolu\u021bia din 1989 la Bucure\u0219ti<\/a><\/strong><\/p>\n\n\n\n<h2 class=\"wp-block-heading\" id=\"h-pia\u021ba-revolu\u021biei-trebuie-deschisa-publicului-nu-invers\">Pia\u021ba Revolu\u021biei trebuie deschis\u0103 publicului, nu invers<\/h2>\n\n\n\n<p><strong>Asocia\u021bia Str\u0103zi pentru Oameni<\/strong> a<strong> lansat \u00een prim\u0103vara acestui an raportul \u201e<a href=\"https:\/\/arcub.ro\/noutati\/gradina-revolutiei-un-nou-inceput-pentru-piata-revolutiei\" target=\"_blank\" rel=\"noreferrer noopener\">Gr\u0103dina Revolu\u021biei \u2013 pentru Bucure\u0219ti, pentru to\u021bi<\/a>\u201d, care propunea o solu\u021bie exact invers\u0103 dec\u00e2t este propus\u0103 acum \u00een proiectul de hot\u0103r\u00e2re supus\u0103 dezbaterii Consiliului General al Municipiului Bucure\u0219ti. <\/strong><\/p>\n\n\n\n<p>Documentul, realizat \u00een urma unei consult\u0103ri publice extinse desf\u0103\u0219urate pe parcursul a cinci luni arat\u0103 c\u0103&nbsp;<strong>Pia\u021ba Revolu\u021biei<\/strong>, \u00een forma sa actual\u0103 \u2013 dominat\u0103 de circula\u021bie auto \u0219i ocupat\u0103 de o parcare rezervat\u0103 Ministerului Afacerilor Interne, al\u0103turi de alte parc\u0103ri haotice \u2013 nu este dorit\u0103 \u0219i nici apreciat\u0103 de bucure\u0219teni. <\/p>\n\n\n\n<p>\u00cen urma analizelor f\u0103cute \u0219i a dialogului cu bucure\u0219tenii, a rezultat o solu\u021bie de <strong>reamenajare \u00een trei etape<\/strong>, astfel \u00eenc\u00e2t spa\u021biul public s\u0103 devin\u0103 cu adev\u0103rat reprezentativ pentru ora\u0219.<\/p>\n\n\n\n<p>\u201ePrintre cele mai frecvente observa\u021bii s-a reg\u0103sit dorin\u021ba de a elimina parcarea care acapareaz\u0103 o mare parte din spa\u021biu \u0219i care este v\u0103zut\u0103 ca o fr\u00e2n\u0103 \u00een calea vitalit\u0103\u021bii urbane. &#8216;S\u0103 fie iarb\u0103. Accesibil\u0103. \u0218i s\u0103 nu mai apar\u0103 pl\u0103cu\u021ba aia, nu c\u0103lca\u021bi pe iarb\u0103. Nu. Chiar s\u0103 se scrie: C\u0103lca\u021bi pe iarb\u0103. Sunte\u021bi liberi!&#8217; \u2013 spune un participant, \u00eentr-un citat care exprim\u0103 dorin\u021ba ca spa\u021biul s\u0103 fie liber, deschis \u0219i prietenos cu oamenii. <\/p>\n\n\n\n<p>Constant \u00een discu\u021bii a fost eviden\u021biat\u0103<strong>&nbsp;inutilitatea parc\u0103rii din fa\u021ba Ministerului Afacerilor Interne,&nbsp;<\/strong>descris\u0103 ca &#8216;dezolant\u0103&#8217; \u0219i &#8216;\u00een paragin\u0103&#8217;, dar \u0219i necesitatea unor solu\u021bii pentru turism \u2013 \u00een special prin crearea unor locuri de parcare pentru autocare, aproape de punctele de interes\u201d, se arat\u0103 \u00een raport, citat de <a href=\"https:\/\/www.g4media.ro\/trei-etape-de-reorganizare-a-pietei-revolutiei-acum-cu-25-30-din-suprafata-ocupata-de-parcari-mai-cu-circulatie-auto-si-lipsita-de-vizibilitate-proiectul-de-piata-centrala-pe-care.html\" target=\"_blank\" rel=\"noreferrer noopener\">G4Media<\/a>.<\/p>\n\n\n\n<p><strong>Raportul propune pietonizarea sau limitarea traficului&nbsp;\u00een&nbsp;Pia\u021ba&nbsp;Revolu\u021biei&nbsp;\u00een weekend-uri, realizarea unui nou monument dedicat revolu\u021biei, \u00een locul celui numit popular \u201e\u021beapa cu cartof\u201d, creat \u00een urma consult\u0103rii publice. <\/strong><\/p>\n\n\n\n<p>\u201ePia\u021ba ar putea deveni un muzeu \u00een aer liber, cu h\u0103r\u021bi tactile, panouri informative, coduri QR\u201d, precizeaz\u0103 raportul.<\/p>\n\n\n\n<p><strong>Documentul mai propune ca parcarea de la Ministerul de Interne s\u0103 fie transformat\u0103 \u00een zon\u0103 de loisir cu vegeta\u021bie \u0219i mobilier urban.<\/strong><\/p>\n\n\n\n<p><strong>CITE\u0218TE \u0218I: <a href=\"https:\/\/buletin.de\/bucuresti\/foto-complexul-acvatic-pantelimon-inca-o-vara-in-santier\/\" target=\"_blank\" rel=\"noreferrer noopener\">FOTO | \u201e\u0218antierul Palmierilor\u201d de la Complexul Acvatic Pantelimon, dup\u0103 \u021beapa de pe TikTok: \u201eNu sunt muncitori. Lucreaz\u0103 28 de oameni, 10 \u00eemprumuta\u021bi de la alt\u0103 firm\u0103\u201d<\/a><\/strong><\/p>\n\n\n\n<h2 class=\"wp-block-heading\" id=\"h-barierele-puse-de-ministerul-de-interne-sunt-montate-ilegal\">Barierele puse de Ministerul de Interne sunt montate ilegal<\/h2>\n\n\n\n<p>Asocia\u021bia Str\u0103zi pentru oameni propune trei etape pentru ca Pia\u021ba Revolu\u021biei s\u0103 fie prietenoas\u0103 cu bucure\u0219tenii \u0219i cu turi\u0219tii. <\/p>\n\n\n\n<p>\u00cen prima etap\u0103, <strong>pe termen scurt (3\u20136 luni)<\/strong>&nbsp;, raportul propune&nbsp;<strong>\u00eenchiderea traficului rutier \u00een weekend<\/strong>&nbsp;\u0219i transformarea parc\u0103rii \u00eentr-un spa\u021biu temporar verde, parte din ini\u021biativa Str\u0103zi Deschise. Din cele doar 137 de locuri de parcare 59 sunt momentan rezervate, \u00een principal, pentru angaja\u021bii MAI.<strong><mark style=\"background-color:rgba(0, 0, 0, 0)\" class=\"has-inline-color has-vivid-red-color\"> <\/mark><\/strong><\/p>\n\n\n\n<p>\u201e<strong><mark style=\"background-color:rgba(0, 0, 0, 0)\" class=\"has-inline-color has-vivid-red-color\">Barierele instalate \u00een fa\u021ba parc\u0103rii MAI nu dispun de autoriza\u021bie de construc\u021bie.<\/mark><\/strong> Scopul este redirec\u021bionarea angaja\u021bilor institu\u021biilor din zon\u0103 c\u0103tre parc\u0103rile subterane \u0219i desfiin\u021barea celor 137 de locuri de parcare administrate de Compania Municipal\u0103 de Parking din zona\u201d, se arat\u0103 \u00een raportul <strong>\u201e<a href=\"https:\/\/arcub.ro\/noutati\/gradina-revolutiei-un-nou-inceput-pentru-piata-revolutiei\" target=\"_blank\" rel=\"noreferrer noopener\">Gr\u0103dina Revolu\u021biei \u2013 pentru Bucure\u0219ti, pentru to\u021bi<\/a>\u201d<\/strong><\/p>\n\n\n\n<p><strong>Pe termen mediu (1-2 ani)<\/strong>, se recomand\u0103 lansarea unui<strong>&nbsp;concurs interna\u021bional de arhitectur\u0103<\/strong>, pentru generarea unor solu\u021bii creative \u0219i potrivite contextului istoric. <\/p>\n\n\n\n<p>Totodat\u0103 este propus\u0103&nbsp;<strong>redirec\u021bionarea traficului<\/strong>&nbsp;prin ini\u021bierea unei licita\u021bii publice pentru un studiu de trafic care s\u0103 evalueze impactul \u00eenchiderii traficului auto \u00een Pia\u021ba Revolu\u021biei \u0219i Pia\u021ba George Enescu, prin redirec\u021bionarea traficului auto \u0219i transport public de suprafa\u021b\u0103 de pe Calea Victoriei prin fa\u021ba S\u0103lii Palatului.<\/p>\n\n\n\n<p>Iar&nbsp;<strong>pe termen lung (3-5 ani),<\/strong>&nbsp;se dore\u0219te&nbsp;<strong>includerea proiectului \u00een Planul Urbanistic General al Bucure\u0219tiului (PUG)<\/strong>, pentru ca viziunea s\u0103 fie sustenabil\u0103 \u0219i legal asumat\u0103. <\/p>\n\n\n\n<p>Proiectul vorbe\u0219te despre regenerarea complet\u0103 a zonei astfel \u00eenc\u00e2t s\u0103 devin\u0103 un model de planificare urban\u0103 sustenabil\u0103 \u0219i incluziv\u0103, aliniat cu standardele marilor capitale europene prin extinderea spa\u021biilor verzi \u0219i a zonelor pietonale, precum&nbsp;\u0219i introducerea Pie\u021bei Revolu\u021biei \u00een patrimoniul UNESCO dup\u0103 modelul centrul istoric al ora\u0219ului Napoli.<\/p>\n\n\n\n<p><strong>CITE\u0218TE \u0218I: <a href=\"https:\/\/buletin.de\/bucuresti\/pacientii-lasati-fara-medicamente-de-durere-la-centrul-de-arsi-de-la-spitalul-floreasca-acuza-o-donatoare-de-piele-reactia-ministerului-sanatatii\/\" target=\"_blank\" rel=\"noreferrer noopener\">Pacien\u021bii, l\u0103sa\u021bi f\u0103r\u0103 medicamente de durere la Centrul de Ar\u0219i de la Spitalul Floreasca, acuz\u0103 o donatoare de piele. Reac\u021bia Ministerului S\u0103n\u0103t\u0103\u021bii<\/a><br><\/strong><\/p>\n","protected":false},"excerpt":{"rendered":"<p>Consiliul General al Municipiului Bucure\u0219ti (CGMB) va decide miercuri dac\u0103 Pia\u021ba Revolu\u021biei \u0219i Monumentului Eroilor Revolu\u021biei vor r\u0103m\u00e2ne \u00een administrarea Prim\u0103riei Bucure\u0219ti sau vor trece \u00een administrarea Ministerului de Interne. UPDATE: Ministerul de Interne minte \u00eentr-un comunicat de pres\u0103 \u00een chestiunea perimetrului securizat Ministerul Afacerilor Interne (MAI) d\u0103 \u00eenapoi \u00een chestiunea \u201eperimetrului securizat\u201d ce ar [&hellip;]<\/p>\n","protected":false},"author":60,"featured_media":141312,"comment_status":"closed","ping_status":"open","sticky":false,"template":"","format":"standard","meta":{"_acf_changed":false,"inline_featured_image":false,"ngg_post_thumbnail":0,"footnotes":""},"categories":[6994,5762,24],"tags":[23054,716,6974,13516],"ppma_author":[22582],"class_list":["post-141307","post","type-post","status-publish","format-standard","has-post-thumbnail","hentry","category-stiri-2","category-main","category-primarie","tag-acces-piata-revolutiei","tag-ministerul-de-interne","tag-piata-revolutiei","tag-spatiu-public"],"acf":[],"yoast_head":"<!-- This site is optimized with the Yoast SEO Premium plugin v25.3 (Yoast SEO v27.4) - https:\/\/yoast.com\/product\/yoast-seo-premium-wordpress\/ -->\n<title>Pia\u021ba Revolu\u021biei nu va mai fi spa\u021biu public. Ministerul de Interne vrea s\u0103 o \u00eenchid\u0103, pentru \u201eun perimetru securizat\u201d. Un studiu trimis Prim\u0103riei Capitalei propune o solu\u021bie invers\u0103: eliminarea locurilor de parcare ale MAI - Buletin de Bucure\u0219ti<\/title>\n<meta name=\"description\" content=\"Pia\u021ba Revolu\u021biei nu va mai fi spa\u021biu public. Ministerul de Interne vrea s\u0103 o \u00eenchid\u0103, pentru \u201eun perimetru securizat\u201d.\" \/>\n<meta name=\"robots\" content=\"index, follow, max-snippet:-1, max-image-preview:large, max-video-preview:-1\" \/>\n<link rel=\"canonical\" href=\"https:\/\/buletin.de\/bucuresti\/piata-revolutiei-nu-va-mai-fi-spatiu-public-ministerul-de-interne-vrea-sa-o-inchida-pentru-un-perimetru-securizat-un-studiu-trimis-primariei-capitalei-propune-o-solutie-inversa-e\/\" \/>\n<meta property=\"og:locale\" content=\"en_GB\" \/>\n<meta property=\"og:type\" content=\"article\" \/>\n<meta property=\"og:title\" content=\"Pia\u021ba Revolu\u021biei nu va mai fi spa\u021biu public. Ministerul de Interne vrea s\u0103 o \u00eenchid\u0103, pentru \u201eun perimetru securizat\u201d. Un studiu trimis Prim\u0103riei Capitalei propune o solu\u021bie invers\u0103: eliminarea locurilor de parcare ale MAI\" \/>\n<meta property=\"og:description\" content=\"Pia\u021ba Revolu\u021biei nu va mai fi spa\u021biu public. Ministerul de Interne vrea s\u0103 o \u00eenchid\u0103, pentru \u201eun perimetru securizat\u201d.\" \/>\n<meta property=\"og:url\" content=\"https:\/\/buletin.de\/bucuresti\/piata-revolutiei-nu-va-mai-fi-spatiu-public-ministerul-de-interne-vrea-sa-o-inchida-pentru-un-perimetru-securizat-un-studiu-trimis-primariei-capitalei-propune-o-solutie-inversa-e\/\" \/>\n<meta property=\"og:site_name\" content=\"Buletin de Bucure\u0219ti\" \/>\n<meta property=\"article:publisher\" content=\"https:\/\/www.facebook.com\/buletin.de.buc\" \/>\n<meta property=\"article:published_time\" content=\"2025-07-29T07:52:55+00:00\" \/>\n<meta property=\"article:modified_time\" content=\"2025-07-30T15:25:42+00:00\" \/>\n<meta property=\"og:image\" content=\"https:\/\/buletin.de\/bucuresti\/wp-content\/uploads\/2025\/07\/Piatarevolutiei-1000x609.png\" \/>\n\t<meta property=\"og:image:width\" content=\"1000\" \/>\n\t<meta property=\"og:image:height\" content=\"609\" \/>\n\t<meta property=\"og:image:type\" content=\"image\/png\" \/>\n<meta name=\"author\" content=\"R\u0103zvan Chiru\u021b\u0103\" \/>\n<meta name=\"twitter:card\" content=\"summary_large_image\" \/>\n<meta name=\"twitter:label1\" content=\"Written by\" \/>\n\t<meta name=\"twitter:data1\" content=\"R\u0103zvan Chiru\u021b\u0103\" \/>\n\t<meta name=\"twitter:label2\" content=\"Estimated reading time\" \/>\n\t<meta name=\"twitter:data2\" content=\"6 minutes\" \/>\n<script type=\"application\/ld+json\" class=\"yoast-schema-graph\">{\"@context\":\"https:\\\/\\\/schema.org\",\"@graph\":[{\"@type\":\"Article\",\"@id\":\"https:\\\/\\\/buletin.de\\\/bucuresti\\\/piata-revolutiei-nu-va-mai-fi-spatiu-public-ministerul-de-interne-vrea-sa-o-inchida-pentru-un-perimetru-securizat-un-studiu-trimis-primariei-capitalei-propune-o-solutie-inversa-e\\\/#article\",\"isPartOf\":{\"@id\":\"https:\\\/\\\/buletin.de\\\/bucuresti\\\/piata-revolutiei-nu-va-mai-fi-spatiu-public-ministerul-de-interne-vrea-sa-o-inchida-pentru-un-perimetru-securizat-un-studiu-trimis-primariei-capitalei-propune-o-solutie-inversa-e\\\/\"},\"author\":{\"name\":\"R\u0103zvan Chiru\u021b\u0103\",\"@id\":\"https:\\\/\\\/buletin.de\\\/bucuresti\\\/#\\\/schema\\\/person\\\/a76df728dfc913795a9d90e346b253bb\"},\"headline\":\"Pia\u021ba Revolu\u021biei nu va mai fi spa\u021biu public. Ministerul de Interne vrea s\u0103 o \u00eenchid\u0103, pentru \u201eun perimetru securizat\u201d. Un studiu trimis Prim\u0103riei Capitalei propune o solu\u021bie invers\u0103: eliminarea locurilor de parcare ale MAI\",\"datePublished\":\"2025-07-29T07:52:55+00:00\",\"dateModified\":\"2025-07-30T15:25:42+00:00\",\"mainEntityOfPage\":{\"@id\":\"https:\\\/\\\/buletin.de\\\/bucuresti\\\/piata-revolutiei-nu-va-mai-fi-spatiu-public-ministerul-de-interne-vrea-sa-o-inchida-pentru-un-perimetru-securizat-un-studiu-trimis-primariei-capitalei-propune-o-solutie-inversa-e\\\/\"},\"wordCount\":1513,\"publisher\":{\"@id\":\"https:\\\/\\\/buletin.de\\\/bucuresti\\\/#organization\"},\"image\":{\"@id\":\"https:\\\/\\\/buletin.de\\\/bucuresti\\\/piata-revolutiei-nu-va-mai-fi-spatiu-public-ministerul-de-interne-vrea-sa-o-inchida-pentru-un-perimetru-securizat-un-studiu-trimis-primariei-capitalei-propune-o-solutie-inversa-e\\\/#primaryimage\"},\"thumbnailUrl\":\"https:\\\/\\\/buletin.de\\\/bucuresti\\\/wp-content\\\/uploads\\\/2025\\\/07\\\/Piatarevolutiei.png\",\"keywords\":[\"acces piata revolutiei\",\"ministerul de interne\",\"Pia\u021ba Revolu\u021biei\",\"spatiu public\"],\"articleSection\":[\"Articole\",\"Main\",\"Prim\u0103rie\"],\"inLanguage\":\"en-GB\",\"copyrightYear\":\"2025\",\"copyrightHolder\":{\"@id\":\"https:\\\/\\\/buletin.de\\\/bucuresti\\\/#organization\"}},{\"@type\":\"WebPage\",\"@id\":\"https:\\\/\\\/buletin.de\\\/bucuresti\\\/piata-revolutiei-nu-va-mai-fi-spatiu-public-ministerul-de-interne-vrea-sa-o-inchida-pentru-un-perimetru-securizat-un-studiu-trimis-primariei-capitalei-propune-o-solutie-inversa-e\\\/\",\"url\":\"https:\\\/\\\/buletin.de\\\/bucuresti\\\/piata-revolutiei-nu-va-mai-fi-spatiu-public-ministerul-de-interne-vrea-sa-o-inchida-pentru-un-perimetru-securizat-un-studiu-trimis-primariei-capitalei-propune-o-solutie-inversa-e\\\/\",\"name\":\"Pia\u021ba Revolu\u021biei nu va mai fi spa\u021biu public. Ministerul de Interne vrea s\u0103 o \u00eenchid\u0103, pentru \u201eun perimetru securizat\u201d. Un studiu trimis Prim\u0103riei Capitalei propune o solu\u021bie invers\u0103: eliminarea locurilor de parcare ale MAI - Buletin de Bucure\u0219ti\",\"isPartOf\":{\"@id\":\"https:\\\/\\\/buletin.de\\\/bucuresti\\\/#website\"},\"primaryImageOfPage\":{\"@id\":\"https:\\\/\\\/buletin.de\\\/bucuresti\\\/piata-revolutiei-nu-va-mai-fi-spatiu-public-ministerul-de-interne-vrea-sa-o-inchida-pentru-un-perimetru-securizat-un-studiu-trimis-primariei-capitalei-propune-o-solutie-inversa-e\\\/#primaryimage\"},\"image\":{\"@id\":\"https:\\\/\\\/buletin.de\\\/bucuresti\\\/piata-revolutiei-nu-va-mai-fi-spatiu-public-ministerul-de-interne-vrea-sa-o-inchida-pentru-un-perimetru-securizat-un-studiu-trimis-primariei-capitalei-propune-o-solutie-inversa-e\\\/#primaryimage\"},\"thumbnailUrl\":\"https:\\\/\\\/buletin.de\\\/bucuresti\\\/wp-content\\\/uploads\\\/2025\\\/07\\\/Piatarevolutiei.png\",\"datePublished\":\"2025-07-29T07:52:55+00:00\",\"dateModified\":\"2025-07-30T15:25:42+00:00\",\"description\":\"Pia\u021ba Revolu\u021biei nu va mai fi spa\u021biu public. Ministerul de Interne vrea s\u0103 o \u00eenchid\u0103, pentru \u201eun perimetru securizat\u201d.\",\"breadcrumb\":{\"@id\":\"https:\\\/\\\/buletin.de\\\/bucuresti\\\/piata-revolutiei-nu-va-mai-fi-spatiu-public-ministerul-de-interne-vrea-sa-o-inchida-pentru-un-perimetru-securizat-un-studiu-trimis-primariei-capitalei-propune-o-solutie-inversa-e\\\/#breadcrumb\"},\"inLanguage\":\"en-GB\",\"potentialAction\":[{\"@type\":\"ReadAction\",\"target\":[\"https:\\\/\\\/buletin.de\\\/bucuresti\\\/piata-revolutiei-nu-va-mai-fi-spatiu-public-ministerul-de-interne-vrea-sa-o-inchida-pentru-un-perimetru-securizat-un-studiu-trimis-primariei-capitalei-propune-o-solutie-inversa-e\\\/\"]}]},{\"@type\":\"ImageObject\",\"inLanguage\":\"en-GB\",\"@id\":\"https:\\\/\\\/buletin.de\\\/bucuresti\\\/piata-revolutiei-nu-va-mai-fi-spatiu-public-ministerul-de-interne-vrea-sa-o-inchida-pentru-un-perimetru-securizat-un-studiu-trimis-primariei-capitalei-propune-o-solutie-inversa-e\\\/#primaryimage\",\"url\":\"https:\\\/\\\/buletin.de\\\/bucuresti\\\/wp-content\\\/uploads\\\/2025\\\/07\\\/Piatarevolutiei.png\",\"contentUrl\":\"https:\\\/\\\/buletin.de\\\/bucuresti\\\/wp-content\\\/uploads\\\/2025\\\/07\\\/Piatarevolutiei.png\",\"width\":1786,\"height\":1088,\"caption\":\"Pia\u021ba Revolu\u021biei. Foto: Google Maps\"},{\"@type\":\"BreadcrumbList\",\"@id\":\"https:\\\/\\\/buletin.de\\\/bucuresti\\\/piata-revolutiei-nu-va-mai-fi-spatiu-public-ministerul-de-interne-vrea-sa-o-inchida-pentru-un-perimetru-securizat-un-studiu-trimis-primariei-capitalei-propune-o-solutie-inversa-e\\\/#breadcrumb\",\"itemListElement\":[{\"@type\":\"ListItem\",\"position\":1,\"name\":\"Acas\u0103\",\"item\":\"https:\\\/\\\/buletin.de\\\/bucuresti\\\/\"},{\"@type\":\"ListItem\",\"position\":2,\"name\":\"Pia\u021ba Revolu\u021biei nu va mai fi spa\u021biu public. Ministerul de Interne vrea s\u0103 o \u00eenchid\u0103, pentru \u201eun perimetru securizat\u201d. Un studiu trimis Prim\u0103riei Capitalei propune o solu\u021bie invers\u0103: eliminarea locurilor de parcare ale MAI\"}]},{\"@type\":\"WebSite\",\"@id\":\"https:\\\/\\\/buletin.de\\\/bucuresti\\\/#website\",\"url\":\"https:\\\/\\\/buletin.de\\\/bucuresti\\\/\",\"name\":\"Buletin de Bucure\u0219ti\",\"description\":\"\u0218tiri \u0219i investiga\u021bii esen\u021biale din capital\u0103\",\"publisher\":{\"@id\":\"https:\\\/\\\/buletin.de\\\/bucuresti\\\/#organization\"},\"potentialAction\":[{\"@type\":\"SearchAction\",\"target\":{\"@type\":\"EntryPoint\",\"urlTemplate\":\"https:\\\/\\\/buletin.de\\\/bucuresti\\\/?s={search_term_string}\"},\"query-input\":{\"@type\":\"PropertyValueSpecification\",\"valueRequired\":true,\"valueName\":\"search_term_string\"}}],\"inLanguage\":\"en-GB\"},{\"@type\":\"Organization\",\"@id\":\"https:\\\/\\\/buletin.de\\\/bucuresti\\\/#organization\",\"name\":\"Buletin de Bucure\u0219ti\",\"url\":\"https:\\\/\\\/buletin.de\\\/bucuresti\\\/\",\"logo\":{\"@type\":\"ImageObject\",\"inLanguage\":\"en-GB\",\"@id\":\"https:\\\/\\\/buletin.de\\\/bucuresti\\\/#\\\/schema\\\/logo\\\/image\\\/\",\"url\":\"https:\\\/\\\/buletin.de\\\/bucuresti\\\/wp-content\\\/uploads\\\/logo-bdb-full-wide-vernil-transparent.png\",\"contentUrl\":\"https:\\\/\\\/buletin.de\\\/bucuresti\\\/wp-content\\\/uploads\\\/logo-bdb-full-wide-vernil-transparent.png\",\"width\":1782,\"height\":626,\"caption\":\"Buletin de Bucure\u0219ti\"},\"image\":{\"@id\":\"https:\\\/\\\/buletin.de\\\/bucuresti\\\/#\\\/schema\\\/logo\\\/image\\\/\"},\"sameAs\":[\"https:\\\/\\\/www.facebook.com\\\/buletin.de.buc\",\"https:\\\/\\\/www.instagram.com\\\/buletinde.bucuresti\\\/\"]},{\"@type\":\"Person\",\"@id\":\"https:\\\/\\\/buletin.de\\\/bucuresti\\\/#\\\/schema\\\/person\\\/a76df728dfc913795a9d90e346b253bb\",\"name\":\"R\u0103zvan Chiru\u021b\u0103\",\"image\":{\"@type\":\"ImageObject\",\"inLanguage\":\"en-GB\",\"@id\":\"https:\\\/\\\/buletin.de\\\/bucuresti\\\/wp-content\\\/uploads\\\/Razvan-Chiruta-96x96.jpge7143b996fd4241fbd6ee1f6b6b7b267\",\"url\":\"https:\\\/\\\/buletin.de\\\/bucuresti\\\/wp-content\\\/uploads\\\/Razvan-Chiruta-96x96.jpg\",\"contentUrl\":\"https:\\\/\\\/buletin.de\\\/bucuresti\\\/wp-content\\\/uploads\\\/Razvan-Chiruta-96x96.jpg\",\"caption\":\"R\u0103zvan Chiru\u021b\u0103\"},\"description\":\"R\u0103zvan Chiru\u021b\u0103 este redactor-\u0219ef adjunct din iulie 2024. A fost redactor-\u0219ef al PRESShub \u00eentre 2022 \u0219i iunie 2024. Anterior, a fost redactor-\u0219ef al Newsweek Rom\u00e2nia, din 2018 p\u00e2n\u0103 \u00een 2021, \u0219i al cotidianului Rom\u00e2nia liber\u0103, \u00eentre 2015 \u0219i 2017. Este absolvent de Jurnalism, \u00een cadrul Universit\u0103\u021bii \u201eAl.I.Cuza\u201d din Ia\u0219i, \u0219i a urmat un master \u00een Managementul institu\u021biilor mass-media (f\u0103r\u0103 diserta\u021bie) la Facultatea de Jurnalism \u0219i \u0218tiin\u021bele Comunic\u0103rii din cadrul Universit\u0103\u021bii din Bucure\u0219ti. \u0218i-a \u00eenceput cariera la Opinia studen\u021beasc\u0103, cunoscuta \u0219coal\u0103 de pres\u0103 din Ia\u0219i. A lucrat \u00een presa local\u0103, apoi a devenit corespondent pentru Ia\u0219i al cotidianului Evenimentul Zilei. Din 2004, a coordonat pentru \u0219ase luni sec\u021bia de coresponden\u021bi a Evenimentului Zilei. A mai lucrat la s\u0103pt\u0103m\u00e2nalul Prezent \u0219i a colaborat cu revistele Dilema Veche \u0219i Suplimentul de Cultur\u0103. Este co-autor \u00een volumele \u201eMass-media \u0219i democra\u021bia \u00een Rom\u00e2nia post-comunist\u0103\u201d (ed. a II-a), Ed. Institutul European, Ia\u0219i, 2013, \u0219i \u201eCOVID - 19. Dimensiuni ale gestionarii pandemiei\u201d, Editura Junimea, Ia\u0219i, 2020.\",\"url\":\"https:\\\/\\\/buletin.de\\\/bucuresti\\\/author\\\/razvan-chiruta\\\/\"}]}<\/script>\n<!-- \/ Yoast SEO Premium plugin. -->","yoast_head_json":{"title":"Pia\u021ba Revolu\u021biei nu va mai fi spa\u021biu public. Ministerul de Interne vrea s\u0103 o \u00eenchid\u0103, pentru \u201eun perimetru securizat\u201d. Un studiu trimis Prim\u0103riei Capitalei propune o solu\u021bie invers\u0103: eliminarea locurilor de parcare ale MAI - Buletin de Bucure\u0219ti","description":"Pia\u021ba Revolu\u021biei nu va mai fi spa\u021biu public. Ministerul de Interne vrea s\u0103 o \u00eenchid\u0103, pentru \u201eun perimetru securizat\u201d.","robots":{"index":"index","follow":"follow","max-snippet":"max-snippet:-1","max-image-preview":"max-image-preview:large","max-video-preview":"max-video-preview:-1"},"canonical":"https:\/\/buletin.de\/bucuresti\/piata-revolutiei-nu-va-mai-fi-spatiu-public-ministerul-de-interne-vrea-sa-o-inchida-pentru-un-perimetru-securizat-un-studiu-trimis-primariei-capitalei-propune-o-solutie-inversa-e\/","og_locale":"en_GB","og_type":"article","og_title":"Pia\u021ba Revolu\u021biei nu va mai fi spa\u021biu public. Ministerul de Interne vrea s\u0103 o \u00eenchid\u0103, pentru \u201eun perimetru securizat\u201d. Un studiu trimis Prim\u0103riei Capitalei propune o solu\u021bie invers\u0103: eliminarea locurilor de parcare ale MAI","og_description":"Pia\u021ba Revolu\u021biei nu va mai fi spa\u021biu public. Ministerul de Interne vrea s\u0103 o \u00eenchid\u0103, pentru \u201eun perimetru securizat\u201d.","og_url":"https:\/\/buletin.de\/bucuresti\/piata-revolutiei-nu-va-mai-fi-spatiu-public-ministerul-de-interne-vrea-sa-o-inchida-pentru-un-perimetru-securizat-un-studiu-trimis-primariei-capitalei-propune-o-solutie-inversa-e\/","og_site_name":"Buletin de Bucure\u0219ti","article_publisher":"https:\/\/www.facebook.com\/buletin.de.buc","article_published_time":"2025-07-29T07:52:55+00:00","article_modified_time":"2025-07-30T15:25:42+00:00","og_image":[{"width":1000,"height":609,"url":"https:\/\/buletin.de\/bucuresti\/wp-content\/uploads\/2025\/07\/Piatarevolutiei-1000x609.png","type":"image\/png"}],"author":"R\u0103zvan Chiru\u021b\u0103","twitter_card":"summary_large_image","twitter_misc":{"Written by":"R\u0103zvan Chiru\u021b\u0103","Estimated reading time":"6 minutes"},"schema":{"@context":"https:\/\/schema.org","@graph":[{"@type":"Article","@id":"https:\/\/buletin.de\/bucuresti\/piata-revolutiei-nu-va-mai-fi-spatiu-public-ministerul-de-interne-vrea-sa-o-inchida-pentru-un-perimetru-securizat-un-studiu-trimis-primariei-capitalei-propune-o-solutie-inversa-e\/#article","isPartOf":{"@id":"https:\/\/buletin.de\/bucuresti\/piata-revolutiei-nu-va-mai-fi-spatiu-public-ministerul-de-interne-vrea-sa-o-inchida-pentru-un-perimetru-securizat-un-studiu-trimis-primariei-capitalei-propune-o-solutie-inversa-e\/"},"author":{"name":"R\u0103zvan Chiru\u021b\u0103","@id":"https:\/\/buletin.de\/bucuresti\/#\/schema\/person\/a76df728dfc913795a9d90e346b253bb"},"headline":"Pia\u021ba Revolu\u021biei nu va mai fi spa\u021biu public. Ministerul de Interne vrea s\u0103 o \u00eenchid\u0103, pentru \u201eun perimetru securizat\u201d. Un studiu trimis Prim\u0103riei Capitalei propune o solu\u021bie invers\u0103: eliminarea locurilor de parcare ale MAI","datePublished":"2025-07-29T07:52:55+00:00","dateModified":"2025-07-30T15:25:42+00:00","mainEntityOfPage":{"@id":"https:\/\/buletin.de\/bucuresti\/piata-revolutiei-nu-va-mai-fi-spatiu-public-ministerul-de-interne-vrea-sa-o-inchida-pentru-un-perimetru-securizat-un-studiu-trimis-primariei-capitalei-propune-o-solutie-inversa-e\/"},"wordCount":1513,"publisher":{"@id":"https:\/\/buletin.de\/bucuresti\/#organization"},"image":{"@id":"https:\/\/buletin.de\/bucuresti\/piata-revolutiei-nu-va-mai-fi-spatiu-public-ministerul-de-interne-vrea-sa-o-inchida-pentru-un-perimetru-securizat-un-studiu-trimis-primariei-capitalei-propune-o-solutie-inversa-e\/#primaryimage"},"thumbnailUrl":"https:\/\/buletin.de\/bucuresti\/wp-content\/uploads\/2025\/07\/Piatarevolutiei.png","keywords":["acces piata revolutiei","ministerul de interne","Pia\u021ba Revolu\u021biei","spatiu public"],"articleSection":["Articole","Main","Prim\u0103rie"],"inLanguage":"en-GB","copyrightYear":"2025","copyrightHolder":{"@id":"https:\/\/buletin.de\/bucuresti\/#organization"}},{"@type":"WebPage","@id":"https:\/\/buletin.de\/bucuresti\/piata-revolutiei-nu-va-mai-fi-spatiu-public-ministerul-de-interne-vrea-sa-o-inchida-pentru-un-perimetru-securizat-un-studiu-trimis-primariei-capitalei-propune-o-solutie-inversa-e\/","url":"https:\/\/buletin.de\/bucuresti\/piata-revolutiei-nu-va-mai-fi-spatiu-public-ministerul-de-interne-vrea-sa-o-inchida-pentru-un-perimetru-securizat-un-studiu-trimis-primariei-capitalei-propune-o-solutie-inversa-e\/","name":"Pia\u021ba Revolu\u021biei nu va mai fi spa\u021biu public. Ministerul de Interne vrea s\u0103 o \u00eenchid\u0103, pentru \u201eun perimetru securizat\u201d. Un studiu trimis Prim\u0103riei Capitalei propune o solu\u021bie invers\u0103: eliminarea locurilor de parcare ale MAI - Buletin de Bucure\u0219ti","isPartOf":{"@id":"https:\/\/buletin.de\/bucuresti\/#website"},"primaryImageOfPage":{"@id":"https:\/\/buletin.de\/bucuresti\/piata-revolutiei-nu-va-mai-fi-spatiu-public-ministerul-de-interne-vrea-sa-o-inchida-pentru-un-perimetru-securizat-un-studiu-trimis-primariei-capitalei-propune-o-solutie-inversa-e\/#primaryimage"},"image":{"@id":"https:\/\/buletin.de\/bucuresti\/piata-revolutiei-nu-va-mai-fi-spatiu-public-ministerul-de-interne-vrea-sa-o-inchida-pentru-un-perimetru-securizat-un-studiu-trimis-primariei-capitalei-propune-o-solutie-inversa-e\/#primaryimage"},"thumbnailUrl":"https:\/\/buletin.de\/bucuresti\/wp-content\/uploads\/2025\/07\/Piatarevolutiei.png","datePublished":"2025-07-29T07:52:55+00:00","dateModified":"2025-07-30T15:25:42+00:00","description":"Pia\u021ba Revolu\u021biei nu va mai fi spa\u021biu public. Ministerul de Interne vrea s\u0103 o \u00eenchid\u0103, pentru \u201eun perimetru securizat\u201d.","breadcrumb":{"@id":"https:\/\/buletin.de\/bucuresti\/piata-revolutiei-nu-va-mai-fi-spatiu-public-ministerul-de-interne-vrea-sa-o-inchida-pentru-un-perimetru-securizat-un-studiu-trimis-primariei-capitalei-propune-o-solutie-inversa-e\/#breadcrumb"},"inLanguage":"en-GB","potentialAction":[{"@type":"ReadAction","target":["https:\/\/buletin.de\/bucuresti\/piata-revolutiei-nu-va-mai-fi-spatiu-public-ministerul-de-interne-vrea-sa-o-inchida-pentru-un-perimetru-securizat-un-studiu-trimis-primariei-capitalei-propune-o-solutie-inversa-e\/"]}]},{"@type":"ImageObject","inLanguage":"en-GB","@id":"https:\/\/buletin.de\/bucuresti\/piata-revolutiei-nu-va-mai-fi-spatiu-public-ministerul-de-interne-vrea-sa-o-inchida-pentru-un-perimetru-securizat-un-studiu-trimis-primariei-capitalei-propune-o-solutie-inversa-e\/#primaryimage","url":"https:\/\/buletin.de\/bucuresti\/wp-content\/uploads\/2025\/07\/Piatarevolutiei.png","contentUrl":"https:\/\/buletin.de\/bucuresti\/wp-content\/uploads\/2025\/07\/Piatarevolutiei.png","width":1786,"height":1088,"caption":"Pia\u021ba Revolu\u021biei. Foto: Google Maps"},{"@type":"BreadcrumbList","@id":"https:\/\/buletin.de\/bucuresti\/piata-revolutiei-nu-va-mai-fi-spatiu-public-ministerul-de-interne-vrea-sa-o-inchida-pentru-un-perimetru-securizat-un-studiu-trimis-primariei-capitalei-propune-o-solutie-inversa-e\/#breadcrumb","itemListElement":[{"@type":"ListItem","position":1,"name":"Acas\u0103","item":"https:\/\/buletin.de\/bucuresti\/"},{"@type":"ListItem","position":2,"name":"Pia\u021ba Revolu\u021biei nu va mai fi spa\u021biu public. Ministerul de Interne vrea s\u0103 o \u00eenchid\u0103, pentru \u201eun perimetru securizat\u201d. Un studiu trimis Prim\u0103riei Capitalei propune o solu\u021bie invers\u0103: eliminarea locurilor de parcare ale MAI"}]},{"@type":"WebSite","@id":"https:\/\/buletin.de\/bucuresti\/#website","url":"https:\/\/buletin.de\/bucuresti\/","name":"Buletin de Bucure\u0219ti","description":"\u0218tiri \u0219i investiga\u021bii esen\u021biale din capital\u0103","publisher":{"@id":"https:\/\/buletin.de\/bucuresti\/#organization"},"potentialAction":[{"@type":"SearchAction","target":{"@type":"EntryPoint","urlTemplate":"https:\/\/buletin.de\/bucuresti\/?s={search_term_string}"},"query-input":{"@type":"PropertyValueSpecification","valueRequired":true,"valueName":"search_term_string"}}],"inLanguage":"en-GB"},{"@type":"Organization","@id":"https:\/\/buletin.de\/bucuresti\/#organization","name":"Buletin de Bucure\u0219ti","url":"https:\/\/buletin.de\/bucuresti\/","logo":{"@type":"ImageObject","inLanguage":"en-GB","@id":"https:\/\/buletin.de\/bucuresti\/#\/schema\/logo\/image\/","url":"https:\/\/buletin.de\/bucuresti\/wp-content\/uploads\/logo-bdb-full-wide-vernil-transparent.png","contentUrl":"https:\/\/buletin.de\/bucuresti\/wp-content\/uploads\/logo-bdb-full-wide-vernil-transparent.png","width":1782,"height":626,"caption":"Buletin de Bucure\u0219ti"},"image":{"@id":"https:\/\/buletin.de\/bucuresti\/#\/schema\/logo\/image\/"},"sameAs":["https:\/\/www.facebook.com\/buletin.de.buc","https:\/\/www.instagram.com\/buletinde.bucuresti\/"]},{"@type":"Person","@id":"https:\/\/buletin.de\/bucuresti\/#\/schema\/person\/a76df728dfc913795a9d90e346b253bb","name":"R\u0103zvan Chiru\u021b\u0103","image":{"@type":"ImageObject","inLanguage":"en-GB","@id":"https:\/\/buletin.de\/bucuresti\/wp-content\/uploads\/Razvan-Chiruta-96x96.jpge7143b996fd4241fbd6ee1f6b6b7b267","url":"https:\/\/buletin.de\/bucuresti\/wp-content\/uploads\/Razvan-Chiruta-96x96.jpg","contentUrl":"https:\/\/buletin.de\/bucuresti\/wp-content\/uploads\/Razvan-Chiruta-96x96.jpg","caption":"R\u0103zvan Chiru\u021b\u0103"},"description":"R\u0103zvan Chiru\u021b\u0103 este redactor-\u0219ef adjunct din iulie 2024. A fost redactor-\u0219ef al PRESShub \u00eentre 2022 \u0219i iunie 2024. Anterior, a fost redactor-\u0219ef al Newsweek Rom\u00e2nia, din 2018 p\u00e2n\u0103 \u00een 2021, \u0219i al cotidianului Rom\u00e2nia liber\u0103, \u00eentre 2015 \u0219i 2017. Este absolvent de Jurnalism, \u00een cadrul Universit\u0103\u021bii \u201eAl.I.Cuza\u201d din Ia\u0219i, \u0219i a urmat un master \u00een Managementul institu\u021biilor mass-media (f\u0103r\u0103 diserta\u021bie) la Facultatea de Jurnalism \u0219i \u0218tiin\u021bele Comunic\u0103rii din cadrul Universit\u0103\u021bii din Bucure\u0219ti. \u0218i-a \u00eenceput cariera la Opinia studen\u021beasc\u0103, cunoscuta \u0219coal\u0103 de pres\u0103 din Ia\u0219i. A lucrat \u00een presa local\u0103, apoi a devenit corespondent pentru Ia\u0219i al cotidianului Evenimentul Zilei. Din 2004, a coordonat pentru \u0219ase luni sec\u021bia de coresponden\u021bi a Evenimentului Zilei. A mai lucrat la s\u0103pt\u0103m\u00e2nalul Prezent \u0219i a colaborat cu revistele Dilema Veche \u0219i Suplimentul de Cultur\u0103. Este co-autor \u00een volumele \u201eMass-media \u0219i democra\u021bia \u00een Rom\u00e2nia post-comunist\u0103\u201d (ed. a II-a), Ed. Institutul European, Ia\u0219i, 2013, \u0219i \u201eCOVID - 19. Dimensiuni ale gestionarii pandemiei\u201d, Editura Junimea, Ia\u0219i, 2020.","url":"https:\/\/buletin.de\/bucuresti\/author\/razvan-chiruta\/"}]}},"authors":[{"term_id":22582,"user_id":60,"is_guest":0,"slug":"razvan-chiruta","display_name":"R\u0103zvan Chiru\u021b\u0103","avatar_url":"https:\/\/buletin.de\/bucuresti\/wp-content\/uploads\/Razvan-Chiruta-96x96.jpg","0":null,"1":"","2":"","3":"","4":"","5":"","6":"","7":"","8":""}],"_links":{"self":[{"href":"https:\/\/buletin.de\/bucuresti\/wp-json\/wp\/v2\/posts\/141307","targetHints":{"allow":["GET"]}}],"collection":[{"href":"https:\/\/buletin.de\/bucuresti\/wp-json\/wp\/v2\/posts"}],"about":[{"href":"https:\/\/buletin.de\/bucuresti\/wp-json\/wp\/v2\/types\/post"}],"author":[{"embeddable":true,"href":"https:\/\/buletin.de\/bucuresti\/wp-json\/wp\/v2\/users\/60"}],"replies":[{"embeddable":true,"href":"https:\/\/buletin.de\/bucuresti\/wp-json\/wp\/v2\/comments?post=141307"}],"version-history":[{"count":18,"href":"https:\/\/buletin.de\/bucuresti\/wp-json\/wp\/v2\/posts\/141307\/revisions"}],"predecessor-version":[{"id":141613,"href":"https:\/\/buletin.de\/bucuresti\/wp-json\/wp\/v2\/posts\/141307\/revisions\/141613"}],"wp:featuredmedia":[{"embeddable":true,"href":"https:\/\/buletin.de\/bucuresti\/wp-json\/wp\/v2\/media\/141312"}],"wp:attachment":[{"href":"https:\/\/buletin.de\/bucuresti\/wp-json\/wp\/v2\/media?parent=141307"}],"wp:term":[{"taxonomy":"category","embeddable":true,"href":"https:\/\/buletin.de\/bucuresti\/wp-json\/wp\/v2\/categories?post=141307"},{"taxonomy":"post_tag","embeddable":true,"href":"https:\/\/buletin.de\/bucuresti\/wp-json\/wp\/v2\/tags?post=141307"},{"taxonomy":"author","embeddable":true,"href":"https:\/\/buletin.de\/bucuresti\/wp-json\/wp\/v2\/ppma_author?post=141307"}],"curies":[{"name":"wp","href":"https:\/\/api.w.org\/{rel}","templated":true}]}}