{"id":14082,"date":"2020-10-21T11:13:44","date_gmt":"2020-10-21T08:13:44","guid":{"rendered":"https:\/\/buletin.de\/bucuresti\/?p=14082"},"modified":"2020-10-21T11:13:45","modified_gmt":"2020-10-21T08:13:45","slug":"daniel-baluta-a-depus-juramantul-de-investitura-va-asigur-ca-toate-proiectele-pe-care-le-am-inceput-le-vom-termina","status":"publish","type":"post","link":"https:\/\/buletin.de\/bucuresti\/daniel-baluta-a-depus-juramantul-de-investitura-va-asigur-ca-toate-proiectele-pe-care-le-am-inceput-le-vom-termina\/","title":{"rendered":"Daniel B\u0103lu\u021b\u0103 a depus jur\u0103m\u00e2ntul de investitur\u0103: \u201eV\u0103 asigur c\u0103 toate proiectele pe care le-am \u00eenceput le vom termina\u201d"},"content":{"rendered":"\n<p><strong>Primarul Sectorului 4, Daniel B\u0103lu\u021b\u0103, a depus ast\u0103zi jur\u0103m\u00e2ntul de \u00eenvestitur\u0103 pentru noul mandat c\u00e2\u0219tigat pe 27 septembrie. El a mul\u021bumit cet\u0103\u021benilor care l-au votat, familiei \u0219i echipei administrative.<\/strong><\/p>\n\n\n\n<p>\u201e\u00cen primul r\u00e2nd ast\u0103zi e cel mai important sa fim s\u0103n\u0103to\u0219i \u0219i sunt convins c\u0103 \u00eempreun\u0103, at\u00e2t Consiliul Local \u0219i aparatul prim\u0103riei vom lua m\u0103surile necesare pentru a limita extinderea acestei epidemii de coronavirus. [\u2026] V\u0103 asigur c\u0103 toate proiectele pe care le-am \u00eenceput le vom termina. Vom termina Clinica Universitar\u0103 de Stomatologie. Vom avea cu siguran\u021b\u0103 \u00een sectorul 4 o noua sta\u021bie de metrou. Vom realiza \u00een principu toate lucrurile pe care le-am promis \u00een aceast\u0103 campanie electoral\u0103.\u201d<\/p>\n\n\n\n<p>Daniel B\u0103lu\u021b\u0103 a sus\u021binut c\u0103 \u00eempreun\u0103, indiferent de apartenen\u021ba politic\u0103, vor putea realiza ceea ce doresc cet\u0103\u021benii. El a declarat c\u0103 e convins c\u0103 va fi unul dintre cele mai performante consilii locale.<\/p>\n\n\n\n<iframe src=\"https:\/\/www.facebook.com\/plugins\/video.php?height=314&amp;href=https%3A%2F%2Fwww.facebook.com%2Fdanielbalutaprimar%2Fvideos%2F668400980478105%2F&amp;show_text=false&amp;width=560\" width=\"560\" height=\"314\" style=\"border:none;overflow:hidden\" scrolling=\"no\" frameborder=\"0\" allowtransparency=\"true\" allow=\"encrypted-media\" allowfullscreen=\"true\"><\/iframe>\n","protected":false},"excerpt":{"rendered":"<p>Primarul Sectorului 4, Daniel B\u0103lu\u021b\u0103, a depus ast\u0103zi jur\u0103m\u00e2ntul de \u00eenvestitur\u0103 pentru noul mandat c\u00e2\u0219tigat pe 27 septembrie. El a mul\u021bumit cet\u0103\u021benilor care l-au votat, familiei \u0219i echipei administrative. \u201e\u00cen primul r\u00e2nd ast\u0103zi e cel mai important sa fim s\u0103n\u0103to\u0219i \u0219i sunt convins c\u0103 \u00eempreun\u0103, at\u00e2t Consiliul Local \u0219i aparatul prim\u0103riei vom lua m\u0103surile necesare [&hellip;]<\/p>\n","protected":false},"author":6,"featured_media":14083,"comment_status":"closed","ping_status":"open","sticky":false,"template":"","format":"standard","meta":{"_acf_changed":false,"inline_featured_image":false,"ngg_post_thumbnail":0,"footnotes":""},"categories":[1],"tags":[1204,765],"ppma_author":[22588],"class_list":["post-14082","post","type-post","status-publish","format-standard","has-post-thumbnail","hentry","category-diverse","tag-daniel-baluta","tag-sector-4"],"acf":[],"yoast_head":"<!-- This site is optimized with the Yoast SEO Premium plugin v25.3 (Yoast SEO v27.5) - https:\/\/yoast.com\/product\/yoast-seo-premium-wordpress\/ -->\n<title>Daniel B\u0103lu\u021b\u0103 a depus jur\u0103m\u00e2ntul de investitur\u0103: \u201eV\u0103 asigur c\u0103 toate proiectele pe care le-am \u00eenceput le vom termina\u201d - Buletin de Bucure\u0219ti<\/title>\n<meta name=\"robots\" content=\"index, follow, max-snippet:-1, max-image-preview:large, max-video-preview:-1\" \/>\n<link rel=\"canonical\" href=\"https:\/\/buletin.de\/bucuresti\/daniel-baluta-a-depus-juramantul-de-investitura-va-asigur-ca-toate-proiectele-pe-care-le-am-inceput-le-vom-termina\/\" \/>\n<meta property=\"og:locale\" content=\"en_GB\" \/>\n<meta property=\"og:type\" content=\"article\" \/>\n<meta property=\"og:title\" content=\"Daniel B\u0103lu\u021b\u0103 a depus jur\u0103m\u00e2ntul de investitur\u0103: \u201eV\u0103 asigur c\u0103 toate proiectele pe care le-am \u00eenceput le vom termina\u201d\" \/>\n<meta property=\"og:description\" content=\"Primarul Sectorului 4, Daniel B\u0103lu\u021b\u0103, a depus ast\u0103zi jur\u0103m\u00e2ntul de \u00eenvestitur\u0103 pentru noul mandat c\u00e2\u0219tigat pe 27 septembrie. El a mul\u021bumit cet\u0103\u021benilor care l-au votat, familiei \u0219i echipei administrative. \u201e\u00cen primul r\u00e2nd ast\u0103zi e cel mai important sa fim s\u0103n\u0103to\u0219i \u0219i sunt convins c\u0103 \u00eempreun\u0103, at\u00e2t Consiliul Local \u0219i aparatul prim\u0103riei vom lua m\u0103surile necesare [&hellip;]\" \/>\n<meta property=\"og:url\" content=\"https:\/\/buletin.de\/bucuresti\/daniel-baluta-a-depus-juramantul-de-investitura-va-asigur-ca-toate-proiectele-pe-care-le-am-inceput-le-vom-termina\/\" \/>\n<meta property=\"og:site_name\" content=\"Buletin de Bucure\u0219ti\" \/>\n<meta property=\"article:publisher\" content=\"https:\/\/www.facebook.com\/buletin.de.buc\" \/>\n<meta property=\"article:published_time\" content=\"2020-10-21T08:13:44+00:00\" \/>\n<meta property=\"article:modified_time\" content=\"2020-10-21T08:13:45+00:00\" \/>\n<meta property=\"og:image\" content=\"https:\/\/buletin.de\/bucuresti\/wp-content\/uploads\/Screenshot_1-37.png\" \/>\n\t<meta property=\"og:image:width\" content=\"1208\" \/>\n\t<meta property=\"og:image:height\" content=\"797\" \/>\n\t<meta property=\"og:image:type\" content=\"image\/png\" \/>\n<meta name=\"author\" content=\"Bianca Albu\" \/>\n<meta name=\"twitter:card\" content=\"summary_large_image\" \/>\n<meta name=\"twitter:label1\" content=\"Written by\" \/>\n\t<meta name=\"twitter:data1\" content=\"Bianca Albu\" \/>\n\t<meta name=\"twitter:label2\" content=\"Estimated reading time\" \/>\n\t<meta name=\"twitter:data2\" content=\"1 minute\" \/>\n<script type=\"application\/ld+json\" class=\"yoast-schema-graph\">{\"@context\":\"https:\\\/\\\/schema.org\",\"@graph\":[{\"@type\":\"Article\",\"@id\":\"https:\\\/\\\/buletin.de\\\/bucuresti\\\/daniel-baluta-a-depus-juramantul-de-investitura-va-asigur-ca-toate-proiectele-pe-care-le-am-inceput-le-vom-termina\\\/#article\",\"isPartOf\":{\"@id\":\"https:\\\/\\\/buletin.de\\\/bucuresti\\\/daniel-baluta-a-depus-juramantul-de-investitura-va-asigur-ca-toate-proiectele-pe-care-le-am-inceput-le-vom-termina\\\/\"},\"author\":{\"name\":\"Bianca Albu\",\"@id\":\"https:\\\/\\\/buletin.de\\\/bucuresti\\\/#\\\/schema\\\/person\\\/295dc2228d2dc79294d636619468dc7f\"},\"headline\":\"Daniel B\u0103lu\u021b\u0103 a depus jur\u0103m\u00e2ntul de investitur\u0103: \u201eV\u0103 asigur c\u0103 toate proiectele pe care le-am \u00eenceput le vom termina\u201d\",\"datePublished\":\"2020-10-21T08:13:44+00:00\",\"dateModified\":\"2020-10-21T08:13:45+00:00\",\"mainEntityOfPage\":{\"@id\":\"https:\\\/\\\/buletin.de\\\/bucuresti\\\/daniel-baluta-a-depus-juramantul-de-investitura-va-asigur-ca-toate-proiectele-pe-care-le-am-inceput-le-vom-termina\\\/\"},\"wordCount\":179,\"publisher\":{\"@id\":\"https:\\\/\\\/buletin.de\\\/bucuresti\\\/#organization\"},\"image\":{\"@id\":\"https:\\\/\\\/buletin.de\\\/bucuresti\\\/daniel-baluta-a-depus-juramantul-de-investitura-va-asigur-ca-toate-proiectele-pe-care-le-am-inceput-le-vom-termina\\\/#primaryimage\"},\"thumbnailUrl\":\"https:\\\/\\\/buletin.de\\\/bucuresti\\\/wp-content\\\/uploads\\\/Screenshot_1-37.png\",\"keywords\":[\"daniel baluta\",\"Sector 4\"],\"articleSection\":[\"Diverse\"],\"inLanguage\":\"en-GB\",\"copyrightYear\":\"2020\",\"copyrightHolder\":{\"@id\":\"https:\\\/\\\/buletin.de\\\/bucuresti\\\/#organization\"}},{\"@type\":\"WebPage\",\"@id\":\"https:\\\/\\\/buletin.de\\\/bucuresti\\\/daniel-baluta-a-depus-juramantul-de-investitura-va-asigur-ca-toate-proiectele-pe-care-le-am-inceput-le-vom-termina\\\/\",\"url\":\"https:\\\/\\\/buletin.de\\\/bucuresti\\\/daniel-baluta-a-depus-juramantul-de-investitura-va-asigur-ca-toate-proiectele-pe-care-le-am-inceput-le-vom-termina\\\/\",\"name\":\"Daniel B\u0103lu\u021b\u0103 a depus jur\u0103m\u00e2ntul de investitur\u0103: \u201eV\u0103 asigur c\u0103 toate proiectele pe care le-am \u00eenceput le vom termina\u201d - Buletin de Bucure\u0219ti\",\"isPartOf\":{\"@id\":\"https:\\\/\\\/buletin.de\\\/bucuresti\\\/#website\"},\"primaryImageOfPage\":{\"@id\":\"https:\\\/\\\/buletin.de\\\/bucuresti\\\/daniel-baluta-a-depus-juramantul-de-investitura-va-asigur-ca-toate-proiectele-pe-care-le-am-inceput-le-vom-termina\\\/#primaryimage\"},\"image\":{\"@id\":\"https:\\\/\\\/buletin.de\\\/bucuresti\\\/daniel-baluta-a-depus-juramantul-de-investitura-va-asigur-ca-toate-proiectele-pe-care-le-am-inceput-le-vom-termina\\\/#primaryimage\"},\"thumbnailUrl\":\"https:\\\/\\\/buletin.de\\\/bucuresti\\\/wp-content\\\/uploads\\\/Screenshot_1-37.png\",\"datePublished\":\"2020-10-21T08:13:44+00:00\",\"dateModified\":\"2020-10-21T08:13:45+00:00\",\"breadcrumb\":{\"@id\":\"https:\\\/\\\/buletin.de\\\/bucuresti\\\/daniel-baluta-a-depus-juramantul-de-investitura-va-asigur-ca-toate-proiectele-pe-care-le-am-inceput-le-vom-termina\\\/#breadcrumb\"},\"inLanguage\":\"en-GB\",\"potentialAction\":[{\"@type\":\"ReadAction\",\"target\":[\"https:\\\/\\\/buletin.de\\\/bucuresti\\\/daniel-baluta-a-depus-juramantul-de-investitura-va-asigur-ca-toate-proiectele-pe-care-le-am-inceput-le-vom-termina\\\/\"]}]},{\"@type\":\"ImageObject\",\"inLanguage\":\"en-GB\",\"@id\":\"https:\\\/\\\/buletin.de\\\/bucuresti\\\/daniel-baluta-a-depus-juramantul-de-investitura-va-asigur-ca-toate-proiectele-pe-care-le-am-inceput-le-vom-termina\\\/#primaryimage\",\"url\":\"https:\\\/\\\/buletin.de\\\/bucuresti\\\/wp-content\\\/uploads\\\/Screenshot_1-37.png\",\"contentUrl\":\"https:\\\/\\\/buletin.de\\\/bucuresti\\\/wp-content\\\/uploads\\\/Screenshot_1-37.png\",\"width\":1208,\"height\":797},{\"@type\":\"BreadcrumbList\",\"@id\":\"https:\\\/\\\/buletin.de\\\/bucuresti\\\/daniel-baluta-a-depus-juramantul-de-investitura-va-asigur-ca-toate-proiectele-pe-care-le-am-inceput-le-vom-termina\\\/#breadcrumb\",\"itemListElement\":[{\"@type\":\"ListItem\",\"position\":1,\"name\":\"Acas\u0103\",\"item\":\"https:\\\/\\\/buletin.de\\\/bucuresti\\\/\"},{\"@type\":\"ListItem\",\"position\":2,\"name\":\"Daniel B\u0103lu\u021b\u0103 a depus jur\u0103m\u00e2ntul de investitur\u0103: \u201eV\u0103 asigur c\u0103 toate proiectele pe care le-am \u00eenceput le vom termina\u201d\"}]},{\"@type\":\"WebSite\",\"@id\":\"https:\\\/\\\/buletin.de\\\/bucuresti\\\/#website\",\"url\":\"https:\\\/\\\/buletin.de\\\/bucuresti\\\/\",\"name\":\"Buletin de Bucure\u0219ti\",\"description\":\"\u0218tiri \u0219i investiga\u021bii esen\u021biale din capital\u0103\",\"publisher\":{\"@id\":\"https:\\\/\\\/buletin.de\\\/bucuresti\\\/#organization\"},\"potentialAction\":[{\"@type\":\"SearchAction\",\"target\":{\"@type\":\"EntryPoint\",\"urlTemplate\":\"https:\\\/\\\/buletin.de\\\/bucuresti\\\/?s={search_term_string}\"},\"query-input\":{\"@type\":\"PropertyValueSpecification\",\"valueRequired\":true,\"valueName\":\"search_term_string\"}}],\"inLanguage\":\"en-GB\"},{\"@type\":\"Organization\",\"@id\":\"https:\\\/\\\/buletin.de\\\/bucuresti\\\/#organization\",\"name\":\"Buletin de Bucure\u0219ti\",\"url\":\"https:\\\/\\\/buletin.de\\\/bucuresti\\\/\",\"logo\":{\"@type\":\"ImageObject\",\"inLanguage\":\"en-GB\",\"@id\":\"https:\\\/\\\/buletin.de\\\/bucuresti\\\/#\\\/schema\\\/logo\\\/image\\\/\",\"url\":\"https:\\\/\\\/buletin.de\\\/bucuresti\\\/wp-content\\\/uploads\\\/logo-bdb-full-wide-vernil-transparent.png\",\"contentUrl\":\"https:\\\/\\\/buletin.de\\\/bucuresti\\\/wp-content\\\/uploads\\\/logo-bdb-full-wide-vernil-transparent.png\",\"width\":1782,\"height\":626,\"caption\":\"Buletin de Bucure\u0219ti\"},\"image\":{\"@id\":\"https:\\\/\\\/buletin.de\\\/bucuresti\\\/#\\\/schema\\\/logo\\\/image\\\/\"},\"sameAs\":[\"https:\\\/\\\/www.facebook.com\\\/buletin.de.buc\",\"https:\\\/\\\/www.instagram.com\\\/buletinde.bucuresti\\\/\"]},{\"@type\":\"Person\",\"@id\":\"https:\\\/\\\/buletin.de\\\/bucuresti\\\/#\\\/schema\\\/person\\\/295dc2228d2dc79294d636619468dc7f\",\"name\":\"Bianca Albu\",\"image\":{\"@type\":\"ImageObject\",\"inLanguage\":\"en-GB\",\"@id\":\"https:\\\/\\\/secure.gravatar.com\\\/avatar\\\/3df2e34e20f529e6fd7be4311ee1f7c4ec4aa886971590baf6fa214b15743516?s=96&d=monsterid&r=gf541c715eeec409ce8101252a3c0d8a7\",\"url\":\"https:\\\/\\\/secure.gravatar.com\\\/avatar\\\/3df2e34e20f529e6fd7be4311ee1f7c4ec4aa886971590baf6fa214b15743516?s=96&d=monsterid&r=g\",\"contentUrl\":\"https:\\\/\\\/secure.gravatar.com\\\/avatar\\\/3df2e34e20f529e6fd7be4311ee1f7c4ec4aa886971590baf6fa214b15743516?s=96&d=monsterid&r=g\",\"caption\":\"Bianca Albu\"},\"description\":\"Reporter\",\"url\":\"https:\\\/\\\/buletin.de\\\/bucuresti\\\/author\\\/biancaalbu\\\/\"}]}<\/script>\n<!-- \/ Yoast SEO Premium plugin. -->","yoast_head_json":{"title":"Daniel B\u0103lu\u021b\u0103 a depus jur\u0103m\u00e2ntul de investitur\u0103: \u201eV\u0103 asigur c\u0103 toate proiectele pe care le-am \u00eenceput le vom termina\u201d - Buletin de Bucure\u0219ti","robots":{"index":"index","follow":"follow","max-snippet":"max-snippet:-1","max-image-preview":"max-image-preview:large","max-video-preview":"max-video-preview:-1"},"canonical":"https:\/\/buletin.de\/bucuresti\/daniel-baluta-a-depus-juramantul-de-investitura-va-asigur-ca-toate-proiectele-pe-care-le-am-inceput-le-vom-termina\/","og_locale":"en_GB","og_type":"article","og_title":"Daniel B\u0103lu\u021b\u0103 a depus jur\u0103m\u00e2ntul de investitur\u0103: \u201eV\u0103 asigur c\u0103 toate proiectele pe care le-am \u00eenceput le vom termina\u201d","og_description":"Primarul Sectorului 4, Daniel B\u0103lu\u021b\u0103, a depus ast\u0103zi jur\u0103m\u00e2ntul de \u00eenvestitur\u0103 pentru noul mandat c\u00e2\u0219tigat pe 27 septembrie. El a mul\u021bumit cet\u0103\u021benilor care l-au votat, familiei \u0219i echipei administrative. \u201e\u00cen primul r\u00e2nd ast\u0103zi e cel mai important sa fim s\u0103n\u0103to\u0219i \u0219i sunt convins c\u0103 \u00eempreun\u0103, at\u00e2t Consiliul Local \u0219i aparatul prim\u0103riei vom lua m\u0103surile necesare [&hellip;]","og_url":"https:\/\/buletin.de\/bucuresti\/daniel-baluta-a-depus-juramantul-de-investitura-va-asigur-ca-toate-proiectele-pe-care-le-am-inceput-le-vom-termina\/","og_site_name":"Buletin de Bucure\u0219ti","article_publisher":"https:\/\/www.facebook.com\/buletin.de.buc","article_published_time":"2020-10-21T08:13:44+00:00","article_modified_time":"2020-10-21T08:13:45+00:00","og_image":[{"width":1208,"height":797,"url":"https:\/\/buletin.de\/bucuresti\/wp-content\/uploads\/Screenshot_1-37.png","type":"image\/png"}],"author":"Bianca Albu","twitter_card":"summary_large_image","twitter_misc":{"Written by":"Bianca Albu","Estimated reading time":"1 minute"},"schema":{"@context":"https:\/\/schema.org","@graph":[{"@type":"Article","@id":"https:\/\/buletin.de\/bucuresti\/daniel-baluta-a-depus-juramantul-de-investitura-va-asigur-ca-toate-proiectele-pe-care-le-am-inceput-le-vom-termina\/#article","isPartOf":{"@id":"https:\/\/buletin.de\/bucuresti\/daniel-baluta-a-depus-juramantul-de-investitura-va-asigur-ca-toate-proiectele-pe-care-le-am-inceput-le-vom-termina\/"},"author":{"name":"Bianca Albu","@id":"https:\/\/buletin.de\/bucuresti\/#\/schema\/person\/295dc2228d2dc79294d636619468dc7f"},"headline":"Daniel B\u0103lu\u021b\u0103 a depus jur\u0103m\u00e2ntul de investitur\u0103: \u201eV\u0103 asigur c\u0103 toate proiectele pe care le-am \u00eenceput le vom termina\u201d","datePublished":"2020-10-21T08:13:44+00:00","dateModified":"2020-10-21T08:13:45+00:00","mainEntityOfPage":{"@id":"https:\/\/buletin.de\/bucuresti\/daniel-baluta-a-depus-juramantul-de-investitura-va-asigur-ca-toate-proiectele-pe-care-le-am-inceput-le-vom-termina\/"},"wordCount":179,"publisher":{"@id":"https:\/\/buletin.de\/bucuresti\/#organization"},"image":{"@id":"https:\/\/buletin.de\/bucuresti\/daniel-baluta-a-depus-juramantul-de-investitura-va-asigur-ca-toate-proiectele-pe-care-le-am-inceput-le-vom-termina\/#primaryimage"},"thumbnailUrl":"https:\/\/buletin.de\/bucuresti\/wp-content\/uploads\/Screenshot_1-37.png","keywords":["daniel baluta","Sector 4"],"articleSection":["Diverse"],"inLanguage":"en-GB","copyrightYear":"2020","copyrightHolder":{"@id":"https:\/\/buletin.de\/bucuresti\/#organization"}},{"@type":"WebPage","@id":"https:\/\/buletin.de\/bucuresti\/daniel-baluta-a-depus-juramantul-de-investitura-va-asigur-ca-toate-proiectele-pe-care-le-am-inceput-le-vom-termina\/","url":"https:\/\/buletin.de\/bucuresti\/daniel-baluta-a-depus-juramantul-de-investitura-va-asigur-ca-toate-proiectele-pe-care-le-am-inceput-le-vom-termina\/","name":"Daniel B\u0103lu\u021b\u0103 a depus jur\u0103m\u00e2ntul de investitur\u0103: \u201eV\u0103 asigur c\u0103 toate proiectele pe care le-am \u00eenceput le vom termina\u201d - Buletin de Bucure\u0219ti","isPartOf":{"@id":"https:\/\/buletin.de\/bucuresti\/#website"},"primaryImageOfPage":{"@id":"https:\/\/buletin.de\/bucuresti\/daniel-baluta-a-depus-juramantul-de-investitura-va-asigur-ca-toate-proiectele-pe-care-le-am-inceput-le-vom-termina\/#primaryimage"},"image":{"@id":"https:\/\/buletin.de\/bucuresti\/daniel-baluta-a-depus-juramantul-de-investitura-va-asigur-ca-toate-proiectele-pe-care-le-am-inceput-le-vom-termina\/#primaryimage"},"thumbnailUrl":"https:\/\/buletin.de\/bucuresti\/wp-content\/uploads\/Screenshot_1-37.png","datePublished":"2020-10-21T08:13:44+00:00","dateModified":"2020-10-21T08:13:45+00:00","breadcrumb":{"@id":"https:\/\/buletin.de\/bucuresti\/daniel-baluta-a-depus-juramantul-de-investitura-va-asigur-ca-toate-proiectele-pe-care-le-am-inceput-le-vom-termina\/#breadcrumb"},"inLanguage":"en-GB","potentialAction":[{"@type":"ReadAction","target":["https:\/\/buletin.de\/bucuresti\/daniel-baluta-a-depus-juramantul-de-investitura-va-asigur-ca-toate-proiectele-pe-care-le-am-inceput-le-vom-termina\/"]}]},{"@type":"ImageObject","inLanguage":"en-GB","@id":"https:\/\/buletin.de\/bucuresti\/daniel-baluta-a-depus-juramantul-de-investitura-va-asigur-ca-toate-proiectele-pe-care-le-am-inceput-le-vom-termina\/#primaryimage","url":"https:\/\/buletin.de\/bucuresti\/wp-content\/uploads\/Screenshot_1-37.png","contentUrl":"https:\/\/buletin.de\/bucuresti\/wp-content\/uploads\/Screenshot_1-37.png","width":1208,"height":797},{"@type":"BreadcrumbList","@id":"https:\/\/buletin.de\/bucuresti\/daniel-baluta-a-depus-juramantul-de-investitura-va-asigur-ca-toate-proiectele-pe-care-le-am-inceput-le-vom-termina\/#breadcrumb","itemListElement":[{"@type":"ListItem","position":1,"name":"Acas\u0103","item":"https:\/\/buletin.de\/bucuresti\/"},{"@type":"ListItem","position":2,"name":"Daniel B\u0103lu\u021b\u0103 a depus jur\u0103m\u00e2ntul de investitur\u0103: \u201eV\u0103 asigur c\u0103 toate proiectele pe care le-am \u00eenceput le vom termina\u201d"}]},{"@type":"WebSite","@id":"https:\/\/buletin.de\/bucuresti\/#website","url":"https:\/\/buletin.de\/bucuresti\/","name":"Buletin de Bucure\u0219ti","description":"\u0218tiri \u0219i investiga\u021bii esen\u021biale din capital\u0103","publisher":{"@id":"https:\/\/buletin.de\/bucuresti\/#organization"},"potentialAction":[{"@type":"SearchAction","target":{"@type":"EntryPoint","urlTemplate":"https:\/\/buletin.de\/bucuresti\/?s={search_term_string}"},"query-input":{"@type":"PropertyValueSpecification","valueRequired":true,"valueName":"search_term_string"}}],"inLanguage":"en-GB"},{"@type":"Organization","@id":"https:\/\/buletin.de\/bucuresti\/#organization","name":"Buletin de Bucure\u0219ti","url":"https:\/\/buletin.de\/bucuresti\/","logo":{"@type":"ImageObject","inLanguage":"en-GB","@id":"https:\/\/buletin.de\/bucuresti\/#\/schema\/logo\/image\/","url":"https:\/\/buletin.de\/bucuresti\/wp-content\/uploads\/logo-bdb-full-wide-vernil-transparent.png","contentUrl":"https:\/\/buletin.de\/bucuresti\/wp-content\/uploads\/logo-bdb-full-wide-vernil-transparent.png","width":1782,"height":626,"caption":"Buletin de Bucure\u0219ti"},"image":{"@id":"https:\/\/buletin.de\/bucuresti\/#\/schema\/logo\/image\/"},"sameAs":["https:\/\/www.facebook.com\/buletin.de.buc","https:\/\/www.instagram.com\/buletinde.bucuresti\/"]},{"@type":"Person","@id":"https:\/\/buletin.de\/bucuresti\/#\/schema\/person\/295dc2228d2dc79294d636619468dc7f","name":"Bianca Albu","image":{"@type":"ImageObject","inLanguage":"en-GB","@id":"https:\/\/secure.gravatar.com\/avatar\/3df2e34e20f529e6fd7be4311ee1f7c4ec4aa886971590baf6fa214b15743516?s=96&d=monsterid&r=gf541c715eeec409ce8101252a3c0d8a7","url":"https:\/\/secure.gravatar.com\/avatar\/3df2e34e20f529e6fd7be4311ee1f7c4ec4aa886971590baf6fa214b15743516?s=96&d=monsterid&r=g","contentUrl":"https:\/\/secure.gravatar.com\/avatar\/3df2e34e20f529e6fd7be4311ee1f7c4ec4aa886971590baf6fa214b15743516?s=96&d=monsterid&r=g","caption":"Bianca Albu"},"description":"Reporter","url":"https:\/\/buletin.de\/bucuresti\/author\/biancaalbu\/"}]}},"authors":[{"term_id":22588,"user_id":6,"is_guest":0,"slug":"biancaalbu","display_name":"Bianca Albu","avatar_url":"https:\/\/secure.gravatar.com\/avatar\/3df2e34e20f529e6fd7be4311ee1f7c4ec4aa886971590baf6fa214b15743516?s=96&d=monsterid&r=g","0":null,"1":"","2":"","3":"","4":"","5":"","6":"","7":"","8":""}],"_links":{"self":[{"href":"https:\/\/buletin.de\/bucuresti\/wp-json\/wp\/v2\/posts\/14082","targetHints":{"allow":["GET"]}}],"collection":[{"href":"https:\/\/buletin.de\/bucuresti\/wp-json\/wp\/v2\/posts"}],"about":[{"href":"https:\/\/buletin.de\/bucuresti\/wp-json\/wp\/v2\/types\/post"}],"author":[{"embeddable":true,"href":"https:\/\/buletin.de\/bucuresti\/wp-json\/wp\/v2\/users\/6"}],"replies":[{"embeddable":true,"href":"https:\/\/buletin.de\/bucuresti\/wp-json\/wp\/v2\/comments?post=14082"}],"version-history":[{"count":3,"href":"https:\/\/buletin.de\/bucuresti\/wp-json\/wp\/v2\/posts\/14082\/revisions"}],"predecessor-version":[{"id":14086,"href":"https:\/\/buletin.de\/bucuresti\/wp-json\/wp\/v2\/posts\/14082\/revisions\/14086"}],"wp:featuredmedia":[{"embeddable":true,"href":"https:\/\/buletin.de\/bucuresti\/wp-json\/wp\/v2\/media\/14083"}],"wp:attachment":[{"href":"https:\/\/buletin.de\/bucuresti\/wp-json\/wp\/v2\/media?parent=14082"}],"wp:term":[{"taxonomy":"category","embeddable":true,"href":"https:\/\/buletin.de\/bucuresti\/wp-json\/wp\/v2\/categories?post=14082"},{"taxonomy":"post_tag","embeddable":true,"href":"https:\/\/buletin.de\/bucuresti\/wp-json\/wp\/v2\/tags?post=14082"},{"taxonomy":"author","embeddable":true,"href":"https:\/\/buletin.de\/bucuresti\/wp-json\/wp\/v2\/ppma_author?post=14082"}],"curies":[{"name":"wp","href":"https:\/\/api.w.org\/{rel}","templated":true}]}}