{"id":140671,"date":"2025-07-24T19:32:43","date_gmt":"2025-07-24T16:32:43","guid":{"rendered":"https:\/\/buletin.de\/bucuresti\/?p=140671"},"modified":"2025-07-30T14:04:42","modified_gmt":"2025-07-30T11:04:42","slug":"festivalul-disparut-din-capitalai-ce-spun-primaria-capitalei-si-isu-despre-saga-2025-in-timp-ce-reprezentantii-sunt-de-negasit","status":"publish","type":"post","link":"https:\/\/buletin.de\/bucuresti\/festivalul-disparut-din-capitalai-ce-spun-primaria-capitalei-si-isu-despre-saga-2025-in-timp-ce-reprezentantii-sunt-de-negasit\/","title":{"rendered":"Festivalul \u201edisp\u0103rut\u201d din Capital\u0103 (I). Ce spun Prim\u0103ria Capitalei \u0219i ISU despre SAGA 2025, \u00een timp ce reprezentan\u021bii sunt de neg\u0103sit"},"content":{"rendered":"\n<p><strong>\u00cen cele patru edi\u021bii anterioare, festivalul organizat ultima dat\u0103 la Romaero a avut loc la final de iunie sau \u00eenceput de iulie. Acum, ne afl\u0103m la final de iulie \u0219i comunicarea \u00een spa\u021biul public pe tema SAGA 2025 este inexistent\u0103, \u00een ciuda promisiunilor f\u0103cute anul trecut de organizatori, dar \u0219i a unor bilete \u201eearly bird\u201d puse la v\u00e2nzare dup\u0103 evenimentul din 2024.<\/strong><\/p>\n\n\n\n<p>Reporterii Buletin de Bucure\u0219ti au \u00eencercat s\u0103-i contacteze pe organizatorii sau persoanele apropiate evenimentului din anii trecu\u021bi. Toate \u00eentreb\u0103rile au r\u0103mas f\u0103r\u0103 r\u0103spuns. <\/p>\n\n\n\n<p>Ne-am adresat \u00een schimb at\u00e2t Prim\u0103riei Capitalei, c\u00e2t \u0219i Inspectoratului pentru Situa\u021bii de Urgen\u021b\u0103 Bucure\u0219ti Ilfov (ISU B-IF) pentru a afla dac\u0103 au existat solicit\u0103ri, p\u00e2n\u0103 \u00een prezent, din partea organizatorilor cu privire la o eventual\u0103 edi\u021bie a festivalului \u00een 2025.<\/p>\n\n\n\n<h2 class=\"wp-block-heading\" id=\"h-ce-spun-pmb-\u0219i-isu-despre-saga-2025\">Ce spun PMB \u0219i ISU despre SAGA 2025<\/h2>\n\n\n\n<p>Prim\u0103ria Capitalei are atribu\u021bii \u00een autorizarea evenimentelor de pe spa\u021biul public. Din cele patru edi\u021bii ale festivalului SAGA, trei au avut loc la Romaero B\u0103neasa. Doar \u00een 2022, evenimentul s-a desf\u0103\u0219urat pe Arena Na\u021bional\u0103.<\/p>\n\n\n\n<p><strong>La solicitarea Buletin de Bucure\u0219ti, reprezentan\u021bii municipalit\u0103\u021bii, care are competen\u021be pentru evenimentele organizate pe spa\u021biul public, au transmis c\u0103 nu au primit nicio notificare pentru SAGA 2025.<\/strong><\/p>\n\n\n\n<p>Cum curtea Romaero \u021bine de o entitate privat\u0103, ne-am adresat \u0219i companiei din subordinea Ministerului Economiei, cu acela\u0219i nume, de\u0163inut\u0103 majoritar de statul rom\u00e2n, \u00eens\u0103 nu am primit niciun r\u0103spuns p\u00e2n\u0103 la data public\u0103rii.<\/p>\n\n\n\n<p><strong>Totu\u0219i, chiar \u0219i dac\u0103 festivalul ar urma s\u0103 se desf\u0103\u0219oare la Romaero la o dat\u0103 organizat\u0103 ulterior, organizatorii ar fi avut nevoie de o autoriza\u021bie de la ISU B-IF. Ori, o astfel de solicitare nu a fost trimis\u0103, transmit reprezentan\u021bii ISU B-IF pentru Buletin de Bucure\u0219ti.<\/strong><\/p>\n\n\n\n<blockquote class=\"wp-block-quote is-layout-flow wp-block-quote-is-layout-flow\">\n<p>Ca urmare a verific\u0103rii bazei de date existente la nivelul ISU Bucure\u0219ti-Ilfov, nu au fost identificate solicit\u0103ri pentru emiterea unei autoriza\u021bii de securitate la incendiu pentru evenimentul la care face\u021bi referire, aferent\u0103&nbsp;anului&nbsp;2025.<\/p>\n<cite>ISU B-IF<\/cite><\/blockquote>\n\n\n\n<p><strong>CITE\u0218TE \u0218I: <a href=\"http:\/\/buletin.de\/bucuresti\/festivalul-saga-a-strans-180-000-de-oameni-fanii-isi-mai-pot-primi-banii-inapoi-pana-pe-12-iulie-dupa-ce-capul-de-afis-nu-a-mai-concertat\/\" target=\"_blank\" rel=\"noreferrer noopener\">Festivalul SAGA a str\u00e2ns 180.000 de oameni. Fanii \u00ee\u0219i mai pot primi banii \u00eenapoi p\u00e2n\u0103 pe 12 iulie, dup\u0103 ce capul de afi\u0219 nu a mai concertat<\/a><\/strong><\/p>\n\n\n\n<h2 class=\"wp-block-heading\" id=\"h-promisiunea-unei-edi\u021bii-aniversare\">Promisiunea unei edi\u021bii aniversare<\/h2>\n\n\n\n<p><strong>\u00cen noiembrie 2024, organizatorii festivalului SAGA anun\u021bau c\u0103 preg\u0103tesc o edi\u021bie aniversar\u0103 pentru 2025, sus\u021bin\u00e2nd c\u0103 v\u00e2nzarea biletelor a fost suspendat\u0103 temporar din cauza unui proces de rebranding.<\/strong><\/p>\n\n\n\n<p><em>\u201eBiletele vor fi repuse \u00een v\u00e2nzare imediat ce vom lansa campania de comunicare pentru edi\u021bia din 2025, care va marca \u0219i aniversarea a 5 ani de SAGA. <\/em><\/p>\n\n\n\n<p><em>Paginile de Instagram \u0219i Facebook au fost suspendate temporar, iar pagina de TikTok a fost redenumit\u0103 cu sloganul edi\u021biei din acest an, \u201eBucharest\u2019s Biggest Festival\u201d, pentru a reflecta esen\u021ba festivalului SAGA. Edi\u021bia din 2025 nu este anulat\u0103, iar cei care \u0219i-au achizi\u021bionat bilete super early-bird pot sta lini\u0219ti\u021bi, biletele generale vor fi disponibile \u00een cur\u00e2nd\u201d<\/em>, au transmis, la acel moment, organizatorii evenimentului pentru <a href=\"https:\/\/www.libertatea.ro\/entertainment\/saga-festival-2025-raspunsul-oficial-dupa-ce-vanzarea-biletelor-a-fost-oprita-5076483\">Libertatea<\/a>.<\/p>\n\n\n\n<p><strong>Reporterii Buletin de Bucure\u0219ti s-au adresat \u0219i Autorit\u0103\u021bii Na\u021bionale pentru Protec\u021bia Consumatorului (ANPC) cu privire eventualele reclama\u021bii ale cet\u0103\u021benilor \u00een leg\u0103tur\u0103 cu biletele deja comercializate.<\/strong><\/p>\n\n\n\n<p><strong>CITE\u0218TE \u0218I: <a href=\"https:\/\/buletin.de\/bucuresti\/pmb-va-recupera-peste-300-000-de-lei-de-la-organizatorii-festivalului-saga\/\" target=\"_blank\" rel=\"noreferrer noopener\">PMB va recupera peste 300.000 de lei de la organizatorii festivalului Saga. Au refuzat s\u0103 pl\u0103teasc\u0103 apa \u0219i curentul<\/a><\/strong><\/p>\n\n\n\n<h2 class=\"wp-block-heading\" id=\"h-tacerea-mormantala-de-pe-re\u021belele-de-socializare-despre-saga-2025\">\u201eT\u0103cerea morm\u00e2ntal\u0103\u201d de pe re\u021belele de socializare despre SAGA 2025<\/h2>\n\n\n\n<p><strong>P\u00e2n\u0103 la aceast\u0103 or\u0103, campania de comunicare pentru SAGA 2025 nu a fost lansat\u0103. La momentul actual, pe paginile de socializare ale festivalului nu s-a mai postat nimic din 4 noiembrie 2024, \u00een ciuda \u00eentreb\u0103rilor din partea fanilor festivalului.<\/strong><\/p>\n\n\n\n<figure class=\"wp-block-gallery has-nested-images columns-default is-cropped wp-block-gallery-1 is-layout-flex wp-block-gallery-is-layout-flex\">\n<figure class=\"wp-block-image size-large\"><img fetchpriority=\"high\" decoding=\"async\" width=\"1000\" height=\"692\" data-id=\"140678\" src=\"data:image\/gif;base64,R0lGODlhAQABAAAAACH5BAEKAAEALAAAAAABAAEAAAICTAEAOw==\" data-src=\"https:\/\/buletin.de\/bucuresti\/wp-content\/uploads\/2025\/07\/image_2025-07-24_162555705-1000x692.png\" alt=\"\" class=\"wp-image-140678 lazyload\" data-sizes=\"auto\" data-srcset=\"https:\/\/buletin.de\/bucuresti\/wp-content\/uploads\/2025\/07\/image_2025-07-24_162555705-1000x692.png 1000w, https:\/\/buletin.de\/bucuresti\/wp-content\/uploads\/2025\/07\/image_2025-07-24_162555705-300x208.png 300w, https:\/\/buletin.de\/bucuresti\/wp-content\/uploads\/2025\/07\/image_2025-07-24_162555705-768x532.png 768w, https:\/\/buletin.de\/bucuresti\/wp-content\/uploads\/2025\/07\/image_2025-07-24_162555705-1100x761.png 1100w, https:\/\/buletin.de\/bucuresti\/wp-content\/uploads\/2025\/07\/image_2025-07-24_162555705-600x415.png 600w, https:\/\/buletin.de\/bucuresti\/wp-content\/uploads\/2025\/07\/image_2025-07-24_162555705-20x14.png 20w, https:\/\/buletin.de\/bucuresti\/wp-content\/uploads\/2025\/07\/image_2025-07-24_162555705.png 1212w\" sizes=\"(max-width: 1000px) 100vw, 1000px\" \/><\/figure>\n<\/figure>\n\n\n\n<figure class=\"wp-block-gallery has-nested-images columns-default is-cropped wp-block-gallery-2 is-layout-flex wp-block-gallery-is-layout-flex\">\n<figure class=\"wp-block-image size-large\"><img decoding=\"async\" width=\"1000\" height=\"724\" data-id=\"140679\" src=\"data:image\/gif;base64,R0lGODlhAQABAAAAACH5BAEKAAEALAAAAAABAAEAAAICTAEAOw==\" data-src=\"https:\/\/buletin.de\/bucuresti\/wp-content\/uploads\/2025\/07\/image_2025-07-24_162912892-1000x724.png\" alt=\"\" class=\"wp-image-140679 lazyload\" data-sizes=\"auto\" data-srcset=\"https:\/\/buletin.de\/bucuresti\/wp-content\/uploads\/2025\/07\/image_2025-07-24_162912892-1000x724.png 1000w, https:\/\/buletin.de\/bucuresti\/wp-content\/uploads\/2025\/07\/image_2025-07-24_162912892-300x217.png 300w, https:\/\/buletin.de\/bucuresti\/wp-content\/uploads\/2025\/07\/image_2025-07-24_162912892-768x556.png 768w, https:\/\/buletin.de\/bucuresti\/wp-content\/uploads\/2025\/07\/image_2025-07-24_162912892-1100x797.png 1100w, https:\/\/buletin.de\/bucuresti\/wp-content\/uploads\/2025\/07\/image_2025-07-24_162912892-600x435.png 600w, https:\/\/buletin.de\/bucuresti\/wp-content\/uploads\/2025\/07\/image_2025-07-24_162912892-20x14.png 20w, https:\/\/buletin.de\/bucuresti\/wp-content\/uploads\/2025\/07\/image_2025-07-24_162912892.png 1204w\" sizes=\"(max-width: 1000px) 100vw, 1000px\" \/><\/figure>\n<\/figure>\n\n\n\n<p>\u00cen ceea ce prive\u0219te contul de TikTok al festivalului, acesta a revenit la denumirea original\u0103, \u00eens\u0103 ultima postare dateaz\u0103 din iulie 2025.<\/p>\n\n\n\n<p><strong>\u00cen cazul tuturor celor trei re\u021bele de socializare, \u00een descrierea paginii apare mesajul \u201eSee you in 2025\/ Fly again in 2025 \u2708\ufe0f\u201d (n.r. &#8211; \u201eNe vedem \u00een 2025\/ Zbur\u0103m din nou \u00een 2025\u201d), o trimitere la Romaero, loca\u021bia consacrat\u0103 a evenimentului.<\/strong><\/p>\n\n\n\n<h2 class=\"wp-block-heading\" id=\"h-un-lung-\u0219ir-de-probleme-cu-edi\u021bia-din-2024\">Un lung \u0219ir de probleme cu edi\u021bia din 2024<\/h2>\n\n\n\n<p>Festivalul SAGA s-a confruntat de-a lungul anilor cu un lung \u0219ir de controverse. Anul trecut, capul de afi\u0219 al festivalului, Nicki Minaj, a anun\u021bat pe platforma X, cunoscut\u0103 \u0219i Twitter, c\u0103 nu se va mai prezenta din cauza unor probleme de securitate.<\/p>\n\n\n\n<p>La aceasta se adaug\u0103 \u0219i c\u0103 PMB cere plata a aproape 330.000 de lei de la Saga Festival SRL, solicitare care a ajuns \u00een instan\u021b\u0103. Municipalitatea acuz\u0103 c\u0103 organizatorii s-au folosit de serviciile companiei municipale Energetica \u0219i nu le-au pl\u0103tit, <a href=\"https:\/\/buletin.de\/bucuresti\/saga-de-la-saga-tepele-artistilor-si-razboiul-in-instanta-cu-pmb-ce-alte-nereguli-au-mai-fost-de-a-lungul-anului\/\">precum \u0219i faptul c\u0103 reprezentan\u021bii SAGA nu au achitat serviciile pentru amenajarea locurilor VIP de pe stadionul Arena Na\u021bional\u0103, ac\u021biuni petrecute la edi\u021bia din 2022<\/a>.&nbsp;<\/p>\n\n\n\n<p><em><strong>Editor: C\u0103t\u0103lin Dosca\u0219<\/strong><\/em><\/p>\n\n\n\n<p><strong>CITE\u0218TE \u0218I:<\/strong> <strong><a href=\"https:\/\/buletin.de\/bucuresti\/saga-de-la-saga-tepele-artistilor-si-razboiul-in-instanta-cu-pmb-ce-alte-nereguli-au-mai-fost-de-a-lungul-anului\/\">\u201eSaga\u201d de la SAGA: \u201e\u021aepele\u201d arti\u0219tilor \u0219i \u201er\u0103zboiul\u201d \u00een instan\u021b\u0103 cu PMB. Ce alte nereguli au mai fost de-a lungul timpului<\/a><\/strong><\/p>\n","protected":false},"excerpt":{"rendered":"<p>\u00cen cele patru edi\u021bii anterioare, festivalul organizat ultima dat\u0103 la Romaero a avut loc la final de iunie sau \u00eenceput de iulie. Acum, ne afl\u0103m la final de iulie \u0219i comunicarea \u00een spa\u021biul public pe tema SAGA 2025 este inexistent\u0103, \u00een ciuda promisiunilor f\u0103cute anul trecut de organizatori, dar \u0219i a unor bilete \u201eearly bird\u201d [&hellip;]<\/p>\n","protected":false},"author":55,"featured_media":89143,"comment_status":"closed","ping_status":"open","sticky":false,"template":"","format":"standard","meta":{"_acf_changed":false,"inline_featured_image":false,"ngg_post_thumbnail":0,"footnotes":""},"categories":[6994,81,9026,5762],"tags":[261,22974,9,22973,840,104,5991,22972],"ppma_author":[22573],"class_list":["post-140671","post","type-post","status-publish","format-standard","has-post-thumbnail","hentry","category-stiri-2","category-cultura","category-eveniment","category-main","tag-arena-nationala","tag-bilete-saga-2025","tag-bucuresti","tag-festivalul-saga","tag-isu","tag-pmb","tag-romaero","tag-saga-2025"],"acf":[],"yoast_head":"<!-- This site is optimized with the Yoast SEO Premium plugin v25.3 (Yoast SEO v27.5) - https:\/\/yoast.com\/product\/yoast-seo-premium-wordpress\/ -->\n<title>Festivalul \u201edisp\u0103rut\u201d din Capital\u0103 (I). Ce spun Prim\u0103ria Capitalei \u0219i ISU despre SAGA 2025, \u00een timp ce reprezentan\u021bii sunt de neg\u0103sit - Buletin de Bucure\u0219ti<\/title>\n<meta name=\"description\" content=\"Comunicarea \u00een spa\u021biul public pe tema SAGA 2025 este inexistent\u0103, \u00een ciuda promisiunilor f\u0103cute anul trecut de organizatori.\" \/>\n<meta name=\"robots\" content=\"index, follow, max-snippet:-1, max-image-preview:large, max-video-preview:-1\" \/>\n<link rel=\"canonical\" href=\"https:\/\/buletin.de\/bucuresti\/festivalul-disparut-din-capitalai-ce-spun-primaria-capitalei-si-isu-despre-saga-2025-in-timp-ce-reprezentantii-sunt-de-negasit\/\" \/>\n<meta property=\"og:locale\" content=\"en_GB\" \/>\n<meta property=\"og:type\" content=\"article\" \/>\n<meta property=\"og:title\" content=\"Festivalul \u201edisp\u0103rut\u201d din Capital\u0103 (I). Ce spun Prim\u0103ria Capitalei \u0219i ISU despre SAGA 2025, \u00een timp ce reprezentan\u021bii sunt de neg\u0103sit\" \/>\n<meta property=\"og:description\" content=\"Comunicarea \u00een spa\u021biul public pe tema SAGA 2025 este inexistent\u0103, \u00een ciuda promisiunilor f\u0103cute anul trecut de organizatori.\" \/>\n<meta property=\"og:url\" content=\"https:\/\/buletin.de\/bucuresti\/festivalul-disparut-din-capitalai-ce-spun-primaria-capitalei-si-isu-despre-saga-2025-in-timp-ce-reprezentantii-sunt-de-negasit\/\" \/>\n<meta property=\"og:site_name\" content=\"Buletin de Bucure\u0219ti\" \/>\n<meta property=\"article:publisher\" content=\"https:\/\/www.facebook.com\/buletin.de.buc\" \/>\n<meta property=\"article:published_time\" content=\"2025-07-24T16:32:43+00:00\" \/>\n<meta property=\"article:modified_time\" content=\"2025-07-30T11:04:42+00:00\" \/>\n<meta property=\"og:image\" content=\"https:\/\/buletin.de\/bucuresti\/wp-content\/uploads\/417430981_1019087879642084_3786634292040920398_n.jpg\" \/>\n\t<meta property=\"og:image:width\" content=\"1564\" \/>\n\t<meta property=\"og:image:height\" content=\"819\" \/>\n\t<meta property=\"og:image:type\" content=\"image\/jpeg\" \/>\n<meta name=\"author\" content=\"Andreea Tudor\" \/>\n<meta name=\"twitter:card\" content=\"summary_large_image\" \/>\n<meta name=\"twitter:label1\" content=\"Written by\" \/>\n\t<meta name=\"twitter:data1\" content=\"Andreea Tudor\" \/>\n\t<meta name=\"twitter:label2\" content=\"Estimated reading time\" \/>\n\t<meta name=\"twitter:data2\" content=\"4 minutes\" \/>\n<script type=\"application\/ld+json\" class=\"yoast-schema-graph\">{\"@context\":\"https:\\\/\\\/schema.org\",\"@graph\":[{\"@type\":\"Article\",\"@id\":\"https:\\\/\\\/buletin.de\\\/bucuresti\\\/festivalul-disparut-din-capitalai-ce-spun-primaria-capitalei-si-isu-despre-saga-2025-in-timp-ce-reprezentantii-sunt-de-negasit\\\/#article\",\"isPartOf\":{\"@id\":\"https:\\\/\\\/buletin.de\\\/bucuresti\\\/festivalul-disparut-din-capitalai-ce-spun-primaria-capitalei-si-isu-despre-saga-2025-in-timp-ce-reprezentantii-sunt-de-negasit\\\/\"},\"author\":{\"name\":\"Andreea Tudor\",\"@id\":\"https:\\\/\\\/buletin.de\\\/bucuresti\\\/#\\\/schema\\\/person\\\/150590659efde715459d159da012f501\"},\"headline\":\"Festivalul \u201edisp\u0103rut\u201d din Capital\u0103 (I). Ce spun Prim\u0103ria Capitalei \u0219i ISU despre SAGA 2025, \u00een timp ce reprezentan\u021bii sunt de neg\u0103sit\",\"datePublished\":\"2025-07-24T16:32:43+00:00\",\"dateModified\":\"2025-07-30T11:04:42+00:00\",\"mainEntityOfPage\":{\"@id\":\"https:\\\/\\\/buletin.de\\\/bucuresti\\\/festivalul-disparut-din-capitalai-ce-spun-primaria-capitalei-si-isu-despre-saga-2025-in-timp-ce-reprezentantii-sunt-de-negasit\\\/\"},\"wordCount\":861,\"publisher\":{\"@id\":\"https:\\\/\\\/buletin.de\\\/bucuresti\\\/#organization\"},\"image\":{\"@id\":\"https:\\\/\\\/buletin.de\\\/bucuresti\\\/festivalul-disparut-din-capitalai-ce-spun-primaria-capitalei-si-isu-despre-saga-2025-in-timp-ce-reprezentantii-sunt-de-negasit\\\/#primaryimage\"},\"thumbnailUrl\":\"https:\\\/\\\/buletin.de\\\/bucuresti\\\/wp-content\\\/uploads\\\/417430981_1019087879642084_3786634292040920398_n.jpg\",\"keywords\":[\"arena nationala\",\"bilete saga 2025\",\"bucuresti\",\"festivalul saga\",\"isu\",\"pmb\",\"romaero\",\"saga 2025\"],\"articleSection\":[\"Articole\",\"Cultur\u0103\",\"Eveniment\",\"Main\"],\"inLanguage\":\"en-GB\",\"copyrightYear\":\"2025\",\"copyrightHolder\":{\"@id\":\"https:\\\/\\\/buletin.de\\\/bucuresti\\\/#organization\"}},{\"@type\":\"WebPage\",\"@id\":\"https:\\\/\\\/buletin.de\\\/bucuresti\\\/festivalul-disparut-din-capitalai-ce-spun-primaria-capitalei-si-isu-despre-saga-2025-in-timp-ce-reprezentantii-sunt-de-negasit\\\/\",\"url\":\"https:\\\/\\\/buletin.de\\\/bucuresti\\\/festivalul-disparut-din-capitalai-ce-spun-primaria-capitalei-si-isu-despre-saga-2025-in-timp-ce-reprezentantii-sunt-de-negasit\\\/\",\"name\":\"Festivalul \u201edisp\u0103rut\u201d din Capital\u0103 (I). Ce spun Prim\u0103ria Capitalei \u0219i ISU despre SAGA 2025, \u00een timp ce reprezentan\u021bii sunt de neg\u0103sit - Buletin de Bucure\u0219ti\",\"isPartOf\":{\"@id\":\"https:\\\/\\\/buletin.de\\\/bucuresti\\\/#website\"},\"primaryImageOfPage\":{\"@id\":\"https:\\\/\\\/buletin.de\\\/bucuresti\\\/festivalul-disparut-din-capitalai-ce-spun-primaria-capitalei-si-isu-despre-saga-2025-in-timp-ce-reprezentantii-sunt-de-negasit\\\/#primaryimage\"},\"image\":{\"@id\":\"https:\\\/\\\/buletin.de\\\/bucuresti\\\/festivalul-disparut-din-capitalai-ce-spun-primaria-capitalei-si-isu-despre-saga-2025-in-timp-ce-reprezentantii-sunt-de-negasit\\\/#primaryimage\"},\"thumbnailUrl\":\"https:\\\/\\\/buletin.de\\\/bucuresti\\\/wp-content\\\/uploads\\\/417430981_1019087879642084_3786634292040920398_n.jpg\",\"datePublished\":\"2025-07-24T16:32:43+00:00\",\"dateModified\":\"2025-07-30T11:04:42+00:00\",\"description\":\"Comunicarea \u00een spa\u021biul public pe tema SAGA 2025 este inexistent\u0103, \u00een ciuda promisiunilor f\u0103cute anul trecut de organizatori.\",\"breadcrumb\":{\"@id\":\"https:\\\/\\\/buletin.de\\\/bucuresti\\\/festivalul-disparut-din-capitalai-ce-spun-primaria-capitalei-si-isu-despre-saga-2025-in-timp-ce-reprezentantii-sunt-de-negasit\\\/#breadcrumb\"},\"inLanguage\":\"en-GB\",\"potentialAction\":[{\"@type\":\"ReadAction\",\"target\":[\"https:\\\/\\\/buletin.de\\\/bucuresti\\\/festivalul-disparut-din-capitalai-ce-spun-primaria-capitalei-si-isu-despre-saga-2025-in-timp-ce-reprezentantii-sunt-de-negasit\\\/\"]}]},{\"@type\":\"ImageObject\",\"inLanguage\":\"en-GB\",\"@id\":\"https:\\\/\\\/buletin.de\\\/bucuresti\\\/festivalul-disparut-din-capitalai-ce-spun-primaria-capitalei-si-isu-despre-saga-2025-in-timp-ce-reprezentantii-sunt-de-negasit\\\/#primaryimage\",\"url\":\"https:\\\/\\\/buletin.de\\\/bucuresti\\\/wp-content\\\/uploads\\\/417430981_1019087879642084_3786634292040920398_n.jpg\",\"contentUrl\":\"https:\\\/\\\/buletin.de\\\/bucuresti\\\/wp-content\\\/uploads\\\/417430981_1019087879642084_3786634292040920398_n.jpg\",\"width\":1564,\"height\":819,\"caption\":\"Festivalul \u201edisp\u0103rut\u201d din Capital\u0103 (I). Ce spun Prim\u0103ria Capitalei \u0219i ISU despre SAGA 2025. Foto: Arhiv\u0103 via FB\\\/ SAGA Festival\"},{\"@type\":\"BreadcrumbList\",\"@id\":\"https:\\\/\\\/buletin.de\\\/bucuresti\\\/festivalul-disparut-din-capitalai-ce-spun-primaria-capitalei-si-isu-despre-saga-2025-in-timp-ce-reprezentantii-sunt-de-negasit\\\/#breadcrumb\",\"itemListElement\":[{\"@type\":\"ListItem\",\"position\":1,\"name\":\"Acas\u0103\",\"item\":\"https:\\\/\\\/buletin.de\\\/bucuresti\\\/\"},{\"@type\":\"ListItem\",\"position\":2,\"name\":\"Festivalul \u201edisp\u0103rut\u201d din Capital\u0103 (I). Ce spun Prim\u0103ria Capitalei \u0219i ISU despre SAGA 2025, \u00een timp ce reprezentan\u021bii sunt de neg\u0103sit\"}]},{\"@type\":\"WebSite\",\"@id\":\"https:\\\/\\\/buletin.de\\\/bucuresti\\\/#website\",\"url\":\"https:\\\/\\\/buletin.de\\\/bucuresti\\\/\",\"name\":\"Buletin de Bucure\u0219ti\",\"description\":\"\u0218tiri \u0219i investiga\u021bii esen\u021biale din capital\u0103\",\"publisher\":{\"@id\":\"https:\\\/\\\/buletin.de\\\/bucuresti\\\/#organization\"},\"potentialAction\":[{\"@type\":\"SearchAction\",\"target\":{\"@type\":\"EntryPoint\",\"urlTemplate\":\"https:\\\/\\\/buletin.de\\\/bucuresti\\\/?s={search_term_string}\"},\"query-input\":{\"@type\":\"PropertyValueSpecification\",\"valueRequired\":true,\"valueName\":\"search_term_string\"}}],\"inLanguage\":\"en-GB\"},{\"@type\":\"Organization\",\"@id\":\"https:\\\/\\\/buletin.de\\\/bucuresti\\\/#organization\",\"name\":\"Buletin de Bucure\u0219ti\",\"url\":\"https:\\\/\\\/buletin.de\\\/bucuresti\\\/\",\"logo\":{\"@type\":\"ImageObject\",\"inLanguage\":\"en-GB\",\"@id\":\"https:\\\/\\\/buletin.de\\\/bucuresti\\\/#\\\/schema\\\/logo\\\/image\\\/\",\"url\":\"https:\\\/\\\/buletin.de\\\/bucuresti\\\/wp-content\\\/uploads\\\/logo-bdb-full-wide-vernil-transparent.png\",\"contentUrl\":\"https:\\\/\\\/buletin.de\\\/bucuresti\\\/wp-content\\\/uploads\\\/logo-bdb-full-wide-vernil-transparent.png\",\"width\":1782,\"height\":626,\"caption\":\"Buletin de Bucure\u0219ti\"},\"image\":{\"@id\":\"https:\\\/\\\/buletin.de\\\/bucuresti\\\/#\\\/schema\\\/logo\\\/image\\\/\"},\"sameAs\":[\"https:\\\/\\\/www.facebook.com\\\/buletin.de.buc\",\"https:\\\/\\\/www.instagram.com\\\/buletinde.bucuresti\\\/\"]},{\"@type\":\"Person\",\"@id\":\"https:\\\/\\\/buletin.de\\\/bucuresti\\\/#\\\/schema\\\/person\\\/150590659efde715459d159da012f501\",\"name\":\"Andreea Tudor\",\"image\":{\"@type\":\"ImageObject\",\"inLanguage\":\"en-GB\",\"@id\":\"https:\\\/\\\/secure.gravatar.com\\\/avatar\\\/a88705a186ab0b67f3349bcbced506c09e37256fbaad0e7f3bd1a79b4599f589?s=96&d=monsterid&r=g79290610aa1a65c2b86eebc2ca5aee8f\",\"url\":\"https:\\\/\\\/secure.gravatar.com\\\/avatar\\\/a88705a186ab0b67f3349bcbced506c09e37256fbaad0e7f3bd1a79b4599f589?s=96&d=monsterid&r=g\",\"contentUrl\":\"https:\\\/\\\/secure.gravatar.com\\\/avatar\\\/a88705a186ab0b67f3349bcbced506c09e37256fbaad0e7f3bd1a79b4599f589?s=96&d=monsterid&r=g\",\"caption\":\"Andreea Tudor\"},\"description\":\"N\u0103scut\u0103 \u0219i crescut\u0103 \u00een Bucure\u0219ti, sus\u021bin\u0103toare a presei independente. A\u0219a am ajuns redactor la Buletin de Bucure\u0219ti. Fiind eu, \u00eens\u0103mi, parte a sistemului de \u00eenv\u0103\u021b\u0103m\u00e2nt rom\u00e2nesc \u0219i pasionat\u0103 de domeniul social, pun sub lup\u0103 tot ceea ce se \u00eent\u00e2mpl\u0103 \u00een sfera educa\u021biei. Cred cu t\u0103rie c\u0103 presa \u201epentru cet\u0103\u021beni\u201d este presa independent\u0103. Oamenii au nevoie de o informare corect\u0103 pentru a \u00een\u021belege pe deplin ce se \u00eent\u00e2mpl\u0103 \u00een jurul lor \u0219i pentru a lua ac\u021biune \u00eempotriva nedrept\u0103\u021bilor.\",\"url\":\"https:\\\/\\\/buletin.de\\\/bucuresti\\\/author\\\/andreeatudor\\\/\"}]}<\/script>\n<!-- \/ Yoast SEO Premium plugin. -->","yoast_head_json":{"title":"Festivalul \u201edisp\u0103rut\u201d din Capital\u0103 (I). Ce spun Prim\u0103ria Capitalei \u0219i ISU despre SAGA 2025, \u00een timp ce reprezentan\u021bii sunt de neg\u0103sit - Buletin de Bucure\u0219ti","description":"Comunicarea \u00een spa\u021biul public pe tema SAGA 2025 este inexistent\u0103, \u00een ciuda promisiunilor f\u0103cute anul trecut de organizatori.","robots":{"index":"index","follow":"follow","max-snippet":"max-snippet:-1","max-image-preview":"max-image-preview:large","max-video-preview":"max-video-preview:-1"},"canonical":"https:\/\/buletin.de\/bucuresti\/festivalul-disparut-din-capitalai-ce-spun-primaria-capitalei-si-isu-despre-saga-2025-in-timp-ce-reprezentantii-sunt-de-negasit\/","og_locale":"en_GB","og_type":"article","og_title":"Festivalul \u201edisp\u0103rut\u201d din Capital\u0103 (I). Ce spun Prim\u0103ria Capitalei \u0219i ISU despre SAGA 2025, \u00een timp ce reprezentan\u021bii sunt de neg\u0103sit","og_description":"Comunicarea \u00een spa\u021biul public pe tema SAGA 2025 este inexistent\u0103, \u00een ciuda promisiunilor f\u0103cute anul trecut de organizatori.","og_url":"https:\/\/buletin.de\/bucuresti\/festivalul-disparut-din-capitalai-ce-spun-primaria-capitalei-si-isu-despre-saga-2025-in-timp-ce-reprezentantii-sunt-de-negasit\/","og_site_name":"Buletin de Bucure\u0219ti","article_publisher":"https:\/\/www.facebook.com\/buletin.de.buc","article_published_time":"2025-07-24T16:32:43+00:00","article_modified_time":"2025-07-30T11:04:42+00:00","og_image":[{"width":1564,"height":819,"url":"https:\/\/buletin.de\/bucuresti\/wp-content\/uploads\/417430981_1019087879642084_3786634292040920398_n.jpg","type":"image\/jpeg"}],"author":"Andreea Tudor","twitter_card":"summary_large_image","twitter_misc":{"Written by":"Andreea Tudor","Estimated reading time":"4 minutes"},"schema":{"@context":"https:\/\/schema.org","@graph":[{"@type":"Article","@id":"https:\/\/buletin.de\/bucuresti\/festivalul-disparut-din-capitalai-ce-spun-primaria-capitalei-si-isu-despre-saga-2025-in-timp-ce-reprezentantii-sunt-de-negasit\/#article","isPartOf":{"@id":"https:\/\/buletin.de\/bucuresti\/festivalul-disparut-din-capitalai-ce-spun-primaria-capitalei-si-isu-despre-saga-2025-in-timp-ce-reprezentantii-sunt-de-negasit\/"},"author":{"name":"Andreea Tudor","@id":"https:\/\/buletin.de\/bucuresti\/#\/schema\/person\/150590659efde715459d159da012f501"},"headline":"Festivalul \u201edisp\u0103rut\u201d din Capital\u0103 (I). Ce spun Prim\u0103ria Capitalei \u0219i ISU despre SAGA 2025, \u00een timp ce reprezentan\u021bii sunt de neg\u0103sit","datePublished":"2025-07-24T16:32:43+00:00","dateModified":"2025-07-30T11:04:42+00:00","mainEntityOfPage":{"@id":"https:\/\/buletin.de\/bucuresti\/festivalul-disparut-din-capitalai-ce-spun-primaria-capitalei-si-isu-despre-saga-2025-in-timp-ce-reprezentantii-sunt-de-negasit\/"},"wordCount":861,"publisher":{"@id":"https:\/\/buletin.de\/bucuresti\/#organization"},"image":{"@id":"https:\/\/buletin.de\/bucuresti\/festivalul-disparut-din-capitalai-ce-spun-primaria-capitalei-si-isu-despre-saga-2025-in-timp-ce-reprezentantii-sunt-de-negasit\/#primaryimage"},"thumbnailUrl":"https:\/\/buletin.de\/bucuresti\/wp-content\/uploads\/417430981_1019087879642084_3786634292040920398_n.jpg","keywords":["arena nationala","bilete saga 2025","bucuresti","festivalul saga","isu","pmb","romaero","saga 2025"],"articleSection":["Articole","Cultur\u0103","Eveniment","Main"],"inLanguage":"en-GB","copyrightYear":"2025","copyrightHolder":{"@id":"https:\/\/buletin.de\/bucuresti\/#organization"}},{"@type":"WebPage","@id":"https:\/\/buletin.de\/bucuresti\/festivalul-disparut-din-capitalai-ce-spun-primaria-capitalei-si-isu-despre-saga-2025-in-timp-ce-reprezentantii-sunt-de-negasit\/","url":"https:\/\/buletin.de\/bucuresti\/festivalul-disparut-din-capitalai-ce-spun-primaria-capitalei-si-isu-despre-saga-2025-in-timp-ce-reprezentantii-sunt-de-negasit\/","name":"Festivalul \u201edisp\u0103rut\u201d din Capital\u0103 (I). Ce spun Prim\u0103ria Capitalei \u0219i ISU despre SAGA 2025, \u00een timp ce reprezentan\u021bii sunt de neg\u0103sit - Buletin de Bucure\u0219ti","isPartOf":{"@id":"https:\/\/buletin.de\/bucuresti\/#website"},"primaryImageOfPage":{"@id":"https:\/\/buletin.de\/bucuresti\/festivalul-disparut-din-capitalai-ce-spun-primaria-capitalei-si-isu-despre-saga-2025-in-timp-ce-reprezentantii-sunt-de-negasit\/#primaryimage"},"image":{"@id":"https:\/\/buletin.de\/bucuresti\/festivalul-disparut-din-capitalai-ce-spun-primaria-capitalei-si-isu-despre-saga-2025-in-timp-ce-reprezentantii-sunt-de-negasit\/#primaryimage"},"thumbnailUrl":"https:\/\/buletin.de\/bucuresti\/wp-content\/uploads\/417430981_1019087879642084_3786634292040920398_n.jpg","datePublished":"2025-07-24T16:32:43+00:00","dateModified":"2025-07-30T11:04:42+00:00","description":"Comunicarea \u00een spa\u021biul public pe tema SAGA 2025 este inexistent\u0103, \u00een ciuda promisiunilor f\u0103cute anul trecut de organizatori.","breadcrumb":{"@id":"https:\/\/buletin.de\/bucuresti\/festivalul-disparut-din-capitalai-ce-spun-primaria-capitalei-si-isu-despre-saga-2025-in-timp-ce-reprezentantii-sunt-de-negasit\/#breadcrumb"},"inLanguage":"en-GB","potentialAction":[{"@type":"ReadAction","target":["https:\/\/buletin.de\/bucuresti\/festivalul-disparut-din-capitalai-ce-spun-primaria-capitalei-si-isu-despre-saga-2025-in-timp-ce-reprezentantii-sunt-de-negasit\/"]}]},{"@type":"ImageObject","inLanguage":"en-GB","@id":"https:\/\/buletin.de\/bucuresti\/festivalul-disparut-din-capitalai-ce-spun-primaria-capitalei-si-isu-despre-saga-2025-in-timp-ce-reprezentantii-sunt-de-negasit\/#primaryimage","url":"https:\/\/buletin.de\/bucuresti\/wp-content\/uploads\/417430981_1019087879642084_3786634292040920398_n.jpg","contentUrl":"https:\/\/buletin.de\/bucuresti\/wp-content\/uploads\/417430981_1019087879642084_3786634292040920398_n.jpg","width":1564,"height":819,"caption":"Festivalul \u201edisp\u0103rut\u201d din Capital\u0103 (I). Ce spun Prim\u0103ria Capitalei \u0219i ISU despre SAGA 2025. Foto: Arhiv\u0103 via FB\/ SAGA Festival"},{"@type":"BreadcrumbList","@id":"https:\/\/buletin.de\/bucuresti\/festivalul-disparut-din-capitalai-ce-spun-primaria-capitalei-si-isu-despre-saga-2025-in-timp-ce-reprezentantii-sunt-de-negasit\/#breadcrumb","itemListElement":[{"@type":"ListItem","position":1,"name":"Acas\u0103","item":"https:\/\/buletin.de\/bucuresti\/"},{"@type":"ListItem","position":2,"name":"Festivalul \u201edisp\u0103rut\u201d din Capital\u0103 (I). Ce spun Prim\u0103ria Capitalei \u0219i ISU despre SAGA 2025, \u00een timp ce reprezentan\u021bii sunt de neg\u0103sit"}]},{"@type":"WebSite","@id":"https:\/\/buletin.de\/bucuresti\/#website","url":"https:\/\/buletin.de\/bucuresti\/","name":"Buletin de Bucure\u0219ti","description":"\u0218tiri \u0219i investiga\u021bii esen\u021biale din capital\u0103","publisher":{"@id":"https:\/\/buletin.de\/bucuresti\/#organization"},"potentialAction":[{"@type":"SearchAction","target":{"@type":"EntryPoint","urlTemplate":"https:\/\/buletin.de\/bucuresti\/?s={search_term_string}"},"query-input":{"@type":"PropertyValueSpecification","valueRequired":true,"valueName":"search_term_string"}}],"inLanguage":"en-GB"},{"@type":"Organization","@id":"https:\/\/buletin.de\/bucuresti\/#organization","name":"Buletin de Bucure\u0219ti","url":"https:\/\/buletin.de\/bucuresti\/","logo":{"@type":"ImageObject","inLanguage":"en-GB","@id":"https:\/\/buletin.de\/bucuresti\/#\/schema\/logo\/image\/","url":"https:\/\/buletin.de\/bucuresti\/wp-content\/uploads\/logo-bdb-full-wide-vernil-transparent.png","contentUrl":"https:\/\/buletin.de\/bucuresti\/wp-content\/uploads\/logo-bdb-full-wide-vernil-transparent.png","width":1782,"height":626,"caption":"Buletin de Bucure\u0219ti"},"image":{"@id":"https:\/\/buletin.de\/bucuresti\/#\/schema\/logo\/image\/"},"sameAs":["https:\/\/www.facebook.com\/buletin.de.buc","https:\/\/www.instagram.com\/buletinde.bucuresti\/"]},{"@type":"Person","@id":"https:\/\/buletin.de\/bucuresti\/#\/schema\/person\/150590659efde715459d159da012f501","name":"Andreea Tudor","image":{"@type":"ImageObject","inLanguage":"en-GB","@id":"https:\/\/secure.gravatar.com\/avatar\/a88705a186ab0b67f3349bcbced506c09e37256fbaad0e7f3bd1a79b4599f589?s=96&d=monsterid&r=g79290610aa1a65c2b86eebc2ca5aee8f","url":"https:\/\/secure.gravatar.com\/avatar\/a88705a186ab0b67f3349bcbced506c09e37256fbaad0e7f3bd1a79b4599f589?s=96&d=monsterid&r=g","contentUrl":"https:\/\/secure.gravatar.com\/avatar\/a88705a186ab0b67f3349bcbced506c09e37256fbaad0e7f3bd1a79b4599f589?s=96&d=monsterid&r=g","caption":"Andreea Tudor"},"description":"N\u0103scut\u0103 \u0219i crescut\u0103 \u00een Bucure\u0219ti, sus\u021bin\u0103toare a presei independente. A\u0219a am ajuns redactor la Buletin de Bucure\u0219ti. Fiind eu, \u00eens\u0103mi, parte a sistemului de \u00eenv\u0103\u021b\u0103m\u00e2nt rom\u00e2nesc \u0219i pasionat\u0103 de domeniul social, pun sub lup\u0103 tot ceea ce se \u00eent\u00e2mpl\u0103 \u00een sfera educa\u021biei. Cred cu t\u0103rie c\u0103 presa \u201epentru cet\u0103\u021beni\u201d este presa independent\u0103. Oamenii au nevoie de o informare corect\u0103 pentru a \u00een\u021belege pe deplin ce se \u00eent\u00e2mpl\u0103 \u00een jurul lor \u0219i pentru a lua ac\u021biune \u00eempotriva nedrept\u0103\u021bilor.","url":"https:\/\/buletin.de\/bucuresti\/author\/andreeatudor\/"}]}},"authors":[{"term_id":22573,"user_id":55,"is_guest":0,"slug":"andreeatudor","display_name":"Andreea Tudor","avatar_url":"https:\/\/secure.gravatar.com\/avatar\/a88705a186ab0b67f3349bcbced506c09e37256fbaad0e7f3bd1a79b4599f589?s=96&d=monsterid&r=g","0":null,"1":"","2":"","3":"","4":"","5":"","6":"","7":"","8":""}],"_links":{"self":[{"href":"https:\/\/buletin.de\/bucuresti\/wp-json\/wp\/v2\/posts\/140671","targetHints":{"allow":["GET"]}}],"collection":[{"href":"https:\/\/buletin.de\/bucuresti\/wp-json\/wp\/v2\/posts"}],"about":[{"href":"https:\/\/buletin.de\/bucuresti\/wp-json\/wp\/v2\/types\/post"}],"author":[{"embeddable":true,"href":"https:\/\/buletin.de\/bucuresti\/wp-json\/wp\/v2\/users\/55"}],"replies":[{"embeddable":true,"href":"https:\/\/buletin.de\/bucuresti\/wp-json\/wp\/v2\/comments?post=140671"}],"version-history":[{"count":19,"href":"https:\/\/buletin.de\/bucuresti\/wp-json\/wp\/v2\/posts\/140671\/revisions"}],"predecessor-version":[{"id":141528,"href":"https:\/\/buletin.de\/bucuresti\/wp-json\/wp\/v2\/posts\/140671\/revisions\/141528"}],"wp:featuredmedia":[{"embeddable":true,"href":"https:\/\/buletin.de\/bucuresti\/wp-json\/wp\/v2\/media\/89143"}],"wp:attachment":[{"href":"https:\/\/buletin.de\/bucuresti\/wp-json\/wp\/v2\/media?parent=140671"}],"wp:term":[{"taxonomy":"category","embeddable":true,"href":"https:\/\/buletin.de\/bucuresti\/wp-json\/wp\/v2\/categories?post=140671"},{"taxonomy":"post_tag","embeddable":true,"href":"https:\/\/buletin.de\/bucuresti\/wp-json\/wp\/v2\/tags?post=140671"},{"taxonomy":"author","embeddable":true,"href":"https:\/\/buletin.de\/bucuresti\/wp-json\/wp\/v2\/ppma_author?post=140671"}],"curies":[{"name":"wp","href":"https:\/\/api.w.org\/{rel}","templated":true}]}}