{"id":14067,"date":"2020-10-28T09:35:36","date_gmt":"2020-10-28T06:35:36","guid":{"rendered":"https:\/\/buletin.de\/bucuresti\/?p=14067"},"modified":"2020-10-28T11:54:08","modified_gmt":"2020-10-28T08:54:08","slug":"primaria-otopeni-a-cheltuit-in-cateva-luni-peste-19-milioane-de-euro-pentru-lucrari-la-reteau-de-apa-iluminat-public-si-renovari-de-blocuri","status":"publish","type":"post","link":"https:\/\/buletin.de\/bucuresti\/primaria-otopeni-a-cheltuit-in-cateva-luni-peste-19-milioane-de-euro-pentru-lucrari-la-reteau-de-apa-iluminat-public-si-renovari-de-blocuri\/","title":{"rendered":"Prim\u0103ria Otopeni a cheltuit \u00een c\u00e2teva luni peste 1,9 milioane de euro pentru lucr\u0103ri la re\u021beaua de apa, iluminat public \u0219i renov\u0103ri de blocuri"},"content":{"rendered":"\n<div class=\"wp-block-group\"><div class=\"wp-block-group__inner-container is-layout-flow wp-block-group-is-layout-flow\">\n<div class=\"wp-block-image\"><figure class=\"aligncenter size-large is-resized\"><a href=\"https:\/\/activecitizensfund.ro\" target=\"_blank\" rel=\"noopener noreferrer\"><img fetchpriority=\"high\" decoding=\"async\" src=\"data:image\/gif;base64,R0lGODlhAQABAAAAACH5BAEKAAEALAAAAAABAAEAAAICTAEAOw==\" data-src=\"https:\/\/buletin.de\/bucuresti\/wp-content\/uploads\/Active-citizens-fund@4x-1-900x316.png\" alt=\"\" class=\"wp-image-11980 lazyload\" width=\"450\" height=\"158\" data-sizes=\"auto\" data-srcset=\"https:\/\/buletin.de\/bucuresti\/wp-content\/uploads\/Active-citizens-fund@4x-1-900x316.png 900w, https:\/\/buletin.de\/bucuresti\/wp-content\/uploads\/Active-citizens-fund@4x-1-300x105.png 300w, https:\/\/buletin.de\/bucuresti\/wp-content\/uploads\/Active-citizens-fund@4x-1-768x270.png 768w, https:\/\/buletin.de\/bucuresti\/wp-content\/uploads\/Active-citizens-fund@4x-1-1536x539.png 1536w, https:\/\/buletin.de\/bucuresti\/wp-content\/uploads\/Active-citizens-fund@4x-1-2048x719.png 2048w, https:\/\/buletin.de\/bucuresti\/wp-content\/uploads\/Active-citizens-fund@4x-1-1060x372.png 1060w, https:\/\/buletin.de\/bucuresti\/wp-content\/uploads\/Active-citizens-fund@4x-1-550x193.png 550w, https:\/\/buletin.de\/bucuresti\/wp-content\/uploads\/Active-citizens-fund@4x-1-1425x500.png 1425w, https:\/\/buletin.de\/bucuresti\/wp-content\/uploads\/Active-citizens-fund@4x-1-1920x674.png 1920w, https:\/\/buletin.de\/bucuresti\/wp-content\/uploads\/Active-citizens-fund@4x-1-600x211.png 600w\" sizes=\"(max-width: 450px) 100vw, 450px\" \/><\/a><\/figure><\/div>\n\n\n\n<div style=\"height:20px\" aria-hidden=\"true\" class=\"wp-block-spacer\"><\/div>\n<\/div><\/div>\n\n\n\n<p><em>Prim\u0103ria Otopeni a cheltuit, din martie \u0219i p\u00e2n\u0103 \u00een octombrie, peste 1,9 milioane de euro pentru lucr\u0103ri electrice, de renovare blocuri sau extinderea re\u021belei de ap\u0103 a ora\u0219ului. Trei firme cu care prim\u0103ria a colaborat \u0219i \u00een trecut au primit 24 de contracte. <\/em><\/p>\n\n\n\n<p>Conform legii, achizi\u021biile care privesc construc\u021biile pot fi f\u0103cute prin atribuire direct\u0103 \u00een limita a 100 mii de euro. Prim\u0103ria condus\u0103 de Gheorghe Constantin Silviu a \u00eemp\u0103r\u021bit achizi\u021biile, care dep\u0103\u0219eau suma \u0219i trebuiau f\u0103cut\u0103 prin licita\u021bie public\u0103,  \u00een contracte mai multe \u0219i mai mici.  Fiecare dintre ele a avut o valoare de 90 mii de euro. <\/p>\n\n\n\n<h2 class=\"wp-block-heading\">Re\u021beaua de ap\u0103 <\/h2>\n\n\n\n<p>Prim\u0103ria Otopeni a \u00eencheiat \u00een 5 luni, din 14 aprilie \u0219i p\u00e2n\u0103 \u00een 15 septembrie, 11 contracte pentru luc\u0103ri la conductele de ap\u0103 ale unor str\u0103zi din ora\u0219. Contractele au fost \u00eemp\u0103r\u021bite pe str\u0103zi, un mecanism des folosit de edilii locali pentru a evita licita\u021bia public\u0103. Valoarea total\u0103 a acestor contracte dep\u0103\u0219este 800 mii de euro.<\/p>\n\n\n\n<figure class=\"wp-block-gallery columns-3 is-cropped wp-block-gallery-1 is-layout-flex wp-block-gallery-is-layout-flex\"><ul class=\"blocks-gallery-grid\"><li class=\"blocks-gallery-item\"><figure><a href=\"https:\/\/buletin.de\/bucuresti\/wp-content\/uploads\/Arcia-2.png\"><img decoding=\"async\" width=\"900\" height=\"361\" src=\"data:image\/gif;base64,R0lGODlhAQABAAAAACH5BAEKAAEALAAAAAABAAEAAAICTAEAOw==\" data-src=\"https:\/\/buletin.de\/bucuresti\/wp-content\/uploads\/Arcia-2-900x361.png\" alt=\"\" data-id=\"14098\" data-full-url=\"https:\/\/buletin.de\/bucuresti\/wp-content\/uploads\/Arcia-2.png\" data-link=\"https:\/\/buletin.de\/bucuresti\/?attachment_id=14098\" class=\"wp-image-14098 lazyload\" data-sizes=\"auto\" data-srcset=\"https:\/\/buletin.de\/bucuresti\/wp-content\/uploads\/Arcia-2-900x361.png 900w, https:\/\/buletin.de\/bucuresti\/wp-content\/uploads\/Arcia-2-300x120.png 300w, https:\/\/buletin.de\/bucuresti\/wp-content\/uploads\/Arcia-2-768x308.png 768w, https:\/\/buletin.de\/bucuresti\/wp-content\/uploads\/Arcia-2-1060x425.png 1060w, https:\/\/buletin.de\/bucuresti\/wp-content\/uploads\/Arcia-2-550x220.png 550w, https:\/\/buletin.de\/bucuresti\/wp-content\/uploads\/Arcia-2-1248x500.png 1248w, https:\/\/buletin.de\/bucuresti\/wp-content\/uploads\/Arcia-2-600x240.png 600w, https:\/\/buletin.de\/bucuresti\/wp-content\/uploads\/Arcia-2.png 1288w\" sizes=\"(max-width: 900px) 100vw, 900px\" \/><\/a><\/figure><\/li><li class=\"blocks-gallery-item\"><figure><a href=\"https:\/\/buletin.de\/bucuresti\/wp-content\/uploads\/Arcia-1.png\"><img decoding=\"async\" width=\"900\" height=\"376\" src=\"data:image\/gif;base64,R0lGODlhAQABAAAAACH5BAEKAAEALAAAAAABAAEAAAICTAEAOw==\" data-src=\"https:\/\/buletin.de\/bucuresti\/wp-content\/uploads\/Arcia-1-900x376.png\" alt=\"\" data-id=\"14099\" data-full-url=\"https:\/\/buletin.de\/bucuresti\/wp-content\/uploads\/Arcia-1.png\" data-link=\"https:\/\/buletin.de\/bucuresti\/?attachment_id=14099\" class=\"wp-image-14099 lazyload\" data-sizes=\"auto\" data-srcset=\"https:\/\/buletin.de\/bucuresti\/wp-content\/uploads\/Arcia-1-900x376.png 900w, https:\/\/buletin.de\/bucuresti\/wp-content\/uploads\/Arcia-1-300x125.png 300w, https:\/\/buletin.de\/bucuresti\/wp-content\/uploads\/Arcia-1-768x321.png 768w, https:\/\/buletin.de\/bucuresti\/wp-content\/uploads\/Arcia-1-1060x443.png 1060w, https:\/\/buletin.de\/bucuresti\/wp-content\/uploads\/Arcia-1-550x230.png 550w, https:\/\/buletin.de\/bucuresti\/wp-content\/uploads\/Arcia-1-1196x500.png 1196w, https:\/\/buletin.de\/bucuresti\/wp-content\/uploads\/Arcia-1-600x251.png 600w, https:\/\/buletin.de\/bucuresti\/wp-content\/uploads\/Arcia-1.png 1289w\" sizes=\"(max-width: 900px) 100vw, 900px\" \/><\/a><\/figure><\/li><li class=\"blocks-gallery-item\"><figure><a href=\"https:\/\/buletin.de\/bucuresti\/wp-content\/uploads\/Arica-3.png\"><img loading=\"lazy\" decoding=\"async\" width=\"900\" height=\"271\" src=\"data:image\/gif;base64,R0lGODlhAQABAAAAACH5BAEKAAEALAAAAAABAAEAAAICTAEAOw==\" data-src=\"https:\/\/buletin.de\/bucuresti\/wp-content\/uploads\/Arica-3-900x271.png\" alt=\"\" data-id=\"14100\" data-full-url=\"https:\/\/buletin.de\/bucuresti\/wp-content\/uploads\/Arica-3.png\" data-link=\"https:\/\/buletin.de\/bucuresti\/?attachment_id=14100\" class=\"wp-image-14100 lazyload\" data-sizes=\"auto\" data-srcset=\"https:\/\/buletin.de\/bucuresti\/wp-content\/uploads\/Arica-3-900x271.png 900w, https:\/\/buletin.de\/bucuresti\/wp-content\/uploads\/Arica-3-300x90.png 300w, https:\/\/buletin.de\/bucuresti\/wp-content\/uploads\/Arica-3-768x232.png 768w, https:\/\/buletin.de\/bucuresti\/wp-content\/uploads\/Arica-3-1060x320.png 1060w, https:\/\/buletin.de\/bucuresti\/wp-content\/uploads\/Arica-3-550x166.png 550w, https:\/\/buletin.de\/bucuresti\/wp-content\/uploads\/Arica-3-600x181.png 600w, https:\/\/buletin.de\/bucuresti\/wp-content\/uploads\/Arica-3.png 1290w\" sizes=\"(max-width: 900px) 100vw, 900px\" \/><\/a><\/figure><\/li><\/ul><figcaption class=\"blocks-gallery-caption\">Sursa: e-licita\u021bie.ro<\/figcaption><\/figure>\n\n\n\n<p>Banii de pe cele 11 contracte au fost \u00eencasa\u021bi de <em>Arcia Design Construct S.R.L.<\/em>, o firm\u0103 \u00eenfiin\u021bat\u0103 \u00een 1992, administrat\u0103 din 2009 de Aciu Viorel, care are sediul la parterul unu bloc din comuna C\u0103d\u0103raru. Firma se ocup\u0103 de lucr\u0103ri de instala\u021bii \u0219i construc\u021bie, dar \u0219i de comer\u021b, firma a avut un singur angajat \u00een ultimii trei ani. <\/p>\n\n\n\n<figure class=\"wp-block-gallery columns-2 is-cropped wp-block-gallery-2 is-layout-flex wp-block-gallery-is-layout-flex\"><ul class=\"blocks-gallery-grid\"><li class=\"blocks-gallery-item\"><figure><a href=\"https:\/\/buletin.de\/bucuresti\/wp-content\/uploads\/Arcia-8.png\"><img loading=\"lazy\" decoding=\"async\" width=\"293\" height=\"199\" src=\"data:image\/gif;base64,R0lGODlhAQABAAAAACH5BAEKAAEALAAAAAABAAEAAAICTAEAOw==\" data-src=\"https:\/\/buletin.de\/bucuresti\/wp-content\/uploads\/Arcia-8.png\" alt=\"\" data-id=\"14102\" data-full-url=\"https:\/\/buletin.de\/bucuresti\/wp-content\/uploads\/Arcia-8.png\" data-link=\"https:\/\/buletin.de\/bucuresti\/?attachment_id=14102\" class=\"wp-image-14102 lazyload\"\/><\/a><\/figure><\/li><li class=\"blocks-gallery-item\"><figure><a href=\"https:\/\/buletin.de\/bucuresti\/wp-content\/uploads\/arcia-7.png\"><img loading=\"lazy\" decoding=\"async\" width=\"287\" height=\"172\" src=\"data:image\/gif;base64,R0lGODlhAQABAAAAACH5BAEKAAEALAAAAAABAAEAAAICTAEAOw==\" data-src=\"https:\/\/buletin.de\/bucuresti\/wp-content\/uploads\/arcia-7.png\" alt=\"\" data-id=\"14105\" data-full-url=\"https:\/\/buletin.de\/bucuresti\/wp-content\/uploads\/arcia-7.png\" data-link=\"https:\/\/buletin.de\/bucuresti\/?attachment_id=14105\" class=\"wp-image-14105 lazyload\"\/><\/a><\/figure><\/li><\/ul><figcaption class=\"blocks-gallery-caption\"><br><\/figcaption><\/figure>\n\n\n\n<p>\u00cen 2019, <em>Arcia Design Construct S.R.L.<\/em> a primit, de la Prim\u0103ria Otopeni, prin atribuire direct\u0103, \u00eenc\u0103 11 contracte a c\u0103ror valoare se ridic\u0103 lapeste un milion de euro. \u00cen total, firma cu un singur angajat a primit aproape 2 milioane de euro pentru extinderea re\u021belei de ap\u0103 a ora\u0219ului \u00een mai pu\u021bin de 2 ani. <\/p>\n\n\n\n<figure class=\"wp-block-gallery columns-3 is-cropped wp-block-gallery-3 is-layout-flex wp-block-gallery-is-layout-flex\"><ul class=\"blocks-gallery-grid\"><li class=\"blocks-gallery-item\"><figure><a href=\"https:\/\/buletin.de\/bucuresti\/wp-content\/uploads\/a2-1.png\"><img loading=\"lazy\" decoding=\"async\" width=\"900\" height=\"353\" src=\"data:image\/gif;base64,R0lGODlhAQABAAAAACH5BAEKAAEALAAAAAABAAEAAAICTAEAOw==\" data-src=\"https:\/\/buletin.de\/bucuresti\/wp-content\/uploads\/a2-1-900x353.png\" alt=\"\" data-id=\"14106\" data-full-url=\"https:\/\/buletin.de\/bucuresti\/wp-content\/uploads\/a2-1.png\" data-link=\"https:\/\/buletin.de\/bucuresti\/?attachment_id=14106\" class=\"wp-image-14106 lazyload\" data-sizes=\"auto\" data-srcset=\"https:\/\/buletin.de\/bucuresti\/wp-content\/uploads\/a2-1-900x353.png 900w, https:\/\/buletin.de\/bucuresti\/wp-content\/uploads\/a2-1-300x118.png 300w, https:\/\/buletin.de\/bucuresti\/wp-content\/uploads\/a2-1-768x301.png 768w, https:\/\/buletin.de\/bucuresti\/wp-content\/uploads\/a2-1-1060x416.png 1060w, https:\/\/buletin.de\/bucuresti\/wp-content\/uploads\/a2-1-550x216.png 550w, https:\/\/buletin.de\/bucuresti\/wp-content\/uploads\/a2-1-1274x500.png 1274w, https:\/\/buletin.de\/bucuresti\/wp-content\/uploads\/a2-1-600x236.png 600w, https:\/\/buletin.de\/bucuresti\/wp-content\/uploads\/a2-1.png 1289w\" sizes=\"(max-width: 900px) 100vw, 900px\" \/><\/a><\/figure><\/li><li class=\"blocks-gallery-item\"><figure><a href=\"https:\/\/buletin.de\/bucuresti\/wp-content\/uploads\/a1-1.png\"><img loading=\"lazy\" decoding=\"async\" width=\"900\" height=\"373\" src=\"data:image\/gif;base64,R0lGODlhAQABAAAAACH5BAEKAAEALAAAAAABAAEAAAICTAEAOw==\" data-src=\"https:\/\/buletin.de\/bucuresti\/wp-content\/uploads\/a1-1-900x373.png\" alt=\"\" data-id=\"14107\" data-full-url=\"https:\/\/buletin.de\/bucuresti\/wp-content\/uploads\/a1-1.png\" data-link=\"https:\/\/buletin.de\/bucuresti\/?attachment_id=14107\" class=\"wp-image-14107 lazyload\" data-sizes=\"auto\" data-srcset=\"https:\/\/buletin.de\/bucuresti\/wp-content\/uploads\/a1-1-900x373.png 900w, https:\/\/buletin.de\/bucuresti\/wp-content\/uploads\/a1-1-300x124.png 300w, https:\/\/buletin.de\/bucuresti\/wp-content\/uploads\/a1-1-768x318.png 768w, https:\/\/buletin.de\/bucuresti\/wp-content\/uploads\/a1-1-1060x439.png 1060w, https:\/\/buletin.de\/bucuresti\/wp-content\/uploads\/a1-1-550x228.png 550w, https:\/\/buletin.de\/bucuresti\/wp-content\/uploads\/a1-1-1206x500.png 1206w, https:\/\/buletin.de\/bucuresti\/wp-content\/uploads\/a1-1-600x249.png 600w, https:\/\/buletin.de\/bucuresti\/wp-content\/uploads\/a1-1.png 1288w\" sizes=\"(max-width: 900px) 100vw, 900px\" \/><\/a><\/figure><\/li><li class=\"blocks-gallery-item\"><figure><a href=\"https:\/\/buletin.de\/bucuresti\/wp-content\/uploads\/a3-1.png\"><img loading=\"lazy\" decoding=\"async\" width=\"900\" height=\"268\" src=\"data:image\/gif;base64,R0lGODlhAQABAAAAACH5BAEKAAEALAAAAAABAAEAAAICTAEAOw==\" data-src=\"https:\/\/buletin.de\/bucuresti\/wp-content\/uploads\/a3-1-900x268.png\" alt=\"\" data-id=\"14108\" data-full-url=\"https:\/\/buletin.de\/bucuresti\/wp-content\/uploads\/a3-1.png\" data-link=\"https:\/\/buletin.de\/bucuresti\/?attachment_id=14108\" class=\"wp-image-14108 lazyload\" data-sizes=\"auto\" data-srcset=\"https:\/\/buletin.de\/bucuresti\/wp-content\/uploads\/a3-1-900x268.png 900w, https:\/\/buletin.de\/bucuresti\/wp-content\/uploads\/a3-1-300x89.png 300w, https:\/\/buletin.de\/bucuresti\/wp-content\/uploads\/a3-1-768x229.png 768w, https:\/\/buletin.de\/bucuresti\/wp-content\/uploads\/a3-1-1060x316.png 1060w, https:\/\/buletin.de\/bucuresti\/wp-content\/uploads\/a3-1-550x164.png 550w, https:\/\/buletin.de\/bucuresti\/wp-content\/uploads\/a3-1-600x179.png 600w, https:\/\/buletin.de\/bucuresti\/wp-content\/uploads\/a3-1.png 1291w\" sizes=\"(max-width: 900px) 100vw, 900px\" \/><\/a><\/figure><\/li><\/ul><figcaption class=\"blocks-gallery-caption\">Sursa: e-licitatie.ro<\/figcaption><\/figure>\n\n\n\n<p>Reporterii Buletin de Bucure\u0219ti au \u00eencercat s\u0103-l contacteze, \u00een repetate r\u00e2nduri, pe Viorel Aciu, administratorul firmei. Acesta a r\u0103spuns ini\u021bial, apoi a invocat motivul c\u0103 are telefonul desc\u0103rcat \u0219i a \u00eenchis f\u0103r\u0103 a mai r\u0103spunde viitoarelor noastre apeluri.<\/p>\n\n\n\n<h3 class=\"wp-block-heading\"><strong>Iluminat public \u0219i racordare la energie electric\u0103 <\/strong><\/h3>\n\n\n\n<p>Prim\u0103ria Otopeni a investit \u00een perioada pandemiei \u0219i \u00een lucr\u0103ri  de reacordare a unor str\u0103zi la electricitate sau extiderea iluminatului public. <\/p>\n\n\n\n<p>Din 23 aprilie \u0219i p\u00e2n\u0103 \u00een 12 octombrie a \u00eencheiat, prin atribuire direct\u0103, 6 contracte pentru lucr\u0103ri la ilumnatul public din ora\u0219. Valoarea total\u0103 a contractelor a fost de peste 500 mii de euro, iar banii au fost \u00eencasa\u021bi de o singur\u0103 firm\u0103, <em>Orizon Services S.R.L.<\/em><\/p>\n\n\n\n<figure class=\"wp-block-gallery columns-2 is-cropped wp-block-gallery-4 is-layout-flex wp-block-gallery-is-layout-flex\"><ul class=\"blocks-gallery-grid\"><li class=\"blocks-gallery-item\"><figure><a href=\"https:\/\/buletin.de\/bucuresti\/wp-content\/uploads\/Iluminat-1.png\"><img loading=\"lazy\" decoding=\"async\" width=\"900\" height=\"370\" src=\"data:image\/gif;base64,R0lGODlhAQABAAAAACH5BAEKAAEALAAAAAABAAEAAAICTAEAOw==\" data-src=\"https:\/\/buletin.de\/bucuresti\/wp-content\/uploads\/Iluminat-1-900x370.png\" alt=\"\" data-id=\"14234\" data-full-url=\"https:\/\/buletin.de\/bucuresti\/wp-content\/uploads\/Iluminat-1.png\" data-link=\"https:\/\/buletin.de\/bucuresti\/?attachment_id=14234\" class=\"wp-image-14234 lazyload\" data-sizes=\"auto\" data-srcset=\"https:\/\/buletin.de\/bucuresti\/wp-content\/uploads\/Iluminat-1-900x370.png 900w, https:\/\/buletin.de\/bucuresti\/wp-content\/uploads\/Iluminat-1-300x123.png 300w, https:\/\/buletin.de\/bucuresti\/wp-content\/uploads\/Iluminat-1-768x316.png 768w, https:\/\/buletin.de\/bucuresti\/wp-content\/uploads\/Iluminat-1-1060x436.png 1060w, https:\/\/buletin.de\/bucuresti\/wp-content\/uploads\/Iluminat-1-550x226.png 550w, https:\/\/buletin.de\/bucuresti\/wp-content\/uploads\/Iluminat-1-1215x500.png 1215w, https:\/\/buletin.de\/bucuresti\/wp-content\/uploads\/Iluminat-1-600x247.png 600w, https:\/\/buletin.de\/bucuresti\/wp-content\/uploads\/Iluminat-1.png 1290w\" sizes=\"(max-width: 900px) 100vw, 900px\" \/><\/a><\/figure><\/li><li class=\"blocks-gallery-item\"><figure><a href=\"https:\/\/buletin.de\/bucuresti\/wp-content\/uploads\/Iluminat-2.png\"><img loading=\"lazy\" decoding=\"async\" width=\"900\" height=\"178\" src=\"data:image\/gif;base64,R0lGODlhAQABAAAAACH5BAEKAAEALAAAAAABAAEAAAICTAEAOw==\" data-src=\"https:\/\/buletin.de\/bucuresti\/wp-content\/uploads\/Iluminat-2-900x178.png\" alt=\"\" data-id=\"14233\" data-full-url=\"https:\/\/buletin.de\/bucuresti\/wp-content\/uploads\/Iluminat-2.png\" data-link=\"https:\/\/buletin.de\/bucuresti\/?attachment_id=14233\" class=\"wp-image-14233 lazyload\" data-sizes=\"auto\" data-srcset=\"https:\/\/buletin.de\/bucuresti\/wp-content\/uploads\/Iluminat-2-900x178.png 900w, https:\/\/buletin.de\/bucuresti\/wp-content\/uploads\/Iluminat-2-300x59.png 300w, https:\/\/buletin.de\/bucuresti\/wp-content\/uploads\/Iluminat-2-768x152.png 768w, https:\/\/buletin.de\/bucuresti\/wp-content\/uploads\/Iluminat-2-1060x209.png 1060w, https:\/\/buletin.de\/bucuresti\/wp-content\/uploads\/Iluminat-2-550x109.png 550w, https:\/\/buletin.de\/bucuresti\/wp-content\/uploads\/Iluminat-2-600x118.png 600w, https:\/\/buletin.de\/bucuresti\/wp-content\/uploads\/Iluminat-2.png 1292w\" sizes=\"(max-width: 900px) 100vw, 900px\" \/><\/a><\/figure><\/li><\/ul><figcaption class=\"blocks-gallery-caption\">Sursa: e-licitatie.ro<\/figcaption><\/figure>\n\n\n\n<p>\u00centre 16 \u0219i 18 septembrie Orizont Services a mai primit patru contracte \u00een valoare de peste 350 mii de euro tot pentru a racorda la energie electric\u0103 a 4 str\u0103zi din ora\u0219. <\/p>\n\n\n\n<figure class=\"wp-block-image size-large\"><img loading=\"lazy\" decoding=\"async\" width=\"900\" height=\"358\" src=\"data:image\/gif;base64,R0lGODlhAQABAAAAACH5BAEKAAEALAAAAAABAAEAAAICTAEAOw==\" data-src=\"https:\/\/buletin.de\/bucuresti\/wp-content\/uploads\/Racordare--900x358.png\" alt=\"\" class=\"wp-image-14236 lazyload\" data-sizes=\"auto\" data-srcset=\"https:\/\/buletin.de\/bucuresti\/wp-content\/uploads\/Racordare--900x358.png 900w, https:\/\/buletin.de\/bucuresti\/wp-content\/uploads\/Racordare--300x119.png 300w, https:\/\/buletin.de\/bucuresti\/wp-content\/uploads\/Racordare--768x305.png 768w, https:\/\/buletin.de\/bucuresti\/wp-content\/uploads\/Racordare--1060x422.png 1060w, https:\/\/buletin.de\/bucuresti\/wp-content\/uploads\/Racordare--550x219.png 550w, https:\/\/buletin.de\/bucuresti\/wp-content\/uploads\/Racordare--1257x500.png 1257w, https:\/\/buletin.de\/bucuresti\/wp-content\/uploads\/Racordare--600x239.png 600w, https:\/\/buletin.de\/bucuresti\/wp-content\/uploads\/Racordare-.png 1290w\" sizes=\"(max-width: 900px) 100vw, 900px\" \/><figcaption>Sursa: e-licitatie.ro<\/figcaption><\/figure>\n\n\n\n<p>Orizont Services S.R.L. este o firm\u0103 din Otopeni \u00eenfiin\u021bat\u0103 \u00een 2006 de Tiron Valeria \u0219i Bulancea Constantin. Conform Ministerului de Finan\u021be, are 10 angaja\u021bi.  <\/p>\n\n\n\n<figure class=\"wp-block-gallery columns-1 is-cropped wp-block-gallery-5 is-layout-flex wp-block-gallery-is-layout-flex\"><ul class=\"blocks-gallery-grid\"><li class=\"blocks-gallery-item\"><figure><a href=\"https:\/\/buletin.de\/bucuresti\/wp-content\/uploads\/firma-3.png\"><img loading=\"lazy\" decoding=\"async\" width=\"900\" height=\"412\" src=\"data:image\/gif;base64,R0lGODlhAQABAAAAACH5BAEKAAEALAAAAAABAAEAAAICTAEAOw==\" data-src=\"https:\/\/buletin.de\/bucuresti\/wp-content\/uploads\/firma-3-900x412.png\" alt=\"\" data-id=\"14242\" data-full-url=\"https:\/\/buletin.de\/bucuresti\/wp-content\/uploads\/firma-3.png\" data-link=\"https:\/\/buletin.de\/bucuresti\/?attachment_id=14242\" class=\"wp-image-14242 lazyload\" data-sizes=\"auto\" data-srcset=\"https:\/\/buletin.de\/bucuresti\/wp-content\/uploads\/firma-3-900x412.png 900w, https:\/\/buletin.de\/bucuresti\/wp-content\/uploads\/firma-3-300x137.png 300w, https:\/\/buletin.de\/bucuresti\/wp-content\/uploads\/firma-3-768x352.png 768w, https:\/\/buletin.de\/bucuresti\/wp-content\/uploads\/firma-3-1060x486.png 1060w, https:\/\/buletin.de\/bucuresti\/wp-content\/uploads\/firma-3-550x252.png 550w, https:\/\/buletin.de\/bucuresti\/wp-content\/uploads\/firma-3-1091x500.png 1091w, https:\/\/buletin.de\/bucuresti\/wp-content\/uploads\/firma-3-600x275.png 600w, https:\/\/buletin.de\/bucuresti\/wp-content\/uploads\/firma-3.png 1137w\" sizes=\"(max-width: 900px) 100vw, 900px\" \/><\/a><\/figure><\/li><\/ul><figcaption class=\"blocks-gallery-caption\">Sursa: listafirme.ro<\/figcaption><\/figure>\n\n\n\n<p> La fel ca <em>Arcia Design Construct S.R.L<\/em> \u0219i Orizont Services S.R.L. este o firma care a mai primit contracte prin atribuire direct\u0103 de la Prim\u0103ria din Otopeni. \u00cen anul 2019, firma administrat\u0103 de Bulancea Constantin a primit 12 contracte pentru extinderea iluminatului public pe care a \u00eencasat peste 1 milion de euro. <\/p>\n\n\n\n<figure class=\"wp-block-gallery columns-3 is-cropped wp-block-gallery-6 is-layout-flex wp-block-gallery-is-layout-flex\"><ul class=\"blocks-gallery-grid\"><li class=\"blocks-gallery-item\"><figure><a href=\"https:\/\/buletin.de\/bucuresti\/wp-content\/uploads\/o-3.png\"><img loading=\"lazy\" decoding=\"async\" width=\"900\" height=\"358\" src=\"data:image\/gif;base64,R0lGODlhAQABAAAAACH5BAEKAAEALAAAAAABAAEAAAICTAEAOw==\" data-src=\"https:\/\/buletin.de\/bucuresti\/wp-content\/uploads\/o-3-900x358.png\" alt=\"\" data-id=\"14243\" data-full-url=\"https:\/\/buletin.de\/bucuresti\/wp-content\/uploads\/o-3.png\" data-link=\"https:\/\/buletin.de\/bucuresti\/?attachment_id=14243\" class=\"wp-image-14243 lazyload\" data-sizes=\"auto\" data-srcset=\"https:\/\/buletin.de\/bucuresti\/wp-content\/uploads\/o-3-900x358.png 900w, https:\/\/buletin.de\/bucuresti\/wp-content\/uploads\/o-3-300x119.png 300w, https:\/\/buletin.de\/bucuresti\/wp-content\/uploads\/o-3-768x306.png 768w, https:\/\/buletin.de\/bucuresti\/wp-content\/uploads\/o-3-1060x422.png 1060w, https:\/\/buletin.de\/bucuresti\/wp-content\/uploads\/o-3-550x219.png 550w, https:\/\/buletin.de\/bucuresti\/wp-content\/uploads\/o-3-1256x500.png 1256w, https:\/\/buletin.de\/bucuresti\/wp-content\/uploads\/o-3-600x239.png 600w, https:\/\/buletin.de\/bucuresti\/wp-content\/uploads\/o-3.png 1291w\" sizes=\"(max-width: 900px) 100vw, 900px\" \/><\/a><\/figure><\/li><li class=\"blocks-gallery-item\"><figure><a href=\"https:\/\/buletin.de\/bucuresti\/wp-content\/uploads\/o3.png\"><img loading=\"lazy\" decoding=\"async\" width=\"900\" height=\"362\" src=\"data:image\/gif;base64,R0lGODlhAQABAAAAACH5BAEKAAEALAAAAAABAAEAAAICTAEAOw==\" data-src=\"https:\/\/buletin.de\/bucuresti\/wp-content\/uploads\/o3-900x362.png\" alt=\"\" data-id=\"14244\" data-full-url=\"https:\/\/buletin.de\/bucuresti\/wp-content\/uploads\/o3.png\" data-link=\"https:\/\/buletin.de\/bucuresti\/?attachment_id=14244\" class=\"wp-image-14244 lazyload\" data-sizes=\"auto\" data-srcset=\"https:\/\/buletin.de\/bucuresti\/wp-content\/uploads\/o3-900x362.png 900w, https:\/\/buletin.de\/bucuresti\/wp-content\/uploads\/o3-300x121.png 300w, https:\/\/buletin.de\/bucuresti\/wp-content\/uploads\/o3-768x309.png 768w, https:\/\/buletin.de\/bucuresti\/wp-content\/uploads\/o3-1060x426.png 1060w, https:\/\/buletin.de\/bucuresti\/wp-content\/uploads\/o3-550x221.png 550w, https:\/\/buletin.de\/bucuresti\/wp-content\/uploads\/o3-1244x500.png 1244w, https:\/\/buletin.de\/bucuresti\/wp-content\/uploads\/o3-600x241.png 600w, https:\/\/buletin.de\/bucuresti\/wp-content\/uploads\/o3.png 1296w\" sizes=\"(max-width: 900px) 100vw, 900px\" \/><\/a><\/figure><\/li><li class=\"blocks-gallery-item\"><figure><a href=\"https:\/\/buletin.de\/bucuresti\/wp-content\/uploads\/o1.png\"><img loading=\"lazy\" decoding=\"async\" width=\"900\" height=\"373\" src=\"data:image\/gif;base64,R0lGODlhAQABAAAAACH5BAEKAAEALAAAAAABAAEAAAICTAEAOw==\" data-src=\"https:\/\/buletin.de\/bucuresti\/wp-content\/uploads\/o1-900x373.png\" alt=\"\" data-id=\"14245\" data-full-url=\"https:\/\/buletin.de\/bucuresti\/wp-content\/uploads\/o1.png\" data-link=\"https:\/\/buletin.de\/bucuresti\/?attachment_id=14245\" class=\"wp-image-14245 lazyload\" data-sizes=\"auto\" data-srcset=\"https:\/\/buletin.de\/bucuresti\/wp-content\/uploads\/o1-900x373.png 900w, https:\/\/buletin.de\/bucuresti\/wp-content\/uploads\/o1-300x124.png 300w, https:\/\/buletin.de\/bucuresti\/wp-content\/uploads\/o1-768x319.png 768w, https:\/\/buletin.de\/bucuresti\/wp-content\/uploads\/o1-1060x440.png 1060w, https:\/\/buletin.de\/bucuresti\/wp-content\/uploads\/o1-550x228.png 550w, https:\/\/buletin.de\/bucuresti\/wp-content\/uploads\/o1-1206x500.png 1206w, https:\/\/buletin.de\/bucuresti\/wp-content\/uploads\/o1-600x249.png 600w, https:\/\/buletin.de\/bucuresti\/wp-content\/uploads\/o1.png 1290w\" sizes=\"(max-width: 900px) 100vw, 900px\" \/><\/a><\/figure><\/li><\/ul><figcaption class=\"blocks-gallery-caption\">Sursa: e-licitatie.ro<\/figcaption><\/figure>\n\n\n\n<p>Am contactat-o pe Valeria Tiron, asociat\u0103 a firmei Orizont Services S.R.L. pentru a afla mai multe despre aceste achizi\u021bii, dar c\u00e2nd a auzit subiectul discu\u021biei s-a eschivat \u0219i ne-a redirec\u021bionat c\u0103tre so\u021bul ei, Titi Tiron, care conform spuselor lui se ocup\u0103 din partea prim\u0103riei de partea tehnic\u0103 a iluminatului public stradal, fiind \u0219i angajat al firmei <em>Orizont Services S.R.L.<\/em><\/p>\n\n\n\n<figure class=\"wp-block-pullquote\"><blockquote><p><strong>Reporter:<\/strong> Am num\u0103rul dumneavostr\u0103 de la doamna Valeria \u0219i v-am sunat s\u0103 discut\u0103m despre ni\u0219te achizi\u021bii pe care le-a f\u0103cut Prim\u0103ria Otpeni cu firma Orizont Services. Ave\u021bi c\u00e2teva momente? <br><br><strong>Titi Tiron:<\/strong> Haide\u021bi.<br><br><strong>R:<\/strong> Acum m\u0103 uitam peste contractele \u00eencheiate \u0219i am observat c\u0103 \u00eentre 16 \u0219i 18 septembrie au fost \u00eencheiate patru contracte penreu a racorda la energie electric\u0103 patru str\u0103zi din ora\u0219 \u0219i au fost f\u0103cute prin atribuire direct\u0103, nu prin licita\u021bie, de\u0219i suma dep\u0103\u0219e\u0219te 300 mii de euro. De ce s-a procedat a\u0219a?<br><br><strong>T.T.:<\/strong> N-a\u0219 putea s\u0103 v\u0103 dau acum explica\u021bii referitor la treaba asta.<br><br><strong>R:<\/strong> P\u0103i, cum a\u0219a? <br><br><strong>T.T.:<\/strong> Poate adunate toate au fost valoare asta care zice\u021bi dumneavoastr\u0103.<br><br><strong>R:<\/strong> Da, a\u0219a este. \u00cens\u0103, ele av\u00e2nd acela\u0219i obiect, conform legii ar fi trebuit s\u0103 fie f\u0103cut\u0103 licita\u021bie public\u0103.<br><br><strong>T.T.:<\/strong> Da, \u00een momentul \u0103sta chiar nu pot s\u0103 v\u0103 explic. Trebuie s\u0103 \u0219tiu despre ce e vorba, care str\u0103zi, care lucr\u0103ri. <br><br><strong>R:<\/strong> Dac\u0103 vre\u021bi pot s\u0103 v\u0103 spun acum str\u0103zile \u0219i ce sum\u0103 a fost acordat\u0103 pentru fiecare \u00een parte c\u0103 am materialele \u00een fa\u021b\u0103. <br><br><strong>T.T.:<\/strong> N-am \u00een\u021beles exact cu cine stau de vorb\u0103, cine sunte\u021bi dumneavoastr\u0103.<br><br><strong>R:<\/strong> Florin R\u00e2\u0219teiu de la Publica\u021bia Buletin de Bucure\u0219ti. <br><br><strong>T.T.:<\/strong> Dac\u0103 e de discutat ar trebui s\u0103 ne vedem \u0219i s\u0103 punem la punct lucrurile, dac\u0103 ave\u021bi de pus la punct ceva. Prin telefon nu pot s\u0103 v\u0103 dau, eu sunt pe \u0219antier acum, nu am \u00een fa\u021b\u0103 nimic, nu pot s\u0103 v\u0103 dau nicio mare informa\u021bie despre lucrurile astea.<br><br><strong>R:<\/strong> Repet, pot s\u0103 v\u0103 dau acum lucrurile concret. Sunt cu ele \u00een fa\u021b\u0103. <br><br><strong>T.T.: <\/strong>Da, dumneavoastr\u0103 mi le da\u021bi. Sunt lucr\u0103ri care au fost a\u0219a, dar alea sunt pe buc\u0103\u021bi nu au fost toate. Da, au fost toate \u00een acela\u0219i timp, dar pe buc\u0103\u021bi. <br><br><strong>R:<\/strong> Asta e problema. Au fost \u00eemp\u0103r\u021bite pe buc\u0103\u021bi pentru a se evita licita\u021bia public\u0103 \u0219i voiam s\u0103 \u0219tim de ce nu a\u021bi vrut s\u0103 face\u021bi prin licita\u021bie. <br><br><strong>T.T.:<\/strong> Da, deci despre treaba asta putem s\u0103 discut\u0103m \u0219i cu prim\u0103ria \u0219i cu toat\u0103 lumea. <br><br><strong>R:<\/strong> Am sunat la domnul primar de c\u00e2teva ori \u0219i nu a r\u0103spuns. <br><br><strong>T.T.:<\/strong> M\u0103 rog, dac\u0103 d\u00e2nsul nu a r\u0103spuns, eu \u00een momentul \u0103sta nu pot s\u0103 v\u0103 dau explica\u021bie despre treaba asta. \u00cemi da\u021bi un telefon \u0219i \u00eencepe\u021bi s\u0103 m\u0103 lua\u021bi la \u00eentreb\u0103ri. Dac\u0103 vre\u021bi putem s\u0103 ne vedem \u00eentr-o zi \u0219i s\u0103 discut\u0103m despre lucrurile astea. <br><br><strong>R:<\/strong> C\u00e2nd vre\u021bi s\u0103 ne \u00eent\u00e2lnim? <br><br><strong>T.T.:<\/strong> Trebuie s\u0103 discut \u00eent\u00e2i \u0219i cu prim\u0103ria, s\u0103-i rog \u0219i pe ei. Eu nu pot s\u0103 iau o hot\u0103r\u00e2re de unul singur. <br><br><strong>R:<\/strong> P\u0103i da, dar dumneavoastr\u0103 v-a\u021bi ocupat de aceste lucr\u0103ri. De asta doamna Valeria mi-a f\u0103cut leg\u0103tura cu dumneavoastr\u0103. <br><br><strong>T.T.:<\/strong> Doamna Valeria este so\u021bia mea. <br><br><strong>R:<\/strong> P\u0103i, ea este asociat\u0103 \u00een firma Orizon Services. <br><br><strong>T.T.:<\/strong> Da, sigur, este asociat\u0103. <br><br><strong>R:<\/strong> Atunci cum se face c\u0103 dumneavoastr\u0103 a\u021bi gestionat contractele, de\u0219i so\u021bia este asociat\u0103 a firmei? Nu este conflict de interese? <br><br><strong>T.T.:<\/strong> Nu \u0219tiu dac\u0103 este conflict de interese c\u0103 am\u00e2ndoi suntem angaja\u021bi \u00een firm\u0103. <br><br><strong>R: <\/strong>Dumneavoastr\u0103 v\u0103 ocupa\u021bi \u0219i din partea Prim\u0103riei de iluminatul public? <br><br><strong>T.T.:<\/strong> Din partea Prim\u0103riei eu m\u0103 ocup de iluminatul public, fiind angajat al firmei \u0219i eu m\u0103 ocup de partea tehnic\u0103. <br><br><strong>R:<\/strong> \u0218i asta ce presupune mai exact? <br><br><strong>T.T.:<\/strong> Presupune coordonarea \u0219i executarea lucr\u0103rilor.<br><br><strong>R:<\/strong> Dumneavoastr\u0103 sunte\u021bi angajat din partea Prim\u0103riei? <br><br><strong>T.T.:<\/strong> Nu, eu sunt angajat al firmei. Trebuie s\u0103 scurt\u0103m discu\u021bia. V-am zis, dac\u0103 dumneavoastr\u0103 ave\u021bi ceva de discutat, Prim\u0103ria are jurist, dar nu a\u0219a la telefon hodoronc tronc, eu sunt pe \u0219antier \u0219i dumneavoastr\u0103 m\u0103 lua\u021bi la \u00eentreb\u0103ri. <\/p><\/blockquote><\/figure>\n\n\n\n<h3 class=\"wp-block-heading\"><strong>Repara\u021bii blocuri <\/strong><\/h3>\n\n\n\n<p>\u00cen doar 2 zile, \u00een 25 \u0219i 26 martie, Prim\u0103ria condus\u0103 de Constantin Gheorghe a atribuit direct 3 contracte pentru lucr\u0103ri de repara\u021bii \u0219i renovare de blocuri. Valoarea total\u0103 a acestor contracte dep\u0103\u0219e\u0219te 200 mii de euro.<\/p>\n\n\n\n<figure class=\"wp-block-image size-large\"><img loading=\"lazy\" decoding=\"async\" width=\"900\" height=\"278\" src=\"data:image\/gif;base64,R0lGODlhAQABAAAAACH5BAEKAAEALAAAAAABAAEAAAICTAEAOw==\" data-src=\"https:\/\/buletin.de\/bucuresti\/wp-content\/uploads\/total-new-instalatii-1-900x278.png\" alt=\"\" class=\"wp-image-14273 lazyload\" data-sizes=\"auto\" data-srcset=\"https:\/\/buletin.de\/bucuresti\/wp-content\/uploads\/total-new-instalatii-1-900x278.png 900w, https:\/\/buletin.de\/bucuresti\/wp-content\/uploads\/total-new-instalatii-1-300x93.png 300w, https:\/\/buletin.de\/bucuresti\/wp-content\/uploads\/total-new-instalatii-1-768x238.png 768w, https:\/\/buletin.de\/bucuresti\/wp-content\/uploads\/total-new-instalatii-1-1060x328.png 1060w, https:\/\/buletin.de\/bucuresti\/wp-content\/uploads\/total-new-instalatii-1-550x170.png 550w, https:\/\/buletin.de\/bucuresti\/wp-content\/uploads\/total-new-instalatii-1-600x186.png 600w, https:\/\/buletin.de\/bucuresti\/wp-content\/uploads\/total-new-instalatii-1.png 1290w\" sizes=\"(max-width: 900px) 100vw, 900px\" \/><figcaption>Sursa: e-licitatie.ro <\/figcaption><\/figure>\n\n\n\n<p>Banii au fost \u00eencasa\u021bi de <em>Total New Instala\u021bii S.R.L.<\/em>,  o firm\u0103 \u00eenfiin\u021bat\u0103 de Papur\u0103 Elena \u00een urm\u0103 cu trei ani \u0219i care are sediul \u00eentr-un apartament de pe strada Arge\u0219 din otopeni. Mai mult, conform listafirme.ro, firma are 4 angaja\u021bi. <\/p>\n\n\n\n<figure class=\"wp-block-gallery columns-3 is-cropped wp-block-gallery-7 is-layout-flex wp-block-gallery-is-layout-flex\"><ul class=\"blocks-gallery-grid\"><li class=\"blocks-gallery-item\"><figure><a href=\"https:\/\/buletin.de\/bucuresti\/wp-content\/uploads\/total-3.png\"><img loading=\"lazy\" decoding=\"async\" width=\"900\" height=\"119\" src=\"data:image\/gif;base64,R0lGODlhAQABAAAAACH5BAEKAAEALAAAAAABAAEAAAICTAEAOw==\" data-src=\"https:\/\/buletin.de\/bucuresti\/wp-content\/uploads\/total-3-900x119.png\" alt=\"\" data-id=\"14277\" data-full-url=\"https:\/\/buletin.de\/bucuresti\/wp-content\/uploads\/total-3.png\" data-link=\"https:\/\/buletin.de\/bucuresti\/?attachment_id=14277\" class=\"wp-image-14277 lazyload\" data-sizes=\"auto\" data-srcset=\"https:\/\/buletin.de\/bucuresti\/wp-content\/uploads\/total-3-900x119.png 900w, https:\/\/buletin.de\/bucuresti\/wp-content\/uploads\/total-3-300x40.png 300w, https:\/\/buletin.de\/bucuresti\/wp-content\/uploads\/total-3-768x102.png 768w, https:\/\/buletin.de\/bucuresti\/wp-content\/uploads\/total-3-1060x141.png 1060w, https:\/\/buletin.de\/bucuresti\/wp-content\/uploads\/total-3-550x73.png 550w, https:\/\/buletin.de\/bucuresti\/wp-content\/uploads\/total-3-600x80.png 600w, https:\/\/buletin.de\/bucuresti\/wp-content\/uploads\/total-3.png 1139w\" sizes=\"(max-width: 900px) 100vw, 900px\" \/><\/a><\/figure><\/li><li class=\"blocks-gallery-item\"><figure><a href=\"https:\/\/buletin.de\/bucuresti\/wp-content\/uploads\/total-1.png\"><img loading=\"lazy\" decoding=\"async\" width=\"385\" height=\"472\" src=\"data:image\/gif;base64,R0lGODlhAQABAAAAACH5BAEKAAEALAAAAAABAAEAAAICTAEAOw==\" data-src=\"https:\/\/buletin.de\/bucuresti\/wp-content\/uploads\/total-1.png\" alt=\"\" data-id=\"14275\" data-full-url=\"https:\/\/buletin.de\/bucuresti\/wp-content\/uploads\/total-1.png\" data-link=\"https:\/\/buletin.de\/bucuresti\/?attachment_id=14275\" class=\"wp-image-14275 lazyload\" data-sizes=\"auto\" data-srcset=\"https:\/\/buletin.de\/bucuresti\/wp-content\/uploads\/total-1.png 385w, https:\/\/buletin.de\/bucuresti\/wp-content\/uploads\/total-1-245x300.png 245w\" sizes=\"(max-width: 385px) 100vw, 385px\" \/><\/a><\/figure><\/li><li class=\"blocks-gallery-item\"><figure><a href=\"https:\/\/buletin.de\/bucuresti\/wp-content\/uploads\/total-2.png\"><img loading=\"lazy\" decoding=\"async\" width=\"369\" height=\"449\" src=\"data:image\/gif;base64,R0lGODlhAQABAAAAACH5BAEKAAEALAAAAAABAAEAAAICTAEAOw==\" data-src=\"https:\/\/buletin.de\/bucuresti\/wp-content\/uploads\/total-2.png\" alt=\"\" data-id=\"14276\" data-full-url=\"https:\/\/buletin.de\/bucuresti\/wp-content\/uploads\/total-2.png\" data-link=\"https:\/\/buletin.de\/bucuresti\/?attachment_id=14276\" class=\"wp-image-14276 lazyload\" data-sizes=\"auto\" data-srcset=\"https:\/\/buletin.de\/bucuresti\/wp-content\/uploads\/total-2.png 369w, https:\/\/buletin.de\/bucuresti\/wp-content\/uploads\/total-2-247x300.png 247w\" sizes=\"(max-width: 369px) 100vw, 369px\" \/><\/a><\/figure><\/li><\/ul><figcaption class=\"blocks-gallery-caption\">Sursa: listafirme.ro\/ebas<\/figcaption><\/figure>\n\n\n\n<p>Reporterii Buletin de Bucure\u0219ti au luat leg\u0103tura \u0219i cu Elena Papur\u0103 pentru a afla mai multe despre ce s-a \u00eent\u00e2mplat cu aceste achizi\u021bii. despre care ne-a spus c\u0103 nu au fost la ini\u021biativa Total New Instala\u021bii, ci Prim\u0103ria a cerut ofert\u0103 pe SEAP. <\/p>\n\n\n\n<figure class=\"wp-block-pullquote\"><blockquote><p><strong>Reporter: <\/strong>V-am sunat pentru a discuta despre ni\u0219te contracte \u00eencheiate \u00eentre firma dumneavoastr\u0103 \u0219i Prim\u0103ria Otopeni?<br><br><strong>Elena Papur\u0103:<\/strong> Da, spune\u021bi. <br><br><strong>R:<\/strong> M\u0103 uitam peste aceste achizi\u021bii \u0219i am v\u0103zut c\u0103 sunt trei contracte \u00een valoare de peste 200 mii de euro pentru renovarea a trei blocuri. Este adev\u0103rat? <br><br><strong>E.P.:<\/strong> Din ce an?<br><br><strong>R:<\/strong> Din acest an. \u00cen 25 \u0219i 26 martie 2020 au fost atribuite. <br><br><strong>E.P.:<\/strong> Da? <br><br><strong>R:<\/strong> Problema e c\u0103 au acela\u0219i obiect \u0219i dep\u0103\u0219esc 200 mii de euro, iar conform legii, \u00een acest caz ar fi trebuit s\u0103 se fac\u0103 licita\u021bie, dar au fost atribuite direct. Pute\u021bi s\u0103-mi spune\u021bi de ce? <br><br><strong>E.P.:<\/strong> Din p\u0103cate nu pot s\u0103 v\u0103 spun acest lucru. <br><br><strong>R:<\/strong> Cum a\u0219a? <br><br><strong>E.P.:<\/strong> Nu \u0219tiu de ce ne-a\u021bi luat direct. Noi am fost pe SEAP, ne-au luat de pe SEAP, ni s-a cerut o ofert\u0103 \u0219i noi am dat. <br><br><strong>R:<\/strong> \u00cen mod normal pentru achizi\u021biile \u00een domeniul construc\u021biilor care dep\u0103\u0219esc 100 mii de euro trebuie f\u0103cut\u0103 licita\u021bie \u0219i aici v\u0103d c\u0103 \u00een 2 zile s-au atribuit trei contracte de peste 200 mii de euro cumulat. <br><br><strong>E.P.:<\/strong> Am \u00een\u021beles. Da, ce vre\u021bi s\u0103 v\u0103 spun acum c\u0103 nu \u00een\u021beleg. <br><br><strong>R:<\/strong> Voiam s\u0103 \u0219tiu de ce s-a procedat a\u0219a.<br><br><strong>E.P.:<\/strong> V-am spus, prin SEAP s-au f\u0103cut toate aceste oferte. <br><br><strong>R:<\/strong> Vre\u021bi s\u0103 spune\u021bi c\u0103 nu \u0219ti\u021bi nimic despre motivul pentru care nu a fost f\u0103cut\u0103 licita\u021bie public\u0103. <br><br><strong>E.P.:<\/strong> Nu. <\/p><\/blockquote><\/figure>\n\n\n\n<p>Am \u00eencercat \u00een repetate r\u00e2nduri s\u0103-l contact\u0103m telefonic pe Gheorghe Constantin, primarul ora\u0219ului Otopeni, \u00eens\u0103 nu a r\u0103spuns la niciun apel. \u00cen 23 octombrie, am l\u0103sat un mesaj care a r\u0103mas tot f\u0103r\u0103 r\u0103spun din partea edilului. Astfel, am transmis \u00eentreb\u0103rile noastre printr-o cerere, iar c\u00e2nd vom primi un r\u0103spuns o s\u0103 actualiz\u0103m articolul . <\/p>\n\n\n\n<figure class=\"wp-block-image size-large\"><img loading=\"lazy\" decoding=\"async\" width=\"704\" height=\"662\" src=\"data:image\/gif;base64,R0lGODlhAQABAAAAACH5BAEKAAEALAAAAAABAAEAAAICTAEAOw==\" data-src=\"https:\/\/buletin.de\/bucuresti\/wp-content\/uploads\/WhatsApp-Image-2020-10-27-at-23.09.51.jpeg\" alt=\"\" class=\"wp-image-14403 lazyload\" data-sizes=\"auto\" data-srcset=\"https:\/\/buletin.de\/bucuresti\/wp-content\/uploads\/WhatsApp-Image-2020-10-27-at-23.09.51.jpeg 704w, https:\/\/buletin.de\/bucuresti\/wp-content\/uploads\/WhatsApp-Image-2020-10-27-at-23.09.51-300x282.jpeg 300w, https:\/\/buletin.de\/bucuresti\/wp-content\/uploads\/WhatsApp-Image-2020-10-27-at-23.09.51-550x517.jpeg 550w, https:\/\/buletin.de\/bucuresti\/wp-content\/uploads\/WhatsApp-Image-2020-10-27-at-23.09.51-532x500.jpeg 532w, https:\/\/buletin.de\/bucuresti\/wp-content\/uploads\/WhatsApp-Image-2020-10-27-at-23.09.51-600x564.jpeg 600w\" sizes=\"(max-width: 704px) 100vw, 704px\" \/><\/figure>\n\n\n\n<p>Sursa Foto: Otopeniro.ro<\/p>\n\n\n\n<div style=\"height:40px\" aria-hidden=\"true\" class=\"wp-block-spacer\"><\/div>\n\n\n\n<style>\n.disclaimerACF {\ndisplay: block;\nmax-width: 550px;\nmargin-top:-10px;\nmargin-left:auto;\nmargin-right:auto;\n}\n<\/style>\n\n\n\n<p class=\"disclaimerACF has-small-font-size\">Acest articol face parte din <strong><a href=\"https:\/\/buletin.de\/bucuresti\/buletin-de-bucuresti-in-pandemie\/\" data-type=\"URL\" data-id=\"https:\/\/buletin.de\/bucuresti\/buletin-de-bucuresti-in-pandemie\/\" target=\"_blank\" rel=\"noreferrer noopener\">\u201eBuletin de Bucure\u0219ti \u00een pandemie&#8221;<\/a>, <\/strong>o serie \u00een care investig\u0103m achizi\u021biile publice din jude\u021bul Ilfov \u0219i Bucure\u0219ti, \u00een contextul pandemiei Covid-19<\/p>\n\n\n\n<p class=\"has-text-align-left disclaimerACF\" style=\"font-size:12px\"><em>Proiect derulat de Asocia\u021bia Funky Citizens cu sprijinul financiar <a rel=\"noreferrer noopener\" aria-label=\"Active Citizens Fund Rom\u00e2nia (opens in a new tab)\" href=\"https:\/\/activecitizensfund.ro\" target=\"_blank\">Active Citizens Fund Rom\u00e2nia<\/a>, program finan\u021bat de Islanda, Liechtenstein \u0219i Norvegia prin Granturile SEE 2014-2021. Con\u021binutul acestui material nu reprezint\u0103 \u00een mod necesar pozi\u021bia oficial\u0103 a Granturilor SEE \u0219i Norvegiene 2014-2021; pentru mai multe informa\u021bii accesa\u021bi <a href=\"http:\/\/www.eeagrants.org\">www.eeagrants.org<\/a>. Informa\u021bii suplimentare pot fi g\u0103site pe paginile web&nbsp;<a href=\"http:\/\/www.activecitizensfund.ro\/\">www.activecitizensfund.ro<\/a>&nbsp;\u0219i&nbsp;<a href=\"http:\/\/www.eeagrants.org\/\">www.eeagrants.org<\/a>.<\/em><\/p>\n\n\n\n<p class=\"has-text-align-center\"><strong>Lucr\u0103m \u00eempreun\u0103 pentru o Europ\u0103&nbsp;<span style=\"color:#009b75\" class=\"has-inline-color\">verde<\/span>,&nbsp;<span style=\"color:#df4d3e\">competitiv\u0103<\/span>&nbsp;\u0219i&nbsp;<span style=\"color:#006ca7\">incluziv\u0103<\/span><\/strong>.<\/p>\n\n\n\n<p class=\"has-text-align-center\">Proiect derulat de<\/p>\n\n\n\n<div style=\"margin-top: -30px;\" class=\"wp-block-image\"><figure class=\"aligncenter size-large is-resized\"><img decoding=\"async\" src=\"data:image\/gif;base64,R0lGODlhAQABAAAAACH5BAEKAAEALAAAAAABAAEAAAICTAEAOw==\" data-src=\"https:\/\/buletin.de\/bucuresti\/wp-content\/uploads\/logo-funky-citizens-2016-1.png\" alt=\"\" class=\"wp-image-10395 lazyload\" width=\"200\" height=\"NaN\" data-sizes=\"auto\" data-srcset=\"https:\/\/buletin.de\/bucuresti\/wp-content\/uploads\/logo-funky-citizens-2016-1.png 650w, https:\/\/buletin.de\/bucuresti\/wp-content\/uploads\/logo-funky-citizens-2016-1-600x277.png 600w, https:\/\/buletin.de\/bucuresti\/wp-content\/uploads\/logo-funky-citizens-2016-1-300x138.png 300w, https:\/\/buletin.de\/bucuresti\/wp-content\/uploads\/logo-funky-citizens-2016-1-550x254.png 550w\" sizes=\"(max-width: 650px) 100vw, 650px\" \/><\/figure><\/div>\n","protected":false},"excerpt":{"rendered":"<p>Prim\u0103ria Otopeni a cheltuit, din martie \u0219i p\u00e2n\u0103 \u00een octombrie, peste 1,9 milioane de euro pentru lucr\u0103ri electrice, de renovare blocuri sau extinderea re\u021belei de ap\u0103 a ora\u0219ului. Trei firme cu care prim\u0103ria a colaborat \u0219i \u00een trecut au primit 24 de contracte. Conform legii, achizi\u021biile care privesc construc\u021biile pot fi f\u0103cute prin atribuire direct\u0103 [&hellip;]<\/p>\n","protected":false},"author":17,"featured_media":14404,"comment_status":"closed","ping_status":"open","sticky":false,"template":"","format":"standard","meta":{"_acf_changed":false,"inline_featured_image":false,"ngg_post_thumbnail":0,"footnotes":""},"categories":[1585,1432,1,169],"tags":[1799,1801,750,1800],"ppma_author":[22576],"class_list":["post-14067","post","type-post","status-publish","format-standard","has-post-thumbnail","hentry","category-buletin-de-bucuresti-in-pandemie","category-buletin-de-ilfov","category-diverse","category-reportaj","tag-achizitii-in-pandemie-2","tag-iluminat-public","tag-otopeni","tag-retea-apa"],"acf":[],"yoast_head":"<!-- This site is optimized with the Yoast SEO Premium plugin v25.3 (Yoast SEO v27.5) - https:\/\/yoast.com\/product\/yoast-seo-premium-wordpress\/ -->\n<title>Prim\u0103ria Otopeni a cheltuit \u00een c\u00e2teva luni peste 1,9 milioane de euro pentru lucr\u0103ri la re\u021beaua de apa, iluminat public \u0219i renov\u0103ri de blocuri - Buletin de Bucure\u0219ti<\/title>\n<meta name=\"robots\" content=\"index, follow, max-snippet:-1, max-image-preview:large, max-video-preview:-1\" \/>\n<link rel=\"canonical\" href=\"https:\/\/buletin.de\/bucuresti\/primaria-otopeni-a-cheltuit-in-cateva-luni-peste-19-milioane-de-euro-pentru-lucrari-la-reteau-de-apa-iluminat-public-si-renovari-de-blocuri\/\" \/>\n<meta property=\"og:locale\" content=\"en_GB\" \/>\n<meta property=\"og:type\" content=\"article\" \/>\n<meta property=\"og:title\" content=\"Prim\u0103ria Otopeni a cheltuit \u00een c\u00e2teva luni peste 1,9 milioane de euro pentru lucr\u0103ri la re\u021beaua de apa, iluminat public \u0219i renov\u0103ri de blocuri\" \/>\n<meta property=\"og:description\" content=\"Prim\u0103ria Otopeni a cheltuit, din martie \u0219i p\u00e2n\u0103 \u00een octombrie, peste 1,9 milioane de euro pentru lucr\u0103ri electrice, de renovare blocuri sau extinderea re\u021belei de ap\u0103 a ora\u0219ului. Trei firme cu care prim\u0103ria a colaborat \u0219i \u00een trecut au primit 24 de contracte. Conform legii, achizi\u021biile care privesc construc\u021biile pot fi f\u0103cute prin atribuire direct\u0103 [&hellip;]\" \/>\n<meta property=\"og:url\" content=\"https:\/\/buletin.de\/bucuresti\/primaria-otopeni-a-cheltuit-in-cateva-luni-peste-19-milioane-de-euro-pentru-lucrari-la-reteau-de-apa-iluminat-public-si-renovari-de-blocuri\/\" \/>\n<meta property=\"og:site_name\" content=\"Buletin de Bucure\u0219ti\" \/>\n<meta property=\"article:publisher\" content=\"https:\/\/www.facebook.com\/buletin.de.buc\" \/>\n<meta property=\"article:published_time\" content=\"2020-10-28T06:35:36+00:00\" \/>\n<meta property=\"article:modified_time\" content=\"2020-10-28T08:54:08+00:00\" \/>\n<meta property=\"og:image\" content=\"https:\/\/buletin.de\/bucuresti\/wp-content\/uploads\/otopeni_banner_1.jpg\" \/>\n\t<meta property=\"og:image:width\" content=\"1400\" \/>\n\t<meta property=\"og:image:height\" content=\"500\" \/>\n\t<meta property=\"og:image:type\" content=\"image\/jpeg\" \/>\n<meta name=\"author\" content=\"Florin R\u00e2\u0219teiu\" \/>\n<meta name=\"twitter:card\" content=\"summary_large_image\" \/>\n<meta name=\"twitter:label1\" content=\"Written by\" \/>\n\t<meta name=\"twitter:data1\" content=\"Florin R\u00e2\u0219teiu\" \/>\n\t<meta name=\"twitter:label2\" content=\"Estimated reading time\" \/>\n\t<meta name=\"twitter:data2\" content=\"9 minutes\" \/>\n<script type=\"application\/ld+json\" class=\"yoast-schema-graph\">{\"@context\":\"https:\\\/\\\/schema.org\",\"@graph\":[{\"@type\":\"Article\",\"@id\":\"https:\\\/\\\/buletin.de\\\/bucuresti\\\/primaria-otopeni-a-cheltuit-in-cateva-luni-peste-19-milioane-de-euro-pentru-lucrari-la-reteau-de-apa-iluminat-public-si-renovari-de-blocuri\\\/#article\",\"isPartOf\":{\"@id\":\"https:\\\/\\\/buletin.de\\\/bucuresti\\\/primaria-otopeni-a-cheltuit-in-cateva-luni-peste-19-milioane-de-euro-pentru-lucrari-la-reteau-de-apa-iluminat-public-si-renovari-de-blocuri\\\/\"},\"author\":{\"name\":\"Florin R\u00e2\u0219teiu\",\"@id\":\"https:\\\/\\\/buletin.de\\\/bucuresti\\\/#\\\/schema\\\/person\\\/b0686d7a8b666c6afc78239777fd8a89\"},\"headline\":\"Prim\u0103ria Otopeni a cheltuit \u00een c\u00e2teva luni peste 1,9 milioane de euro pentru lucr\u0103ri la re\u021beaua de apa, iluminat public \u0219i renov\u0103ri de blocuri\",\"datePublished\":\"2020-10-28T06:35:36+00:00\",\"dateModified\":\"2020-10-28T08:54:08+00:00\",\"mainEntityOfPage\":{\"@id\":\"https:\\\/\\\/buletin.de\\\/bucuresti\\\/primaria-otopeni-a-cheltuit-in-cateva-luni-peste-19-milioane-de-euro-pentru-lucrari-la-reteau-de-apa-iluminat-public-si-renovari-de-blocuri\\\/\"},\"wordCount\":1820,\"publisher\":{\"@id\":\"https:\\\/\\\/buletin.de\\\/bucuresti\\\/#organization\"},\"image\":{\"@id\":\"https:\\\/\\\/buletin.de\\\/bucuresti\\\/primaria-otopeni-a-cheltuit-in-cateva-luni-peste-19-milioane-de-euro-pentru-lucrari-la-reteau-de-apa-iluminat-public-si-renovari-de-blocuri\\\/#primaryimage\"},\"thumbnailUrl\":\"https:\\\/\\\/buletin.de\\\/bucuresti\\\/wp-content\\\/uploads\\\/otopeni_banner_1.jpg\",\"keywords\":[\"achizi\u021bii \u00een pandemie\",\"iluminat public\",\"otopeni\",\"re\u021bea ap\u0103\"],\"articleSection\":[\"Buletin de Bucure\u0219ti \u00een pandemie\",\"Buletin de Ilfov\",\"Diverse\",\"Reportaj\"],\"inLanguage\":\"en-GB\",\"copyrightYear\":\"2020\",\"copyrightHolder\":{\"@id\":\"https:\\\/\\\/buletin.de\\\/bucuresti\\\/#organization\"}},{\"@type\":\"WebPage\",\"@id\":\"https:\\\/\\\/buletin.de\\\/bucuresti\\\/primaria-otopeni-a-cheltuit-in-cateva-luni-peste-19-milioane-de-euro-pentru-lucrari-la-reteau-de-apa-iluminat-public-si-renovari-de-blocuri\\\/\",\"url\":\"https:\\\/\\\/buletin.de\\\/bucuresti\\\/primaria-otopeni-a-cheltuit-in-cateva-luni-peste-19-milioane-de-euro-pentru-lucrari-la-reteau-de-apa-iluminat-public-si-renovari-de-blocuri\\\/\",\"name\":\"Prim\u0103ria Otopeni a cheltuit \u00een c\u00e2teva luni peste 1,9 milioane de euro pentru lucr\u0103ri la re\u021beaua de apa, iluminat public \u0219i renov\u0103ri de blocuri - Buletin de Bucure\u0219ti\",\"isPartOf\":{\"@id\":\"https:\\\/\\\/buletin.de\\\/bucuresti\\\/#website\"},\"primaryImageOfPage\":{\"@id\":\"https:\\\/\\\/buletin.de\\\/bucuresti\\\/primaria-otopeni-a-cheltuit-in-cateva-luni-peste-19-milioane-de-euro-pentru-lucrari-la-reteau-de-apa-iluminat-public-si-renovari-de-blocuri\\\/#primaryimage\"},\"image\":{\"@id\":\"https:\\\/\\\/buletin.de\\\/bucuresti\\\/primaria-otopeni-a-cheltuit-in-cateva-luni-peste-19-milioane-de-euro-pentru-lucrari-la-reteau-de-apa-iluminat-public-si-renovari-de-blocuri\\\/#primaryimage\"},\"thumbnailUrl\":\"https:\\\/\\\/buletin.de\\\/bucuresti\\\/wp-content\\\/uploads\\\/otopeni_banner_1.jpg\",\"datePublished\":\"2020-10-28T06:35:36+00:00\",\"dateModified\":\"2020-10-28T08:54:08+00:00\",\"breadcrumb\":{\"@id\":\"https:\\\/\\\/buletin.de\\\/bucuresti\\\/primaria-otopeni-a-cheltuit-in-cateva-luni-peste-19-milioane-de-euro-pentru-lucrari-la-reteau-de-apa-iluminat-public-si-renovari-de-blocuri\\\/#breadcrumb\"},\"inLanguage\":\"en-GB\",\"potentialAction\":[{\"@type\":\"ReadAction\",\"target\":[\"https:\\\/\\\/buletin.de\\\/bucuresti\\\/primaria-otopeni-a-cheltuit-in-cateva-luni-peste-19-milioane-de-euro-pentru-lucrari-la-reteau-de-apa-iluminat-public-si-renovari-de-blocuri\\\/\"]}]},{\"@type\":\"ImageObject\",\"inLanguage\":\"en-GB\",\"@id\":\"https:\\\/\\\/buletin.de\\\/bucuresti\\\/primaria-otopeni-a-cheltuit-in-cateva-luni-peste-19-milioane-de-euro-pentru-lucrari-la-reteau-de-apa-iluminat-public-si-renovari-de-blocuri\\\/#primaryimage\",\"url\":\"https:\\\/\\\/buletin.de\\\/bucuresti\\\/wp-content\\\/uploads\\\/otopeni_banner_1.jpg\",\"contentUrl\":\"https:\\\/\\\/buletin.de\\\/bucuresti\\\/wp-content\\\/uploads\\\/otopeni_banner_1.jpg\",\"width\":1400,\"height\":500},{\"@type\":\"BreadcrumbList\",\"@id\":\"https:\\\/\\\/buletin.de\\\/bucuresti\\\/primaria-otopeni-a-cheltuit-in-cateva-luni-peste-19-milioane-de-euro-pentru-lucrari-la-reteau-de-apa-iluminat-public-si-renovari-de-blocuri\\\/#breadcrumb\",\"itemListElement\":[{\"@type\":\"ListItem\",\"position\":1,\"name\":\"Acas\u0103\",\"item\":\"https:\\\/\\\/buletin.de\\\/bucuresti\\\/\"},{\"@type\":\"ListItem\",\"position\":2,\"name\":\"Prim\u0103ria Otopeni a cheltuit \u00een c\u00e2teva luni peste 1,9 milioane de euro pentru lucr\u0103ri la re\u021beaua de apa, iluminat public \u0219i renov\u0103ri de blocuri\"}]},{\"@type\":\"WebSite\",\"@id\":\"https:\\\/\\\/buletin.de\\\/bucuresti\\\/#website\",\"url\":\"https:\\\/\\\/buletin.de\\\/bucuresti\\\/\",\"name\":\"Buletin de Bucure\u0219ti\",\"description\":\"\u0218tiri \u0219i investiga\u021bii esen\u021biale din capital\u0103\",\"publisher\":{\"@id\":\"https:\\\/\\\/buletin.de\\\/bucuresti\\\/#organization\"},\"potentialAction\":[{\"@type\":\"SearchAction\",\"target\":{\"@type\":\"EntryPoint\",\"urlTemplate\":\"https:\\\/\\\/buletin.de\\\/bucuresti\\\/?s={search_term_string}\"},\"query-input\":{\"@type\":\"PropertyValueSpecification\",\"valueRequired\":true,\"valueName\":\"search_term_string\"}}],\"inLanguage\":\"en-GB\"},{\"@type\":\"Organization\",\"@id\":\"https:\\\/\\\/buletin.de\\\/bucuresti\\\/#organization\",\"name\":\"Buletin de Bucure\u0219ti\",\"url\":\"https:\\\/\\\/buletin.de\\\/bucuresti\\\/\",\"logo\":{\"@type\":\"ImageObject\",\"inLanguage\":\"en-GB\",\"@id\":\"https:\\\/\\\/buletin.de\\\/bucuresti\\\/#\\\/schema\\\/logo\\\/image\\\/\",\"url\":\"https:\\\/\\\/buletin.de\\\/bucuresti\\\/wp-content\\\/uploads\\\/logo-bdb-full-wide-vernil-transparent.png\",\"contentUrl\":\"https:\\\/\\\/buletin.de\\\/bucuresti\\\/wp-content\\\/uploads\\\/logo-bdb-full-wide-vernil-transparent.png\",\"width\":1782,\"height\":626,\"caption\":\"Buletin de Bucure\u0219ti\"},\"image\":{\"@id\":\"https:\\\/\\\/buletin.de\\\/bucuresti\\\/#\\\/schema\\\/logo\\\/image\\\/\"},\"sameAs\":[\"https:\\\/\\\/www.facebook.com\\\/buletin.de.buc\",\"https:\\\/\\\/www.instagram.com\\\/buletinde.bucuresti\\\/\"]},{\"@type\":\"Person\",\"@id\":\"https:\\\/\\\/buletin.de\\\/bucuresti\\\/#\\\/schema\\\/person\\\/b0686d7a8b666c6afc78239777fd8a89\",\"name\":\"Florin R\u00e2\u0219teiu\",\"image\":{\"@type\":\"ImageObject\",\"inLanguage\":\"en-GB\",\"@id\":\"https:\\\/\\\/buletin.de\\\/bucuresti\\\/wp-content\\\/uploads\\\/Florin-Rasteiu-96x96.jpgf0a6fe28453aa12f0a60e4d0a2e3a78c\",\"url\":\"https:\\\/\\\/buletin.de\\\/bucuresti\\\/wp-content\\\/uploads\\\/Florin-Rasteiu-96x96.jpg\",\"contentUrl\":\"https:\\\/\\\/buletin.de\\\/bucuresti\\\/wp-content\\\/uploads\\\/Florin-Rasteiu-96x96.jpg\",\"caption\":\"Florin R\u00e2\u0219teiu\"},\"description\":\"Jurnalist de investiga\u021bie. Lucreaz\u0103 de aproape 6 ani la Buletin de Bucure\u0219ti, unde a publicat articole care scot la suprafa\u021b\u0103 corup\u021bia din Capital\u0103. Analizeaz\u0103 baze de date zilnic \u0219i scoate pove\u0219ti din exceluri pline de cifre. Pune reflectorul pe adev\u0103r cu fiecare ocazie. A c\u00e2\u0219tigat premiul I la categoria Pres\u0103 Local\u0103 \u00een 2025 \u0219i locul al II-lea la aceea\u0219i categorie \u00een 2024 \u00een cadrul Premiilor Superscrieri pentru jurnalism independent.\",\"url\":\"https:\\\/\\\/buletin.de\\\/bucuresti\\\/author\\\/florinrasteiu\\\/\"}]}<\/script>\n<!-- \/ Yoast SEO Premium plugin. -->","yoast_head_json":{"title":"Prim\u0103ria Otopeni a cheltuit \u00een c\u00e2teva luni peste 1,9 milioane de euro pentru lucr\u0103ri la re\u021beaua de apa, iluminat public \u0219i renov\u0103ri de blocuri - Buletin de Bucure\u0219ti","robots":{"index":"index","follow":"follow","max-snippet":"max-snippet:-1","max-image-preview":"max-image-preview:large","max-video-preview":"max-video-preview:-1"},"canonical":"https:\/\/buletin.de\/bucuresti\/primaria-otopeni-a-cheltuit-in-cateva-luni-peste-19-milioane-de-euro-pentru-lucrari-la-reteau-de-apa-iluminat-public-si-renovari-de-blocuri\/","og_locale":"en_GB","og_type":"article","og_title":"Prim\u0103ria Otopeni a cheltuit \u00een c\u00e2teva luni peste 1,9 milioane de euro pentru lucr\u0103ri la re\u021beaua de apa, iluminat public \u0219i renov\u0103ri de blocuri","og_description":"Prim\u0103ria Otopeni a cheltuit, din martie \u0219i p\u00e2n\u0103 \u00een octombrie, peste 1,9 milioane de euro pentru lucr\u0103ri electrice, de renovare blocuri sau extinderea re\u021belei de ap\u0103 a ora\u0219ului. Trei firme cu care prim\u0103ria a colaborat \u0219i \u00een trecut au primit 24 de contracte. Conform legii, achizi\u021biile care privesc construc\u021biile pot fi f\u0103cute prin atribuire direct\u0103 [&hellip;]","og_url":"https:\/\/buletin.de\/bucuresti\/primaria-otopeni-a-cheltuit-in-cateva-luni-peste-19-milioane-de-euro-pentru-lucrari-la-reteau-de-apa-iluminat-public-si-renovari-de-blocuri\/","og_site_name":"Buletin de Bucure\u0219ti","article_publisher":"https:\/\/www.facebook.com\/buletin.de.buc","article_published_time":"2020-10-28T06:35:36+00:00","article_modified_time":"2020-10-28T08:54:08+00:00","og_image":[{"width":1400,"height":500,"url":"https:\/\/buletin.de\/bucuresti\/wp-content\/uploads\/otopeni_banner_1.jpg","type":"image\/jpeg"}],"author":"Florin R\u00e2\u0219teiu","twitter_card":"summary_large_image","twitter_misc":{"Written by":"Florin R\u00e2\u0219teiu","Estimated reading time":"9 minutes"},"schema":{"@context":"https:\/\/schema.org","@graph":[{"@type":"Article","@id":"https:\/\/buletin.de\/bucuresti\/primaria-otopeni-a-cheltuit-in-cateva-luni-peste-19-milioane-de-euro-pentru-lucrari-la-reteau-de-apa-iluminat-public-si-renovari-de-blocuri\/#article","isPartOf":{"@id":"https:\/\/buletin.de\/bucuresti\/primaria-otopeni-a-cheltuit-in-cateva-luni-peste-19-milioane-de-euro-pentru-lucrari-la-reteau-de-apa-iluminat-public-si-renovari-de-blocuri\/"},"author":{"name":"Florin R\u00e2\u0219teiu","@id":"https:\/\/buletin.de\/bucuresti\/#\/schema\/person\/b0686d7a8b666c6afc78239777fd8a89"},"headline":"Prim\u0103ria Otopeni a cheltuit \u00een c\u00e2teva luni peste 1,9 milioane de euro pentru lucr\u0103ri la re\u021beaua de apa, iluminat public \u0219i renov\u0103ri de blocuri","datePublished":"2020-10-28T06:35:36+00:00","dateModified":"2020-10-28T08:54:08+00:00","mainEntityOfPage":{"@id":"https:\/\/buletin.de\/bucuresti\/primaria-otopeni-a-cheltuit-in-cateva-luni-peste-19-milioane-de-euro-pentru-lucrari-la-reteau-de-apa-iluminat-public-si-renovari-de-blocuri\/"},"wordCount":1820,"publisher":{"@id":"https:\/\/buletin.de\/bucuresti\/#organization"},"image":{"@id":"https:\/\/buletin.de\/bucuresti\/primaria-otopeni-a-cheltuit-in-cateva-luni-peste-19-milioane-de-euro-pentru-lucrari-la-reteau-de-apa-iluminat-public-si-renovari-de-blocuri\/#primaryimage"},"thumbnailUrl":"https:\/\/buletin.de\/bucuresti\/wp-content\/uploads\/otopeni_banner_1.jpg","keywords":["achizi\u021bii \u00een pandemie","iluminat public","otopeni","re\u021bea ap\u0103"],"articleSection":["Buletin de Bucure\u0219ti \u00een pandemie","Buletin de Ilfov","Diverse","Reportaj"],"inLanguage":"en-GB","copyrightYear":"2020","copyrightHolder":{"@id":"https:\/\/buletin.de\/bucuresti\/#organization"}},{"@type":"WebPage","@id":"https:\/\/buletin.de\/bucuresti\/primaria-otopeni-a-cheltuit-in-cateva-luni-peste-19-milioane-de-euro-pentru-lucrari-la-reteau-de-apa-iluminat-public-si-renovari-de-blocuri\/","url":"https:\/\/buletin.de\/bucuresti\/primaria-otopeni-a-cheltuit-in-cateva-luni-peste-19-milioane-de-euro-pentru-lucrari-la-reteau-de-apa-iluminat-public-si-renovari-de-blocuri\/","name":"Prim\u0103ria Otopeni a cheltuit \u00een c\u00e2teva luni peste 1,9 milioane de euro pentru lucr\u0103ri la re\u021beaua de apa, iluminat public \u0219i renov\u0103ri de blocuri - Buletin de Bucure\u0219ti","isPartOf":{"@id":"https:\/\/buletin.de\/bucuresti\/#website"},"primaryImageOfPage":{"@id":"https:\/\/buletin.de\/bucuresti\/primaria-otopeni-a-cheltuit-in-cateva-luni-peste-19-milioane-de-euro-pentru-lucrari-la-reteau-de-apa-iluminat-public-si-renovari-de-blocuri\/#primaryimage"},"image":{"@id":"https:\/\/buletin.de\/bucuresti\/primaria-otopeni-a-cheltuit-in-cateva-luni-peste-19-milioane-de-euro-pentru-lucrari-la-reteau-de-apa-iluminat-public-si-renovari-de-blocuri\/#primaryimage"},"thumbnailUrl":"https:\/\/buletin.de\/bucuresti\/wp-content\/uploads\/otopeni_banner_1.jpg","datePublished":"2020-10-28T06:35:36+00:00","dateModified":"2020-10-28T08:54:08+00:00","breadcrumb":{"@id":"https:\/\/buletin.de\/bucuresti\/primaria-otopeni-a-cheltuit-in-cateva-luni-peste-19-milioane-de-euro-pentru-lucrari-la-reteau-de-apa-iluminat-public-si-renovari-de-blocuri\/#breadcrumb"},"inLanguage":"en-GB","potentialAction":[{"@type":"ReadAction","target":["https:\/\/buletin.de\/bucuresti\/primaria-otopeni-a-cheltuit-in-cateva-luni-peste-19-milioane-de-euro-pentru-lucrari-la-reteau-de-apa-iluminat-public-si-renovari-de-blocuri\/"]}]},{"@type":"ImageObject","inLanguage":"en-GB","@id":"https:\/\/buletin.de\/bucuresti\/primaria-otopeni-a-cheltuit-in-cateva-luni-peste-19-milioane-de-euro-pentru-lucrari-la-reteau-de-apa-iluminat-public-si-renovari-de-blocuri\/#primaryimage","url":"https:\/\/buletin.de\/bucuresti\/wp-content\/uploads\/otopeni_banner_1.jpg","contentUrl":"https:\/\/buletin.de\/bucuresti\/wp-content\/uploads\/otopeni_banner_1.jpg","width":1400,"height":500},{"@type":"BreadcrumbList","@id":"https:\/\/buletin.de\/bucuresti\/primaria-otopeni-a-cheltuit-in-cateva-luni-peste-19-milioane-de-euro-pentru-lucrari-la-reteau-de-apa-iluminat-public-si-renovari-de-blocuri\/#breadcrumb","itemListElement":[{"@type":"ListItem","position":1,"name":"Acas\u0103","item":"https:\/\/buletin.de\/bucuresti\/"},{"@type":"ListItem","position":2,"name":"Prim\u0103ria Otopeni a cheltuit \u00een c\u00e2teva luni peste 1,9 milioane de euro pentru lucr\u0103ri la re\u021beaua de apa, iluminat public \u0219i renov\u0103ri de blocuri"}]},{"@type":"WebSite","@id":"https:\/\/buletin.de\/bucuresti\/#website","url":"https:\/\/buletin.de\/bucuresti\/","name":"Buletin de Bucure\u0219ti","description":"\u0218tiri \u0219i investiga\u021bii esen\u021biale din capital\u0103","publisher":{"@id":"https:\/\/buletin.de\/bucuresti\/#organization"},"potentialAction":[{"@type":"SearchAction","target":{"@type":"EntryPoint","urlTemplate":"https:\/\/buletin.de\/bucuresti\/?s={search_term_string}"},"query-input":{"@type":"PropertyValueSpecification","valueRequired":true,"valueName":"search_term_string"}}],"inLanguage":"en-GB"},{"@type":"Organization","@id":"https:\/\/buletin.de\/bucuresti\/#organization","name":"Buletin de Bucure\u0219ti","url":"https:\/\/buletin.de\/bucuresti\/","logo":{"@type":"ImageObject","inLanguage":"en-GB","@id":"https:\/\/buletin.de\/bucuresti\/#\/schema\/logo\/image\/","url":"https:\/\/buletin.de\/bucuresti\/wp-content\/uploads\/logo-bdb-full-wide-vernil-transparent.png","contentUrl":"https:\/\/buletin.de\/bucuresti\/wp-content\/uploads\/logo-bdb-full-wide-vernil-transparent.png","width":1782,"height":626,"caption":"Buletin de Bucure\u0219ti"},"image":{"@id":"https:\/\/buletin.de\/bucuresti\/#\/schema\/logo\/image\/"},"sameAs":["https:\/\/www.facebook.com\/buletin.de.buc","https:\/\/www.instagram.com\/buletinde.bucuresti\/"]},{"@type":"Person","@id":"https:\/\/buletin.de\/bucuresti\/#\/schema\/person\/b0686d7a8b666c6afc78239777fd8a89","name":"Florin R\u00e2\u0219teiu","image":{"@type":"ImageObject","inLanguage":"en-GB","@id":"https:\/\/buletin.de\/bucuresti\/wp-content\/uploads\/Florin-Rasteiu-96x96.jpgf0a6fe28453aa12f0a60e4d0a2e3a78c","url":"https:\/\/buletin.de\/bucuresti\/wp-content\/uploads\/Florin-Rasteiu-96x96.jpg","contentUrl":"https:\/\/buletin.de\/bucuresti\/wp-content\/uploads\/Florin-Rasteiu-96x96.jpg","caption":"Florin R\u00e2\u0219teiu"},"description":"Jurnalist de investiga\u021bie. Lucreaz\u0103 de aproape 6 ani la Buletin de Bucure\u0219ti, unde a publicat articole care scot la suprafa\u021b\u0103 corup\u021bia din Capital\u0103. Analizeaz\u0103 baze de date zilnic \u0219i scoate pove\u0219ti din exceluri pline de cifre. Pune reflectorul pe adev\u0103r cu fiecare ocazie. A c\u00e2\u0219tigat premiul I la categoria Pres\u0103 Local\u0103 \u00een 2025 \u0219i locul al II-lea la aceea\u0219i categorie \u00een 2024 \u00een cadrul Premiilor Superscrieri pentru jurnalism independent.","url":"https:\/\/buletin.de\/bucuresti\/author\/florinrasteiu\/"}]}},"authors":[{"term_id":22576,"user_id":17,"is_guest":0,"slug":"florinrasteiu","display_name":"Florin R\u00e2\u0219teiu","avatar_url":"https:\/\/buletin.de\/bucuresti\/wp-content\/uploads\/Florin-Rasteiu-96x96.jpg","0":null,"1":"","2":"","3":"","4":"","5":"","6":"","7":"","8":""}],"_links":{"self":[{"href":"https:\/\/buletin.de\/bucuresti\/wp-json\/wp\/v2\/posts\/14067","targetHints":{"allow":["GET"]}}],"collection":[{"href":"https:\/\/buletin.de\/bucuresti\/wp-json\/wp\/v2\/posts"}],"about":[{"href":"https:\/\/buletin.de\/bucuresti\/wp-json\/wp\/v2\/types\/post"}],"author":[{"embeddable":true,"href":"https:\/\/buletin.de\/bucuresti\/wp-json\/wp\/v2\/users\/17"}],"replies":[{"embeddable":true,"href":"https:\/\/buletin.de\/bucuresti\/wp-json\/wp\/v2\/comments?post=14067"}],"version-history":[{"count":14,"href":"https:\/\/buletin.de\/bucuresti\/wp-json\/wp\/v2\/posts\/14067\/revisions"}],"predecessor-version":[{"id":14434,"href":"https:\/\/buletin.de\/bucuresti\/wp-json\/wp\/v2\/posts\/14067\/revisions\/14434"}],"wp:featuredmedia":[{"embeddable":true,"href":"https:\/\/buletin.de\/bucuresti\/wp-json\/wp\/v2\/media\/14404"}],"wp:attachment":[{"href":"https:\/\/buletin.de\/bucuresti\/wp-json\/wp\/v2\/media?parent=14067"}],"wp:term":[{"taxonomy":"category","embeddable":true,"href":"https:\/\/buletin.de\/bucuresti\/wp-json\/wp\/v2\/categories?post=14067"},{"taxonomy":"post_tag","embeddable":true,"href":"https:\/\/buletin.de\/bucuresti\/wp-json\/wp\/v2\/tags?post=14067"},{"taxonomy":"author","embeddable":true,"href":"https:\/\/buletin.de\/bucuresti\/wp-json\/wp\/v2\/ppma_author?post=14067"}],"curies":[{"name":"wp","href":"https:\/\/api.w.org\/{rel}","templated":true}]}}