{"id":139749,"date":"2025-07-18T14:47:29","date_gmt":"2025-07-18T11:47:29","guid":{"rendered":"https:\/\/buletin.de\/bucuresti\/?p=139749"},"modified":"2025-07-18T14:47:30","modified_gmt":"2025-07-18T11:47:30","slug":"trei-linii-de-tramvai-cu-program-prelungit-duminica-pentru-meciul-rapid-cfr-cluj","status":"publish","type":"post","link":"https:\/\/buletin.de\/bucuresti\/trei-linii-de-tramvai-cu-program-prelungit-duminica-pentru-meciul-rapid-cfr-cluj\/","title":{"rendered":"Trei linii de tramvai cu program prelungit, duminic\u0103, pentru meciul Rapid &#8211; CFR Cluj"},"content":{"rendered":"\n<p><strong>Liniile de tramvai <strong>11, 41 \u0219i 44<\/strong>\u00a0vor avea un program de circula\u021bie mai lung\u00a0duminic\u0103, 20.07.2025, pentru a asigura transportul spectatorilor de la meciul Rapid &#8211; CFR Cluj. Meciul este programat s\u0103 \u00eenceap\u0103 pe Stadionul \u201eGiule\u0219ti\u201d la ora 21:30.<\/strong><\/p>\n\n\n\n<h2 class=\"wp-block-heading\" id=\"h-orele-de-func\u021bionare\">Orele de func\u021bionare<\/h2>\n\n\n\n<p>Potrivit unui <a href=\"https:\/\/tpbi.ro\/tpbi-prelungeste-programul-a-trei-linii-de-transport-in-comun-pentru-preluarea-spectatorilor-meciului-rapid-cfr-cluj-2\/\" target=\"_blank\" rel=\"noreferrer noopener\">comunicat de pres\u0103<\/a> al Asocia\u021biei de Dezvoltare Intercomunitare pentru Transport Public Bucure\u0219ti-Ilfov (TPBI), programul dup\u0103 care vor func\u021biona vehiculele pentru meciul Rapid &#8211; CFR Cluj.<\/p>\n\n\n\n<ul class=\"wp-block-list\">\n<li>orele estimate de trecere ale tramvaielor&nbsp;<strong>liniei 11&nbsp;<\/strong>\u00een zona stadionului sunt:&nbsp;<strong>23.21 \u0219i 23.41<\/strong>&nbsp;pe sensul spre&nbsp;<strong>\u201eCartier Giule\u0219ti\u201d<\/strong>, respectiv&nbsp;<strong>23.40 \u0219i 00.00<\/strong>&nbsp;pe sensul spre&nbsp;<strong>\u201eZe\u021barilor\u201d<\/strong>.<\/li>\n\n\n\n<li>orele estimate de trecere ale tramvaielor&nbsp;<strong>liniei 41&nbsp;<\/strong>\u00een zona stadionului sunt&nbsp;<strong>23.30, 23.37, 23.45, 23.50, 23.55, 00.00, 00.10, 00.20 \u0219i 00.25<\/strong>&nbsp;pe sensul spre&nbsp;<strong>\u201eGhencea\u201d<\/strong>, respectiv&nbsp;<strong>23.05, 23.15, 23.20, 23.30, 23.40 \u0219i 23.45<\/strong>&nbsp;pe sensul spre&nbsp;<strong>\u201ePia\u021ba Presei\u201d<\/strong>.<\/li>\n\n\n\n<li>ultima trecere a tramvaielor&nbsp;<strong>liniei 44&nbsp;<\/strong>\u00een zona stadionului, pe sensul spre&nbsp;<strong>\u201eVasile P\u00e2rvan\u201d<\/strong> va avea loc \u00een jurul orei&nbsp;<strong>23.30,<\/strong>&nbsp;iar pe sensul spre&nbsp;<strong>\u201eCartier Giule\u0219ti\u201d<\/strong>&nbsp;\u2013 la ora estimat\u0103&nbsp;<strong>00.00<\/strong>.<\/li>\n<\/ul>\n\n\n\n<p>De asemenea, spectatorii prezen\u021bi pe Stadionul \u201eGiule\u0219ti\u201d se pot \u00eentoarce acas\u0103 \u0219i cu vehiculele liniei N110, care circul\u0103 \u00eentre&nbsp;\u201ePia\u021ba Unirii\u201d&nbsp;\u0219i&nbsp;\u201eCartier Giule\u0219ti\u201d. Intervalul de succesiune al autobuzelor pe aceast\u0103 linie este de 30 de minute.<\/p>\n\n\n\n<p><strong>CITE\u0218TE \u0218I: <a href=\"https:\/\/buletin.de\/bucuresti\/video-dezastru-dupa-furtuna-din-capitala-o-femeie-de-49-de-ani-a-murit\/\" target=\"_blank\" rel=\"noreferrer noopener\">VIDEO | Dezastru dup\u0103 furtuna din Capital\u0103 \u0219i Ilfov. O femeie de 49 de ani a murit. Au c\u0103zut 44 de copaci, au fost avariate patru acoperi\u0219uri \u0219i 15 autoturisme<\/a><\/strong><\/p>\n\n\n\n<h2 class=\"wp-block-heading\" id=\"h-alte-trei-linii-vor-circula-deviat-duminica\">Alte trei linii vor circula deviat, duminic\u0103<\/h2>\n\n\n\n<p><strong>Trei linii STB vor circula pe un traseu modificat, duminic\u0103, potrivit companiei de transport din Capital\u0103. Liniile 100, 203, 205 vor suferi devieri cu ocazia s\u0103rb\u0103toririi \u201eZilei Avia\u021biei Rom\u00e2ne \u0219i a For\u021belor Aeriene\u201d, ce este programat\u0103 pentru data de 20 iulie.<\/strong><\/p>\n\n\n\n<p>Astfel, liniile 100 \u0219i 203 vor circula pe un traseu modificat, pe breteaua pasajului Victoriei, Bd. Iancu de Hunedoara, Calea Doroban\u021bi, Pia\u021ba Charles de Gaulle, Bd. Constantin Prezan, apoi revenind pe traseul de baz\u0103. Sensul opus nu este afectat pentru niciuna dintre cele dou\u0103 linii.<\/p>\n\n\n\n<p>C\u00e2t despre linia 205, aceasta va func\u021biona pe sensul c\u0103tre terminal \u201eM Str\u0103ule\u0219ti\u201d pe traseul de baz\u0103 \u00eentre terminalul \u201ePia\u021ba Unirii 2\u201d \u0219i intersec\u021bia Str. Buze\u0219ti\/ Pia\u021ba Victoriei, apoi pe un traseu modificat pe breteaua pasajului Victoriei, Bd. Iancu de Hunedoara, Calea Doroban\u021bi, p\u00e2n\u0103 la Pia\u021ba Charles de Gaulle. Mai apoi, pe sensul c\u0103tre Pia\u021ba Unirii, se vor aplica restric\u021biile de cirula\u021bie&nbsp;impuse de evenimentul \u201e<em>Str\u0103zi Deschise \u2013 Bucure\u0219ti Promenad\u0103 Urban\u0103<\/em>\u201d.<\/p>\n\n\n\n<p><strong>CITE\u0218TE \u0218I: <a href=\"https:\/\/buletin.de\/bucuresti\/foto-incendiu-la-un-magazin-din-sectorul-6-cu-extindere-spre-un-hotel\/\" target=\"_blank\" rel=\"noreferrer noopener\">FOTO | Incendiu la un magazin din Sectorul 6, cu extindere spre un hotel<\/a><\/strong><\/p>\n","protected":false},"excerpt":{"rendered":"<p>Liniile de tramvai 11, 41 \u0219i 44\u00a0vor avea un program de circula\u021bie mai lung\u00a0duminic\u0103, 20.07.2025, pentru a asigura transportul spectatorilor de la meciul Rapid &#8211; CFR Cluj. Meciul este programat s\u0103 \u00eenceap\u0103 pe Stadionul \u201eGiule\u0219ti\u201d la ora 21:30. Orele de func\u021bionare Potrivit unui comunicat de pres\u0103 al Asocia\u021biei de Dezvoltare Intercomunitare pentru Transport Public Bucure\u0219ti-Ilfov [&hellip;]<\/p>\n","protected":false},"author":61,"featured_media":139761,"comment_status":"closed","ping_status":"open","sticky":false,"template":"","format":"standard","meta":{"_acf_changed":false,"inline_featured_image":false,"ngg_post_thumbnail":0,"footnotes":""},"categories":[6994,62,650],"tags":[22840,6025,1494,6026,5959,22842,22841,2842],"ppma_author":[22577],"class_list":["post-139749","post","type-post","status-publish","format-standard","has-post-thumbnail","hentry","category-stiri-2","category-stiri","category-transport","tag-cfr-rapid","tag-linia-11","tag-linia-41","tag-linia-44","tag-meci","tag-program-stb-prelungit","tag-stadion-giulesti","tag-tpbi"],"acf":[],"yoast_head":"<!-- This site is optimized with the Yoast SEO Premium plugin v25.3 (Yoast SEO v27.4) - https:\/\/yoast.com\/product\/yoast-seo-premium-wordpress\/ -->\n<title>Trei linii de tramvai cu program prelungit, duminic\u0103, pentru meciul Rapid - CFR Cluj - Buletin de Bucure\u0219ti<\/title>\n<meta name=\"description\" content=\"Liniile 11, 41 \u0219i 44\u00a0vor avea un program de circula\u021bie mai lung\u00a0duminic\u0103, pentru meciul de fotbal Rapid - CFR Cluj.\" \/>\n<meta name=\"robots\" content=\"index, follow, max-snippet:-1, max-image-preview:large, max-video-preview:-1\" \/>\n<link rel=\"canonical\" href=\"https:\/\/buletin.de\/bucuresti\/trei-linii-de-tramvai-cu-program-prelungit-duminica-pentru-meciul-rapid-cfr-cluj\/\" \/>\n<meta property=\"og:locale\" content=\"en_GB\" \/>\n<meta property=\"og:type\" content=\"article\" \/>\n<meta property=\"og:title\" content=\"Trei linii de tramvai cu program prelungit, duminic\u0103, pentru meciul Rapid - CFR Cluj\" \/>\n<meta property=\"og:description\" content=\"Liniile 11, 41 \u0219i 44\u00a0vor avea un program de circula\u021bie mai lung\u00a0duminic\u0103, pentru meciul de fotbal Rapid - CFR Cluj.\" \/>\n<meta property=\"og:url\" content=\"https:\/\/buletin.de\/bucuresti\/trei-linii-de-tramvai-cu-program-prelungit-duminica-pentru-meciul-rapid-cfr-cluj\/\" \/>\n<meta property=\"og:site_name\" content=\"Buletin de Bucure\u0219ti\" \/>\n<meta property=\"article:publisher\" content=\"https:\/\/www.facebook.com\/buletin.de.buc\" \/>\n<meta property=\"article:published_time\" content=\"2025-07-18T11:47:29+00:00\" \/>\n<meta property=\"article:modified_time\" content=\"2025-07-18T11:47:30+00:00\" \/>\n<meta property=\"og:image\" content=\"https:\/\/buletin.de\/bucuresti\/wp-content\/uploads\/2025\/07\/44-Giulesti_Tatra-1000x632.png\" \/>\n\t<meta property=\"og:image:width\" content=\"1000\" \/>\n\t<meta property=\"og:image:height\" content=\"632\" \/>\n\t<meta property=\"og:image:type\" content=\"image\/png\" \/>\n<meta name=\"author\" content=\"Alexandru Stan\" \/>\n<meta name=\"twitter:card\" content=\"summary_large_image\" \/>\n<meta name=\"twitter:label1\" content=\"Written by\" \/>\n\t<meta name=\"twitter:data1\" content=\"Alexandru Stan\" \/>\n\t<meta name=\"twitter:label2\" content=\"Estimated reading time\" \/>\n\t<meta name=\"twitter:data2\" content=\"3 minutes\" \/>\n<script type=\"application\/ld+json\" class=\"yoast-schema-graph\">{\"@context\":\"https:\\\/\\\/schema.org\",\"@graph\":[{\"@type\":\"Article\",\"@id\":\"https:\\\/\\\/buletin.de\\\/bucuresti\\\/trei-linii-de-tramvai-cu-program-prelungit-duminica-pentru-meciul-rapid-cfr-cluj\\\/#article\",\"isPartOf\":{\"@id\":\"https:\\\/\\\/buletin.de\\\/bucuresti\\\/trei-linii-de-tramvai-cu-program-prelungit-duminica-pentru-meciul-rapid-cfr-cluj\\\/\"},\"author\":{\"name\":\"Alexandru Stan\",\"@id\":\"https:\\\/\\\/buletin.de\\\/bucuresti\\\/#\\\/schema\\\/person\\\/104a46bbe8be6e336fecf63974383951\"},\"headline\":\"Trei linii de tramvai cu program prelungit, duminic\u0103, pentru meciul Rapid &#8211; CFR Cluj\",\"datePublished\":\"2025-07-18T11:47:29+00:00\",\"dateModified\":\"2025-07-18T11:47:30+00:00\",\"mainEntityOfPage\":{\"@id\":\"https:\\\/\\\/buletin.de\\\/bucuresti\\\/trei-linii-de-tramvai-cu-program-prelungit-duminica-pentru-meciul-rapid-cfr-cluj\\\/\"},\"wordCount\":458,\"publisher\":{\"@id\":\"https:\\\/\\\/buletin.de\\\/bucuresti\\\/#organization\"},\"image\":{\"@id\":\"https:\\\/\\\/buletin.de\\\/bucuresti\\\/trei-linii-de-tramvai-cu-program-prelungit-duminica-pentru-meciul-rapid-cfr-cluj\\\/#primaryimage\"},\"thumbnailUrl\":\"https:\\\/\\\/buletin.de\\\/bucuresti\\\/wp-content\\\/uploads\\\/2025\\\/07\\\/44-Giulesti_Tatra.png\",\"keywords\":[\"CFR - Rapid\",\"linia 11\",\"linia 41\",\"linia 44\",\"meci\",\"program stb prelungit\",\"Stadion Giulesti\",\"tpbi\"],\"articleSection\":[\"Articole\",\"\u0218tiri\",\"Transport\"],\"inLanguage\":\"en-GB\",\"copyrightYear\":\"2025\",\"copyrightHolder\":{\"@id\":\"https:\\\/\\\/buletin.de\\\/bucuresti\\\/#organization\"}},{\"@type\":\"WebPage\",\"@id\":\"https:\\\/\\\/buletin.de\\\/bucuresti\\\/trei-linii-de-tramvai-cu-program-prelungit-duminica-pentru-meciul-rapid-cfr-cluj\\\/\",\"url\":\"https:\\\/\\\/buletin.de\\\/bucuresti\\\/trei-linii-de-tramvai-cu-program-prelungit-duminica-pentru-meciul-rapid-cfr-cluj\\\/\",\"name\":\"Trei linii de tramvai cu program prelungit, duminic\u0103, pentru meciul Rapid - CFR Cluj - Buletin de Bucure\u0219ti\",\"isPartOf\":{\"@id\":\"https:\\\/\\\/buletin.de\\\/bucuresti\\\/#website\"},\"primaryImageOfPage\":{\"@id\":\"https:\\\/\\\/buletin.de\\\/bucuresti\\\/trei-linii-de-tramvai-cu-program-prelungit-duminica-pentru-meciul-rapid-cfr-cluj\\\/#primaryimage\"},\"image\":{\"@id\":\"https:\\\/\\\/buletin.de\\\/bucuresti\\\/trei-linii-de-tramvai-cu-program-prelungit-duminica-pentru-meciul-rapid-cfr-cluj\\\/#primaryimage\"},\"thumbnailUrl\":\"https:\\\/\\\/buletin.de\\\/bucuresti\\\/wp-content\\\/uploads\\\/2025\\\/07\\\/44-Giulesti_Tatra.png\",\"datePublished\":\"2025-07-18T11:47:29+00:00\",\"dateModified\":\"2025-07-18T11:47:30+00:00\",\"description\":\"Liniile 11, 41 \u0219i 44\u00a0vor avea un program de circula\u021bie mai lung\u00a0duminic\u0103, pentru meciul de fotbal Rapid - CFR Cluj.\",\"breadcrumb\":{\"@id\":\"https:\\\/\\\/buletin.de\\\/bucuresti\\\/trei-linii-de-tramvai-cu-program-prelungit-duminica-pentru-meciul-rapid-cfr-cluj\\\/#breadcrumb\"},\"inLanguage\":\"en-GB\",\"potentialAction\":[{\"@type\":\"ReadAction\",\"target\":[\"https:\\\/\\\/buletin.de\\\/bucuresti\\\/trei-linii-de-tramvai-cu-program-prelungit-duminica-pentru-meciul-rapid-cfr-cluj\\\/\"]}]},{\"@type\":\"ImageObject\",\"inLanguage\":\"en-GB\",\"@id\":\"https:\\\/\\\/buletin.de\\\/bucuresti\\\/trei-linii-de-tramvai-cu-program-prelungit-duminica-pentru-meciul-rapid-cfr-cluj\\\/#primaryimage\",\"url\":\"https:\\\/\\\/buletin.de\\\/bucuresti\\\/wp-content\\\/uploads\\\/2025\\\/07\\\/44-Giulesti_Tatra.png\",\"contentUrl\":\"https:\\\/\\\/buletin.de\\\/bucuresti\\\/wp-content\\\/uploads\\\/2025\\\/07\\\/44-Giulesti_Tatra.png\",\"width\":2000,\"height\":1264,\"caption\":\"Trei linii de tramvai cu program prelungit, duminic\u0103, pentru meciul Rapid Bucure\u0219ti \u2013 CFR Cluj | FOTO: TPBI\"},{\"@type\":\"BreadcrumbList\",\"@id\":\"https:\\\/\\\/buletin.de\\\/bucuresti\\\/trei-linii-de-tramvai-cu-program-prelungit-duminica-pentru-meciul-rapid-cfr-cluj\\\/#breadcrumb\",\"itemListElement\":[{\"@type\":\"ListItem\",\"position\":1,\"name\":\"Acas\u0103\",\"item\":\"https:\\\/\\\/buletin.de\\\/bucuresti\\\/\"},{\"@type\":\"ListItem\",\"position\":2,\"name\":\"Trei linii de tramvai cu program prelungit, duminic\u0103, pentru meciul Rapid &#8211; CFR Cluj\"}]},{\"@type\":\"WebSite\",\"@id\":\"https:\\\/\\\/buletin.de\\\/bucuresti\\\/#website\",\"url\":\"https:\\\/\\\/buletin.de\\\/bucuresti\\\/\",\"name\":\"Buletin de Bucure\u0219ti\",\"description\":\"\u0218tiri \u0219i investiga\u021bii esen\u021biale din capital\u0103\",\"publisher\":{\"@id\":\"https:\\\/\\\/buletin.de\\\/bucuresti\\\/#organization\"},\"potentialAction\":[{\"@type\":\"SearchAction\",\"target\":{\"@type\":\"EntryPoint\",\"urlTemplate\":\"https:\\\/\\\/buletin.de\\\/bucuresti\\\/?s={search_term_string}\"},\"query-input\":{\"@type\":\"PropertyValueSpecification\",\"valueRequired\":true,\"valueName\":\"search_term_string\"}}],\"inLanguage\":\"en-GB\"},{\"@type\":\"Organization\",\"@id\":\"https:\\\/\\\/buletin.de\\\/bucuresti\\\/#organization\",\"name\":\"Buletin de Bucure\u0219ti\",\"url\":\"https:\\\/\\\/buletin.de\\\/bucuresti\\\/\",\"logo\":{\"@type\":\"ImageObject\",\"inLanguage\":\"en-GB\",\"@id\":\"https:\\\/\\\/buletin.de\\\/bucuresti\\\/#\\\/schema\\\/logo\\\/image\\\/\",\"url\":\"https:\\\/\\\/buletin.de\\\/bucuresti\\\/wp-content\\\/uploads\\\/logo-bdb-full-wide-vernil-transparent.png\",\"contentUrl\":\"https:\\\/\\\/buletin.de\\\/bucuresti\\\/wp-content\\\/uploads\\\/logo-bdb-full-wide-vernil-transparent.png\",\"width\":1782,\"height\":626,\"caption\":\"Buletin de Bucure\u0219ti\"},\"image\":{\"@id\":\"https:\\\/\\\/buletin.de\\\/bucuresti\\\/#\\\/schema\\\/logo\\\/image\\\/\"},\"sameAs\":[\"https:\\\/\\\/www.facebook.com\\\/buletin.de.buc\",\"https:\\\/\\\/www.instagram.com\\\/buletinde.bucuresti\\\/\"]},{\"@type\":\"Person\",\"@id\":\"https:\\\/\\\/buletin.de\\\/bucuresti\\\/#\\\/schema\\\/person\\\/104a46bbe8be6e336fecf63974383951\",\"name\":\"Alexandru Stan\",\"image\":{\"@type\":\"ImageObject\",\"inLanguage\":\"en-GB\",\"@id\":\"https:\\\/\\\/buletin.de\\\/bucuresti\\\/wp-content\\\/uploads\\\/2025\\\/12\\\/IMG-20251216-WA0045-e1766134343668-96x96.jpgd0ca12809ae3e1d27116a2afe8926544\",\"url\":\"https:\\\/\\\/buletin.de\\\/bucuresti\\\/wp-content\\\/uploads\\\/2025\\\/12\\\/IMG-20251216-WA0045-e1766134343668-96x96.jpg\",\"contentUrl\":\"https:\\\/\\\/buletin.de\\\/bucuresti\\\/wp-content\\\/uploads\\\/2025\\\/12\\\/IMG-20251216-WA0045-e1766134343668-96x96.jpg\",\"caption\":\"Alexandru Stan\"},\"description\":\"Sunt elev la un colegiu de prestigiu din Capital\u0103 \u0219i reporter la Buletin de Bucure\u0219ti. M-am n\u0103scut \u0219i am crescut cu m\u00e2ndrie \u00een Capital\u0103, ora\u0219 al pove\u0219tilor, al tramvaiului tras de cai \u0219i al c\u0103su\u021belor cu porti\u021b\u0103 \u0219i ci\u0219mea. Prin articolele mele, m\u0103 str\u0103duiesc s\u0103 descriu cu acurate\u021be via\u021ba din Bucure\u0219ti pe ecranele cititorilor no\u0219tri \u0219i \u00eencerc totodat\u0103 s\u0103 fac accesibile subiecte de interes general tuturor, de la mic la mare.\",\"url\":\"https:\\\/\\\/buletin.de\\\/bucuresti\\\/author\\\/alexandru-stan\\\/\"}]}<\/script>\n<!-- \/ Yoast SEO Premium plugin. -->","yoast_head_json":{"title":"Trei linii de tramvai cu program prelungit, duminic\u0103, pentru meciul Rapid - CFR Cluj - Buletin de Bucure\u0219ti","description":"Liniile 11, 41 \u0219i 44\u00a0vor avea un program de circula\u021bie mai lung\u00a0duminic\u0103, pentru meciul de fotbal Rapid - CFR Cluj.","robots":{"index":"index","follow":"follow","max-snippet":"max-snippet:-1","max-image-preview":"max-image-preview:large","max-video-preview":"max-video-preview:-1"},"canonical":"https:\/\/buletin.de\/bucuresti\/trei-linii-de-tramvai-cu-program-prelungit-duminica-pentru-meciul-rapid-cfr-cluj\/","og_locale":"en_GB","og_type":"article","og_title":"Trei linii de tramvai cu program prelungit, duminic\u0103, pentru meciul Rapid - CFR Cluj","og_description":"Liniile 11, 41 \u0219i 44\u00a0vor avea un program de circula\u021bie mai lung\u00a0duminic\u0103, pentru meciul de fotbal Rapid - CFR Cluj.","og_url":"https:\/\/buletin.de\/bucuresti\/trei-linii-de-tramvai-cu-program-prelungit-duminica-pentru-meciul-rapid-cfr-cluj\/","og_site_name":"Buletin de Bucure\u0219ti","article_publisher":"https:\/\/www.facebook.com\/buletin.de.buc","article_published_time":"2025-07-18T11:47:29+00:00","article_modified_time":"2025-07-18T11:47:30+00:00","og_image":[{"width":1000,"height":632,"url":"https:\/\/buletin.de\/bucuresti\/wp-content\/uploads\/2025\/07\/44-Giulesti_Tatra-1000x632.png","type":"image\/png"}],"author":"Alexandru Stan","twitter_card":"summary_large_image","twitter_misc":{"Written by":"Alexandru Stan","Estimated reading time":"3 minutes"},"schema":{"@context":"https:\/\/schema.org","@graph":[{"@type":"Article","@id":"https:\/\/buletin.de\/bucuresti\/trei-linii-de-tramvai-cu-program-prelungit-duminica-pentru-meciul-rapid-cfr-cluj\/#article","isPartOf":{"@id":"https:\/\/buletin.de\/bucuresti\/trei-linii-de-tramvai-cu-program-prelungit-duminica-pentru-meciul-rapid-cfr-cluj\/"},"author":{"name":"Alexandru Stan","@id":"https:\/\/buletin.de\/bucuresti\/#\/schema\/person\/104a46bbe8be6e336fecf63974383951"},"headline":"Trei linii de tramvai cu program prelungit, duminic\u0103, pentru meciul Rapid &#8211; CFR Cluj","datePublished":"2025-07-18T11:47:29+00:00","dateModified":"2025-07-18T11:47:30+00:00","mainEntityOfPage":{"@id":"https:\/\/buletin.de\/bucuresti\/trei-linii-de-tramvai-cu-program-prelungit-duminica-pentru-meciul-rapid-cfr-cluj\/"},"wordCount":458,"publisher":{"@id":"https:\/\/buletin.de\/bucuresti\/#organization"},"image":{"@id":"https:\/\/buletin.de\/bucuresti\/trei-linii-de-tramvai-cu-program-prelungit-duminica-pentru-meciul-rapid-cfr-cluj\/#primaryimage"},"thumbnailUrl":"https:\/\/buletin.de\/bucuresti\/wp-content\/uploads\/2025\/07\/44-Giulesti_Tatra.png","keywords":["CFR - Rapid","linia 11","linia 41","linia 44","meci","program stb prelungit","Stadion Giulesti","tpbi"],"articleSection":["Articole","\u0218tiri","Transport"],"inLanguage":"en-GB","copyrightYear":"2025","copyrightHolder":{"@id":"https:\/\/buletin.de\/bucuresti\/#organization"}},{"@type":"WebPage","@id":"https:\/\/buletin.de\/bucuresti\/trei-linii-de-tramvai-cu-program-prelungit-duminica-pentru-meciul-rapid-cfr-cluj\/","url":"https:\/\/buletin.de\/bucuresti\/trei-linii-de-tramvai-cu-program-prelungit-duminica-pentru-meciul-rapid-cfr-cluj\/","name":"Trei linii de tramvai cu program prelungit, duminic\u0103, pentru meciul Rapid - CFR Cluj - Buletin de Bucure\u0219ti","isPartOf":{"@id":"https:\/\/buletin.de\/bucuresti\/#website"},"primaryImageOfPage":{"@id":"https:\/\/buletin.de\/bucuresti\/trei-linii-de-tramvai-cu-program-prelungit-duminica-pentru-meciul-rapid-cfr-cluj\/#primaryimage"},"image":{"@id":"https:\/\/buletin.de\/bucuresti\/trei-linii-de-tramvai-cu-program-prelungit-duminica-pentru-meciul-rapid-cfr-cluj\/#primaryimage"},"thumbnailUrl":"https:\/\/buletin.de\/bucuresti\/wp-content\/uploads\/2025\/07\/44-Giulesti_Tatra.png","datePublished":"2025-07-18T11:47:29+00:00","dateModified":"2025-07-18T11:47:30+00:00","description":"Liniile 11, 41 \u0219i 44\u00a0vor avea un program de circula\u021bie mai lung\u00a0duminic\u0103, pentru meciul de fotbal Rapid - CFR Cluj.","breadcrumb":{"@id":"https:\/\/buletin.de\/bucuresti\/trei-linii-de-tramvai-cu-program-prelungit-duminica-pentru-meciul-rapid-cfr-cluj\/#breadcrumb"},"inLanguage":"en-GB","potentialAction":[{"@type":"ReadAction","target":["https:\/\/buletin.de\/bucuresti\/trei-linii-de-tramvai-cu-program-prelungit-duminica-pentru-meciul-rapid-cfr-cluj\/"]}]},{"@type":"ImageObject","inLanguage":"en-GB","@id":"https:\/\/buletin.de\/bucuresti\/trei-linii-de-tramvai-cu-program-prelungit-duminica-pentru-meciul-rapid-cfr-cluj\/#primaryimage","url":"https:\/\/buletin.de\/bucuresti\/wp-content\/uploads\/2025\/07\/44-Giulesti_Tatra.png","contentUrl":"https:\/\/buletin.de\/bucuresti\/wp-content\/uploads\/2025\/07\/44-Giulesti_Tatra.png","width":2000,"height":1264,"caption":"Trei linii de tramvai cu program prelungit, duminic\u0103, pentru meciul Rapid Bucure\u0219ti \u2013 CFR Cluj | FOTO: TPBI"},{"@type":"BreadcrumbList","@id":"https:\/\/buletin.de\/bucuresti\/trei-linii-de-tramvai-cu-program-prelungit-duminica-pentru-meciul-rapid-cfr-cluj\/#breadcrumb","itemListElement":[{"@type":"ListItem","position":1,"name":"Acas\u0103","item":"https:\/\/buletin.de\/bucuresti\/"},{"@type":"ListItem","position":2,"name":"Trei linii de tramvai cu program prelungit, duminic\u0103, pentru meciul Rapid &#8211; CFR Cluj"}]},{"@type":"WebSite","@id":"https:\/\/buletin.de\/bucuresti\/#website","url":"https:\/\/buletin.de\/bucuresti\/","name":"Buletin de Bucure\u0219ti","description":"\u0218tiri \u0219i investiga\u021bii esen\u021biale din capital\u0103","publisher":{"@id":"https:\/\/buletin.de\/bucuresti\/#organization"},"potentialAction":[{"@type":"SearchAction","target":{"@type":"EntryPoint","urlTemplate":"https:\/\/buletin.de\/bucuresti\/?s={search_term_string}"},"query-input":{"@type":"PropertyValueSpecification","valueRequired":true,"valueName":"search_term_string"}}],"inLanguage":"en-GB"},{"@type":"Organization","@id":"https:\/\/buletin.de\/bucuresti\/#organization","name":"Buletin de Bucure\u0219ti","url":"https:\/\/buletin.de\/bucuresti\/","logo":{"@type":"ImageObject","inLanguage":"en-GB","@id":"https:\/\/buletin.de\/bucuresti\/#\/schema\/logo\/image\/","url":"https:\/\/buletin.de\/bucuresti\/wp-content\/uploads\/logo-bdb-full-wide-vernil-transparent.png","contentUrl":"https:\/\/buletin.de\/bucuresti\/wp-content\/uploads\/logo-bdb-full-wide-vernil-transparent.png","width":1782,"height":626,"caption":"Buletin de Bucure\u0219ti"},"image":{"@id":"https:\/\/buletin.de\/bucuresti\/#\/schema\/logo\/image\/"},"sameAs":["https:\/\/www.facebook.com\/buletin.de.buc","https:\/\/www.instagram.com\/buletinde.bucuresti\/"]},{"@type":"Person","@id":"https:\/\/buletin.de\/bucuresti\/#\/schema\/person\/104a46bbe8be6e336fecf63974383951","name":"Alexandru Stan","image":{"@type":"ImageObject","inLanguage":"en-GB","@id":"https:\/\/buletin.de\/bucuresti\/wp-content\/uploads\/2025\/12\/IMG-20251216-WA0045-e1766134343668-96x96.jpgd0ca12809ae3e1d27116a2afe8926544","url":"https:\/\/buletin.de\/bucuresti\/wp-content\/uploads\/2025\/12\/IMG-20251216-WA0045-e1766134343668-96x96.jpg","contentUrl":"https:\/\/buletin.de\/bucuresti\/wp-content\/uploads\/2025\/12\/IMG-20251216-WA0045-e1766134343668-96x96.jpg","caption":"Alexandru Stan"},"description":"Sunt elev la un colegiu de prestigiu din Capital\u0103 \u0219i reporter la Buletin de Bucure\u0219ti. M-am n\u0103scut \u0219i am crescut cu m\u00e2ndrie \u00een Capital\u0103, ora\u0219 al pove\u0219tilor, al tramvaiului tras de cai \u0219i al c\u0103su\u021belor cu porti\u021b\u0103 \u0219i ci\u0219mea. Prin articolele mele, m\u0103 str\u0103duiesc s\u0103 descriu cu acurate\u021be via\u021ba din Bucure\u0219ti pe ecranele cititorilor no\u0219tri \u0219i \u00eencerc totodat\u0103 s\u0103 fac accesibile subiecte de interes general tuturor, de la mic la mare.","url":"https:\/\/buletin.de\/bucuresti\/author\/alexandru-stan\/"}]}},"authors":[{"term_id":22577,"user_id":61,"is_guest":0,"slug":"alexandru-stan","display_name":"Alexandru Stan","avatar_url":"https:\/\/buletin.de\/bucuresti\/wp-content\/uploads\/2025\/12\/IMG-20251216-WA0045-e1766134343668-96x96.jpg","0":null,"1":"","2":"","3":"","4":"","5":"","6":"","7":"","8":""}],"_links":{"self":[{"href":"https:\/\/buletin.de\/bucuresti\/wp-json\/wp\/v2\/posts\/139749","targetHints":{"allow":["GET"]}}],"collection":[{"href":"https:\/\/buletin.de\/bucuresti\/wp-json\/wp\/v2\/posts"}],"about":[{"href":"https:\/\/buletin.de\/bucuresti\/wp-json\/wp\/v2\/types\/post"}],"author":[{"embeddable":true,"href":"https:\/\/buletin.de\/bucuresti\/wp-json\/wp\/v2\/users\/61"}],"replies":[{"embeddable":true,"href":"https:\/\/buletin.de\/bucuresti\/wp-json\/wp\/v2\/comments?post=139749"}],"version-history":[{"count":2,"href":"https:\/\/buletin.de\/bucuresti\/wp-json\/wp\/v2\/posts\/139749\/revisions"}],"predecessor-version":[{"id":139787,"href":"https:\/\/buletin.de\/bucuresti\/wp-json\/wp\/v2\/posts\/139749\/revisions\/139787"}],"wp:featuredmedia":[{"embeddable":true,"href":"https:\/\/buletin.de\/bucuresti\/wp-json\/wp\/v2\/media\/139761"}],"wp:attachment":[{"href":"https:\/\/buletin.de\/bucuresti\/wp-json\/wp\/v2\/media?parent=139749"}],"wp:term":[{"taxonomy":"category","embeddable":true,"href":"https:\/\/buletin.de\/bucuresti\/wp-json\/wp\/v2\/categories?post=139749"},{"taxonomy":"post_tag","embeddable":true,"href":"https:\/\/buletin.de\/bucuresti\/wp-json\/wp\/v2\/tags?post=139749"},{"taxonomy":"author","embeddable":true,"href":"https:\/\/buletin.de\/bucuresti\/wp-json\/wp\/v2\/ppma_author?post=139749"}],"curies":[{"name":"wp","href":"https:\/\/api.w.org\/{rel}","templated":true}]}}