{"id":13936,"date":"2020-10-16T18:10:21","date_gmt":"2020-10-16T15:10:21","guid":{"rendered":"https:\/\/buletin.de\/bucuresti\/?p=13936"},"modified":"2020-10-16T18:11:45","modified_gmt":"2020-10-16T15:11:45","slug":"gcs-publica-tabelul-cu-incidenta-pe-judete-281-in-bucuresti","status":"publish","type":"post","link":"https:\/\/buletin.de\/bucuresti\/gcs-publica-tabelul-cu-incidenta-pe-judete-281-in-bucuresti\/","title":{"rendered":"GCS public\u0103 tabelul cu inciden\u021ba pe jude\u021be &#8211; 2,81 \u00een Bucure\u0219ti"},"content":{"rendered":"\n<p>La ora 17:55, Grupul de Comunicare Strategic\u0103 a publicat datele cu privire la ratele de infectare pe mia de locuitori din toate jude\u021bele Rom\u00e2niei, dup\u0103 ce ieri, doar datele pe Bucure\u0219ti au fost publicate.<\/p>\n\n\n\n<p>Aceste date pot fi regasite mai jos:<\/p>\n\n\n\n<figure class=\"wp-block-image size-large\"><img fetchpriority=\"high\" decoding=\"async\" width=\"900\" height=\"559\" src=\"data:image\/gif;base64,R0lGODlhAQABAAAAACH5BAEKAAEALAAAAAABAAEAAAICTAEAOw==\" data-src=\"https:\/\/buletin.de\/bucuresti\/wp-content\/uploads\/gcs-16-oct-900x559.png\" alt=\"\" class=\"wp-image-13940 lazyload\" data-sizes=\"auto\" data-srcset=\"https:\/\/buletin.de\/bucuresti\/wp-content\/uploads\/gcs-16-oct-900x559.png 900w, https:\/\/buletin.de\/bucuresti\/wp-content\/uploads\/gcs-16-oct-300x186.png 300w, https:\/\/buletin.de\/bucuresti\/wp-content\/uploads\/gcs-16-oct-768x477.png 768w, https:\/\/buletin.de\/bucuresti\/wp-content\/uploads\/gcs-16-oct-550x342.png 550w, https:\/\/buletin.de\/bucuresti\/wp-content\/uploads\/gcs-16-oct-805x500.png 805w, https:\/\/buletin.de\/bucuresti\/wp-content\/uploads\/gcs-16-oct-600x373.png 600w, https:\/\/buletin.de\/bucuresti\/wp-content\/uploads\/gcs-16-oct.png 927w\" sizes=\"(max-width: 900px) 100vw, 900px\" \/><\/figure>\n\n\n\n<p>V\u0103 reamintim c\u0103 rata este calculat\u0103 conform <a href=\"https:\/\/buletin.de\/bucuresti\/dupa-trei-zile-de-balbe-grupul-de-comunicare-strategica-clarifica-de-unde-apar-diferentele-din-date\/\">cr<\/a><a href=\"https:\/\/buletin.de\/bucuresti\/dupa-trei-zile-de-balbe-grupul-de-comunicare-strategica-clarifica-de-unde-apar-diferentele-din-date\/\" target=\"_blank\" rel=\"noreferrer noopener\">iteriilor<\/a><a href=\"https:\/\/buletin.de\/bucuresti\/dupa-trei-zile-de-balbe-grupul-de-comunicare-strategica-clarifica-de-unde-apar-diferentele-din-date\/\"> <\/a>publicate de aceea\u0219i institu\u021bie tot pe 16 octombrie.<\/p>\n","protected":false},"excerpt":{"rendered":"<p>La ora 17:55, Grupul de Comunicare Strategic\u0103 a publicat datele cu privire la ratele de infectare pe mia de locuitori din toate jude\u021bele Rom\u00e2niei, dup\u0103 ce ieri, doar datele pe Bucure\u0219ti au fost publicate. Aceste date pot fi regasite mai jos: V\u0103 reamintim c\u0103 rata este calculat\u0103 conform criteriilor publicate de aceea\u0219i institu\u021bie tot pe [&hellip;]<\/p>\n","protected":false},"author":19,"featured_media":13940,"comment_status":"closed","ping_status":"open","sticky":false,"template":"","format":"standard","meta":{"_acf_changed":false,"inline_featured_image":false,"ngg_post_thumbnail":0,"footnotes":""},"categories":[996,4,62],"tags":[529,1279,1732],"ppma_author":[22594],"class_list":["post-13936","post","type-post","status-publish","format-standard","has-post-thumbnail","hentry","category-covid-19","category-sanatate","category-stiri","tag-coronavirus","tag-grupul-de-comunicare-strategica","tag-rata-infectare"],"acf":[],"yoast_head":"<!-- This site is optimized with the Yoast SEO Premium plugin v25.3 (Yoast SEO v27.5) - https:\/\/yoast.com\/product\/yoast-seo-premium-wordpress\/ -->\n<title>GCS public\u0103 tabelul cu inciden\u021ba pe jude\u021be - 2,81 \u00een Bucure\u0219ti - Buletin de Bucure\u0219ti<\/title>\n<meta name=\"robots\" content=\"index, follow, max-snippet:-1, max-image-preview:large, max-video-preview:-1\" \/>\n<link rel=\"canonical\" href=\"https:\/\/buletin.de\/bucuresti\/gcs-publica-tabelul-cu-incidenta-pe-judete-281-in-bucuresti\/\" \/>\n<meta property=\"og:locale\" content=\"en_GB\" \/>\n<meta property=\"og:type\" content=\"article\" \/>\n<meta property=\"og:title\" content=\"GCS public\u0103 tabelul cu inciden\u021ba pe jude\u021be - 2,81 \u00een Bucure\u0219ti\" \/>\n<meta property=\"og:description\" content=\"La ora 17:55, Grupul de Comunicare Strategic\u0103 a publicat datele cu privire la ratele de infectare pe mia de locuitori din toate jude\u021bele Rom\u00e2niei, dup\u0103 ce ieri, doar datele pe Bucure\u0219ti au fost publicate. Aceste date pot fi regasite mai jos: V\u0103 reamintim c\u0103 rata este calculat\u0103 conform criteriilor publicate de aceea\u0219i institu\u021bie tot pe [&hellip;]\" \/>\n<meta property=\"og:url\" content=\"https:\/\/buletin.de\/bucuresti\/gcs-publica-tabelul-cu-incidenta-pe-judete-281-in-bucuresti\/\" \/>\n<meta property=\"og:site_name\" content=\"Buletin de Bucure\u0219ti\" \/>\n<meta property=\"article:publisher\" content=\"https:\/\/www.facebook.com\/buletin.de.buc\" \/>\n<meta property=\"article:published_time\" content=\"2020-10-16T15:10:21+00:00\" \/>\n<meta property=\"article:modified_time\" content=\"2020-10-16T15:11:45+00:00\" \/>\n<meta property=\"og:image\" content=\"https:\/\/buletin.de\/bucuresti\/wp-content\/uploads\/gcs-16-oct.png\" \/>\n\t<meta property=\"og:image:width\" content=\"927\" \/>\n\t<meta property=\"og:image:height\" content=\"576\" \/>\n\t<meta property=\"og:image:type\" content=\"image\/png\" \/>\n<meta name=\"author\" content=\"\u0218tefan G\u00e2lm\u0103\" \/>\n<meta name=\"twitter:card\" content=\"summary_large_image\" \/>\n<meta name=\"twitter:label1\" content=\"Written by\" \/>\n\t<meta name=\"twitter:data1\" content=\"\u0218tefan G\u00e2lm\u0103\" \/>\n<script type=\"application\/ld+json\" class=\"yoast-schema-graph\">{\"@context\":\"https:\\\/\\\/schema.org\",\"@graph\":[{\"@type\":\"Article\",\"@id\":\"https:\\\/\\\/buletin.de\\\/bucuresti\\\/gcs-publica-tabelul-cu-incidenta-pe-judete-281-in-bucuresti\\\/#article\",\"isPartOf\":{\"@id\":\"https:\\\/\\\/buletin.de\\\/bucuresti\\\/gcs-publica-tabelul-cu-incidenta-pe-judete-281-in-bucuresti\\\/\"},\"author\":{\"name\":\"\u0218tefan G\u00e2lm\u0103\",\"@id\":\"https:\\\/\\\/buletin.de\\\/bucuresti\\\/#\\\/schema\\\/person\\\/71c51bf4ee1ece1fa65269bae3f4f8f4\"},\"headline\":\"GCS public\u0103 tabelul cu inciden\u021ba pe jude\u021be &#8211; 2,81 \u00een Bucure\u0219ti\",\"datePublished\":\"2020-10-16T15:10:21+00:00\",\"dateModified\":\"2020-10-16T15:11:45+00:00\",\"mainEntityOfPage\":{\"@id\":\"https:\\\/\\\/buletin.de\\\/bucuresti\\\/gcs-publica-tabelul-cu-incidenta-pe-judete-281-in-bucuresti\\\/\"},\"wordCount\":74,\"publisher\":{\"@id\":\"https:\\\/\\\/buletin.de\\\/bucuresti\\\/#organization\"},\"image\":{\"@id\":\"https:\\\/\\\/buletin.de\\\/bucuresti\\\/gcs-publica-tabelul-cu-incidenta-pe-judete-281-in-bucuresti\\\/#primaryimage\"},\"thumbnailUrl\":\"https:\\\/\\\/buletin.de\\\/bucuresti\\\/wp-content\\\/uploads\\\/gcs-16-oct.png\",\"keywords\":[\"coronavirus\",\"grupul de comunicare strategica\",\"rata infectare\"],\"articleSection\":[\"Covid-19\",\"S\u0103n\u0103tate\",\"\u0218tiri\"],\"inLanguage\":\"en-GB\",\"copyrightYear\":\"2020\",\"copyrightHolder\":{\"@id\":\"https:\\\/\\\/buletin.de\\\/bucuresti\\\/#organization\"}},{\"@type\":\"WebPage\",\"@id\":\"https:\\\/\\\/buletin.de\\\/bucuresti\\\/gcs-publica-tabelul-cu-incidenta-pe-judete-281-in-bucuresti\\\/\",\"url\":\"https:\\\/\\\/buletin.de\\\/bucuresti\\\/gcs-publica-tabelul-cu-incidenta-pe-judete-281-in-bucuresti\\\/\",\"name\":\"GCS public\u0103 tabelul cu inciden\u021ba pe jude\u021be - 2,81 \u00een Bucure\u0219ti - Buletin de Bucure\u0219ti\",\"isPartOf\":{\"@id\":\"https:\\\/\\\/buletin.de\\\/bucuresti\\\/#website\"},\"primaryImageOfPage\":{\"@id\":\"https:\\\/\\\/buletin.de\\\/bucuresti\\\/gcs-publica-tabelul-cu-incidenta-pe-judete-281-in-bucuresti\\\/#primaryimage\"},\"image\":{\"@id\":\"https:\\\/\\\/buletin.de\\\/bucuresti\\\/gcs-publica-tabelul-cu-incidenta-pe-judete-281-in-bucuresti\\\/#primaryimage\"},\"thumbnailUrl\":\"https:\\\/\\\/buletin.de\\\/bucuresti\\\/wp-content\\\/uploads\\\/gcs-16-oct.png\",\"datePublished\":\"2020-10-16T15:10:21+00:00\",\"dateModified\":\"2020-10-16T15:11:45+00:00\",\"breadcrumb\":{\"@id\":\"https:\\\/\\\/buletin.de\\\/bucuresti\\\/gcs-publica-tabelul-cu-incidenta-pe-judete-281-in-bucuresti\\\/#breadcrumb\"},\"inLanguage\":\"en-GB\",\"potentialAction\":[{\"@type\":\"ReadAction\",\"target\":[\"https:\\\/\\\/buletin.de\\\/bucuresti\\\/gcs-publica-tabelul-cu-incidenta-pe-judete-281-in-bucuresti\\\/\"]}]},{\"@type\":\"ImageObject\",\"inLanguage\":\"en-GB\",\"@id\":\"https:\\\/\\\/buletin.de\\\/bucuresti\\\/gcs-publica-tabelul-cu-incidenta-pe-judete-281-in-bucuresti\\\/#primaryimage\",\"url\":\"https:\\\/\\\/buletin.de\\\/bucuresti\\\/wp-content\\\/uploads\\\/gcs-16-oct.png\",\"contentUrl\":\"https:\\\/\\\/buletin.de\\\/bucuresti\\\/wp-content\\\/uploads\\\/gcs-16-oct.png\",\"width\":927,\"height\":576},{\"@type\":\"BreadcrumbList\",\"@id\":\"https:\\\/\\\/buletin.de\\\/bucuresti\\\/gcs-publica-tabelul-cu-incidenta-pe-judete-281-in-bucuresti\\\/#breadcrumb\",\"itemListElement\":[{\"@type\":\"ListItem\",\"position\":1,\"name\":\"Acas\u0103\",\"item\":\"https:\\\/\\\/buletin.de\\\/bucuresti\\\/\"},{\"@type\":\"ListItem\",\"position\":2,\"name\":\"GCS public\u0103 tabelul cu inciden\u021ba pe jude\u021be &#8211; 2,81 \u00een Bucure\u0219ti\"}]},{\"@type\":\"WebSite\",\"@id\":\"https:\\\/\\\/buletin.de\\\/bucuresti\\\/#website\",\"url\":\"https:\\\/\\\/buletin.de\\\/bucuresti\\\/\",\"name\":\"Buletin de Bucure\u0219ti\",\"description\":\"\u0218tiri \u0219i investiga\u021bii esen\u021biale din capital\u0103\",\"publisher\":{\"@id\":\"https:\\\/\\\/buletin.de\\\/bucuresti\\\/#organization\"},\"potentialAction\":[{\"@type\":\"SearchAction\",\"target\":{\"@type\":\"EntryPoint\",\"urlTemplate\":\"https:\\\/\\\/buletin.de\\\/bucuresti\\\/?s={search_term_string}\"},\"query-input\":{\"@type\":\"PropertyValueSpecification\",\"valueRequired\":true,\"valueName\":\"search_term_string\"}}],\"inLanguage\":\"en-GB\"},{\"@type\":\"Organization\",\"@id\":\"https:\\\/\\\/buletin.de\\\/bucuresti\\\/#organization\",\"name\":\"Buletin de Bucure\u0219ti\",\"url\":\"https:\\\/\\\/buletin.de\\\/bucuresti\\\/\",\"logo\":{\"@type\":\"ImageObject\",\"inLanguage\":\"en-GB\",\"@id\":\"https:\\\/\\\/buletin.de\\\/bucuresti\\\/#\\\/schema\\\/logo\\\/image\\\/\",\"url\":\"https:\\\/\\\/buletin.de\\\/bucuresti\\\/wp-content\\\/uploads\\\/logo-bdb-full-wide-vernil-transparent.png\",\"contentUrl\":\"https:\\\/\\\/buletin.de\\\/bucuresti\\\/wp-content\\\/uploads\\\/logo-bdb-full-wide-vernil-transparent.png\",\"width\":1782,\"height\":626,\"caption\":\"Buletin de Bucure\u0219ti\"},\"image\":{\"@id\":\"https:\\\/\\\/buletin.de\\\/bucuresti\\\/#\\\/schema\\\/logo\\\/image\\\/\"},\"sameAs\":[\"https:\\\/\\\/www.facebook.com\\\/buletin.de.buc\",\"https:\\\/\\\/www.instagram.com\\\/buletinde.bucuresti\\\/\"]},{\"@type\":\"Person\",\"@id\":\"https:\\\/\\\/buletin.de\\\/bucuresti\\\/#\\\/schema\\\/person\\\/71c51bf4ee1ece1fa65269bae3f4f8f4\",\"name\":\"\u0218tefan G\u00e2lm\u0103\",\"image\":{\"@type\":\"ImageObject\",\"inLanguage\":\"en-GB\",\"@id\":\"https:\\\/\\\/secure.gravatar.com\\\/avatar\\\/11f1bdea02a87156d29bb53783b2d53d69f420dd8ca49066372461207e4346c0?s=96&d=monsterid&r=g90ad9f49605f2e593aa4953efc791f4c\",\"url\":\"https:\\\/\\\/secure.gravatar.com\\\/avatar\\\/11f1bdea02a87156d29bb53783b2d53d69f420dd8ca49066372461207e4346c0?s=96&d=monsterid&r=g\",\"contentUrl\":\"https:\\\/\\\/secure.gravatar.com\\\/avatar\\\/11f1bdea02a87156d29bb53783b2d53d69f420dd8ca49066372461207e4346c0?s=96&d=monsterid&r=g\",\"caption\":\"\u0218tefan G\u00e2lm\u0103\"},\"url\":\"https:\\\/\\\/buletin.de\\\/bucuresti\\\/author\\\/stefangalma\\\/\"}]}<\/script>\n<!-- \/ Yoast SEO Premium plugin. -->","yoast_head_json":{"title":"GCS public\u0103 tabelul cu inciden\u021ba pe jude\u021be - 2,81 \u00een Bucure\u0219ti - Buletin de Bucure\u0219ti","robots":{"index":"index","follow":"follow","max-snippet":"max-snippet:-1","max-image-preview":"max-image-preview:large","max-video-preview":"max-video-preview:-1"},"canonical":"https:\/\/buletin.de\/bucuresti\/gcs-publica-tabelul-cu-incidenta-pe-judete-281-in-bucuresti\/","og_locale":"en_GB","og_type":"article","og_title":"GCS public\u0103 tabelul cu inciden\u021ba pe jude\u021be - 2,81 \u00een Bucure\u0219ti","og_description":"La ora 17:55, Grupul de Comunicare Strategic\u0103 a publicat datele cu privire la ratele de infectare pe mia de locuitori din toate jude\u021bele Rom\u00e2niei, dup\u0103 ce ieri, doar datele pe Bucure\u0219ti au fost publicate. Aceste date pot fi regasite mai jos: V\u0103 reamintim c\u0103 rata este calculat\u0103 conform criteriilor publicate de aceea\u0219i institu\u021bie tot pe [&hellip;]","og_url":"https:\/\/buletin.de\/bucuresti\/gcs-publica-tabelul-cu-incidenta-pe-judete-281-in-bucuresti\/","og_site_name":"Buletin de Bucure\u0219ti","article_publisher":"https:\/\/www.facebook.com\/buletin.de.buc","article_published_time":"2020-10-16T15:10:21+00:00","article_modified_time":"2020-10-16T15:11:45+00:00","og_image":[{"width":927,"height":576,"url":"https:\/\/buletin.de\/bucuresti\/wp-content\/uploads\/gcs-16-oct.png","type":"image\/png"}],"author":"\u0218tefan G\u00e2lm\u0103","twitter_card":"summary_large_image","twitter_misc":{"Written by":"\u0218tefan G\u00e2lm\u0103"},"schema":{"@context":"https:\/\/schema.org","@graph":[{"@type":"Article","@id":"https:\/\/buletin.de\/bucuresti\/gcs-publica-tabelul-cu-incidenta-pe-judete-281-in-bucuresti\/#article","isPartOf":{"@id":"https:\/\/buletin.de\/bucuresti\/gcs-publica-tabelul-cu-incidenta-pe-judete-281-in-bucuresti\/"},"author":{"name":"\u0218tefan G\u00e2lm\u0103","@id":"https:\/\/buletin.de\/bucuresti\/#\/schema\/person\/71c51bf4ee1ece1fa65269bae3f4f8f4"},"headline":"GCS public\u0103 tabelul cu inciden\u021ba pe jude\u021be &#8211; 2,81 \u00een Bucure\u0219ti","datePublished":"2020-10-16T15:10:21+00:00","dateModified":"2020-10-16T15:11:45+00:00","mainEntityOfPage":{"@id":"https:\/\/buletin.de\/bucuresti\/gcs-publica-tabelul-cu-incidenta-pe-judete-281-in-bucuresti\/"},"wordCount":74,"publisher":{"@id":"https:\/\/buletin.de\/bucuresti\/#organization"},"image":{"@id":"https:\/\/buletin.de\/bucuresti\/gcs-publica-tabelul-cu-incidenta-pe-judete-281-in-bucuresti\/#primaryimage"},"thumbnailUrl":"https:\/\/buletin.de\/bucuresti\/wp-content\/uploads\/gcs-16-oct.png","keywords":["coronavirus","grupul de comunicare strategica","rata infectare"],"articleSection":["Covid-19","S\u0103n\u0103tate","\u0218tiri"],"inLanguage":"en-GB","copyrightYear":"2020","copyrightHolder":{"@id":"https:\/\/buletin.de\/bucuresti\/#organization"}},{"@type":"WebPage","@id":"https:\/\/buletin.de\/bucuresti\/gcs-publica-tabelul-cu-incidenta-pe-judete-281-in-bucuresti\/","url":"https:\/\/buletin.de\/bucuresti\/gcs-publica-tabelul-cu-incidenta-pe-judete-281-in-bucuresti\/","name":"GCS public\u0103 tabelul cu inciden\u021ba pe jude\u021be - 2,81 \u00een Bucure\u0219ti - Buletin de Bucure\u0219ti","isPartOf":{"@id":"https:\/\/buletin.de\/bucuresti\/#website"},"primaryImageOfPage":{"@id":"https:\/\/buletin.de\/bucuresti\/gcs-publica-tabelul-cu-incidenta-pe-judete-281-in-bucuresti\/#primaryimage"},"image":{"@id":"https:\/\/buletin.de\/bucuresti\/gcs-publica-tabelul-cu-incidenta-pe-judete-281-in-bucuresti\/#primaryimage"},"thumbnailUrl":"https:\/\/buletin.de\/bucuresti\/wp-content\/uploads\/gcs-16-oct.png","datePublished":"2020-10-16T15:10:21+00:00","dateModified":"2020-10-16T15:11:45+00:00","breadcrumb":{"@id":"https:\/\/buletin.de\/bucuresti\/gcs-publica-tabelul-cu-incidenta-pe-judete-281-in-bucuresti\/#breadcrumb"},"inLanguage":"en-GB","potentialAction":[{"@type":"ReadAction","target":["https:\/\/buletin.de\/bucuresti\/gcs-publica-tabelul-cu-incidenta-pe-judete-281-in-bucuresti\/"]}]},{"@type":"ImageObject","inLanguage":"en-GB","@id":"https:\/\/buletin.de\/bucuresti\/gcs-publica-tabelul-cu-incidenta-pe-judete-281-in-bucuresti\/#primaryimage","url":"https:\/\/buletin.de\/bucuresti\/wp-content\/uploads\/gcs-16-oct.png","contentUrl":"https:\/\/buletin.de\/bucuresti\/wp-content\/uploads\/gcs-16-oct.png","width":927,"height":576},{"@type":"BreadcrumbList","@id":"https:\/\/buletin.de\/bucuresti\/gcs-publica-tabelul-cu-incidenta-pe-judete-281-in-bucuresti\/#breadcrumb","itemListElement":[{"@type":"ListItem","position":1,"name":"Acas\u0103","item":"https:\/\/buletin.de\/bucuresti\/"},{"@type":"ListItem","position":2,"name":"GCS public\u0103 tabelul cu inciden\u021ba pe jude\u021be &#8211; 2,81 \u00een Bucure\u0219ti"}]},{"@type":"WebSite","@id":"https:\/\/buletin.de\/bucuresti\/#website","url":"https:\/\/buletin.de\/bucuresti\/","name":"Buletin de Bucure\u0219ti","description":"\u0218tiri \u0219i investiga\u021bii esen\u021biale din capital\u0103","publisher":{"@id":"https:\/\/buletin.de\/bucuresti\/#organization"},"potentialAction":[{"@type":"SearchAction","target":{"@type":"EntryPoint","urlTemplate":"https:\/\/buletin.de\/bucuresti\/?s={search_term_string}"},"query-input":{"@type":"PropertyValueSpecification","valueRequired":true,"valueName":"search_term_string"}}],"inLanguage":"en-GB"},{"@type":"Organization","@id":"https:\/\/buletin.de\/bucuresti\/#organization","name":"Buletin de Bucure\u0219ti","url":"https:\/\/buletin.de\/bucuresti\/","logo":{"@type":"ImageObject","inLanguage":"en-GB","@id":"https:\/\/buletin.de\/bucuresti\/#\/schema\/logo\/image\/","url":"https:\/\/buletin.de\/bucuresti\/wp-content\/uploads\/logo-bdb-full-wide-vernil-transparent.png","contentUrl":"https:\/\/buletin.de\/bucuresti\/wp-content\/uploads\/logo-bdb-full-wide-vernil-transparent.png","width":1782,"height":626,"caption":"Buletin de Bucure\u0219ti"},"image":{"@id":"https:\/\/buletin.de\/bucuresti\/#\/schema\/logo\/image\/"},"sameAs":["https:\/\/www.facebook.com\/buletin.de.buc","https:\/\/www.instagram.com\/buletinde.bucuresti\/"]},{"@type":"Person","@id":"https:\/\/buletin.de\/bucuresti\/#\/schema\/person\/71c51bf4ee1ece1fa65269bae3f4f8f4","name":"\u0218tefan G\u00e2lm\u0103","image":{"@type":"ImageObject","inLanguage":"en-GB","@id":"https:\/\/secure.gravatar.com\/avatar\/11f1bdea02a87156d29bb53783b2d53d69f420dd8ca49066372461207e4346c0?s=96&d=monsterid&r=g90ad9f49605f2e593aa4953efc791f4c","url":"https:\/\/secure.gravatar.com\/avatar\/11f1bdea02a87156d29bb53783b2d53d69f420dd8ca49066372461207e4346c0?s=96&d=monsterid&r=g","contentUrl":"https:\/\/secure.gravatar.com\/avatar\/11f1bdea02a87156d29bb53783b2d53d69f420dd8ca49066372461207e4346c0?s=96&d=monsterid&r=g","caption":"\u0218tefan G\u00e2lm\u0103"},"url":"https:\/\/buletin.de\/bucuresti\/author\/stefangalma\/"}]}},"authors":[{"term_id":22594,"user_id":19,"is_guest":0,"slug":"stefangalma","display_name":"\u0218tefan G\u00e2lm\u0103","avatar_url":"https:\/\/secure.gravatar.com\/avatar\/11f1bdea02a87156d29bb53783b2d53d69f420dd8ca49066372461207e4346c0?s=96&d=monsterid&r=g","0":null,"1":"","2":"","3":"","4":"","5":"","6":"","7":"","8":""}],"_links":{"self":[{"href":"https:\/\/buletin.de\/bucuresti\/wp-json\/wp\/v2\/posts\/13936","targetHints":{"allow":["GET"]}}],"collection":[{"href":"https:\/\/buletin.de\/bucuresti\/wp-json\/wp\/v2\/posts"}],"about":[{"href":"https:\/\/buletin.de\/bucuresti\/wp-json\/wp\/v2\/types\/post"}],"author":[{"embeddable":true,"href":"https:\/\/buletin.de\/bucuresti\/wp-json\/wp\/v2\/users\/19"}],"replies":[{"embeddable":true,"href":"https:\/\/buletin.de\/bucuresti\/wp-json\/wp\/v2\/comments?post=13936"}],"version-history":[{"count":4,"href":"https:\/\/buletin.de\/bucuresti\/wp-json\/wp\/v2\/posts\/13936\/revisions"}],"predecessor-version":[{"id":13946,"href":"https:\/\/buletin.de\/bucuresti\/wp-json\/wp\/v2\/posts\/13936\/revisions\/13946"}],"wp:featuredmedia":[{"embeddable":true,"href":"https:\/\/buletin.de\/bucuresti\/wp-json\/wp\/v2\/media\/13940"}],"wp:attachment":[{"href":"https:\/\/buletin.de\/bucuresti\/wp-json\/wp\/v2\/media?parent=13936"}],"wp:term":[{"taxonomy":"category","embeddable":true,"href":"https:\/\/buletin.de\/bucuresti\/wp-json\/wp\/v2\/categories?post=13936"},{"taxonomy":"post_tag","embeddable":true,"href":"https:\/\/buletin.de\/bucuresti\/wp-json\/wp\/v2\/tags?post=13936"},{"taxonomy":"author","embeddable":true,"href":"https:\/\/buletin.de\/bucuresti\/wp-json\/wp\/v2\/ppma_author?post=13936"}],"curies":[{"name":"wp","href":"https:\/\/api.w.org\/{rel}","templated":true}]}}