{"id":139297,"date":"2025-07-17T06:04:00","date_gmt":"2025-07-17T03:04:00","guid":{"rendered":"https:\/\/buletin.de\/bucuresti\/?p=139297"},"modified":"2025-07-16T22:20:40","modified_gmt":"2025-07-16T19:20:40","slug":"strazi-deschise-in-weekendul-19-20-iulie-numere-de-acrobatie-demonstratii-de-pictura-in-aer-liber-si-concursuri-cu-premii","status":"publish","type":"post","link":"https:\/\/buletin.de\/bucuresti\/strazi-deschise-in-weekendul-19-20-iulie-numere-de-acrobatie-demonstratii-de-pictura-in-aer-liber-si-concursuri-cu-premii\/","title":{"rendered":"\u201eStr\u0103zi deschise\u201d \u00een weekendul 19-20 iulie: numere de acroba\u021bie, demonstra\u021bii de pictur\u0103 \u00een aer liber \u0219i concursuri cu premii"},"content":{"rendered":"\n<p><strong>\u201eStr\u0103zi deschise\u201d revine pe Calea Victoriei \u00een weekendul 19-20 iulie. Programul artistic include numere de acroba\u021bie, demonstra\u021bii de pictur\u0103 \u00een aer liber \u0219i concursuri cu premii.\u00a0<\/strong><\/p>\n\n\n\n<p>Astfel, s\u00e2mb\u0103t\u0103 \u0219i duminic\u0103, cei interesa\u021bi pot participa la o expozi\u021bie tematic\u0103 outdoor, cu lucr\u0103rile fotografului Drago\u0219-Radu Dumitrescu. Aceasta va avea loc \u00een ambele zile \u00eentre orele 10:00-18:00. Totodat\u0103, continu\u0103 \u0219i demonstra\u021biile de pictur\u0103 \u00een aer liber, organizate de c\u0103tre Asocia\u021bia Arti\u0219tilor Plastici din Bucure\u0219ti la Parcul Kretzulescu.<\/p>\n\n\n\n<p>Mai mult, cei mici sunt a\u0219tepta\u021bi, \u00een cele dou\u0103 zile, la spectacolul de anima\u021bie, intitulat \u201eFreestyle Puppetry\u201d. Scena de teatru cu p\u0103pu\u0219i, derulat\u0103 din ini\u021biativa Teatrului de Anima\u021bie \u021a\u0103nd\u0103ric\u0103, va avea loc \u00eentre orele 18:00 \u0219i 19:00.<\/p>\n\n\n\n<p>Pentru cei pasiona\u021bi de acroba\u021bie, s\u00e2mb\u0103t\u0103, 19 iulie, Circul Metropolitan organizeaz\u0103 un show de acroba\u021bie, ce va avea loc \u00een Pia\u021ba Revolu\u021biei, \u00eencep\u00e2nd cu ora 19:30.<\/p>\n\n\n\n<p>Evenimentul intitulat \u201eYellow Quiz Evenings\u201d este programat s\u0103 \u00eenceap\u0103 la ora 19:00, fiind programat s\u0103 dureze aproximativ trei ore.<\/p>\n\n\n\n<p><strong>CITE\u0218TE \u0218I: <a href=\"https:\/\/buletin.de\/bucuresti\/zboruri-de-antrenament-pentru-ziua-aviatiei-romane-si-a-fortelor-aeriene\/\">Zboruri de antrenament pentru Ziua Avia\u0163iei Rom\u00e2ne \u015fi a For\u0163elor Aeriene<\/a><\/strong><\/p>\n\n\n\n<h2 class=\"wp-block-heading\" id=\"h-strazi-deschise-in-weekendul-19-20-iulie-alte-doua-strazi-s-au-alaturat-proiectului\">\u201eStr\u0103zi deschise\u201d \u00een weekendul 19-20 iulie. Alte dou\u0103 str\u0103zi s-au al\u0103turat proiectului<\/h2>\n\n\n\n<p>Proiectul \u201eStr\u0103zi deschise\u201d s-a extins pe \u00eenc\u0103 dou\u0103 str\u0103zi din centrul Capitalei, dup\u0103 cum a transmis Prim\u0103ria Municipiului Bucure\u0219ti la \u00eenceputul lunii iulie. Astfel, \u00eencep\u00e2nd cu weekendul 5-6 iulie str\u0103zile Pia\u021ba Amzei \u0219i Christian Tell au devenit pietonale.<\/p>\n\n\n\n<p>Acestea vor fi \u00een fiecare weekend la dispozi\u021bia pietonilor, p\u00e2n\u0103 la finalul programului, a\u0219teptat s\u0103 se \u00eencheie \u00een luna octombrie.<\/p>\n\n\n\n<p>Potrivit Prim\u0103riei Generale, m\u0103sura apare ca urmare a unei<strong><em> \u201eini\u021biative de revitalizare urban\u0103 \u0219i transformare a Pie\u021bei Amzei \u00eentr-un hub cultural \u0219i spa\u021biu expozi\u021bional\u201d <\/em><\/strong>\u0219i este totodat\u0103 un demers coordonat de c\u0103tre Prim\u0103ria Sectorului 1, \u00een colaborare cu Art Safari.<\/p>\n\n\n\n<p><strong>CITE\u0218TE \u0218I: <a href=\"https:\/\/buletin.de\/bucuresti\/cat-ne-costa-gunoiul-aruncat-de-bucuresteni-pe-spatiul-public-ii-sectorul-1-plateste-189-000-de-lei-in-fiecare-luna-doar-pentru-ca-deseurile-abandonate-sa-fie-ridicate\/\">C\u00e2t ne cost\u0103 gunoiul aruncat de bucure\u0219teni pe spa\u021biul public (II): Sectorul 1 pl\u0103te\u0219te 189.000 de lei \u00een fiecare lun\u0103 doar pentru ca de\u0219eurile abandonate s\u0103 fie ridicate<\/a><\/strong><\/p>\n\n\n\n<p><\/p>\n","protected":false},"excerpt":{"rendered":"<p>\u201eStr\u0103zi deschise\u201d revine pe Calea Victoriei \u00een weekendul 19-20 iulie. Programul artistic include numere de acroba\u021bie, demonstra\u021bii de pictur\u0103 \u00een aer liber \u0219i concursuri cu premii.\u00a0 Astfel, s\u00e2mb\u0103t\u0103 \u0219i duminic\u0103, cei interesa\u021bi pot participa la o expozi\u021bie tematic\u0103 outdoor, cu lucr\u0103rile fotografului Drago\u0219-Radu Dumitrescu. Aceasta va avea loc \u00een ambele zile \u00eentre orele 10:00-18:00. Totodat\u0103, [&hellip;]<\/p>\n","protected":false},"author":61,"featured_media":139305,"comment_status":"closed","ping_status":"open","sticky":false,"template":"","format":"standard","meta":{"_acf_changed":false,"inline_featured_image":false,"ngg_post_thumbnail":0,"footnotes":""},"categories":[6994,81,62],"tags":[15082,11590,7080,104,2794],"ppma_author":[22577],"class_list":["post-139297","post","type-post","status-publish","format-standard","has-post-thumbnail","hentry","category-stiri-2","category-cultura","category-stiri","tag-bucuresti-arcub","tag-christian-tell","tag-piata-amzei-2","tag-pmb","tag-strazi-deschise"],"acf":[],"yoast_head":"<!-- This site is optimized with the Yoast SEO Premium plugin v25.3 (Yoast SEO v27.4) - https:\/\/yoast.com\/product\/yoast-seo-premium-wordpress\/ -->\n<title>\u201eStr\u0103zi deschise\u201d \u00een weekendul 19-20 iulie: numere de acroba\u021bie, demonstra\u021bii de pictur\u0103 \u00een aer liber \u0219i concursuri cu premii - Buletin de Bucure\u0219ti<\/title>\n<meta name=\"description\" content=\"\u201eStr\u0103zi deschise\u201d revine pe Calea Victoriei \u00een weekendul 19-20 iulie. Programul artistic include numere de acroba\u021bie.\" \/>\n<meta name=\"robots\" content=\"index, follow, max-snippet:-1, max-image-preview:large, max-video-preview:-1\" \/>\n<link rel=\"canonical\" href=\"https:\/\/buletin.de\/bucuresti\/strazi-deschise-in-weekendul-19-20-iulie-numere-de-acrobatie-demonstratii-de-pictura-in-aer-liber-si-concursuri-cu-premii\/\" \/>\n<meta property=\"og:locale\" content=\"en_GB\" \/>\n<meta property=\"og:type\" content=\"article\" \/>\n<meta property=\"og:title\" content=\"\u201eStr\u0103zi deschise\u201d \u00een weekendul 19-20 iulie: numere de acroba\u021bie, demonstra\u021bii de pictur\u0103 \u00een aer liber \u0219i concursuri cu premii\" \/>\n<meta property=\"og:description\" content=\"\u201eStr\u0103zi deschise\u201d revine pe Calea Victoriei \u00een weekendul 19-20 iulie. Programul artistic include numere de acroba\u021bie.\" \/>\n<meta property=\"og:url\" content=\"https:\/\/buletin.de\/bucuresti\/strazi-deschise-in-weekendul-19-20-iulie-numere-de-acrobatie-demonstratii-de-pictura-in-aer-liber-si-concursuri-cu-premii\/\" \/>\n<meta property=\"og:site_name\" content=\"Buletin de Bucure\u0219ti\" \/>\n<meta property=\"article:publisher\" content=\"https:\/\/www.facebook.com\/buletin.de.buc\" \/>\n<meta property=\"article:published_time\" content=\"2025-07-17T03:04:00+00:00\" \/>\n<meta property=\"og:image\" content=\"https:\/\/buletin.de\/bucuresti\/wp-content\/uploads\/2025\/07\/ID299358_INQUAM_Photos_Malina_Norocea-scaled.jpg\" \/>\n\t<meta property=\"og:image:width\" content=\"2560\" \/>\n\t<meta property=\"og:image:height\" content=\"1707\" \/>\n\t<meta property=\"og:image:type\" content=\"image\/jpeg\" \/>\n<meta name=\"author\" content=\"Alexandru Stan\" \/>\n<meta name=\"twitter:card\" content=\"summary_large_image\" \/>\n<meta name=\"twitter:label1\" content=\"Written by\" \/>\n\t<meta name=\"twitter:data1\" content=\"Alexandru Stan\" \/>\n\t<meta name=\"twitter:label2\" content=\"Estimated reading time\" \/>\n\t<meta name=\"twitter:data2\" content=\"2 minutes\" \/>\n<script type=\"application\/ld+json\" class=\"yoast-schema-graph\">{\"@context\":\"https:\\\/\\\/schema.org\",\"@graph\":[{\"@type\":\"Article\",\"@id\":\"https:\\\/\\\/buletin.de\\\/bucuresti\\\/strazi-deschise-in-weekendul-19-20-iulie-numere-de-acrobatie-demonstratii-de-pictura-in-aer-liber-si-concursuri-cu-premii\\\/#article\",\"isPartOf\":{\"@id\":\"https:\\\/\\\/buletin.de\\\/bucuresti\\\/strazi-deschise-in-weekendul-19-20-iulie-numere-de-acrobatie-demonstratii-de-pictura-in-aer-liber-si-concursuri-cu-premii\\\/\"},\"author\":{\"name\":\"Alexandru Stan\",\"@id\":\"https:\\\/\\\/buletin.de\\\/bucuresti\\\/#\\\/schema\\\/person\\\/104a46bbe8be6e336fecf63974383951\"},\"headline\":\"\u201eStr\u0103zi deschise\u201d \u00een weekendul 19-20 iulie: numere de acroba\u021bie, demonstra\u021bii de pictur\u0103 \u00een aer liber \u0219i concursuri cu premii\",\"datePublished\":\"2025-07-17T03:04:00+00:00\",\"mainEntityOfPage\":{\"@id\":\"https:\\\/\\\/buletin.de\\\/bucuresti\\\/strazi-deschise-in-weekendul-19-20-iulie-numere-de-acrobatie-demonstratii-de-pictura-in-aer-liber-si-concursuri-cu-premii\\\/\"},\"wordCount\":385,\"publisher\":{\"@id\":\"https:\\\/\\\/buletin.de\\\/bucuresti\\\/#organization\"},\"image\":{\"@id\":\"https:\\\/\\\/buletin.de\\\/bucuresti\\\/strazi-deschise-in-weekendul-19-20-iulie-numere-de-acrobatie-demonstratii-de-pictura-in-aer-liber-si-concursuri-cu-premii\\\/#primaryimage\"},\"thumbnailUrl\":\"https:\\\/\\\/buletin.de\\\/bucuresti\\\/wp-content\\\/uploads\\\/2025\\\/07\\\/ID299358_INQUAM_Photos_Malina_Norocea-scaled.jpg\",\"keywords\":[\"bucuresti arcub\",\"christian tell\",\"piata amzei\",\"pmb\",\"strazi deschise\"],\"articleSection\":[\"Articole\",\"Cultur\u0103\",\"\u0218tiri\"],\"inLanguage\":\"en-GB\",\"copyrightYear\":\"2025\",\"copyrightHolder\":{\"@id\":\"https:\\\/\\\/buletin.de\\\/bucuresti\\\/#organization\"}},{\"@type\":\"WebPage\",\"@id\":\"https:\\\/\\\/buletin.de\\\/bucuresti\\\/strazi-deschise-in-weekendul-19-20-iulie-numere-de-acrobatie-demonstratii-de-pictura-in-aer-liber-si-concursuri-cu-premii\\\/\",\"url\":\"https:\\\/\\\/buletin.de\\\/bucuresti\\\/strazi-deschise-in-weekendul-19-20-iulie-numere-de-acrobatie-demonstratii-de-pictura-in-aer-liber-si-concursuri-cu-premii\\\/\",\"name\":\"\u201eStr\u0103zi deschise\u201d \u00een weekendul 19-20 iulie: numere de acroba\u021bie, demonstra\u021bii de pictur\u0103 \u00een aer liber \u0219i concursuri cu premii - Buletin de Bucure\u0219ti\",\"isPartOf\":{\"@id\":\"https:\\\/\\\/buletin.de\\\/bucuresti\\\/#website\"},\"primaryImageOfPage\":{\"@id\":\"https:\\\/\\\/buletin.de\\\/bucuresti\\\/strazi-deschise-in-weekendul-19-20-iulie-numere-de-acrobatie-demonstratii-de-pictura-in-aer-liber-si-concursuri-cu-premii\\\/#primaryimage\"},\"image\":{\"@id\":\"https:\\\/\\\/buletin.de\\\/bucuresti\\\/strazi-deschise-in-weekendul-19-20-iulie-numere-de-acrobatie-demonstratii-de-pictura-in-aer-liber-si-concursuri-cu-premii\\\/#primaryimage\"},\"thumbnailUrl\":\"https:\\\/\\\/buletin.de\\\/bucuresti\\\/wp-content\\\/uploads\\\/2025\\\/07\\\/ID299358_INQUAM_Photos_Malina_Norocea-scaled.jpg\",\"datePublished\":\"2025-07-17T03:04:00+00:00\",\"description\":\"\u201eStr\u0103zi deschise\u201d revine pe Calea Victoriei \u00een weekendul 19-20 iulie. Programul artistic include numere de acroba\u021bie.\",\"breadcrumb\":{\"@id\":\"https:\\\/\\\/buletin.de\\\/bucuresti\\\/strazi-deschise-in-weekendul-19-20-iulie-numere-de-acrobatie-demonstratii-de-pictura-in-aer-liber-si-concursuri-cu-premii\\\/#breadcrumb\"},\"inLanguage\":\"en-GB\",\"potentialAction\":[{\"@type\":\"ReadAction\",\"target\":[\"https:\\\/\\\/buletin.de\\\/bucuresti\\\/strazi-deschise-in-weekendul-19-20-iulie-numere-de-acrobatie-demonstratii-de-pictura-in-aer-liber-si-concursuri-cu-premii\\\/\"]}]},{\"@type\":\"ImageObject\",\"inLanguage\":\"en-GB\",\"@id\":\"https:\\\/\\\/buletin.de\\\/bucuresti\\\/strazi-deschise-in-weekendul-19-20-iulie-numere-de-acrobatie-demonstratii-de-pictura-in-aer-liber-si-concursuri-cu-premii\\\/#primaryimage\",\"url\":\"https:\\\/\\\/buletin.de\\\/bucuresti\\\/wp-content\\\/uploads\\\/2025\\\/07\\\/ID299358_INQUAM_Photos_Malina_Norocea-scaled.jpg\",\"contentUrl\":\"https:\\\/\\\/buletin.de\\\/bucuresti\\\/wp-content\\\/uploads\\\/2025\\\/07\\\/ID299358_INQUAM_Photos_Malina_Norocea-scaled.jpg\",\"width\":2560,\"height\":1707,\"caption\":\"\u201eStr\u0103zi deschise\u201d revine pe Calea Victoriei \u00een weekendul 19-20 iulie | FOTO: Inquam Photos \\\/ M\u0103lina Norocea\"},{\"@type\":\"BreadcrumbList\",\"@id\":\"https:\\\/\\\/buletin.de\\\/bucuresti\\\/strazi-deschise-in-weekendul-19-20-iulie-numere-de-acrobatie-demonstratii-de-pictura-in-aer-liber-si-concursuri-cu-premii\\\/#breadcrumb\",\"itemListElement\":[{\"@type\":\"ListItem\",\"position\":1,\"name\":\"Acas\u0103\",\"item\":\"https:\\\/\\\/buletin.de\\\/bucuresti\\\/\"},{\"@type\":\"ListItem\",\"position\":2,\"name\":\"\u201eStr\u0103zi deschise\u201d \u00een weekendul 19-20 iulie: numere de acroba\u021bie, demonstra\u021bii de pictur\u0103 \u00een aer liber \u0219i concursuri cu premii\"}]},{\"@type\":\"WebSite\",\"@id\":\"https:\\\/\\\/buletin.de\\\/bucuresti\\\/#website\",\"url\":\"https:\\\/\\\/buletin.de\\\/bucuresti\\\/\",\"name\":\"Buletin de Bucure\u0219ti\",\"description\":\"\u0218tiri \u0219i investiga\u021bii esen\u021biale din capital\u0103\",\"publisher\":{\"@id\":\"https:\\\/\\\/buletin.de\\\/bucuresti\\\/#organization\"},\"potentialAction\":[{\"@type\":\"SearchAction\",\"target\":{\"@type\":\"EntryPoint\",\"urlTemplate\":\"https:\\\/\\\/buletin.de\\\/bucuresti\\\/?s={search_term_string}\"},\"query-input\":{\"@type\":\"PropertyValueSpecification\",\"valueRequired\":true,\"valueName\":\"search_term_string\"}}],\"inLanguage\":\"en-GB\"},{\"@type\":\"Organization\",\"@id\":\"https:\\\/\\\/buletin.de\\\/bucuresti\\\/#organization\",\"name\":\"Buletin de Bucure\u0219ti\",\"url\":\"https:\\\/\\\/buletin.de\\\/bucuresti\\\/\",\"logo\":{\"@type\":\"ImageObject\",\"inLanguage\":\"en-GB\",\"@id\":\"https:\\\/\\\/buletin.de\\\/bucuresti\\\/#\\\/schema\\\/logo\\\/image\\\/\",\"url\":\"https:\\\/\\\/buletin.de\\\/bucuresti\\\/wp-content\\\/uploads\\\/logo-bdb-full-wide-vernil-transparent.png\",\"contentUrl\":\"https:\\\/\\\/buletin.de\\\/bucuresti\\\/wp-content\\\/uploads\\\/logo-bdb-full-wide-vernil-transparent.png\",\"width\":1782,\"height\":626,\"caption\":\"Buletin de Bucure\u0219ti\"},\"image\":{\"@id\":\"https:\\\/\\\/buletin.de\\\/bucuresti\\\/#\\\/schema\\\/logo\\\/image\\\/\"},\"sameAs\":[\"https:\\\/\\\/www.facebook.com\\\/buletin.de.buc\",\"https:\\\/\\\/www.instagram.com\\\/buletinde.bucuresti\\\/\"]},{\"@type\":\"Person\",\"@id\":\"https:\\\/\\\/buletin.de\\\/bucuresti\\\/#\\\/schema\\\/person\\\/104a46bbe8be6e336fecf63974383951\",\"name\":\"Alexandru Stan\",\"image\":{\"@type\":\"ImageObject\",\"inLanguage\":\"en-GB\",\"@id\":\"https:\\\/\\\/buletin.de\\\/bucuresti\\\/wp-content\\\/uploads\\\/2025\\\/12\\\/IMG-20251216-WA0045-e1766134343668-96x96.jpgd0ca12809ae3e1d27116a2afe8926544\",\"url\":\"https:\\\/\\\/buletin.de\\\/bucuresti\\\/wp-content\\\/uploads\\\/2025\\\/12\\\/IMG-20251216-WA0045-e1766134343668-96x96.jpg\",\"contentUrl\":\"https:\\\/\\\/buletin.de\\\/bucuresti\\\/wp-content\\\/uploads\\\/2025\\\/12\\\/IMG-20251216-WA0045-e1766134343668-96x96.jpg\",\"caption\":\"Alexandru Stan\"},\"description\":\"Sunt elev la un colegiu de prestigiu din Capital\u0103 \u0219i reporter la Buletin de Bucure\u0219ti. M-am n\u0103scut \u0219i am crescut cu m\u00e2ndrie \u00een Capital\u0103, ora\u0219 al pove\u0219tilor, al tramvaiului tras de cai \u0219i al c\u0103su\u021belor cu porti\u021b\u0103 \u0219i ci\u0219mea. Prin articolele mele, m\u0103 str\u0103duiesc s\u0103 descriu cu acurate\u021be via\u021ba din Bucure\u0219ti pe ecranele cititorilor no\u0219tri \u0219i \u00eencerc totodat\u0103 s\u0103 fac accesibile subiecte de interes general tuturor, de la mic la mare.\",\"url\":\"https:\\\/\\\/buletin.de\\\/bucuresti\\\/author\\\/alexandru-stan\\\/\"}]}<\/script>\n<!-- \/ Yoast SEO Premium plugin. -->","yoast_head_json":{"title":"\u201eStr\u0103zi deschise\u201d \u00een weekendul 19-20 iulie: numere de acroba\u021bie, demonstra\u021bii de pictur\u0103 \u00een aer liber \u0219i concursuri cu premii - Buletin de Bucure\u0219ti","description":"\u201eStr\u0103zi deschise\u201d revine pe Calea Victoriei \u00een weekendul 19-20 iulie. Programul artistic include numere de acroba\u021bie.","robots":{"index":"index","follow":"follow","max-snippet":"max-snippet:-1","max-image-preview":"max-image-preview:large","max-video-preview":"max-video-preview:-1"},"canonical":"https:\/\/buletin.de\/bucuresti\/strazi-deschise-in-weekendul-19-20-iulie-numere-de-acrobatie-demonstratii-de-pictura-in-aer-liber-si-concursuri-cu-premii\/","og_locale":"en_GB","og_type":"article","og_title":"\u201eStr\u0103zi deschise\u201d \u00een weekendul 19-20 iulie: numere de acroba\u021bie, demonstra\u021bii de pictur\u0103 \u00een aer liber \u0219i concursuri cu premii","og_description":"\u201eStr\u0103zi deschise\u201d revine pe Calea Victoriei \u00een weekendul 19-20 iulie. Programul artistic include numere de acroba\u021bie.","og_url":"https:\/\/buletin.de\/bucuresti\/strazi-deschise-in-weekendul-19-20-iulie-numere-de-acrobatie-demonstratii-de-pictura-in-aer-liber-si-concursuri-cu-premii\/","og_site_name":"Buletin de Bucure\u0219ti","article_publisher":"https:\/\/www.facebook.com\/buletin.de.buc","article_published_time":"2025-07-17T03:04:00+00:00","og_image":[{"width":2560,"height":1707,"url":"https:\/\/buletin.de\/bucuresti\/wp-content\/uploads\/2025\/07\/ID299358_INQUAM_Photos_Malina_Norocea-scaled.jpg","type":"image\/jpeg"}],"author":"Alexandru Stan","twitter_card":"summary_large_image","twitter_misc":{"Written by":"Alexandru Stan","Estimated reading time":"2 minutes"},"schema":{"@context":"https:\/\/schema.org","@graph":[{"@type":"Article","@id":"https:\/\/buletin.de\/bucuresti\/strazi-deschise-in-weekendul-19-20-iulie-numere-de-acrobatie-demonstratii-de-pictura-in-aer-liber-si-concursuri-cu-premii\/#article","isPartOf":{"@id":"https:\/\/buletin.de\/bucuresti\/strazi-deschise-in-weekendul-19-20-iulie-numere-de-acrobatie-demonstratii-de-pictura-in-aer-liber-si-concursuri-cu-premii\/"},"author":{"name":"Alexandru Stan","@id":"https:\/\/buletin.de\/bucuresti\/#\/schema\/person\/104a46bbe8be6e336fecf63974383951"},"headline":"\u201eStr\u0103zi deschise\u201d \u00een weekendul 19-20 iulie: numere de acroba\u021bie, demonstra\u021bii de pictur\u0103 \u00een aer liber \u0219i concursuri cu premii","datePublished":"2025-07-17T03:04:00+00:00","mainEntityOfPage":{"@id":"https:\/\/buletin.de\/bucuresti\/strazi-deschise-in-weekendul-19-20-iulie-numere-de-acrobatie-demonstratii-de-pictura-in-aer-liber-si-concursuri-cu-premii\/"},"wordCount":385,"publisher":{"@id":"https:\/\/buletin.de\/bucuresti\/#organization"},"image":{"@id":"https:\/\/buletin.de\/bucuresti\/strazi-deschise-in-weekendul-19-20-iulie-numere-de-acrobatie-demonstratii-de-pictura-in-aer-liber-si-concursuri-cu-premii\/#primaryimage"},"thumbnailUrl":"https:\/\/buletin.de\/bucuresti\/wp-content\/uploads\/2025\/07\/ID299358_INQUAM_Photos_Malina_Norocea-scaled.jpg","keywords":["bucuresti arcub","christian tell","piata amzei","pmb","strazi deschise"],"articleSection":["Articole","Cultur\u0103","\u0218tiri"],"inLanguage":"en-GB","copyrightYear":"2025","copyrightHolder":{"@id":"https:\/\/buletin.de\/bucuresti\/#organization"}},{"@type":"WebPage","@id":"https:\/\/buletin.de\/bucuresti\/strazi-deschise-in-weekendul-19-20-iulie-numere-de-acrobatie-demonstratii-de-pictura-in-aer-liber-si-concursuri-cu-premii\/","url":"https:\/\/buletin.de\/bucuresti\/strazi-deschise-in-weekendul-19-20-iulie-numere-de-acrobatie-demonstratii-de-pictura-in-aer-liber-si-concursuri-cu-premii\/","name":"\u201eStr\u0103zi deschise\u201d \u00een weekendul 19-20 iulie: numere de acroba\u021bie, demonstra\u021bii de pictur\u0103 \u00een aer liber \u0219i concursuri cu premii - Buletin de Bucure\u0219ti","isPartOf":{"@id":"https:\/\/buletin.de\/bucuresti\/#website"},"primaryImageOfPage":{"@id":"https:\/\/buletin.de\/bucuresti\/strazi-deschise-in-weekendul-19-20-iulie-numere-de-acrobatie-demonstratii-de-pictura-in-aer-liber-si-concursuri-cu-premii\/#primaryimage"},"image":{"@id":"https:\/\/buletin.de\/bucuresti\/strazi-deschise-in-weekendul-19-20-iulie-numere-de-acrobatie-demonstratii-de-pictura-in-aer-liber-si-concursuri-cu-premii\/#primaryimage"},"thumbnailUrl":"https:\/\/buletin.de\/bucuresti\/wp-content\/uploads\/2025\/07\/ID299358_INQUAM_Photos_Malina_Norocea-scaled.jpg","datePublished":"2025-07-17T03:04:00+00:00","description":"\u201eStr\u0103zi deschise\u201d revine pe Calea Victoriei \u00een weekendul 19-20 iulie. Programul artistic include numere de acroba\u021bie.","breadcrumb":{"@id":"https:\/\/buletin.de\/bucuresti\/strazi-deschise-in-weekendul-19-20-iulie-numere-de-acrobatie-demonstratii-de-pictura-in-aer-liber-si-concursuri-cu-premii\/#breadcrumb"},"inLanguage":"en-GB","potentialAction":[{"@type":"ReadAction","target":["https:\/\/buletin.de\/bucuresti\/strazi-deschise-in-weekendul-19-20-iulie-numere-de-acrobatie-demonstratii-de-pictura-in-aer-liber-si-concursuri-cu-premii\/"]}]},{"@type":"ImageObject","inLanguage":"en-GB","@id":"https:\/\/buletin.de\/bucuresti\/strazi-deschise-in-weekendul-19-20-iulie-numere-de-acrobatie-demonstratii-de-pictura-in-aer-liber-si-concursuri-cu-premii\/#primaryimage","url":"https:\/\/buletin.de\/bucuresti\/wp-content\/uploads\/2025\/07\/ID299358_INQUAM_Photos_Malina_Norocea-scaled.jpg","contentUrl":"https:\/\/buletin.de\/bucuresti\/wp-content\/uploads\/2025\/07\/ID299358_INQUAM_Photos_Malina_Norocea-scaled.jpg","width":2560,"height":1707,"caption":"\u201eStr\u0103zi deschise\u201d revine pe Calea Victoriei \u00een weekendul 19-20 iulie | FOTO: Inquam Photos \/ M\u0103lina Norocea"},{"@type":"BreadcrumbList","@id":"https:\/\/buletin.de\/bucuresti\/strazi-deschise-in-weekendul-19-20-iulie-numere-de-acrobatie-demonstratii-de-pictura-in-aer-liber-si-concursuri-cu-premii\/#breadcrumb","itemListElement":[{"@type":"ListItem","position":1,"name":"Acas\u0103","item":"https:\/\/buletin.de\/bucuresti\/"},{"@type":"ListItem","position":2,"name":"\u201eStr\u0103zi deschise\u201d \u00een weekendul 19-20 iulie: numere de acroba\u021bie, demonstra\u021bii de pictur\u0103 \u00een aer liber \u0219i concursuri cu premii"}]},{"@type":"WebSite","@id":"https:\/\/buletin.de\/bucuresti\/#website","url":"https:\/\/buletin.de\/bucuresti\/","name":"Buletin de Bucure\u0219ti","description":"\u0218tiri \u0219i investiga\u021bii esen\u021biale din capital\u0103","publisher":{"@id":"https:\/\/buletin.de\/bucuresti\/#organization"},"potentialAction":[{"@type":"SearchAction","target":{"@type":"EntryPoint","urlTemplate":"https:\/\/buletin.de\/bucuresti\/?s={search_term_string}"},"query-input":{"@type":"PropertyValueSpecification","valueRequired":true,"valueName":"search_term_string"}}],"inLanguage":"en-GB"},{"@type":"Organization","@id":"https:\/\/buletin.de\/bucuresti\/#organization","name":"Buletin de Bucure\u0219ti","url":"https:\/\/buletin.de\/bucuresti\/","logo":{"@type":"ImageObject","inLanguage":"en-GB","@id":"https:\/\/buletin.de\/bucuresti\/#\/schema\/logo\/image\/","url":"https:\/\/buletin.de\/bucuresti\/wp-content\/uploads\/logo-bdb-full-wide-vernil-transparent.png","contentUrl":"https:\/\/buletin.de\/bucuresti\/wp-content\/uploads\/logo-bdb-full-wide-vernil-transparent.png","width":1782,"height":626,"caption":"Buletin de Bucure\u0219ti"},"image":{"@id":"https:\/\/buletin.de\/bucuresti\/#\/schema\/logo\/image\/"},"sameAs":["https:\/\/www.facebook.com\/buletin.de.buc","https:\/\/www.instagram.com\/buletinde.bucuresti\/"]},{"@type":"Person","@id":"https:\/\/buletin.de\/bucuresti\/#\/schema\/person\/104a46bbe8be6e336fecf63974383951","name":"Alexandru Stan","image":{"@type":"ImageObject","inLanguage":"en-GB","@id":"https:\/\/buletin.de\/bucuresti\/wp-content\/uploads\/2025\/12\/IMG-20251216-WA0045-e1766134343668-96x96.jpgd0ca12809ae3e1d27116a2afe8926544","url":"https:\/\/buletin.de\/bucuresti\/wp-content\/uploads\/2025\/12\/IMG-20251216-WA0045-e1766134343668-96x96.jpg","contentUrl":"https:\/\/buletin.de\/bucuresti\/wp-content\/uploads\/2025\/12\/IMG-20251216-WA0045-e1766134343668-96x96.jpg","caption":"Alexandru Stan"},"description":"Sunt elev la un colegiu de prestigiu din Capital\u0103 \u0219i reporter la Buletin de Bucure\u0219ti. M-am n\u0103scut \u0219i am crescut cu m\u00e2ndrie \u00een Capital\u0103, ora\u0219 al pove\u0219tilor, al tramvaiului tras de cai \u0219i al c\u0103su\u021belor cu porti\u021b\u0103 \u0219i ci\u0219mea. Prin articolele mele, m\u0103 str\u0103duiesc s\u0103 descriu cu acurate\u021be via\u021ba din Bucure\u0219ti pe ecranele cititorilor no\u0219tri \u0219i \u00eencerc totodat\u0103 s\u0103 fac accesibile subiecte de interes general tuturor, de la mic la mare.","url":"https:\/\/buletin.de\/bucuresti\/author\/alexandru-stan\/"}]}},"authors":[{"term_id":22577,"user_id":61,"is_guest":0,"slug":"alexandru-stan","display_name":"Alexandru Stan","avatar_url":"https:\/\/buletin.de\/bucuresti\/wp-content\/uploads\/2025\/12\/IMG-20251216-WA0045-e1766134343668-96x96.jpg","0":null,"1":"","2":"","3":"","4":"","5":"","6":"","7":"","8":""}],"_links":{"self":[{"href":"https:\/\/buletin.de\/bucuresti\/wp-json\/wp\/v2\/posts\/139297","targetHints":{"allow":["GET"]}}],"collection":[{"href":"https:\/\/buletin.de\/bucuresti\/wp-json\/wp\/v2\/posts"}],"about":[{"href":"https:\/\/buletin.de\/bucuresti\/wp-json\/wp\/v2\/types\/post"}],"author":[{"embeddable":true,"href":"https:\/\/buletin.de\/bucuresti\/wp-json\/wp\/v2\/users\/61"}],"replies":[{"embeddable":true,"href":"https:\/\/buletin.de\/bucuresti\/wp-json\/wp\/v2\/comments?post=139297"}],"version-history":[{"count":7,"href":"https:\/\/buletin.de\/bucuresti\/wp-json\/wp\/v2\/posts\/139297\/revisions"}],"predecessor-version":[{"id":139353,"href":"https:\/\/buletin.de\/bucuresti\/wp-json\/wp\/v2\/posts\/139297\/revisions\/139353"}],"wp:featuredmedia":[{"embeddable":true,"href":"https:\/\/buletin.de\/bucuresti\/wp-json\/wp\/v2\/media\/139305"}],"wp:attachment":[{"href":"https:\/\/buletin.de\/bucuresti\/wp-json\/wp\/v2\/media?parent=139297"}],"wp:term":[{"taxonomy":"category","embeddable":true,"href":"https:\/\/buletin.de\/bucuresti\/wp-json\/wp\/v2\/categories?post=139297"},{"taxonomy":"post_tag","embeddable":true,"href":"https:\/\/buletin.de\/bucuresti\/wp-json\/wp\/v2\/tags?post=139297"},{"taxonomy":"author","embeddable":true,"href":"https:\/\/buletin.de\/bucuresti\/wp-json\/wp\/v2\/ppma_author?post=139297"}],"curies":[{"name":"wp","href":"https:\/\/api.w.org\/{rel}","templated":true}]}}