{"id":139218,"date":"2025-07-17T06:13:00","date_gmt":"2025-07-17T03:13:00","guid":{"rendered":"https:\/\/buletin.de\/bucuresti\/?p=139218"},"modified":"2025-07-17T17:30:53","modified_gmt":"2025-07-17T14:30:53","slug":"incineratorul-de-la-glina-de-55-de-milioane-de-euro-fumega-pmb-spune-ca-instalatia-functioneaza-conform-normelor-apa-nova-admite-probleme-majore-in-faza-de-probe","status":"publish","type":"post","link":"https:\/\/buletin.de\/bucuresti\/incineratorul-de-la-glina-de-55-de-milioane-de-euro-fumega-pmb-spune-ca-instalatia-functioneaza-conform-normelor-apa-nova-admite-probleme-majore-in-faza-de-probe\/","title":{"rendered":"Incineratorul de la Glina, de 55 de milioane de euro, \u201efumeg\u0103\u201d. PMB spune c\u0103 instala\u021bia func\u021bioneaz\u0103 conform normelor. Apa Nova admite probleme majore \u00een faza de probe"},"content":{"rendered":"\n<p><strong>Prim\u0103ria Municipiului Bucure\u0219ti a transmis la solicitarea Buletin de Bucure\u0219ti c\u0103 incineratorul de n\u0103mol de la Glina \u2013 parte esen\u021bial\u0103 a infrastructurii de tratare a apelor uzate \u2013 este finalizat, recep\u021bionat \u0219i func\u021bioneaz\u0103 \u00een regim opera\u021bional de prob\u0103. <\/strong><\/p>\n\n\n\n<p><strong>\u00cen r\u0103spunsul oficial c\u0103tre redac\u021bie, municipalitatea precizeaz\u0103 c\u0103 instala\u021bia respect\u0103 normele de mediu \u0219i c\u0103 \u201e<em>operatorul Apa Nova Bucure\u0219ti asigur\u0103 func\u021bionarea Incineratorului, dup\u0103 preluarea acestuia \u00een concesiune, \u00een regim de func\u021bionare opera\u021bional\u0103 de prob\u0103<\/em>\u201d. <\/strong><\/p>\n\n\n\n<p>\u00centreb\u0103rile au fost adresate municipalit\u0103\u0163ii dup\u0103 interviul publicat de Buletin de Bucure\u0219ti, <a href=\"https:\/\/buletin.de\/bucuresti\/inundatiile-capitalei-directorul-apanova-madalin-mihailovici-eu-nu-am-vazut-in-bucuresti-sa-ne-dam-cu-barca-sistemul-este-pregatit-intotdeauna-insa-primaria-generala-v\/\" target=\"_blank\" rel=\"noreferrer noopener\">\u201eInunda\u021biile\u201d Capitalei | Directorul ApaNova, M\u0103d\u0103lin Mihailovici: \u201eEu nu am v\u0103zut \u00een Bucure\u0219ti s\u0103 ne d\u0103m cu barca. Sistemul este preg\u0103tit \u00eentotdeauna, \u00eens\u0103 Prim\u0103ria General\u0103 va avea nevoie de investi\u021bii suplimentare\u201d<\/a>.<\/p>\n\n\n\n<p>Totodat\u0103, PMB subliniaz\u0103 c\u0103 nu au fost \u00eenregistrate defec\u021biuni \u00eenainte de recep\u021bie \u0219i c\u0103, \u00een perioada de garan\u021bie, constructorul are obliga\u021bia s\u0103 remedieze eventualele probleme.<\/p>\n\n\n\n<p><strong>Valoarea total\u0103 a lucr\u0103rilor dedicate incineratorului dep\u0103\u0219e\u0219te <mark style=\"background-color:rgba(0, 0, 0, 0)\" class=\"has-inline-color has-vivid-red-color\">272 de milioane de lei f\u0103r\u0103 TVA<\/mark>, finan\u021bate printr-un proiect major european, adic\u0103 aproape <mark style=\"background-color:rgba(0, 0, 0, 0)\" class=\"has-inline-color has-vivid-red-color\">55 de milioane de euro<\/mark>.<\/strong><\/p>\n\n\n\n<h2 class=\"wp-block-heading\" id=\"h-ce-face-incineratorul-de-la-glina\">Ce face incineratorul de la Glina<\/h2>\n\n\n\n<p>\u00cen cadrul unei sta\u021bii de epurare a apelor uzate, cum este cea de dimensiunile celei de la Glina, procesul de tratare produce cantit\u0103\u021bi mari de n\u0103mol rezultat din separarea impurit\u0103\u021bilor. Acest n\u0103mol, dac\u0103 nu este tratat, poate deveni o surs\u0103 de poluare.<\/p>\n\n\n\n<p>Incineratorul de n\u0103mol este o instala\u021bie special\u0103 care arde n\u0103molul deshidratat, reduc\u00e2ndu-l la cenu\u0219\u0103 \u0219i gaze tratate, <a href=\"https:\/\/ui.adsabs.harvard.edu\/abs\/2023Ene...26426294L\/abstract\" target=\"_blank\" rel=\"noreferrer noopener\">cu beneficii precum reducerea volumului de de\u0219euri<\/a> care trebuie depozitate, neutralizeaz\u0103 riscurile biologice \u0219i mirosurile, dar \u0219i poate duce la valorificarea cenu\u0219ii \u00een industrii precum cimentul sau construc\u021biile.<\/p>\n\n\n\n<p>\u00cen practic\u0103, din gazele de ardere rezultate \u0219i evacuate de incinerator, la Sta\u021bia de Epurare Glina se recupereaz\u0103 c\u0103ldur\u0103, care se folose\u0219te pe de o parte \u00een procesul de uscare \u0219i ardere a n\u0103molului, iar pe de alt\u0103 parte \u00eentr-un sistem de generare a energiei electrice.<\/p>\n\n\n\n<p>\u201e<em><strong>Conceptul de incinerator de n\u0103mol este uneori perceput \u00een mod eronat ca fiind asociat cu riscuri de mediu, \u00eens\u0103 <mark style=\"background-color:rgba(0, 0, 0, 0)\" class=\"has-inline-color has-vivid-red-color\">solu\u021bia tehnic\u0103 adoptat\u0103 pentru tratarea n\u0103molurilor rezultate din procesul de epurare a apelor uzate a fost fundamentat\u0103, \u00eenc\u0103 din faza de proiectare,<\/mark> pe o analiz\u0103 detaliat\u0103 a impactului poten\u021bial asupra calit\u0103\u021bii aerului, inclusiv \u00een raport cu zonele locuite din proximitate \u2013 Glina \u0219i Pope\u0219ti-Leordeni<\/strong><\/em>&#8220;, se arat\u0103 \u00een r\u0103spunsul transmis de PMB.<\/p>\n\n\n\n<p>De\u0219i municipalitatea ofer\u0103 un tablou optimist, Apa Nova Bucure\u0219ti, compania care exploateaz\u0103 instala\u021bia, descrie o situa\u021bie mai nuan\u021bat\u0103. <\/p>\n\n\n\n<p>\u201e<em>Acum suntem \u00een perioada de \u2018defect notification\u2019 (nr. &#8211; notificare de defecte), dup\u0103 ce constructorul a terminat lucr\u0103rile. Acum se fac reglajele \u0219i func\u021bioneaz\u0103, s\u0103 spunem, bine<\/em>\u201d, a declarat directorul general al companiei, M\u0103d\u0103lin Mihailovici, \u00eentr-un interviu <a href=\"https:\/\/buletin.de\/bucuresti\/inundatiile-capitalei-directorul-apanova-madalin-mihailovici-eu-nu-am-vazut-in-bucuresti-sa-ne-dam-cu-barca-sistemul-este-pregatit-intotdeauna-insa-primaria-generala-v\/\" target=\"_blank\" rel=\"noreferrer noopener\">acordat recent pentru Buletin de Bucure\u0219ti<\/a>.<\/p>\n\n\n\n<p><strong>Managerul a admis c\u0103 incineratorul de n\u0103mol are problemele lui \u0219i c\u0103 \u00eenc\u0103 se fac lucr\u0103ri de corec\u021bie de c\u0103tre firma care l-a construit.<\/strong><\/p>\n\n\n\n<p>\u201eA<em>vem echipe preg\u0103tite la incineratoare similare \u00een Fran\u021ba, dar a\u0219tept\u0103m s\u0103 se termine perioada de \u2018defect notification\u2019 \u0219i vom face upgrade-urile \u0219i vom aplica noile tehnologii, astfel \u00eenc\u00e2t s\u0103 facem o bijuterie \u0219i din acest incinerator<\/em>\u201d, explica directorul.<\/p>\n\n\n\n<h2 class=\"wp-block-heading\" id=\"h-ce-se-intampla-cu-namolul-de-la-glina-in-prezent\"><strong>Ce se \u00eent\u00e2mpl\u0103 cu n\u0103molul de la Glina \u00een prezent?<\/strong><\/h2>\n\n\n\n<p>M\u0103d\u0103lin Mihailovici a confirmat c\u0103 Prim\u0103ria General\u0103 a solicitat prelungirea perioadei de \u201edefect notification\u201d, av\u00e2nd \u00een vedere c\u0103 \u201e<em>\u00een momentul \u00een care a fost proiectat\u0103 faza a 2-a \u0219i incineratorul, legisla\u021bia de mediu \u00een Europa era una. S-a terminat dup\u0103 at\u00e2\u021bia ani, nu dezvolt\u0103m cauzele, \u00eentre timp legisla\u021bia s-a schimbat. Vom implementa noile standarde dup\u0103 ce se vor termina testele.<\/em>\u201d<\/p>\n\n\n\n<p>\u00cen acest moment, n\u0103molul rezultat este valorificat doar par\u021bial.<\/p>\n\n\n\n<p>\u201e<em>Pl\u0103tim ca s\u0103 fie transportat \u0219i folosit \u00een agricultur\u0103. Pe viitor, vom demara discu\u021bii cu fabricile de ciment, ca cenu\u0219a rezultat\u0103 de la incinerator s\u0103 fie folosit\u0103 la realizarea betonului necesar investi\u021biilor din infrastructur\u0103<\/em>\u201d, a declarat \u00een cadrul interviului publicat de Buletin de Bucure\u0219ti, la jum\u0103tatea lunii iunie, directorul Apa Nova Bucure\u0219ti.<\/p>\n\n\n\n<h2 class=\"wp-block-heading\" id=\"h-context-politic-\u0219i-investi\u021bional\"><strong>Context politic \u0219i investi\u021bional<\/strong><\/h2>\n\n\n\n<p>\u00cen anii trecu\u021bi, proiectul de la Glina a fost subiectul unor dispute politice. Fostul primarul general Nicu\u0219or Dan a subliniat c\u0103 investi\u021bia a fost finalizat\u0103 dup\u0103 \u201e48 de ani de am\u00e2n\u0103ri\u201d, cu sprijinul fondurilor europene \u0219i al B\u0103ncii Mondiale. <\/p>\n\n\n\n<p>La r\u00e2ndul s\u0103u, fostul primar Gabriela Firea a revendicat meritul pentru deblocarea proiectului \u00een 2016 \u0219i atragerea finan\u021b\u0103rilor necesare, sus\u021bin\u00e2nd c\u0103 \u00een mandatul s\u0103u incineratorul era realizat \u00een propor\u021bie de 85%.<\/p>\n\n\n\n<p><strong>CITE\u015eTE \u015eI <a href=\"https:\/\/buletin.de\/bucuresti\/ancheta-incendiului-de-la-matei-bals-s-a-extins-la-patru-ani-de-la-evenimentul-in-care-au-murit-26-de-pacienti\/\">Ancheta incendiului de la \u201eMatei Bal\u0219\u201d s-a extins, la patru ani de la evenimentul \u00een care au murit 26 de pacien\u021bi<\/a><\/strong><\/p>\n","protected":false},"excerpt":{"rendered":"<p>Prim\u0103ria Municipiului Bucure\u0219ti a transmis la solicitarea Buletin de Bucure\u0219ti c\u0103 incineratorul de n\u0103mol de la Glina \u2013 parte esen\u021bial\u0103 a infrastructurii de tratare a apelor uzate \u2013 este finalizat, recep\u021bionat \u0219i func\u021bioneaz\u0103 \u00een regim opera\u021bional de prob\u0103. \u00cen r\u0103spunsul oficial c\u0103tre redac\u021bie, municipalitatea precizeaz\u0103 c\u0103 instala\u021bia respect\u0103 normele de mediu \u0219i c\u0103 \u201eoperatorul Apa [&hellip;]<\/p>\n","protected":false},"author":10,"featured_media":139223,"comment_status":"closed","ping_status":"open","sticky":false,"template":"","format":"standard","meta":{"_acf_changed":false,"inline_featured_image":false,"ngg_post_thumbnail":0,"footnotes":""},"categories":[6994,5762,109],"tags":[4394,2457,178,104,4538],"ppma_author":[22575],"class_list":["post-139218","post","type-post","status-publish","format-standard","has-post-thumbnail","hentry","category-stiri-2","category-main","category-mediu","tag-apa-nova","tag-glina","tag-incinerator","tag-pmb","tag-raspuns"],"acf":[],"yoast_head":"<!-- This site is optimized with the Yoast SEO Premium plugin v25.3 (Yoast SEO v27.4) - https:\/\/yoast.com\/product\/yoast-seo-premium-wordpress\/ -->\n<title>Incineratorul de la Glina, de 55 de milioane de euro, \u201efumeg\u0103\u201d. PMB spune c\u0103 instala\u021bia func\u021bioneaz\u0103 conform normelor. Apa Nova admite probleme majore \u00een faza de probe - Buletin de Bucure\u0219ti<\/title>\n<meta name=\"description\" content=\"Incineratorul de la Glina, de 55 de milioane de euro, \u201efumeg\u0103\u201d. Apa Nova admite probleme majore \u00een faza de probe.\" \/>\n<meta name=\"robots\" content=\"index, follow, max-snippet:-1, max-image-preview:large, max-video-preview:-1\" \/>\n<link rel=\"canonical\" href=\"https:\/\/buletin.de\/bucuresti\/incineratorul-de-la-glina-de-55-de-milioane-de-euro-fumega-pmb-spune-ca-instalatia-functioneaza-conform-normelor-apa-nova-admite-probleme-majore-in-faza-de-probe\/\" \/>\n<meta property=\"og:locale\" content=\"en_GB\" \/>\n<meta property=\"og:type\" content=\"article\" \/>\n<meta property=\"og:title\" content=\"Incineratorul de la Glina, de 55 de milioane de euro, \u201efumeg\u0103\u201d. PMB spune c\u0103 instala\u021bia func\u021bioneaz\u0103 conform normelor. Apa Nova admite probleme majore \u00een faza de probe\" \/>\n<meta property=\"og:description\" content=\"Incineratorul de la Glina, de 55 de milioane de euro, \u201efumeg\u0103\u201d. Apa Nova admite probleme majore \u00een faza de probe.\" \/>\n<meta property=\"og:url\" content=\"https:\/\/buletin.de\/bucuresti\/incineratorul-de-la-glina-de-55-de-milioane-de-euro-fumega-pmb-spune-ca-instalatia-functioneaza-conform-normelor-apa-nova-admite-probleme-majore-in-faza-de-probe\/\" \/>\n<meta property=\"og:site_name\" content=\"Buletin de Bucure\u0219ti\" \/>\n<meta property=\"article:publisher\" content=\"https:\/\/www.facebook.com\/buletin.de.buc\" \/>\n<meta property=\"article:published_time\" content=\"2025-07-17T03:13:00+00:00\" \/>\n<meta property=\"article:modified_time\" content=\"2025-07-17T14:30:53+00:00\" \/>\n<meta property=\"og:image\" content=\"https:\/\/buletin.de\/bucuresti\/wp-content\/uploads\/2025\/07\/ID172210_INQUAM_Photos_George_Calin-scaled.jpg\" \/>\n\t<meta property=\"og:image:width\" content=\"2560\" \/>\n\t<meta property=\"og:image:height\" content=\"1707\" \/>\n\t<meta property=\"og:image:type\" content=\"image\/jpeg\" \/>\n<meta name=\"author\" content=\"C\u0103t\u0103lin Dosca\u0219\" \/>\n<meta name=\"twitter:card\" content=\"summary_large_image\" \/>\n<meta name=\"twitter:label1\" content=\"Written by\" \/>\n\t<meta name=\"twitter:data1\" content=\"C\u0103t\u0103lin Dosca\u0219\" \/>\n\t<meta name=\"twitter:label2\" content=\"Estimated reading time\" \/>\n\t<meta name=\"twitter:data2\" content=\"4 minutes\" \/>\n<script type=\"application\/ld+json\" class=\"yoast-schema-graph\">{\"@context\":\"https:\\\/\\\/schema.org\",\"@graph\":[{\"@type\":\"Article\",\"@id\":\"https:\\\/\\\/buletin.de\\\/bucuresti\\\/incineratorul-de-la-glina-de-55-de-milioane-de-euro-fumega-pmb-spune-ca-instalatia-functioneaza-conform-normelor-apa-nova-admite-probleme-majore-in-faza-de-probe\\\/#article\",\"isPartOf\":{\"@id\":\"https:\\\/\\\/buletin.de\\\/bucuresti\\\/incineratorul-de-la-glina-de-55-de-milioane-de-euro-fumega-pmb-spune-ca-instalatia-functioneaza-conform-normelor-apa-nova-admite-probleme-majore-in-faza-de-probe\\\/\"},\"author\":{\"name\":\"C\u0103t\u0103lin Dosca\u0219\",\"@id\":\"https:\\\/\\\/buletin.de\\\/bucuresti\\\/#\\\/schema\\\/person\\\/31117187ed4d0bdb0a4c7d6acc79d0f8\"},\"headline\":\"Incineratorul de la Glina, de 55 de milioane de euro, \u201efumeg\u0103\u201d. PMB spune c\u0103 instala\u021bia func\u021bioneaz\u0103 conform normelor. Apa Nova admite probleme majore \u00een faza de probe\",\"datePublished\":\"2025-07-17T03:13:00+00:00\",\"dateModified\":\"2025-07-17T14:30:53+00:00\",\"mainEntityOfPage\":{\"@id\":\"https:\\\/\\\/buletin.de\\\/bucuresti\\\/incineratorul-de-la-glina-de-55-de-milioane-de-euro-fumega-pmb-spune-ca-instalatia-functioneaza-conform-normelor-apa-nova-admite-probleme-majore-in-faza-de-probe\\\/\"},\"wordCount\":858,\"publisher\":{\"@id\":\"https:\\\/\\\/buletin.de\\\/bucuresti\\\/#organization\"},\"image\":{\"@id\":\"https:\\\/\\\/buletin.de\\\/bucuresti\\\/incineratorul-de-la-glina-de-55-de-milioane-de-euro-fumega-pmb-spune-ca-instalatia-functioneaza-conform-normelor-apa-nova-admite-probleme-majore-in-faza-de-probe\\\/#primaryimage\"},\"thumbnailUrl\":\"https:\\\/\\\/buletin.de\\\/bucuresti\\\/wp-content\\\/uploads\\\/2025\\\/07\\\/ID172210_INQUAM_Photos_George_Calin-scaled.jpg\",\"keywords\":[\"Apa Nova\",\"Glina\",\"incinerator\",\"pmb\",\"raspuns\"],\"articleSection\":[\"Articole\",\"Main\",\"Mediu\"],\"inLanguage\":\"en-GB\",\"copyrightYear\":\"2025\",\"copyrightHolder\":{\"@id\":\"https:\\\/\\\/buletin.de\\\/bucuresti\\\/#organization\"}},{\"@type\":\"WebPage\",\"@id\":\"https:\\\/\\\/buletin.de\\\/bucuresti\\\/incineratorul-de-la-glina-de-55-de-milioane-de-euro-fumega-pmb-spune-ca-instalatia-functioneaza-conform-normelor-apa-nova-admite-probleme-majore-in-faza-de-probe\\\/\",\"url\":\"https:\\\/\\\/buletin.de\\\/bucuresti\\\/incineratorul-de-la-glina-de-55-de-milioane-de-euro-fumega-pmb-spune-ca-instalatia-functioneaza-conform-normelor-apa-nova-admite-probleme-majore-in-faza-de-probe\\\/\",\"name\":\"Incineratorul de la Glina, de 55 de milioane de euro, \u201efumeg\u0103\u201d. PMB spune c\u0103 instala\u021bia func\u021bioneaz\u0103 conform normelor. Apa Nova admite probleme majore \u00een faza de probe - Buletin de Bucure\u0219ti\",\"isPartOf\":{\"@id\":\"https:\\\/\\\/buletin.de\\\/bucuresti\\\/#website\"},\"primaryImageOfPage\":{\"@id\":\"https:\\\/\\\/buletin.de\\\/bucuresti\\\/incineratorul-de-la-glina-de-55-de-milioane-de-euro-fumega-pmb-spune-ca-instalatia-functioneaza-conform-normelor-apa-nova-admite-probleme-majore-in-faza-de-probe\\\/#primaryimage\"},\"image\":{\"@id\":\"https:\\\/\\\/buletin.de\\\/bucuresti\\\/incineratorul-de-la-glina-de-55-de-milioane-de-euro-fumega-pmb-spune-ca-instalatia-functioneaza-conform-normelor-apa-nova-admite-probleme-majore-in-faza-de-probe\\\/#primaryimage\"},\"thumbnailUrl\":\"https:\\\/\\\/buletin.de\\\/bucuresti\\\/wp-content\\\/uploads\\\/2025\\\/07\\\/ID172210_INQUAM_Photos_George_Calin-scaled.jpg\",\"datePublished\":\"2025-07-17T03:13:00+00:00\",\"dateModified\":\"2025-07-17T14:30:53+00:00\",\"description\":\"Incineratorul de la Glina, de 55 de milioane de euro, \u201efumeg\u0103\u201d. Apa Nova admite probleme majore \u00een faza de probe.\",\"breadcrumb\":{\"@id\":\"https:\\\/\\\/buletin.de\\\/bucuresti\\\/incineratorul-de-la-glina-de-55-de-milioane-de-euro-fumega-pmb-spune-ca-instalatia-functioneaza-conform-normelor-apa-nova-admite-probleme-majore-in-faza-de-probe\\\/#breadcrumb\"},\"inLanguage\":\"en-GB\",\"potentialAction\":[{\"@type\":\"ReadAction\",\"target\":[\"https:\\\/\\\/buletin.de\\\/bucuresti\\\/incineratorul-de-la-glina-de-55-de-milioane-de-euro-fumega-pmb-spune-ca-instalatia-functioneaza-conform-normelor-apa-nova-admite-probleme-majore-in-faza-de-probe\\\/\"]}]},{\"@type\":\"ImageObject\",\"inLanguage\":\"en-GB\",\"@id\":\"https:\\\/\\\/buletin.de\\\/bucuresti\\\/incineratorul-de-la-glina-de-55-de-milioane-de-euro-fumega-pmb-spune-ca-instalatia-functioneaza-conform-normelor-apa-nova-admite-probleme-majore-in-faza-de-probe\\\/#primaryimage\",\"url\":\"https:\\\/\\\/buletin.de\\\/bucuresti\\\/wp-content\\\/uploads\\\/2025\\\/07\\\/ID172210_INQUAM_Photos_George_Calin-scaled.jpg\",\"contentUrl\":\"https:\\\/\\\/buletin.de\\\/bucuresti\\\/wp-content\\\/uploads\\\/2025\\\/07\\\/ID172210_INQUAM_Photos_George_Calin-scaled.jpg\",\"width\":2560,\"height\":1707,\"caption\":\"Incineratorul de la Glina, de 55 de milioane de euro, \u201efumeg\u0103\u201d. FOTO: Inquam Photos\\\/George C\u0103lin\"},{\"@type\":\"BreadcrumbList\",\"@id\":\"https:\\\/\\\/buletin.de\\\/bucuresti\\\/incineratorul-de-la-glina-de-55-de-milioane-de-euro-fumega-pmb-spune-ca-instalatia-functioneaza-conform-normelor-apa-nova-admite-probleme-majore-in-faza-de-probe\\\/#breadcrumb\",\"itemListElement\":[{\"@type\":\"ListItem\",\"position\":1,\"name\":\"Acas\u0103\",\"item\":\"https:\\\/\\\/buletin.de\\\/bucuresti\\\/\"},{\"@type\":\"ListItem\",\"position\":2,\"name\":\"Incineratorul de la Glina, de 55 de milioane de euro, \u201efumeg\u0103\u201d. PMB spune c\u0103 instala\u021bia func\u021bioneaz\u0103 conform normelor. Apa Nova admite probleme majore \u00een faza de probe\"}]},{\"@type\":\"WebSite\",\"@id\":\"https:\\\/\\\/buletin.de\\\/bucuresti\\\/#website\",\"url\":\"https:\\\/\\\/buletin.de\\\/bucuresti\\\/\",\"name\":\"Buletin de Bucure\u0219ti\",\"description\":\"\u0218tiri \u0219i investiga\u021bii esen\u021biale din capital\u0103\",\"publisher\":{\"@id\":\"https:\\\/\\\/buletin.de\\\/bucuresti\\\/#organization\"},\"potentialAction\":[{\"@type\":\"SearchAction\",\"target\":{\"@type\":\"EntryPoint\",\"urlTemplate\":\"https:\\\/\\\/buletin.de\\\/bucuresti\\\/?s={search_term_string}\"},\"query-input\":{\"@type\":\"PropertyValueSpecification\",\"valueRequired\":true,\"valueName\":\"search_term_string\"}}],\"inLanguage\":\"en-GB\"},{\"@type\":\"Organization\",\"@id\":\"https:\\\/\\\/buletin.de\\\/bucuresti\\\/#organization\",\"name\":\"Buletin de Bucure\u0219ti\",\"url\":\"https:\\\/\\\/buletin.de\\\/bucuresti\\\/\",\"logo\":{\"@type\":\"ImageObject\",\"inLanguage\":\"en-GB\",\"@id\":\"https:\\\/\\\/buletin.de\\\/bucuresti\\\/#\\\/schema\\\/logo\\\/image\\\/\",\"url\":\"https:\\\/\\\/buletin.de\\\/bucuresti\\\/wp-content\\\/uploads\\\/logo-bdb-full-wide-vernil-transparent.png\",\"contentUrl\":\"https:\\\/\\\/buletin.de\\\/bucuresti\\\/wp-content\\\/uploads\\\/logo-bdb-full-wide-vernil-transparent.png\",\"width\":1782,\"height\":626,\"caption\":\"Buletin de Bucure\u0219ti\"},\"image\":{\"@id\":\"https:\\\/\\\/buletin.de\\\/bucuresti\\\/#\\\/schema\\\/logo\\\/image\\\/\"},\"sameAs\":[\"https:\\\/\\\/www.facebook.com\\\/buletin.de.buc\",\"https:\\\/\\\/www.instagram.com\\\/buletinde.bucuresti\\\/\"]},{\"@type\":\"Person\",\"@id\":\"https:\\\/\\\/buletin.de\\\/bucuresti\\\/#\\\/schema\\\/person\\\/31117187ed4d0bdb0a4c7d6acc79d0f8\",\"name\":\"C\u0103t\u0103lin Dosca\u0219\",\"image\":{\"@type\":\"ImageObject\",\"inLanguage\":\"en-GB\",\"@id\":\"https:\\\/\\\/buletin.de\\\/bucuresti\\\/wp-content\\\/uploads\\\/Catalin-Doscas-e1732731064764-96x96.jpga93e2943bb3b1c1f9ead823df6e6317a\",\"url\":\"https:\\\/\\\/buletin.de\\\/bucuresti\\\/wp-content\\\/uploads\\\/Catalin-Doscas-e1732731064764-96x96.jpg\",\"contentUrl\":\"https:\\\/\\\/buletin.de\\\/bucuresti\\\/wp-content\\\/uploads\\\/Catalin-Doscas-e1732731064764-96x96.jpg\",\"caption\":\"C\u0103t\u0103lin Dosca\u0219\"},\"description\":\"Reporter \u0219i redactor-\u0219ef Buletin de Bucure\u0219ti. Lucreaz\u0103 \u00een mass-media de la v\u00e2rsta de 15 ani, c\u00e2nd a publicat primele articole \u00een presa local\u0103 din Tecuci. \u00cen Bucure\u0219ti a lucrat \u00een redac\u021bii radio ca reporter, redactor \u0219i prezentator (StudentFM, Na\u021bionalFM, Radio Total, Smart FM), unde a acoperit domeniile politic, economic, social \u0219i externe. Ulterior, a fost editor-coordonator al postului Realitatea FM. Experien\u021ba \u00een jurnalismul online a dob\u00e2ndit-o la portalul B365.ro, unde a fost editor. \u00cen 2012 s-a angajat \u00een televiziune. La Realitatea TV a fost, pe r\u00e2nd, reporter la sec\u021bia Social, reporter special la emisiunea de reportaje \u0219i anchete \u201eReporterii Realit\u0103\u021bii\u201d, dar \u0219i editor al jurnalelor de \u0219tiri. Ulterior, a f\u0103cut parte din sec\u021bia de Investiga\u021bii de la Digi24 \u0219i a lucrat la campania \u201eRom\u00e2nia furat\u0103\u201d. A revenit \u00een presa scris\u0103 \u00een 2017, ca reporter special, \u00een cadrul unui proiect de repozi\u021bionare a tabloidului Libertatea \u00een cotidian generalist. Este jurnalist Buletin de Bucure\u0219ti din 2019.\",\"url\":\"https:\\\/\\\/buletin.de\\\/bucuresti\\\/author\\\/catalin\\\/\"}]}<\/script>\n<!-- \/ Yoast SEO Premium plugin. -->","yoast_head_json":{"title":"Incineratorul de la Glina, de 55 de milioane de euro, \u201efumeg\u0103\u201d. PMB spune c\u0103 instala\u021bia func\u021bioneaz\u0103 conform normelor. Apa Nova admite probleme majore \u00een faza de probe - Buletin de Bucure\u0219ti","description":"Incineratorul de la Glina, de 55 de milioane de euro, \u201efumeg\u0103\u201d. Apa Nova admite probleme majore \u00een faza de probe.","robots":{"index":"index","follow":"follow","max-snippet":"max-snippet:-1","max-image-preview":"max-image-preview:large","max-video-preview":"max-video-preview:-1"},"canonical":"https:\/\/buletin.de\/bucuresti\/incineratorul-de-la-glina-de-55-de-milioane-de-euro-fumega-pmb-spune-ca-instalatia-functioneaza-conform-normelor-apa-nova-admite-probleme-majore-in-faza-de-probe\/","og_locale":"en_GB","og_type":"article","og_title":"Incineratorul de la Glina, de 55 de milioane de euro, \u201efumeg\u0103\u201d. PMB spune c\u0103 instala\u021bia func\u021bioneaz\u0103 conform normelor. Apa Nova admite probleme majore \u00een faza de probe","og_description":"Incineratorul de la Glina, de 55 de milioane de euro, \u201efumeg\u0103\u201d. Apa Nova admite probleme majore \u00een faza de probe.","og_url":"https:\/\/buletin.de\/bucuresti\/incineratorul-de-la-glina-de-55-de-milioane-de-euro-fumega-pmb-spune-ca-instalatia-functioneaza-conform-normelor-apa-nova-admite-probleme-majore-in-faza-de-probe\/","og_site_name":"Buletin de Bucure\u0219ti","article_publisher":"https:\/\/www.facebook.com\/buletin.de.buc","article_published_time":"2025-07-17T03:13:00+00:00","article_modified_time":"2025-07-17T14:30:53+00:00","og_image":[{"width":2560,"height":1707,"url":"https:\/\/buletin.de\/bucuresti\/wp-content\/uploads\/2025\/07\/ID172210_INQUAM_Photos_George_Calin-scaled.jpg","type":"image\/jpeg"}],"author":"C\u0103t\u0103lin Dosca\u0219","twitter_card":"summary_large_image","twitter_misc":{"Written by":"C\u0103t\u0103lin Dosca\u0219","Estimated reading time":"4 minutes"},"schema":{"@context":"https:\/\/schema.org","@graph":[{"@type":"Article","@id":"https:\/\/buletin.de\/bucuresti\/incineratorul-de-la-glina-de-55-de-milioane-de-euro-fumega-pmb-spune-ca-instalatia-functioneaza-conform-normelor-apa-nova-admite-probleme-majore-in-faza-de-probe\/#article","isPartOf":{"@id":"https:\/\/buletin.de\/bucuresti\/incineratorul-de-la-glina-de-55-de-milioane-de-euro-fumega-pmb-spune-ca-instalatia-functioneaza-conform-normelor-apa-nova-admite-probleme-majore-in-faza-de-probe\/"},"author":{"name":"C\u0103t\u0103lin Dosca\u0219","@id":"https:\/\/buletin.de\/bucuresti\/#\/schema\/person\/31117187ed4d0bdb0a4c7d6acc79d0f8"},"headline":"Incineratorul de la Glina, de 55 de milioane de euro, \u201efumeg\u0103\u201d. PMB spune c\u0103 instala\u021bia func\u021bioneaz\u0103 conform normelor. Apa Nova admite probleme majore \u00een faza de probe","datePublished":"2025-07-17T03:13:00+00:00","dateModified":"2025-07-17T14:30:53+00:00","mainEntityOfPage":{"@id":"https:\/\/buletin.de\/bucuresti\/incineratorul-de-la-glina-de-55-de-milioane-de-euro-fumega-pmb-spune-ca-instalatia-functioneaza-conform-normelor-apa-nova-admite-probleme-majore-in-faza-de-probe\/"},"wordCount":858,"publisher":{"@id":"https:\/\/buletin.de\/bucuresti\/#organization"},"image":{"@id":"https:\/\/buletin.de\/bucuresti\/incineratorul-de-la-glina-de-55-de-milioane-de-euro-fumega-pmb-spune-ca-instalatia-functioneaza-conform-normelor-apa-nova-admite-probleme-majore-in-faza-de-probe\/#primaryimage"},"thumbnailUrl":"https:\/\/buletin.de\/bucuresti\/wp-content\/uploads\/2025\/07\/ID172210_INQUAM_Photos_George_Calin-scaled.jpg","keywords":["Apa Nova","Glina","incinerator","pmb","raspuns"],"articleSection":["Articole","Main","Mediu"],"inLanguage":"en-GB","copyrightYear":"2025","copyrightHolder":{"@id":"https:\/\/buletin.de\/bucuresti\/#organization"}},{"@type":"WebPage","@id":"https:\/\/buletin.de\/bucuresti\/incineratorul-de-la-glina-de-55-de-milioane-de-euro-fumega-pmb-spune-ca-instalatia-functioneaza-conform-normelor-apa-nova-admite-probleme-majore-in-faza-de-probe\/","url":"https:\/\/buletin.de\/bucuresti\/incineratorul-de-la-glina-de-55-de-milioane-de-euro-fumega-pmb-spune-ca-instalatia-functioneaza-conform-normelor-apa-nova-admite-probleme-majore-in-faza-de-probe\/","name":"Incineratorul de la Glina, de 55 de milioane de euro, \u201efumeg\u0103\u201d. PMB spune c\u0103 instala\u021bia func\u021bioneaz\u0103 conform normelor. Apa Nova admite probleme majore \u00een faza de probe - Buletin de Bucure\u0219ti","isPartOf":{"@id":"https:\/\/buletin.de\/bucuresti\/#website"},"primaryImageOfPage":{"@id":"https:\/\/buletin.de\/bucuresti\/incineratorul-de-la-glina-de-55-de-milioane-de-euro-fumega-pmb-spune-ca-instalatia-functioneaza-conform-normelor-apa-nova-admite-probleme-majore-in-faza-de-probe\/#primaryimage"},"image":{"@id":"https:\/\/buletin.de\/bucuresti\/incineratorul-de-la-glina-de-55-de-milioane-de-euro-fumega-pmb-spune-ca-instalatia-functioneaza-conform-normelor-apa-nova-admite-probleme-majore-in-faza-de-probe\/#primaryimage"},"thumbnailUrl":"https:\/\/buletin.de\/bucuresti\/wp-content\/uploads\/2025\/07\/ID172210_INQUAM_Photos_George_Calin-scaled.jpg","datePublished":"2025-07-17T03:13:00+00:00","dateModified":"2025-07-17T14:30:53+00:00","description":"Incineratorul de la Glina, de 55 de milioane de euro, \u201efumeg\u0103\u201d. Apa Nova admite probleme majore \u00een faza de probe.","breadcrumb":{"@id":"https:\/\/buletin.de\/bucuresti\/incineratorul-de-la-glina-de-55-de-milioane-de-euro-fumega-pmb-spune-ca-instalatia-functioneaza-conform-normelor-apa-nova-admite-probleme-majore-in-faza-de-probe\/#breadcrumb"},"inLanguage":"en-GB","potentialAction":[{"@type":"ReadAction","target":["https:\/\/buletin.de\/bucuresti\/incineratorul-de-la-glina-de-55-de-milioane-de-euro-fumega-pmb-spune-ca-instalatia-functioneaza-conform-normelor-apa-nova-admite-probleme-majore-in-faza-de-probe\/"]}]},{"@type":"ImageObject","inLanguage":"en-GB","@id":"https:\/\/buletin.de\/bucuresti\/incineratorul-de-la-glina-de-55-de-milioane-de-euro-fumega-pmb-spune-ca-instalatia-functioneaza-conform-normelor-apa-nova-admite-probleme-majore-in-faza-de-probe\/#primaryimage","url":"https:\/\/buletin.de\/bucuresti\/wp-content\/uploads\/2025\/07\/ID172210_INQUAM_Photos_George_Calin-scaled.jpg","contentUrl":"https:\/\/buletin.de\/bucuresti\/wp-content\/uploads\/2025\/07\/ID172210_INQUAM_Photos_George_Calin-scaled.jpg","width":2560,"height":1707,"caption":"Incineratorul de la Glina, de 55 de milioane de euro, \u201efumeg\u0103\u201d. FOTO: Inquam Photos\/George C\u0103lin"},{"@type":"BreadcrumbList","@id":"https:\/\/buletin.de\/bucuresti\/incineratorul-de-la-glina-de-55-de-milioane-de-euro-fumega-pmb-spune-ca-instalatia-functioneaza-conform-normelor-apa-nova-admite-probleme-majore-in-faza-de-probe\/#breadcrumb","itemListElement":[{"@type":"ListItem","position":1,"name":"Acas\u0103","item":"https:\/\/buletin.de\/bucuresti\/"},{"@type":"ListItem","position":2,"name":"Incineratorul de la Glina, de 55 de milioane de euro, \u201efumeg\u0103\u201d. PMB spune c\u0103 instala\u021bia func\u021bioneaz\u0103 conform normelor. Apa Nova admite probleme majore \u00een faza de probe"}]},{"@type":"WebSite","@id":"https:\/\/buletin.de\/bucuresti\/#website","url":"https:\/\/buletin.de\/bucuresti\/","name":"Buletin de Bucure\u0219ti","description":"\u0218tiri \u0219i investiga\u021bii esen\u021biale din capital\u0103","publisher":{"@id":"https:\/\/buletin.de\/bucuresti\/#organization"},"potentialAction":[{"@type":"SearchAction","target":{"@type":"EntryPoint","urlTemplate":"https:\/\/buletin.de\/bucuresti\/?s={search_term_string}"},"query-input":{"@type":"PropertyValueSpecification","valueRequired":true,"valueName":"search_term_string"}}],"inLanguage":"en-GB"},{"@type":"Organization","@id":"https:\/\/buletin.de\/bucuresti\/#organization","name":"Buletin de Bucure\u0219ti","url":"https:\/\/buletin.de\/bucuresti\/","logo":{"@type":"ImageObject","inLanguage":"en-GB","@id":"https:\/\/buletin.de\/bucuresti\/#\/schema\/logo\/image\/","url":"https:\/\/buletin.de\/bucuresti\/wp-content\/uploads\/logo-bdb-full-wide-vernil-transparent.png","contentUrl":"https:\/\/buletin.de\/bucuresti\/wp-content\/uploads\/logo-bdb-full-wide-vernil-transparent.png","width":1782,"height":626,"caption":"Buletin de Bucure\u0219ti"},"image":{"@id":"https:\/\/buletin.de\/bucuresti\/#\/schema\/logo\/image\/"},"sameAs":["https:\/\/www.facebook.com\/buletin.de.buc","https:\/\/www.instagram.com\/buletinde.bucuresti\/"]},{"@type":"Person","@id":"https:\/\/buletin.de\/bucuresti\/#\/schema\/person\/31117187ed4d0bdb0a4c7d6acc79d0f8","name":"C\u0103t\u0103lin Dosca\u0219","image":{"@type":"ImageObject","inLanguage":"en-GB","@id":"https:\/\/buletin.de\/bucuresti\/wp-content\/uploads\/Catalin-Doscas-e1732731064764-96x96.jpga93e2943bb3b1c1f9ead823df6e6317a","url":"https:\/\/buletin.de\/bucuresti\/wp-content\/uploads\/Catalin-Doscas-e1732731064764-96x96.jpg","contentUrl":"https:\/\/buletin.de\/bucuresti\/wp-content\/uploads\/Catalin-Doscas-e1732731064764-96x96.jpg","caption":"C\u0103t\u0103lin Dosca\u0219"},"description":"Reporter \u0219i redactor-\u0219ef Buletin de Bucure\u0219ti. Lucreaz\u0103 \u00een mass-media de la v\u00e2rsta de 15 ani, c\u00e2nd a publicat primele articole \u00een presa local\u0103 din Tecuci. \u00cen Bucure\u0219ti a lucrat \u00een redac\u021bii radio ca reporter, redactor \u0219i prezentator (StudentFM, Na\u021bionalFM, Radio Total, Smart FM), unde a acoperit domeniile politic, economic, social \u0219i externe. Ulterior, a fost editor-coordonator al postului Realitatea FM. Experien\u021ba \u00een jurnalismul online a dob\u00e2ndit-o la portalul B365.ro, unde a fost editor. \u00cen 2012 s-a angajat \u00een televiziune. La Realitatea TV a fost, pe r\u00e2nd, reporter la sec\u021bia Social, reporter special la emisiunea de reportaje \u0219i anchete \u201eReporterii Realit\u0103\u021bii\u201d, dar \u0219i editor al jurnalelor de \u0219tiri. Ulterior, a f\u0103cut parte din sec\u021bia de Investiga\u021bii de la Digi24 \u0219i a lucrat la campania \u201eRom\u00e2nia furat\u0103\u201d. A revenit \u00een presa scris\u0103 \u00een 2017, ca reporter special, \u00een cadrul unui proiect de repozi\u021bionare a tabloidului Libertatea \u00een cotidian generalist. Este jurnalist Buletin de Bucure\u0219ti din 2019.","url":"https:\/\/buletin.de\/bucuresti\/author\/catalin\/"}]}},"authors":[{"term_id":22575,"user_id":10,"is_guest":0,"slug":"catalin","display_name":"C\u0103t\u0103lin Dosca\u0219","avatar_url":"https:\/\/buletin.de\/bucuresti\/wp-content\/uploads\/Catalin-Doscas-e1732731064764-96x96.jpg","0":null,"1":"","2":"","3":"","4":"","5":"","6":"","7":"","8":""}],"_links":{"self":[{"href":"https:\/\/buletin.de\/bucuresti\/wp-json\/wp\/v2\/posts\/139218","targetHints":{"allow":["GET"]}}],"collection":[{"href":"https:\/\/buletin.de\/bucuresti\/wp-json\/wp\/v2\/posts"}],"about":[{"href":"https:\/\/buletin.de\/bucuresti\/wp-json\/wp\/v2\/types\/post"}],"author":[{"embeddable":true,"href":"https:\/\/buletin.de\/bucuresti\/wp-json\/wp\/v2\/users\/10"}],"replies":[{"embeddable":true,"href":"https:\/\/buletin.de\/bucuresti\/wp-json\/wp\/v2\/comments?post=139218"}],"version-history":[{"count":6,"href":"https:\/\/buletin.de\/bucuresti\/wp-json\/wp\/v2\/posts\/139218\/revisions"}],"predecessor-version":[{"id":139357,"href":"https:\/\/buletin.de\/bucuresti\/wp-json\/wp\/v2\/posts\/139218\/revisions\/139357"}],"wp:featuredmedia":[{"embeddable":true,"href":"https:\/\/buletin.de\/bucuresti\/wp-json\/wp\/v2\/media\/139223"}],"wp:attachment":[{"href":"https:\/\/buletin.de\/bucuresti\/wp-json\/wp\/v2\/media?parent=139218"}],"wp:term":[{"taxonomy":"category","embeddable":true,"href":"https:\/\/buletin.de\/bucuresti\/wp-json\/wp\/v2\/categories?post=139218"},{"taxonomy":"post_tag","embeddable":true,"href":"https:\/\/buletin.de\/bucuresti\/wp-json\/wp\/v2\/tags?post=139218"},{"taxonomy":"author","embeddable":true,"href":"https:\/\/buletin.de\/bucuresti\/wp-json\/wp\/v2\/ppma_author?post=139218"}],"curies":[{"name":"wp","href":"https:\/\/api.w.org\/{rel}","templated":true}]}}