{"id":139103,"date":"2025-07-15T10:00:38","date_gmt":"2025-07-15T07:00:38","guid":{"rendered":"https:\/\/buletin.de\/bucuresti\/?p=139103"},"modified":"2025-07-15T10:54:33","modified_gmt":"2025-07-15T07:54:33","slug":"noi-proteste-ale-bugetarilor-in-piata-victoriei-impotriva-masurilor-fiscale-ale-guvernului-bolojan","status":"publish","type":"post","link":"https:\/\/buletin.de\/bucuresti\/noi-proteste-ale-bugetarilor-in-piata-victoriei-impotriva-masurilor-fiscale-ale-guvernului-bolojan\/","title":{"rendered":"VIDEO | Noi proteste ale bugetarilor \u00een Pia\u021ba Victoriei, \u00eempotriva m\u0103surilor fiscale ale guvernului Bolojan"},"content":{"rendered":"\n<p><strong>Noi proteste ale bugetarilor au loc mar\u021bi \u00een Pia\u021ba Victoriei, Sindicatele salaria\u021bilor din Agen\u021bia de Pl\u0103\u021bi \u0219i Interven\u021bie pentru Agricultur\u0103 (APIA), Agen\u021bia pentru Finan\u021barea Investi\u021biilor Rurale (AFIR) \u0219i Ministerul Investi\u021biilor \u0219i Proiectelor Europene (MIPE) \u00ee\u0219i exprim\u0103 nemul\u021bumirea fa\u021b\u0103 de m\u0103surile fiscale ale Guvernului Bolojan.<\/strong><\/p>\n\n\n\n<p>Protestul dureaz\u0103 patru ore, de la ora 10.0<\/p>\n\n\n\n<p>Potrivit Blocului Na\u021bional Sindical (BNS), la care sunt afiliate cele trei organiza\u021bii sindicale, la ac\u021biunea sunt a\u0219tepta\u021bi angaja\u021bi din toat\u0103 \u021bara ai celor trei institu\u021bii, pentru a-\u0219i &#8216;exprima nemul\u021bumirea fa\u021b\u0103 de m\u0103surile legislative recente, ce afecteaz\u0103 grav capacitatea de administrare a fondurilor europene&#8217;, noteaz\u0103 <a href=\"https:\/\/agerpres.ro\/social\/2025\/07\/15\/sindicatele-salariatilor-din-apia-afir-si-mipe-protesteaza-marti-in-piata-victoriei--1468368\" target=\"_blank\" rel=\"noreferrer noopener\">Agerpres<\/a>.<\/p>\n\n\n\n<p>\u00cen timpul protestului, o delega\u021bie format\u0103 din cinci persoane va depune un memoriu oficial la registratura Guvernului Rom\u00e2niei.&nbsp;<\/p>\n\n\n\n<iframe src=\"https:\/\/www.digi24.ro\/embed\/stiri\/actualitate\/blocul-national-sindical-protest-in-piata-victoriei-marti-de-la-1000-la-1400-3325805?video=0&#038;width=570&#038;height=320\" allowfullscreen marginwidth=\"0\" marginheight=\"0\" align=\"top\" scrolling=\"No\" frameborder=\"0\" hspace=\"0\" vspace=\"0\" width=\"570\" height=\"320\" ><\/iframe>\n\n\n\n<iframe src=\"https:\/\/www.digi24.ro\/embed\/stiri\/actualitate\/blocul-national-sindical-protest-in-piata-victoriei-marti-de-la-1000-la-1400-3325805?video=2&#038;width=570&#038;height=320\" allowfullscreen marginwidth=\"0\" marginheight=\"0\" align=\"top\" scrolling=\"No\" frameborder=\"0\" hspace=\"0\" vspace=\"0\" width=\"570\" height=\"320\" ><\/iframe>\n\n\n\n<p><strong>CITE\u0218TE \u0218I:<a href=\"https:\/\/buletin.de\/bucuresti\/ironie-amara-ii-institutia-responsabila-cu-protejarea-patrimoniului-din-bucuresti-asfalteaza-ilegal-curtea-cladirii-de-patrimoniu-in-care-functioneaza-a-fost-sesizat-parchetul\/\" target=\"_blank\" rel=\"noreferrer noopener\"> Ironie amar\u0103 (II) | Institu\u0163ia responsabil\u0103 cu protejarea patrimoniului din Bucure\u0219ti asfalteaz\u0103 ilegal curtea cl\u0103dirii de patrimoniu \u00een care func\u021bioneaz\u0103. A fost sesizat Parchetul<\/a><\/strong><\/p>\n\n\n\n<h2 class=\"wp-block-heading\" id=\"h-proteste-ale-bugetarilor-au-loc-zilnic\">Proteste ale bugetarilor au loc zilnic<\/h2>\n\n\n\n<p><strong>Angaja\u0163i din majoritatea domeniilor de activitate s-au ar\u0103tat nemul\u0163umi\u0163i de m\u0103surile de reducere a deficitului bugetar, fiind organizate proteste at\u00e2t \u00een Bucure\u015fti, c\u00e2t \u015fi \u00een jude\u0163e. <\/strong><\/p>\n\n\n\n<p>Confedera\u0163ia sindical\u0103 Cartel Alfa a organizat, luni, un mar\u015f \u00een jurul Parlamentului. Confedera\u021bia a f\u0103cut apel la unitate c\u0103tre toate organiza\u0163iile sindicale pentru a ac\u0163iona \u00een comun \u00eempotriva \u201eatacurilor asupra lucr\u0103torilor \u015fi pensionarilor \u015fi a celor mai vulnerabili dintre cet\u0103\u0163eni\u201d, potrivit unui comunicat de pres\u0103, citat de <a href=\"https:\/\/www.digi24.ro\/stiri\/actualitate\/blocul-national-sindical-protest-in-piata-victoriei-marti-de-la-1000-la-1400-3325805\" target=\"_blank\" rel=\"noreferrer noopener\">Digi24<\/a>.<\/p>\n\n\n\n<p>Sindicali\u015ftii consider\u0103 c\u0103 politicile sociale \u015fi economice promovate de c\u0103tre actuala clas\u0103 politic\u0103 reprezint\u0103 un atac direct asupra demnit\u0103\u0163ii \u015fi drepturilor salaria\u0163ilor.<\/p>\n\n\n\n<p><strong>CITE\u0218TE \u0218I: <a href=\"https:\/\/buletin.de\/bucuresti\/inca-un-cod-galben-de-canicula-pentru-capitala\/\" target=\"_blank\" rel=\"noreferrer noopener\">METEO | \u00cenc\u0103 un cod galben de canicul\u0103, pentru Capital\u0103. Temperaturile maxime urc\u0103, din nou, p\u00e2n\u0103 la 36 de grade<\/a><\/strong><\/p>\n\n\n\n<h2 class=\"wp-block-heading\" id=\"h-ce-con\u021bine-al-doilea-pachet-de-masuri-fiscale-anun\u021bat-de-guvernul-bolojan\">Ce con\u021bine al doilea pachet de m\u0103suri fiscale anun\u021bat de Guvernul Bolojan<\/h2>\n\n\n\n<p><strong>Premierul Ilie Bolojan a anun\u021bat s\u0103pt\u0103m\u00e2na trecut\u0103 ce va con\u021bine al doilea pachet de m\u0103suri fiscale menit s\u0103 reduc\u0103 uria\u0219ul deficit bugetar pe care-l are \u00een acest moment Rom\u00e2nia. <\/strong><\/p>\n\n\n\n<p>\u00cen al doilea pachet fiscal se vor reg\u0103si m\u0103suri precum eliminarea cumulului pensiilor cu salariul \u00een cadrul institu\u021biilor \u0219i autorit\u0103\u021bilor publice, desfiin\u021barea func\u021biei de viceprimar \u00een localit\u0103\u021bile mici sau depolitizarea \u0219i reorganizarea ANAF. <\/p>\n\n\n\n<p><strong>La capitolul Resurs\u0103 Uman\u0103, m\u0103surile vizeaz\u0103 revizuirea indemniza\u021biilor pentru membrii Consiliilor de Administra\u021bie din institu\u021bii precum ANCOM, ASF, Curtea de Conturi sau Consiliul Concuren\u021bei; eliminarea cumulului pensiilor cu salariul \u00een cadrul institu\u021biilor \u0219i autorit\u0103\u021bilor publice; restructurarea Administra\u021biei Na\u021bionale Apele Rom\u00e2ne. <\/strong><\/p>\n\n\n\n<p>La capitolul Reorganizarea Administrativ-Teritorial\u0103, m\u0103surile preg\u0103tite de Guvern sunt: desfiin\u021barea func\u021biei de viceprimar \u00een localit\u0103\u021bile cu o popula\u021bie mai mic\u0103 de 1.500 de locuitori. de la 1 ianuarie 2026, transferarea re\u021belelor de utilit\u0103\u021bi publice neautorizate c\u0103tre operatorii regionali autoriza\u021bi; stabilirea unor scheme de personal maximale;rRevizuirea func\u021bion\u0103rii Poli\u021biei Locale \u00een colaborare cu Ministerul de Interne; cre\u0219terea capacit\u0103\u021bii de \u00eencasare a impozitelor (surse guvernamentale au explicat pentru Digi24.ro c\u0103 ar urma s\u0103 existe \u201erecompense\u201d de la buget pentru localit\u0103\u021bile care au un grad ridicat de \u00eencasare al impozitelor) <\/p>\n\n\n\n<p><strong>Sunt vizate mai multe comas\u0103ri: ale unor direc\u021bii\/servicii din localit\u0103\u021bile mici; ale  unor structuri din cadrul IGSU sau DSU. <\/strong><\/p>\n\n\n\n<p>Se dore\u0219te depolitizarea \u0219i reorganizarea ANAF, Antifraud\u0103 \u0219i Vam\u0103; crearea unor indicatori de performan\u021b\u0103; examene na\u021bionale pentru intrarea \u00een cadrul acestor structuri; \u00een\u0103sprirea regimului insolven\u021bei, evitarea insolven\u021belor \u00een cascad\u0103, \u00een\u0103sprirea legisla\u021biei privind executarea silit\u0103, criminalizarea evaziunii fiscale \u0219i a evaziunii organizate; Implementarea unui sistem care s\u0103 permit\u0103 tratament diferen\u021biat pentru contribuabili \u00een func\u021bie de conformare \u0219i contribu\u021bie. <\/p>\n","protected":false},"excerpt":{"rendered":"<p>Noi proteste ale bugetarilor au loc mar\u021bi \u00een Pia\u021ba Victoriei, Sindicatele salaria\u021bilor din Agen\u021bia de Pl\u0103\u021bi \u0219i Interven\u021bie pentru Agricultur\u0103 (APIA), Agen\u021bia pentru Finan\u021barea Investi\u021biilor Rurale (AFIR) \u0219i Ministerul Investi\u021biilor \u0219i Proiectelor Europene (MIPE) \u00ee\u0219i exprim\u0103 nemul\u021bumirea fa\u021b\u0103 de m\u0103surile fiscale ale Guvernului Bolojan. Protestul dureaz\u0103 patru ore, de la ora 10.0 Potrivit Blocului Na\u021bional [&hellip;]<\/p>\n","protected":false},"author":1,"featured_media":139112,"comment_status":"closed","ping_status":"open","sticky":false,"template":"","format":"standard","meta":{"_acf_changed":false,"inline_featured_image":false,"ngg_post_thumbnail":0,"footnotes":""},"categories":[6994,9026,62],"tags":[2601,18577,114],"ppma_author":[22583],"class_list":["post-139103","post","type-post","status-publish","format-standard","has-post-thumbnail","hentry","category-stiri-2","category-eveniment","category-stiri","tag-piata-victoriei","tag-piata-victoriei-protest","tag-protest"],"acf":[],"yoast_head":"<!-- This site is optimized with the Yoast SEO Premium plugin v25.3 (Yoast SEO v27.4) - https:\/\/yoast.com\/product\/yoast-seo-premium-wordpress\/ -->\n<title>VIDEO | Noi proteste ale bugetarilor \u00een Pia\u021ba Victoriei, \u00eempotriva m\u0103surilor fiscale ale guvernului Bolojan - Buletin de Bucure\u0219ti<\/title>\n<meta name=\"description\" content=\"Noi proteste ale bugetarilor au loc mar\u021bi \u00een Pia\u021ba Victoriei. Vin sindicatele salaria\u021bilor din APIA, AFIR \u0219i MIPE.\" \/>\n<meta name=\"robots\" content=\"index, follow, max-snippet:-1, max-image-preview:large, max-video-preview:-1\" \/>\n<link rel=\"canonical\" href=\"https:\/\/buletin.de\/bucuresti\/noi-proteste-ale-bugetarilor-in-piata-victoriei-impotriva-masurilor-fiscale-ale-guvernului-bolojan\/\" \/>\n<meta property=\"og:locale\" content=\"en_GB\" \/>\n<meta property=\"og:type\" content=\"article\" \/>\n<meta property=\"og:title\" content=\"VIDEO | Noi proteste ale bugetarilor \u00een Pia\u021ba Victoriei, \u00eempotriva m\u0103surilor fiscale ale guvernului Bolojan\" \/>\n<meta property=\"og:description\" content=\"Noi proteste ale bugetarilor au loc mar\u021bi \u00een Pia\u021ba Victoriei. Vin sindicatele salaria\u021bilor din APIA, AFIR \u0219i MIPE.\" \/>\n<meta property=\"og:url\" content=\"https:\/\/buletin.de\/bucuresti\/noi-proteste-ale-bugetarilor-in-piata-victoriei-impotriva-masurilor-fiscale-ale-guvernului-bolojan\/\" \/>\n<meta property=\"og:site_name\" content=\"Buletin de Bucure\u0219ti\" \/>\n<meta property=\"article:publisher\" content=\"https:\/\/www.facebook.com\/buletin.de.buc\" \/>\n<meta property=\"article:published_time\" content=\"2025-07-15T07:00:38+00:00\" \/>\n<meta property=\"article:modified_time\" content=\"2025-07-15T07:54:33+00:00\" \/>\n<meta property=\"og:image\" content=\"https:\/\/buletin.de\/bucuresti\/wp-content\/uploads\/2025\/07\/protestapia.png\" \/>\n\t<meta property=\"og:image:width\" content=\"1200\" \/>\n\t<meta property=\"og:image:height\" content=\"674\" \/>\n\t<meta property=\"og:image:type\" content=\"image\/png\" \/>\n<meta name=\"author\" content=\"Redac\u021bia Buletin de Bucure\u0219ti\" \/>\n<meta name=\"twitter:card\" content=\"summary_large_image\" \/>\n<meta name=\"twitter:label1\" content=\"Written by\" \/>\n\t<meta name=\"twitter:data1\" content=\"Redac\u021bia Buletin de Bucure\u0219ti\" \/>\n\t<meta name=\"twitter:label2\" content=\"Estimated reading time\" \/>\n\t<meta name=\"twitter:data2\" content=\"3 minutes\" \/>\n<script type=\"application\/ld+json\" class=\"yoast-schema-graph\">{\"@context\":\"https:\\\/\\\/schema.org\",\"@graph\":[{\"@type\":\"Article\",\"@id\":\"https:\\\/\\\/buletin.de\\\/bucuresti\\\/noi-proteste-ale-bugetarilor-in-piata-victoriei-impotriva-masurilor-fiscale-ale-guvernului-bolojan\\\/#article\",\"isPartOf\":{\"@id\":\"https:\\\/\\\/buletin.de\\\/bucuresti\\\/noi-proteste-ale-bugetarilor-in-piata-victoriei-impotriva-masurilor-fiscale-ale-guvernului-bolojan\\\/\"},\"author\":{\"name\":\"Redac\u021bia Buletin de Bucure\u0219ti\",\"@id\":\"https:\\\/\\\/buletin.de\\\/bucuresti\\\/#\\\/schema\\\/person\\\/2bbcf854e5f2419a13804af574d06ab1\"},\"headline\":\"VIDEO | Noi proteste ale bugetarilor \u00een Pia\u021ba Victoriei, \u00eempotriva m\u0103surilor fiscale ale guvernului Bolojan\",\"datePublished\":\"2025-07-15T07:00:38+00:00\",\"dateModified\":\"2025-07-15T07:54:33+00:00\",\"mainEntityOfPage\":{\"@id\":\"https:\\\/\\\/buletin.de\\\/bucuresti\\\/noi-proteste-ale-bugetarilor-in-piata-victoriei-impotriva-masurilor-fiscale-ale-guvernului-bolojan\\\/\"},\"wordCount\":663,\"publisher\":{\"@id\":\"https:\\\/\\\/buletin.de\\\/bucuresti\\\/#organization\"},\"image\":{\"@id\":\"https:\\\/\\\/buletin.de\\\/bucuresti\\\/noi-proteste-ale-bugetarilor-in-piata-victoriei-impotriva-masurilor-fiscale-ale-guvernului-bolojan\\\/#primaryimage\"},\"thumbnailUrl\":\"https:\\\/\\\/buletin.de\\\/bucuresti\\\/wp-content\\\/uploads\\\/2025\\\/07\\\/protestapia.png\",\"keywords\":[\"piata victoriei\",\"piata victoriei protest\",\"protest\"],\"articleSection\":[\"Articole\",\"Eveniment\",\"\u0218tiri\"],\"inLanguage\":\"en-GB\",\"copyrightYear\":\"2025\",\"copyrightHolder\":{\"@id\":\"https:\\\/\\\/buletin.de\\\/bucuresti\\\/#organization\"}},{\"@type\":\"WebPage\",\"@id\":\"https:\\\/\\\/buletin.de\\\/bucuresti\\\/noi-proteste-ale-bugetarilor-in-piata-victoriei-impotriva-masurilor-fiscale-ale-guvernului-bolojan\\\/\",\"url\":\"https:\\\/\\\/buletin.de\\\/bucuresti\\\/noi-proteste-ale-bugetarilor-in-piata-victoriei-impotriva-masurilor-fiscale-ale-guvernului-bolojan\\\/\",\"name\":\"VIDEO | Noi proteste ale bugetarilor \u00een Pia\u021ba Victoriei, \u00eempotriva m\u0103surilor fiscale ale guvernului Bolojan - Buletin de Bucure\u0219ti\",\"isPartOf\":{\"@id\":\"https:\\\/\\\/buletin.de\\\/bucuresti\\\/#website\"},\"primaryImageOfPage\":{\"@id\":\"https:\\\/\\\/buletin.de\\\/bucuresti\\\/noi-proteste-ale-bugetarilor-in-piata-victoriei-impotriva-masurilor-fiscale-ale-guvernului-bolojan\\\/#primaryimage\"},\"image\":{\"@id\":\"https:\\\/\\\/buletin.de\\\/bucuresti\\\/noi-proteste-ale-bugetarilor-in-piata-victoriei-impotriva-masurilor-fiscale-ale-guvernului-bolojan\\\/#primaryimage\"},\"thumbnailUrl\":\"https:\\\/\\\/buletin.de\\\/bucuresti\\\/wp-content\\\/uploads\\\/2025\\\/07\\\/protestapia.png\",\"datePublished\":\"2025-07-15T07:00:38+00:00\",\"dateModified\":\"2025-07-15T07:54:33+00:00\",\"description\":\"Noi proteste ale bugetarilor au loc mar\u021bi \u00een Pia\u021ba Victoriei. Vin sindicatele salaria\u021bilor din APIA, AFIR \u0219i MIPE.\",\"breadcrumb\":{\"@id\":\"https:\\\/\\\/buletin.de\\\/bucuresti\\\/noi-proteste-ale-bugetarilor-in-piata-victoriei-impotriva-masurilor-fiscale-ale-guvernului-bolojan\\\/#breadcrumb\"},\"inLanguage\":\"en-GB\",\"potentialAction\":[{\"@type\":\"ReadAction\",\"target\":[\"https:\\\/\\\/buletin.de\\\/bucuresti\\\/noi-proteste-ale-bugetarilor-in-piata-victoriei-impotriva-masurilor-fiscale-ale-guvernului-bolojan\\\/\"]}]},{\"@type\":\"ImageObject\",\"inLanguage\":\"en-GB\",\"@id\":\"https:\\\/\\\/buletin.de\\\/bucuresti\\\/noi-proteste-ale-bugetarilor-in-piata-victoriei-impotriva-masurilor-fiscale-ale-guvernului-bolojan\\\/#primaryimage\",\"url\":\"https:\\\/\\\/buletin.de\\\/bucuresti\\\/wp-content\\\/uploads\\\/2025\\\/07\\\/protestapia.png\",\"contentUrl\":\"https:\\\/\\\/buletin.de\\\/bucuresti\\\/wp-content\\\/uploads\\\/2025\\\/07\\\/protestapia.png\",\"width\":1200,\"height\":674,\"caption\":\"Bugetarii de la APIA \u0219i Ministerul Finan\u021belor, \u00een Pia\u021ba Victoriei. Captur\u0103 video\"},{\"@type\":\"BreadcrumbList\",\"@id\":\"https:\\\/\\\/buletin.de\\\/bucuresti\\\/noi-proteste-ale-bugetarilor-in-piata-victoriei-impotriva-masurilor-fiscale-ale-guvernului-bolojan\\\/#breadcrumb\",\"itemListElement\":[{\"@type\":\"ListItem\",\"position\":1,\"name\":\"Acas\u0103\",\"item\":\"https:\\\/\\\/buletin.de\\\/bucuresti\\\/\"},{\"@type\":\"ListItem\",\"position\":2,\"name\":\"VIDEO | Noi proteste ale bugetarilor \u00een Pia\u021ba Victoriei, \u00eempotriva m\u0103surilor fiscale ale guvernului Bolojan\"}]},{\"@type\":\"WebSite\",\"@id\":\"https:\\\/\\\/buletin.de\\\/bucuresti\\\/#website\",\"url\":\"https:\\\/\\\/buletin.de\\\/bucuresti\\\/\",\"name\":\"Buletin de Bucure\u0219ti\",\"description\":\"\u0218tiri \u0219i investiga\u021bii esen\u021biale din capital\u0103\",\"publisher\":{\"@id\":\"https:\\\/\\\/buletin.de\\\/bucuresti\\\/#organization\"},\"potentialAction\":[{\"@type\":\"SearchAction\",\"target\":{\"@type\":\"EntryPoint\",\"urlTemplate\":\"https:\\\/\\\/buletin.de\\\/bucuresti\\\/?s={search_term_string}\"},\"query-input\":{\"@type\":\"PropertyValueSpecification\",\"valueRequired\":true,\"valueName\":\"search_term_string\"}}],\"inLanguage\":\"en-GB\"},{\"@type\":\"Organization\",\"@id\":\"https:\\\/\\\/buletin.de\\\/bucuresti\\\/#organization\",\"name\":\"Buletin de Bucure\u0219ti\",\"url\":\"https:\\\/\\\/buletin.de\\\/bucuresti\\\/\",\"logo\":{\"@type\":\"ImageObject\",\"inLanguage\":\"en-GB\",\"@id\":\"https:\\\/\\\/buletin.de\\\/bucuresti\\\/#\\\/schema\\\/logo\\\/image\\\/\",\"url\":\"https:\\\/\\\/buletin.de\\\/bucuresti\\\/wp-content\\\/uploads\\\/logo-bdb-full-wide-vernil-transparent.png\",\"contentUrl\":\"https:\\\/\\\/buletin.de\\\/bucuresti\\\/wp-content\\\/uploads\\\/logo-bdb-full-wide-vernil-transparent.png\",\"width\":1782,\"height\":626,\"caption\":\"Buletin de Bucure\u0219ti\"},\"image\":{\"@id\":\"https:\\\/\\\/buletin.de\\\/bucuresti\\\/#\\\/schema\\\/logo\\\/image\\\/\"},\"sameAs\":[\"https:\\\/\\\/www.facebook.com\\\/buletin.de.buc\",\"https:\\\/\\\/www.instagram.com\\\/buletinde.bucuresti\\\/\"]},{\"@type\":\"Person\",\"@id\":\"https:\\\/\\\/buletin.de\\\/bucuresti\\\/#\\\/schema\\\/person\\\/2bbcf854e5f2419a13804af574d06ab1\",\"name\":\"Redac\u021bia Buletin de Bucure\u0219ti\",\"image\":{\"@type\":\"ImageObject\",\"inLanguage\":\"en-GB\",\"@id\":\"https:\\\/\\\/secure.gravatar.com\\\/avatar\\\/18c5342381ed1a08620e6280424e3e5efc958618f5d67c522c9e44c1bc6f9226?s=96&d=monsterid&r=g60c7cd0ad92c68c049fcd4bb3504d609\",\"url\":\"https:\\\/\\\/secure.gravatar.com\\\/avatar\\\/18c5342381ed1a08620e6280424e3e5efc958618f5d67c522c9e44c1bc6f9226?s=96&d=monsterid&r=g\",\"contentUrl\":\"https:\\\/\\\/secure.gravatar.com\\\/avatar\\\/18c5342381ed1a08620e6280424e3e5efc958618f5d67c522c9e44c1bc6f9226?s=96&d=monsterid&r=g\",\"caption\":\"Redac\u021bia Buletin de Bucure\u0219ti\"},\"description\":\"Buletin de Bucure\u0219ti exist\u0103 din vara anului 2019.\",\"url\":\"https:\\\/\\\/buletin.de\\\/bucuresti\\\/author\\\/adminbuletin\\\/\"}]}<\/script>\n<!-- \/ Yoast SEO Premium plugin. -->","yoast_head_json":{"title":"VIDEO | Noi proteste ale bugetarilor \u00een Pia\u021ba Victoriei, \u00eempotriva m\u0103surilor fiscale ale guvernului Bolojan - Buletin de Bucure\u0219ti","description":"Noi proteste ale bugetarilor au loc mar\u021bi \u00een Pia\u021ba Victoriei. Vin sindicatele salaria\u021bilor din APIA, AFIR \u0219i MIPE.","robots":{"index":"index","follow":"follow","max-snippet":"max-snippet:-1","max-image-preview":"max-image-preview:large","max-video-preview":"max-video-preview:-1"},"canonical":"https:\/\/buletin.de\/bucuresti\/noi-proteste-ale-bugetarilor-in-piata-victoriei-impotriva-masurilor-fiscale-ale-guvernului-bolojan\/","og_locale":"en_GB","og_type":"article","og_title":"VIDEO | Noi proteste ale bugetarilor \u00een Pia\u021ba Victoriei, \u00eempotriva m\u0103surilor fiscale ale guvernului Bolojan","og_description":"Noi proteste ale bugetarilor au loc mar\u021bi \u00een Pia\u021ba Victoriei. Vin sindicatele salaria\u021bilor din APIA, AFIR \u0219i MIPE.","og_url":"https:\/\/buletin.de\/bucuresti\/noi-proteste-ale-bugetarilor-in-piata-victoriei-impotriva-masurilor-fiscale-ale-guvernului-bolojan\/","og_site_name":"Buletin de Bucure\u0219ti","article_publisher":"https:\/\/www.facebook.com\/buletin.de.buc","article_published_time":"2025-07-15T07:00:38+00:00","article_modified_time":"2025-07-15T07:54:33+00:00","og_image":[{"width":1200,"height":674,"url":"https:\/\/buletin.de\/bucuresti\/wp-content\/uploads\/2025\/07\/protestapia.png","type":"image\/png"}],"author":"Redac\u021bia Buletin de Bucure\u0219ti","twitter_card":"summary_large_image","twitter_misc":{"Written by":"Redac\u021bia Buletin de Bucure\u0219ti","Estimated reading time":"3 minutes"},"schema":{"@context":"https:\/\/schema.org","@graph":[{"@type":"Article","@id":"https:\/\/buletin.de\/bucuresti\/noi-proteste-ale-bugetarilor-in-piata-victoriei-impotriva-masurilor-fiscale-ale-guvernului-bolojan\/#article","isPartOf":{"@id":"https:\/\/buletin.de\/bucuresti\/noi-proteste-ale-bugetarilor-in-piata-victoriei-impotriva-masurilor-fiscale-ale-guvernului-bolojan\/"},"author":{"name":"Redac\u021bia Buletin de Bucure\u0219ti","@id":"https:\/\/buletin.de\/bucuresti\/#\/schema\/person\/2bbcf854e5f2419a13804af574d06ab1"},"headline":"VIDEO | Noi proteste ale bugetarilor \u00een Pia\u021ba Victoriei, \u00eempotriva m\u0103surilor fiscale ale guvernului Bolojan","datePublished":"2025-07-15T07:00:38+00:00","dateModified":"2025-07-15T07:54:33+00:00","mainEntityOfPage":{"@id":"https:\/\/buletin.de\/bucuresti\/noi-proteste-ale-bugetarilor-in-piata-victoriei-impotriva-masurilor-fiscale-ale-guvernului-bolojan\/"},"wordCount":663,"publisher":{"@id":"https:\/\/buletin.de\/bucuresti\/#organization"},"image":{"@id":"https:\/\/buletin.de\/bucuresti\/noi-proteste-ale-bugetarilor-in-piata-victoriei-impotriva-masurilor-fiscale-ale-guvernului-bolojan\/#primaryimage"},"thumbnailUrl":"https:\/\/buletin.de\/bucuresti\/wp-content\/uploads\/2025\/07\/protestapia.png","keywords":["piata victoriei","piata victoriei protest","protest"],"articleSection":["Articole","Eveniment","\u0218tiri"],"inLanguage":"en-GB","copyrightYear":"2025","copyrightHolder":{"@id":"https:\/\/buletin.de\/bucuresti\/#organization"}},{"@type":"WebPage","@id":"https:\/\/buletin.de\/bucuresti\/noi-proteste-ale-bugetarilor-in-piata-victoriei-impotriva-masurilor-fiscale-ale-guvernului-bolojan\/","url":"https:\/\/buletin.de\/bucuresti\/noi-proteste-ale-bugetarilor-in-piata-victoriei-impotriva-masurilor-fiscale-ale-guvernului-bolojan\/","name":"VIDEO | Noi proteste ale bugetarilor \u00een Pia\u021ba Victoriei, \u00eempotriva m\u0103surilor fiscale ale guvernului Bolojan - Buletin de Bucure\u0219ti","isPartOf":{"@id":"https:\/\/buletin.de\/bucuresti\/#website"},"primaryImageOfPage":{"@id":"https:\/\/buletin.de\/bucuresti\/noi-proteste-ale-bugetarilor-in-piata-victoriei-impotriva-masurilor-fiscale-ale-guvernului-bolojan\/#primaryimage"},"image":{"@id":"https:\/\/buletin.de\/bucuresti\/noi-proteste-ale-bugetarilor-in-piata-victoriei-impotriva-masurilor-fiscale-ale-guvernului-bolojan\/#primaryimage"},"thumbnailUrl":"https:\/\/buletin.de\/bucuresti\/wp-content\/uploads\/2025\/07\/protestapia.png","datePublished":"2025-07-15T07:00:38+00:00","dateModified":"2025-07-15T07:54:33+00:00","description":"Noi proteste ale bugetarilor au loc mar\u021bi \u00een Pia\u021ba Victoriei. Vin sindicatele salaria\u021bilor din APIA, AFIR \u0219i MIPE.","breadcrumb":{"@id":"https:\/\/buletin.de\/bucuresti\/noi-proteste-ale-bugetarilor-in-piata-victoriei-impotriva-masurilor-fiscale-ale-guvernului-bolojan\/#breadcrumb"},"inLanguage":"en-GB","potentialAction":[{"@type":"ReadAction","target":["https:\/\/buletin.de\/bucuresti\/noi-proteste-ale-bugetarilor-in-piata-victoriei-impotriva-masurilor-fiscale-ale-guvernului-bolojan\/"]}]},{"@type":"ImageObject","inLanguage":"en-GB","@id":"https:\/\/buletin.de\/bucuresti\/noi-proteste-ale-bugetarilor-in-piata-victoriei-impotriva-masurilor-fiscale-ale-guvernului-bolojan\/#primaryimage","url":"https:\/\/buletin.de\/bucuresti\/wp-content\/uploads\/2025\/07\/protestapia.png","contentUrl":"https:\/\/buletin.de\/bucuresti\/wp-content\/uploads\/2025\/07\/protestapia.png","width":1200,"height":674,"caption":"Bugetarii de la APIA \u0219i Ministerul Finan\u021belor, \u00een Pia\u021ba Victoriei. Captur\u0103 video"},{"@type":"BreadcrumbList","@id":"https:\/\/buletin.de\/bucuresti\/noi-proteste-ale-bugetarilor-in-piata-victoriei-impotriva-masurilor-fiscale-ale-guvernului-bolojan\/#breadcrumb","itemListElement":[{"@type":"ListItem","position":1,"name":"Acas\u0103","item":"https:\/\/buletin.de\/bucuresti\/"},{"@type":"ListItem","position":2,"name":"VIDEO | Noi proteste ale bugetarilor \u00een Pia\u021ba Victoriei, \u00eempotriva m\u0103surilor fiscale ale guvernului Bolojan"}]},{"@type":"WebSite","@id":"https:\/\/buletin.de\/bucuresti\/#website","url":"https:\/\/buletin.de\/bucuresti\/","name":"Buletin de Bucure\u0219ti","description":"\u0218tiri \u0219i investiga\u021bii esen\u021biale din capital\u0103","publisher":{"@id":"https:\/\/buletin.de\/bucuresti\/#organization"},"potentialAction":[{"@type":"SearchAction","target":{"@type":"EntryPoint","urlTemplate":"https:\/\/buletin.de\/bucuresti\/?s={search_term_string}"},"query-input":{"@type":"PropertyValueSpecification","valueRequired":true,"valueName":"search_term_string"}}],"inLanguage":"en-GB"},{"@type":"Organization","@id":"https:\/\/buletin.de\/bucuresti\/#organization","name":"Buletin de Bucure\u0219ti","url":"https:\/\/buletin.de\/bucuresti\/","logo":{"@type":"ImageObject","inLanguage":"en-GB","@id":"https:\/\/buletin.de\/bucuresti\/#\/schema\/logo\/image\/","url":"https:\/\/buletin.de\/bucuresti\/wp-content\/uploads\/logo-bdb-full-wide-vernil-transparent.png","contentUrl":"https:\/\/buletin.de\/bucuresti\/wp-content\/uploads\/logo-bdb-full-wide-vernil-transparent.png","width":1782,"height":626,"caption":"Buletin de Bucure\u0219ti"},"image":{"@id":"https:\/\/buletin.de\/bucuresti\/#\/schema\/logo\/image\/"},"sameAs":["https:\/\/www.facebook.com\/buletin.de.buc","https:\/\/www.instagram.com\/buletinde.bucuresti\/"]},{"@type":"Person","@id":"https:\/\/buletin.de\/bucuresti\/#\/schema\/person\/2bbcf854e5f2419a13804af574d06ab1","name":"Redac\u021bia Buletin de Bucure\u0219ti","image":{"@type":"ImageObject","inLanguage":"en-GB","@id":"https:\/\/secure.gravatar.com\/avatar\/18c5342381ed1a08620e6280424e3e5efc958618f5d67c522c9e44c1bc6f9226?s=96&d=monsterid&r=g60c7cd0ad92c68c049fcd4bb3504d609","url":"https:\/\/secure.gravatar.com\/avatar\/18c5342381ed1a08620e6280424e3e5efc958618f5d67c522c9e44c1bc6f9226?s=96&d=monsterid&r=g","contentUrl":"https:\/\/secure.gravatar.com\/avatar\/18c5342381ed1a08620e6280424e3e5efc958618f5d67c522c9e44c1bc6f9226?s=96&d=monsterid&r=g","caption":"Redac\u021bia Buletin de Bucure\u0219ti"},"description":"Buletin de Bucure\u0219ti exist\u0103 din vara anului 2019.","url":"https:\/\/buletin.de\/bucuresti\/author\/adminbuletin\/"}]}},"authors":[{"term_id":22583,"user_id":1,"is_guest":0,"slug":"adminbuletin","display_name":"Redac\u021bia Buletin de Bucure\u0219ti","avatar_url":"https:\/\/secure.gravatar.com\/avatar\/18c5342381ed1a08620e6280424e3e5efc958618f5d67c522c9e44c1bc6f9226?s=96&d=monsterid&r=g","0":null,"1":"","2":"","3":"","4":"","5":"","6":"","7":"","8":""}],"_links":{"self":[{"href":"https:\/\/buletin.de\/bucuresti\/wp-json\/wp\/v2\/posts\/139103","targetHints":{"allow":["GET"]}}],"collection":[{"href":"https:\/\/buletin.de\/bucuresti\/wp-json\/wp\/v2\/posts"}],"about":[{"href":"https:\/\/buletin.de\/bucuresti\/wp-json\/wp\/v2\/types\/post"}],"author":[{"embeddable":true,"href":"https:\/\/buletin.de\/bucuresti\/wp-json\/wp\/v2\/users\/1"}],"replies":[{"embeddable":true,"href":"https:\/\/buletin.de\/bucuresti\/wp-json\/wp\/v2\/comments?post=139103"}],"version-history":[{"count":4,"href":"https:\/\/buletin.de\/bucuresti\/wp-json\/wp\/v2\/posts\/139103\/revisions"}],"predecessor-version":[{"id":139113,"href":"https:\/\/buletin.de\/bucuresti\/wp-json\/wp\/v2\/posts\/139103\/revisions\/139113"}],"wp:featuredmedia":[{"embeddable":true,"href":"https:\/\/buletin.de\/bucuresti\/wp-json\/wp\/v2\/media\/139112"}],"wp:attachment":[{"href":"https:\/\/buletin.de\/bucuresti\/wp-json\/wp\/v2\/media?parent=139103"}],"wp:term":[{"taxonomy":"category","embeddable":true,"href":"https:\/\/buletin.de\/bucuresti\/wp-json\/wp\/v2\/categories?post=139103"},{"taxonomy":"post_tag","embeddable":true,"href":"https:\/\/buletin.de\/bucuresti\/wp-json\/wp\/v2\/tags?post=139103"},{"taxonomy":"author","embeddable":true,"href":"https:\/\/buletin.de\/bucuresti\/wp-json\/wp\/v2\/ppma_author?post=139103"}],"curies":[{"name":"wp","href":"https:\/\/api.w.org\/{rel}","templated":true}]}}