{"id":139086,"date":"2025-07-15T08:52:06","date_gmt":"2025-07-15T05:52:06","guid":{"rendered":"https:\/\/buletin.de\/bucuresti\/?p=139086"},"modified":"2025-07-15T12:13:43","modified_gmt":"2025-07-15T09:13:43","slug":"inca-un-cod-galben-de-canicula-pentru-capitala","status":"publish","type":"post","link":"https:\/\/buletin.de\/bucuresti\/inca-un-cod-galben-de-canicula-pentru-capitala\/","title":{"rendered":"METEO | \u00cenc\u0103 un cod galben de canicul\u0103, pentru Capital\u0103. Temperaturile maxime urc\u0103, din nou, p\u00e2n\u0103 la 36 de grade"},"content":{"rendered":"\n<p><strong>Capitala intr\u0103, din nou, sub cod galben de canicul\u0103. Avertizarea este valabil\u0103 \u00een intervalul 15 iulie, ora 10:00\u201117 iulie, ora 10:00.<\/strong><\/p>\n\n\n\n<p>Meteorologii anun\u021b\u0103 un<strong> val de c\u0103ldur\u0103 persistent, canicul\u0103 \u0219i disconfort termic, <\/strong>care vor persista&nbsp;\u00een sudul Olteniei, \u00een sudul, centrul \u0219i estul Munteniei, precum \u0219i \u00een Dobrogea continental\u0103. <\/p>\n\n\n\n<p>Indicele temperatur\u0103-umezeal\u0103 (ITU) va dep\u0103\u0219i u\u0219or pragul critic de 80 de unit\u0103\u021bi. Temperaturile maxime vor fi de 34&#8230;37 de grade, iar cele minime de 19&#8230;22 de grade \u0219i vor caracteriza o noapte tropical\u0103.<\/p>\n\n\n\n<figure class=\"wp-block-image size-large is-resized\"><img fetchpriority=\"high\" decoding=\"async\" width=\"315\" height=\"224\" src=\"data:image\/gif;base64,R0lGODlhAQABAAAAACH5BAEKAAEALAAAAAABAAEAAAICTAEAOw==\" data-src=\"https:\/\/buletin.de\/bucuresti\/wp-content\/uploads\/2025\/07\/harta.svg.svg\" alt=\"\" class=\"wp-image-139089 lazyload\" style=\"width:840px;height:auto\"\/><\/figure>\n\n\n\n<p>Valul de c\u0103ldur\u0103 va persista p\u00e2n\u0103 miercuri \u00een regiunile sudice, iar joi se va manifesta \u00een cele sud-estice.<\/p>\n\n\n\n<p><strong>CITE\u0218TE \u0218I:<\/strong> <a href=\"https:\/\/buletin.de\/bucuresti\/sector-1-sistem-modern-de-salubrizare-cosurile-inteligente-mr-fill-se-monteaza-din-16-iulie\/\"><strong>Sector 1 | Sistem modern de salubrizare. Co\u0219urile inteligente Mr.Fill se monteaz\u0103 din 16 iulie<\/strong><\/a><\/p>\n\n\n\n<h2 class=\"wp-block-heading\" id=\"h-cod-galben-de-canicula-prognoza-pentru-bucure\u0219ti\">Cod galben de canicul\u0103. Prognoza pentru Bucure\u0219ti<\/h2>\n\n\n\n<p><strong>Mar\u021bi, 15 iulie,&nbsp;<\/strong>vremea se va men\u021bine canicular\u0103, iar disconfortul termic va fi \u00een continuare ridicat. Cerul va fi variabil, cu \u00eennor\u0103ri temporare dup\u0103-amiaza \u0219i seara, c\u00e2nd vor fi averse \u00eenso\u021bite de desc\u0103rc\u0103ri electrice. V\u00e2ntul va sufla slab \u0219i moderat, cu intensific\u0103ri \u00een timpul ploilor. Temperatura maxim\u0103 se va situa \u00een jurul valorii de 36 de grade, iar cea minim\u0103 va fi de 18\u202621 de grade.<\/p>\n\n\n\n<p><strong>Miercuri, 16 iulie,&nbsp;<\/strong>vremea r\u0103m\u00e2ne canicular\u0103, \u00een Capital\u0103. Cerul va fi mai mult \u00eensorit, iar v\u00e2ntul va bate slab. Temperatura maxim\u0103 va fi de 34&#8230;35 de grade, iar cea minim\u0103 urc\u0103 p\u00e2n\u0103 la 21 de grade.<\/p>\n\n\n\n<p><strong>Joi, 17 iulie,&nbsp;<\/strong>temperaturile r\u0103m\u00e2n ridicate. Maxim\u0103 termic\u0103 ajunge la 35&#8230;36 de grade, iar minima din termometre se va situa \u00een jurul valorii de 19 grade. Cerul va fi noros \u0219i cu o probabilitate mai mare, iar ziua vor fi averse \u0219i<br>desc\u0103rc\u0103ri electrice. V\u00e2ntul va sufla slab \u0219i moderat.<\/p>\n\n\n\n<p>La sf\u00e2r\u0219itul s\u0103pt\u0103m\u00e2nii, temperaturile mai scad p\u00e2n\u0103 la 31 de grade. Duminic\u0103 revine canicul\u0103, cu 35\u201136 de grade, \u00een termometre, potrivit&nbsp;<a href=\"https:\/\/www.meteoromania.ro\/\">ANM.<\/a><\/p>\n\n\n\n<p><strong>CITE\u0218TE \u0218I: <a href=\"https:\/\/buletin.de\/bucuresti\/continua-curatenia-in-perimetrul-delimitat-de-sos-pantelimon-str-vergului-si-str-morarilor\/\">Sector 2 | Continua cur\u0103\u021benia \u00een perimetrul delimitat de \u0218oseaua Pantelimon, strada Vergului \u0219i Morarilor<\/a><\/strong><\/p>\n\n\n\n<p><\/p>\n","protected":false},"excerpt":{"rendered":"<p>Capitala intr\u0103, din nou, sub cod galben de canicul\u0103. Avertizarea este valabil\u0103 \u00een intervalul 15 iulie, ora 10:00\u201117 iulie, ora 10:00. Meteorologii anun\u021b\u0103 un val de c\u0103ldur\u0103 persistent, canicul\u0103 \u0219i disconfort termic, care vor persista&nbsp;\u00een sudul Olteniei, \u00een sudul, centrul \u0219i estul Munteniei, precum \u0219i \u00een Dobrogea continental\u0103. Indicele temperatur\u0103-umezeal\u0103 (ITU) va dep\u0103\u0219i u\u0219or pragul [&hellip;]<\/p>\n","protected":false},"author":49,"featured_media":61627,"comment_status":"closed","ping_status":"open","sticky":false,"template":"","format":"standard","meta":{"_acf_changed":false,"inline_featured_image":false,"ngg_post_thumbnail":0,"footnotes":""},"categories":[6994,1,62],"tags":[4314,2998,21923,8298,10452],"ppma_author":[22574],"class_list":["post-139086","post","type-post","status-publish","format-standard","has-post-thumbnail","hentry","category-stiri-2","category-diverse","category-stiri","tag-anm","tag-canicula","tag-cog-galben","tag-prognoza-bucuresti","tag-temperaturi-bucuresti"],"acf":[],"yoast_head":"<!-- This site is optimized with the Yoast SEO Premium plugin v25.3 (Yoast SEO v27.4) - https:\/\/yoast.com\/product\/yoast-seo-premium-wordpress\/ -->\n<title>METEO | \u00cenc\u0103 un cod galben de canicul\u0103, pentru Capital\u0103. Temperaturile maxime urc\u0103, din nou, p\u00e2n\u0103 la 36 de grade - Buletin de Bucure\u0219ti<\/title>\n<meta name=\"description\" content=\"Capitala este, din nou, sub cod galben de canicul\u0103. Avertizarea este valabil\u0103 \u00een intervalul 15 iulie, or\u010310:00\u201116 iulie, ora 10:00.\" \/>\n<meta name=\"robots\" content=\"index, follow, max-snippet:-1, max-image-preview:large, max-video-preview:-1\" \/>\n<link rel=\"canonical\" href=\"https:\/\/buletin.de\/bucuresti\/inca-un-cod-galben-de-canicula-pentru-capitala\/\" \/>\n<meta property=\"og:locale\" content=\"en_GB\" \/>\n<meta property=\"og:type\" content=\"article\" \/>\n<meta property=\"og:title\" content=\"METEO | \u00cenc\u0103 un cod galben de canicul\u0103, pentru Capital\u0103. Temperaturile maxime urc\u0103, din nou, p\u00e2n\u0103 la 36 de grade\" \/>\n<meta property=\"og:description\" content=\"Capitala este, din nou, sub cod galben de canicul\u0103. Avertizarea este valabil\u0103 \u00een intervalul 15 iulie, or\u010310:00\u201116 iulie, ora 10:00.\" \/>\n<meta property=\"og:url\" content=\"https:\/\/buletin.de\/bucuresti\/inca-un-cod-galben-de-canicula-pentru-capitala\/\" \/>\n<meta property=\"og:site_name\" content=\"Buletin de Bucure\u0219ti\" \/>\n<meta property=\"article:publisher\" content=\"https:\/\/www.facebook.com\/buletin.de.buc\" \/>\n<meta property=\"article:published_time\" content=\"2025-07-15T05:52:06+00:00\" \/>\n<meta property=\"article:modified_time\" content=\"2025-07-15T09:13:43+00:00\" \/>\n<meta property=\"og:image\" content=\"https:\/\/buletin.de\/bucuresti\/wp-content\/uploads\/ID227643_INQUAM_Photos_Octav_Ganea.jpg\" \/>\n\t<meta property=\"og:image:width\" content=\"2000\" \/>\n\t<meta property=\"og:image:height\" content=\"1334\" \/>\n\t<meta property=\"og:image:type\" content=\"image\/jpeg\" \/>\n<meta name=\"author\" content=\"Diana Matei\" \/>\n<meta name=\"twitter:card\" content=\"summary_large_image\" \/>\n<meta name=\"twitter:label1\" content=\"Written by\" \/>\n\t<meta name=\"twitter:data1\" content=\"Diana Matei\" \/>\n\t<meta name=\"twitter:label2\" content=\"Estimated reading time\" \/>\n\t<meta name=\"twitter:data2\" content=\"2 minutes\" \/>\n<script type=\"application\/ld+json\" class=\"yoast-schema-graph\">{\"@context\":\"https:\\\/\\\/schema.org\",\"@graph\":[{\"@type\":\"Article\",\"@id\":\"https:\\\/\\\/buletin.de\\\/bucuresti\\\/inca-un-cod-galben-de-canicula-pentru-capitala\\\/#article\",\"isPartOf\":{\"@id\":\"https:\\\/\\\/buletin.de\\\/bucuresti\\\/inca-un-cod-galben-de-canicula-pentru-capitala\\\/\"},\"author\":{\"name\":\"Diana Matei\",\"@id\":\"https:\\\/\\\/buletin.de\\\/bucuresti\\\/#\\\/schema\\\/person\\\/7e46040573290777280a0835d81ea4ea\"},\"headline\":\"METEO | \u00cenc\u0103 un cod galben de canicul\u0103, pentru Capital\u0103. Temperaturile maxime urc\u0103, din nou, p\u00e2n\u0103 la 36 de grade\",\"datePublished\":\"2025-07-15T05:52:06+00:00\",\"dateModified\":\"2025-07-15T09:13:43+00:00\",\"mainEntityOfPage\":{\"@id\":\"https:\\\/\\\/buletin.de\\\/bucuresti\\\/inca-un-cod-galben-de-canicula-pentru-capitala\\\/\"},\"wordCount\":354,\"publisher\":{\"@id\":\"https:\\\/\\\/buletin.de\\\/bucuresti\\\/#organization\"},\"image\":{\"@id\":\"https:\\\/\\\/buletin.de\\\/bucuresti\\\/inca-un-cod-galben-de-canicula-pentru-capitala\\\/#primaryimage\"},\"thumbnailUrl\":\"https:\\\/\\\/buletin.de\\\/bucuresti\\\/wp-content\\\/uploads\\\/ID227643_INQUAM_Photos_Octav_Ganea.jpg\",\"keywords\":[\"anm\",\"canicula\",\"cog galben\",\"prognoza Bucuresti\",\"temperaturi Bucuresti\"],\"articleSection\":[\"Articole\",\"Diverse\",\"\u0218tiri\"],\"inLanguage\":\"en-GB\",\"copyrightYear\":\"2025\",\"copyrightHolder\":{\"@id\":\"https:\\\/\\\/buletin.de\\\/bucuresti\\\/#organization\"}},{\"@type\":\"WebPage\",\"@id\":\"https:\\\/\\\/buletin.de\\\/bucuresti\\\/inca-un-cod-galben-de-canicula-pentru-capitala\\\/\",\"url\":\"https:\\\/\\\/buletin.de\\\/bucuresti\\\/inca-un-cod-galben-de-canicula-pentru-capitala\\\/\",\"name\":\"METEO | \u00cenc\u0103 un cod galben de canicul\u0103, pentru Capital\u0103. Temperaturile maxime urc\u0103, din nou, p\u00e2n\u0103 la 36 de grade - Buletin de Bucure\u0219ti\",\"isPartOf\":{\"@id\":\"https:\\\/\\\/buletin.de\\\/bucuresti\\\/#website\"},\"primaryImageOfPage\":{\"@id\":\"https:\\\/\\\/buletin.de\\\/bucuresti\\\/inca-un-cod-galben-de-canicula-pentru-capitala\\\/#primaryimage\"},\"image\":{\"@id\":\"https:\\\/\\\/buletin.de\\\/bucuresti\\\/inca-un-cod-galben-de-canicula-pentru-capitala\\\/#primaryimage\"},\"thumbnailUrl\":\"https:\\\/\\\/buletin.de\\\/bucuresti\\\/wp-content\\\/uploads\\\/ID227643_INQUAM_Photos_Octav_Ganea.jpg\",\"datePublished\":\"2025-07-15T05:52:06+00:00\",\"dateModified\":\"2025-07-15T09:13:43+00:00\",\"description\":\"Capitala este, din nou, sub cod galben de canicul\u0103. Avertizarea este valabil\u0103 \u00een intervalul 15 iulie, or\u010310:00\u201116 iulie, ora 10:00.\",\"breadcrumb\":{\"@id\":\"https:\\\/\\\/buletin.de\\\/bucuresti\\\/inca-un-cod-galben-de-canicula-pentru-capitala\\\/#breadcrumb\"},\"inLanguage\":\"en-GB\",\"potentialAction\":[{\"@type\":\"ReadAction\",\"target\":[\"https:\\\/\\\/buletin.de\\\/bucuresti\\\/inca-un-cod-galben-de-canicula-pentru-capitala\\\/\"]}]},{\"@type\":\"ImageObject\",\"inLanguage\":\"en-GB\",\"@id\":\"https:\\\/\\\/buletin.de\\\/bucuresti\\\/inca-un-cod-galben-de-canicula-pentru-capitala\\\/#primaryimage\",\"url\":\"https:\\\/\\\/buletin.de\\\/bucuresti\\\/wp-content\\\/uploads\\\/ID227643_INQUAM_Photos_Octav_Ganea.jpg\",\"contentUrl\":\"https:\\\/\\\/buletin.de\\\/bucuresti\\\/wp-content\\\/uploads\\\/ID227643_INQUAM_Photos_Octav_Ganea.jpg\",\"width\":2000,\"height\":1334,\"caption\":\"METEO | \u00cenc\u0103 un cod galben de canicul\u0103, pentru Capital\u0103. Temperaturile maxime urc\u0103, din nou, p\u00e2n\u0103 la 36 de grade. FOTO: Arhiva\"},{\"@type\":\"BreadcrumbList\",\"@id\":\"https:\\\/\\\/buletin.de\\\/bucuresti\\\/inca-un-cod-galben-de-canicula-pentru-capitala\\\/#breadcrumb\",\"itemListElement\":[{\"@type\":\"ListItem\",\"position\":1,\"name\":\"Acas\u0103\",\"item\":\"https:\\\/\\\/buletin.de\\\/bucuresti\\\/\"},{\"@type\":\"ListItem\",\"position\":2,\"name\":\"METEO | \u00cenc\u0103 un cod galben de canicul\u0103, pentru Capital\u0103. Temperaturile maxime urc\u0103, din nou, p\u00e2n\u0103 la 36 de grade\"}]},{\"@type\":\"WebSite\",\"@id\":\"https:\\\/\\\/buletin.de\\\/bucuresti\\\/#website\",\"url\":\"https:\\\/\\\/buletin.de\\\/bucuresti\\\/\",\"name\":\"Buletin de Bucure\u0219ti\",\"description\":\"\u0218tiri \u0219i investiga\u021bii esen\u021biale din capital\u0103\",\"publisher\":{\"@id\":\"https:\\\/\\\/buletin.de\\\/bucuresti\\\/#organization\"},\"potentialAction\":[{\"@type\":\"SearchAction\",\"target\":{\"@type\":\"EntryPoint\",\"urlTemplate\":\"https:\\\/\\\/buletin.de\\\/bucuresti\\\/?s={search_term_string}\"},\"query-input\":{\"@type\":\"PropertyValueSpecification\",\"valueRequired\":true,\"valueName\":\"search_term_string\"}}],\"inLanguage\":\"en-GB\"},{\"@type\":\"Organization\",\"@id\":\"https:\\\/\\\/buletin.de\\\/bucuresti\\\/#organization\",\"name\":\"Buletin de Bucure\u0219ti\",\"url\":\"https:\\\/\\\/buletin.de\\\/bucuresti\\\/\",\"logo\":{\"@type\":\"ImageObject\",\"inLanguage\":\"en-GB\",\"@id\":\"https:\\\/\\\/buletin.de\\\/bucuresti\\\/#\\\/schema\\\/logo\\\/image\\\/\",\"url\":\"https:\\\/\\\/buletin.de\\\/bucuresti\\\/wp-content\\\/uploads\\\/logo-bdb-full-wide-vernil-transparent.png\",\"contentUrl\":\"https:\\\/\\\/buletin.de\\\/bucuresti\\\/wp-content\\\/uploads\\\/logo-bdb-full-wide-vernil-transparent.png\",\"width\":1782,\"height\":626,\"caption\":\"Buletin de Bucure\u0219ti\"},\"image\":{\"@id\":\"https:\\\/\\\/buletin.de\\\/bucuresti\\\/#\\\/schema\\\/logo\\\/image\\\/\"},\"sameAs\":[\"https:\\\/\\\/www.facebook.com\\\/buletin.de.buc\",\"https:\\\/\\\/www.instagram.com\\\/buletinde.bucuresti\\\/\"]},{\"@type\":\"Person\",\"@id\":\"https:\\\/\\\/buletin.de\\\/bucuresti\\\/#\\\/schema\\\/person\\\/7e46040573290777280a0835d81ea4ea\",\"name\":\"Diana Matei\",\"image\":{\"@type\":\"ImageObject\",\"inLanguage\":\"en-GB\",\"@id\":\"https:\\\/\\\/buletin.de\\\/bucuresti\\\/wp-content\\\/uploads\\\/9-2-96x96.jpg1e8590b30871d70e62ebcdaf2eff570c\",\"url\":\"https:\\\/\\\/buletin.de\\\/bucuresti\\\/wp-content\\\/uploads\\\/9-2-96x96.jpg\",\"contentUrl\":\"https:\\\/\\\/buletin.de\\\/bucuresti\\\/wp-content\\\/uploads\\\/9-2-96x96.jpg\",\"caption\":\"Diana Matei\"},\"url\":\"https:\\\/\\\/buletin.de\\\/bucuresti\\\/author\\\/dianamatei\\\/\"}]}<\/script>\n<!-- \/ Yoast SEO Premium plugin. -->","yoast_head_json":{"title":"METEO | \u00cenc\u0103 un cod galben de canicul\u0103, pentru Capital\u0103. Temperaturile maxime urc\u0103, din nou, p\u00e2n\u0103 la 36 de grade - Buletin de Bucure\u0219ti","description":"Capitala este, din nou, sub cod galben de canicul\u0103. Avertizarea este valabil\u0103 \u00een intervalul 15 iulie, or\u010310:00\u201116 iulie, ora 10:00.","robots":{"index":"index","follow":"follow","max-snippet":"max-snippet:-1","max-image-preview":"max-image-preview:large","max-video-preview":"max-video-preview:-1"},"canonical":"https:\/\/buletin.de\/bucuresti\/inca-un-cod-galben-de-canicula-pentru-capitala\/","og_locale":"en_GB","og_type":"article","og_title":"METEO | \u00cenc\u0103 un cod galben de canicul\u0103, pentru Capital\u0103. Temperaturile maxime urc\u0103, din nou, p\u00e2n\u0103 la 36 de grade","og_description":"Capitala este, din nou, sub cod galben de canicul\u0103. Avertizarea este valabil\u0103 \u00een intervalul 15 iulie, or\u010310:00\u201116 iulie, ora 10:00.","og_url":"https:\/\/buletin.de\/bucuresti\/inca-un-cod-galben-de-canicula-pentru-capitala\/","og_site_name":"Buletin de Bucure\u0219ti","article_publisher":"https:\/\/www.facebook.com\/buletin.de.buc","article_published_time":"2025-07-15T05:52:06+00:00","article_modified_time":"2025-07-15T09:13:43+00:00","og_image":[{"width":2000,"height":1334,"url":"https:\/\/buletin.de\/bucuresti\/wp-content\/uploads\/ID227643_INQUAM_Photos_Octav_Ganea.jpg","type":"image\/jpeg"}],"author":"Diana Matei","twitter_card":"summary_large_image","twitter_misc":{"Written by":"Diana Matei","Estimated reading time":"2 minutes"},"schema":{"@context":"https:\/\/schema.org","@graph":[{"@type":"Article","@id":"https:\/\/buletin.de\/bucuresti\/inca-un-cod-galben-de-canicula-pentru-capitala\/#article","isPartOf":{"@id":"https:\/\/buletin.de\/bucuresti\/inca-un-cod-galben-de-canicula-pentru-capitala\/"},"author":{"name":"Diana Matei","@id":"https:\/\/buletin.de\/bucuresti\/#\/schema\/person\/7e46040573290777280a0835d81ea4ea"},"headline":"METEO | \u00cenc\u0103 un cod galben de canicul\u0103, pentru Capital\u0103. Temperaturile maxime urc\u0103, din nou, p\u00e2n\u0103 la 36 de grade","datePublished":"2025-07-15T05:52:06+00:00","dateModified":"2025-07-15T09:13:43+00:00","mainEntityOfPage":{"@id":"https:\/\/buletin.de\/bucuresti\/inca-un-cod-galben-de-canicula-pentru-capitala\/"},"wordCount":354,"publisher":{"@id":"https:\/\/buletin.de\/bucuresti\/#organization"},"image":{"@id":"https:\/\/buletin.de\/bucuresti\/inca-un-cod-galben-de-canicula-pentru-capitala\/#primaryimage"},"thumbnailUrl":"https:\/\/buletin.de\/bucuresti\/wp-content\/uploads\/ID227643_INQUAM_Photos_Octav_Ganea.jpg","keywords":["anm","canicula","cog galben","prognoza Bucuresti","temperaturi Bucuresti"],"articleSection":["Articole","Diverse","\u0218tiri"],"inLanguage":"en-GB","copyrightYear":"2025","copyrightHolder":{"@id":"https:\/\/buletin.de\/bucuresti\/#organization"}},{"@type":"WebPage","@id":"https:\/\/buletin.de\/bucuresti\/inca-un-cod-galben-de-canicula-pentru-capitala\/","url":"https:\/\/buletin.de\/bucuresti\/inca-un-cod-galben-de-canicula-pentru-capitala\/","name":"METEO | \u00cenc\u0103 un cod galben de canicul\u0103, pentru Capital\u0103. Temperaturile maxime urc\u0103, din nou, p\u00e2n\u0103 la 36 de grade - Buletin de Bucure\u0219ti","isPartOf":{"@id":"https:\/\/buletin.de\/bucuresti\/#website"},"primaryImageOfPage":{"@id":"https:\/\/buletin.de\/bucuresti\/inca-un-cod-galben-de-canicula-pentru-capitala\/#primaryimage"},"image":{"@id":"https:\/\/buletin.de\/bucuresti\/inca-un-cod-galben-de-canicula-pentru-capitala\/#primaryimage"},"thumbnailUrl":"https:\/\/buletin.de\/bucuresti\/wp-content\/uploads\/ID227643_INQUAM_Photos_Octav_Ganea.jpg","datePublished":"2025-07-15T05:52:06+00:00","dateModified":"2025-07-15T09:13:43+00:00","description":"Capitala este, din nou, sub cod galben de canicul\u0103. Avertizarea este valabil\u0103 \u00een intervalul 15 iulie, or\u010310:00\u201116 iulie, ora 10:00.","breadcrumb":{"@id":"https:\/\/buletin.de\/bucuresti\/inca-un-cod-galben-de-canicula-pentru-capitala\/#breadcrumb"},"inLanguage":"en-GB","potentialAction":[{"@type":"ReadAction","target":["https:\/\/buletin.de\/bucuresti\/inca-un-cod-galben-de-canicula-pentru-capitala\/"]}]},{"@type":"ImageObject","inLanguage":"en-GB","@id":"https:\/\/buletin.de\/bucuresti\/inca-un-cod-galben-de-canicula-pentru-capitala\/#primaryimage","url":"https:\/\/buletin.de\/bucuresti\/wp-content\/uploads\/ID227643_INQUAM_Photos_Octav_Ganea.jpg","contentUrl":"https:\/\/buletin.de\/bucuresti\/wp-content\/uploads\/ID227643_INQUAM_Photos_Octav_Ganea.jpg","width":2000,"height":1334,"caption":"METEO | \u00cenc\u0103 un cod galben de canicul\u0103, pentru Capital\u0103. Temperaturile maxime urc\u0103, din nou, p\u00e2n\u0103 la 36 de grade. FOTO: Arhiva"},{"@type":"BreadcrumbList","@id":"https:\/\/buletin.de\/bucuresti\/inca-un-cod-galben-de-canicula-pentru-capitala\/#breadcrumb","itemListElement":[{"@type":"ListItem","position":1,"name":"Acas\u0103","item":"https:\/\/buletin.de\/bucuresti\/"},{"@type":"ListItem","position":2,"name":"METEO | \u00cenc\u0103 un cod galben de canicul\u0103, pentru Capital\u0103. Temperaturile maxime urc\u0103, din nou, p\u00e2n\u0103 la 36 de grade"}]},{"@type":"WebSite","@id":"https:\/\/buletin.de\/bucuresti\/#website","url":"https:\/\/buletin.de\/bucuresti\/","name":"Buletin de Bucure\u0219ti","description":"\u0218tiri \u0219i investiga\u021bii esen\u021biale din capital\u0103","publisher":{"@id":"https:\/\/buletin.de\/bucuresti\/#organization"},"potentialAction":[{"@type":"SearchAction","target":{"@type":"EntryPoint","urlTemplate":"https:\/\/buletin.de\/bucuresti\/?s={search_term_string}"},"query-input":{"@type":"PropertyValueSpecification","valueRequired":true,"valueName":"search_term_string"}}],"inLanguage":"en-GB"},{"@type":"Organization","@id":"https:\/\/buletin.de\/bucuresti\/#organization","name":"Buletin de Bucure\u0219ti","url":"https:\/\/buletin.de\/bucuresti\/","logo":{"@type":"ImageObject","inLanguage":"en-GB","@id":"https:\/\/buletin.de\/bucuresti\/#\/schema\/logo\/image\/","url":"https:\/\/buletin.de\/bucuresti\/wp-content\/uploads\/logo-bdb-full-wide-vernil-transparent.png","contentUrl":"https:\/\/buletin.de\/bucuresti\/wp-content\/uploads\/logo-bdb-full-wide-vernil-transparent.png","width":1782,"height":626,"caption":"Buletin de Bucure\u0219ti"},"image":{"@id":"https:\/\/buletin.de\/bucuresti\/#\/schema\/logo\/image\/"},"sameAs":["https:\/\/www.facebook.com\/buletin.de.buc","https:\/\/www.instagram.com\/buletinde.bucuresti\/"]},{"@type":"Person","@id":"https:\/\/buletin.de\/bucuresti\/#\/schema\/person\/7e46040573290777280a0835d81ea4ea","name":"Diana Matei","image":{"@type":"ImageObject","inLanguage":"en-GB","@id":"https:\/\/buletin.de\/bucuresti\/wp-content\/uploads\/9-2-96x96.jpg1e8590b30871d70e62ebcdaf2eff570c","url":"https:\/\/buletin.de\/bucuresti\/wp-content\/uploads\/9-2-96x96.jpg","contentUrl":"https:\/\/buletin.de\/bucuresti\/wp-content\/uploads\/9-2-96x96.jpg","caption":"Diana Matei"},"url":"https:\/\/buletin.de\/bucuresti\/author\/dianamatei\/"}]}},"authors":[{"term_id":22574,"user_id":49,"is_guest":0,"slug":"dianamatei","display_name":"Diana Matei","avatar_url":"https:\/\/buletin.de\/bucuresti\/wp-content\/uploads\/9-2-96x96.jpg","0":null,"1":"","2":"","3":"","4":"","5":"","6":"","7":"","8":""}],"_links":{"self":[{"href":"https:\/\/buletin.de\/bucuresti\/wp-json\/wp\/v2\/posts\/139086","targetHints":{"allow":["GET"]}}],"collection":[{"href":"https:\/\/buletin.de\/bucuresti\/wp-json\/wp\/v2\/posts"}],"about":[{"href":"https:\/\/buletin.de\/bucuresti\/wp-json\/wp\/v2\/types\/post"}],"author":[{"embeddable":true,"href":"https:\/\/buletin.de\/bucuresti\/wp-json\/wp\/v2\/users\/49"}],"replies":[{"embeddable":true,"href":"https:\/\/buletin.de\/bucuresti\/wp-json\/wp\/v2\/comments?post=139086"}],"version-history":[{"count":4,"href":"https:\/\/buletin.de\/bucuresti\/wp-json\/wp\/v2\/posts\/139086\/revisions"}],"predecessor-version":[{"id":139117,"href":"https:\/\/buletin.de\/bucuresti\/wp-json\/wp\/v2\/posts\/139086\/revisions\/139117"}],"wp:featuredmedia":[{"embeddable":true,"href":"https:\/\/buletin.de\/bucuresti\/wp-json\/wp\/v2\/media\/61627"}],"wp:attachment":[{"href":"https:\/\/buletin.de\/bucuresti\/wp-json\/wp\/v2\/media?parent=139086"}],"wp:term":[{"taxonomy":"category","embeddable":true,"href":"https:\/\/buletin.de\/bucuresti\/wp-json\/wp\/v2\/categories?post=139086"},{"taxonomy":"post_tag","embeddable":true,"href":"https:\/\/buletin.de\/bucuresti\/wp-json\/wp\/v2\/tags?post=139086"},{"taxonomy":"author","embeddable":true,"href":"https:\/\/buletin.de\/bucuresti\/wp-json\/wp\/v2\/ppma_author?post=139086"}],"curies":[{"name":"wp","href":"https:\/\/api.w.org\/{rel}","templated":true}]}}