{"id":139030,"date":"2025-07-14T18:13:25","date_gmt":"2025-07-14T15:13:25","guid":{"rendered":"https:\/\/buletin.de\/bucuresti\/?p=139030"},"modified":"2025-07-15T15:50:32","modified_gmt":"2025-07-15T12:50:32","slug":"ironie-amara-ii-institutia-responsabila-cu-protejarea-patrimoniului-din-bucuresti-asfalteaza-ilegal-curtea-cladirii-de-patrimoniu-in-care-functioneaza-a-fost-sesizat-parchetul","status":"publish","type":"post","link":"https:\/\/buletin.de\/bucuresti\/ironie-amara-ii-institutia-responsabila-cu-protejarea-patrimoniului-din-bucuresti-asfalteaza-ilegal-curtea-cladirii-de-patrimoniu-in-care-functioneaza-a-fost-sesizat-parchetul\/","title":{"rendered":"Ironie amar\u0103 (II) | Institu\u0163ia responsabil\u0103 cu protejarea patrimoniului din Bucure\u0219ti asfalteaz\u0103 ilegal curtea cl\u0103dirii de patrimoniu \u00een care func\u021bioneaz\u0103. A fost sesizat Parchetul"},"content":{"rendered":"\n<p><strong>Poli\u021bia Local\u0103 a Municipiului Bucure\u0219ti a trimis o sesizare c\u0103tre Parchetul de pe l\u00e2ng\u0103 Judec\u0103toria Sectorului 2, dup\u0103 ce a descoperit c\u0103 la sediul Direc\u021biei pentru Cultur\u0103 a Municipiului Bucure\u0219ti (DCMB), de pe strada Sf\u00e2ntul \u0218tefan nr. 3 din Sectorul 2, aflat\u0103 \u00eentr-o zon\u0103 istoric\u0103, au fost executate lucr\u0103ri f\u0103r\u0103 autoriza\u021bie.<\/strong><\/p>\n\n\n\n<p><strong>Parchetul a transmis \u00eentr-un r\u0103spuns pentru Buletin de Bucure\u0219ti c\u0103 a fost deschis un dosar penal.<\/strong><\/p>\n\n\n\n<h2 class=\"wp-block-heading\" id=\"h-speciali\u0219tii-in-patrimoniu-s-au-saturat-de-pavele\">Speciali\u0219tii \u00een patrimoniu s-au s\u0103turat de pavele<\/h2>\n\n\n\n<p>Ini\u021bial, conform r\u0103spunsului transmis de Poli\u021bia Local\u0103 unui cititor Buletin de Bucure\u0219ti, inspectorii Serviciului Control Lucr\u0103ri Edilitare \u0219i Afi\u0219aj Stradal au verificat situa\u021bia la fa\u021ba locului \u0219i au comparat imaginile actuale cu cele disponibile \u00een Google Street View, din aprilie 2022, aprilie 2023 \u0219i septembrie 2023.<\/p>\n\n\n\n<p>Astfel, au constatat c\u0103, \u00een curtea imobilului, pavelele de pe trotuarul adiacent \u0219i din zona por\u021bii de acces pietonal au fost \u00eenl\u0103turate \u0219i \u00eenlocuite cu asfalt, f\u0103r\u0103 autoriza\u021bie.<\/p>\n\n\n\n<figure class=\"wp-block-image size-full\"><a href=\"https:\/\/buletin.de\/bucuresti\/wp-content\/uploads\/2025\/07\/image-63.jpg\"><img fetchpriority=\"high\" decoding=\"async\" width=\"633\" height=\"579\" src=\"data:image\/gif;base64,R0lGODlhAQABAAAAACH5BAEKAAEALAAAAAABAAEAAAICTAEAOw==\" data-src=\"https:\/\/buletin.de\/bucuresti\/wp-content\/uploads\/2025\/07\/image-63.jpg\" alt=\"asfalteaz\u0103 ilegal\" class=\"wp-image-139040 lazyload\" data-sizes=\"auto\" data-srcset=\"https:\/\/buletin.de\/bucuresti\/wp-content\/uploads\/2025\/07\/image-63.jpg 633w, https:\/\/buletin.de\/bucuresti\/wp-content\/uploads\/2025\/07\/image-63-300x274.jpg 300w, https:\/\/buletin.de\/bucuresti\/wp-content\/uploads\/2025\/07\/image-63-600x549.jpg 600w, https:\/\/buletin.de\/bucuresti\/wp-content\/uploads\/2025\/07\/image-63-20x18.jpg 20w\" sizes=\"(max-width: 633px) 100vw, 633px\" \/><\/a><figcaption class=\"wp-element-caption\">R\u0103spunsul Poli\u021biei Locale a Municipiului Bucure\u0219ti cu privire la faptul c\u0103 DCMB asfalteaz\u0103 ilegal<\/figcaption><\/figure>\n\n\n\n<p>Nu este prima dat\u0103 c\u00e2nd institu\u021bia din subordinea Ministerului Culturii, responsabil\u0103 de conservarea \u015fi protejarea patrimoniului bucure\u015ftean, comite o infrac\u021biune. <\/p>\n\n\n\n<p>Buletin de Bucure\u0219ti a mai scris la \u00eenceputul anului c\u0103 aparatele de aer condi\u021bionat de pe sediul DCMB au fost montate f\u0103r\u0103 autoriza\u021bie de construire.<\/p>\n\n\n\n<p><strong>CITE\u0218TE \u0218I: <a href=\"https:\/\/buletin.de\/bucuresti\/ironie-amara-institutia-responsabila-cu-protejarea-patrimoniului-are-aparate-de-aer-conditionat-ilegale-pe-cladirea-monument-istoric-in-care-functioneaza\/\">Ironie amar\u0103: institu\u0163ia responsabil\u0103 cu protejarea patrimoniului are aparate de aer condi\u021bionat ilegale pe cl\u0103direa monument istoric \u00een care func\u0163ioneaz\u0103<\/a><\/strong><\/p>\n\n\n\n<h2 class=\"wp-block-heading\" id=\"h-dosar-penal-pentru-ca-direc\u021bia-de-cultura-asfalteaza-ilegal\">Dosar penal pentru c\u0103 Direc\u021bia de Cultur\u0103 asfalteaz\u0103 ilegal<\/h2>\n\n\n\n<p><strong>Imobilul este parte din Ansamblul de arhitectur\u0103 \u201eStr. \u0219i P-\u021ba Sf. \u0218tefan\u201d, \u00eenscris pe Lista Monumentelor Istorice a Municipiului Bucure\u0219ti din 2015, cod LMI B-II-a-B-19680.<\/strong><\/p>\n\n\n\n<p>Cl\u0103direa se afl\u0103, de asemenea, \u00een perimetrul Zonei Construite Protejate nr. 37, zona Sf. \u0218tefan.<\/p>\n\n\n\n<p><strong>Conform art. 24 lit. a din Legea nr. 50\/1991 privind autorizarea execut\u0103rii lucr\u0103rilor de construc\u0163ii, executarea f\u0103r\u0103 autoriza\u021bie a unor astfel de lucr\u0103ri \u00een zone protejate sau pe monumente istorice constituie <mark style=\"background-color:rgba(0, 0, 0, 0)\" class=\"has-inline-color has-vivid-red-color\">infrac\u021biune<\/mark>, sanc\u021bionabil\u0103 cu \u00eenchisoare de la 3 luni la un an sau cu amend\u0103.<\/strong><\/p>\n\n\n\n<p>\u00cen baza art. 27, alin. 1 din aceea\u0219i lege, Poli\u021bia Local\u0103 a transmis o sesizare c\u0103tre Parchetul de pe l\u00e2ng\u0103 Judec\u0103toria Sectorului 2, solicit\u00e2nd verificarea situa\u021biei \u0219i stabilirea eventualei r\u0103spunderi penale.<\/p>\n\n\n\n<p>Parchetul a confirmat, \u00eentr-un r\u0103spuns pentru <strong>Buletin de Bucure\u0219ti<\/strong>, \u00eenregistrarea dosarului penal \u00een care se fac cercet\u0103ri sub aspectul s\u0103v\u00e2r\u0219irii infrac\u021biunii de executare de lucr\u0103ri de construire f\u0103r\u0103 autoriza\u021bie, \u00een leg\u0103tur\u0103 cu interven\u021biile efectuate la sediul DCMB.<\/p>\n\n\n\n<figure class=\"wp-block-image size-full\"><a href=\"https:\/\/buletin.de\/bucuresti\/wp-content\/uploads\/2025\/07\/image-64.jpg\"><img decoding=\"async\" width=\"828\" height=\"520\" src=\"data:image\/gif;base64,R0lGODlhAQABAAAAACH5BAEKAAEALAAAAAABAAEAAAICTAEAOw==\" data-src=\"https:\/\/buletin.de\/bucuresti\/wp-content\/uploads\/2025\/07\/image-64.jpg\" alt=\"asfalteaz\u0103 ilegal\" class=\"wp-image-139041 lazyload\" data-sizes=\"auto\" data-srcset=\"https:\/\/buletin.de\/bucuresti\/wp-content\/uploads\/2025\/07\/image-64.jpg 828w, https:\/\/buletin.de\/bucuresti\/wp-content\/uploads\/2025\/07\/image-64-300x188.jpg 300w, https:\/\/buletin.de\/bucuresti\/wp-content\/uploads\/2025\/07\/image-64-768x482.jpg 768w, https:\/\/buletin.de\/bucuresti\/wp-content\/uploads\/2025\/07\/image-64-600x377.jpg 600w, https:\/\/buletin.de\/bucuresti\/wp-content\/uploads\/2025\/07\/image-64-20x13.jpg 20w\" sizes=\"(max-width: 828px) 100vw, 828px\" \/><\/a><figcaption class=\"wp-element-caption\">R\u0103spunsul Parchetului de pe l\u00e2ng\u0103 Judec\u0103toria Sectorului 2, pentru Buletin de Bucure\u0219ti, despre faptul c\u0103 DCMB asfalteaz\u0103 ilegal.<\/figcaption><\/figure>\n\n\n\n<p><strong>Buletin de Bucure\u0219ti a solicitat un punct de vedere de la Ministerul Culturii, condus acum de Andr\u00e1s Istv\u00e1n Demeter (UDMR), cu privire la faptul c\u0103 Direc\u021bia de Cultur\u0103 a Municipiului Bucure\u0219ti asfalteaz\u0103 ilegal curtea. <\/strong><\/p>\n\n\n\n<p><strong>P\u00e2n\u0103 la momentul public\u0103rii acestui articol nu am primit un r\u0103spuns.<\/strong><\/p>\n\n\n\n<p><strong>CITE\u0218TE \u0218I: <a href=\"https:\/\/buletin.de\/bucuresti\/nu-am-discutat-cu-domnul-frasineanu-cine-il-apara-pe-directorul-directiei-pentru-cultura-care-a-amenintat-jurnalistii-bdb\/\">\u201eNu am discutat cu domnul Fr\u0103sineanu\u201d. Cine \u00eel ap\u0103r\u0103 pe directorul Direc\u021biei pentru Cultur\u0103, care a amenin\u021bat jurnali\u0219tii BdB<\/a><\/strong><\/p>\n\n\n\n<h2 class=\"wp-block-heading\" id=\"h-a-doua-infrac\u021biune-intr-un-singur-an\">A doua infrac\u021biune \u00eentr-un singur an<\/h2>\n\n\n\n<p>Buletin de Bucure\u0219ti a mai scris la \u00eenceputul anului c\u0103 aparatele de aer condi\u021bionat de pe sediul DCMB, institu\u0163ie aflat\u0103 \u00een subordinea Ministerului Culturii, condus atunci de Natalia Intotero, au fost montate f\u0103r\u0103 autoriza\u021bie de construire.<\/p>\n\n\n\n<figure class=\"wp-block-image size-large\"><a href=\"https:\/\/buletin.de\/bucuresti\/wp-content\/uploads\/2025\/07\/WhatsApp-Image-2025-01-08-at-12.54.00_24e53546.jpg\"><img decoding=\"async\" width=\"1000\" height=\"750\" src=\"data:image\/gif;base64,R0lGODlhAQABAAAAACH5BAEKAAEALAAAAAABAAEAAAICTAEAOw==\" data-src=\"https:\/\/buletin.de\/bucuresti\/wp-content\/uploads\/2025\/07\/WhatsApp-Image-2025-01-08-at-12.54.00_24e53546-1000x750.jpg\" alt=\"DCMB, avizeaz\u0103, demol\u0103rile, Ironie amar\u0103 (II)\" class=\"wp-image-139042 lazyload\" data-sizes=\"auto\" data-srcset=\"https:\/\/buletin.de\/bucuresti\/wp-content\/uploads\/2025\/07\/WhatsApp-Image-2025-01-08-at-12.54.00_24e53546-1000x750.jpg 1000w, https:\/\/buletin.de\/bucuresti\/wp-content\/uploads\/2025\/07\/WhatsApp-Image-2025-01-08-at-12.54.00_24e53546-300x225.jpg 300w, https:\/\/buletin.de\/bucuresti\/wp-content\/uploads\/2025\/07\/WhatsApp-Image-2025-01-08-at-12.54.00_24e53546-768x576.jpg 768w, https:\/\/buletin.de\/bucuresti\/wp-content\/uploads\/2025\/07\/WhatsApp-Image-2025-01-08-at-12.54.00_24e53546-1536x1152.jpg 1536w, https:\/\/buletin.de\/bucuresti\/wp-content\/uploads\/2025\/07\/WhatsApp-Image-2025-01-08-at-12.54.00_24e53546-1600x1200.jpg 1600w, https:\/\/buletin.de\/bucuresti\/wp-content\/uploads\/2025\/07\/WhatsApp-Image-2025-01-08-at-12.54.00_24e53546-1100x825.jpg 1100w, https:\/\/buletin.de\/bucuresti\/wp-content\/uploads\/2025\/07\/WhatsApp-Image-2025-01-08-at-12.54.00_24e53546-600x450.jpg 600w, https:\/\/buletin.de\/bucuresti\/wp-content\/uploads\/2025\/07\/WhatsApp-Image-2025-01-08-at-12.54.00_24e53546-20x15.jpg 20w, https:\/\/buletin.de\/bucuresti\/wp-content\/uploads\/2025\/07\/WhatsApp-Image-2025-01-08-at-12.54.00_24e53546.jpg 2000w\" sizes=\"(max-width: 1000px) 100vw, 1000px\" \/><\/a><figcaption class=\"wp-element-caption\">Dup\u0103 ce au pus aere condi\u021bionate pe fa\u021ba cl\u0103dirii, acum asfalteaz\u0103 ilegal \u0219i curtea. Foto: C\u0103t\u0103lin Anghel-Dimache<\/figcaption><\/figure>\n\n\n\n<p>Articolul \u201e<a href=\"https:\/\/buletin.de\/bucuresti\/ironie-amara-institutia-responsabila-cu-protejarea-patrimoniului-are-aparate-de-aer-conditionat-ilegale-pe-cladirea-monument-istoric-in-care-functioneaza\/?fbclid=IwY2xjawHs0RhleHRuA2FlbQIxMQABHbCD2DZmCSCziMyLm2C8Ei2HkOg5Mnj3V1Q_z1iLvgiuprr9AGoqooVp8A_aem_rLqXq2K5ocH-yGU9rEheAQ\" target=\"_blank\" rel=\"noreferrer noopener\">Ironie amar\u0103: institu\u0163ia responsabil\u0103 cu protejarea patrimoniului are aparate de aer condi\u021bionat ilegale pe cl\u0103direa monument istoric \u00een care func\u0163ioneaz\u0103<\/a>\u201d l-a iritat peste m\u0103sur\u0103 pe directorul institu\u021biei, Drago\u0219 Fr\u0103sineanu.<\/p>\n\n\n\n<p>Dincolo de <a href=\"https:\/\/buletin.de\/bucuresti\/seful-directiei-pentru-cultura-din-capitala-dragos-frasineanu-catre-reporterul-buletin-de-bucuresti-maine-sunt-la-voi-la-usa-cu-politie-si-procuratura-nu-e-cazul-sa-ti-distrugi-viata\/\">amenin\u021b\u0103rile la adresa redac\u021biei \u0219i jurnalistului BdB<\/a>, Fr\u0103sineanu mai spunea atunci c\u0103 nu vede o problem\u0103 cu aparatele montate ilegal, pentru c\u0103 nu ar fi singurul caz din Bucure\u0219ti.<\/p>\n\n\n\n<p><em>\u201eC\u00e2te din aerele condi\u021bionate din Bucure\u0219ti au autoriza\u021bie de construire eliberat\u0103? V\u0103 spun eu, niciuna!\u201d<\/em>, a declarat \u0219eful DCMB la \u00eenceputul anului.<\/p>\n\n\n\n<p><strong>CITE\u0218TE \u0218I: <a href=\"https:\/\/buletin.de\/bucuresti\/seful-directiei-pentru-cultura-din-capitala-dragos-frasineanu-catre-reporterul-buletin-de-bucuresti-maine-sunt-la-voi-la-usa-cu-politie-si-procuratura-nu-e-cazul-sa-ti-distrugi-viata\/\">\u0218eful Direc\u021biei pentru Cultur\u0103 din Capital\u0103, Drago\u0219 Fr\u0103sineanu, c\u0103tre reporterul Buletin de Bucure\u0219ti: \u201eM\u00e2ine sunt la voi la u\u0219\u0103, cu poli\u021bie \u0219i procuratur\u0103. Nu e cazul s\u0103-\u021bi distrugi via\u021ba\u201d<\/a><\/strong><\/p>\n\n\n\n<h2 class=\"wp-block-heading\" id=\"h-paradoxul-legii-in-cultura-fara-raspuns-de-la-responsabili\">Paradoxul legii \u00een Cultur\u0103: f\u0103r\u0103 r\u0103spuns de la responsabili<\/h2>\n\n\n\n<p><strong>De\u0219i Buletin de Bucure\u0219ti a solicitat un punct de vedere de la Ministerul Culturii \u00een ianuarie, acum mai bine de 7 luni, acesta nu a mai venit.<\/strong><\/p>\n\n\n\n<p>La mai bine de trei luni dup\u0103 ce Buletin de Bucure\u0219ti a solicitat punctul de vedere de la institu\u021bia condus\u0103 atunci de Natalia Intotero, ni s-a transmis c\u0103 \u00eenc\u0103 \u201ese lucreaz\u0103\u201d la un r\u0103spuns. El nu a venit nici p\u00e2n\u0103 ast\u0103zi, nici referitor la aparatele ilegale montate pe sediul institu\u021biei, nici referitor la amenin\u021b\u0103rile lansate de director.<\/p>\n\n\n\n<p>DCMB se afl\u0103 \u00een subordinea Ministerului Culturii. Prin urmare, \u00een ianuarie acest an, am vrut s\u0103 afl\u0103m cum se raporteaz\u0103 institu\u021bia guvernamentat\u0103 cu privire la modul cum se comport\u0103 un angajat al s\u0103u \u00een rela\u021bie cu un jurnalist \u0219i cu o organiza\u021bie a societ\u0103\u021bii civile.<\/p>\n\n\n\n<p>Au urmat trei luni de promisiuni \u0219i apoi t\u0103ceri. Prin urmare, BdB i-a mai cerut \u00eenc\u0103 o dat\u0103, \u00een aprilie, ministrei Culturii, Natalia Intotero, un punct de vedere legat de acest subiect. Demnitara a afirmat, \u00een mod fals, c\u0103 a r\u0103spuns deja \u0219i c\u0103 r\u0103spunsul \u201ecred c\u0103 v-a fost pus la dispozi\u021bie\u201d.<\/p>\n\n\n\n<p><strong>CITE\u0218TE \u0218I: <a href=\"https:\/\/buletin.de\/bucuresti\/directia-pentru-cultura-mii-de-euro-pentru-vacanta-mascata-intr-o-statiune-de-lux-banii-pentru-cursurile-de-formare-profesionala-merg-catre-o-firma-detinuta-de-fi\/\">Direc\u021bia pentru Cultur\u0103, mii de euro pentru \u201evacan\u021b\u0103 mascat\u0103\u201d \u00eentr-o sta\u021biune de lux. Banii pentru \u201ecursuri de formare profesional\u0103\u201d merg c\u0103tre o firm\u0103 de\u021binut\u0103 de fiul unui fost deputat<\/a><\/strong><\/p>\n\n\n\n<h2 class=\"wp-block-heading\" id=\"h-direc\u021bia-pentru-cultura-mii-de-euro-pentru-vacan\u021ba-mascata-intr-o-sta\u021biune-de-lux\">Direc\u021bia pentru Cultur\u0103, mii de euro pentru \u201evacan\u021b\u0103 mascat\u0103\u201d \u00eentr-o sta\u021biune de lux<\/h2>\n\n\n\n<p><strong>DCMB a cump\u0103rat \u00een luna aprilie cursuri&nbsp;de formare profesional\u0103 de peste 60.000 de lei (12.000 de euro), care vor avea loc \u00eentr-o sta\u021biune de lux, mai arat\u0103 o investiga\u021bie BdB.<\/strong><\/p>\n\n\n\n<p><strong>Institu\u021bia a achizi\u021bionat serviciile de la \u201eCentrul de Formare APSAP\u201d, de\u021binut de fiul unui fost deputat PRM \u0219i care a fost vizat\u0103 \u00een trecut de Corpul de Control al Guvernului.<\/strong><\/p>\n\n\n\n<p><strong>Suma cheltuit\u0103 de reprezentan\u021bii institu\u021biei reprezint\u0103 aproximativ 20% din bugetul de venituri \u0219i cheltuieli aferent anului 2023.<\/strong><\/p>\n\n\n\n<p>DCMB a cump\u0103rat pe 14 aprilie, prin procedur\u0103 direct\u0103, un \u201epachet compact preg\u0103tire profesional\u0103\u201d \u00een valoare de&nbsp;<strong>60.504 lei (peste 12.000 de euro)<\/strong>. Conform&nbsp;<a href=\"https:\/\/e-licitatie.ro\/pub\/direct-acquisition\/view\/119496363\" target=\"_blank\" rel=\"noreferrer noopener\">informa\u021biilor<\/a>&nbsp;publicate \u00een Sistemului Electronic de Achizi\u021bii Publice (SEAP), banii au ajuns la Funda\u021bia \u201eCentrul de Formare APSAP\u201d.<\/p>\n\n\n\n<p>Descrierea \u00een SEAP nu detaliaz\u0103 aspecte precum num\u0103rul de cursan\u021bi sau tematica cursului achizi\u021bionat din bani publici.<\/p>\n\n\n\n<p><strong>CITE\u0218TE \u0218I: <a href=\"https:\/\/buletin.de\/bucuresti\/directia-pentru-cultura-neaga-achizitia-pentru-vacanta-mascata-dupa-dezvaluirile-bdb-expert-explicatia-nu-are-niciun-fundament\/\">Direc\u021bia pentru Cultur\u0103 neag\u0103 achizi\u021bia pentru \u201evacan\u021b\u0103 mascat\u0103\u201d, dup\u0103 dezv\u0103luirile BdB. Expert: \u201eExplica\u021bia nu are niciun fundament\u201d<\/a><\/strong><\/p>\n\n\n\n<h2 class=\"wp-block-heading\" id=\"h-cine-avizeaza-demolarile-\u0219i-noile-proiecte-imobiliare-din-zonele-protejate-ale-capitalei\">Cine avizeaz\u0103 demol\u0103rile \u0219i noile proiecte imobiliare din zonele protejate ale Capitalei<\/h2>\n\n\n\n<p>Fr\u0103sineanu a fost numit \u00een func\u021bie la data de 16 octombrie 2015, iar \u00een urm\u0103 cu patru ani,&nbsp;<a href=\"https:\/\/buletin.de\/bucuresti\/frasineanu-de-la-directia-pentru-cultura-absolvent-de-geografie-cariera-de-functionar-presarata-de-controverse-sotia-consilier-de-stat-la-cancelaria-lui-marcel-ciolacu\/\">activi\u0219tii de la Funda\u021bia Pro Patrimonio au ini\u021biat o peti\u021bie<\/a>&nbsp;pe platforma Declic, prin care au cerut Ministerului Culturii s\u0103-l demit\u0103 pe director, dup\u0103 ce acesta <strong>\u201ea avizat proiecte urbanistice care au adus pierderi ireparabile patrimoniului arhitectural si urbanistic al Bucure\u0219tiului\u201d.<\/strong><\/p>\n\n\n\n<p>Potrivit datelor de la Agen\u021bia Na\u021bional\u0103 de Integritate, Drago\u0219 Fr\u0103sineanu \u0219i-a \u00eenceput cariera de bugetar \u00een prim\u0103ria lui Robert Negoi\u021b\u0103.<\/p>\n\n\n\n<p>\u00cen 2024, numele so\u021biei sale ap\u0103rea \u00een comunicatele de pres\u0103 ale Guvernului \u00een calitate de consilier de stat al Cancelariei lui Marcel Ciolacu.<\/p>\n\n\n\n<p>Totodat\u0103, o alt\u0103 investiga\u021bie BdB arat\u0103 c\u0103 Drago\u0219 Fr\u0103sineanu este proprietarul unui apartament \u00eentr-o zon\u0103 de lux a Capitalei. Locuin\u021ba nu apare \u00een declara\u021biile sale de avere.<\/p>\n\n\n\n<p>Cl\u0103direa a fost ridicat\u0103 de Sebastian Costin Moise, fost deputat \u0219i lider al Partidului Mi\u0219carea Popular\u0103 (PMP), al\u0103turi de un alt dezvoltator imobiliar implicat \u00een scandalul retroced\u0103rilor de la Parcul Verdi, printr-o firm\u0103 care a \u00eenregistrat, conform ultimului bilan\u021b depus, pierderi de peste 76.000 de lei.<\/p>\n\n\n\n<p>Veniturile \u0219i depozitele bancare declarate de familia Fr\u0103sineanu la Agen\u021bia Na\u021bional\u0103 de Integritate \u0219i analizate de reporterii Buletin de Bucure\u0219ti ridic\u0103 semne de \u00eentrebare cu privire la sursa banilor pl\u0103ti\u021bi pentru acest apartament de lux.<\/p>\n\n\n\n<p><strong>CITE\u0218TE \u0218I: <a href=\"https:\/\/buletin.de\/bucuresti\/investigatie-bugetarul-dragos-frasineanu-seful-directiei-pentru-cultura-ascunde-un-apartament-de-lux-intr-o-zona-exclusivista-a-bucurestiului-blocul-ridicat-de-un-fost-lider-pmp-si-de-un-afaceri\/\">INVESTIGA\u0162IE | Bugetarul Drago\u0219 Fr\u0103sineanu, \u0219eful Direc\u021biei pentru Cultur\u0103 care avizeaz\u0103 demol\u0103rile din zonele \u201esensibile\u201d ale Capitalei, ascunde un apartament de lux \u00een \u201ecartierul boga\u021bilor\u201d. Blocul, ridicat de un fost lider PMP \u0219i de un afacerist implicat \u00een retroced\u0103ri controversate<\/a><\/strong><\/p>\n","protected":false},"excerpt":{"rendered":"<p>Poli\u021bia Local\u0103 a Municipiului Bucure\u0219ti a trimis o sesizare c\u0103tre Parchetul de pe l\u00e2ng\u0103 Judec\u0103toria Sectorului 2, dup\u0103 ce a descoperit c\u0103 la sediul Direc\u021biei pentru Cultur\u0103 a Municipiului Bucure\u0219ti (DCMB), de pe strada Sf\u00e2ntul \u0218tefan nr. 3 din Sectorul 2, aflat\u0103 \u00eentr-o zon\u0103 istoric\u0103, au fost executate lucr\u0103ri f\u0103r\u0103 autoriza\u021bie. Parchetul a transmis \u00eentr-un [&hellip;]<\/p>\n","protected":false},"author":59,"featured_media":139038,"comment_status":"closed","ping_status":"open","sticky":false,"template":"","format":"standard","meta":{"_acf_changed":false,"inline_featured_image":false,"ngg_post_thumbnail":0,"footnotes":""},"categories":[6994,81,5762],"tags":[9,2054,18686,18372,439,3071,1900],"ppma_author":[22572],"class_list":["post-139030","post","type-post","status-publish","format-standard","has-post-thumbnail","hentry","category-stiri-2","category-cultura","category-main","tag-bucuresti","tag-capitala","tag-directia-pentru-cultura","tag-dragos-frasineanu","tag-lucrari","tag-parchet","tag-politia-locala"],"acf":[],"yoast_head":"<!-- This site is optimized with the Yoast SEO Premium plugin v25.3 (Yoast SEO v27.4) - https:\/\/yoast.com\/product\/yoast-seo-premium-wordpress\/ -->\n<title>Ironie amar\u0103 (II) | Institu\u0163ia responsabil\u0103 cu protejarea patrimoniului din Bucure\u0219ti asfalteaz\u0103 ilegal curtea cl\u0103dirii de patrimoniu \u00een care func\u021bioneaz\u0103. A fost sesizat Parchetul - Buletin de Bucure\u0219ti<\/title>\n<meta name=\"description\" content=\"Institu\u0163ia responsabil\u0103 cu protejarea patrimoniului din Bucure\u0219ti asfalteaz\u0103 ilegal curtea cl\u0103dirii de patrimoniu \u00een care func\u021bioneaz\u0103.\" \/>\n<meta name=\"robots\" content=\"index, follow, max-snippet:-1, max-image-preview:large, max-video-preview:-1\" \/>\n<link rel=\"canonical\" href=\"https:\/\/buletin.de\/bucuresti\/ironie-amara-ii-institutia-responsabila-cu-protejarea-patrimoniului-din-bucuresti-asfalteaza-ilegal-curtea-cladirii-de-patrimoniu-in-care-functioneaza-a-fost-sesizat-parchetul\/\" \/>\n<meta property=\"og:locale\" content=\"en_GB\" \/>\n<meta property=\"og:type\" content=\"article\" \/>\n<meta property=\"og:title\" content=\"Ironie amar\u0103 (II) | Institu\u0163ia responsabil\u0103 cu protejarea patrimoniului din Bucure\u0219ti asfalteaz\u0103 ilegal curtea cl\u0103dirii de patrimoniu \u00een care func\u021bioneaz\u0103. A fost sesizat Parchetul\" \/>\n<meta property=\"og:description\" content=\"Institu\u0163ia responsabil\u0103 cu protejarea patrimoniului din Bucure\u0219ti asfalteaz\u0103 ilegal curtea cl\u0103dirii de patrimoniu \u00een care func\u021bioneaz\u0103.\" \/>\n<meta property=\"og:url\" content=\"https:\/\/buletin.de\/bucuresti\/ironie-amara-ii-institutia-responsabila-cu-protejarea-patrimoniului-din-bucuresti-asfalteaza-ilegal-curtea-cladirii-de-patrimoniu-in-care-functioneaza-a-fost-sesizat-parchetul\/\" \/>\n<meta property=\"og:site_name\" content=\"Buletin de Bucure\u0219ti\" \/>\n<meta property=\"article:publisher\" content=\"https:\/\/www.facebook.com\/buletin.de.buc\" \/>\n<meta property=\"article:published_time\" content=\"2025-07-14T15:13:25+00:00\" \/>\n<meta property=\"article:modified_time\" content=\"2025-07-15T12:50:32+00:00\" \/>\n<meta property=\"og:image\" content=\"https:\/\/buletin.de\/bucuresti\/wp-content\/uploads\/2025\/07\/Untitled-design-26-1000x643.png\" \/>\n\t<meta property=\"og:image:width\" content=\"1000\" \/>\n\t<meta property=\"og:image:height\" content=\"643\" \/>\n\t<meta property=\"og:image:type\" content=\"image\/png\" \/>\n<meta name=\"author\" content=\"C\u0103t\u0103lin Anghel-Dimache\" \/>\n<meta name=\"twitter:card\" content=\"summary_large_image\" \/>\n<meta name=\"twitter:label1\" content=\"Written by\" \/>\n\t<meta name=\"twitter:data1\" content=\"C\u0103t\u0103lin Anghel-Dimache\" \/>\n\t<meta name=\"twitter:label2\" content=\"Estimated reading time\" \/>\n\t<meta name=\"twitter:data2\" content=\"7 minutes\" \/>\n<script type=\"application\/ld+json\" class=\"yoast-schema-graph\">{\"@context\":\"https:\\\/\\\/schema.org\",\"@graph\":[{\"@type\":\"Article\",\"@id\":\"https:\\\/\\\/buletin.de\\\/bucuresti\\\/ironie-amara-ii-institutia-responsabila-cu-protejarea-patrimoniului-din-bucuresti-asfalteaza-ilegal-curtea-cladirii-de-patrimoniu-in-care-functioneaza-a-fost-sesizat-parchetul\\\/#article\",\"isPartOf\":{\"@id\":\"https:\\\/\\\/buletin.de\\\/bucuresti\\\/ironie-amara-ii-institutia-responsabila-cu-protejarea-patrimoniului-din-bucuresti-asfalteaza-ilegal-curtea-cladirii-de-patrimoniu-in-care-functioneaza-a-fost-sesizat-parchetul\\\/\"},\"author\":{\"name\":\"C\u0103t\u0103lin Anghel-Dimache\",\"@id\":\"https:\\\/\\\/buletin.de\\\/bucuresti\\\/#\\\/schema\\\/person\\\/0ac9db30080482be87c7386a30f98796\"},\"headline\":\"Ironie amar\u0103 (II) | Institu\u0163ia responsabil\u0103 cu protejarea patrimoniului din Bucure\u0219ti asfalteaz\u0103 ilegal curtea cl\u0103dirii de patrimoniu \u00een care func\u021bioneaz\u0103. A fost sesizat Parchetul\",\"datePublished\":\"2025-07-14T15:13:25+00:00\",\"dateModified\":\"2025-07-15T12:50:32+00:00\",\"mainEntityOfPage\":{\"@id\":\"https:\\\/\\\/buletin.de\\\/bucuresti\\\/ironie-amara-ii-institutia-responsabila-cu-protejarea-patrimoniului-din-bucuresti-asfalteaza-ilegal-curtea-cladirii-de-patrimoniu-in-care-functioneaza-a-fost-sesizat-parchetul\\\/\"},\"wordCount\":1521,\"publisher\":{\"@id\":\"https:\\\/\\\/buletin.de\\\/bucuresti\\\/#organization\"},\"image\":{\"@id\":\"https:\\\/\\\/buletin.de\\\/bucuresti\\\/ironie-amara-ii-institutia-responsabila-cu-protejarea-patrimoniului-din-bucuresti-asfalteaza-ilegal-curtea-cladirii-de-patrimoniu-in-care-functioneaza-a-fost-sesizat-parchetul\\\/#primaryimage\"},\"thumbnailUrl\":\"https:\\\/\\\/buletin.de\\\/bucuresti\\\/wp-content\\\/uploads\\\/2025\\\/07\\\/Untitled-design-26.png\",\"keywords\":[\"bucuresti\",\"Capitala\",\"directia pentru cultura\",\"Dragos Fr\u0103sineanu\",\"lucrari\",\"parchet\",\"Poli\u021bia Local\u0103\"],\"articleSection\":[\"Articole\",\"Cultur\u0103\",\"Main\"],\"inLanguage\":\"en-GB\",\"copyrightYear\":\"2025\",\"copyrightHolder\":{\"@id\":\"https:\\\/\\\/buletin.de\\\/bucuresti\\\/#organization\"}},{\"@type\":\"WebPage\",\"@id\":\"https:\\\/\\\/buletin.de\\\/bucuresti\\\/ironie-amara-ii-institutia-responsabila-cu-protejarea-patrimoniului-din-bucuresti-asfalteaza-ilegal-curtea-cladirii-de-patrimoniu-in-care-functioneaza-a-fost-sesizat-parchetul\\\/\",\"url\":\"https:\\\/\\\/buletin.de\\\/bucuresti\\\/ironie-amara-ii-institutia-responsabila-cu-protejarea-patrimoniului-din-bucuresti-asfalteaza-ilegal-curtea-cladirii-de-patrimoniu-in-care-functioneaza-a-fost-sesizat-parchetul\\\/\",\"name\":\"Ironie amar\u0103 (II) | Institu\u0163ia responsabil\u0103 cu protejarea patrimoniului din Bucure\u0219ti asfalteaz\u0103 ilegal curtea cl\u0103dirii de patrimoniu \u00een care func\u021bioneaz\u0103. A fost sesizat Parchetul - Buletin de Bucure\u0219ti\",\"isPartOf\":{\"@id\":\"https:\\\/\\\/buletin.de\\\/bucuresti\\\/#website\"},\"primaryImageOfPage\":{\"@id\":\"https:\\\/\\\/buletin.de\\\/bucuresti\\\/ironie-amara-ii-institutia-responsabila-cu-protejarea-patrimoniului-din-bucuresti-asfalteaza-ilegal-curtea-cladirii-de-patrimoniu-in-care-functioneaza-a-fost-sesizat-parchetul\\\/#primaryimage\"},\"image\":{\"@id\":\"https:\\\/\\\/buletin.de\\\/bucuresti\\\/ironie-amara-ii-institutia-responsabila-cu-protejarea-patrimoniului-din-bucuresti-asfalteaza-ilegal-curtea-cladirii-de-patrimoniu-in-care-functioneaza-a-fost-sesizat-parchetul\\\/#primaryimage\"},\"thumbnailUrl\":\"https:\\\/\\\/buletin.de\\\/bucuresti\\\/wp-content\\\/uploads\\\/2025\\\/07\\\/Untitled-design-26.png\",\"datePublished\":\"2025-07-14T15:13:25+00:00\",\"dateModified\":\"2025-07-15T12:50:32+00:00\",\"description\":\"Institu\u0163ia responsabil\u0103 cu protejarea patrimoniului din Bucure\u0219ti asfalteaz\u0103 ilegal curtea cl\u0103dirii de patrimoniu \u00een care func\u021bioneaz\u0103.\",\"breadcrumb\":{\"@id\":\"https:\\\/\\\/buletin.de\\\/bucuresti\\\/ironie-amara-ii-institutia-responsabila-cu-protejarea-patrimoniului-din-bucuresti-asfalteaza-ilegal-curtea-cladirii-de-patrimoniu-in-care-functioneaza-a-fost-sesizat-parchetul\\\/#breadcrumb\"},\"inLanguage\":\"en-GB\",\"potentialAction\":[{\"@type\":\"ReadAction\",\"target\":[\"https:\\\/\\\/buletin.de\\\/bucuresti\\\/ironie-amara-ii-institutia-responsabila-cu-protejarea-patrimoniului-din-bucuresti-asfalteaza-ilegal-curtea-cladirii-de-patrimoniu-in-care-functioneaza-a-fost-sesizat-parchetul\\\/\"]}]},{\"@type\":\"ImageObject\",\"inLanguage\":\"en-GB\",\"@id\":\"https:\\\/\\\/buletin.de\\\/bucuresti\\\/ironie-amara-ii-institutia-responsabila-cu-protejarea-patrimoniului-din-bucuresti-asfalteaza-ilegal-curtea-cladirii-de-patrimoniu-in-care-functioneaza-a-fost-sesizat-parchetul\\\/#primaryimage\",\"url\":\"https:\\\/\\\/buletin.de\\\/bucuresti\\\/wp-content\\\/uploads\\\/2025\\\/07\\\/Untitled-design-26.png\",\"contentUrl\":\"https:\\\/\\\/buletin.de\\\/bucuresti\\\/wp-content\\\/uploads\\\/2025\\\/07\\\/Untitled-design-26.png\",\"width\":1400,\"height\":900,\"caption\":\"Institu\u0163ia responsabil\u0103 cu protejarea patrimoniului asfalteaz\u0103 ilegal curtea cl\u0103dirii monument istoric \u00een care func\u021bioneaz\u0103\"},{\"@type\":\"BreadcrumbList\",\"@id\":\"https:\\\/\\\/buletin.de\\\/bucuresti\\\/ironie-amara-ii-institutia-responsabila-cu-protejarea-patrimoniului-din-bucuresti-asfalteaza-ilegal-curtea-cladirii-de-patrimoniu-in-care-functioneaza-a-fost-sesizat-parchetul\\\/#breadcrumb\",\"itemListElement\":[{\"@type\":\"ListItem\",\"position\":1,\"name\":\"Acas\u0103\",\"item\":\"https:\\\/\\\/buletin.de\\\/bucuresti\\\/\"},{\"@type\":\"ListItem\",\"position\":2,\"name\":\"Ironie amar\u0103 (II) | Institu\u0163ia responsabil\u0103 cu protejarea patrimoniului din Bucure\u0219ti asfalteaz\u0103 ilegal curtea cl\u0103dirii de patrimoniu \u00een care func\u021bioneaz\u0103. A fost sesizat Parchetul\"}]},{\"@type\":\"WebSite\",\"@id\":\"https:\\\/\\\/buletin.de\\\/bucuresti\\\/#website\",\"url\":\"https:\\\/\\\/buletin.de\\\/bucuresti\\\/\",\"name\":\"Buletin de Bucure\u0219ti\",\"description\":\"\u0218tiri \u0219i investiga\u021bii esen\u021biale din capital\u0103\",\"publisher\":{\"@id\":\"https:\\\/\\\/buletin.de\\\/bucuresti\\\/#organization\"},\"potentialAction\":[{\"@type\":\"SearchAction\",\"target\":{\"@type\":\"EntryPoint\",\"urlTemplate\":\"https:\\\/\\\/buletin.de\\\/bucuresti\\\/?s={search_term_string}\"},\"query-input\":{\"@type\":\"PropertyValueSpecification\",\"valueRequired\":true,\"valueName\":\"search_term_string\"}}],\"inLanguage\":\"en-GB\"},{\"@type\":\"Organization\",\"@id\":\"https:\\\/\\\/buletin.de\\\/bucuresti\\\/#organization\",\"name\":\"Buletin de Bucure\u0219ti\",\"url\":\"https:\\\/\\\/buletin.de\\\/bucuresti\\\/\",\"logo\":{\"@type\":\"ImageObject\",\"inLanguage\":\"en-GB\",\"@id\":\"https:\\\/\\\/buletin.de\\\/bucuresti\\\/#\\\/schema\\\/logo\\\/image\\\/\",\"url\":\"https:\\\/\\\/buletin.de\\\/bucuresti\\\/wp-content\\\/uploads\\\/logo-bdb-full-wide-vernil-transparent.png\",\"contentUrl\":\"https:\\\/\\\/buletin.de\\\/bucuresti\\\/wp-content\\\/uploads\\\/logo-bdb-full-wide-vernil-transparent.png\",\"width\":1782,\"height\":626,\"caption\":\"Buletin de Bucure\u0219ti\"},\"image\":{\"@id\":\"https:\\\/\\\/buletin.de\\\/bucuresti\\\/#\\\/schema\\\/logo\\\/image\\\/\"},\"sameAs\":[\"https:\\\/\\\/www.facebook.com\\\/buletin.de.buc\",\"https:\\\/\\\/www.instagram.com\\\/buletinde.bucuresti\\\/\"]},{\"@type\":\"Person\",\"@id\":\"https:\\\/\\\/buletin.de\\\/bucuresti\\\/#\\\/schema\\\/person\\\/0ac9db30080482be87c7386a30f98796\",\"name\":\"C\u0103t\u0103lin Anghel-Dimache\",\"image\":{\"@type\":\"ImageObject\",\"inLanguage\":\"en-GB\",\"@id\":\"https:\\\/\\\/buletin.de\\\/bucuresti\\\/wp-content\\\/uploads\\\/Catalin-Anghel-Dimache-96x96.jpgbd9e43c5b25186d5b8e917ac61ad86c4\",\"url\":\"https:\\\/\\\/buletin.de\\\/bucuresti\\\/wp-content\\\/uploads\\\/Catalin-Anghel-Dimache-96x96.jpg\",\"contentUrl\":\"https:\\\/\\\/buletin.de\\\/bucuresti\\\/wp-content\\\/uploads\\\/Catalin-Anghel-Dimache-96x96.jpg\",\"caption\":\"C\u0103t\u0103lin Anghel-Dimache\"},\"description\":\"A absolvit Facultatea de Jurnalism \u0219i \u0218tiin\u021bele Comunic\u0103rii a Universit\u0103\u021bii din Bucure\u0219ti \u00een 2024. Scrie despre mediu \u0219i teme sociale, dar \u0219i despre cum se reflect\u0103 ele \u00een via\u021ba cotidian\u0103 a bucure\u0219tenilor, cu un ochi atent la pove\u0219tile personale din spatele titlurilor. N\u0103scut \u0219i crescut \u00een Bucure\u0219ti, a f\u0103cut un pas c\u0103tre presa local\u0103, din pasiune pentru ora\u0219ul s\u0103u \u0219i oamenii din el.\",\"url\":\"https:\\\/\\\/buletin.de\\\/bucuresti\\\/author\\\/catalin-anghel-dimache\\\/\"}]}<\/script>\n<!-- \/ Yoast SEO Premium plugin. -->","yoast_head_json":{"title":"Ironie amar\u0103 (II) | Institu\u0163ia responsabil\u0103 cu protejarea patrimoniului din Bucure\u0219ti asfalteaz\u0103 ilegal curtea cl\u0103dirii de patrimoniu \u00een care func\u021bioneaz\u0103. A fost sesizat Parchetul - Buletin de Bucure\u0219ti","description":"Institu\u0163ia responsabil\u0103 cu protejarea patrimoniului din Bucure\u0219ti asfalteaz\u0103 ilegal curtea cl\u0103dirii de patrimoniu \u00een care func\u021bioneaz\u0103.","robots":{"index":"index","follow":"follow","max-snippet":"max-snippet:-1","max-image-preview":"max-image-preview:large","max-video-preview":"max-video-preview:-1"},"canonical":"https:\/\/buletin.de\/bucuresti\/ironie-amara-ii-institutia-responsabila-cu-protejarea-patrimoniului-din-bucuresti-asfalteaza-ilegal-curtea-cladirii-de-patrimoniu-in-care-functioneaza-a-fost-sesizat-parchetul\/","og_locale":"en_GB","og_type":"article","og_title":"Ironie amar\u0103 (II) | Institu\u0163ia responsabil\u0103 cu protejarea patrimoniului din Bucure\u0219ti asfalteaz\u0103 ilegal curtea cl\u0103dirii de patrimoniu \u00een care func\u021bioneaz\u0103. A fost sesizat Parchetul","og_description":"Institu\u0163ia responsabil\u0103 cu protejarea patrimoniului din Bucure\u0219ti asfalteaz\u0103 ilegal curtea cl\u0103dirii de patrimoniu \u00een care func\u021bioneaz\u0103.","og_url":"https:\/\/buletin.de\/bucuresti\/ironie-amara-ii-institutia-responsabila-cu-protejarea-patrimoniului-din-bucuresti-asfalteaza-ilegal-curtea-cladirii-de-patrimoniu-in-care-functioneaza-a-fost-sesizat-parchetul\/","og_site_name":"Buletin de Bucure\u0219ti","article_publisher":"https:\/\/www.facebook.com\/buletin.de.buc","article_published_time":"2025-07-14T15:13:25+00:00","article_modified_time":"2025-07-15T12:50:32+00:00","og_image":[{"width":1000,"height":643,"url":"https:\/\/buletin.de\/bucuresti\/wp-content\/uploads\/2025\/07\/Untitled-design-26-1000x643.png","type":"image\/png"}],"author":"C\u0103t\u0103lin Anghel-Dimache","twitter_card":"summary_large_image","twitter_misc":{"Written by":"C\u0103t\u0103lin Anghel-Dimache","Estimated reading time":"7 minutes"},"schema":{"@context":"https:\/\/schema.org","@graph":[{"@type":"Article","@id":"https:\/\/buletin.de\/bucuresti\/ironie-amara-ii-institutia-responsabila-cu-protejarea-patrimoniului-din-bucuresti-asfalteaza-ilegal-curtea-cladirii-de-patrimoniu-in-care-functioneaza-a-fost-sesizat-parchetul\/#article","isPartOf":{"@id":"https:\/\/buletin.de\/bucuresti\/ironie-amara-ii-institutia-responsabila-cu-protejarea-patrimoniului-din-bucuresti-asfalteaza-ilegal-curtea-cladirii-de-patrimoniu-in-care-functioneaza-a-fost-sesizat-parchetul\/"},"author":{"name":"C\u0103t\u0103lin Anghel-Dimache","@id":"https:\/\/buletin.de\/bucuresti\/#\/schema\/person\/0ac9db30080482be87c7386a30f98796"},"headline":"Ironie amar\u0103 (II) | Institu\u0163ia responsabil\u0103 cu protejarea patrimoniului din Bucure\u0219ti asfalteaz\u0103 ilegal curtea cl\u0103dirii de patrimoniu \u00een care func\u021bioneaz\u0103. A fost sesizat Parchetul","datePublished":"2025-07-14T15:13:25+00:00","dateModified":"2025-07-15T12:50:32+00:00","mainEntityOfPage":{"@id":"https:\/\/buletin.de\/bucuresti\/ironie-amara-ii-institutia-responsabila-cu-protejarea-patrimoniului-din-bucuresti-asfalteaza-ilegal-curtea-cladirii-de-patrimoniu-in-care-functioneaza-a-fost-sesizat-parchetul\/"},"wordCount":1521,"publisher":{"@id":"https:\/\/buletin.de\/bucuresti\/#organization"},"image":{"@id":"https:\/\/buletin.de\/bucuresti\/ironie-amara-ii-institutia-responsabila-cu-protejarea-patrimoniului-din-bucuresti-asfalteaza-ilegal-curtea-cladirii-de-patrimoniu-in-care-functioneaza-a-fost-sesizat-parchetul\/#primaryimage"},"thumbnailUrl":"https:\/\/buletin.de\/bucuresti\/wp-content\/uploads\/2025\/07\/Untitled-design-26.png","keywords":["bucuresti","Capitala","directia pentru cultura","Dragos Fr\u0103sineanu","lucrari","parchet","Poli\u021bia Local\u0103"],"articleSection":["Articole","Cultur\u0103","Main"],"inLanguage":"en-GB","copyrightYear":"2025","copyrightHolder":{"@id":"https:\/\/buletin.de\/bucuresti\/#organization"}},{"@type":"WebPage","@id":"https:\/\/buletin.de\/bucuresti\/ironie-amara-ii-institutia-responsabila-cu-protejarea-patrimoniului-din-bucuresti-asfalteaza-ilegal-curtea-cladirii-de-patrimoniu-in-care-functioneaza-a-fost-sesizat-parchetul\/","url":"https:\/\/buletin.de\/bucuresti\/ironie-amara-ii-institutia-responsabila-cu-protejarea-patrimoniului-din-bucuresti-asfalteaza-ilegal-curtea-cladirii-de-patrimoniu-in-care-functioneaza-a-fost-sesizat-parchetul\/","name":"Ironie amar\u0103 (II) | Institu\u0163ia responsabil\u0103 cu protejarea patrimoniului din Bucure\u0219ti asfalteaz\u0103 ilegal curtea cl\u0103dirii de patrimoniu \u00een care func\u021bioneaz\u0103. A fost sesizat Parchetul - Buletin de Bucure\u0219ti","isPartOf":{"@id":"https:\/\/buletin.de\/bucuresti\/#website"},"primaryImageOfPage":{"@id":"https:\/\/buletin.de\/bucuresti\/ironie-amara-ii-institutia-responsabila-cu-protejarea-patrimoniului-din-bucuresti-asfalteaza-ilegal-curtea-cladirii-de-patrimoniu-in-care-functioneaza-a-fost-sesizat-parchetul\/#primaryimage"},"image":{"@id":"https:\/\/buletin.de\/bucuresti\/ironie-amara-ii-institutia-responsabila-cu-protejarea-patrimoniului-din-bucuresti-asfalteaza-ilegal-curtea-cladirii-de-patrimoniu-in-care-functioneaza-a-fost-sesizat-parchetul\/#primaryimage"},"thumbnailUrl":"https:\/\/buletin.de\/bucuresti\/wp-content\/uploads\/2025\/07\/Untitled-design-26.png","datePublished":"2025-07-14T15:13:25+00:00","dateModified":"2025-07-15T12:50:32+00:00","description":"Institu\u0163ia responsabil\u0103 cu protejarea patrimoniului din Bucure\u0219ti asfalteaz\u0103 ilegal curtea cl\u0103dirii de patrimoniu \u00een care func\u021bioneaz\u0103.","breadcrumb":{"@id":"https:\/\/buletin.de\/bucuresti\/ironie-amara-ii-institutia-responsabila-cu-protejarea-patrimoniului-din-bucuresti-asfalteaza-ilegal-curtea-cladirii-de-patrimoniu-in-care-functioneaza-a-fost-sesizat-parchetul\/#breadcrumb"},"inLanguage":"en-GB","potentialAction":[{"@type":"ReadAction","target":["https:\/\/buletin.de\/bucuresti\/ironie-amara-ii-institutia-responsabila-cu-protejarea-patrimoniului-din-bucuresti-asfalteaza-ilegal-curtea-cladirii-de-patrimoniu-in-care-functioneaza-a-fost-sesizat-parchetul\/"]}]},{"@type":"ImageObject","inLanguage":"en-GB","@id":"https:\/\/buletin.de\/bucuresti\/ironie-amara-ii-institutia-responsabila-cu-protejarea-patrimoniului-din-bucuresti-asfalteaza-ilegal-curtea-cladirii-de-patrimoniu-in-care-functioneaza-a-fost-sesizat-parchetul\/#primaryimage","url":"https:\/\/buletin.de\/bucuresti\/wp-content\/uploads\/2025\/07\/Untitled-design-26.png","contentUrl":"https:\/\/buletin.de\/bucuresti\/wp-content\/uploads\/2025\/07\/Untitled-design-26.png","width":1400,"height":900,"caption":"Institu\u0163ia responsabil\u0103 cu protejarea patrimoniului asfalteaz\u0103 ilegal curtea cl\u0103dirii monument istoric \u00een care func\u021bioneaz\u0103"},{"@type":"BreadcrumbList","@id":"https:\/\/buletin.de\/bucuresti\/ironie-amara-ii-institutia-responsabila-cu-protejarea-patrimoniului-din-bucuresti-asfalteaza-ilegal-curtea-cladirii-de-patrimoniu-in-care-functioneaza-a-fost-sesizat-parchetul\/#breadcrumb","itemListElement":[{"@type":"ListItem","position":1,"name":"Acas\u0103","item":"https:\/\/buletin.de\/bucuresti\/"},{"@type":"ListItem","position":2,"name":"Ironie amar\u0103 (II) | Institu\u0163ia responsabil\u0103 cu protejarea patrimoniului din Bucure\u0219ti asfalteaz\u0103 ilegal curtea cl\u0103dirii de patrimoniu \u00een care func\u021bioneaz\u0103. A fost sesizat Parchetul"}]},{"@type":"WebSite","@id":"https:\/\/buletin.de\/bucuresti\/#website","url":"https:\/\/buletin.de\/bucuresti\/","name":"Buletin de Bucure\u0219ti","description":"\u0218tiri \u0219i investiga\u021bii esen\u021biale din capital\u0103","publisher":{"@id":"https:\/\/buletin.de\/bucuresti\/#organization"},"potentialAction":[{"@type":"SearchAction","target":{"@type":"EntryPoint","urlTemplate":"https:\/\/buletin.de\/bucuresti\/?s={search_term_string}"},"query-input":{"@type":"PropertyValueSpecification","valueRequired":true,"valueName":"search_term_string"}}],"inLanguage":"en-GB"},{"@type":"Organization","@id":"https:\/\/buletin.de\/bucuresti\/#organization","name":"Buletin de Bucure\u0219ti","url":"https:\/\/buletin.de\/bucuresti\/","logo":{"@type":"ImageObject","inLanguage":"en-GB","@id":"https:\/\/buletin.de\/bucuresti\/#\/schema\/logo\/image\/","url":"https:\/\/buletin.de\/bucuresti\/wp-content\/uploads\/logo-bdb-full-wide-vernil-transparent.png","contentUrl":"https:\/\/buletin.de\/bucuresti\/wp-content\/uploads\/logo-bdb-full-wide-vernil-transparent.png","width":1782,"height":626,"caption":"Buletin de Bucure\u0219ti"},"image":{"@id":"https:\/\/buletin.de\/bucuresti\/#\/schema\/logo\/image\/"},"sameAs":["https:\/\/www.facebook.com\/buletin.de.buc","https:\/\/www.instagram.com\/buletinde.bucuresti\/"]},{"@type":"Person","@id":"https:\/\/buletin.de\/bucuresti\/#\/schema\/person\/0ac9db30080482be87c7386a30f98796","name":"C\u0103t\u0103lin Anghel-Dimache","image":{"@type":"ImageObject","inLanguage":"en-GB","@id":"https:\/\/buletin.de\/bucuresti\/wp-content\/uploads\/Catalin-Anghel-Dimache-96x96.jpgbd9e43c5b25186d5b8e917ac61ad86c4","url":"https:\/\/buletin.de\/bucuresti\/wp-content\/uploads\/Catalin-Anghel-Dimache-96x96.jpg","contentUrl":"https:\/\/buletin.de\/bucuresti\/wp-content\/uploads\/Catalin-Anghel-Dimache-96x96.jpg","caption":"C\u0103t\u0103lin Anghel-Dimache"},"description":"A absolvit Facultatea de Jurnalism \u0219i \u0218tiin\u021bele Comunic\u0103rii a Universit\u0103\u021bii din Bucure\u0219ti \u00een 2024. Scrie despre mediu \u0219i teme sociale, dar \u0219i despre cum se reflect\u0103 ele \u00een via\u021ba cotidian\u0103 a bucure\u0219tenilor, cu un ochi atent la pove\u0219tile personale din spatele titlurilor. N\u0103scut \u0219i crescut \u00een Bucure\u0219ti, a f\u0103cut un pas c\u0103tre presa local\u0103, din pasiune pentru ora\u0219ul s\u0103u \u0219i oamenii din el.","url":"https:\/\/buletin.de\/bucuresti\/author\/catalin-anghel-dimache\/"}]}},"authors":[{"term_id":22572,"user_id":59,"is_guest":0,"slug":"catalin-anghel-dimache","display_name":"C\u0103t\u0103lin Anghel-Dimache","avatar_url":"https:\/\/buletin.de\/bucuresti\/wp-content\/uploads\/Catalin-Anghel-Dimache-96x96.jpg","0":null,"1":"","2":"","3":"","4":"","5":"","6":"","7":"","8":""}],"_links":{"self":[{"href":"https:\/\/buletin.de\/bucuresti\/wp-json\/wp\/v2\/posts\/139030","targetHints":{"allow":["GET"]}}],"collection":[{"href":"https:\/\/buletin.de\/bucuresti\/wp-json\/wp\/v2\/posts"}],"about":[{"href":"https:\/\/buletin.de\/bucuresti\/wp-json\/wp\/v2\/types\/post"}],"author":[{"embeddable":true,"href":"https:\/\/buletin.de\/bucuresti\/wp-json\/wp\/v2\/users\/59"}],"replies":[{"embeddable":true,"href":"https:\/\/buletin.de\/bucuresti\/wp-json\/wp\/v2\/comments?post=139030"}],"version-history":[{"count":5,"href":"https:\/\/buletin.de\/bucuresti\/wp-json\/wp\/v2\/posts\/139030\/revisions"}],"predecessor-version":[{"id":139048,"href":"https:\/\/buletin.de\/bucuresti\/wp-json\/wp\/v2\/posts\/139030\/revisions\/139048"}],"wp:featuredmedia":[{"embeddable":true,"href":"https:\/\/buletin.de\/bucuresti\/wp-json\/wp\/v2\/media\/139038"}],"wp:attachment":[{"href":"https:\/\/buletin.de\/bucuresti\/wp-json\/wp\/v2\/media?parent=139030"}],"wp:term":[{"taxonomy":"category","embeddable":true,"href":"https:\/\/buletin.de\/bucuresti\/wp-json\/wp\/v2\/categories?post=139030"},{"taxonomy":"post_tag","embeddable":true,"href":"https:\/\/buletin.de\/bucuresti\/wp-json\/wp\/v2\/tags?post=139030"},{"taxonomy":"author","embeddable":true,"href":"https:\/\/buletin.de\/bucuresti\/wp-json\/wp\/v2\/ppma_author?post=139030"}],"curies":[{"name":"wp","href":"https:\/\/api.w.org\/{rel}","templated":true}]}}