{"id":13896,"date":"2020-10-15T20:53:15","date_gmt":"2020-10-15T17:53:15","guid":{"rendered":"https:\/\/buletin.de\/bucuresti\/?p=13896"},"modified":"2020-10-15T20:53:16","modified_gmt":"2020-10-15T17:53:16","slug":"3-04-este-rata-incidentei-in-capitala-grupul-de-comunicare-strategica-si-a-dat-din-nou-cu-aritmetica-in-cap","status":"publish","type":"post","link":"https:\/\/buletin.de\/bucuresti\/3-04-este-rata-incidentei-in-capitala-grupul-de-comunicare-strategica-si-a-dat-din-nou-cu-aritmetica-in-cap\/","title":{"rendered":"3.04 este rata inciden\u021bei \u00een Capital\u0103! Grupul de Comunicare Strategic\u0103 \u0219i-a dat, din nou, cu aritmetica \u00een cap"},"content":{"rendered":"\n<p>Grupul de Comunicare Strategic\u0103, a comunicat \u00een urm\u0103 cu pu\u021bin timp, c\u0103 inciden\u021ba cazurilor la 14 zile, \u00een Bucure\u0219ti, este <span class=\"has-inline-color has-vivid-cyan-blue-color\">2,89<\/span>. \u00cen comunicat, speciali\u0219tii Grupului au \u00eencercat s\u0103 explice pas cu pas, cum au f\u0103cut calculele. Am urmat \u0219i noi aceea\u0219i pa\u0219i, dar rezultatul a fost diferit. <span class=\"has-inline-color has-luminous-vivid-orange-color\">3,04.<\/span> Adic\u0103, <span class=\"has-inline-color has-luminous-vivid-orange-color\">SCENARIUL RO\u0218U<\/span> pentru capital\u0103. <\/p>\n\n\n\n<p>Urm\u0103ri\u021bi mai jos demonstra\u021bia. Datele oficiale sunt colorate cu albastru, cele calculate de noi, cu ro\u0219u.<\/p>\n\n\n\n<p>Comunicatul GCS: <\/p>\n\n\n\n<p><span class=\"has-inline-color has-black-color\"> &#8220;Datele folosite \u00een stabilirea indicelui sunt urm\u0103toarele:<\/span><span class=\"has-inline-color has-pale-cyan-blue-color\">Num\u0103r total de persoane nou pozitivate \u00een ultimele 14 zile \u2013 6.797 <\/span>&#8220;<\/p>\n\n\n\n<p>Am adunat datele furnizate de acela\u0219i Grup, pe pagina, oficial\u0103, <a href=\"https:\/\/www.mai.gov.ro\/category\/comunicate-de-presa\/\">https:\/\/www.mai.gov.ro\/category\/comunicate-de-presa\/<\/a>, pentru ultimele 14 zile. Rezultatul a fost \u00eens\u0103 altul.<\/p>\n\n\n\n<figure class=\"wp-block-table\"><table><tbody><tr><td><\/td><td>ziua<\/td><td>nr cazuri<br>noi<\/td><\/tr><tr><td>&nbsp;ziua 1<\/td><td>15-Oct<\/td><td>777<\/td><\/tr><tr><td>ziua 2<\/td><td>14-Oct<\/td><td>669<\/td><\/tr><tr><td>ziua 3<\/td><td>13-Oct<\/td><td>499<\/td><\/tr><tr><td>ziua 4<\/td><td>12-Oct<\/td><td>413<\/td><\/tr><tr><td>ziua 5<\/td><td>11-Oct<\/td><td>539<\/td><\/tr><tr><td>ziua 6<\/td><td>10-Oct<\/td><td>564<\/td><\/tr><tr><td>ziua 7<\/td><td>9-Oct<\/td><td>579<\/td><\/tr><tr><td>ziua 8<\/td><td>8-Oct<\/td><td>549<\/td><\/tr><tr><td>ziua 9<\/td><td>7-Oct<\/td><td>514<\/td><\/tr><tr><td>ziua 10<\/td><td>6-Oct<\/td><td>403<\/td><\/tr><tr><td>ziua 11<\/td><td>5-Oct<\/td><td>562<\/td><\/tr><tr><td>ziua 12<\/td><td>4-Oct<\/td><td>336<\/td><\/tr><tr><td>ziua 13<\/td><td>3-Oct<\/td><td>206<\/td><\/tr><tr><td>ziua 14<\/td><td>2-Oct<\/td><td>517<\/td><\/tr><tr><td>total <br>cazuri noi<\/td><td><\/td><td><span class=\"has-inline-color has-luminous-vivid-orange-color\">7127<\/span><\/td><\/tr><\/tbody><\/table><\/figure>\n\n\n\n<p>CONCLUZIA : num\u0103rul luat \u00een calcul de autorit\u0103\u021bi este eronat. <\/p>\n\n\n\n<p>Num\u0103rul real de noi cazuri \u00een Bucure\u0219ti, \u00een ultimele 14 zile, este <span class=\"has-inline-color has-luminous-vivid-orange-color\">7127<\/span>.<\/p>\n\n\n\n<p>Comunicatul GCS:<\/p>\n\n\n\n<p>&#8220;Num\u0103r total de cazuri \u00een focare \u2013 447 (cifr\u0103 care se scade din cea a nou pozitiva\u021bilor \u00een ultimele 14 zile) Popula\u021bia Bucure\u0219tiului la care se face raportarea \u2013 2.196.979<\/p>\n\n\n\n<p>Inciden\u021ba cazurilor la 14 zile \u00een Capital\u0103, din informa\u021biile primite de la DSP Bucure\u0219ti, este <span class=\"has-inline-color has-vivid-cyan-blue-color\">2,89<\/span>.&#8221;<\/p>\n\n\n\n<p>Refacem \u0219i noi calculul, dup\u0103 formula:<\/p>\n\n\n\n<p class=\"has-text-align-center\"><em>Rata de infectare =(nr. cazuri noi &#8211; nr cazuri in focare)\/popula\u021bia de referin\u021b\u0103 * 1000<\/em><\/p>\n\n\n\n<p>Calculul cu datele oficiale este <\/p>\n\n\n\n<p class=\"has-text-align-center\">rata = (6797-447)\/2196979*1000=<span class=\"has-inline-color has-vivid-cyan-blue-color\">2,89<\/span><\/p>\n\n\n\n<p>Cu datele corecte privind num\u0103rul de cazuri noi<\/p>\n\n\n\n<p class=\"has-text-align-center\">rata =  (7127-447)\/2196979*1000=<span class=\"has-inline-color has-luminous-vivid-orange-color\">3.04<\/span><\/p>\n\n\n\n<p>3,04 \u00eenseamn\u0103, conform hot\u0103r\u00e2rilor de Guvern \u00een vigoare, intrarea Capitalei \u00een Scenariul Ro\u0219u.<\/p>\n\n\n\n<p>\u0218i nu doar acest calcul le-a dat de furc\u0103 autorit\u0103\u021bilor. Au gre\u0219it \u0219i num\u0103rul raportat de teste. <\/p>\n\n\n\n<p>Nr. total de teste raportate pe 15 octombrie &#8211; 2.770.481<\/p>\n\n\n\n<p>Nr.  total de teste raportate pe 14 octombrie &#8211; 2.740.624<\/p>\n\n\n\n<p>Diferen\u021ba &#8211; <span class=\"has-inline-color has-luminous-vivid-orange-color\">29857<\/span><\/p>\n\n\n\n<p>C\u0103t a raportat grupul? &#8211; <span class=\"has-inline-color has-vivid-cyan-blue-color\">29.646<\/span><\/p>\n\n\n\n<figure class=\"wp-block-image size-large\"><img fetchpriority=\"high\" decoding=\"async\" width=\"900\" height=\"506\" src=\"data:image\/gif;base64,R0lGODlhAQABAAAAACH5BAEKAAEALAAAAAABAAEAAAICTAEAOw==\" data-src=\"https:\/\/buletin.de\/bucuresti\/wp-content\/uploads\/image-220-900x506.png\" alt=\"\" class=\"wp-image-13899 lazyload\" data-sizes=\"auto\" data-srcset=\"https:\/\/buletin.de\/bucuresti\/wp-content\/uploads\/image-220-900x506.png 900w, https:\/\/buletin.de\/bucuresti\/wp-content\/uploads\/image-220-300x169.png 300w, https:\/\/buletin.de\/bucuresti\/wp-content\/uploads\/image-220-768x432.png 768w, https:\/\/buletin.de\/bucuresti\/wp-content\/uploads\/image-220-1060x596.png 1060w, https:\/\/buletin.de\/bucuresti\/wp-content\/uploads\/image-220-550x309.png 550w, https:\/\/buletin.de\/bucuresti\/wp-content\/uploads\/image-220-889x500.png 889w, https:\/\/buletin.de\/bucuresti\/wp-content\/uploads\/image-220-600x337.png 600w, https:\/\/buletin.de\/bucuresti\/wp-content\/uploads\/image-220.png 1366w\" sizes=\"(max-width: 900px) 100vw, 900px\" \/><\/figure>\n\n\n\n<p>De ast\u0103zi a intrat \u00een vigoare noua modalitate de calcul a inciden\u021bei cumulate pentru ultimele 14 zile, \u00een care nu se iau \u00een considerare cazurile ap\u0103rute \u00een focare \u00eenchise. \u0218i tot de ast\u0103zi, popula\u021bia de referin\u021b\u0103 folosit\u0103 la acest calcul este cea furnizat\u0103, s\u0103pt\u0103m\u00e2nal, de Eviden\u021ba Popula\u021biei.<\/p>\n\n\n\n<p><\/p>\n","protected":false},"excerpt":{"rendered":"<p>Grupul de Comunicare Strategic\u0103, a comunicat \u00een urm\u0103 cu pu\u021bin timp, c\u0103 inciden\u021ba cazurilor la 14 zile, \u00een Bucure\u0219ti, este 2,89. \u00cen comunicat, speciali\u0219tii Grupului au \u00eencercat s\u0103 explice pas cu pas, cum au f\u0103cut calculele. Am urmat \u0219i noi aceea\u0219i pa\u0219i, dar rezultatul a fost diferit. 3,04. Adic\u0103, SCENARIUL RO\u0218U pentru capital\u0103. Urm\u0103ri\u021bi mai [&hellip;]<\/p>\n","protected":false},"author":18,"featured_media":13886,"comment_status":"closed","ping_status":"open","sticky":false,"template":"","format":"standard","meta":{"_acf_changed":false,"inline_featured_image":false,"ngg_post_thumbnail":0,"footnotes":""},"categories":[1],"tags":[],"ppma_author":[22579],"class_list":["post-13896","post","type-post","status-publish","format-standard","has-post-thumbnail","hentry","category-diverse"],"acf":[],"yoast_head":"<!-- This site is optimized with the Yoast SEO Premium plugin v25.3 (Yoast SEO v27.4) - https:\/\/yoast.com\/product\/yoast-seo-premium-wordpress\/ -->\n<title>3.04 este rata inciden\u021bei \u00een Capital\u0103! Grupul de Comunicare Strategic\u0103 \u0219i-a dat, din nou, cu aritmetica \u00een cap - Buletin de Bucure\u0219ti<\/title>\n<meta name=\"robots\" content=\"index, follow, max-snippet:-1, max-image-preview:large, max-video-preview:-1\" \/>\n<link rel=\"canonical\" href=\"https:\/\/buletin.de\/bucuresti\/3-04-este-rata-incidentei-in-capitala-grupul-de-comunicare-strategica-si-a-dat-din-nou-cu-aritmetica-in-cap\/\" \/>\n<meta property=\"og:locale\" content=\"en_GB\" \/>\n<meta property=\"og:type\" content=\"article\" \/>\n<meta property=\"og:title\" content=\"3.04 este rata inciden\u021bei \u00een Capital\u0103! Grupul de Comunicare Strategic\u0103 \u0219i-a dat, din nou, cu aritmetica \u00een cap\" \/>\n<meta property=\"og:description\" content=\"Grupul de Comunicare Strategic\u0103, a comunicat \u00een urm\u0103 cu pu\u021bin timp, c\u0103 inciden\u021ba cazurilor la 14 zile, \u00een Bucure\u0219ti, este 2,89. \u00cen comunicat, speciali\u0219tii Grupului au \u00eencercat s\u0103 explice pas cu pas, cum au f\u0103cut calculele. Am urmat \u0219i noi aceea\u0219i pa\u0219i, dar rezultatul a fost diferit. 3,04. Adic\u0103, SCENARIUL RO\u0218U pentru capital\u0103. Urm\u0103ri\u021bi mai [&hellip;]\" \/>\n<meta property=\"og:url\" content=\"https:\/\/buletin.de\/bucuresti\/3-04-este-rata-incidentei-in-capitala-grupul-de-comunicare-strategica-si-a-dat-din-nou-cu-aritmetica-in-cap\/\" \/>\n<meta property=\"og:site_name\" content=\"Buletin de Bucure\u0219ti\" \/>\n<meta property=\"article:publisher\" content=\"https:\/\/www.facebook.com\/buletin.de.buc\" \/>\n<meta property=\"article:published_time\" content=\"2020-10-15T17:53:15+00:00\" \/>\n<meta property=\"article:modified_time\" content=\"2020-10-15T17:53:16+00:00\" \/>\n<meta property=\"og:image\" content=\"https:\/\/buletin.de\/bucuresti\/wp-content\/uploads\/120750110_1668126723348992_5191474979804921575_n.jpg\" \/>\n\t<meta property=\"og:image:width\" content=\"960\" \/>\n\t<meta property=\"og:image:height\" content=\"640\" \/>\n\t<meta property=\"og:image:type\" content=\"image\/jpeg\" \/>\n<meta name=\"author\" content=\"Teodora Stroe\" \/>\n<meta name=\"twitter:card\" content=\"summary_large_image\" \/>\n<meta name=\"twitter:label1\" content=\"Written by\" \/>\n\t<meta name=\"twitter:data1\" content=\"Teodora Stroe\" \/>\n\t<meta name=\"twitter:label2\" content=\"Estimated reading time\" \/>\n\t<meta name=\"twitter:data2\" content=\"2 minutes\" \/>\n<script type=\"application\/ld+json\" class=\"yoast-schema-graph\">{\"@context\":\"https:\\\/\\\/schema.org\",\"@graph\":[{\"@type\":\"Article\",\"@id\":\"https:\\\/\\\/buletin.de\\\/bucuresti\\\/3-04-este-rata-incidentei-in-capitala-grupul-de-comunicare-strategica-si-a-dat-din-nou-cu-aritmetica-in-cap\\\/#article\",\"isPartOf\":{\"@id\":\"https:\\\/\\\/buletin.de\\\/bucuresti\\\/3-04-este-rata-incidentei-in-capitala-grupul-de-comunicare-strategica-si-a-dat-din-nou-cu-aritmetica-in-cap\\\/\"},\"author\":{\"name\":\"Teodora Stroe\",\"@id\":\"https:\\\/\\\/buletin.de\\\/bucuresti\\\/#\\\/schema\\\/person\\\/d369d7ddc775abece205795e0b804614\"},\"headline\":\"3.04 este rata inciden\u021bei \u00een Capital\u0103! Grupul de Comunicare Strategic\u0103 \u0219i-a dat, din nou, cu aritmetica \u00een cap\",\"datePublished\":\"2020-10-15T17:53:15+00:00\",\"dateModified\":\"2020-10-15T17:53:16+00:00\",\"mainEntityOfPage\":{\"@id\":\"https:\\\/\\\/buletin.de\\\/bucuresti\\\/3-04-este-rata-incidentei-in-capitala-grupul-de-comunicare-strategica-si-a-dat-din-nou-cu-aritmetica-in-cap\\\/\"},\"wordCount\":404,\"publisher\":{\"@id\":\"https:\\\/\\\/buletin.de\\\/bucuresti\\\/#organization\"},\"image\":{\"@id\":\"https:\\\/\\\/buletin.de\\\/bucuresti\\\/3-04-este-rata-incidentei-in-capitala-grupul-de-comunicare-strategica-si-a-dat-din-nou-cu-aritmetica-in-cap\\\/#primaryimage\"},\"thumbnailUrl\":\"https:\\\/\\\/buletin.de\\\/bucuresti\\\/wp-content\\\/uploads\\\/120750110_1668126723348992_5191474979804921575_n.jpg\",\"articleSection\":[\"Diverse\"],\"inLanguage\":\"en-GB\",\"copyrightYear\":\"2020\",\"copyrightHolder\":{\"@id\":\"https:\\\/\\\/buletin.de\\\/bucuresti\\\/#organization\"}},{\"@type\":\"WebPage\",\"@id\":\"https:\\\/\\\/buletin.de\\\/bucuresti\\\/3-04-este-rata-incidentei-in-capitala-grupul-de-comunicare-strategica-si-a-dat-din-nou-cu-aritmetica-in-cap\\\/\",\"url\":\"https:\\\/\\\/buletin.de\\\/bucuresti\\\/3-04-este-rata-incidentei-in-capitala-grupul-de-comunicare-strategica-si-a-dat-din-nou-cu-aritmetica-in-cap\\\/\",\"name\":\"3.04 este rata inciden\u021bei \u00een Capital\u0103! Grupul de Comunicare Strategic\u0103 \u0219i-a dat, din nou, cu aritmetica \u00een cap - Buletin de Bucure\u0219ti\",\"isPartOf\":{\"@id\":\"https:\\\/\\\/buletin.de\\\/bucuresti\\\/#website\"},\"primaryImageOfPage\":{\"@id\":\"https:\\\/\\\/buletin.de\\\/bucuresti\\\/3-04-este-rata-incidentei-in-capitala-grupul-de-comunicare-strategica-si-a-dat-din-nou-cu-aritmetica-in-cap\\\/#primaryimage\"},\"image\":{\"@id\":\"https:\\\/\\\/buletin.de\\\/bucuresti\\\/3-04-este-rata-incidentei-in-capitala-grupul-de-comunicare-strategica-si-a-dat-din-nou-cu-aritmetica-in-cap\\\/#primaryimage\"},\"thumbnailUrl\":\"https:\\\/\\\/buletin.de\\\/bucuresti\\\/wp-content\\\/uploads\\\/120750110_1668126723348992_5191474979804921575_n.jpg\",\"datePublished\":\"2020-10-15T17:53:15+00:00\",\"dateModified\":\"2020-10-15T17:53:16+00:00\",\"breadcrumb\":{\"@id\":\"https:\\\/\\\/buletin.de\\\/bucuresti\\\/3-04-este-rata-incidentei-in-capitala-grupul-de-comunicare-strategica-si-a-dat-din-nou-cu-aritmetica-in-cap\\\/#breadcrumb\"},\"inLanguage\":\"en-GB\",\"potentialAction\":[{\"@type\":\"ReadAction\",\"target\":[\"https:\\\/\\\/buletin.de\\\/bucuresti\\\/3-04-este-rata-incidentei-in-capitala-grupul-de-comunicare-strategica-si-a-dat-din-nou-cu-aritmetica-in-cap\\\/\"]}]},{\"@type\":\"ImageObject\",\"inLanguage\":\"en-GB\",\"@id\":\"https:\\\/\\\/buletin.de\\\/bucuresti\\\/3-04-este-rata-incidentei-in-capitala-grupul-de-comunicare-strategica-si-a-dat-din-nou-cu-aritmetica-in-cap\\\/#primaryimage\",\"url\":\"https:\\\/\\\/buletin.de\\\/bucuresti\\\/wp-content\\\/uploads\\\/120750110_1668126723348992_5191474979804921575_n.jpg\",\"contentUrl\":\"https:\\\/\\\/buletin.de\\\/bucuresti\\\/wp-content\\\/uploads\\\/120750110_1668126723348992_5191474979804921575_n.jpg\",\"width\":960,\"height\":640},{\"@type\":\"BreadcrumbList\",\"@id\":\"https:\\\/\\\/buletin.de\\\/bucuresti\\\/3-04-este-rata-incidentei-in-capitala-grupul-de-comunicare-strategica-si-a-dat-din-nou-cu-aritmetica-in-cap\\\/#breadcrumb\",\"itemListElement\":[{\"@type\":\"ListItem\",\"position\":1,\"name\":\"Acas\u0103\",\"item\":\"https:\\\/\\\/buletin.de\\\/bucuresti\\\/\"},{\"@type\":\"ListItem\",\"position\":2,\"name\":\"3.04 este rata inciden\u021bei \u00een Capital\u0103! Grupul de Comunicare Strategic\u0103 \u0219i-a dat, din nou, cu aritmetica \u00een cap\"}]},{\"@type\":\"WebSite\",\"@id\":\"https:\\\/\\\/buletin.de\\\/bucuresti\\\/#website\",\"url\":\"https:\\\/\\\/buletin.de\\\/bucuresti\\\/\",\"name\":\"Buletin de Bucure\u0219ti\",\"description\":\"\u0218tiri \u0219i investiga\u021bii esen\u021biale din capital\u0103\",\"publisher\":{\"@id\":\"https:\\\/\\\/buletin.de\\\/bucuresti\\\/#organization\"},\"potentialAction\":[{\"@type\":\"SearchAction\",\"target\":{\"@type\":\"EntryPoint\",\"urlTemplate\":\"https:\\\/\\\/buletin.de\\\/bucuresti\\\/?s={search_term_string}\"},\"query-input\":{\"@type\":\"PropertyValueSpecification\",\"valueRequired\":true,\"valueName\":\"search_term_string\"}}],\"inLanguage\":\"en-GB\"},{\"@type\":\"Organization\",\"@id\":\"https:\\\/\\\/buletin.de\\\/bucuresti\\\/#organization\",\"name\":\"Buletin de Bucure\u0219ti\",\"url\":\"https:\\\/\\\/buletin.de\\\/bucuresti\\\/\",\"logo\":{\"@type\":\"ImageObject\",\"inLanguage\":\"en-GB\",\"@id\":\"https:\\\/\\\/buletin.de\\\/bucuresti\\\/#\\\/schema\\\/logo\\\/image\\\/\",\"url\":\"https:\\\/\\\/buletin.de\\\/bucuresti\\\/wp-content\\\/uploads\\\/logo-bdb-full-wide-vernil-transparent.png\",\"contentUrl\":\"https:\\\/\\\/buletin.de\\\/bucuresti\\\/wp-content\\\/uploads\\\/logo-bdb-full-wide-vernil-transparent.png\",\"width\":1782,\"height\":626,\"caption\":\"Buletin de Bucure\u0219ti\"},\"image\":{\"@id\":\"https:\\\/\\\/buletin.de\\\/bucuresti\\\/#\\\/schema\\\/logo\\\/image\\\/\"},\"sameAs\":[\"https:\\\/\\\/www.facebook.com\\\/buletin.de.buc\",\"https:\\\/\\\/www.instagram.com\\\/buletinde.bucuresti\\\/\"]},{\"@type\":\"Person\",\"@id\":\"https:\\\/\\\/buletin.de\\\/bucuresti\\\/#\\\/schema\\\/person\\\/d369d7ddc775abece205795e0b804614\",\"name\":\"Teodora Stroe\",\"image\":{\"@type\":\"ImageObject\",\"inLanguage\":\"en-GB\",\"@id\":\"https:\\\/\\\/secure.gravatar.com\\\/avatar\\\/2560b4cd9f5f1bc100b123158e657d75584bd1c3e1d9c69285720b9457c1b78d?s=96&d=monsterid&r=gc104800242ba5f2d78dd5d7dc4df08b6\",\"url\":\"https:\\\/\\\/secure.gravatar.com\\\/avatar\\\/2560b4cd9f5f1bc100b123158e657d75584bd1c3e1d9c69285720b9457c1b78d?s=96&d=monsterid&r=g\",\"contentUrl\":\"https:\\\/\\\/secure.gravatar.com\\\/avatar\\\/2560b4cd9f5f1bc100b123158e657d75584bd1c3e1d9c69285720b9457c1b78d?s=96&d=monsterid&r=g\",\"caption\":\"Teodora Stroe\"},\"url\":\"https:\\\/\\\/buletin.de\\\/bucuresti\\\/author\\\/simonacarlugea\\\/\"}]}<\/script>\n<!-- \/ Yoast SEO Premium plugin. -->","yoast_head_json":{"title":"3.04 este rata inciden\u021bei \u00een Capital\u0103! Grupul de Comunicare Strategic\u0103 \u0219i-a dat, din nou, cu aritmetica \u00een cap - Buletin de Bucure\u0219ti","robots":{"index":"index","follow":"follow","max-snippet":"max-snippet:-1","max-image-preview":"max-image-preview:large","max-video-preview":"max-video-preview:-1"},"canonical":"https:\/\/buletin.de\/bucuresti\/3-04-este-rata-incidentei-in-capitala-grupul-de-comunicare-strategica-si-a-dat-din-nou-cu-aritmetica-in-cap\/","og_locale":"en_GB","og_type":"article","og_title":"3.04 este rata inciden\u021bei \u00een Capital\u0103! Grupul de Comunicare Strategic\u0103 \u0219i-a dat, din nou, cu aritmetica \u00een cap","og_description":"Grupul de Comunicare Strategic\u0103, a comunicat \u00een urm\u0103 cu pu\u021bin timp, c\u0103 inciden\u021ba cazurilor la 14 zile, \u00een Bucure\u0219ti, este 2,89. \u00cen comunicat, speciali\u0219tii Grupului au \u00eencercat s\u0103 explice pas cu pas, cum au f\u0103cut calculele. Am urmat \u0219i noi aceea\u0219i pa\u0219i, dar rezultatul a fost diferit. 3,04. Adic\u0103, SCENARIUL RO\u0218U pentru capital\u0103. Urm\u0103ri\u021bi mai [&hellip;]","og_url":"https:\/\/buletin.de\/bucuresti\/3-04-este-rata-incidentei-in-capitala-grupul-de-comunicare-strategica-si-a-dat-din-nou-cu-aritmetica-in-cap\/","og_site_name":"Buletin de Bucure\u0219ti","article_publisher":"https:\/\/www.facebook.com\/buletin.de.buc","article_published_time":"2020-10-15T17:53:15+00:00","article_modified_time":"2020-10-15T17:53:16+00:00","og_image":[{"width":960,"height":640,"url":"https:\/\/buletin.de\/bucuresti\/wp-content\/uploads\/120750110_1668126723348992_5191474979804921575_n.jpg","type":"image\/jpeg"}],"author":"Teodora Stroe","twitter_card":"summary_large_image","twitter_misc":{"Written by":"Teodora Stroe","Estimated reading time":"2 minutes"},"schema":{"@context":"https:\/\/schema.org","@graph":[{"@type":"Article","@id":"https:\/\/buletin.de\/bucuresti\/3-04-este-rata-incidentei-in-capitala-grupul-de-comunicare-strategica-si-a-dat-din-nou-cu-aritmetica-in-cap\/#article","isPartOf":{"@id":"https:\/\/buletin.de\/bucuresti\/3-04-este-rata-incidentei-in-capitala-grupul-de-comunicare-strategica-si-a-dat-din-nou-cu-aritmetica-in-cap\/"},"author":{"name":"Teodora Stroe","@id":"https:\/\/buletin.de\/bucuresti\/#\/schema\/person\/d369d7ddc775abece205795e0b804614"},"headline":"3.04 este rata inciden\u021bei \u00een Capital\u0103! Grupul de Comunicare Strategic\u0103 \u0219i-a dat, din nou, cu aritmetica \u00een cap","datePublished":"2020-10-15T17:53:15+00:00","dateModified":"2020-10-15T17:53:16+00:00","mainEntityOfPage":{"@id":"https:\/\/buletin.de\/bucuresti\/3-04-este-rata-incidentei-in-capitala-grupul-de-comunicare-strategica-si-a-dat-din-nou-cu-aritmetica-in-cap\/"},"wordCount":404,"publisher":{"@id":"https:\/\/buletin.de\/bucuresti\/#organization"},"image":{"@id":"https:\/\/buletin.de\/bucuresti\/3-04-este-rata-incidentei-in-capitala-grupul-de-comunicare-strategica-si-a-dat-din-nou-cu-aritmetica-in-cap\/#primaryimage"},"thumbnailUrl":"https:\/\/buletin.de\/bucuresti\/wp-content\/uploads\/120750110_1668126723348992_5191474979804921575_n.jpg","articleSection":["Diverse"],"inLanguage":"en-GB","copyrightYear":"2020","copyrightHolder":{"@id":"https:\/\/buletin.de\/bucuresti\/#organization"}},{"@type":"WebPage","@id":"https:\/\/buletin.de\/bucuresti\/3-04-este-rata-incidentei-in-capitala-grupul-de-comunicare-strategica-si-a-dat-din-nou-cu-aritmetica-in-cap\/","url":"https:\/\/buletin.de\/bucuresti\/3-04-este-rata-incidentei-in-capitala-grupul-de-comunicare-strategica-si-a-dat-din-nou-cu-aritmetica-in-cap\/","name":"3.04 este rata inciden\u021bei \u00een Capital\u0103! Grupul de Comunicare Strategic\u0103 \u0219i-a dat, din nou, cu aritmetica \u00een cap - Buletin de Bucure\u0219ti","isPartOf":{"@id":"https:\/\/buletin.de\/bucuresti\/#website"},"primaryImageOfPage":{"@id":"https:\/\/buletin.de\/bucuresti\/3-04-este-rata-incidentei-in-capitala-grupul-de-comunicare-strategica-si-a-dat-din-nou-cu-aritmetica-in-cap\/#primaryimage"},"image":{"@id":"https:\/\/buletin.de\/bucuresti\/3-04-este-rata-incidentei-in-capitala-grupul-de-comunicare-strategica-si-a-dat-din-nou-cu-aritmetica-in-cap\/#primaryimage"},"thumbnailUrl":"https:\/\/buletin.de\/bucuresti\/wp-content\/uploads\/120750110_1668126723348992_5191474979804921575_n.jpg","datePublished":"2020-10-15T17:53:15+00:00","dateModified":"2020-10-15T17:53:16+00:00","breadcrumb":{"@id":"https:\/\/buletin.de\/bucuresti\/3-04-este-rata-incidentei-in-capitala-grupul-de-comunicare-strategica-si-a-dat-din-nou-cu-aritmetica-in-cap\/#breadcrumb"},"inLanguage":"en-GB","potentialAction":[{"@type":"ReadAction","target":["https:\/\/buletin.de\/bucuresti\/3-04-este-rata-incidentei-in-capitala-grupul-de-comunicare-strategica-si-a-dat-din-nou-cu-aritmetica-in-cap\/"]}]},{"@type":"ImageObject","inLanguage":"en-GB","@id":"https:\/\/buletin.de\/bucuresti\/3-04-este-rata-incidentei-in-capitala-grupul-de-comunicare-strategica-si-a-dat-din-nou-cu-aritmetica-in-cap\/#primaryimage","url":"https:\/\/buletin.de\/bucuresti\/wp-content\/uploads\/120750110_1668126723348992_5191474979804921575_n.jpg","contentUrl":"https:\/\/buletin.de\/bucuresti\/wp-content\/uploads\/120750110_1668126723348992_5191474979804921575_n.jpg","width":960,"height":640},{"@type":"BreadcrumbList","@id":"https:\/\/buletin.de\/bucuresti\/3-04-este-rata-incidentei-in-capitala-grupul-de-comunicare-strategica-si-a-dat-din-nou-cu-aritmetica-in-cap\/#breadcrumb","itemListElement":[{"@type":"ListItem","position":1,"name":"Acas\u0103","item":"https:\/\/buletin.de\/bucuresti\/"},{"@type":"ListItem","position":2,"name":"3.04 este rata inciden\u021bei \u00een Capital\u0103! Grupul de Comunicare Strategic\u0103 \u0219i-a dat, din nou, cu aritmetica \u00een cap"}]},{"@type":"WebSite","@id":"https:\/\/buletin.de\/bucuresti\/#website","url":"https:\/\/buletin.de\/bucuresti\/","name":"Buletin de Bucure\u0219ti","description":"\u0218tiri \u0219i investiga\u021bii esen\u021biale din capital\u0103","publisher":{"@id":"https:\/\/buletin.de\/bucuresti\/#organization"},"potentialAction":[{"@type":"SearchAction","target":{"@type":"EntryPoint","urlTemplate":"https:\/\/buletin.de\/bucuresti\/?s={search_term_string}"},"query-input":{"@type":"PropertyValueSpecification","valueRequired":true,"valueName":"search_term_string"}}],"inLanguage":"en-GB"},{"@type":"Organization","@id":"https:\/\/buletin.de\/bucuresti\/#organization","name":"Buletin de Bucure\u0219ti","url":"https:\/\/buletin.de\/bucuresti\/","logo":{"@type":"ImageObject","inLanguage":"en-GB","@id":"https:\/\/buletin.de\/bucuresti\/#\/schema\/logo\/image\/","url":"https:\/\/buletin.de\/bucuresti\/wp-content\/uploads\/logo-bdb-full-wide-vernil-transparent.png","contentUrl":"https:\/\/buletin.de\/bucuresti\/wp-content\/uploads\/logo-bdb-full-wide-vernil-transparent.png","width":1782,"height":626,"caption":"Buletin de Bucure\u0219ti"},"image":{"@id":"https:\/\/buletin.de\/bucuresti\/#\/schema\/logo\/image\/"},"sameAs":["https:\/\/www.facebook.com\/buletin.de.buc","https:\/\/www.instagram.com\/buletinde.bucuresti\/"]},{"@type":"Person","@id":"https:\/\/buletin.de\/bucuresti\/#\/schema\/person\/d369d7ddc775abece205795e0b804614","name":"Teodora Stroe","image":{"@type":"ImageObject","inLanguage":"en-GB","@id":"https:\/\/secure.gravatar.com\/avatar\/2560b4cd9f5f1bc100b123158e657d75584bd1c3e1d9c69285720b9457c1b78d?s=96&d=monsterid&r=gc104800242ba5f2d78dd5d7dc4df08b6","url":"https:\/\/secure.gravatar.com\/avatar\/2560b4cd9f5f1bc100b123158e657d75584bd1c3e1d9c69285720b9457c1b78d?s=96&d=monsterid&r=g","contentUrl":"https:\/\/secure.gravatar.com\/avatar\/2560b4cd9f5f1bc100b123158e657d75584bd1c3e1d9c69285720b9457c1b78d?s=96&d=monsterid&r=g","caption":"Teodora Stroe"},"url":"https:\/\/buletin.de\/bucuresti\/author\/simonacarlugea\/"}]}},"authors":[{"term_id":22579,"user_id":18,"is_guest":0,"slug":"simonacarlugea","display_name":"Teodora Stroe","avatar_url":"https:\/\/secure.gravatar.com\/avatar\/2560b4cd9f5f1bc100b123158e657d75584bd1c3e1d9c69285720b9457c1b78d?s=96&d=monsterid&r=g","0":null,"1":"","2":"","3":"","4":"","5":"","6":"","7":"","8":""}],"_links":{"self":[{"href":"https:\/\/buletin.de\/bucuresti\/wp-json\/wp\/v2\/posts\/13896","targetHints":{"allow":["GET"]}}],"collection":[{"href":"https:\/\/buletin.de\/bucuresti\/wp-json\/wp\/v2\/posts"}],"about":[{"href":"https:\/\/buletin.de\/bucuresti\/wp-json\/wp\/v2\/types\/post"}],"author":[{"embeddable":true,"href":"https:\/\/buletin.de\/bucuresti\/wp-json\/wp\/v2\/users\/18"}],"replies":[{"embeddable":true,"href":"https:\/\/buletin.de\/bucuresti\/wp-json\/wp\/v2\/comments?post=13896"}],"version-history":[{"count":4,"href":"https:\/\/buletin.de\/bucuresti\/wp-json\/wp\/v2\/posts\/13896\/revisions"}],"predecessor-version":[{"id":13901,"href":"https:\/\/buletin.de\/bucuresti\/wp-json\/wp\/v2\/posts\/13896\/revisions\/13901"}],"wp:featuredmedia":[{"embeddable":true,"href":"https:\/\/buletin.de\/bucuresti\/wp-json\/wp\/v2\/media\/13886"}],"wp:attachment":[{"href":"https:\/\/buletin.de\/bucuresti\/wp-json\/wp\/v2\/media?parent=13896"}],"wp:term":[{"taxonomy":"category","embeddable":true,"href":"https:\/\/buletin.de\/bucuresti\/wp-json\/wp\/v2\/categories?post=13896"},{"taxonomy":"post_tag","embeddable":true,"href":"https:\/\/buletin.de\/bucuresti\/wp-json\/wp\/v2\/tags?post=13896"},{"taxonomy":"author","embeddable":true,"href":"https:\/\/buletin.de\/bucuresti\/wp-json\/wp\/v2\/ppma_author?post=13896"}],"curies":[{"name":"wp","href":"https:\/\/api.w.org\/{rel}","templated":true}]}}