{"id":138676,"date":"2025-07-12T08:51:50","date_gmt":"2025-07-12T05:51:50","guid":{"rendered":"https:\/\/buletin.de\/bucuresti\/?p=138676"},"modified":"2025-07-12T12:05:13","modified_gmt":"2025-07-12T09:05:13","slug":"deraiere-la-mogosoaia-a-unui-marfar-circulatia-trenurilor-spre-aeroport-a-fost-oprita-3-ore-club-feroviar","status":"publish","type":"post","link":"https:\/\/buletin.de\/bucuresti\/deraiere-la-mogosoaia-a-unui-marfar-circulatia-trenurilor-spre-aeroport-a-fost-oprita-3-ore-club-feroviar\/","title":{"rendered":"Deraiere la Mogo\u0219oaia a unui marfar. Circula\u021bia trenurilor spre aeroport a fost oprit\u0103 3 ore | Club feroviar"},"content":{"rendered":"\n<p><strong>O deraiere la Mogo\u0219oaia a unui marfar al Grup Feroviar Rom\u00e2n s-a produs \u00een noaptea de vineri spre s\u00e2mb\u0103t\u0103. Circula\u021bia trenurilor pe ruta Gara de Nord-Aeroport Henri Coand\u0103 a fost oprit\u0103 mai bine de trei ore, scrie <a href=\"https:\/\/clubferoviar.ro\/deraiere-la-mogosoaia-aeroport\/\" target=\"_blank\" rel=\"noreferrer noopener\">Club feroviar<\/a> <\/strong><\/p>\n\n\n\n<p>Compania Na\u021bional\u0103 de C\u0103i Ferate\u00a0<a href=\"https:\/\/catalogferoviar.ro\/catalog\/9205\/compania-nationala-de-cai-ferate-cfr-sa\/\" target=\"_blank\" rel=\"noreferrer noopener\">CFR SA<\/a>\u00a0a anun\u021bat c\u0103, pe 11 iulie, \u00een jurul orei 22:52, \u00een sta\u021bia CF Mogo\u0219oaia, la manevra de regarare de la linia 5 la linia 3, a unui convoi de vagoane goale (apar\u021bin\u00e2nd operatorului privat de marf\u0103 GFR), a deraiat primul vagon din convoi.<\/p>\n\n\n\n<p><strong>CITE\u0218TE \u0218I: <a href=\"https:\/\/buletin.de\/bucuresti\/am-putea-vedea-ursi-in-padurea-baneasa\/\" target=\"_blank\" rel=\"noreferrer noopener\">Am putea vedea ur\u0219i \u00een P\u0103durea B\u0103neasa? Ce spune Asocia\u021bia Parcul Natural Bucure\u0219ti<\/a><\/strong><\/p>\n\n\n\n<h2 class=\"wp-block-heading\" id=\"h-deraiere-la-mogo\u0219oaia-a-blocat-trenul-spre-aeroport\">Deraiere la Mogo\u0219oaia a blocat trenul spre aeroport<\/h2>\n\n\n\n<p><strong>\u00cen consecin\u021b\u0103, a fost blocat\u0103 circula\u021bia trenurilor care intrau\/ie\u0219eau din Pajura, Colentina, Buftea, inclusiv trenurile de la \u0219i spre Aeroport Henri Coand\u0103.<\/strong><\/p>\n\n\n\n<p>Personalul de specialitate al SRCF Bucure\u0219ti, prezent la fa\u021ba locului, a luat toate m\u0103surile care se impun \u00een astfel de situa\u021bii, pentru interven\u021bia cu utilaje necesare repunerii pe \u0219in\u0103 a vagonului deraiat \u0219i eliberarea gabaritului, \u00een vederea relu\u0103rii traficului feroviar pe raza sta\u021biei CF Mogo\u0219oaia.<\/p>\n\n\n\n<p>Ulterior, administratorul infrastructurii feroviare din Rom\u00e2nia a anun\u021bat c\u0103, \u00eencep\u00e2nd cu ora 00:20, traficul feroviar a fost reluat condi\u021bii de siguran\u021b\u0103 \u00een sta\u021bia CF Mogo\u0219oaia.<\/p>\n\n\n\n<p><strong>Continuarea \u00een <a href=\"https:\/\/clubferoviar.ro\/deraiere-la-mogosoaia-aeroport\/\" target=\"_blank\" rel=\"noreferrer noopener\">Club feroviar<\/a>.<\/strong><\/p>\n\n\n\n<p><strong>CITE\u0218TE \u0218I: <a href=\"https:\/\/buletin.de\/bucuresti\/cod-galben-de-canicula-duminica-in-capitala\/\" target=\"_blank\" rel=\"noreferrer noopener\">METEO | Cod galben de canicul\u0103 duminic\u0103, \u00een Capital\u0103. Vremea va fi cald\u0103 \u0219i s\u0103pt\u0103m\u00e2na viitoare, cu maxime termice de p\u00e2n\u0103 la 36 de grade<\/a><\/strong><\/p>\n","protected":false},"excerpt":{"rendered":"<p>O deraiere la Mogo\u0219oaia a unui marfar al Grup Feroviar Rom\u00e2n s-a produs \u00een noaptea de vineri spre s\u00e2mb\u0103t\u0103. Circula\u021bia trenurilor pe ruta Gara de Nord-Aeroport Henri Coand\u0103 a fost oprit\u0103 mai bine de trei ore, scrie Club feroviar Compania Na\u021bional\u0103 de C\u0103i Ferate\u00a0CFR SA\u00a0a anun\u021bat c\u0103, pe 11 iulie, \u00een jurul orei 22:52, \u00een [&hellip;]<\/p>\n","protected":false},"author":1,"featured_media":138681,"comment_status":"closed","ping_status":"open","sticky":false,"template":"","format":"standard","meta":{"_acf_changed":false,"inline_featured_image":false,"ngg_post_thumbnail":0,"footnotes":""},"categories":[6994,62,650],"tags":[5293,22754,1888],"ppma_author":[22583],"class_list":["post-138676","post","type-post","status-publish","format-standard","has-post-thumbnail","hentry","category-stiri-2","category-stiri","category-transport","tag-deraiere","tag-marfar","tag-mogosoaia"],"acf":[],"yoast_head":"<!-- This site is optimized with the Yoast SEO Premium plugin v25.3 (Yoast SEO v27.4) - https:\/\/yoast.com\/product\/yoast-seo-premium-wordpress\/ -->\n<title>Deraiere la Mogo\u0219oaia a unui marfar. Circula\u021bia trenurilor spre aeroport a fost oprit\u0103 3 ore | Club feroviar - Buletin de Bucure\u0219ti<\/title>\n<meta name=\"description\" content=\"O deraiere la Mogo\u0219oaia a unui marfar al Grup Feroviar Rom\u00e2n s-a produs \u00een noaptea de vineri spre s\u00e2mb\u0103t\u0103.\" \/>\n<meta name=\"robots\" content=\"index, follow, max-snippet:-1, max-image-preview:large, max-video-preview:-1\" \/>\n<link rel=\"canonical\" href=\"https:\/\/buletin.de\/bucuresti\/deraiere-la-mogosoaia-a-unui-marfar-circulatia-trenurilor-spre-aeroport-a-fost-oprita-3-ore-club-feroviar\/\" \/>\n<meta property=\"og:locale\" content=\"en_GB\" \/>\n<meta property=\"og:type\" content=\"article\" \/>\n<meta property=\"og:title\" content=\"Deraiere la Mogo\u0219oaia a unui marfar. Circula\u021bia trenurilor spre aeroport a fost oprit\u0103 3 ore | Club feroviar\" \/>\n<meta property=\"og:description\" content=\"O deraiere la Mogo\u0219oaia a unui marfar al Grup Feroviar Rom\u00e2n s-a produs \u00een noaptea de vineri spre s\u00e2mb\u0103t\u0103.\" \/>\n<meta property=\"og:url\" content=\"https:\/\/buletin.de\/bucuresti\/deraiere-la-mogosoaia-a-unui-marfar-circulatia-trenurilor-spre-aeroport-a-fost-oprita-3-ore-club-feroviar\/\" \/>\n<meta property=\"og:site_name\" content=\"Buletin de Bucure\u0219ti\" \/>\n<meta property=\"article:publisher\" content=\"https:\/\/www.facebook.com\/buletin.de.buc\" \/>\n<meta property=\"article:published_time\" content=\"2025-07-12T05:51:50+00:00\" \/>\n<meta property=\"article:modified_time\" content=\"2025-07-12T09:05:13+00:00\" \/>\n<meta property=\"og:image\" content=\"https:\/\/buletin.de\/bucuresti\/wp-content\/uploads\/2025\/07\/Gara-Mogosoaia-scaled-1536x954-1.jpg\" \/>\n\t<meta property=\"og:image:width\" content=\"1536\" \/>\n\t<meta property=\"og:image:height\" content=\"954\" \/>\n\t<meta property=\"og:image:type\" content=\"image\/jpeg\" \/>\n<meta name=\"author\" content=\"Redac\u021bia Buletin de Bucure\u0219ti\" \/>\n<meta name=\"twitter:card\" content=\"summary_large_image\" \/>\n<meta name=\"twitter:label1\" content=\"Written by\" \/>\n\t<meta name=\"twitter:data1\" content=\"Redac\u021bia Buletin de Bucure\u0219ti\" \/>\n\t<meta name=\"twitter:label2\" content=\"Estimated reading time\" \/>\n\t<meta name=\"twitter:data2\" content=\"2 minutes\" \/>\n<script type=\"application\/ld+json\" class=\"yoast-schema-graph\">{\"@context\":\"https:\\\/\\\/schema.org\",\"@graph\":[{\"@type\":\"Article\",\"@id\":\"https:\\\/\\\/buletin.de\\\/bucuresti\\\/deraiere-la-mogosoaia-a-unui-marfar-circulatia-trenurilor-spre-aeroport-a-fost-oprita-3-ore-club-feroviar\\\/#article\",\"isPartOf\":{\"@id\":\"https:\\\/\\\/buletin.de\\\/bucuresti\\\/deraiere-la-mogosoaia-a-unui-marfar-circulatia-trenurilor-spre-aeroport-a-fost-oprita-3-ore-club-feroviar\\\/\"},\"author\":{\"name\":\"Redac\u021bia Buletin de Bucure\u0219ti\",\"@id\":\"https:\\\/\\\/buletin.de\\\/bucuresti\\\/#\\\/schema\\\/person\\\/2bbcf854e5f2419a13804af574d06ab1\"},\"headline\":\"Deraiere la Mogo\u0219oaia a unui marfar. Circula\u021bia trenurilor spre aeroport a fost oprit\u0103 3 ore | Club feroviar\",\"datePublished\":\"2025-07-12T05:51:50+00:00\",\"dateModified\":\"2025-07-12T09:05:13+00:00\",\"mainEntityOfPage\":{\"@id\":\"https:\\\/\\\/buletin.de\\\/bucuresti\\\/deraiere-la-mogosoaia-a-unui-marfar-circulatia-trenurilor-spre-aeroport-a-fost-oprita-3-ore-club-feroviar\\\/\"},\"wordCount\":287,\"publisher\":{\"@id\":\"https:\\\/\\\/buletin.de\\\/bucuresti\\\/#organization\"},\"image\":{\"@id\":\"https:\\\/\\\/buletin.de\\\/bucuresti\\\/deraiere-la-mogosoaia-a-unui-marfar-circulatia-trenurilor-spre-aeroport-a-fost-oprita-3-ore-club-feroviar\\\/#primaryimage\"},\"thumbnailUrl\":\"https:\\\/\\\/buletin.de\\\/bucuresti\\\/wp-content\\\/uploads\\\/2025\\\/07\\\/Gara-Mogosoaia-scaled-1536x954-1.jpg\",\"keywords\":[\"deraiere\",\"marfar\",\"Mogo\u0219oaia\"],\"articleSection\":[\"Articole\",\"\u0218tiri\",\"Transport\"],\"inLanguage\":\"en-GB\",\"copyrightYear\":\"2025\",\"copyrightHolder\":{\"@id\":\"https:\\\/\\\/buletin.de\\\/bucuresti\\\/#organization\"}},{\"@type\":\"WebPage\",\"@id\":\"https:\\\/\\\/buletin.de\\\/bucuresti\\\/deraiere-la-mogosoaia-a-unui-marfar-circulatia-trenurilor-spre-aeroport-a-fost-oprita-3-ore-club-feroviar\\\/\",\"url\":\"https:\\\/\\\/buletin.de\\\/bucuresti\\\/deraiere-la-mogosoaia-a-unui-marfar-circulatia-trenurilor-spre-aeroport-a-fost-oprita-3-ore-club-feroviar\\\/\",\"name\":\"Deraiere la Mogo\u0219oaia a unui marfar. Circula\u021bia trenurilor spre aeroport a fost oprit\u0103 3 ore | Club feroviar - Buletin de Bucure\u0219ti\",\"isPartOf\":{\"@id\":\"https:\\\/\\\/buletin.de\\\/bucuresti\\\/#website\"},\"primaryImageOfPage\":{\"@id\":\"https:\\\/\\\/buletin.de\\\/bucuresti\\\/deraiere-la-mogosoaia-a-unui-marfar-circulatia-trenurilor-spre-aeroport-a-fost-oprita-3-ore-club-feroviar\\\/#primaryimage\"},\"image\":{\"@id\":\"https:\\\/\\\/buletin.de\\\/bucuresti\\\/deraiere-la-mogosoaia-a-unui-marfar-circulatia-trenurilor-spre-aeroport-a-fost-oprita-3-ore-club-feroviar\\\/#primaryimage\"},\"thumbnailUrl\":\"https:\\\/\\\/buletin.de\\\/bucuresti\\\/wp-content\\\/uploads\\\/2025\\\/07\\\/Gara-Mogosoaia-scaled-1536x954-1.jpg\",\"datePublished\":\"2025-07-12T05:51:50+00:00\",\"dateModified\":\"2025-07-12T09:05:13+00:00\",\"description\":\"O deraiere la Mogo\u0219oaia a unui marfar al Grup Feroviar Rom\u00e2n s-a produs \u00een noaptea de vineri spre s\u00e2mb\u0103t\u0103.\",\"breadcrumb\":{\"@id\":\"https:\\\/\\\/buletin.de\\\/bucuresti\\\/deraiere-la-mogosoaia-a-unui-marfar-circulatia-trenurilor-spre-aeroport-a-fost-oprita-3-ore-club-feroviar\\\/#breadcrumb\"},\"inLanguage\":\"en-GB\",\"potentialAction\":[{\"@type\":\"ReadAction\",\"target\":[\"https:\\\/\\\/buletin.de\\\/bucuresti\\\/deraiere-la-mogosoaia-a-unui-marfar-circulatia-trenurilor-spre-aeroport-a-fost-oprita-3-ore-club-feroviar\\\/\"]}]},{\"@type\":\"ImageObject\",\"inLanguage\":\"en-GB\",\"@id\":\"https:\\\/\\\/buletin.de\\\/bucuresti\\\/deraiere-la-mogosoaia-a-unui-marfar-circulatia-trenurilor-spre-aeroport-a-fost-oprita-3-ore-club-feroviar\\\/#primaryimage\",\"url\":\"https:\\\/\\\/buletin.de\\\/bucuresti\\\/wp-content\\\/uploads\\\/2025\\\/07\\\/Gara-Mogosoaia-scaled-1536x954-1.jpg\",\"contentUrl\":\"https:\\\/\\\/buletin.de\\\/bucuresti\\\/wp-content\\\/uploads\\\/2025\\\/07\\\/Gara-Mogosoaia-scaled-1536x954-1.jpg\",\"width\":1536,\"height\":954},{\"@type\":\"BreadcrumbList\",\"@id\":\"https:\\\/\\\/buletin.de\\\/bucuresti\\\/deraiere-la-mogosoaia-a-unui-marfar-circulatia-trenurilor-spre-aeroport-a-fost-oprita-3-ore-club-feroviar\\\/#breadcrumb\",\"itemListElement\":[{\"@type\":\"ListItem\",\"position\":1,\"name\":\"Acas\u0103\",\"item\":\"https:\\\/\\\/buletin.de\\\/bucuresti\\\/\"},{\"@type\":\"ListItem\",\"position\":2,\"name\":\"Deraiere la Mogo\u0219oaia a unui marfar. Circula\u021bia trenurilor spre aeroport a fost oprit\u0103 3 ore | Club feroviar\"}]},{\"@type\":\"WebSite\",\"@id\":\"https:\\\/\\\/buletin.de\\\/bucuresti\\\/#website\",\"url\":\"https:\\\/\\\/buletin.de\\\/bucuresti\\\/\",\"name\":\"Buletin de Bucure\u0219ti\",\"description\":\"\u0218tiri \u0219i investiga\u021bii esen\u021biale din capital\u0103\",\"publisher\":{\"@id\":\"https:\\\/\\\/buletin.de\\\/bucuresti\\\/#organization\"},\"potentialAction\":[{\"@type\":\"SearchAction\",\"target\":{\"@type\":\"EntryPoint\",\"urlTemplate\":\"https:\\\/\\\/buletin.de\\\/bucuresti\\\/?s={search_term_string}\"},\"query-input\":{\"@type\":\"PropertyValueSpecification\",\"valueRequired\":true,\"valueName\":\"search_term_string\"}}],\"inLanguage\":\"en-GB\"},{\"@type\":\"Organization\",\"@id\":\"https:\\\/\\\/buletin.de\\\/bucuresti\\\/#organization\",\"name\":\"Buletin de Bucure\u0219ti\",\"url\":\"https:\\\/\\\/buletin.de\\\/bucuresti\\\/\",\"logo\":{\"@type\":\"ImageObject\",\"inLanguage\":\"en-GB\",\"@id\":\"https:\\\/\\\/buletin.de\\\/bucuresti\\\/#\\\/schema\\\/logo\\\/image\\\/\",\"url\":\"https:\\\/\\\/buletin.de\\\/bucuresti\\\/wp-content\\\/uploads\\\/logo-bdb-full-wide-vernil-transparent.png\",\"contentUrl\":\"https:\\\/\\\/buletin.de\\\/bucuresti\\\/wp-content\\\/uploads\\\/logo-bdb-full-wide-vernil-transparent.png\",\"width\":1782,\"height\":626,\"caption\":\"Buletin de Bucure\u0219ti\"},\"image\":{\"@id\":\"https:\\\/\\\/buletin.de\\\/bucuresti\\\/#\\\/schema\\\/logo\\\/image\\\/\"},\"sameAs\":[\"https:\\\/\\\/www.facebook.com\\\/buletin.de.buc\",\"https:\\\/\\\/www.instagram.com\\\/buletinde.bucuresti\\\/\"]},{\"@type\":\"Person\",\"@id\":\"https:\\\/\\\/buletin.de\\\/bucuresti\\\/#\\\/schema\\\/person\\\/2bbcf854e5f2419a13804af574d06ab1\",\"name\":\"Redac\u021bia Buletin de Bucure\u0219ti\",\"image\":{\"@type\":\"ImageObject\",\"inLanguage\":\"en-GB\",\"@id\":\"https:\\\/\\\/secure.gravatar.com\\\/avatar\\\/18c5342381ed1a08620e6280424e3e5efc958618f5d67c522c9e44c1bc6f9226?s=96&d=monsterid&r=g60c7cd0ad92c68c049fcd4bb3504d609\",\"url\":\"https:\\\/\\\/secure.gravatar.com\\\/avatar\\\/18c5342381ed1a08620e6280424e3e5efc958618f5d67c522c9e44c1bc6f9226?s=96&d=monsterid&r=g\",\"contentUrl\":\"https:\\\/\\\/secure.gravatar.com\\\/avatar\\\/18c5342381ed1a08620e6280424e3e5efc958618f5d67c522c9e44c1bc6f9226?s=96&d=monsterid&r=g\",\"caption\":\"Redac\u021bia Buletin de Bucure\u0219ti\"},\"description\":\"Buletin de Bucure\u0219ti exist\u0103 din vara anului 2019.\",\"url\":\"https:\\\/\\\/buletin.de\\\/bucuresti\\\/author\\\/adminbuletin\\\/\"}]}<\/script>\n<!-- \/ Yoast SEO Premium plugin. -->","yoast_head_json":{"title":"Deraiere la Mogo\u0219oaia a unui marfar. Circula\u021bia trenurilor spre aeroport a fost oprit\u0103 3 ore | Club feroviar - Buletin de Bucure\u0219ti","description":"O deraiere la Mogo\u0219oaia a unui marfar al Grup Feroviar Rom\u00e2n s-a produs \u00een noaptea de vineri spre s\u00e2mb\u0103t\u0103.","robots":{"index":"index","follow":"follow","max-snippet":"max-snippet:-1","max-image-preview":"max-image-preview:large","max-video-preview":"max-video-preview:-1"},"canonical":"https:\/\/buletin.de\/bucuresti\/deraiere-la-mogosoaia-a-unui-marfar-circulatia-trenurilor-spre-aeroport-a-fost-oprita-3-ore-club-feroviar\/","og_locale":"en_GB","og_type":"article","og_title":"Deraiere la Mogo\u0219oaia a unui marfar. Circula\u021bia trenurilor spre aeroport a fost oprit\u0103 3 ore | Club feroviar","og_description":"O deraiere la Mogo\u0219oaia a unui marfar al Grup Feroviar Rom\u00e2n s-a produs \u00een noaptea de vineri spre s\u00e2mb\u0103t\u0103.","og_url":"https:\/\/buletin.de\/bucuresti\/deraiere-la-mogosoaia-a-unui-marfar-circulatia-trenurilor-spre-aeroport-a-fost-oprita-3-ore-club-feroviar\/","og_site_name":"Buletin de Bucure\u0219ti","article_publisher":"https:\/\/www.facebook.com\/buletin.de.buc","article_published_time":"2025-07-12T05:51:50+00:00","article_modified_time":"2025-07-12T09:05:13+00:00","og_image":[{"width":1536,"height":954,"url":"https:\/\/buletin.de\/bucuresti\/wp-content\/uploads\/2025\/07\/Gara-Mogosoaia-scaled-1536x954-1.jpg","type":"image\/jpeg"}],"author":"Redac\u021bia Buletin de Bucure\u0219ti","twitter_card":"summary_large_image","twitter_misc":{"Written by":"Redac\u021bia Buletin de Bucure\u0219ti","Estimated reading time":"2 minutes"},"schema":{"@context":"https:\/\/schema.org","@graph":[{"@type":"Article","@id":"https:\/\/buletin.de\/bucuresti\/deraiere-la-mogosoaia-a-unui-marfar-circulatia-trenurilor-spre-aeroport-a-fost-oprita-3-ore-club-feroviar\/#article","isPartOf":{"@id":"https:\/\/buletin.de\/bucuresti\/deraiere-la-mogosoaia-a-unui-marfar-circulatia-trenurilor-spre-aeroport-a-fost-oprita-3-ore-club-feroviar\/"},"author":{"name":"Redac\u021bia Buletin de Bucure\u0219ti","@id":"https:\/\/buletin.de\/bucuresti\/#\/schema\/person\/2bbcf854e5f2419a13804af574d06ab1"},"headline":"Deraiere la Mogo\u0219oaia a unui marfar. Circula\u021bia trenurilor spre aeroport a fost oprit\u0103 3 ore | Club feroviar","datePublished":"2025-07-12T05:51:50+00:00","dateModified":"2025-07-12T09:05:13+00:00","mainEntityOfPage":{"@id":"https:\/\/buletin.de\/bucuresti\/deraiere-la-mogosoaia-a-unui-marfar-circulatia-trenurilor-spre-aeroport-a-fost-oprita-3-ore-club-feroviar\/"},"wordCount":287,"publisher":{"@id":"https:\/\/buletin.de\/bucuresti\/#organization"},"image":{"@id":"https:\/\/buletin.de\/bucuresti\/deraiere-la-mogosoaia-a-unui-marfar-circulatia-trenurilor-spre-aeroport-a-fost-oprita-3-ore-club-feroviar\/#primaryimage"},"thumbnailUrl":"https:\/\/buletin.de\/bucuresti\/wp-content\/uploads\/2025\/07\/Gara-Mogosoaia-scaled-1536x954-1.jpg","keywords":["deraiere","marfar","Mogo\u0219oaia"],"articleSection":["Articole","\u0218tiri","Transport"],"inLanguage":"en-GB","copyrightYear":"2025","copyrightHolder":{"@id":"https:\/\/buletin.de\/bucuresti\/#organization"}},{"@type":"WebPage","@id":"https:\/\/buletin.de\/bucuresti\/deraiere-la-mogosoaia-a-unui-marfar-circulatia-trenurilor-spre-aeroport-a-fost-oprita-3-ore-club-feroviar\/","url":"https:\/\/buletin.de\/bucuresti\/deraiere-la-mogosoaia-a-unui-marfar-circulatia-trenurilor-spre-aeroport-a-fost-oprita-3-ore-club-feroviar\/","name":"Deraiere la Mogo\u0219oaia a unui marfar. Circula\u021bia trenurilor spre aeroport a fost oprit\u0103 3 ore | Club feroviar - Buletin de Bucure\u0219ti","isPartOf":{"@id":"https:\/\/buletin.de\/bucuresti\/#website"},"primaryImageOfPage":{"@id":"https:\/\/buletin.de\/bucuresti\/deraiere-la-mogosoaia-a-unui-marfar-circulatia-trenurilor-spre-aeroport-a-fost-oprita-3-ore-club-feroviar\/#primaryimage"},"image":{"@id":"https:\/\/buletin.de\/bucuresti\/deraiere-la-mogosoaia-a-unui-marfar-circulatia-trenurilor-spre-aeroport-a-fost-oprita-3-ore-club-feroviar\/#primaryimage"},"thumbnailUrl":"https:\/\/buletin.de\/bucuresti\/wp-content\/uploads\/2025\/07\/Gara-Mogosoaia-scaled-1536x954-1.jpg","datePublished":"2025-07-12T05:51:50+00:00","dateModified":"2025-07-12T09:05:13+00:00","description":"O deraiere la Mogo\u0219oaia a unui marfar al Grup Feroviar Rom\u00e2n s-a produs \u00een noaptea de vineri spre s\u00e2mb\u0103t\u0103.","breadcrumb":{"@id":"https:\/\/buletin.de\/bucuresti\/deraiere-la-mogosoaia-a-unui-marfar-circulatia-trenurilor-spre-aeroport-a-fost-oprita-3-ore-club-feroviar\/#breadcrumb"},"inLanguage":"en-GB","potentialAction":[{"@type":"ReadAction","target":["https:\/\/buletin.de\/bucuresti\/deraiere-la-mogosoaia-a-unui-marfar-circulatia-trenurilor-spre-aeroport-a-fost-oprita-3-ore-club-feroviar\/"]}]},{"@type":"ImageObject","inLanguage":"en-GB","@id":"https:\/\/buletin.de\/bucuresti\/deraiere-la-mogosoaia-a-unui-marfar-circulatia-trenurilor-spre-aeroport-a-fost-oprita-3-ore-club-feroviar\/#primaryimage","url":"https:\/\/buletin.de\/bucuresti\/wp-content\/uploads\/2025\/07\/Gara-Mogosoaia-scaled-1536x954-1.jpg","contentUrl":"https:\/\/buletin.de\/bucuresti\/wp-content\/uploads\/2025\/07\/Gara-Mogosoaia-scaled-1536x954-1.jpg","width":1536,"height":954},{"@type":"BreadcrumbList","@id":"https:\/\/buletin.de\/bucuresti\/deraiere-la-mogosoaia-a-unui-marfar-circulatia-trenurilor-spre-aeroport-a-fost-oprita-3-ore-club-feroviar\/#breadcrumb","itemListElement":[{"@type":"ListItem","position":1,"name":"Acas\u0103","item":"https:\/\/buletin.de\/bucuresti\/"},{"@type":"ListItem","position":2,"name":"Deraiere la Mogo\u0219oaia a unui marfar. Circula\u021bia trenurilor spre aeroport a fost oprit\u0103 3 ore | Club feroviar"}]},{"@type":"WebSite","@id":"https:\/\/buletin.de\/bucuresti\/#website","url":"https:\/\/buletin.de\/bucuresti\/","name":"Buletin de Bucure\u0219ti","description":"\u0218tiri \u0219i investiga\u021bii esen\u021biale din capital\u0103","publisher":{"@id":"https:\/\/buletin.de\/bucuresti\/#organization"},"potentialAction":[{"@type":"SearchAction","target":{"@type":"EntryPoint","urlTemplate":"https:\/\/buletin.de\/bucuresti\/?s={search_term_string}"},"query-input":{"@type":"PropertyValueSpecification","valueRequired":true,"valueName":"search_term_string"}}],"inLanguage":"en-GB"},{"@type":"Organization","@id":"https:\/\/buletin.de\/bucuresti\/#organization","name":"Buletin de Bucure\u0219ti","url":"https:\/\/buletin.de\/bucuresti\/","logo":{"@type":"ImageObject","inLanguage":"en-GB","@id":"https:\/\/buletin.de\/bucuresti\/#\/schema\/logo\/image\/","url":"https:\/\/buletin.de\/bucuresti\/wp-content\/uploads\/logo-bdb-full-wide-vernil-transparent.png","contentUrl":"https:\/\/buletin.de\/bucuresti\/wp-content\/uploads\/logo-bdb-full-wide-vernil-transparent.png","width":1782,"height":626,"caption":"Buletin de Bucure\u0219ti"},"image":{"@id":"https:\/\/buletin.de\/bucuresti\/#\/schema\/logo\/image\/"},"sameAs":["https:\/\/www.facebook.com\/buletin.de.buc","https:\/\/www.instagram.com\/buletinde.bucuresti\/"]},{"@type":"Person","@id":"https:\/\/buletin.de\/bucuresti\/#\/schema\/person\/2bbcf854e5f2419a13804af574d06ab1","name":"Redac\u021bia Buletin de Bucure\u0219ti","image":{"@type":"ImageObject","inLanguage":"en-GB","@id":"https:\/\/secure.gravatar.com\/avatar\/18c5342381ed1a08620e6280424e3e5efc958618f5d67c522c9e44c1bc6f9226?s=96&d=monsterid&r=g60c7cd0ad92c68c049fcd4bb3504d609","url":"https:\/\/secure.gravatar.com\/avatar\/18c5342381ed1a08620e6280424e3e5efc958618f5d67c522c9e44c1bc6f9226?s=96&d=monsterid&r=g","contentUrl":"https:\/\/secure.gravatar.com\/avatar\/18c5342381ed1a08620e6280424e3e5efc958618f5d67c522c9e44c1bc6f9226?s=96&d=monsterid&r=g","caption":"Redac\u021bia Buletin de Bucure\u0219ti"},"description":"Buletin de Bucure\u0219ti exist\u0103 din vara anului 2019.","url":"https:\/\/buletin.de\/bucuresti\/author\/adminbuletin\/"}]}},"authors":[{"term_id":22583,"user_id":1,"is_guest":0,"slug":"adminbuletin","display_name":"Redac\u021bia Buletin de Bucure\u0219ti","avatar_url":"https:\/\/secure.gravatar.com\/avatar\/18c5342381ed1a08620e6280424e3e5efc958618f5d67c522c9e44c1bc6f9226?s=96&d=monsterid&r=g","0":null,"1":"","2":"","3":"","4":"","5":"","6":"","7":"","8":""}],"_links":{"self":[{"href":"https:\/\/buletin.de\/bucuresti\/wp-json\/wp\/v2\/posts\/138676","targetHints":{"allow":["GET"]}}],"collection":[{"href":"https:\/\/buletin.de\/bucuresti\/wp-json\/wp\/v2\/posts"}],"about":[{"href":"https:\/\/buletin.de\/bucuresti\/wp-json\/wp\/v2\/types\/post"}],"author":[{"embeddable":true,"href":"https:\/\/buletin.de\/bucuresti\/wp-json\/wp\/v2\/users\/1"}],"replies":[{"embeddable":true,"href":"https:\/\/buletin.de\/bucuresti\/wp-json\/wp\/v2\/comments?post=138676"}],"version-history":[{"count":3,"href":"https:\/\/buletin.de\/bucuresti\/wp-json\/wp\/v2\/posts\/138676\/revisions"}],"predecessor-version":[{"id":138704,"href":"https:\/\/buletin.de\/bucuresti\/wp-json\/wp\/v2\/posts\/138676\/revisions\/138704"}],"wp:featuredmedia":[{"embeddable":true,"href":"https:\/\/buletin.de\/bucuresti\/wp-json\/wp\/v2\/media\/138681"}],"wp:attachment":[{"href":"https:\/\/buletin.de\/bucuresti\/wp-json\/wp\/v2\/media?parent=138676"}],"wp:term":[{"taxonomy":"category","embeddable":true,"href":"https:\/\/buletin.de\/bucuresti\/wp-json\/wp\/v2\/categories?post=138676"},{"taxonomy":"post_tag","embeddable":true,"href":"https:\/\/buletin.de\/bucuresti\/wp-json\/wp\/v2\/tags?post=138676"},{"taxonomy":"author","embeddable":true,"href":"https:\/\/buletin.de\/bucuresti\/wp-json\/wp\/v2\/ppma_author?post=138676"}],"curies":[{"name":"wp","href":"https:\/\/api.w.org\/{rel}","templated":true}]}}