{"id":138619,"date":"2025-07-20T16:29:36","date_gmt":"2025-07-20T13:29:36","guid":{"rendered":"https:\/\/buletin.de\/bucuresti\/?p=138619"},"modified":"2025-07-20T16:29:37","modified_gmt":"2025-07-20T13:29:37","slug":"expozitia-regala-palatul-elisabeta","status":"publish","type":"post","link":"https:\/\/buletin.de\/bucuresti\/expozitia-regala-palatul-elisabeta\/","title":{"rendered":"Expozi\u021bia Regal\u0103 \u201ePalatul Elisabeta&#8221; este deschis\u0103 p\u00e2n\u0103 \u00een septembrie"},"content":{"rendered":"\n<p class=\"wp-block-paragraph\"><strong>Expozi\u021bia Regal\u0103 \u201ePalatul Elisabeta&#8221; s-a redeschis. Bucure\u0219tenii o pot vizita p\u00e2n\u0103 \u00een septembrie.<\/strong><\/p>\n\n\n\n<p class=\"wp-block-paragraph\">Expozi\u021bia este un proiect al Asocia\u021biei Casa Majest\u0103\u021bii Sale \u0219i func\u021bioneaz\u0103 \u00eencep\u00e2nd din 11 iulie 2025 p\u00e2n\u0103 \u00een 7 septembrie 2025. \u00cen aceast\u0103 perioad\u0103, palatul poate fi vizitat \u00een fiecare zi de vineri, s\u00e2mb\u0103t\u0103 \u0219i duminic\u0103, \u00een intervalele orare 10:00-13:00 \u0219i 14:00-17:00. <\/p>\n\n\n\n<p class=\"wp-block-paragraph\">Biletele de intrare pentru copii, elevi, studen\u021bi \u0219i pensionari sunt 20 lei de persoan\u0103. Biletele pentru adul\u021bi sunt 40 de lei de persoan\u0103. <\/p>\n\n\n\n<p class=\"wp-block-paragraph\"><strong>Vizitatorii au acces\u00a0\u00een:<\/strong><\/p>\n\n\n\n<ul class=\"wp-block-list\">\n<li>Salonul Mihai I;<\/li>\n\n\n\n<li>Galeria de Art\u0103 Contemporan\u0103;<\/li>\n\n\n\n<li>Salonul Carol I \u0219i Elisabeta;<\/li>\n\n\n\n<li>Salonul Alb;<\/li>\n\n\n\n<li>Biroul Majest\u0103\u021bii Sale;<\/li>\n\n\n\n<li>Sala Regilor;<\/li>\n\n\n\n<li>Holul de Marmur\u0103;<\/li>\n\n\n\n<li>Sufrageria Mare.<\/li>\n<\/ul>\n\n\n\n<p class=\"wp-block-paragraph\">De asemenea, vizitatorii au acces pe Platforma cu Lei \u0219i \u00een Gr\u0103dina Palatului, acolo unde are loc \u00een fiecare an Garden Party \u0219i unde se afl\u0103 \u201eMemorialul Copacilor\u201d. Acesta cuprinde arbori planta\u021bi de personalit\u0103\u021bile regale \u0219i \u0219efii de Stat care au vizitat palatul, din anul 2001.<\/p>\n\n\n\n<p class=\"wp-block-paragraph\"><strong>CITE\u0218TE \u0218I:<\/strong> <a href=\"https:\/\/buletin.de\/bucuresti\/unde-poti-sa-mananci-vegetarian-sau-vegan-in-bucuresti-green-report\/\">Unde po\u021bi s\u0103 m\u0103n\u00e2nci vegetarian sau vegan \u00een Bucure\u0219ti | Green Report<\/a><\/p>\n\n\n\n<h2 class=\"wp-block-heading\" id=\"h-expozi\u021bia-regala-palatul-elisabeta-deschisa-pana-in-septembrie\">Expozi\u021bia Regal\u0103 \u201ePalatul Elisabeta&#8221;, deschis\u0103 p\u00e2n\u0103 \u00een septembrie<\/h2>\n\n\n\n<p class=\"wp-block-paragraph\">\u00cen cadrul expozi\u021biei, sunt expuse uniformele militare ale Regelui Mihai I, colec\u021bia de costume populare a Reginei Elena, decora\u021bii \u0219i ordine regale, Colec\u021bia Regal\u0103 de Art\u0103 Contemporan\u0103, portretele regilor \u0219i reginelor Rom\u00e2niei din toate genera\u021biile, precum \u0219i masa din Sufrageria Mare, preg\u0103tit\u0103 pentru dineurile oficiale.<\/p>\n\n\n\n<figure class=\"wp-block-embed is-type-video is-provider-youtube wp-block-embed-youtube wp-embed-aspect-16-9 wp-has-aspect-ratio\"><div class=\"wp-block-embed__wrapper\">\n<div class=\"jlvid_container\"><iframe title=\"Expozi\u021bia Regal\u0103 &quot;Palatul Elisabeta&quot;\" width=\"1200\" height=\"675\" src=\"https:\/\/www.youtube.com\/embed\/6dr4KGXcyqw?start=11&#038;feature=oembed\" frameborder=\"0\" allow=\"accelerometer; autoplay; clipboard-write; encrypted-media; gyroscope; picture-in-picture; web-share\" referrerpolicy=\"strict-origin-when-cross-origin\" allowfullscreen><\/iframe><\/div>\n<\/div><\/figure>\n\n\n\n<p class=\"wp-block-paragraph\">De asemenea, vizitatorii sunt invita\u021bi s\u0103 intre \u00een magazinul cu suveniruri, aflat la intrarea \u00een palat, sub arcada principal\u0103.<\/p>\n\n\n\n<p class=\"wp-block-paragraph\">Anul acesta, vor putea fi v\u0103zute \u00een premier\u0103 panouri cu fotografii, articole cu o vechime de 160 de ani (de la na\u0219terea Regelui Ferdinand) \u0219i 150 de ani (de la na\u0219terea Reginei Maria).<\/p>\n\n\n\n<p class=\"wp-block-paragraph\"><strong>CITE\u0218TE \u0218I:<\/strong> <a href=\"https:\/\/buletin.de\/bucuresti\/west-side-hallo-fest-se-muta-la-lacul-morii-intre-strazile-mehadia-si-cornului\/\">Sector 6 | West Side Hallo Fest se mut\u0103 la Lacul Morii, \u00eentre str\u0103zile Mehadia \u0219i Cornului<\/a><\/p>\n","protected":false},"excerpt":{"rendered":"<p>Expozi\u021bia Regal\u0103 \u201ePalatul Elisabeta&#8221; s-a redeschis. Bucure\u0219tenii o pot vizita p\u00e2n\u0103 \u00een septembrie. Expozi\u021bia este un proiect al Asocia\u021biei Casa Majest\u0103\u021bii Sale \u0219i func\u021bioneaz\u0103 \u00eencep\u00e2nd din 11 iulie 2025 p\u00e2n\u0103 \u00een 7 septembrie 2025. \u00cen aceast\u0103 perioad\u0103, palatul poate fi vizitat \u00een fiecare zi de vineri, s\u00e2mb\u0103t\u0103 \u0219i duminic\u0103, \u00een intervalele orare 10:00-13:00 \u0219i 14:00-17:00. [&hellip;]<\/p>\n","protected":false},"author":49,"featured_media":138621,"comment_status":"closed","ping_status":"open","sticky":false,"template":"","format":"standard","meta":{"_acf_changed":false,"inline_featured_image":false,"ngg_post_thumbnail":0,"footnotes":""},"categories":[6994,81,62],"tags":[22741,22742,5818],"ppma_author":[22574],"class_list":["post-138619","post","type-post","status-publish","format-standard","has-post-thumbnail","hentry","category-stiri-2","category-cultura","category-stiri","tag-casa-regala","tag-expozitia-regala-palatul-elisabeta","tag-palatul-elisabeta"],"acf":[],"a3_pvc":{"activated":false,"total_views":0,"today_views":0},"yoast_head":"<!-- This site is optimized with the Yoast SEO Premium plugin v28.0 (Yoast SEO v28.4) - https:\/\/yoast.com\/product\/yoast-seo-premium-wordpress\/ -->\n<title>Expozi\u021bia Regal\u0103 \u201ePalatul Elisabeta&quot; este deschis\u0103 p\u00e2n\u0103 \u00een septembrie - Buletin de Bucure\u0219ti<\/title>\n<meta name=\"description\" content=\"Expozi\u021bia Regal\u0103 \u201ePalatul Elisabeta&quot; s-ar redeschis. Bucure\u0219tenii o pot vizita p\u00e2n\u0103 \u00een septembrie, vineri, s\u00e2mb\u0103t\u0103 \u0219i duminic\u0103.\" \/>\n<meta name=\"robots\" content=\"index, follow, max-snippet:-1, max-image-preview:large, max-video-preview:-1\" \/>\n<link rel=\"canonical\" href=\"https:\/\/buletin.de\/bucuresti\/expozitia-regala-palatul-elisabeta\/\" \/>\n<meta property=\"og:locale\" content=\"en_GB\" \/>\n<meta property=\"og:type\" content=\"article\" \/>\n<meta property=\"og:title\" content=\"Expozi\u021bia Regal\u0103 \u201ePalatul Elisabeta&quot; este deschis\u0103 p\u00e2n\u0103 \u00een septembrie\" \/>\n<meta property=\"og:description\" content=\"Expozi\u021bia Regal\u0103 \u201ePalatul Elisabeta&quot; s-ar redeschis. Bucure\u0219tenii o pot vizita p\u00e2n\u0103 \u00een septembrie, vineri, s\u00e2mb\u0103t\u0103 \u0219i duminic\u0103.\" \/>\n<meta property=\"og:url\" content=\"https:\/\/buletin.de\/bucuresti\/expozitia-regala-palatul-elisabeta\/\" \/>\n<meta property=\"og:site_name\" content=\"Buletin de Bucure\u0219ti\" \/>\n<meta property=\"article:publisher\" content=\"https:\/\/www.facebook.com\/buletin.de.buc\" \/>\n<meta property=\"article:published_time\" content=\"2025-07-20T13:29:36+00:00\" \/>\n<meta property=\"article:modified_time\" content=\"2025-07-20T13:29:37+00:00\" \/>\n<meta property=\"og:image\" content=\"https:\/\/buletin.de\/bucuresti\/wp-content\/uploads\/2025\/07\/ANG1963.jpg\" \/>\n\t<meta property=\"og:image:width\" content=\"1000\" \/>\n\t<meta property=\"og:image:height\" content=\"646\" \/>\n\t<meta property=\"og:image:type\" content=\"image\/jpeg\" \/>\n<meta name=\"author\" content=\"Diana Matei\" \/>\n<meta name=\"twitter:card\" content=\"summary_large_image\" \/>\n<meta name=\"twitter:label1\" content=\"Written by\" \/>\n\t<meta name=\"twitter:data1\" content=\"Diana Matei\" \/>\n\t<meta name=\"twitter:label2\" content=\"Estimated reading time\" \/>\n\t<meta name=\"twitter:data2\" content=\"2 minutes\" \/>\n<script type=\"application\/ld+json\" class=\"yoast-schema-graph\">{\"@context\":\"https:\\\/\\\/schema.org\",\"@graph\":[{\"@type\":\"Article\",\"@id\":\"https:\\\/\\\/buletin.de\\\/bucuresti\\\/expozitia-regala-palatul-elisabeta\\\/#article\",\"isPartOf\":{\"@id\":\"https:\\\/\\\/buletin.de\\\/bucuresti\\\/expozitia-regala-palatul-elisabeta\\\/\"},\"author\":{\"name\":\"Diana Matei\",\"@id\":\"https:\\\/\\\/buletin.de\\\/bucuresti\\\/#\\\/schema\\\/person\\\/7e46040573290777280a0835d81ea4ea\"},\"headline\":\"Expozi\u021bia Regal\u0103 \u201ePalatul Elisabeta&#8221; este deschis\u0103 p\u00e2n\u0103 \u00een septembrie\",\"datePublished\":\"2025-07-20T13:29:36+00:00\",\"dateModified\":\"2025-07-20T13:29:37+00:00\",\"mainEntityOfPage\":{\"@id\":\"https:\\\/\\\/buletin.de\\\/bucuresti\\\/expozitia-regala-palatul-elisabeta\\\/\"},\"wordCount\":337,\"publisher\":{\"@id\":\"https:\\\/\\\/buletin.de\\\/bucuresti\\\/#organization\"},\"image\":{\"@id\":\"https:\\\/\\\/buletin.de\\\/bucuresti\\\/expozitia-regala-palatul-elisabeta\\\/#primaryimage\"},\"thumbnailUrl\":\"https:\\\/\\\/buletin.de\\\/bucuresti\\\/wp-content\\\/uploads\\\/2025\\\/07\\\/ANG1963.jpg\",\"keywords\":[\"Casa regala\",\"Expozi\u021bia Regal\u0103 \u201ePalatul Elisabeta\\\"\",\"Palatul Elisabeta\"],\"articleSection\":[\"Articole\",\"Cultur\u0103\",\"\u0218tiri\"],\"inLanguage\":\"en-GB\",\"copyrightYear\":\"2025\",\"copyrightHolder\":{\"@id\":\"https:\\\/\\\/buletin.de\\\/bucuresti\\\/#organization\"}},{\"@type\":\"WebPage\",\"@id\":\"https:\\\/\\\/buletin.de\\\/bucuresti\\\/expozitia-regala-palatul-elisabeta\\\/\",\"url\":\"https:\\\/\\\/buletin.de\\\/bucuresti\\\/expozitia-regala-palatul-elisabeta\\\/\",\"name\":\"Expozi\u021bia Regal\u0103 \u201ePalatul Elisabeta\\\" este deschis\u0103 p\u00e2n\u0103 \u00een septembrie - Buletin de Bucure\u0219ti\",\"isPartOf\":{\"@id\":\"https:\\\/\\\/buletin.de\\\/bucuresti\\\/#website\"},\"primaryImageOfPage\":{\"@id\":\"https:\\\/\\\/buletin.de\\\/bucuresti\\\/expozitia-regala-palatul-elisabeta\\\/#primaryimage\"},\"image\":{\"@id\":\"https:\\\/\\\/buletin.de\\\/bucuresti\\\/expozitia-regala-palatul-elisabeta\\\/#primaryimage\"},\"thumbnailUrl\":\"https:\\\/\\\/buletin.de\\\/bucuresti\\\/wp-content\\\/uploads\\\/2025\\\/07\\\/ANG1963.jpg\",\"datePublished\":\"2025-07-20T13:29:36+00:00\",\"dateModified\":\"2025-07-20T13:29:37+00:00\",\"description\":\"Expozi\u021bia Regal\u0103 \u201ePalatul Elisabeta\\\" s-ar redeschis. Bucure\u0219tenii o pot vizita p\u00e2n\u0103 \u00een septembrie, vineri, s\u00e2mb\u0103t\u0103 \u0219i duminic\u0103.\",\"breadcrumb\":{\"@id\":\"https:\\\/\\\/buletin.de\\\/bucuresti\\\/expozitia-regala-palatul-elisabeta\\\/#breadcrumb\"},\"inLanguage\":\"en-GB\",\"potentialAction\":[{\"@type\":\"ReadAction\",\"target\":[\"https:\\\/\\\/buletin.de\\\/bucuresti\\\/expozitia-regala-palatul-elisabeta\\\/\"]}]},{\"@type\":\"ImageObject\",\"inLanguage\":\"en-GB\",\"@id\":\"https:\\\/\\\/buletin.de\\\/bucuresti\\\/expozitia-regala-palatul-elisabeta\\\/#primaryimage\",\"url\":\"https:\\\/\\\/buletin.de\\\/bucuresti\\\/wp-content\\\/uploads\\\/2025\\\/07\\\/ANG1963.jpg\",\"contentUrl\":\"https:\\\/\\\/buletin.de\\\/bucuresti\\\/wp-content\\\/uploads\\\/2025\\\/07\\\/ANG1963.jpg\",\"width\":1000,\"height\":646,\"caption\":\"Expozi\u021bia Regal\u0103 \u201ePalatul Elisabeta\\\" este deschis\u0103 p\u00e2n\u0103 \u00een septembrie. FOTO:casamajestatiisale.ro\"},{\"@type\":\"BreadcrumbList\",\"@id\":\"https:\\\/\\\/buletin.de\\\/bucuresti\\\/expozitia-regala-palatul-elisabeta\\\/#breadcrumb\",\"itemListElement\":[{\"@type\":\"ListItem\",\"position\":1,\"name\":\"Acas\u0103\",\"item\":\"https:\\\/\\\/buletin.de\\\/bucuresti\\\/\"},{\"@type\":\"ListItem\",\"position\":2,\"name\":\"Expozi\u021bia Regal\u0103 \u201ePalatul Elisabeta&#8221; este deschis\u0103 p\u00e2n\u0103 \u00een septembrie\"}]},{\"@type\":\"WebSite\",\"@id\":\"https:\\\/\\\/buletin.de\\\/bucuresti\\\/#website\",\"url\":\"https:\\\/\\\/buletin.de\\\/bucuresti\\\/\",\"name\":\"Buletin de Bucure\u0219ti\",\"description\":\"\u0218tiri \u0219i investiga\u021bii esen\u021biale din capital\u0103\",\"publisher\":{\"@id\":\"https:\\\/\\\/buletin.de\\\/bucuresti\\\/#organization\"},\"potentialAction\":[{\"@type\":\"SearchAction\",\"target\":{\"@type\":\"EntryPoint\",\"urlTemplate\":\"https:\\\/\\\/buletin.de\\\/bucuresti\\\/?s={search_term_string}\"},\"query-input\":{\"@type\":\"PropertyValueSpecification\",\"valueRequired\":true,\"valueName\":\"search_term_string\"}}],\"inLanguage\":\"en-GB\"},{\"@type\":\"Organization\",\"@id\":\"https:\\\/\\\/buletin.de\\\/bucuresti\\\/#organization\",\"name\":\"Buletin de Bucure\u0219ti\",\"url\":\"https:\\\/\\\/buletin.de\\\/bucuresti\\\/\",\"logo\":{\"@type\":\"ImageObject\",\"inLanguage\":\"en-GB\",\"@id\":\"https:\\\/\\\/buletin.de\\\/bucuresti\\\/#\\\/schema\\\/logo\\\/image\\\/\",\"url\":\"https:\\\/\\\/buletin.de\\\/bucuresti\\\/wp-content\\\/uploads\\\/logo-bdb-full-wide-vernil-transparent.png\",\"contentUrl\":\"https:\\\/\\\/buletin.de\\\/bucuresti\\\/wp-content\\\/uploads\\\/logo-bdb-full-wide-vernil-transparent.png\",\"width\":1782,\"height\":626,\"caption\":\"Buletin de Bucure\u0219ti\"},\"image\":{\"@id\":\"https:\\\/\\\/buletin.de\\\/bucuresti\\\/#\\\/schema\\\/logo\\\/image\\\/\"},\"sameAs\":[\"https:\\\/\\\/www.facebook.com\\\/buletin.de.buc\",\"https:\\\/\\\/www.instagram.com\\\/buletinde.bucuresti\\\/\"]},{\"@type\":\"Person\",\"@id\":\"https:\\\/\\\/buletin.de\\\/bucuresti\\\/#\\\/schema\\\/person\\\/7e46040573290777280a0835d81ea4ea\",\"name\":\"Diana Matei\",\"image\":{\"@type\":\"ImageObject\",\"inLanguage\":\"en-GB\",\"@id\":\"https:\\\/\\\/buletin.de\\\/bucuresti\\\/wp-content\\\/uploads\\\/9-2-96x96.jpg1e8590b30871d70e62ebcdaf2eff570c\",\"url\":\"https:\\\/\\\/buletin.de\\\/bucuresti\\\/wp-content\\\/uploads\\\/9-2-96x96.jpg\",\"contentUrl\":\"https:\\\/\\\/buletin.de\\\/bucuresti\\\/wp-content\\\/uploads\\\/9-2-96x96.jpg\",\"caption\":\"Diana Matei\"},\"url\":\"https:\\\/\\\/buletin.de\\\/bucuresti\\\/author\\\/dianamatei\\\/\"}]}<\/script>\n<!-- \/ Yoast SEO Premium plugin. -->","yoast_head_json":{"title":"Expozi\u021bia Regal\u0103 \u201ePalatul Elisabeta\" este deschis\u0103 p\u00e2n\u0103 \u00een septembrie - Buletin de Bucure\u0219ti","description":"Expozi\u021bia Regal\u0103 \u201ePalatul Elisabeta\" s-ar redeschis. Bucure\u0219tenii o pot vizita p\u00e2n\u0103 \u00een septembrie, vineri, s\u00e2mb\u0103t\u0103 \u0219i duminic\u0103.","robots":{"index":"index","follow":"follow","max-snippet":"max-snippet:-1","max-image-preview":"max-image-preview:large","max-video-preview":"max-video-preview:-1"},"canonical":"https:\/\/buletin.de\/bucuresti\/expozitia-regala-palatul-elisabeta\/","og_locale":"en_GB","og_type":"article","og_title":"Expozi\u021bia Regal\u0103 \u201ePalatul Elisabeta\" este deschis\u0103 p\u00e2n\u0103 \u00een septembrie","og_description":"Expozi\u021bia Regal\u0103 \u201ePalatul Elisabeta\" s-ar redeschis. Bucure\u0219tenii o pot vizita p\u00e2n\u0103 \u00een septembrie, vineri, s\u00e2mb\u0103t\u0103 \u0219i duminic\u0103.","og_url":"https:\/\/buletin.de\/bucuresti\/expozitia-regala-palatul-elisabeta\/","og_site_name":"Buletin de Bucure\u0219ti","article_publisher":"https:\/\/www.facebook.com\/buletin.de.buc","article_published_time":"2025-07-20T13:29:36+00:00","article_modified_time":"2025-07-20T13:29:37+00:00","og_image":[{"width":1000,"height":646,"url":"https:\/\/buletin.de\/bucuresti\/wp-content\/uploads\/2025\/07\/ANG1963.jpg","type":"image\/jpeg"}],"author":"Diana Matei","twitter_card":"summary_large_image","twitter_misc":{"Written by":"Diana Matei","Estimated reading time":"2 minutes"},"schema":{"@context":"https:\/\/schema.org","@graph":[{"@type":"Article","@id":"https:\/\/buletin.de\/bucuresti\/expozitia-regala-palatul-elisabeta\/#article","isPartOf":{"@id":"https:\/\/buletin.de\/bucuresti\/expozitia-regala-palatul-elisabeta\/"},"author":{"name":"Diana Matei","@id":"https:\/\/buletin.de\/bucuresti\/#\/schema\/person\/7e46040573290777280a0835d81ea4ea"},"headline":"Expozi\u021bia Regal\u0103 \u201ePalatul Elisabeta&#8221; este deschis\u0103 p\u00e2n\u0103 \u00een septembrie","datePublished":"2025-07-20T13:29:36+00:00","dateModified":"2025-07-20T13:29:37+00:00","mainEntityOfPage":{"@id":"https:\/\/buletin.de\/bucuresti\/expozitia-regala-palatul-elisabeta\/"},"wordCount":337,"publisher":{"@id":"https:\/\/buletin.de\/bucuresti\/#organization"},"image":{"@id":"https:\/\/buletin.de\/bucuresti\/expozitia-regala-palatul-elisabeta\/#primaryimage"},"thumbnailUrl":"https:\/\/buletin.de\/bucuresti\/wp-content\/uploads\/2025\/07\/ANG1963.jpg","keywords":["Casa regala","Expozi\u021bia Regal\u0103 \u201ePalatul Elisabeta\"","Palatul Elisabeta"],"articleSection":["Articole","Cultur\u0103","\u0218tiri"],"inLanguage":"en-GB","copyrightYear":"2025","copyrightHolder":{"@id":"https:\/\/buletin.de\/bucuresti\/#organization"}},{"@type":"WebPage","@id":"https:\/\/buletin.de\/bucuresti\/expozitia-regala-palatul-elisabeta\/","url":"https:\/\/buletin.de\/bucuresti\/expozitia-regala-palatul-elisabeta\/","name":"Expozi\u021bia Regal\u0103 \u201ePalatul Elisabeta\" este deschis\u0103 p\u00e2n\u0103 \u00een septembrie - Buletin de Bucure\u0219ti","isPartOf":{"@id":"https:\/\/buletin.de\/bucuresti\/#website"},"primaryImageOfPage":{"@id":"https:\/\/buletin.de\/bucuresti\/expozitia-regala-palatul-elisabeta\/#primaryimage"},"image":{"@id":"https:\/\/buletin.de\/bucuresti\/expozitia-regala-palatul-elisabeta\/#primaryimage"},"thumbnailUrl":"https:\/\/buletin.de\/bucuresti\/wp-content\/uploads\/2025\/07\/ANG1963.jpg","datePublished":"2025-07-20T13:29:36+00:00","dateModified":"2025-07-20T13:29:37+00:00","description":"Expozi\u021bia Regal\u0103 \u201ePalatul Elisabeta\" s-ar redeschis. Bucure\u0219tenii o pot vizita p\u00e2n\u0103 \u00een septembrie, vineri, s\u00e2mb\u0103t\u0103 \u0219i duminic\u0103.","breadcrumb":{"@id":"https:\/\/buletin.de\/bucuresti\/expozitia-regala-palatul-elisabeta\/#breadcrumb"},"inLanguage":"en-GB","potentialAction":[{"@type":"ReadAction","target":["https:\/\/buletin.de\/bucuresti\/expozitia-regala-palatul-elisabeta\/"]}]},{"@type":"ImageObject","inLanguage":"en-GB","@id":"https:\/\/buletin.de\/bucuresti\/expozitia-regala-palatul-elisabeta\/#primaryimage","url":"https:\/\/buletin.de\/bucuresti\/wp-content\/uploads\/2025\/07\/ANG1963.jpg","contentUrl":"https:\/\/buletin.de\/bucuresti\/wp-content\/uploads\/2025\/07\/ANG1963.jpg","width":1000,"height":646,"caption":"Expozi\u021bia Regal\u0103 \u201ePalatul Elisabeta\" este deschis\u0103 p\u00e2n\u0103 \u00een septembrie. FOTO:casamajestatiisale.ro"},{"@type":"BreadcrumbList","@id":"https:\/\/buletin.de\/bucuresti\/expozitia-regala-palatul-elisabeta\/#breadcrumb","itemListElement":[{"@type":"ListItem","position":1,"name":"Acas\u0103","item":"https:\/\/buletin.de\/bucuresti\/"},{"@type":"ListItem","position":2,"name":"Expozi\u021bia Regal\u0103 \u201ePalatul Elisabeta&#8221; este deschis\u0103 p\u00e2n\u0103 \u00een septembrie"}]},{"@type":"WebSite","@id":"https:\/\/buletin.de\/bucuresti\/#website","url":"https:\/\/buletin.de\/bucuresti\/","name":"Buletin de Bucure\u0219ti","description":"\u0218tiri \u0219i investiga\u021bii esen\u021biale din capital\u0103","publisher":{"@id":"https:\/\/buletin.de\/bucuresti\/#organization"},"potentialAction":[{"@type":"SearchAction","target":{"@type":"EntryPoint","urlTemplate":"https:\/\/buletin.de\/bucuresti\/?s={search_term_string}"},"query-input":{"@type":"PropertyValueSpecification","valueRequired":true,"valueName":"search_term_string"}}],"inLanguage":"en-GB"},{"@type":"Organization","@id":"https:\/\/buletin.de\/bucuresti\/#organization","name":"Buletin de Bucure\u0219ti","url":"https:\/\/buletin.de\/bucuresti\/","logo":{"@type":"ImageObject","inLanguage":"en-GB","@id":"https:\/\/buletin.de\/bucuresti\/#\/schema\/logo\/image\/","url":"https:\/\/buletin.de\/bucuresti\/wp-content\/uploads\/logo-bdb-full-wide-vernil-transparent.png","contentUrl":"https:\/\/buletin.de\/bucuresti\/wp-content\/uploads\/logo-bdb-full-wide-vernil-transparent.png","width":1782,"height":626,"caption":"Buletin de Bucure\u0219ti"},"image":{"@id":"https:\/\/buletin.de\/bucuresti\/#\/schema\/logo\/image\/"},"sameAs":["https:\/\/www.facebook.com\/buletin.de.buc","https:\/\/www.instagram.com\/buletinde.bucuresti\/"]},{"@type":"Person","@id":"https:\/\/buletin.de\/bucuresti\/#\/schema\/person\/7e46040573290777280a0835d81ea4ea","name":"Diana Matei","image":{"@type":"ImageObject","inLanguage":"en-GB","@id":"https:\/\/buletin.de\/bucuresti\/wp-content\/uploads\/9-2-96x96.jpg1e8590b30871d70e62ebcdaf2eff570c","url":"https:\/\/buletin.de\/bucuresti\/wp-content\/uploads\/9-2-96x96.jpg","contentUrl":"https:\/\/buletin.de\/bucuresti\/wp-content\/uploads\/9-2-96x96.jpg","caption":"Diana Matei"},"url":"https:\/\/buletin.de\/bucuresti\/author\/dianamatei\/"}]}},"authors":[{"term_id":22574,"user_id":49,"is_guest":0,"slug":"dianamatei","display_name":"Diana Matei","avatar_url":"https:\/\/buletin.de\/bucuresti\/wp-content\/uploads\/9-2-96x96.jpg","author_category":"","first_name":"Diana","last_name":"Matei","user_url":"","job_title":"","description":""}],"_links":{"self":[{"href":"https:\/\/buletin.de\/bucuresti\/wp-json\/wp\/v2\/posts\/138619","targetHints":{"allow":["GET"]}}],"collection":[{"href":"https:\/\/buletin.de\/bucuresti\/wp-json\/wp\/v2\/posts"}],"about":[{"href":"https:\/\/buletin.de\/bucuresti\/wp-json\/wp\/v2\/types\/post"}],"author":[{"embeddable":true,"href":"https:\/\/buletin.de\/bucuresti\/wp-json\/wp\/v2\/users\/49"}],"replies":[{"embeddable":true,"href":"https:\/\/buletin.de\/bucuresti\/wp-json\/wp\/v2\/comments?post=138619"}],"version-history":[{"count":4,"href":"https:\/\/buletin.de\/bucuresti\/wp-json\/wp\/v2\/posts\/138619\/revisions"}],"predecessor-version":[{"id":139930,"href":"https:\/\/buletin.de\/bucuresti\/wp-json\/wp\/v2\/posts\/138619\/revisions\/139930"}],"wp:featuredmedia":[{"embeddable":true,"href":"https:\/\/buletin.de\/bucuresti\/wp-json\/wp\/v2\/media\/138621"}],"wp:attachment":[{"href":"https:\/\/buletin.de\/bucuresti\/wp-json\/wp\/v2\/media?parent=138619"}],"wp:term":[{"taxonomy":"category","embeddable":true,"href":"https:\/\/buletin.de\/bucuresti\/wp-json\/wp\/v2\/categories?post=138619"},{"taxonomy":"post_tag","embeddable":true,"href":"https:\/\/buletin.de\/bucuresti\/wp-json\/wp\/v2\/tags?post=138619"},{"taxonomy":"author","embeddable":true,"href":"https:\/\/buletin.de\/bucuresti\/wp-json\/wp\/v2\/ppma_author?post=138619"}],"curies":[{"name":"wp","href":"https:\/\/api.w.org\/{rel}","templated":true}]}}