{"id":138556,"date":"2025-07-12T09:18:21","date_gmt":"2025-07-12T06:18:21","guid":{"rendered":"https:\/\/buletin.de\/bucuresti\/?p=138556"},"modified":"2025-07-12T11:59:27","modified_gmt":"2025-07-12T08:59:27","slug":"cupa-titan-in-parcul-alexandru-ioan-cuza-sambata-12-iulie","status":"publish","type":"post","link":"https:\/\/buletin.de\/bucuresti\/cupa-titan-in-parcul-alexandru-ioan-cuza-sambata-12-iulie\/","title":{"rendered":"\u201eCupa Titan\u201d \u00een parcul Alexandru Ioan Cuza, s\u00e2mb\u0103t\u0103 12 iulie"},"content":{"rendered":"\n<p><strong>Iubitorii de sporturi nautice (caiac, canoe, SUP \u0219i rafting) concureaz\u0103 s\u00e2mb\u0103t\u0103 \u00een \u201eCupa Titan\u201d. Pe lacul Titan din parcul Alexandru Ioan Cuza, se vor \u00eentrece at\u00e2t sportivi de performan\u021b\u0103, c\u00e2t \u0219i amatori.<\/strong><\/p>\n\n\n\n<h2 class=\"wp-block-heading\" id=\"h-elementele-in-premiera-ale-edi\u021biei-2025\"><strong>Elementele \u00een premier\u0103 ale edi\u021biei 2025<\/strong><\/h2>\n\n\n\n<ul class=\"wp-block-list\">\n<li>proba de rafting slalom;<\/li>\n\n\n\n<li>proba de v\u00e2slit cu spatele, \u00een care este testat\u0103 \u00eendem\u00e2narea;<\/li>\n\n\n\n<li>proba de tandem ghidat, \u00een care un participant este legat la ochi \u0219i trebuie s\u0103 urmeze instruc\u021biunile coechipierului.<\/li>\n<\/ul>\n\n\n\n<p><strong>Participan\u021bii la \u201eCupa Titan\u201d<\/strong> <strong>se vor \u00eentrece la\u00a010 categorii de concurs:<\/strong><\/p>\n\n\n\n<ul class=\"wp-block-list\">\n<li>caiac sprint 200 m, pentru sportivii de performan\u021b\u0103 din urm\u0103toarele categorii, masculin \u0219i feminin: K1U12, K1 juniori 3, K1 juniori 2, K1 juniori 1;<\/li>\n\n\n\n<li>canoe sprint 200 m, sportivi juniori de performan\u021b\u0103;<\/li>\n\n\n\n<li>para-canoe 200 m, open, masculin \u0219i feminin;<\/li>\n\n\n\n<li>caiac tur\u0103 1000 m, open, masculin \u0219i feminin;<\/li>\n\n\n\n<li>SUP 200 m, open, masculin \u0219i feminin;<\/li>\n\n\n\n<li>dragon boat 200 m, performan\u021b\u0103, echip\u0103 mixt\u0103 de 11 persoane (minimum dou\u0103 persoane de sex feminin);<\/li>\n\n\n\n<li>dragon boat 200 m, corporate, mixt;<\/li>\n\n\n\n<li>rafting slalom 200 m, echip\u0103 mixt\u0103 de patru persoane (minimum o persoan\u0103 de sex feminin);<\/li>\n\n\n\n<li>\u201eV\u00e2sle\u0219te cu spatele\u201d, 100 m, open (masculin \u0219i feminin);<\/li>\n\n\n\n<li>\u201eTandem \u00een ghidaj\u201d, 100 m, mixt.<\/li>\n<\/ul>\n\n\n\n<p>\u00cen cadrul competi\u021biei, o prob\u0103 deja consacrat\u0103 este dedicat\u0103 sportivilor de para-canoe.<\/p>\n\n\n\n<p>Taxa de \u00eenscriere include echipamentul complet (caiac\/plac\u0103 \u0219i padel\u0103\/pagaie). Daca nu c\u00e2\u0219tig\u0103 un loc pe podium, competitorii primesc medalie de finisher.<\/p>\n\n\n\n<p>\u00censcrierea este gratuit\u0103 pentru sportivii de performan\u021b\u0103 de caiac, canoe \u0219i para-canoe. Formularul de \u00eenscriere, programul \u0219i detaliile evenimentului se g\u0103sesc pe pagina competi\u021biei:&nbsp;<a href=\"https:\/\/www.kayakchampions.ro\/cupa-titan\">https:\/\/www.kayakchampions.ro\/cupa-titan<\/a>.<\/p>\n\n\n\n<p><strong>CITE\u0218TE \u0218I: <a href=\"https:\/\/buletin.de\/bucuresti\/wizz-air-relocheaza-9-rute-de-la-otopeni-pe-baneasa\/\" target=\"_blank\" rel=\"noreferrer noopener\">Wizz Air relocheaz\u0103 9 rute de la Otopeni pe B\u0103neasa. \u0218ase zboruri noi de pe Aeroportul Interna\u021bional \u201eHenri Coand\u0103\u201d, din toamn\u0103<\/a><\/strong><\/p>\n\n\n\n<h2 class=\"wp-block-heading\" id=\"h-despre-cupa-titan\">Despre \u201eCupa Titan\u201d <\/h2>\n\n\n\n<p>\u201eCupa Titan\u201d a fost creat\u0103 pentru a promova \u0219i dezvolta comunitatea de caiac-canoe din zona Bucure\u0219ti, oferind sportivilor de performan\u021b\u0103 posibilitatea de a-\u0219i testa nivelul de preg\u0103tire pentru campionatele na\u021bionale.<\/p>\n\n\n\n<p>\u00cen acela\u0219i timp, cursele dedicate sportivilor amatori au ca scop cre\u0219terea popularit\u0103\u021bii acestei discipline \u00een r\u00e2ndul publicului larg. <\/p>\n\n\n\n<p>Competi\u021bia \u00eencurajeaz\u0103 mi\u0219carea \u00een aer liber \u0219i practicarea sportului pentru persoanele vulnerabile, promov\u00e2nd o atitudine responsabil\u0103 fa\u021b\u0103 de mediul \u00eenconjur\u0103tor.<\/p>\n\n\n\n<p><strong>CITE\u0218TE \u0218I: <a href=\"https:\/\/buletin.de\/bucuresti\/noi-intreruperi-de-curent-la-retele-electrice-muntenia-in-bucuresti-ilfov-si-giurgiu\/\" target=\"_blank\" rel=\"noreferrer noopener\">Noi \u00eentreruperi de curent la Re\u021bele Electrice Muntenia, \u00een Bucure\u0219ti, Ilfov \u0219i Giurgiu. Care sunt zonele afectate<\/a><\/strong><\/p>\n","protected":false},"excerpt":{"rendered":"<p>Iubitorii de sporturi nautice (caiac, canoe, SUP \u0219i rafting) concureaz\u0103 s\u00e2mb\u0103t\u0103 \u00een \u201eCupa Titan\u201d. Pe lacul Titan din parcul Alexandru Ioan Cuza, se vor \u00eentrece at\u00e2t sportivi de performan\u021b\u0103, c\u00e2t \u0219i amatori. Elementele \u00een premier\u0103 ale edi\u021biei 2025 Participan\u021bii la \u201eCupa Titan\u201d se vor \u00eentrece la\u00a010 categorii de concurs: \u00cen cadrul competi\u021biei, o prob\u0103 deja [&hellip;]<\/p>\n","protected":false},"author":49,"featured_media":138558,"comment_status":"closed","ping_status":"open","sticky":false,"template":"","format":"standard","meta":{"_acf_changed":false,"inline_featured_image":false,"ngg_post_thumbnail":0,"footnotes":""},"categories":[6994,1,62],"tags":[22731,6311,440],"ppma_author":[22574],"class_list":["post-138556","post","type-post","status-publish","format-standard","has-post-thumbnail","hentry","category-stiri-2","category-diverse","category-stiri","tag-cupa-pescuit","tag-cupa-titan","tag-sector-3"],"acf":[],"yoast_head":"<!-- This site is optimized with the Yoast SEO Premium plugin v25.3 (Yoast SEO v27.4) - https:\/\/yoast.com\/product\/yoast-seo-premium-wordpress\/ -->\n<title>\u201eCupa Titan\u201d \u00een parcul Alexandru Ioan Cuza, s\u00e2mb\u0103t\u0103 12 iulie - Buletin de Bucure\u0219ti<\/title>\n<meta name=\"description\" content=\"Iubitorii de sporturi nautice (caiac, canoe, SUP \u0219i rafting) \u00ee\u0219i vor disputa s\u00e2mb\u0103t\u0103, 12 iulie, \u201eCupa Titan\u201d, pe lacul Titan.\" \/>\n<meta name=\"robots\" content=\"index, follow, max-snippet:-1, max-image-preview:large, max-video-preview:-1\" \/>\n<link rel=\"canonical\" href=\"https:\/\/buletin.de\/bucuresti\/cupa-titan-in-parcul-alexandru-ioan-cuza-sambata-12-iulie\/\" \/>\n<meta property=\"og:locale\" content=\"en_GB\" \/>\n<meta property=\"og:type\" content=\"article\" \/>\n<meta property=\"og:title\" content=\"\u201eCupa Titan\u201d \u00een parcul Alexandru Ioan Cuza, s\u00e2mb\u0103t\u0103 12 iulie\" \/>\n<meta property=\"og:description\" content=\"Iubitorii de sporturi nautice (caiac, canoe, SUP \u0219i rafting) \u00ee\u0219i vor disputa s\u00e2mb\u0103t\u0103, 12 iulie, \u201eCupa Titan\u201d, pe lacul Titan.\" \/>\n<meta property=\"og:url\" content=\"https:\/\/buletin.de\/bucuresti\/cupa-titan-in-parcul-alexandru-ioan-cuza-sambata-12-iulie\/\" \/>\n<meta property=\"og:site_name\" content=\"Buletin de Bucure\u0219ti\" \/>\n<meta property=\"article:publisher\" content=\"https:\/\/www.facebook.com\/buletin.de.buc\" \/>\n<meta property=\"article:published_time\" content=\"2025-07-12T06:18:21+00:00\" \/>\n<meta property=\"article:modified_time\" content=\"2025-07-12T08:59:27+00:00\" \/>\n<meta property=\"og:image\" content=\"https:\/\/buletin.de\/bucuresti\/wp-content\/uploads\/2025\/07\/cupatitangallery.jpg\" \/>\n\t<meta property=\"og:image:width\" content=\"1156\" \/>\n\t<meta property=\"og:image:height\" content=\"672\" \/>\n\t<meta property=\"og:image:type\" content=\"image\/jpeg\" \/>\n<meta name=\"author\" content=\"Diana Matei\" \/>\n<meta name=\"twitter:card\" content=\"summary_large_image\" \/>\n<meta name=\"twitter:label1\" content=\"Written by\" \/>\n\t<meta name=\"twitter:data1\" content=\"Diana Matei\" \/>\n\t<meta name=\"twitter:label2\" content=\"Estimated reading time\" \/>\n\t<meta name=\"twitter:data2\" content=\"2 minutes\" \/>\n<script type=\"application\/ld+json\" class=\"yoast-schema-graph\">{\"@context\":\"https:\\\/\\\/schema.org\",\"@graph\":[{\"@type\":\"Article\",\"@id\":\"https:\\\/\\\/buletin.de\\\/bucuresti\\\/cupa-titan-in-parcul-alexandru-ioan-cuza-sambata-12-iulie\\\/#article\",\"isPartOf\":{\"@id\":\"https:\\\/\\\/buletin.de\\\/bucuresti\\\/cupa-titan-in-parcul-alexandru-ioan-cuza-sambata-12-iulie\\\/\"},\"author\":{\"name\":\"Diana Matei\",\"@id\":\"https:\\\/\\\/buletin.de\\\/bucuresti\\\/#\\\/schema\\\/person\\\/7e46040573290777280a0835d81ea4ea\"},\"headline\":\"\u201eCupa Titan\u201d \u00een parcul Alexandru Ioan Cuza, s\u00e2mb\u0103t\u0103 12 iulie\",\"datePublished\":\"2025-07-12T06:18:21+00:00\",\"dateModified\":\"2025-07-12T08:59:27+00:00\",\"mainEntityOfPage\":{\"@id\":\"https:\\\/\\\/buletin.de\\\/bucuresti\\\/cupa-titan-in-parcul-alexandru-ioan-cuza-sambata-12-iulie\\\/\"},\"wordCount\":395,\"publisher\":{\"@id\":\"https:\\\/\\\/buletin.de\\\/bucuresti\\\/#organization\"},\"image\":{\"@id\":\"https:\\\/\\\/buletin.de\\\/bucuresti\\\/cupa-titan-in-parcul-alexandru-ioan-cuza-sambata-12-iulie\\\/#primaryimage\"},\"thumbnailUrl\":\"https:\\\/\\\/buletin.de\\\/bucuresti\\\/wp-content\\\/uploads\\\/2025\\\/07\\\/cupatitangallery.jpg\",\"keywords\":[\"cupa pescuit\",\"cupa titan\",\"Sector 3\"],\"articleSection\":[\"Articole\",\"Diverse\",\"\u0218tiri\"],\"inLanguage\":\"en-GB\",\"copyrightYear\":\"2025\",\"copyrightHolder\":{\"@id\":\"https:\\\/\\\/buletin.de\\\/bucuresti\\\/#organization\"}},{\"@type\":\"WebPage\",\"@id\":\"https:\\\/\\\/buletin.de\\\/bucuresti\\\/cupa-titan-in-parcul-alexandru-ioan-cuza-sambata-12-iulie\\\/\",\"url\":\"https:\\\/\\\/buletin.de\\\/bucuresti\\\/cupa-titan-in-parcul-alexandru-ioan-cuza-sambata-12-iulie\\\/\",\"name\":\"\u201eCupa Titan\u201d \u00een parcul Alexandru Ioan Cuza, s\u00e2mb\u0103t\u0103 12 iulie - Buletin de Bucure\u0219ti\",\"isPartOf\":{\"@id\":\"https:\\\/\\\/buletin.de\\\/bucuresti\\\/#website\"},\"primaryImageOfPage\":{\"@id\":\"https:\\\/\\\/buletin.de\\\/bucuresti\\\/cupa-titan-in-parcul-alexandru-ioan-cuza-sambata-12-iulie\\\/#primaryimage\"},\"image\":{\"@id\":\"https:\\\/\\\/buletin.de\\\/bucuresti\\\/cupa-titan-in-parcul-alexandru-ioan-cuza-sambata-12-iulie\\\/#primaryimage\"},\"thumbnailUrl\":\"https:\\\/\\\/buletin.de\\\/bucuresti\\\/wp-content\\\/uploads\\\/2025\\\/07\\\/cupatitangallery.jpg\",\"datePublished\":\"2025-07-12T06:18:21+00:00\",\"dateModified\":\"2025-07-12T08:59:27+00:00\",\"description\":\"Iubitorii de sporturi nautice (caiac, canoe, SUP \u0219i rafting) \u00ee\u0219i vor disputa s\u00e2mb\u0103t\u0103, 12 iulie, \u201eCupa Titan\u201d, pe lacul Titan.\",\"breadcrumb\":{\"@id\":\"https:\\\/\\\/buletin.de\\\/bucuresti\\\/cupa-titan-in-parcul-alexandru-ioan-cuza-sambata-12-iulie\\\/#breadcrumb\"},\"inLanguage\":\"en-GB\",\"potentialAction\":[{\"@type\":\"ReadAction\",\"target\":[\"https:\\\/\\\/buletin.de\\\/bucuresti\\\/cupa-titan-in-parcul-alexandru-ioan-cuza-sambata-12-iulie\\\/\"]}]},{\"@type\":\"ImageObject\",\"inLanguage\":\"en-GB\",\"@id\":\"https:\\\/\\\/buletin.de\\\/bucuresti\\\/cupa-titan-in-parcul-alexandru-ioan-cuza-sambata-12-iulie\\\/#primaryimage\",\"url\":\"https:\\\/\\\/buletin.de\\\/bucuresti\\\/wp-content\\\/uploads\\\/2025\\\/07\\\/cupatitangallery.jpg\",\"contentUrl\":\"https:\\\/\\\/buletin.de\\\/bucuresti\\\/wp-content\\\/uploads\\\/2025\\\/07\\\/cupatitangallery.jpg\",\"width\":1156,\"height\":672,\"caption\":\"\u201eCupa Titan\u201d \u00een parcul Alexandru Ioan Cuza, s\u00e2mb\u0103t\u0103 12 iulie. PS3\"},{\"@type\":\"BreadcrumbList\",\"@id\":\"https:\\\/\\\/buletin.de\\\/bucuresti\\\/cupa-titan-in-parcul-alexandru-ioan-cuza-sambata-12-iulie\\\/#breadcrumb\",\"itemListElement\":[{\"@type\":\"ListItem\",\"position\":1,\"name\":\"Acas\u0103\",\"item\":\"https:\\\/\\\/buletin.de\\\/bucuresti\\\/\"},{\"@type\":\"ListItem\",\"position\":2,\"name\":\"\u201eCupa Titan\u201d \u00een parcul Alexandru Ioan Cuza, s\u00e2mb\u0103t\u0103 12 iulie\"}]},{\"@type\":\"WebSite\",\"@id\":\"https:\\\/\\\/buletin.de\\\/bucuresti\\\/#website\",\"url\":\"https:\\\/\\\/buletin.de\\\/bucuresti\\\/\",\"name\":\"Buletin de Bucure\u0219ti\",\"description\":\"\u0218tiri \u0219i investiga\u021bii esen\u021biale din capital\u0103\",\"publisher\":{\"@id\":\"https:\\\/\\\/buletin.de\\\/bucuresti\\\/#organization\"},\"potentialAction\":[{\"@type\":\"SearchAction\",\"target\":{\"@type\":\"EntryPoint\",\"urlTemplate\":\"https:\\\/\\\/buletin.de\\\/bucuresti\\\/?s={search_term_string}\"},\"query-input\":{\"@type\":\"PropertyValueSpecification\",\"valueRequired\":true,\"valueName\":\"search_term_string\"}}],\"inLanguage\":\"en-GB\"},{\"@type\":\"Organization\",\"@id\":\"https:\\\/\\\/buletin.de\\\/bucuresti\\\/#organization\",\"name\":\"Buletin de Bucure\u0219ti\",\"url\":\"https:\\\/\\\/buletin.de\\\/bucuresti\\\/\",\"logo\":{\"@type\":\"ImageObject\",\"inLanguage\":\"en-GB\",\"@id\":\"https:\\\/\\\/buletin.de\\\/bucuresti\\\/#\\\/schema\\\/logo\\\/image\\\/\",\"url\":\"https:\\\/\\\/buletin.de\\\/bucuresti\\\/wp-content\\\/uploads\\\/logo-bdb-full-wide-vernil-transparent.png\",\"contentUrl\":\"https:\\\/\\\/buletin.de\\\/bucuresti\\\/wp-content\\\/uploads\\\/logo-bdb-full-wide-vernil-transparent.png\",\"width\":1782,\"height\":626,\"caption\":\"Buletin de Bucure\u0219ti\"},\"image\":{\"@id\":\"https:\\\/\\\/buletin.de\\\/bucuresti\\\/#\\\/schema\\\/logo\\\/image\\\/\"},\"sameAs\":[\"https:\\\/\\\/www.facebook.com\\\/buletin.de.buc\",\"https:\\\/\\\/www.instagram.com\\\/buletinde.bucuresti\\\/\"]},{\"@type\":\"Person\",\"@id\":\"https:\\\/\\\/buletin.de\\\/bucuresti\\\/#\\\/schema\\\/person\\\/7e46040573290777280a0835d81ea4ea\",\"name\":\"Diana Matei\",\"image\":{\"@type\":\"ImageObject\",\"inLanguage\":\"en-GB\",\"@id\":\"https:\\\/\\\/buletin.de\\\/bucuresti\\\/wp-content\\\/uploads\\\/9-2-96x96.jpg1e8590b30871d70e62ebcdaf2eff570c\",\"url\":\"https:\\\/\\\/buletin.de\\\/bucuresti\\\/wp-content\\\/uploads\\\/9-2-96x96.jpg\",\"contentUrl\":\"https:\\\/\\\/buletin.de\\\/bucuresti\\\/wp-content\\\/uploads\\\/9-2-96x96.jpg\",\"caption\":\"Diana Matei\"},\"url\":\"https:\\\/\\\/buletin.de\\\/bucuresti\\\/author\\\/dianamatei\\\/\"}]}<\/script>\n<!-- \/ Yoast SEO Premium plugin. -->","yoast_head_json":{"title":"\u201eCupa Titan\u201d \u00een parcul Alexandru Ioan Cuza, s\u00e2mb\u0103t\u0103 12 iulie - Buletin de Bucure\u0219ti","description":"Iubitorii de sporturi nautice (caiac, canoe, SUP \u0219i rafting) \u00ee\u0219i vor disputa s\u00e2mb\u0103t\u0103, 12 iulie, \u201eCupa Titan\u201d, pe lacul Titan.","robots":{"index":"index","follow":"follow","max-snippet":"max-snippet:-1","max-image-preview":"max-image-preview:large","max-video-preview":"max-video-preview:-1"},"canonical":"https:\/\/buletin.de\/bucuresti\/cupa-titan-in-parcul-alexandru-ioan-cuza-sambata-12-iulie\/","og_locale":"en_GB","og_type":"article","og_title":"\u201eCupa Titan\u201d \u00een parcul Alexandru Ioan Cuza, s\u00e2mb\u0103t\u0103 12 iulie","og_description":"Iubitorii de sporturi nautice (caiac, canoe, SUP \u0219i rafting) \u00ee\u0219i vor disputa s\u00e2mb\u0103t\u0103, 12 iulie, \u201eCupa Titan\u201d, pe lacul Titan.","og_url":"https:\/\/buletin.de\/bucuresti\/cupa-titan-in-parcul-alexandru-ioan-cuza-sambata-12-iulie\/","og_site_name":"Buletin de Bucure\u0219ti","article_publisher":"https:\/\/www.facebook.com\/buletin.de.buc","article_published_time":"2025-07-12T06:18:21+00:00","article_modified_time":"2025-07-12T08:59:27+00:00","og_image":[{"width":1156,"height":672,"url":"https:\/\/buletin.de\/bucuresti\/wp-content\/uploads\/2025\/07\/cupatitangallery.jpg","type":"image\/jpeg"}],"author":"Diana Matei","twitter_card":"summary_large_image","twitter_misc":{"Written by":"Diana Matei","Estimated reading time":"2 minutes"},"schema":{"@context":"https:\/\/schema.org","@graph":[{"@type":"Article","@id":"https:\/\/buletin.de\/bucuresti\/cupa-titan-in-parcul-alexandru-ioan-cuza-sambata-12-iulie\/#article","isPartOf":{"@id":"https:\/\/buletin.de\/bucuresti\/cupa-titan-in-parcul-alexandru-ioan-cuza-sambata-12-iulie\/"},"author":{"name":"Diana Matei","@id":"https:\/\/buletin.de\/bucuresti\/#\/schema\/person\/7e46040573290777280a0835d81ea4ea"},"headline":"\u201eCupa Titan\u201d \u00een parcul Alexandru Ioan Cuza, s\u00e2mb\u0103t\u0103 12 iulie","datePublished":"2025-07-12T06:18:21+00:00","dateModified":"2025-07-12T08:59:27+00:00","mainEntityOfPage":{"@id":"https:\/\/buletin.de\/bucuresti\/cupa-titan-in-parcul-alexandru-ioan-cuza-sambata-12-iulie\/"},"wordCount":395,"publisher":{"@id":"https:\/\/buletin.de\/bucuresti\/#organization"},"image":{"@id":"https:\/\/buletin.de\/bucuresti\/cupa-titan-in-parcul-alexandru-ioan-cuza-sambata-12-iulie\/#primaryimage"},"thumbnailUrl":"https:\/\/buletin.de\/bucuresti\/wp-content\/uploads\/2025\/07\/cupatitangallery.jpg","keywords":["cupa pescuit","cupa titan","Sector 3"],"articleSection":["Articole","Diverse","\u0218tiri"],"inLanguage":"en-GB","copyrightYear":"2025","copyrightHolder":{"@id":"https:\/\/buletin.de\/bucuresti\/#organization"}},{"@type":"WebPage","@id":"https:\/\/buletin.de\/bucuresti\/cupa-titan-in-parcul-alexandru-ioan-cuza-sambata-12-iulie\/","url":"https:\/\/buletin.de\/bucuresti\/cupa-titan-in-parcul-alexandru-ioan-cuza-sambata-12-iulie\/","name":"\u201eCupa Titan\u201d \u00een parcul Alexandru Ioan Cuza, s\u00e2mb\u0103t\u0103 12 iulie - Buletin de Bucure\u0219ti","isPartOf":{"@id":"https:\/\/buletin.de\/bucuresti\/#website"},"primaryImageOfPage":{"@id":"https:\/\/buletin.de\/bucuresti\/cupa-titan-in-parcul-alexandru-ioan-cuza-sambata-12-iulie\/#primaryimage"},"image":{"@id":"https:\/\/buletin.de\/bucuresti\/cupa-titan-in-parcul-alexandru-ioan-cuza-sambata-12-iulie\/#primaryimage"},"thumbnailUrl":"https:\/\/buletin.de\/bucuresti\/wp-content\/uploads\/2025\/07\/cupatitangallery.jpg","datePublished":"2025-07-12T06:18:21+00:00","dateModified":"2025-07-12T08:59:27+00:00","description":"Iubitorii de sporturi nautice (caiac, canoe, SUP \u0219i rafting) \u00ee\u0219i vor disputa s\u00e2mb\u0103t\u0103, 12 iulie, \u201eCupa Titan\u201d, pe lacul Titan.","breadcrumb":{"@id":"https:\/\/buletin.de\/bucuresti\/cupa-titan-in-parcul-alexandru-ioan-cuza-sambata-12-iulie\/#breadcrumb"},"inLanguage":"en-GB","potentialAction":[{"@type":"ReadAction","target":["https:\/\/buletin.de\/bucuresti\/cupa-titan-in-parcul-alexandru-ioan-cuza-sambata-12-iulie\/"]}]},{"@type":"ImageObject","inLanguage":"en-GB","@id":"https:\/\/buletin.de\/bucuresti\/cupa-titan-in-parcul-alexandru-ioan-cuza-sambata-12-iulie\/#primaryimage","url":"https:\/\/buletin.de\/bucuresti\/wp-content\/uploads\/2025\/07\/cupatitangallery.jpg","contentUrl":"https:\/\/buletin.de\/bucuresti\/wp-content\/uploads\/2025\/07\/cupatitangallery.jpg","width":1156,"height":672,"caption":"\u201eCupa Titan\u201d \u00een parcul Alexandru Ioan Cuza, s\u00e2mb\u0103t\u0103 12 iulie. PS3"},{"@type":"BreadcrumbList","@id":"https:\/\/buletin.de\/bucuresti\/cupa-titan-in-parcul-alexandru-ioan-cuza-sambata-12-iulie\/#breadcrumb","itemListElement":[{"@type":"ListItem","position":1,"name":"Acas\u0103","item":"https:\/\/buletin.de\/bucuresti\/"},{"@type":"ListItem","position":2,"name":"\u201eCupa Titan\u201d \u00een parcul Alexandru Ioan Cuza, s\u00e2mb\u0103t\u0103 12 iulie"}]},{"@type":"WebSite","@id":"https:\/\/buletin.de\/bucuresti\/#website","url":"https:\/\/buletin.de\/bucuresti\/","name":"Buletin de Bucure\u0219ti","description":"\u0218tiri \u0219i investiga\u021bii esen\u021biale din capital\u0103","publisher":{"@id":"https:\/\/buletin.de\/bucuresti\/#organization"},"potentialAction":[{"@type":"SearchAction","target":{"@type":"EntryPoint","urlTemplate":"https:\/\/buletin.de\/bucuresti\/?s={search_term_string}"},"query-input":{"@type":"PropertyValueSpecification","valueRequired":true,"valueName":"search_term_string"}}],"inLanguage":"en-GB"},{"@type":"Organization","@id":"https:\/\/buletin.de\/bucuresti\/#organization","name":"Buletin de Bucure\u0219ti","url":"https:\/\/buletin.de\/bucuresti\/","logo":{"@type":"ImageObject","inLanguage":"en-GB","@id":"https:\/\/buletin.de\/bucuresti\/#\/schema\/logo\/image\/","url":"https:\/\/buletin.de\/bucuresti\/wp-content\/uploads\/logo-bdb-full-wide-vernil-transparent.png","contentUrl":"https:\/\/buletin.de\/bucuresti\/wp-content\/uploads\/logo-bdb-full-wide-vernil-transparent.png","width":1782,"height":626,"caption":"Buletin de Bucure\u0219ti"},"image":{"@id":"https:\/\/buletin.de\/bucuresti\/#\/schema\/logo\/image\/"},"sameAs":["https:\/\/www.facebook.com\/buletin.de.buc","https:\/\/www.instagram.com\/buletinde.bucuresti\/"]},{"@type":"Person","@id":"https:\/\/buletin.de\/bucuresti\/#\/schema\/person\/7e46040573290777280a0835d81ea4ea","name":"Diana Matei","image":{"@type":"ImageObject","inLanguage":"en-GB","@id":"https:\/\/buletin.de\/bucuresti\/wp-content\/uploads\/9-2-96x96.jpg1e8590b30871d70e62ebcdaf2eff570c","url":"https:\/\/buletin.de\/bucuresti\/wp-content\/uploads\/9-2-96x96.jpg","contentUrl":"https:\/\/buletin.de\/bucuresti\/wp-content\/uploads\/9-2-96x96.jpg","caption":"Diana Matei"},"url":"https:\/\/buletin.de\/bucuresti\/author\/dianamatei\/"}]}},"authors":[{"term_id":22574,"user_id":49,"is_guest":0,"slug":"dianamatei","display_name":"Diana Matei","avatar_url":"https:\/\/buletin.de\/bucuresti\/wp-content\/uploads\/9-2-96x96.jpg","0":null,"1":"","2":"","3":"","4":"","5":"","6":"","7":"","8":""}],"_links":{"self":[{"href":"https:\/\/buletin.de\/bucuresti\/wp-json\/wp\/v2\/posts\/138556","targetHints":{"allow":["GET"]}}],"collection":[{"href":"https:\/\/buletin.de\/bucuresti\/wp-json\/wp\/v2\/posts"}],"about":[{"href":"https:\/\/buletin.de\/bucuresti\/wp-json\/wp\/v2\/types\/post"}],"author":[{"embeddable":true,"href":"https:\/\/buletin.de\/bucuresti\/wp-json\/wp\/v2\/users\/49"}],"replies":[{"embeddable":true,"href":"https:\/\/buletin.de\/bucuresti\/wp-json\/wp\/v2\/comments?post=138556"}],"version-history":[{"count":2,"href":"https:\/\/buletin.de\/bucuresti\/wp-json\/wp\/v2\/posts\/138556\/revisions"}],"predecessor-version":[{"id":138702,"href":"https:\/\/buletin.de\/bucuresti\/wp-json\/wp\/v2\/posts\/138556\/revisions\/138702"}],"wp:featuredmedia":[{"embeddable":true,"href":"https:\/\/buletin.de\/bucuresti\/wp-json\/wp\/v2\/media\/138558"}],"wp:attachment":[{"href":"https:\/\/buletin.de\/bucuresti\/wp-json\/wp\/v2\/media?parent=138556"}],"wp:term":[{"taxonomy":"category","embeddable":true,"href":"https:\/\/buletin.de\/bucuresti\/wp-json\/wp\/v2\/categories?post=138556"},{"taxonomy":"post_tag","embeddable":true,"href":"https:\/\/buletin.de\/bucuresti\/wp-json\/wp\/v2\/tags?post=138556"},{"taxonomy":"author","embeddable":true,"href":"https:\/\/buletin.de\/bucuresti\/wp-json\/wp\/v2\/ppma_author?post=138556"}],"curies":[{"name":"wp","href":"https:\/\/api.w.org\/{rel}","templated":true}]}}