{"id":138433,"date":"2025-07-11T10:09:00","date_gmt":"2025-07-11T07:09:00","guid":{"rendered":"https:\/\/buletin.de\/bucuresti\/?p=138433"},"modified":"2025-07-10T23:11:25","modified_gmt":"2025-07-10T20:11:25","slug":"invata-jurnalism-la-politehnica-bucuresti-noi-programe-de-licenta-pentru-admiterea-2025","status":"publish","type":"post","link":"https:\/\/buletin.de\/bucuresti\/invata-jurnalism-la-politehnica-bucuresti-noi-programe-de-licenta-pentru-admiterea-2025\/","title":{"rendered":"\u00cenva\u021b\u0103 jurnalism la Politehnica Bucure\u0219ti. Noi programe de licen\u021b\u0103 pentru admiterea 2025"},"content":{"rendered":"\n<p><strong>Jurnalism la Politehnica Bucure\u0219ti. Universitatea tehnic\u0103 lanseaz\u0103 dou\u0103 noi programe de licen\u021b\u0103, potrivit unui<a href=\"https:\/\/www.facebook.com\/share\/p\/16kHsEcwg2\/\"> comunicat<\/a> al institu\u021biei. Cei interesa\u021bi se pot \u00eenscrie p\u00e2n\u0103 pe data de 21 iulie.<\/strong><\/p>\n\n\n\n<p>Ambele programe, Jurnalism \u0219i Media Digital\u0103, au o durat\u0103 a studiilor de trei ani. M\u0103sura introducerii acestor dou\u0103 noi programe vine ca urmare a dorin\u021bei manifestat\u0103 de institu\u021bie de a se adapta la realitatea digital\u0103 \u00een care tr\u0103im, dup\u0103 cum a transmis universitatea.<\/p>\n\n\n\n<p>La finalul studiilor, absolven\u021bii pot alege cariere precum Marketing Digital, Design Grafic sau Dezvoltare Web. \u00cen cel\u0103lalt caz, viitorii licen\u021bia\u021bi \u00een jurnalism vor putea ajunge s\u0103 se angajeze ca editori de \u0219tiri TV, editoriali\u0219ti sau redactori.<\/p>\n\n\n\n<h2 class=\"wp-block-heading\" id=\"h-ce-trebuie-sa-faci-pentru-a-inva\u021ba-jurnalism-la-politehnica-bucure\u0219ti\">Ce trebuie s\u0103 faci pentru a \u00eenv\u0103\u021ba jurnalism la Politehnica Bucure\u0219ti<\/h2>\n\n\n\n<p>\u00cen ceea ce prive\u0219te dosarul de admitere, acesta este format din:<\/p>\n\n\n\n<ul class=\"wp-block-list\">\n<li>copie a certificatului de na\u0219tere<\/li>\n\n\n\n<li>copie a actului de identitate<\/li>\n\n\n\n<li>fotografie tip pa\u0219aport<\/li>\n\n\n\n<li>foaia matricol\u0103 sau, dup\u0103 caz, alte documente din care s\u0103 reias\u0103 situa\u021bia \u0219colar\u0103 \u00een liceu<\/li>\n\n\n\n<li>documente care s\u0103 ateste rezultatele ob\u021binute de candidat la o serie de activit\u0103\u021bi suplimentare pecare acesta le-a desf\u0103\u0219urat \u00een anii de liceu, \u00een func\u021bie de facultate<\/li>\n\n\n\n<li>dovada achit\u0103rii taxei de \u00eenscriere sau alte documente din care s\u0103 reias\u0103 statutul de scutit de la plata taxei, conform metodologiilor \u00een vigoare<\/li>\n\n\n\n<li>cerere de \u00eenscriere<\/li>\n\n\n\n<li>declara\u021bie pe proprie r\u0103spundere semnat\u0103 de candidat, privind veridicitatea datelor \u0219i a documentelor furnizate<\/li>\n\n\n\n<li>adeverin\u021b\u0103 medical\u0103 din care s\u0103 rezulte c\u0103 este apt medical pentru domeniul\/domeniile de studiu din cadrul UPB la care candideaz\u0103, emis\u0103 cu maxim 30 de zile \u00eenainte de \u00eenscrierea la concurs<\/li>\n\n\n\n<li>copie a documentului\/documentelor care fac dovada cunoa\u0219terii unei limbi str\u0103ine pentru candida\u021bii care opteaz\u0103 la programe de studii \u0219colarizate \u00een limbi str\u0103ine (englez\u0103, francez\u0103, german\u0103)<\/li>\n<\/ul>\n\n\n\n<p><strong>CITE\u0218TE \u0218I: <a href=\"https:\/\/buletin.de\/bucuresti\/inscrierea-la-cea-de-a-doua-sesiune-a-bacalaureatului-incepe-luni-in-capitala-2-757-absolventi-de-liceu-nu-au-promovat-prima-sesiune\/\" target=\"_blank\" rel=\"noreferrer noopener\">\u00censcrierea la cea de-a doua sesiune a Bacalaureatului \u00eencepe luni. \u00cen Capital\u0103, 2.757 absolven\u021bi de liceu nu au promovat prima sesiune.<\/a><\/strong><\/p>\n\n\n\n<h2 class=\"wp-block-heading\" id=\"h-rezultatele-la-proba-de-admitere-constituie-80-din-media-de-admitere\">Rezultatele la proba de admitere constituie 80% din media de admitere<\/h2>\n\n\n\n<p>Admiterea 2025 la Politehnica Bucure\u0219ti (UPB) a \u00eenceput cu faza de preadmitere la finalul lui martie cu un examen anticipat pentru facult\u0103\u021bile din centrele universitare din Capital\u0103 \u0219i Pite\u0219ti. <\/p>\n\n\n\n<p>\u00cen func\u021bie de facultatea aleas\u0103 \u0219i specificul s\u0103u candida\u021bii au fost preadmi\u0219i prin concurs de dosare, probe scrise, probe voca\u021bionale sau probe mixte. Prin acela\u0219i proces vor trece \u0219i \u00een cadrul primei sesiuni de admitere organizate.<\/p>\n\n\n\n<p>C\u00e2t despre examenul propriu-zis, acesta se mai desf\u0103\u0219oar\u0103 la doar dou\u0103 dintre facult\u0103\u021bile aflate \u00een centrul universitar din Bucure\u0219ti: la Facultatea de Automatic\u0103 \u0219i Calculatoare c\u00e2t \u0219i la Electronic\u0103, Telecomunica\u021bii \u0219i Tehnologia Informa\u021biei. Aici, elevii din anii terminali ai liceului sunt nevoi\u021bi s\u0103 sus\u021bin\u0103 probe scrise. care vizeaz\u0103 competen\u021bele candida\u021bilor la Matematic\u0103 \u0219i Informatic\u0103\/Fizic\u0103. <\/p>\n\n\n\n<p>Rezultatele la proba de admitere constituie 80% din media de admitere.<\/p>\n\n\n\n<p>Pentru cele 19 facult\u0103\u021bi r\u0103mase din cadrul Politehnicii, \u00een schimb, admiterea se realizeaz\u0103 pe baz\u0103 de dosar. \u00cen acest timp de concurs se iau \u00een calcul mediile din clasele IX-XI pentru cele dou\u0103 discipline de concurs. Disciplinele ale c\u0103ror medii vor stabili admiterea la programul dorit sunt stabilite de fiecare facultate, \u0219i pot fi consultate pe&nbsp;<a href=\"https:\/\/admitere.pub.ro\/Admitere\/site\/infogen\">site-ul institu\u021biei<\/a>.<\/p>\n\n\n\n<p><strong>CITE\u0218TE \u0218I: <a href=\"https:\/\/buletin.de\/bucuresti\/temperaturile-cresc-in-weekend-in-bucuresti\/\" target=\"_blank\" rel=\"noreferrer noopener\">METEO | Temperaturile cresc \u00een weekend, \u00een Bucure\u0219ti. Vremea redevine canicular\u0103 s\u0103pt\u0103m\u00e2na viitoare<\/a><\/strong><\/p>\n\n\n\n<p><\/p>\n","protected":false},"excerpt":{"rendered":"<p>Jurnalism la Politehnica Bucure\u0219ti. Universitatea tehnic\u0103 lanseaz\u0103 dou\u0103 noi programe de licen\u021b\u0103, potrivit unui comunicat al institu\u021biei. Cei interesa\u021bi se pot \u00eenscrie p\u00e2n\u0103 pe data de 21 iulie. Ambele programe, Jurnalism \u0219i Media Digital\u0103, au o durat\u0103 a studiilor de trei ani. M\u0103sura introducerii acestor dou\u0103 noi programe vine ca urmare a dorin\u021bei manifestat\u0103 de [&hellip;]<\/p>\n","protected":false},"author":61,"featured_media":138444,"comment_status":"closed","ping_status":"open","sticky":false,"template":"","format":"standard","meta":{"_acf_changed":false,"inline_featured_image":false,"ngg_post_thumbnail":0,"footnotes":""},"categories":[6994,3421,5762],"tags":[5581,22368,22712,22,22713,1489,5521],"ppma_author":[22577],"class_list":["post-138433","post","type-post","status-publish","format-standard","has-post-thumbnail","hentry","category-stiri-2","category-educatie","category-main","tag-facultatea-de-jurnalism","tag-inscriere-facultate","tag-inscriere-politehnica","tag-jurnalism","tag-media-digitala","tag-politehnica-bucuresti","tag-upb"],"acf":[],"yoast_head":"<!-- This site is optimized with the Yoast SEO Premium plugin v25.3 (Yoast SEO v27.5) - https:\/\/yoast.com\/product\/yoast-seo-premium-wordpress\/ -->\n<title>\u00cenva\u021b\u0103 jurnalism la Politehnica Bucure\u0219ti. Noi programe de licen\u021b\u0103 pentru admiterea 2025 - Buletin de Bucure\u0219ti<\/title>\n<meta name=\"description\" content=\"Jurnalism la Politehnica Bucure\u0219ti. Universitatea tehnic\u0103 lanseaz\u0103 dou\u0103 noi programe de licen\u021b\u0103. \u00censcrieri p\u00e2n\u0103 pe 21 iulie.\" \/>\n<meta name=\"robots\" content=\"index, follow, max-snippet:-1, max-image-preview:large, max-video-preview:-1\" \/>\n<link rel=\"canonical\" href=\"https:\/\/buletin.de\/bucuresti\/invata-jurnalism-la-politehnica-bucuresti-noi-programe-de-licenta-pentru-admiterea-2025\/\" \/>\n<meta property=\"og:locale\" content=\"en_GB\" \/>\n<meta property=\"og:type\" content=\"article\" \/>\n<meta property=\"og:title\" content=\"\u00cenva\u021b\u0103 jurnalism la Politehnica Bucure\u0219ti. Noi programe de licen\u021b\u0103 pentru admiterea 2025\" \/>\n<meta property=\"og:description\" content=\"Jurnalism la Politehnica Bucure\u0219ti. Universitatea tehnic\u0103 lanseaz\u0103 dou\u0103 noi programe de licen\u021b\u0103. \u00censcrieri p\u00e2n\u0103 pe 21 iulie.\" \/>\n<meta property=\"og:url\" content=\"https:\/\/buletin.de\/bucuresti\/invata-jurnalism-la-politehnica-bucuresti-noi-programe-de-licenta-pentru-admiterea-2025\/\" \/>\n<meta property=\"og:site_name\" content=\"Buletin de Bucure\u0219ti\" \/>\n<meta property=\"article:publisher\" content=\"https:\/\/www.facebook.com\/buletin.de.buc\" \/>\n<meta property=\"article:published_time\" content=\"2025-07-11T07:09:00+00:00\" \/>\n<meta property=\"og:image\" content=\"https:\/\/buletin.de\/bucuresti\/wp-content\/uploads\/2025\/07\/ID215917_INQUAM_Photos_George_Calin-scaled.jpg\" \/>\n\t<meta property=\"og:image:width\" content=\"2560\" \/>\n\t<meta property=\"og:image:height\" content=\"1707\" \/>\n\t<meta property=\"og:image:type\" content=\"image\/jpeg\" \/>\n<meta name=\"author\" content=\"Alexandru Stan\" \/>\n<meta name=\"twitter:card\" content=\"summary_large_image\" \/>\n<meta name=\"twitter:label1\" content=\"Written by\" \/>\n\t<meta name=\"twitter:data1\" content=\"Alexandru Stan\" \/>\n\t<meta name=\"twitter:label2\" content=\"Estimated reading time\" \/>\n\t<meta name=\"twitter:data2\" content=\"3 minutes\" \/>\n<script type=\"application\/ld+json\" class=\"yoast-schema-graph\">{\"@context\":\"https:\\\/\\\/schema.org\",\"@graph\":[{\"@type\":\"Article\",\"@id\":\"https:\\\/\\\/buletin.de\\\/bucuresti\\\/invata-jurnalism-la-politehnica-bucuresti-noi-programe-de-licenta-pentru-admiterea-2025\\\/#article\",\"isPartOf\":{\"@id\":\"https:\\\/\\\/buletin.de\\\/bucuresti\\\/invata-jurnalism-la-politehnica-bucuresti-noi-programe-de-licenta-pentru-admiterea-2025\\\/\"},\"author\":{\"name\":\"Alexandru Stan\",\"@id\":\"https:\\\/\\\/buletin.de\\\/bucuresti\\\/#\\\/schema\\\/person\\\/104a46bbe8be6e336fecf63974383951\"},\"headline\":\"\u00cenva\u021b\u0103 jurnalism la Politehnica Bucure\u0219ti. Noi programe de licen\u021b\u0103 pentru admiterea 2025\",\"datePublished\":\"2025-07-11T07:09:00+00:00\",\"mainEntityOfPage\":{\"@id\":\"https:\\\/\\\/buletin.de\\\/bucuresti\\\/invata-jurnalism-la-politehnica-bucuresti-noi-programe-de-licenta-pentru-admiterea-2025\\\/\"},\"wordCount\":585,\"publisher\":{\"@id\":\"https:\\\/\\\/buletin.de\\\/bucuresti\\\/#organization\"},\"image\":{\"@id\":\"https:\\\/\\\/buletin.de\\\/bucuresti\\\/invata-jurnalism-la-politehnica-bucuresti-noi-programe-de-licenta-pentru-admiterea-2025\\\/#primaryimage\"},\"thumbnailUrl\":\"https:\\\/\\\/buletin.de\\\/bucuresti\\\/wp-content\\\/uploads\\\/2025\\\/07\\\/ID215917_INQUAM_Photos_George_Calin-scaled.jpg\",\"keywords\":[\"Facultatea de Jurnalism\",\"\u00eenscriere facultate\",\"\u00eenscriere politehnica\",\"jurnalism\",\"media digital\u0103\",\"politehnica bucuresti\",\"upb\"],\"articleSection\":[\"Articole\",\"Educa\u021bie\",\"Main\"],\"inLanguage\":\"en-GB\",\"copyrightYear\":\"2025\",\"copyrightHolder\":{\"@id\":\"https:\\\/\\\/buletin.de\\\/bucuresti\\\/#organization\"}},{\"@type\":\"WebPage\",\"@id\":\"https:\\\/\\\/buletin.de\\\/bucuresti\\\/invata-jurnalism-la-politehnica-bucuresti-noi-programe-de-licenta-pentru-admiterea-2025\\\/\",\"url\":\"https:\\\/\\\/buletin.de\\\/bucuresti\\\/invata-jurnalism-la-politehnica-bucuresti-noi-programe-de-licenta-pentru-admiterea-2025\\\/\",\"name\":\"\u00cenva\u021b\u0103 jurnalism la Politehnica Bucure\u0219ti. Noi programe de licen\u021b\u0103 pentru admiterea 2025 - Buletin de Bucure\u0219ti\",\"isPartOf\":{\"@id\":\"https:\\\/\\\/buletin.de\\\/bucuresti\\\/#website\"},\"primaryImageOfPage\":{\"@id\":\"https:\\\/\\\/buletin.de\\\/bucuresti\\\/invata-jurnalism-la-politehnica-bucuresti-noi-programe-de-licenta-pentru-admiterea-2025\\\/#primaryimage\"},\"image\":{\"@id\":\"https:\\\/\\\/buletin.de\\\/bucuresti\\\/invata-jurnalism-la-politehnica-bucuresti-noi-programe-de-licenta-pentru-admiterea-2025\\\/#primaryimage\"},\"thumbnailUrl\":\"https:\\\/\\\/buletin.de\\\/bucuresti\\\/wp-content\\\/uploads\\\/2025\\\/07\\\/ID215917_INQUAM_Photos_George_Calin-scaled.jpg\",\"datePublished\":\"2025-07-11T07:09:00+00:00\",\"description\":\"Jurnalism la Politehnica Bucure\u0219ti. Universitatea tehnic\u0103 lanseaz\u0103 dou\u0103 noi programe de licen\u021b\u0103. \u00censcrieri p\u00e2n\u0103 pe 21 iulie.\",\"breadcrumb\":{\"@id\":\"https:\\\/\\\/buletin.de\\\/bucuresti\\\/invata-jurnalism-la-politehnica-bucuresti-noi-programe-de-licenta-pentru-admiterea-2025\\\/#breadcrumb\"},\"inLanguage\":\"en-GB\",\"potentialAction\":[{\"@type\":\"ReadAction\",\"target\":[\"https:\\\/\\\/buletin.de\\\/bucuresti\\\/invata-jurnalism-la-politehnica-bucuresti-noi-programe-de-licenta-pentru-admiterea-2025\\\/\"]}]},{\"@type\":\"ImageObject\",\"inLanguage\":\"en-GB\",\"@id\":\"https:\\\/\\\/buletin.de\\\/bucuresti\\\/invata-jurnalism-la-politehnica-bucuresti-noi-programe-de-licenta-pentru-admiterea-2025\\\/#primaryimage\",\"url\":\"https:\\\/\\\/buletin.de\\\/bucuresti\\\/wp-content\\\/uploads\\\/2025\\\/07\\\/ID215917_INQUAM_Photos_George_Calin-scaled.jpg\",\"contentUrl\":\"https:\\\/\\\/buletin.de\\\/bucuresti\\\/wp-content\\\/uploads\\\/2025\\\/07\\\/ID215917_INQUAM_Photos_George_Calin-scaled.jpg\",\"width\":2560,\"height\":1707,\"caption\":\"Politehnica Bucure\u0219ti lanseaz\u0103 dou\u0103 noi programe de licen\u021b\u0103. \u00censcrierea, deschis\u0103 p\u00e2n\u0103 pe 21 iulie | FOTO: imagine cu caracter ilustrativ Inquam Photos \\\/ George C\u0103lin\"},{\"@type\":\"BreadcrumbList\",\"@id\":\"https:\\\/\\\/buletin.de\\\/bucuresti\\\/invata-jurnalism-la-politehnica-bucuresti-noi-programe-de-licenta-pentru-admiterea-2025\\\/#breadcrumb\",\"itemListElement\":[{\"@type\":\"ListItem\",\"position\":1,\"name\":\"Acas\u0103\",\"item\":\"https:\\\/\\\/buletin.de\\\/bucuresti\\\/\"},{\"@type\":\"ListItem\",\"position\":2,\"name\":\"\u00cenva\u021b\u0103 jurnalism la Politehnica Bucure\u0219ti. Noi programe de licen\u021b\u0103 pentru admiterea 2025\"}]},{\"@type\":\"WebSite\",\"@id\":\"https:\\\/\\\/buletin.de\\\/bucuresti\\\/#website\",\"url\":\"https:\\\/\\\/buletin.de\\\/bucuresti\\\/\",\"name\":\"Buletin de Bucure\u0219ti\",\"description\":\"\u0218tiri \u0219i investiga\u021bii esen\u021biale din capital\u0103\",\"publisher\":{\"@id\":\"https:\\\/\\\/buletin.de\\\/bucuresti\\\/#organization\"},\"potentialAction\":[{\"@type\":\"SearchAction\",\"target\":{\"@type\":\"EntryPoint\",\"urlTemplate\":\"https:\\\/\\\/buletin.de\\\/bucuresti\\\/?s={search_term_string}\"},\"query-input\":{\"@type\":\"PropertyValueSpecification\",\"valueRequired\":true,\"valueName\":\"search_term_string\"}}],\"inLanguage\":\"en-GB\"},{\"@type\":\"Organization\",\"@id\":\"https:\\\/\\\/buletin.de\\\/bucuresti\\\/#organization\",\"name\":\"Buletin de Bucure\u0219ti\",\"url\":\"https:\\\/\\\/buletin.de\\\/bucuresti\\\/\",\"logo\":{\"@type\":\"ImageObject\",\"inLanguage\":\"en-GB\",\"@id\":\"https:\\\/\\\/buletin.de\\\/bucuresti\\\/#\\\/schema\\\/logo\\\/image\\\/\",\"url\":\"https:\\\/\\\/buletin.de\\\/bucuresti\\\/wp-content\\\/uploads\\\/logo-bdb-full-wide-vernil-transparent.png\",\"contentUrl\":\"https:\\\/\\\/buletin.de\\\/bucuresti\\\/wp-content\\\/uploads\\\/logo-bdb-full-wide-vernil-transparent.png\",\"width\":1782,\"height\":626,\"caption\":\"Buletin de Bucure\u0219ti\"},\"image\":{\"@id\":\"https:\\\/\\\/buletin.de\\\/bucuresti\\\/#\\\/schema\\\/logo\\\/image\\\/\"},\"sameAs\":[\"https:\\\/\\\/www.facebook.com\\\/buletin.de.buc\",\"https:\\\/\\\/www.instagram.com\\\/buletinde.bucuresti\\\/\"]},{\"@type\":\"Person\",\"@id\":\"https:\\\/\\\/buletin.de\\\/bucuresti\\\/#\\\/schema\\\/person\\\/104a46bbe8be6e336fecf63974383951\",\"name\":\"Alexandru Stan\",\"image\":{\"@type\":\"ImageObject\",\"inLanguage\":\"en-GB\",\"@id\":\"https:\\\/\\\/buletin.de\\\/bucuresti\\\/wp-content\\\/uploads\\\/2025\\\/12\\\/IMG-20251216-WA0045-e1766134343668-96x96.jpgd0ca12809ae3e1d27116a2afe8926544\",\"url\":\"https:\\\/\\\/buletin.de\\\/bucuresti\\\/wp-content\\\/uploads\\\/2025\\\/12\\\/IMG-20251216-WA0045-e1766134343668-96x96.jpg\",\"contentUrl\":\"https:\\\/\\\/buletin.de\\\/bucuresti\\\/wp-content\\\/uploads\\\/2025\\\/12\\\/IMG-20251216-WA0045-e1766134343668-96x96.jpg\",\"caption\":\"Alexandru Stan\"},\"description\":\"Sunt elev la un colegiu de prestigiu din Capital\u0103 \u0219i reporter la Buletin de Bucure\u0219ti. M-am n\u0103scut \u0219i am crescut cu m\u00e2ndrie \u00een Capital\u0103, ora\u0219 al pove\u0219tilor, al tramvaiului tras de cai \u0219i al c\u0103su\u021belor cu porti\u021b\u0103 \u0219i ci\u0219mea. Prin articolele mele, m\u0103 str\u0103duiesc s\u0103 descriu cu acurate\u021be via\u021ba din Bucure\u0219ti pe ecranele cititorilor no\u0219tri \u0219i \u00eencerc totodat\u0103 s\u0103 fac accesibile subiecte de interes general tuturor, de la mic la mare.\",\"url\":\"https:\\\/\\\/buletin.de\\\/bucuresti\\\/author\\\/alexandru-stan\\\/\"}]}<\/script>\n<!-- \/ Yoast SEO Premium plugin. -->","yoast_head_json":{"title":"\u00cenva\u021b\u0103 jurnalism la Politehnica Bucure\u0219ti. Noi programe de licen\u021b\u0103 pentru admiterea 2025 - Buletin de Bucure\u0219ti","description":"Jurnalism la Politehnica Bucure\u0219ti. Universitatea tehnic\u0103 lanseaz\u0103 dou\u0103 noi programe de licen\u021b\u0103. \u00censcrieri p\u00e2n\u0103 pe 21 iulie.","robots":{"index":"index","follow":"follow","max-snippet":"max-snippet:-1","max-image-preview":"max-image-preview:large","max-video-preview":"max-video-preview:-1"},"canonical":"https:\/\/buletin.de\/bucuresti\/invata-jurnalism-la-politehnica-bucuresti-noi-programe-de-licenta-pentru-admiterea-2025\/","og_locale":"en_GB","og_type":"article","og_title":"\u00cenva\u021b\u0103 jurnalism la Politehnica Bucure\u0219ti. Noi programe de licen\u021b\u0103 pentru admiterea 2025","og_description":"Jurnalism la Politehnica Bucure\u0219ti. Universitatea tehnic\u0103 lanseaz\u0103 dou\u0103 noi programe de licen\u021b\u0103. \u00censcrieri p\u00e2n\u0103 pe 21 iulie.","og_url":"https:\/\/buletin.de\/bucuresti\/invata-jurnalism-la-politehnica-bucuresti-noi-programe-de-licenta-pentru-admiterea-2025\/","og_site_name":"Buletin de Bucure\u0219ti","article_publisher":"https:\/\/www.facebook.com\/buletin.de.buc","article_published_time":"2025-07-11T07:09:00+00:00","og_image":[{"width":2560,"height":1707,"url":"https:\/\/buletin.de\/bucuresti\/wp-content\/uploads\/2025\/07\/ID215917_INQUAM_Photos_George_Calin-scaled.jpg","type":"image\/jpeg"}],"author":"Alexandru Stan","twitter_card":"summary_large_image","twitter_misc":{"Written by":"Alexandru Stan","Estimated reading time":"3 minutes"},"schema":{"@context":"https:\/\/schema.org","@graph":[{"@type":"Article","@id":"https:\/\/buletin.de\/bucuresti\/invata-jurnalism-la-politehnica-bucuresti-noi-programe-de-licenta-pentru-admiterea-2025\/#article","isPartOf":{"@id":"https:\/\/buletin.de\/bucuresti\/invata-jurnalism-la-politehnica-bucuresti-noi-programe-de-licenta-pentru-admiterea-2025\/"},"author":{"name":"Alexandru Stan","@id":"https:\/\/buletin.de\/bucuresti\/#\/schema\/person\/104a46bbe8be6e336fecf63974383951"},"headline":"\u00cenva\u021b\u0103 jurnalism la Politehnica Bucure\u0219ti. Noi programe de licen\u021b\u0103 pentru admiterea 2025","datePublished":"2025-07-11T07:09:00+00:00","mainEntityOfPage":{"@id":"https:\/\/buletin.de\/bucuresti\/invata-jurnalism-la-politehnica-bucuresti-noi-programe-de-licenta-pentru-admiterea-2025\/"},"wordCount":585,"publisher":{"@id":"https:\/\/buletin.de\/bucuresti\/#organization"},"image":{"@id":"https:\/\/buletin.de\/bucuresti\/invata-jurnalism-la-politehnica-bucuresti-noi-programe-de-licenta-pentru-admiterea-2025\/#primaryimage"},"thumbnailUrl":"https:\/\/buletin.de\/bucuresti\/wp-content\/uploads\/2025\/07\/ID215917_INQUAM_Photos_George_Calin-scaled.jpg","keywords":["Facultatea de Jurnalism","\u00eenscriere facultate","\u00eenscriere politehnica","jurnalism","media digital\u0103","politehnica bucuresti","upb"],"articleSection":["Articole","Educa\u021bie","Main"],"inLanguage":"en-GB","copyrightYear":"2025","copyrightHolder":{"@id":"https:\/\/buletin.de\/bucuresti\/#organization"}},{"@type":"WebPage","@id":"https:\/\/buletin.de\/bucuresti\/invata-jurnalism-la-politehnica-bucuresti-noi-programe-de-licenta-pentru-admiterea-2025\/","url":"https:\/\/buletin.de\/bucuresti\/invata-jurnalism-la-politehnica-bucuresti-noi-programe-de-licenta-pentru-admiterea-2025\/","name":"\u00cenva\u021b\u0103 jurnalism la Politehnica Bucure\u0219ti. Noi programe de licen\u021b\u0103 pentru admiterea 2025 - Buletin de Bucure\u0219ti","isPartOf":{"@id":"https:\/\/buletin.de\/bucuresti\/#website"},"primaryImageOfPage":{"@id":"https:\/\/buletin.de\/bucuresti\/invata-jurnalism-la-politehnica-bucuresti-noi-programe-de-licenta-pentru-admiterea-2025\/#primaryimage"},"image":{"@id":"https:\/\/buletin.de\/bucuresti\/invata-jurnalism-la-politehnica-bucuresti-noi-programe-de-licenta-pentru-admiterea-2025\/#primaryimage"},"thumbnailUrl":"https:\/\/buletin.de\/bucuresti\/wp-content\/uploads\/2025\/07\/ID215917_INQUAM_Photos_George_Calin-scaled.jpg","datePublished":"2025-07-11T07:09:00+00:00","description":"Jurnalism la Politehnica Bucure\u0219ti. Universitatea tehnic\u0103 lanseaz\u0103 dou\u0103 noi programe de licen\u021b\u0103. \u00censcrieri p\u00e2n\u0103 pe 21 iulie.","breadcrumb":{"@id":"https:\/\/buletin.de\/bucuresti\/invata-jurnalism-la-politehnica-bucuresti-noi-programe-de-licenta-pentru-admiterea-2025\/#breadcrumb"},"inLanguage":"en-GB","potentialAction":[{"@type":"ReadAction","target":["https:\/\/buletin.de\/bucuresti\/invata-jurnalism-la-politehnica-bucuresti-noi-programe-de-licenta-pentru-admiterea-2025\/"]}]},{"@type":"ImageObject","inLanguage":"en-GB","@id":"https:\/\/buletin.de\/bucuresti\/invata-jurnalism-la-politehnica-bucuresti-noi-programe-de-licenta-pentru-admiterea-2025\/#primaryimage","url":"https:\/\/buletin.de\/bucuresti\/wp-content\/uploads\/2025\/07\/ID215917_INQUAM_Photos_George_Calin-scaled.jpg","contentUrl":"https:\/\/buletin.de\/bucuresti\/wp-content\/uploads\/2025\/07\/ID215917_INQUAM_Photos_George_Calin-scaled.jpg","width":2560,"height":1707,"caption":"Politehnica Bucure\u0219ti lanseaz\u0103 dou\u0103 noi programe de licen\u021b\u0103. \u00censcrierea, deschis\u0103 p\u00e2n\u0103 pe 21 iulie | FOTO: imagine cu caracter ilustrativ Inquam Photos \/ George C\u0103lin"},{"@type":"BreadcrumbList","@id":"https:\/\/buletin.de\/bucuresti\/invata-jurnalism-la-politehnica-bucuresti-noi-programe-de-licenta-pentru-admiterea-2025\/#breadcrumb","itemListElement":[{"@type":"ListItem","position":1,"name":"Acas\u0103","item":"https:\/\/buletin.de\/bucuresti\/"},{"@type":"ListItem","position":2,"name":"\u00cenva\u021b\u0103 jurnalism la Politehnica Bucure\u0219ti. Noi programe de licen\u021b\u0103 pentru admiterea 2025"}]},{"@type":"WebSite","@id":"https:\/\/buletin.de\/bucuresti\/#website","url":"https:\/\/buletin.de\/bucuresti\/","name":"Buletin de Bucure\u0219ti","description":"\u0218tiri \u0219i investiga\u021bii esen\u021biale din capital\u0103","publisher":{"@id":"https:\/\/buletin.de\/bucuresti\/#organization"},"potentialAction":[{"@type":"SearchAction","target":{"@type":"EntryPoint","urlTemplate":"https:\/\/buletin.de\/bucuresti\/?s={search_term_string}"},"query-input":{"@type":"PropertyValueSpecification","valueRequired":true,"valueName":"search_term_string"}}],"inLanguage":"en-GB"},{"@type":"Organization","@id":"https:\/\/buletin.de\/bucuresti\/#organization","name":"Buletin de Bucure\u0219ti","url":"https:\/\/buletin.de\/bucuresti\/","logo":{"@type":"ImageObject","inLanguage":"en-GB","@id":"https:\/\/buletin.de\/bucuresti\/#\/schema\/logo\/image\/","url":"https:\/\/buletin.de\/bucuresti\/wp-content\/uploads\/logo-bdb-full-wide-vernil-transparent.png","contentUrl":"https:\/\/buletin.de\/bucuresti\/wp-content\/uploads\/logo-bdb-full-wide-vernil-transparent.png","width":1782,"height":626,"caption":"Buletin de Bucure\u0219ti"},"image":{"@id":"https:\/\/buletin.de\/bucuresti\/#\/schema\/logo\/image\/"},"sameAs":["https:\/\/www.facebook.com\/buletin.de.buc","https:\/\/www.instagram.com\/buletinde.bucuresti\/"]},{"@type":"Person","@id":"https:\/\/buletin.de\/bucuresti\/#\/schema\/person\/104a46bbe8be6e336fecf63974383951","name":"Alexandru Stan","image":{"@type":"ImageObject","inLanguage":"en-GB","@id":"https:\/\/buletin.de\/bucuresti\/wp-content\/uploads\/2025\/12\/IMG-20251216-WA0045-e1766134343668-96x96.jpgd0ca12809ae3e1d27116a2afe8926544","url":"https:\/\/buletin.de\/bucuresti\/wp-content\/uploads\/2025\/12\/IMG-20251216-WA0045-e1766134343668-96x96.jpg","contentUrl":"https:\/\/buletin.de\/bucuresti\/wp-content\/uploads\/2025\/12\/IMG-20251216-WA0045-e1766134343668-96x96.jpg","caption":"Alexandru Stan"},"description":"Sunt elev la un colegiu de prestigiu din Capital\u0103 \u0219i reporter la Buletin de Bucure\u0219ti. M-am n\u0103scut \u0219i am crescut cu m\u00e2ndrie \u00een Capital\u0103, ora\u0219 al pove\u0219tilor, al tramvaiului tras de cai \u0219i al c\u0103su\u021belor cu porti\u021b\u0103 \u0219i ci\u0219mea. Prin articolele mele, m\u0103 str\u0103duiesc s\u0103 descriu cu acurate\u021be via\u021ba din Bucure\u0219ti pe ecranele cititorilor no\u0219tri \u0219i \u00eencerc totodat\u0103 s\u0103 fac accesibile subiecte de interes general tuturor, de la mic la mare.","url":"https:\/\/buletin.de\/bucuresti\/author\/alexandru-stan\/"}]}},"authors":[{"term_id":22577,"user_id":61,"is_guest":0,"slug":"alexandru-stan","display_name":"Alexandru Stan","avatar_url":"https:\/\/buletin.de\/bucuresti\/wp-content\/uploads\/2025\/12\/IMG-20251216-WA0045-e1766134343668-96x96.jpg","0":null,"1":"","2":"","3":"","4":"","5":"","6":"","7":"","8":""}],"_links":{"self":[{"href":"https:\/\/buletin.de\/bucuresti\/wp-json\/wp\/v2\/posts\/138433","targetHints":{"allow":["GET"]}}],"collection":[{"href":"https:\/\/buletin.de\/bucuresti\/wp-json\/wp\/v2\/posts"}],"about":[{"href":"https:\/\/buletin.de\/bucuresti\/wp-json\/wp\/v2\/types\/post"}],"author":[{"embeddable":true,"href":"https:\/\/buletin.de\/bucuresti\/wp-json\/wp\/v2\/users\/61"}],"replies":[{"embeddable":true,"href":"https:\/\/buletin.de\/bucuresti\/wp-json\/wp\/v2\/comments?post=138433"}],"version-history":[{"count":5,"href":"https:\/\/buletin.de\/bucuresti\/wp-json\/wp\/v2\/posts\/138433\/revisions"}],"predecessor-version":[{"id":138534,"href":"https:\/\/buletin.de\/bucuresti\/wp-json\/wp\/v2\/posts\/138433\/revisions\/138534"}],"wp:featuredmedia":[{"embeddable":true,"href":"https:\/\/buletin.de\/bucuresti\/wp-json\/wp\/v2\/media\/138444"}],"wp:attachment":[{"href":"https:\/\/buletin.de\/bucuresti\/wp-json\/wp\/v2\/media?parent=138433"}],"wp:term":[{"taxonomy":"category","embeddable":true,"href":"https:\/\/buletin.de\/bucuresti\/wp-json\/wp\/v2\/categories?post=138433"},{"taxonomy":"post_tag","embeddable":true,"href":"https:\/\/buletin.de\/bucuresti\/wp-json\/wp\/v2\/tags?post=138433"},{"taxonomy":"author","embeddable":true,"href":"https:\/\/buletin.de\/bucuresti\/wp-json\/wp\/v2\/ppma_author?post=138433"}],"curies":[{"name":"wp","href":"https:\/\/api.w.org\/{rel}","templated":true}]}}