{"id":13840,"date":"2020-10-15T08:28:30","date_gmt":"2020-10-15T05:28:30","guid":{"rendered":"https:\/\/buletin.de\/bucuresti\/?p=13840"},"modified":"2020-10-15T12:31:37","modified_gmt":"2020-10-15T09:31:37","slug":"nicusor-dan-investirea-se-amana","status":"publish","type":"post","link":"https:\/\/buletin.de\/bucuresti\/nicusor-dan-investirea-se-amana\/","title":{"rendered":"Nicu\u0219or Dan | \u00cenvestirea se am\u00e2n\u0103"},"content":{"rendered":"\n<p>\u00cenvestirea noului primar nu va mai fi vineri, a\u0219a cum era anun\u021bat. De vin\u0103 este o prevedere nou\u0103 din Codul Administrativ. Anun\u021bul a fost f\u0103cut chiar de Nicu\u0219or Dan, primarul ales, pe pagina sa de Facebook.<\/p>\n\n\n\n<p>&#8220;<em>Din p\u0103cate preluarea mandatului meu va mai \u00eent\u00e2rzia 7-10 zile, ceea ce nu e deloc bine din perspectiva crizei medicale \u00een care ne afl\u0103m. Iat\u0103 explica\u021bia: Codul Administrativ spune c\u0103 Primarul General \u00ee\u0219i preia mandatul (depune jur\u0103m\u00e2ntul) odat\u0103 cu Consiliul General.<\/em>&#8220;, a scris Nicu\u0219or Dan.<\/p>\n\n\n\n<p>\u00cenvestirea noilor ale\u0219i se face, conform legii, dup\u0103 validarea mandatelor lor \u00een intantan\u021b\u0103. Mandatul lui Nicu\u0219or Dan a fost validat deja de Tribunalul Bucure\u0219ti, dar conform prevederilor din Codul Administrativ ar trebui s\u0103 treac\u0103 \u0219i pe la judec\u0103toria pe raza c\u0103reia se afl\u0103 circumscrip\u021bia \u00een care au avut loc alegerile. <\/p>\n\n\n\n<p>&#8220;<em>Tribunalul Bucure\u0219ti a validat mandatul meu acum c\u00e2teva zile, apreciind c\u0103, \u00eentruc\u00e2t nicio judec\u0103torie de sector nu acoper\u0103 circumscrip\u021bia Bucure\u0219ti, competent este Tribunalul Bucure\u0219ti. Azi \u00eens\u0103, printr-un alt complet, Tribunalul Bucure\u0219ti a trimis dosarul de validare a consilierilor generali la Judec\u0103toria Sector 1.<\/em> &#8220;,  a mai scris Nicu\u0219or Dan.<\/p>\n\n\n\n<p>Aceast\u0103 nou\u0103 procedur\u0103. \u00eenseamn\u0103 alte c\u00e2teva zile \u00een care dosarul de validare va circula \u00eentre instan\u021be. Deci \u00eenvestitura programat\u0103 pentru vineri, 16 octombrie, nu mai poate avea loc.<\/p>\n\n\n\n<p>&#8220;<em>Dup\u0103 motivare (peste 1-2 zile), dosarul va ajunge la Judec\u0103toria Sector 1. Probabil Judec\u0103toria va trimite la Tribunal. Se va constata conflict de competen\u021b\u0103 \u0219i dosarul va ajunge la Curtea de Apel, care va trimite la Tribunal. Dup\u0103 asta vom mai a\u0219tepta dou\u0103 zile pentru un eventual apel.<\/em>&#8220;, a mai men\u021bionat Nicu\u0219or Dan.<\/p>\n\n\n\n<figure class=\"wp-block-embed-facebook wp-block-embed is-type-rich is-provider-facebook\"><div class=\"wp-block-embed__wrapper\">\nhttps:\/\/www.facebook.com\/NicusorDan.ro\/posts\/3399809463429976\n<\/div><\/figure>\n","protected":false},"excerpt":{"rendered":"<p>\u00cenvestirea noului primar nu va mai fi vineri, a\u0219a cum era anun\u021bat. De vin\u0103 este o prevedere nou\u0103 din Codul Administrativ. Anun\u021bul a fost f\u0103cut chiar de Nicu\u0219or Dan, primarul ales, pe pagina sa de Facebook. &#8220;Din p\u0103cate preluarea mandatului meu va mai \u00eent\u00e2rzia 7-10 zile, ceea ce nu e deloc bine din perspectiva crizei [&hellip;]<\/p>\n","protected":false},"author":18,"featured_media":13843,"comment_status":"closed","ping_status":"open","sticky":false,"template":"","format":"standard","meta":{"_acf_changed":false,"inline_featured_image":false,"ngg_post_thumbnail":0,"footnotes":""},"categories":[24],"tags":[1726,223,1727,35],"ppma_author":[22579],"class_list":["post-13840","post","type-post","status-publish","format-standard","has-post-thumbnail","hentry","category-primarie","tag-investire","tag-nicusor-dan","tag-primaria-municipiului-bucuresti","tag-primarie"],"acf":[],"yoast_head":"<!-- This site is optimized with the Yoast SEO Premium plugin v25.3 (Yoast SEO v27.4) - https:\/\/yoast.com\/product\/yoast-seo-premium-wordpress\/ -->\n<title>Nicu\u0219or Dan | \u00cenvestirea se am\u00e2n\u0103 - Buletin de Bucure\u0219ti<\/title>\n<meta name=\"robots\" content=\"index, follow, max-snippet:-1, max-image-preview:large, max-video-preview:-1\" \/>\n<link rel=\"canonical\" href=\"https:\/\/buletin.de\/bucuresti\/nicusor-dan-investirea-se-amana\/\" \/>\n<meta property=\"og:locale\" content=\"en_GB\" \/>\n<meta property=\"og:type\" content=\"article\" \/>\n<meta property=\"og:title\" content=\"Nicu\u0219or Dan | \u00cenvestirea se am\u00e2n\u0103\" \/>\n<meta property=\"og:description\" content=\"\u00cenvestirea noului primar nu va mai fi vineri, a\u0219a cum era anun\u021bat. De vin\u0103 este o prevedere nou\u0103 din Codul Administrativ. Anun\u021bul a fost f\u0103cut chiar de Nicu\u0219or Dan, primarul ales, pe pagina sa de Facebook. &#8220;Din p\u0103cate preluarea mandatului meu va mai \u00eent\u00e2rzia 7-10 zile, ceea ce nu e deloc bine din perspectiva crizei [&hellip;]\" \/>\n<meta property=\"og:url\" content=\"https:\/\/buletin.de\/bucuresti\/nicusor-dan-investirea-se-amana\/\" \/>\n<meta property=\"og:site_name\" content=\"Buletin de Bucure\u0219ti\" \/>\n<meta property=\"article:publisher\" content=\"https:\/\/www.facebook.com\/buletin.de.buc\" \/>\n<meta property=\"article:published_time\" content=\"2020-10-15T05:28:30+00:00\" \/>\n<meta property=\"article:modified_time\" content=\"2020-10-15T09:31:37+00:00\" \/>\n<meta property=\"og:image\" content=\"https:\/\/buletin.de\/bucuresti\/wp-content\/uploads\/WhatsApp-Image-2020-10-15-at-08.26.01.jpeg\" \/>\n\t<meta property=\"og:image:width\" content=\"1024\" \/>\n\t<meta property=\"og:image:height\" content=\"683\" \/>\n\t<meta property=\"og:image:type\" content=\"image\/jpeg\" \/>\n<meta name=\"author\" content=\"Teodora Stroe\" \/>\n<meta name=\"twitter:card\" content=\"summary_large_image\" \/>\n<meta name=\"twitter:label1\" content=\"Written by\" \/>\n\t<meta name=\"twitter:data1\" content=\"Teodora Stroe\" \/>\n\t<meta name=\"twitter:label2\" content=\"Estimated reading time\" \/>\n\t<meta name=\"twitter:data2\" content=\"1 minute\" \/>\n<script type=\"application\/ld+json\" class=\"yoast-schema-graph\">{\"@context\":\"https:\\\/\\\/schema.org\",\"@graph\":[{\"@type\":\"Article\",\"@id\":\"https:\\\/\\\/buletin.de\\\/bucuresti\\\/nicusor-dan-investirea-se-amana\\\/#article\",\"isPartOf\":{\"@id\":\"https:\\\/\\\/buletin.de\\\/bucuresti\\\/nicusor-dan-investirea-se-amana\\\/\"},\"author\":{\"name\":\"Teodora Stroe\",\"@id\":\"https:\\\/\\\/buletin.de\\\/bucuresti\\\/#\\\/schema\\\/person\\\/d369d7ddc775abece205795e0b804614\"},\"headline\":\"Nicu\u0219or Dan | \u00cenvestirea se am\u00e2n\u0103\",\"datePublished\":\"2020-10-15T05:28:30+00:00\",\"dateModified\":\"2020-10-15T09:31:37+00:00\",\"mainEntityOfPage\":{\"@id\":\"https:\\\/\\\/buletin.de\\\/bucuresti\\\/nicusor-dan-investirea-se-amana\\\/\"},\"wordCount\":306,\"publisher\":{\"@id\":\"https:\\\/\\\/buletin.de\\\/bucuresti\\\/#organization\"},\"image\":{\"@id\":\"https:\\\/\\\/buletin.de\\\/bucuresti\\\/nicusor-dan-investirea-se-amana\\\/#primaryimage\"},\"thumbnailUrl\":\"https:\\\/\\\/buletin.de\\\/bucuresti\\\/wp-content\\\/uploads\\\/WhatsApp-Image-2020-10-15-at-08.26.01.jpeg\",\"keywords\":[\"investire\",\"nicusor dan\",\"primaria municipiului bucuresti\",\"primarie\"],\"articleSection\":[\"Prim\u0103rie\"],\"inLanguage\":\"en-GB\",\"copyrightYear\":\"2020\",\"copyrightHolder\":{\"@id\":\"https:\\\/\\\/buletin.de\\\/bucuresti\\\/#organization\"}},{\"@type\":\"WebPage\",\"@id\":\"https:\\\/\\\/buletin.de\\\/bucuresti\\\/nicusor-dan-investirea-se-amana\\\/\",\"url\":\"https:\\\/\\\/buletin.de\\\/bucuresti\\\/nicusor-dan-investirea-se-amana\\\/\",\"name\":\"Nicu\u0219or Dan | \u00cenvestirea se am\u00e2n\u0103 - Buletin de Bucure\u0219ti\",\"isPartOf\":{\"@id\":\"https:\\\/\\\/buletin.de\\\/bucuresti\\\/#website\"},\"primaryImageOfPage\":{\"@id\":\"https:\\\/\\\/buletin.de\\\/bucuresti\\\/nicusor-dan-investirea-se-amana\\\/#primaryimage\"},\"image\":{\"@id\":\"https:\\\/\\\/buletin.de\\\/bucuresti\\\/nicusor-dan-investirea-se-amana\\\/#primaryimage\"},\"thumbnailUrl\":\"https:\\\/\\\/buletin.de\\\/bucuresti\\\/wp-content\\\/uploads\\\/WhatsApp-Image-2020-10-15-at-08.26.01.jpeg\",\"datePublished\":\"2020-10-15T05:28:30+00:00\",\"dateModified\":\"2020-10-15T09:31:37+00:00\",\"breadcrumb\":{\"@id\":\"https:\\\/\\\/buletin.de\\\/bucuresti\\\/nicusor-dan-investirea-se-amana\\\/#breadcrumb\"},\"inLanguage\":\"en-GB\",\"potentialAction\":[{\"@type\":\"ReadAction\",\"target\":[\"https:\\\/\\\/buletin.de\\\/bucuresti\\\/nicusor-dan-investirea-se-amana\\\/\"]}]},{\"@type\":\"ImageObject\",\"inLanguage\":\"en-GB\",\"@id\":\"https:\\\/\\\/buletin.de\\\/bucuresti\\\/nicusor-dan-investirea-se-amana\\\/#primaryimage\",\"url\":\"https:\\\/\\\/buletin.de\\\/bucuresti\\\/wp-content\\\/uploads\\\/WhatsApp-Image-2020-10-15-at-08.26.01.jpeg\",\"contentUrl\":\"https:\\\/\\\/buletin.de\\\/bucuresti\\\/wp-content\\\/uploads\\\/WhatsApp-Image-2020-10-15-at-08.26.01.jpeg\",\"width\":1024,\"height\":683},{\"@type\":\"BreadcrumbList\",\"@id\":\"https:\\\/\\\/buletin.de\\\/bucuresti\\\/nicusor-dan-investirea-se-amana\\\/#breadcrumb\",\"itemListElement\":[{\"@type\":\"ListItem\",\"position\":1,\"name\":\"Acas\u0103\",\"item\":\"https:\\\/\\\/buletin.de\\\/bucuresti\\\/\"},{\"@type\":\"ListItem\",\"position\":2,\"name\":\"Nicu\u0219or Dan | \u00cenvestirea se am\u00e2n\u0103\"}]},{\"@type\":\"WebSite\",\"@id\":\"https:\\\/\\\/buletin.de\\\/bucuresti\\\/#website\",\"url\":\"https:\\\/\\\/buletin.de\\\/bucuresti\\\/\",\"name\":\"Buletin de Bucure\u0219ti\",\"description\":\"\u0218tiri \u0219i investiga\u021bii esen\u021biale din capital\u0103\",\"publisher\":{\"@id\":\"https:\\\/\\\/buletin.de\\\/bucuresti\\\/#organization\"},\"potentialAction\":[{\"@type\":\"SearchAction\",\"target\":{\"@type\":\"EntryPoint\",\"urlTemplate\":\"https:\\\/\\\/buletin.de\\\/bucuresti\\\/?s={search_term_string}\"},\"query-input\":{\"@type\":\"PropertyValueSpecification\",\"valueRequired\":true,\"valueName\":\"search_term_string\"}}],\"inLanguage\":\"en-GB\"},{\"@type\":\"Organization\",\"@id\":\"https:\\\/\\\/buletin.de\\\/bucuresti\\\/#organization\",\"name\":\"Buletin de Bucure\u0219ti\",\"url\":\"https:\\\/\\\/buletin.de\\\/bucuresti\\\/\",\"logo\":{\"@type\":\"ImageObject\",\"inLanguage\":\"en-GB\",\"@id\":\"https:\\\/\\\/buletin.de\\\/bucuresti\\\/#\\\/schema\\\/logo\\\/image\\\/\",\"url\":\"https:\\\/\\\/buletin.de\\\/bucuresti\\\/wp-content\\\/uploads\\\/logo-bdb-full-wide-vernil-transparent.png\",\"contentUrl\":\"https:\\\/\\\/buletin.de\\\/bucuresti\\\/wp-content\\\/uploads\\\/logo-bdb-full-wide-vernil-transparent.png\",\"width\":1782,\"height\":626,\"caption\":\"Buletin de Bucure\u0219ti\"},\"image\":{\"@id\":\"https:\\\/\\\/buletin.de\\\/bucuresti\\\/#\\\/schema\\\/logo\\\/image\\\/\"},\"sameAs\":[\"https:\\\/\\\/www.facebook.com\\\/buletin.de.buc\",\"https:\\\/\\\/www.instagram.com\\\/buletinde.bucuresti\\\/\"]},{\"@type\":\"Person\",\"@id\":\"https:\\\/\\\/buletin.de\\\/bucuresti\\\/#\\\/schema\\\/person\\\/d369d7ddc775abece205795e0b804614\",\"name\":\"Teodora Stroe\",\"image\":{\"@type\":\"ImageObject\",\"inLanguage\":\"en-GB\",\"@id\":\"https:\\\/\\\/secure.gravatar.com\\\/avatar\\\/2560b4cd9f5f1bc100b123158e657d75584bd1c3e1d9c69285720b9457c1b78d?s=96&d=monsterid&r=gc104800242ba5f2d78dd5d7dc4df08b6\",\"url\":\"https:\\\/\\\/secure.gravatar.com\\\/avatar\\\/2560b4cd9f5f1bc100b123158e657d75584bd1c3e1d9c69285720b9457c1b78d?s=96&d=monsterid&r=g\",\"contentUrl\":\"https:\\\/\\\/secure.gravatar.com\\\/avatar\\\/2560b4cd9f5f1bc100b123158e657d75584bd1c3e1d9c69285720b9457c1b78d?s=96&d=monsterid&r=g\",\"caption\":\"Teodora Stroe\"},\"url\":\"https:\\\/\\\/buletin.de\\\/bucuresti\\\/author\\\/simonacarlugea\\\/\"}]}<\/script>\n<!-- \/ Yoast SEO Premium plugin. -->","yoast_head_json":{"title":"Nicu\u0219or Dan | \u00cenvestirea se am\u00e2n\u0103 - Buletin de Bucure\u0219ti","robots":{"index":"index","follow":"follow","max-snippet":"max-snippet:-1","max-image-preview":"max-image-preview:large","max-video-preview":"max-video-preview:-1"},"canonical":"https:\/\/buletin.de\/bucuresti\/nicusor-dan-investirea-se-amana\/","og_locale":"en_GB","og_type":"article","og_title":"Nicu\u0219or Dan | \u00cenvestirea se am\u00e2n\u0103","og_description":"\u00cenvestirea noului primar nu va mai fi vineri, a\u0219a cum era anun\u021bat. De vin\u0103 este o prevedere nou\u0103 din Codul Administrativ. Anun\u021bul a fost f\u0103cut chiar de Nicu\u0219or Dan, primarul ales, pe pagina sa de Facebook. &#8220;Din p\u0103cate preluarea mandatului meu va mai \u00eent\u00e2rzia 7-10 zile, ceea ce nu e deloc bine din perspectiva crizei [&hellip;]","og_url":"https:\/\/buletin.de\/bucuresti\/nicusor-dan-investirea-se-amana\/","og_site_name":"Buletin de Bucure\u0219ti","article_publisher":"https:\/\/www.facebook.com\/buletin.de.buc","article_published_time":"2020-10-15T05:28:30+00:00","article_modified_time":"2020-10-15T09:31:37+00:00","og_image":[{"width":1024,"height":683,"url":"https:\/\/buletin.de\/bucuresti\/wp-content\/uploads\/WhatsApp-Image-2020-10-15-at-08.26.01.jpeg","type":"image\/jpeg"}],"author":"Teodora Stroe","twitter_card":"summary_large_image","twitter_misc":{"Written by":"Teodora Stroe","Estimated reading time":"1 minute"},"schema":{"@context":"https:\/\/schema.org","@graph":[{"@type":"Article","@id":"https:\/\/buletin.de\/bucuresti\/nicusor-dan-investirea-se-amana\/#article","isPartOf":{"@id":"https:\/\/buletin.de\/bucuresti\/nicusor-dan-investirea-se-amana\/"},"author":{"name":"Teodora Stroe","@id":"https:\/\/buletin.de\/bucuresti\/#\/schema\/person\/d369d7ddc775abece205795e0b804614"},"headline":"Nicu\u0219or Dan | \u00cenvestirea se am\u00e2n\u0103","datePublished":"2020-10-15T05:28:30+00:00","dateModified":"2020-10-15T09:31:37+00:00","mainEntityOfPage":{"@id":"https:\/\/buletin.de\/bucuresti\/nicusor-dan-investirea-se-amana\/"},"wordCount":306,"publisher":{"@id":"https:\/\/buletin.de\/bucuresti\/#organization"},"image":{"@id":"https:\/\/buletin.de\/bucuresti\/nicusor-dan-investirea-se-amana\/#primaryimage"},"thumbnailUrl":"https:\/\/buletin.de\/bucuresti\/wp-content\/uploads\/WhatsApp-Image-2020-10-15-at-08.26.01.jpeg","keywords":["investire","nicusor dan","primaria municipiului bucuresti","primarie"],"articleSection":["Prim\u0103rie"],"inLanguage":"en-GB","copyrightYear":"2020","copyrightHolder":{"@id":"https:\/\/buletin.de\/bucuresti\/#organization"}},{"@type":"WebPage","@id":"https:\/\/buletin.de\/bucuresti\/nicusor-dan-investirea-se-amana\/","url":"https:\/\/buletin.de\/bucuresti\/nicusor-dan-investirea-se-amana\/","name":"Nicu\u0219or Dan | \u00cenvestirea se am\u00e2n\u0103 - Buletin de Bucure\u0219ti","isPartOf":{"@id":"https:\/\/buletin.de\/bucuresti\/#website"},"primaryImageOfPage":{"@id":"https:\/\/buletin.de\/bucuresti\/nicusor-dan-investirea-se-amana\/#primaryimage"},"image":{"@id":"https:\/\/buletin.de\/bucuresti\/nicusor-dan-investirea-se-amana\/#primaryimage"},"thumbnailUrl":"https:\/\/buletin.de\/bucuresti\/wp-content\/uploads\/WhatsApp-Image-2020-10-15-at-08.26.01.jpeg","datePublished":"2020-10-15T05:28:30+00:00","dateModified":"2020-10-15T09:31:37+00:00","breadcrumb":{"@id":"https:\/\/buletin.de\/bucuresti\/nicusor-dan-investirea-se-amana\/#breadcrumb"},"inLanguage":"en-GB","potentialAction":[{"@type":"ReadAction","target":["https:\/\/buletin.de\/bucuresti\/nicusor-dan-investirea-se-amana\/"]}]},{"@type":"ImageObject","inLanguage":"en-GB","@id":"https:\/\/buletin.de\/bucuresti\/nicusor-dan-investirea-se-amana\/#primaryimage","url":"https:\/\/buletin.de\/bucuresti\/wp-content\/uploads\/WhatsApp-Image-2020-10-15-at-08.26.01.jpeg","contentUrl":"https:\/\/buletin.de\/bucuresti\/wp-content\/uploads\/WhatsApp-Image-2020-10-15-at-08.26.01.jpeg","width":1024,"height":683},{"@type":"BreadcrumbList","@id":"https:\/\/buletin.de\/bucuresti\/nicusor-dan-investirea-se-amana\/#breadcrumb","itemListElement":[{"@type":"ListItem","position":1,"name":"Acas\u0103","item":"https:\/\/buletin.de\/bucuresti\/"},{"@type":"ListItem","position":2,"name":"Nicu\u0219or Dan | \u00cenvestirea se am\u00e2n\u0103"}]},{"@type":"WebSite","@id":"https:\/\/buletin.de\/bucuresti\/#website","url":"https:\/\/buletin.de\/bucuresti\/","name":"Buletin de Bucure\u0219ti","description":"\u0218tiri \u0219i investiga\u021bii esen\u021biale din capital\u0103","publisher":{"@id":"https:\/\/buletin.de\/bucuresti\/#organization"},"potentialAction":[{"@type":"SearchAction","target":{"@type":"EntryPoint","urlTemplate":"https:\/\/buletin.de\/bucuresti\/?s={search_term_string}"},"query-input":{"@type":"PropertyValueSpecification","valueRequired":true,"valueName":"search_term_string"}}],"inLanguage":"en-GB"},{"@type":"Organization","@id":"https:\/\/buletin.de\/bucuresti\/#organization","name":"Buletin de Bucure\u0219ti","url":"https:\/\/buletin.de\/bucuresti\/","logo":{"@type":"ImageObject","inLanguage":"en-GB","@id":"https:\/\/buletin.de\/bucuresti\/#\/schema\/logo\/image\/","url":"https:\/\/buletin.de\/bucuresti\/wp-content\/uploads\/logo-bdb-full-wide-vernil-transparent.png","contentUrl":"https:\/\/buletin.de\/bucuresti\/wp-content\/uploads\/logo-bdb-full-wide-vernil-transparent.png","width":1782,"height":626,"caption":"Buletin de Bucure\u0219ti"},"image":{"@id":"https:\/\/buletin.de\/bucuresti\/#\/schema\/logo\/image\/"},"sameAs":["https:\/\/www.facebook.com\/buletin.de.buc","https:\/\/www.instagram.com\/buletinde.bucuresti\/"]},{"@type":"Person","@id":"https:\/\/buletin.de\/bucuresti\/#\/schema\/person\/d369d7ddc775abece205795e0b804614","name":"Teodora Stroe","image":{"@type":"ImageObject","inLanguage":"en-GB","@id":"https:\/\/secure.gravatar.com\/avatar\/2560b4cd9f5f1bc100b123158e657d75584bd1c3e1d9c69285720b9457c1b78d?s=96&d=monsterid&r=gc104800242ba5f2d78dd5d7dc4df08b6","url":"https:\/\/secure.gravatar.com\/avatar\/2560b4cd9f5f1bc100b123158e657d75584bd1c3e1d9c69285720b9457c1b78d?s=96&d=monsterid&r=g","contentUrl":"https:\/\/secure.gravatar.com\/avatar\/2560b4cd9f5f1bc100b123158e657d75584bd1c3e1d9c69285720b9457c1b78d?s=96&d=monsterid&r=g","caption":"Teodora Stroe"},"url":"https:\/\/buletin.de\/bucuresti\/author\/simonacarlugea\/"}]}},"authors":[{"term_id":22579,"user_id":18,"is_guest":0,"slug":"simonacarlugea","display_name":"Teodora Stroe","avatar_url":"https:\/\/secure.gravatar.com\/avatar\/2560b4cd9f5f1bc100b123158e657d75584bd1c3e1d9c69285720b9457c1b78d?s=96&d=monsterid&r=g","0":null,"1":"","2":"","3":"","4":"","5":"","6":"","7":"","8":""}],"_links":{"self":[{"href":"https:\/\/buletin.de\/bucuresti\/wp-json\/wp\/v2\/posts\/13840","targetHints":{"allow":["GET"]}}],"collection":[{"href":"https:\/\/buletin.de\/bucuresti\/wp-json\/wp\/v2\/posts"}],"about":[{"href":"https:\/\/buletin.de\/bucuresti\/wp-json\/wp\/v2\/types\/post"}],"author":[{"embeddable":true,"href":"https:\/\/buletin.de\/bucuresti\/wp-json\/wp\/v2\/users\/18"}],"replies":[{"embeddable":true,"href":"https:\/\/buletin.de\/bucuresti\/wp-json\/wp\/v2\/comments?post=13840"}],"version-history":[{"count":1,"href":"https:\/\/buletin.de\/bucuresti\/wp-json\/wp\/v2\/posts\/13840\/revisions"}],"predecessor-version":[{"id":13842,"href":"https:\/\/buletin.de\/bucuresti\/wp-json\/wp\/v2\/posts\/13840\/revisions\/13842"}],"wp:featuredmedia":[{"embeddable":true,"href":"https:\/\/buletin.de\/bucuresti\/wp-json\/wp\/v2\/media\/13843"}],"wp:attachment":[{"href":"https:\/\/buletin.de\/bucuresti\/wp-json\/wp\/v2\/media?parent=13840"}],"wp:term":[{"taxonomy":"category","embeddable":true,"href":"https:\/\/buletin.de\/bucuresti\/wp-json\/wp\/v2\/categories?post=13840"},{"taxonomy":"post_tag","embeddable":true,"href":"https:\/\/buletin.de\/bucuresti\/wp-json\/wp\/v2\/tags?post=13840"},{"taxonomy":"author","embeddable":true,"href":"https:\/\/buletin.de\/bucuresti\/wp-json\/wp\/v2\/ppma_author?post=13840"}],"curies":[{"name":"wp","href":"https:\/\/api.w.org\/{rel}","templated":true}]}}