{"id":13835,"date":"2020-10-14T21:27:30","date_gmt":"2020-10-14T18:27:30","guid":{"rendered":"https:\/\/buletin.de\/bucuresti\/?p=13835"},"modified":"2020-10-14T21:27:31","modified_gmt":"2020-10-14T18:27:31","slug":"mobilizare-generala-in-bucuresti-toate-spitalele-se-pregatesc-sa-primeasca-bolnavi-covid","status":"publish","type":"post","link":"https:\/\/buletin.de\/bucuresti\/mobilizare-generala-in-bucuresti-toate-spitalele-se-pregatesc-sa-primeasca-bolnavi-covid\/","title":{"rendered":"Mobilizare general\u0103 \u00een Bucure\u0219ti | Toate spitalele se preg\u0103tesc s\u0103 primeasc\u0103 bolnavi COVID"},"content":{"rendered":"\n<p><strong>&#8220;Dup\u0103 cum vede\u0163i num\u0103rul de \u00eemboln\u0103viri a \u00eenceput s\u0103 creasc\u0103, motiv pentru care trebuie s\u0103 g\u00e2ndim \u00een avans m\u0103suri. &#8220;<\/strong><\/p>\n\n\n\n<p>Dr. Oana Nicolescu, \u015fefa DSP Bucure\u015fti &#8211; pentru <a href=\"http:\/\/www.mediafax,ro\">http:\/\/www.mediafax,ro<\/a><\/p>\n\n\n\n<p>Spitalele din Bucure\u0219ti trebuie s\u0103 fie preg\u0103tite s\u0103 interneze \u0219i s\u0103 trateze bolnavi COVID, mai spune dr. Oana Nicolescu. DSP a trimis adrese c\u0103tre to\u021bi managerii de spitale din Capital\u0103, s\u0103 preg\u0103teasc\u0103 unit\u0103\u021bile pe care le conduc pentru pacien\u021bii COVID. <\/p>\n\n\n\n<p>Spitalele vor trebui s\u0103 pun\u0103 la punct circuite speciale pentru acest lucru, dar \u0219i s\u0103 angajeze, \u00een cazul \u00een care nu au, medici epidemiologi.<\/p>\n\n\n\n<p>Num\u0103rul cazurilor de \u00eemboln\u0103viri COVID a crescut galopant \u00een ultimele zile \u00een Capital\u0103, unde numai ast\u0103zi au fost \u00eenregistrate 669 de cazuri noi.<\/p>\n\n\n\n<p>Decizia DSP vine \u00een \u00eencercare de a cre\u0219te baza de tratament \u0219i a nu mai fi nevoie s\u0103 se transfere pacien\u021bi \u00een alte jude\u021be, pentru c\u0103 situa\u021bia este aproape la fel de grav\u0103 peste tot.<\/p>\n\n\n\n<p>\u00cen acest moment, \u00een Bucure\u0219ti sunt 9 spitale COVID sau suport COVID din cele aproape 50 c\u00e2te sunt \u00een total.<\/p>\n\n\n\n<p><\/p>\n\n\n\n<p><br><br><\/p>\n","protected":false},"excerpt":{"rendered":"<p>&#8220;Dup\u0103 cum vede\u0163i num\u0103rul de \u00eemboln\u0103viri a \u00eenceput s\u0103 creasc\u0103, motiv pentru care trebuie s\u0103 g\u00e2ndim \u00een avans m\u0103suri. &#8220; Dr. Oana Nicolescu, \u015fefa DSP Bucure\u015fti &#8211; pentru http:\/\/www.mediafax,ro Spitalele din Bucure\u0219ti trebuie s\u0103 fie preg\u0103tite s\u0103 interneze \u0219i s\u0103 trateze bolnavi COVID, mai spune dr. Oana Nicolescu. DSP a trimis adrese c\u0103tre to\u021bi managerii [&hellip;]<\/p>\n","protected":false},"author":18,"featured_media":12895,"comment_status":"closed","ping_status":"open","sticky":false,"template":"","format":"standard","meta":{"_acf_changed":false,"inline_featured_image":false,"ngg_post_thumbnail":0,"footnotes":""},"categories":[1],"tags":[],"ppma_author":[22579],"class_list":["post-13835","post","type-post","status-publish","format-standard","has-post-thumbnail","hentry","category-diverse"],"acf":[],"yoast_head":"<!-- This site is optimized with the Yoast SEO Premium plugin v25.3 (Yoast SEO v27.4) - https:\/\/yoast.com\/product\/yoast-seo-premium-wordpress\/ -->\n<title>Mobilizare general\u0103 \u00een Bucure\u0219ti | Toate spitalele se preg\u0103tesc s\u0103 primeasc\u0103 bolnavi COVID - Buletin de Bucure\u0219ti<\/title>\n<meta name=\"robots\" content=\"index, follow, max-snippet:-1, max-image-preview:large, max-video-preview:-1\" \/>\n<link rel=\"canonical\" href=\"https:\/\/buletin.de\/bucuresti\/mobilizare-generala-in-bucuresti-toate-spitalele-se-pregatesc-sa-primeasca-bolnavi-covid\/\" \/>\n<meta property=\"og:locale\" content=\"en_GB\" \/>\n<meta property=\"og:type\" content=\"article\" \/>\n<meta property=\"og:title\" content=\"Mobilizare general\u0103 \u00een Bucure\u0219ti | Toate spitalele se preg\u0103tesc s\u0103 primeasc\u0103 bolnavi COVID\" \/>\n<meta property=\"og:description\" content=\"&#8220;Dup\u0103 cum vede\u0163i num\u0103rul de \u00eemboln\u0103viri a \u00eenceput s\u0103 creasc\u0103, motiv pentru care trebuie s\u0103 g\u00e2ndim \u00een avans m\u0103suri. &#8220; Dr. Oana Nicolescu, \u015fefa DSP Bucure\u015fti &#8211; pentru http:\/\/www.mediafax,ro Spitalele din Bucure\u0219ti trebuie s\u0103 fie preg\u0103tite s\u0103 interneze \u0219i s\u0103 trateze bolnavi COVID, mai spune dr. Oana Nicolescu. DSP a trimis adrese c\u0103tre to\u021bi managerii [&hellip;]\" \/>\n<meta property=\"og:url\" content=\"https:\/\/buletin.de\/bucuresti\/mobilizare-generala-in-bucuresti-toate-spitalele-se-pregatesc-sa-primeasca-bolnavi-covid\/\" \/>\n<meta property=\"og:site_name\" content=\"Buletin de Bucure\u0219ti\" \/>\n<meta property=\"article:publisher\" content=\"https:\/\/www.facebook.com\/buletin.de.buc\" \/>\n<meta property=\"article:published_time\" content=\"2020-10-14T18:27:30+00:00\" \/>\n<meta property=\"article:modified_time\" content=\"2020-10-14T18:27:31+00:00\" \/>\n<meta property=\"og:image\" content=\"https:\/\/buletin.de\/bucuresti\/wp-content\/uploads\/ID56275_INQUAM_Photos_Octav_Ganea-scaled.jpg\" \/>\n\t<meta property=\"og:image:width\" content=\"2560\" \/>\n\t<meta property=\"og:image:height\" content=\"1707\" \/>\n\t<meta property=\"og:image:type\" content=\"image\/jpeg\" \/>\n<meta name=\"author\" content=\"Teodora Stroe\" \/>\n<meta name=\"twitter:card\" content=\"summary_large_image\" \/>\n<meta name=\"twitter:label1\" content=\"Written by\" \/>\n\t<meta name=\"twitter:data1\" content=\"Teodora Stroe\" \/>\n\t<meta name=\"twitter:label2\" content=\"Estimated reading time\" \/>\n\t<meta name=\"twitter:data2\" content=\"1 minute\" \/>\n<script type=\"application\/ld+json\" class=\"yoast-schema-graph\">{\"@context\":\"https:\\\/\\\/schema.org\",\"@graph\":[{\"@type\":\"Article\",\"@id\":\"https:\\\/\\\/buletin.de\\\/bucuresti\\\/mobilizare-generala-in-bucuresti-toate-spitalele-se-pregatesc-sa-primeasca-bolnavi-covid\\\/#article\",\"isPartOf\":{\"@id\":\"https:\\\/\\\/buletin.de\\\/bucuresti\\\/mobilizare-generala-in-bucuresti-toate-spitalele-se-pregatesc-sa-primeasca-bolnavi-covid\\\/\"},\"author\":{\"name\":\"Teodora Stroe\",\"@id\":\"https:\\\/\\\/buletin.de\\\/bucuresti\\\/#\\\/schema\\\/person\\\/d369d7ddc775abece205795e0b804614\"},\"headline\":\"Mobilizare general\u0103 \u00een Bucure\u0219ti | Toate spitalele se preg\u0103tesc s\u0103 primeasc\u0103 bolnavi COVID\",\"datePublished\":\"2020-10-14T18:27:30+00:00\",\"dateModified\":\"2020-10-14T18:27:31+00:00\",\"mainEntityOfPage\":{\"@id\":\"https:\\\/\\\/buletin.de\\\/bucuresti\\\/mobilizare-generala-in-bucuresti-toate-spitalele-se-pregatesc-sa-primeasca-bolnavi-covid\\\/\"},\"wordCount\":206,\"publisher\":{\"@id\":\"https:\\\/\\\/buletin.de\\\/bucuresti\\\/#organization\"},\"image\":{\"@id\":\"https:\\\/\\\/buletin.de\\\/bucuresti\\\/mobilizare-generala-in-bucuresti-toate-spitalele-se-pregatesc-sa-primeasca-bolnavi-covid\\\/#primaryimage\"},\"thumbnailUrl\":\"https:\\\/\\\/buletin.de\\\/bucuresti\\\/wp-content\\\/uploads\\\/ID56275_INQUAM_Photos_Octav_Ganea-scaled.jpg\",\"articleSection\":[\"Diverse\"],\"inLanguage\":\"en-GB\",\"copyrightYear\":\"2020\",\"copyrightHolder\":{\"@id\":\"https:\\\/\\\/buletin.de\\\/bucuresti\\\/#organization\"}},{\"@type\":\"WebPage\",\"@id\":\"https:\\\/\\\/buletin.de\\\/bucuresti\\\/mobilizare-generala-in-bucuresti-toate-spitalele-se-pregatesc-sa-primeasca-bolnavi-covid\\\/\",\"url\":\"https:\\\/\\\/buletin.de\\\/bucuresti\\\/mobilizare-generala-in-bucuresti-toate-spitalele-se-pregatesc-sa-primeasca-bolnavi-covid\\\/\",\"name\":\"Mobilizare general\u0103 \u00een Bucure\u0219ti | Toate spitalele se preg\u0103tesc s\u0103 primeasc\u0103 bolnavi COVID - Buletin de Bucure\u0219ti\",\"isPartOf\":{\"@id\":\"https:\\\/\\\/buletin.de\\\/bucuresti\\\/#website\"},\"primaryImageOfPage\":{\"@id\":\"https:\\\/\\\/buletin.de\\\/bucuresti\\\/mobilizare-generala-in-bucuresti-toate-spitalele-se-pregatesc-sa-primeasca-bolnavi-covid\\\/#primaryimage\"},\"image\":{\"@id\":\"https:\\\/\\\/buletin.de\\\/bucuresti\\\/mobilizare-generala-in-bucuresti-toate-spitalele-se-pregatesc-sa-primeasca-bolnavi-covid\\\/#primaryimage\"},\"thumbnailUrl\":\"https:\\\/\\\/buletin.de\\\/bucuresti\\\/wp-content\\\/uploads\\\/ID56275_INQUAM_Photos_Octav_Ganea-scaled.jpg\",\"datePublished\":\"2020-10-14T18:27:30+00:00\",\"dateModified\":\"2020-10-14T18:27:31+00:00\",\"breadcrumb\":{\"@id\":\"https:\\\/\\\/buletin.de\\\/bucuresti\\\/mobilizare-generala-in-bucuresti-toate-spitalele-se-pregatesc-sa-primeasca-bolnavi-covid\\\/#breadcrumb\"},\"inLanguage\":\"en-GB\",\"potentialAction\":[{\"@type\":\"ReadAction\",\"target\":[\"https:\\\/\\\/buletin.de\\\/bucuresti\\\/mobilizare-generala-in-bucuresti-toate-spitalele-se-pregatesc-sa-primeasca-bolnavi-covid\\\/\"]}]},{\"@type\":\"ImageObject\",\"inLanguage\":\"en-GB\",\"@id\":\"https:\\\/\\\/buletin.de\\\/bucuresti\\\/mobilizare-generala-in-bucuresti-toate-spitalele-se-pregatesc-sa-primeasca-bolnavi-covid\\\/#primaryimage\",\"url\":\"https:\\\/\\\/buletin.de\\\/bucuresti\\\/wp-content\\\/uploads\\\/ID56275_INQUAM_Photos_Octav_Ganea-scaled.jpg\",\"contentUrl\":\"https:\\\/\\\/buletin.de\\\/bucuresti\\\/wp-content\\\/uploads\\\/ID56275_INQUAM_Photos_Octav_Ganea-scaled.jpg\",\"width\":2560,\"height\":1707},{\"@type\":\"BreadcrumbList\",\"@id\":\"https:\\\/\\\/buletin.de\\\/bucuresti\\\/mobilizare-generala-in-bucuresti-toate-spitalele-se-pregatesc-sa-primeasca-bolnavi-covid\\\/#breadcrumb\",\"itemListElement\":[{\"@type\":\"ListItem\",\"position\":1,\"name\":\"Acas\u0103\",\"item\":\"https:\\\/\\\/buletin.de\\\/bucuresti\\\/\"},{\"@type\":\"ListItem\",\"position\":2,\"name\":\"Mobilizare general\u0103 \u00een Bucure\u0219ti | Toate spitalele se preg\u0103tesc s\u0103 primeasc\u0103 bolnavi COVID\"}]},{\"@type\":\"WebSite\",\"@id\":\"https:\\\/\\\/buletin.de\\\/bucuresti\\\/#website\",\"url\":\"https:\\\/\\\/buletin.de\\\/bucuresti\\\/\",\"name\":\"Buletin de Bucure\u0219ti\",\"description\":\"\u0218tiri \u0219i investiga\u021bii esen\u021biale din capital\u0103\",\"publisher\":{\"@id\":\"https:\\\/\\\/buletin.de\\\/bucuresti\\\/#organization\"},\"potentialAction\":[{\"@type\":\"SearchAction\",\"target\":{\"@type\":\"EntryPoint\",\"urlTemplate\":\"https:\\\/\\\/buletin.de\\\/bucuresti\\\/?s={search_term_string}\"},\"query-input\":{\"@type\":\"PropertyValueSpecification\",\"valueRequired\":true,\"valueName\":\"search_term_string\"}}],\"inLanguage\":\"en-GB\"},{\"@type\":\"Organization\",\"@id\":\"https:\\\/\\\/buletin.de\\\/bucuresti\\\/#organization\",\"name\":\"Buletin de Bucure\u0219ti\",\"url\":\"https:\\\/\\\/buletin.de\\\/bucuresti\\\/\",\"logo\":{\"@type\":\"ImageObject\",\"inLanguage\":\"en-GB\",\"@id\":\"https:\\\/\\\/buletin.de\\\/bucuresti\\\/#\\\/schema\\\/logo\\\/image\\\/\",\"url\":\"https:\\\/\\\/buletin.de\\\/bucuresti\\\/wp-content\\\/uploads\\\/logo-bdb-full-wide-vernil-transparent.png\",\"contentUrl\":\"https:\\\/\\\/buletin.de\\\/bucuresti\\\/wp-content\\\/uploads\\\/logo-bdb-full-wide-vernil-transparent.png\",\"width\":1782,\"height\":626,\"caption\":\"Buletin de Bucure\u0219ti\"},\"image\":{\"@id\":\"https:\\\/\\\/buletin.de\\\/bucuresti\\\/#\\\/schema\\\/logo\\\/image\\\/\"},\"sameAs\":[\"https:\\\/\\\/www.facebook.com\\\/buletin.de.buc\",\"https:\\\/\\\/www.instagram.com\\\/buletinde.bucuresti\\\/\"]},{\"@type\":\"Person\",\"@id\":\"https:\\\/\\\/buletin.de\\\/bucuresti\\\/#\\\/schema\\\/person\\\/d369d7ddc775abece205795e0b804614\",\"name\":\"Teodora Stroe\",\"image\":{\"@type\":\"ImageObject\",\"inLanguage\":\"en-GB\",\"@id\":\"https:\\\/\\\/secure.gravatar.com\\\/avatar\\\/2560b4cd9f5f1bc100b123158e657d75584bd1c3e1d9c69285720b9457c1b78d?s=96&d=monsterid&r=gc104800242ba5f2d78dd5d7dc4df08b6\",\"url\":\"https:\\\/\\\/secure.gravatar.com\\\/avatar\\\/2560b4cd9f5f1bc100b123158e657d75584bd1c3e1d9c69285720b9457c1b78d?s=96&d=monsterid&r=g\",\"contentUrl\":\"https:\\\/\\\/secure.gravatar.com\\\/avatar\\\/2560b4cd9f5f1bc100b123158e657d75584bd1c3e1d9c69285720b9457c1b78d?s=96&d=monsterid&r=g\",\"caption\":\"Teodora Stroe\"},\"url\":\"https:\\\/\\\/buletin.de\\\/bucuresti\\\/author\\\/simonacarlugea\\\/\"}]}<\/script>\n<!-- \/ Yoast SEO Premium plugin. -->","yoast_head_json":{"title":"Mobilizare general\u0103 \u00een Bucure\u0219ti | Toate spitalele se preg\u0103tesc s\u0103 primeasc\u0103 bolnavi COVID - Buletin de Bucure\u0219ti","robots":{"index":"index","follow":"follow","max-snippet":"max-snippet:-1","max-image-preview":"max-image-preview:large","max-video-preview":"max-video-preview:-1"},"canonical":"https:\/\/buletin.de\/bucuresti\/mobilizare-generala-in-bucuresti-toate-spitalele-se-pregatesc-sa-primeasca-bolnavi-covid\/","og_locale":"en_GB","og_type":"article","og_title":"Mobilizare general\u0103 \u00een Bucure\u0219ti | Toate spitalele se preg\u0103tesc s\u0103 primeasc\u0103 bolnavi COVID","og_description":"&#8220;Dup\u0103 cum vede\u0163i num\u0103rul de \u00eemboln\u0103viri a \u00eenceput s\u0103 creasc\u0103, motiv pentru care trebuie s\u0103 g\u00e2ndim \u00een avans m\u0103suri. &#8220; Dr. Oana Nicolescu, \u015fefa DSP Bucure\u015fti &#8211; pentru http:\/\/www.mediafax,ro Spitalele din Bucure\u0219ti trebuie s\u0103 fie preg\u0103tite s\u0103 interneze \u0219i s\u0103 trateze bolnavi COVID, mai spune dr. Oana Nicolescu. DSP a trimis adrese c\u0103tre to\u021bi managerii [&hellip;]","og_url":"https:\/\/buletin.de\/bucuresti\/mobilizare-generala-in-bucuresti-toate-spitalele-se-pregatesc-sa-primeasca-bolnavi-covid\/","og_site_name":"Buletin de Bucure\u0219ti","article_publisher":"https:\/\/www.facebook.com\/buletin.de.buc","article_published_time":"2020-10-14T18:27:30+00:00","article_modified_time":"2020-10-14T18:27:31+00:00","og_image":[{"width":2560,"height":1707,"url":"https:\/\/buletin.de\/bucuresti\/wp-content\/uploads\/ID56275_INQUAM_Photos_Octav_Ganea-scaled.jpg","type":"image\/jpeg"}],"author":"Teodora Stroe","twitter_card":"summary_large_image","twitter_misc":{"Written by":"Teodora Stroe","Estimated reading time":"1 minute"},"schema":{"@context":"https:\/\/schema.org","@graph":[{"@type":"Article","@id":"https:\/\/buletin.de\/bucuresti\/mobilizare-generala-in-bucuresti-toate-spitalele-se-pregatesc-sa-primeasca-bolnavi-covid\/#article","isPartOf":{"@id":"https:\/\/buletin.de\/bucuresti\/mobilizare-generala-in-bucuresti-toate-spitalele-se-pregatesc-sa-primeasca-bolnavi-covid\/"},"author":{"name":"Teodora Stroe","@id":"https:\/\/buletin.de\/bucuresti\/#\/schema\/person\/d369d7ddc775abece205795e0b804614"},"headline":"Mobilizare general\u0103 \u00een Bucure\u0219ti | Toate spitalele se preg\u0103tesc s\u0103 primeasc\u0103 bolnavi COVID","datePublished":"2020-10-14T18:27:30+00:00","dateModified":"2020-10-14T18:27:31+00:00","mainEntityOfPage":{"@id":"https:\/\/buletin.de\/bucuresti\/mobilizare-generala-in-bucuresti-toate-spitalele-se-pregatesc-sa-primeasca-bolnavi-covid\/"},"wordCount":206,"publisher":{"@id":"https:\/\/buletin.de\/bucuresti\/#organization"},"image":{"@id":"https:\/\/buletin.de\/bucuresti\/mobilizare-generala-in-bucuresti-toate-spitalele-se-pregatesc-sa-primeasca-bolnavi-covid\/#primaryimage"},"thumbnailUrl":"https:\/\/buletin.de\/bucuresti\/wp-content\/uploads\/ID56275_INQUAM_Photos_Octav_Ganea-scaled.jpg","articleSection":["Diverse"],"inLanguage":"en-GB","copyrightYear":"2020","copyrightHolder":{"@id":"https:\/\/buletin.de\/bucuresti\/#organization"}},{"@type":"WebPage","@id":"https:\/\/buletin.de\/bucuresti\/mobilizare-generala-in-bucuresti-toate-spitalele-se-pregatesc-sa-primeasca-bolnavi-covid\/","url":"https:\/\/buletin.de\/bucuresti\/mobilizare-generala-in-bucuresti-toate-spitalele-se-pregatesc-sa-primeasca-bolnavi-covid\/","name":"Mobilizare general\u0103 \u00een Bucure\u0219ti | Toate spitalele se preg\u0103tesc s\u0103 primeasc\u0103 bolnavi COVID - Buletin de Bucure\u0219ti","isPartOf":{"@id":"https:\/\/buletin.de\/bucuresti\/#website"},"primaryImageOfPage":{"@id":"https:\/\/buletin.de\/bucuresti\/mobilizare-generala-in-bucuresti-toate-spitalele-se-pregatesc-sa-primeasca-bolnavi-covid\/#primaryimage"},"image":{"@id":"https:\/\/buletin.de\/bucuresti\/mobilizare-generala-in-bucuresti-toate-spitalele-se-pregatesc-sa-primeasca-bolnavi-covid\/#primaryimage"},"thumbnailUrl":"https:\/\/buletin.de\/bucuresti\/wp-content\/uploads\/ID56275_INQUAM_Photos_Octav_Ganea-scaled.jpg","datePublished":"2020-10-14T18:27:30+00:00","dateModified":"2020-10-14T18:27:31+00:00","breadcrumb":{"@id":"https:\/\/buletin.de\/bucuresti\/mobilizare-generala-in-bucuresti-toate-spitalele-se-pregatesc-sa-primeasca-bolnavi-covid\/#breadcrumb"},"inLanguage":"en-GB","potentialAction":[{"@type":"ReadAction","target":["https:\/\/buletin.de\/bucuresti\/mobilizare-generala-in-bucuresti-toate-spitalele-se-pregatesc-sa-primeasca-bolnavi-covid\/"]}]},{"@type":"ImageObject","inLanguage":"en-GB","@id":"https:\/\/buletin.de\/bucuresti\/mobilizare-generala-in-bucuresti-toate-spitalele-se-pregatesc-sa-primeasca-bolnavi-covid\/#primaryimage","url":"https:\/\/buletin.de\/bucuresti\/wp-content\/uploads\/ID56275_INQUAM_Photos_Octav_Ganea-scaled.jpg","contentUrl":"https:\/\/buletin.de\/bucuresti\/wp-content\/uploads\/ID56275_INQUAM_Photos_Octav_Ganea-scaled.jpg","width":2560,"height":1707},{"@type":"BreadcrumbList","@id":"https:\/\/buletin.de\/bucuresti\/mobilizare-generala-in-bucuresti-toate-spitalele-se-pregatesc-sa-primeasca-bolnavi-covid\/#breadcrumb","itemListElement":[{"@type":"ListItem","position":1,"name":"Acas\u0103","item":"https:\/\/buletin.de\/bucuresti\/"},{"@type":"ListItem","position":2,"name":"Mobilizare general\u0103 \u00een Bucure\u0219ti | Toate spitalele se preg\u0103tesc s\u0103 primeasc\u0103 bolnavi COVID"}]},{"@type":"WebSite","@id":"https:\/\/buletin.de\/bucuresti\/#website","url":"https:\/\/buletin.de\/bucuresti\/","name":"Buletin de Bucure\u0219ti","description":"\u0218tiri \u0219i investiga\u021bii esen\u021biale din capital\u0103","publisher":{"@id":"https:\/\/buletin.de\/bucuresti\/#organization"},"potentialAction":[{"@type":"SearchAction","target":{"@type":"EntryPoint","urlTemplate":"https:\/\/buletin.de\/bucuresti\/?s={search_term_string}"},"query-input":{"@type":"PropertyValueSpecification","valueRequired":true,"valueName":"search_term_string"}}],"inLanguage":"en-GB"},{"@type":"Organization","@id":"https:\/\/buletin.de\/bucuresti\/#organization","name":"Buletin de Bucure\u0219ti","url":"https:\/\/buletin.de\/bucuresti\/","logo":{"@type":"ImageObject","inLanguage":"en-GB","@id":"https:\/\/buletin.de\/bucuresti\/#\/schema\/logo\/image\/","url":"https:\/\/buletin.de\/bucuresti\/wp-content\/uploads\/logo-bdb-full-wide-vernil-transparent.png","contentUrl":"https:\/\/buletin.de\/bucuresti\/wp-content\/uploads\/logo-bdb-full-wide-vernil-transparent.png","width":1782,"height":626,"caption":"Buletin de Bucure\u0219ti"},"image":{"@id":"https:\/\/buletin.de\/bucuresti\/#\/schema\/logo\/image\/"},"sameAs":["https:\/\/www.facebook.com\/buletin.de.buc","https:\/\/www.instagram.com\/buletinde.bucuresti\/"]},{"@type":"Person","@id":"https:\/\/buletin.de\/bucuresti\/#\/schema\/person\/d369d7ddc775abece205795e0b804614","name":"Teodora Stroe","image":{"@type":"ImageObject","inLanguage":"en-GB","@id":"https:\/\/secure.gravatar.com\/avatar\/2560b4cd9f5f1bc100b123158e657d75584bd1c3e1d9c69285720b9457c1b78d?s=96&d=monsterid&r=gc104800242ba5f2d78dd5d7dc4df08b6","url":"https:\/\/secure.gravatar.com\/avatar\/2560b4cd9f5f1bc100b123158e657d75584bd1c3e1d9c69285720b9457c1b78d?s=96&d=monsterid&r=g","contentUrl":"https:\/\/secure.gravatar.com\/avatar\/2560b4cd9f5f1bc100b123158e657d75584bd1c3e1d9c69285720b9457c1b78d?s=96&d=monsterid&r=g","caption":"Teodora Stroe"},"url":"https:\/\/buletin.de\/bucuresti\/author\/simonacarlugea\/"}]}},"authors":[{"term_id":22579,"user_id":18,"is_guest":0,"slug":"simonacarlugea","display_name":"Teodora Stroe","avatar_url":"https:\/\/secure.gravatar.com\/avatar\/2560b4cd9f5f1bc100b123158e657d75584bd1c3e1d9c69285720b9457c1b78d?s=96&d=monsterid&r=g","0":null,"1":"","2":"","3":"","4":"","5":"","6":"","7":"","8":""}],"_links":{"self":[{"href":"https:\/\/buletin.de\/bucuresti\/wp-json\/wp\/v2\/posts\/13835","targetHints":{"allow":["GET"]}}],"collection":[{"href":"https:\/\/buletin.de\/bucuresti\/wp-json\/wp\/v2\/posts"}],"about":[{"href":"https:\/\/buletin.de\/bucuresti\/wp-json\/wp\/v2\/types\/post"}],"author":[{"embeddable":true,"href":"https:\/\/buletin.de\/bucuresti\/wp-json\/wp\/v2\/users\/18"}],"replies":[{"embeddable":true,"href":"https:\/\/buletin.de\/bucuresti\/wp-json\/wp\/v2\/comments?post=13835"}],"version-history":[{"count":4,"href":"https:\/\/buletin.de\/bucuresti\/wp-json\/wp\/v2\/posts\/13835\/revisions"}],"predecessor-version":[{"id":13839,"href":"https:\/\/buletin.de\/bucuresti\/wp-json\/wp\/v2\/posts\/13835\/revisions\/13839"}],"wp:featuredmedia":[{"embeddable":true,"href":"https:\/\/buletin.de\/bucuresti\/wp-json\/wp\/v2\/media\/12895"}],"wp:attachment":[{"href":"https:\/\/buletin.de\/bucuresti\/wp-json\/wp\/v2\/media?parent=13835"}],"wp:term":[{"taxonomy":"category","embeddable":true,"href":"https:\/\/buletin.de\/bucuresti\/wp-json\/wp\/v2\/categories?post=13835"},{"taxonomy":"post_tag","embeddable":true,"href":"https:\/\/buletin.de\/bucuresti\/wp-json\/wp\/v2\/tags?post=13835"},{"taxonomy":"author","embeddable":true,"href":"https:\/\/buletin.de\/bucuresti\/wp-json\/wp\/v2\/ppma_author?post=13835"}],"curies":[{"name":"wp","href":"https:\/\/api.w.org\/{rel}","templated":true}]}}