{"id":138269,"date":"2025-07-10T07:00:00","date_gmt":"2025-07-10T04:00:00","guid":{"rendered":"https:\/\/buletin.de\/bucuresti\/?p=138269"},"modified":"2025-07-10T10:10:25","modified_gmt":"2025-07-10T07:10:25","slug":"primarul-george-tuta-umileste-public-persoane-fara-adapost","status":"publish","type":"post","link":"https:\/\/buletin.de\/bucuresti\/primarul-george-tuta-umileste-public-persoane-fara-adapost\/","title":{"rendered":"Sector 1 | Primarul George Tu\u021b\u0103 umile\u0219te public persoane f\u0103r\u0103 ad\u0103post. ONG: \u201eUn comportament crud, cinic, ru\u0219inos \u0219i abominabil\u201d"},"content":{"rendered":"\n<p><strong>Un schimb de replici \u00eentre primarul liberal al Sectorului 1, George Tu\u021b\u0103, \u0219i o persoan\u0103 f\u0103r\u0103 ad\u0103post a st\u00e2rnit critici dure din partea societ\u0103\u021bii civile. Dialogul, surprins \u00eentr-un spa\u021biu public \u00eentr-un moment de canicul\u0103 extrem\u0103<\/strong>,<strong> este considerat de activi\u0219ti un exemplu de atitudine lipsit\u0103 de empatie \u0219i de respect fa\u021b\u0103 de persoanele vulnerabile.<\/strong><\/p>\n\n\n\n<p>\u00cen \u00eenregistrare, primarul George Tu\u021b\u0103 \u00eei adreseaz\u0103 \u00eentreb\u0103ri directe unei persoane f\u0103r\u0103 ad\u0103post, pe un ton condescendent:<\/p>\n\n\n\n<p>\u2013 \u201e<strong>De ce cer\u0219i\u021bi pe strad\u0103?<\/strong>\u201d<br>\u2013 \u201eS\u0103-mi iau de m\u00e2ncare.\u201d<br>\u2013 \u201e<strong>P\u0103i \u0219i la munc\u0103?<\/strong>\u201d<br>\u2013 \u201eAm mai fost, dar \u0219ti\u021bi cum e cu patronii din ziua de ast\u0103zi, fac mi\u0219to de am\u0103r\u00e2\u021bi.\u201d<br>\u2013 \u201e<strong>P\u0103i \u0219i de ce nu merge\u021bi la DGASPC? Unde ave\u021bi domiciliul?<\/strong>\u201d<br>\u2013 \u201eBac\u0103u.\u201d<br>\u2013 \u201e<strong>P\u0103i \u0219i ce face\u021bi la Bucure\u0219ti?<\/strong>\u201d<br>\u2013 \u201eSunt de trei ani aici.\u201d<br>\u2013 \u201e<strong>P\u0103i \u0219i dormi\u021bi pe strad\u0103? Merge\u021bi la munc\u0103, c\u0103 e mai s\u0103n\u0103toas\u0103<\/strong>.\u201d<\/p>\n\n\n\n<iframe src=\"https:\/\/www.facebook.com\/plugins\/video.php?height=476&#038;href=https%3A%2F%2Fwww.facebook.com%2Freel%2F24082118418085526%2F&#038;show_text=false&#038;width=267&#038;t=0\" width=\"267\" height=\"476\" style=\"border:none;overflow:hidden\" scrolling=\"no\" frameborder=\"0\" allowfullscreen=\"true\" allow=\"autoplay; clipboard-write; encrypted-media; picture-in-picture; web-share\" allowFullScreen=\"true\"><\/iframe>\n\n\n\n<p><em>\u201ePutem combate \u00eempreun\u0103 cer\u0219etoria, dar \u00eei \u0219i putem ajuta punctual pe ace\u0219ti oameni\u201d<\/em>, a scris primarul \u00een descrierea clipului \u00een care umile\u0219te persoana f\u0103r\u0103 ad\u0103post.<\/p>\n\n\n\n<p><strong>CITE\u0218TE \u0218I:<\/strong> <strong><a href=\"https:\/\/buletin.de\/bucuresti\/un-liberal-care-si-a-aranjat-un-concurs-de-angajare-la-primaria-capitalei-a-fost-trimis-in-judecata-g4media\/\" target=\"_blank\" rel=\"noreferrer noopener\">Un liberal care \u0219i-a aranjat un concurs de angajare la Prim\u0103ria Capitalei a fost trimis \u00een judecat\u0103<\/a><\/strong><\/p>\n\n\n\n<h2 class=\"wp-block-heading\" id=\"h-societatea-civila-il-critica-pe-primarul-george-tu\u021ba-va-pute\u021bi-lua-5-minute-pentru-a-va-imagina-cat-efort-depune-un-om-pentru-a-supravie\u021bui\">Societatea civil\u0103 \u00eel critic\u0103 pe primarul George Tu\u021b\u0103: V\u0103 pute\u021bi lua 5 minute pentru a v\u0103 imagina c\u00e2t efort depune un om pentru a supravie\u021bui<\/h2>\n\n\n\n<p><em>\u201eEste un comportament crud, cinic, ru\u0219inos \u015fi abominabil, pe care sper\u0103m s\u0103 nu \u00eel mai vedem \u00een viitor din partea unui func\u021bionar public a c\u0103rui responsabilitate este s\u0103 sprijine \u0219i s\u0103 protejeze nevoile \u015fi interesele tuturor cet\u0103\u0163enilor\u201d<\/em>, au transmis, \u00eentr-o declara\u021bie comun\u0103, Asocia\u021bia E-Romnja \u0219i Frontul Comun pentru Dreptul la Locuire.<\/p>\n\n\n\n<p><strong>Organiza\u021biile cer administra\u021biei publice \u201es\u0103 trateze oamenii f\u0103r\u0103 ad\u0103post cu demnitate \u0219i s\u0103 \u00ee\u0219i asume responsabilitatea de a oferi solu\u021bii reale, nu lec\u021bii publice \u0219i umilin\u021be online\u201d.<\/strong><\/p>\n\n\n\n<blockquote class=\"instagram-media\" data-instgrm-permalink=\"https:\/\/www.instagram.com\/p\/DL4pV82ojF7\/?utm_source=ig_embed&amp;utm_campaign=loading\" data-instgrm-version=\"14\" style=\" background:#FFF; border:0; border-radius:3px; box-shadow:0 0 1px 0 rgba(0,0,0,0.5),0 1px 10px 0 rgba(0,0,0,0.15); margin: 1px; max-width:540px; min-width:326px; padding:0; width:99.375%; width:-webkit-calc(100% - 2px); width:calc(100% - 2px);\"><div style=\"padding:16px;\"> <a href=\"https:\/\/www.instagram.com\/p\/DL4pV82ojF7\/?utm_source=ig_embed&amp;utm_campaign=loading\" style=\" background:#FFFFFF; line-height:0; padding:0 0; text-align:center; text-decoration:none; width:100%;\" target=\"_blank\"> <div style=\" display: flex; flex-direction: row; align-items: center;\"> <div style=\"background-color: #F4F4F4; border-radius: 50%; flex-grow: 0; height: 40px; margin-right: 14px; width: 40px;\"><\/div> <div style=\"display: flex; flex-direction: column; flex-grow: 1; justify-content: center;\"> <div style=\" background-color: #F4F4F4; border-radius: 4px; flex-grow: 0; height: 14px; margin-bottom: 6px; width: 100px;\"><\/div> <div style=\" background-color: #F4F4F4; border-radius: 4px; flex-grow: 0; height: 14px; width: 60px;\"><\/div><\/div><\/div><div style=\"padding: 19% 0;\"><\/div> <div style=\"display:block; height:50px; margin:0 auto 12px; width:50px;\"><svg width=\"50px\" height=\"50px\" viewBox=\"0 0 60 60\" version=\"1.1\" xmlns=\"https:\/\/www.w3.org\/2000\/svg\" xmlns:xlink=\"https:\/\/www.w3.org\/1999\/xlink\"><g stroke=\"none\" stroke-width=\"1\" fill=\"none\" fill-rule=\"evenodd\"><g transform=\"translate(-511.000000, -20.000000)\" fill=\"#000000\"><g><path d=\"M556.869,30.41 C554.814,30.41 553.148,32.076 553.148,34.131 C553.148,36.186 554.814,37.852 556.869,37.852 C558.924,37.852 560.59,36.186 560.59,34.131 C560.59,32.076 558.924,30.41 556.869,30.41 M541,60.657 C535.114,60.657 530.342,55.887 530.342,50 C530.342,44.114 535.114,39.342 541,39.342 C546.887,39.342 551.658,44.114 551.658,50 C551.658,55.887 546.887,60.657 541,60.657 M541,33.886 C532.1,33.886 524.886,41.1 524.886,50 C524.886,58.899 532.1,66.113 541,66.113 C549.9,66.113 557.115,58.899 557.115,50 C557.115,41.1 549.9,33.886 541,33.886 M565.378,62.101 C565.244,65.022 564.756,66.606 564.346,67.663 C563.803,69.06 563.154,70.057 562.106,71.106 C561.058,72.155 560.06,72.803 558.662,73.347 C557.607,73.757 556.021,74.244 553.102,74.378 C549.944,74.521 548.997,74.552 541,74.552 C533.003,74.552 532.056,74.521 528.898,74.378 C525.979,74.244 524.393,73.757 523.338,73.347 C521.94,72.803 520.942,72.155 519.894,71.106 C518.846,70.057 518.197,69.06 517.654,67.663 C517.244,66.606 516.755,65.022 516.623,62.101 C516.479,58.943 516.448,57.996 516.448,50 C516.448,42.003 516.479,41.056 516.623,37.899 C516.755,34.978 517.244,33.391 517.654,32.338 C518.197,30.938 518.846,29.942 519.894,28.894 C520.942,27.846 521.94,27.196 523.338,26.654 C524.393,26.244 525.979,25.756 528.898,25.623 C532.057,25.479 533.004,25.448 541,25.448 C548.997,25.448 549.943,25.479 553.102,25.623 C556.021,25.756 557.607,26.244 558.662,26.654 C560.06,27.196 561.058,27.846 562.106,28.894 C563.154,29.942 563.803,30.938 564.346,32.338 C564.756,33.391 565.244,34.978 565.378,37.899 C565.522,41.056 565.552,42.003 565.552,50 C565.552,57.996 565.522,58.943 565.378,62.101 M570.82,37.631 C570.674,34.438 570.167,32.258 569.425,30.349 C568.659,28.377 567.633,26.702 565.965,25.035 C564.297,23.368 562.623,22.342 560.652,21.575 C558.743,20.834 556.562,20.326 553.369,20.18 C550.169,20.033 549.148,20 541,20 C532.853,20 531.831,20.033 528.631,20.18 C525.438,20.326 523.257,20.834 521.349,21.575 C519.376,22.342 517.703,23.368 516.035,25.035 C514.368,26.702 513.342,28.377 512.574,30.349 C511.834,32.258 511.326,34.438 511.181,37.631 C511.035,40.831 511,41.851 511,50 C511,58.147 511.035,59.17 511.181,62.369 C511.326,65.562 511.834,67.743 512.574,69.651 C513.342,71.625 514.368,73.296 516.035,74.965 C517.703,76.634 519.376,77.658 521.349,78.425 C523.257,79.167 525.438,79.673 528.631,79.82 C531.831,79.965 532.853,80.001 541,80.001 C549.148,80.001 550.169,79.965 553.369,79.82 C556.562,79.673 558.743,79.167 560.652,78.425 C562.623,77.658 564.297,76.634 565.965,74.965 C567.633,73.296 568.659,71.625 569.425,69.651 C570.167,67.743 570.674,65.562 570.82,62.369 C570.966,59.17 571,58.147 571,50 C571,41.851 570.966,40.831 570.82,37.631\"><\/path><\/g><\/g><\/g><\/svg><\/div><div style=\"padding-top: 8px;\"> <div style=\" color:#3897f0; font-family:Arial,sans-serif; font-size:14px; font-style:normal; font-weight:550; line-height:18px;\">Vezi aceast\u0103 postare pe Instagram<\/div><\/div><div style=\"padding: 12.5% 0;\"><\/div> <div style=\"display: flex; flex-direction: row; margin-bottom: 14px; align-items: center;\"><div> <div style=\"background-color: #F4F4F4; border-radius: 50%; height: 12.5px; width: 12.5px; transform: translateX(0px) translateY(7px);\"><\/div> <div style=\"background-color: #F4F4F4; height: 12.5px; transform: rotate(-45deg) translateX(3px) translateY(1px); width: 12.5px; flex-grow: 0; margin-right: 14px; margin-left: 2px;\"><\/div> <div style=\"background-color: #F4F4F4; border-radius: 50%; height: 12.5px; width: 12.5px; transform: translateX(9px) translateY(-18px);\"><\/div><\/div><div style=\"margin-left: 8px;\"> <div style=\" background-color: #F4F4F4; border-radius: 50%; flex-grow: 0; height: 20px; width: 20px;\"><\/div> <div style=\" width: 0; height: 0; border-top: 2px solid transparent; border-left: 6px solid #f4f4f4; border-bottom: 2px solid transparent; transform: translateX(16px) translateY(-4px) rotate(30deg)\"><\/div><\/div><div style=\"margin-left: auto;\"> <div style=\" width: 0px; border-top: 8px solid #F4F4F4; border-right: 8px solid transparent; transform: translateY(16px);\"><\/div> <div style=\" background-color: #F4F4F4; flex-grow: 0; height: 12px; width: 16px; transform: translateY(-4px);\"><\/div> <div style=\" width: 0; height: 0; border-top: 8px solid #F4F4F4; border-left: 8px solid transparent; transform: translateY(-4px) translateX(8px);\"><\/div><\/div><\/div> <div style=\"display: flex; flex-direction: column; flex-grow: 1; justify-content: center; margin-bottom: 24px;\"> <div style=\" background-color: #F4F4F4; border-radius: 4px; flex-grow: 0; height: 14px; margin-bottom: 6px; width: 224px;\"><\/div> <div style=\" background-color: #F4F4F4; border-radius: 4px; flex-grow: 0; height: 14px; width: 144px;\"><\/div><\/div><\/a><p style=\" color:#c9c8cd; font-family:Arial,sans-serif; font-size:14px; line-height:17px; margin-bottom:0; margin-top:8px; overflow:hidden; padding:8px 0 7px; text-align:center; text-overflow:ellipsis; white-space:nowrap;\"><a href=\"https:\/\/www.instagram.com\/p\/DL4pV82ojF7\/?utm_source=ig_embed&amp;utm_campaign=loading\" style=\" color:#c9c8cd; font-family:Arial,sans-serif; font-size:14px; font-style:normal; font-weight:normal; line-height:17px; text-decoration:none;\" target=\"_blank\">O postare distribuit\u0103 de Frontul Comun pentru Dreptul la Locuire (@fcdl_dreptullalocuire)<\/a><\/p><\/div><\/blockquote> <script async src=\"\/\/www.instagram.com\/embed.js\"><\/script>\n\n\n\n<p><strong>Incidentul a venit \u00een contextul \u00een care Capitala se confrunta cu un val de canicul\u0103, iar persoanele f\u0103r\u0103 ad\u0103post sunt printre cele mai vulnerabile \u00een fa\u021ba riscurilor extreme.<\/strong><\/p>\n\n\n\n<p>Conform organiza\u021biilor, lipsa unui sistem func\u021bional de locuin\u021be sociale \u0219i accesul \u00eengreunat la servicii publice de sprijin fac ca mii de oameni s\u0103 tr\u0103iasc\u0103 pe str\u0103zi.<\/p>\n\n\n\n<p><em>\u201eDomnule primar, oare v\u0103 pute\u021bi lua 5 minute din programul dvs. pentru a v\u0103 imagina c\u00e2t efort depune un om, at\u00e2t din punct de vedere fizic, c\u00e2t \u015fi psihic, pentru a supravie\u021bui pe strad\u0103? \u015ei \u00een ce condi\u021bii extreme trebuie s\u0103 reziste?!<\/em><\/p>\n\n\n\n<p><em>V-a\u0163i imaginat vreodat\u0103 ce \u00eenseamn\u0103 pentru un om f\u0103r\u0103 ad\u0103post s\u0103 doarm\u0103 la 40 de grade, pe betoane, ploaie sau ar\u015fit\u0103, printre g\u00e2ndaci sau \u015fobolani, \u00een timp ce e h\u0103r\u0163uit constant de poli\u021bie, agen\u021bi de paz\u0103 \u0219i diverse alte persoane?\u201d<\/em>, sunt doar c\u00e2teva dintre \u00eentreb\u0103rile adresate de organiza\u021bii c\u0103tre George Tu\u021b\u0103, care au r\u0103mas f\u0103r\u0103 r\u0103spuns.<\/p>\n\n\n\n<h2 class=\"wp-block-heading\" id=\"h-primarul-hartuieste-si-umileste\">\u201ePrimarul&#8230; h\u0103r\u0163uie\u015fte \u015fi umile\u015fte\u201d<\/h2>\n\n\n\n<p><strong>Activi\u0219tii au explicat c\u0103 persoanele f\u0103r\u0103 ad\u0103post nu ajung \u00een aceast\u0103 situa\u021bie din alegere, ci din lipsa unor solu\u021bii reale.<\/strong><\/p>\n\n\n\n<p>Locuin\u021bele sociale sunt aproape inexistente, serviciile DGASPC sunt greu de accesat sau insuficiente, iar sprijinul concret lipse\u0219te.<\/p>\n\n\n\n<p>\u201eDe\u015fi se afl\u0103 \u00een pozi\u0163ia cea mai \u00een m\u0103sur\u0103 s\u0103 ofere sprijin social real, primarul Sectorului 1 alege, \u00een schimb, calea opus\u0103, \u00een care h\u0103r\u0163uie\u015fte \u015fi umile\u015fte, ia \u00een der\u00e2dere, \u021bine lec\u021bii cu superioritate \u015fi \u00ee\u015fi bate joc de demnitatea \u015fi integritatea persoanei, apoi mai \u0219i decide s\u0103 posteze acest act de bravur\u0103 pe internet\u201d, au mai ad\u0103ugat cele dou\u0103 organiza\u021bii.<\/p>\n\n\n\n<p><strong>CITE\u0218TE \u0218I: <a href=\"https:\/\/buletin.de\/bucuresti\/primaria-capitalei-mentioneaza-ca-nu-a-blocat-festivalul-de-manele-de-pe-arena-nationala-organizatorul-nu-a-finalizat-procedura-contractuala\/\" target=\"_blank\" rel=\"noreferrer noopener\">Prim\u0103ria Capitalei men\u021bioneaz\u0103 c\u0103 nu a blocat festivalul de manele de pe Arena Na\u021bional\u0103: \u201eOrganizatorul nu a finalizat procedura contractual\u0103\u201d<\/a><\/strong><\/p>\n","protected":false},"excerpt":{"rendered":"<p>Un schimb de replici \u00eentre primarul liberal al Sectorului 1, George Tu\u021b\u0103, \u0219i o persoan\u0103 f\u0103r\u0103 ad\u0103post a st\u00e2rnit critici dure din partea societ\u0103\u021bii civile. Dialogul, surprins \u00eentr-un spa\u021biu public \u00eentr-un moment de canicul\u0103 extrem\u0103, este considerat de activi\u0219ti un exemplu de atitudine lipsit\u0103 de empatie \u0219i de respect fa\u021b\u0103 de persoanele vulnerabile. \u00cen \u00eenregistrare, [&hellip;]<\/p>\n","protected":false},"author":59,"featured_media":138271,"comment_status":"closed","ping_status":"open","sticky":false,"template":"","format":"standard","meta":{"_acf_changed":false,"inline_featured_image":false,"ngg_post_thumbnail":0,"footnotes":""},"categories":[6994,5762,24],"tags":[9,2054,7473,22686,9325,269],"ppma_author":[22572],"class_list":["post-138269","post","type-post","status-publish","format-standard","has-post-thumbnail","hentry","category-stiri-2","category-main","category-primarie","tag-bucuresti","tag-capitala","tag-e-romnja","tag-fcdl","tag-george-tuta","tag-primaria-sectorului-1"],"acf":[],"yoast_head":"<!-- This site is optimized with the Yoast SEO Premium plugin v25.3 (Yoast SEO v27.5) - https:\/\/yoast.com\/product\/yoast-seo-premium-wordpress\/ -->\n<title>Sector 1 | Primarul George Tu\u021b\u0103 umile\u0219te public persoane f\u0103r\u0103 ad\u0103post. ONG: \u201eUn comportament crud, cinic, ru\u0219inos \u0219i abominabil\u201d - Buletin de Bucure\u0219ti<\/title>\n<meta name=\"description\" content=\"Primarul George Tu\u021b\u0103 umile\u0219te public persoane f\u0103r\u0103 ad\u0103post. ONG: \u201eUn comportament crud, cinic, ru\u0219inos \u0219i abominabil\u201d\" \/>\n<meta name=\"robots\" content=\"index, follow, max-snippet:-1, max-image-preview:large, max-video-preview:-1\" \/>\n<link rel=\"canonical\" href=\"https:\/\/buletin.de\/bucuresti\/primarul-george-tuta-umileste-public-persoane-fara-adapost\/\" \/>\n<meta property=\"og:locale\" content=\"en_GB\" \/>\n<meta property=\"og:type\" content=\"article\" \/>\n<meta property=\"og:title\" content=\"Sector 1 | Primarul George Tu\u021b\u0103 umile\u0219te public persoane f\u0103r\u0103 ad\u0103post. ONG: \u201eUn comportament crud, cinic, ru\u0219inos \u0219i abominabil\u201d\" \/>\n<meta property=\"og:description\" content=\"Primarul George Tu\u021b\u0103 umile\u0219te public persoane f\u0103r\u0103 ad\u0103post. ONG: \u201eUn comportament crud, cinic, ru\u0219inos \u0219i abominabil\u201d\" \/>\n<meta property=\"og:url\" content=\"https:\/\/buletin.de\/bucuresti\/primarul-george-tuta-umileste-public-persoane-fara-adapost\/\" \/>\n<meta property=\"og:site_name\" content=\"Buletin de Bucure\u0219ti\" \/>\n<meta property=\"article:publisher\" content=\"https:\/\/www.facebook.com\/buletin.de.buc\" \/>\n<meta property=\"article:published_time\" content=\"2025-07-10T04:00:00+00:00\" \/>\n<meta property=\"article:modified_time\" content=\"2025-07-10T07:10:25+00:00\" \/>\n<meta property=\"og:image\" content=\"https:\/\/buletin.de\/bucuresti\/wp-content\/uploads\/2025\/07\/image-50.jpg\" \/>\n\t<meta property=\"og:image:width\" content=\"464\" \/>\n\t<meta property=\"og:image:height\" content=\"366\" \/>\n\t<meta property=\"og:image:type\" content=\"image\/jpeg\" \/>\n<meta name=\"author\" content=\"C\u0103t\u0103lin Anghel-Dimache\" \/>\n<meta name=\"twitter:card\" content=\"summary_large_image\" \/>\n<meta name=\"twitter:label1\" content=\"Written by\" \/>\n\t<meta name=\"twitter:data1\" content=\"C\u0103t\u0103lin Anghel-Dimache\" \/>\n\t<meta name=\"twitter:label2\" content=\"Estimated reading time\" \/>\n\t<meta name=\"twitter:data2\" content=\"3 minutes\" \/>\n<script type=\"application\/ld+json\" class=\"yoast-schema-graph\">{\"@context\":\"https:\\\/\\\/schema.org\",\"@graph\":[{\"@type\":\"Article\",\"@id\":\"https:\\\/\\\/buletin.de\\\/bucuresti\\\/primarul-george-tuta-umileste-public-persoane-fara-adapost\\\/#article\",\"isPartOf\":{\"@id\":\"https:\\\/\\\/buletin.de\\\/bucuresti\\\/primarul-george-tuta-umileste-public-persoane-fara-adapost\\\/\"},\"author\":{\"name\":\"C\u0103t\u0103lin Anghel-Dimache\",\"@id\":\"https:\\\/\\\/buletin.de\\\/bucuresti\\\/#\\\/schema\\\/person\\\/0ac9db30080482be87c7386a30f98796\"},\"headline\":\"Sector 1 | Primarul George Tu\u021b\u0103 umile\u0219te public persoane f\u0103r\u0103 ad\u0103post. ONG: \u201eUn comportament crud, cinic, ru\u0219inos \u0219i abominabil\u201d\",\"datePublished\":\"2025-07-10T04:00:00+00:00\",\"dateModified\":\"2025-07-10T07:10:25+00:00\",\"mainEntityOfPage\":{\"@id\":\"https:\\\/\\\/buletin.de\\\/bucuresti\\\/primarul-george-tuta-umileste-public-persoane-fara-adapost\\\/\"},\"wordCount\":702,\"publisher\":{\"@id\":\"https:\\\/\\\/buletin.de\\\/bucuresti\\\/#organization\"},\"image\":{\"@id\":\"https:\\\/\\\/buletin.de\\\/bucuresti\\\/primarul-george-tuta-umileste-public-persoane-fara-adapost\\\/#primaryimage\"},\"thumbnailUrl\":\"https:\\\/\\\/buletin.de\\\/bucuresti\\\/wp-content\\\/uploads\\\/2025\\\/07\\\/image-50.jpg\",\"keywords\":[\"bucuresti\",\"Capitala\",\"e-romnja\",\"fcdl\",\"george tuta\",\"primaria sectorului 1\"],\"articleSection\":[\"Articole\",\"Main\",\"Prim\u0103rie\"],\"inLanguage\":\"en-GB\",\"copyrightYear\":\"2025\",\"copyrightHolder\":{\"@id\":\"https:\\\/\\\/buletin.de\\\/bucuresti\\\/#organization\"}},{\"@type\":\"WebPage\",\"@id\":\"https:\\\/\\\/buletin.de\\\/bucuresti\\\/primarul-george-tuta-umileste-public-persoane-fara-adapost\\\/\",\"url\":\"https:\\\/\\\/buletin.de\\\/bucuresti\\\/primarul-george-tuta-umileste-public-persoane-fara-adapost\\\/\",\"name\":\"Sector 1 | Primarul George Tu\u021b\u0103 umile\u0219te public persoane f\u0103r\u0103 ad\u0103post. ONG: \u201eUn comportament crud, cinic, ru\u0219inos \u0219i abominabil\u201d - Buletin de Bucure\u0219ti\",\"isPartOf\":{\"@id\":\"https:\\\/\\\/buletin.de\\\/bucuresti\\\/#website\"},\"primaryImageOfPage\":{\"@id\":\"https:\\\/\\\/buletin.de\\\/bucuresti\\\/primarul-george-tuta-umileste-public-persoane-fara-adapost\\\/#primaryimage\"},\"image\":{\"@id\":\"https:\\\/\\\/buletin.de\\\/bucuresti\\\/primarul-george-tuta-umileste-public-persoane-fara-adapost\\\/#primaryimage\"},\"thumbnailUrl\":\"https:\\\/\\\/buletin.de\\\/bucuresti\\\/wp-content\\\/uploads\\\/2025\\\/07\\\/image-50.jpg\",\"datePublished\":\"2025-07-10T04:00:00+00:00\",\"dateModified\":\"2025-07-10T07:10:25+00:00\",\"description\":\"Primarul George Tu\u021b\u0103 umile\u0219te public persoane f\u0103r\u0103 ad\u0103post. ONG: \u201eUn comportament crud, cinic, ru\u0219inos \u0219i abominabil\u201d\",\"breadcrumb\":{\"@id\":\"https:\\\/\\\/buletin.de\\\/bucuresti\\\/primarul-george-tuta-umileste-public-persoane-fara-adapost\\\/#breadcrumb\"},\"inLanguage\":\"en-GB\",\"potentialAction\":[{\"@type\":\"ReadAction\",\"target\":[\"https:\\\/\\\/buletin.de\\\/bucuresti\\\/primarul-george-tuta-umileste-public-persoane-fara-adapost\\\/\"]}]},{\"@type\":\"ImageObject\",\"inLanguage\":\"en-GB\",\"@id\":\"https:\\\/\\\/buletin.de\\\/bucuresti\\\/primarul-george-tuta-umileste-public-persoane-fara-adapost\\\/#primaryimage\",\"url\":\"https:\\\/\\\/buletin.de\\\/bucuresti\\\/wp-content\\\/uploads\\\/2025\\\/07\\\/image-50.jpg\",\"contentUrl\":\"https:\\\/\\\/buletin.de\\\/bucuresti\\\/wp-content\\\/uploads\\\/2025\\\/07\\\/image-50.jpg\",\"width\":464,\"height\":366,\"caption\":\"Primarul George Tu\u021b\u0103 umile\u0219te public persoane f\u0103r\u0103 ad\u0103post. ONG: \u201eUn comportament crud, cinic, ru\u0219inos \u0219i abominabil\u201d. Foto: FB \\\/ George Tu\u021b\u0103\"},{\"@type\":\"BreadcrumbList\",\"@id\":\"https:\\\/\\\/buletin.de\\\/bucuresti\\\/primarul-george-tuta-umileste-public-persoane-fara-adapost\\\/#breadcrumb\",\"itemListElement\":[{\"@type\":\"ListItem\",\"position\":1,\"name\":\"Acas\u0103\",\"item\":\"https:\\\/\\\/buletin.de\\\/bucuresti\\\/\"},{\"@type\":\"ListItem\",\"position\":2,\"name\":\"Sector 1 | Primarul George Tu\u021b\u0103 umile\u0219te public persoane f\u0103r\u0103 ad\u0103post. ONG: \u201eUn comportament crud, cinic, ru\u0219inos \u0219i abominabil\u201d\"}]},{\"@type\":\"WebSite\",\"@id\":\"https:\\\/\\\/buletin.de\\\/bucuresti\\\/#website\",\"url\":\"https:\\\/\\\/buletin.de\\\/bucuresti\\\/\",\"name\":\"Buletin de Bucure\u0219ti\",\"description\":\"\u0218tiri \u0219i investiga\u021bii esen\u021biale din capital\u0103\",\"publisher\":{\"@id\":\"https:\\\/\\\/buletin.de\\\/bucuresti\\\/#organization\"},\"potentialAction\":[{\"@type\":\"SearchAction\",\"target\":{\"@type\":\"EntryPoint\",\"urlTemplate\":\"https:\\\/\\\/buletin.de\\\/bucuresti\\\/?s={search_term_string}\"},\"query-input\":{\"@type\":\"PropertyValueSpecification\",\"valueRequired\":true,\"valueName\":\"search_term_string\"}}],\"inLanguage\":\"en-GB\"},{\"@type\":\"Organization\",\"@id\":\"https:\\\/\\\/buletin.de\\\/bucuresti\\\/#organization\",\"name\":\"Buletin de Bucure\u0219ti\",\"url\":\"https:\\\/\\\/buletin.de\\\/bucuresti\\\/\",\"logo\":{\"@type\":\"ImageObject\",\"inLanguage\":\"en-GB\",\"@id\":\"https:\\\/\\\/buletin.de\\\/bucuresti\\\/#\\\/schema\\\/logo\\\/image\\\/\",\"url\":\"https:\\\/\\\/buletin.de\\\/bucuresti\\\/wp-content\\\/uploads\\\/logo-bdb-full-wide-vernil-transparent.png\",\"contentUrl\":\"https:\\\/\\\/buletin.de\\\/bucuresti\\\/wp-content\\\/uploads\\\/logo-bdb-full-wide-vernil-transparent.png\",\"width\":1782,\"height\":626,\"caption\":\"Buletin de Bucure\u0219ti\"},\"image\":{\"@id\":\"https:\\\/\\\/buletin.de\\\/bucuresti\\\/#\\\/schema\\\/logo\\\/image\\\/\"},\"sameAs\":[\"https:\\\/\\\/www.facebook.com\\\/buletin.de.buc\",\"https:\\\/\\\/www.instagram.com\\\/buletinde.bucuresti\\\/\"]},{\"@type\":\"Person\",\"@id\":\"https:\\\/\\\/buletin.de\\\/bucuresti\\\/#\\\/schema\\\/person\\\/0ac9db30080482be87c7386a30f98796\",\"name\":\"C\u0103t\u0103lin Anghel-Dimache\",\"image\":{\"@type\":\"ImageObject\",\"inLanguage\":\"en-GB\",\"@id\":\"https:\\\/\\\/buletin.de\\\/bucuresti\\\/wp-content\\\/uploads\\\/Catalin-Anghel-Dimache-96x96.jpgbd9e43c5b25186d5b8e917ac61ad86c4\",\"url\":\"https:\\\/\\\/buletin.de\\\/bucuresti\\\/wp-content\\\/uploads\\\/Catalin-Anghel-Dimache-96x96.jpg\",\"contentUrl\":\"https:\\\/\\\/buletin.de\\\/bucuresti\\\/wp-content\\\/uploads\\\/Catalin-Anghel-Dimache-96x96.jpg\",\"caption\":\"C\u0103t\u0103lin Anghel-Dimache\"},\"description\":\"A absolvit Facultatea de Jurnalism \u0219i \u0218tiin\u021bele Comunic\u0103rii a Universit\u0103\u021bii din Bucure\u0219ti \u00een 2024. Scrie despre mediu \u0219i teme sociale, dar \u0219i despre cum se reflect\u0103 ele \u00een via\u021ba cotidian\u0103 a bucure\u0219tenilor, cu un ochi atent la pove\u0219tile personale din spatele titlurilor. N\u0103scut \u0219i crescut \u00een Bucure\u0219ti, a f\u0103cut un pas c\u0103tre presa local\u0103, din pasiune pentru ora\u0219ul s\u0103u \u0219i oamenii din el.\",\"url\":\"https:\\\/\\\/buletin.de\\\/bucuresti\\\/author\\\/catalin-anghel-dimache\\\/\"}]}<\/script>\n<!-- \/ Yoast SEO Premium plugin. -->","yoast_head_json":{"title":"Sector 1 | Primarul George Tu\u021b\u0103 umile\u0219te public persoane f\u0103r\u0103 ad\u0103post. ONG: \u201eUn comportament crud, cinic, ru\u0219inos \u0219i abominabil\u201d - Buletin de Bucure\u0219ti","description":"Primarul George Tu\u021b\u0103 umile\u0219te public persoane f\u0103r\u0103 ad\u0103post. ONG: \u201eUn comportament crud, cinic, ru\u0219inos \u0219i abominabil\u201d","robots":{"index":"index","follow":"follow","max-snippet":"max-snippet:-1","max-image-preview":"max-image-preview:large","max-video-preview":"max-video-preview:-1"},"canonical":"https:\/\/buletin.de\/bucuresti\/primarul-george-tuta-umileste-public-persoane-fara-adapost\/","og_locale":"en_GB","og_type":"article","og_title":"Sector 1 | Primarul George Tu\u021b\u0103 umile\u0219te public persoane f\u0103r\u0103 ad\u0103post. ONG: \u201eUn comportament crud, cinic, ru\u0219inos \u0219i abominabil\u201d","og_description":"Primarul George Tu\u021b\u0103 umile\u0219te public persoane f\u0103r\u0103 ad\u0103post. ONG: \u201eUn comportament crud, cinic, ru\u0219inos \u0219i abominabil\u201d","og_url":"https:\/\/buletin.de\/bucuresti\/primarul-george-tuta-umileste-public-persoane-fara-adapost\/","og_site_name":"Buletin de Bucure\u0219ti","article_publisher":"https:\/\/www.facebook.com\/buletin.de.buc","article_published_time":"2025-07-10T04:00:00+00:00","article_modified_time":"2025-07-10T07:10:25+00:00","og_image":[{"width":464,"height":366,"url":"https:\/\/buletin.de\/bucuresti\/wp-content\/uploads\/2025\/07\/image-50.jpg","type":"image\/jpeg"}],"author":"C\u0103t\u0103lin Anghel-Dimache","twitter_card":"summary_large_image","twitter_misc":{"Written by":"C\u0103t\u0103lin Anghel-Dimache","Estimated reading time":"3 minutes"},"schema":{"@context":"https:\/\/schema.org","@graph":[{"@type":"Article","@id":"https:\/\/buletin.de\/bucuresti\/primarul-george-tuta-umileste-public-persoane-fara-adapost\/#article","isPartOf":{"@id":"https:\/\/buletin.de\/bucuresti\/primarul-george-tuta-umileste-public-persoane-fara-adapost\/"},"author":{"name":"C\u0103t\u0103lin Anghel-Dimache","@id":"https:\/\/buletin.de\/bucuresti\/#\/schema\/person\/0ac9db30080482be87c7386a30f98796"},"headline":"Sector 1 | Primarul George Tu\u021b\u0103 umile\u0219te public persoane f\u0103r\u0103 ad\u0103post. ONG: \u201eUn comportament crud, cinic, ru\u0219inos \u0219i abominabil\u201d","datePublished":"2025-07-10T04:00:00+00:00","dateModified":"2025-07-10T07:10:25+00:00","mainEntityOfPage":{"@id":"https:\/\/buletin.de\/bucuresti\/primarul-george-tuta-umileste-public-persoane-fara-adapost\/"},"wordCount":702,"publisher":{"@id":"https:\/\/buletin.de\/bucuresti\/#organization"},"image":{"@id":"https:\/\/buletin.de\/bucuresti\/primarul-george-tuta-umileste-public-persoane-fara-adapost\/#primaryimage"},"thumbnailUrl":"https:\/\/buletin.de\/bucuresti\/wp-content\/uploads\/2025\/07\/image-50.jpg","keywords":["bucuresti","Capitala","e-romnja","fcdl","george tuta","primaria sectorului 1"],"articleSection":["Articole","Main","Prim\u0103rie"],"inLanguage":"en-GB","copyrightYear":"2025","copyrightHolder":{"@id":"https:\/\/buletin.de\/bucuresti\/#organization"}},{"@type":"WebPage","@id":"https:\/\/buletin.de\/bucuresti\/primarul-george-tuta-umileste-public-persoane-fara-adapost\/","url":"https:\/\/buletin.de\/bucuresti\/primarul-george-tuta-umileste-public-persoane-fara-adapost\/","name":"Sector 1 | Primarul George Tu\u021b\u0103 umile\u0219te public persoane f\u0103r\u0103 ad\u0103post. ONG: \u201eUn comportament crud, cinic, ru\u0219inos \u0219i abominabil\u201d - Buletin de Bucure\u0219ti","isPartOf":{"@id":"https:\/\/buletin.de\/bucuresti\/#website"},"primaryImageOfPage":{"@id":"https:\/\/buletin.de\/bucuresti\/primarul-george-tuta-umileste-public-persoane-fara-adapost\/#primaryimage"},"image":{"@id":"https:\/\/buletin.de\/bucuresti\/primarul-george-tuta-umileste-public-persoane-fara-adapost\/#primaryimage"},"thumbnailUrl":"https:\/\/buletin.de\/bucuresti\/wp-content\/uploads\/2025\/07\/image-50.jpg","datePublished":"2025-07-10T04:00:00+00:00","dateModified":"2025-07-10T07:10:25+00:00","description":"Primarul George Tu\u021b\u0103 umile\u0219te public persoane f\u0103r\u0103 ad\u0103post. ONG: \u201eUn comportament crud, cinic, ru\u0219inos \u0219i abominabil\u201d","breadcrumb":{"@id":"https:\/\/buletin.de\/bucuresti\/primarul-george-tuta-umileste-public-persoane-fara-adapost\/#breadcrumb"},"inLanguage":"en-GB","potentialAction":[{"@type":"ReadAction","target":["https:\/\/buletin.de\/bucuresti\/primarul-george-tuta-umileste-public-persoane-fara-adapost\/"]}]},{"@type":"ImageObject","inLanguage":"en-GB","@id":"https:\/\/buletin.de\/bucuresti\/primarul-george-tuta-umileste-public-persoane-fara-adapost\/#primaryimage","url":"https:\/\/buletin.de\/bucuresti\/wp-content\/uploads\/2025\/07\/image-50.jpg","contentUrl":"https:\/\/buletin.de\/bucuresti\/wp-content\/uploads\/2025\/07\/image-50.jpg","width":464,"height":366,"caption":"Primarul George Tu\u021b\u0103 umile\u0219te public persoane f\u0103r\u0103 ad\u0103post. ONG: \u201eUn comportament crud, cinic, ru\u0219inos \u0219i abominabil\u201d. Foto: FB \/ George Tu\u021b\u0103"},{"@type":"BreadcrumbList","@id":"https:\/\/buletin.de\/bucuresti\/primarul-george-tuta-umileste-public-persoane-fara-adapost\/#breadcrumb","itemListElement":[{"@type":"ListItem","position":1,"name":"Acas\u0103","item":"https:\/\/buletin.de\/bucuresti\/"},{"@type":"ListItem","position":2,"name":"Sector 1 | Primarul George Tu\u021b\u0103 umile\u0219te public persoane f\u0103r\u0103 ad\u0103post. ONG: \u201eUn comportament crud, cinic, ru\u0219inos \u0219i abominabil\u201d"}]},{"@type":"WebSite","@id":"https:\/\/buletin.de\/bucuresti\/#website","url":"https:\/\/buletin.de\/bucuresti\/","name":"Buletin de Bucure\u0219ti","description":"\u0218tiri \u0219i investiga\u021bii esen\u021biale din capital\u0103","publisher":{"@id":"https:\/\/buletin.de\/bucuresti\/#organization"},"potentialAction":[{"@type":"SearchAction","target":{"@type":"EntryPoint","urlTemplate":"https:\/\/buletin.de\/bucuresti\/?s={search_term_string}"},"query-input":{"@type":"PropertyValueSpecification","valueRequired":true,"valueName":"search_term_string"}}],"inLanguage":"en-GB"},{"@type":"Organization","@id":"https:\/\/buletin.de\/bucuresti\/#organization","name":"Buletin de Bucure\u0219ti","url":"https:\/\/buletin.de\/bucuresti\/","logo":{"@type":"ImageObject","inLanguage":"en-GB","@id":"https:\/\/buletin.de\/bucuresti\/#\/schema\/logo\/image\/","url":"https:\/\/buletin.de\/bucuresti\/wp-content\/uploads\/logo-bdb-full-wide-vernil-transparent.png","contentUrl":"https:\/\/buletin.de\/bucuresti\/wp-content\/uploads\/logo-bdb-full-wide-vernil-transparent.png","width":1782,"height":626,"caption":"Buletin de Bucure\u0219ti"},"image":{"@id":"https:\/\/buletin.de\/bucuresti\/#\/schema\/logo\/image\/"},"sameAs":["https:\/\/www.facebook.com\/buletin.de.buc","https:\/\/www.instagram.com\/buletinde.bucuresti\/"]},{"@type":"Person","@id":"https:\/\/buletin.de\/bucuresti\/#\/schema\/person\/0ac9db30080482be87c7386a30f98796","name":"C\u0103t\u0103lin Anghel-Dimache","image":{"@type":"ImageObject","inLanguage":"en-GB","@id":"https:\/\/buletin.de\/bucuresti\/wp-content\/uploads\/Catalin-Anghel-Dimache-96x96.jpgbd9e43c5b25186d5b8e917ac61ad86c4","url":"https:\/\/buletin.de\/bucuresti\/wp-content\/uploads\/Catalin-Anghel-Dimache-96x96.jpg","contentUrl":"https:\/\/buletin.de\/bucuresti\/wp-content\/uploads\/Catalin-Anghel-Dimache-96x96.jpg","caption":"C\u0103t\u0103lin Anghel-Dimache"},"description":"A absolvit Facultatea de Jurnalism \u0219i \u0218tiin\u021bele Comunic\u0103rii a Universit\u0103\u021bii din Bucure\u0219ti \u00een 2024. Scrie despre mediu \u0219i teme sociale, dar \u0219i despre cum se reflect\u0103 ele \u00een via\u021ba cotidian\u0103 a bucure\u0219tenilor, cu un ochi atent la pove\u0219tile personale din spatele titlurilor. N\u0103scut \u0219i crescut \u00een Bucure\u0219ti, a f\u0103cut un pas c\u0103tre presa local\u0103, din pasiune pentru ora\u0219ul s\u0103u \u0219i oamenii din el.","url":"https:\/\/buletin.de\/bucuresti\/author\/catalin-anghel-dimache\/"}]}},"authors":[{"term_id":22572,"user_id":59,"is_guest":0,"slug":"catalin-anghel-dimache","display_name":"C\u0103t\u0103lin Anghel-Dimache","avatar_url":"https:\/\/buletin.de\/bucuresti\/wp-content\/uploads\/Catalin-Anghel-Dimache-96x96.jpg","0":null,"1":"","2":"","3":"","4":"","5":"","6":"","7":"","8":""}],"_links":{"self":[{"href":"https:\/\/buletin.de\/bucuresti\/wp-json\/wp\/v2\/posts\/138269","targetHints":{"allow":["GET"]}}],"collection":[{"href":"https:\/\/buletin.de\/bucuresti\/wp-json\/wp\/v2\/posts"}],"about":[{"href":"https:\/\/buletin.de\/bucuresti\/wp-json\/wp\/v2\/types\/post"}],"author":[{"embeddable":true,"href":"https:\/\/buletin.de\/bucuresti\/wp-json\/wp\/v2\/users\/59"}],"replies":[{"embeddable":true,"href":"https:\/\/buletin.de\/bucuresti\/wp-json\/wp\/v2\/comments?post=138269"}],"version-history":[{"count":4,"href":"https:\/\/buletin.de\/bucuresti\/wp-json\/wp\/v2\/posts\/138269\/revisions"}],"predecessor-version":[{"id":138342,"href":"https:\/\/buletin.de\/bucuresti\/wp-json\/wp\/v2\/posts\/138269\/revisions\/138342"}],"wp:featuredmedia":[{"embeddable":true,"href":"https:\/\/buletin.de\/bucuresti\/wp-json\/wp\/v2\/media\/138271"}],"wp:attachment":[{"href":"https:\/\/buletin.de\/bucuresti\/wp-json\/wp\/v2\/media?parent=138269"}],"wp:term":[{"taxonomy":"category","embeddable":true,"href":"https:\/\/buletin.de\/bucuresti\/wp-json\/wp\/v2\/categories?post=138269"},{"taxonomy":"post_tag","embeddable":true,"href":"https:\/\/buletin.de\/bucuresti\/wp-json\/wp\/v2\/tags?post=138269"},{"taxonomy":"author","embeddable":true,"href":"https:\/\/buletin.de\/bucuresti\/wp-json\/wp\/v2\/ppma_author?post=138269"}],"curies":[{"name":"wp","href":"https:\/\/api.w.org\/{rel}","templated":true}]}}