{"id":137743,"date":"2025-07-05T20:12:17","date_gmt":"2025-07-05T17:12:17","guid":{"rendered":"https:\/\/buletin.de\/bucuresti\/?p=137743"},"modified":"2025-07-06T19:38:47","modified_gmt":"2025-07-06T16:38:47","slug":"meteo-cod-portocaliu-de-canicula-duminica-in-capitala","status":"publish","type":"post","link":"https:\/\/buletin.de\/bucuresti\/meteo-cod-portocaliu-de-canicula-duminica-in-capitala\/","title":{"rendered":"METEO |\u00a0Cod portocaliu de canicul\u0103, duminic\u0103, \u00een Capital\u0103"},"content":{"rendered":"\n<p><strong>Capitala \u0219i Ilfovul intr\u0103, din nou, sub cod portocaliu de canicul\u0103, \u00eencep\u00e2nd de duminic\u0103, 6 iulie. Temperaturile maxime se vor \u00eencadra \u00eentre 37 \u0219i 39 de grade, avertizeaz\u0103<a href=\"https:\/\/www.meteoromania.ro\/avertizari\/\">&nbsp;Agen\u021bia Na\u021bional\u0103 de Meteorologie (ANM)<\/a>.<\/strong><\/p>\n\n\n\n<p>Valul de canicul\u0103 va acoperi aproape toat\u0103 \u021bara. Avertizarea este valabil\u0103 \u00een intervalul 6 iulie, ora 10:00 \u2013 7 iulie, ora 10:00.<\/p>\n\n\n\n<h2 class=\"wp-block-heading\" id=\"h-primul-cod-rosu-de-canicula-din-aceasta-vara\">Primul cod ro\u015fu de canicul\u0103 din aceast\u0103 var\u0103<\/h2>\n\n\n\n<p>Meteorologii au emis \u0219i un cod ro\u0219u de canicul\u0103 pentru trei jude\u021be din sudul \u021b\u0103rii: Mehedin\u0163i, Dolj \u015fi Olt. Aici, temperaturile vor ajunge p\u00e2n\u0103 la 41 de grade. <\/p>\n\n\n\n<p>Disconfortul termic va fi deosebit de accentuat, iar indicele temperatur\u0103-umezeal\u0103 (ITU) va dep\u0103\u0219i pragul critic de 80 de unit\u0103\u021bi.<\/p>\n\n\n\n<p>Pe timpul nop\u0163ii, temperaturile nu vor sc\u0103dea sub 21 grade.<\/p>\n\n\n<div class=\"wp-block-image\">\n<figure class=\"aligncenter size-full is-resized\"><img fetchpriority=\"high\" decoding=\"async\" width=\"440\" height=\"229\" src=\"data:image\/gif;base64,R0lGODlhAQABAAAAACH5BAEKAAEALAAAAAABAAEAAAICTAEAOw==\" data-src=\"https:\/\/buletin.de\/bucuresti\/wp-content\/uploads\/2025\/07\/image_2025-07-05_195714958.png\" alt=\"\" class=\"wp-image-137748 lazyload\" style=\"width:648px;height:auto\" data-sizes=\"auto\" data-srcset=\"https:\/\/buletin.de\/bucuresti\/wp-content\/uploads\/2025\/07\/image_2025-07-05_195714958.png 440w, https:\/\/buletin.de\/bucuresti\/wp-content\/uploads\/2025\/07\/image_2025-07-05_195714958-300x156.png 300w, https:\/\/buletin.de\/bucuresti\/wp-content\/uploads\/2025\/07\/image_2025-07-05_195714958-20x10.png 20w\" sizes=\"(max-width: 440px) 100vw, 440px\" \/><figcaption class=\"wp-element-caption\">Cod portocaliu de canicul\u0103 \u00een Capital\u0103 \u0219i Ilfov. Foto: ANM<\/figcaption><\/figure>\n<\/div>\n\n\n<p><strong>CITE\u0218TE \u0218I:\u00a0<\/strong><a href=\"https:\/\/buletin.de\/bucuresti\/capitala-cuptorul-urban-numarul-de-nopti-tropicale-ar-putea-creste-de-cinci-ori-fata-de-media-ultimilor-83-ani\/\"><strong>Capitala, \u201ecuptor\u201d urban | Num\u0103rul de nop\u021bi tropicale ar putea cre\u0219te de cinci ori fa\u021b\u0103 de media ultimilor 83 ani<\/strong><\/a><\/p>\n\n\n\n<h2 class=\"wp-block-heading\" id=\"h-cod-portocaliu-de-canicula-in-capitala\">Cod portocaliu de canicul\u0103 \u00een Capital\u0103<\/h2>\n\n\n\n<p>Temperaturile maxime se vor \u00eencadra \u00eentre 37 \u0219i 39 de grade, iar minimele nu vor cobor\u00ee sub 20 de grade, caracteriz\u00e2nd o noapte tropical\u0103.<\/p>\n\n\n\n<p>Disconfortul termic va fi accentuat, cu indicele temperatur\u0103-umezeal\u0103 (ITU) de peste 80 de unit\u0103\u021bi, transmit meteorologii.<\/p>\n\n\n\n<p>Luni, valul de c\u0103ldur\u0103 se va intensifica \u00een partea sudic\u0103 a \u0163\u0103rii.<\/p>\n\n\n\n<p>Prognoza va fi actualizat\u0103, \u00een func\u0163ie de evolu\u0163ia \u015fi intensitatea fenomenelor meteorologice, transmite ANM.<\/p>\n\n\n\n<p><strong>CITE\u0218TE \u0218I:<\/strong>\u00a0<a href=\"https:\/\/buletin.de\/bucuresti\/aerul-conditionat-social-al-capitalei-bucurestiul-nu-are-capacitatea-de-a-respira-afara-vara\/\"><strong>Aerul condi\u021bionat \u201esocial\u201c al Capitalei | \u201eBucure\u0219tiul nu are capacitatea de a respira afar\u0103 vara\u201c<\/strong><\/a><\/p>\n","protected":false},"excerpt":{"rendered":"<p>Capitala \u0219i Ilfovul intr\u0103, din nou, sub cod portocaliu de canicul\u0103, \u00eencep\u00e2nd de duminic\u0103, 6 iulie. Temperaturile maxime se vor \u00eencadra \u00eentre 37 \u0219i 39 de grade, avertizeaz\u0103&nbsp;Agen\u021bia Na\u021bional\u0103 de Meteorologie (ANM). Valul de canicul\u0103 va acoperi aproape toat\u0103 \u021bara. Avertizarea este valabil\u0103 \u00een intervalul 6 iulie, ora 10:00 \u2013 7 iulie, ora 10:00. Primul [&hellip;]<\/p>\n","protected":false},"author":55,"featured_media":137751,"comment_status":"closed","ping_status":"open","sticky":false,"template":"","format":"standard","meta":{"_acf_changed":false,"inline_featured_image":false,"ngg_post_thumbnail":0,"footnotes":""},"categories":[6994,109],"tags":[4314,2998,2927,6457,820,5228,4311],"ppma_author":[22573],"class_list":["post-137743","post","type-post","status-publish","format-standard","has-post-thumbnail","hentry","category-stiri-2","category-mediu","tag-anm","tag-canicula","tag-cod-portocaliu","tag-cod-rosu","tag-ilfov","tag-meteo","tag-vreme-bucuresti"],"acf":[],"yoast_head":"<!-- This site is optimized with the Yoast SEO Premium plugin v25.3 (Yoast SEO v27.4) - https:\/\/yoast.com\/product\/yoast-seo-premium-wordpress\/ -->\n<title>METEO |\u00a0Cod portocaliu de canicul\u0103, duminic\u0103, \u00een Capital\u0103 - Buletin de Bucure\u0219ti<\/title>\n<meta name=\"description\" content=\"Capitala \u0219i Ilfovul intr\u0103, din nou, sub cod portocaliu de canicul\u0103, \u00eencep\u00e2nd de duminic\u0103, 6 iulie, avertizeaz\u0103 ANM.\" \/>\n<meta name=\"robots\" content=\"index, follow, max-snippet:-1, max-image-preview:large, max-video-preview:-1\" \/>\n<link rel=\"canonical\" href=\"https:\/\/buletin.de\/bucuresti\/meteo-cod-portocaliu-de-canicula-duminica-in-capitala\/\" \/>\n<meta property=\"og:locale\" content=\"en_GB\" \/>\n<meta property=\"og:type\" content=\"article\" \/>\n<meta property=\"og:title\" content=\"METEO |\u00a0Cod portocaliu de canicul\u0103, duminic\u0103, \u00een Capital\u0103\" \/>\n<meta property=\"og:description\" content=\"Capitala \u0219i Ilfovul intr\u0103, din nou, sub cod portocaliu de canicul\u0103, \u00eencep\u00e2nd de duminic\u0103, 6 iulie, avertizeaz\u0103 ANM.\" \/>\n<meta property=\"og:url\" content=\"https:\/\/buletin.de\/bucuresti\/meteo-cod-portocaliu-de-canicula-duminica-in-capitala\/\" \/>\n<meta property=\"og:site_name\" content=\"Buletin de Bucure\u0219ti\" \/>\n<meta property=\"article:publisher\" content=\"https:\/\/www.facebook.com\/buletin.de.buc\" \/>\n<meta property=\"article:published_time\" content=\"2025-07-05T17:12:17+00:00\" \/>\n<meta property=\"article:modified_time\" content=\"2025-07-06T16:38:47+00:00\" \/>\n<meta property=\"og:image\" content=\"https:\/\/buletin.de\/bucuresti\/wp-content\/uploads\/2025\/07\/soare-meteo-1.jpg\" \/>\n\t<meta property=\"og:image:width\" content=\"1600\" \/>\n\t<meta property=\"og:image:height\" content=\"1067\" \/>\n\t<meta property=\"og:image:type\" content=\"image\/jpeg\" \/>\n<meta name=\"author\" content=\"Andreea Tudor\" \/>\n<meta name=\"twitter:card\" content=\"summary_large_image\" \/>\n<meta name=\"twitter:label1\" content=\"Written by\" \/>\n\t<meta name=\"twitter:data1\" content=\"Andreea Tudor\" \/>\n\t<meta name=\"twitter:label2\" content=\"Estimated reading time\" \/>\n\t<meta name=\"twitter:data2\" content=\"2 minutes\" \/>\n<script type=\"application\/ld+json\" class=\"yoast-schema-graph\">{\"@context\":\"https:\\\/\\\/schema.org\",\"@graph\":[{\"@type\":\"Article\",\"@id\":\"https:\\\/\\\/buletin.de\\\/bucuresti\\\/meteo-cod-portocaliu-de-canicula-duminica-in-capitala\\\/#article\",\"isPartOf\":{\"@id\":\"https:\\\/\\\/buletin.de\\\/bucuresti\\\/meteo-cod-portocaliu-de-canicula-duminica-in-capitala\\\/\"},\"author\":{\"name\":\"Andreea Tudor\",\"@id\":\"https:\\\/\\\/buletin.de\\\/bucuresti\\\/#\\\/schema\\\/person\\\/150590659efde715459d159da012f501\"},\"headline\":\"METEO |\u00a0Cod portocaliu de canicul\u0103, duminic\u0103, \u00een Capital\u0103\",\"datePublished\":\"2025-07-05T17:12:17+00:00\",\"dateModified\":\"2025-07-06T16:38:47+00:00\",\"mainEntityOfPage\":{\"@id\":\"https:\\\/\\\/buletin.de\\\/bucuresti\\\/meteo-cod-portocaliu-de-canicula-duminica-in-capitala\\\/\"},\"wordCount\":258,\"publisher\":{\"@id\":\"https:\\\/\\\/buletin.de\\\/bucuresti\\\/#organization\"},\"image\":{\"@id\":\"https:\\\/\\\/buletin.de\\\/bucuresti\\\/meteo-cod-portocaliu-de-canicula-duminica-in-capitala\\\/#primaryimage\"},\"thumbnailUrl\":\"https:\\\/\\\/buletin.de\\\/bucuresti\\\/wp-content\\\/uploads\\\/2025\\\/07\\\/soare-meteo-1.jpg\",\"keywords\":[\"anm\",\"canicula\",\"cod portocaliu\",\"cod rosu\",\"Ilfov\",\"Meteo\",\"vreme bucuresti\"],\"articleSection\":[\"Articole\",\"Mediu\"],\"inLanguage\":\"en-GB\",\"copyrightYear\":\"2025\",\"copyrightHolder\":{\"@id\":\"https:\\\/\\\/buletin.de\\\/bucuresti\\\/#organization\"}},{\"@type\":\"WebPage\",\"@id\":\"https:\\\/\\\/buletin.de\\\/bucuresti\\\/meteo-cod-portocaliu-de-canicula-duminica-in-capitala\\\/\",\"url\":\"https:\\\/\\\/buletin.de\\\/bucuresti\\\/meteo-cod-portocaliu-de-canicula-duminica-in-capitala\\\/\",\"name\":\"METEO |\u00a0Cod portocaliu de canicul\u0103, duminic\u0103, \u00een Capital\u0103 - Buletin de Bucure\u0219ti\",\"isPartOf\":{\"@id\":\"https:\\\/\\\/buletin.de\\\/bucuresti\\\/#website\"},\"primaryImageOfPage\":{\"@id\":\"https:\\\/\\\/buletin.de\\\/bucuresti\\\/meteo-cod-portocaliu-de-canicula-duminica-in-capitala\\\/#primaryimage\"},\"image\":{\"@id\":\"https:\\\/\\\/buletin.de\\\/bucuresti\\\/meteo-cod-portocaliu-de-canicula-duminica-in-capitala\\\/#primaryimage\"},\"thumbnailUrl\":\"https:\\\/\\\/buletin.de\\\/bucuresti\\\/wp-content\\\/uploads\\\/2025\\\/07\\\/soare-meteo-1.jpg\",\"datePublished\":\"2025-07-05T17:12:17+00:00\",\"dateModified\":\"2025-07-06T16:38:47+00:00\",\"description\":\"Capitala \u0219i Ilfovul intr\u0103, din nou, sub cod portocaliu de canicul\u0103, \u00eencep\u00e2nd de duminic\u0103, 6 iulie, avertizeaz\u0103 ANM.\",\"breadcrumb\":{\"@id\":\"https:\\\/\\\/buletin.de\\\/bucuresti\\\/meteo-cod-portocaliu-de-canicula-duminica-in-capitala\\\/#breadcrumb\"},\"inLanguage\":\"en-GB\",\"potentialAction\":[{\"@type\":\"ReadAction\",\"target\":[\"https:\\\/\\\/buletin.de\\\/bucuresti\\\/meteo-cod-portocaliu-de-canicula-duminica-in-capitala\\\/\"]}]},{\"@type\":\"ImageObject\",\"inLanguage\":\"en-GB\",\"@id\":\"https:\\\/\\\/buletin.de\\\/bucuresti\\\/meteo-cod-portocaliu-de-canicula-duminica-in-capitala\\\/#primaryimage\",\"url\":\"https:\\\/\\\/buletin.de\\\/bucuresti\\\/wp-content\\\/uploads\\\/2025\\\/07\\\/soare-meteo-1.jpg\",\"contentUrl\":\"https:\\\/\\\/buletin.de\\\/bucuresti\\\/wp-content\\\/uploads\\\/2025\\\/07\\\/soare-meteo-1.jpg\",\"width\":1600,\"height\":1067,\"caption\":\"METEO | Codul portocaliu se prelunge\u0219te, \u00een Capital\u0103. Temperaturile maxime ajung la 39 de grade. FOTO: Arhiva\"},{\"@type\":\"BreadcrumbList\",\"@id\":\"https:\\\/\\\/buletin.de\\\/bucuresti\\\/meteo-cod-portocaliu-de-canicula-duminica-in-capitala\\\/#breadcrumb\",\"itemListElement\":[{\"@type\":\"ListItem\",\"position\":1,\"name\":\"Acas\u0103\",\"item\":\"https:\\\/\\\/buletin.de\\\/bucuresti\\\/\"},{\"@type\":\"ListItem\",\"position\":2,\"name\":\"METEO |\u00a0Cod portocaliu de canicul\u0103, duminic\u0103, \u00een Capital\u0103\"}]},{\"@type\":\"WebSite\",\"@id\":\"https:\\\/\\\/buletin.de\\\/bucuresti\\\/#website\",\"url\":\"https:\\\/\\\/buletin.de\\\/bucuresti\\\/\",\"name\":\"Buletin de Bucure\u0219ti\",\"description\":\"\u0218tiri \u0219i investiga\u021bii esen\u021biale din capital\u0103\",\"publisher\":{\"@id\":\"https:\\\/\\\/buletin.de\\\/bucuresti\\\/#organization\"},\"potentialAction\":[{\"@type\":\"SearchAction\",\"target\":{\"@type\":\"EntryPoint\",\"urlTemplate\":\"https:\\\/\\\/buletin.de\\\/bucuresti\\\/?s={search_term_string}\"},\"query-input\":{\"@type\":\"PropertyValueSpecification\",\"valueRequired\":true,\"valueName\":\"search_term_string\"}}],\"inLanguage\":\"en-GB\"},{\"@type\":\"Organization\",\"@id\":\"https:\\\/\\\/buletin.de\\\/bucuresti\\\/#organization\",\"name\":\"Buletin de Bucure\u0219ti\",\"url\":\"https:\\\/\\\/buletin.de\\\/bucuresti\\\/\",\"logo\":{\"@type\":\"ImageObject\",\"inLanguage\":\"en-GB\",\"@id\":\"https:\\\/\\\/buletin.de\\\/bucuresti\\\/#\\\/schema\\\/logo\\\/image\\\/\",\"url\":\"https:\\\/\\\/buletin.de\\\/bucuresti\\\/wp-content\\\/uploads\\\/logo-bdb-full-wide-vernil-transparent.png\",\"contentUrl\":\"https:\\\/\\\/buletin.de\\\/bucuresti\\\/wp-content\\\/uploads\\\/logo-bdb-full-wide-vernil-transparent.png\",\"width\":1782,\"height\":626,\"caption\":\"Buletin de Bucure\u0219ti\"},\"image\":{\"@id\":\"https:\\\/\\\/buletin.de\\\/bucuresti\\\/#\\\/schema\\\/logo\\\/image\\\/\"},\"sameAs\":[\"https:\\\/\\\/www.facebook.com\\\/buletin.de.buc\",\"https:\\\/\\\/www.instagram.com\\\/buletinde.bucuresti\\\/\"]},{\"@type\":\"Person\",\"@id\":\"https:\\\/\\\/buletin.de\\\/bucuresti\\\/#\\\/schema\\\/person\\\/150590659efde715459d159da012f501\",\"name\":\"Andreea Tudor\",\"image\":{\"@type\":\"ImageObject\",\"inLanguage\":\"en-GB\",\"@id\":\"https:\\\/\\\/secure.gravatar.com\\\/avatar\\\/a88705a186ab0b67f3349bcbced506c09e37256fbaad0e7f3bd1a79b4599f589?s=96&d=monsterid&r=g79290610aa1a65c2b86eebc2ca5aee8f\",\"url\":\"https:\\\/\\\/secure.gravatar.com\\\/avatar\\\/a88705a186ab0b67f3349bcbced506c09e37256fbaad0e7f3bd1a79b4599f589?s=96&d=monsterid&r=g\",\"contentUrl\":\"https:\\\/\\\/secure.gravatar.com\\\/avatar\\\/a88705a186ab0b67f3349bcbced506c09e37256fbaad0e7f3bd1a79b4599f589?s=96&d=monsterid&r=g\",\"caption\":\"Andreea Tudor\"},\"description\":\"N\u0103scut\u0103 \u0219i crescut\u0103 \u00een Bucure\u0219ti, sus\u021bin\u0103toare a presei independente. A\u0219a am ajuns redactor la Buletin de Bucure\u0219ti. Fiind eu, \u00eens\u0103mi, parte a sistemului de \u00eenv\u0103\u021b\u0103m\u00e2nt rom\u00e2nesc \u0219i pasionat\u0103 de domeniul social, pun sub lup\u0103 tot ceea ce se \u00eent\u00e2mpl\u0103 \u00een sfera educa\u021biei. Cred cu t\u0103rie c\u0103 presa \u201epentru cet\u0103\u021beni\u201d este presa independent\u0103. Oamenii au nevoie de o informare corect\u0103 pentru a \u00een\u021belege pe deplin ce se \u00eent\u00e2mpl\u0103 \u00een jurul lor \u0219i pentru a lua ac\u021biune \u00eempotriva nedrept\u0103\u021bilor.\",\"url\":\"https:\\\/\\\/buletin.de\\\/bucuresti\\\/author\\\/andreeatudor\\\/\"}]}<\/script>\n<!-- \/ Yoast SEO Premium plugin. -->","yoast_head_json":{"title":"METEO |\u00a0Cod portocaliu de canicul\u0103, duminic\u0103, \u00een Capital\u0103 - Buletin de Bucure\u0219ti","description":"Capitala \u0219i Ilfovul intr\u0103, din nou, sub cod portocaliu de canicul\u0103, \u00eencep\u00e2nd de duminic\u0103, 6 iulie, avertizeaz\u0103 ANM.","robots":{"index":"index","follow":"follow","max-snippet":"max-snippet:-1","max-image-preview":"max-image-preview:large","max-video-preview":"max-video-preview:-1"},"canonical":"https:\/\/buletin.de\/bucuresti\/meteo-cod-portocaliu-de-canicula-duminica-in-capitala\/","og_locale":"en_GB","og_type":"article","og_title":"METEO |\u00a0Cod portocaliu de canicul\u0103, duminic\u0103, \u00een Capital\u0103","og_description":"Capitala \u0219i Ilfovul intr\u0103, din nou, sub cod portocaliu de canicul\u0103, \u00eencep\u00e2nd de duminic\u0103, 6 iulie, avertizeaz\u0103 ANM.","og_url":"https:\/\/buletin.de\/bucuresti\/meteo-cod-portocaliu-de-canicula-duminica-in-capitala\/","og_site_name":"Buletin de Bucure\u0219ti","article_publisher":"https:\/\/www.facebook.com\/buletin.de.buc","article_published_time":"2025-07-05T17:12:17+00:00","article_modified_time":"2025-07-06T16:38:47+00:00","og_image":[{"width":1600,"height":1067,"url":"https:\/\/buletin.de\/bucuresti\/wp-content\/uploads\/2025\/07\/soare-meteo-1.jpg","type":"image\/jpeg"}],"author":"Andreea Tudor","twitter_card":"summary_large_image","twitter_misc":{"Written by":"Andreea Tudor","Estimated reading time":"2 minutes"},"schema":{"@context":"https:\/\/schema.org","@graph":[{"@type":"Article","@id":"https:\/\/buletin.de\/bucuresti\/meteo-cod-portocaliu-de-canicula-duminica-in-capitala\/#article","isPartOf":{"@id":"https:\/\/buletin.de\/bucuresti\/meteo-cod-portocaliu-de-canicula-duminica-in-capitala\/"},"author":{"name":"Andreea Tudor","@id":"https:\/\/buletin.de\/bucuresti\/#\/schema\/person\/150590659efde715459d159da012f501"},"headline":"METEO |\u00a0Cod portocaliu de canicul\u0103, duminic\u0103, \u00een Capital\u0103","datePublished":"2025-07-05T17:12:17+00:00","dateModified":"2025-07-06T16:38:47+00:00","mainEntityOfPage":{"@id":"https:\/\/buletin.de\/bucuresti\/meteo-cod-portocaliu-de-canicula-duminica-in-capitala\/"},"wordCount":258,"publisher":{"@id":"https:\/\/buletin.de\/bucuresti\/#organization"},"image":{"@id":"https:\/\/buletin.de\/bucuresti\/meteo-cod-portocaliu-de-canicula-duminica-in-capitala\/#primaryimage"},"thumbnailUrl":"https:\/\/buletin.de\/bucuresti\/wp-content\/uploads\/2025\/07\/soare-meteo-1.jpg","keywords":["anm","canicula","cod portocaliu","cod rosu","Ilfov","Meteo","vreme bucuresti"],"articleSection":["Articole","Mediu"],"inLanguage":"en-GB","copyrightYear":"2025","copyrightHolder":{"@id":"https:\/\/buletin.de\/bucuresti\/#organization"}},{"@type":"WebPage","@id":"https:\/\/buletin.de\/bucuresti\/meteo-cod-portocaliu-de-canicula-duminica-in-capitala\/","url":"https:\/\/buletin.de\/bucuresti\/meteo-cod-portocaliu-de-canicula-duminica-in-capitala\/","name":"METEO |\u00a0Cod portocaliu de canicul\u0103, duminic\u0103, \u00een Capital\u0103 - Buletin de Bucure\u0219ti","isPartOf":{"@id":"https:\/\/buletin.de\/bucuresti\/#website"},"primaryImageOfPage":{"@id":"https:\/\/buletin.de\/bucuresti\/meteo-cod-portocaliu-de-canicula-duminica-in-capitala\/#primaryimage"},"image":{"@id":"https:\/\/buletin.de\/bucuresti\/meteo-cod-portocaliu-de-canicula-duminica-in-capitala\/#primaryimage"},"thumbnailUrl":"https:\/\/buletin.de\/bucuresti\/wp-content\/uploads\/2025\/07\/soare-meteo-1.jpg","datePublished":"2025-07-05T17:12:17+00:00","dateModified":"2025-07-06T16:38:47+00:00","description":"Capitala \u0219i Ilfovul intr\u0103, din nou, sub cod portocaliu de canicul\u0103, \u00eencep\u00e2nd de duminic\u0103, 6 iulie, avertizeaz\u0103 ANM.","breadcrumb":{"@id":"https:\/\/buletin.de\/bucuresti\/meteo-cod-portocaliu-de-canicula-duminica-in-capitala\/#breadcrumb"},"inLanguage":"en-GB","potentialAction":[{"@type":"ReadAction","target":["https:\/\/buletin.de\/bucuresti\/meteo-cod-portocaliu-de-canicula-duminica-in-capitala\/"]}]},{"@type":"ImageObject","inLanguage":"en-GB","@id":"https:\/\/buletin.de\/bucuresti\/meteo-cod-portocaliu-de-canicula-duminica-in-capitala\/#primaryimage","url":"https:\/\/buletin.de\/bucuresti\/wp-content\/uploads\/2025\/07\/soare-meteo-1.jpg","contentUrl":"https:\/\/buletin.de\/bucuresti\/wp-content\/uploads\/2025\/07\/soare-meteo-1.jpg","width":1600,"height":1067,"caption":"METEO | Codul portocaliu se prelunge\u0219te, \u00een Capital\u0103. Temperaturile maxime ajung la 39 de grade. FOTO: Arhiva"},{"@type":"BreadcrumbList","@id":"https:\/\/buletin.de\/bucuresti\/meteo-cod-portocaliu-de-canicula-duminica-in-capitala\/#breadcrumb","itemListElement":[{"@type":"ListItem","position":1,"name":"Acas\u0103","item":"https:\/\/buletin.de\/bucuresti\/"},{"@type":"ListItem","position":2,"name":"METEO |\u00a0Cod portocaliu de canicul\u0103, duminic\u0103, \u00een Capital\u0103"}]},{"@type":"WebSite","@id":"https:\/\/buletin.de\/bucuresti\/#website","url":"https:\/\/buletin.de\/bucuresti\/","name":"Buletin de Bucure\u0219ti","description":"\u0218tiri \u0219i investiga\u021bii esen\u021biale din capital\u0103","publisher":{"@id":"https:\/\/buletin.de\/bucuresti\/#organization"},"potentialAction":[{"@type":"SearchAction","target":{"@type":"EntryPoint","urlTemplate":"https:\/\/buletin.de\/bucuresti\/?s={search_term_string}"},"query-input":{"@type":"PropertyValueSpecification","valueRequired":true,"valueName":"search_term_string"}}],"inLanguage":"en-GB"},{"@type":"Organization","@id":"https:\/\/buletin.de\/bucuresti\/#organization","name":"Buletin de Bucure\u0219ti","url":"https:\/\/buletin.de\/bucuresti\/","logo":{"@type":"ImageObject","inLanguage":"en-GB","@id":"https:\/\/buletin.de\/bucuresti\/#\/schema\/logo\/image\/","url":"https:\/\/buletin.de\/bucuresti\/wp-content\/uploads\/logo-bdb-full-wide-vernil-transparent.png","contentUrl":"https:\/\/buletin.de\/bucuresti\/wp-content\/uploads\/logo-bdb-full-wide-vernil-transparent.png","width":1782,"height":626,"caption":"Buletin de Bucure\u0219ti"},"image":{"@id":"https:\/\/buletin.de\/bucuresti\/#\/schema\/logo\/image\/"},"sameAs":["https:\/\/www.facebook.com\/buletin.de.buc","https:\/\/www.instagram.com\/buletinde.bucuresti\/"]},{"@type":"Person","@id":"https:\/\/buletin.de\/bucuresti\/#\/schema\/person\/150590659efde715459d159da012f501","name":"Andreea Tudor","image":{"@type":"ImageObject","inLanguage":"en-GB","@id":"https:\/\/secure.gravatar.com\/avatar\/a88705a186ab0b67f3349bcbced506c09e37256fbaad0e7f3bd1a79b4599f589?s=96&d=monsterid&r=g79290610aa1a65c2b86eebc2ca5aee8f","url":"https:\/\/secure.gravatar.com\/avatar\/a88705a186ab0b67f3349bcbced506c09e37256fbaad0e7f3bd1a79b4599f589?s=96&d=monsterid&r=g","contentUrl":"https:\/\/secure.gravatar.com\/avatar\/a88705a186ab0b67f3349bcbced506c09e37256fbaad0e7f3bd1a79b4599f589?s=96&d=monsterid&r=g","caption":"Andreea Tudor"},"description":"N\u0103scut\u0103 \u0219i crescut\u0103 \u00een Bucure\u0219ti, sus\u021bin\u0103toare a presei independente. A\u0219a am ajuns redactor la Buletin de Bucure\u0219ti. Fiind eu, \u00eens\u0103mi, parte a sistemului de \u00eenv\u0103\u021b\u0103m\u00e2nt rom\u00e2nesc \u0219i pasionat\u0103 de domeniul social, pun sub lup\u0103 tot ceea ce se \u00eent\u00e2mpl\u0103 \u00een sfera educa\u021biei. Cred cu t\u0103rie c\u0103 presa \u201epentru cet\u0103\u021beni\u201d este presa independent\u0103. Oamenii au nevoie de o informare corect\u0103 pentru a \u00een\u021belege pe deplin ce se \u00eent\u00e2mpl\u0103 \u00een jurul lor \u0219i pentru a lua ac\u021biune \u00eempotriva nedrept\u0103\u021bilor.","url":"https:\/\/buletin.de\/bucuresti\/author\/andreeatudor\/"}]}},"authors":[{"term_id":22573,"user_id":55,"is_guest":0,"slug":"andreeatudor","display_name":"Andreea Tudor","avatar_url":"https:\/\/secure.gravatar.com\/avatar\/a88705a186ab0b67f3349bcbced506c09e37256fbaad0e7f3bd1a79b4599f589?s=96&d=monsterid&r=g","0":null,"1":"","2":"","3":"","4":"","5":"","6":"","7":"","8":""}],"_links":{"self":[{"href":"https:\/\/buletin.de\/bucuresti\/wp-json\/wp\/v2\/posts\/137743","targetHints":{"allow":["GET"]}}],"collection":[{"href":"https:\/\/buletin.de\/bucuresti\/wp-json\/wp\/v2\/posts"}],"about":[{"href":"https:\/\/buletin.de\/bucuresti\/wp-json\/wp\/v2\/types\/post"}],"author":[{"embeddable":true,"href":"https:\/\/buletin.de\/bucuresti\/wp-json\/wp\/v2\/users\/55"}],"replies":[{"embeddable":true,"href":"https:\/\/buletin.de\/bucuresti\/wp-json\/wp\/v2\/comments?post=137743"}],"version-history":[{"count":2,"href":"https:\/\/buletin.de\/bucuresti\/wp-json\/wp\/v2\/posts\/137743\/revisions"}],"predecessor-version":[{"id":137752,"href":"https:\/\/buletin.de\/bucuresti\/wp-json\/wp\/v2\/posts\/137743\/revisions\/137752"}],"wp:featuredmedia":[{"embeddable":true,"href":"https:\/\/buletin.de\/bucuresti\/wp-json\/wp\/v2\/media\/137751"}],"wp:attachment":[{"href":"https:\/\/buletin.de\/bucuresti\/wp-json\/wp\/v2\/media?parent=137743"}],"wp:term":[{"taxonomy":"category","embeddable":true,"href":"https:\/\/buletin.de\/bucuresti\/wp-json\/wp\/v2\/categories?post=137743"},{"taxonomy":"post_tag","embeddable":true,"href":"https:\/\/buletin.de\/bucuresti\/wp-json\/wp\/v2\/tags?post=137743"},{"taxonomy":"author","embeddable":true,"href":"https:\/\/buletin.de\/bucuresti\/wp-json\/wp\/v2\/ppma_author?post=137743"}],"curies":[{"name":"wp","href":"https:\/\/api.w.org\/{rel}","templated":true}]}}