{"id":137564,"date":"2025-07-05T09:10:19","date_gmt":"2025-07-05T06:10:19","guid":{"rendered":"https:\/\/buletin.de\/bucuresti\/?p=137564"},"modified":"2025-07-09T13:14:41","modified_gmt":"2025-07-09T10:14:41","slug":"sector-4-lista-nou-de-melodii-la-fantana-muzicala-din-parcul-tudor-arghezi","status":"publish","type":"post","link":"https:\/\/buletin.de\/bucuresti\/sector-4-lista-nou-de-melodii-la-fantana-muzicala-din-parcul-tudor-arghezi\/","title":{"rendered":"Sector 4 | List\u0103 nou\u0103 de melodii la f\u00e2nt\u00e2na muzical\u0103 din parcul Tudor Arghezi"},"content":{"rendered":"\n<p><strong>Primarul Sectorului 4 a anun\u021bat c\u0103 a fost actualizat\u0103 lista de melodii de la f\u00e2nt\u00e2na artezian\u0103 muzical\u0103 din Parcul Tudor Arghezi.<\/strong><\/p>\n\n\n\n<p>\u201eA venit vara, suntem \u00een anul 2025. A\u021bi cerut s\u0103 schimb\u0103m playlistul de la f\u00e2nt\u00e2na din parcul Tudor Arghezi. Am f\u0103cut-o, am pus melodiile pe care le-a\u021bi solicitat\u201d, a <a href=\"https:\/\/www.tiktok.com\/@primardanielbaluta\/video\/7523224059581156630\" target=\"_blank\" rel=\"noreferrer noopener\">transmis Daniel B\u0103lu\u021b\u0103<\/a>, pe Tik-tok.<\/p>\n\n\n\n<p>\u00cen aprilie anul acesta, primarul le cerea locuitorilor Sectorului 4 s\u0103-i spun\u0103 care este lista de melodii preferate pe care ar vrea s\u0103 le asculte la arteziana din parcul construit recent.<\/p>\n\n\n\n<p>\u201eAve\u021bi o melodie preferat\u0103 sau vreun anume artist pe care a\u021bi vrea s\u0103-l asculta\u021bi \u00een aer liber!? E perfect! Pute\u021bi face acest lucru \u00een parcul Tudor Arghezi, la f\u00e2nt\u00e2na muzical\u0103.<\/p>\n\n\n\n<p>Tot ce trebuie s\u0103 face\u021bi este s\u0103 ne trimite\u021bi \u00een comentarii numele&nbsp;artistului\/melodiei. Pe baza sugestiilor voastre, vom alc\u0103tui noul playlist al f\u00e2nt\u00e2nii, din acest sezon.<\/p>\n\n\n\n<p>V\u0103 reamintesc faptul c\u0103 spectacolul de lasere \u0219i muzic\u0103 este programat de vineri p\u00e2n\u0103 duminic\u0103, de la ora 19.00 la ora 23.00, c\u00e2te 15 minute la \u00eenceptul fiec\u0103rei ore\u201d, <a href=\"https:\/\/www.facebook.com\/watch\/?v=1165834428613078\" target=\"_blank\" rel=\"noreferrer noopener\">cerea Daniel B\u0103lu\u021b\u0103<\/a>, \u00een urm\u0103 cu trei luni.<\/p>\n\n\n\n<p><strong>CITE\u0218TE \u0218I:<a href=\"https:\/\/buletin.de\/bucuresti\/trenurile-cu-aer-conditionat-care-pleaca-din-bucuresti-si-merg-pana-in-mangalia-club-feroviar\/\" target=\"_blank\" rel=\"noreferrer noopener\"> Trenurile cu aer condi\u021bionat care pleac\u0103 din Bucure\u0219ti \u0219i merg p\u00e2n\u0103 \u00een Mangalia | Club feroviar<\/a><\/strong><\/p>\n\n\n\n<h2 class=\"wp-block-heading\" id=\"h-melodii-la-fantana-muzicala-de-milioane-de-lei\">Melodii la f\u00e2nt\u00e2na muzical\u0103, de milioane de lei<\/h2>\n\n\n\n<p><strong>Parcul Tudor Arghezi, de pe bd. Metalurgiei, a fost deschis pe 20 septembrie 2023, de ziua Bucure\u0219tiului. <\/strong><\/p>\n\n\n\n<p>Pe l\u00e2ng\u0103 f\u00e2nt\u00e2na artezian\u0103 muzical\u0103, \u00een parc exist\u0103 o plaj\u0103 ecologic\u0103, un spa\u021biu special pentru animalele de companie \u0219i o parcare supraetajat\u0103 de 150 de locuri.<\/p>\n\n\n\n<p><strong><strong>Costurile s-au dublat de la \u00eenceputul p\u00e2n\u0103 la finalul amenaj\u0103rii. Astfel, parcul a ajuns s\u0103 coste la final 16 milioane de euro, de\u0219i, \u00een 2021, costul se ridica la doar 7,5 milioane de euro construc\u021bia propriu-zis\u0103 \u0219i 1.8 milioane de euro exproprierile.\u00a0<\/strong><\/strong><\/p>\n\n\n\n<p>\u00cen 2022, anul \u00een care a \u00eenceput \u0219i execu\u021bia lucr\u0103rilor, proiectul a suferit prima modificare major\u0103 care a dus la cre\u0219terea costurilor. Atunci, primarul Daniel B\u0103lu\u021b\u0103 a anun\u021bat pe Facebook c\u0103 Parcul Tudor Arghezi care se \u00eentindea pe 27.000 de metri p\u0103tra\u021bi se m\u0103re\u0219te cu \u00eenc\u0103 10.000 mp.<\/p>\n\n\n\n<p><strong>CITE\u0218TE \u0218I: <a href=\"https:\/\/buletin.de\/bucuresti\/sector-4-pretul-parcului-tudor-arghezi-aproape-ca-s-a-dublat-din-2021-si-pana-acum\/\" target=\"_blank\" rel=\"noreferrer noopener\">Sector 4 | Pre\u0163ul Parcului Tudor Arghezi aproape c\u0103 s-a dublat din 2021 \u015fi p\u00e2n\u0103 acum<\/a><br><\/strong><br><\/p>\n","protected":false},"excerpt":{"rendered":"<p>Primarul Sectorului 4 a anun\u021bat c\u0103 a fost actualizat\u0103 lista de melodii de la f\u00e2nt\u00e2na artezian\u0103 muzical\u0103 din Parcul Tudor Arghezi. \u201eA venit vara, suntem \u00een anul 2025. A\u021bi cerut s\u0103 schimb\u0103m playlistul de la f\u00e2nt\u00e2na din parcul Tudor Arghezi. Am f\u0103cut-o, am pus melodiile pe care le-a\u021bi solicitat\u201d, a transmis Daniel B\u0103lu\u021b\u0103, pe Tik-tok. [&hellip;]<\/p>\n","protected":false},"author":1,"featured_media":137567,"comment_status":"closed","ping_status":"open","sticky":false,"template":"","format":"standard","meta":{"_acf_changed":false,"inline_featured_image":false,"ngg_post_thumbnail":0,"footnotes":""},"categories":[6994,24,62],"tags":[10308,7113,3806,765],"ppma_author":[22583],"class_list":["post-137564","post","type-post","status-publish","format-standard","has-post-thumbnail","hentry","category-stiri-2","category-primarie","category-stiri","tag-fantana-parc-arghezi","tag-parc-arghezi","tag-parc-tudor-arghezi","tag-sector-4"],"acf":[],"yoast_head":"<!-- This site is optimized with the Yoast SEO Premium plugin v25.3 (Yoast SEO v27.4) - https:\/\/yoast.com\/product\/yoast-seo-premium-wordpress\/ -->\n<title>Sector 4 | List\u0103 nou\u0103 de melodii la f\u00e2nt\u00e2na muzical\u0103 din parcul Tudor Arghezi - Buletin de Bucure\u0219ti<\/title>\n<meta name=\"description\" content=\"Primarul Sectorului 4 a anun\u021bat c\u0103 a fost actualizat\u0103 lista de melodii de la f\u00e2nt\u00e2na artezian\u0103 muzical\u0103 din Parcul Tudor Arghezi.\" \/>\n<meta name=\"robots\" content=\"index, follow, max-snippet:-1, max-image-preview:large, max-video-preview:-1\" \/>\n<link rel=\"canonical\" href=\"https:\/\/buletin.de\/bucuresti\/sector-4-lista-nou-de-melodii-la-fantana-muzicala-din-parcul-tudor-arghezi\/\" \/>\n<meta property=\"og:locale\" content=\"en_GB\" \/>\n<meta property=\"og:type\" content=\"article\" \/>\n<meta property=\"og:title\" content=\"Sector 4 | List\u0103 nou\u0103 de melodii la f\u00e2nt\u00e2na muzical\u0103 din parcul Tudor Arghezi\" \/>\n<meta property=\"og:description\" content=\"Primarul Sectorului 4 a anun\u021bat c\u0103 a fost actualizat\u0103 lista de melodii de la f\u00e2nt\u00e2na artezian\u0103 muzical\u0103 din Parcul Tudor Arghezi.\" \/>\n<meta property=\"og:url\" content=\"https:\/\/buletin.de\/bucuresti\/sector-4-lista-nou-de-melodii-la-fantana-muzicala-din-parcul-tudor-arghezi\/\" \/>\n<meta property=\"og:site_name\" content=\"Buletin de Bucure\u0219ti\" \/>\n<meta property=\"article:publisher\" content=\"https:\/\/www.facebook.com\/buletin.de.buc\" \/>\n<meta property=\"article:published_time\" content=\"2025-07-05T06:10:19+00:00\" \/>\n<meta property=\"article:modified_time\" content=\"2025-07-09T10:14:41+00:00\" \/>\n<meta property=\"og:image\" content=\"https:\/\/buletin.de\/bucuresti\/wp-content\/uploads\/2025\/07\/fantanaarteziana.jpg\" \/>\n\t<meta property=\"og:image:width\" content=\"1588\" \/>\n\t<meta property=\"og:image:height\" content=\"981\" \/>\n\t<meta property=\"og:image:type\" content=\"image\/jpeg\" \/>\n<meta name=\"author\" content=\"Redac\u021bia Buletin de Bucure\u0219ti\" \/>\n<meta name=\"twitter:card\" content=\"summary_large_image\" \/>\n<meta name=\"twitter:label1\" content=\"Written by\" \/>\n\t<meta name=\"twitter:data1\" content=\"Redac\u021bia Buletin de Bucure\u0219ti\" \/>\n\t<meta name=\"twitter:label2\" content=\"Estimated reading time\" \/>\n\t<meta name=\"twitter:data2\" content=\"2 minutes\" \/>\n<script type=\"application\/ld+json\" class=\"yoast-schema-graph\">{\"@context\":\"https:\\\/\\\/schema.org\",\"@graph\":[{\"@type\":\"Article\",\"@id\":\"https:\\\/\\\/buletin.de\\\/bucuresti\\\/sector-4-lista-nou-de-melodii-la-fantana-muzicala-din-parcul-tudor-arghezi\\\/#article\",\"isPartOf\":{\"@id\":\"https:\\\/\\\/buletin.de\\\/bucuresti\\\/sector-4-lista-nou-de-melodii-la-fantana-muzicala-din-parcul-tudor-arghezi\\\/\"},\"author\":{\"name\":\"Redac\u021bia Buletin de Bucure\u0219ti\",\"@id\":\"https:\\\/\\\/buletin.de\\\/bucuresti\\\/#\\\/schema\\\/person\\\/2bbcf854e5f2419a13804af574d06ab1\"},\"headline\":\"Sector 4 | List\u0103 nou\u0103 de melodii la f\u00e2nt\u00e2na muzical\u0103 din parcul Tudor Arghezi\",\"datePublished\":\"2025-07-05T06:10:19+00:00\",\"dateModified\":\"2025-07-09T10:14:41+00:00\",\"mainEntityOfPage\":{\"@id\":\"https:\\\/\\\/buletin.de\\\/bucuresti\\\/sector-4-lista-nou-de-melodii-la-fantana-muzicala-din-parcul-tudor-arghezi\\\/\"},\"wordCount\":406,\"publisher\":{\"@id\":\"https:\\\/\\\/buletin.de\\\/bucuresti\\\/#organization\"},\"image\":{\"@id\":\"https:\\\/\\\/buletin.de\\\/bucuresti\\\/sector-4-lista-nou-de-melodii-la-fantana-muzicala-din-parcul-tudor-arghezi\\\/#primaryimage\"},\"thumbnailUrl\":\"https:\\\/\\\/buletin.de\\\/bucuresti\\\/wp-content\\\/uploads\\\/2025\\\/07\\\/fantanaarteziana.jpg\",\"keywords\":[\"fantana parc arghezi\",\"parc arghezi\",\"parc tudor arghezi\",\"Sector 4\"],\"articleSection\":[\"Articole\",\"Prim\u0103rie\",\"\u0218tiri\"],\"inLanguage\":\"en-GB\",\"copyrightYear\":\"2025\",\"copyrightHolder\":{\"@id\":\"https:\\\/\\\/buletin.de\\\/bucuresti\\\/#organization\"}},{\"@type\":\"WebPage\",\"@id\":\"https:\\\/\\\/buletin.de\\\/bucuresti\\\/sector-4-lista-nou-de-melodii-la-fantana-muzicala-din-parcul-tudor-arghezi\\\/\",\"url\":\"https:\\\/\\\/buletin.de\\\/bucuresti\\\/sector-4-lista-nou-de-melodii-la-fantana-muzicala-din-parcul-tudor-arghezi\\\/\",\"name\":\"Sector 4 | List\u0103 nou\u0103 de melodii la f\u00e2nt\u00e2na muzical\u0103 din parcul Tudor Arghezi - Buletin de Bucure\u0219ti\",\"isPartOf\":{\"@id\":\"https:\\\/\\\/buletin.de\\\/bucuresti\\\/#website\"},\"primaryImageOfPage\":{\"@id\":\"https:\\\/\\\/buletin.de\\\/bucuresti\\\/sector-4-lista-nou-de-melodii-la-fantana-muzicala-din-parcul-tudor-arghezi\\\/#primaryimage\"},\"image\":{\"@id\":\"https:\\\/\\\/buletin.de\\\/bucuresti\\\/sector-4-lista-nou-de-melodii-la-fantana-muzicala-din-parcul-tudor-arghezi\\\/#primaryimage\"},\"thumbnailUrl\":\"https:\\\/\\\/buletin.de\\\/bucuresti\\\/wp-content\\\/uploads\\\/2025\\\/07\\\/fantanaarteziana.jpg\",\"datePublished\":\"2025-07-05T06:10:19+00:00\",\"dateModified\":\"2025-07-09T10:14:41+00:00\",\"description\":\"Primarul Sectorului 4 a anun\u021bat c\u0103 a fost actualizat\u0103 lista de melodii de la f\u00e2nt\u00e2na artezian\u0103 muzical\u0103 din Parcul Tudor Arghezi.\",\"breadcrumb\":{\"@id\":\"https:\\\/\\\/buletin.de\\\/bucuresti\\\/sector-4-lista-nou-de-melodii-la-fantana-muzicala-din-parcul-tudor-arghezi\\\/#breadcrumb\"},\"inLanguage\":\"en-GB\",\"potentialAction\":[{\"@type\":\"ReadAction\",\"target\":[\"https:\\\/\\\/buletin.de\\\/bucuresti\\\/sector-4-lista-nou-de-melodii-la-fantana-muzicala-din-parcul-tudor-arghezi\\\/\"]}]},{\"@type\":\"ImageObject\",\"inLanguage\":\"en-GB\",\"@id\":\"https:\\\/\\\/buletin.de\\\/bucuresti\\\/sector-4-lista-nou-de-melodii-la-fantana-muzicala-din-parcul-tudor-arghezi\\\/#primaryimage\",\"url\":\"https:\\\/\\\/buletin.de\\\/bucuresti\\\/wp-content\\\/uploads\\\/2025\\\/07\\\/fantanaarteziana.jpg\",\"contentUrl\":\"https:\\\/\\\/buletin.de\\\/bucuresti\\\/wp-content\\\/uploads\\\/2025\\\/07\\\/fantanaarteziana.jpg\",\"width\":1588,\"height\":981,\"caption\":\"F\u00e2nt\u00e2na artezian\u0103 muzical\u0103 din Parcul Tudor Arghezi\"},{\"@type\":\"BreadcrumbList\",\"@id\":\"https:\\\/\\\/buletin.de\\\/bucuresti\\\/sector-4-lista-nou-de-melodii-la-fantana-muzicala-din-parcul-tudor-arghezi\\\/#breadcrumb\",\"itemListElement\":[{\"@type\":\"ListItem\",\"position\":1,\"name\":\"Acas\u0103\",\"item\":\"https:\\\/\\\/buletin.de\\\/bucuresti\\\/\"},{\"@type\":\"ListItem\",\"position\":2,\"name\":\"Sector 4 | List\u0103 nou\u0103 de melodii la f\u00e2nt\u00e2na muzical\u0103 din parcul Tudor Arghezi\"}]},{\"@type\":\"WebSite\",\"@id\":\"https:\\\/\\\/buletin.de\\\/bucuresti\\\/#website\",\"url\":\"https:\\\/\\\/buletin.de\\\/bucuresti\\\/\",\"name\":\"Buletin de Bucure\u0219ti\",\"description\":\"\u0218tiri \u0219i investiga\u021bii esen\u021biale din capital\u0103\",\"publisher\":{\"@id\":\"https:\\\/\\\/buletin.de\\\/bucuresti\\\/#organization\"},\"potentialAction\":[{\"@type\":\"SearchAction\",\"target\":{\"@type\":\"EntryPoint\",\"urlTemplate\":\"https:\\\/\\\/buletin.de\\\/bucuresti\\\/?s={search_term_string}\"},\"query-input\":{\"@type\":\"PropertyValueSpecification\",\"valueRequired\":true,\"valueName\":\"search_term_string\"}}],\"inLanguage\":\"en-GB\"},{\"@type\":\"Organization\",\"@id\":\"https:\\\/\\\/buletin.de\\\/bucuresti\\\/#organization\",\"name\":\"Buletin de Bucure\u0219ti\",\"url\":\"https:\\\/\\\/buletin.de\\\/bucuresti\\\/\",\"logo\":{\"@type\":\"ImageObject\",\"inLanguage\":\"en-GB\",\"@id\":\"https:\\\/\\\/buletin.de\\\/bucuresti\\\/#\\\/schema\\\/logo\\\/image\\\/\",\"url\":\"https:\\\/\\\/buletin.de\\\/bucuresti\\\/wp-content\\\/uploads\\\/logo-bdb-full-wide-vernil-transparent.png\",\"contentUrl\":\"https:\\\/\\\/buletin.de\\\/bucuresti\\\/wp-content\\\/uploads\\\/logo-bdb-full-wide-vernil-transparent.png\",\"width\":1782,\"height\":626,\"caption\":\"Buletin de Bucure\u0219ti\"},\"image\":{\"@id\":\"https:\\\/\\\/buletin.de\\\/bucuresti\\\/#\\\/schema\\\/logo\\\/image\\\/\"},\"sameAs\":[\"https:\\\/\\\/www.facebook.com\\\/buletin.de.buc\",\"https:\\\/\\\/www.instagram.com\\\/buletinde.bucuresti\\\/\"]},{\"@type\":\"Person\",\"@id\":\"https:\\\/\\\/buletin.de\\\/bucuresti\\\/#\\\/schema\\\/person\\\/2bbcf854e5f2419a13804af574d06ab1\",\"name\":\"Redac\u021bia Buletin de Bucure\u0219ti\",\"image\":{\"@type\":\"ImageObject\",\"inLanguage\":\"en-GB\",\"@id\":\"https:\\\/\\\/secure.gravatar.com\\\/avatar\\\/18c5342381ed1a08620e6280424e3e5efc958618f5d67c522c9e44c1bc6f9226?s=96&d=monsterid&r=g60c7cd0ad92c68c049fcd4bb3504d609\",\"url\":\"https:\\\/\\\/secure.gravatar.com\\\/avatar\\\/18c5342381ed1a08620e6280424e3e5efc958618f5d67c522c9e44c1bc6f9226?s=96&d=monsterid&r=g\",\"contentUrl\":\"https:\\\/\\\/secure.gravatar.com\\\/avatar\\\/18c5342381ed1a08620e6280424e3e5efc958618f5d67c522c9e44c1bc6f9226?s=96&d=monsterid&r=g\",\"caption\":\"Redac\u021bia Buletin de Bucure\u0219ti\"},\"description\":\"Buletin de Bucure\u0219ti exist\u0103 din vara anului 2019.\",\"url\":\"https:\\\/\\\/buletin.de\\\/bucuresti\\\/author\\\/adminbuletin\\\/\"}]}<\/script>\n<!-- \/ Yoast SEO Premium plugin. -->","yoast_head_json":{"title":"Sector 4 | List\u0103 nou\u0103 de melodii la f\u00e2nt\u00e2na muzical\u0103 din parcul Tudor Arghezi - Buletin de Bucure\u0219ti","description":"Primarul Sectorului 4 a anun\u021bat c\u0103 a fost actualizat\u0103 lista de melodii de la f\u00e2nt\u00e2na artezian\u0103 muzical\u0103 din Parcul Tudor Arghezi.","robots":{"index":"index","follow":"follow","max-snippet":"max-snippet:-1","max-image-preview":"max-image-preview:large","max-video-preview":"max-video-preview:-1"},"canonical":"https:\/\/buletin.de\/bucuresti\/sector-4-lista-nou-de-melodii-la-fantana-muzicala-din-parcul-tudor-arghezi\/","og_locale":"en_GB","og_type":"article","og_title":"Sector 4 | List\u0103 nou\u0103 de melodii la f\u00e2nt\u00e2na muzical\u0103 din parcul Tudor Arghezi","og_description":"Primarul Sectorului 4 a anun\u021bat c\u0103 a fost actualizat\u0103 lista de melodii de la f\u00e2nt\u00e2na artezian\u0103 muzical\u0103 din Parcul Tudor Arghezi.","og_url":"https:\/\/buletin.de\/bucuresti\/sector-4-lista-nou-de-melodii-la-fantana-muzicala-din-parcul-tudor-arghezi\/","og_site_name":"Buletin de Bucure\u0219ti","article_publisher":"https:\/\/www.facebook.com\/buletin.de.buc","article_published_time":"2025-07-05T06:10:19+00:00","article_modified_time":"2025-07-09T10:14:41+00:00","og_image":[{"width":1588,"height":981,"url":"https:\/\/buletin.de\/bucuresti\/wp-content\/uploads\/2025\/07\/fantanaarteziana.jpg","type":"image\/jpeg"}],"author":"Redac\u021bia Buletin de Bucure\u0219ti","twitter_card":"summary_large_image","twitter_misc":{"Written by":"Redac\u021bia Buletin de Bucure\u0219ti","Estimated reading time":"2 minutes"},"schema":{"@context":"https:\/\/schema.org","@graph":[{"@type":"Article","@id":"https:\/\/buletin.de\/bucuresti\/sector-4-lista-nou-de-melodii-la-fantana-muzicala-din-parcul-tudor-arghezi\/#article","isPartOf":{"@id":"https:\/\/buletin.de\/bucuresti\/sector-4-lista-nou-de-melodii-la-fantana-muzicala-din-parcul-tudor-arghezi\/"},"author":{"name":"Redac\u021bia Buletin de Bucure\u0219ti","@id":"https:\/\/buletin.de\/bucuresti\/#\/schema\/person\/2bbcf854e5f2419a13804af574d06ab1"},"headline":"Sector 4 | List\u0103 nou\u0103 de melodii la f\u00e2nt\u00e2na muzical\u0103 din parcul Tudor Arghezi","datePublished":"2025-07-05T06:10:19+00:00","dateModified":"2025-07-09T10:14:41+00:00","mainEntityOfPage":{"@id":"https:\/\/buletin.de\/bucuresti\/sector-4-lista-nou-de-melodii-la-fantana-muzicala-din-parcul-tudor-arghezi\/"},"wordCount":406,"publisher":{"@id":"https:\/\/buletin.de\/bucuresti\/#organization"},"image":{"@id":"https:\/\/buletin.de\/bucuresti\/sector-4-lista-nou-de-melodii-la-fantana-muzicala-din-parcul-tudor-arghezi\/#primaryimage"},"thumbnailUrl":"https:\/\/buletin.de\/bucuresti\/wp-content\/uploads\/2025\/07\/fantanaarteziana.jpg","keywords":["fantana parc arghezi","parc arghezi","parc tudor arghezi","Sector 4"],"articleSection":["Articole","Prim\u0103rie","\u0218tiri"],"inLanguage":"en-GB","copyrightYear":"2025","copyrightHolder":{"@id":"https:\/\/buletin.de\/bucuresti\/#organization"}},{"@type":"WebPage","@id":"https:\/\/buletin.de\/bucuresti\/sector-4-lista-nou-de-melodii-la-fantana-muzicala-din-parcul-tudor-arghezi\/","url":"https:\/\/buletin.de\/bucuresti\/sector-4-lista-nou-de-melodii-la-fantana-muzicala-din-parcul-tudor-arghezi\/","name":"Sector 4 | List\u0103 nou\u0103 de melodii la f\u00e2nt\u00e2na muzical\u0103 din parcul Tudor Arghezi - Buletin de Bucure\u0219ti","isPartOf":{"@id":"https:\/\/buletin.de\/bucuresti\/#website"},"primaryImageOfPage":{"@id":"https:\/\/buletin.de\/bucuresti\/sector-4-lista-nou-de-melodii-la-fantana-muzicala-din-parcul-tudor-arghezi\/#primaryimage"},"image":{"@id":"https:\/\/buletin.de\/bucuresti\/sector-4-lista-nou-de-melodii-la-fantana-muzicala-din-parcul-tudor-arghezi\/#primaryimage"},"thumbnailUrl":"https:\/\/buletin.de\/bucuresti\/wp-content\/uploads\/2025\/07\/fantanaarteziana.jpg","datePublished":"2025-07-05T06:10:19+00:00","dateModified":"2025-07-09T10:14:41+00:00","description":"Primarul Sectorului 4 a anun\u021bat c\u0103 a fost actualizat\u0103 lista de melodii de la f\u00e2nt\u00e2na artezian\u0103 muzical\u0103 din Parcul Tudor Arghezi.","breadcrumb":{"@id":"https:\/\/buletin.de\/bucuresti\/sector-4-lista-nou-de-melodii-la-fantana-muzicala-din-parcul-tudor-arghezi\/#breadcrumb"},"inLanguage":"en-GB","potentialAction":[{"@type":"ReadAction","target":["https:\/\/buletin.de\/bucuresti\/sector-4-lista-nou-de-melodii-la-fantana-muzicala-din-parcul-tudor-arghezi\/"]}]},{"@type":"ImageObject","inLanguage":"en-GB","@id":"https:\/\/buletin.de\/bucuresti\/sector-4-lista-nou-de-melodii-la-fantana-muzicala-din-parcul-tudor-arghezi\/#primaryimage","url":"https:\/\/buletin.de\/bucuresti\/wp-content\/uploads\/2025\/07\/fantanaarteziana.jpg","contentUrl":"https:\/\/buletin.de\/bucuresti\/wp-content\/uploads\/2025\/07\/fantanaarteziana.jpg","width":1588,"height":981,"caption":"F\u00e2nt\u00e2na artezian\u0103 muzical\u0103 din Parcul Tudor Arghezi"},{"@type":"BreadcrumbList","@id":"https:\/\/buletin.de\/bucuresti\/sector-4-lista-nou-de-melodii-la-fantana-muzicala-din-parcul-tudor-arghezi\/#breadcrumb","itemListElement":[{"@type":"ListItem","position":1,"name":"Acas\u0103","item":"https:\/\/buletin.de\/bucuresti\/"},{"@type":"ListItem","position":2,"name":"Sector 4 | List\u0103 nou\u0103 de melodii la f\u00e2nt\u00e2na muzical\u0103 din parcul Tudor Arghezi"}]},{"@type":"WebSite","@id":"https:\/\/buletin.de\/bucuresti\/#website","url":"https:\/\/buletin.de\/bucuresti\/","name":"Buletin de Bucure\u0219ti","description":"\u0218tiri \u0219i investiga\u021bii esen\u021biale din capital\u0103","publisher":{"@id":"https:\/\/buletin.de\/bucuresti\/#organization"},"potentialAction":[{"@type":"SearchAction","target":{"@type":"EntryPoint","urlTemplate":"https:\/\/buletin.de\/bucuresti\/?s={search_term_string}"},"query-input":{"@type":"PropertyValueSpecification","valueRequired":true,"valueName":"search_term_string"}}],"inLanguage":"en-GB"},{"@type":"Organization","@id":"https:\/\/buletin.de\/bucuresti\/#organization","name":"Buletin de Bucure\u0219ti","url":"https:\/\/buletin.de\/bucuresti\/","logo":{"@type":"ImageObject","inLanguage":"en-GB","@id":"https:\/\/buletin.de\/bucuresti\/#\/schema\/logo\/image\/","url":"https:\/\/buletin.de\/bucuresti\/wp-content\/uploads\/logo-bdb-full-wide-vernil-transparent.png","contentUrl":"https:\/\/buletin.de\/bucuresti\/wp-content\/uploads\/logo-bdb-full-wide-vernil-transparent.png","width":1782,"height":626,"caption":"Buletin de Bucure\u0219ti"},"image":{"@id":"https:\/\/buletin.de\/bucuresti\/#\/schema\/logo\/image\/"},"sameAs":["https:\/\/www.facebook.com\/buletin.de.buc","https:\/\/www.instagram.com\/buletinde.bucuresti\/"]},{"@type":"Person","@id":"https:\/\/buletin.de\/bucuresti\/#\/schema\/person\/2bbcf854e5f2419a13804af574d06ab1","name":"Redac\u021bia Buletin de Bucure\u0219ti","image":{"@type":"ImageObject","inLanguage":"en-GB","@id":"https:\/\/secure.gravatar.com\/avatar\/18c5342381ed1a08620e6280424e3e5efc958618f5d67c522c9e44c1bc6f9226?s=96&d=monsterid&r=g60c7cd0ad92c68c049fcd4bb3504d609","url":"https:\/\/secure.gravatar.com\/avatar\/18c5342381ed1a08620e6280424e3e5efc958618f5d67c522c9e44c1bc6f9226?s=96&d=monsterid&r=g","contentUrl":"https:\/\/secure.gravatar.com\/avatar\/18c5342381ed1a08620e6280424e3e5efc958618f5d67c522c9e44c1bc6f9226?s=96&d=monsterid&r=g","caption":"Redac\u021bia Buletin de Bucure\u0219ti"},"description":"Buletin de Bucure\u0219ti exist\u0103 din vara anului 2019.","url":"https:\/\/buletin.de\/bucuresti\/author\/adminbuletin\/"}]}},"authors":[{"term_id":22583,"user_id":1,"is_guest":0,"slug":"adminbuletin","display_name":"Redac\u021bia Buletin de Bucure\u0219ti","avatar_url":"https:\/\/secure.gravatar.com\/avatar\/18c5342381ed1a08620e6280424e3e5efc958618f5d67c522c9e44c1bc6f9226?s=96&d=monsterid&r=g","0":null,"1":"","2":"","3":"","4":"","5":"","6":"","7":"","8":""}],"_links":{"self":[{"href":"https:\/\/buletin.de\/bucuresti\/wp-json\/wp\/v2\/posts\/137564","targetHints":{"allow":["GET"]}}],"collection":[{"href":"https:\/\/buletin.de\/bucuresti\/wp-json\/wp\/v2\/posts"}],"about":[{"href":"https:\/\/buletin.de\/bucuresti\/wp-json\/wp\/v2\/types\/post"}],"author":[{"embeddable":true,"href":"https:\/\/buletin.de\/bucuresti\/wp-json\/wp\/v2\/users\/1"}],"replies":[{"embeddable":true,"href":"https:\/\/buletin.de\/bucuresti\/wp-json\/wp\/v2\/comments?post=137564"}],"version-history":[{"count":4,"href":"https:\/\/buletin.de\/bucuresti\/wp-json\/wp\/v2\/posts\/137564\/revisions"}],"predecessor-version":[{"id":137575,"href":"https:\/\/buletin.de\/bucuresti\/wp-json\/wp\/v2\/posts\/137564\/revisions\/137575"}],"wp:featuredmedia":[{"embeddable":true,"href":"https:\/\/buletin.de\/bucuresti\/wp-json\/wp\/v2\/media\/137567"}],"wp:attachment":[{"href":"https:\/\/buletin.de\/bucuresti\/wp-json\/wp\/v2\/media?parent=137564"}],"wp:term":[{"taxonomy":"category","embeddable":true,"href":"https:\/\/buletin.de\/bucuresti\/wp-json\/wp\/v2\/categories?post=137564"},{"taxonomy":"post_tag","embeddable":true,"href":"https:\/\/buletin.de\/bucuresti\/wp-json\/wp\/v2\/tags?post=137564"},{"taxonomy":"author","embeddable":true,"href":"https:\/\/buletin.de\/bucuresti\/wp-json\/wp\/v2\/ppma_author?post=137564"}],"curies":[{"name":"wp","href":"https:\/\/api.w.org\/{rel}","templated":true}]}}