{"id":137468,"date":"2025-07-04T15:45:41","date_gmt":"2025-07-04T12:45:41","guid":{"rendered":"https:\/\/buletin.de\/bucuresti\/?p=137468"},"modified":"2025-07-09T13:10:34","modified_gmt":"2025-07-09T10:10:34","slug":"elevii-de-la-sincai-vor-invata-in-containere-modulare","status":"publish","type":"post","link":"https:\/\/buletin.de\/bucuresti\/elevii-de-la-sincai-vor-invata-in-containere-modulare\/","title":{"rendered":"Sector 4 | Elevii de la \u0218incai vor \u00eenv\u0103\u021ba \u00een containere modulare. B\u0103lu\u021b\u0103: \u201eVor sta 2-3 ani \u00een condi\u021bii ultra-moderne\u201d"},"content":{"rendered":"\n<p><strong>Colegiul Na\u021bional \u201eGheorghe \u0218incai\u201d din Sectorul 4  va func\u021biona par\u021bial \u00een construc\u021bii modulare, instalate \u00een curtea unit\u0103\u021bii de \u00eenv\u0103\u021b\u0103m\u00e2nt, scrie <a href=\"https:\/\/www.g4media.ro\/exclusiv-sincai-anunta-ca-isi-muta-elevii-in-module-scolare-primarul-baluta-am-dat-ordin-de-incepere-vor-sta-2-3-ani-in-conditii-ultra-moderne-mutarea-inai.html\">G4Media<\/a>. M\u0103sura vine ca urmare a st\u0103rii de degradare a cl\u0103dirii, a anun\u021bat conducerea \u0219colii, care a men\u021bionat \u0219i c\u0103 e nevoie de interven\u021bii ample de consolidare \u0219i renovare.<\/strong><\/p>\n\n\n\n<p>\u00cen paralel cu construc\u021biile provizorii, o parte dintre activit\u0103\u021bi vor continua \u00eentr-unul dintre corpurile actuale ale liceului, f\u0103r\u0103 relocarea \u00een alte spa\u021bii.<\/p>\n\n\n\n<h2 class=\"wp-block-heading\" id=\"h-elevii-de-la-\u0219incai-vor-inva\u021ba-in-containere-modulare\">Elevii de la \u0218incai vor \u00eenv\u0103\u021ba \u00een containere modulare<\/h2>\n\n\n\n<p>Primarul Sectorului 4, Daniel B\u0103lu\u021b\u0103, a declarat  c\u0103 montarea construc\u021biilor modulare va dura aproximativ 4-5 luni, conform sursei citate.<\/p>\n\n\n\n<p>\u00centre timp, Prim\u0103ria, \u00een calitate de administrator al cl\u0103dirii, va continua demersurile pentru ob\u021binerea autoriza\u021biei de consolidare necesare pentru cl\u0103direa de patrimoniu. Autoriza\u021bia emis\u0103 anterior \u00een 2020 a expirat \u0219i nu a fost re\u00eennoit\u0103.<\/p>\n\n\n\n<p>Fosta directoare a Colegiului, profesoara Silvia Mu\u0219\u0103toiu, a criticat decizia de mutare \u00eenainte de ob\u021binerea autoriza\u021biei de consolidare. Ea a acuzat o obedien\u021b\u0103 a actualului Consiliu de Administra\u021bie fa\u021b\u0103 de primarul B\u0103lu\u021b\u0103 \u0219i a afirmat c\u0103 relocarea ar trebui s\u0103 aib\u0103 loc doar dup\u0103 ob\u021binerea actelor necesare.<\/p>\n\n\n\n<p><em>\u201e\u00cen momentul de fa\u021b\u0103, pe h\u00e2rtie, lucr\u0103rile sunt posibile f\u0103r\u0103 relocarea elevilor, ceea ce m\u0103 duce cu g\u00e2ndul c\u0103 PS4 va solicita o autoriza\u021bie de amenaj\u0103ri interioare \u0219i exterioare, care se ob\u021bine mult mai u\u0219or dec\u00e2t cea de consolidare \u0219i reabilitare pentru o cl\u0103dire de patrimoniu\u201d<\/em>, a declarat Mu\u0219\u0103toiu.<\/p>\n\n\n\n<p>Publica\u021bia mai noteaz\u0103 c\u0103 Prim\u0103ria General\u0103 a confirmat c\u0103 \u00eenc\u0103 nu a fost depus\u0103 o cerere pentru emiterea autoriza\u021biei.<\/p>\n\n\n\n<p><strong>Cite\u0219te mai multe pe <a href=\"https:\/\/www.g4media.ro\/exclusiv-sincai-anunta-ca-isi-muta-elevii-in-module-scolare-primarul-baluta-am-dat-ordin-de-incepere-vor-sta-2-3-ani-in-conditii-ultra-moderne-mutarea-inai.html\">G4Media.ro<\/a><\/strong><\/p>\n\n\n\n<h2 class=\"wp-block-heading\" id=\"h-nu-este-o-premiera-pentru-sectorul-4\">Nu este o premier\u0103 pentru Sectorul 4<\/h2>\n\n\n\n<p>Decizia de a instala construc\u021bii modulare \u00een curtea Colegiului \u201e\u0218incai\u201d nu este o premier\u0103 pentru Sectorul 4.<\/p>\n\n\n\n<p>Anii \u0219colari anteriori a fost atipici \u0219i pentru elevii Colegiului de Arte \u201eDinu Lipatti\u201d din Sectorul 4: to\u021bi cei aproximativ\u202f780 de liceeni au fost reloca\u021bi \u00een containere modulare sau la circa 7\u202fkilometri distan\u021b\u0103, \u00eentr-un spa\u021biu al Liceului Teologic Adventist \u201e\u0218tefan Demetrescu\u201d de pe Bulevardul Metalurgiei.<\/p>\n\n\n\n<p>Atunci, containerele au fost instalate pentru a permite desf\u0103\u0219urarea orelor, \u00een paralel cu lucr\u0103rile de consolidare \u0219i reabilitare a cl\u0103dirii principale, o solu\u021bie ce a generat nemul\u021bumiri \u00een r\u00e2ndul p\u0103rin\u021bilor, care au solicitat interven\u021bia autorit\u0103\u021bilor pentru a g\u0103si alternative viabile \u0219i despre care Buletin de Bucure\u0219ti a mai scris <strong><a href=\"https:\/\/buletin.de\/bucuresti\/scoala-n-capitala-elevi-din-sectorul-4-care-invata-la-7-kilometri-fata-de-sediul-liceului-lor-peste-2400-de-copii-fac-ore-in-deplasare\/\">AICI<\/a><\/strong>.<\/p>\n\n\n\n<p><strong>CITE\u0218TE \u0218I: <a href=\"https:\/\/buletin.de\/bucuresti\/sector-6-peste-1-500-elevi-ar-urma-sa-fie-mutati-in-containere-se-lucreaza-la-scolile-lor-investitie-de-33-milioane-lei\/\">Sector 6 | Peste 1.500 elevi ar urma s\u0103 fie muta\u0163i \u00een containere. Se lucreaz\u0103 la \u015fcolile lor; investi\u0163ie de 33 milioane lei<\/a><\/strong><\/p>\n","protected":false},"excerpt":{"rendered":"<p>Colegiul Na\u021bional \u201eGheorghe \u0218incai\u201d din Sectorul 4 va func\u021biona par\u021bial \u00een construc\u021bii modulare, instalate \u00een curtea unit\u0103\u021bii de \u00eenv\u0103\u021b\u0103m\u00e2nt, scrie G4Media. M\u0103sura vine ca urmare a st\u0103rii de degradare a cl\u0103dirii, a anun\u021bat conducerea \u0219colii, care a men\u021bionat \u0219i c\u0103 e nevoie de interven\u021bii ample de consolidare \u0219i renovare. \u00cen paralel cu construc\u021biile provizorii, o [&hellip;]<\/p>\n","protected":false},"author":1,"featured_media":137490,"comment_status":"closed","ping_status":"open","sticky":false,"template":"","format":"standard","meta":{"_acf_changed":false,"inline_featured_image":false,"ngg_post_thumbnail":0,"footnotes":""},"categories":[6994,3421,24,62],"tags":[22677,2755,765,2262],"ppma_author":[22583],"class_list":["post-137468","post","type-post","status-publish","format-standard","has-post-thumbnail","hentry","category-stiri-2","category-educatie","category-primarie","category-stiri","tag-containere-modulare","tag-elev","tag-sector-4","tag-sincai"],"acf":[],"yoast_head":"<!-- This site is optimized with the Yoast SEO Premium plugin v25.3 (Yoast SEO v27.4) - https:\/\/yoast.com\/product\/yoast-seo-premium-wordpress\/ -->\n<title>Sector 4 | Elevii de la \u0218incai vor \u00eenv\u0103\u021ba \u00een containere modulare. B\u0103lu\u021b\u0103: \u201eVor sta 2-3 ani \u00een condi\u021bii ultra-moderne\u201d - Buletin de Bucure\u0219ti<\/title>\n<meta name=\"description\" content=\"Sector 4 | Elevii de la \u0218incai vor \u00eenv\u0103\u021ba \u00een containere modulare. B\u0103lu\u021b\u0103: \u201eVor sta 2-3 ani \u00een condi\u021bii ultra-moderne\u201d\" \/>\n<meta name=\"robots\" content=\"index, follow, max-snippet:-1, max-image-preview:large, max-video-preview:-1\" \/>\n<link rel=\"canonical\" href=\"https:\/\/buletin.de\/bucuresti\/elevii-de-la-sincai-vor-invata-in-containere-modulare\/\" \/>\n<meta property=\"og:locale\" content=\"en_GB\" \/>\n<meta property=\"og:type\" content=\"article\" \/>\n<meta property=\"og:title\" content=\"Sector 4 | Elevii de la \u0218incai vor \u00eenv\u0103\u021ba \u00een containere modulare. B\u0103lu\u021b\u0103: \u201eVor sta 2-3 ani \u00een condi\u021bii ultra-moderne\u201d\" \/>\n<meta property=\"og:description\" content=\"Sector 4 | Elevii de la \u0218incai vor \u00eenv\u0103\u021ba \u00een containere modulare. B\u0103lu\u021b\u0103: \u201eVor sta 2-3 ani \u00een condi\u021bii ultra-moderne\u201d\" \/>\n<meta property=\"og:url\" content=\"https:\/\/buletin.de\/bucuresti\/elevii-de-la-sincai-vor-invata-in-containere-modulare\/\" \/>\n<meta property=\"og:site_name\" content=\"Buletin de Bucure\u0219ti\" \/>\n<meta property=\"article:publisher\" content=\"https:\/\/www.facebook.com\/buletin.de.buc\" \/>\n<meta property=\"article:published_time\" content=\"2025-07-04T12:45:41+00:00\" \/>\n<meta property=\"article:modified_time\" content=\"2025-07-09T10:10:34+00:00\" \/>\n<meta property=\"og:image\" content=\"https:\/\/buletin.de\/bucuresti\/wp-content\/uploads\/2025\/07\/RO_B_Sincai_high_school_2.jpg\" \/>\n\t<meta property=\"og:image:width\" content=\"1280\" \/>\n\t<meta property=\"og:image:height\" content=\"857\" \/>\n\t<meta property=\"og:image:type\" content=\"image\/jpeg\" \/>\n<meta name=\"author\" content=\"Redac\u021bia Buletin de Bucure\u0219ti\" \/>\n<meta name=\"twitter:card\" content=\"summary_large_image\" \/>\n<meta name=\"twitter:label1\" content=\"Written by\" \/>\n\t<meta name=\"twitter:data1\" content=\"Redac\u021bia Buletin de Bucure\u0219ti\" \/>\n\t<meta name=\"twitter:label2\" content=\"Estimated reading time\" \/>\n\t<meta name=\"twitter:data2\" content=\"2 minutes\" \/>\n<script type=\"application\/ld+json\" class=\"yoast-schema-graph\">{\"@context\":\"https:\\\/\\\/schema.org\",\"@graph\":[{\"@type\":\"Article\",\"@id\":\"https:\\\/\\\/buletin.de\\\/bucuresti\\\/elevii-de-la-sincai-vor-invata-in-containere-modulare\\\/#article\",\"isPartOf\":{\"@id\":\"https:\\\/\\\/buletin.de\\\/bucuresti\\\/elevii-de-la-sincai-vor-invata-in-containere-modulare\\\/\"},\"author\":{\"name\":\"Redac\u021bia Buletin de Bucure\u0219ti\",\"@id\":\"https:\\\/\\\/buletin.de\\\/bucuresti\\\/#\\\/schema\\\/person\\\/2bbcf854e5f2419a13804af574d06ab1\"},\"headline\":\"Sector 4 | Elevii de la \u0218incai vor \u00eenv\u0103\u021ba \u00een containere modulare. B\u0103lu\u021b\u0103: \u201eVor sta 2-3 ani \u00een condi\u021bii ultra-moderne\u201d\",\"datePublished\":\"2025-07-04T12:45:41+00:00\",\"dateModified\":\"2025-07-09T10:10:34+00:00\",\"mainEntityOfPage\":{\"@id\":\"https:\\\/\\\/buletin.de\\\/bucuresti\\\/elevii-de-la-sincai-vor-invata-in-containere-modulare\\\/\"},\"wordCount\":478,\"publisher\":{\"@id\":\"https:\\\/\\\/buletin.de\\\/bucuresti\\\/#organization\"},\"image\":{\"@id\":\"https:\\\/\\\/buletin.de\\\/bucuresti\\\/elevii-de-la-sincai-vor-invata-in-containere-modulare\\\/#primaryimage\"},\"thumbnailUrl\":\"https:\\\/\\\/buletin.de\\\/bucuresti\\\/wp-content\\\/uploads\\\/2025\\\/07\\\/RO_B_Sincai_high_school_2.jpg\",\"keywords\":[\"containere modulare\",\"elev\",\"Sector 4\",\"sincai\"],\"articleSection\":[\"Articole\",\"Educa\u021bie\",\"Prim\u0103rie\",\"\u0218tiri\"],\"inLanguage\":\"en-GB\",\"copyrightYear\":\"2025\",\"copyrightHolder\":{\"@id\":\"https:\\\/\\\/buletin.de\\\/bucuresti\\\/#organization\"}},{\"@type\":\"WebPage\",\"@id\":\"https:\\\/\\\/buletin.de\\\/bucuresti\\\/elevii-de-la-sincai-vor-invata-in-containere-modulare\\\/\",\"url\":\"https:\\\/\\\/buletin.de\\\/bucuresti\\\/elevii-de-la-sincai-vor-invata-in-containere-modulare\\\/\",\"name\":\"Sector 4 | Elevii de la \u0218incai vor \u00eenv\u0103\u021ba \u00een containere modulare. B\u0103lu\u021b\u0103: \u201eVor sta 2-3 ani \u00een condi\u021bii ultra-moderne\u201d - Buletin de Bucure\u0219ti\",\"isPartOf\":{\"@id\":\"https:\\\/\\\/buletin.de\\\/bucuresti\\\/#website\"},\"primaryImageOfPage\":{\"@id\":\"https:\\\/\\\/buletin.de\\\/bucuresti\\\/elevii-de-la-sincai-vor-invata-in-containere-modulare\\\/#primaryimage\"},\"image\":{\"@id\":\"https:\\\/\\\/buletin.de\\\/bucuresti\\\/elevii-de-la-sincai-vor-invata-in-containere-modulare\\\/#primaryimage\"},\"thumbnailUrl\":\"https:\\\/\\\/buletin.de\\\/bucuresti\\\/wp-content\\\/uploads\\\/2025\\\/07\\\/RO_B_Sincai_high_school_2.jpg\",\"datePublished\":\"2025-07-04T12:45:41+00:00\",\"dateModified\":\"2025-07-09T10:10:34+00:00\",\"description\":\"Sector 4 | Elevii de la \u0218incai vor \u00eenv\u0103\u021ba \u00een containere modulare. B\u0103lu\u021b\u0103: \u201eVor sta 2-3 ani \u00een condi\u021bii ultra-moderne\u201d\",\"breadcrumb\":{\"@id\":\"https:\\\/\\\/buletin.de\\\/bucuresti\\\/elevii-de-la-sincai-vor-invata-in-containere-modulare\\\/#breadcrumb\"},\"inLanguage\":\"en-GB\",\"potentialAction\":[{\"@type\":\"ReadAction\",\"target\":[\"https:\\\/\\\/buletin.de\\\/bucuresti\\\/elevii-de-la-sincai-vor-invata-in-containere-modulare\\\/\"]}]},{\"@type\":\"ImageObject\",\"inLanguage\":\"en-GB\",\"@id\":\"https:\\\/\\\/buletin.de\\\/bucuresti\\\/elevii-de-la-sincai-vor-invata-in-containere-modulare\\\/#primaryimage\",\"url\":\"https:\\\/\\\/buletin.de\\\/bucuresti\\\/wp-content\\\/uploads\\\/2025\\\/07\\\/RO_B_Sincai_high_school_2.jpg\",\"contentUrl\":\"https:\\\/\\\/buletin.de\\\/bucuresti\\\/wp-content\\\/uploads\\\/2025\\\/07\\\/RO_B_Sincai_high_school_2.jpg\",\"width\":1280,\"height\":857,\"caption\":\"Elevii de la \u0218incai vor \u00eenv\u0103\u021ba \u00een containere modulare. Foto: Andrei Stroe \\\/ Wikipedia\"},{\"@type\":\"BreadcrumbList\",\"@id\":\"https:\\\/\\\/buletin.de\\\/bucuresti\\\/elevii-de-la-sincai-vor-invata-in-containere-modulare\\\/#breadcrumb\",\"itemListElement\":[{\"@type\":\"ListItem\",\"position\":1,\"name\":\"Acas\u0103\",\"item\":\"https:\\\/\\\/buletin.de\\\/bucuresti\\\/\"},{\"@type\":\"ListItem\",\"position\":2,\"name\":\"Sector 4 | Elevii de la \u0218incai vor \u00eenv\u0103\u021ba \u00een containere modulare. B\u0103lu\u021b\u0103: \u201eVor sta 2-3 ani \u00een condi\u021bii ultra-moderne\u201d\"}]},{\"@type\":\"WebSite\",\"@id\":\"https:\\\/\\\/buletin.de\\\/bucuresti\\\/#website\",\"url\":\"https:\\\/\\\/buletin.de\\\/bucuresti\\\/\",\"name\":\"Buletin de Bucure\u0219ti\",\"description\":\"\u0218tiri \u0219i investiga\u021bii esen\u021biale din capital\u0103\",\"publisher\":{\"@id\":\"https:\\\/\\\/buletin.de\\\/bucuresti\\\/#organization\"},\"potentialAction\":[{\"@type\":\"SearchAction\",\"target\":{\"@type\":\"EntryPoint\",\"urlTemplate\":\"https:\\\/\\\/buletin.de\\\/bucuresti\\\/?s={search_term_string}\"},\"query-input\":{\"@type\":\"PropertyValueSpecification\",\"valueRequired\":true,\"valueName\":\"search_term_string\"}}],\"inLanguage\":\"en-GB\"},{\"@type\":\"Organization\",\"@id\":\"https:\\\/\\\/buletin.de\\\/bucuresti\\\/#organization\",\"name\":\"Buletin de Bucure\u0219ti\",\"url\":\"https:\\\/\\\/buletin.de\\\/bucuresti\\\/\",\"logo\":{\"@type\":\"ImageObject\",\"inLanguage\":\"en-GB\",\"@id\":\"https:\\\/\\\/buletin.de\\\/bucuresti\\\/#\\\/schema\\\/logo\\\/image\\\/\",\"url\":\"https:\\\/\\\/buletin.de\\\/bucuresti\\\/wp-content\\\/uploads\\\/logo-bdb-full-wide-vernil-transparent.png\",\"contentUrl\":\"https:\\\/\\\/buletin.de\\\/bucuresti\\\/wp-content\\\/uploads\\\/logo-bdb-full-wide-vernil-transparent.png\",\"width\":1782,\"height\":626,\"caption\":\"Buletin de Bucure\u0219ti\"},\"image\":{\"@id\":\"https:\\\/\\\/buletin.de\\\/bucuresti\\\/#\\\/schema\\\/logo\\\/image\\\/\"},\"sameAs\":[\"https:\\\/\\\/www.facebook.com\\\/buletin.de.buc\",\"https:\\\/\\\/www.instagram.com\\\/buletinde.bucuresti\\\/\"]},{\"@type\":\"Person\",\"@id\":\"https:\\\/\\\/buletin.de\\\/bucuresti\\\/#\\\/schema\\\/person\\\/2bbcf854e5f2419a13804af574d06ab1\",\"name\":\"Redac\u021bia Buletin de Bucure\u0219ti\",\"image\":{\"@type\":\"ImageObject\",\"inLanguage\":\"en-GB\",\"@id\":\"https:\\\/\\\/secure.gravatar.com\\\/avatar\\\/18c5342381ed1a08620e6280424e3e5efc958618f5d67c522c9e44c1bc6f9226?s=96&d=monsterid&r=g60c7cd0ad92c68c049fcd4bb3504d609\",\"url\":\"https:\\\/\\\/secure.gravatar.com\\\/avatar\\\/18c5342381ed1a08620e6280424e3e5efc958618f5d67c522c9e44c1bc6f9226?s=96&d=monsterid&r=g\",\"contentUrl\":\"https:\\\/\\\/secure.gravatar.com\\\/avatar\\\/18c5342381ed1a08620e6280424e3e5efc958618f5d67c522c9e44c1bc6f9226?s=96&d=monsterid&r=g\",\"caption\":\"Redac\u021bia Buletin de Bucure\u0219ti\"},\"description\":\"Buletin de Bucure\u0219ti exist\u0103 din vara anului 2019.\",\"url\":\"https:\\\/\\\/buletin.de\\\/bucuresti\\\/author\\\/adminbuletin\\\/\"}]}<\/script>\n<!-- \/ Yoast SEO Premium plugin. -->","yoast_head_json":{"title":"Sector 4 | Elevii de la \u0218incai vor \u00eenv\u0103\u021ba \u00een containere modulare. B\u0103lu\u021b\u0103: \u201eVor sta 2-3 ani \u00een condi\u021bii ultra-moderne\u201d - Buletin de Bucure\u0219ti","description":"Sector 4 | Elevii de la \u0218incai vor \u00eenv\u0103\u021ba \u00een containere modulare. B\u0103lu\u021b\u0103: \u201eVor sta 2-3 ani \u00een condi\u021bii ultra-moderne\u201d","robots":{"index":"index","follow":"follow","max-snippet":"max-snippet:-1","max-image-preview":"max-image-preview:large","max-video-preview":"max-video-preview:-1"},"canonical":"https:\/\/buletin.de\/bucuresti\/elevii-de-la-sincai-vor-invata-in-containere-modulare\/","og_locale":"en_GB","og_type":"article","og_title":"Sector 4 | Elevii de la \u0218incai vor \u00eenv\u0103\u021ba \u00een containere modulare. B\u0103lu\u021b\u0103: \u201eVor sta 2-3 ani \u00een condi\u021bii ultra-moderne\u201d","og_description":"Sector 4 | Elevii de la \u0218incai vor \u00eenv\u0103\u021ba \u00een containere modulare. B\u0103lu\u021b\u0103: \u201eVor sta 2-3 ani \u00een condi\u021bii ultra-moderne\u201d","og_url":"https:\/\/buletin.de\/bucuresti\/elevii-de-la-sincai-vor-invata-in-containere-modulare\/","og_site_name":"Buletin de Bucure\u0219ti","article_publisher":"https:\/\/www.facebook.com\/buletin.de.buc","article_published_time":"2025-07-04T12:45:41+00:00","article_modified_time":"2025-07-09T10:10:34+00:00","og_image":[{"width":1280,"height":857,"url":"https:\/\/buletin.de\/bucuresti\/wp-content\/uploads\/2025\/07\/RO_B_Sincai_high_school_2.jpg","type":"image\/jpeg"}],"author":"Redac\u021bia Buletin de Bucure\u0219ti","twitter_card":"summary_large_image","twitter_misc":{"Written by":"Redac\u021bia Buletin de Bucure\u0219ti","Estimated reading time":"2 minutes"},"schema":{"@context":"https:\/\/schema.org","@graph":[{"@type":"Article","@id":"https:\/\/buletin.de\/bucuresti\/elevii-de-la-sincai-vor-invata-in-containere-modulare\/#article","isPartOf":{"@id":"https:\/\/buletin.de\/bucuresti\/elevii-de-la-sincai-vor-invata-in-containere-modulare\/"},"author":{"name":"Redac\u021bia Buletin de Bucure\u0219ti","@id":"https:\/\/buletin.de\/bucuresti\/#\/schema\/person\/2bbcf854e5f2419a13804af574d06ab1"},"headline":"Sector 4 | Elevii de la \u0218incai vor \u00eenv\u0103\u021ba \u00een containere modulare. B\u0103lu\u021b\u0103: \u201eVor sta 2-3 ani \u00een condi\u021bii ultra-moderne\u201d","datePublished":"2025-07-04T12:45:41+00:00","dateModified":"2025-07-09T10:10:34+00:00","mainEntityOfPage":{"@id":"https:\/\/buletin.de\/bucuresti\/elevii-de-la-sincai-vor-invata-in-containere-modulare\/"},"wordCount":478,"publisher":{"@id":"https:\/\/buletin.de\/bucuresti\/#organization"},"image":{"@id":"https:\/\/buletin.de\/bucuresti\/elevii-de-la-sincai-vor-invata-in-containere-modulare\/#primaryimage"},"thumbnailUrl":"https:\/\/buletin.de\/bucuresti\/wp-content\/uploads\/2025\/07\/RO_B_Sincai_high_school_2.jpg","keywords":["containere modulare","elev","Sector 4","sincai"],"articleSection":["Articole","Educa\u021bie","Prim\u0103rie","\u0218tiri"],"inLanguage":"en-GB","copyrightYear":"2025","copyrightHolder":{"@id":"https:\/\/buletin.de\/bucuresti\/#organization"}},{"@type":"WebPage","@id":"https:\/\/buletin.de\/bucuresti\/elevii-de-la-sincai-vor-invata-in-containere-modulare\/","url":"https:\/\/buletin.de\/bucuresti\/elevii-de-la-sincai-vor-invata-in-containere-modulare\/","name":"Sector 4 | Elevii de la \u0218incai vor \u00eenv\u0103\u021ba \u00een containere modulare. B\u0103lu\u021b\u0103: \u201eVor sta 2-3 ani \u00een condi\u021bii ultra-moderne\u201d - Buletin de Bucure\u0219ti","isPartOf":{"@id":"https:\/\/buletin.de\/bucuresti\/#website"},"primaryImageOfPage":{"@id":"https:\/\/buletin.de\/bucuresti\/elevii-de-la-sincai-vor-invata-in-containere-modulare\/#primaryimage"},"image":{"@id":"https:\/\/buletin.de\/bucuresti\/elevii-de-la-sincai-vor-invata-in-containere-modulare\/#primaryimage"},"thumbnailUrl":"https:\/\/buletin.de\/bucuresti\/wp-content\/uploads\/2025\/07\/RO_B_Sincai_high_school_2.jpg","datePublished":"2025-07-04T12:45:41+00:00","dateModified":"2025-07-09T10:10:34+00:00","description":"Sector 4 | Elevii de la \u0218incai vor \u00eenv\u0103\u021ba \u00een containere modulare. B\u0103lu\u021b\u0103: \u201eVor sta 2-3 ani \u00een condi\u021bii ultra-moderne\u201d","breadcrumb":{"@id":"https:\/\/buletin.de\/bucuresti\/elevii-de-la-sincai-vor-invata-in-containere-modulare\/#breadcrumb"},"inLanguage":"en-GB","potentialAction":[{"@type":"ReadAction","target":["https:\/\/buletin.de\/bucuresti\/elevii-de-la-sincai-vor-invata-in-containere-modulare\/"]}]},{"@type":"ImageObject","inLanguage":"en-GB","@id":"https:\/\/buletin.de\/bucuresti\/elevii-de-la-sincai-vor-invata-in-containere-modulare\/#primaryimage","url":"https:\/\/buletin.de\/bucuresti\/wp-content\/uploads\/2025\/07\/RO_B_Sincai_high_school_2.jpg","contentUrl":"https:\/\/buletin.de\/bucuresti\/wp-content\/uploads\/2025\/07\/RO_B_Sincai_high_school_2.jpg","width":1280,"height":857,"caption":"Elevii de la \u0218incai vor \u00eenv\u0103\u021ba \u00een containere modulare. Foto: Andrei Stroe \/ Wikipedia"},{"@type":"BreadcrumbList","@id":"https:\/\/buletin.de\/bucuresti\/elevii-de-la-sincai-vor-invata-in-containere-modulare\/#breadcrumb","itemListElement":[{"@type":"ListItem","position":1,"name":"Acas\u0103","item":"https:\/\/buletin.de\/bucuresti\/"},{"@type":"ListItem","position":2,"name":"Sector 4 | Elevii de la \u0218incai vor \u00eenv\u0103\u021ba \u00een containere modulare. B\u0103lu\u021b\u0103: \u201eVor sta 2-3 ani \u00een condi\u021bii ultra-moderne\u201d"}]},{"@type":"WebSite","@id":"https:\/\/buletin.de\/bucuresti\/#website","url":"https:\/\/buletin.de\/bucuresti\/","name":"Buletin de Bucure\u0219ti","description":"\u0218tiri \u0219i investiga\u021bii esen\u021biale din capital\u0103","publisher":{"@id":"https:\/\/buletin.de\/bucuresti\/#organization"},"potentialAction":[{"@type":"SearchAction","target":{"@type":"EntryPoint","urlTemplate":"https:\/\/buletin.de\/bucuresti\/?s={search_term_string}"},"query-input":{"@type":"PropertyValueSpecification","valueRequired":true,"valueName":"search_term_string"}}],"inLanguage":"en-GB"},{"@type":"Organization","@id":"https:\/\/buletin.de\/bucuresti\/#organization","name":"Buletin de Bucure\u0219ti","url":"https:\/\/buletin.de\/bucuresti\/","logo":{"@type":"ImageObject","inLanguage":"en-GB","@id":"https:\/\/buletin.de\/bucuresti\/#\/schema\/logo\/image\/","url":"https:\/\/buletin.de\/bucuresti\/wp-content\/uploads\/logo-bdb-full-wide-vernil-transparent.png","contentUrl":"https:\/\/buletin.de\/bucuresti\/wp-content\/uploads\/logo-bdb-full-wide-vernil-transparent.png","width":1782,"height":626,"caption":"Buletin de Bucure\u0219ti"},"image":{"@id":"https:\/\/buletin.de\/bucuresti\/#\/schema\/logo\/image\/"},"sameAs":["https:\/\/www.facebook.com\/buletin.de.buc","https:\/\/www.instagram.com\/buletinde.bucuresti\/"]},{"@type":"Person","@id":"https:\/\/buletin.de\/bucuresti\/#\/schema\/person\/2bbcf854e5f2419a13804af574d06ab1","name":"Redac\u021bia Buletin de Bucure\u0219ti","image":{"@type":"ImageObject","inLanguage":"en-GB","@id":"https:\/\/secure.gravatar.com\/avatar\/18c5342381ed1a08620e6280424e3e5efc958618f5d67c522c9e44c1bc6f9226?s=96&d=monsterid&r=g60c7cd0ad92c68c049fcd4bb3504d609","url":"https:\/\/secure.gravatar.com\/avatar\/18c5342381ed1a08620e6280424e3e5efc958618f5d67c522c9e44c1bc6f9226?s=96&d=monsterid&r=g","contentUrl":"https:\/\/secure.gravatar.com\/avatar\/18c5342381ed1a08620e6280424e3e5efc958618f5d67c522c9e44c1bc6f9226?s=96&d=monsterid&r=g","caption":"Redac\u021bia Buletin de Bucure\u0219ti"},"description":"Buletin de Bucure\u0219ti exist\u0103 din vara anului 2019.","url":"https:\/\/buletin.de\/bucuresti\/author\/adminbuletin\/"}]}},"authors":[{"term_id":22583,"user_id":1,"is_guest":0,"slug":"adminbuletin","display_name":"Redac\u021bia Buletin de Bucure\u0219ti","avatar_url":"https:\/\/secure.gravatar.com\/avatar\/18c5342381ed1a08620e6280424e3e5efc958618f5d67c522c9e44c1bc6f9226?s=96&d=monsterid&r=g","0":null,"1":"","2":"","3":"","4":"","5":"","6":"","7":"","8":""}],"_links":{"self":[{"href":"https:\/\/buletin.de\/bucuresti\/wp-json\/wp\/v2\/posts\/137468","targetHints":{"allow":["GET"]}}],"collection":[{"href":"https:\/\/buletin.de\/bucuresti\/wp-json\/wp\/v2\/posts"}],"about":[{"href":"https:\/\/buletin.de\/bucuresti\/wp-json\/wp\/v2\/types\/post"}],"author":[{"embeddable":true,"href":"https:\/\/buletin.de\/bucuresti\/wp-json\/wp\/v2\/users\/1"}],"replies":[{"embeddable":true,"href":"https:\/\/buletin.de\/bucuresti\/wp-json\/wp\/v2\/comments?post=137468"}],"version-history":[{"count":1,"href":"https:\/\/buletin.de\/bucuresti\/wp-json\/wp\/v2\/posts\/137468\/revisions"}],"predecessor-version":[{"id":137492,"href":"https:\/\/buletin.de\/bucuresti\/wp-json\/wp\/v2\/posts\/137468\/revisions\/137492"}],"wp:featuredmedia":[{"embeddable":true,"href":"https:\/\/buletin.de\/bucuresti\/wp-json\/wp\/v2\/media\/137490"}],"wp:attachment":[{"href":"https:\/\/buletin.de\/bucuresti\/wp-json\/wp\/v2\/media?parent=137468"}],"wp:term":[{"taxonomy":"category","embeddable":true,"href":"https:\/\/buletin.de\/bucuresti\/wp-json\/wp\/v2\/categories?post=137468"},{"taxonomy":"post_tag","embeddable":true,"href":"https:\/\/buletin.de\/bucuresti\/wp-json\/wp\/v2\/tags?post=137468"},{"taxonomy":"author","embeddable":true,"href":"https:\/\/buletin.de\/bucuresti\/wp-json\/wp\/v2\/ppma_author?post=137468"}],"curies":[{"name":"wp","href":"https:\/\/api.w.org\/{rel}","templated":true}]}}