{"id":137457,"date":"2025-07-04T14:56:25","date_gmt":"2025-07-04T11:56:25","guid":{"rendered":"https:\/\/buletin.de\/bucuresti\/?p=137457"},"modified":"2025-07-04T15:40:04","modified_gmt":"2025-07-04T12:40:04","slug":"sector-2-harta-puncte-de-prim-ajutor-pe-timp-de-canicula","status":"publish","type":"post","link":"https:\/\/buletin.de\/bucuresti\/sector-2-harta-puncte-de-prim-ajutor-pe-timp-de-canicula\/","title":{"rendered":"Sector 2 | Harta punctelor de prim ajutor pe timp de canicul\u0103"},"content":{"rendered":"\n<p><strong>Prim\u0103ria Sectorului 2 a deschis, \u00een perioada 4\u20136 iulie, mai multe locuri unde pot fi ajutate persoanele care sunt afectate de temperaturile extreme. Harta punctelor de prim ajutor cuprinde opt destina\u021bii.<\/strong><\/p>\n\n\n\n<p>\u00cen aceste centre, cet\u0103\u021benii pot beneficia de ap\u0103 potabil\u0103, verificarea tensiunii arteriale, asisten\u021b\u0103 medical\u0103 de baz\u0103 \u0219i, \u00een caz de necesitate, sprijin pentru apelarea serviciilor de urgen\u021b\u0103.<\/p>\n\n\n\n<p><strong>CITE\u0218TE \u0218I: <a href=\"https:\/\/buletin.de\/bucuresti\/meteo-cod-portocaliu-de-canicula-in-capitala-temperaturile-ajung-pana-la-40-grade\/\" target=\"_blank\" rel=\"noreferrer noopener\">METEO |\u00a0Cod portocaliu de canicul\u0103, \u00een Capital\u0103. Temperaturile ajung p\u00e2n\u0103 la 40 grade<\/a><\/strong><\/p>\n\n\n\n<h2 class=\"wp-block-heading\" id=\"h-harta-punctelor-de-prim-ajutor-din-sectorul-2\">Harta punctelor de prim ajutor din Sectorul 2<\/h2>\n\n\n\n<iframe src=\"https:\/\/www.google.com\/maps\/d\/u\/0\/embed?mid=1e_oL3VC-tCHygJntE-_1_T0GvtK14gQ&#038;ehbc=2E312F&#038;noprof=1\" width=\"640\" height=\"480\"><\/iframe>\n\n\n\n<ul class=\"wp-block-list\">\n<li>Prim\u0103ria Sectorului 2 \u2013 Str. Chiristigiilor nr. 11-13<\/li>\n\n\n\n<li>Centrul Integrat de Asisten\u021b\u0103 Comunitar\u0103 \u201eColentina\u201d \u2013 Str. M.I. Glinka nr. 7<\/li>\n\n\n\n<li>Centrul de Asisten\u021b\u0103 Comunitar\u0103 \u201eBasarabia\u201d \u2013 Bd. Basarabia nr. 96<\/li>\n\n\n\n<li>DGASPC Sector 2 \u2013 Str. Olari nr. 15<\/li>\n\n\n\n<li>DGASPC Sector 2 \u2013 Str. Dimitrie Racovi\u021b\u0103 nr. 22<\/li>\n\n\n\n<li>DGASPC Sector 2 \u2013 Calea Mo\u0219ilor nr. 229<\/li>\n\n\n\n<li>DGASPC Sector 2 \u2013 \u0218os. Pantelimon nr. 301<\/li>\n\n\n\n<li>Centrul de Asisten\u021b\u0103 Comunitar\u0103 \u201ePlumbuita\u201d \u2013 \u0218os. Colentina nr. 55F<\/li>\n<\/ul>\n\n\n\n<p><strong>Pe l\u00e2ng\u0103 aceste puncte de sprijin, locuitorii Sectorului 2 au la dispozi\u021bie 24 de f\u00e2nt\u00e2ni cu ap\u0103 potabil\u0103 \u0219i 19 ci\u0219mele publice amplasate \u00een zone pietonale intens circulate, utile pentru hidratare pe timpul zilelor caniculare, a transmis <a href=\"https:\/\/www.facebook.com\/PrimariaSector2\/posts\/pfbid0kTiuupE6CEJUu127xoBZ89UdiJ8LMJypdGqVjevMMFoioiuNgekXjDrei6G7D5PAl\">prim\u0103ria<\/a>.<\/strong><\/p>\n\n\n\n<p>Recomand\u0103rile autorit\u0103\u021bilor pentru aceast\u0103 perioad\u0103 includ evitarea deplas\u0103rilor \u0219i expunerii la soare \u00een intervalul orar 11:00\u201318:00, hidratarea corespunz\u0103toare cu evitarea b\u0103uturile alcoolice, purtarea de haine lejere, deschise la culoare \u0219i a p\u0103l\u0103riilor, \u0219epcilor \u0219i altor mijloace de protec\u021bie \u0219i evitarea l\u0103s\u0103rii copiilor sau animalelor de companie \u00een ma\u0219ini.<\/p>\n\n\n\n<p><strong>Autorit\u0103\u021bile reamintesc c\u0103 persoanele cu simptome precum ame\u021beli, dureri de cap, grea\u021b\u0103 sau stare general\u0103 de sl\u0103biciune ar trebui s\u0103 solicite ajutor medical.<\/strong><\/p>\n\n\n\n<p>Potrivit prognozei meteo pentru intervalul 04.07.2025 Ora 10:00 \u2013 05.07.2025 Ora 10:00, \u00een Bucure\u0219ti va fi val de c\u0103ldur\u0103, canicul\u0103 \u0219i disconfort termic accentuat, cu indice temperatur\u0103-umezeal\u0103 (ITU) ce va dep\u0103\u0219i pragul critic de 80 de unit\u0103\u021bi. Temperatura maxim\u0103 se va situa \u00een jurul valorii de 38 de grade, iar cea minim\u0103 va fi de 18\u202621 de grade.<\/p>\n\n\n\n<p>Cerul va fi mai mult senin, v\u00e2ntul va sufla slab \u0219i moderat, iar spre finalul nop\u021bii se va intensifica u\u0219or cu viteze de 30\u202635 km\/h.&nbsp;\u00cen acest interval este valabil un cod portocaliu ce vizeaz\u0103 val de c\u0103ldur\u0103, canicul\u0103 \u0219i disconfort termic accentuat.<\/p>\n\n\n\n<p><strong>CITE\u0218TE \u0218I: <a href=\"https:\/\/buletin.de\/bucuresti\/strazi-deschise-se-extinde-pe-inca-doua-strazi-din-centrul-capitalei\/\" target=\"_blank\" rel=\"noreferrer noopener\">\u201eStr\u0103zi deschise\u201d se extinde pe \u00eenc\u0103 dou\u0103 artere din Centrul Capitalei<\/a><\/strong><\/p>\n","protected":false},"excerpt":{"rendered":"<p>Prim\u0103ria Sectorului 2 a deschis, \u00een perioada 4\u20136 iulie, mai multe locuri unde pot fi ajutate persoanele care sunt afectate de temperaturile extreme. Harta punctelor de prim ajutor cuprinde opt destina\u021bii. \u00cen aceste centre, cet\u0103\u021benii pot beneficia de ap\u0103 potabil\u0103, verificarea tensiunii arteriale, asisten\u021b\u0103 medical\u0103 de baz\u0103 \u0219i, \u00een caz de necesitate, sprijin pentru apelarea [&hellip;]<\/p>\n","protected":false},"author":59,"featured_media":137463,"comment_status":"closed","ping_status":"open","sticky":false,"template":"","format":"standard","meta":{"_acf_changed":false,"inline_featured_image":false,"ngg_post_thumbnail":0,"footnotes":""},"categories":[6994,24,62],"tags":[9,2998,2054,228,2999],"ppma_author":[22572],"class_list":["post-137457","post","type-post","status-publish","format-standard","has-post-thumbnail","hentry","category-stiri-2","category-primarie","category-stiri","tag-bucuresti","tag-canicula","tag-capitala","tag-primaria-sectorului-2","tag-puncte-prim-ajutor"],"acf":[],"yoast_head":"<!-- This site is optimized with the Yoast SEO Premium plugin v25.3 (Yoast SEO v27.4) - https:\/\/yoast.com\/product\/yoast-seo-premium-wordpress\/ -->\n<title>Sector 2 | Harta punctelor de prim ajutor pe timp de canicul\u0103 - Buletin de Bucure\u0219ti<\/title>\n<meta name=\"description\" content=\"Harta punctelor de prim ajutor din Sectorul 2 cuprinde opt locuri unde pot fi ajutate persoanele care sunt afectate de temperaturile extreme.\" \/>\n<meta name=\"robots\" content=\"index, follow, max-snippet:-1, max-image-preview:large, max-video-preview:-1\" \/>\n<link rel=\"canonical\" href=\"https:\/\/buletin.de\/bucuresti\/sector-2-harta-puncte-de-prim-ajutor-pe-timp-de-canicula\/\" \/>\n<meta property=\"og:locale\" content=\"en_GB\" \/>\n<meta property=\"og:type\" content=\"article\" \/>\n<meta property=\"og:title\" content=\"Sector 2 | Harta punctelor de prim ajutor pe timp de canicul\u0103\" \/>\n<meta property=\"og:description\" content=\"Harta punctelor de prim ajutor din Sectorul 2 cuprinde opt locuri unde pot fi ajutate persoanele care sunt afectate de temperaturile extreme.\" \/>\n<meta property=\"og:url\" content=\"https:\/\/buletin.de\/bucuresti\/sector-2-harta-puncte-de-prim-ajutor-pe-timp-de-canicula\/\" \/>\n<meta property=\"og:site_name\" content=\"Buletin de Bucure\u0219ti\" \/>\n<meta property=\"article:publisher\" content=\"https:\/\/www.facebook.com\/buletin.de.buc\" \/>\n<meta property=\"article:published_time\" content=\"2025-07-04T11:56:25+00:00\" \/>\n<meta property=\"article:modified_time\" content=\"2025-07-04T12:40:04+00:00\" \/>\n<meta property=\"og:image\" content=\"https:\/\/buletin.de\/bucuresti\/wp-content\/uploads\/2025\/07\/foto_1.jpeg\" \/>\n\t<meta property=\"og:image:width\" content=\"1600\" \/>\n\t<meta property=\"og:image:height\" content=\"1200\" \/>\n\t<meta property=\"og:image:type\" content=\"image\/jpeg\" \/>\n<meta name=\"author\" content=\"C\u0103t\u0103lin Anghel-Dimache\" \/>\n<meta name=\"twitter:card\" content=\"summary_large_image\" \/>\n<meta name=\"twitter:label1\" content=\"Written by\" \/>\n\t<meta name=\"twitter:data1\" content=\"C\u0103t\u0103lin Anghel-Dimache\" \/>\n\t<meta name=\"twitter:label2\" content=\"Estimated reading time\" \/>\n\t<meta name=\"twitter:data2\" content=\"2 minutes\" \/>\n<script type=\"application\/ld+json\" class=\"yoast-schema-graph\">{\"@context\":\"https:\\\/\\\/schema.org\",\"@graph\":[{\"@type\":\"Article\",\"@id\":\"https:\\\/\\\/buletin.de\\\/bucuresti\\\/sector-2-harta-puncte-de-prim-ajutor-pe-timp-de-canicula\\\/#article\",\"isPartOf\":{\"@id\":\"https:\\\/\\\/buletin.de\\\/bucuresti\\\/sector-2-harta-puncte-de-prim-ajutor-pe-timp-de-canicula\\\/\"},\"author\":{\"name\":\"C\u0103t\u0103lin Anghel-Dimache\",\"@id\":\"https:\\\/\\\/buletin.de\\\/bucuresti\\\/#\\\/schema\\\/person\\\/0ac9db30080482be87c7386a30f98796\"},\"headline\":\"Sector 2 | Harta punctelor de prim ajutor pe timp de canicul\u0103\",\"datePublished\":\"2025-07-04T11:56:25+00:00\",\"dateModified\":\"2025-07-04T12:40:04+00:00\",\"mainEntityOfPage\":{\"@id\":\"https:\\\/\\\/buletin.de\\\/bucuresti\\\/sector-2-harta-puncte-de-prim-ajutor-pe-timp-de-canicula\\\/\"},\"wordCount\":392,\"publisher\":{\"@id\":\"https:\\\/\\\/buletin.de\\\/bucuresti\\\/#organization\"},\"image\":{\"@id\":\"https:\\\/\\\/buletin.de\\\/bucuresti\\\/sector-2-harta-puncte-de-prim-ajutor-pe-timp-de-canicula\\\/#primaryimage\"},\"thumbnailUrl\":\"https:\\\/\\\/buletin.de\\\/bucuresti\\\/wp-content\\\/uploads\\\/2025\\\/07\\\/foto_1.jpeg\",\"keywords\":[\"bucuresti\",\"canicula\",\"Capitala\",\"primaria sectorului 2\",\"puncte prim ajutor\"],\"articleSection\":[\"Articole\",\"Prim\u0103rie\",\"\u0218tiri\"],\"inLanguage\":\"en-GB\",\"copyrightYear\":\"2025\",\"copyrightHolder\":{\"@id\":\"https:\\\/\\\/buletin.de\\\/bucuresti\\\/#organization\"}},{\"@type\":\"WebPage\",\"@id\":\"https:\\\/\\\/buletin.de\\\/bucuresti\\\/sector-2-harta-puncte-de-prim-ajutor-pe-timp-de-canicula\\\/\",\"url\":\"https:\\\/\\\/buletin.de\\\/bucuresti\\\/sector-2-harta-puncte-de-prim-ajutor-pe-timp-de-canicula\\\/\",\"name\":\"Sector 2 | Harta punctelor de prim ajutor pe timp de canicul\u0103 - Buletin de Bucure\u0219ti\",\"isPartOf\":{\"@id\":\"https:\\\/\\\/buletin.de\\\/bucuresti\\\/#website\"},\"primaryImageOfPage\":{\"@id\":\"https:\\\/\\\/buletin.de\\\/bucuresti\\\/sector-2-harta-puncte-de-prim-ajutor-pe-timp-de-canicula\\\/#primaryimage\"},\"image\":{\"@id\":\"https:\\\/\\\/buletin.de\\\/bucuresti\\\/sector-2-harta-puncte-de-prim-ajutor-pe-timp-de-canicula\\\/#primaryimage\"},\"thumbnailUrl\":\"https:\\\/\\\/buletin.de\\\/bucuresti\\\/wp-content\\\/uploads\\\/2025\\\/07\\\/foto_1.jpeg\",\"datePublished\":\"2025-07-04T11:56:25+00:00\",\"dateModified\":\"2025-07-04T12:40:04+00:00\",\"description\":\"Harta punctelor de prim ajutor din Sectorul 2 cuprinde opt locuri unde pot fi ajutate persoanele care sunt afectate de temperaturile extreme.\",\"breadcrumb\":{\"@id\":\"https:\\\/\\\/buletin.de\\\/bucuresti\\\/sector-2-harta-puncte-de-prim-ajutor-pe-timp-de-canicula\\\/#breadcrumb\"},\"inLanguage\":\"en-GB\",\"potentialAction\":[{\"@type\":\"ReadAction\",\"target\":[\"https:\\\/\\\/buletin.de\\\/bucuresti\\\/sector-2-harta-puncte-de-prim-ajutor-pe-timp-de-canicula\\\/\"]}]},{\"@type\":\"ImageObject\",\"inLanguage\":\"en-GB\",\"@id\":\"https:\\\/\\\/buletin.de\\\/bucuresti\\\/sector-2-harta-puncte-de-prim-ajutor-pe-timp-de-canicula\\\/#primaryimage\",\"url\":\"https:\\\/\\\/buletin.de\\\/bucuresti\\\/wp-content\\\/uploads\\\/2025\\\/07\\\/foto_1.jpeg\",\"contentUrl\":\"https:\\\/\\\/buletin.de\\\/bucuresti\\\/wp-content\\\/uploads\\\/2025\\\/07\\\/foto_1.jpeg\",\"width\":1600,\"height\":1200,\"caption\":\"Puncte de prim ajutor pe timp de canicul\u0103. Foto: arhiv\u0103\"},{\"@type\":\"BreadcrumbList\",\"@id\":\"https:\\\/\\\/buletin.de\\\/bucuresti\\\/sector-2-harta-puncte-de-prim-ajutor-pe-timp-de-canicula\\\/#breadcrumb\",\"itemListElement\":[{\"@type\":\"ListItem\",\"position\":1,\"name\":\"Acas\u0103\",\"item\":\"https:\\\/\\\/buletin.de\\\/bucuresti\\\/\"},{\"@type\":\"ListItem\",\"position\":2,\"name\":\"Sector 2 | Harta punctelor de prim ajutor pe timp de canicul\u0103\"}]},{\"@type\":\"WebSite\",\"@id\":\"https:\\\/\\\/buletin.de\\\/bucuresti\\\/#website\",\"url\":\"https:\\\/\\\/buletin.de\\\/bucuresti\\\/\",\"name\":\"Buletin de Bucure\u0219ti\",\"description\":\"\u0218tiri \u0219i investiga\u021bii esen\u021biale din capital\u0103\",\"publisher\":{\"@id\":\"https:\\\/\\\/buletin.de\\\/bucuresti\\\/#organization\"},\"potentialAction\":[{\"@type\":\"SearchAction\",\"target\":{\"@type\":\"EntryPoint\",\"urlTemplate\":\"https:\\\/\\\/buletin.de\\\/bucuresti\\\/?s={search_term_string}\"},\"query-input\":{\"@type\":\"PropertyValueSpecification\",\"valueRequired\":true,\"valueName\":\"search_term_string\"}}],\"inLanguage\":\"en-GB\"},{\"@type\":\"Organization\",\"@id\":\"https:\\\/\\\/buletin.de\\\/bucuresti\\\/#organization\",\"name\":\"Buletin de Bucure\u0219ti\",\"url\":\"https:\\\/\\\/buletin.de\\\/bucuresti\\\/\",\"logo\":{\"@type\":\"ImageObject\",\"inLanguage\":\"en-GB\",\"@id\":\"https:\\\/\\\/buletin.de\\\/bucuresti\\\/#\\\/schema\\\/logo\\\/image\\\/\",\"url\":\"https:\\\/\\\/buletin.de\\\/bucuresti\\\/wp-content\\\/uploads\\\/logo-bdb-full-wide-vernil-transparent.png\",\"contentUrl\":\"https:\\\/\\\/buletin.de\\\/bucuresti\\\/wp-content\\\/uploads\\\/logo-bdb-full-wide-vernil-transparent.png\",\"width\":1782,\"height\":626,\"caption\":\"Buletin de Bucure\u0219ti\"},\"image\":{\"@id\":\"https:\\\/\\\/buletin.de\\\/bucuresti\\\/#\\\/schema\\\/logo\\\/image\\\/\"},\"sameAs\":[\"https:\\\/\\\/www.facebook.com\\\/buletin.de.buc\",\"https:\\\/\\\/www.instagram.com\\\/buletinde.bucuresti\\\/\"]},{\"@type\":\"Person\",\"@id\":\"https:\\\/\\\/buletin.de\\\/bucuresti\\\/#\\\/schema\\\/person\\\/0ac9db30080482be87c7386a30f98796\",\"name\":\"C\u0103t\u0103lin Anghel-Dimache\",\"image\":{\"@type\":\"ImageObject\",\"inLanguage\":\"en-GB\",\"@id\":\"https:\\\/\\\/buletin.de\\\/bucuresti\\\/wp-content\\\/uploads\\\/Catalin-Anghel-Dimache-96x96.jpgbd9e43c5b25186d5b8e917ac61ad86c4\",\"url\":\"https:\\\/\\\/buletin.de\\\/bucuresti\\\/wp-content\\\/uploads\\\/Catalin-Anghel-Dimache-96x96.jpg\",\"contentUrl\":\"https:\\\/\\\/buletin.de\\\/bucuresti\\\/wp-content\\\/uploads\\\/Catalin-Anghel-Dimache-96x96.jpg\",\"caption\":\"C\u0103t\u0103lin Anghel-Dimache\"},\"description\":\"A absolvit Facultatea de Jurnalism \u0219i \u0218tiin\u021bele Comunic\u0103rii a Universit\u0103\u021bii din Bucure\u0219ti \u00een 2024. Scrie despre mediu \u0219i teme sociale, dar \u0219i despre cum se reflect\u0103 ele \u00een via\u021ba cotidian\u0103 a bucure\u0219tenilor, cu un ochi atent la pove\u0219tile personale din spatele titlurilor. N\u0103scut \u0219i crescut \u00een Bucure\u0219ti, a f\u0103cut un pas c\u0103tre presa local\u0103, din pasiune pentru ora\u0219ul s\u0103u \u0219i oamenii din el.\",\"url\":\"https:\\\/\\\/buletin.de\\\/bucuresti\\\/author\\\/catalin-anghel-dimache\\\/\"}]}<\/script>\n<!-- \/ Yoast SEO Premium plugin. -->","yoast_head_json":{"title":"Sector 2 | Harta punctelor de prim ajutor pe timp de canicul\u0103 - Buletin de Bucure\u0219ti","description":"Harta punctelor de prim ajutor din Sectorul 2 cuprinde opt locuri unde pot fi ajutate persoanele care sunt afectate de temperaturile extreme.","robots":{"index":"index","follow":"follow","max-snippet":"max-snippet:-1","max-image-preview":"max-image-preview:large","max-video-preview":"max-video-preview:-1"},"canonical":"https:\/\/buletin.de\/bucuresti\/sector-2-harta-puncte-de-prim-ajutor-pe-timp-de-canicula\/","og_locale":"en_GB","og_type":"article","og_title":"Sector 2 | Harta punctelor de prim ajutor pe timp de canicul\u0103","og_description":"Harta punctelor de prim ajutor din Sectorul 2 cuprinde opt locuri unde pot fi ajutate persoanele care sunt afectate de temperaturile extreme.","og_url":"https:\/\/buletin.de\/bucuresti\/sector-2-harta-puncte-de-prim-ajutor-pe-timp-de-canicula\/","og_site_name":"Buletin de Bucure\u0219ti","article_publisher":"https:\/\/www.facebook.com\/buletin.de.buc","article_published_time":"2025-07-04T11:56:25+00:00","article_modified_time":"2025-07-04T12:40:04+00:00","og_image":[{"width":1600,"height":1200,"url":"https:\/\/buletin.de\/bucuresti\/wp-content\/uploads\/2025\/07\/foto_1.jpeg","type":"image\/jpeg"}],"author":"C\u0103t\u0103lin Anghel-Dimache","twitter_card":"summary_large_image","twitter_misc":{"Written by":"C\u0103t\u0103lin Anghel-Dimache","Estimated reading time":"2 minutes"},"schema":{"@context":"https:\/\/schema.org","@graph":[{"@type":"Article","@id":"https:\/\/buletin.de\/bucuresti\/sector-2-harta-puncte-de-prim-ajutor-pe-timp-de-canicula\/#article","isPartOf":{"@id":"https:\/\/buletin.de\/bucuresti\/sector-2-harta-puncte-de-prim-ajutor-pe-timp-de-canicula\/"},"author":{"name":"C\u0103t\u0103lin Anghel-Dimache","@id":"https:\/\/buletin.de\/bucuresti\/#\/schema\/person\/0ac9db30080482be87c7386a30f98796"},"headline":"Sector 2 | Harta punctelor de prim ajutor pe timp de canicul\u0103","datePublished":"2025-07-04T11:56:25+00:00","dateModified":"2025-07-04T12:40:04+00:00","mainEntityOfPage":{"@id":"https:\/\/buletin.de\/bucuresti\/sector-2-harta-puncte-de-prim-ajutor-pe-timp-de-canicula\/"},"wordCount":392,"publisher":{"@id":"https:\/\/buletin.de\/bucuresti\/#organization"},"image":{"@id":"https:\/\/buletin.de\/bucuresti\/sector-2-harta-puncte-de-prim-ajutor-pe-timp-de-canicula\/#primaryimage"},"thumbnailUrl":"https:\/\/buletin.de\/bucuresti\/wp-content\/uploads\/2025\/07\/foto_1.jpeg","keywords":["bucuresti","canicula","Capitala","primaria sectorului 2","puncte prim ajutor"],"articleSection":["Articole","Prim\u0103rie","\u0218tiri"],"inLanguage":"en-GB","copyrightYear":"2025","copyrightHolder":{"@id":"https:\/\/buletin.de\/bucuresti\/#organization"}},{"@type":"WebPage","@id":"https:\/\/buletin.de\/bucuresti\/sector-2-harta-puncte-de-prim-ajutor-pe-timp-de-canicula\/","url":"https:\/\/buletin.de\/bucuresti\/sector-2-harta-puncte-de-prim-ajutor-pe-timp-de-canicula\/","name":"Sector 2 | Harta punctelor de prim ajutor pe timp de canicul\u0103 - Buletin de Bucure\u0219ti","isPartOf":{"@id":"https:\/\/buletin.de\/bucuresti\/#website"},"primaryImageOfPage":{"@id":"https:\/\/buletin.de\/bucuresti\/sector-2-harta-puncte-de-prim-ajutor-pe-timp-de-canicula\/#primaryimage"},"image":{"@id":"https:\/\/buletin.de\/bucuresti\/sector-2-harta-puncte-de-prim-ajutor-pe-timp-de-canicula\/#primaryimage"},"thumbnailUrl":"https:\/\/buletin.de\/bucuresti\/wp-content\/uploads\/2025\/07\/foto_1.jpeg","datePublished":"2025-07-04T11:56:25+00:00","dateModified":"2025-07-04T12:40:04+00:00","description":"Harta punctelor de prim ajutor din Sectorul 2 cuprinde opt locuri unde pot fi ajutate persoanele care sunt afectate de temperaturile extreme.","breadcrumb":{"@id":"https:\/\/buletin.de\/bucuresti\/sector-2-harta-puncte-de-prim-ajutor-pe-timp-de-canicula\/#breadcrumb"},"inLanguage":"en-GB","potentialAction":[{"@type":"ReadAction","target":["https:\/\/buletin.de\/bucuresti\/sector-2-harta-puncte-de-prim-ajutor-pe-timp-de-canicula\/"]}]},{"@type":"ImageObject","inLanguage":"en-GB","@id":"https:\/\/buletin.de\/bucuresti\/sector-2-harta-puncte-de-prim-ajutor-pe-timp-de-canicula\/#primaryimage","url":"https:\/\/buletin.de\/bucuresti\/wp-content\/uploads\/2025\/07\/foto_1.jpeg","contentUrl":"https:\/\/buletin.de\/bucuresti\/wp-content\/uploads\/2025\/07\/foto_1.jpeg","width":1600,"height":1200,"caption":"Puncte de prim ajutor pe timp de canicul\u0103. Foto: arhiv\u0103"},{"@type":"BreadcrumbList","@id":"https:\/\/buletin.de\/bucuresti\/sector-2-harta-puncte-de-prim-ajutor-pe-timp-de-canicula\/#breadcrumb","itemListElement":[{"@type":"ListItem","position":1,"name":"Acas\u0103","item":"https:\/\/buletin.de\/bucuresti\/"},{"@type":"ListItem","position":2,"name":"Sector 2 | Harta punctelor de prim ajutor pe timp de canicul\u0103"}]},{"@type":"WebSite","@id":"https:\/\/buletin.de\/bucuresti\/#website","url":"https:\/\/buletin.de\/bucuresti\/","name":"Buletin de Bucure\u0219ti","description":"\u0218tiri \u0219i investiga\u021bii esen\u021biale din capital\u0103","publisher":{"@id":"https:\/\/buletin.de\/bucuresti\/#organization"},"potentialAction":[{"@type":"SearchAction","target":{"@type":"EntryPoint","urlTemplate":"https:\/\/buletin.de\/bucuresti\/?s={search_term_string}"},"query-input":{"@type":"PropertyValueSpecification","valueRequired":true,"valueName":"search_term_string"}}],"inLanguage":"en-GB"},{"@type":"Organization","@id":"https:\/\/buletin.de\/bucuresti\/#organization","name":"Buletin de Bucure\u0219ti","url":"https:\/\/buletin.de\/bucuresti\/","logo":{"@type":"ImageObject","inLanguage":"en-GB","@id":"https:\/\/buletin.de\/bucuresti\/#\/schema\/logo\/image\/","url":"https:\/\/buletin.de\/bucuresti\/wp-content\/uploads\/logo-bdb-full-wide-vernil-transparent.png","contentUrl":"https:\/\/buletin.de\/bucuresti\/wp-content\/uploads\/logo-bdb-full-wide-vernil-transparent.png","width":1782,"height":626,"caption":"Buletin de Bucure\u0219ti"},"image":{"@id":"https:\/\/buletin.de\/bucuresti\/#\/schema\/logo\/image\/"},"sameAs":["https:\/\/www.facebook.com\/buletin.de.buc","https:\/\/www.instagram.com\/buletinde.bucuresti\/"]},{"@type":"Person","@id":"https:\/\/buletin.de\/bucuresti\/#\/schema\/person\/0ac9db30080482be87c7386a30f98796","name":"C\u0103t\u0103lin Anghel-Dimache","image":{"@type":"ImageObject","inLanguage":"en-GB","@id":"https:\/\/buletin.de\/bucuresti\/wp-content\/uploads\/Catalin-Anghel-Dimache-96x96.jpgbd9e43c5b25186d5b8e917ac61ad86c4","url":"https:\/\/buletin.de\/bucuresti\/wp-content\/uploads\/Catalin-Anghel-Dimache-96x96.jpg","contentUrl":"https:\/\/buletin.de\/bucuresti\/wp-content\/uploads\/Catalin-Anghel-Dimache-96x96.jpg","caption":"C\u0103t\u0103lin Anghel-Dimache"},"description":"A absolvit Facultatea de Jurnalism \u0219i \u0218tiin\u021bele Comunic\u0103rii a Universit\u0103\u021bii din Bucure\u0219ti \u00een 2024. Scrie despre mediu \u0219i teme sociale, dar \u0219i despre cum se reflect\u0103 ele \u00een via\u021ba cotidian\u0103 a bucure\u0219tenilor, cu un ochi atent la pove\u0219tile personale din spatele titlurilor. N\u0103scut \u0219i crescut \u00een Bucure\u0219ti, a f\u0103cut un pas c\u0103tre presa local\u0103, din pasiune pentru ora\u0219ul s\u0103u \u0219i oamenii din el.","url":"https:\/\/buletin.de\/bucuresti\/author\/catalin-anghel-dimache\/"}]}},"authors":[{"term_id":22572,"user_id":59,"is_guest":0,"slug":"catalin-anghel-dimache","display_name":"C\u0103t\u0103lin Anghel-Dimache","avatar_url":"https:\/\/buletin.de\/bucuresti\/wp-content\/uploads\/Catalin-Anghel-Dimache-96x96.jpg","0":null,"1":"","2":"","3":"","4":"","5":"","6":"","7":"","8":""}],"_links":{"self":[{"href":"https:\/\/buletin.de\/bucuresti\/wp-json\/wp\/v2\/posts\/137457","targetHints":{"allow":["GET"]}}],"collection":[{"href":"https:\/\/buletin.de\/bucuresti\/wp-json\/wp\/v2\/posts"}],"about":[{"href":"https:\/\/buletin.de\/bucuresti\/wp-json\/wp\/v2\/types\/post"}],"author":[{"embeddable":true,"href":"https:\/\/buletin.de\/bucuresti\/wp-json\/wp\/v2\/users\/59"}],"replies":[{"embeddable":true,"href":"https:\/\/buletin.de\/bucuresti\/wp-json\/wp\/v2\/comments?post=137457"}],"version-history":[{"count":3,"href":"https:\/\/buletin.de\/bucuresti\/wp-json\/wp\/v2\/posts\/137457\/revisions"}],"predecessor-version":[{"id":137488,"href":"https:\/\/buletin.de\/bucuresti\/wp-json\/wp\/v2\/posts\/137457\/revisions\/137488"}],"wp:featuredmedia":[{"embeddable":true,"href":"https:\/\/buletin.de\/bucuresti\/wp-json\/wp\/v2\/media\/137463"}],"wp:attachment":[{"href":"https:\/\/buletin.de\/bucuresti\/wp-json\/wp\/v2\/media?parent=137457"}],"wp:term":[{"taxonomy":"category","embeddable":true,"href":"https:\/\/buletin.de\/bucuresti\/wp-json\/wp\/v2\/categories?post=137457"},{"taxonomy":"post_tag","embeddable":true,"href":"https:\/\/buletin.de\/bucuresti\/wp-json\/wp\/v2\/tags?post=137457"},{"taxonomy":"author","embeddable":true,"href":"https:\/\/buletin.de\/bucuresti\/wp-json\/wp\/v2\/ppma_author?post=137457"}],"curies":[{"name":"wp","href":"https:\/\/api.w.org\/{rel}","templated":true}]}}