{"id":136769,"date":"2025-06-28T19:02:29","date_gmt":"2025-06-28T16:02:29","guid":{"rendered":"https:\/\/buletin.de\/bucuresti\/?p=136769"},"modified":"2025-06-28T19:02:30","modified_gmt":"2025-06-28T16:02:30","slug":"jandarmeria-capitalei-asigura-ca-au-fost-luate-masuri-in-urma-glumelor-cu-tenta-sexuala-de-la-pride-sanctiunile-financiare-tinute-la-secret","status":"publish","type":"post","link":"https:\/\/buletin.de\/bucuresti\/jandarmeria-capitalei-asigura-ca-au-fost-luate-masuri-in-urma-glumelor-cu-tenta-sexuala-de-la-pride-sanctiunile-financiare-tinute-la-secret\/","title":{"rendered":"Jandarmeria Capitalei asigur\u0103 c\u0103 au fost luate m\u0103suri \u00een urma glumelor cu tent\u0103 sexual\u0103 de la Pride. Sanc\u0163iunile financiare, \u0163inute la secret"},"content":{"rendered":"\n<p class=\"wp-block-paragraph\"><strong><a href=\"https:\/\/pressone.ro\/avem-fete-in-duba-mergem-la-mare-jandarmii-au-saltat-si-s-au-laudat-cu-trei-tinere-retinute-la-bucuresti-pentru-ca-detineau-spray-de-autoaparare-la-un-eveniment-public-printre-el\">\u201eAvem fete \u00een dub\u0103, mergem la mare?\u201d<\/a>, glumeau jandarmii care au ridicat trei femei de la mar\u0219ul Bucharest Pride, pentru c\u0103 de\u021bineau spray cu piper, pentru autoap\u0103rare. Recent, Jandarmeria Capitalei a asigurat cet\u0103\u021benii, printr-un comunicat de pres\u0103 evaziv, c\u0103 a luat m\u0103suri \u00een acest caz, \u00eentruc\u00e2t nu tolereaz\u0103 astfel de \u201eabateri\u201d. \u00cen acela\u0219i timp, institu\u021bia \u021bine la secret sanc\u021biunile financiare aplicate celor \u0219ase jandarmi.<\/strong><\/p>\n\n\n\n<p class=\"wp-block-paragraph\">La trei s\u0103pt\u0103m\u00e2ni dup\u0103 mar\u0219ul Pride, <a href=\"https:\/\/www.jandarmeriabucuresti.eu\">Jandarmeria Capitalei <\/a>a revenit cu preciz\u0103ri \u00een urma \u201ecapturii\u201d de la evenimentul public.<\/p>\n\n\n\n<p class=\"wp-block-paragraph\"><em>\u201eAv\u00e2nd \u00een vedere faptul c\u0103 trei persoane au reclamat comportamentul jandarmilor pe timpul aplic\u0103rii procedurilor legale privind constatarea unor fapte penale, Jandarmeria Capitalei a demarat o verificare intern\u0103 \u00een vederea stabilirii situa\u021biei de fapt \u0219i lu\u0103rii m\u0103surilor legale care se impun.<\/em><\/p>\n\n\n\n<p class=\"wp-block-paragraph\"><em><strong>Astfel, conform constat\u0103rilor comisiei de verificare, \u0219ase jandarmi au fost g\u0103si\u021bi vinova\u021bi \u0219i au fost sanc\u021biona\u021bi disciplinar.<\/strong><\/em><\/p>\n\n\n\n<p class=\"wp-block-paragraph\"><em>Subliniem faptul c\u0103 \u00een conformitate cu prevederile legale interne ale institu\u021biei, aceste sanc\u021biuni discplinare atrag \u0219i<mark style=\"background-color:rgba(0, 0, 0, 0)\" class=\"has-inline-color has-vivid-red-color\"> <strong>pierderea unor drepturi financiare pe o perioad\u0103 determinat\u0103<\/strong><\/mark><strong>.<\/strong><\/em><\/p>\n\n\n\n<p class=\"wp-block-paragraph\"><em>Reiter\u0103m faptul c\u0103 nu vom tolera niciodat\u0103 vreo abatere de la normele \u0219i principiile deontologice care guverneaz\u0103 func\u021bionarea institu\u021biei noastre<\/em>, a transmis institu\u021bia printr-<a href=\"https:\/\/agerpres.ro\/comunicate\/2025\/06\/27\/comunicat-de-presa---jandarmeria-capitalei--1463467\">un comunicat de pres\u0103<\/a>.<\/p>\n\n\n\n<h2 class=\"wp-block-heading\" id=\"h-sanctiunile-financiare-tinute-la-secret-de-jandarmeria-capitalei\">Sanc\u0163iunile financiare, \u0163inute la secret de Jandarmeria Capitalei<\/h2>\n\n\n\n<p class=\"wp-block-paragraph\"><strong>Comunicatul de pres\u0103 omite detalii esen\u021biale, precum constat\u0103rile comisiei de verificare \u0219i sanc\u021biunile aplicate.<\/strong> <strong>Drept urmare, jurnali\u0219tii Buletin de Bucure\u0219ti s-au adresat jandarmeriei pentru mai multe detalii, \u00eens\u0103 institu\u021bia a refuzat s\u0103 transmit\u0103 ce drepturi financiare au fost pierdute \u0219i pentru c\u00e2t timp, motiv\u00e2nd c\u0103 informa\u021biile sunt clasificate.<\/strong><\/p>\n\n\n\n<p class=\"wp-block-paragraph\"><strong><mark style=\"background-color:rgba(0, 0, 0, 0)\" class=\"has-inline-color has-vivid-red-color\">\u201eEste o norm\u0103 intern\u0103 clasificat\u0103 \u0219i nu putem oferi detalii&nbsp;suplimentare\u201d<\/mark><mark style=\"background-color:rgba(0, 0, 0, 0)\" class=\"has-inline-color has-black-color\">,<\/mark><\/strong> a transmis Alex Iacob, purt\u0103torul de cuv\u00e2nt al institu\u021biei, pentru Buletin de Bucure\u0219ti.<\/p>\n\n\n\n<p class=\"wp-block-paragraph\">Reporterii BdB s-au adresat institu\u021biei \u0219i pentru a afla sanc\u021biunile disciplinare aplicate: doi jandarmi au primit <strong>mustrare scris\u0103<\/strong>, ceilal\u0163i patru s-au ales cu <strong>avertisment<\/strong> &#8211; cea mai u\u0219oar\u0103 sanc\u021biune prev\u0103zut\u0103 de<a href=\"https:\/\/legislatie.just.ro\/Public\/DetaliiDocument\/6151\"> Legea 80\/1995 privind statutul cadrelor militare<\/a>. <\/p>\n\n\n\n<p class=\"wp-block-paragraph\">\u00centrebat de constat\u0103rile comisiei de verificare, mai exact de ac\u021biunile pentru care au fost g\u0103si\u021bi vinova\u021bi cei \u0219ase jandarmi, locotenentul Alex Iacob a r\u0103spuns cu o serie de trimiteri la articole din lege.<\/p>\n\n\n\n<blockquote class=\"wp-block-quote is-layout-flow wp-block-quote-is-layout-flow\">\n<p class=\"wp-block-paragraph\">\u00cencalcarea prevederilor art. 30, alin. 1 din Legea nr. 80 din 1995 privind statutul cadrelor militare, cu modific\u0103rile \u0219i complet\u0103rile ulterioare \u0219i a prevederilor art. 6, lit. g, i) \u0219i j), respectiv art. 13, alin. 1 \u0219i 2 din H.G. nr. 991 din 2005 privind Codul de etic\u0103 \u0219i deontologie al&nbsp;poli\u021bistului.<\/p>\n<cite>Alex Iacob, Purt\u0103torul de cuv\u00e2nt al Jandarmeriei<\/cite><\/blockquote>\n\n\n\n<p class=\"wp-block-paragraph\">Mai precis, cei \u0219ase jandarmi au fost g\u0103si\u021bi vinova\u021bi de \u00eenc\u0103lcarea urm\u0103toarelor prevederi legale:<\/p>\n\n\n\n<p class=\"wp-block-paragraph\">\u201eOfi\u021berii, mai\u0219trii militari \u0219i subofi\u021berii \u00een activitate au obliga\u021bia de a nu efectua activit\u0103\u021bi care contravin demnit\u0103\u021bii, prestigiului \u0219i normelor de comportare ce decurg din calitatea lor de cadre militare\u201d &#8211; Art. 30, alin. 1 din Legea nr. 80 din 1995 privind statutul cadrelor militare<\/p>\n\n\n\n<p class=\"wp-block-paragraph\">\u201ePrincipiile care guverneaz\u0103 conduita profesional\u0103 a poli\u021bistului sunt urm\u0103toarele:<\/p>\n\n\n\n<p class=\"wp-block-paragraph\">g)&nbsp;profesionalismul &#8211; presupune aplicarea corect\u0103 \u0219i responsabil\u0103 a cuno\u0219tin\u021belor teoretice \u0219i a deprinderilor practice pentru exercitarea atribu\u021biilor de serviciu;<\/p>\n\n\n\n<p class=\"wp-block-paragraph\">i)&nbsp;respectul &#8211; se manifest\u0103 prin considera\u021bia pe care poli\u021bistul o acord\u0103 persoanelor, colegilor, superiorilor, subordona\u021bilor, drepturilor \u0219i libert\u0103\u021bilor acestora, institu\u021biilor, legilor, valorilor sociale, normelor etice \u0219i deontologice;<\/p>\n\n\n\n<p class=\"wp-block-paragraph\">j)&nbsp;integritatea moral\u0103 &#8211; presupune adoptarea unui comportament conform normelor etice acceptate \u0219i practicate \u00een societate;\u201d &#8211; Hot\u0103r\u00e2rea de Guvern nr. 991\/2005 privind Codul de etic\u0103 \u0219i deontologie al&nbsp;poli\u021bistului.<\/p>\n\n\n\n<p class=\"wp-block-paragraph\">\u201e(1)&nbsp;Poli\u021bistul trebuie s\u0103 se comporte civilizat \u0219i s\u0103 dea dovad\u0103 de amabilitate \u0219i solicitudine, adopt\u00e2nd o atitudine politicoas\u0103 \u0219i ferm\u0103.<\/p>\n\n\n\n<p class=\"wp-block-paragraph\">(2)&nbsp;Poli\u021bistul trebuie s\u0103 dovedeasc\u0103 st\u0103p\u00e2nire de sine, capacitate de comunicare, abilit\u0103\u021bi de gestionare a situa\u021biilor conflictuale, dezvolt\u00e2ndu-\u0219i prin sistemul de formare continu\u0103 puterea de \u00een\u021belegere a problemelor sociale, culturale \u0219i educa\u021bionale specifice colectivit\u0103\u021bii \u00een care \u00ee\u0219i exercit\u0103 profesia, precum \u0219i, dup\u0103 caz, capacit\u0103\u021bile manageriale.\u201d &#8211; Hot\u0103r\u00e2rea de Guvern nr. 991\/2005 privind Codul de etic\u0103 \u0219i deontologie al&nbsp;poli\u021bistului.<\/p>\n\n\n\n<h2 class=\"wp-block-heading\" id=\"h-frica-este-cea-care-ne-determina-sa-purtam-asupra-noastra-protec\u021bie-suplimentara\">\u201eFrica este cea care ne determin\u0103 s\u0103 purt\u0103m asupra noastr\u0103 protec\u021bie suplimentar\u0103\u201d<\/h2>\n\n\n\n<p class=\"wp-block-paragraph\"><strong>Printre cele trei femei ridicate de la Pride s-a num\u0103rat \u0219i <a href=\"https:\/\/pressone.ro\/autor\/renata-mogildea\">Renata Mog\u00eeldea<\/a>, jurnalista PressOne a dezv\u0103luit glumele cu tent\u0103 sexual\u0103 \u0219i comportamentul misogin al jandarmilor. Amintim, aceasta a fost recent amenin\u021bat\u0103 cu moartea, \u00een urma <a href=\"https:\/\/pressone.ro\/exclusiv-tineri-romani-recrutati-pe-telegram-de-o-grupare-neonazista-din-republica-moldova-care-ii-indeamna-sa-ucida-subumani-si-sa-faca-trafic-de-droguri-pentru-cauza\">investiga\u021biei despre gruparea neo-nazist\u0103 Unitatea 731<\/a>.<\/strong><\/p>\n\n\n\n<p class=\"wp-block-paragraph\"><em>\u201eFrica este cea care ne determin\u0103 s\u0103 purt\u0103m asupra noastr\u0103 protec\u021bie suplimentar\u0103. Nu bravada, nu inten\u021bia de a tulbura ordinea sau de a \u201einstiga\u201d, doar nevoia acut\u0103 de protec\u021bie ne face s\u0103 purt\u0103m asupra noastr\u0103 un spray cu piper\u201d<\/em>, a scris jurnalista \u00een opinia <a href=\"https:\/\/pressone.ro\/avem-fete-in-duba-mergem-la-mare-jandarmii-au-saltat-si-s-au-laudat-cu-trei-tinere-retinute-la-bucuresti-pentru-ca-detineau-spray-de-autoaparare-la-un-eveniment-public-printre-el\">\u201eAvem fete \u00een dub\u0103, mergem la mare?\u201d. Jandarmii au s\u0103ltat \u0219i s-au l\u0103udat cu trei tinere re\u021binute la Bucure\u0219ti pentru c\u0103 de\u021bineau spray de autoap\u0103rare la un eveniment public. Printre ele, o reporteri\u021b\u0103 PressOne<\/a>, unde \u0219i-a povestit pe larg experien\u021ba.<\/p>\n\n\n\n<p class=\"wp-block-paragraph\">Incidentul de la Pride a avut loc la scurt timp dup\u0103 ce o femeie de doar 23 ani, gravid\u0103, a fost \u00eempu\u0219cat\u0103 mortal pe o strad\u0103 din Ilfov, sub privirile propriei fiice. Tragedia sa nu a reprezentat un caz izolat, fiind al 25-lea femicid (crim\u0103 comis\u0103 pe baz\u0103 de ur\u0103 \u00eempotriva femeilor) \u00eenregistrat \u00een Rom\u00e2nia anul acesta.<\/p>\n\n\n\n<p class=\"wp-block-paragraph\">La mai pu\u021bin de o lun\u0103, a urmat \u0219i al \u0219aselea: o t\u00e2n\u0103r\u0103 gravid\u0103, ucis\u0103 \u00een plin\u0103 strad\u0103 cu toporul, chiar \u00een fa\u0163a celor doi copii \u015fi a mamei. Amintim, cele dou\u0103 femei ucise au cerut ajutorul \u015fi protec\u0163ia autorit\u0103\u0163ilor, fie prin apel la 112, fie chiar \u00een fa\u021ba instan\u021bei. F\u0103r\u0103 folos.<\/p>\n\n\n\n<p class=\"wp-block-paragraph\"><strong>CITE\u0218TE \u0218I:<\/strong> <a href=\"https:\/\/buletin.de\/bucuresti\/reportaj-cate-mai-trebuie-sa-murim-mii-de-femei-au-strigat-in-cor-in-piata-victoriei-pentru-femeile-care-nu-mai-au-voce\/\"><strong>REPORTAJ | \u201eSunt vie azi, dar poate m\u00e2ine ajung la \u0219tiri!\u201d. Mii de femei au strigat \u00een cor, \u00een Pia\u021ba Victoriei, pentru femeile care nu mai au voce<\/strong><\/a><\/p>\n\n\n\n<p class=\"wp-block-paragraph\"><\/p>\n","protected":false},"excerpt":{"rendered":"<p>\u201eAvem fete \u00een dub\u0103, mergem la mare?\u201d, glumeau jandarmii care au ridicat trei femei de la mar\u0219ul Bucharest Pride, pentru c\u0103 de\u021bineau spray cu piper, pentru autoap\u0103rare. Recent, Jandarmeria Capitalei a asigurat cet\u0103\u021benii, printr-un comunicat de pres\u0103 evaziv, c\u0103 a luat m\u0103suri \u00een acest caz, \u00eentruc\u00e2t nu tolereaz\u0103 astfel de \u201eabateri\u201d. \u00cen acela\u0219i timp, institu\u021bia [&hellip;]<\/p>\n","protected":false},"author":55,"featured_media":136781,"comment_status":"closed","ping_status":"open","sticky":false,"template":"","format":"standard","meta":{"_acf_changed":false,"inline_featured_image":false,"ngg_post_thumbnail":0,"footnotes":""},"categories":[6994,9026,5762],"tags":[21794,22451,13875,22453,22450,22452,22454],"ppma_author":[22573],"class_list":["post-136769","post","type-post","status-publish","format-standard","has-post-thumbnail","hentry","category-stiri-2","category-eveniment","category-main","tag-femicid","tag-glume-sexuale-jandarmi","tag-jandarmeria-capitalei","tag-jandarmi-sanctionati-disciplinar","tag-press-one","tag-spray-cu-piper","tag-violenta-asupra-femeilor"],"acf":[],"a3_pvc":{"activated":false,"total_views":0,"today_views":0},"yoast_head":"<!-- This site is optimized with the Yoast SEO Premium plugin v28.0 (Yoast SEO v28.4) - https:\/\/yoast.com\/product\/yoast-seo-premium-wordpress\/ -->\n<title>Jandarmeria Capitalei asigur\u0103 c\u0103 au fost luate m\u0103suri \u00een urma glumelor cu tent\u0103 sexual\u0103 de la Pride. Sanc\u0163iunile financiare, \u0163inute la secret - Buletin de Bucure\u0219ti<\/title>\n<meta name=\"description\" content=\"Jandarmeria Capitalei asigur\u0103 c\u0103 au fost luate m\u0103suri \u00een urma glumelor cu tent\u0103 sexual\u0103 de la Pride. Sanc\u0163iunile financiare, \u0163inute la secret\" \/>\n<meta name=\"robots\" content=\"index, follow, max-snippet:-1, max-image-preview:large, max-video-preview:-1\" \/>\n<link rel=\"canonical\" href=\"https:\/\/buletin.de\/bucuresti\/jandarmeria-capitalei-asigura-ca-au-fost-luate-masuri-in-urma-glumelor-cu-tenta-sexuala-de-la-pride-sanctiunile-financiare-tinute-la-secret\/\" \/>\n<meta property=\"og:locale\" content=\"en_GB\" \/>\n<meta property=\"og:type\" content=\"article\" \/>\n<meta property=\"og:title\" content=\"Jandarmeria Capitalei asigur\u0103 c\u0103 au fost luate m\u0103suri \u00een urma glumelor cu tent\u0103 sexual\u0103 de la Pride. Sanc\u0163iunile financiare, \u0163inute la secret\" \/>\n<meta property=\"og:description\" content=\"Jandarmeria Capitalei asigur\u0103 c\u0103 au fost luate m\u0103suri \u00een urma glumelor cu tent\u0103 sexual\u0103 de la Pride. Sanc\u0163iunile financiare, \u0163inute la secret\" \/>\n<meta property=\"og:url\" content=\"https:\/\/buletin.de\/bucuresti\/jandarmeria-capitalei-asigura-ca-au-fost-luate-masuri-in-urma-glumelor-cu-tenta-sexuala-de-la-pride-sanctiunile-financiare-tinute-la-secret\/\" \/>\n<meta property=\"og:site_name\" content=\"Buletin de Bucure\u0219ti\" \/>\n<meta property=\"article:publisher\" content=\"https:\/\/www.facebook.com\/buletin.de.buc\" \/>\n<meta property=\"article:published_time\" content=\"2025-06-28T16:02:29+00:00\" \/>\n<meta property=\"article:modified_time\" content=\"2025-06-28T16:02:30+00:00\" \/>\n<meta property=\"og:image\" content=\"https:\/\/buletin.de\/bucuresti\/wp-content\/uploads\/2025\/06\/WhatsApp-Image-2025-06-07-at-20.10.11-1.jpeg\" \/>\n\t<meta property=\"og:image:width\" content=\"1444\" \/>\n\t<meta property=\"og:image:height\" content=\"1600\" \/>\n\t<meta property=\"og:image:type\" content=\"image\/jpeg\" \/>\n<meta name=\"author\" content=\"Andreea Tudor\" \/>\n<meta name=\"twitter:card\" content=\"summary_large_image\" \/>\n<meta name=\"twitter:label1\" content=\"Written by\" \/>\n\t<meta name=\"twitter:data1\" content=\"Andreea Tudor\" \/>\n\t<meta name=\"twitter:label2\" content=\"Estimated reading time\" \/>\n\t<meta name=\"twitter:data2\" content=\"4 minutes\" \/>\n<script type=\"application\/ld+json\" class=\"yoast-schema-graph\">{\"@context\":\"https:\\\/\\\/schema.org\",\"@graph\":[{\"@type\":\"Article\",\"@id\":\"https:\\\/\\\/buletin.de\\\/bucuresti\\\/jandarmeria-capitalei-asigura-ca-au-fost-luate-masuri-in-urma-glumelor-cu-tenta-sexuala-de-la-pride-sanctiunile-financiare-tinute-la-secret\\\/#article\",\"isPartOf\":{\"@id\":\"https:\\\/\\\/buletin.de\\\/bucuresti\\\/jandarmeria-capitalei-asigura-ca-au-fost-luate-masuri-in-urma-glumelor-cu-tenta-sexuala-de-la-pride-sanctiunile-financiare-tinute-la-secret\\\/\"},\"author\":{\"name\":\"Andreea Tudor\",\"@id\":\"https:\\\/\\\/buletin.de\\\/bucuresti\\\/#\\\/schema\\\/person\\\/150590659efde715459d159da012f501\"},\"headline\":\"Jandarmeria Capitalei asigur\u0103 c\u0103 au fost luate m\u0103suri \u00een urma glumelor cu tent\u0103 sexual\u0103 de la Pride. Sanc\u0163iunile financiare, \u0163inute la secret\",\"datePublished\":\"2025-06-28T16:02:29+00:00\",\"dateModified\":\"2025-06-28T16:02:30+00:00\",\"mainEntityOfPage\":{\"@id\":\"https:\\\/\\\/buletin.de\\\/bucuresti\\\/jandarmeria-capitalei-asigura-ca-au-fost-luate-masuri-in-urma-glumelor-cu-tenta-sexuala-de-la-pride-sanctiunile-financiare-tinute-la-secret\\\/\"},\"wordCount\":1050,\"publisher\":{\"@id\":\"https:\\\/\\\/buletin.de\\\/bucuresti\\\/#organization\"},\"image\":{\"@id\":\"https:\\\/\\\/buletin.de\\\/bucuresti\\\/jandarmeria-capitalei-asigura-ca-au-fost-luate-masuri-in-urma-glumelor-cu-tenta-sexuala-de-la-pride-sanctiunile-financiare-tinute-la-secret\\\/#primaryimage\"},\"thumbnailUrl\":\"https:\\\/\\\/buletin.de\\\/bucuresti\\\/wp-content\\\/uploads\\\/2025\\\/06\\\/WhatsApp-Image-2025-06-07-at-20.10.11-1.jpeg\",\"keywords\":[\"femicid\",\"glume sexuale jandarmi\",\"jandarmeria capitalei\",\"jandarmi sanctionati disciplinar\",\"press one\",\"spray cu piper\",\"violenta asupra femeilor\"],\"articleSection\":[\"Articole\",\"Eveniment\",\"Main\"],\"inLanguage\":\"en-GB\",\"copyrightYear\":\"2025\",\"copyrightHolder\":{\"@id\":\"https:\\\/\\\/buletin.de\\\/bucuresti\\\/#organization\"}},{\"@type\":\"WebPage\",\"@id\":\"https:\\\/\\\/buletin.de\\\/bucuresti\\\/jandarmeria-capitalei-asigura-ca-au-fost-luate-masuri-in-urma-glumelor-cu-tenta-sexuala-de-la-pride-sanctiunile-financiare-tinute-la-secret\\\/\",\"url\":\"https:\\\/\\\/buletin.de\\\/bucuresti\\\/jandarmeria-capitalei-asigura-ca-au-fost-luate-masuri-in-urma-glumelor-cu-tenta-sexuala-de-la-pride-sanctiunile-financiare-tinute-la-secret\\\/\",\"name\":\"Jandarmeria Capitalei asigur\u0103 c\u0103 au fost luate m\u0103suri \u00een urma glumelor cu tent\u0103 sexual\u0103 de la Pride. Sanc\u0163iunile financiare, \u0163inute la secret - Buletin de Bucure\u0219ti\",\"isPartOf\":{\"@id\":\"https:\\\/\\\/buletin.de\\\/bucuresti\\\/#website\"},\"primaryImageOfPage\":{\"@id\":\"https:\\\/\\\/buletin.de\\\/bucuresti\\\/jandarmeria-capitalei-asigura-ca-au-fost-luate-masuri-in-urma-glumelor-cu-tenta-sexuala-de-la-pride-sanctiunile-financiare-tinute-la-secret\\\/#primaryimage\"},\"image\":{\"@id\":\"https:\\\/\\\/buletin.de\\\/bucuresti\\\/jandarmeria-capitalei-asigura-ca-au-fost-luate-masuri-in-urma-glumelor-cu-tenta-sexuala-de-la-pride-sanctiunile-financiare-tinute-la-secret\\\/#primaryimage\"},\"thumbnailUrl\":\"https:\\\/\\\/buletin.de\\\/bucuresti\\\/wp-content\\\/uploads\\\/2025\\\/06\\\/WhatsApp-Image-2025-06-07-at-20.10.11-1.jpeg\",\"datePublished\":\"2025-06-28T16:02:29+00:00\",\"dateModified\":\"2025-06-28T16:02:30+00:00\",\"description\":\"Jandarmeria Capitalei asigur\u0103 c\u0103 au fost luate m\u0103suri \u00een urma glumelor cu tent\u0103 sexual\u0103 de la Pride. Sanc\u0163iunile financiare, \u0163inute la secret\",\"breadcrumb\":{\"@id\":\"https:\\\/\\\/buletin.de\\\/bucuresti\\\/jandarmeria-capitalei-asigura-ca-au-fost-luate-masuri-in-urma-glumelor-cu-tenta-sexuala-de-la-pride-sanctiunile-financiare-tinute-la-secret\\\/#breadcrumb\"},\"inLanguage\":\"en-GB\",\"potentialAction\":[{\"@type\":\"ReadAction\",\"target\":[\"https:\\\/\\\/buletin.de\\\/bucuresti\\\/jandarmeria-capitalei-asigura-ca-au-fost-luate-masuri-in-urma-glumelor-cu-tenta-sexuala-de-la-pride-sanctiunile-financiare-tinute-la-secret\\\/\"]}]},{\"@type\":\"ImageObject\",\"inLanguage\":\"en-GB\",\"@id\":\"https:\\\/\\\/buletin.de\\\/bucuresti\\\/jandarmeria-capitalei-asigura-ca-au-fost-luate-masuri-in-urma-glumelor-cu-tenta-sexuala-de-la-pride-sanctiunile-financiare-tinute-la-secret\\\/#primaryimage\",\"url\":\"https:\\\/\\\/buletin.de\\\/bucuresti\\\/wp-content\\\/uploads\\\/2025\\\/06\\\/WhatsApp-Image-2025-06-07-at-20.10.11-1.jpeg\",\"contentUrl\":\"https:\\\/\\\/buletin.de\\\/bucuresti\\\/wp-content\\\/uploads\\\/2025\\\/06\\\/WhatsApp-Image-2025-06-07-at-20.10.11-1.jpeg\",\"width\":1444,\"height\":1600,\"caption\":\"Jandarmeria Capitalei asigur\u0103 c\u0103 au fost luate m\u0103suri \u00een urma glumelor cu tent\u0103 sexual\u0103 de la Pride. Sanc\u0163iunile financiare, \u0163inute la secret. Foto: Jandarmeria Capitalei\"},{\"@type\":\"BreadcrumbList\",\"@id\":\"https:\\\/\\\/buletin.de\\\/bucuresti\\\/jandarmeria-capitalei-asigura-ca-au-fost-luate-masuri-in-urma-glumelor-cu-tenta-sexuala-de-la-pride-sanctiunile-financiare-tinute-la-secret\\\/#breadcrumb\",\"itemListElement\":[{\"@type\":\"ListItem\",\"position\":1,\"name\":\"Acas\u0103\",\"item\":\"https:\\\/\\\/buletin.de\\\/bucuresti\\\/\"},{\"@type\":\"ListItem\",\"position\":2,\"name\":\"Jandarmeria Capitalei asigur\u0103 c\u0103 au fost luate m\u0103suri \u00een urma glumelor cu tent\u0103 sexual\u0103 de la Pride. Sanc\u0163iunile financiare, \u0163inute la secret\"}]},{\"@type\":\"WebSite\",\"@id\":\"https:\\\/\\\/buletin.de\\\/bucuresti\\\/#website\",\"url\":\"https:\\\/\\\/buletin.de\\\/bucuresti\\\/\",\"name\":\"Buletin de Bucure\u0219ti\",\"description\":\"\u0218tiri \u0219i investiga\u021bii esen\u021biale din capital\u0103\",\"publisher\":{\"@id\":\"https:\\\/\\\/buletin.de\\\/bucuresti\\\/#organization\"},\"potentialAction\":[{\"@type\":\"SearchAction\",\"target\":{\"@type\":\"EntryPoint\",\"urlTemplate\":\"https:\\\/\\\/buletin.de\\\/bucuresti\\\/?s={search_term_string}\"},\"query-input\":{\"@type\":\"PropertyValueSpecification\",\"valueRequired\":true,\"valueName\":\"search_term_string\"}}],\"inLanguage\":\"en-GB\"},{\"@type\":\"Organization\",\"@id\":\"https:\\\/\\\/buletin.de\\\/bucuresti\\\/#organization\",\"name\":\"Buletin de Bucure\u0219ti\",\"url\":\"https:\\\/\\\/buletin.de\\\/bucuresti\\\/\",\"logo\":{\"@type\":\"ImageObject\",\"inLanguage\":\"en-GB\",\"@id\":\"https:\\\/\\\/buletin.de\\\/bucuresti\\\/#\\\/schema\\\/logo\\\/image\\\/\",\"url\":\"https:\\\/\\\/buletin.de\\\/bucuresti\\\/wp-content\\\/uploads\\\/logo-bdb-full-wide-vernil-transparent.png\",\"contentUrl\":\"https:\\\/\\\/buletin.de\\\/bucuresti\\\/wp-content\\\/uploads\\\/logo-bdb-full-wide-vernil-transparent.png\",\"width\":1782,\"height\":626,\"caption\":\"Buletin de Bucure\u0219ti\"},\"image\":{\"@id\":\"https:\\\/\\\/buletin.de\\\/bucuresti\\\/#\\\/schema\\\/logo\\\/image\\\/\"},\"sameAs\":[\"https:\\\/\\\/www.facebook.com\\\/buletin.de.buc\",\"https:\\\/\\\/www.instagram.com\\\/buletinde.bucuresti\\\/\"]},{\"@type\":\"Person\",\"@id\":\"https:\\\/\\\/buletin.de\\\/bucuresti\\\/#\\\/schema\\\/person\\\/150590659efde715459d159da012f501\",\"name\":\"Andreea Tudor\",\"image\":{\"@type\":\"ImageObject\",\"inLanguage\":\"en-GB\",\"@id\":\"https:\\\/\\\/buletin.de\\\/bucuresti\\\/wp-content\\\/uploads\\\/2026\\\/06\\\/BDB_Andreea_T-5-96x96.jpg2291f994b0ece9443cb8e95c805b8b20\",\"url\":\"https:\\\/\\\/buletin.de\\\/bucuresti\\\/wp-content\\\/uploads\\\/2026\\\/06\\\/BDB_Andreea_T-5-96x96.jpg\",\"contentUrl\":\"https:\\\/\\\/buletin.de\\\/bucuresti\\\/wp-content\\\/uploads\\\/2026\\\/06\\\/BDB_Andreea_T-5-96x96.jpg\",\"caption\":\"Andreea Tudor\"},\"description\":\"Reporter la Buletin de Bucure\u0219ti de doi ani \u0219i jum\u0103tate. Sus\u021bin\u0103toare a presei independente, pasionat\u0103 de subiectele de mediu.\",\"url\":\"https:\\\/\\\/buletin.de\\\/bucuresti\\\/author\\\/andreeatudor\\\/\"}]}<\/script>\n<!-- \/ Yoast SEO Premium plugin. -->","yoast_head_json":{"title":"Jandarmeria Capitalei asigur\u0103 c\u0103 au fost luate m\u0103suri \u00een urma glumelor cu tent\u0103 sexual\u0103 de la Pride. Sanc\u0163iunile financiare, \u0163inute la secret - Buletin de Bucure\u0219ti","description":"Jandarmeria Capitalei asigur\u0103 c\u0103 au fost luate m\u0103suri \u00een urma glumelor cu tent\u0103 sexual\u0103 de la Pride. Sanc\u0163iunile financiare, \u0163inute la secret","robots":{"index":"index","follow":"follow","max-snippet":"max-snippet:-1","max-image-preview":"max-image-preview:large","max-video-preview":"max-video-preview:-1"},"canonical":"https:\/\/buletin.de\/bucuresti\/jandarmeria-capitalei-asigura-ca-au-fost-luate-masuri-in-urma-glumelor-cu-tenta-sexuala-de-la-pride-sanctiunile-financiare-tinute-la-secret\/","og_locale":"en_GB","og_type":"article","og_title":"Jandarmeria Capitalei asigur\u0103 c\u0103 au fost luate m\u0103suri \u00een urma glumelor cu tent\u0103 sexual\u0103 de la Pride. Sanc\u0163iunile financiare, \u0163inute la secret","og_description":"Jandarmeria Capitalei asigur\u0103 c\u0103 au fost luate m\u0103suri \u00een urma glumelor cu tent\u0103 sexual\u0103 de la Pride. Sanc\u0163iunile financiare, \u0163inute la secret","og_url":"https:\/\/buletin.de\/bucuresti\/jandarmeria-capitalei-asigura-ca-au-fost-luate-masuri-in-urma-glumelor-cu-tenta-sexuala-de-la-pride-sanctiunile-financiare-tinute-la-secret\/","og_site_name":"Buletin de Bucure\u0219ti","article_publisher":"https:\/\/www.facebook.com\/buletin.de.buc","article_published_time":"2025-06-28T16:02:29+00:00","article_modified_time":"2025-06-28T16:02:30+00:00","og_image":[{"width":1444,"height":1600,"url":"https:\/\/buletin.de\/bucuresti\/wp-content\/uploads\/2025\/06\/WhatsApp-Image-2025-06-07-at-20.10.11-1.jpeg","type":"image\/jpeg"}],"author":"Andreea Tudor","twitter_card":"summary_large_image","twitter_misc":{"Written by":"Andreea Tudor","Estimated reading time":"4 minutes"},"schema":{"@context":"https:\/\/schema.org","@graph":[{"@type":"Article","@id":"https:\/\/buletin.de\/bucuresti\/jandarmeria-capitalei-asigura-ca-au-fost-luate-masuri-in-urma-glumelor-cu-tenta-sexuala-de-la-pride-sanctiunile-financiare-tinute-la-secret\/#article","isPartOf":{"@id":"https:\/\/buletin.de\/bucuresti\/jandarmeria-capitalei-asigura-ca-au-fost-luate-masuri-in-urma-glumelor-cu-tenta-sexuala-de-la-pride-sanctiunile-financiare-tinute-la-secret\/"},"author":{"name":"Andreea Tudor","@id":"https:\/\/buletin.de\/bucuresti\/#\/schema\/person\/150590659efde715459d159da012f501"},"headline":"Jandarmeria Capitalei asigur\u0103 c\u0103 au fost luate m\u0103suri \u00een urma glumelor cu tent\u0103 sexual\u0103 de la Pride. Sanc\u0163iunile financiare, \u0163inute la secret","datePublished":"2025-06-28T16:02:29+00:00","dateModified":"2025-06-28T16:02:30+00:00","mainEntityOfPage":{"@id":"https:\/\/buletin.de\/bucuresti\/jandarmeria-capitalei-asigura-ca-au-fost-luate-masuri-in-urma-glumelor-cu-tenta-sexuala-de-la-pride-sanctiunile-financiare-tinute-la-secret\/"},"wordCount":1050,"publisher":{"@id":"https:\/\/buletin.de\/bucuresti\/#organization"},"image":{"@id":"https:\/\/buletin.de\/bucuresti\/jandarmeria-capitalei-asigura-ca-au-fost-luate-masuri-in-urma-glumelor-cu-tenta-sexuala-de-la-pride-sanctiunile-financiare-tinute-la-secret\/#primaryimage"},"thumbnailUrl":"https:\/\/buletin.de\/bucuresti\/wp-content\/uploads\/2025\/06\/WhatsApp-Image-2025-06-07-at-20.10.11-1.jpeg","keywords":["femicid","glume sexuale jandarmi","jandarmeria capitalei","jandarmi sanctionati disciplinar","press one","spray cu piper","violenta asupra femeilor"],"articleSection":["Articole","Eveniment","Main"],"inLanguage":"en-GB","copyrightYear":"2025","copyrightHolder":{"@id":"https:\/\/buletin.de\/bucuresti\/#organization"}},{"@type":"WebPage","@id":"https:\/\/buletin.de\/bucuresti\/jandarmeria-capitalei-asigura-ca-au-fost-luate-masuri-in-urma-glumelor-cu-tenta-sexuala-de-la-pride-sanctiunile-financiare-tinute-la-secret\/","url":"https:\/\/buletin.de\/bucuresti\/jandarmeria-capitalei-asigura-ca-au-fost-luate-masuri-in-urma-glumelor-cu-tenta-sexuala-de-la-pride-sanctiunile-financiare-tinute-la-secret\/","name":"Jandarmeria Capitalei asigur\u0103 c\u0103 au fost luate m\u0103suri \u00een urma glumelor cu tent\u0103 sexual\u0103 de la Pride. Sanc\u0163iunile financiare, \u0163inute la secret - Buletin de Bucure\u0219ti","isPartOf":{"@id":"https:\/\/buletin.de\/bucuresti\/#website"},"primaryImageOfPage":{"@id":"https:\/\/buletin.de\/bucuresti\/jandarmeria-capitalei-asigura-ca-au-fost-luate-masuri-in-urma-glumelor-cu-tenta-sexuala-de-la-pride-sanctiunile-financiare-tinute-la-secret\/#primaryimage"},"image":{"@id":"https:\/\/buletin.de\/bucuresti\/jandarmeria-capitalei-asigura-ca-au-fost-luate-masuri-in-urma-glumelor-cu-tenta-sexuala-de-la-pride-sanctiunile-financiare-tinute-la-secret\/#primaryimage"},"thumbnailUrl":"https:\/\/buletin.de\/bucuresti\/wp-content\/uploads\/2025\/06\/WhatsApp-Image-2025-06-07-at-20.10.11-1.jpeg","datePublished":"2025-06-28T16:02:29+00:00","dateModified":"2025-06-28T16:02:30+00:00","description":"Jandarmeria Capitalei asigur\u0103 c\u0103 au fost luate m\u0103suri \u00een urma glumelor cu tent\u0103 sexual\u0103 de la Pride. Sanc\u0163iunile financiare, \u0163inute la secret","breadcrumb":{"@id":"https:\/\/buletin.de\/bucuresti\/jandarmeria-capitalei-asigura-ca-au-fost-luate-masuri-in-urma-glumelor-cu-tenta-sexuala-de-la-pride-sanctiunile-financiare-tinute-la-secret\/#breadcrumb"},"inLanguage":"en-GB","potentialAction":[{"@type":"ReadAction","target":["https:\/\/buletin.de\/bucuresti\/jandarmeria-capitalei-asigura-ca-au-fost-luate-masuri-in-urma-glumelor-cu-tenta-sexuala-de-la-pride-sanctiunile-financiare-tinute-la-secret\/"]}]},{"@type":"ImageObject","inLanguage":"en-GB","@id":"https:\/\/buletin.de\/bucuresti\/jandarmeria-capitalei-asigura-ca-au-fost-luate-masuri-in-urma-glumelor-cu-tenta-sexuala-de-la-pride-sanctiunile-financiare-tinute-la-secret\/#primaryimage","url":"https:\/\/buletin.de\/bucuresti\/wp-content\/uploads\/2025\/06\/WhatsApp-Image-2025-06-07-at-20.10.11-1.jpeg","contentUrl":"https:\/\/buletin.de\/bucuresti\/wp-content\/uploads\/2025\/06\/WhatsApp-Image-2025-06-07-at-20.10.11-1.jpeg","width":1444,"height":1600,"caption":"Jandarmeria Capitalei asigur\u0103 c\u0103 au fost luate m\u0103suri \u00een urma glumelor cu tent\u0103 sexual\u0103 de la Pride. Sanc\u0163iunile financiare, \u0163inute la secret. Foto: Jandarmeria Capitalei"},{"@type":"BreadcrumbList","@id":"https:\/\/buletin.de\/bucuresti\/jandarmeria-capitalei-asigura-ca-au-fost-luate-masuri-in-urma-glumelor-cu-tenta-sexuala-de-la-pride-sanctiunile-financiare-tinute-la-secret\/#breadcrumb","itemListElement":[{"@type":"ListItem","position":1,"name":"Acas\u0103","item":"https:\/\/buletin.de\/bucuresti\/"},{"@type":"ListItem","position":2,"name":"Jandarmeria Capitalei asigur\u0103 c\u0103 au fost luate m\u0103suri \u00een urma glumelor cu tent\u0103 sexual\u0103 de la Pride. Sanc\u0163iunile financiare, \u0163inute la secret"}]},{"@type":"WebSite","@id":"https:\/\/buletin.de\/bucuresti\/#website","url":"https:\/\/buletin.de\/bucuresti\/","name":"Buletin de Bucure\u0219ti","description":"\u0218tiri \u0219i investiga\u021bii esen\u021biale din capital\u0103","publisher":{"@id":"https:\/\/buletin.de\/bucuresti\/#organization"},"potentialAction":[{"@type":"SearchAction","target":{"@type":"EntryPoint","urlTemplate":"https:\/\/buletin.de\/bucuresti\/?s={search_term_string}"},"query-input":{"@type":"PropertyValueSpecification","valueRequired":true,"valueName":"search_term_string"}}],"inLanguage":"en-GB"},{"@type":"Organization","@id":"https:\/\/buletin.de\/bucuresti\/#organization","name":"Buletin de Bucure\u0219ti","url":"https:\/\/buletin.de\/bucuresti\/","logo":{"@type":"ImageObject","inLanguage":"en-GB","@id":"https:\/\/buletin.de\/bucuresti\/#\/schema\/logo\/image\/","url":"https:\/\/buletin.de\/bucuresti\/wp-content\/uploads\/logo-bdb-full-wide-vernil-transparent.png","contentUrl":"https:\/\/buletin.de\/bucuresti\/wp-content\/uploads\/logo-bdb-full-wide-vernil-transparent.png","width":1782,"height":626,"caption":"Buletin de Bucure\u0219ti"},"image":{"@id":"https:\/\/buletin.de\/bucuresti\/#\/schema\/logo\/image\/"},"sameAs":["https:\/\/www.facebook.com\/buletin.de.buc","https:\/\/www.instagram.com\/buletinde.bucuresti\/"]},{"@type":"Person","@id":"https:\/\/buletin.de\/bucuresti\/#\/schema\/person\/150590659efde715459d159da012f501","name":"Andreea Tudor","image":{"@type":"ImageObject","inLanguage":"en-GB","@id":"https:\/\/buletin.de\/bucuresti\/wp-content\/uploads\/2026\/06\/BDB_Andreea_T-5-96x96.jpg2291f994b0ece9443cb8e95c805b8b20","url":"https:\/\/buletin.de\/bucuresti\/wp-content\/uploads\/2026\/06\/BDB_Andreea_T-5-96x96.jpg","contentUrl":"https:\/\/buletin.de\/bucuresti\/wp-content\/uploads\/2026\/06\/BDB_Andreea_T-5-96x96.jpg","caption":"Andreea Tudor"},"description":"Reporter la Buletin de Bucure\u0219ti de doi ani \u0219i jum\u0103tate. Sus\u021bin\u0103toare a presei independente, pasionat\u0103 de subiectele de mediu.","url":"https:\/\/buletin.de\/bucuresti\/author\/andreeatudor\/"}]}},"authors":[{"term_id":22573,"user_id":55,"is_guest":0,"slug":"andreeatudor","display_name":"Andreea Tudor","avatar_url":"https:\/\/buletin.de\/bucuresti\/wp-content\/uploads\/2026\/06\/BDB_Andreea_T-5-96x96.jpg","author_category":"","first_name":"Andreea","last_name":"Tudor","user_url":"","job_title":"","description":"Reporter la Buletin de Bucure\u0219ti de doi ani \u0219i jum\u0103tate. Sus\u021bin\u0103toare a presei independente, pasionat\u0103 de subiectele de mediu."}],"_links":{"self":[{"href":"https:\/\/buletin.de\/bucuresti\/wp-json\/wp\/v2\/posts\/136769","targetHints":{"allow":["GET"]}}],"collection":[{"href":"https:\/\/buletin.de\/bucuresti\/wp-json\/wp\/v2\/posts"}],"about":[{"href":"https:\/\/buletin.de\/bucuresti\/wp-json\/wp\/v2\/types\/post"}],"author":[{"embeddable":true,"href":"https:\/\/buletin.de\/bucuresti\/wp-json\/wp\/v2\/users\/55"}],"replies":[{"embeddable":true,"href":"https:\/\/buletin.de\/bucuresti\/wp-json\/wp\/v2\/comments?post=136769"}],"version-history":[{"count":7,"href":"https:\/\/buletin.de\/bucuresti\/wp-json\/wp\/v2\/posts\/136769\/revisions"}],"predecessor-version":[{"id":136784,"href":"https:\/\/buletin.de\/bucuresti\/wp-json\/wp\/v2\/posts\/136769\/revisions\/136784"}],"wp:featuredmedia":[{"embeddable":true,"href":"https:\/\/buletin.de\/bucuresti\/wp-json\/wp\/v2\/media\/136781"}],"wp:attachment":[{"href":"https:\/\/buletin.de\/bucuresti\/wp-json\/wp\/v2\/media?parent=136769"}],"wp:term":[{"taxonomy":"category","embeddable":true,"href":"https:\/\/buletin.de\/bucuresti\/wp-json\/wp\/v2\/categories?post=136769"},{"taxonomy":"post_tag","embeddable":true,"href":"https:\/\/buletin.de\/bucuresti\/wp-json\/wp\/v2\/tags?post=136769"},{"taxonomy":"author","embeddable":true,"href":"https:\/\/buletin.de\/bucuresti\/wp-json\/wp\/v2\/ppma_author?post=136769"}],"curies":[{"name":"wp","href":"https:\/\/api.w.org\/{rel}","templated":true}]}}